{"id":38925,"date":"2015-06-06T04:10:47","date_gmt":"2015-06-06T02:40:47","guid":{"rendered":"http:\/\/eldigitaldeasturias.com\/magazine365\/?p=38925"},"modified":"2015-06-06T04:10:47","modified_gmt":"2015-06-06T02:40:47","slug":"trip4real-desembarcara-en-dublin-y-amsterdam-en-verano-y-se-alia-con-expedia","status":"publish","type":"post","link":"https:\/\/eldigitaldeasturias.com\/magazine365\/trip4real-desembarcara-en-dublin-y-amsterdam-en-verano-y-se-alia-con-expedia\/","title":{"rendered":"Trip4real desembarcar\u00e1 en Dubl\u00edn y Amsterdam en verano y se al\u00eda con Expedia"},"content":{"rendered":"<p><img fetchpriority=\"high\" decoding=\"async\" class=\"alignleft size-medium wp-image-38926\" src=\"https:\/\/eldigitaldeasturias.com\/magazine365\/wp-content\/uploads\/2015\/06\/fotonoticia_20150605103905_800-360x284.jpg\" alt=\"fotonoticia_20150605103905_800\" width=\"360\" height=\"284\" srcset=\"https:\/\/eldigitaldeasturias.com\/magazine365\/wp-content\/uploads\/2015\/06\/fotonoticia_20150605103905_800-360x284.jpg 360w, https:\/\/eldigitaldeasturias.com\/magazine365\/wp-content\/uploads\/2015\/06\/fotonoticia_20150605103905_800-650x512.jpg 650w, https:\/\/eldigitaldeasturias.com\/magazine365\/wp-content\/uploads\/2015\/06\/fotonoticia_20150605103905_800-768x605.jpg 768w, https:\/\/eldigitaldeasturias.com\/magazine365\/wp-content\/uploads\/2015\/06\/fotonoticia_20150605103905_800-150x118.jpg 150w, https:\/\/eldigitaldeasturias.com\/magazine365\/wp-content\/uploads\/2015\/06\/fotonoticia_20150605103905_800-450x354.jpg 450w, https:\/\/eldigitaldeasturias.com\/magazine365\/wp-content\/uploads\/2015\/06\/fotonoticia_20150605103905_800-696x548.jpg 696w, https:\/\/eldigitaldeasturias.com\/magazine365\/wp-content\/uploads\/2015\/06\/fotonoticia_20150605103905_800-533x420.jpg 533w, https:\/\/eldigitaldeasturias.com\/magazine365\/wp-content\/uploads\/2015\/06\/fotonoticia_20150605103905_800.jpg 800w\" sizes=\"(max-width: 360px) 100vw, 360px\" \/>La startup barcelonesa Trip4real desembarcar\u00e1 en Dubl\u00edn y en Amsterdam este verano y ampliar\u00e1 su presencia a m\u00e1s ciudades a finales de este a\u00f1o, y tambi\u00e9n ha anunciado una alianza con la agencia de viajes multinacional Expedia.com, han informado a Europa Press fuentes de la compa\u00f1\u00eda.<\/p>\n<p>La empresa ha creado una plataforma de econom\u00eda colaborativa que ofrece m\u00e1s de 4.000 experiencias para viajeros que quieren conocer el pa\u00eds de la mano de sus aut\u00f3ctonos.<\/p>\n<p>Con presencia en Londres, Paris, Roma, Lisboa y toda Espa\u00f1a, Trip4real permite hacerte tu propio helado con una artesana en Roma o visitar la Tate Modern Gallery de Londres con una artista, y ayuda a \u00absalir de las gu\u00edas de viaje prefabricadas\u00bb.<\/p>\n<p>SECTOR TRADICIONAL CON ECONOM\u00cdA COLABORATIVA<\/p>\n<p>La alianza servir\u00e1 para reservar vuelos y hoteles &#8216;on line&#8217;, de forma que Trip4real permitir\u00e1 a Expedia ofrecer sus experiencias de aut\u00f3ctonos a los viajeros que hacen las reservas a trav\u00e9s de su web.<\/p>\n<p>Se trata de la primera vez que la agencia se asocia con una empresa &#8216;persona a persona&#8217; (P2P), y, para la startup catalana, representa la uni\u00f3n entre la forma de viajar tradicional y la \u00abeconom\u00eda colaborativa\u00bb.<\/p>\n<p>SOBRE LA REGULACI\u00d3N DE LA GENERALITAT<\/p>\n<p>Trip4real es una de las empresas citadas a comparecer en la Comisi\u00f3n de estudio de las pol\u00edticas p\u00fablicas en la econom\u00eda colaborativa en el Parlament, despu\u00e9s de que se elaborara un documento de trabajo a nivel interno tras reuniones con los sectores afectados.<\/p>\n<p>Para la fundadora de Trip4real, Gloria Molins, el paso de la Generalitat \u00abdemuestra el peso de la econom\u00eda colaborativa est\u00e1 teniendo en los sectores que mueven el comercio\u00bb.<\/p>\n<p>Molins considera que mayor \u00abflexibilidad y aceptaci\u00f3n\u00bb para el sector puede ayudar a la innovaci\u00f3n y a la creaci\u00f3n de startups y servicios de primer nivel.<\/p>\n","protected":false},"excerpt":{"rendered":"<p>La startup barcelonesa Trip4real desembarcar\u00e1 en Dubl\u00edn y en Amsterdam este verano y ampliar\u00e1 su presencia a m\u00e1s ciudades a finales de este a\u00f1o, y tambi\u00e9n ha anunciado una alianza con la agencia de viajes multinacional Expedia.com, han informado a Europa Press fuentes de la compa\u00f1\u00eda. La empresa ha creado una plataforma de econom\u00eda colaborativa<\/p>\n","protected":false},"author":1,"featured_media":38926,"comment_status":"open","ping_status":"closed","sticky":false,"template":"","format":"standard","meta":{"footnotes":""},"categories":[224],"tags":[],"class_list":{"0":"post-38925","1":"post","2":"type-post","3":"status-publish","4":"format-standard","5":"has-post-thumbnail","7":"category-noticias-actualidad"},"aioseo_notices":[],"aioseo_head":"\n\t\t<!-- All in One SEO Pro 4.9.6.1 - aioseo.com -->\n\t<meta name=\"description\" content=\"La startup barcelonesa Trip4real desembarcar\u00e1 en Dubl\u00edn y en Amsterdam este verano y ampliar\u00e1 su presencia a m\u00e1s ciudades a finales de este a\u00f1o, y tambi\u00e9n ha anunciado una alianza con la agencia de viajes multinacional Expedia.com, han informado a Europa Press fuentes de la compa\u00f1\u00eda. La empresa ha creado una plataforma de econom\u00eda colaborativa\" \/>\n\t<meta name=\"robots\" content=\"max-image-preview:large\" \/>\n\t<meta name=\"author\" content=\"admin\"\/>\n\t<meta name=\"google-site-verification\" content=\"UA-38556648-1\" \/>\n\t<meta name=\"keywords\" content=\"noticias y actualidad\" \/>\n\t<link rel=\"canonical\" href=\"https:\/\/eldigitaldeasturias.com\/magazine365\/trip4real-desembarcara-en-dublin-y-amsterdam-en-verano-y-se-alia-con-expedia\/\" \/>\n\t<meta name=\"generator\" content=\"All in One SEO Pro (AIOSEO) 4.9.6.1\" \/>\n\t\t<meta property=\"og:locale\" content=\"es_ES\" \/>\n\t\t<meta property=\"og:site_name\" content=\"El Digital de Asturias \u2013 Revista de ocio, turismo y estilo de vida\" \/>\n\t\t<meta property=\"og:type\" content=\"article\" \/>\n\t\t<meta property=\"og:title\" content=\"Trip4real desembarcar\u00e1 en Dubl\u00edn y Amsterdam en verano y se al\u00eda con Expedia | El Digital de Asturias\" \/>\n\t\t<meta property=\"og:description\" content=\"La startup barcelonesa Trip4real desembarcar\u00e1 en Dubl\u00edn y en Amsterdam este verano y ampliar\u00e1 su presencia a m\u00e1s ciudades a finales de este a\u00f1o, y tambi\u00e9n ha anunciado una alianza con la agencia de viajes multinacional Expedia.com, han informado a Europa Press fuentes de la compa\u00f1\u00eda. La empresa ha creado una plataforma de econom\u00eda colaborativa\" \/>\n\t\t<meta property=\"og:url\" content=\"https:\/\/eldigitaldeasturias.com\/magazine365\/trip4real-desembarcara-en-dublin-y-amsterdam-en-verano-y-se-alia-con-expedia\/\" \/>\n\t\t<meta property=\"og:image\" content=\"https:\/\/eldigitaldeasturias.com\/magazine365\/wp-content\/uploads\/2015\/06\/fotonoticia_20150605103905_800.jpg\" \/>\n\t\t<meta property=\"og:image:secure_url\" content=\"https:\/\/eldigitaldeasturias.com\/magazine365\/wp-content\/uploads\/2015\/06\/fotonoticia_20150605103905_800.jpg\" \/>\n\t\t<meta property=\"og:image:width\" content=\"800\" \/>\n\t\t<meta property=\"og:image:height\" content=\"630\" \/>\n\t\t<meta property=\"article:published_time\" content=\"2015-06-06T02:40:47+00:00\" \/>\n\t\t<meta property=\"article:modified_time\" content=\"2015-06-06T02:40:47+00:00\" \/>\n\t\t<meta name=\"twitter:card\" content=\"summary_large_image\" \/>\n\t\t<meta name=\"twitter:title\" content=\"Trip4real desembarcar\u00e1 en Dubl\u00edn y Amsterdam en verano y se al\u00eda con Expedia | El Digital de Asturias\" \/>\n\t\t<meta name=\"twitter:description\" content=\"La startup barcelonesa Trip4real desembarcar\u00e1 en Dubl\u00edn y en Amsterdam este verano y ampliar\u00e1 su presencia a m\u00e1s ciudades a finales de este a\u00f1o, y tambi\u00e9n ha anunciado una alianza con la agencia de viajes multinacional Expedia.com, han informado a Europa Press fuentes de la compa\u00f1\u00eda. La empresa ha creado una plataforma de econom\u00eda colaborativa\" \/>\n\t\t<meta name=\"twitter:image\" content=\"https:\/\/eldigitaldeasturias.com\/magazine365\/wp-content\/uploads\/2015\/06\/fotonoticia_20150605103905_800.jpg\" \/>\n\t\t<script type=\"application\/ld+json\" class=\"aioseo-schema\">\n\t\t\t{\"@context\":\"https:\\\/\\\/schema.org\",\"@graph\":[{\"@type\":\"Article\",\"@id\":\"https:\\\/\\\/eldigitaldeasturias.com\\\/magazine365\\\/trip4real-desembarcara-en-dublin-y-amsterdam-en-verano-y-se-alia-con-expedia\\\/#article\",\"name\":\"Trip4real desembarcar\\u00e1 en Dubl\\u00edn y Amsterdam en verano y se al\\u00eda con Expedia | El Digital de Asturias\",\"headline\":\"Trip4real desembarcar\\u00e1 en Dubl\\u00edn y Amsterdam en verano y se al\\u00eda con Expedia\",\"author\":{\"@id\":\"https:\\\/\\\/eldigitaldeasturias.com\\\/magazine365\\\/author\\\/admin\\\/#author\"},\"publisher\":{\"@id\":\"https:\\\/\\\/eldigitaldeasturias.com\\\/magazine365\\\/#organization\"},\"image\":{\"@type\":\"ImageObject\",\"url\":\"https:\\\/\\\/eldigitaldeasturias.com\\\/magazine365\\\/wp-content\\\/uploads\\\/2015\\\/06\\\/fotonoticia_20150605103905_800.jpg\",\"width\":800,\"height\":630},\"datePublished\":\"2015-06-06T04:10:47+02:00\",\"dateModified\":\"2015-06-06T04:10:47+02:00\",\"inLanguage\":\"es-ES\",\"mainEntityOfPage\":{\"@id\":\"https:\\\/\\\/eldigitaldeasturias.com\\\/magazine365\\\/trip4real-desembarcara-en-dublin-y-amsterdam-en-verano-y-se-alia-con-expedia\\\/#webpage\"},\"isPartOf\":{\"@id\":\"https:\\\/\\\/eldigitaldeasturias.com\\\/magazine365\\\/trip4real-desembarcara-en-dublin-y-amsterdam-en-verano-y-se-alia-con-expedia\\\/#webpage\"},\"articleSection\":\"Noticias y Actualidad\"},{\"@type\":\"BreadcrumbList\",\"@id\":\"https:\\\/\\\/eldigitaldeasturias.com\\\/magazine365\\\/trip4real-desembarcara-en-dublin-y-amsterdam-en-verano-y-se-alia-con-expedia\\\/#breadcrumblist\",\"itemListElement\":[{\"@type\":\"ListItem\",\"@id\":\"https:\\\/\\\/eldigitaldeasturias.com\\\/magazine365#listItem\",\"position\":1,\"name\":\"Home\",\"item\":\"https:\\\/\\\/eldigitaldeasturias.com\\\/magazine365\",\"nextItem\":{\"@type\":\"ListItem\",\"@id\":\"https:\\\/\\\/eldigitaldeasturias.com\\\/magazine365\\\/category\\\/noticias-actualidad\\\/#listItem\",\"name\":\"Noticias y Actualidad\"}},{\"@type\":\"ListItem\",\"@id\":\"https:\\\/\\\/eldigitaldeasturias.com\\\/magazine365\\\/category\\\/noticias-actualidad\\\/#listItem\",\"position\":2,\"name\":\"Noticias y Actualidad\",\"item\":\"https:\\\/\\\/eldigitaldeasturias.com\\\/magazine365\\\/category\\\/noticias-actualidad\\\/\",\"nextItem\":{\"@type\":\"ListItem\",\"@id\":\"https:\\\/\\\/eldigitaldeasturias.com\\\/magazine365\\\/trip4real-desembarcara-en-dublin-y-amsterdam-en-verano-y-se-alia-con-expedia\\\/#listItem\",\"name\":\"Trip4real desembarcar\\u00e1 en Dubl\\u00edn y Amsterdam en verano y se al\\u00eda con Expedia\"},\"previousItem\":{\"@type\":\"ListItem\",\"@id\":\"https:\\\/\\\/eldigitaldeasturias.com\\\/magazine365#listItem\",\"name\":\"Home\"}},{\"@type\":\"ListItem\",\"@id\":\"https:\\\/\\\/eldigitaldeasturias.com\\\/magazine365\\\/trip4real-desembarcara-en-dublin-y-amsterdam-en-verano-y-se-alia-con-expedia\\\/#listItem\",\"position\":3,\"name\":\"Trip4real desembarcar\\u00e1 en Dubl\\u00edn y Amsterdam en verano y se al\\u00eda con Expedia\",\"previousItem\":{\"@type\":\"ListItem\",\"@id\":\"https:\\\/\\\/eldigitaldeasturias.com\\\/magazine365\\\/category\\\/noticias-actualidad\\\/#listItem\",\"name\":\"Noticias y Actualidad\"}}]},{\"@type\":\"Organization\",\"@id\":\"https:\\\/\\\/eldigitaldeasturias.com\\\/magazine365\\\/#organization\",\"name\":\"El digital de Asturias\",\"description\":\"Revista de ocio, turismo y estilo de vida\",\"url\":\"https:\\\/\\\/eldigitaldeasturias.com\\\/magazine365\\\/\",\"logo\":{\"@type\":\"ImageObject\",\"url\":\"https:\\\/\\\/www.eldigitaldeasturias.com\\\/noticias\\\/wp-content\\\/uploads\\\/2020\\\/12\\\/EDA.jpg\",\"@id\":\"https:\\\/\\\/eldigitaldeasturias.com\\\/magazine365\\\/trip4real-desembarcara-en-dublin-y-amsterdam-en-verano-y-se-alia-con-expedia\\\/#organizationLogo\"},\"image\":{\"@id\":\"https:\\\/\\\/eldigitaldeasturias.com\\\/magazine365\\\/trip4real-desembarcara-en-dublin-y-amsterdam-en-verano-y-se-alia-con-expedia\\\/#organizationLogo\"}},{\"@type\":\"Person\",\"@id\":\"https:\\\/\\\/eldigitaldeasturias.com\\\/magazine365\\\/author\\\/admin\\\/#author\",\"url\":\"https:\\\/\\\/eldigitaldeasturias.com\\\/magazine365\\\/author\\\/admin\\\/\",\"name\":\"admin\",\"image\":{\"@type\":\"ImageObject\",\"@id\":\"https:\\\/\\\/eldigitaldeasturias.com\\\/magazine365\\\/trip4real-desembarcara-en-dublin-y-amsterdam-en-verano-y-se-alia-con-expedia\\\/#authorImage\",\"url\":\"https:\\\/\\\/eldigitaldeasturias.com\\\/magazine365\\\/wp-content\\\/litespeed\\\/avatar\\\/e571bcf59a0edd6fa6838245a470f2fe.jpg?ver=1776969259\",\"width\":96,\"height\":96,\"caption\":\"admin\"}},{\"@type\":\"WebPage\",\"@id\":\"https:\\\/\\\/eldigitaldeasturias.com\\\/magazine365\\\/trip4real-desembarcara-en-dublin-y-amsterdam-en-verano-y-se-alia-con-expedia\\\/#webpage\",\"url\":\"https:\\\/\\\/eldigitaldeasturias.com\\\/magazine365\\\/trip4real-desembarcara-en-dublin-y-amsterdam-en-verano-y-se-alia-con-expedia\\\/\",\"name\":\"Trip4real desembarcar\\u00e1 en Dubl\\u00edn y Amsterdam en verano y se al\\u00eda con Expedia | El Digital de Asturias\",\"description\":\"La startup barcelonesa Trip4real desembarcar\\u00e1 en Dubl\\u00edn y en Amsterdam este verano y ampliar\\u00e1 su presencia a m\\u00e1s ciudades a finales de este a\\u00f1o, y tambi\\u00e9n ha anunciado una alianza con la agencia de viajes multinacional Expedia.com, han informado a Europa Press fuentes de la compa\\u00f1\\u00eda. La empresa ha creado una plataforma de econom\\u00eda colaborativa\",\"inLanguage\":\"es-ES\",\"isPartOf\":{\"@id\":\"https:\\\/\\\/eldigitaldeasturias.com\\\/magazine365\\\/#website\"},\"breadcrumb\":{\"@id\":\"https:\\\/\\\/eldigitaldeasturias.com\\\/magazine365\\\/trip4real-desembarcara-en-dublin-y-amsterdam-en-verano-y-se-alia-con-expedia\\\/#breadcrumblist\"},\"author\":{\"@id\":\"https:\\\/\\\/eldigitaldeasturias.com\\\/magazine365\\\/author\\\/admin\\\/#author\"},\"creator\":{\"@id\":\"https:\\\/\\\/eldigitaldeasturias.com\\\/magazine365\\\/author\\\/admin\\\/#author\"},\"image\":{\"@type\":\"ImageObject\",\"url\":\"https:\\\/\\\/eldigitaldeasturias.com\\\/magazine365\\\/wp-content\\\/uploads\\\/2015\\\/06\\\/fotonoticia_20150605103905_800.jpg\",\"@id\":\"https:\\\/\\\/eldigitaldeasturias.com\\\/magazine365\\\/trip4real-desembarcara-en-dublin-y-amsterdam-en-verano-y-se-alia-con-expedia\\\/#mainImage\",\"width\":800,\"height\":630},\"primaryImageOfPage\":{\"@id\":\"https:\\\/\\\/eldigitaldeasturias.com\\\/magazine365\\\/trip4real-desembarcara-en-dublin-y-amsterdam-en-verano-y-se-alia-con-expedia\\\/#mainImage\"},\"datePublished\":\"2015-06-06T04:10:47+02:00\",\"dateModified\":\"2015-06-06T04:10:47+02:00\"},{\"@type\":\"WebSite\",\"@id\":\"https:\\\/\\\/eldigitaldeasturias.com\\\/magazine365\\\/#website\",\"url\":\"https:\\\/\\\/eldigitaldeasturias.com\\\/magazine365\\\/\",\"name\":\"El Digital de Asturias\",\"description\":\"Revista de ocio, turismo y estilo de vida\",\"inLanguage\":\"es-ES\",\"publisher\":{\"@id\":\"https:\\\/\\\/eldigitaldeasturias.com\\\/magazine365\\\/#organization\"}}]}\n\t\t<\/script>\n\t\t<!-- All in One SEO Pro -->\r\n\t\t<title>Trip4real desembarcar\u00e1 en Dubl\u00edn y Amsterdam en verano y se al\u00eda con Expedia | El Digital de Asturias<\/title>\n\n","aioseo_head_json":{"title":"Trip4real desembarcar\u00e1 en Dubl\u00edn y Amsterdam en verano y se al\u00eda con Expedia | El Digital de Asturias","description":"La startup barcelonesa Trip4real desembarcar\u00e1 en Dubl\u00edn y en Amsterdam este verano y ampliar\u00e1 su presencia a m\u00e1s ciudades a finales de este a\u00f1o, y tambi\u00e9n ha anunciado una alianza con la agencia de viajes multinacional Expedia.com, han informado a Europa Press fuentes de la compa\u00f1\u00eda. La empresa ha creado una plataforma de econom\u00eda colaborativa","canonical_url":"https:\/\/eldigitaldeasturias.com\/magazine365\/trip4real-desembarcara-en-dublin-y-amsterdam-en-verano-y-se-alia-con-expedia\/","robots":"max-image-preview:large","keywords":"noticias y actualidad","webmasterTools":{"google-site-verification":"UA-38556648-1","miscellaneous":""},"schema":{"@context":"https:\/\/schema.org","@graph":[{"@type":"Article","@id":"https:\/\/eldigitaldeasturias.com\/magazine365\/trip4real-desembarcara-en-dublin-y-amsterdam-en-verano-y-se-alia-con-expedia\/#article","name":"Trip4real desembarcar\u00e1 en Dubl\u00edn y Amsterdam en verano y se al\u00eda con Expedia | El Digital de Asturias","headline":"Trip4real desembarcar\u00e1 en Dubl\u00edn y Amsterdam en verano y se al\u00eda con Expedia","author":{"@id":"https:\/\/eldigitaldeasturias.com\/magazine365\/author\/admin\/#author"},"publisher":{"@id":"https:\/\/eldigitaldeasturias.com\/magazine365\/#organization"},"image":{"@type":"ImageObject","url":"https:\/\/eldigitaldeasturias.com\/magazine365\/wp-content\/uploads\/2015\/06\/fotonoticia_20150605103905_800.jpg","width":800,"height":630},"datePublished":"2015-06-06T04:10:47+02:00","dateModified":"2015-06-06T04:10:47+02:00","inLanguage":"es-ES","mainEntityOfPage":{"@id":"https:\/\/eldigitaldeasturias.com\/magazine365\/trip4real-desembarcara-en-dublin-y-amsterdam-en-verano-y-se-alia-con-expedia\/#webpage"},"isPartOf":{"@id":"https:\/\/eldigitaldeasturias.com\/magazine365\/trip4real-desembarcara-en-dublin-y-amsterdam-en-verano-y-se-alia-con-expedia\/#webpage"},"articleSection":"Noticias y Actualidad"},{"@type":"BreadcrumbList","@id":"https:\/\/eldigitaldeasturias.com\/magazine365\/trip4real-desembarcara-en-dublin-y-amsterdam-en-verano-y-se-alia-con-expedia\/#breadcrumblist","itemListElement":[{"@type":"ListItem","@id":"https:\/\/eldigitaldeasturias.com\/magazine365#listItem","position":1,"name":"Home","item":"https:\/\/eldigitaldeasturias.com\/magazine365","nextItem":{"@type":"ListItem","@id":"https:\/\/eldigitaldeasturias.com\/magazine365\/category\/noticias-actualidad\/#listItem","name":"Noticias y Actualidad"}},{"@type":"ListItem","@id":"https:\/\/eldigitaldeasturias.com\/magazine365\/category\/noticias-actualidad\/#listItem","position":2,"name":"Noticias y Actualidad","item":"https:\/\/eldigitaldeasturias.com\/magazine365\/category\/noticias-actualidad\/","nextItem":{"@type":"ListItem","@id":"https:\/\/eldigitaldeasturias.com\/magazine365\/trip4real-desembarcara-en-dublin-y-amsterdam-en-verano-y-se-alia-con-expedia\/#listItem","name":"Trip4real desembarcar\u00e1 en Dubl\u00edn y Amsterdam en verano y se al\u00eda con Expedia"},"previousItem":{"@type":"ListItem","@id":"https:\/\/eldigitaldeasturias.com\/magazine365#listItem","name":"Home"}},{"@type":"ListItem","@id":"https:\/\/eldigitaldeasturias.com\/magazine365\/trip4real-desembarcara-en-dublin-y-amsterdam-en-verano-y-se-alia-con-expedia\/#listItem","position":3,"name":"Trip4real desembarcar\u00e1 en Dubl\u00edn y Amsterdam en verano y se al\u00eda con Expedia","previousItem":{"@type":"ListItem","@id":"https:\/\/eldigitaldeasturias.com\/magazine365\/category\/noticias-actualidad\/#listItem","name":"Noticias y Actualidad"}}]},{"@type":"Organization","@id":"https:\/\/eldigitaldeasturias.com\/magazine365\/#organization","name":"El digital de Asturias","description":"Revista de ocio, turismo y estilo de vida","url":"https:\/\/eldigitaldeasturias.com\/magazine365\/","logo":{"@type":"ImageObject","url":"https:\/\/www.eldigitaldeasturias.com\/noticias\/wp-content\/uploads\/2020\/12\/EDA.jpg","@id":"https:\/\/eldigitaldeasturias.com\/magazine365\/trip4real-desembarcara-en-dublin-y-amsterdam-en-verano-y-se-alia-con-expedia\/#organizationLogo"},"image":{"@id":"https:\/\/eldigitaldeasturias.com\/magazine365\/trip4real-desembarcara-en-dublin-y-amsterdam-en-verano-y-se-alia-con-expedia\/#organizationLogo"}},{"@type":"Person","@id":"https:\/\/eldigitaldeasturias.com\/magazine365\/author\/admin\/#author","url":"https:\/\/eldigitaldeasturias.com\/magazine365\/author\/admin\/","name":"admin","image":{"@type":"ImageObject","@id":"https:\/\/eldigitaldeasturias.com\/magazine365\/trip4real-desembarcara-en-dublin-y-amsterdam-en-verano-y-se-alia-con-expedia\/#authorImage","url":"https:\/\/eldigitaldeasturias.com\/magazine365\/wp-content\/litespeed\/avatar\/e571bcf59a0edd6fa6838245a470f2fe.jpg?ver=1776969259","width":96,"height":96,"caption":"admin"}},{"@type":"WebPage","@id":"https:\/\/eldigitaldeasturias.com\/magazine365\/trip4real-desembarcara-en-dublin-y-amsterdam-en-verano-y-se-alia-con-expedia\/#webpage","url":"https:\/\/eldigitaldeasturias.com\/magazine365\/trip4real-desembarcara-en-dublin-y-amsterdam-en-verano-y-se-alia-con-expedia\/","name":"Trip4real desembarcar\u00e1 en Dubl\u00edn y Amsterdam en verano y se al\u00eda con Expedia | El Digital de Asturias","description":"La startup barcelonesa Trip4real desembarcar\u00e1 en Dubl\u00edn y en Amsterdam este verano y ampliar\u00e1 su presencia a m\u00e1s ciudades a finales de este a\u00f1o, y tambi\u00e9n ha anunciado una alianza con la agencia de viajes multinacional Expedia.com, han informado a Europa Press fuentes de la compa\u00f1\u00eda. La empresa ha creado una plataforma de econom\u00eda colaborativa","inLanguage":"es-ES","isPartOf":{"@id":"https:\/\/eldigitaldeasturias.com\/magazine365\/#website"},"breadcrumb":{"@id":"https:\/\/eldigitaldeasturias.com\/magazine365\/trip4real-desembarcara-en-dublin-y-amsterdam-en-verano-y-se-alia-con-expedia\/#breadcrumblist"},"author":{"@id":"https:\/\/eldigitaldeasturias.com\/magazine365\/author\/admin\/#author"},"creator":{"@id":"https:\/\/eldigitaldeasturias.com\/magazine365\/author\/admin\/#author"},"image":{"@type":"ImageObject","url":"https:\/\/eldigitaldeasturias.com\/magazine365\/wp-content\/uploads\/2015\/06\/fotonoticia_20150605103905_800.jpg","@id":"https:\/\/eldigitaldeasturias.com\/magazine365\/trip4real-desembarcara-en-dublin-y-amsterdam-en-verano-y-se-alia-con-expedia\/#mainImage","width":800,"height":630},"primaryImageOfPage":{"@id":"https:\/\/eldigitaldeasturias.com\/magazine365\/trip4real-desembarcara-en-dublin-y-amsterdam-en-verano-y-se-alia-con-expedia\/#mainImage"},"datePublished":"2015-06-06T04:10:47+02:00","dateModified":"2015-06-06T04:10:47+02:00"},{"@type":"WebSite","@id":"https:\/\/eldigitaldeasturias.com\/magazine365\/#website","url":"https:\/\/eldigitaldeasturias.com\/magazine365\/","name":"El Digital de Asturias","description":"Revista de ocio, turismo y estilo de vida","inLanguage":"es-ES","publisher":{"@id":"https:\/\/eldigitaldeasturias.com\/magazine365\/#organization"}}]},"og:locale":"es_ES","og:site_name":"El Digital de Asturias \u2013 Revista de ocio, turismo y estilo de vida","og:type":"article","og:title":"Trip4real desembarcar\u00e1 en Dubl\u00edn y Amsterdam en verano y se al\u00eda con Expedia | El Digital de Asturias","og:description":"La startup barcelonesa Trip4real desembarcar\u00e1 en Dubl\u00edn y en Amsterdam este verano y ampliar\u00e1 su presencia a m\u00e1s ciudades a finales de este a\u00f1o, y tambi\u00e9n ha anunciado una alianza con la agencia de viajes multinacional Expedia.com, han informado a Europa Press fuentes de la compa\u00f1\u00eda. La empresa ha creado una plataforma de econom\u00eda colaborativa","og:url":"https:\/\/eldigitaldeasturias.com\/magazine365\/trip4real-desembarcara-en-dublin-y-amsterdam-en-verano-y-se-alia-con-expedia\/","og:image":"https:\/\/eldigitaldeasturias.com\/magazine365\/wp-content\/uploads\/2015\/06\/fotonoticia_20150605103905_800.jpg","og:image:secure_url":"https:\/\/eldigitaldeasturias.com\/magazine365\/wp-content\/uploads\/2015\/06\/fotonoticia_20150605103905_800.jpg","og:image:width":800,"og:image:height":630,"article:published_time":"2015-06-06T02:40:47+00:00","article:modified_time":"2015-06-06T02:40:47+00:00","twitter:card":"summary_large_image","twitter:title":"Trip4real desembarcar\u00e1 en Dubl\u00edn y Amsterdam en verano y se al\u00eda con Expedia | El Digital de Asturias","twitter:description":"La startup barcelonesa Trip4real desembarcar\u00e1 en Dubl\u00edn y en Amsterdam este verano y ampliar\u00e1 su presencia a m\u00e1s ciudades a finales de este a\u00f1o, y tambi\u00e9n ha anunciado una alianza con la agencia de viajes multinacional Expedia.com, han informado a Europa Press fuentes de la compa\u00f1\u00eda. La empresa ha creado una plataforma de econom\u00eda colaborativa","twitter:image":"https:\/\/eldigitaldeasturias.com\/magazine365\/wp-content\/uploads\/2015\/06\/fotonoticia_20150605103905_800.jpg"},"aioseo_meta_data":{"post_id":"38925","title":null,"description":null,"keywords":null,"keyphrases":null,"primary_term":null,"canonical_url":null,"og_title":null,"og_description":null,"og_object_type":"default","og_image_type":"default","og_image_url":null,"og_image_width":null,"og_image_height":null,"og_image_custom_url":null,"og_image_custom_fields":null,"og_video":null,"og_custom_url":null,"og_article_section":null,"og_article_tags":null,"twitter_use_og":false,"twitter_card":"default","twitter_image_type":"default","twitter_image_url":null,"twitter_image_custom_url":null,"twitter_image_custom_fields":null,"twitter_title":null,"twitter_description":null,"schema":{"blockGraphs":[],"customGraphs":[],"default":{"data":{"Article":[],"Course":[],"Dataset":[],"FAQPage":[],"Movie":[],"Person":[],"Product":[],"ProductReview":[],"Car":[],"Recipe":[],"Service":[],"SoftwareApplication":[],"WebPage":[]},"graphName":"","isEnabled":true},"graphs":[],"defaultGraph":"","defaultPostTypeGraph":""},"schema_type":null,"schema_type_options":null,"pillar_content":false,"robots_default":true,"robots_noindex":false,"robots_noarchive":false,"robots_nosnippet":false,"robots_nofollow":false,"robots_noimageindex":false,"robots_noodp":false,"robots_notranslate":false,"robots_max_snippet":null,"robots_max_videopreview":null,"robots_max_imagepreview":"large","priority":null,"frequency":null,"location":null,"local_seo":null,"seo_analyzer_scan_date":"2025-09-19 10:35:43","breadcrumb_settings":null,"limit_modified_date":false,"open_ai":null,"ai":null,"created":"2021-03-09 02:48:12","updated":"2025-09-19 10:35:43"},"aioseo_breadcrumb":"<div class=\"aioseo-breadcrumbs\"><span class=\"aioseo-breadcrumb\">\n\t<a href=\"https:\/\/eldigitaldeasturias.com\/magazine365\" title=\"Home\">Home<\/a>\n<\/span><span class=\"aioseo-breadcrumb-separator\">\u2013<\/span><span class=\"aioseo-breadcrumb\">\n\t<a href=\"https:\/\/eldigitaldeasturias.com\/magazine365\/category\/noticias-actualidad\/\" title=\"Noticias y Actualidad\">Noticias y Actualidad<\/a>\n<\/span><span class=\"aioseo-breadcrumb-separator\">\u2013<\/span><span class=\"aioseo-breadcrumb\">\n\t<a href=\"https:\/\/eldigitaldeasturias.com\/magazine365\/trip4real-desembarcara-en-dublin-y-amsterdam-en-verano-y-se-alia-con-expedia\/\" title=\"Trip4real desembarcar\u00e1 en Dubl\u00edn y Amsterdam en verano y se al\u00eda con Expedia\">Trip4real desembarcar\u00e1 en Dubl\u00edn y Amsterdam en verano y se al\u00eda con Expedia<\/a>\n<\/span><\/div>","aioseo_breadcrumb_json":[{"label":"Home","link":"https:\/\/eldigitaldeasturias.com\/magazine365"},{"label":"Noticias y Actualidad","link":"https:\/\/eldigitaldeasturias.com\/magazine365\/category\/noticias-actualidad\/"},{"label":"Trip4real desembarcar\u00e1 en Dubl\u00edn y Amsterdam en verano y se al\u00eda con Expedia","link":"https:\/\/eldigitaldeasturias.com\/magazine365\/trip4real-desembarcara-en-dublin-y-amsterdam-en-verano-y-se-alia-con-expedia\/"}],"_links":{"self":[{"href":"https:\/\/eldigitaldeasturias.com\/magazine365\/wp-json\/wp\/v2\/posts\/38925","targetHints":{"allow":["GET"]}}],"collection":[{"href":"https:\/\/eldigitaldeasturias.com\/magazine365\/wp-json\/wp\/v2\/posts"}],"about":[{"href":"https:\/\/eldigitaldeasturias.com\/magazine365\/wp-json\/wp\/v2\/types\/post"}],"author":[{"embeddable":true,"href":"https:\/\/eldigitaldeasturias.com\/magazine365\/wp-json\/wp\/v2\/users\/1"}],"replies":[{"embeddable":true,"href":"https:\/\/eldigitaldeasturias.com\/magazine365\/wp-json\/wp\/v2\/comments?post=38925"}],"version-history":[{"count":0,"href":"https:\/\/eldigitaldeasturias.com\/magazine365\/wp-json\/wp\/v2\/posts\/38925\/revisions"}],"wp:featuredmedia":[{"embeddable":true,"href":"https:\/\/eldigitaldeasturias.com\/magazine365\/wp-json\/wp\/v2\/media\/38926"}],"wp:attachment":[{"href":"https:\/\/eldigitaldeasturias.com\/magazine365\/wp-json\/wp\/v2\/media?parent=38925"}],"wp:term":[{"taxonomy":"category","embeddable":true,"href":"https:\/\/eldigitaldeasturias.com\/magazine365\/wp-json\/wp\/v2\/categories?post=38925"},{"taxonomy":"post_tag","embeddable":true,"href":"https:\/\/eldigitaldeasturias.com\/magazine365\/wp-json\/wp\/v2\/tags?post=38925"}],"curies":[{"name":"wp","href":"https:\/\/api.w.org\/{rel}","templated":true}]}}