{"id":38919,"date":"2015-06-06T03:33:32","date_gmt":"2015-06-06T02:03:32","guid":{"rendered":"http:\/\/eldigitaldeasturias.com\/magazine365\/?p=38919"},"modified":"2015-06-06T03:33:32","modified_gmt":"2015-06-06T02:03:32","slug":"la-fiesta-de-la-huerta-zaragozana-permitira-degustar-y-comprar-productos-agricolas-con-animacion-de-calle","status":"publish","type":"post","link":"https:\/\/eldigitaldeasturias.com\/magazine365\/la-fiesta-de-la-huerta-zaragozana-permitira-degustar-y-comprar-productos-agricolas-con-animacion-de-calle\/","title":{"rendered":"La Fiesta de la Huerta Zaragozana permitir\u00e1 degustar y comprar productos agr\u00edcolas con animaci\u00f3n de calle"},"content":{"rendered":"<p><img fetchpriority=\"high\" decoding=\"async\" class=\"alignleft size-medium wp-image-38920\" src=\"https:\/\/eldigitaldeasturias.com\/magazine365\/wp-content\/uploads\/2015\/06\/fotonoticia_20150605100802_800-360x270.jpg\" alt=\"fotonoticia_20150605100802_800\" width=\"360\" height=\"270\" srcset=\"https:\/\/eldigitaldeasturias.com\/magazine365\/wp-content\/uploads\/2015\/06\/fotonoticia_20150605100802_800-360x270.jpg 360w, https:\/\/eldigitaldeasturias.com\/magazine365\/wp-content\/uploads\/2015\/06\/fotonoticia_20150605100802_800-650x488.jpg 650w, https:\/\/eldigitaldeasturias.com\/magazine365\/wp-content\/uploads\/2015\/06\/fotonoticia_20150605100802_800-768x576.jpg 768w, https:\/\/eldigitaldeasturias.com\/magazine365\/wp-content\/uploads\/2015\/06\/fotonoticia_20150605100802_800-150x113.jpg 150w, https:\/\/eldigitaldeasturias.com\/magazine365\/wp-content\/uploads\/2015\/06\/fotonoticia_20150605100802_800-450x338.jpg 450w, https:\/\/eldigitaldeasturias.com\/magazine365\/wp-content\/uploads\/2015\/06\/fotonoticia_20150605100802_800-80x60.jpg 80w, https:\/\/eldigitaldeasturias.com\/magazine365\/wp-content\/uploads\/2015\/06\/fotonoticia_20150605100802_800-265x198.jpg 265w, https:\/\/eldigitaldeasturias.com\/magazine365\/wp-content\/uploads\/2015\/06\/fotonoticia_20150605100802_800-696x522.jpg 696w, https:\/\/eldigitaldeasturias.com\/magazine365\/wp-content\/uploads\/2015\/06\/fotonoticia_20150605100802_800-560x420.jpg 560w, https:\/\/eldigitaldeasturias.com\/magazine365\/wp-content\/uploads\/2015\/06\/fotonoticia_20150605100802_800-90x67.jpg 90w, https:\/\/eldigitaldeasturias.com\/magazine365\/wp-content\/uploads\/2015\/06\/fotonoticia_20150605100802_800-100x75.jpg 100w, https:\/\/eldigitaldeasturias.com\/magazine365\/wp-content\/uploads\/2015\/06\/fotonoticia_20150605100802_800.jpg 800w\" sizes=\"(max-width: 360px) 100vw, 360px\" \/>El Ayuntamiento de Zaragoza organiza este s\u00e1bado, 6 de junio, la Fiesta de la Huerta Zaragozana, que se desarrollar\u00e1 en la plaza San Bruno, donde se pondr\u00e1n a la venta productos de la Muestra Agroecol\u00f3gica, acompa\u00f1ada de exposiciones y actividades de animaci\u00f3n de calle, degustaci\u00f3n y presentaci\u00f3n de la Red de Huertas Km0.<\/p>\n<p>Con esta Fiesta de la Huerta Zaragozana, el Ayuntamiento celebra el D\u00eda Mundial del Medio Ambiente y, a su vez, reconoce el trabajo de los agricultores de la ciudad y anima a los vecinos a consumir hortalizas y frutas ecol\u00f3gicas de la huerta de Zaragoza.<\/p>\n<p>Desde las 09:00 y hasta las 14:00 horas se podr\u00e1 comprar en el Mercado Agroecol\u00f3gico, que habitualmente se celebra en la plaza Jos\u00e9 Sinu\u00e9s y que, con motivo de esta celebraci\u00f3n, se traslada a la Plaza San Bruno.<\/p>\n<p>A partir de las 10:00 horas, y durante toda la ma\u00f1ana, diferentes colectivos de la ciudad relacionados con nuevos modelos de producci\u00f3n o consumo alimentario dar\u00e1n a conocer su trabajo y desarrollaran actividades con los visitantes.<\/p>\n<p>Por su parte, el grupo de animaci\u00f3n PAI ha preparado una actividad teatral para todos los p\u00fablicos denominada &#8216;El Restaurante&#8217;, que descubrir\u00e1 diferentes aspectos relacionados con nuestra alimentaci\u00f3n.<\/p>\n<p>A las 12:00 horas se presentar\u00e1 la Red de Huertas km 0. El director de la Agencia de Medio Ambiente y Sostenibilidad del Ayuntamiento de Zaragoza, Javier Celma, y agricultores representantes de la red explicar\u00e1n los objetivos de esta iniciativa.<\/p>\n<p>HUERTA LIFE KM 0<\/p>\n<p>Por \u00faltimo, a las 12:30 horas habr\u00e1 degustaci\u00f3n de tapas elaboradas por los restaurantes adheridos al proyecto Huertas Life km 0, entre los que figuran La Birosta, Plato Reberde y La Retama. Los ingredientes ser\u00e1n todos hortalizas de la huerta zaragozana.<\/p>\n<p>En esta variada programaci\u00f3n, que organiza el Ayuntamiento, colaboran CERAI, CITA, EcoRed Arag\u00f3n, Red de Semillas de Arag\u00f3n, Slow Food, UAGA, Plataforma por la Huerta Zaragozana, Plataforma Arag\u00f3n Sin Transg\u00e9nicos, Uni\u00f3n Vecinal Cesaraugusta, Federaci\u00f3n de Barrios de Zaragoza, Cooperativa El Bisaltico, Gardeniers, La Huertaza, La Natural, y los restaurantes La Birosta, La Retama y el Plato Reberde.<\/p>\n<p>Los actos de la Fiesta de la Huerta Zaragozana se enmarcan en el proyecto municipal Huerta Life km 0, con el que se pretende contribuir a un aumento del consumo de productos hortofrut\u00edcolas ecol\u00f3gicos de la huerta de proximidad.<\/p>\n<p>En esa l\u00ednea, se ha desarrollado un curso de formaci\u00f3n para futuros agricultores, que concluyeron 37 personas que en estos momentos est\u00e1n buscando tierras en alquiler para poder desarrollar su proyecto agr\u00edcola.<\/p>\n<p>En este sentido, el Ayuntamiento ha puesto en marcha un Banco de Tierras para ejercer de intermediario entre el propietario de suelo y los nuevos agricultores. Estos nuevos proyectos empresariales de agricultura ecol\u00f3gica, junto con los ya existentes, constituir\u00e1n la Red de Huertas km 0, que se presentar\u00e1 en la fiesta del 6 de junio.<\/p>\n<p>OTRAS ACTIVIDADES<\/p>\n<p>Previamente, el Ayuntamiento de Zaragoza celebrar\u00e1 el d\u00eda Mundial del Medio Ambiente con la elaboraci\u00f3n de unos graffitis por parte de los j\u00f3venes del barrio de San Jos\u00e9, quienes pintar\u00e1n motivos alusivos a la huerta en la fachada principal del edificio de los huertos urbanos del parque de La Memoria.<\/p>\n<p>En otro parque, en el de Oliver, el pr\u00f3ximo domingo, 7 de junio, a las 18.00 horas y coincidiendo con la IX Contada de Cuentos, se difundir\u00e1 el trabajo que se desarrolla en los huertos de ese espacio verde, uno de los pioneros de la ciudad en contar con huertos que, adem\u00e1s, gestionan personas de tercera edad.<\/p>\n<p>Por \u00faltimo, en el Galacho de Juslibol, tambi\u00e9n el pr\u00f3ximo domingo, 7 de junio, de 10:30 a 13:30 horas se realizar\u00e1n actividades. A las 11:00 y a las 12:00 horas se puede participar de forma gratuita en los Itinerarios Guiados por la zona h\u00fameda del galacho. Los grupos no superar\u00e1n las 30 personas y la duraci\u00f3n aproximada es de 60 minutos.<\/p>\n<p>A las 11:00 horas est\u00e1 previsto un Taller para Hacer Jab\u00f3n con Aceite Usado. El coste de la actividad es de 2,5 euros y es necesario inscribirse previamente cvgalacho@zaragoza.es<\/p>\n<p>El 7 de junio tambi\u00e9n se realizar\u00e1n visitas guiadas al soto de Ranillas con la colaboraci\u00f3n de la Asociaci\u00f3n Voluntarios-Arag\u00f3n. El punto de encuentro para la salida, que tiene una duraci\u00f3n de dos horas y media, es la parada del autob\u00fas Ci1 entre el puente del Tercer Milenio y el hotel Hiberus.<\/p>\n","protected":false},"excerpt":{"rendered":"<p>El Ayuntamiento de Zaragoza organiza este s\u00e1bado, 6 de junio, la Fiesta de la Huerta Zaragozana, que se desarrollar\u00e1 en la plaza San Bruno, donde se pondr\u00e1n a la venta productos de la Muestra Agroecol\u00f3gica, acompa\u00f1ada de exposiciones y actividades de animaci\u00f3n de calle, degustaci\u00f3n y presentaci\u00f3n de la Red de Huertas Km0. Con esta<\/p>\n","protected":false},"author":1,"featured_media":38920,"comment_status":"open","ping_status":"closed","sticky":false,"template":"","format":"standard","meta":{"footnotes":""},"categories":[224],"tags":[],"class_list":{"0":"post-38919","1":"post","2":"type-post","3":"status-publish","4":"format-standard","5":"has-post-thumbnail","7":"category-noticias-actualidad"},"aioseo_notices":[],"aioseo_head":"\n\t\t<!-- All in One SEO Pro 4.9.6.1 - aioseo.com -->\n\t<meta name=\"description\" content=\"El Ayuntamiento de Zaragoza organiza este s\u00e1bado, 6 de junio, la Fiesta de la Huerta Zaragozana, que se desarrollar\u00e1 en la plaza San Bruno, donde se pondr\u00e1n a la venta productos de la Muestra Agroecol\u00f3gica, acompa\u00f1ada de exposiciones y actividades de animaci\u00f3n de calle, degustaci\u00f3n y presentaci\u00f3n de la Red de Huertas Km0. Con esta\" \/>\n\t<meta name=\"robots\" content=\"max-image-preview:large\" \/>\n\t<meta name=\"author\" content=\"admin\"\/>\n\t<meta name=\"google-site-verification\" content=\"UA-38556648-1\" \/>\n\t<meta name=\"keywords\" content=\"noticias y actualidad\" \/>\n\t<link rel=\"canonical\" href=\"https:\/\/eldigitaldeasturias.com\/magazine365\/la-fiesta-de-la-huerta-zaragozana-permitira-degustar-y-comprar-productos-agricolas-con-animacion-de-calle\/\" \/>\n\t<meta name=\"generator\" content=\"All in One SEO Pro (AIOSEO) 4.9.6.1\" \/>\n\t\t<meta property=\"og:locale\" content=\"es_ES\" \/>\n\t\t<meta property=\"og:site_name\" content=\"El Digital de Asturias \u2013 Revista de ocio, turismo y estilo de vida\" \/>\n\t\t<meta property=\"og:type\" content=\"article\" \/>\n\t\t<meta property=\"og:title\" content=\"La Fiesta de la Huerta Zaragozana permitir\u00e1 degustar y comprar productos agr\u00edcolas con animaci\u00f3n de calle | El Digital de Asturias\" \/>\n\t\t<meta property=\"og:description\" content=\"El Ayuntamiento de Zaragoza organiza este s\u00e1bado, 6 de junio, la Fiesta de la Huerta Zaragozana, que se desarrollar\u00e1 en la plaza San Bruno, donde se pondr\u00e1n a la venta productos de la Muestra Agroecol\u00f3gica, acompa\u00f1ada de exposiciones y actividades de animaci\u00f3n de calle, degustaci\u00f3n y presentaci\u00f3n de la Red de Huertas Km0. Con esta\" \/>\n\t\t<meta property=\"og:url\" content=\"https:\/\/eldigitaldeasturias.com\/magazine365\/la-fiesta-de-la-huerta-zaragozana-permitira-degustar-y-comprar-productos-agricolas-con-animacion-de-calle\/\" \/>\n\t\t<meta property=\"og:image\" content=\"https:\/\/eldigitaldeasturias.com\/magazine365\/wp-content\/uploads\/2015\/06\/fotonoticia_20150605100802_800.jpg\" \/>\n\t\t<meta property=\"og:image:secure_url\" content=\"https:\/\/eldigitaldeasturias.com\/magazine365\/wp-content\/uploads\/2015\/06\/fotonoticia_20150605100802_800.jpg\" \/>\n\t\t<meta property=\"og:image:width\" content=\"800\" \/>\n\t\t<meta property=\"og:image:height\" content=\"600\" \/>\n\t\t<meta property=\"article:published_time\" content=\"2015-06-06T02:03:32+00:00\" \/>\n\t\t<meta property=\"article:modified_time\" content=\"2015-06-06T02:03:32+00:00\" \/>\n\t\t<meta name=\"twitter:card\" content=\"summary_large_image\" \/>\n\t\t<meta name=\"twitter:title\" content=\"La Fiesta de la Huerta Zaragozana permitir\u00e1 degustar y comprar productos agr\u00edcolas con animaci\u00f3n de calle | El Digital de Asturias\" \/>\n\t\t<meta name=\"twitter:description\" content=\"El Ayuntamiento de Zaragoza organiza este s\u00e1bado, 6 de junio, la Fiesta de la Huerta Zaragozana, que se desarrollar\u00e1 en la plaza San Bruno, donde se pondr\u00e1n a la venta productos de la Muestra Agroecol\u00f3gica, acompa\u00f1ada de exposiciones y actividades de animaci\u00f3n de calle, degustaci\u00f3n y presentaci\u00f3n de la Red de Huertas Km0. Con esta\" \/>\n\t\t<meta name=\"twitter:image\" content=\"https:\/\/eldigitaldeasturias.com\/magazine365\/wp-content\/uploads\/2015\/06\/fotonoticia_20150605100802_800.jpg\" \/>\n\t\t<script type=\"application\/ld+json\" class=\"aioseo-schema\">\n\t\t\t{\"@context\":\"https:\\\/\\\/schema.org\",\"@graph\":[{\"@type\":\"Article\",\"@id\":\"https:\\\/\\\/eldigitaldeasturias.com\\\/magazine365\\\/la-fiesta-de-la-huerta-zaragozana-permitira-degustar-y-comprar-productos-agricolas-con-animacion-de-calle\\\/#article\",\"name\":\"La Fiesta de la Huerta Zaragozana permitir\\u00e1 degustar y comprar productos agr\\u00edcolas con animaci\\u00f3n de calle | El Digital de Asturias\",\"headline\":\"La Fiesta de la Huerta Zaragozana permitir\\u00e1 degustar y comprar productos agr\\u00edcolas con animaci\\u00f3n de calle\",\"author\":{\"@id\":\"https:\\\/\\\/eldigitaldeasturias.com\\\/magazine365\\\/author\\\/admin\\\/#author\"},\"publisher\":{\"@id\":\"https:\\\/\\\/eldigitaldeasturias.com\\\/magazine365\\\/#organization\"},\"image\":{\"@type\":\"ImageObject\",\"url\":\"https:\\\/\\\/eldigitaldeasturias.com\\\/magazine365\\\/wp-content\\\/uploads\\\/2015\\\/06\\\/fotonoticia_20150605100802_800.jpg\",\"width\":800,\"height\":600},\"datePublished\":\"2015-06-06T03:33:32+02:00\",\"dateModified\":\"2015-06-06T03:33:32+02:00\",\"inLanguage\":\"es-ES\",\"mainEntityOfPage\":{\"@id\":\"https:\\\/\\\/eldigitaldeasturias.com\\\/magazine365\\\/la-fiesta-de-la-huerta-zaragozana-permitira-degustar-y-comprar-productos-agricolas-con-animacion-de-calle\\\/#webpage\"},\"isPartOf\":{\"@id\":\"https:\\\/\\\/eldigitaldeasturias.com\\\/magazine365\\\/la-fiesta-de-la-huerta-zaragozana-permitira-degustar-y-comprar-productos-agricolas-con-animacion-de-calle\\\/#webpage\"},\"articleSection\":\"Noticias y Actualidad\"},{\"@type\":\"BreadcrumbList\",\"@id\":\"https:\\\/\\\/eldigitaldeasturias.com\\\/magazine365\\\/la-fiesta-de-la-huerta-zaragozana-permitira-degustar-y-comprar-productos-agricolas-con-animacion-de-calle\\\/#breadcrumblist\",\"itemListElement\":[{\"@type\":\"ListItem\",\"@id\":\"https:\\\/\\\/eldigitaldeasturias.com\\\/magazine365#listItem\",\"position\":1,\"name\":\"Home\",\"item\":\"https:\\\/\\\/eldigitaldeasturias.com\\\/magazine365\",\"nextItem\":{\"@type\":\"ListItem\",\"@id\":\"https:\\\/\\\/eldigitaldeasturias.com\\\/magazine365\\\/category\\\/noticias-actualidad\\\/#listItem\",\"name\":\"Noticias y Actualidad\"}},{\"@type\":\"ListItem\",\"@id\":\"https:\\\/\\\/eldigitaldeasturias.com\\\/magazine365\\\/category\\\/noticias-actualidad\\\/#listItem\",\"position\":2,\"name\":\"Noticias y Actualidad\",\"item\":\"https:\\\/\\\/eldigitaldeasturias.com\\\/magazine365\\\/category\\\/noticias-actualidad\\\/\",\"nextItem\":{\"@type\":\"ListItem\",\"@id\":\"https:\\\/\\\/eldigitaldeasturias.com\\\/magazine365\\\/la-fiesta-de-la-huerta-zaragozana-permitira-degustar-y-comprar-productos-agricolas-con-animacion-de-calle\\\/#listItem\",\"name\":\"La Fiesta de la Huerta Zaragozana permitir\\u00e1 degustar y comprar productos agr\\u00edcolas con animaci\\u00f3n de calle\"},\"previousItem\":{\"@type\":\"ListItem\",\"@id\":\"https:\\\/\\\/eldigitaldeasturias.com\\\/magazine365#listItem\",\"name\":\"Home\"}},{\"@type\":\"ListItem\",\"@id\":\"https:\\\/\\\/eldigitaldeasturias.com\\\/magazine365\\\/la-fiesta-de-la-huerta-zaragozana-permitira-degustar-y-comprar-productos-agricolas-con-animacion-de-calle\\\/#listItem\",\"position\":3,\"name\":\"La Fiesta de la Huerta Zaragozana permitir\\u00e1 degustar y comprar productos agr\\u00edcolas con animaci\\u00f3n de calle\",\"previousItem\":{\"@type\":\"ListItem\",\"@id\":\"https:\\\/\\\/eldigitaldeasturias.com\\\/magazine365\\\/category\\\/noticias-actualidad\\\/#listItem\",\"name\":\"Noticias y Actualidad\"}}]},{\"@type\":\"Organization\",\"@id\":\"https:\\\/\\\/eldigitaldeasturias.com\\\/magazine365\\\/#organization\",\"name\":\"El digital de Asturias\",\"description\":\"Revista de ocio, turismo y estilo de vida\",\"url\":\"https:\\\/\\\/eldigitaldeasturias.com\\\/magazine365\\\/\",\"logo\":{\"@type\":\"ImageObject\",\"url\":\"https:\\\/\\\/www.eldigitaldeasturias.com\\\/noticias\\\/wp-content\\\/uploads\\\/2020\\\/12\\\/EDA.jpg\",\"@id\":\"https:\\\/\\\/eldigitaldeasturias.com\\\/magazine365\\\/la-fiesta-de-la-huerta-zaragozana-permitira-degustar-y-comprar-productos-agricolas-con-animacion-de-calle\\\/#organizationLogo\"},\"image\":{\"@id\":\"https:\\\/\\\/eldigitaldeasturias.com\\\/magazine365\\\/la-fiesta-de-la-huerta-zaragozana-permitira-degustar-y-comprar-productos-agricolas-con-animacion-de-calle\\\/#organizationLogo\"}},{\"@type\":\"Person\",\"@id\":\"https:\\\/\\\/eldigitaldeasturias.com\\\/magazine365\\\/author\\\/admin\\\/#author\",\"url\":\"https:\\\/\\\/eldigitaldeasturias.com\\\/magazine365\\\/author\\\/admin\\\/\",\"name\":\"admin\",\"image\":{\"@type\":\"ImageObject\",\"@id\":\"https:\\\/\\\/eldigitaldeasturias.com\\\/magazine365\\\/la-fiesta-de-la-huerta-zaragozana-permitira-degustar-y-comprar-productos-agricolas-con-animacion-de-calle\\\/#authorImage\",\"url\":\"https:\\\/\\\/eldigitaldeasturias.com\\\/magazine365\\\/wp-content\\\/litespeed\\\/avatar\\\/e571bcf59a0edd6fa6838245a470f2fe.jpg?ver=1776969259\",\"width\":96,\"height\":96,\"caption\":\"admin\"}},{\"@type\":\"WebPage\",\"@id\":\"https:\\\/\\\/eldigitaldeasturias.com\\\/magazine365\\\/la-fiesta-de-la-huerta-zaragozana-permitira-degustar-y-comprar-productos-agricolas-con-animacion-de-calle\\\/#webpage\",\"url\":\"https:\\\/\\\/eldigitaldeasturias.com\\\/magazine365\\\/la-fiesta-de-la-huerta-zaragozana-permitira-degustar-y-comprar-productos-agricolas-con-animacion-de-calle\\\/\",\"name\":\"La Fiesta de la Huerta Zaragozana permitir\\u00e1 degustar y comprar productos agr\\u00edcolas con animaci\\u00f3n de calle | El Digital de Asturias\",\"description\":\"El Ayuntamiento de Zaragoza organiza este s\\u00e1bado, 6 de junio, la Fiesta de la Huerta Zaragozana, que se desarrollar\\u00e1 en la plaza San Bruno, donde se pondr\\u00e1n a la venta productos de la Muestra Agroecol\\u00f3gica, acompa\\u00f1ada de exposiciones y actividades de animaci\\u00f3n de calle, degustaci\\u00f3n y presentaci\\u00f3n de la Red de Huertas Km0. Con esta\",\"inLanguage\":\"es-ES\",\"isPartOf\":{\"@id\":\"https:\\\/\\\/eldigitaldeasturias.com\\\/magazine365\\\/#website\"},\"breadcrumb\":{\"@id\":\"https:\\\/\\\/eldigitaldeasturias.com\\\/magazine365\\\/la-fiesta-de-la-huerta-zaragozana-permitira-degustar-y-comprar-productos-agricolas-con-animacion-de-calle\\\/#breadcrumblist\"},\"author\":{\"@id\":\"https:\\\/\\\/eldigitaldeasturias.com\\\/magazine365\\\/author\\\/admin\\\/#author\"},\"creator\":{\"@id\":\"https:\\\/\\\/eldigitaldeasturias.com\\\/magazine365\\\/author\\\/admin\\\/#author\"},\"image\":{\"@type\":\"ImageObject\",\"url\":\"https:\\\/\\\/eldigitaldeasturias.com\\\/magazine365\\\/wp-content\\\/uploads\\\/2015\\\/06\\\/fotonoticia_20150605100802_800.jpg\",\"@id\":\"https:\\\/\\\/eldigitaldeasturias.com\\\/magazine365\\\/la-fiesta-de-la-huerta-zaragozana-permitira-degustar-y-comprar-productos-agricolas-con-animacion-de-calle\\\/#mainImage\",\"width\":800,\"height\":600},\"primaryImageOfPage\":{\"@id\":\"https:\\\/\\\/eldigitaldeasturias.com\\\/magazine365\\\/la-fiesta-de-la-huerta-zaragozana-permitira-degustar-y-comprar-productos-agricolas-con-animacion-de-calle\\\/#mainImage\"},\"datePublished\":\"2015-06-06T03:33:32+02:00\",\"dateModified\":\"2015-06-06T03:33:32+02:00\"},{\"@type\":\"WebSite\",\"@id\":\"https:\\\/\\\/eldigitaldeasturias.com\\\/magazine365\\\/#website\",\"url\":\"https:\\\/\\\/eldigitaldeasturias.com\\\/magazine365\\\/\",\"name\":\"El Digital de Asturias\",\"description\":\"Revista de ocio, turismo y estilo de vida\",\"inLanguage\":\"es-ES\",\"publisher\":{\"@id\":\"https:\\\/\\\/eldigitaldeasturias.com\\\/magazine365\\\/#organization\"}}]}\n\t\t<\/script>\n\t\t<!-- All in One SEO Pro -->\r\n\t\t<title>La Fiesta de la Huerta Zaragozana permitir\u00e1 degustar y comprar productos agr\u00edcolas con animaci\u00f3n de calle | El Digital de Asturias<\/title>\n\n","aioseo_head_json":{"title":"La Fiesta de la Huerta Zaragozana permitir\u00e1 degustar y comprar productos agr\u00edcolas con animaci\u00f3n de calle | El Digital de Asturias","description":"El Ayuntamiento de Zaragoza organiza este s\u00e1bado, 6 de junio, la Fiesta de la Huerta Zaragozana, que se desarrollar\u00e1 en la plaza San Bruno, donde se pondr\u00e1n a la venta productos de la Muestra Agroecol\u00f3gica, acompa\u00f1ada de exposiciones y actividades de animaci\u00f3n de calle, degustaci\u00f3n y presentaci\u00f3n de la Red de Huertas Km0. Con esta","canonical_url":"https:\/\/eldigitaldeasturias.com\/magazine365\/la-fiesta-de-la-huerta-zaragozana-permitira-degustar-y-comprar-productos-agricolas-con-animacion-de-calle\/","robots":"max-image-preview:large","keywords":"noticias y actualidad","webmasterTools":{"google-site-verification":"UA-38556648-1","miscellaneous":""},"schema":{"@context":"https:\/\/schema.org","@graph":[{"@type":"Article","@id":"https:\/\/eldigitaldeasturias.com\/magazine365\/la-fiesta-de-la-huerta-zaragozana-permitira-degustar-y-comprar-productos-agricolas-con-animacion-de-calle\/#article","name":"La Fiesta de la Huerta Zaragozana permitir\u00e1 degustar y comprar productos agr\u00edcolas con animaci\u00f3n de calle | El Digital de Asturias","headline":"La Fiesta de la Huerta Zaragozana permitir\u00e1 degustar y comprar productos agr\u00edcolas con animaci\u00f3n de calle","author":{"@id":"https:\/\/eldigitaldeasturias.com\/magazine365\/author\/admin\/#author"},"publisher":{"@id":"https:\/\/eldigitaldeasturias.com\/magazine365\/#organization"},"image":{"@type":"ImageObject","url":"https:\/\/eldigitaldeasturias.com\/magazine365\/wp-content\/uploads\/2015\/06\/fotonoticia_20150605100802_800.jpg","width":800,"height":600},"datePublished":"2015-06-06T03:33:32+02:00","dateModified":"2015-06-06T03:33:32+02:00","inLanguage":"es-ES","mainEntityOfPage":{"@id":"https:\/\/eldigitaldeasturias.com\/magazine365\/la-fiesta-de-la-huerta-zaragozana-permitira-degustar-y-comprar-productos-agricolas-con-animacion-de-calle\/#webpage"},"isPartOf":{"@id":"https:\/\/eldigitaldeasturias.com\/magazine365\/la-fiesta-de-la-huerta-zaragozana-permitira-degustar-y-comprar-productos-agricolas-con-animacion-de-calle\/#webpage"},"articleSection":"Noticias y Actualidad"},{"@type":"BreadcrumbList","@id":"https:\/\/eldigitaldeasturias.com\/magazine365\/la-fiesta-de-la-huerta-zaragozana-permitira-degustar-y-comprar-productos-agricolas-con-animacion-de-calle\/#breadcrumblist","itemListElement":[{"@type":"ListItem","@id":"https:\/\/eldigitaldeasturias.com\/magazine365#listItem","position":1,"name":"Home","item":"https:\/\/eldigitaldeasturias.com\/magazine365","nextItem":{"@type":"ListItem","@id":"https:\/\/eldigitaldeasturias.com\/magazine365\/category\/noticias-actualidad\/#listItem","name":"Noticias y Actualidad"}},{"@type":"ListItem","@id":"https:\/\/eldigitaldeasturias.com\/magazine365\/category\/noticias-actualidad\/#listItem","position":2,"name":"Noticias y Actualidad","item":"https:\/\/eldigitaldeasturias.com\/magazine365\/category\/noticias-actualidad\/","nextItem":{"@type":"ListItem","@id":"https:\/\/eldigitaldeasturias.com\/magazine365\/la-fiesta-de-la-huerta-zaragozana-permitira-degustar-y-comprar-productos-agricolas-con-animacion-de-calle\/#listItem","name":"La Fiesta de la Huerta Zaragozana permitir\u00e1 degustar y comprar productos agr\u00edcolas con animaci\u00f3n de calle"},"previousItem":{"@type":"ListItem","@id":"https:\/\/eldigitaldeasturias.com\/magazine365#listItem","name":"Home"}},{"@type":"ListItem","@id":"https:\/\/eldigitaldeasturias.com\/magazine365\/la-fiesta-de-la-huerta-zaragozana-permitira-degustar-y-comprar-productos-agricolas-con-animacion-de-calle\/#listItem","position":3,"name":"La Fiesta de la Huerta Zaragozana permitir\u00e1 degustar y comprar productos agr\u00edcolas con animaci\u00f3n de calle","previousItem":{"@type":"ListItem","@id":"https:\/\/eldigitaldeasturias.com\/magazine365\/category\/noticias-actualidad\/#listItem","name":"Noticias y Actualidad"}}]},{"@type":"Organization","@id":"https:\/\/eldigitaldeasturias.com\/magazine365\/#organization","name":"El digital de Asturias","description":"Revista de ocio, turismo y estilo de vida","url":"https:\/\/eldigitaldeasturias.com\/magazine365\/","logo":{"@type":"ImageObject","url":"https:\/\/www.eldigitaldeasturias.com\/noticias\/wp-content\/uploads\/2020\/12\/EDA.jpg","@id":"https:\/\/eldigitaldeasturias.com\/magazine365\/la-fiesta-de-la-huerta-zaragozana-permitira-degustar-y-comprar-productos-agricolas-con-animacion-de-calle\/#organizationLogo"},"image":{"@id":"https:\/\/eldigitaldeasturias.com\/magazine365\/la-fiesta-de-la-huerta-zaragozana-permitira-degustar-y-comprar-productos-agricolas-con-animacion-de-calle\/#organizationLogo"}},{"@type":"Person","@id":"https:\/\/eldigitaldeasturias.com\/magazine365\/author\/admin\/#author","url":"https:\/\/eldigitaldeasturias.com\/magazine365\/author\/admin\/","name":"admin","image":{"@type":"ImageObject","@id":"https:\/\/eldigitaldeasturias.com\/magazine365\/la-fiesta-de-la-huerta-zaragozana-permitira-degustar-y-comprar-productos-agricolas-con-animacion-de-calle\/#authorImage","url":"https:\/\/eldigitaldeasturias.com\/magazine365\/wp-content\/litespeed\/avatar\/e571bcf59a0edd6fa6838245a470f2fe.jpg?ver=1776969259","width":96,"height":96,"caption":"admin"}},{"@type":"WebPage","@id":"https:\/\/eldigitaldeasturias.com\/magazine365\/la-fiesta-de-la-huerta-zaragozana-permitira-degustar-y-comprar-productos-agricolas-con-animacion-de-calle\/#webpage","url":"https:\/\/eldigitaldeasturias.com\/magazine365\/la-fiesta-de-la-huerta-zaragozana-permitira-degustar-y-comprar-productos-agricolas-con-animacion-de-calle\/","name":"La Fiesta de la Huerta Zaragozana permitir\u00e1 degustar y comprar productos agr\u00edcolas con animaci\u00f3n de calle | El Digital de Asturias","description":"El Ayuntamiento de Zaragoza organiza este s\u00e1bado, 6 de junio, la Fiesta de la Huerta Zaragozana, que se desarrollar\u00e1 en la plaza San Bruno, donde se pondr\u00e1n a la venta productos de la Muestra Agroecol\u00f3gica, acompa\u00f1ada de exposiciones y actividades de animaci\u00f3n de calle, degustaci\u00f3n y presentaci\u00f3n de la Red de Huertas Km0. Con esta","inLanguage":"es-ES","isPartOf":{"@id":"https:\/\/eldigitaldeasturias.com\/magazine365\/#website"},"breadcrumb":{"@id":"https:\/\/eldigitaldeasturias.com\/magazine365\/la-fiesta-de-la-huerta-zaragozana-permitira-degustar-y-comprar-productos-agricolas-con-animacion-de-calle\/#breadcrumblist"},"author":{"@id":"https:\/\/eldigitaldeasturias.com\/magazine365\/author\/admin\/#author"},"creator":{"@id":"https:\/\/eldigitaldeasturias.com\/magazine365\/author\/admin\/#author"},"image":{"@type":"ImageObject","url":"https:\/\/eldigitaldeasturias.com\/magazine365\/wp-content\/uploads\/2015\/06\/fotonoticia_20150605100802_800.jpg","@id":"https:\/\/eldigitaldeasturias.com\/magazine365\/la-fiesta-de-la-huerta-zaragozana-permitira-degustar-y-comprar-productos-agricolas-con-animacion-de-calle\/#mainImage","width":800,"height":600},"primaryImageOfPage":{"@id":"https:\/\/eldigitaldeasturias.com\/magazine365\/la-fiesta-de-la-huerta-zaragozana-permitira-degustar-y-comprar-productos-agricolas-con-animacion-de-calle\/#mainImage"},"datePublished":"2015-06-06T03:33:32+02:00","dateModified":"2015-06-06T03:33:32+02:00"},{"@type":"WebSite","@id":"https:\/\/eldigitaldeasturias.com\/magazine365\/#website","url":"https:\/\/eldigitaldeasturias.com\/magazine365\/","name":"El Digital de Asturias","description":"Revista de ocio, turismo y estilo de vida","inLanguage":"es-ES","publisher":{"@id":"https:\/\/eldigitaldeasturias.com\/magazine365\/#organization"}}]},"og:locale":"es_ES","og:site_name":"El Digital de Asturias \u2013 Revista de ocio, turismo y estilo de vida","og:type":"article","og:title":"La Fiesta de la Huerta Zaragozana permitir\u00e1 degustar y comprar productos agr\u00edcolas con animaci\u00f3n de calle | El Digital de Asturias","og:description":"El Ayuntamiento de Zaragoza organiza este s\u00e1bado, 6 de junio, la Fiesta de la Huerta Zaragozana, que se desarrollar\u00e1 en la plaza San Bruno, donde se pondr\u00e1n a la venta productos de la Muestra Agroecol\u00f3gica, acompa\u00f1ada de exposiciones y actividades de animaci\u00f3n de calle, degustaci\u00f3n y presentaci\u00f3n de la Red de Huertas Km0. Con esta","og:url":"https:\/\/eldigitaldeasturias.com\/magazine365\/la-fiesta-de-la-huerta-zaragozana-permitira-degustar-y-comprar-productos-agricolas-con-animacion-de-calle\/","og:image":"https:\/\/eldigitaldeasturias.com\/magazine365\/wp-content\/uploads\/2015\/06\/fotonoticia_20150605100802_800.jpg","og:image:secure_url":"https:\/\/eldigitaldeasturias.com\/magazine365\/wp-content\/uploads\/2015\/06\/fotonoticia_20150605100802_800.jpg","og:image:width":800,"og:image:height":600,"article:published_time":"2015-06-06T02:03:32+00:00","article:modified_time":"2015-06-06T02:03:32+00:00","twitter:card":"summary_large_image","twitter:title":"La Fiesta de la Huerta Zaragozana permitir\u00e1 degustar y comprar productos agr\u00edcolas con animaci\u00f3n de calle | El Digital de Asturias","twitter:description":"El Ayuntamiento de Zaragoza organiza este s\u00e1bado, 6 de junio, la Fiesta de la Huerta Zaragozana, que se desarrollar\u00e1 en la plaza San Bruno, donde se pondr\u00e1n a la venta productos de la Muestra Agroecol\u00f3gica, acompa\u00f1ada de exposiciones y actividades de animaci\u00f3n de calle, degustaci\u00f3n y presentaci\u00f3n de la Red de Huertas Km0. Con esta","twitter:image":"https:\/\/eldigitaldeasturias.com\/magazine365\/wp-content\/uploads\/2015\/06\/fotonoticia_20150605100802_800.jpg"},"aioseo_meta_data":{"post_id":"38919","title":null,"description":null,"keywords":null,"keyphrases":null,"primary_term":null,"canonical_url":null,"og_title":null,"og_description":null,"og_object_type":"default","og_image_type":"default","og_image_url":null,"og_image_width":null,"og_image_height":null,"og_image_custom_url":null,"og_image_custom_fields":null,"og_video":null,"og_custom_url":null,"og_article_section":null,"og_article_tags":null,"twitter_use_og":false,"twitter_card":"default","twitter_image_type":"default","twitter_image_url":null,"twitter_image_custom_url":null,"twitter_image_custom_fields":null,"twitter_title":null,"twitter_description":null,"schema":{"blockGraphs":[],"customGraphs":[],"default":{"data":{"Article":[],"Course":[],"Dataset":[],"FAQPage":[],"Movie":[],"Person":[],"Product":[],"ProductReview":[],"Car":[],"Recipe":[],"Service":[],"SoftwareApplication":[],"WebPage":[]},"graphName":"","isEnabled":true},"graphs":[],"defaultGraph":"","defaultPostTypeGraph":""},"schema_type":null,"schema_type_options":null,"pillar_content":false,"robots_default":true,"robots_noindex":false,"robots_noarchive":false,"robots_nosnippet":false,"robots_nofollow":false,"robots_noimageindex":false,"robots_noodp":false,"robots_notranslate":false,"robots_max_snippet":null,"robots_max_videopreview":null,"robots_max_imagepreview":"large","priority":null,"frequency":null,"location":null,"local_seo":null,"seo_analyzer_scan_date":"2025-09-19 10:35:35","breadcrumb_settings":null,"limit_modified_date":false,"open_ai":null,"ai":null,"created":"2021-03-09 02:48:12","updated":"2025-09-19 10:35:35"},"aioseo_breadcrumb":"<div class=\"aioseo-breadcrumbs\"><span class=\"aioseo-breadcrumb\">\n\t<a href=\"https:\/\/eldigitaldeasturias.com\/magazine365\" title=\"Home\">Home<\/a>\n<\/span><span class=\"aioseo-breadcrumb-separator\">\u2013<\/span><span class=\"aioseo-breadcrumb\">\n\t<a href=\"https:\/\/eldigitaldeasturias.com\/magazine365\/category\/noticias-actualidad\/\" title=\"Noticias y Actualidad\">Noticias y Actualidad<\/a>\n<\/span><span class=\"aioseo-breadcrumb-separator\">\u2013<\/span><span class=\"aioseo-breadcrumb\">\n\t<a href=\"https:\/\/eldigitaldeasturias.com\/magazine365\/la-fiesta-de-la-huerta-zaragozana-permitira-degustar-y-comprar-productos-agricolas-con-animacion-de-calle\/\" title=\"La Fiesta de la Huerta Zaragozana permitir\u00e1 degustar y comprar productos agr\u00edcolas con animaci\u00f3n de calle\">La Fiesta de la Huerta Zaragozana permitir\u00e1 degustar y comprar productos agr\u00edcolas con animaci\u00f3n de calle<\/a>\n<\/span><\/div>","aioseo_breadcrumb_json":[{"label":"Home","link":"https:\/\/eldigitaldeasturias.com\/magazine365"},{"label":"Noticias y Actualidad","link":"https:\/\/eldigitaldeasturias.com\/magazine365\/category\/noticias-actualidad\/"},{"label":"La Fiesta de la Huerta Zaragozana permitir\u00e1 degustar y comprar productos agr\u00edcolas con animaci\u00f3n de calle","link":"https:\/\/eldigitaldeasturias.com\/magazine365\/la-fiesta-de-la-huerta-zaragozana-permitira-degustar-y-comprar-productos-agricolas-con-animacion-de-calle\/"}],"_links":{"self":[{"href":"https:\/\/eldigitaldeasturias.com\/magazine365\/wp-json\/wp\/v2\/posts\/38919","targetHints":{"allow":["GET"]}}],"collection":[{"href":"https:\/\/eldigitaldeasturias.com\/magazine365\/wp-json\/wp\/v2\/posts"}],"about":[{"href":"https:\/\/eldigitaldeasturias.com\/magazine365\/wp-json\/wp\/v2\/types\/post"}],"author":[{"embeddable":true,"href":"https:\/\/eldigitaldeasturias.com\/magazine365\/wp-json\/wp\/v2\/users\/1"}],"replies":[{"embeddable":true,"href":"https:\/\/eldigitaldeasturias.com\/magazine365\/wp-json\/wp\/v2\/comments?post=38919"}],"version-history":[{"count":0,"href":"https:\/\/eldigitaldeasturias.com\/magazine365\/wp-json\/wp\/v2\/posts\/38919\/revisions"}],"wp:featuredmedia":[{"embeddable":true,"href":"https:\/\/eldigitaldeasturias.com\/magazine365\/wp-json\/wp\/v2\/media\/38920"}],"wp:attachment":[{"href":"https:\/\/eldigitaldeasturias.com\/magazine365\/wp-json\/wp\/v2\/media?parent=38919"}],"wp:term":[{"taxonomy":"category","embeddable":true,"href":"https:\/\/eldigitaldeasturias.com\/magazine365\/wp-json\/wp\/v2\/categories?post=38919"},{"taxonomy":"post_tag","embeddable":true,"href":"https:\/\/eldigitaldeasturias.com\/magazine365\/wp-json\/wp\/v2\/tags?post=38919"}],"curies":[{"name":"wp","href":"https:\/\/api.w.org\/{rel}","templated":true}]}}