{"id":38916,"date":"2015-06-06T03:32:12","date_gmt":"2015-06-06T02:02:12","guid":{"rendered":"http:\/\/eldigitaldeasturias.com\/magazine365\/?p=38916"},"modified":"2015-06-06T03:32:12","modified_gmt":"2015-06-06T02:02:12","slug":"barbano-celebra-su-v-festival-romano-en-torno-a-la-villa-de-torre-aguila","status":"publish","type":"post","link":"https:\/\/eldigitaldeasturias.com\/magazine365\/barbano-celebra-su-v-festival-romano-en-torno-a-la-villa-de-torre-aguila\/","title":{"rendered":"Barba\u00f1o celebra su V Festival Romano en torno a la villa de Torre \u00c1guila"},"content":{"rendered":"<p><img fetchpriority=\"high\" decoding=\"async\" class=\"alignleft size-medium wp-image-38917\" src=\"https:\/\/eldigitaldeasturias.com\/magazine365\/wp-content\/uploads\/2015\/06\/fotonoticia_20150605100434_800-360x270.jpg\" alt=\"fotonoticia_20150605100434_800\" width=\"360\" height=\"270\" srcset=\"https:\/\/eldigitaldeasturias.com\/magazine365\/wp-content\/uploads\/2015\/06\/fotonoticia_20150605100434_800-360x270.jpg 360w, https:\/\/eldigitaldeasturias.com\/magazine365\/wp-content\/uploads\/2015\/06\/fotonoticia_20150605100434_800-650x488.jpg 650w, https:\/\/eldigitaldeasturias.com\/magazine365\/wp-content\/uploads\/2015\/06\/fotonoticia_20150605100434_800-768x576.jpg 768w, https:\/\/eldigitaldeasturias.com\/magazine365\/wp-content\/uploads\/2015\/06\/fotonoticia_20150605100434_800-150x113.jpg 150w, https:\/\/eldigitaldeasturias.com\/magazine365\/wp-content\/uploads\/2015\/06\/fotonoticia_20150605100434_800-450x338.jpg 450w, https:\/\/eldigitaldeasturias.com\/magazine365\/wp-content\/uploads\/2015\/06\/fotonoticia_20150605100434_800-80x60.jpg 80w, https:\/\/eldigitaldeasturias.com\/magazine365\/wp-content\/uploads\/2015\/06\/fotonoticia_20150605100434_800-265x198.jpg 265w, https:\/\/eldigitaldeasturias.com\/magazine365\/wp-content\/uploads\/2015\/06\/fotonoticia_20150605100434_800-696x522.jpg 696w, https:\/\/eldigitaldeasturias.com\/magazine365\/wp-content\/uploads\/2015\/06\/fotonoticia_20150605100434_800-560x420.jpg 560w, https:\/\/eldigitaldeasturias.com\/magazine365\/wp-content\/uploads\/2015\/06\/fotonoticia_20150605100434_800-90x67.jpg 90w, https:\/\/eldigitaldeasturias.com\/magazine365\/wp-content\/uploads\/2015\/06\/fotonoticia_20150605100434_800-100x75.jpg 100w, https:\/\/eldigitaldeasturias.com\/magazine365\/wp-content\/uploads\/2015\/06\/fotonoticia_20150605100434_800.jpg 800w\" sizes=\"(max-width: 360px) 100vw, 360px\" \/>La localidad pacense de Barba\u00f1o celebrar\u00e1 del 12 al 14 de junio su V Festival Romano &#8216;Amnnis Callis&#8217; en torno a la villa romana de Torre \u00c1guila con visitas guiadas a este yacimiento, un mercado, cuentacuentos o talleres infantiles romanos o venta de esclavas y representaciones teatrales.<\/p>\n<p>El alcalde y el concejal de Cultura y Festejos de Barba\u00f1o en funciones, Juan Manuel Ambrona y Sergio Tena respectivamente, la representante de la Asociaci\u00f3n para el desarrollo de la comarca de L\u00e1cara, Ana P\u00e9rez, y el miembro de la Asociaci\u00f3n de amigos de la villa romana de Torre \u00c1guila, Jos\u00e9 Manuel Jerez, han presentado en la Diputaci\u00f3n de Badajoz en la capital pacense este certamen que se completa con unas jornadas t\u00e9cnicas previstas para este s\u00e1bado d\u00eda 6.<\/p>\n<p>En este sentido, Ambrona puso en valor que se trata de la quinta edici\u00f3n de este Festival Romano que triplica la poblaci\u00f3n de Barba\u00f1o y que incluir\u00e1 unas jornadas t\u00e9cnicas que han \u00abindependizado\u00bb del mismo y que tendr\u00e1n lugar este s\u00e1bado con dos ponencias.<\/p>\n<p>La primera de ellas se centrar\u00e1 en la salud y la enfermedad en la villa de Torre \u00c1guila a cargo de la licenciada en Historia, especialista en Antropolog\u00eda f\u00edsica y forense y doctorada de la Universidad Complutense, Celia Chaves.<\/p>\n<p>La segunda de las disertaciones la ofrecer\u00e1 el arque\u00f3logo del Consorcio de la ciudad monumental de M\u00e9rida y miembro del grupo de investigaci\u00f3n Cuparq-ema (Cultura, Patrimonio y Arqueolog\u00eda-Estudios del Mundo Antiguo), Santiago Feijoo, bajo el t\u00edtulo &#8216;El convivium: banquetes y gastronom\u00eda romana&#8217;.<\/p>\n<p>LA VILLA, CENTRO DE ACTIVIDADES<\/p>\n<p>Respecto al resto de la programaci\u00f3n, el regidor ha se\u00f1alado que Torre \u00c1guila \u00abforma parte importante\u00bb y \u00abencabeza\u00bb todas las actividades contempladas en el programa del Festival Romano dado que \u00e9ste \u00abno tendr\u00eda ning\u00fan sentido si la villa romana no estuviese tan cerca de nuestra localidad\u00bb.<\/p>\n<p>Acerca de la misma, ha explicado que tienen un convenio de gesti\u00f3n con la Direcci\u00f3n General de Patrimonio Cultural del Ejecutivo regional para que la citada asociaci\u00f3n de amigos muestre gratuitamente este yacimiento.<\/p>\n<p>Por su parte, Jos\u00e9 Manuel Jerez ahond\u00f3 en que la asociaci\u00f3n que representa quiere que \u00abno sea un yacimiento f\u00f3sil\u00bb, sino que cuente con dinamizaciones y actividades \u00abaunque sean de car\u00e1cter anual\u00bb para \u00abrecuperar\u00bb al p\u00fablico visitante con iniciativas como estas jornadas t\u00e9cnicas acerca de la salud y la gastronom\u00eda para \u00abacercar\u00bb a la villa al mayor n\u00famero de t\u00e9cnicos y de personas posible y \u00abno dejarla ah\u00ed anclada\u00bb.<\/p>\n<p>Al respecto, apunt\u00f3 que la villa est\u00e1 \u00abparcialmente excavada\u00bb y que las \u00faltimas intervenciones fueron en 2012 para limpiar las primeras termas de la villa que podr\u00edan datar del siglo I, as\u00ed como que la intenci\u00f3n es que en las siguientes excavaciones se profundice en la parte noble de la casa.<\/p>\n<p>Igualmente, reconoci\u00f3 que desconocen su extensi\u00f3n al estar acotada por fincas agr\u00edcolas y que son partidarios de que su futuro pase por una escuela taller en la que los estudiantes hagan sus pr\u00e1cticas en dicho enclave dividido por la carretera de Barba\u00f1o.<\/p>\n<p>PORMENORES DEL FESTIVAL<\/p>\n<p>A su vez, Ana P\u00e9rez resaltaba que la Asociaci\u00f3n para el desarrollo de la comarca de L\u00e1cara patrocina y participa en el Festival Romano dentro de sus objetivos para la puesta en valor de este yacimiento con las implicaciones tur\u00edsticas, econ\u00f3micas y sociales que conlleva y desde su primera edici\u00f3n, cuando surgi\u00f3 como \u00abun proyecto piloto\u00bb como resultado de la uni\u00f3n de distintas asociaciones de la localidad para convertir durante un fin de semana a Barba\u00f1o en una ciudad romana.<\/p>\n<p>As\u00ed, puntualiz\u00f3, el programa contempla actividades \u00abpara todos los gustos\u00bb y de tipo cultural e hist\u00f3rico como obras de teatro romano o visitas guiadas a la villa sobre la cual se \u00abvertebra\u00bb el festival, junto a otras como rutas senderistas, a caballo, paseos en canoa, mercado de artesan\u00eda, cuentacuentos, pasacalles y ambientaci\u00f3n, venta de esclavas o una muestra gastron\u00f3mica que promocionar\u00e1 a las empresas de la comarca.<\/p>\n","protected":false},"excerpt":{"rendered":"<p>La localidad pacense de Barba\u00f1o celebrar\u00e1 del 12 al 14 de junio su V Festival Romano &#8216;Amnnis Callis&#8217; en torno a la villa romana de Torre \u00c1guila con visitas guiadas a este yacimiento, un mercado, cuentacuentos o talleres infantiles romanos o venta de esclavas y representaciones teatrales. El alcalde y el concejal de Cultura y<\/p>\n","protected":false},"author":1,"featured_media":38917,"comment_status":"open","ping_status":"closed","sticky":false,"template":"","format":"standard","meta":{"footnotes":""},"categories":[224],"tags":[],"class_list":{"0":"post-38916","1":"post","2":"type-post","3":"status-publish","4":"format-standard","5":"has-post-thumbnail","7":"category-noticias-actualidad"},"aioseo_notices":[],"aioseo_head":"\n\t\t<!-- All in One SEO Pro 4.9.6.1 - aioseo.com -->\n\t<meta name=\"description\" content=\"La localidad pacense de Barba\u00f1o celebrar\u00e1 del 12 al 14 de junio su V Festival Romano &#039;Amnnis Callis&#039; en torno a la villa romana de Torre \u00c1guila con visitas guiadas a este yacimiento, un mercado, cuentacuentos o talleres infantiles romanos o venta de esclavas y representaciones teatrales. El alcalde y el concejal de Cultura y\" \/>\n\t<meta name=\"robots\" content=\"max-image-preview:large\" \/>\n\t<meta name=\"author\" content=\"admin\"\/>\n\t<meta name=\"google-site-verification\" content=\"UA-38556648-1\" \/>\n\t<meta name=\"keywords\" content=\"noticias y actualidad\" \/>\n\t<link rel=\"canonical\" href=\"https:\/\/eldigitaldeasturias.com\/magazine365\/barbano-celebra-su-v-festival-romano-en-torno-a-la-villa-de-torre-aguila\/\" \/>\n\t<meta name=\"generator\" content=\"All in One SEO Pro (AIOSEO) 4.9.6.1\" \/>\n\t\t<meta property=\"og:locale\" content=\"es_ES\" \/>\n\t\t<meta property=\"og:site_name\" content=\"El Digital de Asturias \u2013 Revista de ocio, turismo y estilo de vida\" \/>\n\t\t<meta property=\"og:type\" content=\"article\" \/>\n\t\t<meta property=\"og:title\" content=\"Barba\u00f1o celebra su V Festival Romano en torno a la villa de Torre \u00c1guila | El Digital de Asturias\" \/>\n\t\t<meta property=\"og:description\" content=\"La localidad pacense de Barba\u00f1o celebrar\u00e1 del 12 al 14 de junio su V Festival Romano &#039;Amnnis Callis&#039; en torno a la villa romana de Torre \u00c1guila con visitas guiadas a este yacimiento, un mercado, cuentacuentos o talleres infantiles romanos o venta de esclavas y representaciones teatrales. El alcalde y el concejal de Cultura y\" \/>\n\t\t<meta property=\"og:url\" content=\"https:\/\/eldigitaldeasturias.com\/magazine365\/barbano-celebra-su-v-festival-romano-en-torno-a-la-villa-de-torre-aguila\/\" \/>\n\t\t<meta property=\"og:image\" content=\"https:\/\/eldigitaldeasturias.com\/magazine365\/wp-content\/uploads\/2015\/06\/fotonoticia_20150605100434_800.jpg\" \/>\n\t\t<meta property=\"og:image:secure_url\" content=\"https:\/\/eldigitaldeasturias.com\/magazine365\/wp-content\/uploads\/2015\/06\/fotonoticia_20150605100434_800.jpg\" \/>\n\t\t<meta property=\"og:image:width\" content=\"800\" \/>\n\t\t<meta property=\"og:image:height\" content=\"600\" \/>\n\t\t<meta property=\"article:published_time\" content=\"2015-06-06T02:02:12+00:00\" \/>\n\t\t<meta property=\"article:modified_time\" content=\"2015-06-06T02:02:12+00:00\" \/>\n\t\t<meta name=\"twitter:card\" content=\"summary_large_image\" \/>\n\t\t<meta name=\"twitter:title\" content=\"Barba\u00f1o celebra su V Festival Romano en torno a la villa de Torre \u00c1guila | El Digital de Asturias\" \/>\n\t\t<meta name=\"twitter:description\" content=\"La localidad pacense de Barba\u00f1o celebrar\u00e1 del 12 al 14 de junio su V Festival Romano &#039;Amnnis Callis&#039; en torno a la villa romana de Torre \u00c1guila con visitas guiadas a este yacimiento, un mercado, cuentacuentos o talleres infantiles romanos o venta de esclavas y representaciones teatrales. El alcalde y el concejal de Cultura y\" \/>\n\t\t<meta name=\"twitter:image\" content=\"https:\/\/eldigitaldeasturias.com\/magazine365\/wp-content\/uploads\/2015\/06\/fotonoticia_20150605100434_800.jpg\" \/>\n\t\t<script type=\"application\/ld+json\" class=\"aioseo-schema\">\n\t\t\t{\"@context\":\"https:\\\/\\\/schema.org\",\"@graph\":[{\"@type\":\"Article\",\"@id\":\"https:\\\/\\\/eldigitaldeasturias.com\\\/magazine365\\\/barbano-celebra-su-v-festival-romano-en-torno-a-la-villa-de-torre-aguila\\\/#article\",\"name\":\"Barba\\u00f1o celebra su V Festival Romano en torno a la villa de Torre \\u00c1guila | El Digital de Asturias\",\"headline\":\"Barba\\u00f1o celebra su V Festival Romano en torno a la villa de Torre \\u00c1guila\",\"author\":{\"@id\":\"https:\\\/\\\/eldigitaldeasturias.com\\\/magazine365\\\/author\\\/admin\\\/#author\"},\"publisher\":{\"@id\":\"https:\\\/\\\/eldigitaldeasturias.com\\\/magazine365\\\/#organization\"},\"image\":{\"@type\":\"ImageObject\",\"url\":\"https:\\\/\\\/eldigitaldeasturias.com\\\/magazine365\\\/wp-content\\\/uploads\\\/2015\\\/06\\\/fotonoticia_20150605100434_800.jpg\",\"width\":800,\"height\":600},\"datePublished\":\"2015-06-06T03:32:12+02:00\",\"dateModified\":\"2015-06-06T03:32:12+02:00\",\"inLanguage\":\"es-ES\",\"mainEntityOfPage\":{\"@id\":\"https:\\\/\\\/eldigitaldeasturias.com\\\/magazine365\\\/barbano-celebra-su-v-festival-romano-en-torno-a-la-villa-de-torre-aguila\\\/#webpage\"},\"isPartOf\":{\"@id\":\"https:\\\/\\\/eldigitaldeasturias.com\\\/magazine365\\\/barbano-celebra-su-v-festival-romano-en-torno-a-la-villa-de-torre-aguila\\\/#webpage\"},\"articleSection\":\"Noticias y Actualidad\"},{\"@type\":\"BreadcrumbList\",\"@id\":\"https:\\\/\\\/eldigitaldeasturias.com\\\/magazine365\\\/barbano-celebra-su-v-festival-romano-en-torno-a-la-villa-de-torre-aguila\\\/#breadcrumblist\",\"itemListElement\":[{\"@type\":\"ListItem\",\"@id\":\"https:\\\/\\\/eldigitaldeasturias.com\\\/magazine365#listItem\",\"position\":1,\"name\":\"Home\",\"item\":\"https:\\\/\\\/eldigitaldeasturias.com\\\/magazine365\",\"nextItem\":{\"@type\":\"ListItem\",\"@id\":\"https:\\\/\\\/eldigitaldeasturias.com\\\/magazine365\\\/category\\\/noticias-actualidad\\\/#listItem\",\"name\":\"Noticias y Actualidad\"}},{\"@type\":\"ListItem\",\"@id\":\"https:\\\/\\\/eldigitaldeasturias.com\\\/magazine365\\\/category\\\/noticias-actualidad\\\/#listItem\",\"position\":2,\"name\":\"Noticias y Actualidad\",\"item\":\"https:\\\/\\\/eldigitaldeasturias.com\\\/magazine365\\\/category\\\/noticias-actualidad\\\/\",\"nextItem\":{\"@type\":\"ListItem\",\"@id\":\"https:\\\/\\\/eldigitaldeasturias.com\\\/magazine365\\\/barbano-celebra-su-v-festival-romano-en-torno-a-la-villa-de-torre-aguila\\\/#listItem\",\"name\":\"Barba\\u00f1o celebra su V Festival Romano en torno a la villa de Torre \\u00c1guila\"},\"previousItem\":{\"@type\":\"ListItem\",\"@id\":\"https:\\\/\\\/eldigitaldeasturias.com\\\/magazine365#listItem\",\"name\":\"Home\"}},{\"@type\":\"ListItem\",\"@id\":\"https:\\\/\\\/eldigitaldeasturias.com\\\/magazine365\\\/barbano-celebra-su-v-festival-romano-en-torno-a-la-villa-de-torre-aguila\\\/#listItem\",\"position\":3,\"name\":\"Barba\\u00f1o celebra su V Festival Romano en torno a la villa de Torre \\u00c1guila\",\"previousItem\":{\"@type\":\"ListItem\",\"@id\":\"https:\\\/\\\/eldigitaldeasturias.com\\\/magazine365\\\/category\\\/noticias-actualidad\\\/#listItem\",\"name\":\"Noticias y Actualidad\"}}]},{\"@type\":\"Organization\",\"@id\":\"https:\\\/\\\/eldigitaldeasturias.com\\\/magazine365\\\/#organization\",\"name\":\"El digital de Asturias\",\"description\":\"Revista de ocio, turismo y estilo de vida\",\"url\":\"https:\\\/\\\/eldigitaldeasturias.com\\\/magazine365\\\/\",\"logo\":{\"@type\":\"ImageObject\",\"url\":\"https:\\\/\\\/www.eldigitaldeasturias.com\\\/noticias\\\/wp-content\\\/uploads\\\/2020\\\/12\\\/EDA.jpg\",\"@id\":\"https:\\\/\\\/eldigitaldeasturias.com\\\/magazine365\\\/barbano-celebra-su-v-festival-romano-en-torno-a-la-villa-de-torre-aguila\\\/#organizationLogo\"},\"image\":{\"@id\":\"https:\\\/\\\/eldigitaldeasturias.com\\\/magazine365\\\/barbano-celebra-su-v-festival-romano-en-torno-a-la-villa-de-torre-aguila\\\/#organizationLogo\"}},{\"@type\":\"Person\",\"@id\":\"https:\\\/\\\/eldigitaldeasturias.com\\\/magazine365\\\/author\\\/admin\\\/#author\",\"url\":\"https:\\\/\\\/eldigitaldeasturias.com\\\/magazine365\\\/author\\\/admin\\\/\",\"name\":\"admin\",\"image\":{\"@type\":\"ImageObject\",\"@id\":\"https:\\\/\\\/eldigitaldeasturias.com\\\/magazine365\\\/barbano-celebra-su-v-festival-romano-en-torno-a-la-villa-de-torre-aguila\\\/#authorImage\",\"url\":\"https:\\\/\\\/eldigitaldeasturias.com\\\/magazine365\\\/wp-content\\\/litespeed\\\/avatar\\\/e571bcf59a0edd6fa6838245a470f2fe.jpg?ver=1776969259\",\"width\":96,\"height\":96,\"caption\":\"admin\"}},{\"@type\":\"WebPage\",\"@id\":\"https:\\\/\\\/eldigitaldeasturias.com\\\/magazine365\\\/barbano-celebra-su-v-festival-romano-en-torno-a-la-villa-de-torre-aguila\\\/#webpage\",\"url\":\"https:\\\/\\\/eldigitaldeasturias.com\\\/magazine365\\\/barbano-celebra-su-v-festival-romano-en-torno-a-la-villa-de-torre-aguila\\\/\",\"name\":\"Barba\\u00f1o celebra su V Festival Romano en torno a la villa de Torre \\u00c1guila | El Digital de Asturias\",\"description\":\"La localidad pacense de Barba\\u00f1o celebrar\\u00e1 del 12 al 14 de junio su V Festival Romano 'Amnnis Callis' en torno a la villa romana de Torre \\u00c1guila con visitas guiadas a este yacimiento, un mercado, cuentacuentos o talleres infantiles romanos o venta de esclavas y representaciones teatrales. El alcalde y el concejal de Cultura y\",\"inLanguage\":\"es-ES\",\"isPartOf\":{\"@id\":\"https:\\\/\\\/eldigitaldeasturias.com\\\/magazine365\\\/#website\"},\"breadcrumb\":{\"@id\":\"https:\\\/\\\/eldigitaldeasturias.com\\\/magazine365\\\/barbano-celebra-su-v-festival-romano-en-torno-a-la-villa-de-torre-aguila\\\/#breadcrumblist\"},\"author\":{\"@id\":\"https:\\\/\\\/eldigitaldeasturias.com\\\/magazine365\\\/author\\\/admin\\\/#author\"},\"creator\":{\"@id\":\"https:\\\/\\\/eldigitaldeasturias.com\\\/magazine365\\\/author\\\/admin\\\/#author\"},\"image\":{\"@type\":\"ImageObject\",\"url\":\"https:\\\/\\\/eldigitaldeasturias.com\\\/magazine365\\\/wp-content\\\/uploads\\\/2015\\\/06\\\/fotonoticia_20150605100434_800.jpg\",\"@id\":\"https:\\\/\\\/eldigitaldeasturias.com\\\/magazine365\\\/barbano-celebra-su-v-festival-romano-en-torno-a-la-villa-de-torre-aguila\\\/#mainImage\",\"width\":800,\"height\":600},\"primaryImageOfPage\":{\"@id\":\"https:\\\/\\\/eldigitaldeasturias.com\\\/magazine365\\\/barbano-celebra-su-v-festival-romano-en-torno-a-la-villa-de-torre-aguila\\\/#mainImage\"},\"datePublished\":\"2015-06-06T03:32:12+02:00\",\"dateModified\":\"2015-06-06T03:32:12+02:00\"},{\"@type\":\"WebSite\",\"@id\":\"https:\\\/\\\/eldigitaldeasturias.com\\\/magazine365\\\/#website\",\"url\":\"https:\\\/\\\/eldigitaldeasturias.com\\\/magazine365\\\/\",\"name\":\"El Digital de Asturias\",\"description\":\"Revista de ocio, turismo y estilo de vida\",\"inLanguage\":\"es-ES\",\"publisher\":{\"@id\":\"https:\\\/\\\/eldigitaldeasturias.com\\\/magazine365\\\/#organization\"}}]}\n\t\t<\/script>\n\t\t<!-- All in One SEO Pro -->\r\n\t\t<title>Barba\u00f1o celebra su V Festival Romano en torno a la villa de Torre \u00c1guila | El Digital de Asturias<\/title>\n\n","aioseo_head_json":{"title":"Barba\u00f1o celebra su V Festival Romano en torno a la villa de Torre \u00c1guila | El Digital de Asturias","description":"La localidad pacense de Barba\u00f1o celebrar\u00e1 del 12 al 14 de junio su V Festival Romano 'Amnnis Callis' en torno a la villa romana de Torre \u00c1guila con visitas guiadas a este yacimiento, un mercado, cuentacuentos o talleres infantiles romanos o venta de esclavas y representaciones teatrales. El alcalde y el concejal de Cultura y","canonical_url":"https:\/\/eldigitaldeasturias.com\/magazine365\/barbano-celebra-su-v-festival-romano-en-torno-a-la-villa-de-torre-aguila\/","robots":"max-image-preview:large","keywords":"noticias y actualidad","webmasterTools":{"google-site-verification":"UA-38556648-1","miscellaneous":""},"schema":{"@context":"https:\/\/schema.org","@graph":[{"@type":"Article","@id":"https:\/\/eldigitaldeasturias.com\/magazine365\/barbano-celebra-su-v-festival-romano-en-torno-a-la-villa-de-torre-aguila\/#article","name":"Barba\u00f1o celebra su V Festival Romano en torno a la villa de Torre \u00c1guila | El Digital de Asturias","headline":"Barba\u00f1o celebra su V Festival Romano en torno a la villa de Torre \u00c1guila","author":{"@id":"https:\/\/eldigitaldeasturias.com\/magazine365\/author\/admin\/#author"},"publisher":{"@id":"https:\/\/eldigitaldeasturias.com\/magazine365\/#organization"},"image":{"@type":"ImageObject","url":"https:\/\/eldigitaldeasturias.com\/magazine365\/wp-content\/uploads\/2015\/06\/fotonoticia_20150605100434_800.jpg","width":800,"height":600},"datePublished":"2015-06-06T03:32:12+02:00","dateModified":"2015-06-06T03:32:12+02:00","inLanguage":"es-ES","mainEntityOfPage":{"@id":"https:\/\/eldigitaldeasturias.com\/magazine365\/barbano-celebra-su-v-festival-romano-en-torno-a-la-villa-de-torre-aguila\/#webpage"},"isPartOf":{"@id":"https:\/\/eldigitaldeasturias.com\/magazine365\/barbano-celebra-su-v-festival-romano-en-torno-a-la-villa-de-torre-aguila\/#webpage"},"articleSection":"Noticias y Actualidad"},{"@type":"BreadcrumbList","@id":"https:\/\/eldigitaldeasturias.com\/magazine365\/barbano-celebra-su-v-festival-romano-en-torno-a-la-villa-de-torre-aguila\/#breadcrumblist","itemListElement":[{"@type":"ListItem","@id":"https:\/\/eldigitaldeasturias.com\/magazine365#listItem","position":1,"name":"Home","item":"https:\/\/eldigitaldeasturias.com\/magazine365","nextItem":{"@type":"ListItem","@id":"https:\/\/eldigitaldeasturias.com\/magazine365\/category\/noticias-actualidad\/#listItem","name":"Noticias y Actualidad"}},{"@type":"ListItem","@id":"https:\/\/eldigitaldeasturias.com\/magazine365\/category\/noticias-actualidad\/#listItem","position":2,"name":"Noticias y Actualidad","item":"https:\/\/eldigitaldeasturias.com\/magazine365\/category\/noticias-actualidad\/","nextItem":{"@type":"ListItem","@id":"https:\/\/eldigitaldeasturias.com\/magazine365\/barbano-celebra-su-v-festival-romano-en-torno-a-la-villa-de-torre-aguila\/#listItem","name":"Barba\u00f1o celebra su V Festival Romano en torno a la villa de Torre \u00c1guila"},"previousItem":{"@type":"ListItem","@id":"https:\/\/eldigitaldeasturias.com\/magazine365#listItem","name":"Home"}},{"@type":"ListItem","@id":"https:\/\/eldigitaldeasturias.com\/magazine365\/barbano-celebra-su-v-festival-romano-en-torno-a-la-villa-de-torre-aguila\/#listItem","position":3,"name":"Barba\u00f1o celebra su V Festival Romano en torno a la villa de Torre \u00c1guila","previousItem":{"@type":"ListItem","@id":"https:\/\/eldigitaldeasturias.com\/magazine365\/category\/noticias-actualidad\/#listItem","name":"Noticias y Actualidad"}}]},{"@type":"Organization","@id":"https:\/\/eldigitaldeasturias.com\/magazine365\/#organization","name":"El digital de Asturias","description":"Revista de ocio, turismo y estilo de vida","url":"https:\/\/eldigitaldeasturias.com\/magazine365\/","logo":{"@type":"ImageObject","url":"https:\/\/www.eldigitaldeasturias.com\/noticias\/wp-content\/uploads\/2020\/12\/EDA.jpg","@id":"https:\/\/eldigitaldeasturias.com\/magazine365\/barbano-celebra-su-v-festival-romano-en-torno-a-la-villa-de-torre-aguila\/#organizationLogo"},"image":{"@id":"https:\/\/eldigitaldeasturias.com\/magazine365\/barbano-celebra-su-v-festival-romano-en-torno-a-la-villa-de-torre-aguila\/#organizationLogo"}},{"@type":"Person","@id":"https:\/\/eldigitaldeasturias.com\/magazine365\/author\/admin\/#author","url":"https:\/\/eldigitaldeasturias.com\/magazine365\/author\/admin\/","name":"admin","image":{"@type":"ImageObject","@id":"https:\/\/eldigitaldeasturias.com\/magazine365\/barbano-celebra-su-v-festival-romano-en-torno-a-la-villa-de-torre-aguila\/#authorImage","url":"https:\/\/eldigitaldeasturias.com\/magazine365\/wp-content\/litespeed\/avatar\/e571bcf59a0edd6fa6838245a470f2fe.jpg?ver=1776969259","width":96,"height":96,"caption":"admin"}},{"@type":"WebPage","@id":"https:\/\/eldigitaldeasturias.com\/magazine365\/barbano-celebra-su-v-festival-romano-en-torno-a-la-villa-de-torre-aguila\/#webpage","url":"https:\/\/eldigitaldeasturias.com\/magazine365\/barbano-celebra-su-v-festival-romano-en-torno-a-la-villa-de-torre-aguila\/","name":"Barba\u00f1o celebra su V Festival Romano en torno a la villa de Torre \u00c1guila | El Digital de Asturias","description":"La localidad pacense de Barba\u00f1o celebrar\u00e1 del 12 al 14 de junio su V Festival Romano 'Amnnis Callis' en torno a la villa romana de Torre \u00c1guila con visitas guiadas a este yacimiento, un mercado, cuentacuentos o talleres infantiles romanos o venta de esclavas y representaciones teatrales. El alcalde y el concejal de Cultura y","inLanguage":"es-ES","isPartOf":{"@id":"https:\/\/eldigitaldeasturias.com\/magazine365\/#website"},"breadcrumb":{"@id":"https:\/\/eldigitaldeasturias.com\/magazine365\/barbano-celebra-su-v-festival-romano-en-torno-a-la-villa-de-torre-aguila\/#breadcrumblist"},"author":{"@id":"https:\/\/eldigitaldeasturias.com\/magazine365\/author\/admin\/#author"},"creator":{"@id":"https:\/\/eldigitaldeasturias.com\/magazine365\/author\/admin\/#author"},"image":{"@type":"ImageObject","url":"https:\/\/eldigitaldeasturias.com\/magazine365\/wp-content\/uploads\/2015\/06\/fotonoticia_20150605100434_800.jpg","@id":"https:\/\/eldigitaldeasturias.com\/magazine365\/barbano-celebra-su-v-festival-romano-en-torno-a-la-villa-de-torre-aguila\/#mainImage","width":800,"height":600},"primaryImageOfPage":{"@id":"https:\/\/eldigitaldeasturias.com\/magazine365\/barbano-celebra-su-v-festival-romano-en-torno-a-la-villa-de-torre-aguila\/#mainImage"},"datePublished":"2015-06-06T03:32:12+02:00","dateModified":"2015-06-06T03:32:12+02:00"},{"@type":"WebSite","@id":"https:\/\/eldigitaldeasturias.com\/magazine365\/#website","url":"https:\/\/eldigitaldeasturias.com\/magazine365\/","name":"El Digital de Asturias","description":"Revista de ocio, turismo y estilo de vida","inLanguage":"es-ES","publisher":{"@id":"https:\/\/eldigitaldeasturias.com\/magazine365\/#organization"}}]},"og:locale":"es_ES","og:site_name":"El Digital de Asturias \u2013 Revista de ocio, turismo y estilo de vida","og:type":"article","og:title":"Barba\u00f1o celebra su V Festival Romano en torno a la villa de Torre \u00c1guila | El Digital de Asturias","og:description":"La localidad pacense de Barba\u00f1o celebrar\u00e1 del 12 al 14 de junio su V Festival Romano 'Amnnis Callis' en torno a la villa romana de Torre \u00c1guila con visitas guiadas a este yacimiento, un mercado, cuentacuentos o talleres infantiles romanos o venta de esclavas y representaciones teatrales. El alcalde y el concejal de Cultura y","og:url":"https:\/\/eldigitaldeasturias.com\/magazine365\/barbano-celebra-su-v-festival-romano-en-torno-a-la-villa-de-torre-aguila\/","og:image":"https:\/\/eldigitaldeasturias.com\/magazine365\/wp-content\/uploads\/2015\/06\/fotonoticia_20150605100434_800.jpg","og:image:secure_url":"https:\/\/eldigitaldeasturias.com\/magazine365\/wp-content\/uploads\/2015\/06\/fotonoticia_20150605100434_800.jpg","og:image:width":800,"og:image:height":600,"article:published_time":"2015-06-06T02:02:12+00:00","article:modified_time":"2015-06-06T02:02:12+00:00","twitter:card":"summary_large_image","twitter:title":"Barba\u00f1o celebra su V Festival Romano en torno a la villa de Torre \u00c1guila | El Digital de Asturias","twitter:description":"La localidad pacense de Barba\u00f1o celebrar\u00e1 del 12 al 14 de junio su V Festival Romano 'Amnnis Callis' en torno a la villa romana de Torre \u00c1guila con visitas guiadas a este yacimiento, un mercado, cuentacuentos o talleres infantiles romanos o venta de esclavas y representaciones teatrales. El alcalde y el concejal de Cultura y","twitter:image":"https:\/\/eldigitaldeasturias.com\/magazine365\/wp-content\/uploads\/2015\/06\/fotonoticia_20150605100434_800.jpg"},"aioseo_meta_data":{"post_id":"38916","title":null,"description":null,"keywords":null,"keyphrases":null,"primary_term":null,"canonical_url":null,"og_title":null,"og_description":null,"og_object_type":"default","og_image_type":"default","og_image_url":null,"og_image_width":null,"og_image_height":null,"og_image_custom_url":null,"og_image_custom_fields":null,"og_video":null,"og_custom_url":null,"og_article_section":null,"og_article_tags":null,"twitter_use_og":false,"twitter_card":"default","twitter_image_type":"default","twitter_image_url":null,"twitter_image_custom_url":null,"twitter_image_custom_fields":null,"twitter_title":null,"twitter_description":null,"schema":{"blockGraphs":[],"customGraphs":[],"default":{"data":{"Article":[],"Course":[],"Dataset":[],"FAQPage":[],"Movie":[],"Person":[],"Product":[],"ProductReview":[],"Car":[],"Recipe":[],"Service":[],"SoftwareApplication":[],"WebPage":[]},"graphName":"","isEnabled":true},"graphs":[],"defaultGraph":"","defaultPostTypeGraph":""},"schema_type":null,"schema_type_options":null,"pillar_content":false,"robots_default":true,"robots_noindex":false,"robots_noarchive":false,"robots_nosnippet":false,"robots_nofollow":false,"robots_noimageindex":false,"robots_noodp":false,"robots_notranslate":false,"robots_max_snippet":null,"robots_max_videopreview":null,"robots_max_imagepreview":"large","priority":null,"frequency":null,"location":null,"local_seo":null,"seo_analyzer_scan_date":"2025-09-19 10:34:12","breadcrumb_settings":null,"limit_modified_date":false,"open_ai":null,"ai":null,"created":"2021-03-09 02:48:12","updated":"2025-09-19 10:34:12"},"aioseo_breadcrumb":"<div class=\"aioseo-breadcrumbs\"><span class=\"aioseo-breadcrumb\">\n\t<a href=\"https:\/\/eldigitaldeasturias.com\/magazine365\" title=\"Home\">Home<\/a>\n<\/span><span class=\"aioseo-breadcrumb-separator\">\u2013<\/span><span class=\"aioseo-breadcrumb\">\n\t<a href=\"https:\/\/eldigitaldeasturias.com\/magazine365\/category\/noticias-actualidad\/\" title=\"Noticias y Actualidad\">Noticias y Actualidad<\/a>\n<\/span><span class=\"aioseo-breadcrumb-separator\">\u2013<\/span><span class=\"aioseo-breadcrumb\">\n\t<a href=\"https:\/\/eldigitaldeasturias.com\/magazine365\/barbano-celebra-su-v-festival-romano-en-torno-a-la-villa-de-torre-aguila\/\" title=\"Barba\u00f1o celebra su V Festival Romano en torno a la villa de Torre \u00c1guila\">Barba\u00f1o celebra su V Festival Romano en torno a la villa de Torre \u00c1guila<\/a>\n<\/span><\/div>","aioseo_breadcrumb_json":[{"label":"Home","link":"https:\/\/eldigitaldeasturias.com\/magazine365"},{"label":"Noticias y Actualidad","link":"https:\/\/eldigitaldeasturias.com\/magazine365\/category\/noticias-actualidad\/"},{"label":"Barba\u00f1o celebra su V Festival Romano en torno a la villa de Torre \u00c1guila","link":"https:\/\/eldigitaldeasturias.com\/magazine365\/barbano-celebra-su-v-festival-romano-en-torno-a-la-villa-de-torre-aguila\/"}],"_links":{"self":[{"href":"https:\/\/eldigitaldeasturias.com\/magazine365\/wp-json\/wp\/v2\/posts\/38916","targetHints":{"allow":["GET"]}}],"collection":[{"href":"https:\/\/eldigitaldeasturias.com\/magazine365\/wp-json\/wp\/v2\/posts"}],"about":[{"href":"https:\/\/eldigitaldeasturias.com\/magazine365\/wp-json\/wp\/v2\/types\/post"}],"author":[{"embeddable":true,"href":"https:\/\/eldigitaldeasturias.com\/magazine365\/wp-json\/wp\/v2\/users\/1"}],"replies":[{"embeddable":true,"href":"https:\/\/eldigitaldeasturias.com\/magazine365\/wp-json\/wp\/v2\/comments?post=38916"}],"version-history":[{"count":0,"href":"https:\/\/eldigitaldeasturias.com\/magazine365\/wp-json\/wp\/v2\/posts\/38916\/revisions"}],"wp:featuredmedia":[{"embeddable":true,"href":"https:\/\/eldigitaldeasturias.com\/magazine365\/wp-json\/wp\/v2\/media\/38917"}],"wp:attachment":[{"href":"https:\/\/eldigitaldeasturias.com\/magazine365\/wp-json\/wp\/v2\/media?parent=38916"}],"wp:term":[{"taxonomy":"category","embeddable":true,"href":"https:\/\/eldigitaldeasturias.com\/magazine365\/wp-json\/wp\/v2\/categories?post=38916"},{"taxonomy":"post_tag","embeddable":true,"href":"https:\/\/eldigitaldeasturias.com\/magazine365\/wp-json\/wp\/v2\/tags?post=38916"}],"curies":[{"name":"wp","href":"https:\/\/api.w.org\/{rel}","templated":true}]}}