{"id":38913,"date":"2015-06-06T03:30:42","date_gmt":"2015-06-06T02:00:42","guid":{"rendered":"http:\/\/eldigitaldeasturias.com\/magazine365\/?p=38913"},"modified":"2015-06-06T03:30:42","modified_gmt":"2015-06-06T02:00:42","slug":"convocada-la-2a-edicion-de-re-think-hotel","status":"publish","type":"post","link":"https:\/\/eldigitaldeasturias.com\/magazine365\/convocada-la-2a-edicion-de-re-think-hotel\/","title":{"rendered":"Convocada la 2\u00aa edici\u00f3n de Re Think Hotel"},"content":{"rendered":"<p><img fetchpriority=\"high\" decoding=\"async\" class=\"alignleft size-medium wp-image-38914\" src=\"https:\/\/eldigitaldeasturias.com\/magazine365\/wp-content\/uploads\/2015\/06\/fotonoticia_20150605100219_800-360x240.jpg\" alt=\"fotonoticia_20150605100219_800\" width=\"360\" height=\"240\" srcset=\"https:\/\/eldigitaldeasturias.com\/magazine365\/wp-content\/uploads\/2015\/06\/fotonoticia_20150605100219_800-360x240.jpg 360w, https:\/\/eldigitaldeasturias.com\/magazine365\/wp-content\/uploads\/2015\/06\/fotonoticia_20150605100219_800-650x433.jpg 650w, https:\/\/eldigitaldeasturias.com\/magazine365\/wp-content\/uploads\/2015\/06\/fotonoticia_20150605100219_800-768x512.jpg 768w, https:\/\/eldigitaldeasturias.com\/magazine365\/wp-content\/uploads\/2015\/06\/fotonoticia_20150605100219_800-150x100.jpg 150w, https:\/\/eldigitaldeasturias.com\/magazine365\/wp-content\/uploads\/2015\/06\/fotonoticia_20150605100219_800-450x300.jpg 450w, https:\/\/eldigitaldeasturias.com\/magazine365\/wp-content\/uploads\/2015\/06\/fotonoticia_20150605100219_800-696x464.jpg 696w, https:\/\/eldigitaldeasturias.com\/magazine365\/wp-content\/uploads\/2015\/06\/fotonoticia_20150605100219_800-630x420.jpg 630w, https:\/\/eldigitaldeasturias.com\/magazine365\/wp-content\/uploads\/2015\/06\/fotonoticia_20150605100219_800-84x55.jpg 84w, https:\/\/eldigitaldeasturias.com\/magazine365\/wp-content\/uploads\/2015\/06\/fotonoticia_20150605100219_800.jpg 800w\" sizes=\"(max-width: 360px) 100vw, 360px\" \/>Con el objetivo de promover y reconocer los mejores proyectos en sostenibilidad y rehabilitaci\u00f3n hotelera en Espa\u00f1a, se ha convocado la segunda edici\u00f3n del concurso Re Think Hotel.<\/p>\n<p>Esta iniciativa, que re\u00fane tanto al sector p\u00fablico como privado, busca estimular el inter\u00e9s de los empresarios de la hosteler\u00eda hacia los beneficios econ\u00f3micos y medioambientales que ofrece la aplicaci\u00f3n de estas medidas y activar la rehabilitaci\u00f3n sostenible hotelera, informa el Grupo Habitat Futura en un comunicado.<\/p>\n<p>El pasado jueves tuvo lugar en Palma de Mallorca el primero de los actos de presentaci\u00f3n de la 2\u00aa edici\u00f3n del Premio, un encuentro en el que se han abordado aspectos de innovaci\u00f3n, estrategias para incrementar la demanda, nuevas medidas de impulso y crecimiento, financiaci\u00f3n, marketing verde as\u00ed como otros aspectos como la sostenibilidad social o RSC y fidelizaci\u00f3n del turista.<\/p>\n<p>La presentaci\u00f3n ha contado con la presencia del presidente en funciones del Govern, Jos\u00e9 Ram\u00f3n Bauz\u00e1, la presidenta en funciones del Consell Insular de Mallorca, Maria Salom, y la tesorera de la Junta Directiva de la Federaci\u00f3n Hotelera de Mallorca (FEHM). Adem\u00e1s, han participado en diferentes mesas redondas empresas de relieve en la distribuci\u00f3n tur\u00edstica como Rumbo, Trivago o Idiso.<\/p>\n<p>Una de las novedades relevantes anunciadas en el acto de presentaci\u00f3n es la inclusi\u00f3n de las Islas Baleares en las regiones susceptibles de obtener los Incentivos Econ\u00f3micos Regionales, la principal l\u00ednea de subvenci\u00f3n procedente de fondos FEDER, uno de los instrumentos de financiaci\u00f3n de la Administraci\u00f3n Estatal para impulsar la inversi\u00f3n de empresas privadas y la creaci\u00f3n de empleo.<\/p>\n<p>El 50% de los proyectos tur\u00edsticos subvencionados corresponde a proyectos de modernizaci\u00f3n hotelera.<\/p>\n<p>CONCURSO E IMPULSO DE INICIATIVAS<\/p>\n<p>Re Think Hotel es un proyecto del Grupo Habitat Futura que ha contado con la implicaci\u00f3n de la Secretar\u00eda de Estado de Turismo, el Instituto para la Diversificaci\u00f3n y Ahorro de la Energ\u00eda (IDEA) y<\/p>\n<p>la Oficina Espa\u00f1ola de Cambio Clim\u00e1tico (OECC). Tambi\u00e9n participan las entidades m\u00e1s representativas de los sectores de la edificaci\u00f3n y el turismo espa\u00f1ol.<\/p>\n<p>El Grupo Habitat Futura cre\u00f3 el a\u00f1o 2014 el primer concurso nacional en rehabilitaci\u00f3n sostenible hotelera, el Concurso Re Think Hotel. En esta jornada se presentar\u00e1 la segunda edici\u00f3n del Concurso Re Think Hotel Top10, que premia a los mejores proyectos de sostenibilidad y rehabilitaci\u00f3n hotelera en Espa\u00f1a.<\/p>\n","protected":false},"excerpt":{"rendered":"<p>Con el objetivo de promover y reconocer los mejores proyectos en sostenibilidad y rehabilitaci\u00f3n hotelera en Espa\u00f1a, se ha convocado la segunda edici\u00f3n del concurso Re Think Hotel. Esta iniciativa, que re\u00fane tanto al sector p\u00fablico como privado, busca estimular el inter\u00e9s de los empresarios de la hosteler\u00eda hacia los beneficios econ\u00f3micos y medioambientales que<\/p>\n","protected":false},"author":1,"featured_media":38914,"comment_status":"open","ping_status":"closed","sticky":false,"template":"","format":"standard","meta":{"footnotes":""},"categories":[224],"tags":[],"class_list":{"0":"post-38913","1":"post","2":"type-post","3":"status-publish","4":"format-standard","5":"has-post-thumbnail","7":"category-noticias-actualidad"},"aioseo_notices":[],"aioseo_head":"\n\t\t<!-- All in One SEO Pro 4.9.6.1 - aioseo.com -->\n\t<meta name=\"description\" content=\"Con el objetivo de promover y reconocer los mejores proyectos en sostenibilidad y rehabilitaci\u00f3n hotelera en Espa\u00f1a, se ha convocado la segunda edici\u00f3n del concurso Re Think Hotel. Esta iniciativa, que re\u00fane tanto al sector p\u00fablico como privado, busca estimular el inter\u00e9s de los empresarios de la hosteler\u00eda hacia los beneficios econ\u00f3micos y medioambientales que\" \/>\n\t<meta name=\"robots\" content=\"max-image-preview:large\" \/>\n\t<meta name=\"author\" content=\"admin\"\/>\n\t<meta name=\"google-site-verification\" content=\"UA-38556648-1\" \/>\n\t<meta name=\"keywords\" content=\"noticias y actualidad\" \/>\n\t<link rel=\"canonical\" href=\"https:\/\/eldigitaldeasturias.com\/magazine365\/convocada-la-2a-edicion-de-re-think-hotel\/\" \/>\n\t<meta name=\"generator\" content=\"All in One SEO Pro (AIOSEO) 4.9.6.1\" \/>\n\t\t<meta property=\"og:locale\" content=\"es_ES\" \/>\n\t\t<meta property=\"og:site_name\" content=\"El Digital de Asturias \u2013 Revista de ocio, turismo y estilo de vida\" \/>\n\t\t<meta property=\"og:type\" content=\"article\" \/>\n\t\t<meta property=\"og:title\" content=\"Convocada la 2\u00aa edici\u00f3n de Re Think Hotel | El Digital de Asturias\" \/>\n\t\t<meta property=\"og:description\" content=\"Con el objetivo de promover y reconocer los mejores proyectos en sostenibilidad y rehabilitaci\u00f3n hotelera en Espa\u00f1a, se ha convocado la segunda edici\u00f3n del concurso Re Think Hotel. Esta iniciativa, que re\u00fane tanto al sector p\u00fablico como privado, busca estimular el inter\u00e9s de los empresarios de la hosteler\u00eda hacia los beneficios econ\u00f3micos y medioambientales que\" \/>\n\t\t<meta property=\"og:url\" content=\"https:\/\/eldigitaldeasturias.com\/magazine365\/convocada-la-2a-edicion-de-re-think-hotel\/\" \/>\n\t\t<meta property=\"og:image\" content=\"https:\/\/eldigitaldeasturias.com\/magazine365\/wp-content\/uploads\/2015\/06\/fotonoticia_20150605100219_800.jpg\" \/>\n\t\t<meta property=\"og:image:secure_url\" content=\"https:\/\/eldigitaldeasturias.com\/magazine365\/wp-content\/uploads\/2015\/06\/fotonoticia_20150605100219_800.jpg\" \/>\n\t\t<meta property=\"og:image:width\" content=\"800\" \/>\n\t\t<meta property=\"og:image:height\" content=\"533\" \/>\n\t\t<meta property=\"article:published_time\" content=\"2015-06-06T02:00:42+00:00\" \/>\n\t\t<meta property=\"article:modified_time\" content=\"2015-06-06T02:00:42+00:00\" \/>\n\t\t<meta name=\"twitter:card\" content=\"summary_large_image\" \/>\n\t\t<meta name=\"twitter:title\" content=\"Convocada la 2\u00aa edici\u00f3n de Re Think Hotel | El Digital de Asturias\" \/>\n\t\t<meta name=\"twitter:description\" content=\"Con el objetivo de promover y reconocer los mejores proyectos en sostenibilidad y rehabilitaci\u00f3n hotelera en Espa\u00f1a, se ha convocado la segunda edici\u00f3n del concurso Re Think Hotel. Esta iniciativa, que re\u00fane tanto al sector p\u00fablico como privado, busca estimular el inter\u00e9s de los empresarios de la hosteler\u00eda hacia los beneficios econ\u00f3micos y medioambientales que\" \/>\n\t\t<meta name=\"twitter:image\" content=\"https:\/\/eldigitaldeasturias.com\/magazine365\/wp-content\/uploads\/2015\/06\/fotonoticia_20150605100219_800.jpg\" \/>\n\t\t<script type=\"application\/ld+json\" class=\"aioseo-schema\">\n\t\t\t{\"@context\":\"https:\\\/\\\/schema.org\",\"@graph\":[{\"@type\":\"Article\",\"@id\":\"https:\\\/\\\/eldigitaldeasturias.com\\\/magazine365\\\/convocada-la-2a-edicion-de-re-think-hotel\\\/#article\",\"name\":\"Convocada la 2\\u00aa edici\\u00f3n de Re Think Hotel | El Digital de Asturias\",\"headline\":\"Convocada la 2\\u00aa edici\\u00f3n de Re Think Hotel\",\"author\":{\"@id\":\"https:\\\/\\\/eldigitaldeasturias.com\\\/magazine365\\\/author\\\/admin\\\/#author\"},\"publisher\":{\"@id\":\"https:\\\/\\\/eldigitaldeasturias.com\\\/magazine365\\\/#organization\"},\"image\":{\"@type\":\"ImageObject\",\"url\":\"https:\\\/\\\/eldigitaldeasturias.com\\\/magazine365\\\/wp-content\\\/uploads\\\/2015\\\/06\\\/fotonoticia_20150605100219_800.jpg\",\"width\":800,\"height\":533},\"datePublished\":\"2015-06-06T03:30:42+02:00\",\"dateModified\":\"2015-06-06T03:30:42+02:00\",\"inLanguage\":\"es-ES\",\"mainEntityOfPage\":{\"@id\":\"https:\\\/\\\/eldigitaldeasturias.com\\\/magazine365\\\/convocada-la-2a-edicion-de-re-think-hotel\\\/#webpage\"},\"isPartOf\":{\"@id\":\"https:\\\/\\\/eldigitaldeasturias.com\\\/magazine365\\\/convocada-la-2a-edicion-de-re-think-hotel\\\/#webpage\"},\"articleSection\":\"Noticias y Actualidad\"},{\"@type\":\"BreadcrumbList\",\"@id\":\"https:\\\/\\\/eldigitaldeasturias.com\\\/magazine365\\\/convocada-la-2a-edicion-de-re-think-hotel\\\/#breadcrumblist\",\"itemListElement\":[{\"@type\":\"ListItem\",\"@id\":\"https:\\\/\\\/eldigitaldeasturias.com\\\/magazine365#listItem\",\"position\":1,\"name\":\"Home\",\"item\":\"https:\\\/\\\/eldigitaldeasturias.com\\\/magazine365\",\"nextItem\":{\"@type\":\"ListItem\",\"@id\":\"https:\\\/\\\/eldigitaldeasturias.com\\\/magazine365\\\/category\\\/noticias-actualidad\\\/#listItem\",\"name\":\"Noticias y Actualidad\"}},{\"@type\":\"ListItem\",\"@id\":\"https:\\\/\\\/eldigitaldeasturias.com\\\/magazine365\\\/category\\\/noticias-actualidad\\\/#listItem\",\"position\":2,\"name\":\"Noticias y Actualidad\",\"item\":\"https:\\\/\\\/eldigitaldeasturias.com\\\/magazine365\\\/category\\\/noticias-actualidad\\\/\",\"nextItem\":{\"@type\":\"ListItem\",\"@id\":\"https:\\\/\\\/eldigitaldeasturias.com\\\/magazine365\\\/convocada-la-2a-edicion-de-re-think-hotel\\\/#listItem\",\"name\":\"Convocada la 2\\u00aa edici\\u00f3n de Re Think Hotel\"},\"previousItem\":{\"@type\":\"ListItem\",\"@id\":\"https:\\\/\\\/eldigitaldeasturias.com\\\/magazine365#listItem\",\"name\":\"Home\"}},{\"@type\":\"ListItem\",\"@id\":\"https:\\\/\\\/eldigitaldeasturias.com\\\/magazine365\\\/convocada-la-2a-edicion-de-re-think-hotel\\\/#listItem\",\"position\":3,\"name\":\"Convocada la 2\\u00aa edici\\u00f3n de Re Think Hotel\",\"previousItem\":{\"@type\":\"ListItem\",\"@id\":\"https:\\\/\\\/eldigitaldeasturias.com\\\/magazine365\\\/category\\\/noticias-actualidad\\\/#listItem\",\"name\":\"Noticias y Actualidad\"}}]},{\"@type\":\"Organization\",\"@id\":\"https:\\\/\\\/eldigitaldeasturias.com\\\/magazine365\\\/#organization\",\"name\":\"El digital de Asturias\",\"description\":\"Revista de ocio, turismo y estilo de vida\",\"url\":\"https:\\\/\\\/eldigitaldeasturias.com\\\/magazine365\\\/\",\"logo\":{\"@type\":\"ImageObject\",\"url\":\"https:\\\/\\\/www.eldigitaldeasturias.com\\\/noticias\\\/wp-content\\\/uploads\\\/2020\\\/12\\\/EDA.jpg\",\"@id\":\"https:\\\/\\\/eldigitaldeasturias.com\\\/magazine365\\\/convocada-la-2a-edicion-de-re-think-hotel\\\/#organizationLogo\"},\"image\":{\"@id\":\"https:\\\/\\\/eldigitaldeasturias.com\\\/magazine365\\\/convocada-la-2a-edicion-de-re-think-hotel\\\/#organizationLogo\"}},{\"@type\":\"Person\",\"@id\":\"https:\\\/\\\/eldigitaldeasturias.com\\\/magazine365\\\/author\\\/admin\\\/#author\",\"url\":\"https:\\\/\\\/eldigitaldeasturias.com\\\/magazine365\\\/author\\\/admin\\\/\",\"name\":\"admin\",\"image\":{\"@type\":\"ImageObject\",\"@id\":\"https:\\\/\\\/eldigitaldeasturias.com\\\/magazine365\\\/convocada-la-2a-edicion-de-re-think-hotel\\\/#authorImage\",\"url\":\"https:\\\/\\\/eldigitaldeasturias.com\\\/magazine365\\\/wp-content\\\/litespeed\\\/avatar\\\/e571bcf59a0edd6fa6838245a470f2fe.jpg?ver=1776969259\",\"width\":96,\"height\":96,\"caption\":\"admin\"}},{\"@type\":\"WebPage\",\"@id\":\"https:\\\/\\\/eldigitaldeasturias.com\\\/magazine365\\\/convocada-la-2a-edicion-de-re-think-hotel\\\/#webpage\",\"url\":\"https:\\\/\\\/eldigitaldeasturias.com\\\/magazine365\\\/convocada-la-2a-edicion-de-re-think-hotel\\\/\",\"name\":\"Convocada la 2\\u00aa edici\\u00f3n de Re Think Hotel | El Digital de Asturias\",\"description\":\"Con el objetivo de promover y reconocer los mejores proyectos en sostenibilidad y rehabilitaci\\u00f3n hotelera en Espa\\u00f1a, se ha convocado la segunda edici\\u00f3n del concurso Re Think Hotel. Esta iniciativa, que re\\u00fane tanto al sector p\\u00fablico como privado, busca estimular el inter\\u00e9s de los empresarios de la hosteler\\u00eda hacia los beneficios econ\\u00f3micos y medioambientales que\",\"inLanguage\":\"es-ES\",\"isPartOf\":{\"@id\":\"https:\\\/\\\/eldigitaldeasturias.com\\\/magazine365\\\/#website\"},\"breadcrumb\":{\"@id\":\"https:\\\/\\\/eldigitaldeasturias.com\\\/magazine365\\\/convocada-la-2a-edicion-de-re-think-hotel\\\/#breadcrumblist\"},\"author\":{\"@id\":\"https:\\\/\\\/eldigitaldeasturias.com\\\/magazine365\\\/author\\\/admin\\\/#author\"},\"creator\":{\"@id\":\"https:\\\/\\\/eldigitaldeasturias.com\\\/magazine365\\\/author\\\/admin\\\/#author\"},\"image\":{\"@type\":\"ImageObject\",\"url\":\"https:\\\/\\\/eldigitaldeasturias.com\\\/magazine365\\\/wp-content\\\/uploads\\\/2015\\\/06\\\/fotonoticia_20150605100219_800.jpg\",\"@id\":\"https:\\\/\\\/eldigitaldeasturias.com\\\/magazine365\\\/convocada-la-2a-edicion-de-re-think-hotel\\\/#mainImage\",\"width\":800,\"height\":533},\"primaryImageOfPage\":{\"@id\":\"https:\\\/\\\/eldigitaldeasturias.com\\\/magazine365\\\/convocada-la-2a-edicion-de-re-think-hotel\\\/#mainImage\"},\"datePublished\":\"2015-06-06T03:30:42+02:00\",\"dateModified\":\"2015-06-06T03:30:42+02:00\"},{\"@type\":\"WebSite\",\"@id\":\"https:\\\/\\\/eldigitaldeasturias.com\\\/magazine365\\\/#website\",\"url\":\"https:\\\/\\\/eldigitaldeasturias.com\\\/magazine365\\\/\",\"name\":\"El Digital de Asturias\",\"description\":\"Revista de ocio, turismo y estilo de vida\",\"inLanguage\":\"es-ES\",\"publisher\":{\"@id\":\"https:\\\/\\\/eldigitaldeasturias.com\\\/magazine365\\\/#organization\"}}]}\n\t\t<\/script>\n\t\t<!-- All in One SEO Pro -->\r\n\t\t<title>Convocada la 2\u00aa edici\u00f3n de Re Think Hotel | El Digital de Asturias<\/title>\n\n","aioseo_head_json":{"title":"Convocada la 2\u00aa edici\u00f3n de Re Think Hotel | El Digital de Asturias","description":"Con el objetivo de promover y reconocer los mejores proyectos en sostenibilidad y rehabilitaci\u00f3n hotelera en Espa\u00f1a, se ha convocado la segunda edici\u00f3n del concurso Re Think Hotel. Esta iniciativa, que re\u00fane tanto al sector p\u00fablico como privado, busca estimular el inter\u00e9s de los empresarios de la hosteler\u00eda hacia los beneficios econ\u00f3micos y medioambientales que","canonical_url":"https:\/\/eldigitaldeasturias.com\/magazine365\/convocada-la-2a-edicion-de-re-think-hotel\/","robots":"max-image-preview:large","keywords":"noticias y actualidad","webmasterTools":{"google-site-verification":"UA-38556648-1","miscellaneous":""},"schema":{"@context":"https:\/\/schema.org","@graph":[{"@type":"Article","@id":"https:\/\/eldigitaldeasturias.com\/magazine365\/convocada-la-2a-edicion-de-re-think-hotel\/#article","name":"Convocada la 2\u00aa edici\u00f3n de Re Think Hotel | El Digital de Asturias","headline":"Convocada la 2\u00aa edici\u00f3n de Re Think Hotel","author":{"@id":"https:\/\/eldigitaldeasturias.com\/magazine365\/author\/admin\/#author"},"publisher":{"@id":"https:\/\/eldigitaldeasturias.com\/magazine365\/#organization"},"image":{"@type":"ImageObject","url":"https:\/\/eldigitaldeasturias.com\/magazine365\/wp-content\/uploads\/2015\/06\/fotonoticia_20150605100219_800.jpg","width":800,"height":533},"datePublished":"2015-06-06T03:30:42+02:00","dateModified":"2015-06-06T03:30:42+02:00","inLanguage":"es-ES","mainEntityOfPage":{"@id":"https:\/\/eldigitaldeasturias.com\/magazine365\/convocada-la-2a-edicion-de-re-think-hotel\/#webpage"},"isPartOf":{"@id":"https:\/\/eldigitaldeasturias.com\/magazine365\/convocada-la-2a-edicion-de-re-think-hotel\/#webpage"},"articleSection":"Noticias y Actualidad"},{"@type":"BreadcrumbList","@id":"https:\/\/eldigitaldeasturias.com\/magazine365\/convocada-la-2a-edicion-de-re-think-hotel\/#breadcrumblist","itemListElement":[{"@type":"ListItem","@id":"https:\/\/eldigitaldeasturias.com\/magazine365#listItem","position":1,"name":"Home","item":"https:\/\/eldigitaldeasturias.com\/magazine365","nextItem":{"@type":"ListItem","@id":"https:\/\/eldigitaldeasturias.com\/magazine365\/category\/noticias-actualidad\/#listItem","name":"Noticias y Actualidad"}},{"@type":"ListItem","@id":"https:\/\/eldigitaldeasturias.com\/magazine365\/category\/noticias-actualidad\/#listItem","position":2,"name":"Noticias y Actualidad","item":"https:\/\/eldigitaldeasturias.com\/magazine365\/category\/noticias-actualidad\/","nextItem":{"@type":"ListItem","@id":"https:\/\/eldigitaldeasturias.com\/magazine365\/convocada-la-2a-edicion-de-re-think-hotel\/#listItem","name":"Convocada la 2\u00aa edici\u00f3n de Re Think Hotel"},"previousItem":{"@type":"ListItem","@id":"https:\/\/eldigitaldeasturias.com\/magazine365#listItem","name":"Home"}},{"@type":"ListItem","@id":"https:\/\/eldigitaldeasturias.com\/magazine365\/convocada-la-2a-edicion-de-re-think-hotel\/#listItem","position":3,"name":"Convocada la 2\u00aa edici\u00f3n de Re Think Hotel","previousItem":{"@type":"ListItem","@id":"https:\/\/eldigitaldeasturias.com\/magazine365\/category\/noticias-actualidad\/#listItem","name":"Noticias y Actualidad"}}]},{"@type":"Organization","@id":"https:\/\/eldigitaldeasturias.com\/magazine365\/#organization","name":"El digital de Asturias","description":"Revista de ocio, turismo y estilo de vida","url":"https:\/\/eldigitaldeasturias.com\/magazine365\/","logo":{"@type":"ImageObject","url":"https:\/\/www.eldigitaldeasturias.com\/noticias\/wp-content\/uploads\/2020\/12\/EDA.jpg","@id":"https:\/\/eldigitaldeasturias.com\/magazine365\/convocada-la-2a-edicion-de-re-think-hotel\/#organizationLogo"},"image":{"@id":"https:\/\/eldigitaldeasturias.com\/magazine365\/convocada-la-2a-edicion-de-re-think-hotel\/#organizationLogo"}},{"@type":"Person","@id":"https:\/\/eldigitaldeasturias.com\/magazine365\/author\/admin\/#author","url":"https:\/\/eldigitaldeasturias.com\/magazine365\/author\/admin\/","name":"admin","image":{"@type":"ImageObject","@id":"https:\/\/eldigitaldeasturias.com\/magazine365\/convocada-la-2a-edicion-de-re-think-hotel\/#authorImage","url":"https:\/\/eldigitaldeasturias.com\/magazine365\/wp-content\/litespeed\/avatar\/e571bcf59a0edd6fa6838245a470f2fe.jpg?ver=1776969259","width":96,"height":96,"caption":"admin"}},{"@type":"WebPage","@id":"https:\/\/eldigitaldeasturias.com\/magazine365\/convocada-la-2a-edicion-de-re-think-hotel\/#webpage","url":"https:\/\/eldigitaldeasturias.com\/magazine365\/convocada-la-2a-edicion-de-re-think-hotel\/","name":"Convocada la 2\u00aa edici\u00f3n de Re Think Hotel | El Digital de Asturias","description":"Con el objetivo de promover y reconocer los mejores proyectos en sostenibilidad y rehabilitaci\u00f3n hotelera en Espa\u00f1a, se ha convocado la segunda edici\u00f3n del concurso Re Think Hotel. Esta iniciativa, que re\u00fane tanto al sector p\u00fablico como privado, busca estimular el inter\u00e9s de los empresarios de la hosteler\u00eda hacia los beneficios econ\u00f3micos y medioambientales que","inLanguage":"es-ES","isPartOf":{"@id":"https:\/\/eldigitaldeasturias.com\/magazine365\/#website"},"breadcrumb":{"@id":"https:\/\/eldigitaldeasturias.com\/magazine365\/convocada-la-2a-edicion-de-re-think-hotel\/#breadcrumblist"},"author":{"@id":"https:\/\/eldigitaldeasturias.com\/magazine365\/author\/admin\/#author"},"creator":{"@id":"https:\/\/eldigitaldeasturias.com\/magazine365\/author\/admin\/#author"},"image":{"@type":"ImageObject","url":"https:\/\/eldigitaldeasturias.com\/magazine365\/wp-content\/uploads\/2015\/06\/fotonoticia_20150605100219_800.jpg","@id":"https:\/\/eldigitaldeasturias.com\/magazine365\/convocada-la-2a-edicion-de-re-think-hotel\/#mainImage","width":800,"height":533},"primaryImageOfPage":{"@id":"https:\/\/eldigitaldeasturias.com\/magazine365\/convocada-la-2a-edicion-de-re-think-hotel\/#mainImage"},"datePublished":"2015-06-06T03:30:42+02:00","dateModified":"2015-06-06T03:30:42+02:00"},{"@type":"WebSite","@id":"https:\/\/eldigitaldeasturias.com\/magazine365\/#website","url":"https:\/\/eldigitaldeasturias.com\/magazine365\/","name":"El Digital de Asturias","description":"Revista de ocio, turismo y estilo de vida","inLanguage":"es-ES","publisher":{"@id":"https:\/\/eldigitaldeasturias.com\/magazine365\/#organization"}}]},"og:locale":"es_ES","og:site_name":"El Digital de Asturias \u2013 Revista de ocio, turismo y estilo de vida","og:type":"article","og:title":"Convocada la 2\u00aa edici\u00f3n de Re Think Hotel | El Digital de Asturias","og:description":"Con el objetivo de promover y reconocer los mejores proyectos en sostenibilidad y rehabilitaci\u00f3n hotelera en Espa\u00f1a, se ha convocado la segunda edici\u00f3n del concurso Re Think Hotel. Esta iniciativa, que re\u00fane tanto al sector p\u00fablico como privado, busca estimular el inter\u00e9s de los empresarios de la hosteler\u00eda hacia los beneficios econ\u00f3micos y medioambientales que","og:url":"https:\/\/eldigitaldeasturias.com\/magazine365\/convocada-la-2a-edicion-de-re-think-hotel\/","og:image":"https:\/\/eldigitaldeasturias.com\/magazine365\/wp-content\/uploads\/2015\/06\/fotonoticia_20150605100219_800.jpg","og:image:secure_url":"https:\/\/eldigitaldeasturias.com\/magazine365\/wp-content\/uploads\/2015\/06\/fotonoticia_20150605100219_800.jpg","og:image:width":800,"og:image:height":533,"article:published_time":"2015-06-06T02:00:42+00:00","article:modified_time":"2015-06-06T02:00:42+00:00","twitter:card":"summary_large_image","twitter:title":"Convocada la 2\u00aa edici\u00f3n de Re Think Hotel | El Digital de Asturias","twitter:description":"Con el objetivo de promover y reconocer los mejores proyectos en sostenibilidad y rehabilitaci\u00f3n hotelera en Espa\u00f1a, se ha convocado la segunda edici\u00f3n del concurso Re Think Hotel. Esta iniciativa, que re\u00fane tanto al sector p\u00fablico como privado, busca estimular el inter\u00e9s de los empresarios de la hosteler\u00eda hacia los beneficios econ\u00f3micos y medioambientales que","twitter:image":"https:\/\/eldigitaldeasturias.com\/magazine365\/wp-content\/uploads\/2015\/06\/fotonoticia_20150605100219_800.jpg"},"aioseo_meta_data":{"post_id":"38913","title":null,"description":null,"keywords":null,"keyphrases":null,"primary_term":null,"canonical_url":null,"og_title":null,"og_description":null,"og_object_type":"default","og_image_type":"default","og_image_url":null,"og_image_width":null,"og_image_height":null,"og_image_custom_url":null,"og_image_custom_fields":null,"og_video":null,"og_custom_url":null,"og_article_section":null,"og_article_tags":null,"twitter_use_og":false,"twitter_card":"default","twitter_image_type":"default","twitter_image_url":null,"twitter_image_custom_url":null,"twitter_image_custom_fields":null,"twitter_title":null,"twitter_description":null,"schema":{"blockGraphs":[],"customGraphs":[],"default":{"data":{"Article":[],"Course":[],"Dataset":[],"FAQPage":[],"Movie":[],"Person":[],"Product":[],"ProductReview":[],"Car":[],"Recipe":[],"Service":[],"SoftwareApplication":[],"WebPage":[]},"graphName":"","isEnabled":true},"graphs":[],"defaultGraph":"","defaultPostTypeGraph":""},"schema_type":null,"schema_type_options":null,"pillar_content":false,"robots_default":true,"robots_noindex":false,"robots_noarchive":false,"robots_nosnippet":false,"robots_nofollow":false,"robots_noimageindex":false,"robots_noodp":false,"robots_notranslate":false,"robots_max_snippet":null,"robots_max_videopreview":null,"robots_max_imagepreview":"large","priority":null,"frequency":null,"location":null,"local_seo":null,"seo_analyzer_scan_date":"2025-09-19 10:34:10","breadcrumb_settings":null,"limit_modified_date":false,"open_ai":null,"ai":null,"created":"2021-03-09 02:48:12","updated":"2025-09-19 10:34:10"},"aioseo_breadcrumb":"<div class=\"aioseo-breadcrumbs\"><span class=\"aioseo-breadcrumb\">\n\t<a href=\"https:\/\/eldigitaldeasturias.com\/magazine365\" title=\"Home\">Home<\/a>\n<\/span><span class=\"aioseo-breadcrumb-separator\">\u2013<\/span><span class=\"aioseo-breadcrumb\">\n\t<a href=\"https:\/\/eldigitaldeasturias.com\/magazine365\/category\/noticias-actualidad\/\" title=\"Noticias y Actualidad\">Noticias y Actualidad<\/a>\n<\/span><span class=\"aioseo-breadcrumb-separator\">\u2013<\/span><span class=\"aioseo-breadcrumb\">\n\t<a href=\"https:\/\/eldigitaldeasturias.com\/magazine365\/convocada-la-2a-edicion-de-re-think-hotel\/\" title=\"Convocada la 2\u00aa edici\u00f3n de Re Think Hotel\">Convocada la 2\u00aa edici\u00f3n de Re Think Hotel<\/a>\n<\/span><\/div>","aioseo_breadcrumb_json":[{"label":"Home","link":"https:\/\/eldigitaldeasturias.com\/magazine365"},{"label":"Noticias y Actualidad","link":"https:\/\/eldigitaldeasturias.com\/magazine365\/category\/noticias-actualidad\/"},{"label":"Convocada la 2\u00aa edici\u00f3n de Re Think Hotel","link":"https:\/\/eldigitaldeasturias.com\/magazine365\/convocada-la-2a-edicion-de-re-think-hotel\/"}],"_links":{"self":[{"href":"https:\/\/eldigitaldeasturias.com\/magazine365\/wp-json\/wp\/v2\/posts\/38913","targetHints":{"allow":["GET"]}}],"collection":[{"href":"https:\/\/eldigitaldeasturias.com\/magazine365\/wp-json\/wp\/v2\/posts"}],"about":[{"href":"https:\/\/eldigitaldeasturias.com\/magazine365\/wp-json\/wp\/v2\/types\/post"}],"author":[{"embeddable":true,"href":"https:\/\/eldigitaldeasturias.com\/magazine365\/wp-json\/wp\/v2\/users\/1"}],"replies":[{"embeddable":true,"href":"https:\/\/eldigitaldeasturias.com\/magazine365\/wp-json\/wp\/v2\/comments?post=38913"}],"version-history":[{"count":0,"href":"https:\/\/eldigitaldeasturias.com\/magazine365\/wp-json\/wp\/v2\/posts\/38913\/revisions"}],"wp:featuredmedia":[{"embeddable":true,"href":"https:\/\/eldigitaldeasturias.com\/magazine365\/wp-json\/wp\/v2\/media\/38914"}],"wp:attachment":[{"href":"https:\/\/eldigitaldeasturias.com\/magazine365\/wp-json\/wp\/v2\/media?parent=38913"}],"wp:term":[{"taxonomy":"category","embeddable":true,"href":"https:\/\/eldigitaldeasturias.com\/magazine365\/wp-json\/wp\/v2\/categories?post=38913"},{"taxonomy":"post_tag","embeddable":true,"href":"https:\/\/eldigitaldeasturias.com\/magazine365\/wp-json\/wp\/v2\/tags?post=38913"}],"curies":[{"name":"wp","href":"https:\/\/api.w.org\/{rel}","templated":true}]}}