{"id":38910,"date":"2015-06-06T03:28:51","date_gmt":"2015-06-06T01:58:51","guid":{"rendered":"http:\/\/eldigitaldeasturias.com\/magazine365\/?p=38910"},"modified":"2015-06-06T03:28:51","modified_gmt":"2015-06-06T01:58:51","slug":"malaga-presenta-su-ruta-picassiana-a-touroperadores-y-agentes-de-viajes-de-belgica-y-luxemburgo","status":"publish","type":"post","link":"https:\/\/eldigitaldeasturias.com\/magazine365\/malaga-presenta-su-ruta-picassiana-a-touroperadores-y-agentes-de-viajes-de-belgica-y-luxemburgo\/","title":{"rendered":"M\u00e1laga presenta su ruta picassiana a touroperadores y agentes de viajes de B\u00e9lgica y Luxemburgo"},"content":{"rendered":"<p><img fetchpriority=\"high\" decoding=\"async\" class=\"alignleft size-medium wp-image-38911\" src=\"https:\/\/eldigitaldeasturias.com\/magazine365\/wp-content\/uploads\/2015\/06\/fotonoticia_20150605095852_800-360x240.jpg\" alt=\"fotonoticia_20150605095852_800\" width=\"360\" height=\"240\" srcset=\"https:\/\/eldigitaldeasturias.com\/magazine365\/wp-content\/uploads\/2015\/06\/fotonoticia_20150605095852_800-360x240.jpg 360w, https:\/\/eldigitaldeasturias.com\/magazine365\/wp-content\/uploads\/2015\/06\/fotonoticia_20150605095852_800-650x433.jpg 650w, https:\/\/eldigitaldeasturias.com\/magazine365\/wp-content\/uploads\/2015\/06\/fotonoticia_20150605095852_800-768x512.jpg 768w, https:\/\/eldigitaldeasturias.com\/magazine365\/wp-content\/uploads\/2015\/06\/fotonoticia_20150605095852_800-150x100.jpg 150w, https:\/\/eldigitaldeasturias.com\/magazine365\/wp-content\/uploads\/2015\/06\/fotonoticia_20150605095852_800-450x300.jpg 450w, https:\/\/eldigitaldeasturias.com\/magazine365\/wp-content\/uploads\/2015\/06\/fotonoticia_20150605095852_800-696x464.jpg 696w, https:\/\/eldigitaldeasturias.com\/magazine365\/wp-content\/uploads\/2015\/06\/fotonoticia_20150605095852_800-630x420.jpg 630w, https:\/\/eldigitaldeasturias.com\/magazine365\/wp-content\/uploads\/2015\/06\/fotonoticia_20150605095852_800-84x55.jpg 84w, https:\/\/eldigitaldeasturias.com\/magazine365\/wp-content\/uploads\/2015\/06\/fotonoticia_20150605095852_800.jpg 800w\" sizes=\"(max-width: 360px) 100vw, 360px\" \/>Un grupo de 15 agentes de viajes de B\u00e9lgica y Luxemburgo est\u00e1n estos d\u00edas en M\u00e1laga para conocer la oferta tur\u00edstica de la capital gracias a un viaje de familiarizaci\u00f3n organizado por el \u00c1rea de Turismo en colaboraci\u00f3n con la Oficina Espa\u00f1ola de Turismo (OET) en Bruselas y Voyages SNCF.<\/p>\n<p>Voyages SNCF es la encargada de comercializar en B\u00e9lgica los productos de Renfe Ciudades AVE, por lo que ha decidido planificar dos viajes de familiarizaci\u00f3n con el fin de promocionar la movilidad y las excelentes conexiones f\u00e9rreas entre distintas ciudades espa\u00f1olas, favoreciendo la creaci\u00f3n de circuitos originales y distintos.<\/p>\n<p>En este sentido, el pasado mes de abril ya se realiz\u00f3 una acci\u00f3n de promoci\u00f3n destinada a agentes de viajes franc\u00f3fonos y ahora se est\u00e1 realizando la dirigida a los profesionales de la zona flamenca de B\u00e9lgica y Luxemburgo. Ambos viajes, dise\u00f1ados como &#8216;Ruta de Picasso&#8217;, se centran en las ciudades de M\u00e1laga, Madrid y Barcelona.<\/p>\n<p>Durante su estancia en M\u00e1laga los agentes de viajes, acompa\u00f1ados por un representante de la OET en Bruselas, tendr\u00e1n la oportunidad de conocer los principales lugares vinculados a la infancia de Picasso, entre ellos la Casa Natal y el Museo Picasso. Adem\u00e1s, el programa dise\u00f1ado por el \u00c1rea de Turismo del Ayuntamiento incluye tambi\u00e9n la visita al Centre Pompidou M\u00e1laga y a los principales hitos monumentales de la ciudad.<\/p>\n<p>El \u00c1rea de Turismo est\u00e1 poniendo en marcha este a\u00f1o un gran n\u00famero de acciones promocionales en los mercados del centro y el norte de Europa con el objetivo de incentivar las llegadas de estos mercados consolidados, algunos de los cuales mostraron el a\u00f1o pasado ciertos s\u00edntomas de debilitamiento, han explicado a trav\u00e9s de un comunicado, desde el Consistorio malague\u00f1o.<\/p>\n<p>De hecho, este a\u00f1o, coincidiendo con la apertura del Centre Pompidou en la capital, est\u00e1 previsto que se lleven a cabo una veintena de acciones promocionales en Francia y B\u00e9lgica, entre ferias, jornadas, visitas comerciales y viajes de prensa y familiarizaci\u00f3n.<\/p>\n","protected":false},"excerpt":{"rendered":"<p>Un grupo de 15 agentes de viajes de B\u00e9lgica y Luxemburgo est\u00e1n estos d\u00edas en M\u00e1laga para conocer la oferta tur\u00edstica de la capital gracias a un viaje de familiarizaci\u00f3n organizado por el \u00c1rea de Turismo en colaboraci\u00f3n con la Oficina Espa\u00f1ola de Turismo (OET) en Bruselas y Voyages SNCF. Voyages SNCF es la encargada<\/p>\n","protected":false},"author":1,"featured_media":38911,"comment_status":"open","ping_status":"closed","sticky":false,"template":"","format":"standard","meta":{"footnotes":""},"categories":[222],"tags":[],"class_list":{"0":"post-38910","1":"post","2":"type-post","3":"status-publish","4":"format-standard","5":"has-post-thumbnail","7":"category-actualidad-turismo"},"aioseo_notices":[],"aioseo_head":"\n\t\t<!-- All in One SEO Pro 4.9.6.1 - aioseo.com -->\n\t<meta name=\"description\" content=\"Un grupo de 15 agentes de viajes de B\u00e9lgica y Luxemburgo est\u00e1n estos d\u00edas en M\u00e1laga para conocer la oferta tur\u00edstica de la capital gracias a un viaje de familiarizaci\u00f3n organizado por el \u00c1rea de Turismo en colaboraci\u00f3n con la Oficina Espa\u00f1ola de Turismo (OET) en Bruselas y Voyages SNCF. Voyages SNCF es la encargada\" \/>\n\t<meta name=\"robots\" content=\"max-image-preview:large\" \/>\n\t<meta name=\"author\" content=\"admin\"\/>\n\t<meta name=\"google-site-verification\" content=\"UA-38556648-1\" \/>\n\t<meta name=\"keywords\" content=\"actualidad turismo\" \/>\n\t<link rel=\"canonical\" href=\"https:\/\/eldigitaldeasturias.com\/magazine365\/malaga-presenta-su-ruta-picassiana-a-touroperadores-y-agentes-de-viajes-de-belgica-y-luxemburgo\/\" \/>\n\t<meta name=\"generator\" content=\"All in One SEO Pro (AIOSEO) 4.9.6.1\" \/>\n\t\t<meta property=\"og:locale\" content=\"es_ES\" \/>\n\t\t<meta property=\"og:site_name\" content=\"El Digital de Asturias \u2013 Revista de ocio, turismo y estilo de vida\" \/>\n\t\t<meta property=\"og:type\" content=\"article\" \/>\n\t\t<meta property=\"og:title\" content=\"M\u00e1laga presenta su ruta picassiana a touroperadores y agentes de viajes de B\u00e9lgica y Luxemburgo | El Digital de Asturias\" \/>\n\t\t<meta property=\"og:description\" content=\"Un grupo de 15 agentes de viajes de B\u00e9lgica y Luxemburgo est\u00e1n estos d\u00edas en M\u00e1laga para conocer la oferta tur\u00edstica de la capital gracias a un viaje de familiarizaci\u00f3n organizado por el \u00c1rea de Turismo en colaboraci\u00f3n con la Oficina Espa\u00f1ola de Turismo (OET) en Bruselas y Voyages SNCF. Voyages SNCF es la encargada\" \/>\n\t\t<meta property=\"og:url\" content=\"https:\/\/eldigitaldeasturias.com\/magazine365\/malaga-presenta-su-ruta-picassiana-a-touroperadores-y-agentes-de-viajes-de-belgica-y-luxemburgo\/\" \/>\n\t\t<meta property=\"og:image\" content=\"https:\/\/eldigitaldeasturias.com\/magazine365\/wp-content\/uploads\/2015\/06\/fotonoticia_20150605095852_800.jpg\" \/>\n\t\t<meta property=\"og:image:secure_url\" content=\"https:\/\/eldigitaldeasturias.com\/magazine365\/wp-content\/uploads\/2015\/06\/fotonoticia_20150605095852_800.jpg\" \/>\n\t\t<meta property=\"og:image:width\" content=\"800\" \/>\n\t\t<meta property=\"og:image:height\" content=\"533\" \/>\n\t\t<meta property=\"article:published_time\" content=\"2015-06-06T01:58:51+00:00\" \/>\n\t\t<meta property=\"article:modified_time\" content=\"2015-06-06T01:58:51+00:00\" \/>\n\t\t<meta name=\"twitter:card\" content=\"summary_large_image\" \/>\n\t\t<meta name=\"twitter:title\" content=\"M\u00e1laga presenta su ruta picassiana a touroperadores y agentes de viajes de B\u00e9lgica y Luxemburgo | El Digital de Asturias\" \/>\n\t\t<meta name=\"twitter:description\" content=\"Un grupo de 15 agentes de viajes de B\u00e9lgica y Luxemburgo est\u00e1n estos d\u00edas en M\u00e1laga para conocer la oferta tur\u00edstica de la capital gracias a un viaje de familiarizaci\u00f3n organizado por el \u00c1rea de Turismo en colaboraci\u00f3n con la Oficina Espa\u00f1ola de Turismo (OET) en Bruselas y Voyages SNCF. Voyages SNCF es la encargada\" \/>\n\t\t<meta name=\"twitter:image\" content=\"https:\/\/eldigitaldeasturias.com\/magazine365\/wp-content\/uploads\/2015\/06\/fotonoticia_20150605095852_800.jpg\" \/>\n\t\t<script type=\"application\/ld+json\" class=\"aioseo-schema\">\n\t\t\t{\"@context\":\"https:\\\/\\\/schema.org\",\"@graph\":[{\"@type\":\"Article\",\"@id\":\"https:\\\/\\\/eldigitaldeasturias.com\\\/magazine365\\\/malaga-presenta-su-ruta-picassiana-a-touroperadores-y-agentes-de-viajes-de-belgica-y-luxemburgo\\\/#article\",\"name\":\"M\\u00e1laga presenta su ruta picassiana a touroperadores y agentes de viajes de B\\u00e9lgica y Luxemburgo | El Digital de Asturias\",\"headline\":\"M\\u00e1laga presenta su ruta picassiana a touroperadores y agentes de viajes de B\\u00e9lgica y Luxemburgo\",\"author\":{\"@id\":\"https:\\\/\\\/eldigitaldeasturias.com\\\/magazine365\\\/author\\\/admin\\\/#author\"},\"publisher\":{\"@id\":\"https:\\\/\\\/eldigitaldeasturias.com\\\/magazine365\\\/#organization\"},\"image\":{\"@type\":\"ImageObject\",\"url\":\"https:\\\/\\\/eldigitaldeasturias.com\\\/magazine365\\\/wp-content\\\/uploads\\\/2015\\\/06\\\/fotonoticia_20150605095852_800.jpg\",\"width\":800,\"height\":533},\"datePublished\":\"2015-06-06T03:28:51+02:00\",\"dateModified\":\"2015-06-06T03:28:51+02:00\",\"inLanguage\":\"es-ES\",\"mainEntityOfPage\":{\"@id\":\"https:\\\/\\\/eldigitaldeasturias.com\\\/magazine365\\\/malaga-presenta-su-ruta-picassiana-a-touroperadores-y-agentes-de-viajes-de-belgica-y-luxemburgo\\\/#webpage\"},\"isPartOf\":{\"@id\":\"https:\\\/\\\/eldigitaldeasturias.com\\\/magazine365\\\/malaga-presenta-su-ruta-picassiana-a-touroperadores-y-agentes-de-viajes-de-belgica-y-luxemburgo\\\/#webpage\"},\"articleSection\":\"Actualidad Turismo\"},{\"@type\":\"BreadcrumbList\",\"@id\":\"https:\\\/\\\/eldigitaldeasturias.com\\\/magazine365\\\/malaga-presenta-su-ruta-picassiana-a-touroperadores-y-agentes-de-viajes-de-belgica-y-luxemburgo\\\/#breadcrumblist\",\"itemListElement\":[{\"@type\":\"ListItem\",\"@id\":\"https:\\\/\\\/eldigitaldeasturias.com\\\/magazine365#listItem\",\"position\":1,\"name\":\"Home\",\"item\":\"https:\\\/\\\/eldigitaldeasturias.com\\\/magazine365\",\"nextItem\":{\"@type\":\"ListItem\",\"@id\":\"https:\\\/\\\/eldigitaldeasturias.com\\\/magazine365\\\/category\\\/actualidad-turismo\\\/#listItem\",\"name\":\"Actualidad Turismo\"}},{\"@type\":\"ListItem\",\"@id\":\"https:\\\/\\\/eldigitaldeasturias.com\\\/magazine365\\\/category\\\/actualidad-turismo\\\/#listItem\",\"position\":2,\"name\":\"Actualidad Turismo\",\"item\":\"https:\\\/\\\/eldigitaldeasturias.com\\\/magazine365\\\/category\\\/actualidad-turismo\\\/\",\"nextItem\":{\"@type\":\"ListItem\",\"@id\":\"https:\\\/\\\/eldigitaldeasturias.com\\\/magazine365\\\/malaga-presenta-su-ruta-picassiana-a-touroperadores-y-agentes-de-viajes-de-belgica-y-luxemburgo\\\/#listItem\",\"name\":\"M\\u00e1laga presenta su ruta picassiana a touroperadores y agentes de viajes de B\\u00e9lgica y Luxemburgo\"},\"previousItem\":{\"@type\":\"ListItem\",\"@id\":\"https:\\\/\\\/eldigitaldeasturias.com\\\/magazine365#listItem\",\"name\":\"Home\"}},{\"@type\":\"ListItem\",\"@id\":\"https:\\\/\\\/eldigitaldeasturias.com\\\/magazine365\\\/malaga-presenta-su-ruta-picassiana-a-touroperadores-y-agentes-de-viajes-de-belgica-y-luxemburgo\\\/#listItem\",\"position\":3,\"name\":\"M\\u00e1laga presenta su ruta picassiana a touroperadores y agentes de viajes de B\\u00e9lgica y Luxemburgo\",\"previousItem\":{\"@type\":\"ListItem\",\"@id\":\"https:\\\/\\\/eldigitaldeasturias.com\\\/magazine365\\\/category\\\/actualidad-turismo\\\/#listItem\",\"name\":\"Actualidad Turismo\"}}]},{\"@type\":\"Organization\",\"@id\":\"https:\\\/\\\/eldigitaldeasturias.com\\\/magazine365\\\/#organization\",\"name\":\"El digital de Asturias\",\"description\":\"Revista de ocio, turismo y estilo de vida\",\"url\":\"https:\\\/\\\/eldigitaldeasturias.com\\\/magazine365\\\/\",\"logo\":{\"@type\":\"ImageObject\",\"url\":\"https:\\\/\\\/www.eldigitaldeasturias.com\\\/noticias\\\/wp-content\\\/uploads\\\/2020\\\/12\\\/EDA.jpg\",\"@id\":\"https:\\\/\\\/eldigitaldeasturias.com\\\/magazine365\\\/malaga-presenta-su-ruta-picassiana-a-touroperadores-y-agentes-de-viajes-de-belgica-y-luxemburgo\\\/#organizationLogo\"},\"image\":{\"@id\":\"https:\\\/\\\/eldigitaldeasturias.com\\\/magazine365\\\/malaga-presenta-su-ruta-picassiana-a-touroperadores-y-agentes-de-viajes-de-belgica-y-luxemburgo\\\/#organizationLogo\"}},{\"@type\":\"Person\",\"@id\":\"https:\\\/\\\/eldigitaldeasturias.com\\\/magazine365\\\/author\\\/admin\\\/#author\",\"url\":\"https:\\\/\\\/eldigitaldeasturias.com\\\/magazine365\\\/author\\\/admin\\\/\",\"name\":\"admin\",\"image\":{\"@type\":\"ImageObject\",\"@id\":\"https:\\\/\\\/eldigitaldeasturias.com\\\/magazine365\\\/malaga-presenta-su-ruta-picassiana-a-touroperadores-y-agentes-de-viajes-de-belgica-y-luxemburgo\\\/#authorImage\",\"url\":\"https:\\\/\\\/eldigitaldeasturias.com\\\/magazine365\\\/wp-content\\\/litespeed\\\/avatar\\\/e571bcf59a0edd6fa6838245a470f2fe.jpg?ver=1776969259\",\"width\":96,\"height\":96,\"caption\":\"admin\"}},{\"@type\":\"WebPage\",\"@id\":\"https:\\\/\\\/eldigitaldeasturias.com\\\/magazine365\\\/malaga-presenta-su-ruta-picassiana-a-touroperadores-y-agentes-de-viajes-de-belgica-y-luxemburgo\\\/#webpage\",\"url\":\"https:\\\/\\\/eldigitaldeasturias.com\\\/magazine365\\\/malaga-presenta-su-ruta-picassiana-a-touroperadores-y-agentes-de-viajes-de-belgica-y-luxemburgo\\\/\",\"name\":\"M\\u00e1laga presenta su ruta picassiana a touroperadores y agentes de viajes de B\\u00e9lgica y Luxemburgo | El Digital de Asturias\",\"description\":\"Un grupo de 15 agentes de viajes de B\\u00e9lgica y Luxemburgo est\\u00e1n estos d\\u00edas en M\\u00e1laga para conocer la oferta tur\\u00edstica de la capital gracias a un viaje de familiarizaci\\u00f3n organizado por el \\u00c1rea de Turismo en colaboraci\\u00f3n con la Oficina Espa\\u00f1ola de Turismo (OET) en Bruselas y Voyages SNCF. Voyages SNCF es la encargada\",\"inLanguage\":\"es-ES\",\"isPartOf\":{\"@id\":\"https:\\\/\\\/eldigitaldeasturias.com\\\/magazine365\\\/#website\"},\"breadcrumb\":{\"@id\":\"https:\\\/\\\/eldigitaldeasturias.com\\\/magazine365\\\/malaga-presenta-su-ruta-picassiana-a-touroperadores-y-agentes-de-viajes-de-belgica-y-luxemburgo\\\/#breadcrumblist\"},\"author\":{\"@id\":\"https:\\\/\\\/eldigitaldeasturias.com\\\/magazine365\\\/author\\\/admin\\\/#author\"},\"creator\":{\"@id\":\"https:\\\/\\\/eldigitaldeasturias.com\\\/magazine365\\\/author\\\/admin\\\/#author\"},\"image\":{\"@type\":\"ImageObject\",\"url\":\"https:\\\/\\\/eldigitaldeasturias.com\\\/magazine365\\\/wp-content\\\/uploads\\\/2015\\\/06\\\/fotonoticia_20150605095852_800.jpg\",\"@id\":\"https:\\\/\\\/eldigitaldeasturias.com\\\/magazine365\\\/malaga-presenta-su-ruta-picassiana-a-touroperadores-y-agentes-de-viajes-de-belgica-y-luxemburgo\\\/#mainImage\",\"width\":800,\"height\":533},\"primaryImageOfPage\":{\"@id\":\"https:\\\/\\\/eldigitaldeasturias.com\\\/magazine365\\\/malaga-presenta-su-ruta-picassiana-a-touroperadores-y-agentes-de-viajes-de-belgica-y-luxemburgo\\\/#mainImage\"},\"datePublished\":\"2015-06-06T03:28:51+02:00\",\"dateModified\":\"2015-06-06T03:28:51+02:00\"},{\"@type\":\"WebSite\",\"@id\":\"https:\\\/\\\/eldigitaldeasturias.com\\\/magazine365\\\/#website\",\"url\":\"https:\\\/\\\/eldigitaldeasturias.com\\\/magazine365\\\/\",\"name\":\"El Digital de Asturias\",\"description\":\"Revista de ocio, turismo y estilo de vida\",\"inLanguage\":\"es-ES\",\"publisher\":{\"@id\":\"https:\\\/\\\/eldigitaldeasturias.com\\\/magazine365\\\/#organization\"}}]}\n\t\t<\/script>\n\t\t<!-- All in One SEO Pro -->\r\n\t\t<title>M\u00e1laga presenta su ruta picassiana a touroperadores y agentes de viajes de B\u00e9lgica y Luxemburgo | El Digital de Asturias<\/title>\n\n","aioseo_head_json":{"title":"M\u00e1laga presenta su ruta picassiana a touroperadores y agentes de viajes de B\u00e9lgica y Luxemburgo | El Digital de Asturias","description":"Un grupo de 15 agentes de viajes de B\u00e9lgica y Luxemburgo est\u00e1n estos d\u00edas en M\u00e1laga para conocer la oferta tur\u00edstica de la capital gracias a un viaje de familiarizaci\u00f3n organizado por el \u00c1rea de Turismo en colaboraci\u00f3n con la Oficina Espa\u00f1ola de Turismo (OET) en Bruselas y Voyages SNCF. Voyages SNCF es la encargada","canonical_url":"https:\/\/eldigitaldeasturias.com\/magazine365\/malaga-presenta-su-ruta-picassiana-a-touroperadores-y-agentes-de-viajes-de-belgica-y-luxemburgo\/","robots":"max-image-preview:large","keywords":"actualidad turismo","webmasterTools":{"google-site-verification":"UA-38556648-1","miscellaneous":""},"schema":{"@context":"https:\/\/schema.org","@graph":[{"@type":"Article","@id":"https:\/\/eldigitaldeasturias.com\/magazine365\/malaga-presenta-su-ruta-picassiana-a-touroperadores-y-agentes-de-viajes-de-belgica-y-luxemburgo\/#article","name":"M\u00e1laga presenta su ruta picassiana a touroperadores y agentes de viajes de B\u00e9lgica y Luxemburgo | El Digital de Asturias","headline":"M\u00e1laga presenta su ruta picassiana a touroperadores y agentes de viajes de B\u00e9lgica y Luxemburgo","author":{"@id":"https:\/\/eldigitaldeasturias.com\/magazine365\/author\/admin\/#author"},"publisher":{"@id":"https:\/\/eldigitaldeasturias.com\/magazine365\/#organization"},"image":{"@type":"ImageObject","url":"https:\/\/eldigitaldeasturias.com\/magazine365\/wp-content\/uploads\/2015\/06\/fotonoticia_20150605095852_800.jpg","width":800,"height":533},"datePublished":"2015-06-06T03:28:51+02:00","dateModified":"2015-06-06T03:28:51+02:00","inLanguage":"es-ES","mainEntityOfPage":{"@id":"https:\/\/eldigitaldeasturias.com\/magazine365\/malaga-presenta-su-ruta-picassiana-a-touroperadores-y-agentes-de-viajes-de-belgica-y-luxemburgo\/#webpage"},"isPartOf":{"@id":"https:\/\/eldigitaldeasturias.com\/magazine365\/malaga-presenta-su-ruta-picassiana-a-touroperadores-y-agentes-de-viajes-de-belgica-y-luxemburgo\/#webpage"},"articleSection":"Actualidad Turismo"},{"@type":"BreadcrumbList","@id":"https:\/\/eldigitaldeasturias.com\/magazine365\/malaga-presenta-su-ruta-picassiana-a-touroperadores-y-agentes-de-viajes-de-belgica-y-luxemburgo\/#breadcrumblist","itemListElement":[{"@type":"ListItem","@id":"https:\/\/eldigitaldeasturias.com\/magazine365#listItem","position":1,"name":"Home","item":"https:\/\/eldigitaldeasturias.com\/magazine365","nextItem":{"@type":"ListItem","@id":"https:\/\/eldigitaldeasturias.com\/magazine365\/category\/actualidad-turismo\/#listItem","name":"Actualidad Turismo"}},{"@type":"ListItem","@id":"https:\/\/eldigitaldeasturias.com\/magazine365\/category\/actualidad-turismo\/#listItem","position":2,"name":"Actualidad Turismo","item":"https:\/\/eldigitaldeasturias.com\/magazine365\/category\/actualidad-turismo\/","nextItem":{"@type":"ListItem","@id":"https:\/\/eldigitaldeasturias.com\/magazine365\/malaga-presenta-su-ruta-picassiana-a-touroperadores-y-agentes-de-viajes-de-belgica-y-luxemburgo\/#listItem","name":"M\u00e1laga presenta su ruta picassiana a touroperadores y agentes de viajes de B\u00e9lgica y Luxemburgo"},"previousItem":{"@type":"ListItem","@id":"https:\/\/eldigitaldeasturias.com\/magazine365#listItem","name":"Home"}},{"@type":"ListItem","@id":"https:\/\/eldigitaldeasturias.com\/magazine365\/malaga-presenta-su-ruta-picassiana-a-touroperadores-y-agentes-de-viajes-de-belgica-y-luxemburgo\/#listItem","position":3,"name":"M\u00e1laga presenta su ruta picassiana a touroperadores y agentes de viajes de B\u00e9lgica y Luxemburgo","previousItem":{"@type":"ListItem","@id":"https:\/\/eldigitaldeasturias.com\/magazine365\/category\/actualidad-turismo\/#listItem","name":"Actualidad Turismo"}}]},{"@type":"Organization","@id":"https:\/\/eldigitaldeasturias.com\/magazine365\/#organization","name":"El digital de Asturias","description":"Revista de ocio, turismo y estilo de vida","url":"https:\/\/eldigitaldeasturias.com\/magazine365\/","logo":{"@type":"ImageObject","url":"https:\/\/www.eldigitaldeasturias.com\/noticias\/wp-content\/uploads\/2020\/12\/EDA.jpg","@id":"https:\/\/eldigitaldeasturias.com\/magazine365\/malaga-presenta-su-ruta-picassiana-a-touroperadores-y-agentes-de-viajes-de-belgica-y-luxemburgo\/#organizationLogo"},"image":{"@id":"https:\/\/eldigitaldeasturias.com\/magazine365\/malaga-presenta-su-ruta-picassiana-a-touroperadores-y-agentes-de-viajes-de-belgica-y-luxemburgo\/#organizationLogo"}},{"@type":"Person","@id":"https:\/\/eldigitaldeasturias.com\/magazine365\/author\/admin\/#author","url":"https:\/\/eldigitaldeasturias.com\/magazine365\/author\/admin\/","name":"admin","image":{"@type":"ImageObject","@id":"https:\/\/eldigitaldeasturias.com\/magazine365\/malaga-presenta-su-ruta-picassiana-a-touroperadores-y-agentes-de-viajes-de-belgica-y-luxemburgo\/#authorImage","url":"https:\/\/eldigitaldeasturias.com\/magazine365\/wp-content\/litespeed\/avatar\/e571bcf59a0edd6fa6838245a470f2fe.jpg?ver=1776969259","width":96,"height":96,"caption":"admin"}},{"@type":"WebPage","@id":"https:\/\/eldigitaldeasturias.com\/magazine365\/malaga-presenta-su-ruta-picassiana-a-touroperadores-y-agentes-de-viajes-de-belgica-y-luxemburgo\/#webpage","url":"https:\/\/eldigitaldeasturias.com\/magazine365\/malaga-presenta-su-ruta-picassiana-a-touroperadores-y-agentes-de-viajes-de-belgica-y-luxemburgo\/","name":"M\u00e1laga presenta su ruta picassiana a touroperadores y agentes de viajes de B\u00e9lgica y Luxemburgo | El Digital de Asturias","description":"Un grupo de 15 agentes de viajes de B\u00e9lgica y Luxemburgo est\u00e1n estos d\u00edas en M\u00e1laga para conocer la oferta tur\u00edstica de la capital gracias a un viaje de familiarizaci\u00f3n organizado por el \u00c1rea de Turismo en colaboraci\u00f3n con la Oficina Espa\u00f1ola de Turismo (OET) en Bruselas y Voyages SNCF. Voyages SNCF es la encargada","inLanguage":"es-ES","isPartOf":{"@id":"https:\/\/eldigitaldeasturias.com\/magazine365\/#website"},"breadcrumb":{"@id":"https:\/\/eldigitaldeasturias.com\/magazine365\/malaga-presenta-su-ruta-picassiana-a-touroperadores-y-agentes-de-viajes-de-belgica-y-luxemburgo\/#breadcrumblist"},"author":{"@id":"https:\/\/eldigitaldeasturias.com\/magazine365\/author\/admin\/#author"},"creator":{"@id":"https:\/\/eldigitaldeasturias.com\/magazine365\/author\/admin\/#author"},"image":{"@type":"ImageObject","url":"https:\/\/eldigitaldeasturias.com\/magazine365\/wp-content\/uploads\/2015\/06\/fotonoticia_20150605095852_800.jpg","@id":"https:\/\/eldigitaldeasturias.com\/magazine365\/malaga-presenta-su-ruta-picassiana-a-touroperadores-y-agentes-de-viajes-de-belgica-y-luxemburgo\/#mainImage","width":800,"height":533},"primaryImageOfPage":{"@id":"https:\/\/eldigitaldeasturias.com\/magazine365\/malaga-presenta-su-ruta-picassiana-a-touroperadores-y-agentes-de-viajes-de-belgica-y-luxemburgo\/#mainImage"},"datePublished":"2015-06-06T03:28:51+02:00","dateModified":"2015-06-06T03:28:51+02:00"},{"@type":"WebSite","@id":"https:\/\/eldigitaldeasturias.com\/magazine365\/#website","url":"https:\/\/eldigitaldeasturias.com\/magazine365\/","name":"El Digital de Asturias","description":"Revista de ocio, turismo y estilo de vida","inLanguage":"es-ES","publisher":{"@id":"https:\/\/eldigitaldeasturias.com\/magazine365\/#organization"}}]},"og:locale":"es_ES","og:site_name":"El Digital de Asturias \u2013 Revista de ocio, turismo y estilo de vida","og:type":"article","og:title":"M\u00e1laga presenta su ruta picassiana a touroperadores y agentes de viajes de B\u00e9lgica y Luxemburgo | El Digital de Asturias","og:description":"Un grupo de 15 agentes de viajes de B\u00e9lgica y Luxemburgo est\u00e1n estos d\u00edas en M\u00e1laga para conocer la oferta tur\u00edstica de la capital gracias a un viaje de familiarizaci\u00f3n organizado por el \u00c1rea de Turismo en colaboraci\u00f3n con la Oficina Espa\u00f1ola de Turismo (OET) en Bruselas y Voyages SNCF. Voyages SNCF es la encargada","og:url":"https:\/\/eldigitaldeasturias.com\/magazine365\/malaga-presenta-su-ruta-picassiana-a-touroperadores-y-agentes-de-viajes-de-belgica-y-luxemburgo\/","og:image":"https:\/\/eldigitaldeasturias.com\/magazine365\/wp-content\/uploads\/2015\/06\/fotonoticia_20150605095852_800.jpg","og:image:secure_url":"https:\/\/eldigitaldeasturias.com\/magazine365\/wp-content\/uploads\/2015\/06\/fotonoticia_20150605095852_800.jpg","og:image:width":800,"og:image:height":533,"article:published_time":"2015-06-06T01:58:51+00:00","article:modified_time":"2015-06-06T01:58:51+00:00","twitter:card":"summary_large_image","twitter:title":"M\u00e1laga presenta su ruta picassiana a touroperadores y agentes de viajes de B\u00e9lgica y Luxemburgo | El Digital de Asturias","twitter:description":"Un grupo de 15 agentes de viajes de B\u00e9lgica y Luxemburgo est\u00e1n estos d\u00edas en M\u00e1laga para conocer la oferta tur\u00edstica de la capital gracias a un viaje de familiarizaci\u00f3n organizado por el \u00c1rea de Turismo en colaboraci\u00f3n con la Oficina Espa\u00f1ola de Turismo (OET) en Bruselas y Voyages SNCF. Voyages SNCF es la encargada","twitter:image":"https:\/\/eldigitaldeasturias.com\/magazine365\/wp-content\/uploads\/2015\/06\/fotonoticia_20150605095852_800.jpg"},"aioseo_meta_data":{"post_id":"38910","title":null,"description":null,"keywords":null,"keyphrases":null,"primary_term":null,"canonical_url":null,"og_title":null,"og_description":null,"og_object_type":"default","og_image_type":"default","og_image_url":null,"og_image_width":null,"og_image_height":null,"og_image_custom_url":null,"og_image_custom_fields":null,"og_video":null,"og_custom_url":null,"og_article_section":null,"og_article_tags":null,"twitter_use_og":false,"twitter_card":"default","twitter_image_type":"default","twitter_image_url":null,"twitter_image_custom_url":null,"twitter_image_custom_fields":null,"twitter_title":null,"twitter_description":null,"schema":{"blockGraphs":[],"customGraphs":[],"default":{"data":{"Article":[],"Course":[],"Dataset":[],"FAQPage":[],"Movie":[],"Person":[],"Product":[],"ProductReview":[],"Car":[],"Recipe":[],"Service":[],"SoftwareApplication":[],"WebPage":[]},"graphName":"","isEnabled":true},"graphs":[],"defaultGraph":"","defaultPostTypeGraph":""},"schema_type":null,"schema_type_options":null,"pillar_content":false,"robots_default":true,"robots_noindex":false,"robots_noarchive":false,"robots_nosnippet":false,"robots_nofollow":false,"robots_noimageindex":false,"robots_noodp":false,"robots_notranslate":false,"robots_max_snippet":null,"robots_max_videopreview":null,"robots_max_imagepreview":"large","priority":null,"frequency":null,"location":null,"local_seo":null,"seo_analyzer_scan_date":"2025-09-19 10:34:09","breadcrumb_settings":null,"limit_modified_date":false,"open_ai":null,"ai":null,"created":"2021-03-09 02:48:12","updated":"2025-09-19 10:34:09"},"aioseo_breadcrumb":"<div class=\"aioseo-breadcrumbs\"><span class=\"aioseo-breadcrumb\">\n\t<a href=\"https:\/\/eldigitaldeasturias.com\/magazine365\" title=\"Home\">Home<\/a>\n<\/span><span class=\"aioseo-breadcrumb-separator\">\u2013<\/span><span class=\"aioseo-breadcrumb\">\n\t<a href=\"https:\/\/eldigitaldeasturias.com\/magazine365\/category\/actualidad-turismo\/\" title=\"Actualidad Turismo\">Actualidad Turismo<\/a>\n<\/span><span class=\"aioseo-breadcrumb-separator\">\u2013<\/span><span class=\"aioseo-breadcrumb\">\n\t<a href=\"https:\/\/eldigitaldeasturias.com\/magazine365\/malaga-presenta-su-ruta-picassiana-a-touroperadores-y-agentes-de-viajes-de-belgica-y-luxemburgo\/\" title=\"M\u00e1laga presenta su ruta picassiana a touroperadores y agentes de viajes de B\u00e9lgica y Luxemburgo\">M\u00e1laga presenta su ruta picassiana a touroperadores y agentes de viajes de B\u00e9lgica y Luxemburgo<\/a>\n<\/span><\/div>","aioseo_breadcrumb_json":[{"label":"Home","link":"https:\/\/eldigitaldeasturias.com\/magazine365"},{"label":"Actualidad Turismo","link":"https:\/\/eldigitaldeasturias.com\/magazine365\/category\/actualidad-turismo\/"},{"label":"M\u00e1laga presenta su ruta picassiana a touroperadores y agentes de viajes de B\u00e9lgica y Luxemburgo","link":"https:\/\/eldigitaldeasturias.com\/magazine365\/malaga-presenta-su-ruta-picassiana-a-touroperadores-y-agentes-de-viajes-de-belgica-y-luxemburgo\/"}],"_links":{"self":[{"href":"https:\/\/eldigitaldeasturias.com\/magazine365\/wp-json\/wp\/v2\/posts\/38910","targetHints":{"allow":["GET"]}}],"collection":[{"href":"https:\/\/eldigitaldeasturias.com\/magazine365\/wp-json\/wp\/v2\/posts"}],"about":[{"href":"https:\/\/eldigitaldeasturias.com\/magazine365\/wp-json\/wp\/v2\/types\/post"}],"author":[{"embeddable":true,"href":"https:\/\/eldigitaldeasturias.com\/magazine365\/wp-json\/wp\/v2\/users\/1"}],"replies":[{"embeddable":true,"href":"https:\/\/eldigitaldeasturias.com\/magazine365\/wp-json\/wp\/v2\/comments?post=38910"}],"version-history":[{"count":0,"href":"https:\/\/eldigitaldeasturias.com\/magazine365\/wp-json\/wp\/v2\/posts\/38910\/revisions"}],"wp:featuredmedia":[{"embeddable":true,"href":"https:\/\/eldigitaldeasturias.com\/magazine365\/wp-json\/wp\/v2\/media\/38911"}],"wp:attachment":[{"href":"https:\/\/eldigitaldeasturias.com\/magazine365\/wp-json\/wp\/v2\/media?parent=38910"}],"wp:term":[{"taxonomy":"category","embeddable":true,"href":"https:\/\/eldigitaldeasturias.com\/magazine365\/wp-json\/wp\/v2\/categories?post=38910"},{"taxonomy":"post_tag","embeddable":true,"href":"https:\/\/eldigitaldeasturias.com\/magazine365\/wp-json\/wp\/v2\/tags?post=38910"}],"curies":[{"name":"wp","href":"https:\/\/api.w.org\/{rel}","templated":true}]}}