{"id":38904,"date":"2015-06-06T03:25:14","date_gmt":"2015-06-06T01:55:14","guid":{"rendered":"http:\/\/eldigitaldeasturias.com\/magazine365\/?p=38904"},"modified":"2015-06-06T03:25:14","modified_gmt":"2015-06-06T01:55:14","slug":"la-casa-batllo-de-barcelona-estrena-el-terrat-del-drac","status":"publish","type":"post","link":"https:\/\/eldigitaldeasturias.com\/magazine365\/la-casa-batllo-de-barcelona-estrena-el-terrat-del-drac\/","title":{"rendered":"La Casa Batll\u00f3 de Barcelona estrena el Terrat del Drac"},"content":{"rendered":"<p><img fetchpriority=\"high\" decoding=\"async\" class=\"alignleft size-medium wp-image-38905\" src=\"https:\/\/eldigitaldeasturias.com\/magazine365\/wp-content\/uploads\/2015\/06\/fotonoticia_20150605095415_800-360x240.jpg\" alt=\"fotonoticia_20150605095415_800\" width=\"360\" height=\"240\" srcset=\"https:\/\/eldigitaldeasturias.com\/magazine365\/wp-content\/uploads\/2015\/06\/fotonoticia_20150605095415_800-360x240.jpg 360w, https:\/\/eldigitaldeasturias.com\/magazine365\/wp-content\/uploads\/2015\/06\/fotonoticia_20150605095415_800-650x433.jpg 650w, https:\/\/eldigitaldeasturias.com\/magazine365\/wp-content\/uploads\/2015\/06\/fotonoticia_20150605095415_800-768x512.jpg 768w, https:\/\/eldigitaldeasturias.com\/magazine365\/wp-content\/uploads\/2015\/06\/fotonoticia_20150605095415_800-150x100.jpg 150w, https:\/\/eldigitaldeasturias.com\/magazine365\/wp-content\/uploads\/2015\/06\/fotonoticia_20150605095415_800-450x300.jpg 450w, https:\/\/eldigitaldeasturias.com\/magazine365\/wp-content\/uploads\/2015\/06\/fotonoticia_20150605095415_800-696x464.jpg 696w, https:\/\/eldigitaldeasturias.com\/magazine365\/wp-content\/uploads\/2015\/06\/fotonoticia_20150605095415_800-630x420.jpg 630w, https:\/\/eldigitaldeasturias.com\/magazine365\/wp-content\/uploads\/2015\/06\/fotonoticia_20150605095415_800-84x55.jpg 84w, https:\/\/eldigitaldeasturias.com\/magazine365\/wp-content\/uploads\/2015\/06\/fotonoticia_20150605095415_800.jpg 800w\" sizes=\"(max-width: 360px) 100vw, 360px\" \/>La Casa Batll\u00f3 de Barcelona llegar\u00e1 a la quinta edici\u00f3n de sus Noches M\u00e1gicas que, por primera y \u00fanica vez, se celebrar\u00e1n en el Terrat del Drac con visitas guiadas a la casa proyectada por Antoni Gaud\u00ed, m\u00fasica en directo y oferta gastron\u00f3mica, seg\u00fan ha informado el recinto en un comunicado.<\/p>\n<p>Desde este viernes y hasta el 26 de septiembre, cada semana de mi\u00e9rcoles a s\u00e1bado se podr\u00e1 realizar la visita combinada que incluye el tour por la casa con la nueva videogu\u00eda, que permite conocer todos los rincones en realidad aumentada y visualizarlo virtualmente con el mobiliario original de la familia Batll\u00f3.<\/p>\n<p>La casa ofrecer\u00e1 sus actividades nocturnas invitando a descubrir la belleza arquitect\u00f3nica de Gaud\u00ed en un entorno relajado con actuaciones musicales en directo de la mano de Carmen Porcar (blues, soul y jazz), Marga Mbande (jazz y fusi\u00f3n), Gigi MacFarlane (soul), Antoni Carbonell y Quino B\u00e9jar Garc\u00eda (rumba) y Sergi Vicente (guitarra espa\u00f1ola).<\/p>\n<p>La experiencia incluye una copa de bienvenida y una degustaci\u00f3n gastron\u00f3mica a base de embutidos y quesos &#8211;queso al vino tinto, queso al piment\u00f3n, jam\u00f3n de bellota y platos de sobrasada o s\u00e9samo entre otros&#8211;.<\/p>\n<p>La Casa Batll\u00f3 ha sido galardonada como Monumento Hist\u00f3rico Nacional (1969), Bien de Inter\u00e9s Cultural por la Generalitat de Catalunya (1987), Premio Europa Nostra por la conservaci\u00f3n del Patrimonio (2000), Patrimonio Mundial de la Humanidad por la UNESCO (2005), Premio IBOCC, Bureau Internacional de Capitales Culturales (2008) y recibe 800.000 visitas anuales.<\/p>\n","protected":false},"excerpt":{"rendered":"<p>La Casa Batll\u00f3 de Barcelona llegar\u00e1 a la quinta edici\u00f3n de sus Noches M\u00e1gicas que, por primera y \u00fanica vez, se celebrar\u00e1n en el Terrat del Drac con visitas guiadas a la casa proyectada por Antoni Gaud\u00ed, m\u00fasica en directo y oferta gastron\u00f3mica, seg\u00fan ha informado el recinto en un comunicado. Desde este viernes y<\/p>\n","protected":false},"author":1,"featured_media":38905,"comment_status":"open","ping_status":"closed","sticky":false,"template":"","format":"standard","meta":{"footnotes":""},"categories":[224],"tags":[],"class_list":{"0":"post-38904","1":"post","2":"type-post","3":"status-publish","4":"format-standard","5":"has-post-thumbnail","7":"category-noticias-actualidad"},"aioseo_notices":[],"aioseo_head":"\n\t\t<!-- All in One SEO Pro 4.9.6.1 - aioseo.com -->\n\t<meta name=\"description\" content=\"La Casa Batll\u00f3 de Barcelona llegar\u00e1 a la quinta edici\u00f3n de sus Noches M\u00e1gicas que, por primera y \u00fanica vez, se celebrar\u00e1n en el Terrat del Drac con visitas guiadas a la casa proyectada por Antoni Gaud\u00ed, m\u00fasica en directo y oferta gastron\u00f3mica, seg\u00fan ha informado el recinto en un comunicado. Desde este viernes y\" \/>\n\t<meta name=\"robots\" content=\"max-image-preview:large\" \/>\n\t<meta name=\"author\" content=\"admin\"\/>\n\t<meta name=\"google-site-verification\" content=\"UA-38556648-1\" \/>\n\t<meta name=\"keywords\" content=\"noticias y actualidad\" \/>\n\t<link rel=\"canonical\" href=\"https:\/\/eldigitaldeasturias.com\/magazine365\/la-casa-batllo-de-barcelona-estrena-el-terrat-del-drac\/\" \/>\n\t<meta name=\"generator\" content=\"All in One SEO Pro (AIOSEO) 4.9.6.1\" \/>\n\t\t<meta property=\"og:locale\" content=\"es_ES\" \/>\n\t\t<meta property=\"og:site_name\" content=\"El Digital de Asturias \u2013 Revista de ocio, turismo y estilo de vida\" \/>\n\t\t<meta property=\"og:type\" content=\"article\" \/>\n\t\t<meta property=\"og:title\" content=\"La Casa Batll\u00f3 de Barcelona estrena el Terrat del Drac | El Digital de Asturias\" \/>\n\t\t<meta property=\"og:description\" content=\"La Casa Batll\u00f3 de Barcelona llegar\u00e1 a la quinta edici\u00f3n de sus Noches M\u00e1gicas que, por primera y \u00fanica vez, se celebrar\u00e1n en el Terrat del Drac con visitas guiadas a la casa proyectada por Antoni Gaud\u00ed, m\u00fasica en directo y oferta gastron\u00f3mica, seg\u00fan ha informado el recinto en un comunicado. Desde este viernes y\" \/>\n\t\t<meta property=\"og:url\" content=\"https:\/\/eldigitaldeasturias.com\/magazine365\/la-casa-batllo-de-barcelona-estrena-el-terrat-del-drac\/\" \/>\n\t\t<meta property=\"og:image\" content=\"https:\/\/eldigitaldeasturias.com\/magazine365\/wp-content\/uploads\/2015\/06\/fotonoticia_20150605095415_800.jpg\" \/>\n\t\t<meta property=\"og:image:secure_url\" content=\"https:\/\/eldigitaldeasturias.com\/magazine365\/wp-content\/uploads\/2015\/06\/fotonoticia_20150605095415_800.jpg\" \/>\n\t\t<meta property=\"og:image:width\" content=\"800\" \/>\n\t\t<meta property=\"og:image:height\" content=\"533\" \/>\n\t\t<meta property=\"article:published_time\" content=\"2015-06-06T01:55:14+00:00\" \/>\n\t\t<meta property=\"article:modified_time\" content=\"2015-06-06T01:55:14+00:00\" \/>\n\t\t<meta name=\"twitter:card\" content=\"summary_large_image\" \/>\n\t\t<meta name=\"twitter:title\" content=\"La Casa Batll\u00f3 de Barcelona estrena el Terrat del Drac | El Digital de Asturias\" \/>\n\t\t<meta name=\"twitter:description\" content=\"La Casa Batll\u00f3 de Barcelona llegar\u00e1 a la quinta edici\u00f3n de sus Noches M\u00e1gicas que, por primera y \u00fanica vez, se celebrar\u00e1n en el Terrat del Drac con visitas guiadas a la casa proyectada por Antoni Gaud\u00ed, m\u00fasica en directo y oferta gastron\u00f3mica, seg\u00fan ha informado el recinto en un comunicado. Desde este viernes y\" \/>\n\t\t<meta name=\"twitter:image\" content=\"https:\/\/eldigitaldeasturias.com\/magazine365\/wp-content\/uploads\/2015\/06\/fotonoticia_20150605095415_800.jpg\" \/>\n\t\t<script type=\"application\/ld+json\" class=\"aioseo-schema\">\n\t\t\t{\"@context\":\"https:\\\/\\\/schema.org\",\"@graph\":[{\"@type\":\"Article\",\"@id\":\"https:\\\/\\\/eldigitaldeasturias.com\\\/magazine365\\\/la-casa-batllo-de-barcelona-estrena-el-terrat-del-drac\\\/#article\",\"name\":\"La Casa Batll\\u00f3 de Barcelona estrena el Terrat del Drac | El Digital de Asturias\",\"headline\":\"La Casa Batll\\u00f3 de Barcelona estrena el Terrat del Drac\",\"author\":{\"@id\":\"https:\\\/\\\/eldigitaldeasturias.com\\\/magazine365\\\/author\\\/admin\\\/#author\"},\"publisher\":{\"@id\":\"https:\\\/\\\/eldigitaldeasturias.com\\\/magazine365\\\/#organization\"},\"image\":{\"@type\":\"ImageObject\",\"url\":\"https:\\\/\\\/eldigitaldeasturias.com\\\/magazine365\\\/wp-content\\\/uploads\\\/2015\\\/06\\\/fotonoticia_20150605095415_800.jpg\",\"width\":800,\"height\":533},\"datePublished\":\"2015-06-06T03:25:14+02:00\",\"dateModified\":\"2015-06-06T03:25:14+02:00\",\"inLanguage\":\"es-ES\",\"mainEntityOfPage\":{\"@id\":\"https:\\\/\\\/eldigitaldeasturias.com\\\/magazine365\\\/la-casa-batllo-de-barcelona-estrena-el-terrat-del-drac\\\/#webpage\"},\"isPartOf\":{\"@id\":\"https:\\\/\\\/eldigitaldeasturias.com\\\/magazine365\\\/la-casa-batllo-de-barcelona-estrena-el-terrat-del-drac\\\/#webpage\"},\"articleSection\":\"Noticias y Actualidad\"},{\"@type\":\"BreadcrumbList\",\"@id\":\"https:\\\/\\\/eldigitaldeasturias.com\\\/magazine365\\\/la-casa-batllo-de-barcelona-estrena-el-terrat-del-drac\\\/#breadcrumblist\",\"itemListElement\":[{\"@type\":\"ListItem\",\"@id\":\"https:\\\/\\\/eldigitaldeasturias.com\\\/magazine365#listItem\",\"position\":1,\"name\":\"Home\",\"item\":\"https:\\\/\\\/eldigitaldeasturias.com\\\/magazine365\",\"nextItem\":{\"@type\":\"ListItem\",\"@id\":\"https:\\\/\\\/eldigitaldeasturias.com\\\/magazine365\\\/category\\\/noticias-actualidad\\\/#listItem\",\"name\":\"Noticias y Actualidad\"}},{\"@type\":\"ListItem\",\"@id\":\"https:\\\/\\\/eldigitaldeasturias.com\\\/magazine365\\\/category\\\/noticias-actualidad\\\/#listItem\",\"position\":2,\"name\":\"Noticias y Actualidad\",\"item\":\"https:\\\/\\\/eldigitaldeasturias.com\\\/magazine365\\\/category\\\/noticias-actualidad\\\/\",\"nextItem\":{\"@type\":\"ListItem\",\"@id\":\"https:\\\/\\\/eldigitaldeasturias.com\\\/magazine365\\\/la-casa-batllo-de-barcelona-estrena-el-terrat-del-drac\\\/#listItem\",\"name\":\"La Casa Batll\\u00f3 de Barcelona estrena el Terrat del Drac\"},\"previousItem\":{\"@type\":\"ListItem\",\"@id\":\"https:\\\/\\\/eldigitaldeasturias.com\\\/magazine365#listItem\",\"name\":\"Home\"}},{\"@type\":\"ListItem\",\"@id\":\"https:\\\/\\\/eldigitaldeasturias.com\\\/magazine365\\\/la-casa-batllo-de-barcelona-estrena-el-terrat-del-drac\\\/#listItem\",\"position\":3,\"name\":\"La Casa Batll\\u00f3 de Barcelona estrena el Terrat del Drac\",\"previousItem\":{\"@type\":\"ListItem\",\"@id\":\"https:\\\/\\\/eldigitaldeasturias.com\\\/magazine365\\\/category\\\/noticias-actualidad\\\/#listItem\",\"name\":\"Noticias y Actualidad\"}}]},{\"@type\":\"Organization\",\"@id\":\"https:\\\/\\\/eldigitaldeasturias.com\\\/magazine365\\\/#organization\",\"name\":\"El digital de Asturias\",\"description\":\"Revista de ocio, turismo y estilo de vida\",\"url\":\"https:\\\/\\\/eldigitaldeasturias.com\\\/magazine365\\\/\",\"logo\":{\"@type\":\"ImageObject\",\"url\":\"https:\\\/\\\/www.eldigitaldeasturias.com\\\/noticias\\\/wp-content\\\/uploads\\\/2020\\\/12\\\/EDA.jpg\",\"@id\":\"https:\\\/\\\/eldigitaldeasturias.com\\\/magazine365\\\/la-casa-batllo-de-barcelona-estrena-el-terrat-del-drac\\\/#organizationLogo\"},\"image\":{\"@id\":\"https:\\\/\\\/eldigitaldeasturias.com\\\/magazine365\\\/la-casa-batllo-de-barcelona-estrena-el-terrat-del-drac\\\/#organizationLogo\"}},{\"@type\":\"Person\",\"@id\":\"https:\\\/\\\/eldigitaldeasturias.com\\\/magazine365\\\/author\\\/admin\\\/#author\",\"url\":\"https:\\\/\\\/eldigitaldeasturias.com\\\/magazine365\\\/author\\\/admin\\\/\",\"name\":\"admin\",\"image\":{\"@type\":\"ImageObject\",\"@id\":\"https:\\\/\\\/eldigitaldeasturias.com\\\/magazine365\\\/la-casa-batllo-de-barcelona-estrena-el-terrat-del-drac\\\/#authorImage\",\"url\":\"https:\\\/\\\/eldigitaldeasturias.com\\\/magazine365\\\/wp-content\\\/litespeed\\\/avatar\\\/e571bcf59a0edd6fa6838245a470f2fe.jpg?ver=1776969259\",\"width\":96,\"height\":96,\"caption\":\"admin\"}},{\"@type\":\"WebPage\",\"@id\":\"https:\\\/\\\/eldigitaldeasturias.com\\\/magazine365\\\/la-casa-batllo-de-barcelona-estrena-el-terrat-del-drac\\\/#webpage\",\"url\":\"https:\\\/\\\/eldigitaldeasturias.com\\\/magazine365\\\/la-casa-batllo-de-barcelona-estrena-el-terrat-del-drac\\\/\",\"name\":\"La Casa Batll\\u00f3 de Barcelona estrena el Terrat del Drac | El Digital de Asturias\",\"description\":\"La Casa Batll\\u00f3 de Barcelona llegar\\u00e1 a la quinta edici\\u00f3n de sus Noches M\\u00e1gicas que, por primera y \\u00fanica vez, se celebrar\\u00e1n en el Terrat del Drac con visitas guiadas a la casa proyectada por Antoni Gaud\\u00ed, m\\u00fasica en directo y oferta gastron\\u00f3mica, seg\\u00fan ha informado el recinto en un comunicado. Desde este viernes y\",\"inLanguage\":\"es-ES\",\"isPartOf\":{\"@id\":\"https:\\\/\\\/eldigitaldeasturias.com\\\/magazine365\\\/#website\"},\"breadcrumb\":{\"@id\":\"https:\\\/\\\/eldigitaldeasturias.com\\\/magazine365\\\/la-casa-batllo-de-barcelona-estrena-el-terrat-del-drac\\\/#breadcrumblist\"},\"author\":{\"@id\":\"https:\\\/\\\/eldigitaldeasturias.com\\\/magazine365\\\/author\\\/admin\\\/#author\"},\"creator\":{\"@id\":\"https:\\\/\\\/eldigitaldeasturias.com\\\/magazine365\\\/author\\\/admin\\\/#author\"},\"image\":{\"@type\":\"ImageObject\",\"url\":\"https:\\\/\\\/eldigitaldeasturias.com\\\/magazine365\\\/wp-content\\\/uploads\\\/2015\\\/06\\\/fotonoticia_20150605095415_800.jpg\",\"@id\":\"https:\\\/\\\/eldigitaldeasturias.com\\\/magazine365\\\/la-casa-batllo-de-barcelona-estrena-el-terrat-del-drac\\\/#mainImage\",\"width\":800,\"height\":533},\"primaryImageOfPage\":{\"@id\":\"https:\\\/\\\/eldigitaldeasturias.com\\\/magazine365\\\/la-casa-batllo-de-barcelona-estrena-el-terrat-del-drac\\\/#mainImage\"},\"datePublished\":\"2015-06-06T03:25:14+02:00\",\"dateModified\":\"2015-06-06T03:25:14+02:00\"},{\"@type\":\"WebSite\",\"@id\":\"https:\\\/\\\/eldigitaldeasturias.com\\\/magazine365\\\/#website\",\"url\":\"https:\\\/\\\/eldigitaldeasturias.com\\\/magazine365\\\/\",\"name\":\"El Digital de Asturias\",\"description\":\"Revista de ocio, turismo y estilo de vida\",\"inLanguage\":\"es-ES\",\"publisher\":{\"@id\":\"https:\\\/\\\/eldigitaldeasturias.com\\\/magazine365\\\/#organization\"}}]}\n\t\t<\/script>\n\t\t<!-- All in One SEO Pro -->\r\n\t\t<title>La Casa Batll\u00f3 de Barcelona estrena el Terrat del Drac | El Digital de Asturias<\/title>\n\n","aioseo_head_json":{"title":"La Casa Batll\u00f3 de Barcelona estrena el Terrat del Drac | El Digital de Asturias","description":"La Casa Batll\u00f3 de Barcelona llegar\u00e1 a la quinta edici\u00f3n de sus Noches M\u00e1gicas que, por primera y \u00fanica vez, se celebrar\u00e1n en el Terrat del Drac con visitas guiadas a la casa proyectada por Antoni Gaud\u00ed, m\u00fasica en directo y oferta gastron\u00f3mica, seg\u00fan ha informado el recinto en un comunicado. Desde este viernes y","canonical_url":"https:\/\/eldigitaldeasturias.com\/magazine365\/la-casa-batllo-de-barcelona-estrena-el-terrat-del-drac\/","robots":"max-image-preview:large","keywords":"noticias y actualidad","webmasterTools":{"google-site-verification":"UA-38556648-1","miscellaneous":""},"schema":{"@context":"https:\/\/schema.org","@graph":[{"@type":"Article","@id":"https:\/\/eldigitaldeasturias.com\/magazine365\/la-casa-batllo-de-barcelona-estrena-el-terrat-del-drac\/#article","name":"La Casa Batll\u00f3 de Barcelona estrena el Terrat del Drac | El Digital de Asturias","headline":"La Casa Batll\u00f3 de Barcelona estrena el Terrat del Drac","author":{"@id":"https:\/\/eldigitaldeasturias.com\/magazine365\/author\/admin\/#author"},"publisher":{"@id":"https:\/\/eldigitaldeasturias.com\/magazine365\/#organization"},"image":{"@type":"ImageObject","url":"https:\/\/eldigitaldeasturias.com\/magazine365\/wp-content\/uploads\/2015\/06\/fotonoticia_20150605095415_800.jpg","width":800,"height":533},"datePublished":"2015-06-06T03:25:14+02:00","dateModified":"2015-06-06T03:25:14+02:00","inLanguage":"es-ES","mainEntityOfPage":{"@id":"https:\/\/eldigitaldeasturias.com\/magazine365\/la-casa-batllo-de-barcelona-estrena-el-terrat-del-drac\/#webpage"},"isPartOf":{"@id":"https:\/\/eldigitaldeasturias.com\/magazine365\/la-casa-batllo-de-barcelona-estrena-el-terrat-del-drac\/#webpage"},"articleSection":"Noticias y Actualidad"},{"@type":"BreadcrumbList","@id":"https:\/\/eldigitaldeasturias.com\/magazine365\/la-casa-batllo-de-barcelona-estrena-el-terrat-del-drac\/#breadcrumblist","itemListElement":[{"@type":"ListItem","@id":"https:\/\/eldigitaldeasturias.com\/magazine365#listItem","position":1,"name":"Home","item":"https:\/\/eldigitaldeasturias.com\/magazine365","nextItem":{"@type":"ListItem","@id":"https:\/\/eldigitaldeasturias.com\/magazine365\/category\/noticias-actualidad\/#listItem","name":"Noticias y Actualidad"}},{"@type":"ListItem","@id":"https:\/\/eldigitaldeasturias.com\/magazine365\/category\/noticias-actualidad\/#listItem","position":2,"name":"Noticias y Actualidad","item":"https:\/\/eldigitaldeasturias.com\/magazine365\/category\/noticias-actualidad\/","nextItem":{"@type":"ListItem","@id":"https:\/\/eldigitaldeasturias.com\/magazine365\/la-casa-batllo-de-barcelona-estrena-el-terrat-del-drac\/#listItem","name":"La Casa Batll\u00f3 de Barcelona estrena el Terrat del Drac"},"previousItem":{"@type":"ListItem","@id":"https:\/\/eldigitaldeasturias.com\/magazine365#listItem","name":"Home"}},{"@type":"ListItem","@id":"https:\/\/eldigitaldeasturias.com\/magazine365\/la-casa-batllo-de-barcelona-estrena-el-terrat-del-drac\/#listItem","position":3,"name":"La Casa Batll\u00f3 de Barcelona estrena el Terrat del Drac","previousItem":{"@type":"ListItem","@id":"https:\/\/eldigitaldeasturias.com\/magazine365\/category\/noticias-actualidad\/#listItem","name":"Noticias y Actualidad"}}]},{"@type":"Organization","@id":"https:\/\/eldigitaldeasturias.com\/magazine365\/#organization","name":"El digital de Asturias","description":"Revista de ocio, turismo y estilo de vida","url":"https:\/\/eldigitaldeasturias.com\/magazine365\/","logo":{"@type":"ImageObject","url":"https:\/\/www.eldigitaldeasturias.com\/noticias\/wp-content\/uploads\/2020\/12\/EDA.jpg","@id":"https:\/\/eldigitaldeasturias.com\/magazine365\/la-casa-batllo-de-barcelona-estrena-el-terrat-del-drac\/#organizationLogo"},"image":{"@id":"https:\/\/eldigitaldeasturias.com\/magazine365\/la-casa-batllo-de-barcelona-estrena-el-terrat-del-drac\/#organizationLogo"}},{"@type":"Person","@id":"https:\/\/eldigitaldeasturias.com\/magazine365\/author\/admin\/#author","url":"https:\/\/eldigitaldeasturias.com\/magazine365\/author\/admin\/","name":"admin","image":{"@type":"ImageObject","@id":"https:\/\/eldigitaldeasturias.com\/magazine365\/la-casa-batllo-de-barcelona-estrena-el-terrat-del-drac\/#authorImage","url":"https:\/\/eldigitaldeasturias.com\/magazine365\/wp-content\/litespeed\/avatar\/e571bcf59a0edd6fa6838245a470f2fe.jpg?ver=1776969259","width":96,"height":96,"caption":"admin"}},{"@type":"WebPage","@id":"https:\/\/eldigitaldeasturias.com\/magazine365\/la-casa-batllo-de-barcelona-estrena-el-terrat-del-drac\/#webpage","url":"https:\/\/eldigitaldeasturias.com\/magazine365\/la-casa-batllo-de-barcelona-estrena-el-terrat-del-drac\/","name":"La Casa Batll\u00f3 de Barcelona estrena el Terrat del Drac | El Digital de Asturias","description":"La Casa Batll\u00f3 de Barcelona llegar\u00e1 a la quinta edici\u00f3n de sus Noches M\u00e1gicas que, por primera y \u00fanica vez, se celebrar\u00e1n en el Terrat del Drac con visitas guiadas a la casa proyectada por Antoni Gaud\u00ed, m\u00fasica en directo y oferta gastron\u00f3mica, seg\u00fan ha informado el recinto en un comunicado. Desde este viernes y","inLanguage":"es-ES","isPartOf":{"@id":"https:\/\/eldigitaldeasturias.com\/magazine365\/#website"},"breadcrumb":{"@id":"https:\/\/eldigitaldeasturias.com\/magazine365\/la-casa-batllo-de-barcelona-estrena-el-terrat-del-drac\/#breadcrumblist"},"author":{"@id":"https:\/\/eldigitaldeasturias.com\/magazine365\/author\/admin\/#author"},"creator":{"@id":"https:\/\/eldigitaldeasturias.com\/magazine365\/author\/admin\/#author"},"image":{"@type":"ImageObject","url":"https:\/\/eldigitaldeasturias.com\/magazine365\/wp-content\/uploads\/2015\/06\/fotonoticia_20150605095415_800.jpg","@id":"https:\/\/eldigitaldeasturias.com\/magazine365\/la-casa-batllo-de-barcelona-estrena-el-terrat-del-drac\/#mainImage","width":800,"height":533},"primaryImageOfPage":{"@id":"https:\/\/eldigitaldeasturias.com\/magazine365\/la-casa-batllo-de-barcelona-estrena-el-terrat-del-drac\/#mainImage"},"datePublished":"2015-06-06T03:25:14+02:00","dateModified":"2015-06-06T03:25:14+02:00"},{"@type":"WebSite","@id":"https:\/\/eldigitaldeasturias.com\/magazine365\/#website","url":"https:\/\/eldigitaldeasturias.com\/magazine365\/","name":"El Digital de Asturias","description":"Revista de ocio, turismo y estilo de vida","inLanguage":"es-ES","publisher":{"@id":"https:\/\/eldigitaldeasturias.com\/magazine365\/#organization"}}]},"og:locale":"es_ES","og:site_name":"El Digital de Asturias \u2013 Revista de ocio, turismo y estilo de vida","og:type":"article","og:title":"La Casa Batll\u00f3 de Barcelona estrena el Terrat del Drac | El Digital de Asturias","og:description":"La Casa Batll\u00f3 de Barcelona llegar\u00e1 a la quinta edici\u00f3n de sus Noches M\u00e1gicas que, por primera y \u00fanica vez, se celebrar\u00e1n en el Terrat del Drac con visitas guiadas a la casa proyectada por Antoni Gaud\u00ed, m\u00fasica en directo y oferta gastron\u00f3mica, seg\u00fan ha informado el recinto en un comunicado. Desde este viernes y","og:url":"https:\/\/eldigitaldeasturias.com\/magazine365\/la-casa-batllo-de-barcelona-estrena-el-terrat-del-drac\/","og:image":"https:\/\/eldigitaldeasturias.com\/magazine365\/wp-content\/uploads\/2015\/06\/fotonoticia_20150605095415_800.jpg","og:image:secure_url":"https:\/\/eldigitaldeasturias.com\/magazine365\/wp-content\/uploads\/2015\/06\/fotonoticia_20150605095415_800.jpg","og:image:width":800,"og:image:height":533,"article:published_time":"2015-06-06T01:55:14+00:00","article:modified_time":"2015-06-06T01:55:14+00:00","twitter:card":"summary_large_image","twitter:title":"La Casa Batll\u00f3 de Barcelona estrena el Terrat del Drac | El Digital de Asturias","twitter:description":"La Casa Batll\u00f3 de Barcelona llegar\u00e1 a la quinta edici\u00f3n de sus Noches M\u00e1gicas que, por primera y \u00fanica vez, se celebrar\u00e1n en el Terrat del Drac con visitas guiadas a la casa proyectada por Antoni Gaud\u00ed, m\u00fasica en directo y oferta gastron\u00f3mica, seg\u00fan ha informado el recinto en un comunicado. Desde este viernes y","twitter:image":"https:\/\/eldigitaldeasturias.com\/magazine365\/wp-content\/uploads\/2015\/06\/fotonoticia_20150605095415_800.jpg"},"aioseo_meta_data":{"post_id":"38904","title":null,"description":null,"keywords":null,"keyphrases":null,"primary_term":null,"canonical_url":null,"og_title":null,"og_description":null,"og_object_type":"default","og_image_type":"default","og_image_url":null,"og_image_width":null,"og_image_height":null,"og_image_custom_url":null,"og_image_custom_fields":null,"og_video":null,"og_custom_url":null,"og_article_section":null,"og_article_tags":null,"twitter_use_og":false,"twitter_card":"default","twitter_image_type":"default","twitter_image_url":null,"twitter_image_custom_url":null,"twitter_image_custom_fields":null,"twitter_title":null,"twitter_description":null,"schema":{"blockGraphs":[],"customGraphs":[],"default":{"data":{"Article":[],"Course":[],"Dataset":[],"FAQPage":[],"Movie":[],"Person":[],"Product":[],"ProductReview":[],"Car":[],"Recipe":[],"Service":[],"SoftwareApplication":[],"WebPage":[]},"graphName":"","isEnabled":true},"graphs":[],"defaultGraph":"","defaultPostTypeGraph":""},"schema_type":null,"schema_type_options":null,"pillar_content":false,"robots_default":true,"robots_noindex":false,"robots_noarchive":false,"robots_nosnippet":false,"robots_nofollow":false,"robots_noimageindex":false,"robots_noodp":false,"robots_notranslate":false,"robots_max_snippet":null,"robots_max_videopreview":null,"robots_max_imagepreview":"large","priority":null,"frequency":null,"location":null,"local_seo":null,"seo_analyzer_scan_date":"2025-09-19 10:34:04","breadcrumb_settings":null,"limit_modified_date":false,"open_ai":null,"ai":null,"created":"2021-03-09 02:48:12","updated":"2025-09-19 10:34:04"},"aioseo_breadcrumb":"<div class=\"aioseo-breadcrumbs\"><span class=\"aioseo-breadcrumb\">\n\t<a href=\"https:\/\/eldigitaldeasturias.com\/magazine365\" title=\"Home\">Home<\/a>\n<\/span><span class=\"aioseo-breadcrumb-separator\">\u2013<\/span><span class=\"aioseo-breadcrumb\">\n\t<a href=\"https:\/\/eldigitaldeasturias.com\/magazine365\/category\/noticias-actualidad\/\" title=\"Noticias y Actualidad\">Noticias y Actualidad<\/a>\n<\/span><span class=\"aioseo-breadcrumb-separator\">\u2013<\/span><span class=\"aioseo-breadcrumb\">\n\t<a href=\"https:\/\/eldigitaldeasturias.com\/magazine365\/la-casa-batllo-de-barcelona-estrena-el-terrat-del-drac\/\" title=\"La Casa Batll\u00f3 de Barcelona estrena el Terrat del Drac\">La Casa Batll\u00f3 de Barcelona estrena el Terrat del Drac<\/a>\n<\/span><\/div>","aioseo_breadcrumb_json":[{"label":"Home","link":"https:\/\/eldigitaldeasturias.com\/magazine365"},{"label":"Noticias y Actualidad","link":"https:\/\/eldigitaldeasturias.com\/magazine365\/category\/noticias-actualidad\/"},{"label":"La Casa Batll\u00f3 de Barcelona estrena el Terrat del Drac","link":"https:\/\/eldigitaldeasturias.com\/magazine365\/la-casa-batllo-de-barcelona-estrena-el-terrat-del-drac\/"}],"_links":{"self":[{"href":"https:\/\/eldigitaldeasturias.com\/magazine365\/wp-json\/wp\/v2\/posts\/38904","targetHints":{"allow":["GET"]}}],"collection":[{"href":"https:\/\/eldigitaldeasturias.com\/magazine365\/wp-json\/wp\/v2\/posts"}],"about":[{"href":"https:\/\/eldigitaldeasturias.com\/magazine365\/wp-json\/wp\/v2\/types\/post"}],"author":[{"embeddable":true,"href":"https:\/\/eldigitaldeasturias.com\/magazine365\/wp-json\/wp\/v2\/users\/1"}],"replies":[{"embeddable":true,"href":"https:\/\/eldigitaldeasturias.com\/magazine365\/wp-json\/wp\/v2\/comments?post=38904"}],"version-history":[{"count":0,"href":"https:\/\/eldigitaldeasturias.com\/magazine365\/wp-json\/wp\/v2\/posts\/38904\/revisions"}],"wp:featuredmedia":[{"embeddable":true,"href":"https:\/\/eldigitaldeasturias.com\/magazine365\/wp-json\/wp\/v2\/media\/38905"}],"wp:attachment":[{"href":"https:\/\/eldigitaldeasturias.com\/magazine365\/wp-json\/wp\/v2\/media?parent=38904"}],"wp:term":[{"taxonomy":"category","embeddable":true,"href":"https:\/\/eldigitaldeasturias.com\/magazine365\/wp-json\/wp\/v2\/categories?post=38904"},{"taxonomy":"post_tag","embeddable":true,"href":"https:\/\/eldigitaldeasturias.com\/magazine365\/wp-json\/wp\/v2\/tags?post=38904"}],"curies":[{"name":"wp","href":"https:\/\/api.w.org\/{rel}","templated":true}]}}