{"id":38893,"date":"2015-06-06T03:19:55","date_gmt":"2015-06-06T01:49:55","guid":{"rendered":"http:\/\/eldigitaldeasturias.com\/magazine365\/?p=38893"},"modified":"2015-06-06T03:19:55","modified_gmt":"2015-06-06T01:49:55","slug":"la-limpieza-de-la-custodia-del-corpus-christi-de-la-catedral-de-valencia-descubre-piezas-desaparecidas","status":"publish","type":"post","link":"https:\/\/eldigitaldeasturias.com\/magazine365\/la-limpieza-de-la-custodia-del-corpus-christi-de-la-catedral-de-valencia-descubre-piezas-desaparecidas\/","title":{"rendered":"La limpieza de la custodia del Corpus Christi de la Catedral de Valencia descubre piezas desaparecidas"},"content":{"rendered":"<p><img fetchpriority=\"high\" decoding=\"async\" class=\"alignleft size-medium wp-image-38894\" src=\"https:\/\/eldigitaldeasturias.com\/magazine365\/wp-content\/uploads\/2015\/06\/fotonoticia_20150605094622_800-360x241.jpg\" alt=\"fotonoticia_20150605094622_800\" width=\"360\" height=\"241\" srcset=\"https:\/\/eldigitaldeasturias.com\/magazine365\/wp-content\/uploads\/2015\/06\/fotonoticia_20150605094622_800-360x241.jpg 360w, https:\/\/eldigitaldeasturias.com\/magazine365\/wp-content\/uploads\/2015\/06\/fotonoticia_20150605094622_800-650x435.jpg 650w, https:\/\/eldigitaldeasturias.com\/magazine365\/wp-content\/uploads\/2015\/06\/fotonoticia_20150605094622_800-768x514.jpg 768w, https:\/\/eldigitaldeasturias.com\/magazine365\/wp-content\/uploads\/2015\/06\/fotonoticia_20150605094622_800-150x100.jpg 150w, https:\/\/eldigitaldeasturias.com\/magazine365\/wp-content\/uploads\/2015\/06\/fotonoticia_20150605094622_800-450x301.jpg 450w, https:\/\/eldigitaldeasturias.com\/magazine365\/wp-content\/uploads\/2015\/06\/fotonoticia_20150605094622_800-696x465.jpg 696w, https:\/\/eldigitaldeasturias.com\/magazine365\/wp-content\/uploads\/2015\/06\/fotonoticia_20150605094622_800-628x420.jpg 628w, https:\/\/eldigitaldeasturias.com\/magazine365\/wp-content\/uploads\/2015\/06\/fotonoticia_20150605094622_800-84x55.jpg 84w, https:\/\/eldigitaldeasturias.com\/magazine365\/wp-content\/uploads\/2015\/06\/fotonoticia_20150605094622_800.jpg 800w\" sizes=\"(max-width: 360px) 100vw, 360px\" \/>Los trabajos de limpieza de la custodia de la Catedral de Valencia, considerada la m\u00e1s grande del mundo, y que saldr\u00e1 en la procesi\u00f3n del pr\u00f3ximo domingo coincidiendo con la solemnidad del Corpus Christi han permitido descubrir en su interior numerosas piezas desaparecidas, seg\u00fan ha informado el Arzobispado en un comunicado.<\/p>\n<p>Durante todo el mes de mayo y los primeros d\u00edas de junio la custodia ha sido sometida a una profunda limpieza durante por t\u00e9cnicos del IVC+R (Instituto Valenciano de Conservaci\u00f3n y Restauraci\u00f3n de Bienes Culturales), cuya directora, Carmen P\u00e9rez, la ha descrito como \u00abla m\u00e1s importante obra de orfebrer\u00eda del siglo XX en Europa\u00bb.<\/p>\n<p>Entre los hallazgos realizados ahora en la custodia, que fue realizada entre 1940 y 1954 a iniciativa del entonces arzobispo de Valencia, monse\u00f1or Prudencio Melo, figura la primera moneda con la que comenz\u00f3 a construirse, una de cinco duros de plata que fue ofrecida por un empleado del colegio de San Jos\u00e9.<\/p>\n<p>A partir de esa moneda comenz\u00f3 a construirse la custodia con donativos de miles de personas que ofrecieron sus joyas y otros enseres dom\u00e9sticos de plata. Las joyas eran colocadas seg\u00fan su tama\u00f1o mientras que los enseres se fund\u00edan para crear las distintas partes del conjunto, seg\u00fan el presidente de la comisi\u00f3n diocesana de Patrimonio y can\u00f3nico de la Catedral, Jaime Sancho.<\/p>\n<p>Entre otras piezas halladas ahora entre las grietas de la custodia figura una jarra min\u00fascula de medio mil\u00edmetro de tama\u00f1o, pero perfectamente labrada, que hab\u00eda desaparecido de la representaci\u00f3n en plata de la \u00faltima cena que alberga la custodia. La limpieza de ha permitido encontrar en las grietas de la custodia otras piezas que se hab\u00edan ca\u00eddo hacia el interior.<\/p>\n<p>600 KILOS DE PLATA Y 5 DE ORO<\/p>\n<p>La custodia fue realizada entre 1940 y 1954 bajo la direcci\u00f3n del orfebre valenciano Francisco Pajar\u00f3n para reemplazar a la destruida en 1936. Mide 4 metros de altura y 2,2 de anchura, y para realizarla Pajar\u00f3n emple\u00f3 600 kilos de plata, 5 de oro fino y 75 gramos de platino, al igual que centenares de piedras preciosas y miles de perlas, todo ello procedente de donaciones que hicieron miles de valencianos para esta obra.<\/p>\n<p>Tiene 159 im\u00e1genes cinceladas, 44 altorrelieves con escenas b\u00edblicas, 48 escudos en esmalte, 71 campanillas de distintos tama\u00f1os, 11 kil\u00f3metros de soldadura de plata y casi 36.000 tornillos para unir las m\u00e1s de 20.000 piezas.<\/p>\n<p>En la elaboraci\u00f3n de la custodia participaron artistas valencianos como Carmelo Vicent, Vicente Navarro, Ignacio Pinazo, Francisco Marco, Roberto Rubio, Rafael Rubio o Vicente Benedicto, entre otros.<\/p>\n<p>La obra qued\u00f3 terminada en una primera fase para la fiesta del Corpus Christi del a\u00f1o 1945, cuando fue bendecida por monse\u00f1or Prudencia Melo que la bautiz\u00f3 con el sobrenombre de \u00abCustodia de los pobres\u00bb.<\/p>\n","protected":false},"excerpt":{"rendered":"<p>Los trabajos de limpieza de la custodia de la Catedral de Valencia, considerada la m\u00e1s grande del mundo, y que saldr\u00e1 en la procesi\u00f3n del pr\u00f3ximo domingo coincidiendo con la solemnidad del Corpus Christi han permitido descubrir en su interior numerosas piezas desaparecidas, seg\u00fan ha informado el Arzobispado en un comunicado. Durante todo el mes<\/p>\n","protected":false},"author":1,"featured_media":38894,"comment_status":"open","ping_status":"closed","sticky":false,"template":"","format":"standard","meta":{"footnotes":""},"categories":[224],"tags":[],"class_list":{"0":"post-38893","1":"post","2":"type-post","3":"status-publish","4":"format-standard","5":"has-post-thumbnail","7":"category-noticias-actualidad"},"aioseo_notices":[],"aioseo_head":"\n\t\t<!-- All in One SEO Pro 4.9.6.1 - aioseo.com -->\n\t<meta name=\"description\" content=\"Los trabajos de limpieza de la custodia de la Catedral de Valencia, considerada la m\u00e1s grande del mundo, y que saldr\u00e1 en la procesi\u00f3n del pr\u00f3ximo domingo coincidiendo con la solemnidad del Corpus Christi han permitido descubrir en su interior numerosas piezas desaparecidas, seg\u00fan ha informado el Arzobispado en un comunicado. Durante todo el mes\" \/>\n\t<meta name=\"robots\" content=\"max-image-preview:large\" \/>\n\t<meta name=\"author\" content=\"admin\"\/>\n\t<meta name=\"google-site-verification\" content=\"UA-38556648-1\" \/>\n\t<meta name=\"keywords\" content=\"noticias y actualidad\" \/>\n\t<link rel=\"canonical\" href=\"https:\/\/eldigitaldeasturias.com\/magazine365\/la-limpieza-de-la-custodia-del-corpus-christi-de-la-catedral-de-valencia-descubre-piezas-desaparecidas\/\" \/>\n\t<meta name=\"generator\" content=\"All in One SEO Pro (AIOSEO) 4.9.6.1\" \/>\n\t\t<meta property=\"og:locale\" content=\"es_ES\" \/>\n\t\t<meta property=\"og:site_name\" content=\"El Digital de Asturias \u2013 Revista de ocio, turismo y estilo de vida\" \/>\n\t\t<meta property=\"og:type\" content=\"article\" \/>\n\t\t<meta property=\"og:title\" content=\"La limpieza de la custodia del Corpus Christi de la Catedral de Valencia descubre piezas desaparecidas | El Digital de Asturias\" \/>\n\t\t<meta property=\"og:description\" content=\"Los trabajos de limpieza de la custodia de la Catedral de Valencia, considerada la m\u00e1s grande del mundo, y que saldr\u00e1 en la procesi\u00f3n del pr\u00f3ximo domingo coincidiendo con la solemnidad del Corpus Christi han permitido descubrir en su interior numerosas piezas desaparecidas, seg\u00fan ha informado el Arzobispado en un comunicado. Durante todo el mes\" \/>\n\t\t<meta property=\"og:url\" content=\"https:\/\/eldigitaldeasturias.com\/magazine365\/la-limpieza-de-la-custodia-del-corpus-christi-de-la-catedral-de-valencia-descubre-piezas-desaparecidas\/\" \/>\n\t\t<meta property=\"og:image\" content=\"https:\/\/eldigitaldeasturias.com\/magazine365\/wp-content\/uploads\/2015\/06\/fotonoticia_20150605094622_800.jpg\" \/>\n\t\t<meta property=\"og:image:secure_url\" content=\"https:\/\/eldigitaldeasturias.com\/magazine365\/wp-content\/uploads\/2015\/06\/fotonoticia_20150605094622_800.jpg\" \/>\n\t\t<meta property=\"og:image:width\" content=\"800\" \/>\n\t\t<meta property=\"og:image:height\" content=\"535\" \/>\n\t\t<meta property=\"article:published_time\" content=\"2015-06-06T01:49:55+00:00\" \/>\n\t\t<meta property=\"article:modified_time\" content=\"2015-06-06T01:49:55+00:00\" \/>\n\t\t<meta name=\"twitter:card\" content=\"summary_large_image\" \/>\n\t\t<meta name=\"twitter:title\" content=\"La limpieza de la custodia del Corpus Christi de la Catedral de Valencia descubre piezas desaparecidas | El Digital de Asturias\" \/>\n\t\t<meta name=\"twitter:description\" content=\"Los trabajos de limpieza de la custodia de la Catedral de Valencia, considerada la m\u00e1s grande del mundo, y que saldr\u00e1 en la procesi\u00f3n del pr\u00f3ximo domingo coincidiendo con la solemnidad del Corpus Christi han permitido descubrir en su interior numerosas piezas desaparecidas, seg\u00fan ha informado el Arzobispado en un comunicado. Durante todo el mes\" \/>\n\t\t<meta name=\"twitter:image\" content=\"https:\/\/eldigitaldeasturias.com\/magazine365\/wp-content\/uploads\/2015\/06\/fotonoticia_20150605094622_800.jpg\" \/>\n\t\t<script type=\"application\/ld+json\" class=\"aioseo-schema\">\n\t\t\t{\"@context\":\"https:\\\/\\\/schema.org\",\"@graph\":[{\"@type\":\"Article\",\"@id\":\"https:\\\/\\\/eldigitaldeasturias.com\\\/magazine365\\\/la-limpieza-de-la-custodia-del-corpus-christi-de-la-catedral-de-valencia-descubre-piezas-desaparecidas\\\/#article\",\"name\":\"La limpieza de la custodia del Corpus Christi de la Catedral de Valencia descubre piezas desaparecidas | El Digital de Asturias\",\"headline\":\"La limpieza de la custodia del Corpus Christi de la Catedral de Valencia descubre piezas desaparecidas\",\"author\":{\"@id\":\"https:\\\/\\\/eldigitaldeasturias.com\\\/magazine365\\\/author\\\/admin\\\/#author\"},\"publisher\":{\"@id\":\"https:\\\/\\\/eldigitaldeasturias.com\\\/magazine365\\\/#organization\"},\"image\":{\"@type\":\"ImageObject\",\"url\":\"https:\\\/\\\/eldigitaldeasturias.com\\\/magazine365\\\/wp-content\\\/uploads\\\/2015\\\/06\\\/fotonoticia_20150605094622_800.jpg\",\"width\":800,\"height\":535},\"datePublished\":\"2015-06-06T03:19:55+02:00\",\"dateModified\":\"2015-06-06T03:19:55+02:00\",\"inLanguage\":\"es-ES\",\"mainEntityOfPage\":{\"@id\":\"https:\\\/\\\/eldigitaldeasturias.com\\\/magazine365\\\/la-limpieza-de-la-custodia-del-corpus-christi-de-la-catedral-de-valencia-descubre-piezas-desaparecidas\\\/#webpage\"},\"isPartOf\":{\"@id\":\"https:\\\/\\\/eldigitaldeasturias.com\\\/magazine365\\\/la-limpieza-de-la-custodia-del-corpus-christi-de-la-catedral-de-valencia-descubre-piezas-desaparecidas\\\/#webpage\"},\"articleSection\":\"Noticias y Actualidad\"},{\"@type\":\"BreadcrumbList\",\"@id\":\"https:\\\/\\\/eldigitaldeasturias.com\\\/magazine365\\\/la-limpieza-de-la-custodia-del-corpus-christi-de-la-catedral-de-valencia-descubre-piezas-desaparecidas\\\/#breadcrumblist\",\"itemListElement\":[{\"@type\":\"ListItem\",\"@id\":\"https:\\\/\\\/eldigitaldeasturias.com\\\/magazine365#listItem\",\"position\":1,\"name\":\"Home\",\"item\":\"https:\\\/\\\/eldigitaldeasturias.com\\\/magazine365\",\"nextItem\":{\"@type\":\"ListItem\",\"@id\":\"https:\\\/\\\/eldigitaldeasturias.com\\\/magazine365\\\/category\\\/noticias-actualidad\\\/#listItem\",\"name\":\"Noticias y Actualidad\"}},{\"@type\":\"ListItem\",\"@id\":\"https:\\\/\\\/eldigitaldeasturias.com\\\/magazine365\\\/category\\\/noticias-actualidad\\\/#listItem\",\"position\":2,\"name\":\"Noticias y Actualidad\",\"item\":\"https:\\\/\\\/eldigitaldeasturias.com\\\/magazine365\\\/category\\\/noticias-actualidad\\\/\",\"nextItem\":{\"@type\":\"ListItem\",\"@id\":\"https:\\\/\\\/eldigitaldeasturias.com\\\/magazine365\\\/la-limpieza-de-la-custodia-del-corpus-christi-de-la-catedral-de-valencia-descubre-piezas-desaparecidas\\\/#listItem\",\"name\":\"La limpieza de la custodia del Corpus Christi de la Catedral de Valencia descubre piezas desaparecidas\"},\"previousItem\":{\"@type\":\"ListItem\",\"@id\":\"https:\\\/\\\/eldigitaldeasturias.com\\\/magazine365#listItem\",\"name\":\"Home\"}},{\"@type\":\"ListItem\",\"@id\":\"https:\\\/\\\/eldigitaldeasturias.com\\\/magazine365\\\/la-limpieza-de-la-custodia-del-corpus-christi-de-la-catedral-de-valencia-descubre-piezas-desaparecidas\\\/#listItem\",\"position\":3,\"name\":\"La limpieza de la custodia del Corpus Christi de la Catedral de Valencia descubre piezas desaparecidas\",\"previousItem\":{\"@type\":\"ListItem\",\"@id\":\"https:\\\/\\\/eldigitaldeasturias.com\\\/magazine365\\\/category\\\/noticias-actualidad\\\/#listItem\",\"name\":\"Noticias y Actualidad\"}}]},{\"@type\":\"Organization\",\"@id\":\"https:\\\/\\\/eldigitaldeasturias.com\\\/magazine365\\\/#organization\",\"name\":\"El digital de Asturias\",\"description\":\"Revista de ocio, turismo y estilo de vida\",\"url\":\"https:\\\/\\\/eldigitaldeasturias.com\\\/magazine365\\\/\",\"logo\":{\"@type\":\"ImageObject\",\"url\":\"https:\\\/\\\/www.eldigitaldeasturias.com\\\/noticias\\\/wp-content\\\/uploads\\\/2020\\\/12\\\/EDA.jpg\",\"@id\":\"https:\\\/\\\/eldigitaldeasturias.com\\\/magazine365\\\/la-limpieza-de-la-custodia-del-corpus-christi-de-la-catedral-de-valencia-descubre-piezas-desaparecidas\\\/#organizationLogo\"},\"image\":{\"@id\":\"https:\\\/\\\/eldigitaldeasturias.com\\\/magazine365\\\/la-limpieza-de-la-custodia-del-corpus-christi-de-la-catedral-de-valencia-descubre-piezas-desaparecidas\\\/#organizationLogo\"}},{\"@type\":\"Person\",\"@id\":\"https:\\\/\\\/eldigitaldeasturias.com\\\/magazine365\\\/author\\\/admin\\\/#author\",\"url\":\"https:\\\/\\\/eldigitaldeasturias.com\\\/magazine365\\\/author\\\/admin\\\/\",\"name\":\"admin\",\"image\":{\"@type\":\"ImageObject\",\"@id\":\"https:\\\/\\\/eldigitaldeasturias.com\\\/magazine365\\\/la-limpieza-de-la-custodia-del-corpus-christi-de-la-catedral-de-valencia-descubre-piezas-desaparecidas\\\/#authorImage\",\"url\":\"https:\\\/\\\/eldigitaldeasturias.com\\\/magazine365\\\/wp-content\\\/litespeed\\\/avatar\\\/e571bcf59a0edd6fa6838245a470f2fe.jpg?ver=1776969259\",\"width\":96,\"height\":96,\"caption\":\"admin\"}},{\"@type\":\"WebPage\",\"@id\":\"https:\\\/\\\/eldigitaldeasturias.com\\\/magazine365\\\/la-limpieza-de-la-custodia-del-corpus-christi-de-la-catedral-de-valencia-descubre-piezas-desaparecidas\\\/#webpage\",\"url\":\"https:\\\/\\\/eldigitaldeasturias.com\\\/magazine365\\\/la-limpieza-de-la-custodia-del-corpus-christi-de-la-catedral-de-valencia-descubre-piezas-desaparecidas\\\/\",\"name\":\"La limpieza de la custodia del Corpus Christi de la Catedral de Valencia descubre piezas desaparecidas | El Digital de Asturias\",\"description\":\"Los trabajos de limpieza de la custodia de la Catedral de Valencia, considerada la m\\u00e1s grande del mundo, y que saldr\\u00e1 en la procesi\\u00f3n del pr\\u00f3ximo domingo coincidiendo con la solemnidad del Corpus Christi han permitido descubrir en su interior numerosas piezas desaparecidas, seg\\u00fan ha informado el Arzobispado en un comunicado. Durante todo el mes\",\"inLanguage\":\"es-ES\",\"isPartOf\":{\"@id\":\"https:\\\/\\\/eldigitaldeasturias.com\\\/magazine365\\\/#website\"},\"breadcrumb\":{\"@id\":\"https:\\\/\\\/eldigitaldeasturias.com\\\/magazine365\\\/la-limpieza-de-la-custodia-del-corpus-christi-de-la-catedral-de-valencia-descubre-piezas-desaparecidas\\\/#breadcrumblist\"},\"author\":{\"@id\":\"https:\\\/\\\/eldigitaldeasturias.com\\\/magazine365\\\/author\\\/admin\\\/#author\"},\"creator\":{\"@id\":\"https:\\\/\\\/eldigitaldeasturias.com\\\/magazine365\\\/author\\\/admin\\\/#author\"},\"image\":{\"@type\":\"ImageObject\",\"url\":\"https:\\\/\\\/eldigitaldeasturias.com\\\/magazine365\\\/wp-content\\\/uploads\\\/2015\\\/06\\\/fotonoticia_20150605094622_800.jpg\",\"@id\":\"https:\\\/\\\/eldigitaldeasturias.com\\\/magazine365\\\/la-limpieza-de-la-custodia-del-corpus-christi-de-la-catedral-de-valencia-descubre-piezas-desaparecidas\\\/#mainImage\",\"width\":800,\"height\":535},\"primaryImageOfPage\":{\"@id\":\"https:\\\/\\\/eldigitaldeasturias.com\\\/magazine365\\\/la-limpieza-de-la-custodia-del-corpus-christi-de-la-catedral-de-valencia-descubre-piezas-desaparecidas\\\/#mainImage\"},\"datePublished\":\"2015-06-06T03:19:55+02:00\",\"dateModified\":\"2015-06-06T03:19:55+02:00\"},{\"@type\":\"WebSite\",\"@id\":\"https:\\\/\\\/eldigitaldeasturias.com\\\/magazine365\\\/#website\",\"url\":\"https:\\\/\\\/eldigitaldeasturias.com\\\/magazine365\\\/\",\"name\":\"El Digital de Asturias\",\"description\":\"Revista de ocio, turismo y estilo de vida\",\"inLanguage\":\"es-ES\",\"publisher\":{\"@id\":\"https:\\\/\\\/eldigitaldeasturias.com\\\/magazine365\\\/#organization\"}}]}\n\t\t<\/script>\n\t\t<!-- All in One SEO Pro -->\r\n\t\t<title>La limpieza de la custodia del Corpus Christi de la Catedral de Valencia descubre piezas desaparecidas | El Digital de Asturias<\/title>\n\n","aioseo_head_json":{"title":"La limpieza de la custodia del Corpus Christi de la Catedral de Valencia descubre piezas desaparecidas | El Digital de Asturias","description":"Los trabajos de limpieza de la custodia de la Catedral de Valencia, considerada la m\u00e1s grande del mundo, y que saldr\u00e1 en la procesi\u00f3n del pr\u00f3ximo domingo coincidiendo con la solemnidad del Corpus Christi han permitido descubrir en su interior numerosas piezas desaparecidas, seg\u00fan ha informado el Arzobispado en un comunicado. Durante todo el mes","canonical_url":"https:\/\/eldigitaldeasturias.com\/magazine365\/la-limpieza-de-la-custodia-del-corpus-christi-de-la-catedral-de-valencia-descubre-piezas-desaparecidas\/","robots":"max-image-preview:large","keywords":"noticias y actualidad","webmasterTools":{"google-site-verification":"UA-38556648-1","miscellaneous":""},"schema":{"@context":"https:\/\/schema.org","@graph":[{"@type":"Article","@id":"https:\/\/eldigitaldeasturias.com\/magazine365\/la-limpieza-de-la-custodia-del-corpus-christi-de-la-catedral-de-valencia-descubre-piezas-desaparecidas\/#article","name":"La limpieza de la custodia del Corpus Christi de la Catedral de Valencia descubre piezas desaparecidas | El Digital de Asturias","headline":"La limpieza de la custodia del Corpus Christi de la Catedral de Valencia descubre piezas desaparecidas","author":{"@id":"https:\/\/eldigitaldeasturias.com\/magazine365\/author\/admin\/#author"},"publisher":{"@id":"https:\/\/eldigitaldeasturias.com\/magazine365\/#organization"},"image":{"@type":"ImageObject","url":"https:\/\/eldigitaldeasturias.com\/magazine365\/wp-content\/uploads\/2015\/06\/fotonoticia_20150605094622_800.jpg","width":800,"height":535},"datePublished":"2015-06-06T03:19:55+02:00","dateModified":"2015-06-06T03:19:55+02:00","inLanguage":"es-ES","mainEntityOfPage":{"@id":"https:\/\/eldigitaldeasturias.com\/magazine365\/la-limpieza-de-la-custodia-del-corpus-christi-de-la-catedral-de-valencia-descubre-piezas-desaparecidas\/#webpage"},"isPartOf":{"@id":"https:\/\/eldigitaldeasturias.com\/magazine365\/la-limpieza-de-la-custodia-del-corpus-christi-de-la-catedral-de-valencia-descubre-piezas-desaparecidas\/#webpage"},"articleSection":"Noticias y Actualidad"},{"@type":"BreadcrumbList","@id":"https:\/\/eldigitaldeasturias.com\/magazine365\/la-limpieza-de-la-custodia-del-corpus-christi-de-la-catedral-de-valencia-descubre-piezas-desaparecidas\/#breadcrumblist","itemListElement":[{"@type":"ListItem","@id":"https:\/\/eldigitaldeasturias.com\/magazine365#listItem","position":1,"name":"Home","item":"https:\/\/eldigitaldeasturias.com\/magazine365","nextItem":{"@type":"ListItem","@id":"https:\/\/eldigitaldeasturias.com\/magazine365\/category\/noticias-actualidad\/#listItem","name":"Noticias y Actualidad"}},{"@type":"ListItem","@id":"https:\/\/eldigitaldeasturias.com\/magazine365\/category\/noticias-actualidad\/#listItem","position":2,"name":"Noticias y Actualidad","item":"https:\/\/eldigitaldeasturias.com\/magazine365\/category\/noticias-actualidad\/","nextItem":{"@type":"ListItem","@id":"https:\/\/eldigitaldeasturias.com\/magazine365\/la-limpieza-de-la-custodia-del-corpus-christi-de-la-catedral-de-valencia-descubre-piezas-desaparecidas\/#listItem","name":"La limpieza de la custodia del Corpus Christi de la Catedral de Valencia descubre piezas desaparecidas"},"previousItem":{"@type":"ListItem","@id":"https:\/\/eldigitaldeasturias.com\/magazine365#listItem","name":"Home"}},{"@type":"ListItem","@id":"https:\/\/eldigitaldeasturias.com\/magazine365\/la-limpieza-de-la-custodia-del-corpus-christi-de-la-catedral-de-valencia-descubre-piezas-desaparecidas\/#listItem","position":3,"name":"La limpieza de la custodia del Corpus Christi de la Catedral de Valencia descubre piezas desaparecidas","previousItem":{"@type":"ListItem","@id":"https:\/\/eldigitaldeasturias.com\/magazine365\/category\/noticias-actualidad\/#listItem","name":"Noticias y Actualidad"}}]},{"@type":"Organization","@id":"https:\/\/eldigitaldeasturias.com\/magazine365\/#organization","name":"El digital de Asturias","description":"Revista de ocio, turismo y estilo de vida","url":"https:\/\/eldigitaldeasturias.com\/magazine365\/","logo":{"@type":"ImageObject","url":"https:\/\/www.eldigitaldeasturias.com\/noticias\/wp-content\/uploads\/2020\/12\/EDA.jpg","@id":"https:\/\/eldigitaldeasturias.com\/magazine365\/la-limpieza-de-la-custodia-del-corpus-christi-de-la-catedral-de-valencia-descubre-piezas-desaparecidas\/#organizationLogo"},"image":{"@id":"https:\/\/eldigitaldeasturias.com\/magazine365\/la-limpieza-de-la-custodia-del-corpus-christi-de-la-catedral-de-valencia-descubre-piezas-desaparecidas\/#organizationLogo"}},{"@type":"Person","@id":"https:\/\/eldigitaldeasturias.com\/magazine365\/author\/admin\/#author","url":"https:\/\/eldigitaldeasturias.com\/magazine365\/author\/admin\/","name":"admin","image":{"@type":"ImageObject","@id":"https:\/\/eldigitaldeasturias.com\/magazine365\/la-limpieza-de-la-custodia-del-corpus-christi-de-la-catedral-de-valencia-descubre-piezas-desaparecidas\/#authorImage","url":"https:\/\/eldigitaldeasturias.com\/magazine365\/wp-content\/litespeed\/avatar\/e571bcf59a0edd6fa6838245a470f2fe.jpg?ver=1776969259","width":96,"height":96,"caption":"admin"}},{"@type":"WebPage","@id":"https:\/\/eldigitaldeasturias.com\/magazine365\/la-limpieza-de-la-custodia-del-corpus-christi-de-la-catedral-de-valencia-descubre-piezas-desaparecidas\/#webpage","url":"https:\/\/eldigitaldeasturias.com\/magazine365\/la-limpieza-de-la-custodia-del-corpus-christi-de-la-catedral-de-valencia-descubre-piezas-desaparecidas\/","name":"La limpieza de la custodia del Corpus Christi de la Catedral de Valencia descubre piezas desaparecidas | El Digital de Asturias","description":"Los trabajos de limpieza de la custodia de la Catedral de Valencia, considerada la m\u00e1s grande del mundo, y que saldr\u00e1 en la procesi\u00f3n del pr\u00f3ximo domingo coincidiendo con la solemnidad del Corpus Christi han permitido descubrir en su interior numerosas piezas desaparecidas, seg\u00fan ha informado el Arzobispado en un comunicado. Durante todo el mes","inLanguage":"es-ES","isPartOf":{"@id":"https:\/\/eldigitaldeasturias.com\/magazine365\/#website"},"breadcrumb":{"@id":"https:\/\/eldigitaldeasturias.com\/magazine365\/la-limpieza-de-la-custodia-del-corpus-christi-de-la-catedral-de-valencia-descubre-piezas-desaparecidas\/#breadcrumblist"},"author":{"@id":"https:\/\/eldigitaldeasturias.com\/magazine365\/author\/admin\/#author"},"creator":{"@id":"https:\/\/eldigitaldeasturias.com\/magazine365\/author\/admin\/#author"},"image":{"@type":"ImageObject","url":"https:\/\/eldigitaldeasturias.com\/magazine365\/wp-content\/uploads\/2015\/06\/fotonoticia_20150605094622_800.jpg","@id":"https:\/\/eldigitaldeasturias.com\/magazine365\/la-limpieza-de-la-custodia-del-corpus-christi-de-la-catedral-de-valencia-descubre-piezas-desaparecidas\/#mainImage","width":800,"height":535},"primaryImageOfPage":{"@id":"https:\/\/eldigitaldeasturias.com\/magazine365\/la-limpieza-de-la-custodia-del-corpus-christi-de-la-catedral-de-valencia-descubre-piezas-desaparecidas\/#mainImage"},"datePublished":"2015-06-06T03:19:55+02:00","dateModified":"2015-06-06T03:19:55+02:00"},{"@type":"WebSite","@id":"https:\/\/eldigitaldeasturias.com\/magazine365\/#website","url":"https:\/\/eldigitaldeasturias.com\/magazine365\/","name":"El Digital de Asturias","description":"Revista de ocio, turismo y estilo de vida","inLanguage":"es-ES","publisher":{"@id":"https:\/\/eldigitaldeasturias.com\/magazine365\/#organization"}}]},"og:locale":"es_ES","og:site_name":"El Digital de Asturias \u2013 Revista de ocio, turismo y estilo de vida","og:type":"article","og:title":"La limpieza de la custodia del Corpus Christi de la Catedral de Valencia descubre piezas desaparecidas | El Digital de Asturias","og:description":"Los trabajos de limpieza de la custodia de la Catedral de Valencia, considerada la m\u00e1s grande del mundo, y que saldr\u00e1 en la procesi\u00f3n del pr\u00f3ximo domingo coincidiendo con la solemnidad del Corpus Christi han permitido descubrir en su interior numerosas piezas desaparecidas, seg\u00fan ha informado el Arzobispado en un comunicado. Durante todo el mes","og:url":"https:\/\/eldigitaldeasturias.com\/magazine365\/la-limpieza-de-la-custodia-del-corpus-christi-de-la-catedral-de-valencia-descubre-piezas-desaparecidas\/","og:image":"https:\/\/eldigitaldeasturias.com\/magazine365\/wp-content\/uploads\/2015\/06\/fotonoticia_20150605094622_800.jpg","og:image:secure_url":"https:\/\/eldigitaldeasturias.com\/magazine365\/wp-content\/uploads\/2015\/06\/fotonoticia_20150605094622_800.jpg","og:image:width":800,"og:image:height":535,"article:published_time":"2015-06-06T01:49:55+00:00","article:modified_time":"2015-06-06T01:49:55+00:00","twitter:card":"summary_large_image","twitter:title":"La limpieza de la custodia del Corpus Christi de la Catedral de Valencia descubre piezas desaparecidas | El Digital de Asturias","twitter:description":"Los trabajos de limpieza de la custodia de la Catedral de Valencia, considerada la m\u00e1s grande del mundo, y que saldr\u00e1 en la procesi\u00f3n del pr\u00f3ximo domingo coincidiendo con la solemnidad del Corpus Christi han permitido descubrir en su interior numerosas piezas desaparecidas, seg\u00fan ha informado el Arzobispado en un comunicado. Durante todo el mes","twitter:image":"https:\/\/eldigitaldeasturias.com\/magazine365\/wp-content\/uploads\/2015\/06\/fotonoticia_20150605094622_800.jpg"},"aioseo_meta_data":{"post_id":"38893","title":null,"description":null,"keywords":null,"keyphrases":null,"primary_term":null,"canonical_url":null,"og_title":null,"og_description":null,"og_object_type":"default","og_image_type":"default","og_image_url":null,"og_image_width":null,"og_image_height":null,"og_image_custom_url":null,"og_image_custom_fields":null,"og_video":null,"og_custom_url":null,"og_article_section":null,"og_article_tags":null,"twitter_use_og":false,"twitter_card":"default","twitter_image_type":"default","twitter_image_url":null,"twitter_image_custom_url":null,"twitter_image_custom_fields":null,"twitter_title":null,"twitter_description":null,"schema":{"blockGraphs":[],"customGraphs":[],"default":{"data":{"Article":[],"Course":[],"Dataset":[],"FAQPage":[],"Movie":[],"Person":[],"Product":[],"ProductReview":[],"Car":[],"Recipe":[],"Service":[],"SoftwareApplication":[],"WebPage":[]},"graphName":"","isEnabled":true},"graphs":[],"defaultGraph":"","defaultPostTypeGraph":""},"schema_type":null,"schema_type_options":null,"pillar_content":false,"robots_default":true,"robots_noindex":false,"robots_noarchive":false,"robots_nosnippet":false,"robots_nofollow":false,"robots_noimageindex":false,"robots_noodp":false,"robots_notranslate":false,"robots_max_snippet":null,"robots_max_videopreview":null,"robots_max_imagepreview":"large","priority":null,"frequency":null,"location":null,"local_seo":null,"seo_analyzer_scan_date":"2025-09-19 10:32:04","breadcrumb_settings":null,"limit_modified_date":false,"open_ai":null,"ai":null,"created":"2021-03-09 02:48:12","updated":"2025-09-19 10:32:04"},"aioseo_breadcrumb":"<div class=\"aioseo-breadcrumbs\"><span class=\"aioseo-breadcrumb\">\n\t<a href=\"https:\/\/eldigitaldeasturias.com\/magazine365\" title=\"Home\">Home<\/a>\n<\/span><span class=\"aioseo-breadcrumb-separator\">\u2013<\/span><span class=\"aioseo-breadcrumb\">\n\t<a href=\"https:\/\/eldigitaldeasturias.com\/magazine365\/category\/noticias-actualidad\/\" title=\"Noticias y Actualidad\">Noticias y Actualidad<\/a>\n<\/span><span class=\"aioseo-breadcrumb-separator\">\u2013<\/span><span class=\"aioseo-breadcrumb\">\n\t<a href=\"https:\/\/eldigitaldeasturias.com\/magazine365\/la-limpieza-de-la-custodia-del-corpus-christi-de-la-catedral-de-valencia-descubre-piezas-desaparecidas\/\" title=\"La limpieza de la custodia del Corpus Christi de la Catedral de Valencia descubre piezas desaparecidas\">La limpieza de la custodia del Corpus Christi de la Catedral de Valencia descubre piezas desaparecidas<\/a>\n<\/span><\/div>","aioseo_breadcrumb_json":[{"label":"Home","link":"https:\/\/eldigitaldeasturias.com\/magazine365"},{"label":"Noticias y Actualidad","link":"https:\/\/eldigitaldeasturias.com\/magazine365\/category\/noticias-actualidad\/"},{"label":"La limpieza de la custodia del Corpus Christi de la Catedral de Valencia descubre piezas desaparecidas","link":"https:\/\/eldigitaldeasturias.com\/magazine365\/la-limpieza-de-la-custodia-del-corpus-christi-de-la-catedral-de-valencia-descubre-piezas-desaparecidas\/"}],"_links":{"self":[{"href":"https:\/\/eldigitaldeasturias.com\/magazine365\/wp-json\/wp\/v2\/posts\/38893","targetHints":{"allow":["GET"]}}],"collection":[{"href":"https:\/\/eldigitaldeasturias.com\/magazine365\/wp-json\/wp\/v2\/posts"}],"about":[{"href":"https:\/\/eldigitaldeasturias.com\/magazine365\/wp-json\/wp\/v2\/types\/post"}],"author":[{"embeddable":true,"href":"https:\/\/eldigitaldeasturias.com\/magazine365\/wp-json\/wp\/v2\/users\/1"}],"replies":[{"embeddable":true,"href":"https:\/\/eldigitaldeasturias.com\/magazine365\/wp-json\/wp\/v2\/comments?post=38893"}],"version-history":[{"count":0,"href":"https:\/\/eldigitaldeasturias.com\/magazine365\/wp-json\/wp\/v2\/posts\/38893\/revisions"}],"wp:featuredmedia":[{"embeddable":true,"href":"https:\/\/eldigitaldeasturias.com\/magazine365\/wp-json\/wp\/v2\/media\/38894"}],"wp:attachment":[{"href":"https:\/\/eldigitaldeasturias.com\/magazine365\/wp-json\/wp\/v2\/media?parent=38893"}],"wp:term":[{"taxonomy":"category","embeddable":true,"href":"https:\/\/eldigitaldeasturias.com\/magazine365\/wp-json\/wp\/v2\/categories?post=38893"},{"taxonomy":"post_tag","embeddable":true,"href":"https:\/\/eldigitaldeasturias.com\/magazine365\/wp-json\/wp\/v2\/tags?post=38893"}],"curies":[{"name":"wp","href":"https:\/\/api.w.org\/{rel}","templated":true}]}}