{"id":38887,"date":"2015-06-06T03:16:59","date_gmt":"2015-06-06T01:46:59","guid":{"rendered":"http:\/\/eldigitaldeasturias.com\/magazine365\/?p=38887"},"modified":"2015-06-06T03:16:59","modified_gmt":"2015-06-06T01:46:59","slug":"poveda-arcangel-y-estrella-morente-ponen-voz-a-lorca-en-su-117-aniversario","status":"publish","type":"post","link":"https:\/\/eldigitaldeasturias.com\/magazine365\/poveda-arcangel-y-estrella-morente-ponen-voz-a-lorca-en-su-117-aniversario\/","title":{"rendered":"Poveda, Arc\u00e1ngel y Estrella Morente ponen voz a Lorca en su 117 aniversario"},"content":{"rendered":"<p><img fetchpriority=\"high\" decoding=\"async\" class=\"alignleft size-medium wp-image-38888\" src=\"https:\/\/eldigitaldeasturias.com\/magazine365\/wp-content\/uploads\/2015\/06\/fotonoticia_20150605093336_800-360x222.jpg\" alt=\"fotonoticia_20150605093336_800\" width=\"360\" height=\"222\" srcset=\"https:\/\/eldigitaldeasturias.com\/magazine365\/wp-content\/uploads\/2015\/06\/fotonoticia_20150605093336_800-360x222.jpg 360w, https:\/\/eldigitaldeasturias.com\/magazine365\/wp-content\/uploads\/2015\/06\/fotonoticia_20150605093336_800-650x401.jpg 650w, https:\/\/eldigitaldeasturias.com\/magazine365\/wp-content\/uploads\/2015\/06\/fotonoticia_20150605093336_800-768x473.jpg 768w, https:\/\/eldigitaldeasturias.com\/magazine365\/wp-content\/uploads\/2015\/06\/fotonoticia_20150605093336_800-150x92.jpg 150w, https:\/\/eldigitaldeasturias.com\/magazine365\/wp-content\/uploads\/2015\/06\/fotonoticia_20150605093336_800-450x277.jpg 450w, https:\/\/eldigitaldeasturias.com\/magazine365\/wp-content\/uploads\/2015\/06\/fotonoticia_20150605093336_800-356x220.jpg 356w, https:\/\/eldigitaldeasturias.com\/magazine365\/wp-content\/uploads\/2015\/06\/fotonoticia_20150605093336_800-696x429.jpg 696w, https:\/\/eldigitaldeasturias.com\/magazine365\/wp-content\/uploads\/2015\/06\/fotonoticia_20150605093336_800-682x420.jpg 682w, https:\/\/eldigitaldeasturias.com\/magazine365\/wp-content\/uploads\/2015\/06\/fotonoticia_20150605093336_800-279x173.jpg 279w, https:\/\/eldigitaldeasturias.com\/magazine365\/wp-content\/uploads\/2015\/06\/fotonoticia_20150605093336_800.jpg 800w\" sizes=\"(max-width: 360px) 100vw, 360px\" \/>Las voces de Miguel Poveda, Estrella y Sole\u00e1 Morente, Arc\u00e1ngel o Evangelistas, entre otros, homenajean este viernes a Federico Garc\u00eda Lorca en el 117 aniversario de su nacimiento, que se celebra en su pueblo natal, Fuente Vaqueros (Granada).<\/p>\n<p>El concierto, en el que participar\u00e1n tambi\u00e9n Napole\u00f3n Solo, Joaqu\u00edn Araujo y Jos\u00e9 Enrique Morente, tendr\u00e1 lugar a las 22,30 horas, con entrada gratuita, en el Paseo del Prado de Fuente Vaqueros, y tendr\u00e1 el nombre de &#8216;La Vega para Lorca&#8217;, ya que reivindicar\u00e1 tanto al poeta como la defensa de la Vega de Granada.<\/p>\n<p>Por otro lado, una exposici\u00f3n, a modo de \u00abalegor\u00eda\u00bb del estreno de &#8216;Do\u00f1a Rosita la soltera o el lenguaje de las flores&#8217;, que se subi\u00f3 por primera vez a los escenarios del 13 de diciembre de 1935 con el Principal Palace de Barcelona, con la compa\u00f1\u00eda de Margarita Xirgu, centra tambi\u00e9n este viernes los actos programados para el llamado &#8216;5 a las 5&#8217;, que organiza el Patronato Cultural Federico Garc\u00eda Lorca de la Diputaci\u00f3n de Granada, con la colaboraci\u00f3n del Ayuntamiento del pueblo natal del poeta, Fuente Vaqueros.<\/p>\n<p>La muestra, que recuerda as\u00ed el 80 aniversario del estreno, se inaugura en el Museo Casa Natal, en Fuente Vaqueros. Con el nombre de &#8216;Rosa mutabile&#8217;, recrea el espacio dram\u00e1tico de Do\u00f1a Rosita: su \u00edntimo mundo juvenil, donde los sue\u00f1os y la fantas\u00eda primera se topar\u00e1n con las promesas incumplidas, con muebles de la \u00e9poca de la ciudad provincial del novecientos y con manuscritos del propio Garc\u00eda Lorca que forman parte del patrimonio de la casa-museo.<\/p>\n<p>&#8216;5 A LAS CINCO&#8217;<\/p>\n<p>Los actos del &#8216;5 a las cinco&#8217; han comenzado hace unos d\u00edas, con la presentaci\u00f3n el pasado s\u00e1bado del libro &#8216;Federico Garc\u00eda Lorca. Manifiestos, adhesiones y homenajes (1916-1936) de Rafael Inglada, en un acto con el hispanista Ian Gibson, autor del pr\u00f3logo.<\/p>\n<p>Se trata de una recopilaci\u00f3n de todos los manifiestos y reivindicaciones en las que particip\u00f3 el autor de Yerma, una de las cuales se ha editado como facs\u00edmil para repartir 300 ejemplares entre los asistentes al acto programado para este viernes entre los asistentes al &#8216;5 a las 5&#8217;.<\/p>\n<p>La petici\u00f3n surgi\u00f3 del Centro Art\u00edstico Federico Garc\u00eda Lorca a la Diputaci\u00f3n de Granada, para que becara a dos artistas, a Juan Crist\u00f3bal e Ismael G\u00f3mez de la Serna, y que lleva la firma del poeta.<\/p>\n<p>M\u00c1S ACTIVIDADES<\/p>\n<p>Este viernes, a las 20:00 horas, tambi\u00e9n est\u00e1 prevista la entrega del tradicional Premio Pozo de Plata, en esta ocasi\u00f3n al catedr\u00e1tico y acad\u00e9mico Antonio S\u00e1nchez Trigueros, por su \u00ablarga trayectoria\u00bb en la docencia y en la defensa de la obra lorquiana en particular, y de la literatura en general.<\/p>\n<p>A continuaci\u00f3n, a las 21:00 horas, se ha programado el espect\u00e1culo &#8216;Hotel Castelar&#8217;, del cantautor Luis Otero y que alude al hotel en el que Lorca se aloj\u00f3 durante su estancia en Buenos Aires y que por tanto tiene vinculaci\u00f3n con su etapa en Argentina.<\/p>\n<p>Ya a las 21:30 horas se inaugurar\u00e1 la exposici\u00f3n &#8216;Rosa mutabile&#8217;, que invita a pasear por el diminuto universo granadino de este \u00abdrama de la cursiler\u00eda espa\u00f1ola\u00bb, como le llam\u00f3 el propio Lorca, que se estren\u00f3 en diciembre de 1935 por la Compa\u00f1\u00eda de Margarita Xirgu, hace ahora ochenta a\u00f1os. La velada concluir\u00e1 como cada a\u00f1o con la tradicional limonada con hierbabuena.<\/p>\n<p>Adem\u00e1s la programaci\u00f3n se ha complementado con la Semana Cultural en el municipio, que arranc\u00f3 el pasado viernes concluye el 7 de junio, con teatro, t\u00edteres, pintura, o arte popular y que este a\u00f1o, en colaboraci\u00f3n con Vega Educa, se dedica a la relaci\u00f3n entre Lorca y la Vega.<\/p>\n","protected":false},"excerpt":{"rendered":"<p>Las voces de Miguel Poveda, Estrella y Sole\u00e1 Morente, Arc\u00e1ngel o Evangelistas, entre otros, homenajean este viernes a Federico Garc\u00eda Lorca en el 117 aniversario de su nacimiento, que se celebra en su pueblo natal, Fuente Vaqueros (Granada). El concierto, en el que participar\u00e1n tambi\u00e9n Napole\u00f3n Solo, Joaqu\u00edn Araujo y Jos\u00e9 Enrique Morente, tendr\u00e1 lugar<\/p>\n","protected":false},"author":1,"featured_media":38888,"comment_status":"open","ping_status":"closed","sticky":false,"template":"","format":"standard","meta":{"footnotes":""},"categories":[224],"tags":[],"class_list":{"0":"post-38887","1":"post","2":"type-post","3":"status-publish","4":"format-standard","5":"has-post-thumbnail","7":"category-noticias-actualidad"},"aioseo_notices":[],"aioseo_head":"\n\t\t<!-- All in One SEO Pro 4.9.6.1 - aioseo.com -->\n\t<meta name=\"description\" content=\"Las voces de Miguel Poveda, Estrella y Sole\u00e1 Morente, Arc\u00e1ngel o Evangelistas, entre otros, homenajean este viernes a Federico Garc\u00eda Lorca en el 117 aniversario de su nacimiento, que se celebra en su pueblo natal, Fuente Vaqueros (Granada). El concierto, en el que participar\u00e1n tambi\u00e9n Napole\u00f3n Solo, Joaqu\u00edn Araujo y Jos\u00e9 Enrique Morente, tendr\u00e1 lugar\" \/>\n\t<meta name=\"robots\" content=\"max-image-preview:large\" \/>\n\t<meta name=\"author\" content=\"admin\"\/>\n\t<meta name=\"google-site-verification\" content=\"UA-38556648-1\" \/>\n\t<meta name=\"keywords\" content=\"noticias y actualidad\" \/>\n\t<link rel=\"canonical\" href=\"https:\/\/eldigitaldeasturias.com\/magazine365\/poveda-arcangel-y-estrella-morente-ponen-voz-a-lorca-en-su-117-aniversario\/\" \/>\n\t<meta name=\"generator\" content=\"All in One SEO Pro (AIOSEO) 4.9.6.1\" \/>\n\t\t<meta property=\"og:locale\" content=\"es_ES\" \/>\n\t\t<meta property=\"og:site_name\" content=\"El Digital de Asturias \u2013 Revista de ocio, turismo y estilo de vida\" \/>\n\t\t<meta property=\"og:type\" content=\"article\" \/>\n\t\t<meta property=\"og:title\" content=\"Poveda, Arc\u00e1ngel y Estrella Morente ponen voz a Lorca en su 117 aniversario | El Digital de Asturias\" \/>\n\t\t<meta property=\"og:description\" content=\"Las voces de Miguel Poveda, Estrella y Sole\u00e1 Morente, Arc\u00e1ngel o Evangelistas, entre otros, homenajean este viernes a Federico Garc\u00eda Lorca en el 117 aniversario de su nacimiento, que se celebra en su pueblo natal, Fuente Vaqueros (Granada). El concierto, en el que participar\u00e1n tambi\u00e9n Napole\u00f3n Solo, Joaqu\u00edn Araujo y Jos\u00e9 Enrique Morente, tendr\u00e1 lugar\" \/>\n\t\t<meta property=\"og:url\" content=\"https:\/\/eldigitaldeasturias.com\/magazine365\/poveda-arcangel-y-estrella-morente-ponen-voz-a-lorca-en-su-117-aniversario\/\" \/>\n\t\t<meta property=\"og:image\" content=\"https:\/\/eldigitaldeasturias.com\/magazine365\/wp-content\/uploads\/2015\/06\/fotonoticia_20150605093336_800.jpg\" \/>\n\t\t<meta property=\"og:image:secure_url\" content=\"https:\/\/eldigitaldeasturias.com\/magazine365\/wp-content\/uploads\/2015\/06\/fotonoticia_20150605093336_800.jpg\" \/>\n\t\t<meta property=\"og:image:width\" content=\"800\" \/>\n\t\t<meta property=\"og:image:height\" content=\"493\" \/>\n\t\t<meta property=\"article:published_time\" content=\"2015-06-06T01:46:59+00:00\" \/>\n\t\t<meta property=\"article:modified_time\" content=\"2015-06-06T01:46:59+00:00\" \/>\n\t\t<meta name=\"twitter:card\" content=\"summary_large_image\" \/>\n\t\t<meta name=\"twitter:title\" content=\"Poveda, Arc\u00e1ngel y Estrella Morente ponen voz a Lorca en su 117 aniversario | El Digital de Asturias\" \/>\n\t\t<meta name=\"twitter:description\" content=\"Las voces de Miguel Poveda, Estrella y Sole\u00e1 Morente, Arc\u00e1ngel o Evangelistas, entre otros, homenajean este viernes a Federico Garc\u00eda Lorca en el 117 aniversario de su nacimiento, que se celebra en su pueblo natal, Fuente Vaqueros (Granada). El concierto, en el que participar\u00e1n tambi\u00e9n Napole\u00f3n Solo, Joaqu\u00edn Araujo y Jos\u00e9 Enrique Morente, tendr\u00e1 lugar\" \/>\n\t\t<meta name=\"twitter:image\" content=\"https:\/\/eldigitaldeasturias.com\/magazine365\/wp-content\/uploads\/2015\/06\/fotonoticia_20150605093336_800.jpg\" \/>\n\t\t<script type=\"application\/ld+json\" class=\"aioseo-schema\">\n\t\t\t{\"@context\":\"https:\\\/\\\/schema.org\",\"@graph\":[{\"@type\":\"Article\",\"@id\":\"https:\\\/\\\/eldigitaldeasturias.com\\\/magazine365\\\/poveda-arcangel-y-estrella-morente-ponen-voz-a-lorca-en-su-117-aniversario\\\/#article\",\"name\":\"Poveda, Arc\\u00e1ngel y Estrella Morente ponen voz a Lorca en su 117 aniversario | El Digital de Asturias\",\"headline\":\"Poveda, Arc\\u00e1ngel y Estrella Morente ponen voz a Lorca en su 117 aniversario\",\"author\":{\"@id\":\"https:\\\/\\\/eldigitaldeasturias.com\\\/magazine365\\\/author\\\/admin\\\/#author\"},\"publisher\":{\"@id\":\"https:\\\/\\\/eldigitaldeasturias.com\\\/magazine365\\\/#organization\"},\"image\":{\"@type\":\"ImageObject\",\"url\":\"https:\\\/\\\/eldigitaldeasturias.com\\\/magazine365\\\/wp-content\\\/uploads\\\/2015\\\/06\\\/fotonoticia_20150605093336_800.jpg\",\"width\":800,\"height\":493},\"datePublished\":\"2015-06-06T03:16:59+02:00\",\"dateModified\":\"2015-06-06T03:16:59+02:00\",\"inLanguage\":\"es-ES\",\"mainEntityOfPage\":{\"@id\":\"https:\\\/\\\/eldigitaldeasturias.com\\\/magazine365\\\/poveda-arcangel-y-estrella-morente-ponen-voz-a-lorca-en-su-117-aniversario\\\/#webpage\"},\"isPartOf\":{\"@id\":\"https:\\\/\\\/eldigitaldeasturias.com\\\/magazine365\\\/poveda-arcangel-y-estrella-morente-ponen-voz-a-lorca-en-su-117-aniversario\\\/#webpage\"},\"articleSection\":\"Noticias y Actualidad\"},{\"@type\":\"BreadcrumbList\",\"@id\":\"https:\\\/\\\/eldigitaldeasturias.com\\\/magazine365\\\/poveda-arcangel-y-estrella-morente-ponen-voz-a-lorca-en-su-117-aniversario\\\/#breadcrumblist\",\"itemListElement\":[{\"@type\":\"ListItem\",\"@id\":\"https:\\\/\\\/eldigitaldeasturias.com\\\/magazine365#listItem\",\"position\":1,\"name\":\"Home\",\"item\":\"https:\\\/\\\/eldigitaldeasturias.com\\\/magazine365\",\"nextItem\":{\"@type\":\"ListItem\",\"@id\":\"https:\\\/\\\/eldigitaldeasturias.com\\\/magazine365\\\/category\\\/noticias-actualidad\\\/#listItem\",\"name\":\"Noticias y Actualidad\"}},{\"@type\":\"ListItem\",\"@id\":\"https:\\\/\\\/eldigitaldeasturias.com\\\/magazine365\\\/category\\\/noticias-actualidad\\\/#listItem\",\"position\":2,\"name\":\"Noticias y Actualidad\",\"item\":\"https:\\\/\\\/eldigitaldeasturias.com\\\/magazine365\\\/category\\\/noticias-actualidad\\\/\",\"nextItem\":{\"@type\":\"ListItem\",\"@id\":\"https:\\\/\\\/eldigitaldeasturias.com\\\/magazine365\\\/poveda-arcangel-y-estrella-morente-ponen-voz-a-lorca-en-su-117-aniversario\\\/#listItem\",\"name\":\"Poveda, Arc\\u00e1ngel y Estrella Morente ponen voz a Lorca en su 117 aniversario\"},\"previousItem\":{\"@type\":\"ListItem\",\"@id\":\"https:\\\/\\\/eldigitaldeasturias.com\\\/magazine365#listItem\",\"name\":\"Home\"}},{\"@type\":\"ListItem\",\"@id\":\"https:\\\/\\\/eldigitaldeasturias.com\\\/magazine365\\\/poveda-arcangel-y-estrella-morente-ponen-voz-a-lorca-en-su-117-aniversario\\\/#listItem\",\"position\":3,\"name\":\"Poveda, Arc\\u00e1ngel y Estrella Morente ponen voz a Lorca en su 117 aniversario\",\"previousItem\":{\"@type\":\"ListItem\",\"@id\":\"https:\\\/\\\/eldigitaldeasturias.com\\\/magazine365\\\/category\\\/noticias-actualidad\\\/#listItem\",\"name\":\"Noticias y Actualidad\"}}]},{\"@type\":\"Organization\",\"@id\":\"https:\\\/\\\/eldigitaldeasturias.com\\\/magazine365\\\/#organization\",\"name\":\"El digital de Asturias\",\"description\":\"Revista de ocio, turismo y estilo de vida\",\"url\":\"https:\\\/\\\/eldigitaldeasturias.com\\\/magazine365\\\/\",\"logo\":{\"@type\":\"ImageObject\",\"url\":\"https:\\\/\\\/www.eldigitaldeasturias.com\\\/noticias\\\/wp-content\\\/uploads\\\/2020\\\/12\\\/EDA.jpg\",\"@id\":\"https:\\\/\\\/eldigitaldeasturias.com\\\/magazine365\\\/poveda-arcangel-y-estrella-morente-ponen-voz-a-lorca-en-su-117-aniversario\\\/#organizationLogo\"},\"image\":{\"@id\":\"https:\\\/\\\/eldigitaldeasturias.com\\\/magazine365\\\/poveda-arcangel-y-estrella-morente-ponen-voz-a-lorca-en-su-117-aniversario\\\/#organizationLogo\"}},{\"@type\":\"Person\",\"@id\":\"https:\\\/\\\/eldigitaldeasturias.com\\\/magazine365\\\/author\\\/admin\\\/#author\",\"url\":\"https:\\\/\\\/eldigitaldeasturias.com\\\/magazine365\\\/author\\\/admin\\\/\",\"name\":\"admin\",\"image\":{\"@type\":\"ImageObject\",\"@id\":\"https:\\\/\\\/eldigitaldeasturias.com\\\/magazine365\\\/poveda-arcangel-y-estrella-morente-ponen-voz-a-lorca-en-su-117-aniversario\\\/#authorImage\",\"url\":\"https:\\\/\\\/eldigitaldeasturias.com\\\/magazine365\\\/wp-content\\\/litespeed\\\/avatar\\\/e571bcf59a0edd6fa6838245a470f2fe.jpg?ver=1776969259\",\"width\":96,\"height\":96,\"caption\":\"admin\"}},{\"@type\":\"WebPage\",\"@id\":\"https:\\\/\\\/eldigitaldeasturias.com\\\/magazine365\\\/poveda-arcangel-y-estrella-morente-ponen-voz-a-lorca-en-su-117-aniversario\\\/#webpage\",\"url\":\"https:\\\/\\\/eldigitaldeasturias.com\\\/magazine365\\\/poveda-arcangel-y-estrella-morente-ponen-voz-a-lorca-en-su-117-aniversario\\\/\",\"name\":\"Poveda, Arc\\u00e1ngel y Estrella Morente ponen voz a Lorca en su 117 aniversario | El Digital de Asturias\",\"description\":\"Las voces de Miguel Poveda, Estrella y Sole\\u00e1 Morente, Arc\\u00e1ngel o Evangelistas, entre otros, homenajean este viernes a Federico Garc\\u00eda Lorca en el 117 aniversario de su nacimiento, que se celebra en su pueblo natal, Fuente Vaqueros (Granada). El concierto, en el que participar\\u00e1n tambi\\u00e9n Napole\\u00f3n Solo, Joaqu\\u00edn Araujo y Jos\\u00e9 Enrique Morente, tendr\\u00e1 lugar\",\"inLanguage\":\"es-ES\",\"isPartOf\":{\"@id\":\"https:\\\/\\\/eldigitaldeasturias.com\\\/magazine365\\\/#website\"},\"breadcrumb\":{\"@id\":\"https:\\\/\\\/eldigitaldeasturias.com\\\/magazine365\\\/poveda-arcangel-y-estrella-morente-ponen-voz-a-lorca-en-su-117-aniversario\\\/#breadcrumblist\"},\"author\":{\"@id\":\"https:\\\/\\\/eldigitaldeasturias.com\\\/magazine365\\\/author\\\/admin\\\/#author\"},\"creator\":{\"@id\":\"https:\\\/\\\/eldigitaldeasturias.com\\\/magazine365\\\/author\\\/admin\\\/#author\"},\"image\":{\"@type\":\"ImageObject\",\"url\":\"https:\\\/\\\/eldigitaldeasturias.com\\\/magazine365\\\/wp-content\\\/uploads\\\/2015\\\/06\\\/fotonoticia_20150605093336_800.jpg\",\"@id\":\"https:\\\/\\\/eldigitaldeasturias.com\\\/magazine365\\\/poveda-arcangel-y-estrella-morente-ponen-voz-a-lorca-en-su-117-aniversario\\\/#mainImage\",\"width\":800,\"height\":493},\"primaryImageOfPage\":{\"@id\":\"https:\\\/\\\/eldigitaldeasturias.com\\\/magazine365\\\/poveda-arcangel-y-estrella-morente-ponen-voz-a-lorca-en-su-117-aniversario\\\/#mainImage\"},\"datePublished\":\"2015-06-06T03:16:59+02:00\",\"dateModified\":\"2015-06-06T03:16:59+02:00\"},{\"@type\":\"WebSite\",\"@id\":\"https:\\\/\\\/eldigitaldeasturias.com\\\/magazine365\\\/#website\",\"url\":\"https:\\\/\\\/eldigitaldeasturias.com\\\/magazine365\\\/\",\"name\":\"El Digital de Asturias\",\"description\":\"Revista de ocio, turismo y estilo de vida\",\"inLanguage\":\"es-ES\",\"publisher\":{\"@id\":\"https:\\\/\\\/eldigitaldeasturias.com\\\/magazine365\\\/#organization\"}}]}\n\t\t<\/script>\n\t\t<!-- All in One SEO Pro -->\r\n\t\t<title>Poveda, Arc\u00e1ngel y Estrella Morente ponen voz a Lorca en su 117 aniversario | El Digital de Asturias<\/title>\n\n","aioseo_head_json":{"title":"Poveda, Arc\u00e1ngel y Estrella Morente ponen voz a Lorca en su 117 aniversario | El Digital de Asturias","description":"Las voces de Miguel Poveda, Estrella y Sole\u00e1 Morente, Arc\u00e1ngel o Evangelistas, entre otros, homenajean este viernes a Federico Garc\u00eda Lorca en el 117 aniversario de su nacimiento, que se celebra en su pueblo natal, Fuente Vaqueros (Granada). El concierto, en el que participar\u00e1n tambi\u00e9n Napole\u00f3n Solo, Joaqu\u00edn Araujo y Jos\u00e9 Enrique Morente, tendr\u00e1 lugar","canonical_url":"https:\/\/eldigitaldeasturias.com\/magazine365\/poveda-arcangel-y-estrella-morente-ponen-voz-a-lorca-en-su-117-aniversario\/","robots":"max-image-preview:large","keywords":"noticias y actualidad","webmasterTools":{"google-site-verification":"UA-38556648-1","miscellaneous":""},"schema":{"@context":"https:\/\/schema.org","@graph":[{"@type":"Article","@id":"https:\/\/eldigitaldeasturias.com\/magazine365\/poveda-arcangel-y-estrella-morente-ponen-voz-a-lorca-en-su-117-aniversario\/#article","name":"Poveda, Arc\u00e1ngel y Estrella Morente ponen voz a Lorca en su 117 aniversario | El Digital de Asturias","headline":"Poveda, Arc\u00e1ngel y Estrella Morente ponen voz a Lorca en su 117 aniversario","author":{"@id":"https:\/\/eldigitaldeasturias.com\/magazine365\/author\/admin\/#author"},"publisher":{"@id":"https:\/\/eldigitaldeasturias.com\/magazine365\/#organization"},"image":{"@type":"ImageObject","url":"https:\/\/eldigitaldeasturias.com\/magazine365\/wp-content\/uploads\/2015\/06\/fotonoticia_20150605093336_800.jpg","width":800,"height":493},"datePublished":"2015-06-06T03:16:59+02:00","dateModified":"2015-06-06T03:16:59+02:00","inLanguage":"es-ES","mainEntityOfPage":{"@id":"https:\/\/eldigitaldeasturias.com\/magazine365\/poveda-arcangel-y-estrella-morente-ponen-voz-a-lorca-en-su-117-aniversario\/#webpage"},"isPartOf":{"@id":"https:\/\/eldigitaldeasturias.com\/magazine365\/poveda-arcangel-y-estrella-morente-ponen-voz-a-lorca-en-su-117-aniversario\/#webpage"},"articleSection":"Noticias y Actualidad"},{"@type":"BreadcrumbList","@id":"https:\/\/eldigitaldeasturias.com\/magazine365\/poveda-arcangel-y-estrella-morente-ponen-voz-a-lorca-en-su-117-aniversario\/#breadcrumblist","itemListElement":[{"@type":"ListItem","@id":"https:\/\/eldigitaldeasturias.com\/magazine365#listItem","position":1,"name":"Home","item":"https:\/\/eldigitaldeasturias.com\/magazine365","nextItem":{"@type":"ListItem","@id":"https:\/\/eldigitaldeasturias.com\/magazine365\/category\/noticias-actualidad\/#listItem","name":"Noticias y Actualidad"}},{"@type":"ListItem","@id":"https:\/\/eldigitaldeasturias.com\/magazine365\/category\/noticias-actualidad\/#listItem","position":2,"name":"Noticias y Actualidad","item":"https:\/\/eldigitaldeasturias.com\/magazine365\/category\/noticias-actualidad\/","nextItem":{"@type":"ListItem","@id":"https:\/\/eldigitaldeasturias.com\/magazine365\/poveda-arcangel-y-estrella-morente-ponen-voz-a-lorca-en-su-117-aniversario\/#listItem","name":"Poveda, Arc\u00e1ngel y Estrella Morente ponen voz a Lorca en su 117 aniversario"},"previousItem":{"@type":"ListItem","@id":"https:\/\/eldigitaldeasturias.com\/magazine365#listItem","name":"Home"}},{"@type":"ListItem","@id":"https:\/\/eldigitaldeasturias.com\/magazine365\/poveda-arcangel-y-estrella-morente-ponen-voz-a-lorca-en-su-117-aniversario\/#listItem","position":3,"name":"Poveda, Arc\u00e1ngel y Estrella Morente ponen voz a Lorca en su 117 aniversario","previousItem":{"@type":"ListItem","@id":"https:\/\/eldigitaldeasturias.com\/magazine365\/category\/noticias-actualidad\/#listItem","name":"Noticias y Actualidad"}}]},{"@type":"Organization","@id":"https:\/\/eldigitaldeasturias.com\/magazine365\/#organization","name":"El digital de Asturias","description":"Revista de ocio, turismo y estilo de vida","url":"https:\/\/eldigitaldeasturias.com\/magazine365\/","logo":{"@type":"ImageObject","url":"https:\/\/www.eldigitaldeasturias.com\/noticias\/wp-content\/uploads\/2020\/12\/EDA.jpg","@id":"https:\/\/eldigitaldeasturias.com\/magazine365\/poveda-arcangel-y-estrella-morente-ponen-voz-a-lorca-en-su-117-aniversario\/#organizationLogo"},"image":{"@id":"https:\/\/eldigitaldeasturias.com\/magazine365\/poveda-arcangel-y-estrella-morente-ponen-voz-a-lorca-en-su-117-aniversario\/#organizationLogo"}},{"@type":"Person","@id":"https:\/\/eldigitaldeasturias.com\/magazine365\/author\/admin\/#author","url":"https:\/\/eldigitaldeasturias.com\/magazine365\/author\/admin\/","name":"admin","image":{"@type":"ImageObject","@id":"https:\/\/eldigitaldeasturias.com\/magazine365\/poveda-arcangel-y-estrella-morente-ponen-voz-a-lorca-en-su-117-aniversario\/#authorImage","url":"https:\/\/eldigitaldeasturias.com\/magazine365\/wp-content\/litespeed\/avatar\/e571bcf59a0edd6fa6838245a470f2fe.jpg?ver=1776969259","width":96,"height":96,"caption":"admin"}},{"@type":"WebPage","@id":"https:\/\/eldigitaldeasturias.com\/magazine365\/poveda-arcangel-y-estrella-morente-ponen-voz-a-lorca-en-su-117-aniversario\/#webpage","url":"https:\/\/eldigitaldeasturias.com\/magazine365\/poveda-arcangel-y-estrella-morente-ponen-voz-a-lorca-en-su-117-aniversario\/","name":"Poveda, Arc\u00e1ngel y Estrella Morente ponen voz a Lorca en su 117 aniversario | El Digital de Asturias","description":"Las voces de Miguel Poveda, Estrella y Sole\u00e1 Morente, Arc\u00e1ngel o Evangelistas, entre otros, homenajean este viernes a Federico Garc\u00eda Lorca en el 117 aniversario de su nacimiento, que se celebra en su pueblo natal, Fuente Vaqueros (Granada). El concierto, en el que participar\u00e1n tambi\u00e9n Napole\u00f3n Solo, Joaqu\u00edn Araujo y Jos\u00e9 Enrique Morente, tendr\u00e1 lugar","inLanguage":"es-ES","isPartOf":{"@id":"https:\/\/eldigitaldeasturias.com\/magazine365\/#website"},"breadcrumb":{"@id":"https:\/\/eldigitaldeasturias.com\/magazine365\/poveda-arcangel-y-estrella-morente-ponen-voz-a-lorca-en-su-117-aniversario\/#breadcrumblist"},"author":{"@id":"https:\/\/eldigitaldeasturias.com\/magazine365\/author\/admin\/#author"},"creator":{"@id":"https:\/\/eldigitaldeasturias.com\/magazine365\/author\/admin\/#author"},"image":{"@type":"ImageObject","url":"https:\/\/eldigitaldeasturias.com\/magazine365\/wp-content\/uploads\/2015\/06\/fotonoticia_20150605093336_800.jpg","@id":"https:\/\/eldigitaldeasturias.com\/magazine365\/poveda-arcangel-y-estrella-morente-ponen-voz-a-lorca-en-su-117-aniversario\/#mainImage","width":800,"height":493},"primaryImageOfPage":{"@id":"https:\/\/eldigitaldeasturias.com\/magazine365\/poveda-arcangel-y-estrella-morente-ponen-voz-a-lorca-en-su-117-aniversario\/#mainImage"},"datePublished":"2015-06-06T03:16:59+02:00","dateModified":"2015-06-06T03:16:59+02:00"},{"@type":"WebSite","@id":"https:\/\/eldigitaldeasturias.com\/magazine365\/#website","url":"https:\/\/eldigitaldeasturias.com\/magazine365\/","name":"El Digital de Asturias","description":"Revista de ocio, turismo y estilo de vida","inLanguage":"es-ES","publisher":{"@id":"https:\/\/eldigitaldeasturias.com\/magazine365\/#organization"}}]},"og:locale":"es_ES","og:site_name":"El Digital de Asturias \u2013 Revista de ocio, turismo y estilo de vida","og:type":"article","og:title":"Poveda, Arc\u00e1ngel y Estrella Morente ponen voz a Lorca en su 117 aniversario | El Digital de Asturias","og:description":"Las voces de Miguel Poveda, Estrella y Sole\u00e1 Morente, Arc\u00e1ngel o Evangelistas, entre otros, homenajean este viernes a Federico Garc\u00eda Lorca en el 117 aniversario de su nacimiento, que se celebra en su pueblo natal, Fuente Vaqueros (Granada). El concierto, en el que participar\u00e1n tambi\u00e9n Napole\u00f3n Solo, Joaqu\u00edn Araujo y Jos\u00e9 Enrique Morente, tendr\u00e1 lugar","og:url":"https:\/\/eldigitaldeasturias.com\/magazine365\/poveda-arcangel-y-estrella-morente-ponen-voz-a-lorca-en-su-117-aniversario\/","og:image":"https:\/\/eldigitaldeasturias.com\/magazine365\/wp-content\/uploads\/2015\/06\/fotonoticia_20150605093336_800.jpg","og:image:secure_url":"https:\/\/eldigitaldeasturias.com\/magazine365\/wp-content\/uploads\/2015\/06\/fotonoticia_20150605093336_800.jpg","og:image:width":800,"og:image:height":493,"article:published_time":"2015-06-06T01:46:59+00:00","article:modified_time":"2015-06-06T01:46:59+00:00","twitter:card":"summary_large_image","twitter:title":"Poveda, Arc\u00e1ngel y Estrella Morente ponen voz a Lorca en su 117 aniversario | El Digital de Asturias","twitter:description":"Las voces de Miguel Poveda, Estrella y Sole\u00e1 Morente, Arc\u00e1ngel o Evangelistas, entre otros, homenajean este viernes a Federico Garc\u00eda Lorca en el 117 aniversario de su nacimiento, que se celebra en su pueblo natal, Fuente Vaqueros (Granada). El concierto, en el que participar\u00e1n tambi\u00e9n Napole\u00f3n Solo, Joaqu\u00edn Araujo y Jos\u00e9 Enrique Morente, tendr\u00e1 lugar","twitter:image":"https:\/\/eldigitaldeasturias.com\/magazine365\/wp-content\/uploads\/2015\/06\/fotonoticia_20150605093336_800.jpg"},"aioseo_meta_data":{"post_id":"38887","title":null,"description":null,"keywords":null,"keyphrases":null,"primary_term":null,"canonical_url":null,"og_title":null,"og_description":null,"og_object_type":"default","og_image_type":"default","og_image_url":null,"og_image_width":null,"og_image_height":null,"og_image_custom_url":null,"og_image_custom_fields":null,"og_video":null,"og_custom_url":null,"og_article_section":null,"og_article_tags":null,"twitter_use_og":false,"twitter_card":"default","twitter_image_type":"default","twitter_image_url":null,"twitter_image_custom_url":null,"twitter_image_custom_fields":null,"twitter_title":null,"twitter_description":null,"schema":{"blockGraphs":[],"customGraphs":[],"default":{"data":{"Article":[],"Course":[],"Dataset":[],"FAQPage":[],"Movie":[],"Person":[],"Product":[],"ProductReview":[],"Car":[],"Recipe":[],"Service":[],"SoftwareApplication":[],"WebPage":[]},"graphName":"","isEnabled":true},"graphs":[],"defaultGraph":"","defaultPostTypeGraph":""},"schema_type":null,"schema_type_options":null,"pillar_content":false,"robots_default":true,"robots_noindex":false,"robots_noarchive":false,"robots_nosnippet":false,"robots_nofollow":false,"robots_noimageindex":false,"robots_noodp":false,"robots_notranslate":false,"robots_max_snippet":null,"robots_max_videopreview":null,"robots_max_imagepreview":"large","priority":null,"frequency":null,"location":null,"local_seo":null,"seo_analyzer_scan_date":"2025-09-19 10:30:12","breadcrumb_settings":null,"limit_modified_date":false,"open_ai":null,"ai":null,"created":"2021-03-09 02:48:12","updated":"2025-09-19 10:30:12"},"aioseo_breadcrumb":"<div class=\"aioseo-breadcrumbs\"><span class=\"aioseo-breadcrumb\">\n\t<a href=\"https:\/\/eldigitaldeasturias.com\/magazine365\" title=\"Home\">Home<\/a>\n<\/span><span class=\"aioseo-breadcrumb-separator\">\u2013<\/span><span class=\"aioseo-breadcrumb\">\n\t<a href=\"https:\/\/eldigitaldeasturias.com\/magazine365\/category\/noticias-actualidad\/\" title=\"Noticias y Actualidad\">Noticias y Actualidad<\/a>\n<\/span><span class=\"aioseo-breadcrumb-separator\">\u2013<\/span><span class=\"aioseo-breadcrumb\">\n\t<a href=\"https:\/\/eldigitaldeasturias.com\/magazine365\/poveda-arcangel-y-estrella-morente-ponen-voz-a-lorca-en-su-117-aniversario\/\" title=\"Poveda, Arc\u00e1ngel y Estrella Morente ponen voz a Lorca en su 117 aniversario\">Poveda, Arc\u00e1ngel y Estrella Morente ponen voz a Lorca en su 117 aniversario<\/a>\n<\/span><\/div>","aioseo_breadcrumb_json":[{"label":"Home","link":"https:\/\/eldigitaldeasturias.com\/magazine365"},{"label":"Noticias y Actualidad","link":"https:\/\/eldigitaldeasturias.com\/magazine365\/category\/noticias-actualidad\/"},{"label":"Poveda, Arc\u00e1ngel y Estrella Morente ponen voz a Lorca en su 117 aniversario","link":"https:\/\/eldigitaldeasturias.com\/magazine365\/poveda-arcangel-y-estrella-morente-ponen-voz-a-lorca-en-su-117-aniversario\/"}],"_links":{"self":[{"href":"https:\/\/eldigitaldeasturias.com\/magazine365\/wp-json\/wp\/v2\/posts\/38887","targetHints":{"allow":["GET"]}}],"collection":[{"href":"https:\/\/eldigitaldeasturias.com\/magazine365\/wp-json\/wp\/v2\/posts"}],"about":[{"href":"https:\/\/eldigitaldeasturias.com\/magazine365\/wp-json\/wp\/v2\/types\/post"}],"author":[{"embeddable":true,"href":"https:\/\/eldigitaldeasturias.com\/magazine365\/wp-json\/wp\/v2\/users\/1"}],"replies":[{"embeddable":true,"href":"https:\/\/eldigitaldeasturias.com\/magazine365\/wp-json\/wp\/v2\/comments?post=38887"}],"version-history":[{"count":0,"href":"https:\/\/eldigitaldeasturias.com\/magazine365\/wp-json\/wp\/v2\/posts\/38887\/revisions"}],"wp:featuredmedia":[{"embeddable":true,"href":"https:\/\/eldigitaldeasturias.com\/magazine365\/wp-json\/wp\/v2\/media\/38888"}],"wp:attachment":[{"href":"https:\/\/eldigitaldeasturias.com\/magazine365\/wp-json\/wp\/v2\/media?parent=38887"}],"wp:term":[{"taxonomy":"category","embeddable":true,"href":"https:\/\/eldigitaldeasturias.com\/magazine365\/wp-json\/wp\/v2\/categories?post=38887"},{"taxonomy":"post_tag","embeddable":true,"href":"https:\/\/eldigitaldeasturias.com\/magazine365\/wp-json\/wp\/v2\/tags?post=38887"}],"curies":[{"name":"wp","href":"https:\/\/api.w.org\/{rel}","templated":true}]}}