{"id":38861,"date":"2015-06-05T03:56:48","date_gmt":"2015-06-05T02:26:48","guid":{"rendered":"http:\/\/eldigitaldeasturias.com\/magazine365\/?p=38861"},"modified":"2015-06-05T03:56:48","modified_gmt":"2015-06-05T02:26:48","slug":"volotea-operara-la-conexion-aerea-entre-asturias-y-venecia-a-partir-de-diciembre","status":"publish","type":"post","link":"https:\/\/eldigitaldeasturias.com\/magazine365\/volotea-operara-la-conexion-aerea-entre-asturias-y-venecia-a-partir-de-diciembre\/","title":{"rendered":"Volotea operar\u00e1 la conexi\u00f3n a\u00e9rea entre Asturias y Venecia a partir de diciembre"},"content":{"rendered":"<p><img fetchpriority=\"high\" decoding=\"async\" class=\"alignleft size-medium wp-image-38862\" src=\"https:\/\/eldigitaldeasturias.com\/magazine365\/wp-content\/uploads\/2015\/06\/fotonoticia_20150604143153_800-360x240.jpg\" alt=\"fotonoticia_20150604143153_800\" width=\"360\" height=\"240\" srcset=\"https:\/\/eldigitaldeasturias.com\/magazine365\/wp-content\/uploads\/2015\/06\/fotonoticia_20150604143153_800-360x240.jpg 360w, https:\/\/eldigitaldeasturias.com\/magazine365\/wp-content\/uploads\/2015\/06\/fotonoticia_20150604143153_800-650x433.jpg 650w, https:\/\/eldigitaldeasturias.com\/magazine365\/wp-content\/uploads\/2015\/06\/fotonoticia_20150604143153_800-768x512.jpg 768w, https:\/\/eldigitaldeasturias.com\/magazine365\/wp-content\/uploads\/2015\/06\/fotonoticia_20150604143153_800-150x100.jpg 150w, https:\/\/eldigitaldeasturias.com\/magazine365\/wp-content\/uploads\/2015\/06\/fotonoticia_20150604143153_800-450x300.jpg 450w, https:\/\/eldigitaldeasturias.com\/magazine365\/wp-content\/uploads\/2015\/06\/fotonoticia_20150604143153_800-696x464.jpg 696w, https:\/\/eldigitaldeasturias.com\/magazine365\/wp-content\/uploads\/2015\/06\/fotonoticia_20150604143153_800-630x420.jpg 630w, https:\/\/eldigitaldeasturias.com\/magazine365\/wp-content\/uploads\/2015\/06\/fotonoticia_20150604143153_800-84x55.jpg 84w, https:\/\/eldigitaldeasturias.com\/magazine365\/wp-content\/uploads\/2015\/06\/fotonoticia_20150604143153_800.jpg 800w\" sizes=\"(max-width: 360px) 100vw, 360px\" \/>La aerol\u00ednea volotea operar\u00e1 la conexi\u00f3n a\u00e9rea entre Asturias y Venecia a partir del pr\u00f3ximo mes de diciembre, y entre Asturias y Munich a partir de marzo de 2017, seg\u00fan informa este jueves el portal aeroasturias.com, que matiza que los vuelos tendr\u00e1n car\u00e1cter estacional<\/p>\n<p>La aerol\u00ednea se ha adjudicado el concurso de conectividad internacional promulgado por el Gobierno auton\u00f3mico para abrir nuevas conexiones a Italia y Alemania.<\/p>\n<p>Seg\u00fan se\u00f1ala Aeroasturias, tal y como recogen los pliegos del concurso, Volotea comenzar\u00e1 la conexi\u00f3n regular entre Asturias y el aeropuerto Marco Polo de la capital veneciana en el mes de diciembre.<\/p>\n<p>Sin embargo, como ya se intu\u00eda en las condiciones del concurso que s\u00f3lo exig\u00eda un m\u00ednimo de 16 semanas de operaciones durante el primer a\u00f1o, la ruta no se mantendr\u00e1 de forma estable durante todo el a\u00f1o, sino que los vuelos se interrumpir\u00e1n a principios de 2016 una vez pasadas las fechas navide\u00f1as y se retomar\u00e1n de nuevo en la temporada de Verano.<\/p>\n<p>Los vuelos directos entre Asturias y Munich se operar\u00e1n durante las temporadas de verano. Tal y como recog\u00edan las bases, y la aerol\u00ednea refrend\u00f3 en su oferta, Volotea volar\u00e1 dos veces por semana entre Asturias y la capital b\u00e1vara durante al menos 18 semanas al a\u00f1o, confirma el portal web.<\/p>\n","protected":false},"excerpt":{"rendered":"<p>La aerol\u00ednea volotea operar\u00e1 la conexi\u00f3n a\u00e9rea entre Asturias y Venecia a partir del pr\u00f3ximo mes de diciembre, y entre Asturias y Munich a partir de marzo de 2017, seg\u00fan informa este jueves el portal aeroasturias.com, que matiza que los vuelos tendr\u00e1n car\u00e1cter estacional La aerol\u00ednea se ha adjudicado el concurso de conectividad internacional promulgado<\/p>\n","protected":false},"author":1,"featured_media":38862,"comment_status":"open","ping_status":"closed","sticky":false,"template":"","format":"standard","meta":{"footnotes":""},"categories":[222],"tags":[],"class_list":{"0":"post-38861","1":"post","2":"type-post","3":"status-publish","4":"format-standard","5":"has-post-thumbnail","7":"category-actualidad-turismo"},"aioseo_notices":[],"aioseo_head":"\n\t\t<!-- All in One SEO Pro 4.9.6.1 - aioseo.com -->\n\t<meta name=\"description\" content=\"La aerol\u00ednea volotea operar\u00e1 la conexi\u00f3n a\u00e9rea entre Asturias y Venecia a partir del pr\u00f3ximo mes de diciembre, y entre Asturias y Munich a partir de marzo de 2017, seg\u00fan informa este jueves el portal aeroasturias.com, que matiza que los vuelos tendr\u00e1n car\u00e1cter estacional La aerol\u00ednea se ha adjudicado el concurso de conectividad internacional promulgado\" \/>\n\t<meta name=\"robots\" content=\"max-image-preview:large\" \/>\n\t<meta name=\"author\" content=\"admin\"\/>\n\t<meta name=\"google-site-verification\" content=\"UA-38556648-1\" \/>\n\t<meta name=\"keywords\" content=\"actualidad turismo\" \/>\n\t<link rel=\"canonical\" href=\"https:\/\/eldigitaldeasturias.com\/magazine365\/volotea-operara-la-conexion-aerea-entre-asturias-y-venecia-a-partir-de-diciembre\/\" \/>\n\t<meta name=\"generator\" content=\"All in One SEO Pro (AIOSEO) 4.9.6.1\" \/>\n\t\t<meta property=\"og:locale\" content=\"es_ES\" \/>\n\t\t<meta property=\"og:site_name\" content=\"El Digital de Asturias \u2013 Revista de ocio, turismo y estilo de vida\" \/>\n\t\t<meta property=\"og:type\" content=\"article\" \/>\n\t\t<meta property=\"og:title\" content=\"Volotea operar\u00e1 la conexi\u00f3n a\u00e9rea entre Asturias y Venecia a partir de diciembre | El Digital de Asturias\" \/>\n\t\t<meta property=\"og:description\" content=\"La aerol\u00ednea volotea operar\u00e1 la conexi\u00f3n a\u00e9rea entre Asturias y Venecia a partir del pr\u00f3ximo mes de diciembre, y entre Asturias y Munich a partir de marzo de 2017, seg\u00fan informa este jueves el portal aeroasturias.com, que matiza que los vuelos tendr\u00e1n car\u00e1cter estacional La aerol\u00ednea se ha adjudicado el concurso de conectividad internacional promulgado\" \/>\n\t\t<meta property=\"og:url\" content=\"https:\/\/eldigitaldeasturias.com\/magazine365\/volotea-operara-la-conexion-aerea-entre-asturias-y-venecia-a-partir-de-diciembre\/\" \/>\n\t\t<meta property=\"og:image\" content=\"https:\/\/eldigitaldeasturias.com\/magazine365\/wp-content\/uploads\/2015\/06\/fotonoticia_20150604143153_800.jpg\" \/>\n\t\t<meta property=\"og:image:secure_url\" content=\"https:\/\/eldigitaldeasturias.com\/magazine365\/wp-content\/uploads\/2015\/06\/fotonoticia_20150604143153_800.jpg\" \/>\n\t\t<meta property=\"og:image:width\" content=\"800\" \/>\n\t\t<meta property=\"og:image:height\" content=\"533\" \/>\n\t\t<meta property=\"article:published_time\" content=\"2015-06-05T02:26:48+00:00\" \/>\n\t\t<meta property=\"article:modified_time\" content=\"2015-06-05T02:26:48+00:00\" \/>\n\t\t<meta name=\"twitter:card\" content=\"summary_large_image\" \/>\n\t\t<meta name=\"twitter:title\" content=\"Volotea operar\u00e1 la conexi\u00f3n a\u00e9rea entre Asturias y Venecia a partir de diciembre | El Digital de Asturias\" \/>\n\t\t<meta name=\"twitter:description\" content=\"La aerol\u00ednea volotea operar\u00e1 la conexi\u00f3n a\u00e9rea entre Asturias y Venecia a partir del pr\u00f3ximo mes de diciembre, y entre Asturias y Munich a partir de marzo de 2017, seg\u00fan informa este jueves el portal aeroasturias.com, que matiza que los vuelos tendr\u00e1n car\u00e1cter estacional La aerol\u00ednea se ha adjudicado el concurso de conectividad internacional promulgado\" \/>\n\t\t<meta name=\"twitter:image\" content=\"https:\/\/eldigitaldeasturias.com\/magazine365\/wp-content\/uploads\/2015\/06\/fotonoticia_20150604143153_800.jpg\" \/>\n\t\t<script type=\"application\/ld+json\" class=\"aioseo-schema\">\n\t\t\t{\"@context\":\"https:\\\/\\\/schema.org\",\"@graph\":[{\"@type\":\"Article\",\"@id\":\"https:\\\/\\\/eldigitaldeasturias.com\\\/magazine365\\\/volotea-operara-la-conexion-aerea-entre-asturias-y-venecia-a-partir-de-diciembre\\\/#article\",\"name\":\"Volotea operar\\u00e1 la conexi\\u00f3n a\\u00e9rea entre Asturias y Venecia a partir de diciembre | El Digital de Asturias\",\"headline\":\"Volotea operar\\u00e1 la conexi\\u00f3n a\\u00e9rea entre Asturias y Venecia a partir de diciembre\",\"author\":{\"@id\":\"https:\\\/\\\/eldigitaldeasturias.com\\\/magazine365\\\/author\\\/admin\\\/#author\"},\"publisher\":{\"@id\":\"https:\\\/\\\/eldigitaldeasturias.com\\\/magazine365\\\/#organization\"},\"image\":{\"@type\":\"ImageObject\",\"url\":\"https:\\\/\\\/eldigitaldeasturias.com\\\/magazine365\\\/wp-content\\\/uploads\\\/2015\\\/06\\\/fotonoticia_20150604143153_800.jpg\",\"width\":800,\"height\":533},\"datePublished\":\"2015-06-05T03:56:48+02:00\",\"dateModified\":\"2015-06-05T03:56:48+02:00\",\"inLanguage\":\"es-ES\",\"mainEntityOfPage\":{\"@id\":\"https:\\\/\\\/eldigitaldeasturias.com\\\/magazine365\\\/volotea-operara-la-conexion-aerea-entre-asturias-y-venecia-a-partir-de-diciembre\\\/#webpage\"},\"isPartOf\":{\"@id\":\"https:\\\/\\\/eldigitaldeasturias.com\\\/magazine365\\\/volotea-operara-la-conexion-aerea-entre-asturias-y-venecia-a-partir-de-diciembre\\\/#webpage\"},\"articleSection\":\"Actualidad Turismo\"},{\"@type\":\"BreadcrumbList\",\"@id\":\"https:\\\/\\\/eldigitaldeasturias.com\\\/magazine365\\\/volotea-operara-la-conexion-aerea-entre-asturias-y-venecia-a-partir-de-diciembre\\\/#breadcrumblist\",\"itemListElement\":[{\"@type\":\"ListItem\",\"@id\":\"https:\\\/\\\/eldigitaldeasturias.com\\\/magazine365#listItem\",\"position\":1,\"name\":\"Home\",\"item\":\"https:\\\/\\\/eldigitaldeasturias.com\\\/magazine365\",\"nextItem\":{\"@type\":\"ListItem\",\"@id\":\"https:\\\/\\\/eldigitaldeasturias.com\\\/magazine365\\\/category\\\/actualidad-turismo\\\/#listItem\",\"name\":\"Actualidad Turismo\"}},{\"@type\":\"ListItem\",\"@id\":\"https:\\\/\\\/eldigitaldeasturias.com\\\/magazine365\\\/category\\\/actualidad-turismo\\\/#listItem\",\"position\":2,\"name\":\"Actualidad Turismo\",\"item\":\"https:\\\/\\\/eldigitaldeasturias.com\\\/magazine365\\\/category\\\/actualidad-turismo\\\/\",\"nextItem\":{\"@type\":\"ListItem\",\"@id\":\"https:\\\/\\\/eldigitaldeasturias.com\\\/magazine365\\\/volotea-operara-la-conexion-aerea-entre-asturias-y-venecia-a-partir-de-diciembre\\\/#listItem\",\"name\":\"Volotea operar\\u00e1 la conexi\\u00f3n a\\u00e9rea entre Asturias y Venecia a partir de diciembre\"},\"previousItem\":{\"@type\":\"ListItem\",\"@id\":\"https:\\\/\\\/eldigitaldeasturias.com\\\/magazine365#listItem\",\"name\":\"Home\"}},{\"@type\":\"ListItem\",\"@id\":\"https:\\\/\\\/eldigitaldeasturias.com\\\/magazine365\\\/volotea-operara-la-conexion-aerea-entre-asturias-y-venecia-a-partir-de-diciembre\\\/#listItem\",\"position\":3,\"name\":\"Volotea operar\\u00e1 la conexi\\u00f3n a\\u00e9rea entre Asturias y Venecia a partir de diciembre\",\"previousItem\":{\"@type\":\"ListItem\",\"@id\":\"https:\\\/\\\/eldigitaldeasturias.com\\\/magazine365\\\/category\\\/actualidad-turismo\\\/#listItem\",\"name\":\"Actualidad Turismo\"}}]},{\"@type\":\"Organization\",\"@id\":\"https:\\\/\\\/eldigitaldeasturias.com\\\/magazine365\\\/#organization\",\"name\":\"El digital de Asturias\",\"description\":\"Revista de ocio, turismo y estilo de vida\",\"url\":\"https:\\\/\\\/eldigitaldeasturias.com\\\/magazine365\\\/\",\"logo\":{\"@type\":\"ImageObject\",\"url\":\"https:\\\/\\\/www.eldigitaldeasturias.com\\\/noticias\\\/wp-content\\\/uploads\\\/2020\\\/12\\\/EDA.jpg\",\"@id\":\"https:\\\/\\\/eldigitaldeasturias.com\\\/magazine365\\\/volotea-operara-la-conexion-aerea-entre-asturias-y-venecia-a-partir-de-diciembre\\\/#organizationLogo\"},\"image\":{\"@id\":\"https:\\\/\\\/eldigitaldeasturias.com\\\/magazine365\\\/volotea-operara-la-conexion-aerea-entre-asturias-y-venecia-a-partir-de-diciembre\\\/#organizationLogo\"}},{\"@type\":\"Person\",\"@id\":\"https:\\\/\\\/eldigitaldeasturias.com\\\/magazine365\\\/author\\\/admin\\\/#author\",\"url\":\"https:\\\/\\\/eldigitaldeasturias.com\\\/magazine365\\\/author\\\/admin\\\/\",\"name\":\"admin\",\"image\":{\"@type\":\"ImageObject\",\"@id\":\"https:\\\/\\\/eldigitaldeasturias.com\\\/magazine365\\\/volotea-operara-la-conexion-aerea-entre-asturias-y-venecia-a-partir-de-diciembre\\\/#authorImage\",\"url\":\"https:\\\/\\\/eldigitaldeasturias.com\\\/magazine365\\\/wp-content\\\/litespeed\\\/avatar\\\/e571bcf59a0edd6fa6838245a470f2fe.jpg?ver=1776969259\",\"width\":96,\"height\":96,\"caption\":\"admin\"}},{\"@type\":\"WebPage\",\"@id\":\"https:\\\/\\\/eldigitaldeasturias.com\\\/magazine365\\\/volotea-operara-la-conexion-aerea-entre-asturias-y-venecia-a-partir-de-diciembre\\\/#webpage\",\"url\":\"https:\\\/\\\/eldigitaldeasturias.com\\\/magazine365\\\/volotea-operara-la-conexion-aerea-entre-asturias-y-venecia-a-partir-de-diciembre\\\/\",\"name\":\"Volotea operar\\u00e1 la conexi\\u00f3n a\\u00e9rea entre Asturias y Venecia a partir de diciembre | El Digital de Asturias\",\"description\":\"La aerol\\u00ednea volotea operar\\u00e1 la conexi\\u00f3n a\\u00e9rea entre Asturias y Venecia a partir del pr\\u00f3ximo mes de diciembre, y entre Asturias y Munich a partir de marzo de 2017, seg\\u00fan informa este jueves el portal aeroasturias.com, que matiza que los vuelos tendr\\u00e1n car\\u00e1cter estacional La aerol\\u00ednea se ha adjudicado el concurso de conectividad internacional promulgado\",\"inLanguage\":\"es-ES\",\"isPartOf\":{\"@id\":\"https:\\\/\\\/eldigitaldeasturias.com\\\/magazine365\\\/#website\"},\"breadcrumb\":{\"@id\":\"https:\\\/\\\/eldigitaldeasturias.com\\\/magazine365\\\/volotea-operara-la-conexion-aerea-entre-asturias-y-venecia-a-partir-de-diciembre\\\/#breadcrumblist\"},\"author\":{\"@id\":\"https:\\\/\\\/eldigitaldeasturias.com\\\/magazine365\\\/author\\\/admin\\\/#author\"},\"creator\":{\"@id\":\"https:\\\/\\\/eldigitaldeasturias.com\\\/magazine365\\\/author\\\/admin\\\/#author\"},\"image\":{\"@type\":\"ImageObject\",\"url\":\"https:\\\/\\\/eldigitaldeasturias.com\\\/magazine365\\\/wp-content\\\/uploads\\\/2015\\\/06\\\/fotonoticia_20150604143153_800.jpg\",\"@id\":\"https:\\\/\\\/eldigitaldeasturias.com\\\/magazine365\\\/volotea-operara-la-conexion-aerea-entre-asturias-y-venecia-a-partir-de-diciembre\\\/#mainImage\",\"width\":800,\"height\":533},\"primaryImageOfPage\":{\"@id\":\"https:\\\/\\\/eldigitaldeasturias.com\\\/magazine365\\\/volotea-operara-la-conexion-aerea-entre-asturias-y-venecia-a-partir-de-diciembre\\\/#mainImage\"},\"datePublished\":\"2015-06-05T03:56:48+02:00\",\"dateModified\":\"2015-06-05T03:56:48+02:00\"},{\"@type\":\"WebSite\",\"@id\":\"https:\\\/\\\/eldigitaldeasturias.com\\\/magazine365\\\/#website\",\"url\":\"https:\\\/\\\/eldigitaldeasturias.com\\\/magazine365\\\/\",\"name\":\"El Digital de Asturias\",\"description\":\"Revista de ocio, turismo y estilo de vida\",\"inLanguage\":\"es-ES\",\"publisher\":{\"@id\":\"https:\\\/\\\/eldigitaldeasturias.com\\\/magazine365\\\/#organization\"}}]}\n\t\t<\/script>\n\t\t<!-- All in One SEO Pro -->\r\n\t\t<title>Volotea operar\u00e1 la conexi\u00f3n a\u00e9rea entre Asturias y Venecia a partir de diciembre | El Digital de Asturias<\/title>\n\n","aioseo_head_json":{"title":"Volotea operar\u00e1 la conexi\u00f3n a\u00e9rea entre Asturias y Venecia a partir de diciembre | El Digital de Asturias","description":"La aerol\u00ednea volotea operar\u00e1 la conexi\u00f3n a\u00e9rea entre Asturias y Venecia a partir del pr\u00f3ximo mes de diciembre, y entre Asturias y Munich a partir de marzo de 2017, seg\u00fan informa este jueves el portal aeroasturias.com, que matiza que los vuelos tendr\u00e1n car\u00e1cter estacional La aerol\u00ednea se ha adjudicado el concurso de conectividad internacional promulgado","canonical_url":"https:\/\/eldigitaldeasturias.com\/magazine365\/volotea-operara-la-conexion-aerea-entre-asturias-y-venecia-a-partir-de-diciembre\/","robots":"max-image-preview:large","keywords":"actualidad turismo","webmasterTools":{"google-site-verification":"UA-38556648-1","miscellaneous":""},"schema":{"@context":"https:\/\/schema.org","@graph":[{"@type":"Article","@id":"https:\/\/eldigitaldeasturias.com\/magazine365\/volotea-operara-la-conexion-aerea-entre-asturias-y-venecia-a-partir-de-diciembre\/#article","name":"Volotea operar\u00e1 la conexi\u00f3n a\u00e9rea entre Asturias y Venecia a partir de diciembre | El Digital de Asturias","headline":"Volotea operar\u00e1 la conexi\u00f3n a\u00e9rea entre Asturias y Venecia a partir de diciembre","author":{"@id":"https:\/\/eldigitaldeasturias.com\/magazine365\/author\/admin\/#author"},"publisher":{"@id":"https:\/\/eldigitaldeasturias.com\/magazine365\/#organization"},"image":{"@type":"ImageObject","url":"https:\/\/eldigitaldeasturias.com\/magazine365\/wp-content\/uploads\/2015\/06\/fotonoticia_20150604143153_800.jpg","width":800,"height":533},"datePublished":"2015-06-05T03:56:48+02:00","dateModified":"2015-06-05T03:56:48+02:00","inLanguage":"es-ES","mainEntityOfPage":{"@id":"https:\/\/eldigitaldeasturias.com\/magazine365\/volotea-operara-la-conexion-aerea-entre-asturias-y-venecia-a-partir-de-diciembre\/#webpage"},"isPartOf":{"@id":"https:\/\/eldigitaldeasturias.com\/magazine365\/volotea-operara-la-conexion-aerea-entre-asturias-y-venecia-a-partir-de-diciembre\/#webpage"},"articleSection":"Actualidad Turismo"},{"@type":"BreadcrumbList","@id":"https:\/\/eldigitaldeasturias.com\/magazine365\/volotea-operara-la-conexion-aerea-entre-asturias-y-venecia-a-partir-de-diciembre\/#breadcrumblist","itemListElement":[{"@type":"ListItem","@id":"https:\/\/eldigitaldeasturias.com\/magazine365#listItem","position":1,"name":"Home","item":"https:\/\/eldigitaldeasturias.com\/magazine365","nextItem":{"@type":"ListItem","@id":"https:\/\/eldigitaldeasturias.com\/magazine365\/category\/actualidad-turismo\/#listItem","name":"Actualidad Turismo"}},{"@type":"ListItem","@id":"https:\/\/eldigitaldeasturias.com\/magazine365\/category\/actualidad-turismo\/#listItem","position":2,"name":"Actualidad Turismo","item":"https:\/\/eldigitaldeasturias.com\/magazine365\/category\/actualidad-turismo\/","nextItem":{"@type":"ListItem","@id":"https:\/\/eldigitaldeasturias.com\/magazine365\/volotea-operara-la-conexion-aerea-entre-asturias-y-venecia-a-partir-de-diciembre\/#listItem","name":"Volotea operar\u00e1 la conexi\u00f3n a\u00e9rea entre Asturias y Venecia a partir de diciembre"},"previousItem":{"@type":"ListItem","@id":"https:\/\/eldigitaldeasturias.com\/magazine365#listItem","name":"Home"}},{"@type":"ListItem","@id":"https:\/\/eldigitaldeasturias.com\/magazine365\/volotea-operara-la-conexion-aerea-entre-asturias-y-venecia-a-partir-de-diciembre\/#listItem","position":3,"name":"Volotea operar\u00e1 la conexi\u00f3n a\u00e9rea entre Asturias y Venecia a partir de diciembre","previousItem":{"@type":"ListItem","@id":"https:\/\/eldigitaldeasturias.com\/magazine365\/category\/actualidad-turismo\/#listItem","name":"Actualidad Turismo"}}]},{"@type":"Organization","@id":"https:\/\/eldigitaldeasturias.com\/magazine365\/#organization","name":"El digital de Asturias","description":"Revista de ocio, turismo y estilo de vida","url":"https:\/\/eldigitaldeasturias.com\/magazine365\/","logo":{"@type":"ImageObject","url":"https:\/\/www.eldigitaldeasturias.com\/noticias\/wp-content\/uploads\/2020\/12\/EDA.jpg","@id":"https:\/\/eldigitaldeasturias.com\/magazine365\/volotea-operara-la-conexion-aerea-entre-asturias-y-venecia-a-partir-de-diciembre\/#organizationLogo"},"image":{"@id":"https:\/\/eldigitaldeasturias.com\/magazine365\/volotea-operara-la-conexion-aerea-entre-asturias-y-venecia-a-partir-de-diciembre\/#organizationLogo"}},{"@type":"Person","@id":"https:\/\/eldigitaldeasturias.com\/magazine365\/author\/admin\/#author","url":"https:\/\/eldigitaldeasturias.com\/magazine365\/author\/admin\/","name":"admin","image":{"@type":"ImageObject","@id":"https:\/\/eldigitaldeasturias.com\/magazine365\/volotea-operara-la-conexion-aerea-entre-asturias-y-venecia-a-partir-de-diciembre\/#authorImage","url":"https:\/\/eldigitaldeasturias.com\/magazine365\/wp-content\/litespeed\/avatar\/e571bcf59a0edd6fa6838245a470f2fe.jpg?ver=1776969259","width":96,"height":96,"caption":"admin"}},{"@type":"WebPage","@id":"https:\/\/eldigitaldeasturias.com\/magazine365\/volotea-operara-la-conexion-aerea-entre-asturias-y-venecia-a-partir-de-diciembre\/#webpage","url":"https:\/\/eldigitaldeasturias.com\/magazine365\/volotea-operara-la-conexion-aerea-entre-asturias-y-venecia-a-partir-de-diciembre\/","name":"Volotea operar\u00e1 la conexi\u00f3n a\u00e9rea entre Asturias y Venecia a partir de diciembre | El Digital de Asturias","description":"La aerol\u00ednea volotea operar\u00e1 la conexi\u00f3n a\u00e9rea entre Asturias y Venecia a partir del pr\u00f3ximo mes de diciembre, y entre Asturias y Munich a partir de marzo de 2017, seg\u00fan informa este jueves el portal aeroasturias.com, que matiza que los vuelos tendr\u00e1n car\u00e1cter estacional La aerol\u00ednea se ha adjudicado el concurso de conectividad internacional promulgado","inLanguage":"es-ES","isPartOf":{"@id":"https:\/\/eldigitaldeasturias.com\/magazine365\/#website"},"breadcrumb":{"@id":"https:\/\/eldigitaldeasturias.com\/magazine365\/volotea-operara-la-conexion-aerea-entre-asturias-y-venecia-a-partir-de-diciembre\/#breadcrumblist"},"author":{"@id":"https:\/\/eldigitaldeasturias.com\/magazine365\/author\/admin\/#author"},"creator":{"@id":"https:\/\/eldigitaldeasturias.com\/magazine365\/author\/admin\/#author"},"image":{"@type":"ImageObject","url":"https:\/\/eldigitaldeasturias.com\/magazine365\/wp-content\/uploads\/2015\/06\/fotonoticia_20150604143153_800.jpg","@id":"https:\/\/eldigitaldeasturias.com\/magazine365\/volotea-operara-la-conexion-aerea-entre-asturias-y-venecia-a-partir-de-diciembre\/#mainImage","width":800,"height":533},"primaryImageOfPage":{"@id":"https:\/\/eldigitaldeasturias.com\/magazine365\/volotea-operara-la-conexion-aerea-entre-asturias-y-venecia-a-partir-de-diciembre\/#mainImage"},"datePublished":"2015-06-05T03:56:48+02:00","dateModified":"2015-06-05T03:56:48+02:00"},{"@type":"WebSite","@id":"https:\/\/eldigitaldeasturias.com\/magazine365\/#website","url":"https:\/\/eldigitaldeasturias.com\/magazine365\/","name":"El Digital de Asturias","description":"Revista de ocio, turismo y estilo de vida","inLanguage":"es-ES","publisher":{"@id":"https:\/\/eldigitaldeasturias.com\/magazine365\/#organization"}}]},"og:locale":"es_ES","og:site_name":"El Digital de Asturias \u2013 Revista de ocio, turismo y estilo de vida","og:type":"article","og:title":"Volotea operar\u00e1 la conexi\u00f3n a\u00e9rea entre Asturias y Venecia a partir de diciembre | El Digital de Asturias","og:description":"La aerol\u00ednea volotea operar\u00e1 la conexi\u00f3n a\u00e9rea entre Asturias y Venecia a partir del pr\u00f3ximo mes de diciembre, y entre Asturias y Munich a partir de marzo de 2017, seg\u00fan informa este jueves el portal aeroasturias.com, que matiza que los vuelos tendr\u00e1n car\u00e1cter estacional La aerol\u00ednea se ha adjudicado el concurso de conectividad internacional promulgado","og:url":"https:\/\/eldigitaldeasturias.com\/magazine365\/volotea-operara-la-conexion-aerea-entre-asturias-y-venecia-a-partir-de-diciembre\/","og:image":"https:\/\/eldigitaldeasturias.com\/magazine365\/wp-content\/uploads\/2015\/06\/fotonoticia_20150604143153_800.jpg","og:image:secure_url":"https:\/\/eldigitaldeasturias.com\/magazine365\/wp-content\/uploads\/2015\/06\/fotonoticia_20150604143153_800.jpg","og:image:width":800,"og:image:height":533,"article:published_time":"2015-06-05T02:26:48+00:00","article:modified_time":"2015-06-05T02:26:48+00:00","twitter:card":"summary_large_image","twitter:title":"Volotea operar\u00e1 la conexi\u00f3n a\u00e9rea entre Asturias y Venecia a partir de diciembre | El Digital de Asturias","twitter:description":"La aerol\u00ednea volotea operar\u00e1 la conexi\u00f3n a\u00e9rea entre Asturias y Venecia a partir del pr\u00f3ximo mes de diciembre, y entre Asturias y Munich a partir de marzo de 2017, seg\u00fan informa este jueves el portal aeroasturias.com, que matiza que los vuelos tendr\u00e1n car\u00e1cter estacional La aerol\u00ednea se ha adjudicado el concurso de conectividad internacional promulgado","twitter:image":"https:\/\/eldigitaldeasturias.com\/magazine365\/wp-content\/uploads\/2015\/06\/fotonoticia_20150604143153_800.jpg"},"aioseo_meta_data":{"post_id":"38861","title":null,"description":null,"keywords":null,"keyphrases":null,"primary_term":null,"canonical_url":null,"og_title":null,"og_description":null,"og_object_type":"default","og_image_type":"default","og_image_url":null,"og_image_width":null,"og_image_height":null,"og_image_custom_url":null,"og_image_custom_fields":null,"og_video":null,"og_custom_url":null,"og_article_section":null,"og_article_tags":null,"twitter_use_og":false,"twitter_card":"default","twitter_image_type":"default","twitter_image_url":null,"twitter_image_custom_url":null,"twitter_image_custom_fields":null,"twitter_title":null,"twitter_description":null,"schema":{"blockGraphs":[],"customGraphs":[],"default":{"data":{"Article":[],"Course":[],"Dataset":[],"FAQPage":[],"Movie":[],"Person":[],"Product":[],"ProductReview":[],"Car":[],"Recipe":[],"Service":[],"SoftwareApplication":[],"WebPage":[]},"graphName":"","isEnabled":true},"graphs":[],"defaultGraph":"","defaultPostTypeGraph":""},"schema_type":null,"schema_type_options":null,"pillar_content":false,"robots_default":true,"robots_noindex":false,"robots_noarchive":false,"robots_nosnippet":false,"robots_nofollow":false,"robots_noimageindex":false,"robots_noodp":false,"robots_notranslate":false,"robots_max_snippet":null,"robots_max_videopreview":null,"robots_max_imagepreview":"large","priority":null,"frequency":null,"location":null,"local_seo":null,"seo_analyzer_scan_date":"2025-09-19 10:28:33","breadcrumb_settings":null,"limit_modified_date":false,"open_ai":null,"ai":null,"created":"2021-03-09 02:48:57","updated":"2025-09-19 10:28:33"},"aioseo_breadcrumb":"<div class=\"aioseo-breadcrumbs\"><span class=\"aioseo-breadcrumb\">\n\t<a href=\"https:\/\/eldigitaldeasturias.com\/magazine365\" title=\"Home\">Home<\/a>\n<\/span><span class=\"aioseo-breadcrumb-separator\">\u2013<\/span><span class=\"aioseo-breadcrumb\">\n\t<a href=\"https:\/\/eldigitaldeasturias.com\/magazine365\/category\/actualidad-turismo\/\" title=\"Actualidad Turismo\">Actualidad Turismo<\/a>\n<\/span><span class=\"aioseo-breadcrumb-separator\">\u2013<\/span><span class=\"aioseo-breadcrumb\">\n\t<a href=\"https:\/\/eldigitaldeasturias.com\/magazine365\/volotea-operara-la-conexion-aerea-entre-asturias-y-venecia-a-partir-de-diciembre\/\" title=\"Volotea operar\u00e1 la conexi\u00f3n a\u00e9rea entre Asturias y Venecia a partir de diciembre\">Volotea operar\u00e1 la conexi\u00f3n a\u00e9rea entre Asturias y Venecia a partir de diciembre<\/a>\n<\/span><\/div>","aioseo_breadcrumb_json":[{"label":"Home","link":"https:\/\/eldigitaldeasturias.com\/magazine365"},{"label":"Actualidad Turismo","link":"https:\/\/eldigitaldeasturias.com\/magazine365\/category\/actualidad-turismo\/"},{"label":"Volotea operar\u00e1 la conexi\u00f3n a\u00e9rea entre Asturias y Venecia a partir de diciembre","link":"https:\/\/eldigitaldeasturias.com\/magazine365\/volotea-operara-la-conexion-aerea-entre-asturias-y-venecia-a-partir-de-diciembre\/"}],"_links":{"self":[{"href":"https:\/\/eldigitaldeasturias.com\/magazine365\/wp-json\/wp\/v2\/posts\/38861","targetHints":{"allow":["GET"]}}],"collection":[{"href":"https:\/\/eldigitaldeasturias.com\/magazine365\/wp-json\/wp\/v2\/posts"}],"about":[{"href":"https:\/\/eldigitaldeasturias.com\/magazine365\/wp-json\/wp\/v2\/types\/post"}],"author":[{"embeddable":true,"href":"https:\/\/eldigitaldeasturias.com\/magazine365\/wp-json\/wp\/v2\/users\/1"}],"replies":[{"embeddable":true,"href":"https:\/\/eldigitaldeasturias.com\/magazine365\/wp-json\/wp\/v2\/comments?post=38861"}],"version-history":[{"count":0,"href":"https:\/\/eldigitaldeasturias.com\/magazine365\/wp-json\/wp\/v2\/posts\/38861\/revisions"}],"wp:featuredmedia":[{"embeddable":true,"href":"https:\/\/eldigitaldeasturias.com\/magazine365\/wp-json\/wp\/v2\/media\/38862"}],"wp:attachment":[{"href":"https:\/\/eldigitaldeasturias.com\/magazine365\/wp-json\/wp\/v2\/media?parent=38861"}],"wp:term":[{"taxonomy":"category","embeddable":true,"href":"https:\/\/eldigitaldeasturias.com\/magazine365\/wp-json\/wp\/v2\/categories?post=38861"},{"taxonomy":"post_tag","embeddable":true,"href":"https:\/\/eldigitaldeasturias.com\/magazine365\/wp-json\/wp\/v2\/tags?post=38861"}],"curies":[{"name":"wp","href":"https:\/\/api.w.org\/{rel}","templated":true}]}}