{"id":38858,"date":"2015-06-05T03:54:17","date_gmt":"2015-06-05T02:24:17","guid":{"rendered":"http:\/\/eldigitaldeasturias.com\/magazine365\/?p=38858"},"modified":"2015-06-05T03:54:17","modified_gmt":"2015-06-05T02:24:17","slug":"los-viajeros-alojados-en-extremadura-aumentan-un-8-entre-enero-y-abril-de-2015","status":"publish","type":"post","link":"https:\/\/eldigitaldeasturias.com\/magazine365\/los-viajeros-alojados-en-extremadura-aumentan-un-8-entre-enero-y-abril-de-2015\/","title":{"rendered":"Los viajeros alojados en Extremadura aumentan un 8% entre enero y abril de 2015"},"content":{"rendered":"<p><img fetchpriority=\"high\" decoding=\"async\" class=\"alignleft size-medium wp-image-38859\" src=\"https:\/\/eldigitaldeasturias.com\/magazine365\/wp-content\/uploads\/2015\/06\/fotonoticia_20150604142236_800-360x270.jpg\" alt=\"fotonoticia_20150604142236_800\" width=\"360\" height=\"270\" srcset=\"https:\/\/eldigitaldeasturias.com\/magazine365\/wp-content\/uploads\/2015\/06\/fotonoticia_20150604142236_800-360x270.jpg 360w, https:\/\/eldigitaldeasturias.com\/magazine365\/wp-content\/uploads\/2015\/06\/fotonoticia_20150604142236_800-650x488.jpg 650w, https:\/\/eldigitaldeasturias.com\/magazine365\/wp-content\/uploads\/2015\/06\/fotonoticia_20150604142236_800-768x576.jpg 768w, https:\/\/eldigitaldeasturias.com\/magazine365\/wp-content\/uploads\/2015\/06\/fotonoticia_20150604142236_800-150x113.jpg 150w, https:\/\/eldigitaldeasturias.com\/magazine365\/wp-content\/uploads\/2015\/06\/fotonoticia_20150604142236_800-450x338.jpg 450w, https:\/\/eldigitaldeasturias.com\/magazine365\/wp-content\/uploads\/2015\/06\/fotonoticia_20150604142236_800-80x60.jpg 80w, https:\/\/eldigitaldeasturias.com\/magazine365\/wp-content\/uploads\/2015\/06\/fotonoticia_20150604142236_800-265x198.jpg 265w, https:\/\/eldigitaldeasturias.com\/magazine365\/wp-content\/uploads\/2015\/06\/fotonoticia_20150604142236_800-696x522.jpg 696w, https:\/\/eldigitaldeasturias.com\/magazine365\/wp-content\/uploads\/2015\/06\/fotonoticia_20150604142236_800-560x420.jpg 560w, https:\/\/eldigitaldeasturias.com\/magazine365\/wp-content\/uploads\/2015\/06\/fotonoticia_20150604142236_800-90x67.jpg 90w, https:\/\/eldigitaldeasturias.com\/magazine365\/wp-content\/uploads\/2015\/06\/fotonoticia_20150604142236_800-100x75.jpg 100w, https:\/\/eldigitaldeasturias.com\/magazine365\/wp-content\/uploads\/2015\/06\/fotonoticia_20150604142236_800.jpg 800w\" sizes=\"(max-width: 360px) 100vw, 360px\" \/>La cifra de viajeros alojados en Extremadura ha aumentado un 8 por ciento entre enero y abril en relaci\u00f3n al mismo periodo de 2014, seg\u00fan datos del INE, con lo que la comunidad ha alcanzado \u00abun nuevo m\u00e1ximo hist\u00f3rico\u00bb.<\/p>\n<p>Adem\u00e1s, como ha destacado el Ejecutivo regional en nota de prensa, el turismo sigue deparando \u00abbuenos resultados\u00bb en Extremadura en 2015, ya que la rentabilidad de las empresas tur\u00edsticas extreme\u00f1as ha crecido un 10 por ciento en el primer trimestre, en t\u00e9rminos interanuales, seg\u00fan la Asociaci\u00f3n de Empresas Tur\u00edsticas Exceltur.<\/p>\n<p>El n\u00famero de viajeros alojados en el conjunto de los establecimientos hoteleros de Extremadura ha crecido concretamente un 7,94 por ciento en los cuatro primeros meses del a\u00f1o con respecto al mismo periodo de 2014.<\/p>\n<p>De esta forma, la cifra registrada de enero a abril es de 439.451 turistas, frente a los 407.142 que se alojaron en los primeros cuatro meses del a\u00f1o pasado. Este n\u00famero de visitantes constituye \u00abun nuevo m\u00e1ximo hist\u00f3rico\u00bb, superando la anterior cota, los 434.837 del primer cuatrimestre de 2012.<\/p>\n<p>Si se realiza una comparativa mes por mes se puede observar que en todos los meses de este a\u00f1o, salvo en enero, las cifras de viajeros han sido superiores con respecto al mismo periodo de 2014.<\/p>\n<p>Lo mismo ocurre con el n\u00famero de viajeros alojados en establecimientos rurales en los cuatro primeros meses de 2015, que creci\u00f3 un 18,3 por ciento con respecto al mismo periodo de 2014. La cifra total de enero a abril es de 44.494 viajeros, frente a los 37.620 que se registraron en el mismo periodo del a\u00f1o pasado.<\/p>\n<p>En el caso de los alojamientos rurales, al hacer la comparativa mes por mes, se aprecia que el crecimiento fue \u00absuperior\u00bb en todos los meses de este a\u00f1o, con \u00abdiferencias significativas\u00bb en los meses de marzo y abril, en los que este a\u00f1o se ha celebrado parte de la Semana Santa.<\/p>\n<p>As\u00ed en marzo de 2015 se han registrado 13.126 viajeros frente a los 10.054 de marzo de 2014 y en el mes de abril 16.566 turistas, mientras que en el mismo mes de 2014 se contabilizaron 14.922.<\/p>\n<p>SUBIDA DE LA RENTABILIDAD EMPRESARIAL<\/p>\n<p>Estas subidas en las cifras coinciden tambi\u00e9n con la \u00absubida de la rentabilidad empresarial\u00bb en el primer trimestre, que fue del 10,4 por ciento, seg\u00fan la encuesta elaborada por Exceltur.<\/p>\n<p>Seg\u00fan ese estudio, el 62,2 por ciento de los empresarios tur\u00edsticos extreme\u00f1os aseguran que sus ingresos \u00abaumentaron\u00bb en el primer trimestre de 2015 y el 37,8 por ciento afirman que \u00abse mantuvieron\u00bb.<\/p>\n<p>A diferencia de lo que ocurre en la mayor\u00eda de las comunidades, ning\u00fan empresario extreme\u00f1o advierte p\u00e9rdidas durante el primer trimestre de 2015; situaci\u00f3n que solo coincide en Murcia, la comunidad con mejores resultados, con un 73,5 por ciento de empresarios que afirman haber aumentado sus ingresos y un 26,5 por ciento que dicen se reducen.<\/p>\n<p>Extremadura se sit\u00faa como la cuarta comunidad donde m\u00e1s empresarios afirman haber aumentado sus ingresos, solo por detr\u00e1s de Murcia (previamente citada), Andaluc\u00eda (69 por ciento) y Madrid (64,7 por ciento).<\/p>\n<p>Adem\u00e1s, los empresarios extreme\u00f1os no solo manifiestan buenos resultados durante el primer trimestre de 2015 en t\u00e9rminos de beneficios, sino tambi\u00e9n en precios, empleo, reservas y ventas. Concretamente, el 45,9 por ciento de los empresarios afirma que sus precios se mantuvieron (el 16,7 por ciento, que subieron; y el 20,7 por ciento, que bajaron).<\/p>\n<p>En el \u00e1mbito del empleo, el 82 por ciento de los empresarios encuestados aseguran que mantuvieron sus plantillas; un 16,7 por ciento, que aumentaron y un 12,6 por ciento, que se redujeron.<\/p>\n<p>Respecto de las reservas, por su parte, observaron que aumentaron en el 62,2 por ciento de los casos, seguidos de un 25,2 por ciento en que se mantuvieron y un 12,6 por ciento en que se redujeron.<\/p>\n<p>Finalmente, las ventas subieron para el 62,2 por ciento de los empresarios extreme\u00f1os encuestados y se mantuvieron para el 37,8 por ciento.<\/p>\n<p>EVOLUCI\u00d3N DE LOS INGRESOS POR HABITACI\u00d3N<\/p>\n<p>Estos incrementos se cifran en el 10,4 por ciento para los ingresos por habitaci\u00f3n disponible (RevPAR) y del 0,6 por ciento en la tarifa media diaria (ADR).<\/p>\n<p>Por comunidades, el incremento porcentual de los ingresos por habitaci\u00f3n disponible en Extremadura es el s\u00e9ptimo m\u00e1s elevado del pa\u00eds (por detr\u00e1s de Cantabria, Castilla y Le\u00f3n, Andaluc\u00eda, Castilla La Mancha, Madrid y Navarra).<\/p>\n","protected":false},"excerpt":{"rendered":"<p>La cifra de viajeros alojados en Extremadura ha aumentado un 8 por ciento entre enero y abril en relaci\u00f3n al mismo periodo de 2014, seg\u00fan datos del INE, con lo que la comunidad ha alcanzado \u00abun nuevo m\u00e1ximo hist\u00f3rico\u00bb. Adem\u00e1s, como ha destacado el Ejecutivo regional en nota de prensa, el turismo sigue deparando \u00abbuenos<\/p>\n","protected":false},"author":1,"featured_media":38859,"comment_status":"open","ping_status":"closed","sticky":false,"template":"","format":"standard","meta":{"footnotes":""},"categories":[222],"tags":[],"class_list":{"0":"post-38858","1":"post","2":"type-post","3":"status-publish","4":"format-standard","5":"has-post-thumbnail","7":"category-actualidad-turismo"},"aioseo_notices":[],"aioseo_head":"\n\t\t<!-- All in One SEO Pro 4.9.6.1 - aioseo.com -->\n\t<meta name=\"description\" content=\"La cifra de viajeros alojados en Extremadura ha aumentado un 8 por ciento entre enero y abril en relaci\u00f3n al mismo periodo de 2014, seg\u00fan datos del INE, con lo que la comunidad ha alcanzado &quot;un nuevo m\u00e1ximo hist\u00f3rico&quot;. Adem\u00e1s, como ha destacado el Ejecutivo regional en nota de prensa, el turismo sigue deparando &quot;buenos\" \/>\n\t<meta name=\"robots\" content=\"max-image-preview:large\" \/>\n\t<meta name=\"author\" content=\"admin\"\/>\n\t<meta name=\"google-site-verification\" content=\"UA-38556648-1\" \/>\n\t<meta name=\"keywords\" content=\"actualidad turismo\" \/>\n\t<link rel=\"canonical\" href=\"https:\/\/eldigitaldeasturias.com\/magazine365\/los-viajeros-alojados-en-extremadura-aumentan-un-8-entre-enero-y-abril-de-2015\/\" \/>\n\t<meta name=\"generator\" content=\"All in One SEO Pro (AIOSEO) 4.9.6.1\" \/>\n\t\t<meta property=\"og:locale\" content=\"es_ES\" \/>\n\t\t<meta property=\"og:site_name\" content=\"El Digital de Asturias \u2013 Revista de ocio, turismo y estilo de vida\" \/>\n\t\t<meta property=\"og:type\" content=\"article\" \/>\n\t\t<meta property=\"og:title\" content=\"Los viajeros alojados en Extremadura aumentan un 8% entre enero y abril de 2015 | El Digital de Asturias\" \/>\n\t\t<meta property=\"og:description\" content=\"La cifra de viajeros alojados en Extremadura ha aumentado un 8 por ciento entre enero y abril en relaci\u00f3n al mismo periodo de 2014, seg\u00fan datos del INE, con lo que la comunidad ha alcanzado &quot;un nuevo m\u00e1ximo hist\u00f3rico&quot;. Adem\u00e1s, como ha destacado el Ejecutivo regional en nota de prensa, el turismo sigue deparando &quot;buenos\" \/>\n\t\t<meta property=\"og:url\" content=\"https:\/\/eldigitaldeasturias.com\/magazine365\/los-viajeros-alojados-en-extremadura-aumentan-un-8-entre-enero-y-abril-de-2015\/\" \/>\n\t\t<meta property=\"og:image\" content=\"https:\/\/eldigitaldeasturias.com\/magazine365\/wp-content\/uploads\/2015\/06\/fotonoticia_20150604142236_800.jpg\" \/>\n\t\t<meta property=\"og:image:secure_url\" content=\"https:\/\/eldigitaldeasturias.com\/magazine365\/wp-content\/uploads\/2015\/06\/fotonoticia_20150604142236_800.jpg\" \/>\n\t\t<meta property=\"og:image:width\" content=\"800\" \/>\n\t\t<meta property=\"og:image:height\" content=\"600\" \/>\n\t\t<meta property=\"article:published_time\" content=\"2015-06-05T02:24:17+00:00\" \/>\n\t\t<meta property=\"article:modified_time\" content=\"2015-06-05T02:24:17+00:00\" \/>\n\t\t<meta name=\"twitter:card\" content=\"summary_large_image\" \/>\n\t\t<meta name=\"twitter:title\" content=\"Los viajeros alojados en Extremadura aumentan un 8% entre enero y abril de 2015 | El Digital de Asturias\" \/>\n\t\t<meta name=\"twitter:description\" content=\"La cifra de viajeros alojados en Extremadura ha aumentado un 8 por ciento entre enero y abril en relaci\u00f3n al mismo periodo de 2014, seg\u00fan datos del INE, con lo que la comunidad ha alcanzado &quot;un nuevo m\u00e1ximo hist\u00f3rico&quot;. Adem\u00e1s, como ha destacado el Ejecutivo regional en nota de prensa, el turismo sigue deparando &quot;buenos\" \/>\n\t\t<meta name=\"twitter:image\" content=\"https:\/\/eldigitaldeasturias.com\/magazine365\/wp-content\/uploads\/2015\/06\/fotonoticia_20150604142236_800.jpg\" \/>\n\t\t<script type=\"application\/ld+json\" class=\"aioseo-schema\">\n\t\t\t{\"@context\":\"https:\\\/\\\/schema.org\",\"@graph\":[{\"@type\":\"Article\",\"@id\":\"https:\\\/\\\/eldigitaldeasturias.com\\\/magazine365\\\/los-viajeros-alojados-en-extremadura-aumentan-un-8-entre-enero-y-abril-de-2015\\\/#article\",\"name\":\"Los viajeros alojados en Extremadura aumentan un 8% entre enero y abril de 2015 | El Digital de Asturias\",\"headline\":\"Los viajeros alojados en Extremadura aumentan un 8% entre enero y abril de 2015\",\"author\":{\"@id\":\"https:\\\/\\\/eldigitaldeasturias.com\\\/magazine365\\\/author\\\/admin\\\/#author\"},\"publisher\":{\"@id\":\"https:\\\/\\\/eldigitaldeasturias.com\\\/magazine365\\\/#organization\"},\"image\":{\"@type\":\"ImageObject\",\"url\":\"https:\\\/\\\/eldigitaldeasturias.com\\\/magazine365\\\/wp-content\\\/uploads\\\/2015\\\/06\\\/fotonoticia_20150604142236_800.jpg\",\"width\":800,\"height\":600},\"datePublished\":\"2015-06-05T03:54:17+02:00\",\"dateModified\":\"2015-06-05T03:54:17+02:00\",\"inLanguage\":\"es-ES\",\"mainEntityOfPage\":{\"@id\":\"https:\\\/\\\/eldigitaldeasturias.com\\\/magazine365\\\/los-viajeros-alojados-en-extremadura-aumentan-un-8-entre-enero-y-abril-de-2015\\\/#webpage\"},\"isPartOf\":{\"@id\":\"https:\\\/\\\/eldigitaldeasturias.com\\\/magazine365\\\/los-viajeros-alojados-en-extremadura-aumentan-un-8-entre-enero-y-abril-de-2015\\\/#webpage\"},\"articleSection\":\"Actualidad Turismo\"},{\"@type\":\"BreadcrumbList\",\"@id\":\"https:\\\/\\\/eldigitaldeasturias.com\\\/magazine365\\\/los-viajeros-alojados-en-extremadura-aumentan-un-8-entre-enero-y-abril-de-2015\\\/#breadcrumblist\",\"itemListElement\":[{\"@type\":\"ListItem\",\"@id\":\"https:\\\/\\\/eldigitaldeasturias.com\\\/magazine365#listItem\",\"position\":1,\"name\":\"Home\",\"item\":\"https:\\\/\\\/eldigitaldeasturias.com\\\/magazine365\",\"nextItem\":{\"@type\":\"ListItem\",\"@id\":\"https:\\\/\\\/eldigitaldeasturias.com\\\/magazine365\\\/category\\\/actualidad-turismo\\\/#listItem\",\"name\":\"Actualidad Turismo\"}},{\"@type\":\"ListItem\",\"@id\":\"https:\\\/\\\/eldigitaldeasturias.com\\\/magazine365\\\/category\\\/actualidad-turismo\\\/#listItem\",\"position\":2,\"name\":\"Actualidad Turismo\",\"item\":\"https:\\\/\\\/eldigitaldeasturias.com\\\/magazine365\\\/category\\\/actualidad-turismo\\\/\",\"nextItem\":{\"@type\":\"ListItem\",\"@id\":\"https:\\\/\\\/eldigitaldeasturias.com\\\/magazine365\\\/los-viajeros-alojados-en-extremadura-aumentan-un-8-entre-enero-y-abril-de-2015\\\/#listItem\",\"name\":\"Los viajeros alojados en Extremadura aumentan un 8% entre enero y abril de 2015\"},\"previousItem\":{\"@type\":\"ListItem\",\"@id\":\"https:\\\/\\\/eldigitaldeasturias.com\\\/magazine365#listItem\",\"name\":\"Home\"}},{\"@type\":\"ListItem\",\"@id\":\"https:\\\/\\\/eldigitaldeasturias.com\\\/magazine365\\\/los-viajeros-alojados-en-extremadura-aumentan-un-8-entre-enero-y-abril-de-2015\\\/#listItem\",\"position\":3,\"name\":\"Los viajeros alojados en Extremadura aumentan un 8% entre enero y abril de 2015\",\"previousItem\":{\"@type\":\"ListItem\",\"@id\":\"https:\\\/\\\/eldigitaldeasturias.com\\\/magazine365\\\/category\\\/actualidad-turismo\\\/#listItem\",\"name\":\"Actualidad Turismo\"}}]},{\"@type\":\"Organization\",\"@id\":\"https:\\\/\\\/eldigitaldeasturias.com\\\/magazine365\\\/#organization\",\"name\":\"El digital de Asturias\",\"description\":\"Revista de ocio, turismo y estilo de vida\",\"url\":\"https:\\\/\\\/eldigitaldeasturias.com\\\/magazine365\\\/\",\"logo\":{\"@type\":\"ImageObject\",\"url\":\"https:\\\/\\\/www.eldigitaldeasturias.com\\\/noticias\\\/wp-content\\\/uploads\\\/2020\\\/12\\\/EDA.jpg\",\"@id\":\"https:\\\/\\\/eldigitaldeasturias.com\\\/magazine365\\\/los-viajeros-alojados-en-extremadura-aumentan-un-8-entre-enero-y-abril-de-2015\\\/#organizationLogo\"},\"image\":{\"@id\":\"https:\\\/\\\/eldigitaldeasturias.com\\\/magazine365\\\/los-viajeros-alojados-en-extremadura-aumentan-un-8-entre-enero-y-abril-de-2015\\\/#organizationLogo\"}},{\"@type\":\"Person\",\"@id\":\"https:\\\/\\\/eldigitaldeasturias.com\\\/magazine365\\\/author\\\/admin\\\/#author\",\"url\":\"https:\\\/\\\/eldigitaldeasturias.com\\\/magazine365\\\/author\\\/admin\\\/\",\"name\":\"admin\",\"image\":{\"@type\":\"ImageObject\",\"@id\":\"https:\\\/\\\/eldigitaldeasturias.com\\\/magazine365\\\/los-viajeros-alojados-en-extremadura-aumentan-un-8-entre-enero-y-abril-de-2015\\\/#authorImage\",\"url\":\"https:\\\/\\\/eldigitaldeasturias.com\\\/magazine365\\\/wp-content\\\/litespeed\\\/avatar\\\/e571bcf59a0edd6fa6838245a470f2fe.jpg?ver=1776969259\",\"width\":96,\"height\":96,\"caption\":\"admin\"}},{\"@type\":\"WebPage\",\"@id\":\"https:\\\/\\\/eldigitaldeasturias.com\\\/magazine365\\\/los-viajeros-alojados-en-extremadura-aumentan-un-8-entre-enero-y-abril-de-2015\\\/#webpage\",\"url\":\"https:\\\/\\\/eldigitaldeasturias.com\\\/magazine365\\\/los-viajeros-alojados-en-extremadura-aumentan-un-8-entre-enero-y-abril-de-2015\\\/\",\"name\":\"Los viajeros alojados en Extremadura aumentan un 8% entre enero y abril de 2015 | El Digital de Asturias\",\"description\":\"La cifra de viajeros alojados en Extremadura ha aumentado un 8 por ciento entre enero y abril en relaci\\u00f3n al mismo periodo de 2014, seg\\u00fan datos del INE, con lo que la comunidad ha alcanzado \\\"un nuevo m\\u00e1ximo hist\\u00f3rico\\\". Adem\\u00e1s, como ha destacado el Ejecutivo regional en nota de prensa, el turismo sigue deparando \\\"buenos\",\"inLanguage\":\"es-ES\",\"isPartOf\":{\"@id\":\"https:\\\/\\\/eldigitaldeasturias.com\\\/magazine365\\\/#website\"},\"breadcrumb\":{\"@id\":\"https:\\\/\\\/eldigitaldeasturias.com\\\/magazine365\\\/los-viajeros-alojados-en-extremadura-aumentan-un-8-entre-enero-y-abril-de-2015\\\/#breadcrumblist\"},\"author\":{\"@id\":\"https:\\\/\\\/eldigitaldeasturias.com\\\/magazine365\\\/author\\\/admin\\\/#author\"},\"creator\":{\"@id\":\"https:\\\/\\\/eldigitaldeasturias.com\\\/magazine365\\\/author\\\/admin\\\/#author\"},\"image\":{\"@type\":\"ImageObject\",\"url\":\"https:\\\/\\\/eldigitaldeasturias.com\\\/magazine365\\\/wp-content\\\/uploads\\\/2015\\\/06\\\/fotonoticia_20150604142236_800.jpg\",\"@id\":\"https:\\\/\\\/eldigitaldeasturias.com\\\/magazine365\\\/los-viajeros-alojados-en-extremadura-aumentan-un-8-entre-enero-y-abril-de-2015\\\/#mainImage\",\"width\":800,\"height\":600},\"primaryImageOfPage\":{\"@id\":\"https:\\\/\\\/eldigitaldeasturias.com\\\/magazine365\\\/los-viajeros-alojados-en-extremadura-aumentan-un-8-entre-enero-y-abril-de-2015\\\/#mainImage\"},\"datePublished\":\"2015-06-05T03:54:17+02:00\",\"dateModified\":\"2015-06-05T03:54:17+02:00\"},{\"@type\":\"WebSite\",\"@id\":\"https:\\\/\\\/eldigitaldeasturias.com\\\/magazine365\\\/#website\",\"url\":\"https:\\\/\\\/eldigitaldeasturias.com\\\/magazine365\\\/\",\"name\":\"El Digital de Asturias\",\"description\":\"Revista de ocio, turismo y estilo de vida\",\"inLanguage\":\"es-ES\",\"publisher\":{\"@id\":\"https:\\\/\\\/eldigitaldeasturias.com\\\/magazine365\\\/#organization\"}}]}\n\t\t<\/script>\n\t\t<!-- All in One SEO Pro -->\r\n\t\t<title>Los viajeros alojados en Extremadura aumentan un 8% entre enero y abril de 2015 | El Digital de Asturias<\/title>\n\n","aioseo_head_json":{"title":"Los viajeros alojados en Extremadura aumentan un 8% entre enero y abril de 2015 | El Digital de Asturias","description":"La cifra de viajeros alojados en Extremadura ha aumentado un 8 por ciento entre enero y abril en relaci\u00f3n al mismo periodo de 2014, seg\u00fan datos del INE, con lo que la comunidad ha alcanzado \"un nuevo m\u00e1ximo hist\u00f3rico\". Adem\u00e1s, como ha destacado el Ejecutivo regional en nota de prensa, el turismo sigue deparando \"buenos","canonical_url":"https:\/\/eldigitaldeasturias.com\/magazine365\/los-viajeros-alojados-en-extremadura-aumentan-un-8-entre-enero-y-abril-de-2015\/","robots":"max-image-preview:large","keywords":"actualidad turismo","webmasterTools":{"google-site-verification":"UA-38556648-1","miscellaneous":""},"schema":{"@context":"https:\/\/schema.org","@graph":[{"@type":"Article","@id":"https:\/\/eldigitaldeasturias.com\/magazine365\/los-viajeros-alojados-en-extremadura-aumentan-un-8-entre-enero-y-abril-de-2015\/#article","name":"Los viajeros alojados en Extremadura aumentan un 8% entre enero y abril de 2015 | El Digital de Asturias","headline":"Los viajeros alojados en Extremadura aumentan un 8% entre enero y abril de 2015","author":{"@id":"https:\/\/eldigitaldeasturias.com\/magazine365\/author\/admin\/#author"},"publisher":{"@id":"https:\/\/eldigitaldeasturias.com\/magazine365\/#organization"},"image":{"@type":"ImageObject","url":"https:\/\/eldigitaldeasturias.com\/magazine365\/wp-content\/uploads\/2015\/06\/fotonoticia_20150604142236_800.jpg","width":800,"height":600},"datePublished":"2015-06-05T03:54:17+02:00","dateModified":"2015-06-05T03:54:17+02:00","inLanguage":"es-ES","mainEntityOfPage":{"@id":"https:\/\/eldigitaldeasturias.com\/magazine365\/los-viajeros-alojados-en-extremadura-aumentan-un-8-entre-enero-y-abril-de-2015\/#webpage"},"isPartOf":{"@id":"https:\/\/eldigitaldeasturias.com\/magazine365\/los-viajeros-alojados-en-extremadura-aumentan-un-8-entre-enero-y-abril-de-2015\/#webpage"},"articleSection":"Actualidad Turismo"},{"@type":"BreadcrumbList","@id":"https:\/\/eldigitaldeasturias.com\/magazine365\/los-viajeros-alojados-en-extremadura-aumentan-un-8-entre-enero-y-abril-de-2015\/#breadcrumblist","itemListElement":[{"@type":"ListItem","@id":"https:\/\/eldigitaldeasturias.com\/magazine365#listItem","position":1,"name":"Home","item":"https:\/\/eldigitaldeasturias.com\/magazine365","nextItem":{"@type":"ListItem","@id":"https:\/\/eldigitaldeasturias.com\/magazine365\/category\/actualidad-turismo\/#listItem","name":"Actualidad Turismo"}},{"@type":"ListItem","@id":"https:\/\/eldigitaldeasturias.com\/magazine365\/category\/actualidad-turismo\/#listItem","position":2,"name":"Actualidad Turismo","item":"https:\/\/eldigitaldeasturias.com\/magazine365\/category\/actualidad-turismo\/","nextItem":{"@type":"ListItem","@id":"https:\/\/eldigitaldeasturias.com\/magazine365\/los-viajeros-alojados-en-extremadura-aumentan-un-8-entre-enero-y-abril-de-2015\/#listItem","name":"Los viajeros alojados en Extremadura aumentan un 8% entre enero y abril de 2015"},"previousItem":{"@type":"ListItem","@id":"https:\/\/eldigitaldeasturias.com\/magazine365#listItem","name":"Home"}},{"@type":"ListItem","@id":"https:\/\/eldigitaldeasturias.com\/magazine365\/los-viajeros-alojados-en-extremadura-aumentan-un-8-entre-enero-y-abril-de-2015\/#listItem","position":3,"name":"Los viajeros alojados en Extremadura aumentan un 8% entre enero y abril de 2015","previousItem":{"@type":"ListItem","@id":"https:\/\/eldigitaldeasturias.com\/magazine365\/category\/actualidad-turismo\/#listItem","name":"Actualidad Turismo"}}]},{"@type":"Organization","@id":"https:\/\/eldigitaldeasturias.com\/magazine365\/#organization","name":"El digital de Asturias","description":"Revista de ocio, turismo y estilo de vida","url":"https:\/\/eldigitaldeasturias.com\/magazine365\/","logo":{"@type":"ImageObject","url":"https:\/\/www.eldigitaldeasturias.com\/noticias\/wp-content\/uploads\/2020\/12\/EDA.jpg","@id":"https:\/\/eldigitaldeasturias.com\/magazine365\/los-viajeros-alojados-en-extremadura-aumentan-un-8-entre-enero-y-abril-de-2015\/#organizationLogo"},"image":{"@id":"https:\/\/eldigitaldeasturias.com\/magazine365\/los-viajeros-alojados-en-extremadura-aumentan-un-8-entre-enero-y-abril-de-2015\/#organizationLogo"}},{"@type":"Person","@id":"https:\/\/eldigitaldeasturias.com\/magazine365\/author\/admin\/#author","url":"https:\/\/eldigitaldeasturias.com\/magazine365\/author\/admin\/","name":"admin","image":{"@type":"ImageObject","@id":"https:\/\/eldigitaldeasturias.com\/magazine365\/los-viajeros-alojados-en-extremadura-aumentan-un-8-entre-enero-y-abril-de-2015\/#authorImage","url":"https:\/\/eldigitaldeasturias.com\/magazine365\/wp-content\/litespeed\/avatar\/e571bcf59a0edd6fa6838245a470f2fe.jpg?ver=1776969259","width":96,"height":96,"caption":"admin"}},{"@type":"WebPage","@id":"https:\/\/eldigitaldeasturias.com\/magazine365\/los-viajeros-alojados-en-extremadura-aumentan-un-8-entre-enero-y-abril-de-2015\/#webpage","url":"https:\/\/eldigitaldeasturias.com\/magazine365\/los-viajeros-alojados-en-extremadura-aumentan-un-8-entre-enero-y-abril-de-2015\/","name":"Los viajeros alojados en Extremadura aumentan un 8% entre enero y abril de 2015 | El Digital de Asturias","description":"La cifra de viajeros alojados en Extremadura ha aumentado un 8 por ciento entre enero y abril en relaci\u00f3n al mismo periodo de 2014, seg\u00fan datos del INE, con lo que la comunidad ha alcanzado \"un nuevo m\u00e1ximo hist\u00f3rico\". Adem\u00e1s, como ha destacado el Ejecutivo regional en nota de prensa, el turismo sigue deparando \"buenos","inLanguage":"es-ES","isPartOf":{"@id":"https:\/\/eldigitaldeasturias.com\/magazine365\/#website"},"breadcrumb":{"@id":"https:\/\/eldigitaldeasturias.com\/magazine365\/los-viajeros-alojados-en-extremadura-aumentan-un-8-entre-enero-y-abril-de-2015\/#breadcrumblist"},"author":{"@id":"https:\/\/eldigitaldeasturias.com\/magazine365\/author\/admin\/#author"},"creator":{"@id":"https:\/\/eldigitaldeasturias.com\/magazine365\/author\/admin\/#author"},"image":{"@type":"ImageObject","url":"https:\/\/eldigitaldeasturias.com\/magazine365\/wp-content\/uploads\/2015\/06\/fotonoticia_20150604142236_800.jpg","@id":"https:\/\/eldigitaldeasturias.com\/magazine365\/los-viajeros-alojados-en-extremadura-aumentan-un-8-entre-enero-y-abril-de-2015\/#mainImage","width":800,"height":600},"primaryImageOfPage":{"@id":"https:\/\/eldigitaldeasturias.com\/magazine365\/los-viajeros-alojados-en-extremadura-aumentan-un-8-entre-enero-y-abril-de-2015\/#mainImage"},"datePublished":"2015-06-05T03:54:17+02:00","dateModified":"2015-06-05T03:54:17+02:00"},{"@type":"WebSite","@id":"https:\/\/eldigitaldeasturias.com\/magazine365\/#website","url":"https:\/\/eldigitaldeasturias.com\/magazine365\/","name":"El Digital de Asturias","description":"Revista de ocio, turismo y estilo de vida","inLanguage":"es-ES","publisher":{"@id":"https:\/\/eldigitaldeasturias.com\/magazine365\/#organization"}}]},"og:locale":"es_ES","og:site_name":"El Digital de Asturias \u2013 Revista de ocio, turismo y estilo de vida","og:type":"article","og:title":"Los viajeros alojados en Extremadura aumentan un 8% entre enero y abril de 2015 | El Digital de Asturias","og:description":"La cifra de viajeros alojados en Extremadura ha aumentado un 8 por ciento entre enero y abril en relaci\u00f3n al mismo periodo de 2014, seg\u00fan datos del INE, con lo que la comunidad ha alcanzado &quot;un nuevo m\u00e1ximo hist\u00f3rico&quot;. Adem\u00e1s, como ha destacado el Ejecutivo regional en nota de prensa, el turismo sigue deparando &quot;buenos","og:url":"https:\/\/eldigitaldeasturias.com\/magazine365\/los-viajeros-alojados-en-extremadura-aumentan-un-8-entre-enero-y-abril-de-2015\/","og:image":"https:\/\/eldigitaldeasturias.com\/magazine365\/wp-content\/uploads\/2015\/06\/fotonoticia_20150604142236_800.jpg","og:image:secure_url":"https:\/\/eldigitaldeasturias.com\/magazine365\/wp-content\/uploads\/2015\/06\/fotonoticia_20150604142236_800.jpg","og:image:width":800,"og:image:height":600,"article:published_time":"2015-06-05T02:24:17+00:00","article:modified_time":"2015-06-05T02:24:17+00:00","twitter:card":"summary_large_image","twitter:title":"Los viajeros alojados en Extremadura aumentan un 8% entre enero y abril de 2015 | El Digital de Asturias","twitter:description":"La cifra de viajeros alojados en Extremadura ha aumentado un 8 por ciento entre enero y abril en relaci\u00f3n al mismo periodo de 2014, seg\u00fan datos del INE, con lo que la comunidad ha alcanzado &quot;un nuevo m\u00e1ximo hist\u00f3rico&quot;. Adem\u00e1s, como ha destacado el Ejecutivo regional en nota de prensa, el turismo sigue deparando &quot;buenos","twitter:image":"https:\/\/eldigitaldeasturias.com\/magazine365\/wp-content\/uploads\/2015\/06\/fotonoticia_20150604142236_800.jpg"},"aioseo_meta_data":{"post_id":"38858","title":null,"description":null,"keywords":null,"keyphrases":null,"primary_term":null,"canonical_url":null,"og_title":null,"og_description":null,"og_object_type":"default","og_image_type":"default","og_image_url":null,"og_image_width":null,"og_image_height":null,"og_image_custom_url":null,"og_image_custom_fields":null,"og_video":null,"og_custom_url":null,"og_article_section":null,"og_article_tags":null,"twitter_use_og":false,"twitter_card":"default","twitter_image_type":"default","twitter_image_url":null,"twitter_image_custom_url":null,"twitter_image_custom_fields":null,"twitter_title":null,"twitter_description":null,"schema":{"blockGraphs":[],"customGraphs":[],"default":{"data":{"Article":[],"Course":[],"Dataset":[],"FAQPage":[],"Movie":[],"Person":[],"Product":[],"ProductReview":[],"Car":[],"Recipe":[],"Service":[],"SoftwareApplication":[],"WebPage":[]},"graphName":"","isEnabled":true},"graphs":[],"defaultGraph":"","defaultPostTypeGraph":""},"schema_type":null,"schema_type_options":null,"pillar_content":false,"robots_default":true,"robots_noindex":false,"robots_noarchive":false,"robots_nosnippet":false,"robots_nofollow":false,"robots_noimageindex":false,"robots_noodp":false,"robots_notranslate":false,"robots_max_snippet":null,"robots_max_videopreview":null,"robots_max_imagepreview":"large","priority":null,"frequency":null,"location":null,"local_seo":null,"seo_analyzer_scan_date":"2025-09-19 10:26:21","breadcrumb_settings":null,"limit_modified_date":false,"open_ai":null,"ai":null,"created":"2021-03-09 02:48:57","updated":"2025-09-19 10:26:21"},"aioseo_breadcrumb":"<div class=\"aioseo-breadcrumbs\"><span class=\"aioseo-breadcrumb\">\n\t<a href=\"https:\/\/eldigitaldeasturias.com\/magazine365\" title=\"Home\">Home<\/a>\n<\/span><span class=\"aioseo-breadcrumb-separator\">\u2013<\/span><span class=\"aioseo-breadcrumb\">\n\t<a href=\"https:\/\/eldigitaldeasturias.com\/magazine365\/category\/actualidad-turismo\/\" title=\"Actualidad Turismo\">Actualidad Turismo<\/a>\n<\/span><span class=\"aioseo-breadcrumb-separator\">\u2013<\/span><span class=\"aioseo-breadcrumb\">\n\t<a href=\"https:\/\/eldigitaldeasturias.com\/magazine365\/los-viajeros-alojados-en-extremadura-aumentan-un-8-entre-enero-y-abril-de-2015\/\" title=\"Los viajeros alojados en Extremadura aumentan un 8% entre enero y abril de 2015\">Los viajeros alojados en Extremadura aumentan un 8% entre enero y abril de 2015<\/a>\n<\/span><\/div>","aioseo_breadcrumb_json":[{"label":"Home","link":"https:\/\/eldigitaldeasturias.com\/magazine365"},{"label":"Actualidad Turismo","link":"https:\/\/eldigitaldeasturias.com\/magazine365\/category\/actualidad-turismo\/"},{"label":"Los viajeros alojados en Extremadura aumentan un 8% entre enero y abril de 2015","link":"https:\/\/eldigitaldeasturias.com\/magazine365\/los-viajeros-alojados-en-extremadura-aumentan-un-8-entre-enero-y-abril-de-2015\/"}],"_links":{"self":[{"href":"https:\/\/eldigitaldeasturias.com\/magazine365\/wp-json\/wp\/v2\/posts\/38858","targetHints":{"allow":["GET"]}}],"collection":[{"href":"https:\/\/eldigitaldeasturias.com\/magazine365\/wp-json\/wp\/v2\/posts"}],"about":[{"href":"https:\/\/eldigitaldeasturias.com\/magazine365\/wp-json\/wp\/v2\/types\/post"}],"author":[{"embeddable":true,"href":"https:\/\/eldigitaldeasturias.com\/magazine365\/wp-json\/wp\/v2\/users\/1"}],"replies":[{"embeddable":true,"href":"https:\/\/eldigitaldeasturias.com\/magazine365\/wp-json\/wp\/v2\/comments?post=38858"}],"version-history":[{"count":0,"href":"https:\/\/eldigitaldeasturias.com\/magazine365\/wp-json\/wp\/v2\/posts\/38858\/revisions"}],"wp:featuredmedia":[{"embeddable":true,"href":"https:\/\/eldigitaldeasturias.com\/magazine365\/wp-json\/wp\/v2\/media\/38859"}],"wp:attachment":[{"href":"https:\/\/eldigitaldeasturias.com\/magazine365\/wp-json\/wp\/v2\/media?parent=38858"}],"wp:term":[{"taxonomy":"category","embeddable":true,"href":"https:\/\/eldigitaldeasturias.com\/magazine365\/wp-json\/wp\/v2\/categories?post=38858"},{"taxonomy":"post_tag","embeddable":true,"href":"https:\/\/eldigitaldeasturias.com\/magazine365\/wp-json\/wp\/v2\/tags?post=38858"}],"curies":[{"name":"wp","href":"https:\/\/api.w.org\/{rel}","templated":true}]}}