{"id":38853,"date":"2015-06-05T03:51:35","date_gmt":"2015-06-05T02:21:35","guid":{"rendered":"http:\/\/eldigitaldeasturias.com\/magazine365\/?p=38853"},"modified":"2015-06-05T03:51:35","modified_gmt":"2015-06-05T02:21:35","slug":"balearia-refuerza-el-transporte-de-mercancias-a-formentera","status":"publish","type":"post","link":"https:\/\/eldigitaldeasturias.com\/magazine365\/balearia-refuerza-el-transporte-de-mercancias-a-formentera\/","title":{"rendered":"Bale\u00e0ria refuerza el transporte de mercanc\u00edas a Formentera"},"content":{"rendered":"<p><img fetchpriority=\"high\" decoding=\"async\" class=\"alignleft size-medium wp-image-38854\" src=\"https:\/\/eldigitaldeasturias.com\/magazine365\/wp-content\/uploads\/2015\/06\/9133599w-655x360-360x198.jpg\" alt=\"9133599w-655x360\" width=\"360\" height=\"198\" srcset=\"https:\/\/eldigitaldeasturias.com\/magazine365\/wp-content\/uploads\/2015\/06\/9133599w-655x360-360x198.jpg 360w, https:\/\/eldigitaldeasturias.com\/magazine365\/wp-content\/uploads\/2015\/06\/9133599w-655x360-650x357.jpg 650w, https:\/\/eldigitaldeasturias.com\/magazine365\/wp-content\/uploads\/2015\/06\/9133599w-655x360-150x82.jpg 150w, https:\/\/eldigitaldeasturias.com\/magazine365\/wp-content\/uploads\/2015\/06\/9133599w-655x360-450x247.jpg 450w, https:\/\/eldigitaldeasturias.com\/magazine365\/wp-content\/uploads\/2015\/06\/9133599w-655x360.jpg 655w\" sizes=\"(max-width: 360px) 100vw, 360px\" \/>La naviera Bale\u00e0ria ha incorporado un nuevo buque entre Ibiza y Formentera, el Virot, que servir\u00e1 para reforzar los servicios de transporte de mercanc\u00edas entre las Pitiusas, gracias a su bodega con capacidad para 120 metros lineales de carga. El buque realizar\u00e1, de lunes a s\u00e1bado, tres salidas desde cada una de las islas.<\/p>\n<p>Con esta incorporaci\u00f3n, Bale\u00e0ria ampl\u00eda su oferta de servicios en el transporte de mercanc\u00edas entre las Pitiusas, tanto en capacidad de bodega como en n\u00famero de salidas. As\u00ed, sumando las salidas del Posidonia, Bale\u00e0ria pasa a ofrecer siete servicios de carga desde cada puerto, con una capacidad de bodega de m\u00e1s de 1.000 metros lineales en cada sentido.<\/p>\n<p>El Virot tiene una eslora de 64 metros y una manga de 11 y navega a 12 nudos.<\/p>\n<p>CARGA DE D\u00c9NIA A EIVISSA<\/p>\n<p>Por otra parte, esta semana ha empezado a operar en el transporte de carga entre D\u00e9nia y Eivissa el ferry Star Fighter, fletado por Bale\u00e0ria. El buque, de 118 metros de eslora y 20 de manga, tiene una capacidad de bodega de 705 metros lineales y pasa a reforzar los 530 metros lineales de Nisoss Chios en el transporte de mercanc\u00edas en la isla de Ibiza.<\/p>\n","protected":false},"excerpt":{"rendered":"<p>La naviera Bale\u00e0ria ha incorporado un nuevo buque entre Ibiza y Formentera, el Virot, que servir\u00e1 para reforzar los servicios de transporte de mercanc\u00edas entre las Pitiusas, gracias a su bodega con capacidad para 120 metros lineales de carga. El buque realizar\u00e1, de lunes a s\u00e1bado, tres salidas desde cada una de las islas. Con<\/p>\n","protected":false},"author":1,"featured_media":38854,"comment_status":"open","ping_status":"closed","sticky":false,"template":"","format":"standard","meta":{"footnotes":""},"categories":[222],"tags":[],"class_list":{"0":"post-38853","1":"post","2":"type-post","3":"status-publish","4":"format-standard","5":"has-post-thumbnail","7":"category-actualidad-turismo"},"aioseo_notices":[],"aioseo_head":"\n\t\t<!-- All in One SEO Pro 4.9.6.1 - aioseo.com -->\n\t<meta name=\"description\" content=\"La naviera Bale\u00e0ria ha incorporado un nuevo buque entre Ibiza y Formentera, el Virot, que servir\u00e1 para reforzar los servicios de transporte de mercanc\u00edas entre las Pitiusas, gracias a su bodega con capacidad para 120 metros lineales de carga. El buque realizar\u00e1, de lunes a s\u00e1bado, tres salidas desde cada una de las islas. Con\" \/>\n\t<meta name=\"robots\" content=\"max-image-preview:large\" \/>\n\t<meta name=\"author\" content=\"admin\"\/>\n\t<meta name=\"google-site-verification\" content=\"UA-38556648-1\" \/>\n\t<meta name=\"keywords\" content=\"actualidad turismo\" \/>\n\t<link rel=\"canonical\" href=\"https:\/\/eldigitaldeasturias.com\/magazine365\/balearia-refuerza-el-transporte-de-mercancias-a-formentera\/\" \/>\n\t<meta name=\"generator\" content=\"All in One SEO Pro (AIOSEO) 4.9.6.1\" \/>\n\t\t<meta property=\"og:locale\" content=\"es_ES\" \/>\n\t\t<meta property=\"og:site_name\" content=\"El Digital de Asturias \u2013 Revista de ocio, turismo y estilo de vida\" \/>\n\t\t<meta property=\"og:type\" content=\"article\" \/>\n\t\t<meta property=\"og:title\" content=\"Bale\u00e0ria refuerza el transporte de mercanc\u00edas a Formentera | El Digital de Asturias\" \/>\n\t\t<meta property=\"og:description\" content=\"La naviera Bale\u00e0ria ha incorporado un nuevo buque entre Ibiza y Formentera, el Virot, que servir\u00e1 para reforzar los servicios de transporte de mercanc\u00edas entre las Pitiusas, gracias a su bodega con capacidad para 120 metros lineales de carga. El buque realizar\u00e1, de lunes a s\u00e1bado, tres salidas desde cada una de las islas. Con\" \/>\n\t\t<meta property=\"og:url\" content=\"https:\/\/eldigitaldeasturias.com\/magazine365\/balearia-refuerza-el-transporte-de-mercancias-a-formentera\/\" \/>\n\t\t<meta property=\"og:image\" content=\"https:\/\/eldigitaldeasturias.com\/magazine365\/wp-content\/uploads\/2015\/06\/9133599w-655x360.jpg\" \/>\n\t\t<meta property=\"og:image:secure_url\" content=\"https:\/\/eldigitaldeasturias.com\/magazine365\/wp-content\/uploads\/2015\/06\/9133599w-655x360.jpg\" \/>\n\t\t<meta property=\"og:image:width\" content=\"655\" \/>\n\t\t<meta property=\"og:image:height\" content=\"360\" \/>\n\t\t<meta property=\"article:published_time\" content=\"2015-06-05T02:21:35+00:00\" \/>\n\t\t<meta property=\"article:modified_time\" content=\"2015-06-05T02:21:35+00:00\" \/>\n\t\t<meta name=\"twitter:card\" content=\"summary_large_image\" \/>\n\t\t<meta name=\"twitter:title\" content=\"Bale\u00e0ria refuerza el transporte de mercanc\u00edas a Formentera | El Digital de Asturias\" \/>\n\t\t<meta name=\"twitter:description\" content=\"La naviera Bale\u00e0ria ha incorporado un nuevo buque entre Ibiza y Formentera, el Virot, que servir\u00e1 para reforzar los servicios de transporte de mercanc\u00edas entre las Pitiusas, gracias a su bodega con capacidad para 120 metros lineales de carga. El buque realizar\u00e1, de lunes a s\u00e1bado, tres salidas desde cada una de las islas. Con\" \/>\n\t\t<meta name=\"twitter:image\" content=\"https:\/\/eldigitaldeasturias.com\/magazine365\/wp-content\/uploads\/2015\/06\/9133599w-655x360.jpg\" \/>\n\t\t<script type=\"application\/ld+json\" class=\"aioseo-schema\">\n\t\t\t{\"@context\":\"https:\\\/\\\/schema.org\",\"@graph\":[{\"@type\":\"Article\",\"@id\":\"https:\\\/\\\/eldigitaldeasturias.com\\\/magazine365\\\/balearia-refuerza-el-transporte-de-mercancias-a-formentera\\\/#article\",\"name\":\"Bale\\u00e0ria refuerza el transporte de mercanc\\u00edas a Formentera | El Digital de Asturias\",\"headline\":\"Bale\\u00e0ria refuerza el transporte de mercanc\\u00edas a Formentera\",\"author\":{\"@id\":\"https:\\\/\\\/eldigitaldeasturias.com\\\/magazine365\\\/author\\\/admin\\\/#author\"},\"publisher\":{\"@id\":\"https:\\\/\\\/eldigitaldeasturias.com\\\/magazine365\\\/#organization\"},\"image\":{\"@type\":\"ImageObject\",\"url\":\"https:\\\/\\\/eldigitaldeasturias.com\\\/magazine365\\\/wp-content\\\/uploads\\\/2015\\\/06\\\/9133599w-655x360.jpg\",\"width\":655,\"height\":360},\"datePublished\":\"2015-06-05T03:51:35+02:00\",\"dateModified\":\"2015-06-05T03:51:35+02:00\",\"inLanguage\":\"es-ES\",\"mainEntityOfPage\":{\"@id\":\"https:\\\/\\\/eldigitaldeasturias.com\\\/magazine365\\\/balearia-refuerza-el-transporte-de-mercancias-a-formentera\\\/#webpage\"},\"isPartOf\":{\"@id\":\"https:\\\/\\\/eldigitaldeasturias.com\\\/magazine365\\\/balearia-refuerza-el-transporte-de-mercancias-a-formentera\\\/#webpage\"},\"articleSection\":\"Actualidad Turismo\"},{\"@type\":\"BreadcrumbList\",\"@id\":\"https:\\\/\\\/eldigitaldeasturias.com\\\/magazine365\\\/balearia-refuerza-el-transporte-de-mercancias-a-formentera\\\/#breadcrumblist\",\"itemListElement\":[{\"@type\":\"ListItem\",\"@id\":\"https:\\\/\\\/eldigitaldeasturias.com\\\/magazine365#listItem\",\"position\":1,\"name\":\"Home\",\"item\":\"https:\\\/\\\/eldigitaldeasturias.com\\\/magazine365\",\"nextItem\":{\"@type\":\"ListItem\",\"@id\":\"https:\\\/\\\/eldigitaldeasturias.com\\\/magazine365\\\/category\\\/actualidad-turismo\\\/#listItem\",\"name\":\"Actualidad Turismo\"}},{\"@type\":\"ListItem\",\"@id\":\"https:\\\/\\\/eldigitaldeasturias.com\\\/magazine365\\\/category\\\/actualidad-turismo\\\/#listItem\",\"position\":2,\"name\":\"Actualidad Turismo\",\"item\":\"https:\\\/\\\/eldigitaldeasturias.com\\\/magazine365\\\/category\\\/actualidad-turismo\\\/\",\"nextItem\":{\"@type\":\"ListItem\",\"@id\":\"https:\\\/\\\/eldigitaldeasturias.com\\\/magazine365\\\/balearia-refuerza-el-transporte-de-mercancias-a-formentera\\\/#listItem\",\"name\":\"Bale\\u00e0ria refuerza el transporte de mercanc\\u00edas a Formentera\"},\"previousItem\":{\"@type\":\"ListItem\",\"@id\":\"https:\\\/\\\/eldigitaldeasturias.com\\\/magazine365#listItem\",\"name\":\"Home\"}},{\"@type\":\"ListItem\",\"@id\":\"https:\\\/\\\/eldigitaldeasturias.com\\\/magazine365\\\/balearia-refuerza-el-transporte-de-mercancias-a-formentera\\\/#listItem\",\"position\":3,\"name\":\"Bale\\u00e0ria refuerza el transporte de mercanc\\u00edas a Formentera\",\"previousItem\":{\"@type\":\"ListItem\",\"@id\":\"https:\\\/\\\/eldigitaldeasturias.com\\\/magazine365\\\/category\\\/actualidad-turismo\\\/#listItem\",\"name\":\"Actualidad Turismo\"}}]},{\"@type\":\"Organization\",\"@id\":\"https:\\\/\\\/eldigitaldeasturias.com\\\/magazine365\\\/#organization\",\"name\":\"El digital de Asturias\",\"description\":\"Revista de ocio, turismo y estilo de vida\",\"url\":\"https:\\\/\\\/eldigitaldeasturias.com\\\/magazine365\\\/\",\"logo\":{\"@type\":\"ImageObject\",\"url\":\"https:\\\/\\\/www.eldigitaldeasturias.com\\\/noticias\\\/wp-content\\\/uploads\\\/2020\\\/12\\\/EDA.jpg\",\"@id\":\"https:\\\/\\\/eldigitaldeasturias.com\\\/magazine365\\\/balearia-refuerza-el-transporte-de-mercancias-a-formentera\\\/#organizationLogo\"},\"image\":{\"@id\":\"https:\\\/\\\/eldigitaldeasturias.com\\\/magazine365\\\/balearia-refuerza-el-transporte-de-mercancias-a-formentera\\\/#organizationLogo\"}},{\"@type\":\"Person\",\"@id\":\"https:\\\/\\\/eldigitaldeasturias.com\\\/magazine365\\\/author\\\/admin\\\/#author\",\"url\":\"https:\\\/\\\/eldigitaldeasturias.com\\\/magazine365\\\/author\\\/admin\\\/\",\"name\":\"admin\",\"image\":{\"@type\":\"ImageObject\",\"@id\":\"https:\\\/\\\/eldigitaldeasturias.com\\\/magazine365\\\/balearia-refuerza-el-transporte-de-mercancias-a-formentera\\\/#authorImage\",\"url\":\"https:\\\/\\\/eldigitaldeasturias.com\\\/magazine365\\\/wp-content\\\/litespeed\\\/avatar\\\/e571bcf59a0edd6fa6838245a470f2fe.jpg?ver=1776969259\",\"width\":96,\"height\":96,\"caption\":\"admin\"}},{\"@type\":\"WebPage\",\"@id\":\"https:\\\/\\\/eldigitaldeasturias.com\\\/magazine365\\\/balearia-refuerza-el-transporte-de-mercancias-a-formentera\\\/#webpage\",\"url\":\"https:\\\/\\\/eldigitaldeasturias.com\\\/magazine365\\\/balearia-refuerza-el-transporte-de-mercancias-a-formentera\\\/\",\"name\":\"Bale\\u00e0ria refuerza el transporte de mercanc\\u00edas a Formentera | El Digital de Asturias\",\"description\":\"La naviera Bale\\u00e0ria ha incorporado un nuevo buque entre Ibiza y Formentera, el Virot, que servir\\u00e1 para reforzar los servicios de transporte de mercanc\\u00edas entre las Pitiusas, gracias a su bodega con capacidad para 120 metros lineales de carga. El buque realizar\\u00e1, de lunes a s\\u00e1bado, tres salidas desde cada una de las islas. Con\",\"inLanguage\":\"es-ES\",\"isPartOf\":{\"@id\":\"https:\\\/\\\/eldigitaldeasturias.com\\\/magazine365\\\/#website\"},\"breadcrumb\":{\"@id\":\"https:\\\/\\\/eldigitaldeasturias.com\\\/magazine365\\\/balearia-refuerza-el-transporte-de-mercancias-a-formentera\\\/#breadcrumblist\"},\"author\":{\"@id\":\"https:\\\/\\\/eldigitaldeasturias.com\\\/magazine365\\\/author\\\/admin\\\/#author\"},\"creator\":{\"@id\":\"https:\\\/\\\/eldigitaldeasturias.com\\\/magazine365\\\/author\\\/admin\\\/#author\"},\"image\":{\"@type\":\"ImageObject\",\"url\":\"https:\\\/\\\/eldigitaldeasturias.com\\\/magazine365\\\/wp-content\\\/uploads\\\/2015\\\/06\\\/9133599w-655x360.jpg\",\"@id\":\"https:\\\/\\\/eldigitaldeasturias.com\\\/magazine365\\\/balearia-refuerza-el-transporte-de-mercancias-a-formentera\\\/#mainImage\",\"width\":655,\"height\":360},\"primaryImageOfPage\":{\"@id\":\"https:\\\/\\\/eldigitaldeasturias.com\\\/magazine365\\\/balearia-refuerza-el-transporte-de-mercancias-a-formentera\\\/#mainImage\"},\"datePublished\":\"2015-06-05T03:51:35+02:00\",\"dateModified\":\"2015-06-05T03:51:35+02:00\"},{\"@type\":\"WebSite\",\"@id\":\"https:\\\/\\\/eldigitaldeasturias.com\\\/magazine365\\\/#website\",\"url\":\"https:\\\/\\\/eldigitaldeasturias.com\\\/magazine365\\\/\",\"name\":\"El Digital de Asturias\",\"description\":\"Revista de ocio, turismo y estilo de vida\",\"inLanguage\":\"es-ES\",\"publisher\":{\"@id\":\"https:\\\/\\\/eldigitaldeasturias.com\\\/magazine365\\\/#organization\"}}]}\n\t\t<\/script>\n\t\t<!-- All in One SEO Pro -->\r\n\t\t<title>Bale\u00e0ria refuerza el transporte de mercanc\u00edas a Formentera | El Digital de Asturias<\/title>\n\n","aioseo_head_json":{"title":"Bale\u00e0ria refuerza el transporte de mercanc\u00edas a Formentera | El Digital de Asturias","description":"La naviera Bale\u00e0ria ha incorporado un nuevo buque entre Ibiza y Formentera, el Virot, que servir\u00e1 para reforzar los servicios de transporte de mercanc\u00edas entre las Pitiusas, gracias a su bodega con capacidad para 120 metros lineales de carga. El buque realizar\u00e1, de lunes a s\u00e1bado, tres salidas desde cada una de las islas. Con","canonical_url":"https:\/\/eldigitaldeasturias.com\/magazine365\/balearia-refuerza-el-transporte-de-mercancias-a-formentera\/","robots":"max-image-preview:large","keywords":"actualidad turismo","webmasterTools":{"google-site-verification":"UA-38556648-1","miscellaneous":""},"schema":{"@context":"https:\/\/schema.org","@graph":[{"@type":"Article","@id":"https:\/\/eldigitaldeasturias.com\/magazine365\/balearia-refuerza-el-transporte-de-mercancias-a-formentera\/#article","name":"Bale\u00e0ria refuerza el transporte de mercanc\u00edas a Formentera | El Digital de Asturias","headline":"Bale\u00e0ria refuerza el transporte de mercanc\u00edas a Formentera","author":{"@id":"https:\/\/eldigitaldeasturias.com\/magazine365\/author\/admin\/#author"},"publisher":{"@id":"https:\/\/eldigitaldeasturias.com\/magazine365\/#organization"},"image":{"@type":"ImageObject","url":"https:\/\/eldigitaldeasturias.com\/magazine365\/wp-content\/uploads\/2015\/06\/9133599w-655x360.jpg","width":655,"height":360},"datePublished":"2015-06-05T03:51:35+02:00","dateModified":"2015-06-05T03:51:35+02:00","inLanguage":"es-ES","mainEntityOfPage":{"@id":"https:\/\/eldigitaldeasturias.com\/magazine365\/balearia-refuerza-el-transporte-de-mercancias-a-formentera\/#webpage"},"isPartOf":{"@id":"https:\/\/eldigitaldeasturias.com\/magazine365\/balearia-refuerza-el-transporte-de-mercancias-a-formentera\/#webpage"},"articleSection":"Actualidad Turismo"},{"@type":"BreadcrumbList","@id":"https:\/\/eldigitaldeasturias.com\/magazine365\/balearia-refuerza-el-transporte-de-mercancias-a-formentera\/#breadcrumblist","itemListElement":[{"@type":"ListItem","@id":"https:\/\/eldigitaldeasturias.com\/magazine365#listItem","position":1,"name":"Home","item":"https:\/\/eldigitaldeasturias.com\/magazine365","nextItem":{"@type":"ListItem","@id":"https:\/\/eldigitaldeasturias.com\/magazine365\/category\/actualidad-turismo\/#listItem","name":"Actualidad Turismo"}},{"@type":"ListItem","@id":"https:\/\/eldigitaldeasturias.com\/magazine365\/category\/actualidad-turismo\/#listItem","position":2,"name":"Actualidad Turismo","item":"https:\/\/eldigitaldeasturias.com\/magazine365\/category\/actualidad-turismo\/","nextItem":{"@type":"ListItem","@id":"https:\/\/eldigitaldeasturias.com\/magazine365\/balearia-refuerza-el-transporte-de-mercancias-a-formentera\/#listItem","name":"Bale\u00e0ria refuerza el transporte de mercanc\u00edas a Formentera"},"previousItem":{"@type":"ListItem","@id":"https:\/\/eldigitaldeasturias.com\/magazine365#listItem","name":"Home"}},{"@type":"ListItem","@id":"https:\/\/eldigitaldeasturias.com\/magazine365\/balearia-refuerza-el-transporte-de-mercancias-a-formentera\/#listItem","position":3,"name":"Bale\u00e0ria refuerza el transporte de mercanc\u00edas a Formentera","previousItem":{"@type":"ListItem","@id":"https:\/\/eldigitaldeasturias.com\/magazine365\/category\/actualidad-turismo\/#listItem","name":"Actualidad Turismo"}}]},{"@type":"Organization","@id":"https:\/\/eldigitaldeasturias.com\/magazine365\/#organization","name":"El digital de Asturias","description":"Revista de ocio, turismo y estilo de vida","url":"https:\/\/eldigitaldeasturias.com\/magazine365\/","logo":{"@type":"ImageObject","url":"https:\/\/www.eldigitaldeasturias.com\/noticias\/wp-content\/uploads\/2020\/12\/EDA.jpg","@id":"https:\/\/eldigitaldeasturias.com\/magazine365\/balearia-refuerza-el-transporte-de-mercancias-a-formentera\/#organizationLogo"},"image":{"@id":"https:\/\/eldigitaldeasturias.com\/magazine365\/balearia-refuerza-el-transporte-de-mercancias-a-formentera\/#organizationLogo"}},{"@type":"Person","@id":"https:\/\/eldigitaldeasturias.com\/magazine365\/author\/admin\/#author","url":"https:\/\/eldigitaldeasturias.com\/magazine365\/author\/admin\/","name":"admin","image":{"@type":"ImageObject","@id":"https:\/\/eldigitaldeasturias.com\/magazine365\/balearia-refuerza-el-transporte-de-mercancias-a-formentera\/#authorImage","url":"https:\/\/eldigitaldeasturias.com\/magazine365\/wp-content\/litespeed\/avatar\/e571bcf59a0edd6fa6838245a470f2fe.jpg?ver=1776969259","width":96,"height":96,"caption":"admin"}},{"@type":"WebPage","@id":"https:\/\/eldigitaldeasturias.com\/magazine365\/balearia-refuerza-el-transporte-de-mercancias-a-formentera\/#webpage","url":"https:\/\/eldigitaldeasturias.com\/magazine365\/balearia-refuerza-el-transporte-de-mercancias-a-formentera\/","name":"Bale\u00e0ria refuerza el transporte de mercanc\u00edas a Formentera | El Digital de Asturias","description":"La naviera Bale\u00e0ria ha incorporado un nuevo buque entre Ibiza y Formentera, el Virot, que servir\u00e1 para reforzar los servicios de transporte de mercanc\u00edas entre las Pitiusas, gracias a su bodega con capacidad para 120 metros lineales de carga. El buque realizar\u00e1, de lunes a s\u00e1bado, tres salidas desde cada una de las islas. Con","inLanguage":"es-ES","isPartOf":{"@id":"https:\/\/eldigitaldeasturias.com\/magazine365\/#website"},"breadcrumb":{"@id":"https:\/\/eldigitaldeasturias.com\/magazine365\/balearia-refuerza-el-transporte-de-mercancias-a-formentera\/#breadcrumblist"},"author":{"@id":"https:\/\/eldigitaldeasturias.com\/magazine365\/author\/admin\/#author"},"creator":{"@id":"https:\/\/eldigitaldeasturias.com\/magazine365\/author\/admin\/#author"},"image":{"@type":"ImageObject","url":"https:\/\/eldigitaldeasturias.com\/magazine365\/wp-content\/uploads\/2015\/06\/9133599w-655x360.jpg","@id":"https:\/\/eldigitaldeasturias.com\/magazine365\/balearia-refuerza-el-transporte-de-mercancias-a-formentera\/#mainImage","width":655,"height":360},"primaryImageOfPage":{"@id":"https:\/\/eldigitaldeasturias.com\/magazine365\/balearia-refuerza-el-transporte-de-mercancias-a-formentera\/#mainImage"},"datePublished":"2015-06-05T03:51:35+02:00","dateModified":"2015-06-05T03:51:35+02:00"},{"@type":"WebSite","@id":"https:\/\/eldigitaldeasturias.com\/magazine365\/#website","url":"https:\/\/eldigitaldeasturias.com\/magazine365\/","name":"El Digital de Asturias","description":"Revista de ocio, turismo y estilo de vida","inLanguage":"es-ES","publisher":{"@id":"https:\/\/eldigitaldeasturias.com\/magazine365\/#organization"}}]},"og:locale":"es_ES","og:site_name":"El Digital de Asturias \u2013 Revista de ocio, turismo y estilo de vida","og:type":"article","og:title":"Bale\u00e0ria refuerza el transporte de mercanc\u00edas a Formentera | El Digital de Asturias","og:description":"La naviera Bale\u00e0ria ha incorporado un nuevo buque entre Ibiza y Formentera, el Virot, que servir\u00e1 para reforzar los servicios de transporte de mercanc\u00edas entre las Pitiusas, gracias a su bodega con capacidad para 120 metros lineales de carga. El buque realizar\u00e1, de lunes a s\u00e1bado, tres salidas desde cada una de las islas. Con","og:url":"https:\/\/eldigitaldeasturias.com\/magazine365\/balearia-refuerza-el-transporte-de-mercancias-a-formentera\/","og:image":"https:\/\/eldigitaldeasturias.com\/magazine365\/wp-content\/uploads\/2015\/06\/9133599w-655x360.jpg","og:image:secure_url":"https:\/\/eldigitaldeasturias.com\/magazine365\/wp-content\/uploads\/2015\/06\/9133599w-655x360.jpg","og:image:width":655,"og:image:height":360,"article:published_time":"2015-06-05T02:21:35+00:00","article:modified_time":"2015-06-05T02:21:35+00:00","twitter:card":"summary_large_image","twitter:title":"Bale\u00e0ria refuerza el transporte de mercanc\u00edas a Formentera | El Digital de Asturias","twitter:description":"La naviera Bale\u00e0ria ha incorporado un nuevo buque entre Ibiza y Formentera, el Virot, que servir\u00e1 para reforzar los servicios de transporte de mercanc\u00edas entre las Pitiusas, gracias a su bodega con capacidad para 120 metros lineales de carga. El buque realizar\u00e1, de lunes a s\u00e1bado, tres salidas desde cada una de las islas. Con","twitter:image":"https:\/\/eldigitaldeasturias.com\/magazine365\/wp-content\/uploads\/2015\/06\/9133599w-655x360.jpg"},"aioseo_meta_data":{"post_id":"38853","title":null,"description":null,"keywords":null,"keyphrases":null,"primary_term":null,"canonical_url":null,"og_title":null,"og_description":null,"og_object_type":"default","og_image_type":"default","og_image_url":null,"og_image_width":null,"og_image_height":null,"og_image_custom_url":null,"og_image_custom_fields":null,"og_video":null,"og_custom_url":null,"og_article_section":null,"og_article_tags":null,"twitter_use_og":false,"twitter_card":"default","twitter_image_type":"default","twitter_image_url":null,"twitter_image_custom_url":null,"twitter_image_custom_fields":null,"twitter_title":null,"twitter_description":null,"schema":{"blockGraphs":[],"customGraphs":[],"default":{"data":{"Article":[],"Course":[],"Dataset":[],"FAQPage":[],"Movie":[],"Person":[],"Product":[],"ProductReview":[],"Car":[],"Recipe":[],"Service":[],"SoftwareApplication":[],"WebPage":[]},"graphName":"","isEnabled":true},"graphs":[],"defaultGraph":"","defaultPostTypeGraph":""},"schema_type":null,"schema_type_options":null,"pillar_content":false,"robots_default":true,"robots_noindex":false,"robots_noarchive":false,"robots_nosnippet":false,"robots_nofollow":false,"robots_noimageindex":false,"robots_noodp":false,"robots_notranslate":false,"robots_max_snippet":null,"robots_max_videopreview":null,"robots_max_imagepreview":"large","priority":null,"frequency":null,"location":null,"local_seo":null,"seo_analyzer_scan_date":"2025-09-19 10:26:19","breadcrumb_settings":null,"limit_modified_date":false,"open_ai":null,"ai":null,"created":"2021-03-09 02:48:57","updated":"2025-09-19 10:26:19"},"aioseo_breadcrumb":"<div class=\"aioseo-breadcrumbs\"><span class=\"aioseo-breadcrumb\">\n\t<a href=\"https:\/\/eldigitaldeasturias.com\/magazine365\" title=\"Home\">Home<\/a>\n<\/span><span class=\"aioseo-breadcrumb-separator\">\u2013<\/span><span class=\"aioseo-breadcrumb\">\n\t<a href=\"https:\/\/eldigitaldeasturias.com\/magazine365\/category\/actualidad-turismo\/\" title=\"Actualidad Turismo\">Actualidad Turismo<\/a>\n<\/span><span class=\"aioseo-breadcrumb-separator\">\u2013<\/span><span class=\"aioseo-breadcrumb\">\n\t<a href=\"https:\/\/eldigitaldeasturias.com\/magazine365\/balearia-refuerza-el-transporte-de-mercancias-a-formentera\/\" title=\"Bale\u00e0ria refuerza el transporte de mercanc\u00edas a Formentera\">Bale\u00e0ria refuerza el transporte de mercanc\u00edas a Formentera<\/a>\n<\/span><\/div>","aioseo_breadcrumb_json":[{"label":"Home","link":"https:\/\/eldigitaldeasturias.com\/magazine365"},{"label":"Actualidad Turismo","link":"https:\/\/eldigitaldeasturias.com\/magazine365\/category\/actualidad-turismo\/"},{"label":"Bale\u00e0ria refuerza el transporte de mercanc\u00edas a Formentera","link":"https:\/\/eldigitaldeasturias.com\/magazine365\/balearia-refuerza-el-transporte-de-mercancias-a-formentera\/"}],"_links":{"self":[{"href":"https:\/\/eldigitaldeasturias.com\/magazine365\/wp-json\/wp\/v2\/posts\/38853","targetHints":{"allow":["GET"]}}],"collection":[{"href":"https:\/\/eldigitaldeasturias.com\/magazine365\/wp-json\/wp\/v2\/posts"}],"about":[{"href":"https:\/\/eldigitaldeasturias.com\/magazine365\/wp-json\/wp\/v2\/types\/post"}],"author":[{"embeddable":true,"href":"https:\/\/eldigitaldeasturias.com\/magazine365\/wp-json\/wp\/v2\/users\/1"}],"replies":[{"embeddable":true,"href":"https:\/\/eldigitaldeasturias.com\/magazine365\/wp-json\/wp\/v2\/comments?post=38853"}],"version-history":[{"count":0,"href":"https:\/\/eldigitaldeasturias.com\/magazine365\/wp-json\/wp\/v2\/posts\/38853\/revisions"}],"wp:featuredmedia":[{"embeddable":true,"href":"https:\/\/eldigitaldeasturias.com\/magazine365\/wp-json\/wp\/v2\/media\/38854"}],"wp:attachment":[{"href":"https:\/\/eldigitaldeasturias.com\/magazine365\/wp-json\/wp\/v2\/media?parent=38853"}],"wp:term":[{"taxonomy":"category","embeddable":true,"href":"https:\/\/eldigitaldeasturias.com\/magazine365\/wp-json\/wp\/v2\/categories?post=38853"},{"taxonomy":"post_tag","embeddable":true,"href":"https:\/\/eldigitaldeasturias.com\/magazine365\/wp-json\/wp\/v2\/tags?post=38853"}],"curies":[{"name":"wp","href":"https:\/\/api.w.org\/{rel}","templated":true}]}}