{"id":38832,"date":"2015-06-05T03:37:40","date_gmt":"2015-06-05T02:07:40","guid":{"rendered":"http:\/\/eldigitaldeasturias.com\/magazine365\/?p=38832"},"modified":"2015-06-05T03:37:40","modified_gmt":"2015-06-05T02:07:40","slug":"el-sector-de-los-balnearios-espanol-reflexionara-sobre-su-futuro","status":"publish","type":"post","link":"https:\/\/eldigitaldeasturias.com\/magazine365\/el-sector-de-los-balnearios-espanol-reflexionara-sobre-su-futuro\/","title":{"rendered":"El sector de los balnearios espa\u00f1ol reflexionar\u00e1 sobre su futuro"},"content":{"rendered":"<p><img fetchpriority=\"high\" decoding=\"async\" class=\"alignleft size-medium wp-image-38833\" src=\"https:\/\/eldigitaldeasturias.com\/magazine365\/wp-content\/uploads\/2015\/06\/fotonoticia_20150603192232_800-360x239.jpg\" alt=\"fotonoticia_20150603192232_800\" width=\"360\" height=\"239\" srcset=\"https:\/\/eldigitaldeasturias.com\/magazine365\/wp-content\/uploads\/2015\/06\/fotonoticia_20150603192232_800-360x239.jpg 360w, https:\/\/eldigitaldeasturias.com\/magazine365\/wp-content\/uploads\/2015\/06\/fotonoticia_20150603192232_800-650x432.jpg 650w, https:\/\/eldigitaldeasturias.com\/magazine365\/wp-content\/uploads\/2015\/06\/fotonoticia_20150603192232_800-768x511.jpg 768w, https:\/\/eldigitaldeasturias.com\/magazine365\/wp-content\/uploads\/2015\/06\/fotonoticia_20150603192232_800-150x100.jpg 150w, https:\/\/eldigitaldeasturias.com\/magazine365\/wp-content\/uploads\/2015\/06\/fotonoticia_20150603192232_800-450x299.jpg 450w, https:\/\/eldigitaldeasturias.com\/magazine365\/wp-content\/uploads\/2015\/06\/fotonoticia_20150603192232_800-696x463.jpg 696w, https:\/\/eldigitaldeasturias.com\/magazine365\/wp-content\/uploads\/2015\/06\/fotonoticia_20150603192232_800-632x420.jpg 632w, https:\/\/eldigitaldeasturias.com\/magazine365\/wp-content\/uploads\/2015\/06\/fotonoticia_20150603192232_800-84x55.jpg 84w, https:\/\/eldigitaldeasturias.com\/magazine365\/wp-content\/uploads\/2015\/06\/fotonoticia_20150603192232_800.jpg 800w\" sizes=\"(max-width: 360px) 100vw, 360px\" \/>La comunidad aut\u00f3noma extreme\u00f1a ser\u00e1 escenario de las II jornadas de reflexi\u00f3n del sector balnearios que organiza la Asociaci\u00f3n Nacional de Balnearios (Anbal) el pr\u00f3ximo lunes, d\u00eda 8, y el martes, d\u00eda 9.<\/p>\n<p>Concretamente, las instalaciones de Alange y El Raposo, adscritos a la marca Extremadura Termal y ambos en la provincia de Badajoz, ser\u00e1n los lugares de celebraci\u00f3n del encuentro profesional &#8216;Balnearios 2020&#8217;, donde se debatir\u00e1 acerca de la situaci\u00f3n actual del sector con la meta de alcanzar conclusiones que permitan trazar futuras l\u00edneas de acci\u00f3n futuras.<\/p>\n<p>As\u00ed, las sesiones informativas se desarrollar\u00e1n en el balneario de Alange, donde tambi\u00e9n tendr\u00e1 lugar la inauguraci\u00f3n de las jornadas a cargo del presidente de Anbal, Miguel Mirones, seguida de diversas ponencias relacionadas \u00abdirectamente\u00bb con la l\u00ednea de actividad de los centros termales.<\/p>\n<p>En esta l\u00ednea ir\u00e1 la presentaci\u00f3n de los turoperadores dirigidos al p\u00fablico senior Club de Vacaciones, del director general, Jos\u00e9 Antonio de la Torre, seg\u00fan ha informado Extremadura Termal en nota de prensa.<\/p>\n<p>Tambi\u00e9n el lunes, d\u00eda 8, est\u00e1n programadas las ponencias del director de la empresa de marketing Kanlli, Gonzalo Ib\u00e1\u00f1ez, sobre la adaptaci\u00f3n de los websites de los establecimientos a los dispositivos m\u00f3viles, la presentaci\u00f3n del responsable de Crecente Asociados, Mario Crecente, sobre los trabajos del estudio &#8216;Turismo Termal-Turismo Wellness en Espa\u00f1a&#8217;, promovido por la Escuela de Organizaci\u00f3n Industrial (EOI); as\u00ed como la charla &#8216;Presente y futuro de la especialidad de Hidrolog\u00eda M\u00e9dica&#8217;, a cargo de Miguel \u00c1ngel Fern\u00e1ndez Tor\u00e1n, de la Comisi\u00f3n de Asuntos Sanitarios de Anbal.<\/p>\n<p>La jornadas del martes incluir\u00e1n la presentaci\u00f3n del estudio &#8216;An\u00e1lisis y Prospectiva del termalismo europeo: Una aproximaci\u00f3n al mercado de Francia, Alemania, Italia y Suecia&#8217;, del director general de la consultora H4DM, Fernando Cocho.<\/p>\n<p>CIERRE EN EL RAPOSO<\/p>\n<p>Tambi\u00e9n participar\u00e1n instituciones como Segittur, la Asociaci\u00f3n Europea de Spas (ESPA) y el Cl\u00faster Espa\u00f1ol de Turismo de Salud, cuyos representantes disertar\u00e1n acerca del turismo senior europeo, la situaci\u00f3n del asociacionismo en Portugal y el estado actual del proyecto internacional &#8216;Spaincares&#8217;, respectivamente.<\/p>\n<p>El programa de ponencias cerrar\u00e1 con la exposici\u00f3n del director general del Instituto para la Calidad Tur\u00edstica Espa\u00f1ola (ICTE), Fernando Fraile, que informar\u00e1 a los asistentes congregados en el Balneario de Alange sobre los sistemas de Calidad en el sector.<\/p>\n<p>&#8216;Balnearios 2020&#8217; finalizar\u00e1 con una visita a las instalaciones del Balneario El Raposo, ubicado en la poblaci\u00f3n hom\u00f3nima de la provincia de Badajoz y tambi\u00e9n integrante de la marca Extremadura Termal, donde se servir\u00e1 la cena de clausura.<\/p>\n","protected":false},"excerpt":{"rendered":"<p>La comunidad aut\u00f3noma extreme\u00f1a ser\u00e1 escenario de las II jornadas de reflexi\u00f3n del sector balnearios que organiza la Asociaci\u00f3n Nacional de Balnearios (Anbal) el pr\u00f3ximo lunes, d\u00eda 8, y el martes, d\u00eda 9. Concretamente, las instalaciones de Alange y El Raposo, adscritos a la marca Extremadura Termal y ambos en la provincia de Badajoz, ser\u00e1n<\/p>\n","protected":false},"author":1,"featured_media":38833,"comment_status":"open","ping_status":"closed","sticky":false,"template":"","format":"standard","meta":{"footnotes":""},"categories":[222],"tags":[],"class_list":{"0":"post-38832","1":"post","2":"type-post","3":"status-publish","4":"format-standard","5":"has-post-thumbnail","7":"category-actualidad-turismo"},"aioseo_notices":[],"aioseo_head":"\n\t\t<!-- All in One SEO Pro 4.9.6.1 - aioseo.com -->\n\t<meta name=\"description\" content=\"La comunidad aut\u00f3noma extreme\u00f1a ser\u00e1 escenario de las II jornadas de reflexi\u00f3n del sector balnearios que organiza la Asociaci\u00f3n Nacional de Balnearios (Anbal) el pr\u00f3ximo lunes, d\u00eda 8, y el martes, d\u00eda 9. Concretamente, las instalaciones de Alange y El Raposo, adscritos a la marca Extremadura Termal y ambos en la provincia de Badajoz, ser\u00e1n\" \/>\n\t<meta name=\"robots\" content=\"max-image-preview:large\" \/>\n\t<meta name=\"author\" content=\"admin\"\/>\n\t<meta name=\"google-site-verification\" content=\"UA-38556648-1\" \/>\n\t<meta name=\"keywords\" content=\"actualidad turismo\" \/>\n\t<link rel=\"canonical\" href=\"https:\/\/eldigitaldeasturias.com\/magazine365\/el-sector-de-los-balnearios-espanol-reflexionara-sobre-su-futuro\/\" \/>\n\t<meta name=\"generator\" content=\"All in One SEO Pro (AIOSEO) 4.9.6.1\" \/>\n\t\t<meta property=\"og:locale\" content=\"es_ES\" \/>\n\t\t<meta property=\"og:site_name\" content=\"El Digital de Asturias \u2013 Revista de ocio, turismo y estilo de vida\" \/>\n\t\t<meta property=\"og:type\" content=\"article\" \/>\n\t\t<meta property=\"og:title\" content=\"El sector de los balnearios espa\u00f1ol reflexionar\u00e1 sobre su futuro | El Digital de Asturias\" \/>\n\t\t<meta property=\"og:description\" content=\"La comunidad aut\u00f3noma extreme\u00f1a ser\u00e1 escenario de las II jornadas de reflexi\u00f3n del sector balnearios que organiza la Asociaci\u00f3n Nacional de Balnearios (Anbal) el pr\u00f3ximo lunes, d\u00eda 8, y el martes, d\u00eda 9. Concretamente, las instalaciones de Alange y El Raposo, adscritos a la marca Extremadura Termal y ambos en la provincia de Badajoz, ser\u00e1n\" \/>\n\t\t<meta property=\"og:url\" content=\"https:\/\/eldigitaldeasturias.com\/magazine365\/el-sector-de-los-balnearios-espanol-reflexionara-sobre-su-futuro\/\" \/>\n\t\t<meta property=\"og:image\" content=\"https:\/\/eldigitaldeasturias.com\/magazine365\/wp-content\/uploads\/2015\/06\/fotonoticia_20150603192232_800.jpg\" \/>\n\t\t<meta property=\"og:image:secure_url\" content=\"https:\/\/eldigitaldeasturias.com\/magazine365\/wp-content\/uploads\/2015\/06\/fotonoticia_20150603192232_800.jpg\" \/>\n\t\t<meta property=\"og:image:width\" content=\"800\" \/>\n\t\t<meta property=\"og:image:height\" content=\"532\" \/>\n\t\t<meta property=\"article:published_time\" content=\"2015-06-05T02:07:40+00:00\" \/>\n\t\t<meta property=\"article:modified_time\" content=\"2015-06-05T02:07:40+00:00\" \/>\n\t\t<meta name=\"twitter:card\" content=\"summary_large_image\" \/>\n\t\t<meta name=\"twitter:title\" content=\"El sector de los balnearios espa\u00f1ol reflexionar\u00e1 sobre su futuro | El Digital de Asturias\" \/>\n\t\t<meta name=\"twitter:description\" content=\"La comunidad aut\u00f3noma extreme\u00f1a ser\u00e1 escenario de las II jornadas de reflexi\u00f3n del sector balnearios que organiza la Asociaci\u00f3n Nacional de Balnearios (Anbal) el pr\u00f3ximo lunes, d\u00eda 8, y el martes, d\u00eda 9. Concretamente, las instalaciones de Alange y El Raposo, adscritos a la marca Extremadura Termal y ambos en la provincia de Badajoz, ser\u00e1n\" \/>\n\t\t<meta name=\"twitter:image\" content=\"https:\/\/eldigitaldeasturias.com\/magazine365\/wp-content\/uploads\/2015\/06\/fotonoticia_20150603192232_800.jpg\" \/>\n\t\t<script type=\"application\/ld+json\" class=\"aioseo-schema\">\n\t\t\t{\"@context\":\"https:\\\/\\\/schema.org\",\"@graph\":[{\"@type\":\"Article\",\"@id\":\"https:\\\/\\\/eldigitaldeasturias.com\\\/magazine365\\\/el-sector-de-los-balnearios-espanol-reflexionara-sobre-su-futuro\\\/#article\",\"name\":\"El sector de los balnearios espa\\u00f1ol reflexionar\\u00e1 sobre su futuro | El Digital de Asturias\",\"headline\":\"El sector de los balnearios espa\\u00f1ol reflexionar\\u00e1 sobre su futuro\",\"author\":{\"@id\":\"https:\\\/\\\/eldigitaldeasturias.com\\\/magazine365\\\/author\\\/admin\\\/#author\"},\"publisher\":{\"@id\":\"https:\\\/\\\/eldigitaldeasturias.com\\\/magazine365\\\/#organization\"},\"image\":{\"@type\":\"ImageObject\",\"url\":\"https:\\\/\\\/eldigitaldeasturias.com\\\/magazine365\\\/wp-content\\\/uploads\\\/2015\\\/06\\\/fotonoticia_20150603192232_800.jpg\",\"width\":800,\"height\":532},\"datePublished\":\"2015-06-05T03:37:40+02:00\",\"dateModified\":\"2015-06-05T03:37:40+02:00\",\"inLanguage\":\"es-ES\",\"mainEntityOfPage\":{\"@id\":\"https:\\\/\\\/eldigitaldeasturias.com\\\/magazine365\\\/el-sector-de-los-balnearios-espanol-reflexionara-sobre-su-futuro\\\/#webpage\"},\"isPartOf\":{\"@id\":\"https:\\\/\\\/eldigitaldeasturias.com\\\/magazine365\\\/el-sector-de-los-balnearios-espanol-reflexionara-sobre-su-futuro\\\/#webpage\"},\"articleSection\":\"Actualidad Turismo\"},{\"@type\":\"BreadcrumbList\",\"@id\":\"https:\\\/\\\/eldigitaldeasturias.com\\\/magazine365\\\/el-sector-de-los-balnearios-espanol-reflexionara-sobre-su-futuro\\\/#breadcrumblist\",\"itemListElement\":[{\"@type\":\"ListItem\",\"@id\":\"https:\\\/\\\/eldigitaldeasturias.com\\\/magazine365#listItem\",\"position\":1,\"name\":\"Home\",\"item\":\"https:\\\/\\\/eldigitaldeasturias.com\\\/magazine365\",\"nextItem\":{\"@type\":\"ListItem\",\"@id\":\"https:\\\/\\\/eldigitaldeasturias.com\\\/magazine365\\\/category\\\/actualidad-turismo\\\/#listItem\",\"name\":\"Actualidad Turismo\"}},{\"@type\":\"ListItem\",\"@id\":\"https:\\\/\\\/eldigitaldeasturias.com\\\/magazine365\\\/category\\\/actualidad-turismo\\\/#listItem\",\"position\":2,\"name\":\"Actualidad Turismo\",\"item\":\"https:\\\/\\\/eldigitaldeasturias.com\\\/magazine365\\\/category\\\/actualidad-turismo\\\/\",\"nextItem\":{\"@type\":\"ListItem\",\"@id\":\"https:\\\/\\\/eldigitaldeasturias.com\\\/magazine365\\\/el-sector-de-los-balnearios-espanol-reflexionara-sobre-su-futuro\\\/#listItem\",\"name\":\"El sector de los balnearios espa\\u00f1ol reflexionar\\u00e1 sobre su futuro\"},\"previousItem\":{\"@type\":\"ListItem\",\"@id\":\"https:\\\/\\\/eldigitaldeasturias.com\\\/magazine365#listItem\",\"name\":\"Home\"}},{\"@type\":\"ListItem\",\"@id\":\"https:\\\/\\\/eldigitaldeasturias.com\\\/magazine365\\\/el-sector-de-los-balnearios-espanol-reflexionara-sobre-su-futuro\\\/#listItem\",\"position\":3,\"name\":\"El sector de los balnearios espa\\u00f1ol reflexionar\\u00e1 sobre su futuro\",\"previousItem\":{\"@type\":\"ListItem\",\"@id\":\"https:\\\/\\\/eldigitaldeasturias.com\\\/magazine365\\\/category\\\/actualidad-turismo\\\/#listItem\",\"name\":\"Actualidad Turismo\"}}]},{\"@type\":\"Organization\",\"@id\":\"https:\\\/\\\/eldigitaldeasturias.com\\\/magazine365\\\/#organization\",\"name\":\"El digital de Asturias\",\"description\":\"Revista de ocio, turismo y estilo de vida\",\"url\":\"https:\\\/\\\/eldigitaldeasturias.com\\\/magazine365\\\/\",\"logo\":{\"@type\":\"ImageObject\",\"url\":\"https:\\\/\\\/www.eldigitaldeasturias.com\\\/noticias\\\/wp-content\\\/uploads\\\/2020\\\/12\\\/EDA.jpg\",\"@id\":\"https:\\\/\\\/eldigitaldeasturias.com\\\/magazine365\\\/el-sector-de-los-balnearios-espanol-reflexionara-sobre-su-futuro\\\/#organizationLogo\"},\"image\":{\"@id\":\"https:\\\/\\\/eldigitaldeasturias.com\\\/magazine365\\\/el-sector-de-los-balnearios-espanol-reflexionara-sobre-su-futuro\\\/#organizationLogo\"}},{\"@type\":\"Person\",\"@id\":\"https:\\\/\\\/eldigitaldeasturias.com\\\/magazine365\\\/author\\\/admin\\\/#author\",\"url\":\"https:\\\/\\\/eldigitaldeasturias.com\\\/magazine365\\\/author\\\/admin\\\/\",\"name\":\"admin\",\"image\":{\"@type\":\"ImageObject\",\"@id\":\"https:\\\/\\\/eldigitaldeasturias.com\\\/magazine365\\\/el-sector-de-los-balnearios-espanol-reflexionara-sobre-su-futuro\\\/#authorImage\",\"url\":\"https:\\\/\\\/eldigitaldeasturias.com\\\/magazine365\\\/wp-content\\\/litespeed\\\/avatar\\\/e571bcf59a0edd6fa6838245a470f2fe.jpg?ver=1776969259\",\"width\":96,\"height\":96,\"caption\":\"admin\"}},{\"@type\":\"WebPage\",\"@id\":\"https:\\\/\\\/eldigitaldeasturias.com\\\/magazine365\\\/el-sector-de-los-balnearios-espanol-reflexionara-sobre-su-futuro\\\/#webpage\",\"url\":\"https:\\\/\\\/eldigitaldeasturias.com\\\/magazine365\\\/el-sector-de-los-balnearios-espanol-reflexionara-sobre-su-futuro\\\/\",\"name\":\"El sector de los balnearios espa\\u00f1ol reflexionar\\u00e1 sobre su futuro | El Digital de Asturias\",\"description\":\"La comunidad aut\\u00f3noma extreme\\u00f1a ser\\u00e1 escenario de las II jornadas de reflexi\\u00f3n del sector balnearios que organiza la Asociaci\\u00f3n Nacional de Balnearios (Anbal) el pr\\u00f3ximo lunes, d\\u00eda 8, y el martes, d\\u00eda 9. Concretamente, las instalaciones de Alange y El Raposo, adscritos a la marca Extremadura Termal y ambos en la provincia de Badajoz, ser\\u00e1n\",\"inLanguage\":\"es-ES\",\"isPartOf\":{\"@id\":\"https:\\\/\\\/eldigitaldeasturias.com\\\/magazine365\\\/#website\"},\"breadcrumb\":{\"@id\":\"https:\\\/\\\/eldigitaldeasturias.com\\\/magazine365\\\/el-sector-de-los-balnearios-espanol-reflexionara-sobre-su-futuro\\\/#breadcrumblist\"},\"author\":{\"@id\":\"https:\\\/\\\/eldigitaldeasturias.com\\\/magazine365\\\/author\\\/admin\\\/#author\"},\"creator\":{\"@id\":\"https:\\\/\\\/eldigitaldeasturias.com\\\/magazine365\\\/author\\\/admin\\\/#author\"},\"image\":{\"@type\":\"ImageObject\",\"url\":\"https:\\\/\\\/eldigitaldeasturias.com\\\/magazine365\\\/wp-content\\\/uploads\\\/2015\\\/06\\\/fotonoticia_20150603192232_800.jpg\",\"@id\":\"https:\\\/\\\/eldigitaldeasturias.com\\\/magazine365\\\/el-sector-de-los-balnearios-espanol-reflexionara-sobre-su-futuro\\\/#mainImage\",\"width\":800,\"height\":532},\"primaryImageOfPage\":{\"@id\":\"https:\\\/\\\/eldigitaldeasturias.com\\\/magazine365\\\/el-sector-de-los-balnearios-espanol-reflexionara-sobre-su-futuro\\\/#mainImage\"},\"datePublished\":\"2015-06-05T03:37:40+02:00\",\"dateModified\":\"2015-06-05T03:37:40+02:00\"},{\"@type\":\"WebSite\",\"@id\":\"https:\\\/\\\/eldigitaldeasturias.com\\\/magazine365\\\/#website\",\"url\":\"https:\\\/\\\/eldigitaldeasturias.com\\\/magazine365\\\/\",\"name\":\"El Digital de Asturias\",\"description\":\"Revista de ocio, turismo y estilo de vida\",\"inLanguage\":\"es-ES\",\"publisher\":{\"@id\":\"https:\\\/\\\/eldigitaldeasturias.com\\\/magazine365\\\/#organization\"}}]}\n\t\t<\/script>\n\t\t<!-- All in One SEO Pro -->\r\n\t\t<title>El sector de los balnearios espa\u00f1ol reflexionar\u00e1 sobre su futuro | El Digital de Asturias<\/title>\n\n","aioseo_head_json":{"title":"El sector de los balnearios espa\u00f1ol reflexionar\u00e1 sobre su futuro | El Digital de Asturias","description":"La comunidad aut\u00f3noma extreme\u00f1a ser\u00e1 escenario de las II jornadas de reflexi\u00f3n del sector balnearios que organiza la Asociaci\u00f3n Nacional de Balnearios (Anbal) el pr\u00f3ximo lunes, d\u00eda 8, y el martes, d\u00eda 9. Concretamente, las instalaciones de Alange y El Raposo, adscritos a la marca Extremadura Termal y ambos en la provincia de Badajoz, ser\u00e1n","canonical_url":"https:\/\/eldigitaldeasturias.com\/magazine365\/el-sector-de-los-balnearios-espanol-reflexionara-sobre-su-futuro\/","robots":"max-image-preview:large","keywords":"actualidad turismo","webmasterTools":{"google-site-verification":"UA-38556648-1","miscellaneous":""},"schema":{"@context":"https:\/\/schema.org","@graph":[{"@type":"Article","@id":"https:\/\/eldigitaldeasturias.com\/magazine365\/el-sector-de-los-balnearios-espanol-reflexionara-sobre-su-futuro\/#article","name":"El sector de los balnearios espa\u00f1ol reflexionar\u00e1 sobre su futuro | El Digital de Asturias","headline":"El sector de los balnearios espa\u00f1ol reflexionar\u00e1 sobre su futuro","author":{"@id":"https:\/\/eldigitaldeasturias.com\/magazine365\/author\/admin\/#author"},"publisher":{"@id":"https:\/\/eldigitaldeasturias.com\/magazine365\/#organization"},"image":{"@type":"ImageObject","url":"https:\/\/eldigitaldeasturias.com\/magazine365\/wp-content\/uploads\/2015\/06\/fotonoticia_20150603192232_800.jpg","width":800,"height":532},"datePublished":"2015-06-05T03:37:40+02:00","dateModified":"2015-06-05T03:37:40+02:00","inLanguage":"es-ES","mainEntityOfPage":{"@id":"https:\/\/eldigitaldeasturias.com\/magazine365\/el-sector-de-los-balnearios-espanol-reflexionara-sobre-su-futuro\/#webpage"},"isPartOf":{"@id":"https:\/\/eldigitaldeasturias.com\/magazine365\/el-sector-de-los-balnearios-espanol-reflexionara-sobre-su-futuro\/#webpage"},"articleSection":"Actualidad Turismo"},{"@type":"BreadcrumbList","@id":"https:\/\/eldigitaldeasturias.com\/magazine365\/el-sector-de-los-balnearios-espanol-reflexionara-sobre-su-futuro\/#breadcrumblist","itemListElement":[{"@type":"ListItem","@id":"https:\/\/eldigitaldeasturias.com\/magazine365#listItem","position":1,"name":"Home","item":"https:\/\/eldigitaldeasturias.com\/magazine365","nextItem":{"@type":"ListItem","@id":"https:\/\/eldigitaldeasturias.com\/magazine365\/category\/actualidad-turismo\/#listItem","name":"Actualidad Turismo"}},{"@type":"ListItem","@id":"https:\/\/eldigitaldeasturias.com\/magazine365\/category\/actualidad-turismo\/#listItem","position":2,"name":"Actualidad Turismo","item":"https:\/\/eldigitaldeasturias.com\/magazine365\/category\/actualidad-turismo\/","nextItem":{"@type":"ListItem","@id":"https:\/\/eldigitaldeasturias.com\/magazine365\/el-sector-de-los-balnearios-espanol-reflexionara-sobre-su-futuro\/#listItem","name":"El sector de los balnearios espa\u00f1ol reflexionar\u00e1 sobre su futuro"},"previousItem":{"@type":"ListItem","@id":"https:\/\/eldigitaldeasturias.com\/magazine365#listItem","name":"Home"}},{"@type":"ListItem","@id":"https:\/\/eldigitaldeasturias.com\/magazine365\/el-sector-de-los-balnearios-espanol-reflexionara-sobre-su-futuro\/#listItem","position":3,"name":"El sector de los balnearios espa\u00f1ol reflexionar\u00e1 sobre su futuro","previousItem":{"@type":"ListItem","@id":"https:\/\/eldigitaldeasturias.com\/magazine365\/category\/actualidad-turismo\/#listItem","name":"Actualidad Turismo"}}]},{"@type":"Organization","@id":"https:\/\/eldigitaldeasturias.com\/magazine365\/#organization","name":"El digital de Asturias","description":"Revista de ocio, turismo y estilo de vida","url":"https:\/\/eldigitaldeasturias.com\/magazine365\/","logo":{"@type":"ImageObject","url":"https:\/\/www.eldigitaldeasturias.com\/noticias\/wp-content\/uploads\/2020\/12\/EDA.jpg","@id":"https:\/\/eldigitaldeasturias.com\/magazine365\/el-sector-de-los-balnearios-espanol-reflexionara-sobre-su-futuro\/#organizationLogo"},"image":{"@id":"https:\/\/eldigitaldeasturias.com\/magazine365\/el-sector-de-los-balnearios-espanol-reflexionara-sobre-su-futuro\/#organizationLogo"}},{"@type":"Person","@id":"https:\/\/eldigitaldeasturias.com\/magazine365\/author\/admin\/#author","url":"https:\/\/eldigitaldeasturias.com\/magazine365\/author\/admin\/","name":"admin","image":{"@type":"ImageObject","@id":"https:\/\/eldigitaldeasturias.com\/magazine365\/el-sector-de-los-balnearios-espanol-reflexionara-sobre-su-futuro\/#authorImage","url":"https:\/\/eldigitaldeasturias.com\/magazine365\/wp-content\/litespeed\/avatar\/e571bcf59a0edd6fa6838245a470f2fe.jpg?ver=1776969259","width":96,"height":96,"caption":"admin"}},{"@type":"WebPage","@id":"https:\/\/eldigitaldeasturias.com\/magazine365\/el-sector-de-los-balnearios-espanol-reflexionara-sobre-su-futuro\/#webpage","url":"https:\/\/eldigitaldeasturias.com\/magazine365\/el-sector-de-los-balnearios-espanol-reflexionara-sobre-su-futuro\/","name":"El sector de los balnearios espa\u00f1ol reflexionar\u00e1 sobre su futuro | El Digital de Asturias","description":"La comunidad aut\u00f3noma extreme\u00f1a ser\u00e1 escenario de las II jornadas de reflexi\u00f3n del sector balnearios que organiza la Asociaci\u00f3n Nacional de Balnearios (Anbal) el pr\u00f3ximo lunes, d\u00eda 8, y el martes, d\u00eda 9. Concretamente, las instalaciones de Alange y El Raposo, adscritos a la marca Extremadura Termal y ambos en la provincia de Badajoz, ser\u00e1n","inLanguage":"es-ES","isPartOf":{"@id":"https:\/\/eldigitaldeasturias.com\/magazine365\/#website"},"breadcrumb":{"@id":"https:\/\/eldigitaldeasturias.com\/magazine365\/el-sector-de-los-balnearios-espanol-reflexionara-sobre-su-futuro\/#breadcrumblist"},"author":{"@id":"https:\/\/eldigitaldeasturias.com\/magazine365\/author\/admin\/#author"},"creator":{"@id":"https:\/\/eldigitaldeasturias.com\/magazine365\/author\/admin\/#author"},"image":{"@type":"ImageObject","url":"https:\/\/eldigitaldeasturias.com\/magazine365\/wp-content\/uploads\/2015\/06\/fotonoticia_20150603192232_800.jpg","@id":"https:\/\/eldigitaldeasturias.com\/magazine365\/el-sector-de-los-balnearios-espanol-reflexionara-sobre-su-futuro\/#mainImage","width":800,"height":532},"primaryImageOfPage":{"@id":"https:\/\/eldigitaldeasturias.com\/magazine365\/el-sector-de-los-balnearios-espanol-reflexionara-sobre-su-futuro\/#mainImage"},"datePublished":"2015-06-05T03:37:40+02:00","dateModified":"2015-06-05T03:37:40+02:00"},{"@type":"WebSite","@id":"https:\/\/eldigitaldeasturias.com\/magazine365\/#website","url":"https:\/\/eldigitaldeasturias.com\/magazine365\/","name":"El Digital de Asturias","description":"Revista de ocio, turismo y estilo de vida","inLanguage":"es-ES","publisher":{"@id":"https:\/\/eldigitaldeasturias.com\/magazine365\/#organization"}}]},"og:locale":"es_ES","og:site_name":"El Digital de Asturias \u2013 Revista de ocio, turismo y estilo de vida","og:type":"article","og:title":"El sector de los balnearios espa\u00f1ol reflexionar\u00e1 sobre su futuro | El Digital de Asturias","og:description":"La comunidad aut\u00f3noma extreme\u00f1a ser\u00e1 escenario de las II jornadas de reflexi\u00f3n del sector balnearios que organiza la Asociaci\u00f3n Nacional de Balnearios (Anbal) el pr\u00f3ximo lunes, d\u00eda 8, y el martes, d\u00eda 9. Concretamente, las instalaciones de Alange y El Raposo, adscritos a la marca Extremadura Termal y ambos en la provincia de Badajoz, ser\u00e1n","og:url":"https:\/\/eldigitaldeasturias.com\/magazine365\/el-sector-de-los-balnearios-espanol-reflexionara-sobre-su-futuro\/","og:image":"https:\/\/eldigitaldeasturias.com\/magazine365\/wp-content\/uploads\/2015\/06\/fotonoticia_20150603192232_800.jpg","og:image:secure_url":"https:\/\/eldigitaldeasturias.com\/magazine365\/wp-content\/uploads\/2015\/06\/fotonoticia_20150603192232_800.jpg","og:image:width":800,"og:image:height":532,"article:published_time":"2015-06-05T02:07:40+00:00","article:modified_time":"2015-06-05T02:07:40+00:00","twitter:card":"summary_large_image","twitter:title":"El sector de los balnearios espa\u00f1ol reflexionar\u00e1 sobre su futuro | El Digital de Asturias","twitter:description":"La comunidad aut\u00f3noma extreme\u00f1a ser\u00e1 escenario de las II jornadas de reflexi\u00f3n del sector balnearios que organiza la Asociaci\u00f3n Nacional de Balnearios (Anbal) el pr\u00f3ximo lunes, d\u00eda 8, y el martes, d\u00eda 9. Concretamente, las instalaciones de Alange y El Raposo, adscritos a la marca Extremadura Termal y ambos en la provincia de Badajoz, ser\u00e1n","twitter:image":"https:\/\/eldigitaldeasturias.com\/magazine365\/wp-content\/uploads\/2015\/06\/fotonoticia_20150603192232_800.jpg"},"aioseo_meta_data":{"post_id":"38832","title":null,"description":null,"keywords":null,"keyphrases":null,"primary_term":null,"canonical_url":null,"og_title":null,"og_description":null,"og_object_type":"default","og_image_type":"default","og_image_url":null,"og_image_width":null,"og_image_height":null,"og_image_custom_url":null,"og_image_custom_fields":null,"og_video":null,"og_custom_url":null,"og_article_section":null,"og_article_tags":null,"twitter_use_og":false,"twitter_card":"default","twitter_image_type":"default","twitter_image_url":null,"twitter_image_custom_url":null,"twitter_image_custom_fields":null,"twitter_title":null,"twitter_description":null,"schema":{"blockGraphs":[],"customGraphs":[],"default":{"data":{"Article":[],"Course":[],"Dataset":[],"FAQPage":[],"Movie":[],"Person":[],"Product":[],"ProductReview":[],"Car":[],"Recipe":[],"Service":[],"SoftwareApplication":[],"WebPage":[]},"graphName":"","isEnabled":true},"graphs":[],"defaultGraph":"","defaultPostTypeGraph":""},"schema_type":null,"schema_type_options":null,"pillar_content":false,"robots_default":true,"robots_noindex":false,"robots_noarchive":false,"robots_nosnippet":false,"robots_nofollow":false,"robots_noimageindex":false,"robots_noodp":false,"robots_notranslate":false,"robots_max_snippet":null,"robots_max_videopreview":null,"robots_max_imagepreview":"large","priority":null,"frequency":null,"location":null,"local_seo":null,"seo_analyzer_scan_date":"2025-09-19 10:23:13","breadcrumb_settings":null,"limit_modified_date":false,"open_ai":null,"ai":null,"created":"2021-03-09 02:48:57","updated":"2025-09-19 10:23:13"},"aioseo_breadcrumb":"<div class=\"aioseo-breadcrumbs\"><span class=\"aioseo-breadcrumb\">\n\t<a href=\"https:\/\/eldigitaldeasturias.com\/magazine365\" title=\"Home\">Home<\/a>\n<\/span><span class=\"aioseo-breadcrumb-separator\">\u2013<\/span><span class=\"aioseo-breadcrumb\">\n\t<a href=\"https:\/\/eldigitaldeasturias.com\/magazine365\/category\/actualidad-turismo\/\" title=\"Actualidad Turismo\">Actualidad Turismo<\/a>\n<\/span><span class=\"aioseo-breadcrumb-separator\">\u2013<\/span><span class=\"aioseo-breadcrumb\">\n\t<a href=\"https:\/\/eldigitaldeasturias.com\/magazine365\/el-sector-de-los-balnearios-espanol-reflexionara-sobre-su-futuro\/\" title=\"El sector de los balnearios espa\u00f1ol reflexionar\u00e1 sobre su futuro\">El sector de los balnearios espa\u00f1ol reflexionar\u00e1 sobre su futuro<\/a>\n<\/span><\/div>","aioseo_breadcrumb_json":[{"label":"Home","link":"https:\/\/eldigitaldeasturias.com\/magazine365"},{"label":"Actualidad Turismo","link":"https:\/\/eldigitaldeasturias.com\/magazine365\/category\/actualidad-turismo\/"},{"label":"El sector de los balnearios espa\u00f1ol reflexionar\u00e1 sobre su futuro","link":"https:\/\/eldigitaldeasturias.com\/magazine365\/el-sector-de-los-balnearios-espanol-reflexionara-sobre-su-futuro\/"}],"_links":{"self":[{"href":"https:\/\/eldigitaldeasturias.com\/magazine365\/wp-json\/wp\/v2\/posts\/38832","targetHints":{"allow":["GET"]}}],"collection":[{"href":"https:\/\/eldigitaldeasturias.com\/magazine365\/wp-json\/wp\/v2\/posts"}],"about":[{"href":"https:\/\/eldigitaldeasturias.com\/magazine365\/wp-json\/wp\/v2\/types\/post"}],"author":[{"embeddable":true,"href":"https:\/\/eldigitaldeasturias.com\/magazine365\/wp-json\/wp\/v2\/users\/1"}],"replies":[{"embeddable":true,"href":"https:\/\/eldigitaldeasturias.com\/magazine365\/wp-json\/wp\/v2\/comments?post=38832"}],"version-history":[{"count":0,"href":"https:\/\/eldigitaldeasturias.com\/magazine365\/wp-json\/wp\/v2\/posts\/38832\/revisions"}],"wp:featuredmedia":[{"embeddable":true,"href":"https:\/\/eldigitaldeasturias.com\/magazine365\/wp-json\/wp\/v2\/media\/38833"}],"wp:attachment":[{"href":"https:\/\/eldigitaldeasturias.com\/magazine365\/wp-json\/wp\/v2\/media?parent=38832"}],"wp:term":[{"taxonomy":"category","embeddable":true,"href":"https:\/\/eldigitaldeasturias.com\/magazine365\/wp-json\/wp\/v2\/categories?post=38832"},{"taxonomy":"post_tag","embeddable":true,"href":"https:\/\/eldigitaldeasturias.com\/magazine365\/wp-json\/wp\/v2\/tags?post=38832"}],"curies":[{"name":"wp","href":"https:\/\/api.w.org\/{rel}","templated":true}]}}