{"id":38826,"date":"2015-06-05T03:34:37","date_gmt":"2015-06-05T02:04:37","guid":{"rendered":"http:\/\/eldigitaldeasturias.com\/magazine365\/?p=38826"},"modified":"2015-06-05T03:34:37","modified_gmt":"2015-06-05T02:04:37","slug":"fomento-establece-los-servicios-minimos-para-la-huelga-de-los-controladores-aereos-de-enaire","status":"publish","type":"post","link":"https:\/\/eldigitaldeasturias.com\/magazine365\/fomento-establece-los-servicios-minimos-para-la-huelga-de-los-controladores-aereos-de-enaire\/","title":{"rendered":"Fomento establece los servicios m\u00ednimos para la huelga de los controladores a\u00e9reos de ENAIRE"},"content":{"rendered":"<p><img fetchpriority=\"high\" decoding=\"async\" class=\"alignleft size-medium wp-image-38827\" src=\"https:\/\/eldigitaldeasturias.com\/magazine365\/wp-content\/uploads\/2015\/06\/fotonoticia_20150603185921_800-203x300.jpg\" alt=\"fotonoticia_20150603185921_800\" width=\"203\" height=\"300\" srcset=\"https:\/\/eldigitaldeasturias.com\/magazine365\/wp-content\/uploads\/2015\/06\/fotonoticia_20150603185921_800-203x300.jpg 203w, https:\/\/eldigitaldeasturias.com\/magazine365\/wp-content\/uploads\/2015\/06\/fotonoticia_20150603185921_800-433x640.jpg 433w, https:\/\/eldigitaldeasturias.com\/magazine365\/wp-content\/uploads\/2015\/06\/fotonoticia_20150603185921_800-768x1135.jpg 768w, https:\/\/eldigitaldeasturias.com\/magazine365\/wp-content\/uploads\/2015\/06\/fotonoticia_20150603185921_800-150x222.jpg 150w, https:\/\/eldigitaldeasturias.com\/magazine365\/wp-content\/uploads\/2015\/06\/fotonoticia_20150603185921_800-450x665.jpg 450w, https:\/\/eldigitaldeasturias.com\/magazine365\/wp-content\/uploads\/2015\/06\/fotonoticia_20150603185921_800-696x1028.jpg 696w, https:\/\/eldigitaldeasturias.com\/magazine365\/wp-content\/uploads\/2015\/06\/fotonoticia_20150603185921_800-284x420.jpg 284w, https:\/\/eldigitaldeasturias.com\/magazine365\/wp-content\/uploads\/2015\/06\/fotonoticia_20150603185921_800.jpg 800w\" sizes=\"(max-width: 203px) 100vw, 203px\" \/>El Ministerio de Fomento ha establecido servicios m\u00ednimos del 70% sobre la plantilla programada para el conjunto de los d\u00edas de huelga de los controladores a\u00e9reos de ENAIRE.<\/p>\n<p>Los paros ser\u00e1n de dos horas, desde las 10.00 a las 12.00 horas y desde las 18.00 a las 20.00 horas durante las cuatro jornadas convocadas para los d\u00edas 8, 10, 12 y 14 de junio.<\/p>\n<p>La protesta responde a la decisi\u00f3n de ENAIRE, matriz de Aena, de sancionar a 61 controladores a\u00e9reos del Centro de Control de Barcelona por el cierre del espacio a\u00e9reo en 2010 y de no readmitir a uno de los profesionales, lo que les lleva a un \u00abcallej\u00f3n sin salida\u00bb, seg\u00fan explicaron los portavoces de la Uni\u00f3n de Controladores A\u00e9reos (USCA) en una rueda de prensa en Madrid.<\/p>\n<p>La portavoz nacional de USCA, Susana Romero, cree que estos paros \u00abno deber\u00edan afectar\u00bb a la actual negociaci\u00f3n del III Convenio Colectivo. ENAIRE y los representantes de sus controladores a\u00e9reos tienen dos a\u00f1os por delante, 2015 y 2016, para negociar un nuevo convenio, siendo de aplicaci\u00f3n en todo este periodo el II convenio &#8211;dictado mediante el laudo arbitral de Manuel Pimentel emitido el 28 de febrero de 2011&#8211; en vigor por estar prorrogado.<\/p>\n","protected":false},"excerpt":{"rendered":"<p>El Ministerio de Fomento ha establecido servicios m\u00ednimos del 70% sobre la plantilla programada para el conjunto de los d\u00edas de huelga de los controladores a\u00e9reos de ENAIRE. Los paros ser\u00e1n de dos horas, desde las 10.00 a las 12.00 horas y desde las 18.00 a las 20.00 horas durante las cuatro jornadas convocadas para<\/p>\n","protected":false},"author":1,"featured_media":38827,"comment_status":"open","ping_status":"closed","sticky":false,"template":"","format":"standard","meta":{"footnotes":""},"categories":[224],"tags":[],"class_list":{"0":"post-38826","1":"post","2":"type-post","3":"status-publish","4":"format-standard","5":"has-post-thumbnail","7":"category-noticias-actualidad"},"aioseo_notices":[],"aioseo_head":"\n\t\t<!-- All in One SEO Pro 4.9.6.1 - aioseo.com -->\n\t<meta name=\"description\" content=\"El Ministerio de Fomento ha establecido servicios m\u00ednimos del 70% sobre la plantilla programada para el conjunto de los d\u00edas de huelga de los controladores a\u00e9reos de ENAIRE. Los paros ser\u00e1n de dos horas, desde las 10.00 a las 12.00 horas y desde las 18.00 a las 20.00 horas durante las cuatro jornadas convocadas para\" \/>\n\t<meta name=\"robots\" content=\"max-image-preview:large\" \/>\n\t<meta name=\"author\" content=\"admin\"\/>\n\t<meta name=\"google-site-verification\" content=\"UA-38556648-1\" \/>\n\t<meta name=\"keywords\" content=\"noticias y actualidad\" \/>\n\t<link rel=\"canonical\" href=\"https:\/\/eldigitaldeasturias.com\/magazine365\/fomento-establece-los-servicios-minimos-para-la-huelga-de-los-controladores-aereos-de-enaire\/\" \/>\n\t<meta name=\"generator\" content=\"All in One SEO Pro (AIOSEO) 4.9.6.1\" \/>\n\t\t<meta property=\"og:locale\" content=\"es_ES\" \/>\n\t\t<meta property=\"og:site_name\" content=\"El Digital de Asturias \u2013 Revista de ocio, turismo y estilo de vida\" \/>\n\t\t<meta property=\"og:type\" content=\"article\" \/>\n\t\t<meta property=\"og:title\" content=\"Fomento establece los servicios m\u00ednimos para la huelga de los controladores a\u00e9reos de ENAIRE | El Digital de Asturias\" \/>\n\t\t<meta property=\"og:description\" content=\"El Ministerio de Fomento ha establecido servicios m\u00ednimos del 70% sobre la plantilla programada para el conjunto de los d\u00edas de huelga de los controladores a\u00e9reos de ENAIRE. Los paros ser\u00e1n de dos horas, desde las 10.00 a las 12.00 horas y desde las 18.00 a las 20.00 horas durante las cuatro jornadas convocadas para\" \/>\n\t\t<meta property=\"og:url\" content=\"https:\/\/eldigitaldeasturias.com\/magazine365\/fomento-establece-los-servicios-minimos-para-la-huelga-de-los-controladores-aereos-de-enaire\/\" \/>\n\t\t<meta property=\"og:image\" content=\"https:\/\/eldigitaldeasturias.com\/magazine365\/wp-content\/uploads\/2015\/06\/fotonoticia_20150603185921_800.jpg\" \/>\n\t\t<meta property=\"og:image:secure_url\" content=\"https:\/\/eldigitaldeasturias.com\/magazine365\/wp-content\/uploads\/2015\/06\/fotonoticia_20150603185921_800.jpg\" \/>\n\t\t<meta property=\"og:image:width\" content=\"800\" \/>\n\t\t<meta property=\"og:image:height\" content=\"1182\" \/>\n\t\t<meta property=\"article:published_time\" content=\"2015-06-05T02:04:37+00:00\" \/>\n\t\t<meta property=\"article:modified_time\" content=\"2015-06-05T02:04:37+00:00\" \/>\n\t\t<meta name=\"twitter:card\" content=\"summary_large_image\" \/>\n\t\t<meta name=\"twitter:title\" content=\"Fomento establece los servicios m\u00ednimos para la huelga de los controladores a\u00e9reos de ENAIRE | El Digital de Asturias\" \/>\n\t\t<meta name=\"twitter:description\" content=\"El Ministerio de Fomento ha establecido servicios m\u00ednimos del 70% sobre la plantilla programada para el conjunto de los d\u00edas de huelga de los controladores a\u00e9reos de ENAIRE. Los paros ser\u00e1n de dos horas, desde las 10.00 a las 12.00 horas y desde las 18.00 a las 20.00 horas durante las cuatro jornadas convocadas para\" \/>\n\t\t<meta name=\"twitter:image\" content=\"https:\/\/eldigitaldeasturias.com\/magazine365\/wp-content\/uploads\/2015\/06\/fotonoticia_20150603185921_800.jpg\" \/>\n\t\t<script type=\"application\/ld+json\" class=\"aioseo-schema\">\n\t\t\t{\"@context\":\"https:\\\/\\\/schema.org\",\"@graph\":[{\"@type\":\"Article\",\"@id\":\"https:\\\/\\\/eldigitaldeasturias.com\\\/magazine365\\\/fomento-establece-los-servicios-minimos-para-la-huelga-de-los-controladores-aereos-de-enaire\\\/#article\",\"name\":\"Fomento establece los servicios m\\u00ednimos para la huelga de los controladores a\\u00e9reos de ENAIRE | El Digital de Asturias\",\"headline\":\"Fomento establece los servicios m\\u00ednimos para la huelga de los controladores a\\u00e9reos de ENAIRE\",\"author\":{\"@id\":\"https:\\\/\\\/eldigitaldeasturias.com\\\/magazine365\\\/author\\\/admin\\\/#author\"},\"publisher\":{\"@id\":\"https:\\\/\\\/eldigitaldeasturias.com\\\/magazine365\\\/#organization\"},\"image\":{\"@type\":\"ImageObject\",\"url\":\"https:\\\/\\\/eldigitaldeasturias.com\\\/magazine365\\\/wp-content\\\/uploads\\\/2015\\\/06\\\/fotonoticia_20150603185921_800.jpg\",\"width\":800,\"height\":1182},\"datePublished\":\"2015-06-05T03:34:37+02:00\",\"dateModified\":\"2015-06-05T03:34:37+02:00\",\"inLanguage\":\"es-ES\",\"mainEntityOfPage\":{\"@id\":\"https:\\\/\\\/eldigitaldeasturias.com\\\/magazine365\\\/fomento-establece-los-servicios-minimos-para-la-huelga-de-los-controladores-aereos-de-enaire\\\/#webpage\"},\"isPartOf\":{\"@id\":\"https:\\\/\\\/eldigitaldeasturias.com\\\/magazine365\\\/fomento-establece-los-servicios-minimos-para-la-huelga-de-los-controladores-aereos-de-enaire\\\/#webpage\"},\"articleSection\":\"Noticias y Actualidad\"},{\"@type\":\"BreadcrumbList\",\"@id\":\"https:\\\/\\\/eldigitaldeasturias.com\\\/magazine365\\\/fomento-establece-los-servicios-minimos-para-la-huelga-de-los-controladores-aereos-de-enaire\\\/#breadcrumblist\",\"itemListElement\":[{\"@type\":\"ListItem\",\"@id\":\"https:\\\/\\\/eldigitaldeasturias.com\\\/magazine365#listItem\",\"position\":1,\"name\":\"Home\",\"item\":\"https:\\\/\\\/eldigitaldeasturias.com\\\/magazine365\",\"nextItem\":{\"@type\":\"ListItem\",\"@id\":\"https:\\\/\\\/eldigitaldeasturias.com\\\/magazine365\\\/category\\\/noticias-actualidad\\\/#listItem\",\"name\":\"Noticias y Actualidad\"}},{\"@type\":\"ListItem\",\"@id\":\"https:\\\/\\\/eldigitaldeasturias.com\\\/magazine365\\\/category\\\/noticias-actualidad\\\/#listItem\",\"position\":2,\"name\":\"Noticias y Actualidad\",\"item\":\"https:\\\/\\\/eldigitaldeasturias.com\\\/magazine365\\\/category\\\/noticias-actualidad\\\/\",\"nextItem\":{\"@type\":\"ListItem\",\"@id\":\"https:\\\/\\\/eldigitaldeasturias.com\\\/magazine365\\\/fomento-establece-los-servicios-minimos-para-la-huelga-de-los-controladores-aereos-de-enaire\\\/#listItem\",\"name\":\"Fomento establece los servicios m\\u00ednimos para la huelga de los controladores a\\u00e9reos de ENAIRE\"},\"previousItem\":{\"@type\":\"ListItem\",\"@id\":\"https:\\\/\\\/eldigitaldeasturias.com\\\/magazine365#listItem\",\"name\":\"Home\"}},{\"@type\":\"ListItem\",\"@id\":\"https:\\\/\\\/eldigitaldeasturias.com\\\/magazine365\\\/fomento-establece-los-servicios-minimos-para-la-huelga-de-los-controladores-aereos-de-enaire\\\/#listItem\",\"position\":3,\"name\":\"Fomento establece los servicios m\\u00ednimos para la huelga de los controladores a\\u00e9reos de ENAIRE\",\"previousItem\":{\"@type\":\"ListItem\",\"@id\":\"https:\\\/\\\/eldigitaldeasturias.com\\\/magazine365\\\/category\\\/noticias-actualidad\\\/#listItem\",\"name\":\"Noticias y Actualidad\"}}]},{\"@type\":\"Organization\",\"@id\":\"https:\\\/\\\/eldigitaldeasturias.com\\\/magazine365\\\/#organization\",\"name\":\"El digital de Asturias\",\"description\":\"Revista de ocio, turismo y estilo de vida\",\"url\":\"https:\\\/\\\/eldigitaldeasturias.com\\\/magazine365\\\/\",\"logo\":{\"@type\":\"ImageObject\",\"url\":\"https:\\\/\\\/www.eldigitaldeasturias.com\\\/noticias\\\/wp-content\\\/uploads\\\/2020\\\/12\\\/EDA.jpg\",\"@id\":\"https:\\\/\\\/eldigitaldeasturias.com\\\/magazine365\\\/fomento-establece-los-servicios-minimos-para-la-huelga-de-los-controladores-aereos-de-enaire\\\/#organizationLogo\"},\"image\":{\"@id\":\"https:\\\/\\\/eldigitaldeasturias.com\\\/magazine365\\\/fomento-establece-los-servicios-minimos-para-la-huelga-de-los-controladores-aereos-de-enaire\\\/#organizationLogo\"}},{\"@type\":\"Person\",\"@id\":\"https:\\\/\\\/eldigitaldeasturias.com\\\/magazine365\\\/author\\\/admin\\\/#author\",\"url\":\"https:\\\/\\\/eldigitaldeasturias.com\\\/magazine365\\\/author\\\/admin\\\/\",\"name\":\"admin\",\"image\":{\"@type\":\"ImageObject\",\"@id\":\"https:\\\/\\\/eldigitaldeasturias.com\\\/magazine365\\\/fomento-establece-los-servicios-minimos-para-la-huelga-de-los-controladores-aereos-de-enaire\\\/#authorImage\",\"url\":\"https:\\\/\\\/eldigitaldeasturias.com\\\/magazine365\\\/wp-content\\\/litespeed\\\/avatar\\\/e571bcf59a0edd6fa6838245a470f2fe.jpg?ver=1776969259\",\"width\":96,\"height\":96,\"caption\":\"admin\"}},{\"@type\":\"WebPage\",\"@id\":\"https:\\\/\\\/eldigitaldeasturias.com\\\/magazine365\\\/fomento-establece-los-servicios-minimos-para-la-huelga-de-los-controladores-aereos-de-enaire\\\/#webpage\",\"url\":\"https:\\\/\\\/eldigitaldeasturias.com\\\/magazine365\\\/fomento-establece-los-servicios-minimos-para-la-huelga-de-los-controladores-aereos-de-enaire\\\/\",\"name\":\"Fomento establece los servicios m\\u00ednimos para la huelga de los controladores a\\u00e9reos de ENAIRE | El Digital de Asturias\",\"description\":\"El Ministerio de Fomento ha establecido servicios m\\u00ednimos del 70% sobre la plantilla programada para el conjunto de los d\\u00edas de huelga de los controladores a\\u00e9reos de ENAIRE. Los paros ser\\u00e1n de dos horas, desde las 10.00 a las 12.00 horas y desde las 18.00 a las 20.00 horas durante las cuatro jornadas convocadas para\",\"inLanguage\":\"es-ES\",\"isPartOf\":{\"@id\":\"https:\\\/\\\/eldigitaldeasturias.com\\\/magazine365\\\/#website\"},\"breadcrumb\":{\"@id\":\"https:\\\/\\\/eldigitaldeasturias.com\\\/magazine365\\\/fomento-establece-los-servicios-minimos-para-la-huelga-de-los-controladores-aereos-de-enaire\\\/#breadcrumblist\"},\"author\":{\"@id\":\"https:\\\/\\\/eldigitaldeasturias.com\\\/magazine365\\\/author\\\/admin\\\/#author\"},\"creator\":{\"@id\":\"https:\\\/\\\/eldigitaldeasturias.com\\\/magazine365\\\/author\\\/admin\\\/#author\"},\"image\":{\"@type\":\"ImageObject\",\"url\":\"https:\\\/\\\/eldigitaldeasturias.com\\\/magazine365\\\/wp-content\\\/uploads\\\/2015\\\/06\\\/fotonoticia_20150603185921_800.jpg\",\"@id\":\"https:\\\/\\\/eldigitaldeasturias.com\\\/magazine365\\\/fomento-establece-los-servicios-minimos-para-la-huelga-de-los-controladores-aereos-de-enaire\\\/#mainImage\",\"width\":800,\"height\":1182},\"primaryImageOfPage\":{\"@id\":\"https:\\\/\\\/eldigitaldeasturias.com\\\/magazine365\\\/fomento-establece-los-servicios-minimos-para-la-huelga-de-los-controladores-aereos-de-enaire\\\/#mainImage\"},\"datePublished\":\"2015-06-05T03:34:37+02:00\",\"dateModified\":\"2015-06-05T03:34:37+02:00\"},{\"@type\":\"WebSite\",\"@id\":\"https:\\\/\\\/eldigitaldeasturias.com\\\/magazine365\\\/#website\",\"url\":\"https:\\\/\\\/eldigitaldeasturias.com\\\/magazine365\\\/\",\"name\":\"El Digital de Asturias\",\"description\":\"Revista de ocio, turismo y estilo de vida\",\"inLanguage\":\"es-ES\",\"publisher\":{\"@id\":\"https:\\\/\\\/eldigitaldeasturias.com\\\/magazine365\\\/#organization\"}}]}\n\t\t<\/script>\n\t\t<!-- All in One SEO Pro -->\r\n\t\t<title>Fomento establece los servicios m\u00ednimos para la huelga de los controladores a\u00e9reos de ENAIRE | El Digital de Asturias<\/title>\n\n","aioseo_head_json":{"title":"Fomento establece los servicios m\u00ednimos para la huelga de los controladores a\u00e9reos de ENAIRE | El Digital de Asturias","description":"El Ministerio de Fomento ha establecido servicios m\u00ednimos del 70% sobre la plantilla programada para el conjunto de los d\u00edas de huelga de los controladores a\u00e9reos de ENAIRE. Los paros ser\u00e1n de dos horas, desde las 10.00 a las 12.00 horas y desde las 18.00 a las 20.00 horas durante las cuatro jornadas convocadas para","canonical_url":"https:\/\/eldigitaldeasturias.com\/magazine365\/fomento-establece-los-servicios-minimos-para-la-huelga-de-los-controladores-aereos-de-enaire\/","robots":"max-image-preview:large","keywords":"noticias y actualidad","webmasterTools":{"google-site-verification":"UA-38556648-1","miscellaneous":""},"schema":{"@context":"https:\/\/schema.org","@graph":[{"@type":"Article","@id":"https:\/\/eldigitaldeasturias.com\/magazine365\/fomento-establece-los-servicios-minimos-para-la-huelga-de-los-controladores-aereos-de-enaire\/#article","name":"Fomento establece los servicios m\u00ednimos para la huelga de los controladores a\u00e9reos de ENAIRE | El Digital de Asturias","headline":"Fomento establece los servicios m\u00ednimos para la huelga de los controladores a\u00e9reos de ENAIRE","author":{"@id":"https:\/\/eldigitaldeasturias.com\/magazine365\/author\/admin\/#author"},"publisher":{"@id":"https:\/\/eldigitaldeasturias.com\/magazine365\/#organization"},"image":{"@type":"ImageObject","url":"https:\/\/eldigitaldeasturias.com\/magazine365\/wp-content\/uploads\/2015\/06\/fotonoticia_20150603185921_800.jpg","width":800,"height":1182},"datePublished":"2015-06-05T03:34:37+02:00","dateModified":"2015-06-05T03:34:37+02:00","inLanguage":"es-ES","mainEntityOfPage":{"@id":"https:\/\/eldigitaldeasturias.com\/magazine365\/fomento-establece-los-servicios-minimos-para-la-huelga-de-los-controladores-aereos-de-enaire\/#webpage"},"isPartOf":{"@id":"https:\/\/eldigitaldeasturias.com\/magazine365\/fomento-establece-los-servicios-minimos-para-la-huelga-de-los-controladores-aereos-de-enaire\/#webpage"},"articleSection":"Noticias y Actualidad"},{"@type":"BreadcrumbList","@id":"https:\/\/eldigitaldeasturias.com\/magazine365\/fomento-establece-los-servicios-minimos-para-la-huelga-de-los-controladores-aereos-de-enaire\/#breadcrumblist","itemListElement":[{"@type":"ListItem","@id":"https:\/\/eldigitaldeasturias.com\/magazine365#listItem","position":1,"name":"Home","item":"https:\/\/eldigitaldeasturias.com\/magazine365","nextItem":{"@type":"ListItem","@id":"https:\/\/eldigitaldeasturias.com\/magazine365\/category\/noticias-actualidad\/#listItem","name":"Noticias y Actualidad"}},{"@type":"ListItem","@id":"https:\/\/eldigitaldeasturias.com\/magazine365\/category\/noticias-actualidad\/#listItem","position":2,"name":"Noticias y Actualidad","item":"https:\/\/eldigitaldeasturias.com\/magazine365\/category\/noticias-actualidad\/","nextItem":{"@type":"ListItem","@id":"https:\/\/eldigitaldeasturias.com\/magazine365\/fomento-establece-los-servicios-minimos-para-la-huelga-de-los-controladores-aereos-de-enaire\/#listItem","name":"Fomento establece los servicios m\u00ednimos para la huelga de los controladores a\u00e9reos de ENAIRE"},"previousItem":{"@type":"ListItem","@id":"https:\/\/eldigitaldeasturias.com\/magazine365#listItem","name":"Home"}},{"@type":"ListItem","@id":"https:\/\/eldigitaldeasturias.com\/magazine365\/fomento-establece-los-servicios-minimos-para-la-huelga-de-los-controladores-aereos-de-enaire\/#listItem","position":3,"name":"Fomento establece los servicios m\u00ednimos para la huelga de los controladores a\u00e9reos de ENAIRE","previousItem":{"@type":"ListItem","@id":"https:\/\/eldigitaldeasturias.com\/magazine365\/category\/noticias-actualidad\/#listItem","name":"Noticias y Actualidad"}}]},{"@type":"Organization","@id":"https:\/\/eldigitaldeasturias.com\/magazine365\/#organization","name":"El digital de Asturias","description":"Revista de ocio, turismo y estilo de vida","url":"https:\/\/eldigitaldeasturias.com\/magazine365\/","logo":{"@type":"ImageObject","url":"https:\/\/www.eldigitaldeasturias.com\/noticias\/wp-content\/uploads\/2020\/12\/EDA.jpg","@id":"https:\/\/eldigitaldeasturias.com\/magazine365\/fomento-establece-los-servicios-minimos-para-la-huelga-de-los-controladores-aereos-de-enaire\/#organizationLogo"},"image":{"@id":"https:\/\/eldigitaldeasturias.com\/magazine365\/fomento-establece-los-servicios-minimos-para-la-huelga-de-los-controladores-aereos-de-enaire\/#organizationLogo"}},{"@type":"Person","@id":"https:\/\/eldigitaldeasturias.com\/magazine365\/author\/admin\/#author","url":"https:\/\/eldigitaldeasturias.com\/magazine365\/author\/admin\/","name":"admin","image":{"@type":"ImageObject","@id":"https:\/\/eldigitaldeasturias.com\/magazine365\/fomento-establece-los-servicios-minimos-para-la-huelga-de-los-controladores-aereos-de-enaire\/#authorImage","url":"https:\/\/eldigitaldeasturias.com\/magazine365\/wp-content\/litespeed\/avatar\/e571bcf59a0edd6fa6838245a470f2fe.jpg?ver=1776969259","width":96,"height":96,"caption":"admin"}},{"@type":"WebPage","@id":"https:\/\/eldigitaldeasturias.com\/magazine365\/fomento-establece-los-servicios-minimos-para-la-huelga-de-los-controladores-aereos-de-enaire\/#webpage","url":"https:\/\/eldigitaldeasturias.com\/magazine365\/fomento-establece-los-servicios-minimos-para-la-huelga-de-los-controladores-aereos-de-enaire\/","name":"Fomento establece los servicios m\u00ednimos para la huelga de los controladores a\u00e9reos de ENAIRE | El Digital de Asturias","description":"El Ministerio de Fomento ha establecido servicios m\u00ednimos del 70% sobre la plantilla programada para el conjunto de los d\u00edas de huelga de los controladores a\u00e9reos de ENAIRE. Los paros ser\u00e1n de dos horas, desde las 10.00 a las 12.00 horas y desde las 18.00 a las 20.00 horas durante las cuatro jornadas convocadas para","inLanguage":"es-ES","isPartOf":{"@id":"https:\/\/eldigitaldeasturias.com\/magazine365\/#website"},"breadcrumb":{"@id":"https:\/\/eldigitaldeasturias.com\/magazine365\/fomento-establece-los-servicios-minimos-para-la-huelga-de-los-controladores-aereos-de-enaire\/#breadcrumblist"},"author":{"@id":"https:\/\/eldigitaldeasturias.com\/magazine365\/author\/admin\/#author"},"creator":{"@id":"https:\/\/eldigitaldeasturias.com\/magazine365\/author\/admin\/#author"},"image":{"@type":"ImageObject","url":"https:\/\/eldigitaldeasturias.com\/magazine365\/wp-content\/uploads\/2015\/06\/fotonoticia_20150603185921_800.jpg","@id":"https:\/\/eldigitaldeasturias.com\/magazine365\/fomento-establece-los-servicios-minimos-para-la-huelga-de-los-controladores-aereos-de-enaire\/#mainImage","width":800,"height":1182},"primaryImageOfPage":{"@id":"https:\/\/eldigitaldeasturias.com\/magazine365\/fomento-establece-los-servicios-minimos-para-la-huelga-de-los-controladores-aereos-de-enaire\/#mainImage"},"datePublished":"2015-06-05T03:34:37+02:00","dateModified":"2015-06-05T03:34:37+02:00"},{"@type":"WebSite","@id":"https:\/\/eldigitaldeasturias.com\/magazine365\/#website","url":"https:\/\/eldigitaldeasturias.com\/magazine365\/","name":"El Digital de Asturias","description":"Revista de ocio, turismo y estilo de vida","inLanguage":"es-ES","publisher":{"@id":"https:\/\/eldigitaldeasturias.com\/magazine365\/#organization"}}]},"og:locale":"es_ES","og:site_name":"El Digital de Asturias \u2013 Revista de ocio, turismo y estilo de vida","og:type":"article","og:title":"Fomento establece los servicios m\u00ednimos para la huelga de los controladores a\u00e9reos de ENAIRE | El Digital de Asturias","og:description":"El Ministerio de Fomento ha establecido servicios m\u00ednimos del 70% sobre la plantilla programada para el conjunto de los d\u00edas de huelga de los controladores a\u00e9reos de ENAIRE. Los paros ser\u00e1n de dos horas, desde las 10.00 a las 12.00 horas y desde las 18.00 a las 20.00 horas durante las cuatro jornadas convocadas para","og:url":"https:\/\/eldigitaldeasturias.com\/magazine365\/fomento-establece-los-servicios-minimos-para-la-huelga-de-los-controladores-aereos-de-enaire\/","og:image":"https:\/\/eldigitaldeasturias.com\/magazine365\/wp-content\/uploads\/2015\/06\/fotonoticia_20150603185921_800.jpg","og:image:secure_url":"https:\/\/eldigitaldeasturias.com\/magazine365\/wp-content\/uploads\/2015\/06\/fotonoticia_20150603185921_800.jpg","og:image:width":800,"og:image:height":1182,"article:published_time":"2015-06-05T02:04:37+00:00","article:modified_time":"2015-06-05T02:04:37+00:00","twitter:card":"summary_large_image","twitter:title":"Fomento establece los servicios m\u00ednimos para la huelga de los controladores a\u00e9reos de ENAIRE | El Digital de Asturias","twitter:description":"El Ministerio de Fomento ha establecido servicios m\u00ednimos del 70% sobre la plantilla programada para el conjunto de los d\u00edas de huelga de los controladores a\u00e9reos de ENAIRE. Los paros ser\u00e1n de dos horas, desde las 10.00 a las 12.00 horas y desde las 18.00 a las 20.00 horas durante las cuatro jornadas convocadas para","twitter:image":"https:\/\/eldigitaldeasturias.com\/magazine365\/wp-content\/uploads\/2015\/06\/fotonoticia_20150603185921_800.jpg"},"aioseo_meta_data":{"post_id":"38826","title":null,"description":null,"keywords":null,"keyphrases":null,"primary_term":null,"canonical_url":null,"og_title":null,"og_description":null,"og_object_type":"default","og_image_type":"default","og_image_url":null,"og_image_width":null,"og_image_height":null,"og_image_custom_url":null,"og_image_custom_fields":null,"og_video":null,"og_custom_url":null,"og_article_section":null,"og_article_tags":null,"twitter_use_og":false,"twitter_card":"default","twitter_image_type":"default","twitter_image_url":null,"twitter_image_custom_url":null,"twitter_image_custom_fields":null,"twitter_title":null,"twitter_description":null,"schema":{"blockGraphs":[],"customGraphs":[],"default":{"data":{"Article":[],"Course":[],"Dataset":[],"FAQPage":[],"Movie":[],"Person":[],"Product":[],"ProductReview":[],"Car":[],"Recipe":[],"Service":[],"SoftwareApplication":[],"WebPage":[]},"graphName":"","isEnabled":true},"graphs":[],"defaultGraph":"","defaultPostTypeGraph":""},"schema_type":null,"schema_type_options":null,"pillar_content":false,"robots_default":true,"robots_noindex":false,"robots_noarchive":false,"robots_nosnippet":false,"robots_nofollow":false,"robots_noimageindex":false,"robots_noodp":false,"robots_notranslate":false,"robots_max_snippet":null,"robots_max_videopreview":null,"robots_max_imagepreview":"large","priority":null,"frequency":null,"location":null,"local_seo":null,"seo_analyzer_scan_date":"2025-09-19 10:23:07","breadcrumb_settings":null,"limit_modified_date":false,"open_ai":null,"ai":null,"created":"2021-03-09 02:48:57","updated":"2025-09-19 10:23:07"},"aioseo_breadcrumb":"<div class=\"aioseo-breadcrumbs\"><span class=\"aioseo-breadcrumb\">\n\t<a href=\"https:\/\/eldigitaldeasturias.com\/magazine365\" title=\"Home\">Home<\/a>\n<\/span><span class=\"aioseo-breadcrumb-separator\">\u2013<\/span><span class=\"aioseo-breadcrumb\">\n\t<a href=\"https:\/\/eldigitaldeasturias.com\/magazine365\/category\/noticias-actualidad\/\" title=\"Noticias y Actualidad\">Noticias y Actualidad<\/a>\n<\/span><span class=\"aioseo-breadcrumb-separator\">\u2013<\/span><span class=\"aioseo-breadcrumb\">\n\t<a href=\"https:\/\/eldigitaldeasturias.com\/magazine365\/fomento-establece-los-servicios-minimos-para-la-huelga-de-los-controladores-aereos-de-enaire\/\" title=\"Fomento establece los servicios m\u00ednimos para la huelga de los controladores a\u00e9reos de ENAIRE\">Fomento establece los servicios m\u00ednimos para la huelga de los controladores a\u00e9reos de ENAIRE<\/a>\n<\/span><\/div>","aioseo_breadcrumb_json":[{"label":"Home","link":"https:\/\/eldigitaldeasturias.com\/magazine365"},{"label":"Noticias y Actualidad","link":"https:\/\/eldigitaldeasturias.com\/magazine365\/category\/noticias-actualidad\/"},{"label":"Fomento establece los servicios m\u00ednimos para la huelga de los controladores a\u00e9reos de ENAIRE","link":"https:\/\/eldigitaldeasturias.com\/magazine365\/fomento-establece-los-servicios-minimos-para-la-huelga-de-los-controladores-aereos-de-enaire\/"}],"_links":{"self":[{"href":"https:\/\/eldigitaldeasturias.com\/magazine365\/wp-json\/wp\/v2\/posts\/38826","targetHints":{"allow":["GET"]}}],"collection":[{"href":"https:\/\/eldigitaldeasturias.com\/magazine365\/wp-json\/wp\/v2\/posts"}],"about":[{"href":"https:\/\/eldigitaldeasturias.com\/magazine365\/wp-json\/wp\/v2\/types\/post"}],"author":[{"embeddable":true,"href":"https:\/\/eldigitaldeasturias.com\/magazine365\/wp-json\/wp\/v2\/users\/1"}],"replies":[{"embeddable":true,"href":"https:\/\/eldigitaldeasturias.com\/magazine365\/wp-json\/wp\/v2\/comments?post=38826"}],"version-history":[{"count":0,"href":"https:\/\/eldigitaldeasturias.com\/magazine365\/wp-json\/wp\/v2\/posts\/38826\/revisions"}],"wp:featuredmedia":[{"embeddable":true,"href":"https:\/\/eldigitaldeasturias.com\/magazine365\/wp-json\/wp\/v2\/media\/38827"}],"wp:attachment":[{"href":"https:\/\/eldigitaldeasturias.com\/magazine365\/wp-json\/wp\/v2\/media?parent=38826"}],"wp:term":[{"taxonomy":"category","embeddable":true,"href":"https:\/\/eldigitaldeasturias.com\/magazine365\/wp-json\/wp\/v2\/categories?post=38826"},{"taxonomy":"post_tag","embeddable":true,"href":"https:\/\/eldigitaldeasturias.com\/magazine365\/wp-json\/wp\/v2\/tags?post=38826"}],"curies":[{"name":"wp","href":"https:\/\/api.w.org\/{rel}","templated":true}]}}