{"id":38814,"date":"2015-06-05T03:28:48","date_gmt":"2015-06-05T01:58:48","guid":{"rendered":"http:\/\/eldigitaldeasturias.com\/magazine365\/?p=38814"},"modified":"2015-06-05T03:28:48","modified_gmt":"2015-06-05T01:58:48","slug":"expertos-inciden-en-la-necesidad-de-crear-productos-para-combatir-la-estacionalidad","status":"publish","type":"post","link":"https:\/\/eldigitaldeasturias.com\/magazine365\/expertos-inciden-en-la-necesidad-de-crear-productos-para-combatir-la-estacionalidad\/","title":{"rendered":"Expertos inciden en la necesidad de crear productos para combatir la estacionalidad"},"content":{"rendered":"<p><img fetchpriority=\"high\" decoding=\"async\" class=\"alignleft size-medium wp-image-38815\" src=\"https:\/\/eldigitaldeasturias.com\/magazine365\/wp-content\/uploads\/2015\/06\/fotonoticia_20150603180214_800-360x219.jpg\" alt=\"fotonoticia_20150603180214_800\" width=\"360\" height=\"219\" srcset=\"https:\/\/eldigitaldeasturias.com\/magazine365\/wp-content\/uploads\/2015\/06\/fotonoticia_20150603180214_800-360x219.jpg 360w, https:\/\/eldigitaldeasturias.com\/magazine365\/wp-content\/uploads\/2015\/06\/fotonoticia_20150603180214_800-650x396.jpg 650w, https:\/\/eldigitaldeasturias.com\/magazine365\/wp-content\/uploads\/2015\/06\/fotonoticia_20150603180214_800-768x468.jpg 768w, https:\/\/eldigitaldeasturias.com\/magazine365\/wp-content\/uploads\/2015\/06\/fotonoticia_20150603180214_800-150x91.jpg 150w, https:\/\/eldigitaldeasturias.com\/magazine365\/wp-content\/uploads\/2015\/06\/fotonoticia_20150603180214_800-450x274.jpg 450w, https:\/\/eldigitaldeasturias.com\/magazine365\/wp-content\/uploads\/2015\/06\/fotonoticia_20150603180214_800-696x424.jpg 696w, https:\/\/eldigitaldeasturias.com\/magazine365\/wp-content\/uploads\/2015\/06\/fotonoticia_20150603180214_800-690x420.jpg 690w, https:\/\/eldigitaldeasturias.com\/magazine365\/wp-content\/uploads\/2015\/06\/fotonoticia_20150603180214_800.jpg 800w\" sizes=\"(max-width: 360px) 100vw, 360px\" \/>El municipio malague\u00f1o de Torremolinos ha acogido este mi\u00e9rcoles la tercera conferencia de la Organizaci\u00f3n Mundial del Turismo (OMT) sobre la estacionalidad tur\u00edstica, un encuentro en el que se ha incidido en la necesidad de crear productos para combatirla de la manera m\u00e1s eficaz posible.<\/p>\n<p>En esta conferencia sobre desestacionalizaci\u00f3n, en la que todos los participantes coincidieron en que el trabajo conjunto entre el sector p\u00fablico y el privado es fundamental, el presidente de la Junta Directiva de los Miembros Afiliados de la OMT, Miguel Mirones, ha manifestado que quien pretenda un objetivo a corto plazo \u00abest\u00e1 haciendo un planteamiento err\u00f3neo de partida\u00bb.<\/p>\n<p>As\u00ed, ha abogado por una apuesta a medio y largo plazo, m\u00e1s all\u00e1 de \u00abvaivenes pol\u00edticos\u00bb y por perseverar y no dejarlo a mitad de camino. Igualmente, la directora del Programa de Miembros Afiliados de la OMT, Yolanda Perdomo, ha pedido \u00abvisi\u00f3n a largo plazo y trabajo en equipo\u00bb para gestionar la estacionalidad. \u00abDependemos los unos de los otros y lo que hay que decidir es qui\u00e9n hila todo eso\u00bb, ha apostillado.<\/p>\n<p>La secretaria de Estado de Turismo, Isabel Borrego, tambi\u00e9n presente, ha aludido a la importancia no s\u00f3lo de la colaboraci\u00f3n p\u00fablico-privada, sino tambi\u00e9n entre las propias empresas y entre las administraciones. Ha defendido de este modo la apuesta del Gobierno central por el turismo sostenible y por captar turistas con m\u00e1s capacidad de gasto, algo que ya est\u00e1 empezando a dar frutos, \u00abaunque nos queda mucho camino por andar\u00bb.<\/p>\n<p>Durante la inauguraci\u00f3n de Euroal, Borrego ha apuntado a la creaci\u00f3n de nuevos productos y segmentos, ir hacia un turismo m\u00e1s experiencial y, por tanto, incrementar la llegada de viajeros en temporada media y baja para mitigar la llegada en los meses de verano.<\/p>\n<p>Ha defendido que el turismo es \u00abel motor del crecimiento\u00bb de la econom\u00eda, \u00abgracias al trabajo del sector privado porque las administraciones ponen los mimbres de los objetivos que nos traslada el sector y si no lo hacemos, vamos mal encaminados\u00bb. En su intervenci\u00f3n ha recalcado tambi\u00e9n c\u00f3mo Espa\u00f1a ha pasado del octavo lugar a liderar la clasificaci\u00f3n de competitividad tur\u00edstica en cuatro a\u00f1os, seg\u00fan el \u00faltimo informe del Foro Davos.<\/p>\n<p>\u00abLlevamos tres a\u00f1os con datos mes a mes extraordinarios, es una tendencia que no se aten\u00faa, sino que sigue reforz\u00e1ndose\u00bb, ha indicado, a\u00f1adiendo que hasta abril han llegado 16 millones de turistas internacionales, un 4,4 por ciento m\u00e1s que el pasado a\u00f1o, cuando ya se alcanzaron cifras r\u00e9cord.<\/p>\n<p>El gasto, ha continuado, tambi\u00e9n se ha incrementado un 7,2 por ciento, adem\u00e1s de llevar \u00ab22 meses creando empleo tur\u00edstico\u00bb. Por tanto, ha reiterado la secretaria de Estado, el turismo es \u00abun sector clave que nos puede seguir ayudando en la econom\u00eda\u00bb.<\/p>\n<p>EJEMPLOS DE PRODUCTOS<\/p>\n<p>En la conferencia en s\u00ed, diversos ponentes han ido dando a conocer sus experiencias en turismo de compras, n\u00e1utico, senior y en otros segmentos, todo ello para ofrecer un destino atractivo durante todo el a\u00f1o para los visitantes.<\/p>\n<p>El gerente de la Asociaci\u00f3n Europea de Estaciones N\u00e1uticas, Rafael Moreno, ha incidido en que lo necesario son empresarios \u00abcapaces de llevar a un destino a miles de personas para practicar deportes n\u00e1uticos\u00bb. En esto es muy necesario, a su juicio, que haya productos, que aquellos que quieran ir de vacaciones puedan hacerlo y la distribuci\u00f3n de los servicios.<\/p>\n<p>En este sentido, ha indicado que el turismo de sol y playa est\u00e1 \u00ababsolutamente necesitado de una reconversi\u00f3n\u00bb. \u00abLos destinos de litoral tienen que adaptarse a las necesidades de cada cliente\u00bb, ha explicado, y ha puesto como ejemplo que si los hoteles est\u00e1n cerrados en temporada baja, \u00abno tenemos nada que hacer\u00bb.<\/p>\n<p>Igualmente, ha considerado que no se puede hacer una reflexi\u00f3n sobre la estacionalidad en general, sino que ha de hacerse destino por destino y segmento por segmento para ver qu\u00e9 necesitan los clientes. As\u00ed, ha puesto como ejemplo el caso de Francia, donde los ni\u00f1os tienen vacaciones cada seis semanas y han surgido touroperadores especializados en el turismo senior porque muchos abuelos viajan con sus nietos.<\/p>\n<p>Tambi\u00e9n ha considerado que ha de cambiarse la pol\u00edtica e invertir m\u00e1s en determinados programas y se ha preguntado por qu\u00e9 hoy no se incentiva que un trabajador coja sus vacaciones en otro mes que no sea agosto.<\/p>\n<p>M\u00c1S DE 2.400 CONTACTOS COMERCIALES<\/p>\n<p>Durante la inauguraci\u00f3n de Euroal, el alcalde de Torremolinos en funciones, Pedro Fern\u00e1ndez Montes, ha manifestado que en esta cita se espera superar los 2.400 contactos comerciales, m\u00e1s que el pasado a\u00f1o.<\/p>\n<p>La directora del Programa de Miembros Afiliados de la OMT ha aludido tambi\u00e9n a las buenas cifras que est\u00e1 generando la actividad tur\u00edstica, incluido el gasto en destino superior al tres por ciento seg\u00fan el \u00faltimo bar\u00f3metro de esta instituci\u00f3n, frente a un cuatro por ciento m\u00e1s de visitantes.<\/p>\n<p>Sin embargo, a juicio de Perdomo, lo fundamental, lo que har\u00e1 que los destinos crezcan, es la formaci\u00f3n continua en las propias ferias y eventos que se desarrollen, con mesas y talleres para que los participantes aprendan, algo que \u00abda valor y que es crucial\u00bb. Los expertos, ha dicho, van a un lugar a aprender de otros expertos, \u00abes fundamental generar conocimiento\u00bb.<\/p>\n<p>IMPULSAR LA COMPETITIVIDAD<\/p>\n<p>Por su parte, la viceconsejera de Turismo de la Junta de Andaluc\u00eda, Antonia Moro, ha recalcado la evoluci\u00f3n de este sal\u00f3n tur\u00edstico, que se ha convertido en \u00abuna cita ineludible para expertos y profesionales y punto de encuentro de comercializaci\u00f3n y para analizar el pasado, el presente y el futuro del sector\u00bb.<\/p>\n<p>Tras destacar la importancia del sector privado, ha considerado que el turismo no es una competici\u00f3n entre destinos, \u00absino una prueba diaria de autocompetitividad, de ver hasta d\u00f3nde estamos dispuestos a llegar para ofrecer el mejor producto, el mejor servicio, el de m\u00e1s calidad, innovador, atractivo y sostenible\u00bb. \u00abEl turista estoy convencida de que siempre premia ese esfuerzo\u00bb, ha apostillado.<\/p>\n<p>Moro ha abogado por la puesta en com\u00fan de estrategias y por el intercambio de experiencias entre destinos para aportar \u00abuna visi\u00f3n de largo recorrido\u00bb que impulse la competitividad de la industria tur\u00edstica. El debate sobre la estacionalidad \u00abcobra especial relevancia en destinos con una amplia trayectoria en la gesti\u00f3n tur\u00edstica del litoral y forma parte de la lucha diaria de administraciones, agentes, empresarios y trabajadores para alcanzar mayores cuotas de rentabilidad\u00bb.<\/p>\n<p>El presidente del Consejo de Turismo de la Confederaci\u00f3n de Empresarios de Andaluc\u00eda (CEA), Miguel S\u00e1nchez, por su parte, ha incidido en que salones como Euroal son \u00abtremendamente positivos\u00bb para el desarrollo y puesta en com\u00fan de muchos asuntos a nivel mundial y que benefician a la industria tur\u00edstica.<\/p>\n<p>ACCIONES INVERSAS<\/p>\n<p>Con motivo de esta cita tur\u00edstica entre Europa y Am\u00e9rica Latina, la Junta, adem\u00e1s de disponer de un expositor en el Palacio de Congresos de Torremolinos junto a la Red de Ciudades Medias, Caminos de Pasi\u00f3n, empresas e instituciones; ha organizado, una vez finalice Euroal dos acciones de promoci\u00f3n inversa con el objetivo de mostrar la oferta y destinos de Andaluc\u00eda a profesionales del sector desplazados a la Comunidad Aut\u00f3noma con motivo de este sal\u00f3n tur\u00edstico.<\/p>\n<p>Del 6 al 9 de junio se llevar\u00e1 a cabo un itinerario por la regi\u00f3n en el que participar\u00e1n en torno a 20 periodistas de diversos mercados, quienes tendr\u00e1n la oportunidad de conocer distintos enclaves de las provincias de Huelva y Sevilla en colaboraci\u00f3n con ambos patronatos.<\/p>\n<p>Otra veintena de profesionales, en este caso agentes de viajes y responsables de operadores internacionales, se desplazar\u00e1n a la provincia de Ja\u00e9n, en una visita en colaboraci\u00f3n con el patronato jienense centrada en la oferta cultural y de naturaleza.<\/p>\n","protected":false},"excerpt":{"rendered":"<p>El municipio malague\u00f1o de Torremolinos ha acogido este mi\u00e9rcoles la tercera conferencia de la Organizaci\u00f3n Mundial del Turismo (OMT) sobre la estacionalidad tur\u00edstica, un encuentro en el que se ha incidido en la necesidad de crear productos para combatirla de la manera m\u00e1s eficaz posible. En esta conferencia sobre desestacionalizaci\u00f3n, en la que todos los<\/p>\n","protected":false},"author":1,"featured_media":38815,"comment_status":"open","ping_status":"closed","sticky":false,"template":"","format":"standard","meta":{"footnotes":""},"categories":[222],"tags":[],"class_list":{"0":"post-38814","1":"post","2":"type-post","3":"status-publish","4":"format-standard","5":"has-post-thumbnail","7":"category-actualidad-turismo"},"aioseo_notices":[],"aioseo_head":"\n\t\t<!-- All in One SEO Pro 4.9.6.1 - aioseo.com -->\n\t<meta name=\"description\" content=\"El municipio malague\u00f1o de Torremolinos ha acogido este mi\u00e9rcoles la tercera conferencia de la Organizaci\u00f3n Mundial del Turismo (OMT) sobre la estacionalidad tur\u00edstica, un encuentro en el que se ha incidido en la necesidad de crear productos para combatirla de la manera m\u00e1s eficaz posible. En esta conferencia sobre desestacionalizaci\u00f3n, en la que todos los\" \/>\n\t<meta name=\"robots\" content=\"max-image-preview:large\" \/>\n\t<meta name=\"author\" content=\"admin\"\/>\n\t<meta name=\"google-site-verification\" content=\"UA-38556648-1\" \/>\n\t<meta name=\"keywords\" content=\"actualidad turismo\" \/>\n\t<link rel=\"canonical\" href=\"https:\/\/eldigitaldeasturias.com\/magazine365\/expertos-inciden-en-la-necesidad-de-crear-productos-para-combatir-la-estacionalidad\/\" \/>\n\t<meta name=\"generator\" content=\"All in One SEO Pro (AIOSEO) 4.9.6.1\" \/>\n\t\t<meta property=\"og:locale\" content=\"es_ES\" \/>\n\t\t<meta property=\"og:site_name\" content=\"El Digital de Asturias \u2013 Revista de ocio, turismo y estilo de vida\" \/>\n\t\t<meta property=\"og:type\" content=\"article\" \/>\n\t\t<meta property=\"og:title\" content=\"Expertos inciden en la necesidad de crear productos para combatir la estacionalidad | El Digital de Asturias\" \/>\n\t\t<meta property=\"og:description\" content=\"El municipio malague\u00f1o de Torremolinos ha acogido este mi\u00e9rcoles la tercera conferencia de la Organizaci\u00f3n Mundial del Turismo (OMT) sobre la estacionalidad tur\u00edstica, un encuentro en el que se ha incidido en la necesidad de crear productos para combatirla de la manera m\u00e1s eficaz posible. En esta conferencia sobre desestacionalizaci\u00f3n, en la que todos los\" \/>\n\t\t<meta property=\"og:url\" content=\"https:\/\/eldigitaldeasturias.com\/magazine365\/expertos-inciden-en-la-necesidad-de-crear-productos-para-combatir-la-estacionalidad\/\" \/>\n\t\t<meta property=\"og:image\" content=\"https:\/\/eldigitaldeasturias.com\/magazine365\/wp-content\/uploads\/2015\/06\/fotonoticia_20150603180214_800.jpg\" \/>\n\t\t<meta property=\"og:image:secure_url\" content=\"https:\/\/eldigitaldeasturias.com\/magazine365\/wp-content\/uploads\/2015\/06\/fotonoticia_20150603180214_800.jpg\" \/>\n\t\t<meta property=\"og:image:width\" content=\"800\" \/>\n\t\t<meta property=\"og:image:height\" content=\"487\" \/>\n\t\t<meta property=\"article:published_time\" content=\"2015-06-05T01:58:48+00:00\" \/>\n\t\t<meta property=\"article:modified_time\" content=\"2015-06-05T01:58:48+00:00\" \/>\n\t\t<meta name=\"twitter:card\" content=\"summary_large_image\" \/>\n\t\t<meta name=\"twitter:title\" content=\"Expertos inciden en la necesidad de crear productos para combatir la estacionalidad | El Digital de Asturias\" \/>\n\t\t<meta name=\"twitter:description\" content=\"El municipio malague\u00f1o de Torremolinos ha acogido este mi\u00e9rcoles la tercera conferencia de la Organizaci\u00f3n Mundial del Turismo (OMT) sobre la estacionalidad tur\u00edstica, un encuentro en el que se ha incidido en la necesidad de crear productos para combatirla de la manera m\u00e1s eficaz posible. En esta conferencia sobre desestacionalizaci\u00f3n, en la que todos los\" \/>\n\t\t<meta name=\"twitter:image\" content=\"https:\/\/eldigitaldeasturias.com\/magazine365\/wp-content\/uploads\/2015\/06\/fotonoticia_20150603180214_800.jpg\" \/>\n\t\t<script type=\"application\/ld+json\" class=\"aioseo-schema\">\n\t\t\t{\"@context\":\"https:\\\/\\\/schema.org\",\"@graph\":[{\"@type\":\"Article\",\"@id\":\"https:\\\/\\\/eldigitaldeasturias.com\\\/magazine365\\\/expertos-inciden-en-la-necesidad-de-crear-productos-para-combatir-la-estacionalidad\\\/#article\",\"name\":\"Expertos inciden en la necesidad de crear productos para combatir la estacionalidad | El Digital de Asturias\",\"headline\":\"Expertos inciden en la necesidad de crear productos para combatir la estacionalidad\",\"author\":{\"@id\":\"https:\\\/\\\/eldigitaldeasturias.com\\\/magazine365\\\/author\\\/admin\\\/#author\"},\"publisher\":{\"@id\":\"https:\\\/\\\/eldigitaldeasturias.com\\\/magazine365\\\/#organization\"},\"image\":{\"@type\":\"ImageObject\",\"url\":\"https:\\\/\\\/eldigitaldeasturias.com\\\/magazine365\\\/wp-content\\\/uploads\\\/2015\\\/06\\\/fotonoticia_20150603180214_800.jpg\",\"width\":800,\"height\":487},\"datePublished\":\"2015-06-05T03:28:48+02:00\",\"dateModified\":\"2015-06-05T03:28:48+02:00\",\"inLanguage\":\"es-ES\",\"mainEntityOfPage\":{\"@id\":\"https:\\\/\\\/eldigitaldeasturias.com\\\/magazine365\\\/expertos-inciden-en-la-necesidad-de-crear-productos-para-combatir-la-estacionalidad\\\/#webpage\"},\"isPartOf\":{\"@id\":\"https:\\\/\\\/eldigitaldeasturias.com\\\/magazine365\\\/expertos-inciden-en-la-necesidad-de-crear-productos-para-combatir-la-estacionalidad\\\/#webpage\"},\"articleSection\":\"Actualidad Turismo\"},{\"@type\":\"BreadcrumbList\",\"@id\":\"https:\\\/\\\/eldigitaldeasturias.com\\\/magazine365\\\/expertos-inciden-en-la-necesidad-de-crear-productos-para-combatir-la-estacionalidad\\\/#breadcrumblist\",\"itemListElement\":[{\"@type\":\"ListItem\",\"@id\":\"https:\\\/\\\/eldigitaldeasturias.com\\\/magazine365#listItem\",\"position\":1,\"name\":\"Home\",\"item\":\"https:\\\/\\\/eldigitaldeasturias.com\\\/magazine365\",\"nextItem\":{\"@type\":\"ListItem\",\"@id\":\"https:\\\/\\\/eldigitaldeasturias.com\\\/magazine365\\\/category\\\/actualidad-turismo\\\/#listItem\",\"name\":\"Actualidad Turismo\"}},{\"@type\":\"ListItem\",\"@id\":\"https:\\\/\\\/eldigitaldeasturias.com\\\/magazine365\\\/category\\\/actualidad-turismo\\\/#listItem\",\"position\":2,\"name\":\"Actualidad Turismo\",\"item\":\"https:\\\/\\\/eldigitaldeasturias.com\\\/magazine365\\\/category\\\/actualidad-turismo\\\/\",\"nextItem\":{\"@type\":\"ListItem\",\"@id\":\"https:\\\/\\\/eldigitaldeasturias.com\\\/magazine365\\\/expertos-inciden-en-la-necesidad-de-crear-productos-para-combatir-la-estacionalidad\\\/#listItem\",\"name\":\"Expertos inciden en la necesidad de crear productos para combatir la estacionalidad\"},\"previousItem\":{\"@type\":\"ListItem\",\"@id\":\"https:\\\/\\\/eldigitaldeasturias.com\\\/magazine365#listItem\",\"name\":\"Home\"}},{\"@type\":\"ListItem\",\"@id\":\"https:\\\/\\\/eldigitaldeasturias.com\\\/magazine365\\\/expertos-inciden-en-la-necesidad-de-crear-productos-para-combatir-la-estacionalidad\\\/#listItem\",\"position\":3,\"name\":\"Expertos inciden en la necesidad de crear productos para combatir la estacionalidad\",\"previousItem\":{\"@type\":\"ListItem\",\"@id\":\"https:\\\/\\\/eldigitaldeasturias.com\\\/magazine365\\\/category\\\/actualidad-turismo\\\/#listItem\",\"name\":\"Actualidad Turismo\"}}]},{\"@type\":\"Organization\",\"@id\":\"https:\\\/\\\/eldigitaldeasturias.com\\\/magazine365\\\/#organization\",\"name\":\"El digital de Asturias\",\"description\":\"Revista de ocio, turismo y estilo de vida\",\"url\":\"https:\\\/\\\/eldigitaldeasturias.com\\\/magazine365\\\/\",\"logo\":{\"@type\":\"ImageObject\",\"url\":\"https:\\\/\\\/www.eldigitaldeasturias.com\\\/noticias\\\/wp-content\\\/uploads\\\/2020\\\/12\\\/EDA.jpg\",\"@id\":\"https:\\\/\\\/eldigitaldeasturias.com\\\/magazine365\\\/expertos-inciden-en-la-necesidad-de-crear-productos-para-combatir-la-estacionalidad\\\/#organizationLogo\"},\"image\":{\"@id\":\"https:\\\/\\\/eldigitaldeasturias.com\\\/magazine365\\\/expertos-inciden-en-la-necesidad-de-crear-productos-para-combatir-la-estacionalidad\\\/#organizationLogo\"}},{\"@type\":\"Person\",\"@id\":\"https:\\\/\\\/eldigitaldeasturias.com\\\/magazine365\\\/author\\\/admin\\\/#author\",\"url\":\"https:\\\/\\\/eldigitaldeasturias.com\\\/magazine365\\\/author\\\/admin\\\/\",\"name\":\"admin\",\"image\":{\"@type\":\"ImageObject\",\"@id\":\"https:\\\/\\\/eldigitaldeasturias.com\\\/magazine365\\\/expertos-inciden-en-la-necesidad-de-crear-productos-para-combatir-la-estacionalidad\\\/#authorImage\",\"url\":\"https:\\\/\\\/eldigitaldeasturias.com\\\/magazine365\\\/wp-content\\\/litespeed\\\/avatar\\\/e571bcf59a0edd6fa6838245a470f2fe.jpg?ver=1776969259\",\"width\":96,\"height\":96,\"caption\":\"admin\"}},{\"@type\":\"WebPage\",\"@id\":\"https:\\\/\\\/eldigitaldeasturias.com\\\/magazine365\\\/expertos-inciden-en-la-necesidad-de-crear-productos-para-combatir-la-estacionalidad\\\/#webpage\",\"url\":\"https:\\\/\\\/eldigitaldeasturias.com\\\/magazine365\\\/expertos-inciden-en-la-necesidad-de-crear-productos-para-combatir-la-estacionalidad\\\/\",\"name\":\"Expertos inciden en la necesidad de crear productos para combatir la estacionalidad | El Digital de Asturias\",\"description\":\"El municipio malague\\u00f1o de Torremolinos ha acogido este mi\\u00e9rcoles la tercera conferencia de la Organizaci\\u00f3n Mundial del Turismo (OMT) sobre la estacionalidad tur\\u00edstica, un encuentro en el que se ha incidido en la necesidad de crear productos para combatirla de la manera m\\u00e1s eficaz posible. En esta conferencia sobre desestacionalizaci\\u00f3n, en la que todos los\",\"inLanguage\":\"es-ES\",\"isPartOf\":{\"@id\":\"https:\\\/\\\/eldigitaldeasturias.com\\\/magazine365\\\/#website\"},\"breadcrumb\":{\"@id\":\"https:\\\/\\\/eldigitaldeasturias.com\\\/magazine365\\\/expertos-inciden-en-la-necesidad-de-crear-productos-para-combatir-la-estacionalidad\\\/#breadcrumblist\"},\"author\":{\"@id\":\"https:\\\/\\\/eldigitaldeasturias.com\\\/magazine365\\\/author\\\/admin\\\/#author\"},\"creator\":{\"@id\":\"https:\\\/\\\/eldigitaldeasturias.com\\\/magazine365\\\/author\\\/admin\\\/#author\"},\"image\":{\"@type\":\"ImageObject\",\"url\":\"https:\\\/\\\/eldigitaldeasturias.com\\\/magazine365\\\/wp-content\\\/uploads\\\/2015\\\/06\\\/fotonoticia_20150603180214_800.jpg\",\"@id\":\"https:\\\/\\\/eldigitaldeasturias.com\\\/magazine365\\\/expertos-inciden-en-la-necesidad-de-crear-productos-para-combatir-la-estacionalidad\\\/#mainImage\",\"width\":800,\"height\":487},\"primaryImageOfPage\":{\"@id\":\"https:\\\/\\\/eldigitaldeasturias.com\\\/magazine365\\\/expertos-inciden-en-la-necesidad-de-crear-productos-para-combatir-la-estacionalidad\\\/#mainImage\"},\"datePublished\":\"2015-06-05T03:28:48+02:00\",\"dateModified\":\"2015-06-05T03:28:48+02:00\"},{\"@type\":\"WebSite\",\"@id\":\"https:\\\/\\\/eldigitaldeasturias.com\\\/magazine365\\\/#website\",\"url\":\"https:\\\/\\\/eldigitaldeasturias.com\\\/magazine365\\\/\",\"name\":\"El Digital de Asturias\",\"description\":\"Revista de ocio, turismo y estilo de vida\",\"inLanguage\":\"es-ES\",\"publisher\":{\"@id\":\"https:\\\/\\\/eldigitaldeasturias.com\\\/magazine365\\\/#organization\"}}]}\n\t\t<\/script>\n\t\t<!-- All in One SEO Pro -->\r\n\t\t<title>Expertos inciden en la necesidad de crear productos para combatir la estacionalidad | El Digital de Asturias<\/title>\n\n","aioseo_head_json":{"title":"Expertos inciden en la necesidad de crear productos para combatir la estacionalidad | El Digital de Asturias","description":"El municipio malague\u00f1o de Torremolinos ha acogido este mi\u00e9rcoles la tercera conferencia de la Organizaci\u00f3n Mundial del Turismo (OMT) sobre la estacionalidad tur\u00edstica, un encuentro en el que se ha incidido en la necesidad de crear productos para combatirla de la manera m\u00e1s eficaz posible. En esta conferencia sobre desestacionalizaci\u00f3n, en la que todos los","canonical_url":"https:\/\/eldigitaldeasturias.com\/magazine365\/expertos-inciden-en-la-necesidad-de-crear-productos-para-combatir-la-estacionalidad\/","robots":"max-image-preview:large","keywords":"actualidad turismo","webmasterTools":{"google-site-verification":"UA-38556648-1","miscellaneous":""},"schema":{"@context":"https:\/\/schema.org","@graph":[{"@type":"Article","@id":"https:\/\/eldigitaldeasturias.com\/magazine365\/expertos-inciden-en-la-necesidad-de-crear-productos-para-combatir-la-estacionalidad\/#article","name":"Expertos inciden en la necesidad de crear productos para combatir la estacionalidad | El Digital de Asturias","headline":"Expertos inciden en la necesidad de crear productos para combatir la estacionalidad","author":{"@id":"https:\/\/eldigitaldeasturias.com\/magazine365\/author\/admin\/#author"},"publisher":{"@id":"https:\/\/eldigitaldeasturias.com\/magazine365\/#organization"},"image":{"@type":"ImageObject","url":"https:\/\/eldigitaldeasturias.com\/magazine365\/wp-content\/uploads\/2015\/06\/fotonoticia_20150603180214_800.jpg","width":800,"height":487},"datePublished":"2015-06-05T03:28:48+02:00","dateModified":"2015-06-05T03:28:48+02:00","inLanguage":"es-ES","mainEntityOfPage":{"@id":"https:\/\/eldigitaldeasturias.com\/magazine365\/expertos-inciden-en-la-necesidad-de-crear-productos-para-combatir-la-estacionalidad\/#webpage"},"isPartOf":{"@id":"https:\/\/eldigitaldeasturias.com\/magazine365\/expertos-inciden-en-la-necesidad-de-crear-productos-para-combatir-la-estacionalidad\/#webpage"},"articleSection":"Actualidad Turismo"},{"@type":"BreadcrumbList","@id":"https:\/\/eldigitaldeasturias.com\/magazine365\/expertos-inciden-en-la-necesidad-de-crear-productos-para-combatir-la-estacionalidad\/#breadcrumblist","itemListElement":[{"@type":"ListItem","@id":"https:\/\/eldigitaldeasturias.com\/magazine365#listItem","position":1,"name":"Home","item":"https:\/\/eldigitaldeasturias.com\/magazine365","nextItem":{"@type":"ListItem","@id":"https:\/\/eldigitaldeasturias.com\/magazine365\/category\/actualidad-turismo\/#listItem","name":"Actualidad Turismo"}},{"@type":"ListItem","@id":"https:\/\/eldigitaldeasturias.com\/magazine365\/category\/actualidad-turismo\/#listItem","position":2,"name":"Actualidad Turismo","item":"https:\/\/eldigitaldeasturias.com\/magazine365\/category\/actualidad-turismo\/","nextItem":{"@type":"ListItem","@id":"https:\/\/eldigitaldeasturias.com\/magazine365\/expertos-inciden-en-la-necesidad-de-crear-productos-para-combatir-la-estacionalidad\/#listItem","name":"Expertos inciden en la necesidad de crear productos para combatir la estacionalidad"},"previousItem":{"@type":"ListItem","@id":"https:\/\/eldigitaldeasturias.com\/magazine365#listItem","name":"Home"}},{"@type":"ListItem","@id":"https:\/\/eldigitaldeasturias.com\/magazine365\/expertos-inciden-en-la-necesidad-de-crear-productos-para-combatir-la-estacionalidad\/#listItem","position":3,"name":"Expertos inciden en la necesidad de crear productos para combatir la estacionalidad","previousItem":{"@type":"ListItem","@id":"https:\/\/eldigitaldeasturias.com\/magazine365\/category\/actualidad-turismo\/#listItem","name":"Actualidad Turismo"}}]},{"@type":"Organization","@id":"https:\/\/eldigitaldeasturias.com\/magazine365\/#organization","name":"El digital de Asturias","description":"Revista de ocio, turismo y estilo de vida","url":"https:\/\/eldigitaldeasturias.com\/magazine365\/","logo":{"@type":"ImageObject","url":"https:\/\/www.eldigitaldeasturias.com\/noticias\/wp-content\/uploads\/2020\/12\/EDA.jpg","@id":"https:\/\/eldigitaldeasturias.com\/magazine365\/expertos-inciden-en-la-necesidad-de-crear-productos-para-combatir-la-estacionalidad\/#organizationLogo"},"image":{"@id":"https:\/\/eldigitaldeasturias.com\/magazine365\/expertos-inciden-en-la-necesidad-de-crear-productos-para-combatir-la-estacionalidad\/#organizationLogo"}},{"@type":"Person","@id":"https:\/\/eldigitaldeasturias.com\/magazine365\/author\/admin\/#author","url":"https:\/\/eldigitaldeasturias.com\/magazine365\/author\/admin\/","name":"admin","image":{"@type":"ImageObject","@id":"https:\/\/eldigitaldeasturias.com\/magazine365\/expertos-inciden-en-la-necesidad-de-crear-productos-para-combatir-la-estacionalidad\/#authorImage","url":"https:\/\/eldigitaldeasturias.com\/magazine365\/wp-content\/litespeed\/avatar\/e571bcf59a0edd6fa6838245a470f2fe.jpg?ver=1776969259","width":96,"height":96,"caption":"admin"}},{"@type":"WebPage","@id":"https:\/\/eldigitaldeasturias.com\/magazine365\/expertos-inciden-en-la-necesidad-de-crear-productos-para-combatir-la-estacionalidad\/#webpage","url":"https:\/\/eldigitaldeasturias.com\/magazine365\/expertos-inciden-en-la-necesidad-de-crear-productos-para-combatir-la-estacionalidad\/","name":"Expertos inciden en la necesidad de crear productos para combatir la estacionalidad | El Digital de Asturias","description":"El municipio malague\u00f1o de Torremolinos ha acogido este mi\u00e9rcoles la tercera conferencia de la Organizaci\u00f3n Mundial del Turismo (OMT) sobre la estacionalidad tur\u00edstica, un encuentro en el que se ha incidido en la necesidad de crear productos para combatirla de la manera m\u00e1s eficaz posible. En esta conferencia sobre desestacionalizaci\u00f3n, en la que todos los","inLanguage":"es-ES","isPartOf":{"@id":"https:\/\/eldigitaldeasturias.com\/magazine365\/#website"},"breadcrumb":{"@id":"https:\/\/eldigitaldeasturias.com\/magazine365\/expertos-inciden-en-la-necesidad-de-crear-productos-para-combatir-la-estacionalidad\/#breadcrumblist"},"author":{"@id":"https:\/\/eldigitaldeasturias.com\/magazine365\/author\/admin\/#author"},"creator":{"@id":"https:\/\/eldigitaldeasturias.com\/magazine365\/author\/admin\/#author"},"image":{"@type":"ImageObject","url":"https:\/\/eldigitaldeasturias.com\/magazine365\/wp-content\/uploads\/2015\/06\/fotonoticia_20150603180214_800.jpg","@id":"https:\/\/eldigitaldeasturias.com\/magazine365\/expertos-inciden-en-la-necesidad-de-crear-productos-para-combatir-la-estacionalidad\/#mainImage","width":800,"height":487},"primaryImageOfPage":{"@id":"https:\/\/eldigitaldeasturias.com\/magazine365\/expertos-inciden-en-la-necesidad-de-crear-productos-para-combatir-la-estacionalidad\/#mainImage"},"datePublished":"2015-06-05T03:28:48+02:00","dateModified":"2015-06-05T03:28:48+02:00"},{"@type":"WebSite","@id":"https:\/\/eldigitaldeasturias.com\/magazine365\/#website","url":"https:\/\/eldigitaldeasturias.com\/magazine365\/","name":"El Digital de Asturias","description":"Revista de ocio, turismo y estilo de vida","inLanguage":"es-ES","publisher":{"@id":"https:\/\/eldigitaldeasturias.com\/magazine365\/#organization"}}]},"og:locale":"es_ES","og:site_name":"El Digital de Asturias \u2013 Revista de ocio, turismo y estilo de vida","og:type":"article","og:title":"Expertos inciden en la necesidad de crear productos para combatir la estacionalidad | El Digital de Asturias","og:description":"El municipio malague\u00f1o de Torremolinos ha acogido este mi\u00e9rcoles la tercera conferencia de la Organizaci\u00f3n Mundial del Turismo (OMT) sobre la estacionalidad tur\u00edstica, un encuentro en el que se ha incidido en la necesidad de crear productos para combatirla de la manera m\u00e1s eficaz posible. En esta conferencia sobre desestacionalizaci\u00f3n, en la que todos los","og:url":"https:\/\/eldigitaldeasturias.com\/magazine365\/expertos-inciden-en-la-necesidad-de-crear-productos-para-combatir-la-estacionalidad\/","og:image":"https:\/\/eldigitaldeasturias.com\/magazine365\/wp-content\/uploads\/2015\/06\/fotonoticia_20150603180214_800.jpg","og:image:secure_url":"https:\/\/eldigitaldeasturias.com\/magazine365\/wp-content\/uploads\/2015\/06\/fotonoticia_20150603180214_800.jpg","og:image:width":800,"og:image:height":487,"article:published_time":"2015-06-05T01:58:48+00:00","article:modified_time":"2015-06-05T01:58:48+00:00","twitter:card":"summary_large_image","twitter:title":"Expertos inciden en la necesidad de crear productos para combatir la estacionalidad | El Digital de Asturias","twitter:description":"El municipio malague\u00f1o de Torremolinos ha acogido este mi\u00e9rcoles la tercera conferencia de la Organizaci\u00f3n Mundial del Turismo (OMT) sobre la estacionalidad tur\u00edstica, un encuentro en el que se ha incidido en la necesidad de crear productos para combatirla de la manera m\u00e1s eficaz posible. En esta conferencia sobre desestacionalizaci\u00f3n, en la que todos los","twitter:image":"https:\/\/eldigitaldeasturias.com\/magazine365\/wp-content\/uploads\/2015\/06\/fotonoticia_20150603180214_800.jpg"},"aioseo_meta_data":{"post_id":"38814","title":null,"description":null,"keywords":null,"keyphrases":null,"primary_term":null,"canonical_url":null,"og_title":null,"og_description":null,"og_object_type":"default","og_image_type":"default","og_image_url":null,"og_image_width":null,"og_image_height":null,"og_image_custom_url":null,"og_image_custom_fields":null,"og_video":null,"og_custom_url":null,"og_article_section":null,"og_article_tags":null,"twitter_use_og":false,"twitter_card":"default","twitter_image_type":"default","twitter_image_url":null,"twitter_image_custom_url":null,"twitter_image_custom_fields":null,"twitter_title":null,"twitter_description":null,"schema":{"blockGraphs":[],"customGraphs":[],"default":{"data":{"Article":[],"Course":[],"Dataset":[],"FAQPage":[],"Movie":[],"Person":[],"Product":[],"ProductReview":[],"Car":[],"Recipe":[],"Service":[],"SoftwareApplication":[],"WebPage":[]},"graphName":"","isEnabled":true},"graphs":[],"defaultGraph":"","defaultPostTypeGraph":""},"schema_type":null,"schema_type_options":null,"pillar_content":false,"robots_default":true,"robots_noindex":false,"robots_noarchive":false,"robots_nosnippet":false,"robots_nofollow":false,"robots_noimageindex":false,"robots_noodp":false,"robots_notranslate":false,"robots_max_snippet":null,"robots_max_videopreview":null,"robots_max_imagepreview":"large","priority":null,"frequency":null,"location":null,"local_seo":null,"seo_analyzer_scan_date":"2025-09-19 10:20:58","breadcrumb_settings":null,"limit_modified_date":false,"open_ai":null,"ai":null,"created":"2021-03-08 18:32:36","updated":"2025-09-19 10:20:58"},"aioseo_breadcrumb":"<div class=\"aioseo-breadcrumbs\"><span class=\"aioseo-breadcrumb\">\n\t<a href=\"https:\/\/eldigitaldeasturias.com\/magazine365\" title=\"Home\">Home<\/a>\n<\/span><span class=\"aioseo-breadcrumb-separator\">\u2013<\/span><span class=\"aioseo-breadcrumb\">\n\t<a href=\"https:\/\/eldigitaldeasturias.com\/magazine365\/category\/actualidad-turismo\/\" title=\"Actualidad Turismo\">Actualidad Turismo<\/a>\n<\/span><span class=\"aioseo-breadcrumb-separator\">\u2013<\/span><span class=\"aioseo-breadcrumb\">\n\t<a href=\"https:\/\/eldigitaldeasturias.com\/magazine365\/expertos-inciden-en-la-necesidad-de-crear-productos-para-combatir-la-estacionalidad\/\" title=\"Expertos inciden en la necesidad de crear productos para combatir la estacionalidad\">Expertos inciden en la necesidad de crear productos para combatir la estacionalidad<\/a>\n<\/span><\/div>","aioseo_breadcrumb_json":[{"label":"Home","link":"https:\/\/eldigitaldeasturias.com\/magazine365"},{"label":"Actualidad Turismo","link":"https:\/\/eldigitaldeasturias.com\/magazine365\/category\/actualidad-turismo\/"},{"label":"Expertos inciden en la necesidad de crear productos para combatir la estacionalidad","link":"https:\/\/eldigitaldeasturias.com\/magazine365\/expertos-inciden-en-la-necesidad-de-crear-productos-para-combatir-la-estacionalidad\/"}],"_links":{"self":[{"href":"https:\/\/eldigitaldeasturias.com\/magazine365\/wp-json\/wp\/v2\/posts\/38814","targetHints":{"allow":["GET"]}}],"collection":[{"href":"https:\/\/eldigitaldeasturias.com\/magazine365\/wp-json\/wp\/v2\/posts"}],"about":[{"href":"https:\/\/eldigitaldeasturias.com\/magazine365\/wp-json\/wp\/v2\/types\/post"}],"author":[{"embeddable":true,"href":"https:\/\/eldigitaldeasturias.com\/magazine365\/wp-json\/wp\/v2\/users\/1"}],"replies":[{"embeddable":true,"href":"https:\/\/eldigitaldeasturias.com\/magazine365\/wp-json\/wp\/v2\/comments?post=38814"}],"version-history":[{"count":0,"href":"https:\/\/eldigitaldeasturias.com\/magazine365\/wp-json\/wp\/v2\/posts\/38814\/revisions"}],"wp:featuredmedia":[{"embeddable":true,"href":"https:\/\/eldigitaldeasturias.com\/magazine365\/wp-json\/wp\/v2\/media\/38815"}],"wp:attachment":[{"href":"https:\/\/eldigitaldeasturias.com\/magazine365\/wp-json\/wp\/v2\/media?parent=38814"}],"wp:term":[{"taxonomy":"category","embeddable":true,"href":"https:\/\/eldigitaldeasturias.com\/magazine365\/wp-json\/wp\/v2\/categories?post=38814"},{"taxonomy":"post_tag","embeddable":true,"href":"https:\/\/eldigitaldeasturias.com\/magazine365\/wp-json\/wp\/v2\/tags?post=38814"}],"curies":[{"name":"wp","href":"https:\/\/api.w.org\/{rel}","templated":true}]}}