{"id":38802,"date":"2015-06-05T03:20:33","date_gmt":"2015-06-05T01:50:33","guid":{"rendered":"http:\/\/eldigitaldeasturias.com\/magazine365\/?p=38802"},"modified":"2015-06-05T03:20:33","modified_gmt":"2015-06-05T01:50:33","slug":"renfe-recorta-un-28-su-perdida-y-dispara-un-61-su-ebitda-hasta-abril","status":"publish","type":"post","link":"https:\/\/eldigitaldeasturias.com\/magazine365\/renfe-recorta-un-28-su-perdida-y-dispara-un-61-su-ebitda-hasta-abril\/","title":{"rendered":"Renfe recorta un 28% su p\u00e9rdida y dispara un 61% su Ebitda hasta abril"},"content":{"rendered":"<p><img fetchpriority=\"high\" decoding=\"async\" class=\"alignleft size-medium wp-image-38803\" src=\"https:\/\/eldigitaldeasturias.com\/magazine365\/wp-content\/uploads\/2015\/06\/fotonoticia_20150603173201_800-360x243.jpg\" alt=\"fotonoticia_20150603173201_800\" width=\"360\" height=\"243\" srcset=\"https:\/\/eldigitaldeasturias.com\/magazine365\/wp-content\/uploads\/2015\/06\/fotonoticia_20150603173201_800-360x243.jpg 360w, https:\/\/eldigitaldeasturias.com\/magazine365\/wp-content\/uploads\/2015\/06\/fotonoticia_20150603173201_800-650x438.jpg 650w, https:\/\/eldigitaldeasturias.com\/magazine365\/wp-content\/uploads\/2015\/06\/fotonoticia_20150603173201_800-768x517.jpg 768w, https:\/\/eldigitaldeasturias.com\/magazine365\/wp-content\/uploads\/2015\/06\/fotonoticia_20150603173201_800-150x101.jpg 150w, https:\/\/eldigitaldeasturias.com\/magazine365\/wp-content\/uploads\/2015\/06\/fotonoticia_20150603173201_800-450x303.jpg 450w, https:\/\/eldigitaldeasturias.com\/magazine365\/wp-content\/uploads\/2015\/06\/fotonoticia_20150603173201_800-696x469.jpg 696w, https:\/\/eldigitaldeasturias.com\/magazine365\/wp-content\/uploads\/2015\/06\/fotonoticia_20150603173201_800-623x420.jpg 623w, https:\/\/eldigitaldeasturias.com\/magazine365\/wp-content\/uploads\/2015\/06\/fotonoticia_20150603173201_800.jpg 800w\" sizes=\"(max-width: 360px) 100vw, 360px\" \/>Renfe registr\u00f3 una p\u00e9rdida neta de 69,9 millones de euros al cierre de los cuatro primeros meses del a\u00f1o, con lo que recort\u00f3 en un 28,7% los &#8216;n\u00fameros rojos&#8217; contabilizados un a\u00f1o antes, gracias al aumento de los ingresos, la contenci\u00f3n de los gastos y la reducci\u00f3n de los costes financieros.<\/p>\n<p>El beneficio bruto de explotaci\u00f3n (Ebitda) de la operadora p\u00fablica se dispar\u00f3 un 61,1% entre los pasados meses de enero y abril, hasta sumar 57 millones de euros.<\/p>\n<p>Por su parte, los ingresos de la compa\u00f1\u00eda crecieron un 3%, impulsados por el incremento del 5,2% que se anotaron los del AVE y la Larga Distancia, que generaron 398 millones de euros.<\/p>\n<p>Adem\u00e1s, Renfe logr\u00f3 contener (+0,7%) sus gastos generales, al concluir las dotaciones para atender al ERE voluntario y universal aplicado en 2014. Ello compens\u00f3 parte del aumento del canon que paga a Adif y de la aportaci\u00f3n de la empresa al proyecto del AVE a La Meca, seg\u00fan datos de la compa\u00f1\u00eda que recoge Europa Press.<\/p>\n<p>En los cuatro primeros meses la operadora pag\u00f3 210,63 millones de euros a Adif por el uso de las v\u00edas de tren, las estaciones y otras infraestructuras ferroviarias. Este importe es un 1,6% superior al del pasado a\u00f1o y equivale a casi la cuarta parte (el 23%) de los gastos totales de la empresa.<\/p>\n<p>Adem\u00e1s, Renfe destin\u00f3 14,9 millones de euros al proyecto del denominado &#8216;AVE del Desierto&#8217;, el triple que el a\u00f1o anterior.<\/p>\n<p>En el cap\u00edtulo financiero, al cierre del pasado mes de abril, la compa\u00f1\u00eda soportaba un endeudamiento neto de 4.756 millones de euros, que arroja una reducci\u00f3n del 1% en comparaci\u00f3n a la conclusi\u00f3n del 2014.<\/p>\n<p>TODOS LOS NEGOCIOS RECORTAN P\u00c9RDIDAS.<\/p>\n<p>Por \u00e1reas de negocio, las cuatro sociedades filiales en las que actualmente se estructura Renfe lograron disminuir sus p\u00e9rdidas y mejorar su Ebitda en el primer cuatrimestre del a\u00f1o.<\/p>\n<p>As\u00ed, Renfe Viajeros redujo un 29,7% sus &#8216;n\u00fameros rojos&#8217;, hasta los 45,4 millones de euros y elev\u00f3 un 24,4% su beneficio bruto, que se situ\u00f3 en 56,2 millones. Adem\u00e1s de los casi 400 millones facturados por el transporte de viajeros en AVE y Larga Distancia, la compa\u00f1\u00eda ingres\u00f3 otros 233,7 millones por los servicios p\u00fablicos (Cercan\u00edas y Regionales).<\/p>\n<p>Renfe Mercanc\u00edas ingres\u00f3 83,1 millones de euros, un 1,1% menos, pero logr\u00f3 recortar un 8% sus gastos, con lo que sus p\u00e9rdidas descendieron un 33%, hasta 15 millones.<\/p>\n<p>De su lado, la rama industrial Renfe Fabricaci\u00f3n y Mantenimiento, contrajo un 20% su p\u00e9rdida en el periodo, hasta 7,52 millones, tras duplicar sus ingresos, mientras la nueva filial de alquiler de trenes factur\u00f3 5,5 millones de euros.<\/p>\n<p>Estos resultados est\u00e1n en l\u00ednea con el objetivo de la compa\u00f1\u00eda ferroviaria de superar los &#8216;n\u00fameros rojos&#8217; para equilibrar sus cuentas y empezar a generar beneficios en el horizonte de 2016. Con este fin, la operadora ha puesto en marcha un plan, denominado &#8216;+Renfe&#8217;, que incluye un amplio conjunto de medidas orientadas al aumento de la rentabilidad de la empresa y la mejora de la calidad del servicio.<\/p>\n","protected":false},"excerpt":{"rendered":"<p>Renfe registr\u00f3 una p\u00e9rdida neta de 69,9 millones de euros al cierre de los cuatro primeros meses del a\u00f1o, con lo que recort\u00f3 en un 28,7% los &#8216;n\u00fameros rojos&#8217; contabilizados un a\u00f1o antes, gracias al aumento de los ingresos, la contenci\u00f3n de los gastos y la reducci\u00f3n de los costes financieros. El beneficio bruto de<\/p>\n","protected":false},"author":1,"featured_media":38803,"comment_status":"open","ping_status":"closed","sticky":false,"template":"","format":"standard","meta":{"footnotes":""},"categories":[224],"tags":[],"class_list":{"0":"post-38802","1":"post","2":"type-post","3":"status-publish","4":"format-standard","5":"has-post-thumbnail","7":"category-noticias-actualidad"},"aioseo_notices":[],"aioseo_head":"\n\t\t<!-- All in One SEO Pro 4.9.6.1 - aioseo.com -->\n\t<meta name=\"description\" content=\"Renfe registr\u00f3 una p\u00e9rdida neta de 69,9 millones de euros al cierre de los cuatro primeros meses del a\u00f1o, con lo que recort\u00f3 en un 28,7% los &#039;n\u00fameros rojos&#039; contabilizados un a\u00f1o antes, gracias al aumento de los ingresos, la contenci\u00f3n de los gastos y la reducci\u00f3n de los costes financieros. El beneficio bruto de\" \/>\n\t<meta name=\"robots\" content=\"max-image-preview:large\" \/>\n\t<meta name=\"author\" content=\"admin\"\/>\n\t<meta name=\"google-site-verification\" content=\"UA-38556648-1\" \/>\n\t<meta name=\"keywords\" content=\"noticias y actualidad\" \/>\n\t<link rel=\"canonical\" href=\"https:\/\/eldigitaldeasturias.com\/magazine365\/renfe-recorta-un-28-su-perdida-y-dispara-un-61-su-ebitda-hasta-abril\/\" \/>\n\t<meta name=\"generator\" content=\"All in One SEO Pro (AIOSEO) 4.9.6.1\" \/>\n\t\t<meta property=\"og:locale\" content=\"es_ES\" \/>\n\t\t<meta property=\"og:site_name\" content=\"El Digital de Asturias \u2013 Revista de ocio, turismo y estilo de vida\" \/>\n\t\t<meta property=\"og:type\" content=\"article\" \/>\n\t\t<meta property=\"og:title\" content=\"Renfe recorta un 28% su p\u00e9rdida y dispara un 61% su Ebitda hasta abril | El Digital de Asturias\" \/>\n\t\t<meta property=\"og:description\" content=\"Renfe registr\u00f3 una p\u00e9rdida neta de 69,9 millones de euros al cierre de los cuatro primeros meses del a\u00f1o, con lo que recort\u00f3 en un 28,7% los &#039;n\u00fameros rojos&#039; contabilizados un a\u00f1o antes, gracias al aumento de los ingresos, la contenci\u00f3n de los gastos y la reducci\u00f3n de los costes financieros. El beneficio bruto de\" \/>\n\t\t<meta property=\"og:url\" content=\"https:\/\/eldigitaldeasturias.com\/magazine365\/renfe-recorta-un-28-su-perdida-y-dispara-un-61-su-ebitda-hasta-abril\/\" \/>\n\t\t<meta property=\"og:image\" content=\"https:\/\/eldigitaldeasturias.com\/magazine365\/wp-content\/uploads\/2015\/06\/fotonoticia_20150603173201_800.jpg\" \/>\n\t\t<meta property=\"og:image:secure_url\" content=\"https:\/\/eldigitaldeasturias.com\/magazine365\/wp-content\/uploads\/2015\/06\/fotonoticia_20150603173201_800.jpg\" \/>\n\t\t<meta property=\"og:image:width\" content=\"800\" \/>\n\t\t<meta property=\"og:image:height\" content=\"539\" \/>\n\t\t<meta property=\"article:published_time\" content=\"2015-06-05T01:50:33+00:00\" \/>\n\t\t<meta property=\"article:modified_time\" content=\"2015-06-05T01:50:33+00:00\" \/>\n\t\t<meta name=\"twitter:card\" content=\"summary_large_image\" \/>\n\t\t<meta name=\"twitter:title\" content=\"Renfe recorta un 28% su p\u00e9rdida y dispara un 61% su Ebitda hasta abril | El Digital de Asturias\" \/>\n\t\t<meta name=\"twitter:description\" content=\"Renfe registr\u00f3 una p\u00e9rdida neta de 69,9 millones de euros al cierre de los cuatro primeros meses del a\u00f1o, con lo que recort\u00f3 en un 28,7% los &#039;n\u00fameros rojos&#039; contabilizados un a\u00f1o antes, gracias al aumento de los ingresos, la contenci\u00f3n de los gastos y la reducci\u00f3n de los costes financieros. El beneficio bruto de\" \/>\n\t\t<meta name=\"twitter:image\" content=\"https:\/\/eldigitaldeasturias.com\/magazine365\/wp-content\/uploads\/2015\/06\/fotonoticia_20150603173201_800.jpg\" \/>\n\t\t<script type=\"application\/ld+json\" class=\"aioseo-schema\">\n\t\t\t{\"@context\":\"https:\\\/\\\/schema.org\",\"@graph\":[{\"@type\":\"Article\",\"@id\":\"https:\\\/\\\/eldigitaldeasturias.com\\\/magazine365\\\/renfe-recorta-un-28-su-perdida-y-dispara-un-61-su-ebitda-hasta-abril\\\/#article\",\"name\":\"Renfe recorta un 28% su p\\u00e9rdida y dispara un 61% su Ebitda hasta abril | El Digital de Asturias\",\"headline\":\"Renfe recorta un 28% su p\\u00e9rdida y dispara un 61% su Ebitda hasta abril\",\"author\":{\"@id\":\"https:\\\/\\\/eldigitaldeasturias.com\\\/magazine365\\\/author\\\/admin\\\/#author\"},\"publisher\":{\"@id\":\"https:\\\/\\\/eldigitaldeasturias.com\\\/magazine365\\\/#organization\"},\"image\":{\"@type\":\"ImageObject\",\"url\":\"https:\\\/\\\/eldigitaldeasturias.com\\\/magazine365\\\/wp-content\\\/uploads\\\/2015\\\/06\\\/fotonoticia_20150603173201_800.jpg\",\"width\":800,\"height\":539},\"datePublished\":\"2015-06-05T03:20:33+02:00\",\"dateModified\":\"2015-06-05T03:20:33+02:00\",\"inLanguage\":\"es-ES\",\"mainEntityOfPage\":{\"@id\":\"https:\\\/\\\/eldigitaldeasturias.com\\\/magazine365\\\/renfe-recorta-un-28-su-perdida-y-dispara-un-61-su-ebitda-hasta-abril\\\/#webpage\"},\"isPartOf\":{\"@id\":\"https:\\\/\\\/eldigitaldeasturias.com\\\/magazine365\\\/renfe-recorta-un-28-su-perdida-y-dispara-un-61-su-ebitda-hasta-abril\\\/#webpage\"},\"articleSection\":\"Noticias y Actualidad\"},{\"@type\":\"BreadcrumbList\",\"@id\":\"https:\\\/\\\/eldigitaldeasturias.com\\\/magazine365\\\/renfe-recorta-un-28-su-perdida-y-dispara-un-61-su-ebitda-hasta-abril\\\/#breadcrumblist\",\"itemListElement\":[{\"@type\":\"ListItem\",\"@id\":\"https:\\\/\\\/eldigitaldeasturias.com\\\/magazine365#listItem\",\"position\":1,\"name\":\"Home\",\"item\":\"https:\\\/\\\/eldigitaldeasturias.com\\\/magazine365\",\"nextItem\":{\"@type\":\"ListItem\",\"@id\":\"https:\\\/\\\/eldigitaldeasturias.com\\\/magazine365\\\/category\\\/noticias-actualidad\\\/#listItem\",\"name\":\"Noticias y Actualidad\"}},{\"@type\":\"ListItem\",\"@id\":\"https:\\\/\\\/eldigitaldeasturias.com\\\/magazine365\\\/category\\\/noticias-actualidad\\\/#listItem\",\"position\":2,\"name\":\"Noticias y Actualidad\",\"item\":\"https:\\\/\\\/eldigitaldeasturias.com\\\/magazine365\\\/category\\\/noticias-actualidad\\\/\",\"nextItem\":{\"@type\":\"ListItem\",\"@id\":\"https:\\\/\\\/eldigitaldeasturias.com\\\/magazine365\\\/renfe-recorta-un-28-su-perdida-y-dispara-un-61-su-ebitda-hasta-abril\\\/#listItem\",\"name\":\"Renfe recorta un 28% su p\\u00e9rdida y dispara un 61% su Ebitda hasta abril\"},\"previousItem\":{\"@type\":\"ListItem\",\"@id\":\"https:\\\/\\\/eldigitaldeasturias.com\\\/magazine365#listItem\",\"name\":\"Home\"}},{\"@type\":\"ListItem\",\"@id\":\"https:\\\/\\\/eldigitaldeasturias.com\\\/magazine365\\\/renfe-recorta-un-28-su-perdida-y-dispara-un-61-su-ebitda-hasta-abril\\\/#listItem\",\"position\":3,\"name\":\"Renfe recorta un 28% su p\\u00e9rdida y dispara un 61% su Ebitda hasta abril\",\"previousItem\":{\"@type\":\"ListItem\",\"@id\":\"https:\\\/\\\/eldigitaldeasturias.com\\\/magazine365\\\/category\\\/noticias-actualidad\\\/#listItem\",\"name\":\"Noticias y Actualidad\"}}]},{\"@type\":\"Organization\",\"@id\":\"https:\\\/\\\/eldigitaldeasturias.com\\\/magazine365\\\/#organization\",\"name\":\"El digital de Asturias\",\"description\":\"Revista de ocio, turismo y estilo de vida\",\"url\":\"https:\\\/\\\/eldigitaldeasturias.com\\\/magazine365\\\/\",\"logo\":{\"@type\":\"ImageObject\",\"url\":\"https:\\\/\\\/www.eldigitaldeasturias.com\\\/noticias\\\/wp-content\\\/uploads\\\/2020\\\/12\\\/EDA.jpg\",\"@id\":\"https:\\\/\\\/eldigitaldeasturias.com\\\/magazine365\\\/renfe-recorta-un-28-su-perdida-y-dispara-un-61-su-ebitda-hasta-abril\\\/#organizationLogo\"},\"image\":{\"@id\":\"https:\\\/\\\/eldigitaldeasturias.com\\\/magazine365\\\/renfe-recorta-un-28-su-perdida-y-dispara-un-61-su-ebitda-hasta-abril\\\/#organizationLogo\"}},{\"@type\":\"Person\",\"@id\":\"https:\\\/\\\/eldigitaldeasturias.com\\\/magazine365\\\/author\\\/admin\\\/#author\",\"url\":\"https:\\\/\\\/eldigitaldeasturias.com\\\/magazine365\\\/author\\\/admin\\\/\",\"name\":\"admin\",\"image\":{\"@type\":\"ImageObject\",\"@id\":\"https:\\\/\\\/eldigitaldeasturias.com\\\/magazine365\\\/renfe-recorta-un-28-su-perdida-y-dispara-un-61-su-ebitda-hasta-abril\\\/#authorImage\",\"url\":\"https:\\\/\\\/eldigitaldeasturias.com\\\/magazine365\\\/wp-content\\\/litespeed\\\/avatar\\\/e571bcf59a0edd6fa6838245a470f2fe.jpg?ver=1776969259\",\"width\":96,\"height\":96,\"caption\":\"admin\"}},{\"@type\":\"WebPage\",\"@id\":\"https:\\\/\\\/eldigitaldeasturias.com\\\/magazine365\\\/renfe-recorta-un-28-su-perdida-y-dispara-un-61-su-ebitda-hasta-abril\\\/#webpage\",\"url\":\"https:\\\/\\\/eldigitaldeasturias.com\\\/magazine365\\\/renfe-recorta-un-28-su-perdida-y-dispara-un-61-su-ebitda-hasta-abril\\\/\",\"name\":\"Renfe recorta un 28% su p\\u00e9rdida y dispara un 61% su Ebitda hasta abril | El Digital de Asturias\",\"description\":\"Renfe registr\\u00f3 una p\\u00e9rdida neta de 69,9 millones de euros al cierre de los cuatro primeros meses del a\\u00f1o, con lo que recort\\u00f3 en un 28,7% los 'n\\u00fameros rojos' contabilizados un a\\u00f1o antes, gracias al aumento de los ingresos, la contenci\\u00f3n de los gastos y la reducci\\u00f3n de los costes financieros. El beneficio bruto de\",\"inLanguage\":\"es-ES\",\"isPartOf\":{\"@id\":\"https:\\\/\\\/eldigitaldeasturias.com\\\/magazine365\\\/#website\"},\"breadcrumb\":{\"@id\":\"https:\\\/\\\/eldigitaldeasturias.com\\\/magazine365\\\/renfe-recorta-un-28-su-perdida-y-dispara-un-61-su-ebitda-hasta-abril\\\/#breadcrumblist\"},\"author\":{\"@id\":\"https:\\\/\\\/eldigitaldeasturias.com\\\/magazine365\\\/author\\\/admin\\\/#author\"},\"creator\":{\"@id\":\"https:\\\/\\\/eldigitaldeasturias.com\\\/magazine365\\\/author\\\/admin\\\/#author\"},\"image\":{\"@type\":\"ImageObject\",\"url\":\"https:\\\/\\\/eldigitaldeasturias.com\\\/magazine365\\\/wp-content\\\/uploads\\\/2015\\\/06\\\/fotonoticia_20150603173201_800.jpg\",\"@id\":\"https:\\\/\\\/eldigitaldeasturias.com\\\/magazine365\\\/renfe-recorta-un-28-su-perdida-y-dispara-un-61-su-ebitda-hasta-abril\\\/#mainImage\",\"width\":800,\"height\":539},\"primaryImageOfPage\":{\"@id\":\"https:\\\/\\\/eldigitaldeasturias.com\\\/magazine365\\\/renfe-recorta-un-28-su-perdida-y-dispara-un-61-su-ebitda-hasta-abril\\\/#mainImage\"},\"datePublished\":\"2015-06-05T03:20:33+02:00\",\"dateModified\":\"2015-06-05T03:20:33+02:00\"},{\"@type\":\"WebSite\",\"@id\":\"https:\\\/\\\/eldigitaldeasturias.com\\\/magazine365\\\/#website\",\"url\":\"https:\\\/\\\/eldigitaldeasturias.com\\\/magazine365\\\/\",\"name\":\"El Digital de Asturias\",\"description\":\"Revista de ocio, turismo y estilo de vida\",\"inLanguage\":\"es-ES\",\"publisher\":{\"@id\":\"https:\\\/\\\/eldigitaldeasturias.com\\\/magazine365\\\/#organization\"}}]}\n\t\t<\/script>\n\t\t<!-- All in One SEO Pro -->\r\n\t\t<title>Renfe recorta un 28% su p\u00e9rdida y dispara un 61% su Ebitda hasta abril | El Digital de Asturias<\/title>\n\n","aioseo_head_json":{"title":"Renfe recorta un 28% su p\u00e9rdida y dispara un 61% su Ebitda hasta abril | El Digital de Asturias","description":"Renfe registr\u00f3 una p\u00e9rdida neta de 69,9 millones de euros al cierre de los cuatro primeros meses del a\u00f1o, con lo que recort\u00f3 en un 28,7% los 'n\u00fameros rojos' contabilizados un a\u00f1o antes, gracias al aumento de los ingresos, la contenci\u00f3n de los gastos y la reducci\u00f3n de los costes financieros. El beneficio bruto de","canonical_url":"https:\/\/eldigitaldeasturias.com\/magazine365\/renfe-recorta-un-28-su-perdida-y-dispara-un-61-su-ebitda-hasta-abril\/","robots":"max-image-preview:large","keywords":"noticias y actualidad","webmasterTools":{"google-site-verification":"UA-38556648-1","miscellaneous":""},"schema":{"@context":"https:\/\/schema.org","@graph":[{"@type":"Article","@id":"https:\/\/eldigitaldeasturias.com\/magazine365\/renfe-recorta-un-28-su-perdida-y-dispara-un-61-su-ebitda-hasta-abril\/#article","name":"Renfe recorta un 28% su p\u00e9rdida y dispara un 61% su Ebitda hasta abril | El Digital de Asturias","headline":"Renfe recorta un 28% su p\u00e9rdida y dispara un 61% su Ebitda hasta abril","author":{"@id":"https:\/\/eldigitaldeasturias.com\/magazine365\/author\/admin\/#author"},"publisher":{"@id":"https:\/\/eldigitaldeasturias.com\/magazine365\/#organization"},"image":{"@type":"ImageObject","url":"https:\/\/eldigitaldeasturias.com\/magazine365\/wp-content\/uploads\/2015\/06\/fotonoticia_20150603173201_800.jpg","width":800,"height":539},"datePublished":"2015-06-05T03:20:33+02:00","dateModified":"2015-06-05T03:20:33+02:00","inLanguage":"es-ES","mainEntityOfPage":{"@id":"https:\/\/eldigitaldeasturias.com\/magazine365\/renfe-recorta-un-28-su-perdida-y-dispara-un-61-su-ebitda-hasta-abril\/#webpage"},"isPartOf":{"@id":"https:\/\/eldigitaldeasturias.com\/magazine365\/renfe-recorta-un-28-su-perdida-y-dispara-un-61-su-ebitda-hasta-abril\/#webpage"},"articleSection":"Noticias y Actualidad"},{"@type":"BreadcrumbList","@id":"https:\/\/eldigitaldeasturias.com\/magazine365\/renfe-recorta-un-28-su-perdida-y-dispara-un-61-su-ebitda-hasta-abril\/#breadcrumblist","itemListElement":[{"@type":"ListItem","@id":"https:\/\/eldigitaldeasturias.com\/magazine365#listItem","position":1,"name":"Home","item":"https:\/\/eldigitaldeasturias.com\/magazine365","nextItem":{"@type":"ListItem","@id":"https:\/\/eldigitaldeasturias.com\/magazine365\/category\/noticias-actualidad\/#listItem","name":"Noticias y Actualidad"}},{"@type":"ListItem","@id":"https:\/\/eldigitaldeasturias.com\/magazine365\/category\/noticias-actualidad\/#listItem","position":2,"name":"Noticias y Actualidad","item":"https:\/\/eldigitaldeasturias.com\/magazine365\/category\/noticias-actualidad\/","nextItem":{"@type":"ListItem","@id":"https:\/\/eldigitaldeasturias.com\/magazine365\/renfe-recorta-un-28-su-perdida-y-dispara-un-61-su-ebitda-hasta-abril\/#listItem","name":"Renfe recorta un 28% su p\u00e9rdida y dispara un 61% su Ebitda hasta abril"},"previousItem":{"@type":"ListItem","@id":"https:\/\/eldigitaldeasturias.com\/magazine365#listItem","name":"Home"}},{"@type":"ListItem","@id":"https:\/\/eldigitaldeasturias.com\/magazine365\/renfe-recorta-un-28-su-perdida-y-dispara-un-61-su-ebitda-hasta-abril\/#listItem","position":3,"name":"Renfe recorta un 28% su p\u00e9rdida y dispara un 61% su Ebitda hasta abril","previousItem":{"@type":"ListItem","@id":"https:\/\/eldigitaldeasturias.com\/magazine365\/category\/noticias-actualidad\/#listItem","name":"Noticias y Actualidad"}}]},{"@type":"Organization","@id":"https:\/\/eldigitaldeasturias.com\/magazine365\/#organization","name":"El digital de Asturias","description":"Revista de ocio, turismo y estilo de vida","url":"https:\/\/eldigitaldeasturias.com\/magazine365\/","logo":{"@type":"ImageObject","url":"https:\/\/www.eldigitaldeasturias.com\/noticias\/wp-content\/uploads\/2020\/12\/EDA.jpg","@id":"https:\/\/eldigitaldeasturias.com\/magazine365\/renfe-recorta-un-28-su-perdida-y-dispara-un-61-su-ebitda-hasta-abril\/#organizationLogo"},"image":{"@id":"https:\/\/eldigitaldeasturias.com\/magazine365\/renfe-recorta-un-28-su-perdida-y-dispara-un-61-su-ebitda-hasta-abril\/#organizationLogo"}},{"@type":"Person","@id":"https:\/\/eldigitaldeasturias.com\/magazine365\/author\/admin\/#author","url":"https:\/\/eldigitaldeasturias.com\/magazine365\/author\/admin\/","name":"admin","image":{"@type":"ImageObject","@id":"https:\/\/eldigitaldeasturias.com\/magazine365\/renfe-recorta-un-28-su-perdida-y-dispara-un-61-su-ebitda-hasta-abril\/#authorImage","url":"https:\/\/eldigitaldeasturias.com\/magazine365\/wp-content\/litespeed\/avatar\/e571bcf59a0edd6fa6838245a470f2fe.jpg?ver=1776969259","width":96,"height":96,"caption":"admin"}},{"@type":"WebPage","@id":"https:\/\/eldigitaldeasturias.com\/magazine365\/renfe-recorta-un-28-su-perdida-y-dispara-un-61-su-ebitda-hasta-abril\/#webpage","url":"https:\/\/eldigitaldeasturias.com\/magazine365\/renfe-recorta-un-28-su-perdida-y-dispara-un-61-su-ebitda-hasta-abril\/","name":"Renfe recorta un 28% su p\u00e9rdida y dispara un 61% su Ebitda hasta abril | El Digital de Asturias","description":"Renfe registr\u00f3 una p\u00e9rdida neta de 69,9 millones de euros al cierre de los cuatro primeros meses del a\u00f1o, con lo que recort\u00f3 en un 28,7% los 'n\u00fameros rojos' contabilizados un a\u00f1o antes, gracias al aumento de los ingresos, la contenci\u00f3n de los gastos y la reducci\u00f3n de los costes financieros. El beneficio bruto de","inLanguage":"es-ES","isPartOf":{"@id":"https:\/\/eldigitaldeasturias.com\/magazine365\/#website"},"breadcrumb":{"@id":"https:\/\/eldigitaldeasturias.com\/magazine365\/renfe-recorta-un-28-su-perdida-y-dispara-un-61-su-ebitda-hasta-abril\/#breadcrumblist"},"author":{"@id":"https:\/\/eldigitaldeasturias.com\/magazine365\/author\/admin\/#author"},"creator":{"@id":"https:\/\/eldigitaldeasturias.com\/magazine365\/author\/admin\/#author"},"image":{"@type":"ImageObject","url":"https:\/\/eldigitaldeasturias.com\/magazine365\/wp-content\/uploads\/2015\/06\/fotonoticia_20150603173201_800.jpg","@id":"https:\/\/eldigitaldeasturias.com\/magazine365\/renfe-recorta-un-28-su-perdida-y-dispara-un-61-su-ebitda-hasta-abril\/#mainImage","width":800,"height":539},"primaryImageOfPage":{"@id":"https:\/\/eldigitaldeasturias.com\/magazine365\/renfe-recorta-un-28-su-perdida-y-dispara-un-61-su-ebitda-hasta-abril\/#mainImage"},"datePublished":"2015-06-05T03:20:33+02:00","dateModified":"2015-06-05T03:20:33+02:00"},{"@type":"WebSite","@id":"https:\/\/eldigitaldeasturias.com\/magazine365\/#website","url":"https:\/\/eldigitaldeasturias.com\/magazine365\/","name":"El Digital de Asturias","description":"Revista de ocio, turismo y estilo de vida","inLanguage":"es-ES","publisher":{"@id":"https:\/\/eldigitaldeasturias.com\/magazine365\/#organization"}}]},"og:locale":"es_ES","og:site_name":"El Digital de Asturias \u2013 Revista de ocio, turismo y estilo de vida","og:type":"article","og:title":"Renfe recorta un 28% su p\u00e9rdida y dispara un 61% su Ebitda hasta abril | El Digital de Asturias","og:description":"Renfe registr\u00f3 una p\u00e9rdida neta de 69,9 millones de euros al cierre de los cuatro primeros meses del a\u00f1o, con lo que recort\u00f3 en un 28,7% los 'n\u00fameros rojos' contabilizados un a\u00f1o antes, gracias al aumento de los ingresos, la contenci\u00f3n de los gastos y la reducci\u00f3n de los costes financieros. El beneficio bruto de","og:url":"https:\/\/eldigitaldeasturias.com\/magazine365\/renfe-recorta-un-28-su-perdida-y-dispara-un-61-su-ebitda-hasta-abril\/","og:image":"https:\/\/eldigitaldeasturias.com\/magazine365\/wp-content\/uploads\/2015\/06\/fotonoticia_20150603173201_800.jpg","og:image:secure_url":"https:\/\/eldigitaldeasturias.com\/magazine365\/wp-content\/uploads\/2015\/06\/fotonoticia_20150603173201_800.jpg","og:image:width":800,"og:image:height":539,"article:published_time":"2015-06-05T01:50:33+00:00","article:modified_time":"2015-06-05T01:50:33+00:00","twitter:card":"summary_large_image","twitter:title":"Renfe recorta un 28% su p\u00e9rdida y dispara un 61% su Ebitda hasta abril | El Digital de Asturias","twitter:description":"Renfe registr\u00f3 una p\u00e9rdida neta de 69,9 millones de euros al cierre de los cuatro primeros meses del a\u00f1o, con lo que recort\u00f3 en un 28,7% los 'n\u00fameros rojos' contabilizados un a\u00f1o antes, gracias al aumento de los ingresos, la contenci\u00f3n de los gastos y la reducci\u00f3n de los costes financieros. El beneficio bruto de","twitter:image":"https:\/\/eldigitaldeasturias.com\/magazine365\/wp-content\/uploads\/2015\/06\/fotonoticia_20150603173201_800.jpg"},"aioseo_meta_data":{"post_id":"38802","title":null,"description":null,"keywords":null,"keyphrases":null,"primary_term":null,"canonical_url":null,"og_title":null,"og_description":null,"og_object_type":"default","og_image_type":"default","og_image_url":null,"og_image_width":null,"og_image_height":null,"og_image_custom_url":null,"og_image_custom_fields":null,"og_video":null,"og_custom_url":null,"og_article_section":null,"og_article_tags":null,"twitter_use_og":false,"twitter_card":"default","twitter_image_type":"default","twitter_image_url":null,"twitter_image_custom_url":null,"twitter_image_custom_fields":null,"twitter_title":null,"twitter_description":null,"schema":{"blockGraphs":[],"customGraphs":[],"default":{"data":{"Article":[],"Course":[],"Dataset":[],"FAQPage":[],"Movie":[],"Person":[],"Product":[],"ProductReview":[],"Car":[],"Recipe":[],"Service":[],"SoftwareApplication":[],"WebPage":[]},"graphName":"","isEnabled":true},"graphs":[],"defaultGraph":"","defaultPostTypeGraph":""},"schema_type":null,"schema_type_options":null,"pillar_content":false,"robots_default":true,"robots_noindex":false,"robots_noarchive":false,"robots_nosnippet":false,"robots_nofollow":false,"robots_noimageindex":false,"robots_noodp":false,"robots_notranslate":false,"robots_max_snippet":null,"robots_max_videopreview":null,"robots_max_imagepreview":"large","priority":null,"frequency":null,"location":null,"local_seo":null,"seo_analyzer_scan_date":"2025-09-19 10:19:47","breadcrumb_settings":null,"limit_modified_date":false,"open_ai":null,"ai":null,"created":"2021-03-09 02:48:57","updated":"2025-09-19 10:19:47"},"aioseo_breadcrumb":"<div class=\"aioseo-breadcrumbs\"><span class=\"aioseo-breadcrumb\">\n\t<a href=\"https:\/\/eldigitaldeasturias.com\/magazine365\" title=\"Home\">Home<\/a>\n<\/span><span class=\"aioseo-breadcrumb-separator\">\u2013<\/span><span class=\"aioseo-breadcrumb\">\n\t<a href=\"https:\/\/eldigitaldeasturias.com\/magazine365\/category\/noticias-actualidad\/\" title=\"Noticias y Actualidad\">Noticias y Actualidad<\/a>\n<\/span><span class=\"aioseo-breadcrumb-separator\">\u2013<\/span><span class=\"aioseo-breadcrumb\">\n\t<a href=\"https:\/\/eldigitaldeasturias.com\/magazine365\/renfe-recorta-un-28-su-perdida-y-dispara-un-61-su-ebitda-hasta-abril\/\" title=\"Renfe recorta un 28% su p\u00e9rdida y dispara un 61% su Ebitda hasta abril\">Renfe recorta un 28% su p\u00e9rdida y dispara un 61% su Ebitda hasta abril<\/a>\n<\/span><\/div>","aioseo_breadcrumb_json":[{"label":"Home","link":"https:\/\/eldigitaldeasturias.com\/magazine365"},{"label":"Noticias y Actualidad","link":"https:\/\/eldigitaldeasturias.com\/magazine365\/category\/noticias-actualidad\/"},{"label":"Renfe recorta un 28% su p\u00e9rdida y dispara un 61% su Ebitda hasta abril","link":"https:\/\/eldigitaldeasturias.com\/magazine365\/renfe-recorta-un-28-su-perdida-y-dispara-un-61-su-ebitda-hasta-abril\/"}],"_links":{"self":[{"href":"https:\/\/eldigitaldeasturias.com\/magazine365\/wp-json\/wp\/v2\/posts\/38802","targetHints":{"allow":["GET"]}}],"collection":[{"href":"https:\/\/eldigitaldeasturias.com\/magazine365\/wp-json\/wp\/v2\/posts"}],"about":[{"href":"https:\/\/eldigitaldeasturias.com\/magazine365\/wp-json\/wp\/v2\/types\/post"}],"author":[{"embeddable":true,"href":"https:\/\/eldigitaldeasturias.com\/magazine365\/wp-json\/wp\/v2\/users\/1"}],"replies":[{"embeddable":true,"href":"https:\/\/eldigitaldeasturias.com\/magazine365\/wp-json\/wp\/v2\/comments?post=38802"}],"version-history":[{"count":0,"href":"https:\/\/eldigitaldeasturias.com\/magazine365\/wp-json\/wp\/v2\/posts\/38802\/revisions"}],"wp:featuredmedia":[{"embeddable":true,"href":"https:\/\/eldigitaldeasturias.com\/magazine365\/wp-json\/wp\/v2\/media\/38803"}],"wp:attachment":[{"href":"https:\/\/eldigitaldeasturias.com\/magazine365\/wp-json\/wp\/v2\/media?parent=38802"}],"wp:term":[{"taxonomy":"category","embeddable":true,"href":"https:\/\/eldigitaldeasturias.com\/magazine365\/wp-json\/wp\/v2\/categories?post=38802"},{"taxonomy":"post_tag","embeddable":true,"href":"https:\/\/eldigitaldeasturias.com\/magazine365\/wp-json\/wp\/v2\/tags?post=38802"}],"curies":[{"name":"wp","href":"https:\/\/api.w.org\/{rel}","templated":true}]}}