{"id":38796,"date":"2015-06-05T03:17:31","date_gmt":"2015-06-05T01:47:31","guid":{"rendered":"http:\/\/eldigitaldeasturias.com\/magazine365\/?p=38796"},"modified":"2015-06-05T03:17:31","modified_gmt":"2015-06-05T01:47:31","slug":"feijoo-elogia-el-esfuerzo-del-sector-turistico-por-poner-la-calidad-por-encima-de-todo-lo-demas","status":"publish","type":"post","link":"https:\/\/eldigitaldeasturias.com\/magazine365\/feijoo-elogia-el-esfuerzo-del-sector-turistico-por-poner-la-calidad-por-encima-de-todo-lo-demas\/","title":{"rendered":"Feij\u00f3o elogia el esfuerzo del sector tur\u00edstico por poner \u00abla calidad por encima de todo lo dem\u00e1s\u00bb"},"content":{"rendered":"<p><img fetchpriority=\"high\" decoding=\"async\" class=\"alignleft size-medium wp-image-38797\" src=\"https:\/\/eldigitaldeasturias.com\/magazine365\/wp-content\/uploads\/2015\/06\/fotonoticia_20150603172551_800-360x270.jpg\" alt=\"fotonoticia_20150603172551_800\" width=\"360\" height=\"270\" srcset=\"https:\/\/eldigitaldeasturias.com\/magazine365\/wp-content\/uploads\/2015\/06\/fotonoticia_20150603172551_800-360x270.jpg 360w, https:\/\/eldigitaldeasturias.com\/magazine365\/wp-content\/uploads\/2015\/06\/fotonoticia_20150603172551_800-650x488.jpg 650w, https:\/\/eldigitaldeasturias.com\/magazine365\/wp-content\/uploads\/2015\/06\/fotonoticia_20150603172551_800-768x576.jpg 768w, https:\/\/eldigitaldeasturias.com\/magazine365\/wp-content\/uploads\/2015\/06\/fotonoticia_20150603172551_800-150x113.jpg 150w, https:\/\/eldigitaldeasturias.com\/magazine365\/wp-content\/uploads\/2015\/06\/fotonoticia_20150603172551_800-450x338.jpg 450w, https:\/\/eldigitaldeasturias.com\/magazine365\/wp-content\/uploads\/2015\/06\/fotonoticia_20150603172551_800-80x60.jpg 80w, https:\/\/eldigitaldeasturias.com\/magazine365\/wp-content\/uploads\/2015\/06\/fotonoticia_20150603172551_800-265x198.jpg 265w, https:\/\/eldigitaldeasturias.com\/magazine365\/wp-content\/uploads\/2015\/06\/fotonoticia_20150603172551_800-696x522.jpg 696w, https:\/\/eldigitaldeasturias.com\/magazine365\/wp-content\/uploads\/2015\/06\/fotonoticia_20150603172551_800-560x420.jpg 560w, https:\/\/eldigitaldeasturias.com\/magazine365\/wp-content\/uploads\/2015\/06\/fotonoticia_20150603172551_800-90x67.jpg 90w, https:\/\/eldigitaldeasturias.com\/magazine365\/wp-content\/uploads\/2015\/06\/fotonoticia_20150603172551_800-100x75.jpg 100w, https:\/\/eldigitaldeasturias.com\/magazine365\/wp-content\/uploads\/2015\/06\/fotonoticia_20150603172551_800.jpg 800w\" sizes=\"(max-width: 360px) 100vw, 360px\" \/>El presidente de la Xunta, Alberto N\u00fa\u00f1ez Feij\u00f3o, ha destacado este mi\u00e9rcoles que Galicia es \u00abuna potencia tur\u00edstica\u00bb y ha elogiado el esfuerzo del sector por poner \u00abla calidad por encima de todo lo dem\u00e1s\u00bb.<\/p>\n<p>En el acto de entrega de los distintivos &#8216;Q&#8217; de calidad tur\u00edstica, celebrado en la sede del Real Club N\u00e1utico de Vigo, Feij\u00f3o ha animado a los hosteleros, restauradores y dem\u00e1s agentes del sector a seguir impulsando la calidad y la diversificaci\u00f3n para mantener el liderazgo gallego en el \u00e1mbito tur\u00edstico.<\/p>\n<p>En esa l\u00ednea, ha recordado que, con la entrega de las 93 distinciones de este mi\u00e9rcoles, ya son 268 establecimientos en Galicia los que cuentan con el distintivo &#8216;Q&#8217;, y ha subrayado que esta oferta se completa con otros \u00e1mbitos en los que Galicia tambi\u00e9n tiene un lugar destacado, como el turismo rural, n\u00e1utico, termal, el enol\u00f3gico y la oferta de playas, con 131 banderas azules.<\/p>\n<p>Toda esta riqueza empieza, seg\u00fan Feij\u00f3o, a \u00abproducir efectos\u00bb, pues en los primeros cuatro meses del a\u00f1o ya han visitado Galicia 300.000 personas, con un incremento del siete por ciento en las pernoctaciones, \u00abla cifra m\u00e1s elevada de los \u00faltimos 5 a\u00f1os\u00bb.<\/p>\n<p>Pese a estas cifras de \u00abr\u00e9cord\u00bb, que demuestran que \u00abel sector lo est\u00e1 haciendo indiscutiblemente bien\u00bb, el presidente gallego ha advertido de que \u00abqueda trabajo por hacer\u00bb porque Galicia \u00abcompite en la \u00e9lite mundial\u00bb.<\/p>\n","protected":false},"excerpt":{"rendered":"<p>El presidente de la Xunta, Alberto N\u00fa\u00f1ez Feij\u00f3o, ha destacado este mi\u00e9rcoles que Galicia es \u00abuna potencia tur\u00edstica\u00bb y ha elogiado el esfuerzo del sector por poner \u00abla calidad por encima de todo lo dem\u00e1s\u00bb. En el acto de entrega de los distintivos &#8216;Q&#8217; de calidad tur\u00edstica, celebrado en la sede del Real Club N\u00e1utico<\/p>\n","protected":false},"author":1,"featured_media":38797,"comment_status":"open","ping_status":"closed","sticky":false,"template":"","format":"standard","meta":{"footnotes":""},"categories":[224],"tags":[],"class_list":{"0":"post-38796","1":"post","2":"type-post","3":"status-publish","4":"format-standard","5":"has-post-thumbnail","7":"category-noticias-actualidad"},"aioseo_notices":[],"aioseo_head":"\n\t\t<!-- All in One SEO Pro 4.9.6.1 - aioseo.com -->\n\t<meta name=\"description\" content=\"El presidente de la Xunta, Alberto N\u00fa\u00f1ez Feij\u00f3o, ha destacado este mi\u00e9rcoles que Galicia es &quot;una potencia tur\u00edstica&quot; y ha elogiado el esfuerzo del sector por poner &quot;la calidad por encima de todo lo dem\u00e1s&quot;. En el acto de entrega de los distintivos &#039;Q&#039; de calidad tur\u00edstica, celebrado en la sede del Real Club N\u00e1utico\" \/>\n\t<meta name=\"robots\" content=\"max-image-preview:large\" \/>\n\t<meta name=\"author\" content=\"admin\"\/>\n\t<meta name=\"google-site-verification\" content=\"UA-38556648-1\" \/>\n\t<meta name=\"keywords\" content=\"noticias y actualidad\" \/>\n\t<link rel=\"canonical\" href=\"https:\/\/eldigitaldeasturias.com\/magazine365\/feijoo-elogia-el-esfuerzo-del-sector-turistico-por-poner-la-calidad-por-encima-de-todo-lo-demas\/\" \/>\n\t<meta name=\"generator\" content=\"All in One SEO Pro (AIOSEO) 4.9.6.1\" \/>\n\t\t<meta property=\"og:locale\" content=\"es_ES\" \/>\n\t\t<meta property=\"og:site_name\" content=\"El Digital de Asturias \u2013 Revista de ocio, turismo y estilo de vida\" \/>\n\t\t<meta property=\"og:type\" content=\"article\" \/>\n\t\t<meta property=\"og:title\" content=\"Feij\u00f3o elogia el esfuerzo del sector tur\u00edstico por poner \u00abla calidad por encima de todo lo dem\u00e1s\u00bb | El Digital de Asturias\" \/>\n\t\t<meta property=\"og:description\" content=\"El presidente de la Xunta, Alberto N\u00fa\u00f1ez Feij\u00f3o, ha destacado este mi\u00e9rcoles que Galicia es &quot;una potencia tur\u00edstica&quot; y ha elogiado el esfuerzo del sector por poner &quot;la calidad por encima de todo lo dem\u00e1s&quot;. En el acto de entrega de los distintivos &#039;Q&#039; de calidad tur\u00edstica, celebrado en la sede del Real Club N\u00e1utico\" \/>\n\t\t<meta property=\"og:url\" content=\"https:\/\/eldigitaldeasturias.com\/magazine365\/feijoo-elogia-el-esfuerzo-del-sector-turistico-por-poner-la-calidad-por-encima-de-todo-lo-demas\/\" \/>\n\t\t<meta property=\"og:image\" content=\"https:\/\/eldigitaldeasturias.com\/magazine365\/wp-content\/uploads\/2015\/06\/fotonoticia_20150603172551_800.jpg\" \/>\n\t\t<meta property=\"og:image:secure_url\" content=\"https:\/\/eldigitaldeasturias.com\/magazine365\/wp-content\/uploads\/2015\/06\/fotonoticia_20150603172551_800.jpg\" \/>\n\t\t<meta property=\"og:image:width\" content=\"800\" \/>\n\t\t<meta property=\"og:image:height\" content=\"600\" \/>\n\t\t<meta property=\"article:published_time\" content=\"2015-06-05T01:47:31+00:00\" \/>\n\t\t<meta property=\"article:modified_time\" content=\"2015-06-05T01:47:31+00:00\" \/>\n\t\t<meta name=\"twitter:card\" content=\"summary_large_image\" \/>\n\t\t<meta name=\"twitter:title\" content=\"Feij\u00f3o elogia el esfuerzo del sector tur\u00edstico por poner \u00abla calidad por encima de todo lo dem\u00e1s\u00bb | El Digital de Asturias\" \/>\n\t\t<meta name=\"twitter:description\" content=\"El presidente de la Xunta, Alberto N\u00fa\u00f1ez Feij\u00f3o, ha destacado este mi\u00e9rcoles que Galicia es &quot;una potencia tur\u00edstica&quot; y ha elogiado el esfuerzo del sector por poner &quot;la calidad por encima de todo lo dem\u00e1s&quot;. En el acto de entrega de los distintivos &#039;Q&#039; de calidad tur\u00edstica, celebrado en la sede del Real Club N\u00e1utico\" \/>\n\t\t<meta name=\"twitter:image\" content=\"https:\/\/eldigitaldeasturias.com\/magazine365\/wp-content\/uploads\/2015\/06\/fotonoticia_20150603172551_800.jpg\" \/>\n\t\t<script type=\"application\/ld+json\" class=\"aioseo-schema\">\n\t\t\t{\"@context\":\"https:\\\/\\\/schema.org\",\"@graph\":[{\"@type\":\"Article\",\"@id\":\"https:\\\/\\\/eldigitaldeasturias.com\\\/magazine365\\\/feijoo-elogia-el-esfuerzo-del-sector-turistico-por-poner-la-calidad-por-encima-de-todo-lo-demas\\\/#article\",\"name\":\"Feij\\u00f3o elogia el esfuerzo del sector tur\\u00edstico por poner \\u00abla calidad por encima de todo lo dem\\u00e1s\\u00bb | El Digital de Asturias\",\"headline\":\"Feij\\u00f3o elogia el esfuerzo del sector tur\\u00edstico por poner \\u00abla calidad por encima de todo lo dem\\u00e1s\\u00bb\",\"author\":{\"@id\":\"https:\\\/\\\/eldigitaldeasturias.com\\\/magazine365\\\/author\\\/admin\\\/#author\"},\"publisher\":{\"@id\":\"https:\\\/\\\/eldigitaldeasturias.com\\\/magazine365\\\/#organization\"},\"image\":{\"@type\":\"ImageObject\",\"url\":\"https:\\\/\\\/eldigitaldeasturias.com\\\/magazine365\\\/wp-content\\\/uploads\\\/2015\\\/06\\\/fotonoticia_20150603172551_800.jpg\",\"width\":800,\"height\":600},\"datePublished\":\"2015-06-05T03:17:31+02:00\",\"dateModified\":\"2015-06-05T03:17:31+02:00\",\"inLanguage\":\"es-ES\",\"mainEntityOfPage\":{\"@id\":\"https:\\\/\\\/eldigitaldeasturias.com\\\/magazine365\\\/feijoo-elogia-el-esfuerzo-del-sector-turistico-por-poner-la-calidad-por-encima-de-todo-lo-demas\\\/#webpage\"},\"isPartOf\":{\"@id\":\"https:\\\/\\\/eldigitaldeasturias.com\\\/magazine365\\\/feijoo-elogia-el-esfuerzo-del-sector-turistico-por-poner-la-calidad-por-encima-de-todo-lo-demas\\\/#webpage\"},\"articleSection\":\"Noticias y Actualidad\"},{\"@type\":\"BreadcrumbList\",\"@id\":\"https:\\\/\\\/eldigitaldeasturias.com\\\/magazine365\\\/feijoo-elogia-el-esfuerzo-del-sector-turistico-por-poner-la-calidad-por-encima-de-todo-lo-demas\\\/#breadcrumblist\",\"itemListElement\":[{\"@type\":\"ListItem\",\"@id\":\"https:\\\/\\\/eldigitaldeasturias.com\\\/magazine365#listItem\",\"position\":1,\"name\":\"Home\",\"item\":\"https:\\\/\\\/eldigitaldeasturias.com\\\/magazine365\",\"nextItem\":{\"@type\":\"ListItem\",\"@id\":\"https:\\\/\\\/eldigitaldeasturias.com\\\/magazine365\\\/category\\\/noticias-actualidad\\\/#listItem\",\"name\":\"Noticias y Actualidad\"}},{\"@type\":\"ListItem\",\"@id\":\"https:\\\/\\\/eldigitaldeasturias.com\\\/magazine365\\\/category\\\/noticias-actualidad\\\/#listItem\",\"position\":2,\"name\":\"Noticias y Actualidad\",\"item\":\"https:\\\/\\\/eldigitaldeasturias.com\\\/magazine365\\\/category\\\/noticias-actualidad\\\/\",\"nextItem\":{\"@type\":\"ListItem\",\"@id\":\"https:\\\/\\\/eldigitaldeasturias.com\\\/magazine365\\\/feijoo-elogia-el-esfuerzo-del-sector-turistico-por-poner-la-calidad-por-encima-de-todo-lo-demas\\\/#listItem\",\"name\":\"Feij\\u00f3o elogia el esfuerzo del sector tur\\u00edstico por poner \\u00abla calidad por encima de todo lo dem\\u00e1s\\u00bb\"},\"previousItem\":{\"@type\":\"ListItem\",\"@id\":\"https:\\\/\\\/eldigitaldeasturias.com\\\/magazine365#listItem\",\"name\":\"Home\"}},{\"@type\":\"ListItem\",\"@id\":\"https:\\\/\\\/eldigitaldeasturias.com\\\/magazine365\\\/feijoo-elogia-el-esfuerzo-del-sector-turistico-por-poner-la-calidad-por-encima-de-todo-lo-demas\\\/#listItem\",\"position\":3,\"name\":\"Feij\\u00f3o elogia el esfuerzo del sector tur\\u00edstico por poner \\u00abla calidad por encima de todo lo dem\\u00e1s\\u00bb\",\"previousItem\":{\"@type\":\"ListItem\",\"@id\":\"https:\\\/\\\/eldigitaldeasturias.com\\\/magazine365\\\/category\\\/noticias-actualidad\\\/#listItem\",\"name\":\"Noticias y Actualidad\"}}]},{\"@type\":\"Organization\",\"@id\":\"https:\\\/\\\/eldigitaldeasturias.com\\\/magazine365\\\/#organization\",\"name\":\"El digital de Asturias\",\"description\":\"Revista de ocio, turismo y estilo de vida\",\"url\":\"https:\\\/\\\/eldigitaldeasturias.com\\\/magazine365\\\/\",\"logo\":{\"@type\":\"ImageObject\",\"url\":\"https:\\\/\\\/www.eldigitaldeasturias.com\\\/noticias\\\/wp-content\\\/uploads\\\/2020\\\/12\\\/EDA.jpg\",\"@id\":\"https:\\\/\\\/eldigitaldeasturias.com\\\/magazine365\\\/feijoo-elogia-el-esfuerzo-del-sector-turistico-por-poner-la-calidad-por-encima-de-todo-lo-demas\\\/#organizationLogo\"},\"image\":{\"@id\":\"https:\\\/\\\/eldigitaldeasturias.com\\\/magazine365\\\/feijoo-elogia-el-esfuerzo-del-sector-turistico-por-poner-la-calidad-por-encima-de-todo-lo-demas\\\/#organizationLogo\"}},{\"@type\":\"Person\",\"@id\":\"https:\\\/\\\/eldigitaldeasturias.com\\\/magazine365\\\/author\\\/admin\\\/#author\",\"url\":\"https:\\\/\\\/eldigitaldeasturias.com\\\/magazine365\\\/author\\\/admin\\\/\",\"name\":\"admin\",\"image\":{\"@type\":\"ImageObject\",\"@id\":\"https:\\\/\\\/eldigitaldeasturias.com\\\/magazine365\\\/feijoo-elogia-el-esfuerzo-del-sector-turistico-por-poner-la-calidad-por-encima-de-todo-lo-demas\\\/#authorImage\",\"url\":\"https:\\\/\\\/eldigitaldeasturias.com\\\/magazine365\\\/wp-content\\\/litespeed\\\/avatar\\\/e571bcf59a0edd6fa6838245a470f2fe.jpg?ver=1776969259\",\"width\":96,\"height\":96,\"caption\":\"admin\"}},{\"@type\":\"WebPage\",\"@id\":\"https:\\\/\\\/eldigitaldeasturias.com\\\/magazine365\\\/feijoo-elogia-el-esfuerzo-del-sector-turistico-por-poner-la-calidad-por-encima-de-todo-lo-demas\\\/#webpage\",\"url\":\"https:\\\/\\\/eldigitaldeasturias.com\\\/magazine365\\\/feijoo-elogia-el-esfuerzo-del-sector-turistico-por-poner-la-calidad-por-encima-de-todo-lo-demas\\\/\",\"name\":\"Feij\\u00f3o elogia el esfuerzo del sector tur\\u00edstico por poner \\u00abla calidad por encima de todo lo dem\\u00e1s\\u00bb | El Digital de Asturias\",\"description\":\"El presidente de la Xunta, Alberto N\\u00fa\\u00f1ez Feij\\u00f3o, ha destacado este mi\\u00e9rcoles que Galicia es \\\"una potencia tur\\u00edstica\\\" y ha elogiado el esfuerzo del sector por poner \\\"la calidad por encima de todo lo dem\\u00e1s\\\". En el acto de entrega de los distintivos 'Q' de calidad tur\\u00edstica, celebrado en la sede del Real Club N\\u00e1utico\",\"inLanguage\":\"es-ES\",\"isPartOf\":{\"@id\":\"https:\\\/\\\/eldigitaldeasturias.com\\\/magazine365\\\/#website\"},\"breadcrumb\":{\"@id\":\"https:\\\/\\\/eldigitaldeasturias.com\\\/magazine365\\\/feijoo-elogia-el-esfuerzo-del-sector-turistico-por-poner-la-calidad-por-encima-de-todo-lo-demas\\\/#breadcrumblist\"},\"author\":{\"@id\":\"https:\\\/\\\/eldigitaldeasturias.com\\\/magazine365\\\/author\\\/admin\\\/#author\"},\"creator\":{\"@id\":\"https:\\\/\\\/eldigitaldeasturias.com\\\/magazine365\\\/author\\\/admin\\\/#author\"},\"image\":{\"@type\":\"ImageObject\",\"url\":\"https:\\\/\\\/eldigitaldeasturias.com\\\/magazine365\\\/wp-content\\\/uploads\\\/2015\\\/06\\\/fotonoticia_20150603172551_800.jpg\",\"@id\":\"https:\\\/\\\/eldigitaldeasturias.com\\\/magazine365\\\/feijoo-elogia-el-esfuerzo-del-sector-turistico-por-poner-la-calidad-por-encima-de-todo-lo-demas\\\/#mainImage\",\"width\":800,\"height\":600},\"primaryImageOfPage\":{\"@id\":\"https:\\\/\\\/eldigitaldeasturias.com\\\/magazine365\\\/feijoo-elogia-el-esfuerzo-del-sector-turistico-por-poner-la-calidad-por-encima-de-todo-lo-demas\\\/#mainImage\"},\"datePublished\":\"2015-06-05T03:17:31+02:00\",\"dateModified\":\"2015-06-05T03:17:31+02:00\"},{\"@type\":\"WebSite\",\"@id\":\"https:\\\/\\\/eldigitaldeasturias.com\\\/magazine365\\\/#website\",\"url\":\"https:\\\/\\\/eldigitaldeasturias.com\\\/magazine365\\\/\",\"name\":\"El Digital de Asturias\",\"description\":\"Revista de ocio, turismo y estilo de vida\",\"inLanguage\":\"es-ES\",\"publisher\":{\"@id\":\"https:\\\/\\\/eldigitaldeasturias.com\\\/magazine365\\\/#organization\"}}]}\n\t\t<\/script>\n\t\t<!-- All in One SEO Pro -->\r\n\t\t<title>Feij\u00f3o elogia el esfuerzo del sector tur\u00edstico por poner \u00abla calidad por encima de todo lo dem\u00e1s\u00bb | El Digital de Asturias<\/title>\n\n","aioseo_head_json":{"title":"Feij\u00f3o elogia el esfuerzo del sector tur\u00edstico por poner \u00abla calidad por encima de todo lo dem\u00e1s\u00bb | El Digital de Asturias","description":"El presidente de la Xunta, Alberto N\u00fa\u00f1ez Feij\u00f3o, ha destacado este mi\u00e9rcoles que Galicia es \"una potencia tur\u00edstica\" y ha elogiado el esfuerzo del sector por poner \"la calidad por encima de todo lo dem\u00e1s\". En el acto de entrega de los distintivos 'Q' de calidad tur\u00edstica, celebrado en la sede del Real Club N\u00e1utico","canonical_url":"https:\/\/eldigitaldeasturias.com\/magazine365\/feijoo-elogia-el-esfuerzo-del-sector-turistico-por-poner-la-calidad-por-encima-de-todo-lo-demas\/","robots":"max-image-preview:large","keywords":"noticias y actualidad","webmasterTools":{"google-site-verification":"UA-38556648-1","miscellaneous":""},"schema":{"@context":"https:\/\/schema.org","@graph":[{"@type":"Article","@id":"https:\/\/eldigitaldeasturias.com\/magazine365\/feijoo-elogia-el-esfuerzo-del-sector-turistico-por-poner-la-calidad-por-encima-de-todo-lo-demas\/#article","name":"Feij\u00f3o elogia el esfuerzo del sector tur\u00edstico por poner \u00abla calidad por encima de todo lo dem\u00e1s\u00bb | El Digital de Asturias","headline":"Feij\u00f3o elogia el esfuerzo del sector tur\u00edstico por poner \u00abla calidad por encima de todo lo dem\u00e1s\u00bb","author":{"@id":"https:\/\/eldigitaldeasturias.com\/magazine365\/author\/admin\/#author"},"publisher":{"@id":"https:\/\/eldigitaldeasturias.com\/magazine365\/#organization"},"image":{"@type":"ImageObject","url":"https:\/\/eldigitaldeasturias.com\/magazine365\/wp-content\/uploads\/2015\/06\/fotonoticia_20150603172551_800.jpg","width":800,"height":600},"datePublished":"2015-06-05T03:17:31+02:00","dateModified":"2015-06-05T03:17:31+02:00","inLanguage":"es-ES","mainEntityOfPage":{"@id":"https:\/\/eldigitaldeasturias.com\/magazine365\/feijoo-elogia-el-esfuerzo-del-sector-turistico-por-poner-la-calidad-por-encima-de-todo-lo-demas\/#webpage"},"isPartOf":{"@id":"https:\/\/eldigitaldeasturias.com\/magazine365\/feijoo-elogia-el-esfuerzo-del-sector-turistico-por-poner-la-calidad-por-encima-de-todo-lo-demas\/#webpage"},"articleSection":"Noticias y Actualidad"},{"@type":"BreadcrumbList","@id":"https:\/\/eldigitaldeasturias.com\/magazine365\/feijoo-elogia-el-esfuerzo-del-sector-turistico-por-poner-la-calidad-por-encima-de-todo-lo-demas\/#breadcrumblist","itemListElement":[{"@type":"ListItem","@id":"https:\/\/eldigitaldeasturias.com\/magazine365#listItem","position":1,"name":"Home","item":"https:\/\/eldigitaldeasturias.com\/magazine365","nextItem":{"@type":"ListItem","@id":"https:\/\/eldigitaldeasturias.com\/magazine365\/category\/noticias-actualidad\/#listItem","name":"Noticias y Actualidad"}},{"@type":"ListItem","@id":"https:\/\/eldigitaldeasturias.com\/magazine365\/category\/noticias-actualidad\/#listItem","position":2,"name":"Noticias y Actualidad","item":"https:\/\/eldigitaldeasturias.com\/magazine365\/category\/noticias-actualidad\/","nextItem":{"@type":"ListItem","@id":"https:\/\/eldigitaldeasturias.com\/magazine365\/feijoo-elogia-el-esfuerzo-del-sector-turistico-por-poner-la-calidad-por-encima-de-todo-lo-demas\/#listItem","name":"Feij\u00f3o elogia el esfuerzo del sector tur\u00edstico por poner \u00abla calidad por encima de todo lo dem\u00e1s\u00bb"},"previousItem":{"@type":"ListItem","@id":"https:\/\/eldigitaldeasturias.com\/magazine365#listItem","name":"Home"}},{"@type":"ListItem","@id":"https:\/\/eldigitaldeasturias.com\/magazine365\/feijoo-elogia-el-esfuerzo-del-sector-turistico-por-poner-la-calidad-por-encima-de-todo-lo-demas\/#listItem","position":3,"name":"Feij\u00f3o elogia el esfuerzo del sector tur\u00edstico por poner \u00abla calidad por encima de todo lo dem\u00e1s\u00bb","previousItem":{"@type":"ListItem","@id":"https:\/\/eldigitaldeasturias.com\/magazine365\/category\/noticias-actualidad\/#listItem","name":"Noticias y Actualidad"}}]},{"@type":"Organization","@id":"https:\/\/eldigitaldeasturias.com\/magazine365\/#organization","name":"El digital de Asturias","description":"Revista de ocio, turismo y estilo de vida","url":"https:\/\/eldigitaldeasturias.com\/magazine365\/","logo":{"@type":"ImageObject","url":"https:\/\/www.eldigitaldeasturias.com\/noticias\/wp-content\/uploads\/2020\/12\/EDA.jpg","@id":"https:\/\/eldigitaldeasturias.com\/magazine365\/feijoo-elogia-el-esfuerzo-del-sector-turistico-por-poner-la-calidad-por-encima-de-todo-lo-demas\/#organizationLogo"},"image":{"@id":"https:\/\/eldigitaldeasturias.com\/magazine365\/feijoo-elogia-el-esfuerzo-del-sector-turistico-por-poner-la-calidad-por-encima-de-todo-lo-demas\/#organizationLogo"}},{"@type":"Person","@id":"https:\/\/eldigitaldeasturias.com\/magazine365\/author\/admin\/#author","url":"https:\/\/eldigitaldeasturias.com\/magazine365\/author\/admin\/","name":"admin","image":{"@type":"ImageObject","@id":"https:\/\/eldigitaldeasturias.com\/magazine365\/feijoo-elogia-el-esfuerzo-del-sector-turistico-por-poner-la-calidad-por-encima-de-todo-lo-demas\/#authorImage","url":"https:\/\/eldigitaldeasturias.com\/magazine365\/wp-content\/litespeed\/avatar\/e571bcf59a0edd6fa6838245a470f2fe.jpg?ver=1776969259","width":96,"height":96,"caption":"admin"}},{"@type":"WebPage","@id":"https:\/\/eldigitaldeasturias.com\/magazine365\/feijoo-elogia-el-esfuerzo-del-sector-turistico-por-poner-la-calidad-por-encima-de-todo-lo-demas\/#webpage","url":"https:\/\/eldigitaldeasturias.com\/magazine365\/feijoo-elogia-el-esfuerzo-del-sector-turistico-por-poner-la-calidad-por-encima-de-todo-lo-demas\/","name":"Feij\u00f3o elogia el esfuerzo del sector tur\u00edstico por poner \u00abla calidad por encima de todo lo dem\u00e1s\u00bb | El Digital de Asturias","description":"El presidente de la Xunta, Alberto N\u00fa\u00f1ez Feij\u00f3o, ha destacado este mi\u00e9rcoles que Galicia es \"una potencia tur\u00edstica\" y ha elogiado el esfuerzo del sector por poner \"la calidad por encima de todo lo dem\u00e1s\". En el acto de entrega de los distintivos 'Q' de calidad tur\u00edstica, celebrado en la sede del Real Club N\u00e1utico","inLanguage":"es-ES","isPartOf":{"@id":"https:\/\/eldigitaldeasturias.com\/magazine365\/#website"},"breadcrumb":{"@id":"https:\/\/eldigitaldeasturias.com\/magazine365\/feijoo-elogia-el-esfuerzo-del-sector-turistico-por-poner-la-calidad-por-encima-de-todo-lo-demas\/#breadcrumblist"},"author":{"@id":"https:\/\/eldigitaldeasturias.com\/magazine365\/author\/admin\/#author"},"creator":{"@id":"https:\/\/eldigitaldeasturias.com\/magazine365\/author\/admin\/#author"},"image":{"@type":"ImageObject","url":"https:\/\/eldigitaldeasturias.com\/magazine365\/wp-content\/uploads\/2015\/06\/fotonoticia_20150603172551_800.jpg","@id":"https:\/\/eldigitaldeasturias.com\/magazine365\/feijoo-elogia-el-esfuerzo-del-sector-turistico-por-poner-la-calidad-por-encima-de-todo-lo-demas\/#mainImage","width":800,"height":600},"primaryImageOfPage":{"@id":"https:\/\/eldigitaldeasturias.com\/magazine365\/feijoo-elogia-el-esfuerzo-del-sector-turistico-por-poner-la-calidad-por-encima-de-todo-lo-demas\/#mainImage"},"datePublished":"2015-06-05T03:17:31+02:00","dateModified":"2015-06-05T03:17:31+02:00"},{"@type":"WebSite","@id":"https:\/\/eldigitaldeasturias.com\/magazine365\/#website","url":"https:\/\/eldigitaldeasturias.com\/magazine365\/","name":"El Digital de Asturias","description":"Revista de ocio, turismo y estilo de vida","inLanguage":"es-ES","publisher":{"@id":"https:\/\/eldigitaldeasturias.com\/magazine365\/#organization"}}]},"og:locale":"es_ES","og:site_name":"El Digital de Asturias \u2013 Revista de ocio, turismo y estilo de vida","og:type":"article","og:title":"Feij\u00f3o elogia el esfuerzo del sector tur\u00edstico por poner \u00abla calidad por encima de todo lo dem\u00e1s\u00bb | El Digital de Asturias","og:description":"El presidente de la Xunta, Alberto N\u00fa\u00f1ez Feij\u00f3o, ha destacado este mi\u00e9rcoles que Galicia es &quot;una potencia tur\u00edstica&quot; y ha elogiado el esfuerzo del sector por poner &quot;la calidad por encima de todo lo dem\u00e1s&quot;. En el acto de entrega de los distintivos 'Q' de calidad tur\u00edstica, celebrado en la sede del Real Club N\u00e1utico","og:url":"https:\/\/eldigitaldeasturias.com\/magazine365\/feijoo-elogia-el-esfuerzo-del-sector-turistico-por-poner-la-calidad-por-encima-de-todo-lo-demas\/","og:image":"https:\/\/eldigitaldeasturias.com\/magazine365\/wp-content\/uploads\/2015\/06\/fotonoticia_20150603172551_800.jpg","og:image:secure_url":"https:\/\/eldigitaldeasturias.com\/magazine365\/wp-content\/uploads\/2015\/06\/fotonoticia_20150603172551_800.jpg","og:image:width":800,"og:image:height":600,"article:published_time":"2015-06-05T01:47:31+00:00","article:modified_time":"2015-06-05T01:47:31+00:00","twitter:card":"summary_large_image","twitter:title":"Feij\u00f3o elogia el esfuerzo del sector tur\u00edstico por poner \u00abla calidad por encima de todo lo dem\u00e1s\u00bb | El Digital de Asturias","twitter:description":"El presidente de la Xunta, Alberto N\u00fa\u00f1ez Feij\u00f3o, ha destacado este mi\u00e9rcoles que Galicia es &quot;una potencia tur\u00edstica&quot; y ha elogiado el esfuerzo del sector por poner &quot;la calidad por encima de todo lo dem\u00e1s&quot;. En el acto de entrega de los distintivos 'Q' de calidad tur\u00edstica, celebrado en la sede del Real Club N\u00e1utico","twitter:image":"https:\/\/eldigitaldeasturias.com\/magazine365\/wp-content\/uploads\/2015\/06\/fotonoticia_20150603172551_800.jpg"},"aioseo_meta_data":{"post_id":"38796","title":null,"description":null,"keywords":null,"keyphrases":null,"primary_term":null,"canonical_url":null,"og_title":null,"og_description":null,"og_object_type":"default","og_image_type":"default","og_image_url":null,"og_image_width":null,"og_image_height":null,"og_image_custom_url":null,"og_image_custom_fields":null,"og_video":null,"og_custom_url":null,"og_article_section":null,"og_article_tags":null,"twitter_use_og":false,"twitter_card":"default","twitter_image_type":"default","twitter_image_url":null,"twitter_image_custom_url":null,"twitter_image_custom_fields":null,"twitter_title":null,"twitter_description":null,"schema":{"blockGraphs":[],"customGraphs":[],"default":{"data":{"Article":[],"Course":[],"Dataset":[],"FAQPage":[],"Movie":[],"Person":[],"Product":[],"ProductReview":[],"Car":[],"Recipe":[],"Service":[],"SoftwareApplication":[],"WebPage":[]},"graphName":"","isEnabled":true},"graphs":[],"defaultGraph":"","defaultPostTypeGraph":""},"schema_type":null,"schema_type_options":null,"pillar_content":false,"robots_default":true,"robots_noindex":false,"robots_noarchive":false,"robots_nosnippet":false,"robots_nofollow":false,"robots_noimageindex":false,"robots_noodp":false,"robots_notranslate":false,"robots_max_snippet":null,"robots_max_videopreview":null,"robots_max_imagepreview":"large","priority":null,"frequency":null,"location":null,"local_seo":null,"seo_analyzer_scan_date":"2025-09-19 10:19:44","breadcrumb_settings":null,"limit_modified_date":false,"open_ai":null,"ai":null,"created":"2021-03-09 02:48:57","updated":"2025-09-19 10:19:44"},"aioseo_breadcrumb":"<div class=\"aioseo-breadcrumbs\"><span class=\"aioseo-breadcrumb\">\n\t<a href=\"https:\/\/eldigitaldeasturias.com\/magazine365\" title=\"Home\">Home<\/a>\n<\/span><span class=\"aioseo-breadcrumb-separator\">\u2013<\/span><span class=\"aioseo-breadcrumb\">\n\t<a href=\"https:\/\/eldigitaldeasturias.com\/magazine365\/category\/noticias-actualidad\/\" title=\"Noticias y Actualidad\">Noticias y Actualidad<\/a>\n<\/span><span class=\"aioseo-breadcrumb-separator\">\u2013<\/span><span class=\"aioseo-breadcrumb\">\n\t<a href=\"https:\/\/eldigitaldeasturias.com\/magazine365\/feijoo-elogia-el-esfuerzo-del-sector-turistico-por-poner-la-calidad-por-encima-de-todo-lo-demas\/\" title=\"Feij\u00f3o elogia el esfuerzo del sector tur\u00edstico por poner \u00abla calidad por encima de todo lo dem\u00e1s\u00bb\">Feij\u00f3o elogia el esfuerzo del sector tur\u00edstico por poner \u00abla calidad por encima de todo lo dem\u00e1s\u00bb<\/a>\n<\/span><\/div>","aioseo_breadcrumb_json":[{"label":"Home","link":"https:\/\/eldigitaldeasturias.com\/magazine365"},{"label":"Noticias y Actualidad","link":"https:\/\/eldigitaldeasturias.com\/magazine365\/category\/noticias-actualidad\/"},{"label":"Feij\u00f3o elogia el esfuerzo del sector tur\u00edstico por poner \u00abla calidad por encima de todo lo dem\u00e1s\u00bb","link":"https:\/\/eldigitaldeasturias.com\/magazine365\/feijoo-elogia-el-esfuerzo-del-sector-turistico-por-poner-la-calidad-por-encima-de-todo-lo-demas\/"}],"_links":{"self":[{"href":"https:\/\/eldigitaldeasturias.com\/magazine365\/wp-json\/wp\/v2\/posts\/38796","targetHints":{"allow":["GET"]}}],"collection":[{"href":"https:\/\/eldigitaldeasturias.com\/magazine365\/wp-json\/wp\/v2\/posts"}],"about":[{"href":"https:\/\/eldigitaldeasturias.com\/magazine365\/wp-json\/wp\/v2\/types\/post"}],"author":[{"embeddable":true,"href":"https:\/\/eldigitaldeasturias.com\/magazine365\/wp-json\/wp\/v2\/users\/1"}],"replies":[{"embeddable":true,"href":"https:\/\/eldigitaldeasturias.com\/magazine365\/wp-json\/wp\/v2\/comments?post=38796"}],"version-history":[{"count":0,"href":"https:\/\/eldigitaldeasturias.com\/magazine365\/wp-json\/wp\/v2\/posts\/38796\/revisions"}],"wp:featuredmedia":[{"embeddable":true,"href":"https:\/\/eldigitaldeasturias.com\/magazine365\/wp-json\/wp\/v2\/media\/38797"}],"wp:attachment":[{"href":"https:\/\/eldigitaldeasturias.com\/magazine365\/wp-json\/wp\/v2\/media?parent=38796"}],"wp:term":[{"taxonomy":"category","embeddable":true,"href":"https:\/\/eldigitaldeasturias.com\/magazine365\/wp-json\/wp\/v2\/categories?post=38796"},{"taxonomy":"post_tag","embeddable":true,"href":"https:\/\/eldigitaldeasturias.com\/magazine365\/wp-json\/wp\/v2\/tags?post=38796"}],"curies":[{"name":"wp","href":"https:\/\/api.w.org\/{rel}","templated":true}]}}