{"id":38784,"date":"2015-06-05T03:10:57","date_gmt":"2015-06-05T01:40:57","guid":{"rendered":"http:\/\/eldigitaldeasturias.com\/magazine365\/?p=38784"},"modified":"2015-06-05T03:10:57","modified_gmt":"2015-06-05T01:40:57","slug":"caceres-acoge-una-cena-espectaculo-con-chefs-galardonados-con-soles-repsol-y-estrellas-michelin","status":"publish","type":"post","link":"https:\/\/eldigitaldeasturias.com\/magazine365\/caceres-acoge-una-cena-espectaculo-con-chefs-galardonados-con-soles-repsol-y-estrellas-michelin\/","title":{"rendered":"C\u00e1ceres acoge una cena espect\u00e1culo con chefs galardonados con Soles Repsol y Estrellas Michel\u00edn"},"content":{"rendered":"<p><img fetchpriority=\"high\" decoding=\"async\" class=\"alignleft size-medium wp-image-38785\" src=\"https:\/\/eldigitaldeasturias.com\/magazine365\/wp-content\/uploads\/2015\/06\/fotonoticia_20150603170554_800-360x270.jpg\" alt=\"fotonoticia_20150603170554_800\" width=\"360\" height=\"270\" srcset=\"https:\/\/eldigitaldeasturias.com\/magazine365\/wp-content\/uploads\/2015\/06\/fotonoticia_20150603170554_800-360x270.jpg 360w, https:\/\/eldigitaldeasturias.com\/magazine365\/wp-content\/uploads\/2015\/06\/fotonoticia_20150603170554_800-650x488.jpg 650w, https:\/\/eldigitaldeasturias.com\/magazine365\/wp-content\/uploads\/2015\/06\/fotonoticia_20150603170554_800-768x576.jpg 768w, https:\/\/eldigitaldeasturias.com\/magazine365\/wp-content\/uploads\/2015\/06\/fotonoticia_20150603170554_800-150x113.jpg 150w, https:\/\/eldigitaldeasturias.com\/magazine365\/wp-content\/uploads\/2015\/06\/fotonoticia_20150603170554_800-450x338.jpg 450w, https:\/\/eldigitaldeasturias.com\/magazine365\/wp-content\/uploads\/2015\/06\/fotonoticia_20150603170554_800-80x60.jpg 80w, https:\/\/eldigitaldeasturias.com\/magazine365\/wp-content\/uploads\/2015\/06\/fotonoticia_20150603170554_800-265x198.jpg 265w, https:\/\/eldigitaldeasturias.com\/magazine365\/wp-content\/uploads\/2015\/06\/fotonoticia_20150603170554_800-696x522.jpg 696w, https:\/\/eldigitaldeasturias.com\/magazine365\/wp-content\/uploads\/2015\/06\/fotonoticia_20150603170554_800-560x420.jpg 560w, https:\/\/eldigitaldeasturias.com\/magazine365\/wp-content\/uploads\/2015\/06\/fotonoticia_20150603170554_800-90x67.jpg 90w, https:\/\/eldigitaldeasturias.com\/magazine365\/wp-content\/uploads\/2015\/06\/fotonoticia_20150603170554_800-100x75.jpg 100w, https:\/\/eldigitaldeasturias.com\/magazine365\/wp-content\/uploads\/2015\/06\/fotonoticia_20150603170554_800.jpg 800w\" sizes=\"(max-width: 360px) 100vw, 360px\" \/>C\u00e1ceres sigue sumando actividades a su t\u00edtulo de Capital Espa\u00f1ola de la Gastronom\u00eda (CEG) y en esta ocasi\u00f3n se trata de una cena espect\u00e1culo con cocina en vivo en la que participar\u00e1n seis chefs de diferentes restaurantes del pa\u00eds, que atesoran entre todos cinco Soles Repsol y tres Estrellas Michel\u00edn, y que estar\u00e1n acompa\u00f1ados de otros tantos cocineros cacere\u00f1os para elaborar diez platos con productos de la tierra.<\/p>\n<p>La iniciativa, denominada &#8216;Soles y Estrellas&#8217;, se llevar\u00e1 a cabo el jueves d\u00eda 2 de julio en el Hotel Don Manuel de la capital cacere\u00f1a, a las 21.00 horas, y se espera que se re\u00fanan unos 200 comensales para degustar las propuestas culinarias que cocinar\u00e1n en directo, cada uno de los chefs, en un escenario colocado en el centro del comedor.<\/p>\n<p>La gala ser\u00e1 amenizada por el cocinero Sergio Fern\u00e1ndez, conocido por sus programas televisivos de cocina, que ir\u00e1 explicando los pasos de la elaboraci\u00f3n que podr\u00e1 seguirse por unas grandes pantallas que se colocar\u00e1n en la estancia para que nadie se pierda un detalle del quehacer en los fogones de estos maestros de la cocina.<\/p>\n<p>As\u00ed, est\u00e1 previsto que intervengan Toni Canales del restaurante Fuente Pizarro (Madrid) que cuenta con un Sol Repsol; F\u00e9lix Manso que llegar\u00e1 desde su restaurante Gaztelumendi-Antxon de Ir\u00fan con otros dos soles, y Rub\u00e9n S\u00e1nchez, de El Bodeg\u00f3n de Daimiel, que cuenta con otros dos soles otorgados por la gu\u00eda Repsol. Tambi\u00e9n cocinar\u00e1n para los asistentes Javier Aranda, del restaurante La Cabra (Madrid); Kisko Garc\u00eda, de Choco (C\u00f3rdoba) y Jordi Llobet del restaurante L&#8217;\u00d3 de Barcelona, todos ellos con una Estrella Michel\u00edn en su haber.<\/p>\n<p>Les acompa\u00f1ar\u00e1n los cocineros cacere\u00f1os Ra\u00fal Olmedo (Bouquet); Iv\u00e1n Rivera y V\u00edctor Encinal (Cayena); C\u00e9sar R\u00e1ez (Torre de Sande); Tamara Serrano (Hotel Don Manuel) y Alberto Moreno que fue el chef representante espa\u00f1ol en Bocuse d&#8217;Or 2014. Para abrir boca el maestro cortador y Cuchillo de Oro David Lavado har\u00e1 una demostraci\u00f3n de corte art\u00edstico de uno de los productos estrella de Extremadura como es el jam\u00f3n ib\u00e9rico.<\/p>\n<p>SE SERVIR\u00c1N DIEZ PLATOS<\/p>\n<p>Despu\u00e9s, el men\u00fa se compondr\u00e1 de diez platos, dos entrantes fr\u00edos, dos entrantes calientes, dos pescados, dos carnes y dos postres, elaborados con productos de la tierra en los que no faltar\u00e1n los que cuentan con Denominaci\u00f3n de Origen Protegida (DOP) como el Piment\u00f3n de la Vera, el Aceite Gata-Hurdes, o la Torta del Casar, entre otros muchos, que ser\u00e1n regados con caldos de la bodega Pago de Balancines.<\/p>\n<p>Esta propuesta culinaria ha sido presentada este mi\u00e9rcoles por algunos de sus promotores como el chef Diego Bonilla, que es el coordinador del evento y quien ha explicado que el objetivo es poner a disposici\u00f3n de los cacere\u00f1os una gastronom\u00eda de primer nivel a \u00abun precio asequible\u00bb ya que muchos productos han sido cedidos por las DOP, lo que ha permitido abaratar el coste de la cena, que se ha estipulado en 60 euros por persona.<\/p>\n<p>En la presentaci\u00f3n ha participado tambi\u00e9n el diputado en funciones de Turismo de la Diputaci\u00f3n Provincial, \u00c1lvaro Arias, quien ha destacado el apoyo de la instituci\u00f3n \u00aba cualquier evento que promocione todo lo que C\u00e1ceres y su provincia tiene que mostrar a la gente\u00bb, ha dicho, en alusi\u00f3n a la difusi\u00f3n que se har\u00e1 de los productos DOP.<\/p>\n<p>Arias ha avanzado que, adem\u00e1s, esa noche la diputaci\u00f3n cacere\u00f1a colocar\u00e1 un stand informativo con material promocional en el comedor para \u00abmostrar las excelencias tur\u00edsticas de la provincia cacere\u00f1a\u00bb y \u00abcontribuir a consolidar el turismo\u00bb.<\/p>\n<p>Por su parte, el concejal en funciones de Turismo, Jorge Su\u00e1rez, tambi\u00e9n ha resaltado la presencia en C\u00e1ceres de cocineros \u00abde gran prestigio nacional e internacional\u00bb que participar\u00e1n en esta iniciativa para ensalzar las virtudes de la cocina cacere\u00f1a y contribuir a engrandecer el t\u00edtulo de la capitalidad gastron\u00f3mica.<\/p>\n<p>La venta de entradas para esta cena de &#8216;Soles y Estrellas&#8217; se llevar\u00e1 a cabo en los restaurante colaboradores de C\u00e1ceres citados anteriormente o tambi\u00e9n puede reservar mesa llamando al tel\u00e9fono 682 526 056.<\/p>\n","protected":false},"excerpt":{"rendered":"<p>C\u00e1ceres sigue sumando actividades a su t\u00edtulo de Capital Espa\u00f1ola de la Gastronom\u00eda (CEG) y en esta ocasi\u00f3n se trata de una cena espect\u00e1culo con cocina en vivo en la que participar\u00e1n seis chefs de diferentes restaurantes del pa\u00eds, que atesoran entre todos cinco Soles Repsol y tres Estrellas Michel\u00edn, y que estar\u00e1n acompa\u00f1ados de<\/p>\n","protected":false},"author":1,"featured_media":38785,"comment_status":"open","ping_status":"closed","sticky":false,"template":"","format":"standard","meta":{"footnotes":""},"categories":[217],"tags":[],"class_list":{"0":"post-38784","1":"post","2":"type-post","3":"status-publish","4":"format-standard","5":"has-post-thumbnail","7":"category-sabores"},"aioseo_notices":[],"aioseo_head":"\n\t\t<!-- All in One SEO Pro 4.9.6.1 - aioseo.com -->\n\t<meta name=\"description\" content=\"C\u00e1ceres sigue sumando actividades a su t\u00edtulo de Capital Espa\u00f1ola de la Gastronom\u00eda (CEG) y en esta ocasi\u00f3n se trata de una cena espect\u00e1culo con cocina en vivo en la que participar\u00e1n seis chefs de diferentes restaurantes del pa\u00eds, que atesoran entre todos cinco Soles Repsol y tres Estrellas Michel\u00edn, y que estar\u00e1n acompa\u00f1ados de\" \/>\n\t<meta name=\"robots\" content=\"max-image-preview:large\" \/>\n\t<meta name=\"author\" content=\"admin\"\/>\n\t<meta name=\"google-site-verification\" content=\"UA-38556648-1\" \/>\n\t<meta name=\"keywords\" content=\"sabores\" \/>\n\t<link rel=\"canonical\" href=\"https:\/\/eldigitaldeasturias.com\/magazine365\/caceres-acoge-una-cena-espectaculo-con-chefs-galardonados-con-soles-repsol-y-estrellas-michelin\/\" \/>\n\t<meta name=\"generator\" content=\"All in One SEO Pro (AIOSEO) 4.9.6.1\" \/>\n\t\t<meta property=\"og:locale\" content=\"es_ES\" \/>\n\t\t<meta property=\"og:site_name\" content=\"El Digital de Asturias \u2013 Revista de ocio, turismo y estilo de vida\" \/>\n\t\t<meta property=\"og:type\" content=\"article\" \/>\n\t\t<meta property=\"og:title\" content=\"C\u00e1ceres acoge una cena espect\u00e1culo con chefs galardonados con Soles Repsol y Estrellas Michel\u00edn | El Digital de Asturias\" \/>\n\t\t<meta property=\"og:description\" content=\"C\u00e1ceres sigue sumando actividades a su t\u00edtulo de Capital Espa\u00f1ola de la Gastronom\u00eda (CEG) y en esta ocasi\u00f3n se trata de una cena espect\u00e1culo con cocina en vivo en la que participar\u00e1n seis chefs de diferentes restaurantes del pa\u00eds, que atesoran entre todos cinco Soles Repsol y tres Estrellas Michel\u00edn, y que estar\u00e1n acompa\u00f1ados de\" \/>\n\t\t<meta property=\"og:url\" content=\"https:\/\/eldigitaldeasturias.com\/magazine365\/caceres-acoge-una-cena-espectaculo-con-chefs-galardonados-con-soles-repsol-y-estrellas-michelin\/\" \/>\n\t\t<meta property=\"og:image\" content=\"https:\/\/eldigitaldeasturias.com\/magazine365\/wp-content\/uploads\/2015\/06\/fotonoticia_20150603170554_800.jpg\" \/>\n\t\t<meta property=\"og:image:secure_url\" content=\"https:\/\/eldigitaldeasturias.com\/magazine365\/wp-content\/uploads\/2015\/06\/fotonoticia_20150603170554_800.jpg\" \/>\n\t\t<meta property=\"og:image:width\" content=\"800\" \/>\n\t\t<meta property=\"og:image:height\" content=\"600\" \/>\n\t\t<meta property=\"article:published_time\" content=\"2015-06-05T01:40:57+00:00\" \/>\n\t\t<meta property=\"article:modified_time\" content=\"2015-06-05T01:40:57+00:00\" \/>\n\t\t<meta name=\"twitter:card\" content=\"summary_large_image\" \/>\n\t\t<meta name=\"twitter:title\" content=\"C\u00e1ceres acoge una cena espect\u00e1culo con chefs galardonados con Soles Repsol y Estrellas Michel\u00edn | El Digital de Asturias\" \/>\n\t\t<meta name=\"twitter:description\" content=\"C\u00e1ceres sigue sumando actividades a su t\u00edtulo de Capital Espa\u00f1ola de la Gastronom\u00eda (CEG) y en esta ocasi\u00f3n se trata de una cena espect\u00e1culo con cocina en vivo en la que participar\u00e1n seis chefs de diferentes restaurantes del pa\u00eds, que atesoran entre todos cinco Soles Repsol y tres Estrellas Michel\u00edn, y que estar\u00e1n acompa\u00f1ados de\" \/>\n\t\t<meta name=\"twitter:image\" content=\"https:\/\/eldigitaldeasturias.com\/magazine365\/wp-content\/uploads\/2015\/06\/fotonoticia_20150603170554_800.jpg\" \/>\n\t\t<script type=\"application\/ld+json\" class=\"aioseo-schema\">\n\t\t\t{\"@context\":\"https:\\\/\\\/schema.org\",\"@graph\":[{\"@type\":\"Article\",\"@id\":\"https:\\\/\\\/eldigitaldeasturias.com\\\/magazine365\\\/caceres-acoge-una-cena-espectaculo-con-chefs-galardonados-con-soles-repsol-y-estrellas-michelin\\\/#article\",\"name\":\"C\\u00e1ceres acoge una cena espect\\u00e1culo con chefs galardonados con Soles Repsol y Estrellas Michel\\u00edn | El Digital de Asturias\",\"headline\":\"C\\u00e1ceres acoge una cena espect\\u00e1culo con chefs galardonados con Soles Repsol y Estrellas Michel\\u00edn\",\"author\":{\"@id\":\"https:\\\/\\\/eldigitaldeasturias.com\\\/magazine365\\\/author\\\/admin\\\/#author\"},\"publisher\":{\"@id\":\"https:\\\/\\\/eldigitaldeasturias.com\\\/magazine365\\\/#organization\"},\"image\":{\"@type\":\"ImageObject\",\"url\":\"https:\\\/\\\/eldigitaldeasturias.com\\\/magazine365\\\/wp-content\\\/uploads\\\/2015\\\/06\\\/fotonoticia_20150603170554_800.jpg\",\"width\":800,\"height\":600},\"datePublished\":\"2015-06-05T03:10:57+02:00\",\"dateModified\":\"2015-06-05T03:10:57+02:00\",\"inLanguage\":\"es-ES\",\"mainEntityOfPage\":{\"@id\":\"https:\\\/\\\/eldigitaldeasturias.com\\\/magazine365\\\/caceres-acoge-una-cena-espectaculo-con-chefs-galardonados-con-soles-repsol-y-estrellas-michelin\\\/#webpage\"},\"isPartOf\":{\"@id\":\"https:\\\/\\\/eldigitaldeasturias.com\\\/magazine365\\\/caceres-acoge-una-cena-espectaculo-con-chefs-galardonados-con-soles-repsol-y-estrellas-michelin\\\/#webpage\"},\"articleSection\":\"Sabores\"},{\"@type\":\"BreadcrumbList\",\"@id\":\"https:\\\/\\\/eldigitaldeasturias.com\\\/magazine365\\\/caceres-acoge-una-cena-espectaculo-con-chefs-galardonados-con-soles-repsol-y-estrellas-michelin\\\/#breadcrumblist\",\"itemListElement\":[{\"@type\":\"ListItem\",\"@id\":\"https:\\\/\\\/eldigitaldeasturias.com\\\/magazine365#listItem\",\"position\":1,\"name\":\"Home\",\"item\":\"https:\\\/\\\/eldigitaldeasturias.com\\\/magazine365\",\"nextItem\":{\"@type\":\"ListItem\",\"@id\":\"https:\\\/\\\/eldigitaldeasturias.com\\\/magazine365\\\/category\\\/sabores\\\/#listItem\",\"name\":\"Sabores\"}},{\"@type\":\"ListItem\",\"@id\":\"https:\\\/\\\/eldigitaldeasturias.com\\\/magazine365\\\/category\\\/sabores\\\/#listItem\",\"position\":2,\"name\":\"Sabores\",\"item\":\"https:\\\/\\\/eldigitaldeasturias.com\\\/magazine365\\\/category\\\/sabores\\\/\",\"nextItem\":{\"@type\":\"ListItem\",\"@id\":\"https:\\\/\\\/eldigitaldeasturias.com\\\/magazine365\\\/caceres-acoge-una-cena-espectaculo-con-chefs-galardonados-con-soles-repsol-y-estrellas-michelin\\\/#listItem\",\"name\":\"C\\u00e1ceres acoge una cena espect\\u00e1culo con chefs galardonados con Soles Repsol y Estrellas Michel\\u00edn\"},\"previousItem\":{\"@type\":\"ListItem\",\"@id\":\"https:\\\/\\\/eldigitaldeasturias.com\\\/magazine365#listItem\",\"name\":\"Home\"}},{\"@type\":\"ListItem\",\"@id\":\"https:\\\/\\\/eldigitaldeasturias.com\\\/magazine365\\\/caceres-acoge-una-cena-espectaculo-con-chefs-galardonados-con-soles-repsol-y-estrellas-michelin\\\/#listItem\",\"position\":3,\"name\":\"C\\u00e1ceres acoge una cena espect\\u00e1culo con chefs galardonados con Soles Repsol y Estrellas Michel\\u00edn\",\"previousItem\":{\"@type\":\"ListItem\",\"@id\":\"https:\\\/\\\/eldigitaldeasturias.com\\\/magazine365\\\/category\\\/sabores\\\/#listItem\",\"name\":\"Sabores\"}}]},{\"@type\":\"Organization\",\"@id\":\"https:\\\/\\\/eldigitaldeasturias.com\\\/magazine365\\\/#organization\",\"name\":\"El digital de Asturias\",\"description\":\"Revista de ocio, turismo y estilo de vida\",\"url\":\"https:\\\/\\\/eldigitaldeasturias.com\\\/magazine365\\\/\",\"logo\":{\"@type\":\"ImageObject\",\"url\":\"https:\\\/\\\/www.eldigitaldeasturias.com\\\/noticias\\\/wp-content\\\/uploads\\\/2020\\\/12\\\/EDA.jpg\",\"@id\":\"https:\\\/\\\/eldigitaldeasturias.com\\\/magazine365\\\/caceres-acoge-una-cena-espectaculo-con-chefs-galardonados-con-soles-repsol-y-estrellas-michelin\\\/#organizationLogo\"},\"image\":{\"@id\":\"https:\\\/\\\/eldigitaldeasturias.com\\\/magazine365\\\/caceres-acoge-una-cena-espectaculo-con-chefs-galardonados-con-soles-repsol-y-estrellas-michelin\\\/#organizationLogo\"}},{\"@type\":\"Person\",\"@id\":\"https:\\\/\\\/eldigitaldeasturias.com\\\/magazine365\\\/author\\\/admin\\\/#author\",\"url\":\"https:\\\/\\\/eldigitaldeasturias.com\\\/magazine365\\\/author\\\/admin\\\/\",\"name\":\"admin\",\"image\":{\"@type\":\"ImageObject\",\"@id\":\"https:\\\/\\\/eldigitaldeasturias.com\\\/magazine365\\\/caceres-acoge-una-cena-espectaculo-con-chefs-galardonados-con-soles-repsol-y-estrellas-michelin\\\/#authorImage\",\"url\":\"https:\\\/\\\/eldigitaldeasturias.com\\\/magazine365\\\/wp-content\\\/litespeed\\\/avatar\\\/e571bcf59a0edd6fa6838245a470f2fe.jpg?ver=1776969259\",\"width\":96,\"height\":96,\"caption\":\"admin\"}},{\"@type\":\"WebPage\",\"@id\":\"https:\\\/\\\/eldigitaldeasturias.com\\\/magazine365\\\/caceres-acoge-una-cena-espectaculo-con-chefs-galardonados-con-soles-repsol-y-estrellas-michelin\\\/#webpage\",\"url\":\"https:\\\/\\\/eldigitaldeasturias.com\\\/magazine365\\\/caceres-acoge-una-cena-espectaculo-con-chefs-galardonados-con-soles-repsol-y-estrellas-michelin\\\/\",\"name\":\"C\\u00e1ceres acoge una cena espect\\u00e1culo con chefs galardonados con Soles Repsol y Estrellas Michel\\u00edn | El Digital de Asturias\",\"description\":\"C\\u00e1ceres sigue sumando actividades a su t\\u00edtulo de Capital Espa\\u00f1ola de la Gastronom\\u00eda (CEG) y en esta ocasi\\u00f3n se trata de una cena espect\\u00e1culo con cocina en vivo en la que participar\\u00e1n seis chefs de diferentes restaurantes del pa\\u00eds, que atesoran entre todos cinco Soles Repsol y tres Estrellas Michel\\u00edn, y que estar\\u00e1n acompa\\u00f1ados de\",\"inLanguage\":\"es-ES\",\"isPartOf\":{\"@id\":\"https:\\\/\\\/eldigitaldeasturias.com\\\/magazine365\\\/#website\"},\"breadcrumb\":{\"@id\":\"https:\\\/\\\/eldigitaldeasturias.com\\\/magazine365\\\/caceres-acoge-una-cena-espectaculo-con-chefs-galardonados-con-soles-repsol-y-estrellas-michelin\\\/#breadcrumblist\"},\"author\":{\"@id\":\"https:\\\/\\\/eldigitaldeasturias.com\\\/magazine365\\\/author\\\/admin\\\/#author\"},\"creator\":{\"@id\":\"https:\\\/\\\/eldigitaldeasturias.com\\\/magazine365\\\/author\\\/admin\\\/#author\"},\"image\":{\"@type\":\"ImageObject\",\"url\":\"https:\\\/\\\/eldigitaldeasturias.com\\\/magazine365\\\/wp-content\\\/uploads\\\/2015\\\/06\\\/fotonoticia_20150603170554_800.jpg\",\"@id\":\"https:\\\/\\\/eldigitaldeasturias.com\\\/magazine365\\\/caceres-acoge-una-cena-espectaculo-con-chefs-galardonados-con-soles-repsol-y-estrellas-michelin\\\/#mainImage\",\"width\":800,\"height\":600},\"primaryImageOfPage\":{\"@id\":\"https:\\\/\\\/eldigitaldeasturias.com\\\/magazine365\\\/caceres-acoge-una-cena-espectaculo-con-chefs-galardonados-con-soles-repsol-y-estrellas-michelin\\\/#mainImage\"},\"datePublished\":\"2015-06-05T03:10:57+02:00\",\"dateModified\":\"2015-06-05T03:10:57+02:00\"},{\"@type\":\"WebSite\",\"@id\":\"https:\\\/\\\/eldigitaldeasturias.com\\\/magazine365\\\/#website\",\"url\":\"https:\\\/\\\/eldigitaldeasturias.com\\\/magazine365\\\/\",\"name\":\"El Digital de Asturias\",\"description\":\"Revista de ocio, turismo y estilo de vida\",\"inLanguage\":\"es-ES\",\"publisher\":{\"@id\":\"https:\\\/\\\/eldigitaldeasturias.com\\\/magazine365\\\/#organization\"}}]}\n\t\t<\/script>\n\t\t<!-- All in One SEO Pro -->\r\n\t\t<title>C\u00e1ceres acoge una cena espect\u00e1culo con chefs galardonados con Soles Repsol y Estrellas Michel\u00edn | El Digital de Asturias<\/title>\n\n","aioseo_head_json":{"title":"C\u00e1ceres acoge una cena espect\u00e1culo con chefs galardonados con Soles Repsol y Estrellas Michel\u00edn | El Digital de Asturias","description":"C\u00e1ceres sigue sumando actividades a su t\u00edtulo de Capital Espa\u00f1ola de la Gastronom\u00eda (CEG) y en esta ocasi\u00f3n se trata de una cena espect\u00e1culo con cocina en vivo en la que participar\u00e1n seis chefs de diferentes restaurantes del pa\u00eds, que atesoran entre todos cinco Soles Repsol y tres Estrellas Michel\u00edn, y que estar\u00e1n acompa\u00f1ados de","canonical_url":"https:\/\/eldigitaldeasturias.com\/magazine365\/caceres-acoge-una-cena-espectaculo-con-chefs-galardonados-con-soles-repsol-y-estrellas-michelin\/","robots":"max-image-preview:large","keywords":"sabores","webmasterTools":{"google-site-verification":"UA-38556648-1","miscellaneous":""},"schema":{"@context":"https:\/\/schema.org","@graph":[{"@type":"Article","@id":"https:\/\/eldigitaldeasturias.com\/magazine365\/caceres-acoge-una-cena-espectaculo-con-chefs-galardonados-con-soles-repsol-y-estrellas-michelin\/#article","name":"C\u00e1ceres acoge una cena espect\u00e1culo con chefs galardonados con Soles Repsol y Estrellas Michel\u00edn | El Digital de Asturias","headline":"C\u00e1ceres acoge una cena espect\u00e1culo con chefs galardonados con Soles Repsol y Estrellas Michel\u00edn","author":{"@id":"https:\/\/eldigitaldeasturias.com\/magazine365\/author\/admin\/#author"},"publisher":{"@id":"https:\/\/eldigitaldeasturias.com\/magazine365\/#organization"},"image":{"@type":"ImageObject","url":"https:\/\/eldigitaldeasturias.com\/magazine365\/wp-content\/uploads\/2015\/06\/fotonoticia_20150603170554_800.jpg","width":800,"height":600},"datePublished":"2015-06-05T03:10:57+02:00","dateModified":"2015-06-05T03:10:57+02:00","inLanguage":"es-ES","mainEntityOfPage":{"@id":"https:\/\/eldigitaldeasturias.com\/magazine365\/caceres-acoge-una-cena-espectaculo-con-chefs-galardonados-con-soles-repsol-y-estrellas-michelin\/#webpage"},"isPartOf":{"@id":"https:\/\/eldigitaldeasturias.com\/magazine365\/caceres-acoge-una-cena-espectaculo-con-chefs-galardonados-con-soles-repsol-y-estrellas-michelin\/#webpage"},"articleSection":"Sabores"},{"@type":"BreadcrumbList","@id":"https:\/\/eldigitaldeasturias.com\/magazine365\/caceres-acoge-una-cena-espectaculo-con-chefs-galardonados-con-soles-repsol-y-estrellas-michelin\/#breadcrumblist","itemListElement":[{"@type":"ListItem","@id":"https:\/\/eldigitaldeasturias.com\/magazine365#listItem","position":1,"name":"Home","item":"https:\/\/eldigitaldeasturias.com\/magazine365","nextItem":{"@type":"ListItem","@id":"https:\/\/eldigitaldeasturias.com\/magazine365\/category\/sabores\/#listItem","name":"Sabores"}},{"@type":"ListItem","@id":"https:\/\/eldigitaldeasturias.com\/magazine365\/category\/sabores\/#listItem","position":2,"name":"Sabores","item":"https:\/\/eldigitaldeasturias.com\/magazine365\/category\/sabores\/","nextItem":{"@type":"ListItem","@id":"https:\/\/eldigitaldeasturias.com\/magazine365\/caceres-acoge-una-cena-espectaculo-con-chefs-galardonados-con-soles-repsol-y-estrellas-michelin\/#listItem","name":"C\u00e1ceres acoge una cena espect\u00e1culo con chefs galardonados con Soles Repsol y Estrellas Michel\u00edn"},"previousItem":{"@type":"ListItem","@id":"https:\/\/eldigitaldeasturias.com\/magazine365#listItem","name":"Home"}},{"@type":"ListItem","@id":"https:\/\/eldigitaldeasturias.com\/magazine365\/caceres-acoge-una-cena-espectaculo-con-chefs-galardonados-con-soles-repsol-y-estrellas-michelin\/#listItem","position":3,"name":"C\u00e1ceres acoge una cena espect\u00e1culo con chefs galardonados con Soles Repsol y Estrellas Michel\u00edn","previousItem":{"@type":"ListItem","@id":"https:\/\/eldigitaldeasturias.com\/magazine365\/category\/sabores\/#listItem","name":"Sabores"}}]},{"@type":"Organization","@id":"https:\/\/eldigitaldeasturias.com\/magazine365\/#organization","name":"El digital de Asturias","description":"Revista de ocio, turismo y estilo de vida","url":"https:\/\/eldigitaldeasturias.com\/magazine365\/","logo":{"@type":"ImageObject","url":"https:\/\/www.eldigitaldeasturias.com\/noticias\/wp-content\/uploads\/2020\/12\/EDA.jpg","@id":"https:\/\/eldigitaldeasturias.com\/magazine365\/caceres-acoge-una-cena-espectaculo-con-chefs-galardonados-con-soles-repsol-y-estrellas-michelin\/#organizationLogo"},"image":{"@id":"https:\/\/eldigitaldeasturias.com\/magazine365\/caceres-acoge-una-cena-espectaculo-con-chefs-galardonados-con-soles-repsol-y-estrellas-michelin\/#organizationLogo"}},{"@type":"Person","@id":"https:\/\/eldigitaldeasturias.com\/magazine365\/author\/admin\/#author","url":"https:\/\/eldigitaldeasturias.com\/magazine365\/author\/admin\/","name":"admin","image":{"@type":"ImageObject","@id":"https:\/\/eldigitaldeasturias.com\/magazine365\/caceres-acoge-una-cena-espectaculo-con-chefs-galardonados-con-soles-repsol-y-estrellas-michelin\/#authorImage","url":"https:\/\/eldigitaldeasturias.com\/magazine365\/wp-content\/litespeed\/avatar\/e571bcf59a0edd6fa6838245a470f2fe.jpg?ver=1776969259","width":96,"height":96,"caption":"admin"}},{"@type":"WebPage","@id":"https:\/\/eldigitaldeasturias.com\/magazine365\/caceres-acoge-una-cena-espectaculo-con-chefs-galardonados-con-soles-repsol-y-estrellas-michelin\/#webpage","url":"https:\/\/eldigitaldeasturias.com\/magazine365\/caceres-acoge-una-cena-espectaculo-con-chefs-galardonados-con-soles-repsol-y-estrellas-michelin\/","name":"C\u00e1ceres acoge una cena espect\u00e1culo con chefs galardonados con Soles Repsol y Estrellas Michel\u00edn | El Digital de Asturias","description":"C\u00e1ceres sigue sumando actividades a su t\u00edtulo de Capital Espa\u00f1ola de la Gastronom\u00eda (CEG) y en esta ocasi\u00f3n se trata de una cena espect\u00e1culo con cocina en vivo en la que participar\u00e1n seis chefs de diferentes restaurantes del pa\u00eds, que atesoran entre todos cinco Soles Repsol y tres Estrellas Michel\u00edn, y que estar\u00e1n acompa\u00f1ados de","inLanguage":"es-ES","isPartOf":{"@id":"https:\/\/eldigitaldeasturias.com\/magazine365\/#website"},"breadcrumb":{"@id":"https:\/\/eldigitaldeasturias.com\/magazine365\/caceres-acoge-una-cena-espectaculo-con-chefs-galardonados-con-soles-repsol-y-estrellas-michelin\/#breadcrumblist"},"author":{"@id":"https:\/\/eldigitaldeasturias.com\/magazine365\/author\/admin\/#author"},"creator":{"@id":"https:\/\/eldigitaldeasturias.com\/magazine365\/author\/admin\/#author"},"image":{"@type":"ImageObject","url":"https:\/\/eldigitaldeasturias.com\/magazine365\/wp-content\/uploads\/2015\/06\/fotonoticia_20150603170554_800.jpg","@id":"https:\/\/eldigitaldeasturias.com\/magazine365\/caceres-acoge-una-cena-espectaculo-con-chefs-galardonados-con-soles-repsol-y-estrellas-michelin\/#mainImage","width":800,"height":600},"primaryImageOfPage":{"@id":"https:\/\/eldigitaldeasturias.com\/magazine365\/caceres-acoge-una-cena-espectaculo-con-chefs-galardonados-con-soles-repsol-y-estrellas-michelin\/#mainImage"},"datePublished":"2015-06-05T03:10:57+02:00","dateModified":"2015-06-05T03:10:57+02:00"},{"@type":"WebSite","@id":"https:\/\/eldigitaldeasturias.com\/magazine365\/#website","url":"https:\/\/eldigitaldeasturias.com\/magazine365\/","name":"El Digital de Asturias","description":"Revista de ocio, turismo y estilo de vida","inLanguage":"es-ES","publisher":{"@id":"https:\/\/eldigitaldeasturias.com\/magazine365\/#organization"}}]},"og:locale":"es_ES","og:site_name":"El Digital de Asturias \u2013 Revista de ocio, turismo y estilo de vida","og:type":"article","og:title":"C\u00e1ceres acoge una cena espect\u00e1culo con chefs galardonados con Soles Repsol y Estrellas Michel\u00edn | El Digital de Asturias","og:description":"C\u00e1ceres sigue sumando actividades a su t\u00edtulo de Capital Espa\u00f1ola de la Gastronom\u00eda (CEG) y en esta ocasi\u00f3n se trata de una cena espect\u00e1culo con cocina en vivo en la que participar\u00e1n seis chefs de diferentes restaurantes del pa\u00eds, que atesoran entre todos cinco Soles Repsol y tres Estrellas Michel\u00edn, y que estar\u00e1n acompa\u00f1ados de","og:url":"https:\/\/eldigitaldeasturias.com\/magazine365\/caceres-acoge-una-cena-espectaculo-con-chefs-galardonados-con-soles-repsol-y-estrellas-michelin\/","og:image":"https:\/\/eldigitaldeasturias.com\/magazine365\/wp-content\/uploads\/2015\/06\/fotonoticia_20150603170554_800.jpg","og:image:secure_url":"https:\/\/eldigitaldeasturias.com\/magazine365\/wp-content\/uploads\/2015\/06\/fotonoticia_20150603170554_800.jpg","og:image:width":800,"og:image:height":600,"article:published_time":"2015-06-05T01:40:57+00:00","article:modified_time":"2015-06-05T01:40:57+00:00","twitter:card":"summary_large_image","twitter:title":"C\u00e1ceres acoge una cena espect\u00e1culo con chefs galardonados con Soles Repsol y Estrellas Michel\u00edn | El Digital de Asturias","twitter:description":"C\u00e1ceres sigue sumando actividades a su t\u00edtulo de Capital Espa\u00f1ola de la Gastronom\u00eda (CEG) y en esta ocasi\u00f3n se trata de una cena espect\u00e1culo con cocina en vivo en la que participar\u00e1n seis chefs de diferentes restaurantes del pa\u00eds, que atesoran entre todos cinco Soles Repsol y tres Estrellas Michel\u00edn, y que estar\u00e1n acompa\u00f1ados de","twitter:image":"https:\/\/eldigitaldeasturias.com\/magazine365\/wp-content\/uploads\/2015\/06\/fotonoticia_20150603170554_800.jpg"},"aioseo_meta_data":{"post_id":"38784","title":null,"description":null,"keywords":null,"keyphrases":null,"primary_term":null,"canonical_url":null,"og_title":null,"og_description":null,"og_object_type":"default","og_image_type":"default","og_image_url":null,"og_image_width":null,"og_image_height":null,"og_image_custom_url":null,"og_image_custom_fields":null,"og_video":null,"og_custom_url":null,"og_article_section":null,"og_article_tags":null,"twitter_use_og":false,"twitter_card":"default","twitter_image_type":"default","twitter_image_url":null,"twitter_image_custom_url":null,"twitter_image_custom_fields":null,"twitter_title":null,"twitter_description":null,"schema":{"blockGraphs":[],"customGraphs":[],"default":{"data":{"Article":[],"Course":[],"Dataset":[],"FAQPage":[],"Movie":[],"Person":[],"Product":[],"ProductReview":[],"Car":[],"Recipe":[],"Service":[],"SoftwareApplication":[],"WebPage":[]},"graphName":"","isEnabled":true},"graphs":[],"defaultGraph":"","defaultPostTypeGraph":""},"schema_type":null,"schema_type_options":null,"pillar_content":false,"robots_default":true,"robots_noindex":false,"robots_noarchive":false,"robots_nosnippet":false,"robots_nofollow":false,"robots_noimageindex":false,"robots_noodp":false,"robots_notranslate":false,"robots_max_snippet":null,"robots_max_videopreview":null,"robots_max_imagepreview":"large","priority":null,"frequency":null,"location":null,"local_seo":null,"seo_analyzer_scan_date":"2025-09-19 10:17:10","breadcrumb_settings":null,"limit_modified_date":false,"open_ai":null,"ai":null,"created":"2021-03-09 02:49:44","updated":"2025-09-19 10:17:10"},"aioseo_breadcrumb":"<div class=\"aioseo-breadcrumbs\"><span class=\"aioseo-breadcrumb\">\n\t<a href=\"https:\/\/eldigitaldeasturias.com\/magazine365\" title=\"Home\">Home<\/a>\n<\/span><span class=\"aioseo-breadcrumb-separator\">\u2013<\/span><span class=\"aioseo-breadcrumb\">\n\t<a href=\"https:\/\/eldigitaldeasturias.com\/magazine365\/category\/sabores\/\" title=\"Sabores\">Sabores<\/a>\n<\/span><span class=\"aioseo-breadcrumb-separator\">\u2013<\/span><span class=\"aioseo-breadcrumb\">\n\t<a href=\"https:\/\/eldigitaldeasturias.com\/magazine365\/caceres-acoge-una-cena-espectaculo-con-chefs-galardonados-con-soles-repsol-y-estrellas-michelin\/\" title=\"C\u00e1ceres acoge una cena espect\u00e1culo con chefs galardonados con Soles Repsol y Estrellas Michel\u00edn\">C\u00e1ceres acoge una cena espect\u00e1culo con chefs galardonados con Soles Repsol y Estrellas Michel\u00edn<\/a>\n<\/span><\/div>","aioseo_breadcrumb_json":[{"label":"Home","link":"https:\/\/eldigitaldeasturias.com\/magazine365"},{"label":"Sabores","link":"https:\/\/eldigitaldeasturias.com\/magazine365\/category\/sabores\/"},{"label":"C\u00e1ceres acoge una cena espect\u00e1culo con chefs galardonados con Soles Repsol y Estrellas Michel\u00edn","link":"https:\/\/eldigitaldeasturias.com\/magazine365\/caceres-acoge-una-cena-espectaculo-con-chefs-galardonados-con-soles-repsol-y-estrellas-michelin\/"}],"_links":{"self":[{"href":"https:\/\/eldigitaldeasturias.com\/magazine365\/wp-json\/wp\/v2\/posts\/38784","targetHints":{"allow":["GET"]}}],"collection":[{"href":"https:\/\/eldigitaldeasturias.com\/magazine365\/wp-json\/wp\/v2\/posts"}],"about":[{"href":"https:\/\/eldigitaldeasturias.com\/magazine365\/wp-json\/wp\/v2\/types\/post"}],"author":[{"embeddable":true,"href":"https:\/\/eldigitaldeasturias.com\/magazine365\/wp-json\/wp\/v2\/users\/1"}],"replies":[{"embeddable":true,"href":"https:\/\/eldigitaldeasturias.com\/magazine365\/wp-json\/wp\/v2\/comments?post=38784"}],"version-history":[{"count":0,"href":"https:\/\/eldigitaldeasturias.com\/magazine365\/wp-json\/wp\/v2\/posts\/38784\/revisions"}],"wp:featuredmedia":[{"embeddable":true,"href":"https:\/\/eldigitaldeasturias.com\/magazine365\/wp-json\/wp\/v2\/media\/38785"}],"wp:attachment":[{"href":"https:\/\/eldigitaldeasturias.com\/magazine365\/wp-json\/wp\/v2\/media?parent=38784"}],"wp:term":[{"taxonomy":"category","embeddable":true,"href":"https:\/\/eldigitaldeasturias.com\/magazine365\/wp-json\/wp\/v2\/categories?post=38784"},{"taxonomy":"post_tag","embeddable":true,"href":"https:\/\/eldigitaldeasturias.com\/magazine365\/wp-json\/wp\/v2\/tags?post=38784"}],"curies":[{"name":"wp","href":"https:\/\/api.w.org\/{rel}","templated":true}]}}