{"id":38772,"date":"2015-06-05T03:04:16","date_gmt":"2015-06-05T01:34:16","guid":{"rendered":"http:\/\/eldigitaldeasturias.com\/magazine365\/?p=38772"},"modified":"2015-06-05T03:04:16","modified_gmt":"2015-06-05T01:34:16","slug":"aumentan-hasta-un-5-las-ventas-en-los-principales-mercados-europeos-para-viajar-a-mallorca","status":"publish","type":"post","link":"https:\/\/eldigitaldeasturias.com\/magazine365\/aumentan-hasta-un-5-las-ventas-en-los-principales-mercados-europeos-para-viajar-a-mallorca\/","title":{"rendered":"Aumentan hasta un 5% las ventas en los principales mercados europeos para viajar a Mallorca"},"content":{"rendered":"<p><img fetchpriority=\"high\" decoding=\"async\" class=\"alignleft size-medium wp-image-38773\" src=\"https:\/\/eldigitaldeasturias.com\/magazine365\/wp-content\/uploads\/2015\/06\/mallorca-360x241.jpg\" alt=\"mallorca\" width=\"360\" height=\"241\" srcset=\"https:\/\/eldigitaldeasturias.com\/magazine365\/wp-content\/uploads\/2015\/06\/mallorca-360x241.jpg 360w, https:\/\/eldigitaldeasturias.com\/magazine365\/wp-content\/uploads\/2015\/06\/mallorca-650x435.jpg 650w, https:\/\/eldigitaldeasturias.com\/magazine365\/wp-content\/uploads\/2015\/06\/mallorca-768x514.jpg 768w, https:\/\/eldigitaldeasturias.com\/magazine365\/wp-content\/uploads\/2015\/06\/mallorca-150x100.jpg 150w, https:\/\/eldigitaldeasturias.com\/magazine365\/wp-content\/uploads\/2015\/06\/mallorca-450x301.jpg 450w, https:\/\/eldigitaldeasturias.com\/magazine365\/wp-content\/uploads\/2015\/06\/mallorca-696x465.jpg 696w, https:\/\/eldigitaldeasturias.com\/magazine365\/wp-content\/uploads\/2015\/06\/mallorca-628x420.jpg 628w, https:\/\/eldigitaldeasturias.com\/magazine365\/wp-content\/uploads\/2015\/06\/mallorca-84x55.jpg 84w, https:\/\/eldigitaldeasturias.com\/magazine365\/wp-content\/uploads\/2015\/06\/mallorca.jpg 800w\" sizes=\"(max-width: 360px) 100vw, 360px\" \/>La Federaci\u00f3n Empresarial Hotelera de Mallorca (FEHM) se ha reafirmado en que la temporada 2015 -de mayo a octubre- superar\u00e1 los niveles registrados de visitantes, ingresos y pernoctaciones el a\u00f1o pasado, al presentar un incremento de ventas de entre un 3 y un 5 por ciento en los principales mercados europeos y de hasta el 20 por ciento en relaci\u00f3n con el mercado espa\u00f1ol.<\/p>\n<p>En concreto, la FEHM hace referencia a los datos arrojados por los principales touroperadores alemanes, brit\u00e1nicos y centroeuropeos (TUI, Thomas Cook, JET2, Der Tour, Schauisland y FTI), as\u00ed como a los espa\u00f1oles Soltour, Travelplan y Veci, entre otros, que prev\u00e9n crecimientos que van en consonancia a los datos macroecon\u00f3micos de subida del consumo del mercado espa\u00f1ol.<\/p>\n<p>Del mismo modo, el aeropuerto de Palma ha incrementado un 4,13% el total de llegadas desde enero hasta abril (con un acumulado de 3,8 millones de pasajeros, 154.176 m\u00e1s), lo que supone \u00abla mejor temporada baja de los \u00faltimos diez a\u00f1os\u00bb, teniendo previsto un incremento de plazas ofertadas para la temporada estival del 1 por ciento, lo que suponen 229.770 asientos m\u00e1s, correspondientes a un incremento de las operaciones del 2,8 por ciento.<\/p>\n<p>Seg\u00fan la Federaci\u00f3n, estas cifras podr\u00edan traducirse en un mill\u00f3n de estancias m\u00e1s en relaci\u00f3n a 2014 que ser\u00edan distribuidas entre la oferta reglada y no reglada.<\/p>\n<p>La Autoridad Portuaria, por su parte, ha informado de que el turismo de cruceros alcanzar\u00e1 un r\u00e9cord hist\u00f3rico de llegada de cruceristas, con un total estimado de 1.587.000 (un 18,8 por ciento m\u00e1s que en 2014) a lo largo del a\u00f1o, con 567 escalas en el puerto de Palma, un 19% m\u00e1s que en 2014.<\/p>\n","protected":false},"excerpt":{"rendered":"<p>La Federaci\u00f3n Empresarial Hotelera de Mallorca (FEHM) se ha reafirmado en que la temporada 2015 -de mayo a octubre- superar\u00e1 los niveles registrados de visitantes, ingresos y pernoctaciones el a\u00f1o pasado, al presentar un incremento de ventas de entre un 3 y un 5 por ciento en los principales mercados europeos y de hasta el<\/p>\n","protected":false},"author":1,"featured_media":38773,"comment_status":"open","ping_status":"closed","sticky":false,"template":"","format":"standard","meta":{"footnotes":""},"categories":[222],"tags":[],"class_list":{"0":"post-38772","1":"post","2":"type-post","3":"status-publish","4":"format-standard","5":"has-post-thumbnail","7":"category-actualidad-turismo"},"aioseo_notices":[],"aioseo_head":"\n\t\t<!-- All in One SEO Pro 4.9.6.1 - aioseo.com -->\n\t<meta name=\"description\" content=\"La Federaci\u00f3n Empresarial Hotelera de Mallorca (FEHM) se ha reafirmado en que la temporada 2015 -de mayo a octubre- superar\u00e1 los niveles registrados de visitantes, ingresos y pernoctaciones el a\u00f1o pasado, al presentar un incremento de ventas de entre un 3 y un 5 por ciento en los principales mercados europeos y de hasta el\" \/>\n\t<meta name=\"robots\" content=\"max-image-preview:large\" \/>\n\t<meta name=\"author\" content=\"admin\"\/>\n\t<meta name=\"google-site-verification\" content=\"UA-38556648-1\" \/>\n\t<meta name=\"keywords\" content=\"actualidad turismo\" \/>\n\t<link rel=\"canonical\" href=\"https:\/\/eldigitaldeasturias.com\/magazine365\/aumentan-hasta-un-5-las-ventas-en-los-principales-mercados-europeos-para-viajar-a-mallorca\/\" \/>\n\t<meta name=\"generator\" content=\"All in One SEO Pro (AIOSEO) 4.9.6.1\" \/>\n\t\t<meta property=\"og:locale\" content=\"es_ES\" \/>\n\t\t<meta property=\"og:site_name\" content=\"El Digital de Asturias \u2013 Revista de ocio, turismo y estilo de vida\" \/>\n\t\t<meta property=\"og:type\" content=\"article\" \/>\n\t\t<meta property=\"og:title\" content=\"Aumentan hasta un 5% las ventas en los principales mercados europeos para viajar a Mallorca | El Digital de Asturias\" \/>\n\t\t<meta property=\"og:description\" content=\"La Federaci\u00f3n Empresarial Hotelera de Mallorca (FEHM) se ha reafirmado en que la temporada 2015 -de mayo a octubre- superar\u00e1 los niveles registrados de visitantes, ingresos y pernoctaciones el a\u00f1o pasado, al presentar un incremento de ventas de entre un 3 y un 5 por ciento en los principales mercados europeos y de hasta el\" \/>\n\t\t<meta property=\"og:url\" content=\"https:\/\/eldigitaldeasturias.com\/magazine365\/aumentan-hasta-un-5-las-ventas-en-los-principales-mercados-europeos-para-viajar-a-mallorca\/\" \/>\n\t\t<meta property=\"og:image\" content=\"https:\/\/eldigitaldeasturias.com\/magazine365\/wp-content\/uploads\/2015\/06\/mallorca.jpg\" \/>\n\t\t<meta property=\"og:image:secure_url\" content=\"https:\/\/eldigitaldeasturias.com\/magazine365\/wp-content\/uploads\/2015\/06\/mallorca.jpg\" \/>\n\t\t<meta property=\"og:image:width\" content=\"800\" \/>\n\t\t<meta property=\"og:image:height\" content=\"535\" \/>\n\t\t<meta property=\"article:published_time\" content=\"2015-06-05T01:34:16+00:00\" \/>\n\t\t<meta property=\"article:modified_time\" content=\"2015-06-05T01:34:16+00:00\" \/>\n\t\t<meta name=\"twitter:card\" content=\"summary_large_image\" \/>\n\t\t<meta name=\"twitter:title\" content=\"Aumentan hasta un 5% las ventas en los principales mercados europeos para viajar a Mallorca | El Digital de Asturias\" \/>\n\t\t<meta name=\"twitter:description\" content=\"La Federaci\u00f3n Empresarial Hotelera de Mallorca (FEHM) se ha reafirmado en que la temporada 2015 -de mayo a octubre- superar\u00e1 los niveles registrados de visitantes, ingresos y pernoctaciones el a\u00f1o pasado, al presentar un incremento de ventas de entre un 3 y un 5 por ciento en los principales mercados europeos y de hasta el\" \/>\n\t\t<meta name=\"twitter:image\" content=\"https:\/\/eldigitaldeasturias.com\/magazine365\/wp-content\/uploads\/2015\/06\/mallorca.jpg\" \/>\n\t\t<script type=\"application\/ld+json\" class=\"aioseo-schema\">\n\t\t\t{\"@context\":\"https:\\\/\\\/schema.org\",\"@graph\":[{\"@type\":\"Article\",\"@id\":\"https:\\\/\\\/eldigitaldeasturias.com\\\/magazine365\\\/aumentan-hasta-un-5-las-ventas-en-los-principales-mercados-europeos-para-viajar-a-mallorca\\\/#article\",\"name\":\"Aumentan hasta un 5% las ventas en los principales mercados europeos para viajar a Mallorca | El Digital de Asturias\",\"headline\":\"Aumentan hasta un 5% las ventas en los principales mercados europeos para viajar a Mallorca\",\"author\":{\"@id\":\"https:\\\/\\\/eldigitaldeasturias.com\\\/magazine365\\\/author\\\/admin\\\/#author\"},\"publisher\":{\"@id\":\"https:\\\/\\\/eldigitaldeasturias.com\\\/magazine365\\\/#organization\"},\"image\":{\"@type\":\"ImageObject\",\"url\":\"https:\\\/\\\/eldigitaldeasturias.com\\\/magazine365\\\/wp-content\\\/uploads\\\/2015\\\/06\\\/mallorca.jpg\",\"width\":800,\"height\":535},\"datePublished\":\"2015-06-05T03:04:16+02:00\",\"dateModified\":\"2015-06-05T03:04:16+02:00\",\"inLanguage\":\"es-ES\",\"mainEntityOfPage\":{\"@id\":\"https:\\\/\\\/eldigitaldeasturias.com\\\/magazine365\\\/aumentan-hasta-un-5-las-ventas-en-los-principales-mercados-europeos-para-viajar-a-mallorca\\\/#webpage\"},\"isPartOf\":{\"@id\":\"https:\\\/\\\/eldigitaldeasturias.com\\\/magazine365\\\/aumentan-hasta-un-5-las-ventas-en-los-principales-mercados-europeos-para-viajar-a-mallorca\\\/#webpage\"},\"articleSection\":\"Actualidad Turismo\"},{\"@type\":\"BreadcrumbList\",\"@id\":\"https:\\\/\\\/eldigitaldeasturias.com\\\/magazine365\\\/aumentan-hasta-un-5-las-ventas-en-los-principales-mercados-europeos-para-viajar-a-mallorca\\\/#breadcrumblist\",\"itemListElement\":[{\"@type\":\"ListItem\",\"@id\":\"https:\\\/\\\/eldigitaldeasturias.com\\\/magazine365#listItem\",\"position\":1,\"name\":\"Home\",\"item\":\"https:\\\/\\\/eldigitaldeasturias.com\\\/magazine365\",\"nextItem\":{\"@type\":\"ListItem\",\"@id\":\"https:\\\/\\\/eldigitaldeasturias.com\\\/magazine365\\\/category\\\/actualidad-turismo\\\/#listItem\",\"name\":\"Actualidad Turismo\"}},{\"@type\":\"ListItem\",\"@id\":\"https:\\\/\\\/eldigitaldeasturias.com\\\/magazine365\\\/category\\\/actualidad-turismo\\\/#listItem\",\"position\":2,\"name\":\"Actualidad Turismo\",\"item\":\"https:\\\/\\\/eldigitaldeasturias.com\\\/magazine365\\\/category\\\/actualidad-turismo\\\/\",\"nextItem\":{\"@type\":\"ListItem\",\"@id\":\"https:\\\/\\\/eldigitaldeasturias.com\\\/magazine365\\\/aumentan-hasta-un-5-las-ventas-en-los-principales-mercados-europeos-para-viajar-a-mallorca\\\/#listItem\",\"name\":\"Aumentan hasta un 5% las ventas en los principales mercados europeos para viajar a Mallorca\"},\"previousItem\":{\"@type\":\"ListItem\",\"@id\":\"https:\\\/\\\/eldigitaldeasturias.com\\\/magazine365#listItem\",\"name\":\"Home\"}},{\"@type\":\"ListItem\",\"@id\":\"https:\\\/\\\/eldigitaldeasturias.com\\\/magazine365\\\/aumentan-hasta-un-5-las-ventas-en-los-principales-mercados-europeos-para-viajar-a-mallorca\\\/#listItem\",\"position\":3,\"name\":\"Aumentan hasta un 5% las ventas en los principales mercados europeos para viajar a Mallorca\",\"previousItem\":{\"@type\":\"ListItem\",\"@id\":\"https:\\\/\\\/eldigitaldeasturias.com\\\/magazine365\\\/category\\\/actualidad-turismo\\\/#listItem\",\"name\":\"Actualidad Turismo\"}}]},{\"@type\":\"Organization\",\"@id\":\"https:\\\/\\\/eldigitaldeasturias.com\\\/magazine365\\\/#organization\",\"name\":\"El digital de Asturias\",\"description\":\"Revista de ocio, turismo y estilo de vida\",\"url\":\"https:\\\/\\\/eldigitaldeasturias.com\\\/magazine365\\\/\",\"logo\":{\"@type\":\"ImageObject\",\"url\":\"https:\\\/\\\/www.eldigitaldeasturias.com\\\/noticias\\\/wp-content\\\/uploads\\\/2020\\\/12\\\/EDA.jpg\",\"@id\":\"https:\\\/\\\/eldigitaldeasturias.com\\\/magazine365\\\/aumentan-hasta-un-5-las-ventas-en-los-principales-mercados-europeos-para-viajar-a-mallorca\\\/#organizationLogo\"},\"image\":{\"@id\":\"https:\\\/\\\/eldigitaldeasturias.com\\\/magazine365\\\/aumentan-hasta-un-5-las-ventas-en-los-principales-mercados-europeos-para-viajar-a-mallorca\\\/#organizationLogo\"}},{\"@type\":\"Person\",\"@id\":\"https:\\\/\\\/eldigitaldeasturias.com\\\/magazine365\\\/author\\\/admin\\\/#author\",\"url\":\"https:\\\/\\\/eldigitaldeasturias.com\\\/magazine365\\\/author\\\/admin\\\/\",\"name\":\"admin\",\"image\":{\"@type\":\"ImageObject\",\"@id\":\"https:\\\/\\\/eldigitaldeasturias.com\\\/magazine365\\\/aumentan-hasta-un-5-las-ventas-en-los-principales-mercados-europeos-para-viajar-a-mallorca\\\/#authorImage\",\"url\":\"https:\\\/\\\/eldigitaldeasturias.com\\\/magazine365\\\/wp-content\\\/litespeed\\\/avatar\\\/e571bcf59a0edd6fa6838245a470f2fe.jpg?ver=1776969259\",\"width\":96,\"height\":96,\"caption\":\"admin\"}},{\"@type\":\"WebPage\",\"@id\":\"https:\\\/\\\/eldigitaldeasturias.com\\\/magazine365\\\/aumentan-hasta-un-5-las-ventas-en-los-principales-mercados-europeos-para-viajar-a-mallorca\\\/#webpage\",\"url\":\"https:\\\/\\\/eldigitaldeasturias.com\\\/magazine365\\\/aumentan-hasta-un-5-las-ventas-en-los-principales-mercados-europeos-para-viajar-a-mallorca\\\/\",\"name\":\"Aumentan hasta un 5% las ventas en los principales mercados europeos para viajar a Mallorca | El Digital de Asturias\",\"description\":\"La Federaci\\u00f3n Empresarial Hotelera de Mallorca (FEHM) se ha reafirmado en que la temporada 2015 -de mayo a octubre- superar\\u00e1 los niveles registrados de visitantes, ingresos y pernoctaciones el a\\u00f1o pasado, al presentar un incremento de ventas de entre un 3 y un 5 por ciento en los principales mercados europeos y de hasta el\",\"inLanguage\":\"es-ES\",\"isPartOf\":{\"@id\":\"https:\\\/\\\/eldigitaldeasturias.com\\\/magazine365\\\/#website\"},\"breadcrumb\":{\"@id\":\"https:\\\/\\\/eldigitaldeasturias.com\\\/magazine365\\\/aumentan-hasta-un-5-las-ventas-en-los-principales-mercados-europeos-para-viajar-a-mallorca\\\/#breadcrumblist\"},\"author\":{\"@id\":\"https:\\\/\\\/eldigitaldeasturias.com\\\/magazine365\\\/author\\\/admin\\\/#author\"},\"creator\":{\"@id\":\"https:\\\/\\\/eldigitaldeasturias.com\\\/magazine365\\\/author\\\/admin\\\/#author\"},\"image\":{\"@type\":\"ImageObject\",\"url\":\"https:\\\/\\\/eldigitaldeasturias.com\\\/magazine365\\\/wp-content\\\/uploads\\\/2015\\\/06\\\/mallorca.jpg\",\"@id\":\"https:\\\/\\\/eldigitaldeasturias.com\\\/magazine365\\\/aumentan-hasta-un-5-las-ventas-en-los-principales-mercados-europeos-para-viajar-a-mallorca\\\/#mainImage\",\"width\":800,\"height\":535},\"primaryImageOfPage\":{\"@id\":\"https:\\\/\\\/eldigitaldeasturias.com\\\/magazine365\\\/aumentan-hasta-un-5-las-ventas-en-los-principales-mercados-europeos-para-viajar-a-mallorca\\\/#mainImage\"},\"datePublished\":\"2015-06-05T03:04:16+02:00\",\"dateModified\":\"2015-06-05T03:04:16+02:00\"},{\"@type\":\"WebSite\",\"@id\":\"https:\\\/\\\/eldigitaldeasturias.com\\\/magazine365\\\/#website\",\"url\":\"https:\\\/\\\/eldigitaldeasturias.com\\\/magazine365\\\/\",\"name\":\"El Digital de Asturias\",\"description\":\"Revista de ocio, turismo y estilo de vida\",\"inLanguage\":\"es-ES\",\"publisher\":{\"@id\":\"https:\\\/\\\/eldigitaldeasturias.com\\\/magazine365\\\/#organization\"}}]}\n\t\t<\/script>\n\t\t<!-- All in One SEO Pro -->\r\n\t\t<title>Aumentan hasta un 5% las ventas en los principales mercados europeos para viajar a Mallorca | El Digital de Asturias<\/title>\n\n","aioseo_head_json":{"title":"Aumentan hasta un 5% las ventas en los principales mercados europeos para viajar a Mallorca | El Digital de Asturias","description":"La Federaci\u00f3n Empresarial Hotelera de Mallorca (FEHM) se ha reafirmado en que la temporada 2015 -de mayo a octubre- superar\u00e1 los niveles registrados de visitantes, ingresos y pernoctaciones el a\u00f1o pasado, al presentar un incremento de ventas de entre un 3 y un 5 por ciento en los principales mercados europeos y de hasta el","canonical_url":"https:\/\/eldigitaldeasturias.com\/magazine365\/aumentan-hasta-un-5-las-ventas-en-los-principales-mercados-europeos-para-viajar-a-mallorca\/","robots":"max-image-preview:large","keywords":"actualidad turismo","webmasterTools":{"google-site-verification":"UA-38556648-1","miscellaneous":""},"schema":{"@context":"https:\/\/schema.org","@graph":[{"@type":"Article","@id":"https:\/\/eldigitaldeasturias.com\/magazine365\/aumentan-hasta-un-5-las-ventas-en-los-principales-mercados-europeos-para-viajar-a-mallorca\/#article","name":"Aumentan hasta un 5% las ventas en los principales mercados europeos para viajar a Mallorca | El Digital de Asturias","headline":"Aumentan hasta un 5% las ventas en los principales mercados europeos para viajar a Mallorca","author":{"@id":"https:\/\/eldigitaldeasturias.com\/magazine365\/author\/admin\/#author"},"publisher":{"@id":"https:\/\/eldigitaldeasturias.com\/magazine365\/#organization"},"image":{"@type":"ImageObject","url":"https:\/\/eldigitaldeasturias.com\/magazine365\/wp-content\/uploads\/2015\/06\/mallorca.jpg","width":800,"height":535},"datePublished":"2015-06-05T03:04:16+02:00","dateModified":"2015-06-05T03:04:16+02:00","inLanguage":"es-ES","mainEntityOfPage":{"@id":"https:\/\/eldigitaldeasturias.com\/magazine365\/aumentan-hasta-un-5-las-ventas-en-los-principales-mercados-europeos-para-viajar-a-mallorca\/#webpage"},"isPartOf":{"@id":"https:\/\/eldigitaldeasturias.com\/magazine365\/aumentan-hasta-un-5-las-ventas-en-los-principales-mercados-europeos-para-viajar-a-mallorca\/#webpage"},"articleSection":"Actualidad Turismo"},{"@type":"BreadcrumbList","@id":"https:\/\/eldigitaldeasturias.com\/magazine365\/aumentan-hasta-un-5-las-ventas-en-los-principales-mercados-europeos-para-viajar-a-mallorca\/#breadcrumblist","itemListElement":[{"@type":"ListItem","@id":"https:\/\/eldigitaldeasturias.com\/magazine365#listItem","position":1,"name":"Home","item":"https:\/\/eldigitaldeasturias.com\/magazine365","nextItem":{"@type":"ListItem","@id":"https:\/\/eldigitaldeasturias.com\/magazine365\/category\/actualidad-turismo\/#listItem","name":"Actualidad Turismo"}},{"@type":"ListItem","@id":"https:\/\/eldigitaldeasturias.com\/magazine365\/category\/actualidad-turismo\/#listItem","position":2,"name":"Actualidad Turismo","item":"https:\/\/eldigitaldeasturias.com\/magazine365\/category\/actualidad-turismo\/","nextItem":{"@type":"ListItem","@id":"https:\/\/eldigitaldeasturias.com\/magazine365\/aumentan-hasta-un-5-las-ventas-en-los-principales-mercados-europeos-para-viajar-a-mallorca\/#listItem","name":"Aumentan hasta un 5% las ventas en los principales mercados europeos para viajar a Mallorca"},"previousItem":{"@type":"ListItem","@id":"https:\/\/eldigitaldeasturias.com\/magazine365#listItem","name":"Home"}},{"@type":"ListItem","@id":"https:\/\/eldigitaldeasturias.com\/magazine365\/aumentan-hasta-un-5-las-ventas-en-los-principales-mercados-europeos-para-viajar-a-mallorca\/#listItem","position":3,"name":"Aumentan hasta un 5% las ventas en los principales mercados europeos para viajar a Mallorca","previousItem":{"@type":"ListItem","@id":"https:\/\/eldigitaldeasturias.com\/magazine365\/category\/actualidad-turismo\/#listItem","name":"Actualidad Turismo"}}]},{"@type":"Organization","@id":"https:\/\/eldigitaldeasturias.com\/magazine365\/#organization","name":"El digital de Asturias","description":"Revista de ocio, turismo y estilo de vida","url":"https:\/\/eldigitaldeasturias.com\/magazine365\/","logo":{"@type":"ImageObject","url":"https:\/\/www.eldigitaldeasturias.com\/noticias\/wp-content\/uploads\/2020\/12\/EDA.jpg","@id":"https:\/\/eldigitaldeasturias.com\/magazine365\/aumentan-hasta-un-5-las-ventas-en-los-principales-mercados-europeos-para-viajar-a-mallorca\/#organizationLogo"},"image":{"@id":"https:\/\/eldigitaldeasturias.com\/magazine365\/aumentan-hasta-un-5-las-ventas-en-los-principales-mercados-europeos-para-viajar-a-mallorca\/#organizationLogo"}},{"@type":"Person","@id":"https:\/\/eldigitaldeasturias.com\/magazine365\/author\/admin\/#author","url":"https:\/\/eldigitaldeasturias.com\/magazine365\/author\/admin\/","name":"admin","image":{"@type":"ImageObject","@id":"https:\/\/eldigitaldeasturias.com\/magazine365\/aumentan-hasta-un-5-las-ventas-en-los-principales-mercados-europeos-para-viajar-a-mallorca\/#authorImage","url":"https:\/\/eldigitaldeasturias.com\/magazine365\/wp-content\/litespeed\/avatar\/e571bcf59a0edd6fa6838245a470f2fe.jpg?ver=1776969259","width":96,"height":96,"caption":"admin"}},{"@type":"WebPage","@id":"https:\/\/eldigitaldeasturias.com\/magazine365\/aumentan-hasta-un-5-las-ventas-en-los-principales-mercados-europeos-para-viajar-a-mallorca\/#webpage","url":"https:\/\/eldigitaldeasturias.com\/magazine365\/aumentan-hasta-un-5-las-ventas-en-los-principales-mercados-europeos-para-viajar-a-mallorca\/","name":"Aumentan hasta un 5% las ventas en los principales mercados europeos para viajar a Mallorca | El Digital de Asturias","description":"La Federaci\u00f3n Empresarial Hotelera de Mallorca (FEHM) se ha reafirmado en que la temporada 2015 -de mayo a octubre- superar\u00e1 los niveles registrados de visitantes, ingresos y pernoctaciones el a\u00f1o pasado, al presentar un incremento de ventas de entre un 3 y un 5 por ciento en los principales mercados europeos y de hasta el","inLanguage":"es-ES","isPartOf":{"@id":"https:\/\/eldigitaldeasturias.com\/magazine365\/#website"},"breadcrumb":{"@id":"https:\/\/eldigitaldeasturias.com\/magazine365\/aumentan-hasta-un-5-las-ventas-en-los-principales-mercados-europeos-para-viajar-a-mallorca\/#breadcrumblist"},"author":{"@id":"https:\/\/eldigitaldeasturias.com\/magazine365\/author\/admin\/#author"},"creator":{"@id":"https:\/\/eldigitaldeasturias.com\/magazine365\/author\/admin\/#author"},"image":{"@type":"ImageObject","url":"https:\/\/eldigitaldeasturias.com\/magazine365\/wp-content\/uploads\/2015\/06\/mallorca.jpg","@id":"https:\/\/eldigitaldeasturias.com\/magazine365\/aumentan-hasta-un-5-las-ventas-en-los-principales-mercados-europeos-para-viajar-a-mallorca\/#mainImage","width":800,"height":535},"primaryImageOfPage":{"@id":"https:\/\/eldigitaldeasturias.com\/magazine365\/aumentan-hasta-un-5-las-ventas-en-los-principales-mercados-europeos-para-viajar-a-mallorca\/#mainImage"},"datePublished":"2015-06-05T03:04:16+02:00","dateModified":"2015-06-05T03:04:16+02:00"},{"@type":"WebSite","@id":"https:\/\/eldigitaldeasturias.com\/magazine365\/#website","url":"https:\/\/eldigitaldeasturias.com\/magazine365\/","name":"El Digital de Asturias","description":"Revista de ocio, turismo y estilo de vida","inLanguage":"es-ES","publisher":{"@id":"https:\/\/eldigitaldeasturias.com\/magazine365\/#organization"}}]},"og:locale":"es_ES","og:site_name":"El Digital de Asturias \u2013 Revista de ocio, turismo y estilo de vida","og:type":"article","og:title":"Aumentan hasta un 5% las ventas en los principales mercados europeos para viajar a Mallorca | El Digital de Asturias","og:description":"La Federaci\u00f3n Empresarial Hotelera de Mallorca (FEHM) se ha reafirmado en que la temporada 2015 -de mayo a octubre- superar\u00e1 los niveles registrados de visitantes, ingresos y pernoctaciones el a\u00f1o pasado, al presentar un incremento de ventas de entre un 3 y un 5 por ciento en los principales mercados europeos y de hasta el","og:url":"https:\/\/eldigitaldeasturias.com\/magazine365\/aumentan-hasta-un-5-las-ventas-en-los-principales-mercados-europeos-para-viajar-a-mallorca\/","og:image":"https:\/\/eldigitaldeasturias.com\/magazine365\/wp-content\/uploads\/2015\/06\/mallorca.jpg","og:image:secure_url":"https:\/\/eldigitaldeasturias.com\/magazine365\/wp-content\/uploads\/2015\/06\/mallorca.jpg","og:image:width":800,"og:image:height":535,"article:published_time":"2015-06-05T01:34:16+00:00","article:modified_time":"2015-06-05T01:34:16+00:00","twitter:card":"summary_large_image","twitter:title":"Aumentan hasta un 5% las ventas en los principales mercados europeos para viajar a Mallorca | El Digital de Asturias","twitter:description":"La Federaci\u00f3n Empresarial Hotelera de Mallorca (FEHM) se ha reafirmado en que la temporada 2015 -de mayo a octubre- superar\u00e1 los niveles registrados de visitantes, ingresos y pernoctaciones el a\u00f1o pasado, al presentar un incremento de ventas de entre un 3 y un 5 por ciento en los principales mercados europeos y de hasta el","twitter:image":"https:\/\/eldigitaldeasturias.com\/magazine365\/wp-content\/uploads\/2015\/06\/mallorca.jpg"},"aioseo_meta_data":{"post_id":"38772","title":null,"description":null,"keywords":null,"keyphrases":null,"primary_term":null,"canonical_url":null,"og_title":null,"og_description":null,"og_object_type":"default","og_image_type":"default","og_image_url":null,"og_image_width":null,"og_image_height":null,"og_image_custom_url":null,"og_image_custom_fields":null,"og_video":null,"og_custom_url":null,"og_article_section":null,"og_article_tags":null,"twitter_use_og":false,"twitter_card":"default","twitter_image_type":"default","twitter_image_url":null,"twitter_image_custom_url":null,"twitter_image_custom_fields":null,"twitter_title":null,"twitter_description":null,"schema":{"blockGraphs":[],"customGraphs":[],"default":{"data":{"Article":[],"Course":[],"Dataset":[],"FAQPage":[],"Movie":[],"Person":[],"Product":[],"ProductReview":[],"Car":[],"Recipe":[],"Service":[],"SoftwareApplication":[],"WebPage":[]},"graphName":"","isEnabled":true},"graphs":[],"defaultGraph":"","defaultPostTypeGraph":""},"schema_type":null,"schema_type_options":null,"pillar_content":false,"robots_default":true,"robots_noindex":false,"robots_noarchive":false,"robots_nosnippet":false,"robots_nofollow":false,"robots_noimageindex":false,"robots_noodp":false,"robots_notranslate":false,"robots_max_snippet":null,"robots_max_videopreview":null,"robots_max_imagepreview":"large","priority":null,"frequency":null,"location":null,"local_seo":null,"seo_analyzer_scan_date":"2025-09-19 10:15:14","breadcrumb_settings":null,"limit_modified_date":false,"open_ai":null,"ai":null,"created":"2021-03-09 02:49:44","updated":"2025-09-19 10:15:14"},"aioseo_breadcrumb":"<div class=\"aioseo-breadcrumbs\"><span class=\"aioseo-breadcrumb\">\n\t<a href=\"https:\/\/eldigitaldeasturias.com\/magazine365\" title=\"Home\">Home<\/a>\n<\/span><span class=\"aioseo-breadcrumb-separator\">\u2013<\/span><span class=\"aioseo-breadcrumb\">\n\t<a href=\"https:\/\/eldigitaldeasturias.com\/magazine365\/category\/actualidad-turismo\/\" title=\"Actualidad Turismo\">Actualidad Turismo<\/a>\n<\/span><span class=\"aioseo-breadcrumb-separator\">\u2013<\/span><span class=\"aioseo-breadcrumb\">\n\t<a href=\"https:\/\/eldigitaldeasturias.com\/magazine365\/aumentan-hasta-un-5-las-ventas-en-los-principales-mercados-europeos-para-viajar-a-mallorca\/\" title=\"Aumentan hasta un 5% las ventas en los principales mercados europeos para viajar a Mallorca\">Aumentan hasta un 5% las ventas en los principales mercados europeos para viajar a Mallorca<\/a>\n<\/span><\/div>","aioseo_breadcrumb_json":[{"label":"Home","link":"https:\/\/eldigitaldeasturias.com\/magazine365"},{"label":"Actualidad Turismo","link":"https:\/\/eldigitaldeasturias.com\/magazine365\/category\/actualidad-turismo\/"},{"label":"Aumentan hasta un 5% las ventas en los principales mercados europeos para viajar a Mallorca","link":"https:\/\/eldigitaldeasturias.com\/magazine365\/aumentan-hasta-un-5-las-ventas-en-los-principales-mercados-europeos-para-viajar-a-mallorca\/"}],"_links":{"self":[{"href":"https:\/\/eldigitaldeasturias.com\/magazine365\/wp-json\/wp\/v2\/posts\/38772","targetHints":{"allow":["GET"]}}],"collection":[{"href":"https:\/\/eldigitaldeasturias.com\/magazine365\/wp-json\/wp\/v2\/posts"}],"about":[{"href":"https:\/\/eldigitaldeasturias.com\/magazine365\/wp-json\/wp\/v2\/types\/post"}],"author":[{"embeddable":true,"href":"https:\/\/eldigitaldeasturias.com\/magazine365\/wp-json\/wp\/v2\/users\/1"}],"replies":[{"embeddable":true,"href":"https:\/\/eldigitaldeasturias.com\/magazine365\/wp-json\/wp\/v2\/comments?post=38772"}],"version-history":[{"count":0,"href":"https:\/\/eldigitaldeasturias.com\/magazine365\/wp-json\/wp\/v2\/posts\/38772\/revisions"}],"wp:featuredmedia":[{"embeddable":true,"href":"https:\/\/eldigitaldeasturias.com\/magazine365\/wp-json\/wp\/v2\/media\/38773"}],"wp:attachment":[{"href":"https:\/\/eldigitaldeasturias.com\/magazine365\/wp-json\/wp\/v2\/media?parent=38772"}],"wp:term":[{"taxonomy":"category","embeddable":true,"href":"https:\/\/eldigitaldeasturias.com\/magazine365\/wp-json\/wp\/v2\/categories?post=38772"},{"taxonomy":"post_tag","embeddable":true,"href":"https:\/\/eldigitaldeasturias.com\/magazine365\/wp-json\/wp\/v2\/tags?post=38772"}],"curies":[{"name":"wp","href":"https:\/\/api.w.org\/{rel}","templated":true}]}}