{"id":38756,"date":"2015-06-05T02:56:41","date_gmt":"2015-06-05T01:26:41","guid":{"rendered":"http:\/\/eldigitaldeasturias.com\/magazine365\/?p=38756"},"modified":"2015-06-05T02:56:41","modified_gmt":"2015-06-05T01:26:41","slug":"vargas-asegura-que-las-calificaciones-crediticias-confirman-la-solidez-de-los-resultados-de-aena","status":"publish","type":"post","link":"https:\/\/eldigitaldeasturias.com\/magazine365\/vargas-asegura-que-las-calificaciones-crediticias-confirman-la-solidez-de-los-resultados-de-aena\/","title":{"rendered":"Vargas asegura que las calificaciones crediticias confirman la solidez de los resultados de Aena"},"content":{"rendered":"<p><img fetchpriority=\"high\" decoding=\"async\" class=\"alignleft size-medium wp-image-38757\" src=\"https:\/\/eldigitaldeasturias.com\/magazine365\/wp-content\/uploads\/2015\/06\/fotonoticia_20150603151910_800-360x266.jpg\" alt=\"fotonoticia_20150603151910_800\" width=\"360\" height=\"266\" srcset=\"https:\/\/eldigitaldeasturias.com\/magazine365\/wp-content\/uploads\/2015\/06\/fotonoticia_20150603151910_800-360x266.jpg 360w, https:\/\/eldigitaldeasturias.com\/magazine365\/wp-content\/uploads\/2015\/06\/fotonoticia_20150603151910_800-650x480.jpg 650w, https:\/\/eldigitaldeasturias.com\/magazine365\/wp-content\/uploads\/2015\/06\/fotonoticia_20150603151910_800-768x567.jpg 768w, https:\/\/eldigitaldeasturias.com\/magazine365\/wp-content\/uploads\/2015\/06\/fotonoticia_20150603151910_800-150x111.jpg 150w, https:\/\/eldigitaldeasturias.com\/magazine365\/wp-content\/uploads\/2015\/06\/fotonoticia_20150603151910_800-450x332.jpg 450w, https:\/\/eldigitaldeasturias.com\/magazine365\/wp-content\/uploads\/2015\/06\/fotonoticia_20150603151910_800-80x60.jpg 80w, https:\/\/eldigitaldeasturias.com\/magazine365\/wp-content\/uploads\/2015\/06\/fotonoticia_20150603151910_800-696x514.jpg 696w, https:\/\/eldigitaldeasturias.com\/magazine365\/wp-content\/uploads\/2015\/06\/fotonoticia_20150603151910_800-569x420.jpg 569w, https:\/\/eldigitaldeasturias.com\/magazine365\/wp-content\/uploads\/2015\/06\/fotonoticia_20150603151910_800-338x250.jpg 338w, https:\/\/eldigitaldeasturias.com\/magazine365\/wp-content\/uploads\/2015\/06\/fotonoticia_20150603151910_800-90x67.jpg 90w, https:\/\/eldigitaldeasturias.com\/magazine365\/wp-content\/uploads\/2015\/06\/fotonoticia_20150603151910_800-100x75.jpg 100w, https:\/\/eldigitaldeasturias.com\/magazine365\/wp-content\/uploads\/2015\/06\/fotonoticia_20150603151910_800.jpg 800w\" sizes=\"(max-width: 360px) 100vw, 360px\" \/>El presidente de Aena, Jos\u00e9 Manuel Vargas, ha afirmado este mi\u00e9rcoles ante los accionistas de la compa\u00f1\u00eda reunidos en Madrid con motivo de la primera junta general que las calificaciones crediticias de Moody&#8217;s y Fitch confirman la solidez de los resultados de Aena.<\/p>\n<p>Dos de las agencias de calificaci\u00f3n de mayor prestigio internacional comunicaron ayer a la CNMV la solvencia y calidad crediticia de Aena.<\/p>\n<p>En este contexto Vargas explico que uno de los objetivos que se marc\u00f3 la compa\u00f1\u00eda en su salida a Bolsa fue que la compa\u00f1\u00eda obtuviese rating Investment Grade y a\u00f1adi\u00f3 que ese objetivo se ha cumplido \u00abampliamente\u00bb.<\/p>\n<p>La agencia Moody&#8217;s ha otorgado una calificaci\u00f3n crediticia de &#8216;Baa1&#8217; con perspectiva estable, incluso un escal\u00f3n por encima de la actual calificaci\u00f3n asignada por esta agencia a Espa\u00f1a.<\/p>\n<p>A su vez la calificaci\u00f3n otorgada por Aena por Fitch tambi\u00e9n es muy positiva con una calificaci\u00f3n &#8216;BBB+&#8217;, en l\u00ednea con la otorgada por esta agencia en la actualidad a Espa\u00f1a.<\/p>\n<p>\u00abEn el resultado de la positiva evaluaci\u00f3n realizada por ambas agencias ha sido determinante la excelente posici\u00f3n de Aena como operador aeroportuario, la alta proporci\u00f3n de tr\u00e1fico internacional, la calidad de las infraestructuras aeroportuarias y las m\u00ednimas necesidades de inversi\u00f3n. \u00bb explic\u00f3 Vargas.<\/p>\n<p>Por ello reiter\u00f3 que estas calificaciones confirman la solidez de resultados de la compa\u00f1\u00eda, dan confort al mercado sobre los actuales niveles de endeudamiento y ponen de manifiesto la destacable capacidad de generaci\u00f3n de caja del gestor.<\/p>\n","protected":false},"excerpt":{"rendered":"<p>El presidente de Aena, Jos\u00e9 Manuel Vargas, ha afirmado este mi\u00e9rcoles ante los accionistas de la compa\u00f1\u00eda reunidos en Madrid con motivo de la primera junta general que las calificaciones crediticias de Moody&#8217;s y Fitch confirman la solidez de los resultados de Aena. Dos de las agencias de calificaci\u00f3n de mayor prestigio internacional comunicaron ayer<\/p>\n","protected":false},"author":1,"featured_media":38757,"comment_status":"open","ping_status":"closed","sticky":false,"template":"","format":"standard","meta":{"footnotes":""},"categories":[224],"tags":[],"class_list":{"0":"post-38756","1":"post","2":"type-post","3":"status-publish","4":"format-standard","5":"has-post-thumbnail","7":"category-noticias-actualidad"},"aioseo_notices":[],"aioseo_head":"\n\t\t<!-- All in One SEO Pro 4.9.6.1 - aioseo.com -->\n\t<meta name=\"description\" content=\"El presidente de Aena, Jos\u00e9 Manuel Vargas, ha afirmado este mi\u00e9rcoles ante los accionistas de la compa\u00f1\u00eda reunidos en Madrid con motivo de la primera junta general que las calificaciones crediticias de Moody&#039;s y Fitch confirman la solidez de los resultados de Aena. Dos de las agencias de calificaci\u00f3n de mayor prestigio internacional comunicaron ayer\" \/>\n\t<meta name=\"robots\" content=\"max-image-preview:large\" \/>\n\t<meta name=\"author\" content=\"admin\"\/>\n\t<meta name=\"google-site-verification\" content=\"UA-38556648-1\" \/>\n\t<meta name=\"keywords\" content=\"noticias y actualidad\" \/>\n\t<link rel=\"canonical\" href=\"https:\/\/eldigitaldeasturias.com\/magazine365\/vargas-asegura-que-las-calificaciones-crediticias-confirman-la-solidez-de-los-resultados-de-aena\/\" \/>\n\t<meta name=\"generator\" content=\"All in One SEO Pro (AIOSEO) 4.9.6.1\" \/>\n\t\t<meta property=\"og:locale\" content=\"es_ES\" \/>\n\t\t<meta property=\"og:site_name\" content=\"El Digital de Asturias \u2013 Revista de ocio, turismo y estilo de vida\" \/>\n\t\t<meta property=\"og:type\" content=\"article\" \/>\n\t\t<meta property=\"og:title\" content=\"Vargas asegura que las calificaciones crediticias confirman la solidez de los resultados de Aena | El Digital de Asturias\" \/>\n\t\t<meta property=\"og:description\" content=\"El presidente de Aena, Jos\u00e9 Manuel Vargas, ha afirmado este mi\u00e9rcoles ante los accionistas de la compa\u00f1\u00eda reunidos en Madrid con motivo de la primera junta general que las calificaciones crediticias de Moody&#039;s y Fitch confirman la solidez de los resultados de Aena. Dos de las agencias de calificaci\u00f3n de mayor prestigio internacional comunicaron ayer\" \/>\n\t\t<meta property=\"og:url\" content=\"https:\/\/eldigitaldeasturias.com\/magazine365\/vargas-asegura-que-las-calificaciones-crediticias-confirman-la-solidez-de-los-resultados-de-aena\/\" \/>\n\t\t<meta property=\"og:image\" content=\"https:\/\/eldigitaldeasturias.com\/magazine365\/wp-content\/uploads\/2015\/06\/fotonoticia_20150603151910_800.jpg\" \/>\n\t\t<meta property=\"og:image:secure_url\" content=\"https:\/\/eldigitaldeasturias.com\/magazine365\/wp-content\/uploads\/2015\/06\/fotonoticia_20150603151910_800.jpg\" \/>\n\t\t<meta property=\"og:image:width\" content=\"800\" \/>\n\t\t<meta property=\"og:image:height\" content=\"591\" \/>\n\t\t<meta property=\"article:published_time\" content=\"2015-06-05T01:26:41+00:00\" \/>\n\t\t<meta property=\"article:modified_time\" content=\"2015-06-05T01:26:41+00:00\" \/>\n\t\t<meta name=\"twitter:card\" content=\"summary_large_image\" \/>\n\t\t<meta name=\"twitter:title\" content=\"Vargas asegura que las calificaciones crediticias confirman la solidez de los resultados de Aena | El Digital de Asturias\" \/>\n\t\t<meta name=\"twitter:description\" content=\"El presidente de Aena, Jos\u00e9 Manuel Vargas, ha afirmado este mi\u00e9rcoles ante los accionistas de la compa\u00f1\u00eda reunidos en Madrid con motivo de la primera junta general que las calificaciones crediticias de Moody&#039;s y Fitch confirman la solidez de los resultados de Aena. Dos de las agencias de calificaci\u00f3n de mayor prestigio internacional comunicaron ayer\" \/>\n\t\t<meta name=\"twitter:image\" content=\"https:\/\/eldigitaldeasturias.com\/magazine365\/wp-content\/uploads\/2015\/06\/fotonoticia_20150603151910_800.jpg\" \/>\n\t\t<script type=\"application\/ld+json\" class=\"aioseo-schema\">\n\t\t\t{\"@context\":\"https:\\\/\\\/schema.org\",\"@graph\":[{\"@type\":\"Article\",\"@id\":\"https:\\\/\\\/eldigitaldeasturias.com\\\/magazine365\\\/vargas-asegura-que-las-calificaciones-crediticias-confirman-la-solidez-de-los-resultados-de-aena\\\/#article\",\"name\":\"Vargas asegura que las calificaciones crediticias confirman la solidez de los resultados de Aena | El Digital de Asturias\",\"headline\":\"Vargas asegura que las calificaciones crediticias confirman la solidez de los resultados de Aena\",\"author\":{\"@id\":\"https:\\\/\\\/eldigitaldeasturias.com\\\/magazine365\\\/author\\\/admin\\\/#author\"},\"publisher\":{\"@id\":\"https:\\\/\\\/eldigitaldeasturias.com\\\/magazine365\\\/#organization\"},\"image\":{\"@type\":\"ImageObject\",\"url\":\"https:\\\/\\\/eldigitaldeasturias.com\\\/magazine365\\\/wp-content\\\/uploads\\\/2015\\\/06\\\/fotonoticia_20150603151910_800.jpg\",\"width\":800,\"height\":591},\"datePublished\":\"2015-06-05T02:56:41+02:00\",\"dateModified\":\"2015-06-05T02:56:41+02:00\",\"inLanguage\":\"es-ES\",\"mainEntityOfPage\":{\"@id\":\"https:\\\/\\\/eldigitaldeasturias.com\\\/magazine365\\\/vargas-asegura-que-las-calificaciones-crediticias-confirman-la-solidez-de-los-resultados-de-aena\\\/#webpage\"},\"isPartOf\":{\"@id\":\"https:\\\/\\\/eldigitaldeasturias.com\\\/magazine365\\\/vargas-asegura-que-las-calificaciones-crediticias-confirman-la-solidez-de-los-resultados-de-aena\\\/#webpage\"},\"articleSection\":\"Noticias y Actualidad\"},{\"@type\":\"BreadcrumbList\",\"@id\":\"https:\\\/\\\/eldigitaldeasturias.com\\\/magazine365\\\/vargas-asegura-que-las-calificaciones-crediticias-confirman-la-solidez-de-los-resultados-de-aena\\\/#breadcrumblist\",\"itemListElement\":[{\"@type\":\"ListItem\",\"@id\":\"https:\\\/\\\/eldigitaldeasturias.com\\\/magazine365#listItem\",\"position\":1,\"name\":\"Home\",\"item\":\"https:\\\/\\\/eldigitaldeasturias.com\\\/magazine365\",\"nextItem\":{\"@type\":\"ListItem\",\"@id\":\"https:\\\/\\\/eldigitaldeasturias.com\\\/magazine365\\\/category\\\/noticias-actualidad\\\/#listItem\",\"name\":\"Noticias y Actualidad\"}},{\"@type\":\"ListItem\",\"@id\":\"https:\\\/\\\/eldigitaldeasturias.com\\\/magazine365\\\/category\\\/noticias-actualidad\\\/#listItem\",\"position\":2,\"name\":\"Noticias y Actualidad\",\"item\":\"https:\\\/\\\/eldigitaldeasturias.com\\\/magazine365\\\/category\\\/noticias-actualidad\\\/\",\"nextItem\":{\"@type\":\"ListItem\",\"@id\":\"https:\\\/\\\/eldigitaldeasturias.com\\\/magazine365\\\/vargas-asegura-que-las-calificaciones-crediticias-confirman-la-solidez-de-los-resultados-de-aena\\\/#listItem\",\"name\":\"Vargas asegura que las calificaciones crediticias confirman la solidez de los resultados de Aena\"},\"previousItem\":{\"@type\":\"ListItem\",\"@id\":\"https:\\\/\\\/eldigitaldeasturias.com\\\/magazine365#listItem\",\"name\":\"Home\"}},{\"@type\":\"ListItem\",\"@id\":\"https:\\\/\\\/eldigitaldeasturias.com\\\/magazine365\\\/vargas-asegura-que-las-calificaciones-crediticias-confirman-la-solidez-de-los-resultados-de-aena\\\/#listItem\",\"position\":3,\"name\":\"Vargas asegura que las calificaciones crediticias confirman la solidez de los resultados de Aena\",\"previousItem\":{\"@type\":\"ListItem\",\"@id\":\"https:\\\/\\\/eldigitaldeasturias.com\\\/magazine365\\\/category\\\/noticias-actualidad\\\/#listItem\",\"name\":\"Noticias y Actualidad\"}}]},{\"@type\":\"Organization\",\"@id\":\"https:\\\/\\\/eldigitaldeasturias.com\\\/magazine365\\\/#organization\",\"name\":\"El digital de Asturias\",\"description\":\"Revista de ocio, turismo y estilo de vida\",\"url\":\"https:\\\/\\\/eldigitaldeasturias.com\\\/magazine365\\\/\",\"logo\":{\"@type\":\"ImageObject\",\"url\":\"https:\\\/\\\/www.eldigitaldeasturias.com\\\/noticias\\\/wp-content\\\/uploads\\\/2020\\\/12\\\/EDA.jpg\",\"@id\":\"https:\\\/\\\/eldigitaldeasturias.com\\\/magazine365\\\/vargas-asegura-que-las-calificaciones-crediticias-confirman-la-solidez-de-los-resultados-de-aena\\\/#organizationLogo\"},\"image\":{\"@id\":\"https:\\\/\\\/eldigitaldeasturias.com\\\/magazine365\\\/vargas-asegura-que-las-calificaciones-crediticias-confirman-la-solidez-de-los-resultados-de-aena\\\/#organizationLogo\"}},{\"@type\":\"Person\",\"@id\":\"https:\\\/\\\/eldigitaldeasturias.com\\\/magazine365\\\/author\\\/admin\\\/#author\",\"url\":\"https:\\\/\\\/eldigitaldeasturias.com\\\/magazine365\\\/author\\\/admin\\\/\",\"name\":\"admin\",\"image\":{\"@type\":\"ImageObject\",\"@id\":\"https:\\\/\\\/eldigitaldeasturias.com\\\/magazine365\\\/vargas-asegura-que-las-calificaciones-crediticias-confirman-la-solidez-de-los-resultados-de-aena\\\/#authorImage\",\"url\":\"https:\\\/\\\/eldigitaldeasturias.com\\\/magazine365\\\/wp-content\\\/litespeed\\\/avatar\\\/e571bcf59a0edd6fa6838245a470f2fe.jpg?ver=1777574230\",\"width\":96,\"height\":96,\"caption\":\"admin\"}},{\"@type\":\"WebPage\",\"@id\":\"https:\\\/\\\/eldigitaldeasturias.com\\\/magazine365\\\/vargas-asegura-que-las-calificaciones-crediticias-confirman-la-solidez-de-los-resultados-de-aena\\\/#webpage\",\"url\":\"https:\\\/\\\/eldigitaldeasturias.com\\\/magazine365\\\/vargas-asegura-que-las-calificaciones-crediticias-confirman-la-solidez-de-los-resultados-de-aena\\\/\",\"name\":\"Vargas asegura que las calificaciones crediticias confirman la solidez de los resultados de Aena | El Digital de Asturias\",\"description\":\"El presidente de Aena, Jos\\u00e9 Manuel Vargas, ha afirmado este mi\\u00e9rcoles ante los accionistas de la compa\\u00f1\\u00eda reunidos en Madrid con motivo de la primera junta general que las calificaciones crediticias de Moody's y Fitch confirman la solidez de los resultados de Aena. Dos de las agencias de calificaci\\u00f3n de mayor prestigio internacional comunicaron ayer\",\"inLanguage\":\"es-ES\",\"isPartOf\":{\"@id\":\"https:\\\/\\\/eldigitaldeasturias.com\\\/magazine365\\\/#website\"},\"breadcrumb\":{\"@id\":\"https:\\\/\\\/eldigitaldeasturias.com\\\/magazine365\\\/vargas-asegura-que-las-calificaciones-crediticias-confirman-la-solidez-de-los-resultados-de-aena\\\/#breadcrumblist\"},\"author\":{\"@id\":\"https:\\\/\\\/eldigitaldeasturias.com\\\/magazine365\\\/author\\\/admin\\\/#author\"},\"creator\":{\"@id\":\"https:\\\/\\\/eldigitaldeasturias.com\\\/magazine365\\\/author\\\/admin\\\/#author\"},\"image\":{\"@type\":\"ImageObject\",\"url\":\"https:\\\/\\\/eldigitaldeasturias.com\\\/magazine365\\\/wp-content\\\/uploads\\\/2015\\\/06\\\/fotonoticia_20150603151910_800.jpg\",\"@id\":\"https:\\\/\\\/eldigitaldeasturias.com\\\/magazine365\\\/vargas-asegura-que-las-calificaciones-crediticias-confirman-la-solidez-de-los-resultados-de-aena\\\/#mainImage\",\"width\":800,\"height\":591},\"primaryImageOfPage\":{\"@id\":\"https:\\\/\\\/eldigitaldeasturias.com\\\/magazine365\\\/vargas-asegura-que-las-calificaciones-crediticias-confirman-la-solidez-de-los-resultados-de-aena\\\/#mainImage\"},\"datePublished\":\"2015-06-05T02:56:41+02:00\",\"dateModified\":\"2015-06-05T02:56:41+02:00\"},{\"@type\":\"WebSite\",\"@id\":\"https:\\\/\\\/eldigitaldeasturias.com\\\/magazine365\\\/#website\",\"url\":\"https:\\\/\\\/eldigitaldeasturias.com\\\/magazine365\\\/\",\"name\":\"El Digital de Asturias\",\"description\":\"Revista de ocio, turismo y estilo de vida\",\"inLanguage\":\"es-ES\",\"publisher\":{\"@id\":\"https:\\\/\\\/eldigitaldeasturias.com\\\/magazine365\\\/#organization\"}}]}\n\t\t<\/script>\n\t\t<!-- All in One SEO Pro -->\r\n\t\t<title>Vargas asegura que las calificaciones crediticias confirman la solidez de los resultados de Aena | El Digital de Asturias<\/title>\n\n","aioseo_head_json":{"title":"Vargas asegura que las calificaciones crediticias confirman la solidez de los resultados de Aena | El Digital de Asturias","description":"El presidente de Aena, Jos\u00e9 Manuel Vargas, ha afirmado este mi\u00e9rcoles ante los accionistas de la compa\u00f1\u00eda reunidos en Madrid con motivo de la primera junta general que las calificaciones crediticias de Moody's y Fitch confirman la solidez de los resultados de Aena. Dos de las agencias de calificaci\u00f3n de mayor prestigio internacional comunicaron ayer","canonical_url":"https:\/\/eldigitaldeasturias.com\/magazine365\/vargas-asegura-que-las-calificaciones-crediticias-confirman-la-solidez-de-los-resultados-de-aena\/","robots":"max-image-preview:large","keywords":"noticias y actualidad","webmasterTools":{"google-site-verification":"UA-38556648-1","miscellaneous":""},"schema":{"@context":"https:\/\/schema.org","@graph":[{"@type":"Article","@id":"https:\/\/eldigitaldeasturias.com\/magazine365\/vargas-asegura-que-las-calificaciones-crediticias-confirman-la-solidez-de-los-resultados-de-aena\/#article","name":"Vargas asegura que las calificaciones crediticias confirman la solidez de los resultados de Aena | El Digital de Asturias","headline":"Vargas asegura que las calificaciones crediticias confirman la solidez de los resultados de Aena","author":{"@id":"https:\/\/eldigitaldeasturias.com\/magazine365\/author\/admin\/#author"},"publisher":{"@id":"https:\/\/eldigitaldeasturias.com\/magazine365\/#organization"},"image":{"@type":"ImageObject","url":"https:\/\/eldigitaldeasturias.com\/magazine365\/wp-content\/uploads\/2015\/06\/fotonoticia_20150603151910_800.jpg","width":800,"height":591},"datePublished":"2015-06-05T02:56:41+02:00","dateModified":"2015-06-05T02:56:41+02:00","inLanguage":"es-ES","mainEntityOfPage":{"@id":"https:\/\/eldigitaldeasturias.com\/magazine365\/vargas-asegura-que-las-calificaciones-crediticias-confirman-la-solidez-de-los-resultados-de-aena\/#webpage"},"isPartOf":{"@id":"https:\/\/eldigitaldeasturias.com\/magazine365\/vargas-asegura-que-las-calificaciones-crediticias-confirman-la-solidez-de-los-resultados-de-aena\/#webpage"},"articleSection":"Noticias y Actualidad"},{"@type":"BreadcrumbList","@id":"https:\/\/eldigitaldeasturias.com\/magazine365\/vargas-asegura-que-las-calificaciones-crediticias-confirman-la-solidez-de-los-resultados-de-aena\/#breadcrumblist","itemListElement":[{"@type":"ListItem","@id":"https:\/\/eldigitaldeasturias.com\/magazine365#listItem","position":1,"name":"Home","item":"https:\/\/eldigitaldeasturias.com\/magazine365","nextItem":{"@type":"ListItem","@id":"https:\/\/eldigitaldeasturias.com\/magazine365\/category\/noticias-actualidad\/#listItem","name":"Noticias y Actualidad"}},{"@type":"ListItem","@id":"https:\/\/eldigitaldeasturias.com\/magazine365\/category\/noticias-actualidad\/#listItem","position":2,"name":"Noticias y Actualidad","item":"https:\/\/eldigitaldeasturias.com\/magazine365\/category\/noticias-actualidad\/","nextItem":{"@type":"ListItem","@id":"https:\/\/eldigitaldeasturias.com\/magazine365\/vargas-asegura-que-las-calificaciones-crediticias-confirman-la-solidez-de-los-resultados-de-aena\/#listItem","name":"Vargas asegura que las calificaciones crediticias confirman la solidez de los resultados de Aena"},"previousItem":{"@type":"ListItem","@id":"https:\/\/eldigitaldeasturias.com\/magazine365#listItem","name":"Home"}},{"@type":"ListItem","@id":"https:\/\/eldigitaldeasturias.com\/magazine365\/vargas-asegura-que-las-calificaciones-crediticias-confirman-la-solidez-de-los-resultados-de-aena\/#listItem","position":3,"name":"Vargas asegura que las calificaciones crediticias confirman la solidez de los resultados de Aena","previousItem":{"@type":"ListItem","@id":"https:\/\/eldigitaldeasturias.com\/magazine365\/category\/noticias-actualidad\/#listItem","name":"Noticias y Actualidad"}}]},{"@type":"Organization","@id":"https:\/\/eldigitaldeasturias.com\/magazine365\/#organization","name":"El digital de Asturias","description":"Revista de ocio, turismo y estilo de vida","url":"https:\/\/eldigitaldeasturias.com\/magazine365\/","logo":{"@type":"ImageObject","url":"https:\/\/www.eldigitaldeasturias.com\/noticias\/wp-content\/uploads\/2020\/12\/EDA.jpg","@id":"https:\/\/eldigitaldeasturias.com\/magazine365\/vargas-asegura-que-las-calificaciones-crediticias-confirman-la-solidez-de-los-resultados-de-aena\/#organizationLogo"},"image":{"@id":"https:\/\/eldigitaldeasturias.com\/magazine365\/vargas-asegura-que-las-calificaciones-crediticias-confirman-la-solidez-de-los-resultados-de-aena\/#organizationLogo"}},{"@type":"Person","@id":"https:\/\/eldigitaldeasturias.com\/magazine365\/author\/admin\/#author","url":"https:\/\/eldigitaldeasturias.com\/magazine365\/author\/admin\/","name":"admin","image":{"@type":"ImageObject","@id":"https:\/\/eldigitaldeasturias.com\/magazine365\/vargas-asegura-que-las-calificaciones-crediticias-confirman-la-solidez-de-los-resultados-de-aena\/#authorImage","url":"https:\/\/eldigitaldeasturias.com\/magazine365\/wp-content\/litespeed\/avatar\/e571bcf59a0edd6fa6838245a470f2fe.jpg?ver=1777574230","width":96,"height":96,"caption":"admin"}},{"@type":"WebPage","@id":"https:\/\/eldigitaldeasturias.com\/magazine365\/vargas-asegura-que-las-calificaciones-crediticias-confirman-la-solidez-de-los-resultados-de-aena\/#webpage","url":"https:\/\/eldigitaldeasturias.com\/magazine365\/vargas-asegura-que-las-calificaciones-crediticias-confirman-la-solidez-de-los-resultados-de-aena\/","name":"Vargas asegura que las calificaciones crediticias confirman la solidez de los resultados de Aena | El Digital de Asturias","description":"El presidente de Aena, Jos\u00e9 Manuel Vargas, ha afirmado este mi\u00e9rcoles ante los accionistas de la compa\u00f1\u00eda reunidos en Madrid con motivo de la primera junta general que las calificaciones crediticias de Moody's y Fitch confirman la solidez de los resultados de Aena. Dos de las agencias de calificaci\u00f3n de mayor prestigio internacional comunicaron ayer","inLanguage":"es-ES","isPartOf":{"@id":"https:\/\/eldigitaldeasturias.com\/magazine365\/#website"},"breadcrumb":{"@id":"https:\/\/eldigitaldeasturias.com\/magazine365\/vargas-asegura-que-las-calificaciones-crediticias-confirman-la-solidez-de-los-resultados-de-aena\/#breadcrumblist"},"author":{"@id":"https:\/\/eldigitaldeasturias.com\/magazine365\/author\/admin\/#author"},"creator":{"@id":"https:\/\/eldigitaldeasturias.com\/magazine365\/author\/admin\/#author"},"image":{"@type":"ImageObject","url":"https:\/\/eldigitaldeasturias.com\/magazine365\/wp-content\/uploads\/2015\/06\/fotonoticia_20150603151910_800.jpg","@id":"https:\/\/eldigitaldeasturias.com\/magazine365\/vargas-asegura-que-las-calificaciones-crediticias-confirman-la-solidez-de-los-resultados-de-aena\/#mainImage","width":800,"height":591},"primaryImageOfPage":{"@id":"https:\/\/eldigitaldeasturias.com\/magazine365\/vargas-asegura-que-las-calificaciones-crediticias-confirman-la-solidez-de-los-resultados-de-aena\/#mainImage"},"datePublished":"2015-06-05T02:56:41+02:00","dateModified":"2015-06-05T02:56:41+02:00"},{"@type":"WebSite","@id":"https:\/\/eldigitaldeasturias.com\/magazine365\/#website","url":"https:\/\/eldigitaldeasturias.com\/magazine365\/","name":"El Digital de Asturias","description":"Revista de ocio, turismo y estilo de vida","inLanguage":"es-ES","publisher":{"@id":"https:\/\/eldigitaldeasturias.com\/magazine365\/#organization"}}]},"og:locale":"es_ES","og:site_name":"El Digital de Asturias \u2013 Revista de ocio, turismo y estilo de vida","og:type":"article","og:title":"Vargas asegura que las calificaciones crediticias confirman la solidez de los resultados de Aena | El Digital de Asturias","og:description":"El presidente de Aena, Jos\u00e9 Manuel Vargas, ha afirmado este mi\u00e9rcoles ante los accionistas de la compa\u00f1\u00eda reunidos en Madrid con motivo de la primera junta general que las calificaciones crediticias de Moody's y Fitch confirman la solidez de los resultados de Aena. Dos de las agencias de calificaci\u00f3n de mayor prestigio internacional comunicaron ayer","og:url":"https:\/\/eldigitaldeasturias.com\/magazine365\/vargas-asegura-que-las-calificaciones-crediticias-confirman-la-solidez-de-los-resultados-de-aena\/","og:image":"https:\/\/eldigitaldeasturias.com\/magazine365\/wp-content\/uploads\/2015\/06\/fotonoticia_20150603151910_800.jpg","og:image:secure_url":"https:\/\/eldigitaldeasturias.com\/magazine365\/wp-content\/uploads\/2015\/06\/fotonoticia_20150603151910_800.jpg","og:image:width":800,"og:image:height":591,"article:published_time":"2015-06-05T01:26:41+00:00","article:modified_time":"2015-06-05T01:26:41+00:00","twitter:card":"summary_large_image","twitter:title":"Vargas asegura que las calificaciones crediticias confirman la solidez de los resultados de Aena | El Digital de Asturias","twitter:description":"El presidente de Aena, Jos\u00e9 Manuel Vargas, ha afirmado este mi\u00e9rcoles ante los accionistas de la compa\u00f1\u00eda reunidos en Madrid con motivo de la primera junta general que las calificaciones crediticias de Moody's y Fitch confirman la solidez de los resultados de Aena. Dos de las agencias de calificaci\u00f3n de mayor prestigio internacional comunicaron ayer","twitter:image":"https:\/\/eldigitaldeasturias.com\/magazine365\/wp-content\/uploads\/2015\/06\/fotonoticia_20150603151910_800.jpg"},"aioseo_meta_data":{"post_id":"38756","title":null,"description":null,"keywords":null,"keyphrases":null,"primary_term":null,"canonical_url":null,"og_title":null,"og_description":null,"og_object_type":"default","og_image_type":"default","og_image_url":null,"og_image_width":null,"og_image_height":null,"og_image_custom_url":null,"og_image_custom_fields":null,"og_video":null,"og_custom_url":null,"og_article_section":null,"og_article_tags":null,"twitter_use_og":false,"twitter_card":"default","twitter_image_type":"default","twitter_image_url":null,"twitter_image_custom_url":null,"twitter_image_custom_fields":null,"twitter_title":null,"twitter_description":null,"schema":{"blockGraphs":[],"customGraphs":[],"default":{"data":{"Article":[],"Course":[],"Dataset":[],"FAQPage":[],"Movie":[],"Person":[],"Product":[],"ProductReview":[],"Car":[],"Recipe":[],"Service":[],"SoftwareApplication":[],"WebPage":[]},"graphName":"","isEnabled":true},"graphs":[],"defaultGraph":"","defaultPostTypeGraph":""},"schema_type":null,"schema_type_options":null,"pillar_content":false,"robots_default":true,"robots_noindex":false,"robots_noarchive":false,"robots_nosnippet":false,"robots_nofollow":false,"robots_noimageindex":false,"robots_noodp":false,"robots_notranslate":false,"robots_max_snippet":null,"robots_max_videopreview":null,"robots_max_imagepreview":"large","priority":null,"frequency":null,"location":null,"local_seo":null,"seo_analyzer_scan_date":"2025-09-19 10:12:59","breadcrumb_settings":null,"limit_modified_date":false,"open_ai":null,"ai":null,"created":"2021-03-09 02:49:44","updated":"2025-09-19 10:12:59"},"aioseo_breadcrumb":"<div class=\"aioseo-breadcrumbs\"><span class=\"aioseo-breadcrumb\">\n\t<a href=\"https:\/\/eldigitaldeasturias.com\/magazine365\" title=\"Home\">Home<\/a>\n<\/span><span class=\"aioseo-breadcrumb-separator\">\u2013<\/span><span class=\"aioseo-breadcrumb\">\n\t<a href=\"https:\/\/eldigitaldeasturias.com\/magazine365\/category\/noticias-actualidad\/\" title=\"Noticias y Actualidad\">Noticias y Actualidad<\/a>\n<\/span><span class=\"aioseo-breadcrumb-separator\">\u2013<\/span><span class=\"aioseo-breadcrumb\">\n\t<a href=\"https:\/\/eldigitaldeasturias.com\/magazine365\/vargas-asegura-que-las-calificaciones-crediticias-confirman-la-solidez-de-los-resultados-de-aena\/\" title=\"Vargas asegura que las calificaciones crediticias confirman la solidez de los resultados de Aena\">Vargas asegura que las calificaciones crediticias confirman la solidez de los resultados de Aena<\/a>\n<\/span><\/div>","aioseo_breadcrumb_json":[{"label":"Home","link":"https:\/\/eldigitaldeasturias.com\/magazine365"},{"label":"Noticias y Actualidad","link":"https:\/\/eldigitaldeasturias.com\/magazine365\/category\/noticias-actualidad\/"},{"label":"Vargas asegura que las calificaciones crediticias confirman la solidez de los resultados de Aena","link":"https:\/\/eldigitaldeasturias.com\/magazine365\/vargas-asegura-que-las-calificaciones-crediticias-confirman-la-solidez-de-los-resultados-de-aena\/"}],"_links":{"self":[{"href":"https:\/\/eldigitaldeasturias.com\/magazine365\/wp-json\/wp\/v2\/posts\/38756","targetHints":{"allow":["GET"]}}],"collection":[{"href":"https:\/\/eldigitaldeasturias.com\/magazine365\/wp-json\/wp\/v2\/posts"}],"about":[{"href":"https:\/\/eldigitaldeasturias.com\/magazine365\/wp-json\/wp\/v2\/types\/post"}],"author":[{"embeddable":true,"href":"https:\/\/eldigitaldeasturias.com\/magazine365\/wp-json\/wp\/v2\/users\/1"}],"replies":[{"embeddable":true,"href":"https:\/\/eldigitaldeasturias.com\/magazine365\/wp-json\/wp\/v2\/comments?post=38756"}],"version-history":[{"count":0,"href":"https:\/\/eldigitaldeasturias.com\/magazine365\/wp-json\/wp\/v2\/posts\/38756\/revisions"}],"wp:featuredmedia":[{"embeddable":true,"href":"https:\/\/eldigitaldeasturias.com\/magazine365\/wp-json\/wp\/v2\/media\/38757"}],"wp:attachment":[{"href":"https:\/\/eldigitaldeasturias.com\/magazine365\/wp-json\/wp\/v2\/media?parent=38756"}],"wp:term":[{"taxonomy":"category","embeddable":true,"href":"https:\/\/eldigitaldeasturias.com\/magazine365\/wp-json\/wp\/v2\/categories?post=38756"},{"taxonomy":"post_tag","embeddable":true,"href":"https:\/\/eldigitaldeasturias.com\/magazine365\/wp-json\/wp\/v2\/tags?post=38756"}],"curies":[{"name":"wp","href":"https:\/\/api.w.org\/{rel}","templated":true}]}}