{"id":38753,"date":"2015-06-05T02:55:12","date_gmt":"2015-06-05T01:25:12","guid":{"rendered":"http:\/\/eldigitaldeasturias.com\/magazine365\/?p=38753"},"modified":"2015-06-05T02:55:12","modified_gmt":"2015-06-05T01:25:12","slug":"una-nueva-visita-guiada-invita-a-recorrer-las-casas-mudejares-la-plaza-alta-o-puerta-palmas-de-badajoz","status":"publish","type":"post","link":"https:\/\/eldigitaldeasturias.com\/magazine365\/una-nueva-visita-guiada-invita-a-recorrer-las-casas-mudejares-la-plaza-alta-o-puerta-palmas-de-badajoz\/","title":{"rendered":"Una nueva visita guiada invita a recorrer las Casas Mud\u00e9jares, la Plaza Alta o Puerta Palmas de Badajoz"},"content":{"rendered":"<p><img fetchpriority=\"high\" decoding=\"async\" class=\"alignleft size-medium wp-image-38754\" src=\"https:\/\/eldigitaldeasturias.com\/magazine365\/wp-content\/uploads\/2015\/06\/fotonoticia_20150603150929_800-200x300.jpg\" alt=\"fotonoticia_20150603150929_800\" width=\"200\" height=\"300\" srcset=\"https:\/\/eldigitaldeasturias.com\/magazine365\/wp-content\/uploads\/2015\/06\/fotonoticia_20150603150929_800-200x300.jpg 200w, https:\/\/eldigitaldeasturias.com\/magazine365\/wp-content\/uploads\/2015\/06\/fotonoticia_20150603150929_800-427x640.jpg 427w, https:\/\/eldigitaldeasturias.com\/magazine365\/wp-content\/uploads\/2015\/06\/fotonoticia_20150603150929_800-768x1152.jpg 768w, https:\/\/eldigitaldeasturias.com\/magazine365\/wp-content\/uploads\/2015\/06\/fotonoticia_20150603150929_800-150x225.jpg 150w, https:\/\/eldigitaldeasturias.com\/magazine365\/wp-content\/uploads\/2015\/06\/fotonoticia_20150603150929_800-450x675.jpg 450w, https:\/\/eldigitaldeasturias.com\/magazine365\/wp-content\/uploads\/2015\/06\/fotonoticia_20150603150929_800-696x1044.jpg 696w, https:\/\/eldigitaldeasturias.com\/magazine365\/wp-content\/uploads\/2015\/06\/fotonoticia_20150603150929_800-280x420.jpg 280w, https:\/\/eldigitaldeasturias.com\/magazine365\/wp-content\/uploads\/2015\/06\/fotonoticia_20150603150929_800.jpg 800w\" sizes=\"(max-width: 200px) 100vw, 200px\" \/>La Concejal\u00eda de Turismo del Ayuntamiento de Badajoz ha organizado para el pr\u00f3ximo s\u00e1bado, d\u00eda 6, una nueva visita guiada &#8216;Interiores&#8217; que invitar\u00e1 a recorrer las Casas Mud\u00e9jares, las plazas Alta y de la Soledad y Puerta Palmas.<\/p>\n<p>Estas visitas se realizan cada primer s\u00e1bado de mes y pretenden mostrar el interior de algunos de los monumentos m\u00e1s emblem\u00e1ticos de la ciudad, seg\u00fan informa en nota de prensa el consistorio de la capital pacense.<\/p>\n<p>As\u00ed, la visita partir\u00e1 desde las Casas Mud\u00e9jares a las 10,30 horas y tendr\u00e1 una duraci\u00f3n aproximada de dos horas en las que se visitar\u00e1n la Plaza Alta y las Antiguas Casas Consistoriales, la Plaza de la Soledad y Puerta de Palmas, donde se acceder\u00e1 antes del fin de la visita.<\/p>\n<p>La asistencia a la visita es libre y se ruega que los interesados que se congreguen unos minutos antes para poder comenzar con puntualidad. Para m\u00e1s informaci\u00f3n se puede llamar al Centro Informaci\u00f3n Tur\u00edstica de las Casas Mud\u00e9jares en el 924 20 13 69 de 10,00 a 14,00 y de 17,30 a 20,00 horas de lunes a viernes y los s\u00e1bados en horario de ma\u00f1ana.<\/p>\n","protected":false},"excerpt":{"rendered":"<p>La Concejal\u00eda de Turismo del Ayuntamiento de Badajoz ha organizado para el pr\u00f3ximo s\u00e1bado, d\u00eda 6, una nueva visita guiada &#8216;Interiores&#8217; que invitar\u00e1 a recorrer las Casas Mud\u00e9jares, las plazas Alta y de la Soledad y Puerta Palmas. Estas visitas se realizan cada primer s\u00e1bado de mes y pretenden mostrar el interior de algunos de<\/p>\n","protected":false},"author":1,"featured_media":38754,"comment_status":"open","ping_status":"closed","sticky":false,"template":"","format":"standard","meta":{"footnotes":""},"categories":[224],"tags":[],"class_list":{"0":"post-38753","1":"post","2":"type-post","3":"status-publish","4":"format-standard","5":"has-post-thumbnail","7":"category-noticias-actualidad"},"aioseo_notices":[],"aioseo_head":"\n\t\t<!-- All in One SEO Pro 4.9.6.1 - aioseo.com -->\n\t<meta name=\"description\" content=\"La Concejal\u00eda de Turismo del Ayuntamiento de Badajoz ha organizado para el pr\u00f3ximo s\u00e1bado, d\u00eda 6, una nueva visita guiada &#039;Interiores&#039; que invitar\u00e1 a recorrer las Casas Mud\u00e9jares, las plazas Alta y de la Soledad y Puerta Palmas. Estas visitas se realizan cada primer s\u00e1bado de mes y pretenden mostrar el interior de algunos de\" \/>\n\t<meta name=\"robots\" content=\"max-image-preview:large\" \/>\n\t<meta name=\"author\" content=\"admin\"\/>\n\t<meta name=\"google-site-verification\" content=\"UA-38556648-1\" \/>\n\t<meta name=\"keywords\" content=\"noticias y actualidad\" \/>\n\t<link rel=\"canonical\" href=\"https:\/\/eldigitaldeasturias.com\/magazine365\/una-nueva-visita-guiada-invita-a-recorrer-las-casas-mudejares-la-plaza-alta-o-puerta-palmas-de-badajoz\/\" \/>\n\t<meta name=\"generator\" content=\"All in One SEO Pro (AIOSEO) 4.9.6.1\" \/>\n\t\t<meta property=\"og:locale\" content=\"es_ES\" \/>\n\t\t<meta property=\"og:site_name\" content=\"El Digital de Asturias \u2013 Revista de ocio, turismo y estilo de vida\" \/>\n\t\t<meta property=\"og:type\" content=\"article\" \/>\n\t\t<meta property=\"og:title\" content=\"Una nueva visita guiada invita a recorrer las Casas Mud\u00e9jares, la Plaza Alta o Puerta Palmas de Badajoz | El Digital de Asturias\" \/>\n\t\t<meta property=\"og:description\" content=\"La Concejal\u00eda de Turismo del Ayuntamiento de Badajoz ha organizado para el pr\u00f3ximo s\u00e1bado, d\u00eda 6, una nueva visita guiada &#039;Interiores&#039; que invitar\u00e1 a recorrer las Casas Mud\u00e9jares, las plazas Alta y de la Soledad y Puerta Palmas. Estas visitas se realizan cada primer s\u00e1bado de mes y pretenden mostrar el interior de algunos de\" \/>\n\t\t<meta property=\"og:url\" content=\"https:\/\/eldigitaldeasturias.com\/magazine365\/una-nueva-visita-guiada-invita-a-recorrer-las-casas-mudejares-la-plaza-alta-o-puerta-palmas-de-badajoz\/\" \/>\n\t\t<meta property=\"og:image\" content=\"https:\/\/eldigitaldeasturias.com\/magazine365\/wp-content\/uploads\/2015\/06\/fotonoticia_20150603150929_800.jpg\" \/>\n\t\t<meta property=\"og:image:secure_url\" content=\"https:\/\/eldigitaldeasturias.com\/magazine365\/wp-content\/uploads\/2015\/06\/fotonoticia_20150603150929_800.jpg\" \/>\n\t\t<meta property=\"og:image:width\" content=\"800\" \/>\n\t\t<meta property=\"og:image:height\" content=\"1200\" \/>\n\t\t<meta property=\"article:published_time\" content=\"2015-06-05T01:25:12+00:00\" \/>\n\t\t<meta property=\"article:modified_time\" content=\"2015-06-05T01:25:12+00:00\" \/>\n\t\t<meta name=\"twitter:card\" content=\"summary_large_image\" \/>\n\t\t<meta name=\"twitter:title\" content=\"Una nueva visita guiada invita a recorrer las Casas Mud\u00e9jares, la Plaza Alta o Puerta Palmas de Badajoz | El Digital de Asturias\" \/>\n\t\t<meta name=\"twitter:description\" content=\"La Concejal\u00eda de Turismo del Ayuntamiento de Badajoz ha organizado para el pr\u00f3ximo s\u00e1bado, d\u00eda 6, una nueva visita guiada &#039;Interiores&#039; que invitar\u00e1 a recorrer las Casas Mud\u00e9jares, las plazas Alta y de la Soledad y Puerta Palmas. Estas visitas se realizan cada primer s\u00e1bado de mes y pretenden mostrar el interior de algunos de\" \/>\n\t\t<meta name=\"twitter:image\" content=\"https:\/\/eldigitaldeasturias.com\/magazine365\/wp-content\/uploads\/2015\/06\/fotonoticia_20150603150929_800.jpg\" \/>\n\t\t<script type=\"application\/ld+json\" class=\"aioseo-schema\">\n\t\t\t{\"@context\":\"https:\\\/\\\/schema.org\",\"@graph\":[{\"@type\":\"Article\",\"@id\":\"https:\\\/\\\/eldigitaldeasturias.com\\\/magazine365\\\/una-nueva-visita-guiada-invita-a-recorrer-las-casas-mudejares-la-plaza-alta-o-puerta-palmas-de-badajoz\\\/#article\",\"name\":\"Una nueva visita guiada invita a recorrer las Casas Mud\\u00e9jares, la Plaza Alta o Puerta Palmas de Badajoz | El Digital de Asturias\",\"headline\":\"Una nueva visita guiada invita a recorrer las Casas Mud\\u00e9jares, la Plaza Alta o Puerta Palmas de Badajoz\",\"author\":{\"@id\":\"https:\\\/\\\/eldigitaldeasturias.com\\\/magazine365\\\/author\\\/admin\\\/#author\"},\"publisher\":{\"@id\":\"https:\\\/\\\/eldigitaldeasturias.com\\\/magazine365\\\/#organization\"},\"image\":{\"@type\":\"ImageObject\",\"url\":\"https:\\\/\\\/eldigitaldeasturias.com\\\/magazine365\\\/wp-content\\\/uploads\\\/2015\\\/06\\\/fotonoticia_20150603150929_800.jpg\",\"width\":800,\"height\":1200},\"datePublished\":\"2015-06-05T02:55:12+02:00\",\"dateModified\":\"2015-06-05T02:55:12+02:00\",\"inLanguage\":\"es-ES\",\"mainEntityOfPage\":{\"@id\":\"https:\\\/\\\/eldigitaldeasturias.com\\\/magazine365\\\/una-nueva-visita-guiada-invita-a-recorrer-las-casas-mudejares-la-plaza-alta-o-puerta-palmas-de-badajoz\\\/#webpage\"},\"isPartOf\":{\"@id\":\"https:\\\/\\\/eldigitaldeasturias.com\\\/magazine365\\\/una-nueva-visita-guiada-invita-a-recorrer-las-casas-mudejares-la-plaza-alta-o-puerta-palmas-de-badajoz\\\/#webpage\"},\"articleSection\":\"Noticias y Actualidad\"},{\"@type\":\"BreadcrumbList\",\"@id\":\"https:\\\/\\\/eldigitaldeasturias.com\\\/magazine365\\\/una-nueva-visita-guiada-invita-a-recorrer-las-casas-mudejares-la-plaza-alta-o-puerta-palmas-de-badajoz\\\/#breadcrumblist\",\"itemListElement\":[{\"@type\":\"ListItem\",\"@id\":\"https:\\\/\\\/eldigitaldeasturias.com\\\/magazine365#listItem\",\"position\":1,\"name\":\"Home\",\"item\":\"https:\\\/\\\/eldigitaldeasturias.com\\\/magazine365\",\"nextItem\":{\"@type\":\"ListItem\",\"@id\":\"https:\\\/\\\/eldigitaldeasturias.com\\\/magazine365\\\/category\\\/noticias-actualidad\\\/#listItem\",\"name\":\"Noticias y Actualidad\"}},{\"@type\":\"ListItem\",\"@id\":\"https:\\\/\\\/eldigitaldeasturias.com\\\/magazine365\\\/category\\\/noticias-actualidad\\\/#listItem\",\"position\":2,\"name\":\"Noticias y Actualidad\",\"item\":\"https:\\\/\\\/eldigitaldeasturias.com\\\/magazine365\\\/category\\\/noticias-actualidad\\\/\",\"nextItem\":{\"@type\":\"ListItem\",\"@id\":\"https:\\\/\\\/eldigitaldeasturias.com\\\/magazine365\\\/una-nueva-visita-guiada-invita-a-recorrer-las-casas-mudejares-la-plaza-alta-o-puerta-palmas-de-badajoz\\\/#listItem\",\"name\":\"Una nueva visita guiada invita a recorrer las Casas Mud\\u00e9jares, la Plaza Alta o Puerta Palmas de Badajoz\"},\"previousItem\":{\"@type\":\"ListItem\",\"@id\":\"https:\\\/\\\/eldigitaldeasturias.com\\\/magazine365#listItem\",\"name\":\"Home\"}},{\"@type\":\"ListItem\",\"@id\":\"https:\\\/\\\/eldigitaldeasturias.com\\\/magazine365\\\/una-nueva-visita-guiada-invita-a-recorrer-las-casas-mudejares-la-plaza-alta-o-puerta-palmas-de-badajoz\\\/#listItem\",\"position\":3,\"name\":\"Una nueva visita guiada invita a recorrer las Casas Mud\\u00e9jares, la Plaza Alta o Puerta Palmas de Badajoz\",\"previousItem\":{\"@type\":\"ListItem\",\"@id\":\"https:\\\/\\\/eldigitaldeasturias.com\\\/magazine365\\\/category\\\/noticias-actualidad\\\/#listItem\",\"name\":\"Noticias y Actualidad\"}}]},{\"@type\":\"Organization\",\"@id\":\"https:\\\/\\\/eldigitaldeasturias.com\\\/magazine365\\\/#organization\",\"name\":\"El digital de Asturias\",\"description\":\"Revista de ocio, turismo y estilo de vida\",\"url\":\"https:\\\/\\\/eldigitaldeasturias.com\\\/magazine365\\\/\",\"logo\":{\"@type\":\"ImageObject\",\"url\":\"https:\\\/\\\/www.eldigitaldeasturias.com\\\/noticias\\\/wp-content\\\/uploads\\\/2020\\\/12\\\/EDA.jpg\",\"@id\":\"https:\\\/\\\/eldigitaldeasturias.com\\\/magazine365\\\/una-nueva-visita-guiada-invita-a-recorrer-las-casas-mudejares-la-plaza-alta-o-puerta-palmas-de-badajoz\\\/#organizationLogo\"},\"image\":{\"@id\":\"https:\\\/\\\/eldigitaldeasturias.com\\\/magazine365\\\/una-nueva-visita-guiada-invita-a-recorrer-las-casas-mudejares-la-plaza-alta-o-puerta-palmas-de-badajoz\\\/#organizationLogo\"}},{\"@type\":\"Person\",\"@id\":\"https:\\\/\\\/eldigitaldeasturias.com\\\/magazine365\\\/author\\\/admin\\\/#author\",\"url\":\"https:\\\/\\\/eldigitaldeasturias.com\\\/magazine365\\\/author\\\/admin\\\/\",\"name\":\"admin\",\"image\":{\"@type\":\"ImageObject\",\"@id\":\"https:\\\/\\\/eldigitaldeasturias.com\\\/magazine365\\\/una-nueva-visita-guiada-invita-a-recorrer-las-casas-mudejares-la-plaza-alta-o-puerta-palmas-de-badajoz\\\/#authorImage\",\"url\":\"https:\\\/\\\/eldigitaldeasturias.com\\\/magazine365\\\/wp-content\\\/litespeed\\\/avatar\\\/e571bcf59a0edd6fa6838245a470f2fe.jpg?ver=1776969259\",\"width\":96,\"height\":96,\"caption\":\"admin\"}},{\"@type\":\"WebPage\",\"@id\":\"https:\\\/\\\/eldigitaldeasturias.com\\\/magazine365\\\/una-nueva-visita-guiada-invita-a-recorrer-las-casas-mudejares-la-plaza-alta-o-puerta-palmas-de-badajoz\\\/#webpage\",\"url\":\"https:\\\/\\\/eldigitaldeasturias.com\\\/magazine365\\\/una-nueva-visita-guiada-invita-a-recorrer-las-casas-mudejares-la-plaza-alta-o-puerta-palmas-de-badajoz\\\/\",\"name\":\"Una nueva visita guiada invita a recorrer las Casas Mud\\u00e9jares, la Plaza Alta o Puerta Palmas de Badajoz | El Digital de Asturias\",\"description\":\"La Concejal\\u00eda de Turismo del Ayuntamiento de Badajoz ha organizado para el pr\\u00f3ximo s\\u00e1bado, d\\u00eda 6, una nueva visita guiada 'Interiores' que invitar\\u00e1 a recorrer las Casas Mud\\u00e9jares, las plazas Alta y de la Soledad y Puerta Palmas. Estas visitas se realizan cada primer s\\u00e1bado de mes y pretenden mostrar el interior de algunos de\",\"inLanguage\":\"es-ES\",\"isPartOf\":{\"@id\":\"https:\\\/\\\/eldigitaldeasturias.com\\\/magazine365\\\/#website\"},\"breadcrumb\":{\"@id\":\"https:\\\/\\\/eldigitaldeasturias.com\\\/magazine365\\\/una-nueva-visita-guiada-invita-a-recorrer-las-casas-mudejares-la-plaza-alta-o-puerta-palmas-de-badajoz\\\/#breadcrumblist\"},\"author\":{\"@id\":\"https:\\\/\\\/eldigitaldeasturias.com\\\/magazine365\\\/author\\\/admin\\\/#author\"},\"creator\":{\"@id\":\"https:\\\/\\\/eldigitaldeasturias.com\\\/magazine365\\\/author\\\/admin\\\/#author\"},\"image\":{\"@type\":\"ImageObject\",\"url\":\"https:\\\/\\\/eldigitaldeasturias.com\\\/magazine365\\\/wp-content\\\/uploads\\\/2015\\\/06\\\/fotonoticia_20150603150929_800.jpg\",\"@id\":\"https:\\\/\\\/eldigitaldeasturias.com\\\/magazine365\\\/una-nueva-visita-guiada-invita-a-recorrer-las-casas-mudejares-la-plaza-alta-o-puerta-palmas-de-badajoz\\\/#mainImage\",\"width\":800,\"height\":1200},\"primaryImageOfPage\":{\"@id\":\"https:\\\/\\\/eldigitaldeasturias.com\\\/magazine365\\\/una-nueva-visita-guiada-invita-a-recorrer-las-casas-mudejares-la-plaza-alta-o-puerta-palmas-de-badajoz\\\/#mainImage\"},\"datePublished\":\"2015-06-05T02:55:12+02:00\",\"dateModified\":\"2015-06-05T02:55:12+02:00\"},{\"@type\":\"WebSite\",\"@id\":\"https:\\\/\\\/eldigitaldeasturias.com\\\/magazine365\\\/#website\",\"url\":\"https:\\\/\\\/eldigitaldeasturias.com\\\/magazine365\\\/\",\"name\":\"El Digital de Asturias\",\"description\":\"Revista de ocio, turismo y estilo de vida\",\"inLanguage\":\"es-ES\",\"publisher\":{\"@id\":\"https:\\\/\\\/eldigitaldeasturias.com\\\/magazine365\\\/#organization\"}}]}\n\t\t<\/script>\n\t\t<!-- All in One SEO Pro -->\r\n\t\t<title>Una nueva visita guiada invita a recorrer las Casas Mud\u00e9jares, la Plaza Alta o Puerta Palmas de Badajoz | El Digital de Asturias<\/title>\n\n","aioseo_head_json":{"title":"Una nueva visita guiada invita a recorrer las Casas Mud\u00e9jares, la Plaza Alta o Puerta Palmas de Badajoz | El Digital de Asturias","description":"La Concejal\u00eda de Turismo del Ayuntamiento de Badajoz ha organizado para el pr\u00f3ximo s\u00e1bado, d\u00eda 6, una nueva visita guiada 'Interiores' que invitar\u00e1 a recorrer las Casas Mud\u00e9jares, las plazas Alta y de la Soledad y Puerta Palmas. Estas visitas se realizan cada primer s\u00e1bado de mes y pretenden mostrar el interior de algunos de","canonical_url":"https:\/\/eldigitaldeasturias.com\/magazine365\/una-nueva-visita-guiada-invita-a-recorrer-las-casas-mudejares-la-plaza-alta-o-puerta-palmas-de-badajoz\/","robots":"max-image-preview:large","keywords":"noticias y actualidad","webmasterTools":{"google-site-verification":"UA-38556648-1","miscellaneous":""},"schema":{"@context":"https:\/\/schema.org","@graph":[{"@type":"Article","@id":"https:\/\/eldigitaldeasturias.com\/magazine365\/una-nueva-visita-guiada-invita-a-recorrer-las-casas-mudejares-la-plaza-alta-o-puerta-palmas-de-badajoz\/#article","name":"Una nueva visita guiada invita a recorrer las Casas Mud\u00e9jares, la Plaza Alta o Puerta Palmas de Badajoz | El Digital de Asturias","headline":"Una nueva visita guiada invita a recorrer las Casas Mud\u00e9jares, la Plaza Alta o Puerta Palmas de Badajoz","author":{"@id":"https:\/\/eldigitaldeasturias.com\/magazine365\/author\/admin\/#author"},"publisher":{"@id":"https:\/\/eldigitaldeasturias.com\/magazine365\/#organization"},"image":{"@type":"ImageObject","url":"https:\/\/eldigitaldeasturias.com\/magazine365\/wp-content\/uploads\/2015\/06\/fotonoticia_20150603150929_800.jpg","width":800,"height":1200},"datePublished":"2015-06-05T02:55:12+02:00","dateModified":"2015-06-05T02:55:12+02:00","inLanguage":"es-ES","mainEntityOfPage":{"@id":"https:\/\/eldigitaldeasturias.com\/magazine365\/una-nueva-visita-guiada-invita-a-recorrer-las-casas-mudejares-la-plaza-alta-o-puerta-palmas-de-badajoz\/#webpage"},"isPartOf":{"@id":"https:\/\/eldigitaldeasturias.com\/magazine365\/una-nueva-visita-guiada-invita-a-recorrer-las-casas-mudejares-la-plaza-alta-o-puerta-palmas-de-badajoz\/#webpage"},"articleSection":"Noticias y Actualidad"},{"@type":"BreadcrumbList","@id":"https:\/\/eldigitaldeasturias.com\/magazine365\/una-nueva-visita-guiada-invita-a-recorrer-las-casas-mudejares-la-plaza-alta-o-puerta-palmas-de-badajoz\/#breadcrumblist","itemListElement":[{"@type":"ListItem","@id":"https:\/\/eldigitaldeasturias.com\/magazine365#listItem","position":1,"name":"Home","item":"https:\/\/eldigitaldeasturias.com\/magazine365","nextItem":{"@type":"ListItem","@id":"https:\/\/eldigitaldeasturias.com\/magazine365\/category\/noticias-actualidad\/#listItem","name":"Noticias y Actualidad"}},{"@type":"ListItem","@id":"https:\/\/eldigitaldeasturias.com\/magazine365\/category\/noticias-actualidad\/#listItem","position":2,"name":"Noticias y Actualidad","item":"https:\/\/eldigitaldeasturias.com\/magazine365\/category\/noticias-actualidad\/","nextItem":{"@type":"ListItem","@id":"https:\/\/eldigitaldeasturias.com\/magazine365\/una-nueva-visita-guiada-invita-a-recorrer-las-casas-mudejares-la-plaza-alta-o-puerta-palmas-de-badajoz\/#listItem","name":"Una nueva visita guiada invita a recorrer las Casas Mud\u00e9jares, la Plaza Alta o Puerta Palmas de Badajoz"},"previousItem":{"@type":"ListItem","@id":"https:\/\/eldigitaldeasturias.com\/magazine365#listItem","name":"Home"}},{"@type":"ListItem","@id":"https:\/\/eldigitaldeasturias.com\/magazine365\/una-nueva-visita-guiada-invita-a-recorrer-las-casas-mudejares-la-plaza-alta-o-puerta-palmas-de-badajoz\/#listItem","position":3,"name":"Una nueva visita guiada invita a recorrer las Casas Mud\u00e9jares, la Plaza Alta o Puerta Palmas de Badajoz","previousItem":{"@type":"ListItem","@id":"https:\/\/eldigitaldeasturias.com\/magazine365\/category\/noticias-actualidad\/#listItem","name":"Noticias y Actualidad"}}]},{"@type":"Organization","@id":"https:\/\/eldigitaldeasturias.com\/magazine365\/#organization","name":"El digital de Asturias","description":"Revista de ocio, turismo y estilo de vida","url":"https:\/\/eldigitaldeasturias.com\/magazine365\/","logo":{"@type":"ImageObject","url":"https:\/\/www.eldigitaldeasturias.com\/noticias\/wp-content\/uploads\/2020\/12\/EDA.jpg","@id":"https:\/\/eldigitaldeasturias.com\/magazine365\/una-nueva-visita-guiada-invita-a-recorrer-las-casas-mudejares-la-plaza-alta-o-puerta-palmas-de-badajoz\/#organizationLogo"},"image":{"@id":"https:\/\/eldigitaldeasturias.com\/magazine365\/una-nueva-visita-guiada-invita-a-recorrer-las-casas-mudejares-la-plaza-alta-o-puerta-palmas-de-badajoz\/#organizationLogo"}},{"@type":"Person","@id":"https:\/\/eldigitaldeasturias.com\/magazine365\/author\/admin\/#author","url":"https:\/\/eldigitaldeasturias.com\/magazine365\/author\/admin\/","name":"admin","image":{"@type":"ImageObject","@id":"https:\/\/eldigitaldeasturias.com\/magazine365\/una-nueva-visita-guiada-invita-a-recorrer-las-casas-mudejares-la-plaza-alta-o-puerta-palmas-de-badajoz\/#authorImage","url":"https:\/\/eldigitaldeasturias.com\/magazine365\/wp-content\/litespeed\/avatar\/e571bcf59a0edd6fa6838245a470f2fe.jpg?ver=1776969259","width":96,"height":96,"caption":"admin"}},{"@type":"WebPage","@id":"https:\/\/eldigitaldeasturias.com\/magazine365\/una-nueva-visita-guiada-invita-a-recorrer-las-casas-mudejares-la-plaza-alta-o-puerta-palmas-de-badajoz\/#webpage","url":"https:\/\/eldigitaldeasturias.com\/magazine365\/una-nueva-visita-guiada-invita-a-recorrer-las-casas-mudejares-la-plaza-alta-o-puerta-palmas-de-badajoz\/","name":"Una nueva visita guiada invita a recorrer las Casas Mud\u00e9jares, la Plaza Alta o Puerta Palmas de Badajoz | El Digital de Asturias","description":"La Concejal\u00eda de Turismo del Ayuntamiento de Badajoz ha organizado para el pr\u00f3ximo s\u00e1bado, d\u00eda 6, una nueva visita guiada 'Interiores' que invitar\u00e1 a recorrer las Casas Mud\u00e9jares, las plazas Alta y de la Soledad y Puerta Palmas. Estas visitas se realizan cada primer s\u00e1bado de mes y pretenden mostrar el interior de algunos de","inLanguage":"es-ES","isPartOf":{"@id":"https:\/\/eldigitaldeasturias.com\/magazine365\/#website"},"breadcrumb":{"@id":"https:\/\/eldigitaldeasturias.com\/magazine365\/una-nueva-visita-guiada-invita-a-recorrer-las-casas-mudejares-la-plaza-alta-o-puerta-palmas-de-badajoz\/#breadcrumblist"},"author":{"@id":"https:\/\/eldigitaldeasturias.com\/magazine365\/author\/admin\/#author"},"creator":{"@id":"https:\/\/eldigitaldeasturias.com\/magazine365\/author\/admin\/#author"},"image":{"@type":"ImageObject","url":"https:\/\/eldigitaldeasturias.com\/magazine365\/wp-content\/uploads\/2015\/06\/fotonoticia_20150603150929_800.jpg","@id":"https:\/\/eldigitaldeasturias.com\/magazine365\/una-nueva-visita-guiada-invita-a-recorrer-las-casas-mudejares-la-plaza-alta-o-puerta-palmas-de-badajoz\/#mainImage","width":800,"height":1200},"primaryImageOfPage":{"@id":"https:\/\/eldigitaldeasturias.com\/magazine365\/una-nueva-visita-guiada-invita-a-recorrer-las-casas-mudejares-la-plaza-alta-o-puerta-palmas-de-badajoz\/#mainImage"},"datePublished":"2015-06-05T02:55:12+02:00","dateModified":"2015-06-05T02:55:12+02:00"},{"@type":"WebSite","@id":"https:\/\/eldigitaldeasturias.com\/magazine365\/#website","url":"https:\/\/eldigitaldeasturias.com\/magazine365\/","name":"El Digital de Asturias","description":"Revista de ocio, turismo y estilo de vida","inLanguage":"es-ES","publisher":{"@id":"https:\/\/eldigitaldeasturias.com\/magazine365\/#organization"}}]},"og:locale":"es_ES","og:site_name":"El Digital de Asturias \u2013 Revista de ocio, turismo y estilo de vida","og:type":"article","og:title":"Una nueva visita guiada invita a recorrer las Casas Mud\u00e9jares, la Plaza Alta o Puerta Palmas de Badajoz | El Digital de Asturias","og:description":"La Concejal\u00eda de Turismo del Ayuntamiento de Badajoz ha organizado para el pr\u00f3ximo s\u00e1bado, d\u00eda 6, una nueva visita guiada 'Interiores' que invitar\u00e1 a recorrer las Casas Mud\u00e9jares, las plazas Alta y de la Soledad y Puerta Palmas. Estas visitas se realizan cada primer s\u00e1bado de mes y pretenden mostrar el interior de algunos de","og:url":"https:\/\/eldigitaldeasturias.com\/magazine365\/una-nueva-visita-guiada-invita-a-recorrer-las-casas-mudejares-la-plaza-alta-o-puerta-palmas-de-badajoz\/","og:image":"https:\/\/eldigitaldeasturias.com\/magazine365\/wp-content\/uploads\/2015\/06\/fotonoticia_20150603150929_800.jpg","og:image:secure_url":"https:\/\/eldigitaldeasturias.com\/magazine365\/wp-content\/uploads\/2015\/06\/fotonoticia_20150603150929_800.jpg","og:image:width":800,"og:image:height":1200,"article:published_time":"2015-06-05T01:25:12+00:00","article:modified_time":"2015-06-05T01:25:12+00:00","twitter:card":"summary_large_image","twitter:title":"Una nueva visita guiada invita a recorrer las Casas Mud\u00e9jares, la Plaza Alta o Puerta Palmas de Badajoz | El Digital de Asturias","twitter:description":"La Concejal\u00eda de Turismo del Ayuntamiento de Badajoz ha organizado para el pr\u00f3ximo s\u00e1bado, d\u00eda 6, una nueva visita guiada 'Interiores' que invitar\u00e1 a recorrer las Casas Mud\u00e9jares, las plazas Alta y de la Soledad y Puerta Palmas. Estas visitas se realizan cada primer s\u00e1bado de mes y pretenden mostrar el interior de algunos de","twitter:image":"https:\/\/eldigitaldeasturias.com\/magazine365\/wp-content\/uploads\/2015\/06\/fotonoticia_20150603150929_800.jpg"},"aioseo_meta_data":{"post_id":"38753","title":null,"description":null,"keywords":null,"keyphrases":null,"primary_term":null,"canonical_url":null,"og_title":null,"og_description":null,"og_object_type":"default","og_image_type":"default","og_image_url":null,"og_image_width":null,"og_image_height":null,"og_image_custom_url":null,"og_image_custom_fields":null,"og_video":null,"og_custom_url":null,"og_article_section":null,"og_article_tags":null,"twitter_use_og":false,"twitter_card":"default","twitter_image_type":"default","twitter_image_url":null,"twitter_image_custom_url":null,"twitter_image_custom_fields":null,"twitter_title":null,"twitter_description":null,"schema":{"blockGraphs":[],"customGraphs":[],"default":{"data":{"Article":[],"Course":[],"Dataset":[],"FAQPage":[],"Movie":[],"Person":[],"Product":[],"ProductReview":[],"Car":[],"Recipe":[],"Service":[],"SoftwareApplication":[],"WebPage":[]},"graphName":"","isEnabled":true},"graphs":[],"defaultGraph":"","defaultPostTypeGraph":""},"schema_type":null,"schema_type_options":null,"pillar_content":false,"robots_default":true,"robots_noindex":false,"robots_noarchive":false,"robots_nosnippet":false,"robots_nofollow":false,"robots_noimageindex":false,"robots_noodp":false,"robots_notranslate":false,"robots_max_snippet":null,"robots_max_videopreview":null,"robots_max_imagepreview":"large","priority":null,"frequency":null,"location":null,"local_seo":null,"seo_analyzer_scan_date":"2025-09-19 10:12:58","breadcrumb_settings":null,"limit_modified_date":false,"open_ai":null,"ai":null,"created":"2021-03-09 02:49:44","updated":"2025-09-19 10:12:58"},"aioseo_breadcrumb":"<div class=\"aioseo-breadcrumbs\"><span class=\"aioseo-breadcrumb\">\n\t<a href=\"https:\/\/eldigitaldeasturias.com\/magazine365\" title=\"Home\">Home<\/a>\n<\/span><span class=\"aioseo-breadcrumb-separator\">\u2013<\/span><span class=\"aioseo-breadcrumb\">\n\t<a href=\"https:\/\/eldigitaldeasturias.com\/magazine365\/category\/noticias-actualidad\/\" title=\"Noticias y Actualidad\">Noticias y Actualidad<\/a>\n<\/span><span class=\"aioseo-breadcrumb-separator\">\u2013<\/span><span class=\"aioseo-breadcrumb\">\n\t<a href=\"https:\/\/eldigitaldeasturias.com\/magazine365\/una-nueva-visita-guiada-invita-a-recorrer-las-casas-mudejares-la-plaza-alta-o-puerta-palmas-de-badajoz\/\" title=\"Una nueva visita guiada invita a recorrer las Casas Mud\u00e9jares, la Plaza Alta o Puerta Palmas de Badajoz\">Una nueva visita guiada invita a recorrer las Casas Mud\u00e9jares, la Plaza Alta o Puerta Palmas de Badajoz<\/a>\n<\/span><\/div>","aioseo_breadcrumb_json":[{"label":"Home","link":"https:\/\/eldigitaldeasturias.com\/magazine365"},{"label":"Noticias y Actualidad","link":"https:\/\/eldigitaldeasturias.com\/magazine365\/category\/noticias-actualidad\/"},{"label":"Una nueva visita guiada invita a recorrer las Casas Mud\u00e9jares, la Plaza Alta o Puerta Palmas de Badajoz","link":"https:\/\/eldigitaldeasturias.com\/magazine365\/una-nueva-visita-guiada-invita-a-recorrer-las-casas-mudejares-la-plaza-alta-o-puerta-palmas-de-badajoz\/"}],"_links":{"self":[{"href":"https:\/\/eldigitaldeasturias.com\/magazine365\/wp-json\/wp\/v2\/posts\/38753","targetHints":{"allow":["GET"]}}],"collection":[{"href":"https:\/\/eldigitaldeasturias.com\/magazine365\/wp-json\/wp\/v2\/posts"}],"about":[{"href":"https:\/\/eldigitaldeasturias.com\/magazine365\/wp-json\/wp\/v2\/types\/post"}],"author":[{"embeddable":true,"href":"https:\/\/eldigitaldeasturias.com\/magazine365\/wp-json\/wp\/v2\/users\/1"}],"replies":[{"embeddable":true,"href":"https:\/\/eldigitaldeasturias.com\/magazine365\/wp-json\/wp\/v2\/comments?post=38753"}],"version-history":[{"count":0,"href":"https:\/\/eldigitaldeasturias.com\/magazine365\/wp-json\/wp\/v2\/posts\/38753\/revisions"}],"wp:featuredmedia":[{"embeddable":true,"href":"https:\/\/eldigitaldeasturias.com\/magazine365\/wp-json\/wp\/v2\/media\/38754"}],"wp:attachment":[{"href":"https:\/\/eldigitaldeasturias.com\/magazine365\/wp-json\/wp\/v2\/media?parent=38753"}],"wp:term":[{"taxonomy":"category","embeddable":true,"href":"https:\/\/eldigitaldeasturias.com\/magazine365\/wp-json\/wp\/v2\/categories?post=38753"},{"taxonomy":"post_tag","embeddable":true,"href":"https:\/\/eldigitaldeasturias.com\/magazine365\/wp-json\/wp\/v2\/tags?post=38753"}],"curies":[{"name":"wp","href":"https:\/\/api.w.org\/{rel}","templated":true}]}}