{"id":38750,"date":"2015-06-05T02:53:59","date_gmt":"2015-06-05T01:23:59","guid":{"rendered":"http:\/\/eldigitaldeasturias.com\/magazine365\/?p=38750"},"modified":"2015-06-05T02:53:59","modified_gmt":"2015-06-05T01:23:59","slug":"barcelona-dedica-una-semana-a-los-libros-prohibidos","status":"publish","type":"post","link":"https:\/\/eldigitaldeasturias.com\/magazine365\/barcelona-dedica-una-semana-a-los-libros-prohibidos\/","title":{"rendered":"Barcelona dedica una semana a los libros prohibidos"},"content":{"rendered":"<p><img fetchpriority=\"high\" decoding=\"async\" class=\"alignleft size-medium wp-image-38751\" src=\"https:\/\/eldigitaldeasturias.com\/magazine365\/wp-content\/uploads\/2015\/06\/fotonoticia_20150603150530_800-360x270.jpg\" alt=\"fotonoticia_20150603150530_800\" width=\"360\" height=\"270\" srcset=\"https:\/\/eldigitaldeasturias.com\/magazine365\/wp-content\/uploads\/2015\/06\/fotonoticia_20150603150530_800-360x270.jpg 360w, https:\/\/eldigitaldeasturias.com\/magazine365\/wp-content\/uploads\/2015\/06\/fotonoticia_20150603150530_800-650x488.jpg 650w, https:\/\/eldigitaldeasturias.com\/magazine365\/wp-content\/uploads\/2015\/06\/fotonoticia_20150603150530_800-768x576.jpg 768w, https:\/\/eldigitaldeasturias.com\/magazine365\/wp-content\/uploads\/2015\/06\/fotonoticia_20150603150530_800-150x113.jpg 150w, https:\/\/eldigitaldeasturias.com\/magazine365\/wp-content\/uploads\/2015\/06\/fotonoticia_20150603150530_800-450x338.jpg 450w, https:\/\/eldigitaldeasturias.com\/magazine365\/wp-content\/uploads\/2015\/06\/fotonoticia_20150603150530_800-80x60.jpg 80w, https:\/\/eldigitaldeasturias.com\/magazine365\/wp-content\/uploads\/2015\/06\/fotonoticia_20150603150530_800-265x198.jpg 265w, https:\/\/eldigitaldeasturias.com\/magazine365\/wp-content\/uploads\/2015\/06\/fotonoticia_20150603150530_800-696x522.jpg 696w, https:\/\/eldigitaldeasturias.com\/magazine365\/wp-content\/uploads\/2015\/06\/fotonoticia_20150603150530_800-560x420.jpg 560w, https:\/\/eldigitaldeasturias.com\/magazine365\/wp-content\/uploads\/2015\/06\/fotonoticia_20150603150530_800-90x67.jpg 90w, https:\/\/eldigitaldeasturias.com\/magazine365\/wp-content\/uploads\/2015\/06\/fotonoticia_20150603150530_800-100x75.jpg 100w, https:\/\/eldigitaldeasturias.com\/magazine365\/wp-content\/uploads\/2015\/06\/fotonoticia_20150603150530_800.jpg 800w\" sizes=\"(max-width: 360px) 100vw, 360px\" \/>El Born Centre Cultural de Barcelona acoge desde este mi\u00e9rcoles al 11 de junio la Semana del Libro Prohibido, una propuesta que recorre la prohibici\u00f3n o censura de libros a lo largo de la historia y que tiene sus platos fuertes en una exposici\u00f3n y una feria.<\/p>\n<p>La Semana del Libro Prohibido contar\u00e1 adem\u00e1s con la obra de teatro &#8216;L&#8217;Editto Bulgaro&#8217;, un espect\u00e1culo de La Cal\u00f3rica que recrea el episodio en el que Silvio Berlusconi pidi\u00f3 a la RAI emprender medidas contra un humorista; un concierto de m\u00fasicas prohibidas a cargo de Gemma Humet y Rub\u00e9n Fern\u00e1ndez; dos mesas redondas que giran alrededor de la censura y las bibliotecas, y talleres infantiles.<\/p>\n<p>El director del Born Centre Cultural, Quim Torra, ha remarcado que la exposici\u00f3n es muy divulgativa, pero que la feria mostrar\u00e1 la inmensidad del tema, con una selecci\u00f3n de obras a cargo de 18 librer\u00edas.<\/p>\n<p>La comisar\u00eda de la exposici\u00f3n &#8216;Vermell de censura&#8217; &#8211;que se podr\u00e1 ver hasta el 5 de julio&#8211;, Montse Vila, ha remarado que la muestra repasa obras que han sido \u00abrecortadas o manipuladas, escondidas o destruidas\u00bb.<\/p>\n<p>Ha sostenido que es una b\u00fasqueda inabarcable y que la exposici\u00f3n se centra b\u00e1sicamente en casos de obras de autores europeos y americanos, que permite hacer un repaso por las mejores obras de la literatura universal.<\/p>\n<p>En la exposici\u00f3n, compuesta por una serie de plafones divididos en tres \u00e1mbitos &#8211;obras catalanas, universales y de tem\u00e1tica infantil-juvenil&#8211;, se repasan algunos de los casos m\u00e1s conocidos de censura junto a otros m\u00e1s sorprendentes.<\/p>\n<p>Entre ellos est\u00e1n &#8216;Incerta gl\u00f2ria&#8217;, de Joan Sales, del que existen seis informes de censura por el tema religioso, pero que tras conseguir el &#8216;nihil obstat&#8217; del Arzobispado de Barcelona se public\u00f3; &#8216;El carrer de les Cam\u00e8lies&#8217;, de Merc\u00e8 Rodoreda, que fue considerada vulgar; &#8216;Vida privada&#8217;, de Josep Maria de Sagarra, que a juicio del censor era contraria a la monarqu\u00eda y la dictadura de Primo de Rivera, y &#8216;El d\u00eda que muri\u00f3 Marilyn&#8217;, de Terenci Moix, del que se suprimieron pasajes de sexo o cr\u00edticos con la religi\u00f3n y el franquismo.<\/p>\n<p>DE ULISES A HARRY POTTER<\/p>\n<p>M\u00e1s all\u00e1 de Catalu\u00f1a, la exposici\u00f3n tambi\u00e9n repasa obras universales como &#8216;Ulises&#8217;, de James Joyce, considerada en su momento pornogr\u00e1fica y cuya acci\u00f3n de la censura americana provoc\u00f3 multas, condenas y quema de ejemplares; &#8216;El Decamer\u00f3n&#8217;, de Bocaccio, incluido en el Index Librorum Prohibitorium &#8211;que la Iglesia cat\u00f3lica aboli\u00f3 en los a\u00f1os 60 del siglo XX&#8211;, y &#8216;Lolita&#8217;, de Vladimir Nabokov, que fue prohibida en varios pa\u00edses.<\/p>\n<p>Tampoco la literatura infantil y juvenil se ha salvado de la censura a lo largo de la historia, con ejemplos como &#8216;Los viajes de Gulliver&#8217;, de Jonathan Swift, censurado en muchos pa\u00edses por tratar temas como la corrupci\u00f3n pol\u00edtica; &#8216;Harry Potter&#8217;, de J.K.Rowling, con litigios abiertos por sectores religiosos en Estados Unidos al considerar que conten\u00eda elementos de ocultismo, y &#8216;El diario de Anna Frank&#8217;, que en su primera edici\u00f3n present\u00f3 partes censuradas por el propio padre de la autora.<\/p>\n<p>A esta exposici\u00f3n, se le sumar\u00e1 el domingo 7 de junio la Feria del Libro Prohibido en la plaza Comercial, que ser\u00e1 la \u00abm\u00e1s subversiva\u00bb hecha en Barcelona, ha explicado el presidente del Gremi de Llibreters de Catalu\u00f1a, Antoni Daura.<\/p>\n<p>\u00abSer\u00eda interesante que nunca se tuviese que hacer una feria del libro prohibido, pero eso es una quimera\u00bb, ha afirmado, y ha destacado que habr\u00e1 libros que en la actualidad contin\u00faan prohibidos en determinados pa\u00edses.<\/p>\n","protected":false},"excerpt":{"rendered":"<p>El Born Centre Cultural de Barcelona acoge desde este mi\u00e9rcoles al 11 de junio la Semana del Libro Prohibido, una propuesta que recorre la prohibici\u00f3n o censura de libros a lo largo de la historia y que tiene sus platos fuertes en una exposici\u00f3n y una feria. La Semana del Libro Prohibido contar\u00e1 adem\u00e1s con<\/p>\n","protected":false},"author":1,"featured_media":38751,"comment_status":"open","ping_status":"closed","sticky":false,"template":"","format":"standard","meta":{"footnotes":""},"categories":[224],"tags":[],"class_list":{"0":"post-38750","1":"post","2":"type-post","3":"status-publish","4":"format-standard","5":"has-post-thumbnail","7":"category-noticias-actualidad"},"aioseo_notices":[],"aioseo_head":"\n\t\t<!-- All in One SEO Pro 4.9.6.1 - aioseo.com -->\n\t<meta name=\"description\" content=\"El Born Centre Cultural de Barcelona acoge desde este mi\u00e9rcoles al 11 de junio la Semana del Libro Prohibido, una propuesta que recorre la prohibici\u00f3n o censura de libros a lo largo de la historia y que tiene sus platos fuertes en una exposici\u00f3n y una feria. La Semana del Libro Prohibido contar\u00e1 adem\u00e1s con\" \/>\n\t<meta name=\"robots\" content=\"max-image-preview:large\" \/>\n\t<meta name=\"author\" content=\"admin\"\/>\n\t<meta name=\"google-site-verification\" content=\"UA-38556648-1\" \/>\n\t<meta name=\"keywords\" content=\"noticias y actualidad\" \/>\n\t<link rel=\"canonical\" href=\"https:\/\/eldigitaldeasturias.com\/magazine365\/barcelona-dedica-una-semana-a-los-libros-prohibidos\/\" \/>\n\t<meta name=\"generator\" content=\"All in One SEO Pro (AIOSEO) 4.9.6.1\" \/>\n\t\t<meta property=\"og:locale\" content=\"es_ES\" \/>\n\t\t<meta property=\"og:site_name\" content=\"El Digital de Asturias \u2013 Revista de ocio, turismo y estilo de vida\" \/>\n\t\t<meta property=\"og:type\" content=\"article\" \/>\n\t\t<meta property=\"og:title\" content=\"Barcelona dedica una semana a los libros prohibidos | El Digital de Asturias\" \/>\n\t\t<meta property=\"og:description\" content=\"El Born Centre Cultural de Barcelona acoge desde este mi\u00e9rcoles al 11 de junio la Semana del Libro Prohibido, una propuesta que recorre la prohibici\u00f3n o censura de libros a lo largo de la historia y que tiene sus platos fuertes en una exposici\u00f3n y una feria. La Semana del Libro Prohibido contar\u00e1 adem\u00e1s con\" \/>\n\t\t<meta property=\"og:url\" content=\"https:\/\/eldigitaldeasturias.com\/magazine365\/barcelona-dedica-una-semana-a-los-libros-prohibidos\/\" \/>\n\t\t<meta property=\"og:image\" content=\"https:\/\/eldigitaldeasturias.com\/magazine365\/wp-content\/uploads\/2015\/06\/fotonoticia_20150603150530_800.jpg\" \/>\n\t\t<meta property=\"og:image:secure_url\" content=\"https:\/\/eldigitaldeasturias.com\/magazine365\/wp-content\/uploads\/2015\/06\/fotonoticia_20150603150530_800.jpg\" \/>\n\t\t<meta property=\"og:image:width\" content=\"800\" \/>\n\t\t<meta property=\"og:image:height\" content=\"600\" \/>\n\t\t<meta property=\"article:published_time\" content=\"2015-06-05T01:23:59+00:00\" \/>\n\t\t<meta property=\"article:modified_time\" content=\"2015-06-05T01:23:59+00:00\" \/>\n\t\t<meta name=\"twitter:card\" content=\"summary_large_image\" \/>\n\t\t<meta name=\"twitter:title\" content=\"Barcelona dedica una semana a los libros prohibidos | El Digital de Asturias\" \/>\n\t\t<meta name=\"twitter:description\" content=\"El Born Centre Cultural de Barcelona acoge desde este mi\u00e9rcoles al 11 de junio la Semana del Libro Prohibido, una propuesta que recorre la prohibici\u00f3n o censura de libros a lo largo de la historia y que tiene sus platos fuertes en una exposici\u00f3n y una feria. La Semana del Libro Prohibido contar\u00e1 adem\u00e1s con\" \/>\n\t\t<meta name=\"twitter:image\" content=\"https:\/\/eldigitaldeasturias.com\/magazine365\/wp-content\/uploads\/2015\/06\/fotonoticia_20150603150530_800.jpg\" \/>\n\t\t<script type=\"application\/ld+json\" class=\"aioseo-schema\">\n\t\t\t{\"@context\":\"https:\\\/\\\/schema.org\",\"@graph\":[{\"@type\":\"Article\",\"@id\":\"https:\\\/\\\/eldigitaldeasturias.com\\\/magazine365\\\/barcelona-dedica-una-semana-a-los-libros-prohibidos\\\/#article\",\"name\":\"Barcelona dedica una semana a los libros prohibidos | El Digital de Asturias\",\"headline\":\"Barcelona dedica una semana a los libros prohibidos\",\"author\":{\"@id\":\"https:\\\/\\\/eldigitaldeasturias.com\\\/magazine365\\\/author\\\/admin\\\/#author\"},\"publisher\":{\"@id\":\"https:\\\/\\\/eldigitaldeasturias.com\\\/magazine365\\\/#organization\"},\"image\":{\"@type\":\"ImageObject\",\"url\":\"https:\\\/\\\/eldigitaldeasturias.com\\\/magazine365\\\/wp-content\\\/uploads\\\/2015\\\/06\\\/fotonoticia_20150603150530_800.jpg\",\"width\":800,\"height\":600},\"datePublished\":\"2015-06-05T02:53:59+02:00\",\"dateModified\":\"2015-06-05T02:53:59+02:00\",\"inLanguage\":\"es-ES\",\"mainEntityOfPage\":{\"@id\":\"https:\\\/\\\/eldigitaldeasturias.com\\\/magazine365\\\/barcelona-dedica-una-semana-a-los-libros-prohibidos\\\/#webpage\"},\"isPartOf\":{\"@id\":\"https:\\\/\\\/eldigitaldeasturias.com\\\/magazine365\\\/barcelona-dedica-una-semana-a-los-libros-prohibidos\\\/#webpage\"},\"articleSection\":\"Noticias y Actualidad\"},{\"@type\":\"BreadcrumbList\",\"@id\":\"https:\\\/\\\/eldigitaldeasturias.com\\\/magazine365\\\/barcelona-dedica-una-semana-a-los-libros-prohibidos\\\/#breadcrumblist\",\"itemListElement\":[{\"@type\":\"ListItem\",\"@id\":\"https:\\\/\\\/eldigitaldeasturias.com\\\/magazine365#listItem\",\"position\":1,\"name\":\"Home\",\"item\":\"https:\\\/\\\/eldigitaldeasturias.com\\\/magazine365\",\"nextItem\":{\"@type\":\"ListItem\",\"@id\":\"https:\\\/\\\/eldigitaldeasturias.com\\\/magazine365\\\/category\\\/noticias-actualidad\\\/#listItem\",\"name\":\"Noticias y Actualidad\"}},{\"@type\":\"ListItem\",\"@id\":\"https:\\\/\\\/eldigitaldeasturias.com\\\/magazine365\\\/category\\\/noticias-actualidad\\\/#listItem\",\"position\":2,\"name\":\"Noticias y Actualidad\",\"item\":\"https:\\\/\\\/eldigitaldeasturias.com\\\/magazine365\\\/category\\\/noticias-actualidad\\\/\",\"nextItem\":{\"@type\":\"ListItem\",\"@id\":\"https:\\\/\\\/eldigitaldeasturias.com\\\/magazine365\\\/barcelona-dedica-una-semana-a-los-libros-prohibidos\\\/#listItem\",\"name\":\"Barcelona dedica una semana a los libros prohibidos\"},\"previousItem\":{\"@type\":\"ListItem\",\"@id\":\"https:\\\/\\\/eldigitaldeasturias.com\\\/magazine365#listItem\",\"name\":\"Home\"}},{\"@type\":\"ListItem\",\"@id\":\"https:\\\/\\\/eldigitaldeasturias.com\\\/magazine365\\\/barcelona-dedica-una-semana-a-los-libros-prohibidos\\\/#listItem\",\"position\":3,\"name\":\"Barcelona dedica una semana a los libros prohibidos\",\"previousItem\":{\"@type\":\"ListItem\",\"@id\":\"https:\\\/\\\/eldigitaldeasturias.com\\\/magazine365\\\/category\\\/noticias-actualidad\\\/#listItem\",\"name\":\"Noticias y Actualidad\"}}]},{\"@type\":\"Organization\",\"@id\":\"https:\\\/\\\/eldigitaldeasturias.com\\\/magazine365\\\/#organization\",\"name\":\"El digital de Asturias\",\"description\":\"Revista de ocio, turismo y estilo de vida\",\"url\":\"https:\\\/\\\/eldigitaldeasturias.com\\\/magazine365\\\/\",\"logo\":{\"@type\":\"ImageObject\",\"url\":\"https:\\\/\\\/www.eldigitaldeasturias.com\\\/noticias\\\/wp-content\\\/uploads\\\/2020\\\/12\\\/EDA.jpg\",\"@id\":\"https:\\\/\\\/eldigitaldeasturias.com\\\/magazine365\\\/barcelona-dedica-una-semana-a-los-libros-prohibidos\\\/#organizationLogo\"},\"image\":{\"@id\":\"https:\\\/\\\/eldigitaldeasturias.com\\\/magazine365\\\/barcelona-dedica-una-semana-a-los-libros-prohibidos\\\/#organizationLogo\"}},{\"@type\":\"Person\",\"@id\":\"https:\\\/\\\/eldigitaldeasturias.com\\\/magazine365\\\/author\\\/admin\\\/#author\",\"url\":\"https:\\\/\\\/eldigitaldeasturias.com\\\/magazine365\\\/author\\\/admin\\\/\",\"name\":\"admin\",\"image\":{\"@type\":\"ImageObject\",\"@id\":\"https:\\\/\\\/eldigitaldeasturias.com\\\/magazine365\\\/barcelona-dedica-una-semana-a-los-libros-prohibidos\\\/#authorImage\",\"url\":\"https:\\\/\\\/eldigitaldeasturias.com\\\/magazine365\\\/wp-content\\\/litespeed\\\/avatar\\\/e571bcf59a0edd6fa6838245a470f2fe.jpg?ver=1776969259\",\"width\":96,\"height\":96,\"caption\":\"admin\"}},{\"@type\":\"WebPage\",\"@id\":\"https:\\\/\\\/eldigitaldeasturias.com\\\/magazine365\\\/barcelona-dedica-una-semana-a-los-libros-prohibidos\\\/#webpage\",\"url\":\"https:\\\/\\\/eldigitaldeasturias.com\\\/magazine365\\\/barcelona-dedica-una-semana-a-los-libros-prohibidos\\\/\",\"name\":\"Barcelona dedica una semana a los libros prohibidos | El Digital de Asturias\",\"description\":\"El Born Centre Cultural de Barcelona acoge desde este mi\\u00e9rcoles al 11 de junio la Semana del Libro Prohibido, una propuesta que recorre la prohibici\\u00f3n o censura de libros a lo largo de la historia y que tiene sus platos fuertes en una exposici\\u00f3n y una feria. La Semana del Libro Prohibido contar\\u00e1 adem\\u00e1s con\",\"inLanguage\":\"es-ES\",\"isPartOf\":{\"@id\":\"https:\\\/\\\/eldigitaldeasturias.com\\\/magazine365\\\/#website\"},\"breadcrumb\":{\"@id\":\"https:\\\/\\\/eldigitaldeasturias.com\\\/magazine365\\\/barcelona-dedica-una-semana-a-los-libros-prohibidos\\\/#breadcrumblist\"},\"author\":{\"@id\":\"https:\\\/\\\/eldigitaldeasturias.com\\\/magazine365\\\/author\\\/admin\\\/#author\"},\"creator\":{\"@id\":\"https:\\\/\\\/eldigitaldeasturias.com\\\/magazine365\\\/author\\\/admin\\\/#author\"},\"image\":{\"@type\":\"ImageObject\",\"url\":\"https:\\\/\\\/eldigitaldeasturias.com\\\/magazine365\\\/wp-content\\\/uploads\\\/2015\\\/06\\\/fotonoticia_20150603150530_800.jpg\",\"@id\":\"https:\\\/\\\/eldigitaldeasturias.com\\\/magazine365\\\/barcelona-dedica-una-semana-a-los-libros-prohibidos\\\/#mainImage\",\"width\":800,\"height\":600},\"primaryImageOfPage\":{\"@id\":\"https:\\\/\\\/eldigitaldeasturias.com\\\/magazine365\\\/barcelona-dedica-una-semana-a-los-libros-prohibidos\\\/#mainImage\"},\"datePublished\":\"2015-06-05T02:53:59+02:00\",\"dateModified\":\"2015-06-05T02:53:59+02:00\"},{\"@type\":\"WebSite\",\"@id\":\"https:\\\/\\\/eldigitaldeasturias.com\\\/magazine365\\\/#website\",\"url\":\"https:\\\/\\\/eldigitaldeasturias.com\\\/magazine365\\\/\",\"name\":\"El Digital de Asturias\",\"description\":\"Revista de ocio, turismo y estilo de vida\",\"inLanguage\":\"es-ES\",\"publisher\":{\"@id\":\"https:\\\/\\\/eldigitaldeasturias.com\\\/magazine365\\\/#organization\"}}]}\n\t\t<\/script>\n\t\t<!-- All in One SEO Pro -->\r\n\t\t<title>Barcelona dedica una semana a los libros prohibidos | El Digital de Asturias<\/title>\n\n","aioseo_head_json":{"title":"Barcelona dedica una semana a los libros prohibidos | El Digital de Asturias","description":"El Born Centre Cultural de Barcelona acoge desde este mi\u00e9rcoles al 11 de junio la Semana del Libro Prohibido, una propuesta que recorre la prohibici\u00f3n o censura de libros a lo largo de la historia y que tiene sus platos fuertes en una exposici\u00f3n y una feria. La Semana del Libro Prohibido contar\u00e1 adem\u00e1s con","canonical_url":"https:\/\/eldigitaldeasturias.com\/magazine365\/barcelona-dedica-una-semana-a-los-libros-prohibidos\/","robots":"max-image-preview:large","keywords":"noticias y actualidad","webmasterTools":{"google-site-verification":"UA-38556648-1","miscellaneous":""},"schema":{"@context":"https:\/\/schema.org","@graph":[{"@type":"Article","@id":"https:\/\/eldigitaldeasturias.com\/magazine365\/barcelona-dedica-una-semana-a-los-libros-prohibidos\/#article","name":"Barcelona dedica una semana a los libros prohibidos | El Digital de Asturias","headline":"Barcelona dedica una semana a los libros prohibidos","author":{"@id":"https:\/\/eldigitaldeasturias.com\/magazine365\/author\/admin\/#author"},"publisher":{"@id":"https:\/\/eldigitaldeasturias.com\/magazine365\/#organization"},"image":{"@type":"ImageObject","url":"https:\/\/eldigitaldeasturias.com\/magazine365\/wp-content\/uploads\/2015\/06\/fotonoticia_20150603150530_800.jpg","width":800,"height":600},"datePublished":"2015-06-05T02:53:59+02:00","dateModified":"2015-06-05T02:53:59+02:00","inLanguage":"es-ES","mainEntityOfPage":{"@id":"https:\/\/eldigitaldeasturias.com\/magazine365\/barcelona-dedica-una-semana-a-los-libros-prohibidos\/#webpage"},"isPartOf":{"@id":"https:\/\/eldigitaldeasturias.com\/magazine365\/barcelona-dedica-una-semana-a-los-libros-prohibidos\/#webpage"},"articleSection":"Noticias y Actualidad"},{"@type":"BreadcrumbList","@id":"https:\/\/eldigitaldeasturias.com\/magazine365\/barcelona-dedica-una-semana-a-los-libros-prohibidos\/#breadcrumblist","itemListElement":[{"@type":"ListItem","@id":"https:\/\/eldigitaldeasturias.com\/magazine365#listItem","position":1,"name":"Home","item":"https:\/\/eldigitaldeasturias.com\/magazine365","nextItem":{"@type":"ListItem","@id":"https:\/\/eldigitaldeasturias.com\/magazine365\/category\/noticias-actualidad\/#listItem","name":"Noticias y Actualidad"}},{"@type":"ListItem","@id":"https:\/\/eldigitaldeasturias.com\/magazine365\/category\/noticias-actualidad\/#listItem","position":2,"name":"Noticias y Actualidad","item":"https:\/\/eldigitaldeasturias.com\/magazine365\/category\/noticias-actualidad\/","nextItem":{"@type":"ListItem","@id":"https:\/\/eldigitaldeasturias.com\/magazine365\/barcelona-dedica-una-semana-a-los-libros-prohibidos\/#listItem","name":"Barcelona dedica una semana a los libros prohibidos"},"previousItem":{"@type":"ListItem","@id":"https:\/\/eldigitaldeasturias.com\/magazine365#listItem","name":"Home"}},{"@type":"ListItem","@id":"https:\/\/eldigitaldeasturias.com\/magazine365\/barcelona-dedica-una-semana-a-los-libros-prohibidos\/#listItem","position":3,"name":"Barcelona dedica una semana a los libros prohibidos","previousItem":{"@type":"ListItem","@id":"https:\/\/eldigitaldeasturias.com\/magazine365\/category\/noticias-actualidad\/#listItem","name":"Noticias y Actualidad"}}]},{"@type":"Organization","@id":"https:\/\/eldigitaldeasturias.com\/magazine365\/#organization","name":"El digital de Asturias","description":"Revista de ocio, turismo y estilo de vida","url":"https:\/\/eldigitaldeasturias.com\/magazine365\/","logo":{"@type":"ImageObject","url":"https:\/\/www.eldigitaldeasturias.com\/noticias\/wp-content\/uploads\/2020\/12\/EDA.jpg","@id":"https:\/\/eldigitaldeasturias.com\/magazine365\/barcelona-dedica-una-semana-a-los-libros-prohibidos\/#organizationLogo"},"image":{"@id":"https:\/\/eldigitaldeasturias.com\/magazine365\/barcelona-dedica-una-semana-a-los-libros-prohibidos\/#organizationLogo"}},{"@type":"Person","@id":"https:\/\/eldigitaldeasturias.com\/magazine365\/author\/admin\/#author","url":"https:\/\/eldigitaldeasturias.com\/magazine365\/author\/admin\/","name":"admin","image":{"@type":"ImageObject","@id":"https:\/\/eldigitaldeasturias.com\/magazine365\/barcelona-dedica-una-semana-a-los-libros-prohibidos\/#authorImage","url":"https:\/\/eldigitaldeasturias.com\/magazine365\/wp-content\/litespeed\/avatar\/e571bcf59a0edd6fa6838245a470f2fe.jpg?ver=1776969259","width":96,"height":96,"caption":"admin"}},{"@type":"WebPage","@id":"https:\/\/eldigitaldeasturias.com\/magazine365\/barcelona-dedica-una-semana-a-los-libros-prohibidos\/#webpage","url":"https:\/\/eldigitaldeasturias.com\/magazine365\/barcelona-dedica-una-semana-a-los-libros-prohibidos\/","name":"Barcelona dedica una semana a los libros prohibidos | El Digital de Asturias","description":"El Born Centre Cultural de Barcelona acoge desde este mi\u00e9rcoles al 11 de junio la Semana del Libro Prohibido, una propuesta que recorre la prohibici\u00f3n o censura de libros a lo largo de la historia y que tiene sus platos fuertes en una exposici\u00f3n y una feria. La Semana del Libro Prohibido contar\u00e1 adem\u00e1s con","inLanguage":"es-ES","isPartOf":{"@id":"https:\/\/eldigitaldeasturias.com\/magazine365\/#website"},"breadcrumb":{"@id":"https:\/\/eldigitaldeasturias.com\/magazine365\/barcelona-dedica-una-semana-a-los-libros-prohibidos\/#breadcrumblist"},"author":{"@id":"https:\/\/eldigitaldeasturias.com\/magazine365\/author\/admin\/#author"},"creator":{"@id":"https:\/\/eldigitaldeasturias.com\/magazine365\/author\/admin\/#author"},"image":{"@type":"ImageObject","url":"https:\/\/eldigitaldeasturias.com\/magazine365\/wp-content\/uploads\/2015\/06\/fotonoticia_20150603150530_800.jpg","@id":"https:\/\/eldigitaldeasturias.com\/magazine365\/barcelona-dedica-una-semana-a-los-libros-prohibidos\/#mainImage","width":800,"height":600},"primaryImageOfPage":{"@id":"https:\/\/eldigitaldeasturias.com\/magazine365\/barcelona-dedica-una-semana-a-los-libros-prohibidos\/#mainImage"},"datePublished":"2015-06-05T02:53:59+02:00","dateModified":"2015-06-05T02:53:59+02:00"},{"@type":"WebSite","@id":"https:\/\/eldigitaldeasturias.com\/magazine365\/#website","url":"https:\/\/eldigitaldeasturias.com\/magazine365\/","name":"El Digital de Asturias","description":"Revista de ocio, turismo y estilo de vida","inLanguage":"es-ES","publisher":{"@id":"https:\/\/eldigitaldeasturias.com\/magazine365\/#organization"}}]},"og:locale":"es_ES","og:site_name":"El Digital de Asturias \u2013 Revista de ocio, turismo y estilo de vida","og:type":"article","og:title":"Barcelona dedica una semana a los libros prohibidos | El Digital de Asturias","og:description":"El Born Centre Cultural de Barcelona acoge desde este mi\u00e9rcoles al 11 de junio la Semana del Libro Prohibido, una propuesta que recorre la prohibici\u00f3n o censura de libros a lo largo de la historia y que tiene sus platos fuertes en una exposici\u00f3n y una feria. La Semana del Libro Prohibido contar\u00e1 adem\u00e1s con","og:url":"https:\/\/eldigitaldeasturias.com\/magazine365\/barcelona-dedica-una-semana-a-los-libros-prohibidos\/","og:image":"https:\/\/eldigitaldeasturias.com\/magazine365\/wp-content\/uploads\/2015\/06\/fotonoticia_20150603150530_800.jpg","og:image:secure_url":"https:\/\/eldigitaldeasturias.com\/magazine365\/wp-content\/uploads\/2015\/06\/fotonoticia_20150603150530_800.jpg","og:image:width":800,"og:image:height":600,"article:published_time":"2015-06-05T01:23:59+00:00","article:modified_time":"2015-06-05T01:23:59+00:00","twitter:card":"summary_large_image","twitter:title":"Barcelona dedica una semana a los libros prohibidos | El Digital de Asturias","twitter:description":"El Born Centre Cultural de Barcelona acoge desde este mi\u00e9rcoles al 11 de junio la Semana del Libro Prohibido, una propuesta que recorre la prohibici\u00f3n o censura de libros a lo largo de la historia y que tiene sus platos fuertes en una exposici\u00f3n y una feria. La Semana del Libro Prohibido contar\u00e1 adem\u00e1s con","twitter:image":"https:\/\/eldigitaldeasturias.com\/magazine365\/wp-content\/uploads\/2015\/06\/fotonoticia_20150603150530_800.jpg"},"aioseo_meta_data":{"post_id":"38750","title":null,"description":null,"keywords":null,"keyphrases":null,"primary_term":null,"canonical_url":null,"og_title":null,"og_description":null,"og_object_type":"default","og_image_type":"default","og_image_url":null,"og_image_width":null,"og_image_height":null,"og_image_custom_url":null,"og_image_custom_fields":null,"og_video":null,"og_custom_url":null,"og_article_section":null,"og_article_tags":null,"twitter_use_og":false,"twitter_card":"default","twitter_image_type":"default","twitter_image_url":null,"twitter_image_custom_url":null,"twitter_image_custom_fields":null,"twitter_title":null,"twitter_description":null,"schema":{"blockGraphs":[],"customGraphs":[],"default":{"data":{"Article":[],"Course":[],"Dataset":[],"FAQPage":[],"Movie":[],"Person":[],"Product":[],"ProductReview":[],"Car":[],"Recipe":[],"Service":[],"SoftwareApplication":[],"WebPage":[]},"graphName":"","isEnabled":true},"graphs":[],"defaultGraph":"","defaultPostTypeGraph":""},"schema_type":null,"schema_type_options":null,"pillar_content":false,"robots_default":true,"robots_noindex":false,"robots_noarchive":false,"robots_nosnippet":false,"robots_nofollow":false,"robots_noimageindex":false,"robots_noodp":false,"robots_notranslate":false,"robots_max_snippet":null,"robots_max_videopreview":null,"robots_max_imagepreview":"large","priority":null,"frequency":null,"location":null,"local_seo":null,"seo_analyzer_scan_date":"2025-09-19 10:12:57","breadcrumb_settings":null,"limit_modified_date":false,"open_ai":null,"ai":null,"created":"2021-03-09 02:49:44","updated":"2025-09-19 10:12:57"},"aioseo_breadcrumb":"<div class=\"aioseo-breadcrumbs\"><span class=\"aioseo-breadcrumb\">\n\t<a href=\"https:\/\/eldigitaldeasturias.com\/magazine365\" title=\"Home\">Home<\/a>\n<\/span><span class=\"aioseo-breadcrumb-separator\">\u2013<\/span><span class=\"aioseo-breadcrumb\">\n\t<a href=\"https:\/\/eldigitaldeasturias.com\/magazine365\/category\/noticias-actualidad\/\" title=\"Noticias y Actualidad\">Noticias y Actualidad<\/a>\n<\/span><span class=\"aioseo-breadcrumb-separator\">\u2013<\/span><span class=\"aioseo-breadcrumb\">\n\t<a href=\"https:\/\/eldigitaldeasturias.com\/magazine365\/barcelona-dedica-una-semana-a-los-libros-prohibidos\/\" title=\"Barcelona dedica una semana a los libros prohibidos\">Barcelona dedica una semana a los libros prohibidos<\/a>\n<\/span><\/div>","aioseo_breadcrumb_json":[{"label":"Home","link":"https:\/\/eldigitaldeasturias.com\/magazine365"},{"label":"Noticias y Actualidad","link":"https:\/\/eldigitaldeasturias.com\/magazine365\/category\/noticias-actualidad\/"},{"label":"Barcelona dedica una semana a los libros prohibidos","link":"https:\/\/eldigitaldeasturias.com\/magazine365\/barcelona-dedica-una-semana-a-los-libros-prohibidos\/"}],"_links":{"self":[{"href":"https:\/\/eldigitaldeasturias.com\/magazine365\/wp-json\/wp\/v2\/posts\/38750","targetHints":{"allow":["GET"]}}],"collection":[{"href":"https:\/\/eldigitaldeasturias.com\/magazine365\/wp-json\/wp\/v2\/posts"}],"about":[{"href":"https:\/\/eldigitaldeasturias.com\/magazine365\/wp-json\/wp\/v2\/types\/post"}],"author":[{"embeddable":true,"href":"https:\/\/eldigitaldeasturias.com\/magazine365\/wp-json\/wp\/v2\/users\/1"}],"replies":[{"embeddable":true,"href":"https:\/\/eldigitaldeasturias.com\/magazine365\/wp-json\/wp\/v2\/comments?post=38750"}],"version-history":[{"count":0,"href":"https:\/\/eldigitaldeasturias.com\/magazine365\/wp-json\/wp\/v2\/posts\/38750\/revisions"}],"wp:featuredmedia":[{"embeddable":true,"href":"https:\/\/eldigitaldeasturias.com\/magazine365\/wp-json\/wp\/v2\/media\/38751"}],"wp:attachment":[{"href":"https:\/\/eldigitaldeasturias.com\/magazine365\/wp-json\/wp\/v2\/media?parent=38750"}],"wp:term":[{"taxonomy":"category","embeddable":true,"href":"https:\/\/eldigitaldeasturias.com\/magazine365\/wp-json\/wp\/v2\/categories?post=38750"},{"taxonomy":"post_tag","embeddable":true,"href":"https:\/\/eldigitaldeasturias.com\/magazine365\/wp-json\/wp\/v2\/tags?post=38750"}],"curies":[{"name":"wp","href":"https:\/\/api.w.org\/{rel}","templated":true}]}}