{"id":38738,"date":"2015-06-04T14:52:31","date_gmt":"2015-06-04T13:22:31","guid":{"rendered":"http:\/\/eldigitaldeasturias.com\/magazine365\/?p=38738"},"modified":"2015-06-04T14:52:31","modified_gmt":"2015-06-04T13:22:31","slug":"el-60-de-espanoles-viajara-en-verano","status":"publish","type":"post","link":"https:\/\/eldigitaldeasturias.com\/magazine365\/el-60-de-espanoles-viajara-en-verano\/","title":{"rendered":"El 60% de espa\u00f1oles viajar\u00e1 en verano"},"content":{"rendered":"<p><img fetchpriority=\"high\" decoding=\"async\" class=\"alignleft size-medium wp-image-38740\" src=\"https:\/\/eldigitaldeasturias.com\/magazine365\/wp-content\/uploads\/2015\/06\/playa1-360x240.jpg\" alt=\"playa\" width=\"360\" height=\"240\" srcset=\"https:\/\/eldigitaldeasturias.com\/magazine365\/wp-content\/uploads\/2015\/06\/playa1-360x240.jpg 360w, https:\/\/eldigitaldeasturias.com\/magazine365\/wp-content\/uploads\/2015\/06\/playa1-650x433.jpg 650w, https:\/\/eldigitaldeasturias.com\/magazine365\/wp-content\/uploads\/2015\/06\/playa1-768x512.jpg 768w, https:\/\/eldigitaldeasturias.com\/magazine365\/wp-content\/uploads\/2015\/06\/playa1-150x100.jpg 150w, https:\/\/eldigitaldeasturias.com\/magazine365\/wp-content\/uploads\/2015\/06\/playa1-450x300.jpg 450w, https:\/\/eldigitaldeasturias.com\/magazine365\/wp-content\/uploads\/2015\/06\/playa1-696x464.jpg 696w, https:\/\/eldigitaldeasturias.com\/magazine365\/wp-content\/uploads\/2015\/06\/playa1-630x420.jpg 630w, https:\/\/eldigitaldeasturias.com\/magazine365\/wp-content\/uploads\/2015\/06\/playa1-84x55.jpg 84w, https:\/\/eldigitaldeasturias.com\/magazine365\/wp-content\/uploads\/2015\/06\/playa1.jpg 800w\" sizes=\"(max-width: 360px) 100vw, 360px\" \/>El 60% de espa\u00f1oles viajar\u00e1 en verano, un dato que por primera vez en tres a\u00f1os crece, registrando un 6% m\u00e1s que en 2014, seg\u00fan un estudio de Europ Assistance, empresa que destaca que el 15% y el 13% de encuestados ha compartido coche y casa, respectivamente.<\/p>\n<p>En concreto, del 60% de espa\u00f1oles que viajar\u00e1n en \u00e9poca estival, el 17% afirma que realizar\u00e1 varias escapadas, mientras que el 43% se desplazar\u00e1 s\u00f3lo una vez. Por otro lado, el presupuesto se mantiene igual que el a\u00f1o pasado (1.719 euros).<\/p>\n<p>El director de Europ Assistance, Juan Carlos Guzm\u00e1n, ha defendido durante la presentaci\u00f3n del 15\u00ba estudio vacacional Ipsos, celebrada este mi\u00e9rcoles, que el sector vive \u00abun momento espectacular\u00bb. Adem\u00e1s, hizo referencia a la situaci\u00f3n \u00abdura\u00bb en los pa\u00edses africanos, lo que ha contribuido al aumento de llegadas a a la regi\u00f3n del Mediterr\u00e1neo.<\/p>\n<p>El estudio se basa en 3.510 entrevistas en siete pa\u00edses europeos &#8211;Francia, Espa\u00f1a, Portugal, Alemania, Reino unido, B\u00e9lgica y Austria&#8211; entre febrero y marzo de este a\u00f1o.<\/p>\n<p>COMPARTIR COCHE Y CASA, UNA OPCI\u00d3N \u00abQUE CRECER\u00c1\u00bb<\/p>\n<p>El subdirector general de Negocio de Europ Assistance, Pablo Moreno, ha destacado que por primera vez el bar\u00f3metro incluye el conocido como consumo colaborativo. Moreno quiso matizar que en estos casos \u00abse trata m\u00e1s bien de plataformas de contacto, ya que colaborativo ser\u00eda el intercambio de casas sin transacci\u00f3n econ\u00f3mica\u00bb.<\/p>\n<p>El estudio concluye que el 5% del 15% que ha compartido coche en viajes recurre a esta opci\u00f3n mucho, mientras que el 10% lo hace con poca frecuencia. Por otro lado, el 10% del 13% que s\u00ed ha compartido casa lo hace poco frente a un 3% que s\u00ed conf\u00eda a menudo en ello.<\/p>\n<p>El perfil es poblaci\u00f3n joven, en el 29% de casos de entre 18 y 24 a\u00f1os y en el 24% de casos, de entre 25 y 34 a\u00f1os, mientras que el 24% no trabaja.<\/p>\n<p>Guzm\u00e1n resalt\u00f3 que el 8% de entrevistados afirm\u00f3 estar muy interesado y que el 12% se pensar\u00eda compartir gastos de coche, mientras que este dato, en el caso de las casas, es del 11% y del 9% respectivamente, por lo que ve potencial de mercado para su servicio de asistencia.<\/p>\n<p>PREFERENCIAS Y TENDENCIAS<\/p>\n<p>Por zonas tur\u00edsticas, los espa\u00f1oles se decantan por destinos de relajaci\u00f3n (54%) pero avanza la motivaci\u00f3n del descubrimiento, ya sea por novedad del lugar de visita o en actividades de ocio (33%). Los destinos m\u00e1s populares son los de costa (62%), ciudad (22%), monta\u00f1a (21%) y campo (18%).<\/p>\n<p>Adem\u00e1s, los factores que m\u00e1s preocupan a los viajeros son el bienestar del acompa\u00f1ante en m\u00e1s del 60% de los casos espa\u00f1oles frente al 47% en la totalidad de encuestados, seguido de la garant\u00eda de seguridad de los familiares &#8211;52% en el caso de espa\u00f1oles frente al 48% de todos los encuestados&#8211; y la posibilidad de un ataque.<\/p>\n<p>Los factores que menos influyen son la situaci\u00f3n econ\u00f3mica del pa\u00eds, que s\u00f3lo afecta en el 14% de entrevistados espa\u00f1oles frente al 45% que s\u00ed se fija en los posibles ataques en el pa\u00eds o del 37% que teme las cat\u00e1strofes naturales.<\/p>\n<p>En esos casos, cabe destacar que el 60&amp; de viajeros adquiere su p\u00f3liza a trav\u00e9s de su propia aseguradora, mientras que el 19% lo hace a trav\u00e9s de agencias de viajes y el 11% por medio de una web especializada.<\/p>\n","protected":false},"excerpt":{"rendered":"<p>El 60% de espa\u00f1oles viajar\u00e1 en verano, un dato que por primera vez en tres a\u00f1os crece, registrando un 6% m\u00e1s que en 2014, seg\u00fan un estudio de Europ Assistance, empresa que destaca que el 15% y el 13% de encuestados ha compartido coche y casa, respectivamente. En concreto, del 60% de espa\u00f1oles que viajar\u00e1n<\/p>\n","protected":false},"author":1,"featured_media":38739,"comment_status":"open","ping_status":"closed","sticky":false,"template":"","format":"standard","meta":{"footnotes":""},"categories":[222],"tags":[],"class_list":{"0":"post-38738","1":"post","2":"type-post","3":"status-publish","4":"format-standard","5":"has-post-thumbnail","7":"category-actualidad-turismo"},"aioseo_notices":[],"aioseo_head":"\n\t\t<!-- All in One SEO Pro 4.9.6.1 - aioseo.com -->\n\t<meta name=\"description\" content=\"El 60% de espa\u00f1oles viajar\u00e1 en verano, un dato que por primera vez en tres a\u00f1os crece, registrando un 6% m\u00e1s que en 2014, seg\u00fan un estudio de Europ Assistance, empresa que destaca que el 15% y el 13% de encuestados ha compartido coche y casa, respectivamente. En concreto, del 60% de espa\u00f1oles que viajar\u00e1n\" \/>\n\t<meta name=\"robots\" content=\"max-image-preview:large\" \/>\n\t<meta name=\"author\" content=\"admin\"\/>\n\t<meta name=\"google-site-verification\" content=\"UA-38556648-1\" \/>\n\t<meta name=\"keywords\" content=\"actualidad turismo\" \/>\n\t<link rel=\"canonical\" href=\"https:\/\/eldigitaldeasturias.com\/magazine365\/el-60-de-espanoles-viajara-en-verano\/\" \/>\n\t<meta name=\"generator\" content=\"All in One SEO Pro (AIOSEO) 4.9.6.1\" \/>\n\t\t<meta property=\"og:locale\" content=\"es_ES\" \/>\n\t\t<meta property=\"og:site_name\" content=\"El Digital de Asturias \u2013 Revista de ocio, turismo y estilo de vida\" \/>\n\t\t<meta property=\"og:type\" content=\"article\" \/>\n\t\t<meta property=\"og:title\" content=\"El 60% de espa\u00f1oles viajar\u00e1 en verano | El Digital de Asturias\" \/>\n\t\t<meta property=\"og:description\" content=\"El 60% de espa\u00f1oles viajar\u00e1 en verano, un dato que por primera vez en tres a\u00f1os crece, registrando un 6% m\u00e1s que en 2014, seg\u00fan un estudio de Europ Assistance, empresa que destaca que el 15% y el 13% de encuestados ha compartido coche y casa, respectivamente. En concreto, del 60% de espa\u00f1oles que viajar\u00e1n\" \/>\n\t\t<meta property=\"og:url\" content=\"https:\/\/eldigitaldeasturias.com\/magazine365\/el-60-de-espanoles-viajara-en-verano\/\" \/>\n\t\t<meta property=\"og:image\" content=\"https:\/\/eldigitaldeasturias.com\/magazine365\/wp-content\/uploads\/2015\/06\/playa.jpg\" \/>\n\t\t<meta property=\"og:image:secure_url\" content=\"https:\/\/eldigitaldeasturias.com\/magazine365\/wp-content\/uploads\/2015\/06\/playa.jpg\" \/>\n\t\t<meta property=\"og:image:width\" content=\"800\" \/>\n\t\t<meta property=\"og:image:height\" content=\"533\" \/>\n\t\t<meta property=\"article:published_time\" content=\"2015-06-04T13:22:31+00:00\" \/>\n\t\t<meta property=\"article:modified_time\" content=\"2015-06-04T13:22:31+00:00\" \/>\n\t\t<meta name=\"twitter:card\" content=\"summary_large_image\" \/>\n\t\t<meta name=\"twitter:title\" content=\"El 60% de espa\u00f1oles viajar\u00e1 en verano | El Digital de Asturias\" \/>\n\t\t<meta name=\"twitter:description\" content=\"El 60% de espa\u00f1oles viajar\u00e1 en verano, un dato que por primera vez en tres a\u00f1os crece, registrando un 6% m\u00e1s que en 2014, seg\u00fan un estudio de Europ Assistance, empresa que destaca que el 15% y el 13% de encuestados ha compartido coche y casa, respectivamente. En concreto, del 60% de espa\u00f1oles que viajar\u00e1n\" \/>\n\t\t<meta name=\"twitter:image\" content=\"https:\/\/eldigitaldeasturias.com\/magazine365\/wp-content\/uploads\/2015\/06\/playa.jpg\" \/>\n\t\t<script type=\"application\/ld+json\" class=\"aioseo-schema\">\n\t\t\t{\"@context\":\"https:\\\/\\\/schema.org\",\"@graph\":[{\"@type\":\"Article\",\"@id\":\"https:\\\/\\\/eldigitaldeasturias.com\\\/magazine365\\\/el-60-de-espanoles-viajara-en-verano\\\/#article\",\"name\":\"El 60% de espa\\u00f1oles viajar\\u00e1 en verano | El Digital de Asturias\",\"headline\":\"El 60% de espa\\u00f1oles viajar\\u00e1 en verano\",\"author\":{\"@id\":\"https:\\\/\\\/eldigitaldeasturias.com\\\/magazine365\\\/author\\\/admin\\\/#author\"},\"publisher\":{\"@id\":\"https:\\\/\\\/eldigitaldeasturias.com\\\/magazine365\\\/#organization\"},\"image\":{\"@type\":\"ImageObject\",\"url\":\"https:\\\/\\\/eldigitaldeasturias.com\\\/magazine365\\\/wp-content\\\/uploads\\\/2015\\\/06\\\/playa.jpg\",\"width\":800,\"height\":533},\"datePublished\":\"2015-06-04T14:52:31+02:00\",\"dateModified\":\"2015-06-04T14:52:31+02:00\",\"inLanguage\":\"es-ES\",\"mainEntityOfPage\":{\"@id\":\"https:\\\/\\\/eldigitaldeasturias.com\\\/magazine365\\\/el-60-de-espanoles-viajara-en-verano\\\/#webpage\"},\"isPartOf\":{\"@id\":\"https:\\\/\\\/eldigitaldeasturias.com\\\/magazine365\\\/el-60-de-espanoles-viajara-en-verano\\\/#webpage\"},\"articleSection\":\"Actualidad Turismo\"},{\"@type\":\"BreadcrumbList\",\"@id\":\"https:\\\/\\\/eldigitaldeasturias.com\\\/magazine365\\\/el-60-de-espanoles-viajara-en-verano\\\/#breadcrumblist\",\"itemListElement\":[{\"@type\":\"ListItem\",\"@id\":\"https:\\\/\\\/eldigitaldeasturias.com\\\/magazine365#listItem\",\"position\":1,\"name\":\"Home\",\"item\":\"https:\\\/\\\/eldigitaldeasturias.com\\\/magazine365\",\"nextItem\":{\"@type\":\"ListItem\",\"@id\":\"https:\\\/\\\/eldigitaldeasturias.com\\\/magazine365\\\/category\\\/actualidad-turismo\\\/#listItem\",\"name\":\"Actualidad Turismo\"}},{\"@type\":\"ListItem\",\"@id\":\"https:\\\/\\\/eldigitaldeasturias.com\\\/magazine365\\\/category\\\/actualidad-turismo\\\/#listItem\",\"position\":2,\"name\":\"Actualidad Turismo\",\"item\":\"https:\\\/\\\/eldigitaldeasturias.com\\\/magazine365\\\/category\\\/actualidad-turismo\\\/\",\"nextItem\":{\"@type\":\"ListItem\",\"@id\":\"https:\\\/\\\/eldigitaldeasturias.com\\\/magazine365\\\/el-60-de-espanoles-viajara-en-verano\\\/#listItem\",\"name\":\"El 60% de espa\\u00f1oles viajar\\u00e1 en verano\"},\"previousItem\":{\"@type\":\"ListItem\",\"@id\":\"https:\\\/\\\/eldigitaldeasturias.com\\\/magazine365#listItem\",\"name\":\"Home\"}},{\"@type\":\"ListItem\",\"@id\":\"https:\\\/\\\/eldigitaldeasturias.com\\\/magazine365\\\/el-60-de-espanoles-viajara-en-verano\\\/#listItem\",\"position\":3,\"name\":\"El 60% de espa\\u00f1oles viajar\\u00e1 en verano\",\"previousItem\":{\"@type\":\"ListItem\",\"@id\":\"https:\\\/\\\/eldigitaldeasturias.com\\\/magazine365\\\/category\\\/actualidad-turismo\\\/#listItem\",\"name\":\"Actualidad Turismo\"}}]},{\"@type\":\"Organization\",\"@id\":\"https:\\\/\\\/eldigitaldeasturias.com\\\/magazine365\\\/#organization\",\"name\":\"El digital de Asturias\",\"description\":\"Revista de ocio, turismo y estilo de vida\",\"url\":\"https:\\\/\\\/eldigitaldeasturias.com\\\/magazine365\\\/\",\"logo\":{\"@type\":\"ImageObject\",\"url\":\"https:\\\/\\\/www.eldigitaldeasturias.com\\\/noticias\\\/wp-content\\\/uploads\\\/2020\\\/12\\\/EDA.jpg\",\"@id\":\"https:\\\/\\\/eldigitaldeasturias.com\\\/magazine365\\\/el-60-de-espanoles-viajara-en-verano\\\/#organizationLogo\"},\"image\":{\"@id\":\"https:\\\/\\\/eldigitaldeasturias.com\\\/magazine365\\\/el-60-de-espanoles-viajara-en-verano\\\/#organizationLogo\"}},{\"@type\":\"Person\",\"@id\":\"https:\\\/\\\/eldigitaldeasturias.com\\\/magazine365\\\/author\\\/admin\\\/#author\",\"url\":\"https:\\\/\\\/eldigitaldeasturias.com\\\/magazine365\\\/author\\\/admin\\\/\",\"name\":\"admin\",\"image\":{\"@type\":\"ImageObject\",\"@id\":\"https:\\\/\\\/eldigitaldeasturias.com\\\/magazine365\\\/el-60-de-espanoles-viajara-en-verano\\\/#authorImage\",\"url\":\"https:\\\/\\\/eldigitaldeasturias.com\\\/magazine365\\\/wp-content\\\/litespeed\\\/avatar\\\/e571bcf59a0edd6fa6838245a470f2fe.jpg?ver=1777574230\",\"width\":96,\"height\":96,\"caption\":\"admin\"}},{\"@type\":\"WebPage\",\"@id\":\"https:\\\/\\\/eldigitaldeasturias.com\\\/magazine365\\\/el-60-de-espanoles-viajara-en-verano\\\/#webpage\",\"url\":\"https:\\\/\\\/eldigitaldeasturias.com\\\/magazine365\\\/el-60-de-espanoles-viajara-en-verano\\\/\",\"name\":\"El 60% de espa\\u00f1oles viajar\\u00e1 en verano | El Digital de Asturias\",\"description\":\"El 60% de espa\\u00f1oles viajar\\u00e1 en verano, un dato que por primera vez en tres a\\u00f1os crece, registrando un 6% m\\u00e1s que en 2014, seg\\u00fan un estudio de Europ Assistance, empresa que destaca que el 15% y el 13% de encuestados ha compartido coche y casa, respectivamente. En concreto, del 60% de espa\\u00f1oles que viajar\\u00e1n\",\"inLanguage\":\"es-ES\",\"isPartOf\":{\"@id\":\"https:\\\/\\\/eldigitaldeasturias.com\\\/magazine365\\\/#website\"},\"breadcrumb\":{\"@id\":\"https:\\\/\\\/eldigitaldeasturias.com\\\/magazine365\\\/el-60-de-espanoles-viajara-en-verano\\\/#breadcrumblist\"},\"author\":{\"@id\":\"https:\\\/\\\/eldigitaldeasturias.com\\\/magazine365\\\/author\\\/admin\\\/#author\"},\"creator\":{\"@id\":\"https:\\\/\\\/eldigitaldeasturias.com\\\/magazine365\\\/author\\\/admin\\\/#author\"},\"image\":{\"@type\":\"ImageObject\",\"url\":\"https:\\\/\\\/eldigitaldeasturias.com\\\/magazine365\\\/wp-content\\\/uploads\\\/2015\\\/06\\\/playa.jpg\",\"@id\":\"https:\\\/\\\/eldigitaldeasturias.com\\\/magazine365\\\/el-60-de-espanoles-viajara-en-verano\\\/#mainImage\",\"width\":800,\"height\":533},\"primaryImageOfPage\":{\"@id\":\"https:\\\/\\\/eldigitaldeasturias.com\\\/magazine365\\\/el-60-de-espanoles-viajara-en-verano\\\/#mainImage\"},\"datePublished\":\"2015-06-04T14:52:31+02:00\",\"dateModified\":\"2015-06-04T14:52:31+02:00\"},{\"@type\":\"WebSite\",\"@id\":\"https:\\\/\\\/eldigitaldeasturias.com\\\/magazine365\\\/#website\",\"url\":\"https:\\\/\\\/eldigitaldeasturias.com\\\/magazine365\\\/\",\"name\":\"El Digital de Asturias\",\"description\":\"Revista de ocio, turismo y estilo de vida\",\"inLanguage\":\"es-ES\",\"publisher\":{\"@id\":\"https:\\\/\\\/eldigitaldeasturias.com\\\/magazine365\\\/#organization\"}}]}\n\t\t<\/script>\n\t\t<!-- All in One SEO Pro -->\r\n\t\t<title>El 60% de espa\u00f1oles viajar\u00e1 en verano | El Digital de Asturias<\/title>\n\n","aioseo_head_json":{"title":"El 60% de espa\u00f1oles viajar\u00e1 en verano | El Digital de Asturias","description":"El 60% de espa\u00f1oles viajar\u00e1 en verano, un dato que por primera vez en tres a\u00f1os crece, registrando un 6% m\u00e1s que en 2014, seg\u00fan un estudio de Europ Assistance, empresa que destaca que el 15% y el 13% de encuestados ha compartido coche y casa, respectivamente. En concreto, del 60% de espa\u00f1oles que viajar\u00e1n","canonical_url":"https:\/\/eldigitaldeasturias.com\/magazine365\/el-60-de-espanoles-viajara-en-verano\/","robots":"max-image-preview:large","keywords":"actualidad turismo","webmasterTools":{"google-site-verification":"UA-38556648-1","miscellaneous":""},"schema":{"@context":"https:\/\/schema.org","@graph":[{"@type":"Article","@id":"https:\/\/eldigitaldeasturias.com\/magazine365\/el-60-de-espanoles-viajara-en-verano\/#article","name":"El 60% de espa\u00f1oles viajar\u00e1 en verano | El Digital de Asturias","headline":"El 60% de espa\u00f1oles viajar\u00e1 en verano","author":{"@id":"https:\/\/eldigitaldeasturias.com\/magazine365\/author\/admin\/#author"},"publisher":{"@id":"https:\/\/eldigitaldeasturias.com\/magazine365\/#organization"},"image":{"@type":"ImageObject","url":"https:\/\/eldigitaldeasturias.com\/magazine365\/wp-content\/uploads\/2015\/06\/playa.jpg","width":800,"height":533},"datePublished":"2015-06-04T14:52:31+02:00","dateModified":"2015-06-04T14:52:31+02:00","inLanguage":"es-ES","mainEntityOfPage":{"@id":"https:\/\/eldigitaldeasturias.com\/magazine365\/el-60-de-espanoles-viajara-en-verano\/#webpage"},"isPartOf":{"@id":"https:\/\/eldigitaldeasturias.com\/magazine365\/el-60-de-espanoles-viajara-en-verano\/#webpage"},"articleSection":"Actualidad Turismo"},{"@type":"BreadcrumbList","@id":"https:\/\/eldigitaldeasturias.com\/magazine365\/el-60-de-espanoles-viajara-en-verano\/#breadcrumblist","itemListElement":[{"@type":"ListItem","@id":"https:\/\/eldigitaldeasturias.com\/magazine365#listItem","position":1,"name":"Home","item":"https:\/\/eldigitaldeasturias.com\/magazine365","nextItem":{"@type":"ListItem","@id":"https:\/\/eldigitaldeasturias.com\/magazine365\/category\/actualidad-turismo\/#listItem","name":"Actualidad Turismo"}},{"@type":"ListItem","@id":"https:\/\/eldigitaldeasturias.com\/magazine365\/category\/actualidad-turismo\/#listItem","position":2,"name":"Actualidad Turismo","item":"https:\/\/eldigitaldeasturias.com\/magazine365\/category\/actualidad-turismo\/","nextItem":{"@type":"ListItem","@id":"https:\/\/eldigitaldeasturias.com\/magazine365\/el-60-de-espanoles-viajara-en-verano\/#listItem","name":"El 60% de espa\u00f1oles viajar\u00e1 en verano"},"previousItem":{"@type":"ListItem","@id":"https:\/\/eldigitaldeasturias.com\/magazine365#listItem","name":"Home"}},{"@type":"ListItem","@id":"https:\/\/eldigitaldeasturias.com\/magazine365\/el-60-de-espanoles-viajara-en-verano\/#listItem","position":3,"name":"El 60% de espa\u00f1oles viajar\u00e1 en verano","previousItem":{"@type":"ListItem","@id":"https:\/\/eldigitaldeasturias.com\/magazine365\/category\/actualidad-turismo\/#listItem","name":"Actualidad Turismo"}}]},{"@type":"Organization","@id":"https:\/\/eldigitaldeasturias.com\/magazine365\/#organization","name":"El digital de Asturias","description":"Revista de ocio, turismo y estilo de vida","url":"https:\/\/eldigitaldeasturias.com\/magazine365\/","logo":{"@type":"ImageObject","url":"https:\/\/www.eldigitaldeasturias.com\/noticias\/wp-content\/uploads\/2020\/12\/EDA.jpg","@id":"https:\/\/eldigitaldeasturias.com\/magazine365\/el-60-de-espanoles-viajara-en-verano\/#organizationLogo"},"image":{"@id":"https:\/\/eldigitaldeasturias.com\/magazine365\/el-60-de-espanoles-viajara-en-verano\/#organizationLogo"}},{"@type":"Person","@id":"https:\/\/eldigitaldeasturias.com\/magazine365\/author\/admin\/#author","url":"https:\/\/eldigitaldeasturias.com\/magazine365\/author\/admin\/","name":"admin","image":{"@type":"ImageObject","@id":"https:\/\/eldigitaldeasturias.com\/magazine365\/el-60-de-espanoles-viajara-en-verano\/#authorImage","url":"https:\/\/eldigitaldeasturias.com\/magazine365\/wp-content\/litespeed\/avatar\/e571bcf59a0edd6fa6838245a470f2fe.jpg?ver=1777574230","width":96,"height":96,"caption":"admin"}},{"@type":"WebPage","@id":"https:\/\/eldigitaldeasturias.com\/magazine365\/el-60-de-espanoles-viajara-en-verano\/#webpage","url":"https:\/\/eldigitaldeasturias.com\/magazine365\/el-60-de-espanoles-viajara-en-verano\/","name":"El 60% de espa\u00f1oles viajar\u00e1 en verano | El Digital de Asturias","description":"El 60% de espa\u00f1oles viajar\u00e1 en verano, un dato que por primera vez en tres a\u00f1os crece, registrando un 6% m\u00e1s que en 2014, seg\u00fan un estudio de Europ Assistance, empresa que destaca que el 15% y el 13% de encuestados ha compartido coche y casa, respectivamente. En concreto, del 60% de espa\u00f1oles que viajar\u00e1n","inLanguage":"es-ES","isPartOf":{"@id":"https:\/\/eldigitaldeasturias.com\/magazine365\/#website"},"breadcrumb":{"@id":"https:\/\/eldigitaldeasturias.com\/magazine365\/el-60-de-espanoles-viajara-en-verano\/#breadcrumblist"},"author":{"@id":"https:\/\/eldigitaldeasturias.com\/magazine365\/author\/admin\/#author"},"creator":{"@id":"https:\/\/eldigitaldeasturias.com\/magazine365\/author\/admin\/#author"},"image":{"@type":"ImageObject","url":"https:\/\/eldigitaldeasturias.com\/magazine365\/wp-content\/uploads\/2015\/06\/playa.jpg","@id":"https:\/\/eldigitaldeasturias.com\/magazine365\/el-60-de-espanoles-viajara-en-verano\/#mainImage","width":800,"height":533},"primaryImageOfPage":{"@id":"https:\/\/eldigitaldeasturias.com\/magazine365\/el-60-de-espanoles-viajara-en-verano\/#mainImage"},"datePublished":"2015-06-04T14:52:31+02:00","dateModified":"2015-06-04T14:52:31+02:00"},{"@type":"WebSite","@id":"https:\/\/eldigitaldeasturias.com\/magazine365\/#website","url":"https:\/\/eldigitaldeasturias.com\/magazine365\/","name":"El Digital de Asturias","description":"Revista de ocio, turismo y estilo de vida","inLanguage":"es-ES","publisher":{"@id":"https:\/\/eldigitaldeasturias.com\/magazine365\/#organization"}}]},"og:locale":"es_ES","og:site_name":"El Digital de Asturias \u2013 Revista de ocio, turismo y estilo de vida","og:type":"article","og:title":"El 60% de espa\u00f1oles viajar\u00e1 en verano | El Digital de Asturias","og:description":"El 60% de espa\u00f1oles viajar\u00e1 en verano, un dato que por primera vez en tres a\u00f1os crece, registrando un 6% m\u00e1s que en 2014, seg\u00fan un estudio de Europ Assistance, empresa que destaca que el 15% y el 13% de encuestados ha compartido coche y casa, respectivamente. En concreto, del 60% de espa\u00f1oles que viajar\u00e1n","og:url":"https:\/\/eldigitaldeasturias.com\/magazine365\/el-60-de-espanoles-viajara-en-verano\/","og:image":"https:\/\/eldigitaldeasturias.com\/magazine365\/wp-content\/uploads\/2015\/06\/playa.jpg","og:image:secure_url":"https:\/\/eldigitaldeasturias.com\/magazine365\/wp-content\/uploads\/2015\/06\/playa.jpg","og:image:width":800,"og:image:height":533,"article:published_time":"2015-06-04T13:22:31+00:00","article:modified_time":"2015-06-04T13:22:31+00:00","twitter:card":"summary_large_image","twitter:title":"El 60% de espa\u00f1oles viajar\u00e1 en verano | El Digital de Asturias","twitter:description":"El 60% de espa\u00f1oles viajar\u00e1 en verano, un dato que por primera vez en tres a\u00f1os crece, registrando un 6% m\u00e1s que en 2014, seg\u00fan un estudio de Europ Assistance, empresa que destaca que el 15% y el 13% de encuestados ha compartido coche y casa, respectivamente. En concreto, del 60% de espa\u00f1oles que viajar\u00e1n","twitter:image":"https:\/\/eldigitaldeasturias.com\/magazine365\/wp-content\/uploads\/2015\/06\/playa.jpg"},"aioseo_meta_data":{"post_id":"38738","title":null,"description":null,"keywords":null,"keyphrases":null,"primary_term":null,"canonical_url":null,"og_title":null,"og_description":null,"og_object_type":"default","og_image_type":"default","og_image_url":null,"og_image_width":null,"og_image_height":null,"og_image_custom_url":null,"og_image_custom_fields":null,"og_video":null,"og_custom_url":null,"og_article_section":null,"og_article_tags":null,"twitter_use_og":false,"twitter_card":"default","twitter_image_type":"default","twitter_image_url":null,"twitter_image_custom_url":null,"twitter_image_custom_fields":null,"twitter_title":null,"twitter_description":null,"schema":{"blockGraphs":[],"customGraphs":[],"default":{"data":{"Article":[],"Course":[],"Dataset":[],"FAQPage":[],"Movie":[],"Person":[],"Product":[],"ProductReview":[],"Car":[],"Recipe":[],"Service":[],"SoftwareApplication":[],"WebPage":[]},"graphName":"","isEnabled":true},"graphs":[]},"schema_type":null,"schema_type_options":null,"pillar_content":false,"robots_default":true,"robots_noindex":false,"robots_noarchive":false,"robots_nosnippet":false,"robots_nofollow":false,"robots_noimageindex":false,"robots_noodp":false,"robots_notranslate":false,"robots_max_snippet":null,"robots_max_videopreview":null,"robots_max_imagepreview":"large","priority":null,"frequency":null,"location":null,"local_seo":null,"seo_analyzer_scan_date":"2025-09-19 10:11:32","breadcrumb_settings":null,"limit_modified_date":false,"open_ai":null,"ai":null,"created":"2021-03-09 02:49:44","updated":"2025-09-19 10:11:32"},"aioseo_breadcrumb":"<div class=\"aioseo-breadcrumbs\"><span class=\"aioseo-breadcrumb\">\n\t<a href=\"https:\/\/eldigitaldeasturias.com\/magazine365\" title=\"Home\">Home<\/a>\n<\/span><span class=\"aioseo-breadcrumb-separator\">\u2013<\/span><span class=\"aioseo-breadcrumb\">\n\t<a href=\"https:\/\/eldigitaldeasturias.com\/magazine365\/category\/actualidad-turismo\/\" title=\"Actualidad Turismo\">Actualidad Turismo<\/a>\n<\/span><span class=\"aioseo-breadcrumb-separator\">\u2013<\/span><span class=\"aioseo-breadcrumb\">\n\t<a href=\"https:\/\/eldigitaldeasturias.com\/magazine365\/el-60-de-espanoles-viajara-en-verano\/\" title=\"El 60% de espa\u00f1oles viajar\u00e1 en verano\">El 60% de espa\u00f1oles viajar\u00e1 en verano<\/a>\n<\/span><\/div>","aioseo_breadcrumb_json":[{"label":"Home","link":"https:\/\/eldigitaldeasturias.com\/magazine365"},{"label":"Actualidad Turismo","link":"https:\/\/eldigitaldeasturias.com\/magazine365\/category\/actualidad-turismo\/"},{"label":"El 60% de espa\u00f1oles viajar\u00e1 en verano","link":"https:\/\/eldigitaldeasturias.com\/magazine365\/el-60-de-espanoles-viajara-en-verano\/"}],"_links":{"self":[{"href":"https:\/\/eldigitaldeasturias.com\/magazine365\/wp-json\/wp\/v2\/posts\/38738","targetHints":{"allow":["GET"]}}],"collection":[{"href":"https:\/\/eldigitaldeasturias.com\/magazine365\/wp-json\/wp\/v2\/posts"}],"about":[{"href":"https:\/\/eldigitaldeasturias.com\/magazine365\/wp-json\/wp\/v2\/types\/post"}],"author":[{"embeddable":true,"href":"https:\/\/eldigitaldeasturias.com\/magazine365\/wp-json\/wp\/v2\/users\/1"}],"replies":[{"embeddable":true,"href":"https:\/\/eldigitaldeasturias.com\/magazine365\/wp-json\/wp\/v2\/comments?post=38738"}],"version-history":[{"count":0,"href":"https:\/\/eldigitaldeasturias.com\/magazine365\/wp-json\/wp\/v2\/posts\/38738\/revisions"}],"wp:featuredmedia":[{"embeddable":true,"href":"https:\/\/eldigitaldeasturias.com\/magazine365\/wp-json\/wp\/v2\/media\/38739"}],"wp:attachment":[{"href":"https:\/\/eldigitaldeasturias.com\/magazine365\/wp-json\/wp\/v2\/media?parent=38738"}],"wp:term":[{"taxonomy":"category","embeddable":true,"href":"https:\/\/eldigitaldeasturias.com\/magazine365\/wp-json\/wp\/v2\/categories?post=38738"},{"taxonomy":"post_tag","embeddable":true,"href":"https:\/\/eldigitaldeasturias.com\/magazine365\/wp-json\/wp\/v2\/tags?post=38738"}],"curies":[{"name":"wp","href":"https:\/\/api.w.org\/{rel}","templated":true}]}}