{"id":38732,"date":"2015-06-04T14:47:35","date_gmt":"2015-06-04T13:17:35","guid":{"rendered":"http:\/\/eldigitaldeasturias.com\/magazine365\/?p=38732"},"modified":"2015-06-04T14:47:36","modified_gmt":"2015-06-04T13:17:36","slug":"periodistas-franceses-descubriran-la-gastronomia-y-cultura-de-extremadura","status":"publish","type":"post","link":"https:\/\/eldigitaldeasturias.com\/magazine365\/periodistas-franceses-descubriran-la-gastronomia-y-cultura-de-extremadura\/","title":{"rendered":"Periodistas franceses descubrir\u00e1n la gastronom\u00eda y cultura de Extremadura"},"content":{"rendered":"<p><img fetchpriority=\"high\" decoding=\"async\" class=\"alignleft size-medium wp-image-38733\" src=\"https:\/\/eldigitaldeasturias.com\/magazine365\/wp-content\/uploads\/2015\/06\/fotonoticia_20150603132127_800-360x250.jpg\" alt=\"fotonoticia_20150603132127_800\" width=\"360\" height=\"250\" srcset=\"https:\/\/eldigitaldeasturias.com\/magazine365\/wp-content\/uploads\/2015\/06\/fotonoticia_20150603132127_800-360x250.jpg 360w, https:\/\/eldigitaldeasturias.com\/magazine365\/wp-content\/uploads\/2015\/06\/fotonoticia_20150603132127_800-650x451.jpg 650w, https:\/\/eldigitaldeasturias.com\/magazine365\/wp-content\/uploads\/2015\/06\/fotonoticia_20150603132127_800-768x533.jpg 768w, https:\/\/eldigitaldeasturias.com\/magazine365\/wp-content\/uploads\/2015\/06\/fotonoticia_20150603132127_800-150x104.jpg 150w, https:\/\/eldigitaldeasturias.com\/magazine365\/wp-content\/uploads\/2015\/06\/fotonoticia_20150603132127_800-450x312.jpg 450w, https:\/\/eldigitaldeasturias.com\/magazine365\/wp-content\/uploads\/2015\/06\/fotonoticia_20150603132127_800-100x70.jpg 100w, https:\/\/eldigitaldeasturias.com\/magazine365\/wp-content\/uploads\/2015\/06\/fotonoticia_20150603132127_800-218x150.jpg 218w, https:\/\/eldigitaldeasturias.com\/magazine365\/wp-content\/uploads\/2015\/06\/fotonoticia_20150603132127_800-696x483.jpg 696w, https:\/\/eldigitaldeasturias.com\/magazine365\/wp-content\/uploads\/2015\/06\/fotonoticia_20150603132127_800-605x420.jpg 605w, https:\/\/eldigitaldeasturias.com\/magazine365\/wp-content\/uploads\/2015\/06\/fotonoticia_20150603132127_800.jpg 800w\" sizes=\"(max-width: 360px) 100vw, 360px\" \/>Tres periodistas franceses especializados en gastronom\u00eda y viajes inician este mi\u00e9rcoles, d\u00eda 3 de junio, una visita de cuatro d\u00edas a Extremadura para conocer la cocina regional y su patrimonio hist\u00f3rico y cultural.<\/p>\n<p>Este viaje de prensa, organizado por la Direcci\u00f3n General de Turismo en colaboraci\u00f3n con la oficina de Turespa\u00f1a en Par\u00eds, recorre C\u00e1ceres, Guadalupe y M\u00e9rida, los tres enclaves extreme\u00f1os que son Patrimonio de la Humanidad.<\/p>\n<p>Adem\u00e1s, incluye degustaciones de men\u00fas locales y visitas guiadas para descubrir el proceso de elaboraci\u00f3n de algunos de los productos m\u00e1s emblem\u00e1ticos de Extremadura.<\/p>\n<p>En un a\u00f1o en que C\u00e1ceres es la Capital Espa\u00f1ola de la Gastronom\u00eda, los periodistas franceses conocer\u00e1n el Centro de Interpretaci\u00f3n de la Torta del Casar, en Almohar\u00edn, una bodega de vinos en Ca\u00f1amero y una dehesa en Mont\u00e1nchez, localidad que forma parte de la ruta del jam\u00f3n ib\u00e9rico &#8216;Dehesa de Extremadura&#8217;. Asimismo, participar\u00e1n en un taller gastron\u00f3mico con un chef de C\u00e1ceres y en una ruta de tapas por la ciudad.<\/p>\n<p>Gilles Pudlowski, del diario Le Point, Anne Lataillade, autora del blog Papilles &amp; Pupilles, y Myriam Bouchant, de la revista Trends Magazine, participan en esta acci\u00f3n que pretende promocionar la regi\u00f3n en Francia, uno de los principales emisores de turistas a Espa\u00f1a, seg\u00fan ha informado el Gobierno de Extremadura en nota de prensa.<\/p>\n<p>La gastronom\u00eda extreme\u00f1a, en general, y la capitalidad gastron\u00f3mica de C\u00e1ceres, en particular, han suscitado el \u00abinter\u00e9s\u00bb de la prensa internacional desde el inicio del a\u00f1o.<\/p>\n<p>Peri\u00f3dicos como el estadounidense The New York Times, los brit\u00e1nicos The Guardian y The Sunday Times, el alem\u00e1n Sueddeutsche Zeitung o el sueco Svenska Dagbladet, adem\u00e1s de revistas como la austriaca Wiener Journal o la portuguesa Volta ao Mundo, han recomendado viajar hasta Extremadura para saborear sus propuestas culinarias.<\/p>\n","protected":false},"excerpt":{"rendered":"<p>Tres periodistas franceses especializados en gastronom\u00eda y viajes inician este mi\u00e9rcoles, d\u00eda 3 de junio, una visita de cuatro d\u00edas a Extremadura para conocer la cocina regional y su patrimonio hist\u00f3rico y cultural. Este viaje de prensa, organizado por la Direcci\u00f3n General de Turismo en colaboraci\u00f3n con la oficina de Turespa\u00f1a en Par\u00eds, recorre C\u00e1ceres,<\/p>\n","protected":false},"author":1,"featured_media":38733,"comment_status":"open","ping_status":"closed","sticky":false,"template":"","format":"standard","meta":{"footnotes":""},"categories":[224],"tags":[],"class_list":{"0":"post-38732","1":"post","2":"type-post","3":"status-publish","4":"format-standard","5":"has-post-thumbnail","7":"category-noticias-actualidad"},"aioseo_notices":[],"aioseo_head":"\n\t\t<!-- All in One SEO Pro 4.9.6.1 - aioseo.com -->\n\t<meta name=\"description\" content=\"Tres periodistas franceses especializados en gastronom\u00eda y viajes inician este mi\u00e9rcoles, d\u00eda 3 de junio, una visita de cuatro d\u00edas a Extremadura para conocer la cocina regional y su patrimonio hist\u00f3rico y cultural. Este viaje de prensa, organizado por la Direcci\u00f3n General de Turismo en colaboraci\u00f3n con la oficina de Turespa\u00f1a en Par\u00eds, recorre C\u00e1ceres,\" \/>\n\t<meta name=\"robots\" content=\"max-image-preview:large\" \/>\n\t<meta name=\"author\" content=\"admin\"\/>\n\t<meta name=\"google-site-verification\" content=\"UA-38556648-1\" \/>\n\t<meta name=\"keywords\" content=\"noticias y actualidad\" \/>\n\t<link rel=\"canonical\" href=\"https:\/\/eldigitaldeasturias.com\/magazine365\/periodistas-franceses-descubriran-la-gastronomia-y-cultura-de-extremadura\/\" \/>\n\t<meta name=\"generator\" content=\"All in One SEO Pro (AIOSEO) 4.9.6.1\" \/>\n\t\t<meta property=\"og:locale\" content=\"es_ES\" \/>\n\t\t<meta property=\"og:site_name\" content=\"El Digital de Asturias \u2013 Revista de ocio, turismo y estilo de vida\" \/>\n\t\t<meta property=\"og:type\" content=\"article\" \/>\n\t\t<meta property=\"og:title\" content=\"Periodistas franceses descubrir\u00e1n la gastronom\u00eda y cultura de Extremadura | El Digital de Asturias\" \/>\n\t\t<meta property=\"og:description\" content=\"Tres periodistas franceses especializados en gastronom\u00eda y viajes inician este mi\u00e9rcoles, d\u00eda 3 de junio, una visita de cuatro d\u00edas a Extremadura para conocer la cocina regional y su patrimonio hist\u00f3rico y cultural. Este viaje de prensa, organizado por la Direcci\u00f3n General de Turismo en colaboraci\u00f3n con la oficina de Turespa\u00f1a en Par\u00eds, recorre C\u00e1ceres,\" \/>\n\t\t<meta property=\"og:url\" content=\"https:\/\/eldigitaldeasturias.com\/magazine365\/periodistas-franceses-descubriran-la-gastronomia-y-cultura-de-extremadura\/\" \/>\n\t\t<meta property=\"og:image\" content=\"https:\/\/eldigitaldeasturias.com\/magazine365\/wp-content\/uploads\/2015\/06\/fotonoticia_20150603132127_800.jpg\" \/>\n\t\t<meta property=\"og:image:secure_url\" content=\"https:\/\/eldigitaldeasturias.com\/magazine365\/wp-content\/uploads\/2015\/06\/fotonoticia_20150603132127_800.jpg\" \/>\n\t\t<meta property=\"og:image:width\" content=\"800\" \/>\n\t\t<meta property=\"og:image:height\" content=\"555\" \/>\n\t\t<meta property=\"article:published_time\" content=\"2015-06-04T13:17:35+00:00\" \/>\n\t\t<meta property=\"article:modified_time\" content=\"2015-06-04T13:17:36+00:00\" \/>\n\t\t<meta name=\"twitter:card\" content=\"summary_large_image\" \/>\n\t\t<meta name=\"twitter:title\" content=\"Periodistas franceses descubrir\u00e1n la gastronom\u00eda y cultura de Extremadura | El Digital de Asturias\" \/>\n\t\t<meta name=\"twitter:description\" content=\"Tres periodistas franceses especializados en gastronom\u00eda y viajes inician este mi\u00e9rcoles, d\u00eda 3 de junio, una visita de cuatro d\u00edas a Extremadura para conocer la cocina regional y su patrimonio hist\u00f3rico y cultural. Este viaje de prensa, organizado por la Direcci\u00f3n General de Turismo en colaboraci\u00f3n con la oficina de Turespa\u00f1a en Par\u00eds, recorre C\u00e1ceres,\" \/>\n\t\t<meta name=\"twitter:image\" content=\"https:\/\/eldigitaldeasturias.com\/magazine365\/wp-content\/uploads\/2015\/06\/fotonoticia_20150603132127_800.jpg\" \/>\n\t\t<script type=\"application\/ld+json\" class=\"aioseo-schema\">\n\t\t\t{\"@context\":\"https:\\\/\\\/schema.org\",\"@graph\":[{\"@type\":\"Article\",\"@id\":\"https:\\\/\\\/eldigitaldeasturias.com\\\/magazine365\\\/periodistas-franceses-descubriran-la-gastronomia-y-cultura-de-extremadura\\\/#article\",\"name\":\"Periodistas franceses descubrir\\u00e1n la gastronom\\u00eda y cultura de Extremadura | El Digital de Asturias\",\"headline\":\"Periodistas franceses descubrir\\u00e1n la gastronom\\u00eda y cultura de Extremadura\",\"author\":{\"@id\":\"https:\\\/\\\/eldigitaldeasturias.com\\\/magazine365\\\/author\\\/admin\\\/#author\"},\"publisher\":{\"@id\":\"https:\\\/\\\/eldigitaldeasturias.com\\\/magazine365\\\/#organization\"},\"image\":{\"@type\":\"ImageObject\",\"url\":\"https:\\\/\\\/eldigitaldeasturias.com\\\/magazine365\\\/wp-content\\\/uploads\\\/2015\\\/06\\\/fotonoticia_20150603132127_800.jpg\",\"width\":800,\"height\":555},\"datePublished\":\"2015-06-04T14:47:35+02:00\",\"dateModified\":\"2015-06-04T14:47:36+02:00\",\"inLanguage\":\"es-ES\",\"mainEntityOfPage\":{\"@id\":\"https:\\\/\\\/eldigitaldeasturias.com\\\/magazine365\\\/periodistas-franceses-descubriran-la-gastronomia-y-cultura-de-extremadura\\\/#webpage\"},\"isPartOf\":{\"@id\":\"https:\\\/\\\/eldigitaldeasturias.com\\\/magazine365\\\/periodistas-franceses-descubriran-la-gastronomia-y-cultura-de-extremadura\\\/#webpage\"},\"articleSection\":\"Noticias y Actualidad\"},{\"@type\":\"BreadcrumbList\",\"@id\":\"https:\\\/\\\/eldigitaldeasturias.com\\\/magazine365\\\/periodistas-franceses-descubriran-la-gastronomia-y-cultura-de-extremadura\\\/#breadcrumblist\",\"itemListElement\":[{\"@type\":\"ListItem\",\"@id\":\"https:\\\/\\\/eldigitaldeasturias.com\\\/magazine365#listItem\",\"position\":1,\"name\":\"Home\",\"item\":\"https:\\\/\\\/eldigitaldeasturias.com\\\/magazine365\",\"nextItem\":{\"@type\":\"ListItem\",\"@id\":\"https:\\\/\\\/eldigitaldeasturias.com\\\/magazine365\\\/category\\\/noticias-actualidad\\\/#listItem\",\"name\":\"Noticias y Actualidad\"}},{\"@type\":\"ListItem\",\"@id\":\"https:\\\/\\\/eldigitaldeasturias.com\\\/magazine365\\\/category\\\/noticias-actualidad\\\/#listItem\",\"position\":2,\"name\":\"Noticias y Actualidad\",\"item\":\"https:\\\/\\\/eldigitaldeasturias.com\\\/magazine365\\\/category\\\/noticias-actualidad\\\/\",\"nextItem\":{\"@type\":\"ListItem\",\"@id\":\"https:\\\/\\\/eldigitaldeasturias.com\\\/magazine365\\\/periodistas-franceses-descubriran-la-gastronomia-y-cultura-de-extremadura\\\/#listItem\",\"name\":\"Periodistas franceses descubrir\\u00e1n la gastronom\\u00eda y cultura de Extremadura\"},\"previousItem\":{\"@type\":\"ListItem\",\"@id\":\"https:\\\/\\\/eldigitaldeasturias.com\\\/magazine365#listItem\",\"name\":\"Home\"}},{\"@type\":\"ListItem\",\"@id\":\"https:\\\/\\\/eldigitaldeasturias.com\\\/magazine365\\\/periodistas-franceses-descubriran-la-gastronomia-y-cultura-de-extremadura\\\/#listItem\",\"position\":3,\"name\":\"Periodistas franceses descubrir\\u00e1n la gastronom\\u00eda y cultura de Extremadura\",\"previousItem\":{\"@type\":\"ListItem\",\"@id\":\"https:\\\/\\\/eldigitaldeasturias.com\\\/magazine365\\\/category\\\/noticias-actualidad\\\/#listItem\",\"name\":\"Noticias y Actualidad\"}}]},{\"@type\":\"Organization\",\"@id\":\"https:\\\/\\\/eldigitaldeasturias.com\\\/magazine365\\\/#organization\",\"name\":\"El digital de Asturias\",\"description\":\"Revista de ocio, turismo y estilo de vida\",\"url\":\"https:\\\/\\\/eldigitaldeasturias.com\\\/magazine365\\\/\",\"logo\":{\"@type\":\"ImageObject\",\"url\":\"https:\\\/\\\/www.eldigitaldeasturias.com\\\/noticias\\\/wp-content\\\/uploads\\\/2020\\\/12\\\/EDA.jpg\",\"@id\":\"https:\\\/\\\/eldigitaldeasturias.com\\\/magazine365\\\/periodistas-franceses-descubriran-la-gastronomia-y-cultura-de-extremadura\\\/#organizationLogo\"},\"image\":{\"@id\":\"https:\\\/\\\/eldigitaldeasturias.com\\\/magazine365\\\/periodistas-franceses-descubriran-la-gastronomia-y-cultura-de-extremadura\\\/#organizationLogo\"}},{\"@type\":\"Person\",\"@id\":\"https:\\\/\\\/eldigitaldeasturias.com\\\/magazine365\\\/author\\\/admin\\\/#author\",\"url\":\"https:\\\/\\\/eldigitaldeasturias.com\\\/magazine365\\\/author\\\/admin\\\/\",\"name\":\"admin\",\"image\":{\"@type\":\"ImageObject\",\"@id\":\"https:\\\/\\\/eldigitaldeasturias.com\\\/magazine365\\\/periodistas-franceses-descubriran-la-gastronomia-y-cultura-de-extremadura\\\/#authorImage\",\"url\":\"https:\\\/\\\/eldigitaldeasturias.com\\\/magazine365\\\/wp-content\\\/litespeed\\\/avatar\\\/e571bcf59a0edd6fa6838245a470f2fe.jpg?ver=1776969259\",\"width\":96,\"height\":96,\"caption\":\"admin\"}},{\"@type\":\"WebPage\",\"@id\":\"https:\\\/\\\/eldigitaldeasturias.com\\\/magazine365\\\/periodistas-franceses-descubriran-la-gastronomia-y-cultura-de-extremadura\\\/#webpage\",\"url\":\"https:\\\/\\\/eldigitaldeasturias.com\\\/magazine365\\\/periodistas-franceses-descubriran-la-gastronomia-y-cultura-de-extremadura\\\/\",\"name\":\"Periodistas franceses descubrir\\u00e1n la gastronom\\u00eda y cultura de Extremadura | El Digital de Asturias\",\"description\":\"Tres periodistas franceses especializados en gastronom\\u00eda y viajes inician este mi\\u00e9rcoles, d\\u00eda 3 de junio, una visita de cuatro d\\u00edas a Extremadura para conocer la cocina regional y su patrimonio hist\\u00f3rico y cultural. Este viaje de prensa, organizado por la Direcci\\u00f3n General de Turismo en colaboraci\\u00f3n con la oficina de Turespa\\u00f1a en Par\\u00eds, recorre C\\u00e1ceres,\",\"inLanguage\":\"es-ES\",\"isPartOf\":{\"@id\":\"https:\\\/\\\/eldigitaldeasturias.com\\\/magazine365\\\/#website\"},\"breadcrumb\":{\"@id\":\"https:\\\/\\\/eldigitaldeasturias.com\\\/magazine365\\\/periodistas-franceses-descubriran-la-gastronomia-y-cultura-de-extremadura\\\/#breadcrumblist\"},\"author\":{\"@id\":\"https:\\\/\\\/eldigitaldeasturias.com\\\/magazine365\\\/author\\\/admin\\\/#author\"},\"creator\":{\"@id\":\"https:\\\/\\\/eldigitaldeasturias.com\\\/magazine365\\\/author\\\/admin\\\/#author\"},\"image\":{\"@type\":\"ImageObject\",\"url\":\"https:\\\/\\\/eldigitaldeasturias.com\\\/magazine365\\\/wp-content\\\/uploads\\\/2015\\\/06\\\/fotonoticia_20150603132127_800.jpg\",\"@id\":\"https:\\\/\\\/eldigitaldeasturias.com\\\/magazine365\\\/periodistas-franceses-descubriran-la-gastronomia-y-cultura-de-extremadura\\\/#mainImage\",\"width\":800,\"height\":555},\"primaryImageOfPage\":{\"@id\":\"https:\\\/\\\/eldigitaldeasturias.com\\\/magazine365\\\/periodistas-franceses-descubriran-la-gastronomia-y-cultura-de-extremadura\\\/#mainImage\"},\"datePublished\":\"2015-06-04T14:47:35+02:00\",\"dateModified\":\"2015-06-04T14:47:36+02:00\"},{\"@type\":\"WebSite\",\"@id\":\"https:\\\/\\\/eldigitaldeasturias.com\\\/magazine365\\\/#website\",\"url\":\"https:\\\/\\\/eldigitaldeasturias.com\\\/magazine365\\\/\",\"name\":\"El Digital de Asturias\",\"description\":\"Revista de ocio, turismo y estilo de vida\",\"inLanguage\":\"es-ES\",\"publisher\":{\"@id\":\"https:\\\/\\\/eldigitaldeasturias.com\\\/magazine365\\\/#organization\"}}]}\n\t\t<\/script>\n\t\t<!-- All in One SEO Pro -->\r\n\t\t<title>Periodistas franceses descubrir\u00e1n la gastronom\u00eda y cultura de Extremadura | El Digital de Asturias<\/title>\n\n","aioseo_head_json":{"title":"Periodistas franceses descubrir\u00e1n la gastronom\u00eda y cultura de Extremadura | El Digital de Asturias","description":"Tres periodistas franceses especializados en gastronom\u00eda y viajes inician este mi\u00e9rcoles, d\u00eda 3 de junio, una visita de cuatro d\u00edas a Extremadura para conocer la cocina regional y su patrimonio hist\u00f3rico y cultural. Este viaje de prensa, organizado por la Direcci\u00f3n General de Turismo en colaboraci\u00f3n con la oficina de Turespa\u00f1a en Par\u00eds, recorre C\u00e1ceres,","canonical_url":"https:\/\/eldigitaldeasturias.com\/magazine365\/periodistas-franceses-descubriran-la-gastronomia-y-cultura-de-extremadura\/","robots":"max-image-preview:large","keywords":"noticias y actualidad","webmasterTools":{"google-site-verification":"UA-38556648-1","miscellaneous":""},"schema":{"@context":"https:\/\/schema.org","@graph":[{"@type":"Article","@id":"https:\/\/eldigitaldeasturias.com\/magazine365\/periodistas-franceses-descubriran-la-gastronomia-y-cultura-de-extremadura\/#article","name":"Periodistas franceses descubrir\u00e1n la gastronom\u00eda y cultura de Extremadura | El Digital de Asturias","headline":"Periodistas franceses descubrir\u00e1n la gastronom\u00eda y cultura de Extremadura","author":{"@id":"https:\/\/eldigitaldeasturias.com\/magazine365\/author\/admin\/#author"},"publisher":{"@id":"https:\/\/eldigitaldeasturias.com\/magazine365\/#organization"},"image":{"@type":"ImageObject","url":"https:\/\/eldigitaldeasturias.com\/magazine365\/wp-content\/uploads\/2015\/06\/fotonoticia_20150603132127_800.jpg","width":800,"height":555},"datePublished":"2015-06-04T14:47:35+02:00","dateModified":"2015-06-04T14:47:36+02:00","inLanguage":"es-ES","mainEntityOfPage":{"@id":"https:\/\/eldigitaldeasturias.com\/magazine365\/periodistas-franceses-descubriran-la-gastronomia-y-cultura-de-extremadura\/#webpage"},"isPartOf":{"@id":"https:\/\/eldigitaldeasturias.com\/magazine365\/periodistas-franceses-descubriran-la-gastronomia-y-cultura-de-extremadura\/#webpage"},"articleSection":"Noticias y Actualidad"},{"@type":"BreadcrumbList","@id":"https:\/\/eldigitaldeasturias.com\/magazine365\/periodistas-franceses-descubriran-la-gastronomia-y-cultura-de-extremadura\/#breadcrumblist","itemListElement":[{"@type":"ListItem","@id":"https:\/\/eldigitaldeasturias.com\/magazine365#listItem","position":1,"name":"Home","item":"https:\/\/eldigitaldeasturias.com\/magazine365","nextItem":{"@type":"ListItem","@id":"https:\/\/eldigitaldeasturias.com\/magazine365\/category\/noticias-actualidad\/#listItem","name":"Noticias y Actualidad"}},{"@type":"ListItem","@id":"https:\/\/eldigitaldeasturias.com\/magazine365\/category\/noticias-actualidad\/#listItem","position":2,"name":"Noticias y Actualidad","item":"https:\/\/eldigitaldeasturias.com\/magazine365\/category\/noticias-actualidad\/","nextItem":{"@type":"ListItem","@id":"https:\/\/eldigitaldeasturias.com\/magazine365\/periodistas-franceses-descubriran-la-gastronomia-y-cultura-de-extremadura\/#listItem","name":"Periodistas franceses descubrir\u00e1n la gastronom\u00eda y cultura de Extremadura"},"previousItem":{"@type":"ListItem","@id":"https:\/\/eldigitaldeasturias.com\/magazine365#listItem","name":"Home"}},{"@type":"ListItem","@id":"https:\/\/eldigitaldeasturias.com\/magazine365\/periodistas-franceses-descubriran-la-gastronomia-y-cultura-de-extremadura\/#listItem","position":3,"name":"Periodistas franceses descubrir\u00e1n la gastronom\u00eda y cultura de Extremadura","previousItem":{"@type":"ListItem","@id":"https:\/\/eldigitaldeasturias.com\/magazine365\/category\/noticias-actualidad\/#listItem","name":"Noticias y Actualidad"}}]},{"@type":"Organization","@id":"https:\/\/eldigitaldeasturias.com\/magazine365\/#organization","name":"El digital de Asturias","description":"Revista de ocio, turismo y estilo de vida","url":"https:\/\/eldigitaldeasturias.com\/magazine365\/","logo":{"@type":"ImageObject","url":"https:\/\/www.eldigitaldeasturias.com\/noticias\/wp-content\/uploads\/2020\/12\/EDA.jpg","@id":"https:\/\/eldigitaldeasturias.com\/magazine365\/periodistas-franceses-descubriran-la-gastronomia-y-cultura-de-extremadura\/#organizationLogo"},"image":{"@id":"https:\/\/eldigitaldeasturias.com\/magazine365\/periodistas-franceses-descubriran-la-gastronomia-y-cultura-de-extremadura\/#organizationLogo"}},{"@type":"Person","@id":"https:\/\/eldigitaldeasturias.com\/magazine365\/author\/admin\/#author","url":"https:\/\/eldigitaldeasturias.com\/magazine365\/author\/admin\/","name":"admin","image":{"@type":"ImageObject","@id":"https:\/\/eldigitaldeasturias.com\/magazine365\/periodistas-franceses-descubriran-la-gastronomia-y-cultura-de-extremadura\/#authorImage","url":"https:\/\/eldigitaldeasturias.com\/magazine365\/wp-content\/litespeed\/avatar\/e571bcf59a0edd6fa6838245a470f2fe.jpg?ver=1776969259","width":96,"height":96,"caption":"admin"}},{"@type":"WebPage","@id":"https:\/\/eldigitaldeasturias.com\/magazine365\/periodistas-franceses-descubriran-la-gastronomia-y-cultura-de-extremadura\/#webpage","url":"https:\/\/eldigitaldeasturias.com\/magazine365\/periodistas-franceses-descubriran-la-gastronomia-y-cultura-de-extremadura\/","name":"Periodistas franceses descubrir\u00e1n la gastronom\u00eda y cultura de Extremadura | El Digital de Asturias","description":"Tres periodistas franceses especializados en gastronom\u00eda y viajes inician este mi\u00e9rcoles, d\u00eda 3 de junio, una visita de cuatro d\u00edas a Extremadura para conocer la cocina regional y su patrimonio hist\u00f3rico y cultural. Este viaje de prensa, organizado por la Direcci\u00f3n General de Turismo en colaboraci\u00f3n con la oficina de Turespa\u00f1a en Par\u00eds, recorre C\u00e1ceres,","inLanguage":"es-ES","isPartOf":{"@id":"https:\/\/eldigitaldeasturias.com\/magazine365\/#website"},"breadcrumb":{"@id":"https:\/\/eldigitaldeasturias.com\/magazine365\/periodistas-franceses-descubriran-la-gastronomia-y-cultura-de-extremadura\/#breadcrumblist"},"author":{"@id":"https:\/\/eldigitaldeasturias.com\/magazine365\/author\/admin\/#author"},"creator":{"@id":"https:\/\/eldigitaldeasturias.com\/magazine365\/author\/admin\/#author"},"image":{"@type":"ImageObject","url":"https:\/\/eldigitaldeasturias.com\/magazine365\/wp-content\/uploads\/2015\/06\/fotonoticia_20150603132127_800.jpg","@id":"https:\/\/eldigitaldeasturias.com\/magazine365\/periodistas-franceses-descubriran-la-gastronomia-y-cultura-de-extremadura\/#mainImage","width":800,"height":555},"primaryImageOfPage":{"@id":"https:\/\/eldigitaldeasturias.com\/magazine365\/periodistas-franceses-descubriran-la-gastronomia-y-cultura-de-extremadura\/#mainImage"},"datePublished":"2015-06-04T14:47:35+02:00","dateModified":"2015-06-04T14:47:36+02:00"},{"@type":"WebSite","@id":"https:\/\/eldigitaldeasturias.com\/magazine365\/#website","url":"https:\/\/eldigitaldeasturias.com\/magazine365\/","name":"El Digital de Asturias","description":"Revista de ocio, turismo y estilo de vida","inLanguage":"es-ES","publisher":{"@id":"https:\/\/eldigitaldeasturias.com\/magazine365\/#organization"}}]},"og:locale":"es_ES","og:site_name":"El Digital de Asturias \u2013 Revista de ocio, turismo y estilo de vida","og:type":"article","og:title":"Periodistas franceses descubrir\u00e1n la gastronom\u00eda y cultura de Extremadura | El Digital de Asturias","og:description":"Tres periodistas franceses especializados en gastronom\u00eda y viajes inician este mi\u00e9rcoles, d\u00eda 3 de junio, una visita de cuatro d\u00edas a Extremadura para conocer la cocina regional y su patrimonio hist\u00f3rico y cultural. Este viaje de prensa, organizado por la Direcci\u00f3n General de Turismo en colaboraci\u00f3n con la oficina de Turespa\u00f1a en Par\u00eds, recorre C\u00e1ceres,","og:url":"https:\/\/eldigitaldeasturias.com\/magazine365\/periodistas-franceses-descubriran-la-gastronomia-y-cultura-de-extremadura\/","og:image":"https:\/\/eldigitaldeasturias.com\/magazine365\/wp-content\/uploads\/2015\/06\/fotonoticia_20150603132127_800.jpg","og:image:secure_url":"https:\/\/eldigitaldeasturias.com\/magazine365\/wp-content\/uploads\/2015\/06\/fotonoticia_20150603132127_800.jpg","og:image:width":800,"og:image:height":555,"article:published_time":"2015-06-04T13:17:35+00:00","article:modified_time":"2015-06-04T13:17:36+00:00","twitter:card":"summary_large_image","twitter:title":"Periodistas franceses descubrir\u00e1n la gastronom\u00eda y cultura de Extremadura | El Digital de Asturias","twitter:description":"Tres periodistas franceses especializados en gastronom\u00eda y viajes inician este mi\u00e9rcoles, d\u00eda 3 de junio, una visita de cuatro d\u00edas a Extremadura para conocer la cocina regional y su patrimonio hist\u00f3rico y cultural. Este viaje de prensa, organizado por la Direcci\u00f3n General de Turismo en colaboraci\u00f3n con la oficina de Turespa\u00f1a en Par\u00eds, recorre C\u00e1ceres,","twitter:image":"https:\/\/eldigitaldeasturias.com\/magazine365\/wp-content\/uploads\/2015\/06\/fotonoticia_20150603132127_800.jpg"},"aioseo_meta_data":{"post_id":"38732","title":null,"description":null,"keywords":null,"keyphrases":null,"primary_term":null,"canonical_url":null,"og_title":null,"og_description":null,"og_object_type":"default","og_image_type":"default","og_image_url":null,"og_image_width":null,"og_image_height":null,"og_image_custom_url":null,"og_image_custom_fields":null,"og_video":null,"og_custom_url":null,"og_article_section":null,"og_article_tags":null,"twitter_use_og":false,"twitter_card":"default","twitter_image_type":"default","twitter_image_url":null,"twitter_image_custom_url":null,"twitter_image_custom_fields":null,"twitter_title":null,"twitter_description":null,"schema":{"blockGraphs":[],"customGraphs":[],"default":{"data":{"Article":[],"Course":[],"Dataset":[],"FAQPage":[],"Movie":[],"Person":[],"Product":[],"ProductReview":[],"Car":[],"Recipe":[],"Service":[],"SoftwareApplication":[],"WebPage":[]},"graphName":"","isEnabled":true},"graphs":[],"defaultGraph":"","defaultPostTypeGraph":""},"schema_type":null,"schema_type_options":null,"pillar_content":false,"robots_default":true,"robots_noindex":false,"robots_noarchive":false,"robots_nosnippet":false,"robots_nofollow":false,"robots_noimageindex":false,"robots_noodp":false,"robots_notranslate":false,"robots_max_snippet":null,"robots_max_videopreview":null,"robots_max_imagepreview":"large","priority":null,"frequency":null,"location":null,"local_seo":null,"seo_analyzer_scan_date":"2025-09-19 10:11:30","breadcrumb_settings":null,"limit_modified_date":false,"open_ai":null,"ai":null,"created":"2021-03-09 02:49:44","updated":"2025-09-19 10:11:30"},"aioseo_breadcrumb":"<div class=\"aioseo-breadcrumbs\"><span class=\"aioseo-breadcrumb\">\n\t<a href=\"https:\/\/eldigitaldeasturias.com\/magazine365\" title=\"Home\">Home<\/a>\n<\/span><span class=\"aioseo-breadcrumb-separator\">\u2013<\/span><span class=\"aioseo-breadcrumb\">\n\t<a href=\"https:\/\/eldigitaldeasturias.com\/magazine365\/category\/noticias-actualidad\/\" title=\"Noticias y Actualidad\">Noticias y Actualidad<\/a>\n<\/span><span class=\"aioseo-breadcrumb-separator\">\u2013<\/span><span class=\"aioseo-breadcrumb\">\n\t<a href=\"https:\/\/eldigitaldeasturias.com\/magazine365\/periodistas-franceses-descubriran-la-gastronomia-y-cultura-de-extremadura\/\" title=\"Periodistas franceses descubrir\u00e1n la gastronom\u00eda y cultura de Extremadura\">Periodistas franceses descubrir\u00e1n la gastronom\u00eda y cultura de Extremadura<\/a>\n<\/span><\/div>","aioseo_breadcrumb_json":[{"label":"Home","link":"https:\/\/eldigitaldeasturias.com\/magazine365"},{"label":"Noticias y Actualidad","link":"https:\/\/eldigitaldeasturias.com\/magazine365\/category\/noticias-actualidad\/"},{"label":"Periodistas franceses descubrir\u00e1n la gastronom\u00eda y cultura de Extremadura","link":"https:\/\/eldigitaldeasturias.com\/magazine365\/periodistas-franceses-descubriran-la-gastronomia-y-cultura-de-extremadura\/"}],"_links":{"self":[{"href":"https:\/\/eldigitaldeasturias.com\/magazine365\/wp-json\/wp\/v2\/posts\/38732","targetHints":{"allow":["GET"]}}],"collection":[{"href":"https:\/\/eldigitaldeasturias.com\/magazine365\/wp-json\/wp\/v2\/posts"}],"about":[{"href":"https:\/\/eldigitaldeasturias.com\/magazine365\/wp-json\/wp\/v2\/types\/post"}],"author":[{"embeddable":true,"href":"https:\/\/eldigitaldeasturias.com\/magazine365\/wp-json\/wp\/v2\/users\/1"}],"replies":[{"embeddable":true,"href":"https:\/\/eldigitaldeasturias.com\/magazine365\/wp-json\/wp\/v2\/comments?post=38732"}],"version-history":[{"count":0,"href":"https:\/\/eldigitaldeasturias.com\/magazine365\/wp-json\/wp\/v2\/posts\/38732\/revisions"}],"wp:featuredmedia":[{"embeddable":true,"href":"https:\/\/eldigitaldeasturias.com\/magazine365\/wp-json\/wp\/v2\/media\/38733"}],"wp:attachment":[{"href":"https:\/\/eldigitaldeasturias.com\/magazine365\/wp-json\/wp\/v2\/media?parent=38732"}],"wp:term":[{"taxonomy":"category","embeddable":true,"href":"https:\/\/eldigitaldeasturias.com\/magazine365\/wp-json\/wp\/v2\/categories?post=38732"},{"taxonomy":"post_tag","embeddable":true,"href":"https:\/\/eldigitaldeasturias.com\/magazine365\/wp-json\/wp\/v2\/tags?post=38732"}],"curies":[{"name":"wp","href":"https:\/\/api.w.org\/{rel}","templated":true}]}}