{"id":38723,"date":"2015-06-04T14:38:55","date_gmt":"2015-06-04T13:08:55","guid":{"rendered":"http:\/\/eldigitaldeasturias.com\/magazine365\/?p=38723"},"modified":"2015-06-04T14:38:55","modified_gmt":"2015-06-04T13:08:55","slug":"formentera-se-promociona-por-primera-vez-en-una-feria-de-shanghai","status":"publish","type":"post","link":"https:\/\/eldigitaldeasturias.com\/magazine365\/formentera-se-promociona-por-primera-vez-en-una-feria-de-shanghai\/","title":{"rendered":"Formentera se promociona por primera vez en una feria de Shanghai"},"content":{"rendered":"<p><img fetchpriority=\"high\" decoding=\"async\" class=\"alignleft size-medium wp-image-38724\" src=\"https:\/\/eldigitaldeasturias.com\/magazine365\/wp-content\/uploads\/2015\/06\/mar1-360x256.jpg\" alt=\"mar\" width=\"360\" height=\"256\" srcset=\"https:\/\/eldigitaldeasturias.com\/magazine365\/wp-content\/uploads\/2015\/06\/mar1-360x256.jpg 360w, https:\/\/eldigitaldeasturias.com\/magazine365\/wp-content\/uploads\/2015\/06\/mar1-650x462.jpg 650w, https:\/\/eldigitaldeasturias.com\/magazine365\/wp-content\/uploads\/2015\/06\/mar1-768x546.jpg 768w, https:\/\/eldigitaldeasturias.com\/magazine365\/wp-content\/uploads\/2015\/06\/mar1-150x107.jpg 150w, https:\/\/eldigitaldeasturias.com\/magazine365\/wp-content\/uploads\/2015\/06\/mar1-450x320.jpg 450w, https:\/\/eldigitaldeasturias.com\/magazine365\/wp-content\/uploads\/2015\/06\/mar1-100x70.jpg 100w, https:\/\/eldigitaldeasturias.com\/magazine365\/wp-content\/uploads\/2015\/06\/mar1-696x495.jpg 696w, https:\/\/eldigitaldeasturias.com\/magazine365\/wp-content\/uploads\/2015\/06\/mar1-591x420.jpg 591w, https:\/\/eldigitaldeasturias.com\/magazine365\/wp-content\/uploads\/2015\/06\/mar1.jpg 800w\" sizes=\"(max-width: 360px) 100vw, 360px\" \/>El Patronato de Turismo de Formentera ha realizado su primer viaje de promoci\u00f3n fuera de Europa y as\u00ed, participar\u00e1 hasta el 4 de junio en el International Luxury Travel Market de Asia, que se celebra en la ciudad china de Shanghai.<\/p>\n<p>Seg\u00fan han destacado los responsables tur\u00edsticos, se trata de una oportunidad \u00fanica para entrar en contacto con proveedores y compradores de viajes y experiencias de lujo en el mundo, un sector que experimenta un extraordinario crecimiento y que tiene en el mercado de Asia-Pac\u00edfico uno de sus principales mercados emergentes.<\/p>\n<p>Con la vista puesta en la desestacionalizaci\u00f3n y la diversificaci\u00f3n de mercados emisores, Turismo de Formentera se ha embarcado en una estrategia de promoci\u00f3n en nuevas \u00e1reas geogr\u00e1ficas que tiene su primera parada en Asia.<\/p>\n<p>As\u00ed, el Gerente del Patronato de Turismo, Carlos Bern\u00fas, se ha desplazado a la feria para atender un total de 60 citas fijadas con agentes de viajes y touroperadores especializados en viajes a medida para el segmento del lujo de hasta diez pa\u00edses diferentes de Asia.<\/p>\n<p>Por otra parte, mantendr\u00e1 un encuentro tambi\u00e9n con la Directora General de Turespa\u00f1a, Marta Blanco. \u00abEl objetivo de nuestra presencia en ILTM pasa por presentar la isla como un destino de lujo natural, donde experimentar sensaciones \u00fanicas en un entorno excelentemente conservado, capaz de asegurar la exclusividad y la ausencia de masificaci\u00f3n y adem\u00e1s con una ubicaci\u00f3n muy pr\u00f3xima a otros destinos tur\u00edsticos que eligen los visitantes asi\u00e1ticos en sus viajes a Europa\u00bb, ha explicado.<\/p>\n","protected":false},"excerpt":{"rendered":"<p>El Patronato de Turismo de Formentera ha realizado su primer viaje de promoci\u00f3n fuera de Europa y as\u00ed, participar\u00e1 hasta el 4 de junio en el International Luxury Travel Market de Asia, que se celebra en la ciudad china de Shanghai. Seg\u00fan han destacado los responsables tur\u00edsticos, se trata de una oportunidad \u00fanica para entrar<\/p>\n","protected":false},"author":1,"featured_media":38724,"comment_status":"open","ping_status":"closed","sticky":false,"template":"","format":"standard","meta":{"footnotes":""},"categories":[222],"tags":[],"class_list":{"0":"post-38723","1":"post","2":"type-post","3":"status-publish","4":"format-standard","5":"has-post-thumbnail","7":"category-actualidad-turismo"},"aioseo_notices":[],"aioseo_head":"\n\t\t<!-- All in One SEO Pro 4.9.6.1 - aioseo.com -->\n\t<meta name=\"description\" content=\"El Patronato de Turismo de Formentera ha realizado su primer viaje de promoci\u00f3n fuera de Europa y as\u00ed, participar\u00e1 hasta el 4 de junio en el International Luxury Travel Market de Asia, que se celebra en la ciudad china de Shanghai. Seg\u00fan han destacado los responsables tur\u00edsticos, se trata de una oportunidad \u00fanica para entrar\" \/>\n\t<meta name=\"robots\" content=\"max-image-preview:large\" \/>\n\t<meta name=\"author\" content=\"admin\"\/>\n\t<meta name=\"google-site-verification\" content=\"UA-38556648-1\" \/>\n\t<meta name=\"keywords\" content=\"actualidad turismo\" \/>\n\t<link rel=\"canonical\" href=\"https:\/\/eldigitaldeasturias.com\/magazine365\/formentera-se-promociona-por-primera-vez-en-una-feria-de-shanghai\/\" \/>\n\t<meta name=\"generator\" content=\"All in One SEO Pro (AIOSEO) 4.9.6.1\" \/>\n\t\t<meta property=\"og:locale\" content=\"es_ES\" \/>\n\t\t<meta property=\"og:site_name\" content=\"El Digital de Asturias \u2013 Revista de ocio, turismo y estilo de vida\" \/>\n\t\t<meta property=\"og:type\" content=\"article\" \/>\n\t\t<meta property=\"og:title\" content=\"Formentera se promociona por primera vez en una feria de Shanghai | El Digital de Asturias\" \/>\n\t\t<meta property=\"og:description\" content=\"El Patronato de Turismo de Formentera ha realizado su primer viaje de promoci\u00f3n fuera de Europa y as\u00ed, participar\u00e1 hasta el 4 de junio en el International Luxury Travel Market de Asia, que se celebra en la ciudad china de Shanghai. Seg\u00fan han destacado los responsables tur\u00edsticos, se trata de una oportunidad \u00fanica para entrar\" \/>\n\t\t<meta property=\"og:url\" content=\"https:\/\/eldigitaldeasturias.com\/magazine365\/formentera-se-promociona-por-primera-vez-en-una-feria-de-shanghai\/\" \/>\n\t\t<meta property=\"og:image\" content=\"https:\/\/eldigitaldeasturias.com\/magazine365\/wp-content\/uploads\/2015\/06\/mar1.jpg\" \/>\n\t\t<meta property=\"og:image:secure_url\" content=\"https:\/\/eldigitaldeasturias.com\/magazine365\/wp-content\/uploads\/2015\/06\/mar1.jpg\" \/>\n\t\t<meta property=\"og:image:width\" content=\"800\" \/>\n\t\t<meta property=\"og:image:height\" content=\"569\" \/>\n\t\t<meta property=\"article:published_time\" content=\"2015-06-04T13:08:55+00:00\" \/>\n\t\t<meta property=\"article:modified_time\" content=\"2015-06-04T13:08:55+00:00\" \/>\n\t\t<meta name=\"twitter:card\" content=\"summary_large_image\" \/>\n\t\t<meta name=\"twitter:title\" content=\"Formentera se promociona por primera vez en una feria de Shanghai | El Digital de Asturias\" \/>\n\t\t<meta name=\"twitter:description\" content=\"El Patronato de Turismo de Formentera ha realizado su primer viaje de promoci\u00f3n fuera de Europa y as\u00ed, participar\u00e1 hasta el 4 de junio en el International Luxury Travel Market de Asia, que se celebra en la ciudad china de Shanghai. Seg\u00fan han destacado los responsables tur\u00edsticos, se trata de una oportunidad \u00fanica para entrar\" \/>\n\t\t<meta name=\"twitter:image\" content=\"https:\/\/eldigitaldeasturias.com\/magazine365\/wp-content\/uploads\/2015\/06\/mar1.jpg\" \/>\n\t\t<script type=\"application\/ld+json\" class=\"aioseo-schema\">\n\t\t\t{\"@context\":\"https:\\\/\\\/schema.org\",\"@graph\":[{\"@type\":\"Article\",\"@id\":\"https:\\\/\\\/eldigitaldeasturias.com\\\/magazine365\\\/formentera-se-promociona-por-primera-vez-en-una-feria-de-shanghai\\\/#article\",\"name\":\"Formentera se promociona por primera vez en una feria de Shanghai | El Digital de Asturias\",\"headline\":\"Formentera se promociona por primera vez en una feria de Shanghai\",\"author\":{\"@id\":\"https:\\\/\\\/eldigitaldeasturias.com\\\/magazine365\\\/author\\\/admin\\\/#author\"},\"publisher\":{\"@id\":\"https:\\\/\\\/eldigitaldeasturias.com\\\/magazine365\\\/#organization\"},\"image\":{\"@type\":\"ImageObject\",\"url\":\"https:\\\/\\\/eldigitaldeasturias.com\\\/magazine365\\\/wp-content\\\/uploads\\\/2015\\\/06\\\/mar1.jpg\",\"width\":800,\"height\":569},\"datePublished\":\"2015-06-04T14:38:55+02:00\",\"dateModified\":\"2015-06-04T14:38:55+02:00\",\"inLanguage\":\"es-ES\",\"mainEntityOfPage\":{\"@id\":\"https:\\\/\\\/eldigitaldeasturias.com\\\/magazine365\\\/formentera-se-promociona-por-primera-vez-en-una-feria-de-shanghai\\\/#webpage\"},\"isPartOf\":{\"@id\":\"https:\\\/\\\/eldigitaldeasturias.com\\\/magazine365\\\/formentera-se-promociona-por-primera-vez-en-una-feria-de-shanghai\\\/#webpage\"},\"articleSection\":\"Actualidad Turismo\"},{\"@type\":\"BreadcrumbList\",\"@id\":\"https:\\\/\\\/eldigitaldeasturias.com\\\/magazine365\\\/formentera-se-promociona-por-primera-vez-en-una-feria-de-shanghai\\\/#breadcrumblist\",\"itemListElement\":[{\"@type\":\"ListItem\",\"@id\":\"https:\\\/\\\/eldigitaldeasturias.com\\\/magazine365#listItem\",\"position\":1,\"name\":\"Home\",\"item\":\"https:\\\/\\\/eldigitaldeasturias.com\\\/magazine365\",\"nextItem\":{\"@type\":\"ListItem\",\"@id\":\"https:\\\/\\\/eldigitaldeasturias.com\\\/magazine365\\\/category\\\/actualidad-turismo\\\/#listItem\",\"name\":\"Actualidad Turismo\"}},{\"@type\":\"ListItem\",\"@id\":\"https:\\\/\\\/eldigitaldeasturias.com\\\/magazine365\\\/category\\\/actualidad-turismo\\\/#listItem\",\"position\":2,\"name\":\"Actualidad Turismo\",\"item\":\"https:\\\/\\\/eldigitaldeasturias.com\\\/magazine365\\\/category\\\/actualidad-turismo\\\/\",\"nextItem\":{\"@type\":\"ListItem\",\"@id\":\"https:\\\/\\\/eldigitaldeasturias.com\\\/magazine365\\\/formentera-se-promociona-por-primera-vez-en-una-feria-de-shanghai\\\/#listItem\",\"name\":\"Formentera se promociona por primera vez en una feria de Shanghai\"},\"previousItem\":{\"@type\":\"ListItem\",\"@id\":\"https:\\\/\\\/eldigitaldeasturias.com\\\/magazine365#listItem\",\"name\":\"Home\"}},{\"@type\":\"ListItem\",\"@id\":\"https:\\\/\\\/eldigitaldeasturias.com\\\/magazine365\\\/formentera-se-promociona-por-primera-vez-en-una-feria-de-shanghai\\\/#listItem\",\"position\":3,\"name\":\"Formentera se promociona por primera vez en una feria de Shanghai\",\"previousItem\":{\"@type\":\"ListItem\",\"@id\":\"https:\\\/\\\/eldigitaldeasturias.com\\\/magazine365\\\/category\\\/actualidad-turismo\\\/#listItem\",\"name\":\"Actualidad Turismo\"}}]},{\"@type\":\"Organization\",\"@id\":\"https:\\\/\\\/eldigitaldeasturias.com\\\/magazine365\\\/#organization\",\"name\":\"El digital de Asturias\",\"description\":\"Revista de ocio, turismo y estilo de vida\",\"url\":\"https:\\\/\\\/eldigitaldeasturias.com\\\/magazine365\\\/\",\"logo\":{\"@type\":\"ImageObject\",\"url\":\"https:\\\/\\\/www.eldigitaldeasturias.com\\\/noticias\\\/wp-content\\\/uploads\\\/2020\\\/12\\\/EDA.jpg\",\"@id\":\"https:\\\/\\\/eldigitaldeasturias.com\\\/magazine365\\\/formentera-se-promociona-por-primera-vez-en-una-feria-de-shanghai\\\/#organizationLogo\"},\"image\":{\"@id\":\"https:\\\/\\\/eldigitaldeasturias.com\\\/magazine365\\\/formentera-se-promociona-por-primera-vez-en-una-feria-de-shanghai\\\/#organizationLogo\"}},{\"@type\":\"Person\",\"@id\":\"https:\\\/\\\/eldigitaldeasturias.com\\\/magazine365\\\/author\\\/admin\\\/#author\",\"url\":\"https:\\\/\\\/eldigitaldeasturias.com\\\/magazine365\\\/author\\\/admin\\\/\",\"name\":\"admin\",\"image\":{\"@type\":\"ImageObject\",\"@id\":\"https:\\\/\\\/eldigitaldeasturias.com\\\/magazine365\\\/formentera-se-promociona-por-primera-vez-en-una-feria-de-shanghai\\\/#authorImage\",\"url\":\"https:\\\/\\\/eldigitaldeasturias.com\\\/magazine365\\\/wp-content\\\/litespeed\\\/avatar\\\/e571bcf59a0edd6fa6838245a470f2fe.jpg?ver=1776969259\",\"width\":96,\"height\":96,\"caption\":\"admin\"}},{\"@type\":\"WebPage\",\"@id\":\"https:\\\/\\\/eldigitaldeasturias.com\\\/magazine365\\\/formentera-se-promociona-por-primera-vez-en-una-feria-de-shanghai\\\/#webpage\",\"url\":\"https:\\\/\\\/eldigitaldeasturias.com\\\/magazine365\\\/formentera-se-promociona-por-primera-vez-en-una-feria-de-shanghai\\\/\",\"name\":\"Formentera se promociona por primera vez en una feria de Shanghai | El Digital de Asturias\",\"description\":\"El Patronato de Turismo de Formentera ha realizado su primer viaje de promoci\\u00f3n fuera de Europa y as\\u00ed, participar\\u00e1 hasta el 4 de junio en el International Luxury Travel Market de Asia, que se celebra en la ciudad china de Shanghai. Seg\\u00fan han destacado los responsables tur\\u00edsticos, se trata de una oportunidad \\u00fanica para entrar\",\"inLanguage\":\"es-ES\",\"isPartOf\":{\"@id\":\"https:\\\/\\\/eldigitaldeasturias.com\\\/magazine365\\\/#website\"},\"breadcrumb\":{\"@id\":\"https:\\\/\\\/eldigitaldeasturias.com\\\/magazine365\\\/formentera-se-promociona-por-primera-vez-en-una-feria-de-shanghai\\\/#breadcrumblist\"},\"author\":{\"@id\":\"https:\\\/\\\/eldigitaldeasturias.com\\\/magazine365\\\/author\\\/admin\\\/#author\"},\"creator\":{\"@id\":\"https:\\\/\\\/eldigitaldeasturias.com\\\/magazine365\\\/author\\\/admin\\\/#author\"},\"image\":{\"@type\":\"ImageObject\",\"url\":\"https:\\\/\\\/eldigitaldeasturias.com\\\/magazine365\\\/wp-content\\\/uploads\\\/2015\\\/06\\\/mar1.jpg\",\"@id\":\"https:\\\/\\\/eldigitaldeasturias.com\\\/magazine365\\\/formentera-se-promociona-por-primera-vez-en-una-feria-de-shanghai\\\/#mainImage\",\"width\":800,\"height\":569},\"primaryImageOfPage\":{\"@id\":\"https:\\\/\\\/eldigitaldeasturias.com\\\/magazine365\\\/formentera-se-promociona-por-primera-vez-en-una-feria-de-shanghai\\\/#mainImage\"},\"datePublished\":\"2015-06-04T14:38:55+02:00\",\"dateModified\":\"2015-06-04T14:38:55+02:00\"},{\"@type\":\"WebSite\",\"@id\":\"https:\\\/\\\/eldigitaldeasturias.com\\\/magazine365\\\/#website\",\"url\":\"https:\\\/\\\/eldigitaldeasturias.com\\\/magazine365\\\/\",\"name\":\"El Digital de Asturias\",\"description\":\"Revista de ocio, turismo y estilo de vida\",\"inLanguage\":\"es-ES\",\"publisher\":{\"@id\":\"https:\\\/\\\/eldigitaldeasturias.com\\\/magazine365\\\/#organization\"}}]}\n\t\t<\/script>\n\t\t<!-- All in One SEO Pro -->\r\n\t\t<title>Formentera se promociona por primera vez en una feria de Shanghai | El Digital de Asturias<\/title>\n\n","aioseo_head_json":{"title":"Formentera se promociona por primera vez en una feria de Shanghai | El Digital de Asturias","description":"El Patronato de Turismo de Formentera ha realizado su primer viaje de promoci\u00f3n fuera de Europa y as\u00ed, participar\u00e1 hasta el 4 de junio en el International Luxury Travel Market de Asia, que se celebra en la ciudad china de Shanghai. Seg\u00fan han destacado los responsables tur\u00edsticos, se trata de una oportunidad \u00fanica para entrar","canonical_url":"https:\/\/eldigitaldeasturias.com\/magazine365\/formentera-se-promociona-por-primera-vez-en-una-feria-de-shanghai\/","robots":"max-image-preview:large","keywords":"actualidad turismo","webmasterTools":{"google-site-verification":"UA-38556648-1","miscellaneous":""},"schema":{"@context":"https:\/\/schema.org","@graph":[{"@type":"Article","@id":"https:\/\/eldigitaldeasturias.com\/magazine365\/formentera-se-promociona-por-primera-vez-en-una-feria-de-shanghai\/#article","name":"Formentera se promociona por primera vez en una feria de Shanghai | El Digital de Asturias","headline":"Formentera se promociona por primera vez en una feria de Shanghai","author":{"@id":"https:\/\/eldigitaldeasturias.com\/magazine365\/author\/admin\/#author"},"publisher":{"@id":"https:\/\/eldigitaldeasturias.com\/magazine365\/#organization"},"image":{"@type":"ImageObject","url":"https:\/\/eldigitaldeasturias.com\/magazine365\/wp-content\/uploads\/2015\/06\/mar1.jpg","width":800,"height":569},"datePublished":"2015-06-04T14:38:55+02:00","dateModified":"2015-06-04T14:38:55+02:00","inLanguage":"es-ES","mainEntityOfPage":{"@id":"https:\/\/eldigitaldeasturias.com\/magazine365\/formentera-se-promociona-por-primera-vez-en-una-feria-de-shanghai\/#webpage"},"isPartOf":{"@id":"https:\/\/eldigitaldeasturias.com\/magazine365\/formentera-se-promociona-por-primera-vez-en-una-feria-de-shanghai\/#webpage"},"articleSection":"Actualidad Turismo"},{"@type":"BreadcrumbList","@id":"https:\/\/eldigitaldeasturias.com\/magazine365\/formentera-se-promociona-por-primera-vez-en-una-feria-de-shanghai\/#breadcrumblist","itemListElement":[{"@type":"ListItem","@id":"https:\/\/eldigitaldeasturias.com\/magazine365#listItem","position":1,"name":"Home","item":"https:\/\/eldigitaldeasturias.com\/magazine365","nextItem":{"@type":"ListItem","@id":"https:\/\/eldigitaldeasturias.com\/magazine365\/category\/actualidad-turismo\/#listItem","name":"Actualidad Turismo"}},{"@type":"ListItem","@id":"https:\/\/eldigitaldeasturias.com\/magazine365\/category\/actualidad-turismo\/#listItem","position":2,"name":"Actualidad Turismo","item":"https:\/\/eldigitaldeasturias.com\/magazine365\/category\/actualidad-turismo\/","nextItem":{"@type":"ListItem","@id":"https:\/\/eldigitaldeasturias.com\/magazine365\/formentera-se-promociona-por-primera-vez-en-una-feria-de-shanghai\/#listItem","name":"Formentera se promociona por primera vez en una feria de Shanghai"},"previousItem":{"@type":"ListItem","@id":"https:\/\/eldigitaldeasturias.com\/magazine365#listItem","name":"Home"}},{"@type":"ListItem","@id":"https:\/\/eldigitaldeasturias.com\/magazine365\/formentera-se-promociona-por-primera-vez-en-una-feria-de-shanghai\/#listItem","position":3,"name":"Formentera se promociona por primera vez en una feria de Shanghai","previousItem":{"@type":"ListItem","@id":"https:\/\/eldigitaldeasturias.com\/magazine365\/category\/actualidad-turismo\/#listItem","name":"Actualidad Turismo"}}]},{"@type":"Organization","@id":"https:\/\/eldigitaldeasturias.com\/magazine365\/#organization","name":"El digital de Asturias","description":"Revista de ocio, turismo y estilo de vida","url":"https:\/\/eldigitaldeasturias.com\/magazine365\/","logo":{"@type":"ImageObject","url":"https:\/\/www.eldigitaldeasturias.com\/noticias\/wp-content\/uploads\/2020\/12\/EDA.jpg","@id":"https:\/\/eldigitaldeasturias.com\/magazine365\/formentera-se-promociona-por-primera-vez-en-una-feria-de-shanghai\/#organizationLogo"},"image":{"@id":"https:\/\/eldigitaldeasturias.com\/magazine365\/formentera-se-promociona-por-primera-vez-en-una-feria-de-shanghai\/#organizationLogo"}},{"@type":"Person","@id":"https:\/\/eldigitaldeasturias.com\/magazine365\/author\/admin\/#author","url":"https:\/\/eldigitaldeasturias.com\/magazine365\/author\/admin\/","name":"admin","image":{"@type":"ImageObject","@id":"https:\/\/eldigitaldeasturias.com\/magazine365\/formentera-se-promociona-por-primera-vez-en-una-feria-de-shanghai\/#authorImage","url":"https:\/\/eldigitaldeasturias.com\/magazine365\/wp-content\/litespeed\/avatar\/e571bcf59a0edd6fa6838245a470f2fe.jpg?ver=1776969259","width":96,"height":96,"caption":"admin"}},{"@type":"WebPage","@id":"https:\/\/eldigitaldeasturias.com\/magazine365\/formentera-se-promociona-por-primera-vez-en-una-feria-de-shanghai\/#webpage","url":"https:\/\/eldigitaldeasturias.com\/magazine365\/formentera-se-promociona-por-primera-vez-en-una-feria-de-shanghai\/","name":"Formentera se promociona por primera vez en una feria de Shanghai | El Digital de Asturias","description":"El Patronato de Turismo de Formentera ha realizado su primer viaje de promoci\u00f3n fuera de Europa y as\u00ed, participar\u00e1 hasta el 4 de junio en el International Luxury Travel Market de Asia, que se celebra en la ciudad china de Shanghai. Seg\u00fan han destacado los responsables tur\u00edsticos, se trata de una oportunidad \u00fanica para entrar","inLanguage":"es-ES","isPartOf":{"@id":"https:\/\/eldigitaldeasturias.com\/magazine365\/#website"},"breadcrumb":{"@id":"https:\/\/eldigitaldeasturias.com\/magazine365\/formentera-se-promociona-por-primera-vez-en-una-feria-de-shanghai\/#breadcrumblist"},"author":{"@id":"https:\/\/eldigitaldeasturias.com\/magazine365\/author\/admin\/#author"},"creator":{"@id":"https:\/\/eldigitaldeasturias.com\/magazine365\/author\/admin\/#author"},"image":{"@type":"ImageObject","url":"https:\/\/eldigitaldeasturias.com\/magazine365\/wp-content\/uploads\/2015\/06\/mar1.jpg","@id":"https:\/\/eldigitaldeasturias.com\/magazine365\/formentera-se-promociona-por-primera-vez-en-una-feria-de-shanghai\/#mainImage","width":800,"height":569},"primaryImageOfPage":{"@id":"https:\/\/eldigitaldeasturias.com\/magazine365\/formentera-se-promociona-por-primera-vez-en-una-feria-de-shanghai\/#mainImage"},"datePublished":"2015-06-04T14:38:55+02:00","dateModified":"2015-06-04T14:38:55+02:00"},{"@type":"WebSite","@id":"https:\/\/eldigitaldeasturias.com\/magazine365\/#website","url":"https:\/\/eldigitaldeasturias.com\/magazine365\/","name":"El Digital de Asturias","description":"Revista de ocio, turismo y estilo de vida","inLanguage":"es-ES","publisher":{"@id":"https:\/\/eldigitaldeasturias.com\/magazine365\/#organization"}}]},"og:locale":"es_ES","og:site_name":"El Digital de Asturias \u2013 Revista de ocio, turismo y estilo de vida","og:type":"article","og:title":"Formentera se promociona por primera vez en una feria de Shanghai | El Digital de Asturias","og:description":"El Patronato de Turismo de Formentera ha realizado su primer viaje de promoci\u00f3n fuera de Europa y as\u00ed, participar\u00e1 hasta el 4 de junio en el International Luxury Travel Market de Asia, que se celebra en la ciudad china de Shanghai. Seg\u00fan han destacado los responsables tur\u00edsticos, se trata de una oportunidad \u00fanica para entrar","og:url":"https:\/\/eldigitaldeasturias.com\/magazine365\/formentera-se-promociona-por-primera-vez-en-una-feria-de-shanghai\/","og:image":"https:\/\/eldigitaldeasturias.com\/magazine365\/wp-content\/uploads\/2015\/06\/mar1.jpg","og:image:secure_url":"https:\/\/eldigitaldeasturias.com\/magazine365\/wp-content\/uploads\/2015\/06\/mar1.jpg","og:image:width":800,"og:image:height":569,"article:published_time":"2015-06-04T13:08:55+00:00","article:modified_time":"2015-06-04T13:08:55+00:00","twitter:card":"summary_large_image","twitter:title":"Formentera se promociona por primera vez en una feria de Shanghai | El Digital de Asturias","twitter:description":"El Patronato de Turismo de Formentera ha realizado su primer viaje de promoci\u00f3n fuera de Europa y as\u00ed, participar\u00e1 hasta el 4 de junio en el International Luxury Travel Market de Asia, que se celebra en la ciudad china de Shanghai. Seg\u00fan han destacado los responsables tur\u00edsticos, se trata de una oportunidad \u00fanica para entrar","twitter:image":"https:\/\/eldigitaldeasturias.com\/magazine365\/wp-content\/uploads\/2015\/06\/mar1.jpg"},"aioseo_meta_data":{"post_id":"38723","title":null,"description":null,"keywords":null,"keyphrases":null,"primary_term":null,"canonical_url":null,"og_title":null,"og_description":null,"og_object_type":"default","og_image_type":"default","og_image_url":null,"og_image_width":null,"og_image_height":null,"og_image_custom_url":null,"og_image_custom_fields":null,"og_video":null,"og_custom_url":null,"og_article_section":null,"og_article_tags":null,"twitter_use_og":false,"twitter_card":"default","twitter_image_type":"default","twitter_image_url":null,"twitter_image_custom_url":null,"twitter_image_custom_fields":null,"twitter_title":null,"twitter_description":null,"schema":{"blockGraphs":[],"customGraphs":[],"default":{"data":{"Article":[],"Course":[],"Dataset":[],"FAQPage":[],"Movie":[],"Person":[],"Product":[],"ProductReview":[],"Car":[],"Recipe":[],"Service":[],"SoftwareApplication":[],"WebPage":[]},"graphName":"","isEnabled":true},"graphs":[],"defaultGraph":"","defaultPostTypeGraph":""},"schema_type":null,"schema_type_options":null,"pillar_content":false,"robots_default":true,"robots_noindex":false,"robots_noarchive":false,"robots_nosnippet":false,"robots_nofollow":false,"robots_noimageindex":false,"robots_noodp":false,"robots_notranslate":false,"robots_max_snippet":null,"robots_max_videopreview":null,"robots_max_imagepreview":"large","priority":null,"frequency":null,"location":null,"local_seo":null,"seo_analyzer_scan_date":"2025-09-19 10:09:19","breadcrumb_settings":null,"limit_modified_date":false,"open_ai":null,"ai":null,"created":"2021-03-09 02:49:44","updated":"2025-09-19 10:09:19"},"aioseo_breadcrumb":"<div class=\"aioseo-breadcrumbs\"><span class=\"aioseo-breadcrumb\">\n\t<a href=\"https:\/\/eldigitaldeasturias.com\/magazine365\" title=\"Home\">Home<\/a>\n<\/span><span class=\"aioseo-breadcrumb-separator\">\u2013<\/span><span class=\"aioseo-breadcrumb\">\n\t<a href=\"https:\/\/eldigitaldeasturias.com\/magazine365\/category\/actualidad-turismo\/\" title=\"Actualidad Turismo\">Actualidad Turismo<\/a>\n<\/span><span class=\"aioseo-breadcrumb-separator\">\u2013<\/span><span class=\"aioseo-breadcrumb\">\n\t<a href=\"https:\/\/eldigitaldeasturias.com\/magazine365\/formentera-se-promociona-por-primera-vez-en-una-feria-de-shanghai\/\" title=\"Formentera se promociona por primera vez en una feria de Shanghai\">Formentera se promociona por primera vez en una feria de Shanghai<\/a>\n<\/span><\/div>","aioseo_breadcrumb_json":[{"label":"Home","link":"https:\/\/eldigitaldeasturias.com\/magazine365"},{"label":"Actualidad Turismo","link":"https:\/\/eldigitaldeasturias.com\/magazine365\/category\/actualidad-turismo\/"},{"label":"Formentera se promociona por primera vez en una feria de Shanghai","link":"https:\/\/eldigitaldeasturias.com\/magazine365\/formentera-se-promociona-por-primera-vez-en-una-feria-de-shanghai\/"}],"_links":{"self":[{"href":"https:\/\/eldigitaldeasturias.com\/magazine365\/wp-json\/wp\/v2\/posts\/38723","targetHints":{"allow":["GET"]}}],"collection":[{"href":"https:\/\/eldigitaldeasturias.com\/magazine365\/wp-json\/wp\/v2\/posts"}],"about":[{"href":"https:\/\/eldigitaldeasturias.com\/magazine365\/wp-json\/wp\/v2\/types\/post"}],"author":[{"embeddable":true,"href":"https:\/\/eldigitaldeasturias.com\/magazine365\/wp-json\/wp\/v2\/users\/1"}],"replies":[{"embeddable":true,"href":"https:\/\/eldigitaldeasturias.com\/magazine365\/wp-json\/wp\/v2\/comments?post=38723"}],"version-history":[{"count":0,"href":"https:\/\/eldigitaldeasturias.com\/magazine365\/wp-json\/wp\/v2\/posts\/38723\/revisions"}],"wp:featuredmedia":[{"embeddable":true,"href":"https:\/\/eldigitaldeasturias.com\/magazine365\/wp-json\/wp\/v2\/media\/38724"}],"wp:attachment":[{"href":"https:\/\/eldigitaldeasturias.com\/magazine365\/wp-json\/wp\/v2\/media?parent=38723"}],"wp:term":[{"taxonomy":"category","embeddable":true,"href":"https:\/\/eldigitaldeasturias.com\/magazine365\/wp-json\/wp\/v2\/categories?post=38723"},{"taxonomy":"post_tag","embeddable":true,"href":"https:\/\/eldigitaldeasturias.com\/magazine365\/wp-json\/wp\/v2\/tags?post=38723"}],"curies":[{"name":"wp","href":"https:\/\/api.w.org\/{rel}","templated":true}]}}