{"id":38718,"date":"2015-06-04T14:34:06","date_gmt":"2015-06-04T13:04:06","guid":{"rendered":"http:\/\/eldigitaldeasturias.com\/magazine365\/?p=38718"},"modified":"2015-06-04T14:34:06","modified_gmt":"2015-06-04T13:04:06","slug":"la-exposicion-sobre-fernando-ii-en-zaragoza-supera-las-92-000-visitas-en-su-recta-final","status":"publish","type":"post","link":"https:\/\/eldigitaldeasturias.com\/magazine365\/la-exposicion-sobre-fernando-ii-en-zaragoza-supera-las-92-000-visitas-en-su-recta-final\/","title":{"rendered":"La exposici\u00f3n sobre Fernando II en Zaragoza supera las 92.000 visitas en su recta final"},"content":{"rendered":"<p><img fetchpriority=\"high\" decoding=\"async\" class=\"alignleft size-medium wp-image-38719\" src=\"https:\/\/eldigitaldeasturias.com\/magazine365\/wp-content\/uploads\/2015\/06\/fotonoticia_20150603111949_800-360x270.jpg\" alt=\"fotonoticia_20150603111949_800\" width=\"360\" height=\"270\" srcset=\"https:\/\/eldigitaldeasturias.com\/magazine365\/wp-content\/uploads\/2015\/06\/fotonoticia_20150603111949_800-360x270.jpg 360w, https:\/\/eldigitaldeasturias.com\/magazine365\/wp-content\/uploads\/2015\/06\/fotonoticia_20150603111949_800-650x488.jpg 650w, https:\/\/eldigitaldeasturias.com\/magazine365\/wp-content\/uploads\/2015\/06\/fotonoticia_20150603111949_800-768x576.jpg 768w, https:\/\/eldigitaldeasturias.com\/magazine365\/wp-content\/uploads\/2015\/06\/fotonoticia_20150603111949_800-150x113.jpg 150w, https:\/\/eldigitaldeasturias.com\/magazine365\/wp-content\/uploads\/2015\/06\/fotonoticia_20150603111949_800-450x338.jpg 450w, https:\/\/eldigitaldeasturias.com\/magazine365\/wp-content\/uploads\/2015\/06\/fotonoticia_20150603111949_800-80x60.jpg 80w, https:\/\/eldigitaldeasturias.com\/magazine365\/wp-content\/uploads\/2015\/06\/fotonoticia_20150603111949_800-265x198.jpg 265w, https:\/\/eldigitaldeasturias.com\/magazine365\/wp-content\/uploads\/2015\/06\/fotonoticia_20150603111949_800-696x522.jpg 696w, https:\/\/eldigitaldeasturias.com\/magazine365\/wp-content\/uploads\/2015\/06\/fotonoticia_20150603111949_800-560x420.jpg 560w, https:\/\/eldigitaldeasturias.com\/magazine365\/wp-content\/uploads\/2015\/06\/fotonoticia_20150603111949_800-90x67.jpg 90w, https:\/\/eldigitaldeasturias.com\/magazine365\/wp-content\/uploads\/2015\/06\/fotonoticia_20150603111949_800-100x75.jpg 100w, https:\/\/eldigitaldeasturias.com\/magazine365\/wp-content\/uploads\/2015\/06\/fotonoticia_20150603111949_800.jpg 800w\" sizes=\"(max-width: 360px) 100vw, 360px\" \/>La exposici\u00f3n &#8216;Fernando II de Arag\u00f3n, el rey que imagin\u00f3 Espa\u00f1a y la abri\u00f3 a Europa&#8217;, que estar\u00e1 abierta hasta el pr\u00f3ximo 7 de junio, inclusive, ha alcanzado las 92.505 visitas.<\/p>\n<p>La muestra, organizada por el Gobierno de Arag\u00f3n, abri\u00f3 sus puertas el pasado mes de marzo en el Palacio de la Aljafer\u00eda.<\/p>\n<p>La exposici\u00f3n acerca el mundo pol\u00edtico, art\u00edstico, social y cultural del reinado de Fernando II a trav\u00e9s de 150 piezas procedentes de ocho pa\u00edses: Espa\u00f1a, Alemania, Austria, Francia, Holanda, Italia, Reino Unido y Vaticano.<\/p>\n<p>Se trata de magn\u00edficos objetos, algunos de ellos nunca antes vistos en nuestro pa\u00eds, que transmitir\u00e1n al visitante la dimensi\u00f3n universal de Fernando II como protagonista que fue durante casi cincuenta a\u00f1os de la historia de Espa\u00f1a y de Europa, en el momento en que se estaba dise\u00f1ando el mundo occidental moderno, ha informado el Gobierno de Arag\u00f3n en una nota.<\/p>\n<p>El itinerario expositivo se traza a trav\u00e9s de pinturas, esculturas, orfebrer\u00eda, joyas, armas, grabados, miniaturas, documentos, textiles y cer\u00e1micas que recrean al rey y los aspectos de la sociedad de su \u00e9poca.<\/p>\n<p>Estas obras de arte corresponden al amplio marco cronol\u00f3gico de la vida del monarca (1452-1516) y abarcan, en su mayor\u00eda, desde finales del G\u00f3tico a comienzos del Renacimiento.<\/p>\n<p>Una veintena de esas piezas han sido adem\u00e1s restauradas por la direcci\u00f3n general de Patrimonio Cultural del Gobierno de Arag\u00f3n para esta ocasi\u00f3n.<\/p>\n<p>CINCO RETRATOS INDIVIDUALES JUNTOS POR PRIMERA VEZ<\/p>\n<p>En esta exposici\u00f3n se han podido contemplar juntos por primera vez los cinco retratos individuales que se pintaron de Fernando II, cinco \u00f3leos sobre tabla procedentes de Poitiers, Viena, Berl\u00edn y Londres.<\/p>\n<p>Dos de ellos no hab\u00edan salido nunca hasta ahora del Reino Unido y se ha logrado su pr\u00e9stamo para esta exposici\u00f3n. Se trata de los retratos pertenecientes a la colecci\u00f3n de la Reina Isabel II de Inglaterra y a la Sociedad de Anticuarios de Londres. Tambi\u00e9n se muestra por primera vez en Espa\u00f1a el retrato de Isabel de Castilla perteneciente, como el de Fernando, a la colecci\u00f3n real brit\u00e1nica.<\/p>\n<p>En la exposici\u00f3n de Fernando II hay adem\u00e1s obras que salieron de Arag\u00f3n hace siglos y no hab\u00edan vuelto. Es el caso de las tablas que compon\u00edan el retablo de la Virgen de la Misericordia, encargado para la iglesia de Santa Mar\u00eda la Mayor de Zaragoza (hoy Bas\u00edlica del Pilar) y que desapareci\u00f3 en fecha desconocida.<\/p>\n<p>Dos de esas tablas se conservan actualmente en colecciones privadas fuera de Arag\u00f3n y se han conseguido reunir por primera vez. Junto a ellas se expone una selecci\u00f3n de pinturas realizadas en nuestra comunidad a finales del G\u00f3tico que recogen la devoci\u00f3n de Fernando II por ciertas im\u00e1genes sagradas y reflejan las diferentes corrientes art\u00edsticas.<\/p>\n<p>PODER REAL<\/p>\n<p>El visitante ha podido contemplar tambi\u00e9n objetos que simbolizan el poder real que acumul\u00f3, como la Espada de ceremonias de los Reyes Cat\u00f3licos, el Privilegio y Capitulaciones de Granada o la bula de Alejandro VI concediendo a Fernando e Isabel precisamente el t\u00edtulo de Reyes Cat\u00f3licos, adem\u00e1s del \u00faltimo testamento del rey redactado en Madrigalejo el 22 de enero de 1516, un d\u00eda antes de morir.<\/p>\n<p>Se muestran tambi\u00e9n otros documentos que ensalzan su figura y la importancia hist\u00f3rica de su reinado como queda reflejado en los Estatutos de la Orden del Tois\u00f3n de Oro o, siglos despu\u00e9s, en el Cortejo Triunfal del emperador Maximiliano.<\/p>\n<p>Pero sin duda una de las obras de arte que mejor representa la dimensi\u00f3n universal del reinado de Fernando II es la Estancia del Incendio del Borgo que pint\u00f3 Rafael en el Vaticano a petici\u00f3n del Papa Le\u00f3n X. En ella el monarca aragon\u00e9s aparece reflejado como uno de los cinco pilares de la cristiandad junto a Carlomagno, Lotario I, Astolfo y Godofredo. Una reproducci\u00f3n de esta estancia pone punto final a la exposici\u00f3n.<\/p>\n","protected":false},"excerpt":{"rendered":"<p>La exposici\u00f3n &#8216;Fernando II de Arag\u00f3n, el rey que imagin\u00f3 Espa\u00f1a y la abri\u00f3 a Europa&#8217;, que estar\u00e1 abierta hasta el pr\u00f3ximo 7 de junio, inclusive, ha alcanzado las 92.505 visitas. La muestra, organizada por el Gobierno de Arag\u00f3n, abri\u00f3 sus puertas el pasado mes de marzo en el Palacio de la Aljafer\u00eda. La exposici\u00f3n<\/p>\n","protected":false},"author":1,"featured_media":38719,"comment_status":"open","ping_status":"closed","sticky":false,"template":"","format":"standard","meta":{"footnotes":""},"categories":[224],"tags":[],"class_list":{"0":"post-38718","1":"post","2":"type-post","3":"status-publish","4":"format-standard","5":"has-post-thumbnail","7":"category-noticias-actualidad"},"aioseo_notices":[],"aioseo_head":"\n\t\t<!-- All in One SEO Pro 4.9.6.1 - aioseo.com -->\n\t<meta name=\"description\" content=\"La exposici\u00f3n &#039;Fernando II de Arag\u00f3n, el rey que imagin\u00f3 Espa\u00f1a y la abri\u00f3 a Europa&#039;, que estar\u00e1 abierta hasta el pr\u00f3ximo 7 de junio, inclusive, ha alcanzado las 92.505 visitas. La muestra, organizada por el Gobierno de Arag\u00f3n, abri\u00f3 sus puertas el pasado mes de marzo en el Palacio de la Aljafer\u00eda. La exposici\u00f3n\" \/>\n\t<meta name=\"robots\" content=\"max-image-preview:large\" \/>\n\t<meta name=\"author\" content=\"admin\"\/>\n\t<meta name=\"google-site-verification\" content=\"UA-38556648-1\" \/>\n\t<meta name=\"keywords\" content=\"noticias y actualidad\" \/>\n\t<link rel=\"canonical\" href=\"https:\/\/eldigitaldeasturias.com\/magazine365\/la-exposicion-sobre-fernando-ii-en-zaragoza-supera-las-92-000-visitas-en-su-recta-final\/\" \/>\n\t<meta name=\"generator\" content=\"All in One SEO Pro (AIOSEO) 4.9.6.1\" \/>\n\t\t<meta property=\"og:locale\" content=\"es_ES\" \/>\n\t\t<meta property=\"og:site_name\" content=\"El Digital de Asturias \u2013 Revista de ocio, turismo y estilo de vida\" \/>\n\t\t<meta property=\"og:type\" content=\"article\" \/>\n\t\t<meta property=\"og:title\" content=\"La exposici\u00f3n sobre Fernando II en Zaragoza supera las 92.000 visitas en su recta final | El Digital de Asturias\" \/>\n\t\t<meta property=\"og:description\" content=\"La exposici\u00f3n &#039;Fernando II de Arag\u00f3n, el rey que imagin\u00f3 Espa\u00f1a y la abri\u00f3 a Europa&#039;, que estar\u00e1 abierta hasta el pr\u00f3ximo 7 de junio, inclusive, ha alcanzado las 92.505 visitas. La muestra, organizada por el Gobierno de Arag\u00f3n, abri\u00f3 sus puertas el pasado mes de marzo en el Palacio de la Aljafer\u00eda. La exposici\u00f3n\" \/>\n\t\t<meta property=\"og:url\" content=\"https:\/\/eldigitaldeasturias.com\/magazine365\/la-exposicion-sobre-fernando-ii-en-zaragoza-supera-las-92-000-visitas-en-su-recta-final\/\" \/>\n\t\t<meta property=\"og:image\" content=\"https:\/\/eldigitaldeasturias.com\/magazine365\/wp-content\/uploads\/2015\/06\/fotonoticia_20150603111949_800.jpg\" \/>\n\t\t<meta property=\"og:image:secure_url\" content=\"https:\/\/eldigitaldeasturias.com\/magazine365\/wp-content\/uploads\/2015\/06\/fotonoticia_20150603111949_800.jpg\" \/>\n\t\t<meta property=\"og:image:width\" content=\"800\" \/>\n\t\t<meta property=\"og:image:height\" content=\"600\" \/>\n\t\t<meta property=\"article:published_time\" content=\"2015-06-04T13:04:06+00:00\" \/>\n\t\t<meta property=\"article:modified_time\" content=\"2015-06-04T13:04:06+00:00\" \/>\n\t\t<meta name=\"twitter:card\" content=\"summary_large_image\" \/>\n\t\t<meta name=\"twitter:title\" content=\"La exposici\u00f3n sobre Fernando II en Zaragoza supera las 92.000 visitas en su recta final | El Digital de Asturias\" \/>\n\t\t<meta name=\"twitter:description\" content=\"La exposici\u00f3n &#039;Fernando II de Arag\u00f3n, el rey que imagin\u00f3 Espa\u00f1a y la abri\u00f3 a Europa&#039;, que estar\u00e1 abierta hasta el pr\u00f3ximo 7 de junio, inclusive, ha alcanzado las 92.505 visitas. La muestra, organizada por el Gobierno de Arag\u00f3n, abri\u00f3 sus puertas el pasado mes de marzo en el Palacio de la Aljafer\u00eda. La exposici\u00f3n\" \/>\n\t\t<meta name=\"twitter:image\" content=\"https:\/\/eldigitaldeasturias.com\/magazine365\/wp-content\/uploads\/2015\/06\/fotonoticia_20150603111949_800.jpg\" \/>\n\t\t<script type=\"application\/ld+json\" class=\"aioseo-schema\">\n\t\t\t{\"@context\":\"https:\\\/\\\/schema.org\",\"@graph\":[{\"@type\":\"Article\",\"@id\":\"https:\\\/\\\/eldigitaldeasturias.com\\\/magazine365\\\/la-exposicion-sobre-fernando-ii-en-zaragoza-supera-las-92-000-visitas-en-su-recta-final\\\/#article\",\"name\":\"La exposici\\u00f3n sobre Fernando II en Zaragoza supera las 92.000 visitas en su recta final | El Digital de Asturias\",\"headline\":\"La exposici\\u00f3n sobre Fernando II en Zaragoza supera las 92.000 visitas en su recta final\",\"author\":{\"@id\":\"https:\\\/\\\/eldigitaldeasturias.com\\\/magazine365\\\/author\\\/admin\\\/#author\"},\"publisher\":{\"@id\":\"https:\\\/\\\/eldigitaldeasturias.com\\\/magazine365\\\/#organization\"},\"image\":{\"@type\":\"ImageObject\",\"url\":\"https:\\\/\\\/eldigitaldeasturias.com\\\/magazine365\\\/wp-content\\\/uploads\\\/2015\\\/06\\\/fotonoticia_20150603111949_800.jpg\",\"width\":800,\"height\":600},\"datePublished\":\"2015-06-04T14:34:06+02:00\",\"dateModified\":\"2015-06-04T14:34:06+02:00\",\"inLanguage\":\"es-ES\",\"mainEntityOfPage\":{\"@id\":\"https:\\\/\\\/eldigitaldeasturias.com\\\/magazine365\\\/la-exposicion-sobre-fernando-ii-en-zaragoza-supera-las-92-000-visitas-en-su-recta-final\\\/#webpage\"},\"isPartOf\":{\"@id\":\"https:\\\/\\\/eldigitaldeasturias.com\\\/magazine365\\\/la-exposicion-sobre-fernando-ii-en-zaragoza-supera-las-92-000-visitas-en-su-recta-final\\\/#webpage\"},\"articleSection\":\"Noticias y Actualidad\"},{\"@type\":\"BreadcrumbList\",\"@id\":\"https:\\\/\\\/eldigitaldeasturias.com\\\/magazine365\\\/la-exposicion-sobre-fernando-ii-en-zaragoza-supera-las-92-000-visitas-en-su-recta-final\\\/#breadcrumblist\",\"itemListElement\":[{\"@type\":\"ListItem\",\"@id\":\"https:\\\/\\\/eldigitaldeasturias.com\\\/magazine365#listItem\",\"position\":1,\"name\":\"Home\",\"item\":\"https:\\\/\\\/eldigitaldeasturias.com\\\/magazine365\",\"nextItem\":{\"@type\":\"ListItem\",\"@id\":\"https:\\\/\\\/eldigitaldeasturias.com\\\/magazine365\\\/category\\\/noticias-actualidad\\\/#listItem\",\"name\":\"Noticias y Actualidad\"}},{\"@type\":\"ListItem\",\"@id\":\"https:\\\/\\\/eldigitaldeasturias.com\\\/magazine365\\\/category\\\/noticias-actualidad\\\/#listItem\",\"position\":2,\"name\":\"Noticias y Actualidad\",\"item\":\"https:\\\/\\\/eldigitaldeasturias.com\\\/magazine365\\\/category\\\/noticias-actualidad\\\/\",\"nextItem\":{\"@type\":\"ListItem\",\"@id\":\"https:\\\/\\\/eldigitaldeasturias.com\\\/magazine365\\\/la-exposicion-sobre-fernando-ii-en-zaragoza-supera-las-92-000-visitas-en-su-recta-final\\\/#listItem\",\"name\":\"La exposici\\u00f3n sobre Fernando II en Zaragoza supera las 92.000 visitas en su recta final\"},\"previousItem\":{\"@type\":\"ListItem\",\"@id\":\"https:\\\/\\\/eldigitaldeasturias.com\\\/magazine365#listItem\",\"name\":\"Home\"}},{\"@type\":\"ListItem\",\"@id\":\"https:\\\/\\\/eldigitaldeasturias.com\\\/magazine365\\\/la-exposicion-sobre-fernando-ii-en-zaragoza-supera-las-92-000-visitas-en-su-recta-final\\\/#listItem\",\"position\":3,\"name\":\"La exposici\\u00f3n sobre Fernando II en Zaragoza supera las 92.000 visitas en su recta final\",\"previousItem\":{\"@type\":\"ListItem\",\"@id\":\"https:\\\/\\\/eldigitaldeasturias.com\\\/magazine365\\\/category\\\/noticias-actualidad\\\/#listItem\",\"name\":\"Noticias y Actualidad\"}}]},{\"@type\":\"Organization\",\"@id\":\"https:\\\/\\\/eldigitaldeasturias.com\\\/magazine365\\\/#organization\",\"name\":\"El digital de Asturias\",\"description\":\"Revista de ocio, turismo y estilo de vida\",\"url\":\"https:\\\/\\\/eldigitaldeasturias.com\\\/magazine365\\\/\",\"logo\":{\"@type\":\"ImageObject\",\"url\":\"https:\\\/\\\/www.eldigitaldeasturias.com\\\/noticias\\\/wp-content\\\/uploads\\\/2020\\\/12\\\/EDA.jpg\",\"@id\":\"https:\\\/\\\/eldigitaldeasturias.com\\\/magazine365\\\/la-exposicion-sobre-fernando-ii-en-zaragoza-supera-las-92-000-visitas-en-su-recta-final\\\/#organizationLogo\"},\"image\":{\"@id\":\"https:\\\/\\\/eldigitaldeasturias.com\\\/magazine365\\\/la-exposicion-sobre-fernando-ii-en-zaragoza-supera-las-92-000-visitas-en-su-recta-final\\\/#organizationLogo\"}},{\"@type\":\"Person\",\"@id\":\"https:\\\/\\\/eldigitaldeasturias.com\\\/magazine365\\\/author\\\/admin\\\/#author\",\"url\":\"https:\\\/\\\/eldigitaldeasturias.com\\\/magazine365\\\/author\\\/admin\\\/\",\"name\":\"admin\",\"image\":{\"@type\":\"ImageObject\",\"@id\":\"https:\\\/\\\/eldigitaldeasturias.com\\\/magazine365\\\/la-exposicion-sobre-fernando-ii-en-zaragoza-supera-las-92-000-visitas-en-su-recta-final\\\/#authorImage\",\"url\":\"https:\\\/\\\/eldigitaldeasturias.com\\\/magazine365\\\/wp-content\\\/litespeed\\\/avatar\\\/e571bcf59a0edd6fa6838245a470f2fe.jpg?ver=1776969259\",\"width\":96,\"height\":96,\"caption\":\"admin\"}},{\"@type\":\"WebPage\",\"@id\":\"https:\\\/\\\/eldigitaldeasturias.com\\\/magazine365\\\/la-exposicion-sobre-fernando-ii-en-zaragoza-supera-las-92-000-visitas-en-su-recta-final\\\/#webpage\",\"url\":\"https:\\\/\\\/eldigitaldeasturias.com\\\/magazine365\\\/la-exposicion-sobre-fernando-ii-en-zaragoza-supera-las-92-000-visitas-en-su-recta-final\\\/\",\"name\":\"La exposici\\u00f3n sobre Fernando II en Zaragoza supera las 92.000 visitas en su recta final | El Digital de Asturias\",\"description\":\"La exposici\\u00f3n 'Fernando II de Arag\\u00f3n, el rey que imagin\\u00f3 Espa\\u00f1a y la abri\\u00f3 a Europa', que estar\\u00e1 abierta hasta el pr\\u00f3ximo 7 de junio, inclusive, ha alcanzado las 92.505 visitas. La muestra, organizada por el Gobierno de Arag\\u00f3n, abri\\u00f3 sus puertas el pasado mes de marzo en el Palacio de la Aljafer\\u00eda. La exposici\\u00f3n\",\"inLanguage\":\"es-ES\",\"isPartOf\":{\"@id\":\"https:\\\/\\\/eldigitaldeasturias.com\\\/magazine365\\\/#website\"},\"breadcrumb\":{\"@id\":\"https:\\\/\\\/eldigitaldeasturias.com\\\/magazine365\\\/la-exposicion-sobre-fernando-ii-en-zaragoza-supera-las-92-000-visitas-en-su-recta-final\\\/#breadcrumblist\"},\"author\":{\"@id\":\"https:\\\/\\\/eldigitaldeasturias.com\\\/magazine365\\\/author\\\/admin\\\/#author\"},\"creator\":{\"@id\":\"https:\\\/\\\/eldigitaldeasturias.com\\\/magazine365\\\/author\\\/admin\\\/#author\"},\"image\":{\"@type\":\"ImageObject\",\"url\":\"https:\\\/\\\/eldigitaldeasturias.com\\\/magazine365\\\/wp-content\\\/uploads\\\/2015\\\/06\\\/fotonoticia_20150603111949_800.jpg\",\"@id\":\"https:\\\/\\\/eldigitaldeasturias.com\\\/magazine365\\\/la-exposicion-sobre-fernando-ii-en-zaragoza-supera-las-92-000-visitas-en-su-recta-final\\\/#mainImage\",\"width\":800,\"height\":600},\"primaryImageOfPage\":{\"@id\":\"https:\\\/\\\/eldigitaldeasturias.com\\\/magazine365\\\/la-exposicion-sobre-fernando-ii-en-zaragoza-supera-las-92-000-visitas-en-su-recta-final\\\/#mainImage\"},\"datePublished\":\"2015-06-04T14:34:06+02:00\",\"dateModified\":\"2015-06-04T14:34:06+02:00\"},{\"@type\":\"WebSite\",\"@id\":\"https:\\\/\\\/eldigitaldeasturias.com\\\/magazine365\\\/#website\",\"url\":\"https:\\\/\\\/eldigitaldeasturias.com\\\/magazine365\\\/\",\"name\":\"El Digital de Asturias\",\"description\":\"Revista de ocio, turismo y estilo de vida\",\"inLanguage\":\"es-ES\",\"publisher\":{\"@id\":\"https:\\\/\\\/eldigitaldeasturias.com\\\/magazine365\\\/#organization\"}}]}\n\t\t<\/script>\n\t\t<!-- All in One SEO Pro -->\r\n\t\t<title>La exposici\u00f3n sobre Fernando II en Zaragoza supera las 92.000 visitas en su recta final | El Digital de Asturias<\/title>\n\n","aioseo_head_json":{"title":"La exposici\u00f3n sobre Fernando II en Zaragoza supera las 92.000 visitas en su recta final | El Digital de Asturias","description":"La exposici\u00f3n 'Fernando II de Arag\u00f3n, el rey que imagin\u00f3 Espa\u00f1a y la abri\u00f3 a Europa', que estar\u00e1 abierta hasta el pr\u00f3ximo 7 de junio, inclusive, ha alcanzado las 92.505 visitas. La muestra, organizada por el Gobierno de Arag\u00f3n, abri\u00f3 sus puertas el pasado mes de marzo en el Palacio de la Aljafer\u00eda. La exposici\u00f3n","canonical_url":"https:\/\/eldigitaldeasturias.com\/magazine365\/la-exposicion-sobre-fernando-ii-en-zaragoza-supera-las-92-000-visitas-en-su-recta-final\/","robots":"max-image-preview:large","keywords":"noticias y actualidad","webmasterTools":{"google-site-verification":"UA-38556648-1","miscellaneous":""},"schema":{"@context":"https:\/\/schema.org","@graph":[{"@type":"Article","@id":"https:\/\/eldigitaldeasturias.com\/magazine365\/la-exposicion-sobre-fernando-ii-en-zaragoza-supera-las-92-000-visitas-en-su-recta-final\/#article","name":"La exposici\u00f3n sobre Fernando II en Zaragoza supera las 92.000 visitas en su recta final | El Digital de Asturias","headline":"La exposici\u00f3n sobre Fernando II en Zaragoza supera las 92.000 visitas en su recta final","author":{"@id":"https:\/\/eldigitaldeasturias.com\/magazine365\/author\/admin\/#author"},"publisher":{"@id":"https:\/\/eldigitaldeasturias.com\/magazine365\/#organization"},"image":{"@type":"ImageObject","url":"https:\/\/eldigitaldeasturias.com\/magazine365\/wp-content\/uploads\/2015\/06\/fotonoticia_20150603111949_800.jpg","width":800,"height":600},"datePublished":"2015-06-04T14:34:06+02:00","dateModified":"2015-06-04T14:34:06+02:00","inLanguage":"es-ES","mainEntityOfPage":{"@id":"https:\/\/eldigitaldeasturias.com\/magazine365\/la-exposicion-sobre-fernando-ii-en-zaragoza-supera-las-92-000-visitas-en-su-recta-final\/#webpage"},"isPartOf":{"@id":"https:\/\/eldigitaldeasturias.com\/magazine365\/la-exposicion-sobre-fernando-ii-en-zaragoza-supera-las-92-000-visitas-en-su-recta-final\/#webpage"},"articleSection":"Noticias y Actualidad"},{"@type":"BreadcrumbList","@id":"https:\/\/eldigitaldeasturias.com\/magazine365\/la-exposicion-sobre-fernando-ii-en-zaragoza-supera-las-92-000-visitas-en-su-recta-final\/#breadcrumblist","itemListElement":[{"@type":"ListItem","@id":"https:\/\/eldigitaldeasturias.com\/magazine365#listItem","position":1,"name":"Home","item":"https:\/\/eldigitaldeasturias.com\/magazine365","nextItem":{"@type":"ListItem","@id":"https:\/\/eldigitaldeasturias.com\/magazine365\/category\/noticias-actualidad\/#listItem","name":"Noticias y Actualidad"}},{"@type":"ListItem","@id":"https:\/\/eldigitaldeasturias.com\/magazine365\/category\/noticias-actualidad\/#listItem","position":2,"name":"Noticias y Actualidad","item":"https:\/\/eldigitaldeasturias.com\/magazine365\/category\/noticias-actualidad\/","nextItem":{"@type":"ListItem","@id":"https:\/\/eldigitaldeasturias.com\/magazine365\/la-exposicion-sobre-fernando-ii-en-zaragoza-supera-las-92-000-visitas-en-su-recta-final\/#listItem","name":"La exposici\u00f3n sobre Fernando II en Zaragoza supera las 92.000 visitas en su recta final"},"previousItem":{"@type":"ListItem","@id":"https:\/\/eldigitaldeasturias.com\/magazine365#listItem","name":"Home"}},{"@type":"ListItem","@id":"https:\/\/eldigitaldeasturias.com\/magazine365\/la-exposicion-sobre-fernando-ii-en-zaragoza-supera-las-92-000-visitas-en-su-recta-final\/#listItem","position":3,"name":"La exposici\u00f3n sobre Fernando II en Zaragoza supera las 92.000 visitas en su recta final","previousItem":{"@type":"ListItem","@id":"https:\/\/eldigitaldeasturias.com\/magazine365\/category\/noticias-actualidad\/#listItem","name":"Noticias y Actualidad"}}]},{"@type":"Organization","@id":"https:\/\/eldigitaldeasturias.com\/magazine365\/#organization","name":"El digital de Asturias","description":"Revista de ocio, turismo y estilo de vida","url":"https:\/\/eldigitaldeasturias.com\/magazine365\/","logo":{"@type":"ImageObject","url":"https:\/\/www.eldigitaldeasturias.com\/noticias\/wp-content\/uploads\/2020\/12\/EDA.jpg","@id":"https:\/\/eldigitaldeasturias.com\/magazine365\/la-exposicion-sobre-fernando-ii-en-zaragoza-supera-las-92-000-visitas-en-su-recta-final\/#organizationLogo"},"image":{"@id":"https:\/\/eldigitaldeasturias.com\/magazine365\/la-exposicion-sobre-fernando-ii-en-zaragoza-supera-las-92-000-visitas-en-su-recta-final\/#organizationLogo"}},{"@type":"Person","@id":"https:\/\/eldigitaldeasturias.com\/magazine365\/author\/admin\/#author","url":"https:\/\/eldigitaldeasturias.com\/magazine365\/author\/admin\/","name":"admin","image":{"@type":"ImageObject","@id":"https:\/\/eldigitaldeasturias.com\/magazine365\/la-exposicion-sobre-fernando-ii-en-zaragoza-supera-las-92-000-visitas-en-su-recta-final\/#authorImage","url":"https:\/\/eldigitaldeasturias.com\/magazine365\/wp-content\/litespeed\/avatar\/e571bcf59a0edd6fa6838245a470f2fe.jpg?ver=1776969259","width":96,"height":96,"caption":"admin"}},{"@type":"WebPage","@id":"https:\/\/eldigitaldeasturias.com\/magazine365\/la-exposicion-sobre-fernando-ii-en-zaragoza-supera-las-92-000-visitas-en-su-recta-final\/#webpage","url":"https:\/\/eldigitaldeasturias.com\/magazine365\/la-exposicion-sobre-fernando-ii-en-zaragoza-supera-las-92-000-visitas-en-su-recta-final\/","name":"La exposici\u00f3n sobre Fernando II en Zaragoza supera las 92.000 visitas en su recta final | El Digital de Asturias","description":"La exposici\u00f3n 'Fernando II de Arag\u00f3n, el rey que imagin\u00f3 Espa\u00f1a y la abri\u00f3 a Europa', que estar\u00e1 abierta hasta el pr\u00f3ximo 7 de junio, inclusive, ha alcanzado las 92.505 visitas. La muestra, organizada por el Gobierno de Arag\u00f3n, abri\u00f3 sus puertas el pasado mes de marzo en el Palacio de la Aljafer\u00eda. La exposici\u00f3n","inLanguage":"es-ES","isPartOf":{"@id":"https:\/\/eldigitaldeasturias.com\/magazine365\/#website"},"breadcrumb":{"@id":"https:\/\/eldigitaldeasturias.com\/magazine365\/la-exposicion-sobre-fernando-ii-en-zaragoza-supera-las-92-000-visitas-en-su-recta-final\/#breadcrumblist"},"author":{"@id":"https:\/\/eldigitaldeasturias.com\/magazine365\/author\/admin\/#author"},"creator":{"@id":"https:\/\/eldigitaldeasturias.com\/magazine365\/author\/admin\/#author"},"image":{"@type":"ImageObject","url":"https:\/\/eldigitaldeasturias.com\/magazine365\/wp-content\/uploads\/2015\/06\/fotonoticia_20150603111949_800.jpg","@id":"https:\/\/eldigitaldeasturias.com\/magazine365\/la-exposicion-sobre-fernando-ii-en-zaragoza-supera-las-92-000-visitas-en-su-recta-final\/#mainImage","width":800,"height":600},"primaryImageOfPage":{"@id":"https:\/\/eldigitaldeasturias.com\/magazine365\/la-exposicion-sobre-fernando-ii-en-zaragoza-supera-las-92-000-visitas-en-su-recta-final\/#mainImage"},"datePublished":"2015-06-04T14:34:06+02:00","dateModified":"2015-06-04T14:34:06+02:00"},{"@type":"WebSite","@id":"https:\/\/eldigitaldeasturias.com\/magazine365\/#website","url":"https:\/\/eldigitaldeasturias.com\/magazine365\/","name":"El Digital de Asturias","description":"Revista de ocio, turismo y estilo de vida","inLanguage":"es-ES","publisher":{"@id":"https:\/\/eldigitaldeasturias.com\/magazine365\/#organization"}}]},"og:locale":"es_ES","og:site_name":"El Digital de Asturias \u2013 Revista de ocio, turismo y estilo de vida","og:type":"article","og:title":"La exposici\u00f3n sobre Fernando II en Zaragoza supera las 92.000 visitas en su recta final | El Digital de Asturias","og:description":"La exposici\u00f3n 'Fernando II de Arag\u00f3n, el rey que imagin\u00f3 Espa\u00f1a y la abri\u00f3 a Europa', que estar\u00e1 abierta hasta el pr\u00f3ximo 7 de junio, inclusive, ha alcanzado las 92.505 visitas. La muestra, organizada por el Gobierno de Arag\u00f3n, abri\u00f3 sus puertas el pasado mes de marzo en el Palacio de la Aljafer\u00eda. La exposici\u00f3n","og:url":"https:\/\/eldigitaldeasturias.com\/magazine365\/la-exposicion-sobre-fernando-ii-en-zaragoza-supera-las-92-000-visitas-en-su-recta-final\/","og:image":"https:\/\/eldigitaldeasturias.com\/magazine365\/wp-content\/uploads\/2015\/06\/fotonoticia_20150603111949_800.jpg","og:image:secure_url":"https:\/\/eldigitaldeasturias.com\/magazine365\/wp-content\/uploads\/2015\/06\/fotonoticia_20150603111949_800.jpg","og:image:width":800,"og:image:height":600,"article:published_time":"2015-06-04T13:04:06+00:00","article:modified_time":"2015-06-04T13:04:06+00:00","twitter:card":"summary_large_image","twitter:title":"La exposici\u00f3n sobre Fernando II en Zaragoza supera las 92.000 visitas en su recta final | El Digital de Asturias","twitter:description":"La exposici\u00f3n 'Fernando II de Arag\u00f3n, el rey que imagin\u00f3 Espa\u00f1a y la abri\u00f3 a Europa', que estar\u00e1 abierta hasta el pr\u00f3ximo 7 de junio, inclusive, ha alcanzado las 92.505 visitas. La muestra, organizada por el Gobierno de Arag\u00f3n, abri\u00f3 sus puertas el pasado mes de marzo en el Palacio de la Aljafer\u00eda. La exposici\u00f3n","twitter:image":"https:\/\/eldigitaldeasturias.com\/magazine365\/wp-content\/uploads\/2015\/06\/fotonoticia_20150603111949_800.jpg"},"aioseo_meta_data":{"post_id":"38718","title":null,"description":null,"keywords":null,"keyphrases":null,"primary_term":null,"canonical_url":null,"og_title":null,"og_description":null,"og_object_type":"default","og_image_type":"default","og_image_url":null,"og_image_width":null,"og_image_height":null,"og_image_custom_url":null,"og_image_custom_fields":null,"og_video":null,"og_custom_url":null,"og_article_section":null,"og_article_tags":null,"twitter_use_og":false,"twitter_card":"default","twitter_image_type":"default","twitter_image_url":null,"twitter_image_custom_url":null,"twitter_image_custom_fields":null,"twitter_title":null,"twitter_description":null,"schema":{"blockGraphs":[],"customGraphs":[],"default":{"data":{"Article":[],"Course":[],"Dataset":[],"FAQPage":[],"Movie":[],"Person":[],"Product":[],"ProductReview":[],"Car":[],"Recipe":[],"Service":[],"SoftwareApplication":[],"WebPage":[]},"graphName":"","isEnabled":true},"graphs":[],"defaultGraph":"","defaultPostTypeGraph":""},"schema_type":null,"schema_type_options":null,"pillar_content":false,"robots_default":true,"robots_noindex":false,"robots_noarchive":false,"robots_nosnippet":false,"robots_nofollow":false,"robots_noimageindex":false,"robots_noodp":false,"robots_notranslate":false,"robots_max_snippet":null,"robots_max_videopreview":null,"robots_max_imagepreview":"large","priority":null,"frequency":null,"location":null,"local_seo":null,"seo_analyzer_scan_date":"2025-09-19 10:09:17","breadcrumb_settings":null,"limit_modified_date":false,"open_ai":null,"ai":null,"created":"2021-03-08 18:27:07","updated":"2025-09-19 10:09:17"},"aioseo_breadcrumb":"<div class=\"aioseo-breadcrumbs\"><span class=\"aioseo-breadcrumb\">\n\t<a href=\"https:\/\/eldigitaldeasturias.com\/magazine365\" title=\"Home\">Home<\/a>\n<\/span><span class=\"aioseo-breadcrumb-separator\">\u2013<\/span><span class=\"aioseo-breadcrumb\">\n\t<a href=\"https:\/\/eldigitaldeasturias.com\/magazine365\/category\/noticias-actualidad\/\" title=\"Noticias y Actualidad\">Noticias y Actualidad<\/a>\n<\/span><span class=\"aioseo-breadcrumb-separator\">\u2013<\/span><span class=\"aioseo-breadcrumb\">\n\t<a href=\"https:\/\/eldigitaldeasturias.com\/magazine365\/la-exposicion-sobre-fernando-ii-en-zaragoza-supera-las-92-000-visitas-en-su-recta-final\/\" title=\"La exposici\u00f3n sobre Fernando II en Zaragoza supera las 92.000 visitas en su recta final\">La exposici\u00f3n sobre Fernando II en Zaragoza supera las 92.000 visitas en su recta final<\/a>\n<\/span><\/div>","aioseo_breadcrumb_json":[{"label":"Home","link":"https:\/\/eldigitaldeasturias.com\/magazine365"},{"label":"Noticias y Actualidad","link":"https:\/\/eldigitaldeasturias.com\/magazine365\/category\/noticias-actualidad\/"},{"label":"La exposici\u00f3n sobre Fernando II en Zaragoza supera las 92.000 visitas en su recta final","link":"https:\/\/eldigitaldeasturias.com\/magazine365\/la-exposicion-sobre-fernando-ii-en-zaragoza-supera-las-92-000-visitas-en-su-recta-final\/"}],"_links":{"self":[{"href":"https:\/\/eldigitaldeasturias.com\/magazine365\/wp-json\/wp\/v2\/posts\/38718","targetHints":{"allow":["GET"]}}],"collection":[{"href":"https:\/\/eldigitaldeasturias.com\/magazine365\/wp-json\/wp\/v2\/posts"}],"about":[{"href":"https:\/\/eldigitaldeasturias.com\/magazine365\/wp-json\/wp\/v2\/types\/post"}],"author":[{"embeddable":true,"href":"https:\/\/eldigitaldeasturias.com\/magazine365\/wp-json\/wp\/v2\/users\/1"}],"replies":[{"embeddable":true,"href":"https:\/\/eldigitaldeasturias.com\/magazine365\/wp-json\/wp\/v2\/comments?post=38718"}],"version-history":[{"count":0,"href":"https:\/\/eldigitaldeasturias.com\/magazine365\/wp-json\/wp\/v2\/posts\/38718\/revisions"}],"wp:featuredmedia":[{"embeddable":true,"href":"https:\/\/eldigitaldeasturias.com\/magazine365\/wp-json\/wp\/v2\/media\/38719"}],"wp:attachment":[{"href":"https:\/\/eldigitaldeasturias.com\/magazine365\/wp-json\/wp\/v2\/media?parent=38718"}],"wp:term":[{"taxonomy":"category","embeddable":true,"href":"https:\/\/eldigitaldeasturias.com\/magazine365\/wp-json\/wp\/v2\/categories?post=38718"},{"taxonomy":"post_tag","embeddable":true,"href":"https:\/\/eldigitaldeasturias.com\/magazine365\/wp-json\/wp\/v2\/tags?post=38718"}],"curies":[{"name":"wp","href":"https:\/\/api.w.org\/{rel}","templated":true}]}}