{"id":38703,"date":"2015-06-04T13:30:29","date_gmt":"2015-06-04T12:00:29","guid":{"rendered":"http:\/\/eldigitaldeasturias.com\/magazine365\/?p=38703"},"modified":"2015-06-04T13:30:29","modified_gmt":"2015-06-04T12:00:29","slug":"hallado-en-carmona-un-graffiti-del-siglo-xv-en-la-pared-del-museo-mudejar","status":"publish","type":"post","link":"https:\/\/eldigitaldeasturias.com\/magazine365\/hallado-en-carmona-un-graffiti-del-siglo-xv-en-la-pared-del-museo-mudejar\/","title":{"rendered":"Hallado en Carmona un \u00abgraffiti\u00bb del siglo XV en la pared del Museo Mud\u00e9jar"},"content":{"rendered":"<p><img fetchpriority=\"high\" decoding=\"async\" class=\"alignleft size-medium wp-image-38704\" src=\"https:\/\/eldigitaldeasturias.com\/magazine365\/wp-content\/uploads\/2015\/06\/fotonoticia_20150603094514_800-360x186.jpg\" alt=\"fotonoticia_20150603094514_800\" width=\"360\" height=\"186\" srcset=\"https:\/\/eldigitaldeasturias.com\/magazine365\/wp-content\/uploads\/2015\/06\/fotonoticia_20150603094514_800-360x186.jpg 360w, https:\/\/eldigitaldeasturias.com\/magazine365\/wp-content\/uploads\/2015\/06\/fotonoticia_20150603094514_800-650x336.jpg 650w, https:\/\/eldigitaldeasturias.com\/magazine365\/wp-content\/uploads\/2015\/06\/fotonoticia_20150603094514_800-768x396.jpg 768w, https:\/\/eldigitaldeasturias.com\/magazine365\/wp-content\/uploads\/2015\/06\/fotonoticia_20150603094514_800-150x77.jpg 150w, https:\/\/eldigitaldeasturias.com\/magazine365\/wp-content\/uploads\/2015\/06\/fotonoticia_20150603094514_800-450x232.jpg 450w, https:\/\/eldigitaldeasturias.com\/magazine365\/wp-content\/uploads\/2015\/06\/fotonoticia_20150603094514_800-696x359.jpg 696w, https:\/\/eldigitaldeasturias.com\/magazine365\/wp-content\/uploads\/2015\/06\/fotonoticia_20150603094514_800.jpg 800w\" sizes=\"(max-width: 360px) 100vw, 360px\" \/>Un \u00abgraffiti\u00bb fechado a finales del siglo XV o principios del XVI ha sido hallado por el Servicio de Arqueolog\u00eda del Ayuntamiento de la localidad sevillana de Carmona en una de las paredes del Museo Mud\u00e9jar.<\/p>\n<p>Seg\u00fan se\u00f1ala el Consistorio en un comunicado, este nuevo hallazgo, que demuestra \u00abuna vez m\u00e1s la importancia hist\u00f3rica\u00bb de la localidad, ha sido posible durante el proceso de restauraci\u00f3n de las pinturas y graffitis que aparecen en los muros de este edificio tras las innumerables capas de cal que los han cubierto a lo largo de los \u00faltimos 500 a\u00f1os.<\/p>\n<p>Entre los dibujos que se han conservado, uno de los m\u00e1s llamativos es el citado del finales del siglo XV que presenta una escena en la que aparece un gran barco del que se ha botado una canoa. En dicha canoa, una serie de figuras cubiertas con un tipo de casco conocido como capacete y pertrechadas con escudos parecen describir un episodio de desembarco militar.<\/p>\n<p>El barco, dibujado a carboncillo \u00abcon bastante destreza y detalle, representa seguramente una nao o una carabela\u00bb, seg\u00fan se\u00f1ala. Sobre la cubierta, un soldado dispara un ca\u00f1\u00f3n, que dirige su proyectil hacia la direcci\u00f3n que marca la proa y junto a la escena dibujada aparece una frase escrita: \u00abPedro Villar (o Vallar) vecino de &#8230; estuvo aqu\u00ed\u00bb.<\/p>\n<p>As\u00ed, a\u00f1ade que los graffitis de barcos de siglos pasados, aunque han sido mucho m\u00e1s comunes en zonas costeras y de tradici\u00f3n naval, se han localizado tambi\u00e9n en \u00e1reas de interior.<\/p>\n<p>El hallazgo forma parte de los trabajos de restauraci\u00f3n y consolidaci\u00f3n del edificio sede del Centro Tem\u00e1tico del Mud\u00e9jar que siguen en marcha y que continuar\u00e1n hasta finales del mes de junio. A partir de octubre o noviembre se reanudar\u00e1n, inici\u00e1ndose otra fase que concluir\u00e1 antes del verano de 2016. De esta forma, en cada campa\u00f1a se incorporan nuevas salas disponibles para los usos complementarios que se vayan decidiendo para el reci\u00e9n inaugurado espacio muse\u00edstico.<\/p>\n","protected":false},"excerpt":{"rendered":"<p>Un \u00abgraffiti\u00bb fechado a finales del siglo XV o principios del XVI ha sido hallado por el Servicio de Arqueolog\u00eda del Ayuntamiento de la localidad sevillana de Carmona en una de las paredes del Museo Mud\u00e9jar. Seg\u00fan se\u00f1ala el Consistorio en un comunicado, este nuevo hallazgo, que demuestra \u00abuna vez m\u00e1s la importancia hist\u00f3rica\u00bb de<\/p>\n","protected":false},"author":1,"featured_media":38704,"comment_status":"open","ping_status":"closed","sticky":false,"template":"","format":"standard","meta":{"footnotes":""},"categories":[224],"tags":[],"class_list":{"0":"post-38703","1":"post","2":"type-post","3":"status-publish","4":"format-standard","5":"has-post-thumbnail","7":"category-noticias-actualidad"},"aioseo_notices":[],"aioseo_head":"\n\t\t<!-- All in One SEO Pro 4.9.6.1 - aioseo.com -->\n\t<meta name=\"description\" content=\"Un &quot;graffiti&quot; fechado a finales del siglo XV o principios del XVI ha sido hallado por el Servicio de Arqueolog\u00eda del Ayuntamiento de la localidad sevillana de Carmona en una de las paredes del Museo Mud\u00e9jar. Seg\u00fan se\u00f1ala el Consistorio en un comunicado, este nuevo hallazgo, que demuestra &quot;una vez m\u00e1s la importancia hist\u00f3rica&quot; de\" \/>\n\t<meta name=\"robots\" content=\"max-image-preview:large\" \/>\n\t<meta name=\"author\" content=\"admin\"\/>\n\t<meta name=\"google-site-verification\" content=\"UA-38556648-1\" \/>\n\t<meta name=\"keywords\" content=\"noticias y actualidad\" \/>\n\t<link rel=\"canonical\" href=\"https:\/\/eldigitaldeasturias.com\/magazine365\/hallado-en-carmona-un-graffiti-del-siglo-xv-en-la-pared-del-museo-mudejar\/\" \/>\n\t<meta name=\"generator\" content=\"All in One SEO Pro (AIOSEO) 4.9.6.1\" \/>\n\t\t<meta property=\"og:locale\" content=\"es_ES\" \/>\n\t\t<meta property=\"og:site_name\" content=\"El Digital de Asturias \u2013 Revista de ocio, turismo y estilo de vida\" \/>\n\t\t<meta property=\"og:type\" content=\"article\" \/>\n\t\t<meta property=\"og:title\" content=\"Hallado en Carmona un \u00abgraffiti\u00bb del siglo XV en la pared del Museo Mud\u00e9jar | El Digital de Asturias\" \/>\n\t\t<meta property=\"og:description\" content=\"Un &quot;graffiti&quot; fechado a finales del siglo XV o principios del XVI ha sido hallado por el Servicio de Arqueolog\u00eda del Ayuntamiento de la localidad sevillana de Carmona en una de las paredes del Museo Mud\u00e9jar. Seg\u00fan se\u00f1ala el Consistorio en un comunicado, este nuevo hallazgo, que demuestra &quot;una vez m\u00e1s la importancia hist\u00f3rica&quot; de\" \/>\n\t\t<meta property=\"og:url\" content=\"https:\/\/eldigitaldeasturias.com\/magazine365\/hallado-en-carmona-un-graffiti-del-siglo-xv-en-la-pared-del-museo-mudejar\/\" \/>\n\t\t<meta property=\"og:image\" content=\"https:\/\/eldigitaldeasturias.com\/magazine365\/wp-content\/uploads\/2015\/06\/fotonoticia_20150603094514_800.jpg\" \/>\n\t\t<meta property=\"og:image:secure_url\" content=\"https:\/\/eldigitaldeasturias.com\/magazine365\/wp-content\/uploads\/2015\/06\/fotonoticia_20150603094514_800.jpg\" \/>\n\t\t<meta property=\"og:image:width\" content=\"800\" \/>\n\t\t<meta property=\"og:image:height\" content=\"413\" \/>\n\t\t<meta property=\"article:published_time\" content=\"2015-06-04T12:00:29+00:00\" \/>\n\t\t<meta property=\"article:modified_time\" content=\"2015-06-04T12:00:29+00:00\" \/>\n\t\t<meta name=\"twitter:card\" content=\"summary_large_image\" \/>\n\t\t<meta name=\"twitter:title\" content=\"Hallado en Carmona un \u00abgraffiti\u00bb del siglo XV en la pared del Museo Mud\u00e9jar | El Digital de Asturias\" \/>\n\t\t<meta name=\"twitter:description\" content=\"Un &quot;graffiti&quot; fechado a finales del siglo XV o principios del XVI ha sido hallado por el Servicio de Arqueolog\u00eda del Ayuntamiento de la localidad sevillana de Carmona en una de las paredes del Museo Mud\u00e9jar. Seg\u00fan se\u00f1ala el Consistorio en un comunicado, este nuevo hallazgo, que demuestra &quot;una vez m\u00e1s la importancia hist\u00f3rica&quot; de\" \/>\n\t\t<meta name=\"twitter:image\" content=\"https:\/\/eldigitaldeasturias.com\/magazine365\/wp-content\/uploads\/2015\/06\/fotonoticia_20150603094514_800.jpg\" \/>\n\t\t<script type=\"application\/ld+json\" class=\"aioseo-schema\">\n\t\t\t{\"@context\":\"https:\\\/\\\/schema.org\",\"@graph\":[{\"@type\":\"Article\",\"@id\":\"https:\\\/\\\/eldigitaldeasturias.com\\\/magazine365\\\/hallado-en-carmona-un-graffiti-del-siglo-xv-en-la-pared-del-museo-mudejar\\\/#article\",\"name\":\"Hallado en Carmona un \\u00abgraffiti\\u00bb del siglo XV en la pared del Museo Mud\\u00e9jar | El Digital de Asturias\",\"headline\":\"Hallado en Carmona un \\u00abgraffiti\\u00bb del siglo XV en la pared del Museo Mud\\u00e9jar\",\"author\":{\"@id\":\"https:\\\/\\\/eldigitaldeasturias.com\\\/magazine365\\\/author\\\/admin\\\/#author\"},\"publisher\":{\"@id\":\"https:\\\/\\\/eldigitaldeasturias.com\\\/magazine365\\\/#organization\"},\"image\":{\"@type\":\"ImageObject\",\"url\":\"https:\\\/\\\/eldigitaldeasturias.com\\\/magazine365\\\/wp-content\\\/uploads\\\/2015\\\/06\\\/fotonoticia_20150603094514_800.jpg\",\"width\":800,\"height\":413},\"datePublished\":\"2015-06-04T13:30:29+02:00\",\"dateModified\":\"2015-06-04T13:30:29+02:00\",\"inLanguage\":\"es-ES\",\"mainEntityOfPage\":{\"@id\":\"https:\\\/\\\/eldigitaldeasturias.com\\\/magazine365\\\/hallado-en-carmona-un-graffiti-del-siglo-xv-en-la-pared-del-museo-mudejar\\\/#webpage\"},\"isPartOf\":{\"@id\":\"https:\\\/\\\/eldigitaldeasturias.com\\\/magazine365\\\/hallado-en-carmona-un-graffiti-del-siglo-xv-en-la-pared-del-museo-mudejar\\\/#webpage\"},\"articleSection\":\"Noticias y Actualidad\"},{\"@type\":\"BreadcrumbList\",\"@id\":\"https:\\\/\\\/eldigitaldeasturias.com\\\/magazine365\\\/hallado-en-carmona-un-graffiti-del-siglo-xv-en-la-pared-del-museo-mudejar\\\/#breadcrumblist\",\"itemListElement\":[{\"@type\":\"ListItem\",\"@id\":\"https:\\\/\\\/eldigitaldeasturias.com\\\/magazine365#listItem\",\"position\":1,\"name\":\"Home\",\"item\":\"https:\\\/\\\/eldigitaldeasturias.com\\\/magazine365\",\"nextItem\":{\"@type\":\"ListItem\",\"@id\":\"https:\\\/\\\/eldigitaldeasturias.com\\\/magazine365\\\/category\\\/noticias-actualidad\\\/#listItem\",\"name\":\"Noticias y Actualidad\"}},{\"@type\":\"ListItem\",\"@id\":\"https:\\\/\\\/eldigitaldeasturias.com\\\/magazine365\\\/category\\\/noticias-actualidad\\\/#listItem\",\"position\":2,\"name\":\"Noticias y Actualidad\",\"item\":\"https:\\\/\\\/eldigitaldeasturias.com\\\/magazine365\\\/category\\\/noticias-actualidad\\\/\",\"nextItem\":{\"@type\":\"ListItem\",\"@id\":\"https:\\\/\\\/eldigitaldeasturias.com\\\/magazine365\\\/hallado-en-carmona-un-graffiti-del-siglo-xv-en-la-pared-del-museo-mudejar\\\/#listItem\",\"name\":\"Hallado en Carmona un \\u00abgraffiti\\u00bb del siglo XV en la pared del Museo Mud\\u00e9jar\"},\"previousItem\":{\"@type\":\"ListItem\",\"@id\":\"https:\\\/\\\/eldigitaldeasturias.com\\\/magazine365#listItem\",\"name\":\"Home\"}},{\"@type\":\"ListItem\",\"@id\":\"https:\\\/\\\/eldigitaldeasturias.com\\\/magazine365\\\/hallado-en-carmona-un-graffiti-del-siglo-xv-en-la-pared-del-museo-mudejar\\\/#listItem\",\"position\":3,\"name\":\"Hallado en Carmona un \\u00abgraffiti\\u00bb del siglo XV en la pared del Museo Mud\\u00e9jar\",\"previousItem\":{\"@type\":\"ListItem\",\"@id\":\"https:\\\/\\\/eldigitaldeasturias.com\\\/magazine365\\\/category\\\/noticias-actualidad\\\/#listItem\",\"name\":\"Noticias y Actualidad\"}}]},{\"@type\":\"Organization\",\"@id\":\"https:\\\/\\\/eldigitaldeasturias.com\\\/magazine365\\\/#organization\",\"name\":\"El digital de Asturias\",\"description\":\"Revista de ocio, turismo y estilo de vida\",\"url\":\"https:\\\/\\\/eldigitaldeasturias.com\\\/magazine365\\\/\",\"logo\":{\"@type\":\"ImageObject\",\"url\":\"https:\\\/\\\/www.eldigitaldeasturias.com\\\/noticias\\\/wp-content\\\/uploads\\\/2020\\\/12\\\/EDA.jpg\",\"@id\":\"https:\\\/\\\/eldigitaldeasturias.com\\\/magazine365\\\/hallado-en-carmona-un-graffiti-del-siglo-xv-en-la-pared-del-museo-mudejar\\\/#organizationLogo\"},\"image\":{\"@id\":\"https:\\\/\\\/eldigitaldeasturias.com\\\/magazine365\\\/hallado-en-carmona-un-graffiti-del-siglo-xv-en-la-pared-del-museo-mudejar\\\/#organizationLogo\"}},{\"@type\":\"Person\",\"@id\":\"https:\\\/\\\/eldigitaldeasturias.com\\\/magazine365\\\/author\\\/admin\\\/#author\",\"url\":\"https:\\\/\\\/eldigitaldeasturias.com\\\/magazine365\\\/author\\\/admin\\\/\",\"name\":\"admin\",\"image\":{\"@type\":\"ImageObject\",\"@id\":\"https:\\\/\\\/eldigitaldeasturias.com\\\/magazine365\\\/hallado-en-carmona-un-graffiti-del-siglo-xv-en-la-pared-del-museo-mudejar\\\/#authorImage\",\"url\":\"https:\\\/\\\/eldigitaldeasturias.com\\\/magazine365\\\/wp-content\\\/litespeed\\\/avatar\\\/e571bcf59a0edd6fa6838245a470f2fe.jpg?ver=1776969259\",\"width\":96,\"height\":96,\"caption\":\"admin\"}},{\"@type\":\"WebPage\",\"@id\":\"https:\\\/\\\/eldigitaldeasturias.com\\\/magazine365\\\/hallado-en-carmona-un-graffiti-del-siglo-xv-en-la-pared-del-museo-mudejar\\\/#webpage\",\"url\":\"https:\\\/\\\/eldigitaldeasturias.com\\\/magazine365\\\/hallado-en-carmona-un-graffiti-del-siglo-xv-en-la-pared-del-museo-mudejar\\\/\",\"name\":\"Hallado en Carmona un \\u00abgraffiti\\u00bb del siglo XV en la pared del Museo Mud\\u00e9jar | El Digital de Asturias\",\"description\":\"Un \\\"graffiti\\\" fechado a finales del siglo XV o principios del XVI ha sido hallado por el Servicio de Arqueolog\\u00eda del Ayuntamiento de la localidad sevillana de Carmona en una de las paredes del Museo Mud\\u00e9jar. Seg\\u00fan se\\u00f1ala el Consistorio en un comunicado, este nuevo hallazgo, que demuestra \\\"una vez m\\u00e1s la importancia hist\\u00f3rica\\\" de\",\"inLanguage\":\"es-ES\",\"isPartOf\":{\"@id\":\"https:\\\/\\\/eldigitaldeasturias.com\\\/magazine365\\\/#website\"},\"breadcrumb\":{\"@id\":\"https:\\\/\\\/eldigitaldeasturias.com\\\/magazine365\\\/hallado-en-carmona-un-graffiti-del-siglo-xv-en-la-pared-del-museo-mudejar\\\/#breadcrumblist\"},\"author\":{\"@id\":\"https:\\\/\\\/eldigitaldeasturias.com\\\/magazine365\\\/author\\\/admin\\\/#author\"},\"creator\":{\"@id\":\"https:\\\/\\\/eldigitaldeasturias.com\\\/magazine365\\\/author\\\/admin\\\/#author\"},\"image\":{\"@type\":\"ImageObject\",\"url\":\"https:\\\/\\\/eldigitaldeasturias.com\\\/magazine365\\\/wp-content\\\/uploads\\\/2015\\\/06\\\/fotonoticia_20150603094514_800.jpg\",\"@id\":\"https:\\\/\\\/eldigitaldeasturias.com\\\/magazine365\\\/hallado-en-carmona-un-graffiti-del-siglo-xv-en-la-pared-del-museo-mudejar\\\/#mainImage\",\"width\":800,\"height\":413},\"primaryImageOfPage\":{\"@id\":\"https:\\\/\\\/eldigitaldeasturias.com\\\/magazine365\\\/hallado-en-carmona-un-graffiti-del-siglo-xv-en-la-pared-del-museo-mudejar\\\/#mainImage\"},\"datePublished\":\"2015-06-04T13:30:29+02:00\",\"dateModified\":\"2015-06-04T13:30:29+02:00\"},{\"@type\":\"WebSite\",\"@id\":\"https:\\\/\\\/eldigitaldeasturias.com\\\/magazine365\\\/#website\",\"url\":\"https:\\\/\\\/eldigitaldeasturias.com\\\/magazine365\\\/\",\"name\":\"El Digital de Asturias\",\"description\":\"Revista de ocio, turismo y estilo de vida\",\"inLanguage\":\"es-ES\",\"publisher\":{\"@id\":\"https:\\\/\\\/eldigitaldeasturias.com\\\/magazine365\\\/#organization\"}}]}\n\t\t<\/script>\n\t\t<!-- All in One SEO Pro -->\r\n\t\t<title>Hallado en Carmona un \u00abgraffiti\u00bb del siglo XV en la pared del Museo Mud\u00e9jar | El Digital de Asturias<\/title>\n\n","aioseo_head_json":{"title":"Hallado en Carmona un \u00abgraffiti\u00bb del siglo XV en la pared del Museo Mud\u00e9jar | El Digital de Asturias","description":"Un \"graffiti\" fechado a finales del siglo XV o principios del XVI ha sido hallado por el Servicio de Arqueolog\u00eda del Ayuntamiento de la localidad sevillana de Carmona en una de las paredes del Museo Mud\u00e9jar. Seg\u00fan se\u00f1ala el Consistorio en un comunicado, este nuevo hallazgo, que demuestra \"una vez m\u00e1s la importancia hist\u00f3rica\" de","canonical_url":"https:\/\/eldigitaldeasturias.com\/magazine365\/hallado-en-carmona-un-graffiti-del-siglo-xv-en-la-pared-del-museo-mudejar\/","robots":"max-image-preview:large","keywords":"noticias y actualidad","webmasterTools":{"google-site-verification":"UA-38556648-1","miscellaneous":""},"schema":{"@context":"https:\/\/schema.org","@graph":[{"@type":"Article","@id":"https:\/\/eldigitaldeasturias.com\/magazine365\/hallado-en-carmona-un-graffiti-del-siglo-xv-en-la-pared-del-museo-mudejar\/#article","name":"Hallado en Carmona un \u00abgraffiti\u00bb del siglo XV en la pared del Museo Mud\u00e9jar | El Digital de Asturias","headline":"Hallado en Carmona un \u00abgraffiti\u00bb del siglo XV en la pared del Museo Mud\u00e9jar","author":{"@id":"https:\/\/eldigitaldeasturias.com\/magazine365\/author\/admin\/#author"},"publisher":{"@id":"https:\/\/eldigitaldeasturias.com\/magazine365\/#organization"},"image":{"@type":"ImageObject","url":"https:\/\/eldigitaldeasturias.com\/magazine365\/wp-content\/uploads\/2015\/06\/fotonoticia_20150603094514_800.jpg","width":800,"height":413},"datePublished":"2015-06-04T13:30:29+02:00","dateModified":"2015-06-04T13:30:29+02:00","inLanguage":"es-ES","mainEntityOfPage":{"@id":"https:\/\/eldigitaldeasturias.com\/magazine365\/hallado-en-carmona-un-graffiti-del-siglo-xv-en-la-pared-del-museo-mudejar\/#webpage"},"isPartOf":{"@id":"https:\/\/eldigitaldeasturias.com\/magazine365\/hallado-en-carmona-un-graffiti-del-siglo-xv-en-la-pared-del-museo-mudejar\/#webpage"},"articleSection":"Noticias y Actualidad"},{"@type":"BreadcrumbList","@id":"https:\/\/eldigitaldeasturias.com\/magazine365\/hallado-en-carmona-un-graffiti-del-siglo-xv-en-la-pared-del-museo-mudejar\/#breadcrumblist","itemListElement":[{"@type":"ListItem","@id":"https:\/\/eldigitaldeasturias.com\/magazine365#listItem","position":1,"name":"Home","item":"https:\/\/eldigitaldeasturias.com\/magazine365","nextItem":{"@type":"ListItem","@id":"https:\/\/eldigitaldeasturias.com\/magazine365\/category\/noticias-actualidad\/#listItem","name":"Noticias y Actualidad"}},{"@type":"ListItem","@id":"https:\/\/eldigitaldeasturias.com\/magazine365\/category\/noticias-actualidad\/#listItem","position":2,"name":"Noticias y Actualidad","item":"https:\/\/eldigitaldeasturias.com\/magazine365\/category\/noticias-actualidad\/","nextItem":{"@type":"ListItem","@id":"https:\/\/eldigitaldeasturias.com\/magazine365\/hallado-en-carmona-un-graffiti-del-siglo-xv-en-la-pared-del-museo-mudejar\/#listItem","name":"Hallado en Carmona un \u00abgraffiti\u00bb del siglo XV en la pared del Museo Mud\u00e9jar"},"previousItem":{"@type":"ListItem","@id":"https:\/\/eldigitaldeasturias.com\/magazine365#listItem","name":"Home"}},{"@type":"ListItem","@id":"https:\/\/eldigitaldeasturias.com\/magazine365\/hallado-en-carmona-un-graffiti-del-siglo-xv-en-la-pared-del-museo-mudejar\/#listItem","position":3,"name":"Hallado en Carmona un \u00abgraffiti\u00bb del siglo XV en la pared del Museo Mud\u00e9jar","previousItem":{"@type":"ListItem","@id":"https:\/\/eldigitaldeasturias.com\/magazine365\/category\/noticias-actualidad\/#listItem","name":"Noticias y Actualidad"}}]},{"@type":"Organization","@id":"https:\/\/eldigitaldeasturias.com\/magazine365\/#organization","name":"El digital de Asturias","description":"Revista de ocio, turismo y estilo de vida","url":"https:\/\/eldigitaldeasturias.com\/magazine365\/","logo":{"@type":"ImageObject","url":"https:\/\/www.eldigitaldeasturias.com\/noticias\/wp-content\/uploads\/2020\/12\/EDA.jpg","@id":"https:\/\/eldigitaldeasturias.com\/magazine365\/hallado-en-carmona-un-graffiti-del-siglo-xv-en-la-pared-del-museo-mudejar\/#organizationLogo"},"image":{"@id":"https:\/\/eldigitaldeasturias.com\/magazine365\/hallado-en-carmona-un-graffiti-del-siglo-xv-en-la-pared-del-museo-mudejar\/#organizationLogo"}},{"@type":"Person","@id":"https:\/\/eldigitaldeasturias.com\/magazine365\/author\/admin\/#author","url":"https:\/\/eldigitaldeasturias.com\/magazine365\/author\/admin\/","name":"admin","image":{"@type":"ImageObject","@id":"https:\/\/eldigitaldeasturias.com\/magazine365\/hallado-en-carmona-un-graffiti-del-siglo-xv-en-la-pared-del-museo-mudejar\/#authorImage","url":"https:\/\/eldigitaldeasturias.com\/magazine365\/wp-content\/litespeed\/avatar\/e571bcf59a0edd6fa6838245a470f2fe.jpg?ver=1776969259","width":96,"height":96,"caption":"admin"}},{"@type":"WebPage","@id":"https:\/\/eldigitaldeasturias.com\/magazine365\/hallado-en-carmona-un-graffiti-del-siglo-xv-en-la-pared-del-museo-mudejar\/#webpage","url":"https:\/\/eldigitaldeasturias.com\/magazine365\/hallado-en-carmona-un-graffiti-del-siglo-xv-en-la-pared-del-museo-mudejar\/","name":"Hallado en Carmona un \u00abgraffiti\u00bb del siglo XV en la pared del Museo Mud\u00e9jar | El Digital de Asturias","description":"Un \"graffiti\" fechado a finales del siglo XV o principios del XVI ha sido hallado por el Servicio de Arqueolog\u00eda del Ayuntamiento de la localidad sevillana de Carmona en una de las paredes del Museo Mud\u00e9jar. Seg\u00fan se\u00f1ala el Consistorio en un comunicado, este nuevo hallazgo, que demuestra \"una vez m\u00e1s la importancia hist\u00f3rica\" de","inLanguage":"es-ES","isPartOf":{"@id":"https:\/\/eldigitaldeasturias.com\/magazine365\/#website"},"breadcrumb":{"@id":"https:\/\/eldigitaldeasturias.com\/magazine365\/hallado-en-carmona-un-graffiti-del-siglo-xv-en-la-pared-del-museo-mudejar\/#breadcrumblist"},"author":{"@id":"https:\/\/eldigitaldeasturias.com\/magazine365\/author\/admin\/#author"},"creator":{"@id":"https:\/\/eldigitaldeasturias.com\/magazine365\/author\/admin\/#author"},"image":{"@type":"ImageObject","url":"https:\/\/eldigitaldeasturias.com\/magazine365\/wp-content\/uploads\/2015\/06\/fotonoticia_20150603094514_800.jpg","@id":"https:\/\/eldigitaldeasturias.com\/magazine365\/hallado-en-carmona-un-graffiti-del-siglo-xv-en-la-pared-del-museo-mudejar\/#mainImage","width":800,"height":413},"primaryImageOfPage":{"@id":"https:\/\/eldigitaldeasturias.com\/magazine365\/hallado-en-carmona-un-graffiti-del-siglo-xv-en-la-pared-del-museo-mudejar\/#mainImage"},"datePublished":"2015-06-04T13:30:29+02:00","dateModified":"2015-06-04T13:30:29+02:00"},{"@type":"WebSite","@id":"https:\/\/eldigitaldeasturias.com\/magazine365\/#website","url":"https:\/\/eldigitaldeasturias.com\/magazine365\/","name":"El Digital de Asturias","description":"Revista de ocio, turismo y estilo de vida","inLanguage":"es-ES","publisher":{"@id":"https:\/\/eldigitaldeasturias.com\/magazine365\/#organization"}}]},"og:locale":"es_ES","og:site_name":"El Digital de Asturias \u2013 Revista de ocio, turismo y estilo de vida","og:type":"article","og:title":"Hallado en Carmona un \u00abgraffiti\u00bb del siglo XV en la pared del Museo Mud\u00e9jar | El Digital de Asturias","og:description":"Un &quot;graffiti&quot; fechado a finales del siglo XV o principios del XVI ha sido hallado por el Servicio de Arqueolog\u00eda del Ayuntamiento de la localidad sevillana de Carmona en una de las paredes del Museo Mud\u00e9jar. Seg\u00fan se\u00f1ala el Consistorio en un comunicado, este nuevo hallazgo, que demuestra &quot;una vez m\u00e1s la importancia hist\u00f3rica&quot; de","og:url":"https:\/\/eldigitaldeasturias.com\/magazine365\/hallado-en-carmona-un-graffiti-del-siglo-xv-en-la-pared-del-museo-mudejar\/","og:image":"https:\/\/eldigitaldeasturias.com\/magazine365\/wp-content\/uploads\/2015\/06\/fotonoticia_20150603094514_800.jpg","og:image:secure_url":"https:\/\/eldigitaldeasturias.com\/magazine365\/wp-content\/uploads\/2015\/06\/fotonoticia_20150603094514_800.jpg","og:image:width":800,"og:image:height":413,"article:published_time":"2015-06-04T12:00:29+00:00","article:modified_time":"2015-06-04T12:00:29+00:00","twitter:card":"summary_large_image","twitter:title":"Hallado en Carmona un \u00abgraffiti\u00bb del siglo XV en la pared del Museo Mud\u00e9jar | El Digital de Asturias","twitter:description":"Un &quot;graffiti&quot; fechado a finales del siglo XV o principios del XVI ha sido hallado por el Servicio de Arqueolog\u00eda del Ayuntamiento de la localidad sevillana de Carmona en una de las paredes del Museo Mud\u00e9jar. Seg\u00fan se\u00f1ala el Consistorio en un comunicado, este nuevo hallazgo, que demuestra &quot;una vez m\u00e1s la importancia hist\u00f3rica&quot; de","twitter:image":"https:\/\/eldigitaldeasturias.com\/magazine365\/wp-content\/uploads\/2015\/06\/fotonoticia_20150603094514_800.jpg"},"aioseo_meta_data":{"post_id":"38703","title":null,"description":null,"keywords":null,"keyphrases":null,"primary_term":null,"canonical_url":null,"og_title":null,"og_description":null,"og_object_type":"default","og_image_type":"default","og_image_url":null,"og_image_width":null,"og_image_height":null,"og_image_custom_url":null,"og_image_custom_fields":null,"og_video":null,"og_custom_url":null,"og_article_section":null,"og_article_tags":null,"twitter_use_og":false,"twitter_card":"default","twitter_image_type":"default","twitter_image_url":null,"twitter_image_custom_url":null,"twitter_image_custom_fields":null,"twitter_title":null,"twitter_description":null,"schema":{"blockGraphs":[],"customGraphs":[],"default":{"data":{"Article":[],"Course":[],"Dataset":[],"FAQPage":[],"Movie":[],"Person":[],"Product":[],"ProductReview":[],"Car":[],"Recipe":[],"Service":[],"SoftwareApplication":[],"WebPage":[]},"graphName":"","isEnabled":true},"graphs":[],"defaultGraph":"","defaultPostTypeGraph":""},"schema_type":null,"schema_type_options":null,"pillar_content":false,"robots_default":true,"robots_noindex":false,"robots_noarchive":false,"robots_nosnippet":false,"robots_nofollow":false,"robots_noimageindex":false,"robots_noodp":false,"robots_notranslate":false,"robots_max_snippet":null,"robots_max_videopreview":null,"robots_max_imagepreview":"large","priority":null,"frequency":null,"location":null,"local_seo":null,"seo_analyzer_scan_date":"2025-09-19 10:05:59","breadcrumb_settings":null,"limit_modified_date":false,"open_ai":null,"ai":null,"created":"2021-03-09 02:50:41","updated":"2025-09-19 10:05:59"},"aioseo_breadcrumb":"<div class=\"aioseo-breadcrumbs\"><span class=\"aioseo-breadcrumb\">\n\t<a href=\"https:\/\/eldigitaldeasturias.com\/magazine365\" title=\"Home\">Home<\/a>\n<\/span><span class=\"aioseo-breadcrumb-separator\">\u2013<\/span><span class=\"aioseo-breadcrumb\">\n\t<a href=\"https:\/\/eldigitaldeasturias.com\/magazine365\/category\/noticias-actualidad\/\" title=\"Noticias y Actualidad\">Noticias y Actualidad<\/a>\n<\/span><span class=\"aioseo-breadcrumb-separator\">\u2013<\/span><span class=\"aioseo-breadcrumb\">\n\t<a href=\"https:\/\/eldigitaldeasturias.com\/magazine365\/hallado-en-carmona-un-graffiti-del-siglo-xv-en-la-pared-del-museo-mudejar\/\" title=\"Hallado en Carmona un \u00abgraffiti\u00bb del siglo XV en la pared del Museo Mud\u00e9jar\">Hallado en Carmona un \u00abgraffiti\u00bb del siglo XV en la pared del Museo Mud\u00e9jar<\/a>\n<\/span><\/div>","aioseo_breadcrumb_json":[{"label":"Home","link":"https:\/\/eldigitaldeasturias.com\/magazine365"},{"label":"Noticias y Actualidad","link":"https:\/\/eldigitaldeasturias.com\/magazine365\/category\/noticias-actualidad\/"},{"label":"Hallado en Carmona un \u00abgraffiti\u00bb del siglo XV en la pared del Museo Mud\u00e9jar","link":"https:\/\/eldigitaldeasturias.com\/magazine365\/hallado-en-carmona-un-graffiti-del-siglo-xv-en-la-pared-del-museo-mudejar\/"}],"_links":{"self":[{"href":"https:\/\/eldigitaldeasturias.com\/magazine365\/wp-json\/wp\/v2\/posts\/38703","targetHints":{"allow":["GET"]}}],"collection":[{"href":"https:\/\/eldigitaldeasturias.com\/magazine365\/wp-json\/wp\/v2\/posts"}],"about":[{"href":"https:\/\/eldigitaldeasturias.com\/magazine365\/wp-json\/wp\/v2\/types\/post"}],"author":[{"embeddable":true,"href":"https:\/\/eldigitaldeasturias.com\/magazine365\/wp-json\/wp\/v2\/users\/1"}],"replies":[{"embeddable":true,"href":"https:\/\/eldigitaldeasturias.com\/magazine365\/wp-json\/wp\/v2\/comments?post=38703"}],"version-history":[{"count":0,"href":"https:\/\/eldigitaldeasturias.com\/magazine365\/wp-json\/wp\/v2\/posts\/38703\/revisions"}],"wp:featuredmedia":[{"embeddable":true,"href":"https:\/\/eldigitaldeasturias.com\/magazine365\/wp-json\/wp\/v2\/media\/38704"}],"wp:attachment":[{"href":"https:\/\/eldigitaldeasturias.com\/magazine365\/wp-json\/wp\/v2\/media?parent=38703"}],"wp:term":[{"taxonomy":"category","embeddable":true,"href":"https:\/\/eldigitaldeasturias.com\/magazine365\/wp-json\/wp\/v2\/categories?post=38703"},{"taxonomy":"post_tag","embeddable":true,"href":"https:\/\/eldigitaldeasturias.com\/magazine365\/wp-json\/wp\/v2\/tags?post=38703"}],"curies":[{"name":"wp","href":"https:\/\/api.w.org\/{rel}","templated":true}]}}