{"id":38700,"date":"2015-06-04T13:26:08","date_gmt":"2015-06-04T11:56:08","guid":{"rendered":"http:\/\/eldigitaldeasturias.com\/magazine365\/?p=38700"},"modified":"2015-06-04T13:26:08","modified_gmt":"2015-06-04T11:56:08","slug":"entre-cuatro-y-seis-bisontes-europeos-llegan-a-la-reserva-de-valdeserrillas-de-benageber","status":"publish","type":"post","link":"https:\/\/eldigitaldeasturias.com\/magazine365\/entre-cuatro-y-seis-bisontes-europeos-llegan-a-la-reserva-de-valdeserrillas-de-benageber\/","title":{"rendered":"Entre cuatro y seis bisontes europeos llegan a la Reserva de Valdeserrillas de Benag\u00e9ber"},"content":{"rendered":"<p><img fetchpriority=\"high\" decoding=\"async\" class=\"alignleft size-medium wp-image-38701\" src=\"https:\/\/eldigitaldeasturias.com\/magazine365\/wp-content\/uploads\/2015\/06\/fotonoticia_20150603094143_800-360x203.jpg\" alt=\"fotonoticia_20150603094143_800\" width=\"360\" height=\"203\" srcset=\"https:\/\/eldigitaldeasturias.com\/magazine365\/wp-content\/uploads\/2015\/06\/fotonoticia_20150603094143_800-360x203.jpg 360w, https:\/\/eldigitaldeasturias.com\/magazine365\/wp-content\/uploads\/2015\/06\/fotonoticia_20150603094143_800-650x366.jpg 650w, https:\/\/eldigitaldeasturias.com\/magazine365\/wp-content\/uploads\/2015\/06\/fotonoticia_20150603094143_800-768x432.jpg 768w, https:\/\/eldigitaldeasturias.com\/magazine365\/wp-content\/uploads\/2015\/06\/fotonoticia_20150603094143_800-150x84.jpg 150w, https:\/\/eldigitaldeasturias.com\/magazine365\/wp-content\/uploads\/2015\/06\/fotonoticia_20150603094143_800-450x253.jpg 450w, https:\/\/eldigitaldeasturias.com\/magazine365\/wp-content\/uploads\/2015\/06\/fotonoticia_20150603094143_800-696x392.jpg 696w, https:\/\/eldigitaldeasturias.com\/magazine365\/wp-content\/uploads\/2015\/06\/fotonoticia_20150603094143_800-747x420.jpg 747w, https:\/\/eldigitaldeasturias.com\/magazine365\/wp-content\/uploads\/2015\/06\/fotonoticia_20150603094143_800-499x280.jpg 499w, https:\/\/eldigitaldeasturias.com\/magazine365\/wp-content\/uploads\/2015\/06\/fotonoticia_20150603094143_800.jpg 800w\" sizes=\"(max-width: 360px) 100vw, 360px\" \/>Entre cuatro y seis ejemplares de bisontes europeos llegar\u00e1n este mi\u00e9rcoles por primera vez a la Comunitat Valenciana, en concreto a la Reserva de Valdeserrillas en el t\u00e9rmino de Benag\u00e9ber (Valencia), seg\u00fan ha informado el espacio natural en un comunicado.<\/p>\n<p>Esta reserva es la empresa, la marca y la central que va a gestionar la llegada y adaptaci\u00f3n de esta especie este mi\u00e9rcoles mediante visitas y safaris fotogr\u00e1ficos.<\/p>\n<p>Con este proyecto, y con una extensi\u00f3n de m\u00e1s de 400 campos de f\u00fatbol, la Reserva de Valdeserrillas se pone en la primera l\u00ednea de las reservas y parques naturales valencianos, de toda Espa\u00f1a y de Europa, ya que va a gestionar no s\u00f3lo los bisontes europeos, sino tambi\u00e9n hides fotogr\u00e1ficos espec\u00edficos para poder observar a los bisontes, as\u00ed como a otros muchos animales, aves y anfibios.<\/p>\n<p>La reserva de Valdeserrillas es un espacio medioambiental creado por el Icona en el a\u00f1o 1972 para el desarrollo de proyectos enfocados al estudio, conservaci\u00f3n y reintroducci\u00f3n de especies cineg\u00e9ticas en la comarca de los Serranos.<\/p>\n<p>Est\u00e1 situada al norte del t\u00e9rmino de Benag\u00e9ber, en las proximidades del l\u00edmite con de Tu\u00e9jar, en Valencia. Con una superficie de 330 hect\u00e1reas aproximadamente, se caracteriza por el predominio de zonas abruptas y \u00e1reas en pendiente, en algunos parajes pronunciada.<\/p>\n","protected":false},"excerpt":{"rendered":"<p>Entre cuatro y seis ejemplares de bisontes europeos llegar\u00e1n este mi\u00e9rcoles por primera vez a la Comunitat Valenciana, en concreto a la Reserva de Valdeserrillas en el t\u00e9rmino de Benag\u00e9ber (Valencia), seg\u00fan ha informado el espacio natural en un comunicado. Esta reserva es la empresa, la marca y la central que va a gestionar la<\/p>\n","protected":false},"author":1,"featured_media":38701,"comment_status":"open","ping_status":"closed","sticky":false,"template":"","format":"standard","meta":{"footnotes":""},"categories":[224],"tags":[],"class_list":{"0":"post-38700","1":"post","2":"type-post","3":"status-publish","4":"format-standard","5":"has-post-thumbnail","7":"category-noticias-actualidad"},"aioseo_notices":[],"aioseo_head":"\n\t\t<!-- All in One SEO Pro 4.9.6.1 - aioseo.com -->\n\t<meta name=\"description\" content=\"Entre cuatro y seis ejemplares de bisontes europeos llegar\u00e1n este mi\u00e9rcoles por primera vez a la Comunitat Valenciana, en concreto a la Reserva de Valdeserrillas en el t\u00e9rmino de Benag\u00e9ber (Valencia), seg\u00fan ha informado el espacio natural en un comunicado. Esta reserva es la empresa, la marca y la central que va a gestionar la\" \/>\n\t<meta name=\"robots\" content=\"max-image-preview:large\" \/>\n\t<meta name=\"author\" content=\"admin\"\/>\n\t<meta name=\"google-site-verification\" content=\"UA-38556648-1\" \/>\n\t<meta name=\"keywords\" content=\"noticias y actualidad\" \/>\n\t<link rel=\"canonical\" href=\"https:\/\/eldigitaldeasturias.com\/magazine365\/entre-cuatro-y-seis-bisontes-europeos-llegan-a-la-reserva-de-valdeserrillas-de-benageber\/\" \/>\n\t<meta name=\"generator\" content=\"All in One SEO Pro (AIOSEO) 4.9.6.1\" \/>\n\t\t<meta property=\"og:locale\" content=\"es_ES\" \/>\n\t\t<meta property=\"og:site_name\" content=\"El Digital de Asturias \u2013 Revista de ocio, turismo y estilo de vida\" \/>\n\t\t<meta property=\"og:type\" content=\"article\" \/>\n\t\t<meta property=\"og:title\" content=\"Entre cuatro y seis bisontes europeos llegan a la Reserva de Valdeserrillas de Benag\u00e9ber | El Digital de Asturias\" \/>\n\t\t<meta property=\"og:description\" content=\"Entre cuatro y seis ejemplares de bisontes europeos llegar\u00e1n este mi\u00e9rcoles por primera vez a la Comunitat Valenciana, en concreto a la Reserva de Valdeserrillas en el t\u00e9rmino de Benag\u00e9ber (Valencia), seg\u00fan ha informado el espacio natural en un comunicado. Esta reserva es la empresa, la marca y la central que va a gestionar la\" \/>\n\t\t<meta property=\"og:url\" content=\"https:\/\/eldigitaldeasturias.com\/magazine365\/entre-cuatro-y-seis-bisontes-europeos-llegan-a-la-reserva-de-valdeserrillas-de-benageber\/\" \/>\n\t\t<meta property=\"og:image\" content=\"https:\/\/eldigitaldeasturias.com\/magazine365\/wp-content\/uploads\/2015\/06\/fotonoticia_20150603094143_800.jpg\" \/>\n\t\t<meta property=\"og:image:secure_url\" content=\"https:\/\/eldigitaldeasturias.com\/magazine365\/wp-content\/uploads\/2015\/06\/fotonoticia_20150603094143_800.jpg\" \/>\n\t\t<meta property=\"og:image:width\" content=\"800\" \/>\n\t\t<meta property=\"og:image:height\" content=\"450\" \/>\n\t\t<meta property=\"article:published_time\" content=\"2015-06-04T11:56:08+00:00\" \/>\n\t\t<meta property=\"article:modified_time\" content=\"2015-06-04T11:56:08+00:00\" \/>\n\t\t<meta name=\"twitter:card\" content=\"summary_large_image\" \/>\n\t\t<meta name=\"twitter:title\" content=\"Entre cuatro y seis bisontes europeos llegan a la Reserva de Valdeserrillas de Benag\u00e9ber | El Digital de Asturias\" \/>\n\t\t<meta name=\"twitter:description\" content=\"Entre cuatro y seis ejemplares de bisontes europeos llegar\u00e1n este mi\u00e9rcoles por primera vez a la Comunitat Valenciana, en concreto a la Reserva de Valdeserrillas en el t\u00e9rmino de Benag\u00e9ber (Valencia), seg\u00fan ha informado el espacio natural en un comunicado. Esta reserva es la empresa, la marca y la central que va a gestionar la\" \/>\n\t\t<meta name=\"twitter:image\" content=\"https:\/\/eldigitaldeasturias.com\/magazine365\/wp-content\/uploads\/2015\/06\/fotonoticia_20150603094143_800.jpg\" \/>\n\t\t<script type=\"application\/ld+json\" class=\"aioseo-schema\">\n\t\t\t{\"@context\":\"https:\\\/\\\/schema.org\",\"@graph\":[{\"@type\":\"Article\",\"@id\":\"https:\\\/\\\/eldigitaldeasturias.com\\\/magazine365\\\/entre-cuatro-y-seis-bisontes-europeos-llegan-a-la-reserva-de-valdeserrillas-de-benageber\\\/#article\",\"name\":\"Entre cuatro y seis bisontes europeos llegan a la Reserva de Valdeserrillas de Benag\\u00e9ber | El Digital de Asturias\",\"headline\":\"Entre cuatro y seis bisontes europeos llegan a la Reserva de Valdeserrillas de Benag\\u00e9ber\",\"author\":{\"@id\":\"https:\\\/\\\/eldigitaldeasturias.com\\\/magazine365\\\/author\\\/admin\\\/#author\"},\"publisher\":{\"@id\":\"https:\\\/\\\/eldigitaldeasturias.com\\\/magazine365\\\/#organization\"},\"image\":{\"@type\":\"ImageObject\",\"url\":\"https:\\\/\\\/eldigitaldeasturias.com\\\/magazine365\\\/wp-content\\\/uploads\\\/2015\\\/06\\\/fotonoticia_20150603094143_800.jpg\",\"width\":800,\"height\":450},\"datePublished\":\"2015-06-04T13:26:08+02:00\",\"dateModified\":\"2015-06-04T13:26:08+02:00\",\"inLanguage\":\"es-ES\",\"mainEntityOfPage\":{\"@id\":\"https:\\\/\\\/eldigitaldeasturias.com\\\/magazine365\\\/entre-cuatro-y-seis-bisontes-europeos-llegan-a-la-reserva-de-valdeserrillas-de-benageber\\\/#webpage\"},\"isPartOf\":{\"@id\":\"https:\\\/\\\/eldigitaldeasturias.com\\\/magazine365\\\/entre-cuatro-y-seis-bisontes-europeos-llegan-a-la-reserva-de-valdeserrillas-de-benageber\\\/#webpage\"},\"articleSection\":\"Noticias y Actualidad\"},{\"@type\":\"BreadcrumbList\",\"@id\":\"https:\\\/\\\/eldigitaldeasturias.com\\\/magazine365\\\/entre-cuatro-y-seis-bisontes-europeos-llegan-a-la-reserva-de-valdeserrillas-de-benageber\\\/#breadcrumblist\",\"itemListElement\":[{\"@type\":\"ListItem\",\"@id\":\"https:\\\/\\\/eldigitaldeasturias.com\\\/magazine365#listItem\",\"position\":1,\"name\":\"Home\",\"item\":\"https:\\\/\\\/eldigitaldeasturias.com\\\/magazine365\",\"nextItem\":{\"@type\":\"ListItem\",\"@id\":\"https:\\\/\\\/eldigitaldeasturias.com\\\/magazine365\\\/category\\\/noticias-actualidad\\\/#listItem\",\"name\":\"Noticias y Actualidad\"}},{\"@type\":\"ListItem\",\"@id\":\"https:\\\/\\\/eldigitaldeasturias.com\\\/magazine365\\\/category\\\/noticias-actualidad\\\/#listItem\",\"position\":2,\"name\":\"Noticias y Actualidad\",\"item\":\"https:\\\/\\\/eldigitaldeasturias.com\\\/magazine365\\\/category\\\/noticias-actualidad\\\/\",\"nextItem\":{\"@type\":\"ListItem\",\"@id\":\"https:\\\/\\\/eldigitaldeasturias.com\\\/magazine365\\\/entre-cuatro-y-seis-bisontes-europeos-llegan-a-la-reserva-de-valdeserrillas-de-benageber\\\/#listItem\",\"name\":\"Entre cuatro y seis bisontes europeos llegan a la Reserva de Valdeserrillas de Benag\\u00e9ber\"},\"previousItem\":{\"@type\":\"ListItem\",\"@id\":\"https:\\\/\\\/eldigitaldeasturias.com\\\/magazine365#listItem\",\"name\":\"Home\"}},{\"@type\":\"ListItem\",\"@id\":\"https:\\\/\\\/eldigitaldeasturias.com\\\/magazine365\\\/entre-cuatro-y-seis-bisontes-europeos-llegan-a-la-reserva-de-valdeserrillas-de-benageber\\\/#listItem\",\"position\":3,\"name\":\"Entre cuatro y seis bisontes europeos llegan a la Reserva de Valdeserrillas de Benag\\u00e9ber\",\"previousItem\":{\"@type\":\"ListItem\",\"@id\":\"https:\\\/\\\/eldigitaldeasturias.com\\\/magazine365\\\/category\\\/noticias-actualidad\\\/#listItem\",\"name\":\"Noticias y Actualidad\"}}]},{\"@type\":\"Organization\",\"@id\":\"https:\\\/\\\/eldigitaldeasturias.com\\\/magazine365\\\/#organization\",\"name\":\"El digital de Asturias\",\"description\":\"Revista de ocio, turismo y estilo de vida\",\"url\":\"https:\\\/\\\/eldigitaldeasturias.com\\\/magazine365\\\/\",\"logo\":{\"@type\":\"ImageObject\",\"url\":\"https:\\\/\\\/www.eldigitaldeasturias.com\\\/noticias\\\/wp-content\\\/uploads\\\/2020\\\/12\\\/EDA.jpg\",\"@id\":\"https:\\\/\\\/eldigitaldeasturias.com\\\/magazine365\\\/entre-cuatro-y-seis-bisontes-europeos-llegan-a-la-reserva-de-valdeserrillas-de-benageber\\\/#organizationLogo\"},\"image\":{\"@id\":\"https:\\\/\\\/eldigitaldeasturias.com\\\/magazine365\\\/entre-cuatro-y-seis-bisontes-europeos-llegan-a-la-reserva-de-valdeserrillas-de-benageber\\\/#organizationLogo\"}},{\"@type\":\"Person\",\"@id\":\"https:\\\/\\\/eldigitaldeasturias.com\\\/magazine365\\\/author\\\/admin\\\/#author\",\"url\":\"https:\\\/\\\/eldigitaldeasturias.com\\\/magazine365\\\/author\\\/admin\\\/\",\"name\":\"admin\",\"image\":{\"@type\":\"ImageObject\",\"@id\":\"https:\\\/\\\/eldigitaldeasturias.com\\\/magazine365\\\/entre-cuatro-y-seis-bisontes-europeos-llegan-a-la-reserva-de-valdeserrillas-de-benageber\\\/#authorImage\",\"url\":\"https:\\\/\\\/eldigitaldeasturias.com\\\/magazine365\\\/wp-content\\\/litespeed\\\/avatar\\\/e571bcf59a0edd6fa6838245a470f2fe.jpg?ver=1776969259\",\"width\":96,\"height\":96,\"caption\":\"admin\"}},{\"@type\":\"WebPage\",\"@id\":\"https:\\\/\\\/eldigitaldeasturias.com\\\/magazine365\\\/entre-cuatro-y-seis-bisontes-europeos-llegan-a-la-reserva-de-valdeserrillas-de-benageber\\\/#webpage\",\"url\":\"https:\\\/\\\/eldigitaldeasturias.com\\\/magazine365\\\/entre-cuatro-y-seis-bisontes-europeos-llegan-a-la-reserva-de-valdeserrillas-de-benageber\\\/\",\"name\":\"Entre cuatro y seis bisontes europeos llegan a la Reserva de Valdeserrillas de Benag\\u00e9ber | El Digital de Asturias\",\"description\":\"Entre cuatro y seis ejemplares de bisontes europeos llegar\\u00e1n este mi\\u00e9rcoles por primera vez a la Comunitat Valenciana, en concreto a la Reserva de Valdeserrillas en el t\\u00e9rmino de Benag\\u00e9ber (Valencia), seg\\u00fan ha informado el espacio natural en un comunicado. Esta reserva es la empresa, la marca y la central que va a gestionar la\",\"inLanguage\":\"es-ES\",\"isPartOf\":{\"@id\":\"https:\\\/\\\/eldigitaldeasturias.com\\\/magazine365\\\/#website\"},\"breadcrumb\":{\"@id\":\"https:\\\/\\\/eldigitaldeasturias.com\\\/magazine365\\\/entre-cuatro-y-seis-bisontes-europeos-llegan-a-la-reserva-de-valdeserrillas-de-benageber\\\/#breadcrumblist\"},\"author\":{\"@id\":\"https:\\\/\\\/eldigitaldeasturias.com\\\/magazine365\\\/author\\\/admin\\\/#author\"},\"creator\":{\"@id\":\"https:\\\/\\\/eldigitaldeasturias.com\\\/magazine365\\\/author\\\/admin\\\/#author\"},\"image\":{\"@type\":\"ImageObject\",\"url\":\"https:\\\/\\\/eldigitaldeasturias.com\\\/magazine365\\\/wp-content\\\/uploads\\\/2015\\\/06\\\/fotonoticia_20150603094143_800.jpg\",\"@id\":\"https:\\\/\\\/eldigitaldeasturias.com\\\/magazine365\\\/entre-cuatro-y-seis-bisontes-europeos-llegan-a-la-reserva-de-valdeserrillas-de-benageber\\\/#mainImage\",\"width\":800,\"height\":450},\"primaryImageOfPage\":{\"@id\":\"https:\\\/\\\/eldigitaldeasturias.com\\\/magazine365\\\/entre-cuatro-y-seis-bisontes-europeos-llegan-a-la-reserva-de-valdeserrillas-de-benageber\\\/#mainImage\"},\"datePublished\":\"2015-06-04T13:26:08+02:00\",\"dateModified\":\"2015-06-04T13:26:08+02:00\"},{\"@type\":\"WebSite\",\"@id\":\"https:\\\/\\\/eldigitaldeasturias.com\\\/magazine365\\\/#website\",\"url\":\"https:\\\/\\\/eldigitaldeasturias.com\\\/magazine365\\\/\",\"name\":\"El Digital de Asturias\",\"description\":\"Revista de ocio, turismo y estilo de vida\",\"inLanguage\":\"es-ES\",\"publisher\":{\"@id\":\"https:\\\/\\\/eldigitaldeasturias.com\\\/magazine365\\\/#organization\"}}]}\n\t\t<\/script>\n\t\t<!-- All in One SEO Pro -->\r\n\t\t<title>Entre cuatro y seis bisontes europeos llegan a la Reserva de Valdeserrillas de Benag\u00e9ber | El Digital de Asturias<\/title>\n\n","aioseo_head_json":{"title":"Entre cuatro y seis bisontes europeos llegan a la Reserva de Valdeserrillas de Benag\u00e9ber | El Digital de Asturias","description":"Entre cuatro y seis ejemplares de bisontes europeos llegar\u00e1n este mi\u00e9rcoles por primera vez a la Comunitat Valenciana, en concreto a la Reserva de Valdeserrillas en el t\u00e9rmino de Benag\u00e9ber (Valencia), seg\u00fan ha informado el espacio natural en un comunicado. Esta reserva es la empresa, la marca y la central que va a gestionar la","canonical_url":"https:\/\/eldigitaldeasturias.com\/magazine365\/entre-cuatro-y-seis-bisontes-europeos-llegan-a-la-reserva-de-valdeserrillas-de-benageber\/","robots":"max-image-preview:large","keywords":"noticias y actualidad","webmasterTools":{"google-site-verification":"UA-38556648-1","miscellaneous":""},"schema":{"@context":"https:\/\/schema.org","@graph":[{"@type":"Article","@id":"https:\/\/eldigitaldeasturias.com\/magazine365\/entre-cuatro-y-seis-bisontes-europeos-llegan-a-la-reserva-de-valdeserrillas-de-benageber\/#article","name":"Entre cuatro y seis bisontes europeos llegan a la Reserva de Valdeserrillas de Benag\u00e9ber | El Digital de Asturias","headline":"Entre cuatro y seis bisontes europeos llegan a la Reserva de Valdeserrillas de Benag\u00e9ber","author":{"@id":"https:\/\/eldigitaldeasturias.com\/magazine365\/author\/admin\/#author"},"publisher":{"@id":"https:\/\/eldigitaldeasturias.com\/magazine365\/#organization"},"image":{"@type":"ImageObject","url":"https:\/\/eldigitaldeasturias.com\/magazine365\/wp-content\/uploads\/2015\/06\/fotonoticia_20150603094143_800.jpg","width":800,"height":450},"datePublished":"2015-06-04T13:26:08+02:00","dateModified":"2015-06-04T13:26:08+02:00","inLanguage":"es-ES","mainEntityOfPage":{"@id":"https:\/\/eldigitaldeasturias.com\/magazine365\/entre-cuatro-y-seis-bisontes-europeos-llegan-a-la-reserva-de-valdeserrillas-de-benageber\/#webpage"},"isPartOf":{"@id":"https:\/\/eldigitaldeasturias.com\/magazine365\/entre-cuatro-y-seis-bisontes-europeos-llegan-a-la-reserva-de-valdeserrillas-de-benageber\/#webpage"},"articleSection":"Noticias y Actualidad"},{"@type":"BreadcrumbList","@id":"https:\/\/eldigitaldeasturias.com\/magazine365\/entre-cuatro-y-seis-bisontes-europeos-llegan-a-la-reserva-de-valdeserrillas-de-benageber\/#breadcrumblist","itemListElement":[{"@type":"ListItem","@id":"https:\/\/eldigitaldeasturias.com\/magazine365#listItem","position":1,"name":"Home","item":"https:\/\/eldigitaldeasturias.com\/magazine365","nextItem":{"@type":"ListItem","@id":"https:\/\/eldigitaldeasturias.com\/magazine365\/category\/noticias-actualidad\/#listItem","name":"Noticias y Actualidad"}},{"@type":"ListItem","@id":"https:\/\/eldigitaldeasturias.com\/magazine365\/category\/noticias-actualidad\/#listItem","position":2,"name":"Noticias y Actualidad","item":"https:\/\/eldigitaldeasturias.com\/magazine365\/category\/noticias-actualidad\/","nextItem":{"@type":"ListItem","@id":"https:\/\/eldigitaldeasturias.com\/magazine365\/entre-cuatro-y-seis-bisontes-europeos-llegan-a-la-reserva-de-valdeserrillas-de-benageber\/#listItem","name":"Entre cuatro y seis bisontes europeos llegan a la Reserva de Valdeserrillas de Benag\u00e9ber"},"previousItem":{"@type":"ListItem","@id":"https:\/\/eldigitaldeasturias.com\/magazine365#listItem","name":"Home"}},{"@type":"ListItem","@id":"https:\/\/eldigitaldeasturias.com\/magazine365\/entre-cuatro-y-seis-bisontes-europeos-llegan-a-la-reserva-de-valdeserrillas-de-benageber\/#listItem","position":3,"name":"Entre cuatro y seis bisontes europeos llegan a la Reserva de Valdeserrillas de Benag\u00e9ber","previousItem":{"@type":"ListItem","@id":"https:\/\/eldigitaldeasturias.com\/magazine365\/category\/noticias-actualidad\/#listItem","name":"Noticias y Actualidad"}}]},{"@type":"Organization","@id":"https:\/\/eldigitaldeasturias.com\/magazine365\/#organization","name":"El digital de Asturias","description":"Revista de ocio, turismo y estilo de vida","url":"https:\/\/eldigitaldeasturias.com\/magazine365\/","logo":{"@type":"ImageObject","url":"https:\/\/www.eldigitaldeasturias.com\/noticias\/wp-content\/uploads\/2020\/12\/EDA.jpg","@id":"https:\/\/eldigitaldeasturias.com\/magazine365\/entre-cuatro-y-seis-bisontes-europeos-llegan-a-la-reserva-de-valdeserrillas-de-benageber\/#organizationLogo"},"image":{"@id":"https:\/\/eldigitaldeasturias.com\/magazine365\/entre-cuatro-y-seis-bisontes-europeos-llegan-a-la-reserva-de-valdeserrillas-de-benageber\/#organizationLogo"}},{"@type":"Person","@id":"https:\/\/eldigitaldeasturias.com\/magazine365\/author\/admin\/#author","url":"https:\/\/eldigitaldeasturias.com\/magazine365\/author\/admin\/","name":"admin","image":{"@type":"ImageObject","@id":"https:\/\/eldigitaldeasturias.com\/magazine365\/entre-cuatro-y-seis-bisontes-europeos-llegan-a-la-reserva-de-valdeserrillas-de-benageber\/#authorImage","url":"https:\/\/eldigitaldeasturias.com\/magazine365\/wp-content\/litespeed\/avatar\/e571bcf59a0edd6fa6838245a470f2fe.jpg?ver=1776969259","width":96,"height":96,"caption":"admin"}},{"@type":"WebPage","@id":"https:\/\/eldigitaldeasturias.com\/magazine365\/entre-cuatro-y-seis-bisontes-europeos-llegan-a-la-reserva-de-valdeserrillas-de-benageber\/#webpage","url":"https:\/\/eldigitaldeasturias.com\/magazine365\/entre-cuatro-y-seis-bisontes-europeos-llegan-a-la-reserva-de-valdeserrillas-de-benageber\/","name":"Entre cuatro y seis bisontes europeos llegan a la Reserva de Valdeserrillas de Benag\u00e9ber | El Digital de Asturias","description":"Entre cuatro y seis ejemplares de bisontes europeos llegar\u00e1n este mi\u00e9rcoles por primera vez a la Comunitat Valenciana, en concreto a la Reserva de Valdeserrillas en el t\u00e9rmino de Benag\u00e9ber (Valencia), seg\u00fan ha informado el espacio natural en un comunicado. Esta reserva es la empresa, la marca y la central que va a gestionar la","inLanguage":"es-ES","isPartOf":{"@id":"https:\/\/eldigitaldeasturias.com\/magazine365\/#website"},"breadcrumb":{"@id":"https:\/\/eldigitaldeasturias.com\/magazine365\/entre-cuatro-y-seis-bisontes-europeos-llegan-a-la-reserva-de-valdeserrillas-de-benageber\/#breadcrumblist"},"author":{"@id":"https:\/\/eldigitaldeasturias.com\/magazine365\/author\/admin\/#author"},"creator":{"@id":"https:\/\/eldigitaldeasturias.com\/magazine365\/author\/admin\/#author"},"image":{"@type":"ImageObject","url":"https:\/\/eldigitaldeasturias.com\/magazine365\/wp-content\/uploads\/2015\/06\/fotonoticia_20150603094143_800.jpg","@id":"https:\/\/eldigitaldeasturias.com\/magazine365\/entre-cuatro-y-seis-bisontes-europeos-llegan-a-la-reserva-de-valdeserrillas-de-benageber\/#mainImage","width":800,"height":450},"primaryImageOfPage":{"@id":"https:\/\/eldigitaldeasturias.com\/magazine365\/entre-cuatro-y-seis-bisontes-europeos-llegan-a-la-reserva-de-valdeserrillas-de-benageber\/#mainImage"},"datePublished":"2015-06-04T13:26:08+02:00","dateModified":"2015-06-04T13:26:08+02:00"},{"@type":"WebSite","@id":"https:\/\/eldigitaldeasturias.com\/magazine365\/#website","url":"https:\/\/eldigitaldeasturias.com\/magazine365\/","name":"El Digital de Asturias","description":"Revista de ocio, turismo y estilo de vida","inLanguage":"es-ES","publisher":{"@id":"https:\/\/eldigitaldeasturias.com\/magazine365\/#organization"}}]},"og:locale":"es_ES","og:site_name":"El Digital de Asturias \u2013 Revista de ocio, turismo y estilo de vida","og:type":"article","og:title":"Entre cuatro y seis bisontes europeos llegan a la Reserva de Valdeserrillas de Benag\u00e9ber | El Digital de Asturias","og:description":"Entre cuatro y seis ejemplares de bisontes europeos llegar\u00e1n este mi\u00e9rcoles por primera vez a la Comunitat Valenciana, en concreto a la Reserva de Valdeserrillas en el t\u00e9rmino de Benag\u00e9ber (Valencia), seg\u00fan ha informado el espacio natural en un comunicado. Esta reserva es la empresa, la marca y la central que va a gestionar la","og:url":"https:\/\/eldigitaldeasturias.com\/magazine365\/entre-cuatro-y-seis-bisontes-europeos-llegan-a-la-reserva-de-valdeserrillas-de-benageber\/","og:image":"https:\/\/eldigitaldeasturias.com\/magazine365\/wp-content\/uploads\/2015\/06\/fotonoticia_20150603094143_800.jpg","og:image:secure_url":"https:\/\/eldigitaldeasturias.com\/magazine365\/wp-content\/uploads\/2015\/06\/fotonoticia_20150603094143_800.jpg","og:image:width":800,"og:image:height":450,"article:published_time":"2015-06-04T11:56:08+00:00","article:modified_time":"2015-06-04T11:56:08+00:00","twitter:card":"summary_large_image","twitter:title":"Entre cuatro y seis bisontes europeos llegan a la Reserva de Valdeserrillas de Benag\u00e9ber | El Digital de Asturias","twitter:description":"Entre cuatro y seis ejemplares de bisontes europeos llegar\u00e1n este mi\u00e9rcoles por primera vez a la Comunitat Valenciana, en concreto a la Reserva de Valdeserrillas en el t\u00e9rmino de Benag\u00e9ber (Valencia), seg\u00fan ha informado el espacio natural en un comunicado. Esta reserva es la empresa, la marca y la central que va a gestionar la","twitter:image":"https:\/\/eldigitaldeasturias.com\/magazine365\/wp-content\/uploads\/2015\/06\/fotonoticia_20150603094143_800.jpg"},"aioseo_meta_data":{"post_id":"38700","title":null,"description":null,"keywords":null,"keyphrases":null,"primary_term":null,"canonical_url":null,"og_title":null,"og_description":null,"og_object_type":"default","og_image_type":"default","og_image_url":null,"og_image_width":null,"og_image_height":null,"og_image_custom_url":null,"og_image_custom_fields":null,"og_video":null,"og_custom_url":null,"og_article_section":null,"og_article_tags":null,"twitter_use_og":false,"twitter_card":"default","twitter_image_type":"default","twitter_image_url":null,"twitter_image_custom_url":null,"twitter_image_custom_fields":null,"twitter_title":null,"twitter_description":null,"schema":{"blockGraphs":[],"customGraphs":[],"default":{"data":{"Article":[],"Course":[],"Dataset":[],"FAQPage":[],"Movie":[],"Person":[],"Product":[],"ProductReview":[],"Car":[],"Recipe":[],"Service":[],"SoftwareApplication":[],"WebPage":[]},"graphName":"","isEnabled":true},"graphs":[],"defaultGraph":"","defaultPostTypeGraph":""},"schema_type":null,"schema_type_options":null,"pillar_content":false,"robots_default":true,"robots_noindex":false,"robots_noarchive":false,"robots_nosnippet":false,"robots_nofollow":false,"robots_noimageindex":false,"robots_noodp":false,"robots_notranslate":false,"robots_max_snippet":null,"robots_max_videopreview":null,"robots_max_imagepreview":"large","priority":null,"frequency":null,"location":null,"local_seo":null,"seo_analyzer_scan_date":"2025-09-19 10:05:58","breadcrumb_settings":null,"limit_modified_date":false,"open_ai":null,"ai":null,"created":"2021-03-09 02:50:41","updated":"2025-09-19 10:05:58"},"aioseo_breadcrumb":"<div class=\"aioseo-breadcrumbs\"><span class=\"aioseo-breadcrumb\">\n\t<a href=\"https:\/\/eldigitaldeasturias.com\/magazine365\" title=\"Home\">Home<\/a>\n<\/span><span class=\"aioseo-breadcrumb-separator\">\u2013<\/span><span class=\"aioseo-breadcrumb\">\n\t<a href=\"https:\/\/eldigitaldeasturias.com\/magazine365\/category\/noticias-actualidad\/\" title=\"Noticias y Actualidad\">Noticias y Actualidad<\/a>\n<\/span><span class=\"aioseo-breadcrumb-separator\">\u2013<\/span><span class=\"aioseo-breadcrumb\">\n\t<a href=\"https:\/\/eldigitaldeasturias.com\/magazine365\/entre-cuatro-y-seis-bisontes-europeos-llegan-a-la-reserva-de-valdeserrillas-de-benageber\/\" title=\"Entre cuatro y seis bisontes europeos llegan a la Reserva de Valdeserrillas de Benag\u00e9ber\">Entre cuatro y seis bisontes europeos llegan a la Reserva de Valdeserrillas de Benag\u00e9ber<\/a>\n<\/span><\/div>","aioseo_breadcrumb_json":[{"label":"Home","link":"https:\/\/eldigitaldeasturias.com\/magazine365"},{"label":"Noticias y Actualidad","link":"https:\/\/eldigitaldeasturias.com\/magazine365\/category\/noticias-actualidad\/"},{"label":"Entre cuatro y seis bisontes europeos llegan a la Reserva de Valdeserrillas de Benag\u00e9ber","link":"https:\/\/eldigitaldeasturias.com\/magazine365\/entre-cuatro-y-seis-bisontes-europeos-llegan-a-la-reserva-de-valdeserrillas-de-benageber\/"}],"_links":{"self":[{"href":"https:\/\/eldigitaldeasturias.com\/magazine365\/wp-json\/wp\/v2\/posts\/38700","targetHints":{"allow":["GET"]}}],"collection":[{"href":"https:\/\/eldigitaldeasturias.com\/magazine365\/wp-json\/wp\/v2\/posts"}],"about":[{"href":"https:\/\/eldigitaldeasturias.com\/magazine365\/wp-json\/wp\/v2\/types\/post"}],"author":[{"embeddable":true,"href":"https:\/\/eldigitaldeasturias.com\/magazine365\/wp-json\/wp\/v2\/users\/1"}],"replies":[{"embeddable":true,"href":"https:\/\/eldigitaldeasturias.com\/magazine365\/wp-json\/wp\/v2\/comments?post=38700"}],"version-history":[{"count":0,"href":"https:\/\/eldigitaldeasturias.com\/magazine365\/wp-json\/wp\/v2\/posts\/38700\/revisions"}],"wp:featuredmedia":[{"embeddable":true,"href":"https:\/\/eldigitaldeasturias.com\/magazine365\/wp-json\/wp\/v2\/media\/38701"}],"wp:attachment":[{"href":"https:\/\/eldigitaldeasturias.com\/magazine365\/wp-json\/wp\/v2\/media?parent=38700"}],"wp:term":[{"taxonomy":"category","embeddable":true,"href":"https:\/\/eldigitaldeasturias.com\/magazine365\/wp-json\/wp\/v2\/categories?post=38700"},{"taxonomy":"post_tag","embeddable":true,"href":"https:\/\/eldigitaldeasturias.com\/magazine365\/wp-json\/wp\/v2\/tags?post=38700"}],"curies":[{"name":"wp","href":"https:\/\/api.w.org\/{rel}","templated":true}]}}