{"id":38697,"date":"2015-06-04T13:24:09","date_gmt":"2015-06-04T11:54:09","guid":{"rendered":"http:\/\/eldigitaldeasturias.com\/magazine365\/?p=38697"},"modified":"2015-06-04T13:24:09","modified_gmt":"2015-06-04T11:54:09","slug":"el-empleo-en-el-sector-servicios-espanol-crece-al-mayor-ritmo-desde-septiembre-de-2007","status":"publish","type":"post","link":"https:\/\/eldigitaldeasturias.com\/magazine365\/el-empleo-en-el-sector-servicios-espanol-crece-al-mayor-ritmo-desde-septiembre-de-2007\/","title":{"rendered":"El empleo en el sector servicios espa\u00f1ol crece al mayor ritmo desde septiembre de 2007"},"content":{"rendered":"<p><img fetchpriority=\"high\" decoding=\"async\" class=\"alignleft size-medium wp-image-38698\" src=\"https:\/\/eldigitaldeasturias.com\/magazine365\/wp-content\/uploads\/2015\/06\/bar-360x239.jpg\" alt=\"bar\" width=\"360\" height=\"239\" srcset=\"https:\/\/eldigitaldeasturias.com\/magazine365\/wp-content\/uploads\/2015\/06\/bar-360x239.jpg 360w, https:\/\/eldigitaldeasturias.com\/magazine365\/wp-content\/uploads\/2015\/06\/bar-650x432.jpg 650w, https:\/\/eldigitaldeasturias.com\/magazine365\/wp-content\/uploads\/2015\/06\/bar-768x511.jpg 768w, https:\/\/eldigitaldeasturias.com\/magazine365\/wp-content\/uploads\/2015\/06\/bar-150x100.jpg 150w, https:\/\/eldigitaldeasturias.com\/magazine365\/wp-content\/uploads\/2015\/06\/bar-450x299.jpg 450w, https:\/\/eldigitaldeasturias.com\/magazine365\/wp-content\/uploads\/2015\/06\/bar-696x463.jpg 696w, https:\/\/eldigitaldeasturias.com\/magazine365\/wp-content\/uploads\/2015\/06\/bar-632x420.jpg 632w, https:\/\/eldigitaldeasturias.com\/magazine365\/wp-content\/uploads\/2015\/06\/bar-84x55.jpg 84w, https:\/\/eldigitaldeasturias.com\/magazine365\/wp-content\/uploads\/2015\/06\/bar.jpg 800w\" sizes=\"(max-width: 360px) 100vw, 360px\" \/>El sector servicios de Espa\u00f1a ha generado empleo durante el pasado mes de mayo al ritmo m\u00e1s r\u00e1pido desde septiembre de 2007, seg\u00fan reflejan los datos del indicador PMI, que se situ\u00f3 en 58,4 puntos desde los m\u00e1ximos de ocho a\u00f1os y medio registrados en abril, cuando llego a situarse en 60,3 puntos.<\/p>\n<p>\u00abLo m\u00e1s destacado del estudio del sector servicios de mayo fue la continua aceleraci\u00f3n de la creaci\u00f3n de empleo en el sector ya que el aumento de las cargas de trabajo alent\u00f3 a las empresas a estar cada vez m\u00e1s dispuestas a contratar a m\u00e1s personal\u00bb, declar\u00f3 Andrew Harker, economista senior de Markit.<\/p>\n<p>Los nuevos pedidos del sector servicios experimentaron un nuevo mes de crecimiento, aunque a menor ritmo que en abril, lo que supone que se han observado incrementos mensuales de los nuevos pedidos de manera ininterrumpida desde agosto de 2013.<\/p>\n<p>En consecuencia, este incremento de los nuevos pedidos llev\u00f3 a la sexta subida mensual consecutiva de los pedidos pendientes de realizaci\u00f3n e impuls\u00f3 la contrataci\u00f3n de personal por las compa\u00f1\u00edas del sector.<\/p>\n<p>\u00abEl ritmo de creaci\u00f3n de empleo se aceler\u00f3 por sexto mes consecutivo hasta alcanzar el m\u00e1s r\u00e1pido desde septiembre de 2007\u00bb, destacaron los autores del informe, se\u00f1alando al sector de Correos y Telecomunicaciones y al de Transportes y Almacenamientos como los principales motores de creaci\u00f3n de puestos de trabajo.<\/p>\n<p>Por otra parte, la inflaci\u00f3n de los costes se aceler\u00f3 hasta alcanzar su nivel m\u00e1s fuerte en casi cuatro a\u00f1os. Seg\u00fan los encuestados, el aumento de los costes fue debido al incremento de los gastos de personal y a la reciente debilidad del euro frente al d\u00f3lar estadounidense.<\/p>\n","protected":false},"excerpt":{"rendered":"<p>El sector servicios de Espa\u00f1a ha generado empleo durante el pasado mes de mayo al ritmo m\u00e1s r\u00e1pido desde septiembre de 2007, seg\u00fan reflejan los datos del indicador PMI, que se situ\u00f3 en 58,4 puntos desde los m\u00e1ximos de ocho a\u00f1os y medio registrados en abril, cuando llego a situarse en 60,3 puntos. \u00abLo m\u00e1s<\/p>\n","protected":false},"author":1,"featured_media":38698,"comment_status":"open","ping_status":"closed","sticky":false,"template":"","format":"standard","meta":{"footnotes":""},"categories":[224],"tags":[],"class_list":{"0":"post-38697","1":"post","2":"type-post","3":"status-publish","4":"format-standard","5":"has-post-thumbnail","7":"category-noticias-actualidad"},"aioseo_notices":[],"aioseo_head":"\n\t\t<!-- All in One SEO Pro 4.9.6.1 - aioseo.com -->\n\t<meta name=\"description\" content=\"El sector servicios de Espa\u00f1a ha generado empleo durante el pasado mes de mayo al ritmo m\u00e1s r\u00e1pido desde septiembre de 2007, seg\u00fan reflejan los datos del indicador PMI, que se situ\u00f3 en 58,4 puntos desde los m\u00e1ximos de ocho a\u00f1os y medio registrados en abril, cuando llego a situarse en 60,3 puntos. &quot;Lo m\u00e1s\" \/>\n\t<meta name=\"robots\" content=\"max-image-preview:large\" \/>\n\t<meta name=\"author\" content=\"admin\"\/>\n\t<meta name=\"google-site-verification\" content=\"UA-38556648-1\" \/>\n\t<meta name=\"keywords\" content=\"noticias y actualidad\" \/>\n\t<link rel=\"canonical\" href=\"https:\/\/eldigitaldeasturias.com\/magazine365\/el-empleo-en-el-sector-servicios-espanol-crece-al-mayor-ritmo-desde-septiembre-de-2007\/\" \/>\n\t<meta name=\"generator\" content=\"All in One SEO Pro (AIOSEO) 4.9.6.1\" \/>\n\t\t<meta property=\"og:locale\" content=\"es_ES\" \/>\n\t\t<meta property=\"og:site_name\" content=\"El Digital de Asturias \u2013 Revista de ocio, turismo y estilo de vida\" \/>\n\t\t<meta property=\"og:type\" content=\"article\" \/>\n\t\t<meta property=\"og:title\" content=\"El empleo en el sector servicios espa\u00f1ol crece al mayor ritmo desde septiembre de 2007 | El Digital de Asturias\" \/>\n\t\t<meta property=\"og:description\" content=\"El sector servicios de Espa\u00f1a ha generado empleo durante el pasado mes de mayo al ritmo m\u00e1s r\u00e1pido desde septiembre de 2007, seg\u00fan reflejan los datos del indicador PMI, que se situ\u00f3 en 58,4 puntos desde los m\u00e1ximos de ocho a\u00f1os y medio registrados en abril, cuando llego a situarse en 60,3 puntos. &quot;Lo m\u00e1s\" \/>\n\t\t<meta property=\"og:url\" content=\"https:\/\/eldigitaldeasturias.com\/magazine365\/el-empleo-en-el-sector-servicios-espanol-crece-al-mayor-ritmo-desde-septiembre-de-2007\/\" \/>\n\t\t<meta property=\"og:image\" content=\"https:\/\/eldigitaldeasturias.com\/magazine365\/wp-content\/uploads\/2015\/06\/bar.jpg\" \/>\n\t\t<meta property=\"og:image:secure_url\" content=\"https:\/\/eldigitaldeasturias.com\/magazine365\/wp-content\/uploads\/2015\/06\/bar.jpg\" \/>\n\t\t<meta property=\"og:image:width\" content=\"800\" \/>\n\t\t<meta property=\"og:image:height\" content=\"532\" \/>\n\t\t<meta property=\"article:published_time\" content=\"2015-06-04T11:54:09+00:00\" \/>\n\t\t<meta property=\"article:modified_time\" content=\"2015-06-04T11:54:09+00:00\" \/>\n\t\t<meta name=\"twitter:card\" content=\"summary_large_image\" \/>\n\t\t<meta name=\"twitter:title\" content=\"El empleo en el sector servicios espa\u00f1ol crece al mayor ritmo desde septiembre de 2007 | El Digital de Asturias\" \/>\n\t\t<meta name=\"twitter:description\" content=\"El sector servicios de Espa\u00f1a ha generado empleo durante el pasado mes de mayo al ritmo m\u00e1s r\u00e1pido desde septiembre de 2007, seg\u00fan reflejan los datos del indicador PMI, que se situ\u00f3 en 58,4 puntos desde los m\u00e1ximos de ocho a\u00f1os y medio registrados en abril, cuando llego a situarse en 60,3 puntos. &quot;Lo m\u00e1s\" \/>\n\t\t<meta name=\"twitter:image\" content=\"https:\/\/eldigitaldeasturias.com\/magazine365\/wp-content\/uploads\/2015\/06\/bar.jpg\" \/>\n\t\t<script type=\"application\/ld+json\" class=\"aioseo-schema\">\n\t\t\t{\"@context\":\"https:\\\/\\\/schema.org\",\"@graph\":[{\"@type\":\"Article\",\"@id\":\"https:\\\/\\\/eldigitaldeasturias.com\\\/magazine365\\\/el-empleo-en-el-sector-servicios-espanol-crece-al-mayor-ritmo-desde-septiembre-de-2007\\\/#article\",\"name\":\"El empleo en el sector servicios espa\\u00f1ol crece al mayor ritmo desde septiembre de 2007 | El Digital de Asturias\",\"headline\":\"El empleo en el sector servicios espa\\u00f1ol crece al mayor ritmo desde septiembre de 2007\",\"author\":{\"@id\":\"https:\\\/\\\/eldigitaldeasturias.com\\\/magazine365\\\/author\\\/admin\\\/#author\"},\"publisher\":{\"@id\":\"https:\\\/\\\/eldigitaldeasturias.com\\\/magazine365\\\/#organization\"},\"image\":{\"@type\":\"ImageObject\",\"url\":\"https:\\\/\\\/eldigitaldeasturias.com\\\/magazine365\\\/wp-content\\\/uploads\\\/2015\\\/06\\\/bar.jpg\",\"width\":800,\"height\":532},\"datePublished\":\"2015-06-04T13:24:09+02:00\",\"dateModified\":\"2015-06-04T13:24:09+02:00\",\"inLanguage\":\"es-ES\",\"mainEntityOfPage\":{\"@id\":\"https:\\\/\\\/eldigitaldeasturias.com\\\/magazine365\\\/el-empleo-en-el-sector-servicios-espanol-crece-al-mayor-ritmo-desde-septiembre-de-2007\\\/#webpage\"},\"isPartOf\":{\"@id\":\"https:\\\/\\\/eldigitaldeasturias.com\\\/magazine365\\\/el-empleo-en-el-sector-servicios-espanol-crece-al-mayor-ritmo-desde-septiembre-de-2007\\\/#webpage\"},\"articleSection\":\"Noticias y Actualidad\"},{\"@type\":\"BreadcrumbList\",\"@id\":\"https:\\\/\\\/eldigitaldeasturias.com\\\/magazine365\\\/el-empleo-en-el-sector-servicios-espanol-crece-al-mayor-ritmo-desde-septiembre-de-2007\\\/#breadcrumblist\",\"itemListElement\":[{\"@type\":\"ListItem\",\"@id\":\"https:\\\/\\\/eldigitaldeasturias.com\\\/magazine365#listItem\",\"position\":1,\"name\":\"Home\",\"item\":\"https:\\\/\\\/eldigitaldeasturias.com\\\/magazine365\",\"nextItem\":{\"@type\":\"ListItem\",\"@id\":\"https:\\\/\\\/eldigitaldeasturias.com\\\/magazine365\\\/category\\\/noticias-actualidad\\\/#listItem\",\"name\":\"Noticias y Actualidad\"}},{\"@type\":\"ListItem\",\"@id\":\"https:\\\/\\\/eldigitaldeasturias.com\\\/magazine365\\\/category\\\/noticias-actualidad\\\/#listItem\",\"position\":2,\"name\":\"Noticias y Actualidad\",\"item\":\"https:\\\/\\\/eldigitaldeasturias.com\\\/magazine365\\\/category\\\/noticias-actualidad\\\/\",\"nextItem\":{\"@type\":\"ListItem\",\"@id\":\"https:\\\/\\\/eldigitaldeasturias.com\\\/magazine365\\\/el-empleo-en-el-sector-servicios-espanol-crece-al-mayor-ritmo-desde-septiembre-de-2007\\\/#listItem\",\"name\":\"El empleo en el sector servicios espa\\u00f1ol crece al mayor ritmo desde septiembre de 2007\"},\"previousItem\":{\"@type\":\"ListItem\",\"@id\":\"https:\\\/\\\/eldigitaldeasturias.com\\\/magazine365#listItem\",\"name\":\"Home\"}},{\"@type\":\"ListItem\",\"@id\":\"https:\\\/\\\/eldigitaldeasturias.com\\\/magazine365\\\/el-empleo-en-el-sector-servicios-espanol-crece-al-mayor-ritmo-desde-septiembre-de-2007\\\/#listItem\",\"position\":3,\"name\":\"El empleo en el sector servicios espa\\u00f1ol crece al mayor ritmo desde septiembre de 2007\",\"previousItem\":{\"@type\":\"ListItem\",\"@id\":\"https:\\\/\\\/eldigitaldeasturias.com\\\/magazine365\\\/category\\\/noticias-actualidad\\\/#listItem\",\"name\":\"Noticias y Actualidad\"}}]},{\"@type\":\"Organization\",\"@id\":\"https:\\\/\\\/eldigitaldeasturias.com\\\/magazine365\\\/#organization\",\"name\":\"El digital de Asturias\",\"description\":\"Revista de ocio, turismo y estilo de vida\",\"url\":\"https:\\\/\\\/eldigitaldeasturias.com\\\/magazine365\\\/\",\"logo\":{\"@type\":\"ImageObject\",\"url\":\"https:\\\/\\\/www.eldigitaldeasturias.com\\\/noticias\\\/wp-content\\\/uploads\\\/2020\\\/12\\\/EDA.jpg\",\"@id\":\"https:\\\/\\\/eldigitaldeasturias.com\\\/magazine365\\\/el-empleo-en-el-sector-servicios-espanol-crece-al-mayor-ritmo-desde-septiembre-de-2007\\\/#organizationLogo\"},\"image\":{\"@id\":\"https:\\\/\\\/eldigitaldeasturias.com\\\/magazine365\\\/el-empleo-en-el-sector-servicios-espanol-crece-al-mayor-ritmo-desde-septiembre-de-2007\\\/#organizationLogo\"}},{\"@type\":\"Person\",\"@id\":\"https:\\\/\\\/eldigitaldeasturias.com\\\/magazine365\\\/author\\\/admin\\\/#author\",\"url\":\"https:\\\/\\\/eldigitaldeasturias.com\\\/magazine365\\\/author\\\/admin\\\/\",\"name\":\"admin\",\"image\":{\"@type\":\"ImageObject\",\"@id\":\"https:\\\/\\\/eldigitaldeasturias.com\\\/magazine365\\\/el-empleo-en-el-sector-servicios-espanol-crece-al-mayor-ritmo-desde-septiembre-de-2007\\\/#authorImage\",\"url\":\"https:\\\/\\\/eldigitaldeasturias.com\\\/magazine365\\\/wp-content\\\/litespeed\\\/avatar\\\/e571bcf59a0edd6fa6838245a470f2fe.jpg?ver=1776969259\",\"width\":96,\"height\":96,\"caption\":\"admin\"}},{\"@type\":\"WebPage\",\"@id\":\"https:\\\/\\\/eldigitaldeasturias.com\\\/magazine365\\\/el-empleo-en-el-sector-servicios-espanol-crece-al-mayor-ritmo-desde-septiembre-de-2007\\\/#webpage\",\"url\":\"https:\\\/\\\/eldigitaldeasturias.com\\\/magazine365\\\/el-empleo-en-el-sector-servicios-espanol-crece-al-mayor-ritmo-desde-septiembre-de-2007\\\/\",\"name\":\"El empleo en el sector servicios espa\\u00f1ol crece al mayor ritmo desde septiembre de 2007 | El Digital de Asturias\",\"description\":\"El sector servicios de Espa\\u00f1a ha generado empleo durante el pasado mes de mayo al ritmo m\\u00e1s r\\u00e1pido desde septiembre de 2007, seg\\u00fan reflejan los datos del indicador PMI, que se situ\\u00f3 en 58,4 puntos desde los m\\u00e1ximos de ocho a\\u00f1os y medio registrados en abril, cuando llego a situarse en 60,3 puntos. \\\"Lo m\\u00e1s\",\"inLanguage\":\"es-ES\",\"isPartOf\":{\"@id\":\"https:\\\/\\\/eldigitaldeasturias.com\\\/magazine365\\\/#website\"},\"breadcrumb\":{\"@id\":\"https:\\\/\\\/eldigitaldeasturias.com\\\/magazine365\\\/el-empleo-en-el-sector-servicios-espanol-crece-al-mayor-ritmo-desde-septiembre-de-2007\\\/#breadcrumblist\"},\"author\":{\"@id\":\"https:\\\/\\\/eldigitaldeasturias.com\\\/magazine365\\\/author\\\/admin\\\/#author\"},\"creator\":{\"@id\":\"https:\\\/\\\/eldigitaldeasturias.com\\\/magazine365\\\/author\\\/admin\\\/#author\"},\"image\":{\"@type\":\"ImageObject\",\"url\":\"https:\\\/\\\/eldigitaldeasturias.com\\\/magazine365\\\/wp-content\\\/uploads\\\/2015\\\/06\\\/bar.jpg\",\"@id\":\"https:\\\/\\\/eldigitaldeasturias.com\\\/magazine365\\\/el-empleo-en-el-sector-servicios-espanol-crece-al-mayor-ritmo-desde-septiembre-de-2007\\\/#mainImage\",\"width\":800,\"height\":532},\"primaryImageOfPage\":{\"@id\":\"https:\\\/\\\/eldigitaldeasturias.com\\\/magazine365\\\/el-empleo-en-el-sector-servicios-espanol-crece-al-mayor-ritmo-desde-septiembre-de-2007\\\/#mainImage\"},\"datePublished\":\"2015-06-04T13:24:09+02:00\",\"dateModified\":\"2015-06-04T13:24:09+02:00\"},{\"@type\":\"WebSite\",\"@id\":\"https:\\\/\\\/eldigitaldeasturias.com\\\/magazine365\\\/#website\",\"url\":\"https:\\\/\\\/eldigitaldeasturias.com\\\/magazine365\\\/\",\"name\":\"El Digital de Asturias\",\"description\":\"Revista de ocio, turismo y estilo de vida\",\"inLanguage\":\"es-ES\",\"publisher\":{\"@id\":\"https:\\\/\\\/eldigitaldeasturias.com\\\/magazine365\\\/#organization\"}}]}\n\t\t<\/script>\n\t\t<!-- All in One SEO Pro -->\r\n\t\t<title>El empleo en el sector servicios espa\u00f1ol crece al mayor ritmo desde septiembre de 2007 | El Digital de Asturias<\/title>\n\n","aioseo_head_json":{"title":"El empleo en el sector servicios espa\u00f1ol crece al mayor ritmo desde septiembre de 2007 | El Digital de Asturias","description":"El sector servicios de Espa\u00f1a ha generado empleo durante el pasado mes de mayo al ritmo m\u00e1s r\u00e1pido desde septiembre de 2007, seg\u00fan reflejan los datos del indicador PMI, que se situ\u00f3 en 58,4 puntos desde los m\u00e1ximos de ocho a\u00f1os y medio registrados en abril, cuando llego a situarse en 60,3 puntos. \"Lo m\u00e1s","canonical_url":"https:\/\/eldigitaldeasturias.com\/magazine365\/el-empleo-en-el-sector-servicios-espanol-crece-al-mayor-ritmo-desde-septiembre-de-2007\/","robots":"max-image-preview:large","keywords":"noticias y actualidad","webmasterTools":{"google-site-verification":"UA-38556648-1","miscellaneous":""},"schema":{"@context":"https:\/\/schema.org","@graph":[{"@type":"Article","@id":"https:\/\/eldigitaldeasturias.com\/magazine365\/el-empleo-en-el-sector-servicios-espanol-crece-al-mayor-ritmo-desde-septiembre-de-2007\/#article","name":"El empleo en el sector servicios espa\u00f1ol crece al mayor ritmo desde septiembre de 2007 | El Digital de Asturias","headline":"El empleo en el sector servicios espa\u00f1ol crece al mayor ritmo desde septiembre de 2007","author":{"@id":"https:\/\/eldigitaldeasturias.com\/magazine365\/author\/admin\/#author"},"publisher":{"@id":"https:\/\/eldigitaldeasturias.com\/magazine365\/#organization"},"image":{"@type":"ImageObject","url":"https:\/\/eldigitaldeasturias.com\/magazine365\/wp-content\/uploads\/2015\/06\/bar.jpg","width":800,"height":532},"datePublished":"2015-06-04T13:24:09+02:00","dateModified":"2015-06-04T13:24:09+02:00","inLanguage":"es-ES","mainEntityOfPage":{"@id":"https:\/\/eldigitaldeasturias.com\/magazine365\/el-empleo-en-el-sector-servicios-espanol-crece-al-mayor-ritmo-desde-septiembre-de-2007\/#webpage"},"isPartOf":{"@id":"https:\/\/eldigitaldeasturias.com\/magazine365\/el-empleo-en-el-sector-servicios-espanol-crece-al-mayor-ritmo-desde-septiembre-de-2007\/#webpage"},"articleSection":"Noticias y Actualidad"},{"@type":"BreadcrumbList","@id":"https:\/\/eldigitaldeasturias.com\/magazine365\/el-empleo-en-el-sector-servicios-espanol-crece-al-mayor-ritmo-desde-septiembre-de-2007\/#breadcrumblist","itemListElement":[{"@type":"ListItem","@id":"https:\/\/eldigitaldeasturias.com\/magazine365#listItem","position":1,"name":"Home","item":"https:\/\/eldigitaldeasturias.com\/magazine365","nextItem":{"@type":"ListItem","@id":"https:\/\/eldigitaldeasturias.com\/magazine365\/category\/noticias-actualidad\/#listItem","name":"Noticias y Actualidad"}},{"@type":"ListItem","@id":"https:\/\/eldigitaldeasturias.com\/magazine365\/category\/noticias-actualidad\/#listItem","position":2,"name":"Noticias y Actualidad","item":"https:\/\/eldigitaldeasturias.com\/magazine365\/category\/noticias-actualidad\/","nextItem":{"@type":"ListItem","@id":"https:\/\/eldigitaldeasturias.com\/magazine365\/el-empleo-en-el-sector-servicios-espanol-crece-al-mayor-ritmo-desde-septiembre-de-2007\/#listItem","name":"El empleo en el sector servicios espa\u00f1ol crece al mayor ritmo desde septiembre de 2007"},"previousItem":{"@type":"ListItem","@id":"https:\/\/eldigitaldeasturias.com\/magazine365#listItem","name":"Home"}},{"@type":"ListItem","@id":"https:\/\/eldigitaldeasturias.com\/magazine365\/el-empleo-en-el-sector-servicios-espanol-crece-al-mayor-ritmo-desde-septiembre-de-2007\/#listItem","position":3,"name":"El empleo en el sector servicios espa\u00f1ol crece al mayor ritmo desde septiembre de 2007","previousItem":{"@type":"ListItem","@id":"https:\/\/eldigitaldeasturias.com\/magazine365\/category\/noticias-actualidad\/#listItem","name":"Noticias y Actualidad"}}]},{"@type":"Organization","@id":"https:\/\/eldigitaldeasturias.com\/magazine365\/#organization","name":"El digital de Asturias","description":"Revista de ocio, turismo y estilo de vida","url":"https:\/\/eldigitaldeasturias.com\/magazine365\/","logo":{"@type":"ImageObject","url":"https:\/\/www.eldigitaldeasturias.com\/noticias\/wp-content\/uploads\/2020\/12\/EDA.jpg","@id":"https:\/\/eldigitaldeasturias.com\/magazine365\/el-empleo-en-el-sector-servicios-espanol-crece-al-mayor-ritmo-desde-septiembre-de-2007\/#organizationLogo"},"image":{"@id":"https:\/\/eldigitaldeasturias.com\/magazine365\/el-empleo-en-el-sector-servicios-espanol-crece-al-mayor-ritmo-desde-septiembre-de-2007\/#organizationLogo"}},{"@type":"Person","@id":"https:\/\/eldigitaldeasturias.com\/magazine365\/author\/admin\/#author","url":"https:\/\/eldigitaldeasturias.com\/magazine365\/author\/admin\/","name":"admin","image":{"@type":"ImageObject","@id":"https:\/\/eldigitaldeasturias.com\/magazine365\/el-empleo-en-el-sector-servicios-espanol-crece-al-mayor-ritmo-desde-septiembre-de-2007\/#authorImage","url":"https:\/\/eldigitaldeasturias.com\/magazine365\/wp-content\/litespeed\/avatar\/e571bcf59a0edd6fa6838245a470f2fe.jpg?ver=1776969259","width":96,"height":96,"caption":"admin"}},{"@type":"WebPage","@id":"https:\/\/eldigitaldeasturias.com\/magazine365\/el-empleo-en-el-sector-servicios-espanol-crece-al-mayor-ritmo-desde-septiembre-de-2007\/#webpage","url":"https:\/\/eldigitaldeasturias.com\/magazine365\/el-empleo-en-el-sector-servicios-espanol-crece-al-mayor-ritmo-desde-septiembre-de-2007\/","name":"El empleo en el sector servicios espa\u00f1ol crece al mayor ritmo desde septiembre de 2007 | El Digital de Asturias","description":"El sector servicios de Espa\u00f1a ha generado empleo durante el pasado mes de mayo al ritmo m\u00e1s r\u00e1pido desde septiembre de 2007, seg\u00fan reflejan los datos del indicador PMI, que se situ\u00f3 en 58,4 puntos desde los m\u00e1ximos de ocho a\u00f1os y medio registrados en abril, cuando llego a situarse en 60,3 puntos. \"Lo m\u00e1s","inLanguage":"es-ES","isPartOf":{"@id":"https:\/\/eldigitaldeasturias.com\/magazine365\/#website"},"breadcrumb":{"@id":"https:\/\/eldigitaldeasturias.com\/magazine365\/el-empleo-en-el-sector-servicios-espanol-crece-al-mayor-ritmo-desde-septiembre-de-2007\/#breadcrumblist"},"author":{"@id":"https:\/\/eldigitaldeasturias.com\/magazine365\/author\/admin\/#author"},"creator":{"@id":"https:\/\/eldigitaldeasturias.com\/magazine365\/author\/admin\/#author"},"image":{"@type":"ImageObject","url":"https:\/\/eldigitaldeasturias.com\/magazine365\/wp-content\/uploads\/2015\/06\/bar.jpg","@id":"https:\/\/eldigitaldeasturias.com\/magazine365\/el-empleo-en-el-sector-servicios-espanol-crece-al-mayor-ritmo-desde-septiembre-de-2007\/#mainImage","width":800,"height":532},"primaryImageOfPage":{"@id":"https:\/\/eldigitaldeasturias.com\/magazine365\/el-empleo-en-el-sector-servicios-espanol-crece-al-mayor-ritmo-desde-septiembre-de-2007\/#mainImage"},"datePublished":"2015-06-04T13:24:09+02:00","dateModified":"2015-06-04T13:24:09+02:00"},{"@type":"WebSite","@id":"https:\/\/eldigitaldeasturias.com\/magazine365\/#website","url":"https:\/\/eldigitaldeasturias.com\/magazine365\/","name":"El Digital de Asturias","description":"Revista de ocio, turismo y estilo de vida","inLanguage":"es-ES","publisher":{"@id":"https:\/\/eldigitaldeasturias.com\/magazine365\/#organization"}}]},"og:locale":"es_ES","og:site_name":"El Digital de Asturias \u2013 Revista de ocio, turismo y estilo de vida","og:type":"article","og:title":"El empleo en el sector servicios espa\u00f1ol crece al mayor ritmo desde septiembre de 2007 | El Digital de Asturias","og:description":"El sector servicios de Espa\u00f1a ha generado empleo durante el pasado mes de mayo al ritmo m\u00e1s r\u00e1pido desde septiembre de 2007, seg\u00fan reflejan los datos del indicador PMI, que se situ\u00f3 en 58,4 puntos desde los m\u00e1ximos de ocho a\u00f1os y medio registrados en abril, cuando llego a situarse en 60,3 puntos. &quot;Lo m\u00e1s","og:url":"https:\/\/eldigitaldeasturias.com\/magazine365\/el-empleo-en-el-sector-servicios-espanol-crece-al-mayor-ritmo-desde-septiembre-de-2007\/","og:image":"https:\/\/eldigitaldeasturias.com\/magazine365\/wp-content\/uploads\/2015\/06\/bar.jpg","og:image:secure_url":"https:\/\/eldigitaldeasturias.com\/magazine365\/wp-content\/uploads\/2015\/06\/bar.jpg","og:image:width":800,"og:image:height":532,"article:published_time":"2015-06-04T11:54:09+00:00","article:modified_time":"2015-06-04T11:54:09+00:00","twitter:card":"summary_large_image","twitter:title":"El empleo en el sector servicios espa\u00f1ol crece al mayor ritmo desde septiembre de 2007 | El Digital de Asturias","twitter:description":"El sector servicios de Espa\u00f1a ha generado empleo durante el pasado mes de mayo al ritmo m\u00e1s r\u00e1pido desde septiembre de 2007, seg\u00fan reflejan los datos del indicador PMI, que se situ\u00f3 en 58,4 puntos desde los m\u00e1ximos de ocho a\u00f1os y medio registrados en abril, cuando llego a situarse en 60,3 puntos. &quot;Lo m\u00e1s","twitter:image":"https:\/\/eldigitaldeasturias.com\/magazine365\/wp-content\/uploads\/2015\/06\/bar.jpg"},"aioseo_meta_data":{"post_id":"38697","title":null,"description":null,"keywords":null,"keyphrases":null,"primary_term":null,"canonical_url":null,"og_title":null,"og_description":null,"og_object_type":"default","og_image_type":"default","og_image_url":null,"og_image_width":null,"og_image_height":null,"og_image_custom_url":null,"og_image_custom_fields":null,"og_video":null,"og_custom_url":null,"og_article_section":null,"og_article_tags":null,"twitter_use_og":false,"twitter_card":"default","twitter_image_type":"default","twitter_image_url":null,"twitter_image_custom_url":null,"twitter_image_custom_fields":null,"twitter_title":null,"twitter_description":null,"schema":{"blockGraphs":[],"customGraphs":[],"default":{"data":{"Article":[],"Course":[],"Dataset":[],"FAQPage":[],"Movie":[],"Person":[],"Product":[],"ProductReview":[],"Car":[],"Recipe":[],"Service":[],"SoftwareApplication":[],"WebPage":[]},"graphName":"","isEnabled":true},"graphs":[],"defaultGraph":"","defaultPostTypeGraph":""},"schema_type":null,"schema_type_options":null,"pillar_content":false,"robots_default":true,"robots_noindex":false,"robots_noarchive":false,"robots_nosnippet":false,"robots_nofollow":false,"robots_noimageindex":false,"robots_noodp":false,"robots_notranslate":false,"robots_max_snippet":null,"robots_max_videopreview":null,"robots_max_imagepreview":"large","priority":null,"frequency":null,"location":null,"local_seo":null,"seo_analyzer_scan_date":"2025-09-19 10:04:21","breadcrumb_settings":null,"limit_modified_date":false,"open_ai":null,"ai":null,"created":"2021-03-09 02:50:41","updated":"2025-09-19 10:04:21"},"aioseo_breadcrumb":"<div class=\"aioseo-breadcrumbs\"><span class=\"aioseo-breadcrumb\">\n\t<a href=\"https:\/\/eldigitaldeasturias.com\/magazine365\" title=\"Home\">Home<\/a>\n<\/span><span class=\"aioseo-breadcrumb-separator\">\u2013<\/span><span class=\"aioseo-breadcrumb\">\n\t<a href=\"https:\/\/eldigitaldeasturias.com\/magazine365\/category\/noticias-actualidad\/\" title=\"Noticias y Actualidad\">Noticias y Actualidad<\/a>\n<\/span><span class=\"aioseo-breadcrumb-separator\">\u2013<\/span><span class=\"aioseo-breadcrumb\">\n\t<a href=\"https:\/\/eldigitaldeasturias.com\/magazine365\/el-empleo-en-el-sector-servicios-espanol-crece-al-mayor-ritmo-desde-septiembre-de-2007\/\" title=\"El empleo en el sector servicios espa\u00f1ol crece al mayor ritmo desde septiembre de 2007\">El empleo en el sector servicios espa\u00f1ol crece al mayor ritmo desde septiembre de 2007<\/a>\n<\/span><\/div>","aioseo_breadcrumb_json":[{"label":"Home","link":"https:\/\/eldigitaldeasturias.com\/magazine365"},{"label":"Noticias y Actualidad","link":"https:\/\/eldigitaldeasturias.com\/magazine365\/category\/noticias-actualidad\/"},{"label":"El empleo en el sector servicios espa\u00f1ol crece al mayor ritmo desde septiembre de 2007","link":"https:\/\/eldigitaldeasturias.com\/magazine365\/el-empleo-en-el-sector-servicios-espanol-crece-al-mayor-ritmo-desde-septiembre-de-2007\/"}],"_links":{"self":[{"href":"https:\/\/eldigitaldeasturias.com\/magazine365\/wp-json\/wp\/v2\/posts\/38697","targetHints":{"allow":["GET"]}}],"collection":[{"href":"https:\/\/eldigitaldeasturias.com\/magazine365\/wp-json\/wp\/v2\/posts"}],"about":[{"href":"https:\/\/eldigitaldeasturias.com\/magazine365\/wp-json\/wp\/v2\/types\/post"}],"author":[{"embeddable":true,"href":"https:\/\/eldigitaldeasturias.com\/magazine365\/wp-json\/wp\/v2\/users\/1"}],"replies":[{"embeddable":true,"href":"https:\/\/eldigitaldeasturias.com\/magazine365\/wp-json\/wp\/v2\/comments?post=38697"}],"version-history":[{"count":0,"href":"https:\/\/eldigitaldeasturias.com\/magazine365\/wp-json\/wp\/v2\/posts\/38697\/revisions"}],"wp:featuredmedia":[{"embeddable":true,"href":"https:\/\/eldigitaldeasturias.com\/magazine365\/wp-json\/wp\/v2\/media\/38698"}],"wp:attachment":[{"href":"https:\/\/eldigitaldeasturias.com\/magazine365\/wp-json\/wp\/v2\/media?parent=38697"}],"wp:term":[{"taxonomy":"category","embeddable":true,"href":"https:\/\/eldigitaldeasturias.com\/magazine365\/wp-json\/wp\/v2\/categories?post=38697"},{"taxonomy":"post_tag","embeddable":true,"href":"https:\/\/eldigitaldeasturias.com\/magazine365\/wp-json\/wp\/v2\/tags?post=38697"}],"curies":[{"name":"wp","href":"https:\/\/api.w.org\/{rel}","templated":true}]}}