{"id":38682,"date":"2015-06-04T13:02:06","date_gmt":"2015-06-04T11:32:06","guid":{"rendered":"http:\/\/eldigitaldeasturias.com\/magazine365\/?p=38682"},"modified":"2015-06-04T13:02:06","modified_gmt":"2015-06-04T11:32:06","slug":"la-feria-de-la-gamba-de-punta-umbria-sabe-bien","status":"publish","type":"post","link":"https:\/\/eldigitaldeasturias.com\/magazine365\/la-feria-de-la-gamba-de-punta-umbria-sabe-bien\/","title":{"rendered":"La Feria de la Gamba de Punta Umbr\u00eda \u201csabe bien\u201d"},"content":{"rendered":"<p><img fetchpriority=\"high\" decoding=\"async\" class=\"alignleft size-medium wp-image-38683\" src=\"https:\/\/eldigitaldeasturias.com\/magazine365\/wp-content\/uploads\/2015\/06\/fotonoticia_20150602185059_800-360x240.jpg\" alt=\"fotonoticia_20150602185059_800\" width=\"360\" height=\"240\" srcset=\"https:\/\/eldigitaldeasturias.com\/magazine365\/wp-content\/uploads\/2015\/06\/fotonoticia_20150602185059_800-360x240.jpg 360w, https:\/\/eldigitaldeasturias.com\/magazine365\/wp-content\/uploads\/2015\/06\/fotonoticia_20150602185059_800-650x433.jpg 650w, https:\/\/eldigitaldeasturias.com\/magazine365\/wp-content\/uploads\/2015\/06\/fotonoticia_20150602185059_800-768x512.jpg 768w, https:\/\/eldigitaldeasturias.com\/magazine365\/wp-content\/uploads\/2015\/06\/fotonoticia_20150602185059_800-150x100.jpg 150w, https:\/\/eldigitaldeasturias.com\/magazine365\/wp-content\/uploads\/2015\/06\/fotonoticia_20150602185059_800-450x300.jpg 450w, https:\/\/eldigitaldeasturias.com\/magazine365\/wp-content\/uploads\/2015\/06\/fotonoticia_20150602185059_800-696x464.jpg 696w, https:\/\/eldigitaldeasturias.com\/magazine365\/wp-content\/uploads\/2015\/06\/fotonoticia_20150602185059_800-630x420.jpg 630w, https:\/\/eldigitaldeasturias.com\/magazine365\/wp-content\/uploads\/2015\/06\/fotonoticia_20150602185059_800-84x55.jpg 84w, https:\/\/eldigitaldeasturias.com\/magazine365\/wp-content\/uploads\/2015\/06\/fotonoticia_20150602185059_800.jpg 800w\" sizes=\"(max-width: 360px) 100vw, 360px\" \/>Los atractivos de Punta Umbr\u00eda (Huelva) son cada vez m\u00e1s destacados en medios nacionales e internacionales, en los que se resalta la belleza de sus playas, el clima, sus espacios naturales y su gastronom\u00eda, seg\u00fan ha informado el Consistorio en una nota de prensa.<\/p>\n<p>As\u00ed, la web de viajes Skyscanner ha incluido la Feria Nacional de la Gamba, la Chirla y el Boquer\u00f3n puntaumbrie\u00f1a entre los &#8217;10 festivales gastron\u00f3micos m\u00e1s interesantes de Espa\u00f1a&#8217;, como cita imperdible \u00abpara los amantes de los productos del mar\u00bb. Skyscanner es un metabuscador de viajes en la Red que mensualmente es visitado por m\u00e1s de 35 millones de personas en todo el mundo, seg\u00fan los datos de su ejercicio 2014.<\/p>\n<p>Unas 80.000 personas pasaron por la \u00faltima edici\u00f3n de la muestra culinaria el pasado mes de abril, que fue calificada tanto por el Ayuntamiento como por los empresarios participantes como \u00abtodo un \u00e9xito\u00bb.<\/p>\n<p>Tambi\u00e9n la revista de viajes de &#8216;El Pa\u00eds&#8217;, &#8216;El Viajero&#8217;, ha destacado en su \u00faltimo n\u00famero que la costa de Punta Umbr\u00eda est\u00e1 entre &#8216;Las 10 playas de Espa\u00f1a m\u00e1s asombrosas&#8217;, situ\u00e1ndola en el puesto n\u00famero 5 del ranking de las mejores del pa\u00eds.<\/p>\n<p>En concreto, en el reportaje se detienen en la playa de Los Enebrales, calific\u00e1ndola de \u00abgran mancha verde\u00bb, con \u00abvarios accesos a trav\u00e9s de pasarelas de madera, enlazados por un carril bici\u00bb. Inciden en su paisaje, formado por \u00abun mar de pinos, sabinas y enebros\u00bb. Adem\u00e1s, concluyen el texto destacando sus atardeceres, a los que citan como \u00abun aut\u00e9ntico espect\u00e1culo\u00bb.<\/p>\n","protected":false},"excerpt":{"rendered":"<p>Los atractivos de Punta Umbr\u00eda (Huelva) son cada vez m\u00e1s destacados en medios nacionales e internacionales, en los que se resalta la belleza de sus playas, el clima, sus espacios naturales y su gastronom\u00eda, seg\u00fan ha informado el Consistorio en una nota de prensa. As\u00ed, la web de viajes Skyscanner ha incluido la Feria Nacional<\/p>\n","protected":false},"author":1,"featured_media":38683,"comment_status":"open","ping_status":"closed","sticky":false,"template":"","format":"standard","meta":{"footnotes":""},"categories":[224],"tags":[],"class_list":{"0":"post-38682","1":"post","2":"type-post","3":"status-publish","4":"format-standard","5":"has-post-thumbnail","7":"category-noticias-actualidad"},"aioseo_notices":[],"aioseo_head":"\n\t\t<!-- All in One SEO Pro 4.9.6.1 - aioseo.com -->\n\t<meta name=\"description\" content=\"Los atractivos de Punta Umbr\u00eda (Huelva) son cada vez m\u00e1s destacados en medios nacionales e internacionales, en los que se resalta la belleza de sus playas, el clima, sus espacios naturales y su gastronom\u00eda, seg\u00fan ha informado el Consistorio en una nota de prensa. As\u00ed, la web de viajes Skyscanner ha incluido la Feria Nacional\" \/>\n\t<meta name=\"robots\" content=\"max-image-preview:large\" \/>\n\t<meta name=\"author\" content=\"admin\"\/>\n\t<meta name=\"google-site-verification\" content=\"UA-38556648-1\" \/>\n\t<meta name=\"keywords\" content=\"noticias y actualidad\" \/>\n\t<link rel=\"canonical\" href=\"https:\/\/eldigitaldeasturias.com\/magazine365\/la-feria-de-la-gamba-de-punta-umbria-sabe-bien\/\" \/>\n\t<meta name=\"generator\" content=\"All in One SEO Pro (AIOSEO) 4.9.6.1\" \/>\n\t\t<meta property=\"og:locale\" content=\"es_ES\" \/>\n\t\t<meta property=\"og:site_name\" content=\"El Digital de Asturias \u2013 Revista de ocio, turismo y estilo de vida\" \/>\n\t\t<meta property=\"og:type\" content=\"article\" \/>\n\t\t<meta property=\"og:title\" content=\"La Feria de la Gamba de Punta Umbr\u00eda \u201csabe bien\u201d | El Digital de Asturias\" \/>\n\t\t<meta property=\"og:description\" content=\"Los atractivos de Punta Umbr\u00eda (Huelva) son cada vez m\u00e1s destacados en medios nacionales e internacionales, en los que se resalta la belleza de sus playas, el clima, sus espacios naturales y su gastronom\u00eda, seg\u00fan ha informado el Consistorio en una nota de prensa. As\u00ed, la web de viajes Skyscanner ha incluido la Feria Nacional\" \/>\n\t\t<meta property=\"og:url\" content=\"https:\/\/eldigitaldeasturias.com\/magazine365\/la-feria-de-la-gamba-de-punta-umbria-sabe-bien\/\" \/>\n\t\t<meta property=\"og:image\" content=\"https:\/\/eldigitaldeasturias.com\/magazine365\/wp-content\/uploads\/2015\/06\/fotonoticia_20150602185059_800.jpg\" \/>\n\t\t<meta property=\"og:image:secure_url\" content=\"https:\/\/eldigitaldeasturias.com\/magazine365\/wp-content\/uploads\/2015\/06\/fotonoticia_20150602185059_800.jpg\" \/>\n\t\t<meta property=\"og:image:width\" content=\"800\" \/>\n\t\t<meta property=\"og:image:height\" content=\"533\" \/>\n\t\t<meta property=\"article:published_time\" content=\"2015-06-04T11:32:06+00:00\" \/>\n\t\t<meta property=\"article:modified_time\" content=\"2015-06-04T11:32:06+00:00\" \/>\n\t\t<meta name=\"twitter:card\" content=\"summary_large_image\" \/>\n\t\t<meta name=\"twitter:title\" content=\"La Feria de la Gamba de Punta Umbr\u00eda \u201csabe bien\u201d | El Digital de Asturias\" \/>\n\t\t<meta name=\"twitter:description\" content=\"Los atractivos de Punta Umbr\u00eda (Huelva) son cada vez m\u00e1s destacados en medios nacionales e internacionales, en los que se resalta la belleza de sus playas, el clima, sus espacios naturales y su gastronom\u00eda, seg\u00fan ha informado el Consistorio en una nota de prensa. As\u00ed, la web de viajes Skyscanner ha incluido la Feria Nacional\" \/>\n\t\t<meta name=\"twitter:image\" content=\"https:\/\/eldigitaldeasturias.com\/magazine365\/wp-content\/uploads\/2015\/06\/fotonoticia_20150602185059_800.jpg\" \/>\n\t\t<script type=\"application\/ld+json\" class=\"aioseo-schema\">\n\t\t\t{\"@context\":\"https:\\\/\\\/schema.org\",\"@graph\":[{\"@type\":\"Article\",\"@id\":\"https:\\\/\\\/eldigitaldeasturias.com\\\/magazine365\\\/la-feria-de-la-gamba-de-punta-umbria-sabe-bien\\\/#article\",\"name\":\"La Feria de la Gamba de Punta Umbr\\u00eda \\u201csabe bien\\u201d | El Digital de Asturias\",\"headline\":\"La Feria de la Gamba de Punta Umbr\\u00eda \\u201csabe bien\\u201d\",\"author\":{\"@id\":\"https:\\\/\\\/eldigitaldeasturias.com\\\/magazine365\\\/author\\\/admin\\\/#author\"},\"publisher\":{\"@id\":\"https:\\\/\\\/eldigitaldeasturias.com\\\/magazine365\\\/#organization\"},\"image\":{\"@type\":\"ImageObject\",\"url\":\"https:\\\/\\\/eldigitaldeasturias.com\\\/magazine365\\\/wp-content\\\/uploads\\\/2015\\\/06\\\/fotonoticia_20150602185059_800.jpg\",\"width\":800,\"height\":533},\"datePublished\":\"2015-06-04T13:02:06+02:00\",\"dateModified\":\"2015-06-04T13:02:06+02:00\",\"inLanguage\":\"es-ES\",\"mainEntityOfPage\":{\"@id\":\"https:\\\/\\\/eldigitaldeasturias.com\\\/magazine365\\\/la-feria-de-la-gamba-de-punta-umbria-sabe-bien\\\/#webpage\"},\"isPartOf\":{\"@id\":\"https:\\\/\\\/eldigitaldeasturias.com\\\/magazine365\\\/la-feria-de-la-gamba-de-punta-umbria-sabe-bien\\\/#webpage\"},\"articleSection\":\"Noticias y Actualidad\"},{\"@type\":\"BreadcrumbList\",\"@id\":\"https:\\\/\\\/eldigitaldeasturias.com\\\/magazine365\\\/la-feria-de-la-gamba-de-punta-umbria-sabe-bien\\\/#breadcrumblist\",\"itemListElement\":[{\"@type\":\"ListItem\",\"@id\":\"https:\\\/\\\/eldigitaldeasturias.com\\\/magazine365#listItem\",\"position\":1,\"name\":\"Home\",\"item\":\"https:\\\/\\\/eldigitaldeasturias.com\\\/magazine365\",\"nextItem\":{\"@type\":\"ListItem\",\"@id\":\"https:\\\/\\\/eldigitaldeasturias.com\\\/magazine365\\\/category\\\/noticias-actualidad\\\/#listItem\",\"name\":\"Noticias y Actualidad\"}},{\"@type\":\"ListItem\",\"@id\":\"https:\\\/\\\/eldigitaldeasturias.com\\\/magazine365\\\/category\\\/noticias-actualidad\\\/#listItem\",\"position\":2,\"name\":\"Noticias y Actualidad\",\"item\":\"https:\\\/\\\/eldigitaldeasturias.com\\\/magazine365\\\/category\\\/noticias-actualidad\\\/\",\"nextItem\":{\"@type\":\"ListItem\",\"@id\":\"https:\\\/\\\/eldigitaldeasturias.com\\\/magazine365\\\/la-feria-de-la-gamba-de-punta-umbria-sabe-bien\\\/#listItem\",\"name\":\"La Feria de la Gamba de Punta Umbr\\u00eda \\u201csabe bien\\u201d\"},\"previousItem\":{\"@type\":\"ListItem\",\"@id\":\"https:\\\/\\\/eldigitaldeasturias.com\\\/magazine365#listItem\",\"name\":\"Home\"}},{\"@type\":\"ListItem\",\"@id\":\"https:\\\/\\\/eldigitaldeasturias.com\\\/magazine365\\\/la-feria-de-la-gamba-de-punta-umbria-sabe-bien\\\/#listItem\",\"position\":3,\"name\":\"La Feria de la Gamba de Punta Umbr\\u00eda \\u201csabe bien\\u201d\",\"previousItem\":{\"@type\":\"ListItem\",\"@id\":\"https:\\\/\\\/eldigitaldeasturias.com\\\/magazine365\\\/category\\\/noticias-actualidad\\\/#listItem\",\"name\":\"Noticias y Actualidad\"}}]},{\"@type\":\"Organization\",\"@id\":\"https:\\\/\\\/eldigitaldeasturias.com\\\/magazine365\\\/#organization\",\"name\":\"El digital de Asturias\",\"description\":\"Revista de ocio, turismo y estilo de vida\",\"url\":\"https:\\\/\\\/eldigitaldeasturias.com\\\/magazine365\\\/\",\"logo\":{\"@type\":\"ImageObject\",\"url\":\"https:\\\/\\\/www.eldigitaldeasturias.com\\\/noticias\\\/wp-content\\\/uploads\\\/2020\\\/12\\\/EDA.jpg\",\"@id\":\"https:\\\/\\\/eldigitaldeasturias.com\\\/magazine365\\\/la-feria-de-la-gamba-de-punta-umbria-sabe-bien\\\/#organizationLogo\"},\"image\":{\"@id\":\"https:\\\/\\\/eldigitaldeasturias.com\\\/magazine365\\\/la-feria-de-la-gamba-de-punta-umbria-sabe-bien\\\/#organizationLogo\"}},{\"@type\":\"Person\",\"@id\":\"https:\\\/\\\/eldigitaldeasturias.com\\\/magazine365\\\/author\\\/admin\\\/#author\",\"url\":\"https:\\\/\\\/eldigitaldeasturias.com\\\/magazine365\\\/author\\\/admin\\\/\",\"name\":\"admin\",\"image\":{\"@type\":\"ImageObject\",\"@id\":\"https:\\\/\\\/eldigitaldeasturias.com\\\/magazine365\\\/la-feria-de-la-gamba-de-punta-umbria-sabe-bien\\\/#authorImage\",\"url\":\"https:\\\/\\\/eldigitaldeasturias.com\\\/magazine365\\\/wp-content\\\/litespeed\\\/avatar\\\/e571bcf59a0edd6fa6838245a470f2fe.jpg?ver=1776969259\",\"width\":96,\"height\":96,\"caption\":\"admin\"}},{\"@type\":\"WebPage\",\"@id\":\"https:\\\/\\\/eldigitaldeasturias.com\\\/magazine365\\\/la-feria-de-la-gamba-de-punta-umbria-sabe-bien\\\/#webpage\",\"url\":\"https:\\\/\\\/eldigitaldeasturias.com\\\/magazine365\\\/la-feria-de-la-gamba-de-punta-umbria-sabe-bien\\\/\",\"name\":\"La Feria de la Gamba de Punta Umbr\\u00eda \\u201csabe bien\\u201d | El Digital de Asturias\",\"description\":\"Los atractivos de Punta Umbr\\u00eda (Huelva) son cada vez m\\u00e1s destacados en medios nacionales e internacionales, en los que se resalta la belleza de sus playas, el clima, sus espacios naturales y su gastronom\\u00eda, seg\\u00fan ha informado el Consistorio en una nota de prensa. As\\u00ed, la web de viajes Skyscanner ha incluido la Feria Nacional\",\"inLanguage\":\"es-ES\",\"isPartOf\":{\"@id\":\"https:\\\/\\\/eldigitaldeasturias.com\\\/magazine365\\\/#website\"},\"breadcrumb\":{\"@id\":\"https:\\\/\\\/eldigitaldeasturias.com\\\/magazine365\\\/la-feria-de-la-gamba-de-punta-umbria-sabe-bien\\\/#breadcrumblist\"},\"author\":{\"@id\":\"https:\\\/\\\/eldigitaldeasturias.com\\\/magazine365\\\/author\\\/admin\\\/#author\"},\"creator\":{\"@id\":\"https:\\\/\\\/eldigitaldeasturias.com\\\/magazine365\\\/author\\\/admin\\\/#author\"},\"image\":{\"@type\":\"ImageObject\",\"url\":\"https:\\\/\\\/eldigitaldeasturias.com\\\/magazine365\\\/wp-content\\\/uploads\\\/2015\\\/06\\\/fotonoticia_20150602185059_800.jpg\",\"@id\":\"https:\\\/\\\/eldigitaldeasturias.com\\\/magazine365\\\/la-feria-de-la-gamba-de-punta-umbria-sabe-bien\\\/#mainImage\",\"width\":800,\"height\":533},\"primaryImageOfPage\":{\"@id\":\"https:\\\/\\\/eldigitaldeasturias.com\\\/magazine365\\\/la-feria-de-la-gamba-de-punta-umbria-sabe-bien\\\/#mainImage\"},\"datePublished\":\"2015-06-04T13:02:06+02:00\",\"dateModified\":\"2015-06-04T13:02:06+02:00\"},{\"@type\":\"WebSite\",\"@id\":\"https:\\\/\\\/eldigitaldeasturias.com\\\/magazine365\\\/#website\",\"url\":\"https:\\\/\\\/eldigitaldeasturias.com\\\/magazine365\\\/\",\"name\":\"El Digital de Asturias\",\"description\":\"Revista de ocio, turismo y estilo de vida\",\"inLanguage\":\"es-ES\",\"publisher\":{\"@id\":\"https:\\\/\\\/eldigitaldeasturias.com\\\/magazine365\\\/#organization\"}}]}\n\t\t<\/script>\n\t\t<!-- All in One SEO Pro -->\r\n\t\t<title>La Feria de la Gamba de Punta Umbr\u00eda \u201csabe bien\u201d | El Digital de Asturias<\/title>\n\n","aioseo_head_json":{"title":"La Feria de la Gamba de Punta Umbr\u00eda \u201csabe bien\u201d | El Digital de Asturias","description":"Los atractivos de Punta Umbr\u00eda (Huelva) son cada vez m\u00e1s destacados en medios nacionales e internacionales, en los que se resalta la belleza de sus playas, el clima, sus espacios naturales y su gastronom\u00eda, seg\u00fan ha informado el Consistorio en una nota de prensa. As\u00ed, la web de viajes Skyscanner ha incluido la Feria Nacional","canonical_url":"https:\/\/eldigitaldeasturias.com\/magazine365\/la-feria-de-la-gamba-de-punta-umbria-sabe-bien\/","robots":"max-image-preview:large","keywords":"noticias y actualidad","webmasterTools":{"google-site-verification":"UA-38556648-1","miscellaneous":""},"schema":{"@context":"https:\/\/schema.org","@graph":[{"@type":"Article","@id":"https:\/\/eldigitaldeasturias.com\/magazine365\/la-feria-de-la-gamba-de-punta-umbria-sabe-bien\/#article","name":"La Feria de la Gamba de Punta Umbr\u00eda \u201csabe bien\u201d | El Digital de Asturias","headline":"La Feria de la Gamba de Punta Umbr\u00eda \u201csabe bien\u201d","author":{"@id":"https:\/\/eldigitaldeasturias.com\/magazine365\/author\/admin\/#author"},"publisher":{"@id":"https:\/\/eldigitaldeasturias.com\/magazine365\/#organization"},"image":{"@type":"ImageObject","url":"https:\/\/eldigitaldeasturias.com\/magazine365\/wp-content\/uploads\/2015\/06\/fotonoticia_20150602185059_800.jpg","width":800,"height":533},"datePublished":"2015-06-04T13:02:06+02:00","dateModified":"2015-06-04T13:02:06+02:00","inLanguage":"es-ES","mainEntityOfPage":{"@id":"https:\/\/eldigitaldeasturias.com\/magazine365\/la-feria-de-la-gamba-de-punta-umbria-sabe-bien\/#webpage"},"isPartOf":{"@id":"https:\/\/eldigitaldeasturias.com\/magazine365\/la-feria-de-la-gamba-de-punta-umbria-sabe-bien\/#webpage"},"articleSection":"Noticias y Actualidad"},{"@type":"BreadcrumbList","@id":"https:\/\/eldigitaldeasturias.com\/magazine365\/la-feria-de-la-gamba-de-punta-umbria-sabe-bien\/#breadcrumblist","itemListElement":[{"@type":"ListItem","@id":"https:\/\/eldigitaldeasturias.com\/magazine365#listItem","position":1,"name":"Home","item":"https:\/\/eldigitaldeasturias.com\/magazine365","nextItem":{"@type":"ListItem","@id":"https:\/\/eldigitaldeasturias.com\/magazine365\/category\/noticias-actualidad\/#listItem","name":"Noticias y Actualidad"}},{"@type":"ListItem","@id":"https:\/\/eldigitaldeasturias.com\/magazine365\/category\/noticias-actualidad\/#listItem","position":2,"name":"Noticias y Actualidad","item":"https:\/\/eldigitaldeasturias.com\/magazine365\/category\/noticias-actualidad\/","nextItem":{"@type":"ListItem","@id":"https:\/\/eldigitaldeasturias.com\/magazine365\/la-feria-de-la-gamba-de-punta-umbria-sabe-bien\/#listItem","name":"La Feria de la Gamba de Punta Umbr\u00eda \u201csabe bien\u201d"},"previousItem":{"@type":"ListItem","@id":"https:\/\/eldigitaldeasturias.com\/magazine365#listItem","name":"Home"}},{"@type":"ListItem","@id":"https:\/\/eldigitaldeasturias.com\/magazine365\/la-feria-de-la-gamba-de-punta-umbria-sabe-bien\/#listItem","position":3,"name":"La Feria de la Gamba de Punta Umbr\u00eda \u201csabe bien\u201d","previousItem":{"@type":"ListItem","@id":"https:\/\/eldigitaldeasturias.com\/magazine365\/category\/noticias-actualidad\/#listItem","name":"Noticias y Actualidad"}}]},{"@type":"Organization","@id":"https:\/\/eldigitaldeasturias.com\/magazine365\/#organization","name":"El digital de Asturias","description":"Revista de ocio, turismo y estilo de vida","url":"https:\/\/eldigitaldeasturias.com\/magazine365\/","logo":{"@type":"ImageObject","url":"https:\/\/www.eldigitaldeasturias.com\/noticias\/wp-content\/uploads\/2020\/12\/EDA.jpg","@id":"https:\/\/eldigitaldeasturias.com\/magazine365\/la-feria-de-la-gamba-de-punta-umbria-sabe-bien\/#organizationLogo"},"image":{"@id":"https:\/\/eldigitaldeasturias.com\/magazine365\/la-feria-de-la-gamba-de-punta-umbria-sabe-bien\/#organizationLogo"}},{"@type":"Person","@id":"https:\/\/eldigitaldeasturias.com\/magazine365\/author\/admin\/#author","url":"https:\/\/eldigitaldeasturias.com\/magazine365\/author\/admin\/","name":"admin","image":{"@type":"ImageObject","@id":"https:\/\/eldigitaldeasturias.com\/magazine365\/la-feria-de-la-gamba-de-punta-umbria-sabe-bien\/#authorImage","url":"https:\/\/eldigitaldeasturias.com\/magazine365\/wp-content\/litespeed\/avatar\/e571bcf59a0edd6fa6838245a470f2fe.jpg?ver=1776969259","width":96,"height":96,"caption":"admin"}},{"@type":"WebPage","@id":"https:\/\/eldigitaldeasturias.com\/magazine365\/la-feria-de-la-gamba-de-punta-umbria-sabe-bien\/#webpage","url":"https:\/\/eldigitaldeasturias.com\/magazine365\/la-feria-de-la-gamba-de-punta-umbria-sabe-bien\/","name":"La Feria de la Gamba de Punta Umbr\u00eda \u201csabe bien\u201d | El Digital de Asturias","description":"Los atractivos de Punta Umbr\u00eda (Huelva) son cada vez m\u00e1s destacados en medios nacionales e internacionales, en los que se resalta la belleza de sus playas, el clima, sus espacios naturales y su gastronom\u00eda, seg\u00fan ha informado el Consistorio en una nota de prensa. As\u00ed, la web de viajes Skyscanner ha incluido la Feria Nacional","inLanguage":"es-ES","isPartOf":{"@id":"https:\/\/eldigitaldeasturias.com\/magazine365\/#website"},"breadcrumb":{"@id":"https:\/\/eldigitaldeasturias.com\/magazine365\/la-feria-de-la-gamba-de-punta-umbria-sabe-bien\/#breadcrumblist"},"author":{"@id":"https:\/\/eldigitaldeasturias.com\/magazine365\/author\/admin\/#author"},"creator":{"@id":"https:\/\/eldigitaldeasturias.com\/magazine365\/author\/admin\/#author"},"image":{"@type":"ImageObject","url":"https:\/\/eldigitaldeasturias.com\/magazine365\/wp-content\/uploads\/2015\/06\/fotonoticia_20150602185059_800.jpg","@id":"https:\/\/eldigitaldeasturias.com\/magazine365\/la-feria-de-la-gamba-de-punta-umbria-sabe-bien\/#mainImage","width":800,"height":533},"primaryImageOfPage":{"@id":"https:\/\/eldigitaldeasturias.com\/magazine365\/la-feria-de-la-gamba-de-punta-umbria-sabe-bien\/#mainImage"},"datePublished":"2015-06-04T13:02:06+02:00","dateModified":"2015-06-04T13:02:06+02:00"},{"@type":"WebSite","@id":"https:\/\/eldigitaldeasturias.com\/magazine365\/#website","url":"https:\/\/eldigitaldeasturias.com\/magazine365\/","name":"El Digital de Asturias","description":"Revista de ocio, turismo y estilo de vida","inLanguage":"es-ES","publisher":{"@id":"https:\/\/eldigitaldeasturias.com\/magazine365\/#organization"}}]},"og:locale":"es_ES","og:site_name":"El Digital de Asturias \u2013 Revista de ocio, turismo y estilo de vida","og:type":"article","og:title":"La Feria de la Gamba de Punta Umbr\u00eda \u201csabe bien\u201d | El Digital de Asturias","og:description":"Los atractivos de Punta Umbr\u00eda (Huelva) son cada vez m\u00e1s destacados en medios nacionales e internacionales, en los que se resalta la belleza de sus playas, el clima, sus espacios naturales y su gastronom\u00eda, seg\u00fan ha informado el Consistorio en una nota de prensa. As\u00ed, la web de viajes Skyscanner ha incluido la Feria Nacional","og:url":"https:\/\/eldigitaldeasturias.com\/magazine365\/la-feria-de-la-gamba-de-punta-umbria-sabe-bien\/","og:image":"https:\/\/eldigitaldeasturias.com\/magazine365\/wp-content\/uploads\/2015\/06\/fotonoticia_20150602185059_800.jpg","og:image:secure_url":"https:\/\/eldigitaldeasturias.com\/magazine365\/wp-content\/uploads\/2015\/06\/fotonoticia_20150602185059_800.jpg","og:image:width":800,"og:image:height":533,"article:published_time":"2015-06-04T11:32:06+00:00","article:modified_time":"2015-06-04T11:32:06+00:00","twitter:card":"summary_large_image","twitter:title":"La Feria de la Gamba de Punta Umbr\u00eda \u201csabe bien\u201d | El Digital de Asturias","twitter:description":"Los atractivos de Punta Umbr\u00eda (Huelva) son cada vez m\u00e1s destacados en medios nacionales e internacionales, en los que se resalta la belleza de sus playas, el clima, sus espacios naturales y su gastronom\u00eda, seg\u00fan ha informado el Consistorio en una nota de prensa. As\u00ed, la web de viajes Skyscanner ha incluido la Feria Nacional","twitter:image":"https:\/\/eldigitaldeasturias.com\/magazine365\/wp-content\/uploads\/2015\/06\/fotonoticia_20150602185059_800.jpg"},"aioseo_meta_data":{"post_id":"38682","title":null,"description":null,"keywords":null,"keyphrases":null,"primary_term":null,"canonical_url":null,"og_title":null,"og_description":null,"og_object_type":"default","og_image_type":"default","og_image_url":null,"og_image_width":null,"og_image_height":null,"og_image_custom_url":null,"og_image_custom_fields":null,"og_video":null,"og_custom_url":null,"og_article_section":null,"og_article_tags":null,"twitter_use_og":false,"twitter_card":"default","twitter_image_type":"default","twitter_image_url":null,"twitter_image_custom_url":null,"twitter_image_custom_fields":null,"twitter_title":null,"twitter_description":null,"schema":{"blockGraphs":[],"customGraphs":[],"default":{"data":{"Article":[],"Course":[],"Dataset":[],"FAQPage":[],"Movie":[],"Person":[],"Product":[],"ProductReview":[],"Car":[],"Recipe":[],"Service":[],"SoftwareApplication":[],"WebPage":[]},"graphName":"","isEnabled":true},"graphs":[]},"schema_type":null,"schema_type_options":null,"pillar_content":false,"robots_default":true,"robots_noindex":false,"robots_noarchive":false,"robots_nosnippet":false,"robots_nofollow":false,"robots_noimageindex":false,"robots_noodp":false,"robots_notranslate":false,"robots_max_snippet":null,"robots_max_videopreview":null,"robots_max_imagepreview":"large","priority":null,"frequency":null,"location":null,"local_seo":null,"seo_analyzer_scan_date":"2025-09-19 10:03:11","breadcrumb_settings":null,"limit_modified_date":false,"open_ai":null,"ai":null,"created":"2021-03-09 02:50:41","updated":"2025-09-19 10:03:11"},"aioseo_breadcrumb":"<div class=\"aioseo-breadcrumbs\"><span class=\"aioseo-breadcrumb\">\n\t<a href=\"https:\/\/eldigitaldeasturias.com\/magazine365\" title=\"Home\">Home<\/a>\n<\/span><span class=\"aioseo-breadcrumb-separator\">\u2013<\/span><span class=\"aioseo-breadcrumb\">\n\t<a href=\"https:\/\/eldigitaldeasturias.com\/magazine365\/category\/noticias-actualidad\/\" title=\"Noticias y Actualidad\">Noticias y Actualidad<\/a>\n<\/span><span class=\"aioseo-breadcrumb-separator\">\u2013<\/span><span class=\"aioseo-breadcrumb\">\n\t<a href=\"https:\/\/eldigitaldeasturias.com\/magazine365\/la-feria-de-la-gamba-de-punta-umbria-sabe-bien\/\" title=\"La Feria de la Gamba de Punta Umbr\u00eda \u201csabe bien\u201d\">La Feria de la Gamba de Punta Umbr\u00eda \u201csabe bien\u201d<\/a>\n<\/span><\/div>","aioseo_breadcrumb_json":[{"label":"Home","link":"https:\/\/eldigitaldeasturias.com\/magazine365"},{"label":"Noticias y Actualidad","link":"https:\/\/eldigitaldeasturias.com\/magazine365\/category\/noticias-actualidad\/"},{"label":"La Feria de la Gamba de Punta Umbr\u00eda \u201csabe bien\u201d","link":"https:\/\/eldigitaldeasturias.com\/magazine365\/la-feria-de-la-gamba-de-punta-umbria-sabe-bien\/"}],"_links":{"self":[{"href":"https:\/\/eldigitaldeasturias.com\/magazine365\/wp-json\/wp\/v2\/posts\/38682","targetHints":{"allow":["GET"]}}],"collection":[{"href":"https:\/\/eldigitaldeasturias.com\/magazine365\/wp-json\/wp\/v2\/posts"}],"about":[{"href":"https:\/\/eldigitaldeasturias.com\/magazine365\/wp-json\/wp\/v2\/types\/post"}],"author":[{"embeddable":true,"href":"https:\/\/eldigitaldeasturias.com\/magazine365\/wp-json\/wp\/v2\/users\/1"}],"replies":[{"embeddable":true,"href":"https:\/\/eldigitaldeasturias.com\/magazine365\/wp-json\/wp\/v2\/comments?post=38682"}],"version-history":[{"count":0,"href":"https:\/\/eldigitaldeasturias.com\/magazine365\/wp-json\/wp\/v2\/posts\/38682\/revisions"}],"wp:featuredmedia":[{"embeddable":true,"href":"https:\/\/eldigitaldeasturias.com\/magazine365\/wp-json\/wp\/v2\/media\/38683"}],"wp:attachment":[{"href":"https:\/\/eldigitaldeasturias.com\/magazine365\/wp-json\/wp\/v2\/media?parent=38682"}],"wp:term":[{"taxonomy":"category","embeddable":true,"href":"https:\/\/eldigitaldeasturias.com\/magazine365\/wp-json\/wp\/v2\/categories?post=38682"},{"taxonomy":"post_tag","embeddable":true,"href":"https:\/\/eldigitaldeasturias.com\/magazine365\/wp-json\/wp\/v2\/tags?post=38682"}],"curies":[{"name":"wp","href":"https:\/\/api.w.org\/{rel}","templated":true}]}}