{"id":38679,"date":"2015-06-04T13:00:16","date_gmt":"2015-06-04T11:30:16","guid":{"rendered":"http:\/\/eldigitaldeasturias.com\/magazine365\/?p=38679"},"modified":"2015-06-04T13:00:16","modified_gmt":"2015-06-04T11:30:16","slug":"trasmediterranea-oferta-57-000-plazas-semanales-para-viajar-a-baleares-en-verano","status":"publish","type":"post","link":"https:\/\/eldigitaldeasturias.com\/magazine365\/trasmediterranea-oferta-57-000-plazas-semanales-para-viajar-a-baleares-en-verano\/","title":{"rendered":"Trasmediterranea oferta 57.000 plazas semanales para viajar a Baleares en verano"},"content":{"rendered":"<p><img fetchpriority=\"high\" decoding=\"async\" class=\"alignleft size-medium wp-image-38680\" src=\"https:\/\/eldigitaldeasturias.com\/magazine365\/wp-content\/uploads\/2015\/06\/fotonoticia_20150602184850_800-360x240.jpg\" alt=\"fotonoticia_20150602184850_800\" width=\"360\" height=\"240\" srcset=\"https:\/\/eldigitaldeasturias.com\/magazine365\/wp-content\/uploads\/2015\/06\/fotonoticia_20150602184850_800-360x240.jpg 360w, https:\/\/eldigitaldeasturias.com\/magazine365\/wp-content\/uploads\/2015\/06\/fotonoticia_20150602184850_800-650x434.jpg 650w, https:\/\/eldigitaldeasturias.com\/magazine365\/wp-content\/uploads\/2015\/06\/fotonoticia_20150602184850_800-768x513.jpg 768w, https:\/\/eldigitaldeasturias.com\/magazine365\/wp-content\/uploads\/2015\/06\/fotonoticia_20150602184850_800-150x100.jpg 150w, https:\/\/eldigitaldeasturias.com\/magazine365\/wp-content\/uploads\/2015\/06\/fotonoticia_20150602184850_800-450x300.jpg 450w, https:\/\/eldigitaldeasturias.com\/magazine365\/wp-content\/uploads\/2015\/06\/fotonoticia_20150602184850_800-696x465.jpg 696w, https:\/\/eldigitaldeasturias.com\/magazine365\/wp-content\/uploads\/2015\/06\/fotonoticia_20150602184850_800-629x420.jpg 629w, https:\/\/eldigitaldeasturias.com\/magazine365\/wp-content\/uploads\/2015\/06\/fotonoticia_20150602184850_800-84x55.jpg 84w, https:\/\/eldigitaldeasturias.com\/magazine365\/wp-content\/uploads\/2015\/06\/fotonoticia_20150602184850_800.jpg 800w\" sizes=\"(max-width: 360px) 100vw, 360px\" \/>Trasmediterranea oferta este verano total de 57.000 plazas semanales, en ambos sentidos, para viajar desde Barcelona y Valencia a Baleares, tras la incorporaci\u00f3n el ferry Snav Adri\u00e1tico que este martes por la ma\u00f1ana, ha hecho por primera vez su entrada en el puerto de Mah\u00f3n para reforzar las conexiones entre Barcelona y Menorca durante el verano.<\/p>\n<p>Adem\u00e1s, en la segunda quincena de junio se incorpora un buque de Alta Velocidad que conectar\u00e1 a diario Valencia y el Puerto de Ibiza. En total, operar\u00e1 con una flota de siete buques: cinco ferries, un buque de alta velocidad y un buque puro de carga.<\/p>\n<p>Cabe destacar que el Snav Adriatico, que anoche hizo la primera salida de Barcelona a Mah\u00f3n, cuenta con capacidad para 1.300 pasajeros y dispone de capacidad de bodega para 1800 metros lineales de carga.<\/p>\n<p>Con esta incorporaci\u00f3n, la naviera pasa, desde hoy, de tres a cinco conexiones semanales entre Barcelona y Mah\u00f3n (lunes, martes, mi\u00e9rcoles, jueves y viernes desde Barcelona; y martes, mi\u00e9rcoles, jueves, viernes y s\u00e1bado desde Mah\u00f3n).<\/p>\n<p>A partir del 15 de junio, Trasmediterranea conectar\u00e1 a diario Barcelona con Menorca, con salidas de Barcelona a las 23.00 horas, y de Mah\u00f3n a las 11.00 horas.<\/p>\n<p>Asimismo, desde esta semana se incrementan las salidas en ferry desde Barcelona a Ibiza, pasando de dos a cuatro conexiones semanales, con salidas directas Barcelona- Ibiza los lunes, martes, jueves y viernes a las 21.30 horas y a partir del 15 tambi\u00e9n los s\u00e1bados a las 23.00 v\u00eda Palma.<\/p>\n<p>El 26 de junio se incorpora un buque r\u00e1pido a las conexiones con el Puerto de Ibiza, con salidas diarias desde Valencia a las 13.30 horas y desde Ibiza a las 18.30 horas.<\/p>\n","protected":false},"excerpt":{"rendered":"<p>Trasmediterranea oferta este verano total de 57.000 plazas semanales, en ambos sentidos, para viajar desde Barcelona y Valencia a Baleares, tras la incorporaci\u00f3n el ferry Snav Adri\u00e1tico que este martes por la ma\u00f1ana, ha hecho por primera vez su entrada en el puerto de Mah\u00f3n para reforzar las conexiones entre Barcelona y Menorca durante el<\/p>\n","protected":false},"author":1,"featured_media":38680,"comment_status":"open","ping_status":"closed","sticky":false,"template":"","format":"standard","meta":{"footnotes":""},"categories":[222],"tags":[],"class_list":{"0":"post-38679","1":"post","2":"type-post","3":"status-publish","4":"format-standard","5":"has-post-thumbnail","7":"category-actualidad-turismo"},"aioseo_notices":[],"aioseo_head":"\n\t\t<!-- All in One SEO Pro 4.9.6.1 - aioseo.com -->\n\t<meta name=\"description\" content=\"Trasmediterranea oferta este verano total de 57.000 plazas semanales, en ambos sentidos, para viajar desde Barcelona y Valencia a Baleares, tras la incorporaci\u00f3n el ferry Snav Adri\u00e1tico que este martes por la ma\u00f1ana, ha hecho por primera vez su entrada en el puerto de Mah\u00f3n para reforzar las conexiones entre Barcelona y Menorca durante el\" \/>\n\t<meta name=\"robots\" content=\"max-image-preview:large\" \/>\n\t<meta name=\"author\" content=\"admin\"\/>\n\t<meta name=\"google-site-verification\" content=\"UA-38556648-1\" \/>\n\t<meta name=\"keywords\" content=\"actualidad turismo\" \/>\n\t<link rel=\"canonical\" href=\"https:\/\/eldigitaldeasturias.com\/magazine365\/trasmediterranea-oferta-57-000-plazas-semanales-para-viajar-a-baleares-en-verano\/\" \/>\n\t<meta name=\"generator\" content=\"All in One SEO Pro (AIOSEO) 4.9.6.1\" \/>\n\t\t<meta property=\"og:locale\" content=\"es_ES\" \/>\n\t\t<meta property=\"og:site_name\" content=\"El Digital de Asturias \u2013 Revista de ocio, turismo y estilo de vida\" \/>\n\t\t<meta property=\"og:type\" content=\"article\" \/>\n\t\t<meta property=\"og:title\" content=\"Trasmediterranea oferta 57.000 plazas semanales para viajar a Baleares en verano | El Digital de Asturias\" \/>\n\t\t<meta property=\"og:description\" content=\"Trasmediterranea oferta este verano total de 57.000 plazas semanales, en ambos sentidos, para viajar desde Barcelona y Valencia a Baleares, tras la incorporaci\u00f3n el ferry Snav Adri\u00e1tico que este martes por la ma\u00f1ana, ha hecho por primera vez su entrada en el puerto de Mah\u00f3n para reforzar las conexiones entre Barcelona y Menorca durante el\" \/>\n\t\t<meta property=\"og:url\" content=\"https:\/\/eldigitaldeasturias.com\/magazine365\/trasmediterranea-oferta-57-000-plazas-semanales-para-viajar-a-baleares-en-verano\/\" \/>\n\t\t<meta property=\"og:image\" content=\"https:\/\/eldigitaldeasturias.com\/magazine365\/wp-content\/uploads\/2015\/06\/fotonoticia_20150602184850_800.jpg\" \/>\n\t\t<meta property=\"og:image:secure_url\" content=\"https:\/\/eldigitaldeasturias.com\/magazine365\/wp-content\/uploads\/2015\/06\/fotonoticia_20150602184850_800.jpg\" \/>\n\t\t<meta property=\"og:image:width\" content=\"800\" \/>\n\t\t<meta property=\"og:image:height\" content=\"534\" \/>\n\t\t<meta property=\"article:published_time\" content=\"2015-06-04T11:30:16+00:00\" \/>\n\t\t<meta property=\"article:modified_time\" content=\"2015-06-04T11:30:16+00:00\" \/>\n\t\t<meta name=\"twitter:card\" content=\"summary_large_image\" \/>\n\t\t<meta name=\"twitter:title\" content=\"Trasmediterranea oferta 57.000 plazas semanales para viajar a Baleares en verano | El Digital de Asturias\" \/>\n\t\t<meta name=\"twitter:description\" content=\"Trasmediterranea oferta este verano total de 57.000 plazas semanales, en ambos sentidos, para viajar desde Barcelona y Valencia a Baleares, tras la incorporaci\u00f3n el ferry Snav Adri\u00e1tico que este martes por la ma\u00f1ana, ha hecho por primera vez su entrada en el puerto de Mah\u00f3n para reforzar las conexiones entre Barcelona y Menorca durante el\" \/>\n\t\t<meta name=\"twitter:image\" content=\"https:\/\/eldigitaldeasturias.com\/magazine365\/wp-content\/uploads\/2015\/06\/fotonoticia_20150602184850_800.jpg\" \/>\n\t\t<script type=\"application\/ld+json\" class=\"aioseo-schema\">\n\t\t\t{\"@context\":\"https:\\\/\\\/schema.org\",\"@graph\":[{\"@type\":\"Article\",\"@id\":\"https:\\\/\\\/eldigitaldeasturias.com\\\/magazine365\\\/trasmediterranea-oferta-57-000-plazas-semanales-para-viajar-a-baleares-en-verano\\\/#article\",\"name\":\"Trasmediterranea oferta 57.000 plazas semanales para viajar a Baleares en verano | El Digital de Asturias\",\"headline\":\"Trasmediterranea oferta 57.000 plazas semanales para viajar a Baleares en verano\",\"author\":{\"@id\":\"https:\\\/\\\/eldigitaldeasturias.com\\\/magazine365\\\/author\\\/admin\\\/#author\"},\"publisher\":{\"@id\":\"https:\\\/\\\/eldigitaldeasturias.com\\\/magazine365\\\/#organization\"},\"image\":{\"@type\":\"ImageObject\",\"url\":\"https:\\\/\\\/eldigitaldeasturias.com\\\/magazine365\\\/wp-content\\\/uploads\\\/2015\\\/06\\\/fotonoticia_20150602184850_800.jpg\",\"width\":800,\"height\":534},\"datePublished\":\"2015-06-04T13:00:16+02:00\",\"dateModified\":\"2015-06-04T13:00:16+02:00\",\"inLanguage\":\"es-ES\",\"mainEntityOfPage\":{\"@id\":\"https:\\\/\\\/eldigitaldeasturias.com\\\/magazine365\\\/trasmediterranea-oferta-57-000-plazas-semanales-para-viajar-a-baleares-en-verano\\\/#webpage\"},\"isPartOf\":{\"@id\":\"https:\\\/\\\/eldigitaldeasturias.com\\\/magazine365\\\/trasmediterranea-oferta-57-000-plazas-semanales-para-viajar-a-baleares-en-verano\\\/#webpage\"},\"articleSection\":\"Actualidad Turismo\"},{\"@type\":\"BreadcrumbList\",\"@id\":\"https:\\\/\\\/eldigitaldeasturias.com\\\/magazine365\\\/trasmediterranea-oferta-57-000-plazas-semanales-para-viajar-a-baleares-en-verano\\\/#breadcrumblist\",\"itemListElement\":[{\"@type\":\"ListItem\",\"@id\":\"https:\\\/\\\/eldigitaldeasturias.com\\\/magazine365#listItem\",\"position\":1,\"name\":\"Home\",\"item\":\"https:\\\/\\\/eldigitaldeasturias.com\\\/magazine365\",\"nextItem\":{\"@type\":\"ListItem\",\"@id\":\"https:\\\/\\\/eldigitaldeasturias.com\\\/magazine365\\\/category\\\/actualidad-turismo\\\/#listItem\",\"name\":\"Actualidad Turismo\"}},{\"@type\":\"ListItem\",\"@id\":\"https:\\\/\\\/eldigitaldeasturias.com\\\/magazine365\\\/category\\\/actualidad-turismo\\\/#listItem\",\"position\":2,\"name\":\"Actualidad Turismo\",\"item\":\"https:\\\/\\\/eldigitaldeasturias.com\\\/magazine365\\\/category\\\/actualidad-turismo\\\/\",\"nextItem\":{\"@type\":\"ListItem\",\"@id\":\"https:\\\/\\\/eldigitaldeasturias.com\\\/magazine365\\\/trasmediterranea-oferta-57-000-plazas-semanales-para-viajar-a-baleares-en-verano\\\/#listItem\",\"name\":\"Trasmediterranea oferta 57.000 plazas semanales para viajar a Baleares en verano\"},\"previousItem\":{\"@type\":\"ListItem\",\"@id\":\"https:\\\/\\\/eldigitaldeasturias.com\\\/magazine365#listItem\",\"name\":\"Home\"}},{\"@type\":\"ListItem\",\"@id\":\"https:\\\/\\\/eldigitaldeasturias.com\\\/magazine365\\\/trasmediterranea-oferta-57-000-plazas-semanales-para-viajar-a-baleares-en-verano\\\/#listItem\",\"position\":3,\"name\":\"Trasmediterranea oferta 57.000 plazas semanales para viajar a Baleares en verano\",\"previousItem\":{\"@type\":\"ListItem\",\"@id\":\"https:\\\/\\\/eldigitaldeasturias.com\\\/magazine365\\\/category\\\/actualidad-turismo\\\/#listItem\",\"name\":\"Actualidad Turismo\"}}]},{\"@type\":\"Organization\",\"@id\":\"https:\\\/\\\/eldigitaldeasturias.com\\\/magazine365\\\/#organization\",\"name\":\"El digital de Asturias\",\"description\":\"Revista de ocio, turismo y estilo de vida\",\"url\":\"https:\\\/\\\/eldigitaldeasturias.com\\\/magazine365\\\/\",\"logo\":{\"@type\":\"ImageObject\",\"url\":\"https:\\\/\\\/www.eldigitaldeasturias.com\\\/noticias\\\/wp-content\\\/uploads\\\/2020\\\/12\\\/EDA.jpg\",\"@id\":\"https:\\\/\\\/eldigitaldeasturias.com\\\/magazine365\\\/trasmediterranea-oferta-57-000-plazas-semanales-para-viajar-a-baleares-en-verano\\\/#organizationLogo\"},\"image\":{\"@id\":\"https:\\\/\\\/eldigitaldeasturias.com\\\/magazine365\\\/trasmediterranea-oferta-57-000-plazas-semanales-para-viajar-a-baleares-en-verano\\\/#organizationLogo\"}},{\"@type\":\"Person\",\"@id\":\"https:\\\/\\\/eldigitaldeasturias.com\\\/magazine365\\\/author\\\/admin\\\/#author\",\"url\":\"https:\\\/\\\/eldigitaldeasturias.com\\\/magazine365\\\/author\\\/admin\\\/\",\"name\":\"admin\",\"image\":{\"@type\":\"ImageObject\",\"@id\":\"https:\\\/\\\/eldigitaldeasturias.com\\\/magazine365\\\/trasmediterranea-oferta-57-000-plazas-semanales-para-viajar-a-baleares-en-verano\\\/#authorImage\",\"url\":\"https:\\\/\\\/eldigitaldeasturias.com\\\/magazine365\\\/wp-content\\\/litespeed\\\/avatar\\\/e571bcf59a0edd6fa6838245a470f2fe.jpg?ver=1776969259\",\"width\":96,\"height\":96,\"caption\":\"admin\"}},{\"@type\":\"WebPage\",\"@id\":\"https:\\\/\\\/eldigitaldeasturias.com\\\/magazine365\\\/trasmediterranea-oferta-57-000-plazas-semanales-para-viajar-a-baleares-en-verano\\\/#webpage\",\"url\":\"https:\\\/\\\/eldigitaldeasturias.com\\\/magazine365\\\/trasmediterranea-oferta-57-000-plazas-semanales-para-viajar-a-baleares-en-verano\\\/\",\"name\":\"Trasmediterranea oferta 57.000 plazas semanales para viajar a Baleares en verano | El Digital de Asturias\",\"description\":\"Trasmediterranea oferta este verano total de 57.000 plazas semanales, en ambos sentidos, para viajar desde Barcelona y Valencia a Baleares, tras la incorporaci\\u00f3n el ferry Snav Adri\\u00e1tico que este martes por la ma\\u00f1ana, ha hecho por primera vez su entrada en el puerto de Mah\\u00f3n para reforzar las conexiones entre Barcelona y Menorca durante el\",\"inLanguage\":\"es-ES\",\"isPartOf\":{\"@id\":\"https:\\\/\\\/eldigitaldeasturias.com\\\/magazine365\\\/#website\"},\"breadcrumb\":{\"@id\":\"https:\\\/\\\/eldigitaldeasturias.com\\\/magazine365\\\/trasmediterranea-oferta-57-000-plazas-semanales-para-viajar-a-baleares-en-verano\\\/#breadcrumblist\"},\"author\":{\"@id\":\"https:\\\/\\\/eldigitaldeasturias.com\\\/magazine365\\\/author\\\/admin\\\/#author\"},\"creator\":{\"@id\":\"https:\\\/\\\/eldigitaldeasturias.com\\\/magazine365\\\/author\\\/admin\\\/#author\"},\"image\":{\"@type\":\"ImageObject\",\"url\":\"https:\\\/\\\/eldigitaldeasturias.com\\\/magazine365\\\/wp-content\\\/uploads\\\/2015\\\/06\\\/fotonoticia_20150602184850_800.jpg\",\"@id\":\"https:\\\/\\\/eldigitaldeasturias.com\\\/magazine365\\\/trasmediterranea-oferta-57-000-plazas-semanales-para-viajar-a-baleares-en-verano\\\/#mainImage\",\"width\":800,\"height\":534},\"primaryImageOfPage\":{\"@id\":\"https:\\\/\\\/eldigitaldeasturias.com\\\/magazine365\\\/trasmediterranea-oferta-57-000-plazas-semanales-para-viajar-a-baleares-en-verano\\\/#mainImage\"},\"datePublished\":\"2015-06-04T13:00:16+02:00\",\"dateModified\":\"2015-06-04T13:00:16+02:00\"},{\"@type\":\"WebSite\",\"@id\":\"https:\\\/\\\/eldigitaldeasturias.com\\\/magazine365\\\/#website\",\"url\":\"https:\\\/\\\/eldigitaldeasturias.com\\\/magazine365\\\/\",\"name\":\"El Digital de Asturias\",\"description\":\"Revista de ocio, turismo y estilo de vida\",\"inLanguage\":\"es-ES\",\"publisher\":{\"@id\":\"https:\\\/\\\/eldigitaldeasturias.com\\\/magazine365\\\/#organization\"}}]}\n\t\t<\/script>\n\t\t<!-- All in One SEO Pro -->\r\n\t\t<title>Trasmediterranea oferta 57.000 plazas semanales para viajar a Baleares en verano | El Digital de Asturias<\/title>\n\n","aioseo_head_json":{"title":"Trasmediterranea oferta 57.000 plazas semanales para viajar a Baleares en verano | El Digital de Asturias","description":"Trasmediterranea oferta este verano total de 57.000 plazas semanales, en ambos sentidos, para viajar desde Barcelona y Valencia a Baleares, tras la incorporaci\u00f3n el ferry Snav Adri\u00e1tico que este martes por la ma\u00f1ana, ha hecho por primera vez su entrada en el puerto de Mah\u00f3n para reforzar las conexiones entre Barcelona y Menorca durante el","canonical_url":"https:\/\/eldigitaldeasturias.com\/magazine365\/trasmediterranea-oferta-57-000-plazas-semanales-para-viajar-a-baleares-en-verano\/","robots":"max-image-preview:large","keywords":"actualidad turismo","webmasterTools":{"google-site-verification":"UA-38556648-1","miscellaneous":""},"schema":{"@context":"https:\/\/schema.org","@graph":[{"@type":"Article","@id":"https:\/\/eldigitaldeasturias.com\/magazine365\/trasmediterranea-oferta-57-000-plazas-semanales-para-viajar-a-baleares-en-verano\/#article","name":"Trasmediterranea oferta 57.000 plazas semanales para viajar a Baleares en verano | El Digital de Asturias","headline":"Trasmediterranea oferta 57.000 plazas semanales para viajar a Baleares en verano","author":{"@id":"https:\/\/eldigitaldeasturias.com\/magazine365\/author\/admin\/#author"},"publisher":{"@id":"https:\/\/eldigitaldeasturias.com\/magazine365\/#organization"},"image":{"@type":"ImageObject","url":"https:\/\/eldigitaldeasturias.com\/magazine365\/wp-content\/uploads\/2015\/06\/fotonoticia_20150602184850_800.jpg","width":800,"height":534},"datePublished":"2015-06-04T13:00:16+02:00","dateModified":"2015-06-04T13:00:16+02:00","inLanguage":"es-ES","mainEntityOfPage":{"@id":"https:\/\/eldigitaldeasturias.com\/magazine365\/trasmediterranea-oferta-57-000-plazas-semanales-para-viajar-a-baleares-en-verano\/#webpage"},"isPartOf":{"@id":"https:\/\/eldigitaldeasturias.com\/magazine365\/trasmediterranea-oferta-57-000-plazas-semanales-para-viajar-a-baleares-en-verano\/#webpage"},"articleSection":"Actualidad Turismo"},{"@type":"BreadcrumbList","@id":"https:\/\/eldigitaldeasturias.com\/magazine365\/trasmediterranea-oferta-57-000-plazas-semanales-para-viajar-a-baleares-en-verano\/#breadcrumblist","itemListElement":[{"@type":"ListItem","@id":"https:\/\/eldigitaldeasturias.com\/magazine365#listItem","position":1,"name":"Home","item":"https:\/\/eldigitaldeasturias.com\/magazine365","nextItem":{"@type":"ListItem","@id":"https:\/\/eldigitaldeasturias.com\/magazine365\/category\/actualidad-turismo\/#listItem","name":"Actualidad Turismo"}},{"@type":"ListItem","@id":"https:\/\/eldigitaldeasturias.com\/magazine365\/category\/actualidad-turismo\/#listItem","position":2,"name":"Actualidad Turismo","item":"https:\/\/eldigitaldeasturias.com\/magazine365\/category\/actualidad-turismo\/","nextItem":{"@type":"ListItem","@id":"https:\/\/eldigitaldeasturias.com\/magazine365\/trasmediterranea-oferta-57-000-plazas-semanales-para-viajar-a-baleares-en-verano\/#listItem","name":"Trasmediterranea oferta 57.000 plazas semanales para viajar a Baleares en verano"},"previousItem":{"@type":"ListItem","@id":"https:\/\/eldigitaldeasturias.com\/magazine365#listItem","name":"Home"}},{"@type":"ListItem","@id":"https:\/\/eldigitaldeasturias.com\/magazine365\/trasmediterranea-oferta-57-000-plazas-semanales-para-viajar-a-baleares-en-verano\/#listItem","position":3,"name":"Trasmediterranea oferta 57.000 plazas semanales para viajar a Baleares en verano","previousItem":{"@type":"ListItem","@id":"https:\/\/eldigitaldeasturias.com\/magazine365\/category\/actualidad-turismo\/#listItem","name":"Actualidad Turismo"}}]},{"@type":"Organization","@id":"https:\/\/eldigitaldeasturias.com\/magazine365\/#organization","name":"El digital de Asturias","description":"Revista de ocio, turismo y estilo de vida","url":"https:\/\/eldigitaldeasturias.com\/magazine365\/","logo":{"@type":"ImageObject","url":"https:\/\/www.eldigitaldeasturias.com\/noticias\/wp-content\/uploads\/2020\/12\/EDA.jpg","@id":"https:\/\/eldigitaldeasturias.com\/magazine365\/trasmediterranea-oferta-57-000-plazas-semanales-para-viajar-a-baleares-en-verano\/#organizationLogo"},"image":{"@id":"https:\/\/eldigitaldeasturias.com\/magazine365\/trasmediterranea-oferta-57-000-plazas-semanales-para-viajar-a-baleares-en-verano\/#organizationLogo"}},{"@type":"Person","@id":"https:\/\/eldigitaldeasturias.com\/magazine365\/author\/admin\/#author","url":"https:\/\/eldigitaldeasturias.com\/magazine365\/author\/admin\/","name":"admin","image":{"@type":"ImageObject","@id":"https:\/\/eldigitaldeasturias.com\/magazine365\/trasmediterranea-oferta-57-000-plazas-semanales-para-viajar-a-baleares-en-verano\/#authorImage","url":"https:\/\/eldigitaldeasturias.com\/magazine365\/wp-content\/litespeed\/avatar\/e571bcf59a0edd6fa6838245a470f2fe.jpg?ver=1776969259","width":96,"height":96,"caption":"admin"}},{"@type":"WebPage","@id":"https:\/\/eldigitaldeasturias.com\/magazine365\/trasmediterranea-oferta-57-000-plazas-semanales-para-viajar-a-baleares-en-verano\/#webpage","url":"https:\/\/eldigitaldeasturias.com\/magazine365\/trasmediterranea-oferta-57-000-plazas-semanales-para-viajar-a-baleares-en-verano\/","name":"Trasmediterranea oferta 57.000 plazas semanales para viajar a Baleares en verano | El Digital de Asturias","description":"Trasmediterranea oferta este verano total de 57.000 plazas semanales, en ambos sentidos, para viajar desde Barcelona y Valencia a Baleares, tras la incorporaci\u00f3n el ferry Snav Adri\u00e1tico que este martes por la ma\u00f1ana, ha hecho por primera vez su entrada en el puerto de Mah\u00f3n para reforzar las conexiones entre Barcelona y Menorca durante el","inLanguage":"es-ES","isPartOf":{"@id":"https:\/\/eldigitaldeasturias.com\/magazine365\/#website"},"breadcrumb":{"@id":"https:\/\/eldigitaldeasturias.com\/magazine365\/trasmediterranea-oferta-57-000-plazas-semanales-para-viajar-a-baleares-en-verano\/#breadcrumblist"},"author":{"@id":"https:\/\/eldigitaldeasturias.com\/magazine365\/author\/admin\/#author"},"creator":{"@id":"https:\/\/eldigitaldeasturias.com\/magazine365\/author\/admin\/#author"},"image":{"@type":"ImageObject","url":"https:\/\/eldigitaldeasturias.com\/magazine365\/wp-content\/uploads\/2015\/06\/fotonoticia_20150602184850_800.jpg","@id":"https:\/\/eldigitaldeasturias.com\/magazine365\/trasmediterranea-oferta-57-000-plazas-semanales-para-viajar-a-baleares-en-verano\/#mainImage","width":800,"height":534},"primaryImageOfPage":{"@id":"https:\/\/eldigitaldeasturias.com\/magazine365\/trasmediterranea-oferta-57-000-plazas-semanales-para-viajar-a-baleares-en-verano\/#mainImage"},"datePublished":"2015-06-04T13:00:16+02:00","dateModified":"2015-06-04T13:00:16+02:00"},{"@type":"WebSite","@id":"https:\/\/eldigitaldeasturias.com\/magazine365\/#website","url":"https:\/\/eldigitaldeasturias.com\/magazine365\/","name":"El Digital de Asturias","description":"Revista de ocio, turismo y estilo de vida","inLanguage":"es-ES","publisher":{"@id":"https:\/\/eldigitaldeasturias.com\/magazine365\/#organization"}}]},"og:locale":"es_ES","og:site_name":"El Digital de Asturias \u2013 Revista de ocio, turismo y estilo de vida","og:type":"article","og:title":"Trasmediterranea oferta 57.000 plazas semanales para viajar a Baleares en verano | El Digital de Asturias","og:description":"Trasmediterranea oferta este verano total de 57.000 plazas semanales, en ambos sentidos, para viajar desde Barcelona y Valencia a Baleares, tras la incorporaci\u00f3n el ferry Snav Adri\u00e1tico que este martes por la ma\u00f1ana, ha hecho por primera vez su entrada en el puerto de Mah\u00f3n para reforzar las conexiones entre Barcelona y Menorca durante el","og:url":"https:\/\/eldigitaldeasturias.com\/magazine365\/trasmediterranea-oferta-57-000-plazas-semanales-para-viajar-a-baleares-en-verano\/","og:image":"https:\/\/eldigitaldeasturias.com\/magazine365\/wp-content\/uploads\/2015\/06\/fotonoticia_20150602184850_800.jpg","og:image:secure_url":"https:\/\/eldigitaldeasturias.com\/magazine365\/wp-content\/uploads\/2015\/06\/fotonoticia_20150602184850_800.jpg","og:image:width":800,"og:image:height":534,"article:published_time":"2015-06-04T11:30:16+00:00","article:modified_time":"2015-06-04T11:30:16+00:00","twitter:card":"summary_large_image","twitter:title":"Trasmediterranea oferta 57.000 plazas semanales para viajar a Baleares en verano | El Digital de Asturias","twitter:description":"Trasmediterranea oferta este verano total de 57.000 plazas semanales, en ambos sentidos, para viajar desde Barcelona y Valencia a Baleares, tras la incorporaci\u00f3n el ferry Snav Adri\u00e1tico que este martes por la ma\u00f1ana, ha hecho por primera vez su entrada en el puerto de Mah\u00f3n para reforzar las conexiones entre Barcelona y Menorca durante el","twitter:image":"https:\/\/eldigitaldeasturias.com\/magazine365\/wp-content\/uploads\/2015\/06\/fotonoticia_20150602184850_800.jpg"},"aioseo_meta_data":{"post_id":"38679","title":null,"description":null,"keywords":null,"keyphrases":null,"primary_term":null,"canonical_url":null,"og_title":null,"og_description":null,"og_object_type":"default","og_image_type":"default","og_image_url":null,"og_image_width":null,"og_image_height":null,"og_image_custom_url":null,"og_image_custom_fields":null,"og_video":null,"og_custom_url":null,"og_article_section":null,"og_article_tags":null,"twitter_use_og":false,"twitter_card":"default","twitter_image_type":"default","twitter_image_url":null,"twitter_image_custom_url":null,"twitter_image_custom_fields":null,"twitter_title":null,"twitter_description":null,"schema":{"blockGraphs":[],"customGraphs":[],"default":{"data":{"Article":[],"Course":[],"Dataset":[],"FAQPage":[],"Movie":[],"Person":[],"Product":[],"ProductReview":[],"Car":[],"Recipe":[],"Service":[],"SoftwareApplication":[],"WebPage":[]},"graphName":"","isEnabled":true},"graphs":[],"defaultGraph":"","defaultPostTypeGraph":""},"schema_type":null,"schema_type_options":null,"pillar_content":false,"robots_default":true,"robots_noindex":false,"robots_noarchive":false,"robots_nosnippet":false,"robots_nofollow":false,"robots_noimageindex":false,"robots_noodp":false,"robots_notranslate":false,"robots_max_snippet":null,"robots_max_videopreview":null,"robots_max_imagepreview":"large","priority":null,"frequency":null,"location":null,"local_seo":null,"seo_analyzer_scan_date":"2025-09-19 10:03:09","breadcrumb_settings":null,"limit_modified_date":false,"open_ai":null,"ai":null,"created":"2021-03-09 02:50:41","updated":"2025-09-19 10:03:09"},"aioseo_breadcrumb":"<div class=\"aioseo-breadcrumbs\"><span class=\"aioseo-breadcrumb\">\n\t<a href=\"https:\/\/eldigitaldeasturias.com\/magazine365\" title=\"Home\">Home<\/a>\n<\/span><span class=\"aioseo-breadcrumb-separator\">\u2013<\/span><span class=\"aioseo-breadcrumb\">\n\t<a href=\"https:\/\/eldigitaldeasturias.com\/magazine365\/category\/actualidad-turismo\/\" title=\"Actualidad Turismo\">Actualidad Turismo<\/a>\n<\/span><span class=\"aioseo-breadcrumb-separator\">\u2013<\/span><span class=\"aioseo-breadcrumb\">\n\t<a href=\"https:\/\/eldigitaldeasturias.com\/magazine365\/trasmediterranea-oferta-57-000-plazas-semanales-para-viajar-a-baleares-en-verano\/\" title=\"Trasmediterranea oferta 57.000 plazas semanales para viajar a Baleares en verano\">Trasmediterranea oferta 57.000 plazas semanales para viajar a Baleares en verano<\/a>\n<\/span><\/div>","aioseo_breadcrumb_json":[{"label":"Home","link":"https:\/\/eldigitaldeasturias.com\/magazine365"},{"label":"Actualidad Turismo","link":"https:\/\/eldigitaldeasturias.com\/magazine365\/category\/actualidad-turismo\/"},{"label":"Trasmediterranea oferta 57.000 plazas semanales para viajar a Baleares en verano","link":"https:\/\/eldigitaldeasturias.com\/magazine365\/trasmediterranea-oferta-57-000-plazas-semanales-para-viajar-a-baleares-en-verano\/"}],"_links":{"self":[{"href":"https:\/\/eldigitaldeasturias.com\/magazine365\/wp-json\/wp\/v2\/posts\/38679","targetHints":{"allow":["GET"]}}],"collection":[{"href":"https:\/\/eldigitaldeasturias.com\/magazine365\/wp-json\/wp\/v2\/posts"}],"about":[{"href":"https:\/\/eldigitaldeasturias.com\/magazine365\/wp-json\/wp\/v2\/types\/post"}],"author":[{"embeddable":true,"href":"https:\/\/eldigitaldeasturias.com\/magazine365\/wp-json\/wp\/v2\/users\/1"}],"replies":[{"embeddable":true,"href":"https:\/\/eldigitaldeasturias.com\/magazine365\/wp-json\/wp\/v2\/comments?post=38679"}],"version-history":[{"count":0,"href":"https:\/\/eldigitaldeasturias.com\/magazine365\/wp-json\/wp\/v2\/posts\/38679\/revisions"}],"wp:featuredmedia":[{"embeddable":true,"href":"https:\/\/eldigitaldeasturias.com\/magazine365\/wp-json\/wp\/v2\/media\/38680"}],"wp:attachment":[{"href":"https:\/\/eldigitaldeasturias.com\/magazine365\/wp-json\/wp\/v2\/media?parent=38679"}],"wp:term":[{"taxonomy":"category","embeddable":true,"href":"https:\/\/eldigitaldeasturias.com\/magazine365\/wp-json\/wp\/v2\/categories?post=38679"},{"taxonomy":"post_tag","embeddable":true,"href":"https:\/\/eldigitaldeasturias.com\/magazine365\/wp-json\/wp\/v2\/tags?post=38679"}],"curies":[{"name":"wp","href":"https:\/\/api.w.org\/{rel}","templated":true}]}}