{"id":38676,"date":"2015-06-04T12:58:43","date_gmt":"2015-06-04T11:28:43","guid":{"rendered":"http:\/\/eldigitaldeasturias.com\/magazine365\/?p=38676"},"modified":"2015-06-04T12:58:43","modified_gmt":"2015-06-04T11:28:43","slug":"lufthansa-cobrara-tasas-en-las-reservas-fuera-de-su-web","status":"publish","type":"post","link":"https:\/\/eldigitaldeasturias.com\/magazine365\/lufthansa-cobrara-tasas-en-las-reservas-fuera-de-su-web\/","title":{"rendered":"Lufthansa cobrar\u00e1 tasas en las reservas fuera de su web"},"content":{"rendered":"<p><img fetchpriority=\"high\" decoding=\"async\" class=\"alignleft size-medium wp-image-38677\" src=\"https:\/\/eldigitaldeasturias.com\/magazine365\/wp-content\/uploads\/2015\/06\/fotonoticia_20150602184650_800-360x240.jpg\" alt=\"fotonoticia_20150602184650_800\" width=\"360\" height=\"240\" srcset=\"https:\/\/eldigitaldeasturias.com\/magazine365\/wp-content\/uploads\/2015\/06\/fotonoticia_20150602184650_800-360x240.jpg 360w, https:\/\/eldigitaldeasturias.com\/magazine365\/wp-content\/uploads\/2015\/06\/fotonoticia_20150602184650_800-650x433.jpg 650w, https:\/\/eldigitaldeasturias.com\/magazine365\/wp-content\/uploads\/2015\/06\/fotonoticia_20150602184650_800-768x512.jpg 768w, https:\/\/eldigitaldeasturias.com\/magazine365\/wp-content\/uploads\/2015\/06\/fotonoticia_20150602184650_800-150x100.jpg 150w, https:\/\/eldigitaldeasturias.com\/magazine365\/wp-content\/uploads\/2015\/06\/fotonoticia_20150602184650_800-450x300.jpg 450w, https:\/\/eldigitaldeasturias.com\/magazine365\/wp-content\/uploads\/2015\/06\/fotonoticia_20150602184650_800-696x464.jpg 696w, https:\/\/eldigitaldeasturias.com\/magazine365\/wp-content\/uploads\/2015\/06\/fotonoticia_20150602184650_800-630x420.jpg 630w, https:\/\/eldigitaldeasturias.com\/magazine365\/wp-content\/uploads\/2015\/06\/fotonoticia_20150602184650_800-84x55.jpg 84w, https:\/\/eldigitaldeasturias.com\/magazine365\/wp-content\/uploads\/2015\/06\/fotonoticia_20150602184650_800.jpg 800w\" sizes=\"(max-width: 360px) 100vw, 360px\" \/>El grupo Lufthansa ha reorientado su estrategia comercial con la incorporaci\u00f3n de nuevos servicios en los canales de pago y reservas de sus clientes, seg\u00fan ha informado la compa\u00f1\u00eda.<\/p>\n<p>El grupo de aerol\u00edneas de origen alem\u00e1n cobrar\u00e1 a partir del 1 de septiembre una tasa de 16 euros a todos aquellos clientes que compren un billete de avi\u00f3n de cualquiera de sus aerol\u00edneas &#8211;Lufthansa, Austrian Airlines, Brussels Airlines y Swiss&#8211; fuera de sus canales de venta directa, es decir, sus p\u00e1ginas webs, entre las que se incluye una plataforma espec\u00edfica para las agencias de viajes.<\/p>\n<p>El nuevo recargo no se aplicar\u00e1 cuando la compra de los billetes de avi\u00f3n se realice a trav\u00e9s de sus propias p\u00e1ginas web o cuando la agencia de viajes realice la reserva a trav\u00e9s de su portal, plataforma espec\u00edfica para las agencias de viaje. Tampoco se cobrar\u00e1 cuando las compras se realicen a trav\u00e9s de los centros telef\u00f3nicos de atenci\u00f3n al cliente o los mostradores de informaci\u00f3n.<\/p>\n<p>Desde las agencias de viaje que operan en Espa\u00f1a se ha asegurado que este anuncio dificulta el trabajo de las empresas y encarece sus plataformas, al tener que integrar a partir de ahora la plataforma de Lufthansa espec\u00edfica para ellos en sus sistemas.<\/p>\n<p>Con esta nueva estrategia comercial, el grupo a\u00e9reo alem\u00e1n busca reorientar su estrategia de ventas para mejorar su rentabilidad. En este a\u00f1o, el grupo prev\u00e9 lograr un beneficio operativo ajustado de m\u00e1s de 1.500 millones de euros.<\/p>\n<p>\u00abEl objetivo de la nueva estrategia comercial es asegurar que en un futuro haya un mayor aumento de los ingresos procedentes de las operaciones de los vuelos, que son el \u00e1rea actual de servicios a los usuarios\u00bb, ha asegurado la compa\u00f1\u00eda en un comunicado.<\/p>\n","protected":false},"excerpt":{"rendered":"<p>El grupo Lufthansa ha reorientado su estrategia comercial con la incorporaci\u00f3n de nuevos servicios en los canales de pago y reservas de sus clientes, seg\u00fan ha informado la compa\u00f1\u00eda. El grupo de aerol\u00edneas de origen alem\u00e1n cobrar\u00e1 a partir del 1 de septiembre una tasa de 16 euros a todos aquellos clientes que compren un<\/p>\n","protected":false},"author":1,"featured_media":38677,"comment_status":"open","ping_status":"closed","sticky":false,"template":"","format":"standard","meta":{"footnotes":""},"categories":[224],"tags":[],"class_list":{"0":"post-38676","1":"post","2":"type-post","3":"status-publish","4":"format-standard","5":"has-post-thumbnail","7":"category-noticias-actualidad"},"aioseo_notices":[],"aioseo_head":"\n\t\t<!-- All in One SEO Pro 4.9.6.1 - aioseo.com -->\n\t<meta name=\"description\" content=\"El grupo Lufthansa ha reorientado su estrategia comercial con la incorporaci\u00f3n de nuevos servicios en los canales de pago y reservas de sus clientes, seg\u00fan ha informado la compa\u00f1\u00eda. El grupo de aerol\u00edneas de origen alem\u00e1n cobrar\u00e1 a partir del 1 de septiembre una tasa de 16 euros a todos aquellos clientes que compren un\" \/>\n\t<meta name=\"robots\" content=\"max-image-preview:large\" \/>\n\t<meta name=\"author\" content=\"admin\"\/>\n\t<meta name=\"google-site-verification\" content=\"UA-38556648-1\" \/>\n\t<meta name=\"keywords\" content=\"noticias y actualidad\" \/>\n\t<link rel=\"canonical\" href=\"https:\/\/eldigitaldeasturias.com\/magazine365\/lufthansa-cobrara-tasas-en-las-reservas-fuera-de-su-web\/\" \/>\n\t<meta name=\"generator\" content=\"All in One SEO Pro (AIOSEO) 4.9.6.1\" \/>\n\t\t<meta property=\"og:locale\" content=\"es_ES\" \/>\n\t\t<meta property=\"og:site_name\" content=\"El Digital de Asturias \u2013 Revista de ocio, turismo y estilo de vida\" \/>\n\t\t<meta property=\"og:type\" content=\"article\" \/>\n\t\t<meta property=\"og:title\" content=\"Lufthansa cobrar\u00e1 tasas en las reservas fuera de su web | El Digital de Asturias\" \/>\n\t\t<meta property=\"og:description\" content=\"El grupo Lufthansa ha reorientado su estrategia comercial con la incorporaci\u00f3n de nuevos servicios en los canales de pago y reservas de sus clientes, seg\u00fan ha informado la compa\u00f1\u00eda. El grupo de aerol\u00edneas de origen alem\u00e1n cobrar\u00e1 a partir del 1 de septiembre una tasa de 16 euros a todos aquellos clientes que compren un\" \/>\n\t\t<meta property=\"og:url\" content=\"https:\/\/eldigitaldeasturias.com\/magazine365\/lufthansa-cobrara-tasas-en-las-reservas-fuera-de-su-web\/\" \/>\n\t\t<meta property=\"og:image\" content=\"https:\/\/eldigitaldeasturias.com\/magazine365\/wp-content\/uploads\/2015\/06\/fotonoticia_20150602184650_800.jpg\" \/>\n\t\t<meta property=\"og:image:secure_url\" content=\"https:\/\/eldigitaldeasturias.com\/magazine365\/wp-content\/uploads\/2015\/06\/fotonoticia_20150602184650_800.jpg\" \/>\n\t\t<meta property=\"og:image:width\" content=\"800\" \/>\n\t\t<meta property=\"og:image:height\" content=\"533\" \/>\n\t\t<meta property=\"article:published_time\" content=\"2015-06-04T11:28:43+00:00\" \/>\n\t\t<meta property=\"article:modified_time\" content=\"2015-06-04T11:28:43+00:00\" \/>\n\t\t<meta name=\"twitter:card\" content=\"summary_large_image\" \/>\n\t\t<meta name=\"twitter:title\" content=\"Lufthansa cobrar\u00e1 tasas en las reservas fuera de su web | El Digital de Asturias\" \/>\n\t\t<meta name=\"twitter:description\" content=\"El grupo Lufthansa ha reorientado su estrategia comercial con la incorporaci\u00f3n de nuevos servicios en los canales de pago y reservas de sus clientes, seg\u00fan ha informado la compa\u00f1\u00eda. El grupo de aerol\u00edneas de origen alem\u00e1n cobrar\u00e1 a partir del 1 de septiembre una tasa de 16 euros a todos aquellos clientes que compren un\" \/>\n\t\t<meta name=\"twitter:image\" content=\"https:\/\/eldigitaldeasturias.com\/magazine365\/wp-content\/uploads\/2015\/06\/fotonoticia_20150602184650_800.jpg\" \/>\n\t\t<script type=\"application\/ld+json\" class=\"aioseo-schema\">\n\t\t\t{\"@context\":\"https:\\\/\\\/schema.org\",\"@graph\":[{\"@type\":\"Article\",\"@id\":\"https:\\\/\\\/eldigitaldeasturias.com\\\/magazine365\\\/lufthansa-cobrara-tasas-en-las-reservas-fuera-de-su-web\\\/#article\",\"name\":\"Lufthansa cobrar\\u00e1 tasas en las reservas fuera de su web | El Digital de Asturias\",\"headline\":\"Lufthansa cobrar\\u00e1 tasas en las reservas fuera de su web\",\"author\":{\"@id\":\"https:\\\/\\\/eldigitaldeasturias.com\\\/magazine365\\\/author\\\/admin\\\/#author\"},\"publisher\":{\"@id\":\"https:\\\/\\\/eldigitaldeasturias.com\\\/magazine365\\\/#organization\"},\"image\":{\"@type\":\"ImageObject\",\"url\":\"https:\\\/\\\/eldigitaldeasturias.com\\\/magazine365\\\/wp-content\\\/uploads\\\/2015\\\/06\\\/fotonoticia_20150602184650_800.jpg\",\"width\":800,\"height\":533},\"datePublished\":\"2015-06-04T12:58:43+02:00\",\"dateModified\":\"2015-06-04T12:58:43+02:00\",\"inLanguage\":\"es-ES\",\"mainEntityOfPage\":{\"@id\":\"https:\\\/\\\/eldigitaldeasturias.com\\\/magazine365\\\/lufthansa-cobrara-tasas-en-las-reservas-fuera-de-su-web\\\/#webpage\"},\"isPartOf\":{\"@id\":\"https:\\\/\\\/eldigitaldeasturias.com\\\/magazine365\\\/lufthansa-cobrara-tasas-en-las-reservas-fuera-de-su-web\\\/#webpage\"},\"articleSection\":\"Noticias y Actualidad\"},{\"@type\":\"BreadcrumbList\",\"@id\":\"https:\\\/\\\/eldigitaldeasturias.com\\\/magazine365\\\/lufthansa-cobrara-tasas-en-las-reservas-fuera-de-su-web\\\/#breadcrumblist\",\"itemListElement\":[{\"@type\":\"ListItem\",\"@id\":\"https:\\\/\\\/eldigitaldeasturias.com\\\/magazine365#listItem\",\"position\":1,\"name\":\"Home\",\"item\":\"https:\\\/\\\/eldigitaldeasturias.com\\\/magazine365\",\"nextItem\":{\"@type\":\"ListItem\",\"@id\":\"https:\\\/\\\/eldigitaldeasturias.com\\\/magazine365\\\/category\\\/noticias-actualidad\\\/#listItem\",\"name\":\"Noticias y Actualidad\"}},{\"@type\":\"ListItem\",\"@id\":\"https:\\\/\\\/eldigitaldeasturias.com\\\/magazine365\\\/category\\\/noticias-actualidad\\\/#listItem\",\"position\":2,\"name\":\"Noticias y Actualidad\",\"item\":\"https:\\\/\\\/eldigitaldeasturias.com\\\/magazine365\\\/category\\\/noticias-actualidad\\\/\",\"nextItem\":{\"@type\":\"ListItem\",\"@id\":\"https:\\\/\\\/eldigitaldeasturias.com\\\/magazine365\\\/lufthansa-cobrara-tasas-en-las-reservas-fuera-de-su-web\\\/#listItem\",\"name\":\"Lufthansa cobrar\\u00e1 tasas en las reservas fuera de su web\"},\"previousItem\":{\"@type\":\"ListItem\",\"@id\":\"https:\\\/\\\/eldigitaldeasturias.com\\\/magazine365#listItem\",\"name\":\"Home\"}},{\"@type\":\"ListItem\",\"@id\":\"https:\\\/\\\/eldigitaldeasturias.com\\\/magazine365\\\/lufthansa-cobrara-tasas-en-las-reservas-fuera-de-su-web\\\/#listItem\",\"position\":3,\"name\":\"Lufthansa cobrar\\u00e1 tasas en las reservas fuera de su web\",\"previousItem\":{\"@type\":\"ListItem\",\"@id\":\"https:\\\/\\\/eldigitaldeasturias.com\\\/magazine365\\\/category\\\/noticias-actualidad\\\/#listItem\",\"name\":\"Noticias y Actualidad\"}}]},{\"@type\":\"Organization\",\"@id\":\"https:\\\/\\\/eldigitaldeasturias.com\\\/magazine365\\\/#organization\",\"name\":\"El digital de Asturias\",\"description\":\"Revista de ocio, turismo y estilo de vida\",\"url\":\"https:\\\/\\\/eldigitaldeasturias.com\\\/magazine365\\\/\",\"logo\":{\"@type\":\"ImageObject\",\"url\":\"https:\\\/\\\/www.eldigitaldeasturias.com\\\/noticias\\\/wp-content\\\/uploads\\\/2020\\\/12\\\/EDA.jpg\",\"@id\":\"https:\\\/\\\/eldigitaldeasturias.com\\\/magazine365\\\/lufthansa-cobrara-tasas-en-las-reservas-fuera-de-su-web\\\/#organizationLogo\"},\"image\":{\"@id\":\"https:\\\/\\\/eldigitaldeasturias.com\\\/magazine365\\\/lufthansa-cobrara-tasas-en-las-reservas-fuera-de-su-web\\\/#organizationLogo\"}},{\"@type\":\"Person\",\"@id\":\"https:\\\/\\\/eldigitaldeasturias.com\\\/magazine365\\\/author\\\/admin\\\/#author\",\"url\":\"https:\\\/\\\/eldigitaldeasturias.com\\\/magazine365\\\/author\\\/admin\\\/\",\"name\":\"admin\",\"image\":{\"@type\":\"ImageObject\",\"@id\":\"https:\\\/\\\/eldigitaldeasturias.com\\\/magazine365\\\/lufthansa-cobrara-tasas-en-las-reservas-fuera-de-su-web\\\/#authorImage\",\"url\":\"https:\\\/\\\/eldigitaldeasturias.com\\\/magazine365\\\/wp-content\\\/litespeed\\\/avatar\\\/e571bcf59a0edd6fa6838245a470f2fe.jpg?ver=1776969259\",\"width\":96,\"height\":96,\"caption\":\"admin\"}},{\"@type\":\"WebPage\",\"@id\":\"https:\\\/\\\/eldigitaldeasturias.com\\\/magazine365\\\/lufthansa-cobrara-tasas-en-las-reservas-fuera-de-su-web\\\/#webpage\",\"url\":\"https:\\\/\\\/eldigitaldeasturias.com\\\/magazine365\\\/lufthansa-cobrara-tasas-en-las-reservas-fuera-de-su-web\\\/\",\"name\":\"Lufthansa cobrar\\u00e1 tasas en las reservas fuera de su web | El Digital de Asturias\",\"description\":\"El grupo Lufthansa ha reorientado su estrategia comercial con la incorporaci\\u00f3n de nuevos servicios en los canales de pago y reservas de sus clientes, seg\\u00fan ha informado la compa\\u00f1\\u00eda. El grupo de aerol\\u00edneas de origen alem\\u00e1n cobrar\\u00e1 a partir del 1 de septiembre una tasa de 16 euros a todos aquellos clientes que compren un\",\"inLanguage\":\"es-ES\",\"isPartOf\":{\"@id\":\"https:\\\/\\\/eldigitaldeasturias.com\\\/magazine365\\\/#website\"},\"breadcrumb\":{\"@id\":\"https:\\\/\\\/eldigitaldeasturias.com\\\/magazine365\\\/lufthansa-cobrara-tasas-en-las-reservas-fuera-de-su-web\\\/#breadcrumblist\"},\"author\":{\"@id\":\"https:\\\/\\\/eldigitaldeasturias.com\\\/magazine365\\\/author\\\/admin\\\/#author\"},\"creator\":{\"@id\":\"https:\\\/\\\/eldigitaldeasturias.com\\\/magazine365\\\/author\\\/admin\\\/#author\"},\"image\":{\"@type\":\"ImageObject\",\"url\":\"https:\\\/\\\/eldigitaldeasturias.com\\\/magazine365\\\/wp-content\\\/uploads\\\/2015\\\/06\\\/fotonoticia_20150602184650_800.jpg\",\"@id\":\"https:\\\/\\\/eldigitaldeasturias.com\\\/magazine365\\\/lufthansa-cobrara-tasas-en-las-reservas-fuera-de-su-web\\\/#mainImage\",\"width\":800,\"height\":533},\"primaryImageOfPage\":{\"@id\":\"https:\\\/\\\/eldigitaldeasturias.com\\\/magazine365\\\/lufthansa-cobrara-tasas-en-las-reservas-fuera-de-su-web\\\/#mainImage\"},\"datePublished\":\"2015-06-04T12:58:43+02:00\",\"dateModified\":\"2015-06-04T12:58:43+02:00\"},{\"@type\":\"WebSite\",\"@id\":\"https:\\\/\\\/eldigitaldeasturias.com\\\/magazine365\\\/#website\",\"url\":\"https:\\\/\\\/eldigitaldeasturias.com\\\/magazine365\\\/\",\"name\":\"El Digital de Asturias\",\"description\":\"Revista de ocio, turismo y estilo de vida\",\"inLanguage\":\"es-ES\",\"publisher\":{\"@id\":\"https:\\\/\\\/eldigitaldeasturias.com\\\/magazine365\\\/#organization\"}}]}\n\t\t<\/script>\n\t\t<!-- All in One SEO Pro -->\r\n\t\t<title>Lufthansa cobrar\u00e1 tasas en las reservas fuera de su web | El Digital de Asturias<\/title>\n\n","aioseo_head_json":{"title":"Lufthansa cobrar\u00e1 tasas en las reservas fuera de su web | El Digital de Asturias","description":"El grupo Lufthansa ha reorientado su estrategia comercial con la incorporaci\u00f3n de nuevos servicios en los canales de pago y reservas de sus clientes, seg\u00fan ha informado la compa\u00f1\u00eda. El grupo de aerol\u00edneas de origen alem\u00e1n cobrar\u00e1 a partir del 1 de septiembre una tasa de 16 euros a todos aquellos clientes que compren un","canonical_url":"https:\/\/eldigitaldeasturias.com\/magazine365\/lufthansa-cobrara-tasas-en-las-reservas-fuera-de-su-web\/","robots":"max-image-preview:large","keywords":"noticias y actualidad","webmasterTools":{"google-site-verification":"UA-38556648-1","miscellaneous":""},"schema":{"@context":"https:\/\/schema.org","@graph":[{"@type":"Article","@id":"https:\/\/eldigitaldeasturias.com\/magazine365\/lufthansa-cobrara-tasas-en-las-reservas-fuera-de-su-web\/#article","name":"Lufthansa cobrar\u00e1 tasas en las reservas fuera de su web | El Digital de Asturias","headline":"Lufthansa cobrar\u00e1 tasas en las reservas fuera de su web","author":{"@id":"https:\/\/eldigitaldeasturias.com\/magazine365\/author\/admin\/#author"},"publisher":{"@id":"https:\/\/eldigitaldeasturias.com\/magazine365\/#organization"},"image":{"@type":"ImageObject","url":"https:\/\/eldigitaldeasturias.com\/magazine365\/wp-content\/uploads\/2015\/06\/fotonoticia_20150602184650_800.jpg","width":800,"height":533},"datePublished":"2015-06-04T12:58:43+02:00","dateModified":"2015-06-04T12:58:43+02:00","inLanguage":"es-ES","mainEntityOfPage":{"@id":"https:\/\/eldigitaldeasturias.com\/magazine365\/lufthansa-cobrara-tasas-en-las-reservas-fuera-de-su-web\/#webpage"},"isPartOf":{"@id":"https:\/\/eldigitaldeasturias.com\/magazine365\/lufthansa-cobrara-tasas-en-las-reservas-fuera-de-su-web\/#webpage"},"articleSection":"Noticias y Actualidad"},{"@type":"BreadcrumbList","@id":"https:\/\/eldigitaldeasturias.com\/magazine365\/lufthansa-cobrara-tasas-en-las-reservas-fuera-de-su-web\/#breadcrumblist","itemListElement":[{"@type":"ListItem","@id":"https:\/\/eldigitaldeasturias.com\/magazine365#listItem","position":1,"name":"Home","item":"https:\/\/eldigitaldeasturias.com\/magazine365","nextItem":{"@type":"ListItem","@id":"https:\/\/eldigitaldeasturias.com\/magazine365\/category\/noticias-actualidad\/#listItem","name":"Noticias y Actualidad"}},{"@type":"ListItem","@id":"https:\/\/eldigitaldeasturias.com\/magazine365\/category\/noticias-actualidad\/#listItem","position":2,"name":"Noticias y Actualidad","item":"https:\/\/eldigitaldeasturias.com\/magazine365\/category\/noticias-actualidad\/","nextItem":{"@type":"ListItem","@id":"https:\/\/eldigitaldeasturias.com\/magazine365\/lufthansa-cobrara-tasas-en-las-reservas-fuera-de-su-web\/#listItem","name":"Lufthansa cobrar\u00e1 tasas en las reservas fuera de su web"},"previousItem":{"@type":"ListItem","@id":"https:\/\/eldigitaldeasturias.com\/magazine365#listItem","name":"Home"}},{"@type":"ListItem","@id":"https:\/\/eldigitaldeasturias.com\/magazine365\/lufthansa-cobrara-tasas-en-las-reservas-fuera-de-su-web\/#listItem","position":3,"name":"Lufthansa cobrar\u00e1 tasas en las reservas fuera de su web","previousItem":{"@type":"ListItem","@id":"https:\/\/eldigitaldeasturias.com\/magazine365\/category\/noticias-actualidad\/#listItem","name":"Noticias y Actualidad"}}]},{"@type":"Organization","@id":"https:\/\/eldigitaldeasturias.com\/magazine365\/#organization","name":"El digital de Asturias","description":"Revista de ocio, turismo y estilo de vida","url":"https:\/\/eldigitaldeasturias.com\/magazine365\/","logo":{"@type":"ImageObject","url":"https:\/\/www.eldigitaldeasturias.com\/noticias\/wp-content\/uploads\/2020\/12\/EDA.jpg","@id":"https:\/\/eldigitaldeasturias.com\/magazine365\/lufthansa-cobrara-tasas-en-las-reservas-fuera-de-su-web\/#organizationLogo"},"image":{"@id":"https:\/\/eldigitaldeasturias.com\/magazine365\/lufthansa-cobrara-tasas-en-las-reservas-fuera-de-su-web\/#organizationLogo"}},{"@type":"Person","@id":"https:\/\/eldigitaldeasturias.com\/magazine365\/author\/admin\/#author","url":"https:\/\/eldigitaldeasturias.com\/magazine365\/author\/admin\/","name":"admin","image":{"@type":"ImageObject","@id":"https:\/\/eldigitaldeasturias.com\/magazine365\/lufthansa-cobrara-tasas-en-las-reservas-fuera-de-su-web\/#authorImage","url":"https:\/\/eldigitaldeasturias.com\/magazine365\/wp-content\/litespeed\/avatar\/e571bcf59a0edd6fa6838245a470f2fe.jpg?ver=1776969259","width":96,"height":96,"caption":"admin"}},{"@type":"WebPage","@id":"https:\/\/eldigitaldeasturias.com\/magazine365\/lufthansa-cobrara-tasas-en-las-reservas-fuera-de-su-web\/#webpage","url":"https:\/\/eldigitaldeasturias.com\/magazine365\/lufthansa-cobrara-tasas-en-las-reservas-fuera-de-su-web\/","name":"Lufthansa cobrar\u00e1 tasas en las reservas fuera de su web | El Digital de Asturias","description":"El grupo Lufthansa ha reorientado su estrategia comercial con la incorporaci\u00f3n de nuevos servicios en los canales de pago y reservas de sus clientes, seg\u00fan ha informado la compa\u00f1\u00eda. El grupo de aerol\u00edneas de origen alem\u00e1n cobrar\u00e1 a partir del 1 de septiembre una tasa de 16 euros a todos aquellos clientes que compren un","inLanguage":"es-ES","isPartOf":{"@id":"https:\/\/eldigitaldeasturias.com\/magazine365\/#website"},"breadcrumb":{"@id":"https:\/\/eldigitaldeasturias.com\/magazine365\/lufthansa-cobrara-tasas-en-las-reservas-fuera-de-su-web\/#breadcrumblist"},"author":{"@id":"https:\/\/eldigitaldeasturias.com\/magazine365\/author\/admin\/#author"},"creator":{"@id":"https:\/\/eldigitaldeasturias.com\/magazine365\/author\/admin\/#author"},"image":{"@type":"ImageObject","url":"https:\/\/eldigitaldeasturias.com\/magazine365\/wp-content\/uploads\/2015\/06\/fotonoticia_20150602184650_800.jpg","@id":"https:\/\/eldigitaldeasturias.com\/magazine365\/lufthansa-cobrara-tasas-en-las-reservas-fuera-de-su-web\/#mainImage","width":800,"height":533},"primaryImageOfPage":{"@id":"https:\/\/eldigitaldeasturias.com\/magazine365\/lufthansa-cobrara-tasas-en-las-reservas-fuera-de-su-web\/#mainImage"},"datePublished":"2015-06-04T12:58:43+02:00","dateModified":"2015-06-04T12:58:43+02:00"},{"@type":"WebSite","@id":"https:\/\/eldigitaldeasturias.com\/magazine365\/#website","url":"https:\/\/eldigitaldeasturias.com\/magazine365\/","name":"El Digital de Asturias","description":"Revista de ocio, turismo y estilo de vida","inLanguage":"es-ES","publisher":{"@id":"https:\/\/eldigitaldeasturias.com\/magazine365\/#organization"}}]},"og:locale":"es_ES","og:site_name":"El Digital de Asturias \u2013 Revista de ocio, turismo y estilo de vida","og:type":"article","og:title":"Lufthansa cobrar\u00e1 tasas en las reservas fuera de su web | El Digital de Asturias","og:description":"El grupo Lufthansa ha reorientado su estrategia comercial con la incorporaci\u00f3n de nuevos servicios en los canales de pago y reservas de sus clientes, seg\u00fan ha informado la compa\u00f1\u00eda. El grupo de aerol\u00edneas de origen alem\u00e1n cobrar\u00e1 a partir del 1 de septiembre una tasa de 16 euros a todos aquellos clientes que compren un","og:url":"https:\/\/eldigitaldeasturias.com\/magazine365\/lufthansa-cobrara-tasas-en-las-reservas-fuera-de-su-web\/","og:image":"https:\/\/eldigitaldeasturias.com\/magazine365\/wp-content\/uploads\/2015\/06\/fotonoticia_20150602184650_800.jpg","og:image:secure_url":"https:\/\/eldigitaldeasturias.com\/magazine365\/wp-content\/uploads\/2015\/06\/fotonoticia_20150602184650_800.jpg","og:image:width":800,"og:image:height":533,"article:published_time":"2015-06-04T11:28:43+00:00","article:modified_time":"2015-06-04T11:28:43+00:00","twitter:card":"summary_large_image","twitter:title":"Lufthansa cobrar\u00e1 tasas en las reservas fuera de su web | El Digital de Asturias","twitter:description":"El grupo Lufthansa ha reorientado su estrategia comercial con la incorporaci\u00f3n de nuevos servicios en los canales de pago y reservas de sus clientes, seg\u00fan ha informado la compa\u00f1\u00eda. El grupo de aerol\u00edneas de origen alem\u00e1n cobrar\u00e1 a partir del 1 de septiembre una tasa de 16 euros a todos aquellos clientes que compren un","twitter:image":"https:\/\/eldigitaldeasturias.com\/magazine365\/wp-content\/uploads\/2015\/06\/fotonoticia_20150602184650_800.jpg"},"aioseo_meta_data":{"post_id":"38676","title":null,"description":null,"keywords":null,"keyphrases":null,"primary_term":null,"canonical_url":null,"og_title":null,"og_description":null,"og_object_type":"default","og_image_type":"default","og_image_url":null,"og_image_width":null,"og_image_height":null,"og_image_custom_url":null,"og_image_custom_fields":null,"og_video":null,"og_custom_url":null,"og_article_section":null,"og_article_tags":null,"twitter_use_og":false,"twitter_card":"default","twitter_image_type":"default","twitter_image_url":null,"twitter_image_custom_url":null,"twitter_image_custom_fields":null,"twitter_title":null,"twitter_description":null,"schema":{"blockGraphs":[],"customGraphs":[],"default":{"data":{"Article":[],"Course":[],"Dataset":[],"FAQPage":[],"Movie":[],"Person":[],"Product":[],"ProductReview":[],"Car":[],"Recipe":[],"Service":[],"SoftwareApplication":[],"WebPage":[]},"graphName":"","isEnabled":true},"graphs":[],"defaultGraph":"","defaultPostTypeGraph":""},"schema_type":null,"schema_type_options":null,"pillar_content":false,"robots_default":true,"robots_noindex":false,"robots_noarchive":false,"robots_nosnippet":false,"robots_nofollow":false,"robots_noimageindex":false,"robots_noodp":false,"robots_notranslate":false,"robots_max_snippet":null,"robots_max_videopreview":null,"robots_max_imagepreview":"large","priority":null,"frequency":null,"location":null,"local_seo":null,"seo_analyzer_scan_date":"2025-09-19 10:03:08","breadcrumb_settings":null,"limit_modified_date":false,"open_ai":null,"ai":null,"created":"2021-03-09 02:50:41","updated":"2025-09-19 10:03:08"},"aioseo_breadcrumb":"<div class=\"aioseo-breadcrumbs\"><span class=\"aioseo-breadcrumb\">\n\t<a href=\"https:\/\/eldigitaldeasturias.com\/magazine365\" title=\"Home\">Home<\/a>\n<\/span><span class=\"aioseo-breadcrumb-separator\">\u2013<\/span><span class=\"aioseo-breadcrumb\">\n\t<a href=\"https:\/\/eldigitaldeasturias.com\/magazine365\/category\/noticias-actualidad\/\" title=\"Noticias y Actualidad\">Noticias y Actualidad<\/a>\n<\/span><span class=\"aioseo-breadcrumb-separator\">\u2013<\/span><span class=\"aioseo-breadcrumb\">\n\t<a href=\"https:\/\/eldigitaldeasturias.com\/magazine365\/lufthansa-cobrara-tasas-en-las-reservas-fuera-de-su-web\/\" title=\"Lufthansa cobrar\u00e1 tasas en las reservas fuera de su web\">Lufthansa cobrar\u00e1 tasas en las reservas fuera de su web<\/a>\n<\/span><\/div>","aioseo_breadcrumb_json":[{"label":"Home","link":"https:\/\/eldigitaldeasturias.com\/magazine365"},{"label":"Noticias y Actualidad","link":"https:\/\/eldigitaldeasturias.com\/magazine365\/category\/noticias-actualidad\/"},{"label":"Lufthansa cobrar\u00e1 tasas en las reservas fuera de su web","link":"https:\/\/eldigitaldeasturias.com\/magazine365\/lufthansa-cobrara-tasas-en-las-reservas-fuera-de-su-web\/"}],"_links":{"self":[{"href":"https:\/\/eldigitaldeasturias.com\/magazine365\/wp-json\/wp\/v2\/posts\/38676","targetHints":{"allow":["GET"]}}],"collection":[{"href":"https:\/\/eldigitaldeasturias.com\/magazine365\/wp-json\/wp\/v2\/posts"}],"about":[{"href":"https:\/\/eldigitaldeasturias.com\/magazine365\/wp-json\/wp\/v2\/types\/post"}],"author":[{"embeddable":true,"href":"https:\/\/eldigitaldeasturias.com\/magazine365\/wp-json\/wp\/v2\/users\/1"}],"replies":[{"embeddable":true,"href":"https:\/\/eldigitaldeasturias.com\/magazine365\/wp-json\/wp\/v2\/comments?post=38676"}],"version-history":[{"count":0,"href":"https:\/\/eldigitaldeasturias.com\/magazine365\/wp-json\/wp\/v2\/posts\/38676\/revisions"}],"wp:featuredmedia":[{"embeddable":true,"href":"https:\/\/eldigitaldeasturias.com\/magazine365\/wp-json\/wp\/v2\/media\/38677"}],"wp:attachment":[{"href":"https:\/\/eldigitaldeasturias.com\/magazine365\/wp-json\/wp\/v2\/media?parent=38676"}],"wp:term":[{"taxonomy":"category","embeddable":true,"href":"https:\/\/eldigitaldeasturias.com\/magazine365\/wp-json\/wp\/v2\/categories?post=38676"},{"taxonomy":"post_tag","embeddable":true,"href":"https:\/\/eldigitaldeasturias.com\/magazine365\/wp-json\/wp\/v2\/tags?post=38676"}],"curies":[{"name":"wp","href":"https:\/\/api.w.org\/{rel}","templated":true}]}}