{"id":38673,"date":"2015-06-04T12:56:37","date_gmt":"2015-06-04T11:26:37","guid":{"rendered":"http:\/\/eldigitaldeasturias.com\/magazine365\/?p=38673"},"modified":"2015-06-04T12:56:38","modified_gmt":"2015-06-04T11:26:38","slug":"iberia-mira-a-asia-para-volar-a-nuevas-rutas-como-japon-a-partir-de-2016","status":"publish","type":"post","link":"https:\/\/eldigitaldeasturias.com\/magazine365\/iberia-mira-a-asia-para-volar-a-nuevas-rutas-como-japon-a-partir-de-2016\/","title":{"rendered":"Iberia mira a Asia para volar a nuevas rutas como Jap\u00f3n a partir de 2016"},"content":{"rendered":"<p><img fetchpriority=\"high\" decoding=\"async\" class=\"alignleft size-medium wp-image-38674\" src=\"https:\/\/eldigitaldeasturias.com\/magazine365\/wp-content\/uploads\/2015\/06\/fotonoticia_20150602172530_800-360x239.jpg\" alt=\"fotonoticia_20150602172530_800\" width=\"360\" height=\"239\" srcset=\"https:\/\/eldigitaldeasturias.com\/magazine365\/wp-content\/uploads\/2015\/06\/fotonoticia_20150602172530_800-360x239.jpg 360w, https:\/\/eldigitaldeasturias.com\/magazine365\/wp-content\/uploads\/2015\/06\/fotonoticia_20150602172530_800-650x432.jpg 650w, https:\/\/eldigitaldeasturias.com\/magazine365\/wp-content\/uploads\/2015\/06\/fotonoticia_20150602172530_800-768x511.jpg 768w, https:\/\/eldigitaldeasturias.com\/magazine365\/wp-content\/uploads\/2015\/06\/fotonoticia_20150602172530_800-150x100.jpg 150w, https:\/\/eldigitaldeasturias.com\/magazine365\/wp-content\/uploads\/2015\/06\/fotonoticia_20150602172530_800-450x299.jpg 450w, https:\/\/eldigitaldeasturias.com\/magazine365\/wp-content\/uploads\/2015\/06\/fotonoticia_20150602172530_800-696x463.jpg 696w, https:\/\/eldigitaldeasturias.com\/magazine365\/wp-content\/uploads\/2015\/06\/fotonoticia_20150602172530_800-632x420.jpg 632w, https:\/\/eldigitaldeasturias.com\/magazine365\/wp-content\/uploads\/2015\/06\/fotonoticia_20150602172530_800-84x55.jpg 84w, https:\/\/eldigitaldeasturias.com\/magazine365\/wp-content\/uploads\/2015\/06\/fotonoticia_20150602172530_800.jpg 800w\" sizes=\"(max-width: 360px) 100vw, 360px\" \/>Iberia est\u00e1 analizando nuevas rutas para volar a partir de 2016, entre cuyas alternativas figura Jap\u00f3n, una vez que la aerol\u00ednea incorpore los nuevos 16 aviones (8 aviones A330 y otros 8 A350) de largo radio, que empezar\u00e1 a recibir entre diciembre de este a\u00f1o y noviembre de 2016.<\/p>\n<p>\u00abLa nueva estructura de costes va a suponer que el coste unitario vaya bajando con el tiempo, lo que permitir\u00e1 que destinos en Asia, que anteriormente no ten\u00edan sentido, puedan tenerlo\u00bb, ha reconocido el presidente ejecutivo de Iberia, Luis Gallego, en un encuentro en La Habana.<\/p>\n<p>No obstante, se\u00f1al\u00f3 que no ser\u00e1 a corto plazo y como pronto hasta 2016 ya que se necesitan aviones con un consumo sostenible y reducido para volar a Asia. \u00abPrimero necesitamos los aviones, luego un &#8216;business&#8217; que funcione y luego liarnos la manta a la cabeza\u00bb, defendi\u00f3.<\/p>\n<p>\u00abEstamos analizando donde podemos volar y Jap\u00f3n es una de las alternativas, como tenemos otras, pero volar a Asia no es f\u00e1cil, pero con la llegada de nuevos aviones son mercados donde podr\u00eda estar\u00bb, reconoci\u00f3.<\/p>\n<p>VUELA UN 40% M\u00c1S BARATO A LA HABANA.<\/p>\n<p>De hecho, Gallego asegur\u00f3 que Iberia vuela hoy entre un 30% y un 40% m\u00e1s barato en la ruta emblem\u00e1tica de La Habana, que lo hac\u00eda hace dos a\u00f1os.<\/p>\n<p>Lo har\u00e1 gracias al recorte de entre el 15% y el 20% de los costes laborales aplicados, a las nuevas medidas de productividad y al acuerdo adicional alcanzado con sus pilotos para volar con dos comandantes &#8211;en vez de con tres&#8211;, y al ahorro del 15% del combustible al operar con un A330 bimotor.<\/p>\n<p>El presidente de Iberia reconoci\u00f3 que lo \u00f3ptimo en una ruta de largo radio es operar un vuelo diario, si bien descart\u00f3 de momento incrementar las cinco frecuencias semanales a La Habana, para a\u00f1adir que la aerol\u00ednea ofrece \u00abel mejor producto en este mercado\u00bb, lo que supone una ventaja competitiva.<\/p>\n<p>Asimismo, admiti\u00f3 que el acercamiento entre Estados Unidos y Cuba a\u00f1ade \u00abun plus\u00bb en un momento id\u00f3neo para reanudar esta ruta simb\u00f3lica para la aerol\u00ednea por los \u00ablazos impresionantes\u00bb entre Cuba y Espa\u00f1a.<\/p>\n<p>\u00abCuando uno empieza hay que hacer las cosas con prudencia\u00bb, aunque indic\u00f3 que la progresi\u00f3n del ingreso medio de sus vuelos a La Habana es buena, para una ruta con una capacidad del 13% en &#8216;business&#8217; (con 36 asientos del total de 278 plazas del A330).<\/p>\n<p>CONF\u00cdA RECUPERAR LOS 200 MILLONES RETENIDOS EN VENEZUELA.<\/p>\n<p>Por otro lado, preguntado por los 200 millones que Iberia tiene retenidos en Venezuela, un problema que afecta a otras muchas aerol\u00edneas, Gallego confi\u00f3 en alcanzar un acuerdo para poder sacarlo del pa\u00eds, al que seguir\u00e1 volando con sus tres frecuencias semanales.<\/p>\n<p>\u00abLlevamos all\u00ed operando muchos a\u00f1os y nuestra vocaci\u00f3n es seguir all\u00ed, pero queremos cobrar lo que trabajamos, aunque no nos planteamos dejar de volar\u00bb, concluy\u00f3.<\/p>\n","protected":false},"excerpt":{"rendered":"<p>Iberia est\u00e1 analizando nuevas rutas para volar a partir de 2016, entre cuyas alternativas figura Jap\u00f3n, una vez que la aerol\u00ednea incorpore los nuevos 16 aviones (8 aviones A330 y otros 8 A350) de largo radio, que empezar\u00e1 a recibir entre diciembre de este a\u00f1o y noviembre de 2016. \u00abLa nueva estructura de costes va<\/p>\n","protected":false},"author":1,"featured_media":38674,"comment_status":"open","ping_status":"closed","sticky":false,"template":"","format":"standard","meta":{"footnotes":""},"categories":[222],"tags":[],"class_list":{"0":"post-38673","1":"post","2":"type-post","3":"status-publish","4":"format-standard","5":"has-post-thumbnail","7":"category-actualidad-turismo"},"aioseo_notices":[],"aioseo_head":"\n\t\t<!-- All in One SEO Pro 4.9.6.1 - aioseo.com -->\n\t<meta name=\"description\" content=\"Iberia est\u00e1 analizando nuevas rutas para volar a partir de 2016, entre cuyas alternativas figura Jap\u00f3n, una vez que la aerol\u00ednea incorpore los nuevos 16 aviones (8 aviones A330 y otros 8 A350) de largo radio, que empezar\u00e1 a recibir entre diciembre de este a\u00f1o y noviembre de 2016. &quot;La nueva estructura de costes va\" \/>\n\t<meta name=\"robots\" content=\"max-image-preview:large\" \/>\n\t<meta name=\"author\" content=\"admin\"\/>\n\t<meta name=\"google-site-verification\" content=\"UA-38556648-1\" \/>\n\t<meta name=\"keywords\" content=\"actualidad turismo\" \/>\n\t<link rel=\"canonical\" href=\"https:\/\/eldigitaldeasturias.com\/magazine365\/iberia-mira-a-asia-para-volar-a-nuevas-rutas-como-japon-a-partir-de-2016\/\" \/>\n\t<meta name=\"generator\" content=\"All in One SEO Pro (AIOSEO) 4.9.6.1\" \/>\n\t\t<meta property=\"og:locale\" content=\"es_ES\" \/>\n\t\t<meta property=\"og:site_name\" content=\"El Digital de Asturias \u2013 Revista de ocio, turismo y estilo de vida\" \/>\n\t\t<meta property=\"og:type\" content=\"article\" \/>\n\t\t<meta property=\"og:title\" content=\"Iberia mira a Asia para volar a nuevas rutas como Jap\u00f3n a partir de 2016 | El Digital de Asturias\" \/>\n\t\t<meta property=\"og:description\" content=\"Iberia est\u00e1 analizando nuevas rutas para volar a partir de 2016, entre cuyas alternativas figura Jap\u00f3n, una vez que la aerol\u00ednea incorpore los nuevos 16 aviones (8 aviones A330 y otros 8 A350) de largo radio, que empezar\u00e1 a recibir entre diciembre de este a\u00f1o y noviembre de 2016. &quot;La nueva estructura de costes va\" \/>\n\t\t<meta property=\"og:url\" content=\"https:\/\/eldigitaldeasturias.com\/magazine365\/iberia-mira-a-asia-para-volar-a-nuevas-rutas-como-japon-a-partir-de-2016\/\" \/>\n\t\t<meta property=\"og:image\" content=\"https:\/\/eldigitaldeasturias.com\/magazine365\/wp-content\/uploads\/2015\/06\/fotonoticia_20150602172530_800.jpg\" \/>\n\t\t<meta property=\"og:image:secure_url\" content=\"https:\/\/eldigitaldeasturias.com\/magazine365\/wp-content\/uploads\/2015\/06\/fotonoticia_20150602172530_800.jpg\" \/>\n\t\t<meta property=\"og:image:width\" content=\"800\" \/>\n\t\t<meta property=\"og:image:height\" content=\"532\" \/>\n\t\t<meta property=\"article:published_time\" content=\"2015-06-04T11:26:37+00:00\" \/>\n\t\t<meta property=\"article:modified_time\" content=\"2015-06-04T11:26:38+00:00\" \/>\n\t\t<meta name=\"twitter:card\" content=\"summary_large_image\" \/>\n\t\t<meta name=\"twitter:title\" content=\"Iberia mira a Asia para volar a nuevas rutas como Jap\u00f3n a partir de 2016 | El Digital de Asturias\" \/>\n\t\t<meta name=\"twitter:description\" content=\"Iberia est\u00e1 analizando nuevas rutas para volar a partir de 2016, entre cuyas alternativas figura Jap\u00f3n, una vez que la aerol\u00ednea incorpore los nuevos 16 aviones (8 aviones A330 y otros 8 A350) de largo radio, que empezar\u00e1 a recibir entre diciembre de este a\u00f1o y noviembre de 2016. &quot;La nueva estructura de costes va\" \/>\n\t\t<meta name=\"twitter:image\" content=\"https:\/\/eldigitaldeasturias.com\/magazine365\/wp-content\/uploads\/2015\/06\/fotonoticia_20150602172530_800.jpg\" \/>\n\t\t<script type=\"application\/ld+json\" class=\"aioseo-schema\">\n\t\t\t{\"@context\":\"https:\\\/\\\/schema.org\",\"@graph\":[{\"@type\":\"Article\",\"@id\":\"https:\\\/\\\/eldigitaldeasturias.com\\\/magazine365\\\/iberia-mira-a-asia-para-volar-a-nuevas-rutas-como-japon-a-partir-de-2016\\\/#article\",\"name\":\"Iberia mira a Asia para volar a nuevas rutas como Jap\\u00f3n a partir de 2016 | El Digital de Asturias\",\"headline\":\"Iberia mira a Asia para volar a nuevas rutas como Jap\\u00f3n a partir de 2016\",\"author\":{\"@id\":\"https:\\\/\\\/eldigitaldeasturias.com\\\/magazine365\\\/author\\\/admin\\\/#author\"},\"publisher\":{\"@id\":\"https:\\\/\\\/eldigitaldeasturias.com\\\/magazine365\\\/#organization\"},\"image\":{\"@type\":\"ImageObject\",\"url\":\"https:\\\/\\\/eldigitaldeasturias.com\\\/magazine365\\\/wp-content\\\/uploads\\\/2015\\\/06\\\/fotonoticia_20150602172530_800.jpg\",\"width\":800,\"height\":532},\"datePublished\":\"2015-06-04T12:56:37+02:00\",\"dateModified\":\"2015-06-04T12:56:38+02:00\",\"inLanguage\":\"es-ES\",\"mainEntityOfPage\":{\"@id\":\"https:\\\/\\\/eldigitaldeasturias.com\\\/magazine365\\\/iberia-mira-a-asia-para-volar-a-nuevas-rutas-como-japon-a-partir-de-2016\\\/#webpage\"},\"isPartOf\":{\"@id\":\"https:\\\/\\\/eldigitaldeasturias.com\\\/magazine365\\\/iberia-mira-a-asia-para-volar-a-nuevas-rutas-como-japon-a-partir-de-2016\\\/#webpage\"},\"articleSection\":\"Actualidad Turismo\"},{\"@type\":\"BreadcrumbList\",\"@id\":\"https:\\\/\\\/eldigitaldeasturias.com\\\/magazine365\\\/iberia-mira-a-asia-para-volar-a-nuevas-rutas-como-japon-a-partir-de-2016\\\/#breadcrumblist\",\"itemListElement\":[{\"@type\":\"ListItem\",\"@id\":\"https:\\\/\\\/eldigitaldeasturias.com\\\/magazine365#listItem\",\"position\":1,\"name\":\"Home\",\"item\":\"https:\\\/\\\/eldigitaldeasturias.com\\\/magazine365\",\"nextItem\":{\"@type\":\"ListItem\",\"@id\":\"https:\\\/\\\/eldigitaldeasturias.com\\\/magazine365\\\/category\\\/actualidad-turismo\\\/#listItem\",\"name\":\"Actualidad Turismo\"}},{\"@type\":\"ListItem\",\"@id\":\"https:\\\/\\\/eldigitaldeasturias.com\\\/magazine365\\\/category\\\/actualidad-turismo\\\/#listItem\",\"position\":2,\"name\":\"Actualidad Turismo\",\"item\":\"https:\\\/\\\/eldigitaldeasturias.com\\\/magazine365\\\/category\\\/actualidad-turismo\\\/\",\"nextItem\":{\"@type\":\"ListItem\",\"@id\":\"https:\\\/\\\/eldigitaldeasturias.com\\\/magazine365\\\/iberia-mira-a-asia-para-volar-a-nuevas-rutas-como-japon-a-partir-de-2016\\\/#listItem\",\"name\":\"Iberia mira a Asia para volar a nuevas rutas como Jap\\u00f3n a partir de 2016\"},\"previousItem\":{\"@type\":\"ListItem\",\"@id\":\"https:\\\/\\\/eldigitaldeasturias.com\\\/magazine365#listItem\",\"name\":\"Home\"}},{\"@type\":\"ListItem\",\"@id\":\"https:\\\/\\\/eldigitaldeasturias.com\\\/magazine365\\\/iberia-mira-a-asia-para-volar-a-nuevas-rutas-como-japon-a-partir-de-2016\\\/#listItem\",\"position\":3,\"name\":\"Iberia mira a Asia para volar a nuevas rutas como Jap\\u00f3n a partir de 2016\",\"previousItem\":{\"@type\":\"ListItem\",\"@id\":\"https:\\\/\\\/eldigitaldeasturias.com\\\/magazine365\\\/category\\\/actualidad-turismo\\\/#listItem\",\"name\":\"Actualidad Turismo\"}}]},{\"@type\":\"Organization\",\"@id\":\"https:\\\/\\\/eldigitaldeasturias.com\\\/magazine365\\\/#organization\",\"name\":\"El digital de Asturias\",\"description\":\"Revista de ocio, turismo y estilo de vida\",\"url\":\"https:\\\/\\\/eldigitaldeasturias.com\\\/magazine365\\\/\",\"logo\":{\"@type\":\"ImageObject\",\"url\":\"https:\\\/\\\/www.eldigitaldeasturias.com\\\/noticias\\\/wp-content\\\/uploads\\\/2020\\\/12\\\/EDA.jpg\",\"@id\":\"https:\\\/\\\/eldigitaldeasturias.com\\\/magazine365\\\/iberia-mira-a-asia-para-volar-a-nuevas-rutas-como-japon-a-partir-de-2016\\\/#organizationLogo\"},\"image\":{\"@id\":\"https:\\\/\\\/eldigitaldeasturias.com\\\/magazine365\\\/iberia-mira-a-asia-para-volar-a-nuevas-rutas-como-japon-a-partir-de-2016\\\/#organizationLogo\"}},{\"@type\":\"Person\",\"@id\":\"https:\\\/\\\/eldigitaldeasturias.com\\\/magazine365\\\/author\\\/admin\\\/#author\",\"url\":\"https:\\\/\\\/eldigitaldeasturias.com\\\/magazine365\\\/author\\\/admin\\\/\",\"name\":\"admin\",\"image\":{\"@type\":\"ImageObject\",\"@id\":\"https:\\\/\\\/eldigitaldeasturias.com\\\/magazine365\\\/iberia-mira-a-asia-para-volar-a-nuevas-rutas-como-japon-a-partir-de-2016\\\/#authorImage\",\"url\":\"https:\\\/\\\/eldigitaldeasturias.com\\\/magazine365\\\/wp-content\\\/litespeed\\\/avatar\\\/e571bcf59a0edd6fa6838245a470f2fe.jpg?ver=1776969259\",\"width\":96,\"height\":96,\"caption\":\"admin\"}},{\"@type\":\"WebPage\",\"@id\":\"https:\\\/\\\/eldigitaldeasturias.com\\\/magazine365\\\/iberia-mira-a-asia-para-volar-a-nuevas-rutas-como-japon-a-partir-de-2016\\\/#webpage\",\"url\":\"https:\\\/\\\/eldigitaldeasturias.com\\\/magazine365\\\/iberia-mira-a-asia-para-volar-a-nuevas-rutas-como-japon-a-partir-de-2016\\\/\",\"name\":\"Iberia mira a Asia para volar a nuevas rutas como Jap\\u00f3n a partir de 2016 | El Digital de Asturias\",\"description\":\"Iberia est\\u00e1 analizando nuevas rutas para volar a partir de 2016, entre cuyas alternativas figura Jap\\u00f3n, una vez que la aerol\\u00ednea incorpore los nuevos 16 aviones (8 aviones A330 y otros 8 A350) de largo radio, que empezar\\u00e1 a recibir entre diciembre de este a\\u00f1o y noviembre de 2016. \\\"La nueva estructura de costes va\",\"inLanguage\":\"es-ES\",\"isPartOf\":{\"@id\":\"https:\\\/\\\/eldigitaldeasturias.com\\\/magazine365\\\/#website\"},\"breadcrumb\":{\"@id\":\"https:\\\/\\\/eldigitaldeasturias.com\\\/magazine365\\\/iberia-mira-a-asia-para-volar-a-nuevas-rutas-como-japon-a-partir-de-2016\\\/#breadcrumblist\"},\"author\":{\"@id\":\"https:\\\/\\\/eldigitaldeasturias.com\\\/magazine365\\\/author\\\/admin\\\/#author\"},\"creator\":{\"@id\":\"https:\\\/\\\/eldigitaldeasturias.com\\\/magazine365\\\/author\\\/admin\\\/#author\"},\"image\":{\"@type\":\"ImageObject\",\"url\":\"https:\\\/\\\/eldigitaldeasturias.com\\\/magazine365\\\/wp-content\\\/uploads\\\/2015\\\/06\\\/fotonoticia_20150602172530_800.jpg\",\"@id\":\"https:\\\/\\\/eldigitaldeasturias.com\\\/magazine365\\\/iberia-mira-a-asia-para-volar-a-nuevas-rutas-como-japon-a-partir-de-2016\\\/#mainImage\",\"width\":800,\"height\":532},\"primaryImageOfPage\":{\"@id\":\"https:\\\/\\\/eldigitaldeasturias.com\\\/magazine365\\\/iberia-mira-a-asia-para-volar-a-nuevas-rutas-como-japon-a-partir-de-2016\\\/#mainImage\"},\"datePublished\":\"2015-06-04T12:56:37+02:00\",\"dateModified\":\"2015-06-04T12:56:38+02:00\"},{\"@type\":\"WebSite\",\"@id\":\"https:\\\/\\\/eldigitaldeasturias.com\\\/magazine365\\\/#website\",\"url\":\"https:\\\/\\\/eldigitaldeasturias.com\\\/magazine365\\\/\",\"name\":\"El Digital de Asturias\",\"description\":\"Revista de ocio, turismo y estilo de vida\",\"inLanguage\":\"es-ES\",\"publisher\":{\"@id\":\"https:\\\/\\\/eldigitaldeasturias.com\\\/magazine365\\\/#organization\"}}]}\n\t\t<\/script>\n\t\t<!-- All in One SEO Pro -->\r\n\t\t<title>Iberia mira a Asia para volar a nuevas rutas como Jap\u00f3n a partir de 2016 | El Digital de Asturias<\/title>\n\n","aioseo_head_json":{"title":"Iberia mira a Asia para volar a nuevas rutas como Jap\u00f3n a partir de 2016 | El Digital de Asturias","description":"Iberia est\u00e1 analizando nuevas rutas para volar a partir de 2016, entre cuyas alternativas figura Jap\u00f3n, una vez que la aerol\u00ednea incorpore los nuevos 16 aviones (8 aviones A330 y otros 8 A350) de largo radio, que empezar\u00e1 a recibir entre diciembre de este a\u00f1o y noviembre de 2016. \"La nueva estructura de costes va","canonical_url":"https:\/\/eldigitaldeasturias.com\/magazine365\/iberia-mira-a-asia-para-volar-a-nuevas-rutas-como-japon-a-partir-de-2016\/","robots":"max-image-preview:large","keywords":"actualidad turismo","webmasterTools":{"google-site-verification":"UA-38556648-1","miscellaneous":""},"schema":{"@context":"https:\/\/schema.org","@graph":[{"@type":"Article","@id":"https:\/\/eldigitaldeasturias.com\/magazine365\/iberia-mira-a-asia-para-volar-a-nuevas-rutas-como-japon-a-partir-de-2016\/#article","name":"Iberia mira a Asia para volar a nuevas rutas como Jap\u00f3n a partir de 2016 | El Digital de Asturias","headline":"Iberia mira a Asia para volar a nuevas rutas como Jap\u00f3n a partir de 2016","author":{"@id":"https:\/\/eldigitaldeasturias.com\/magazine365\/author\/admin\/#author"},"publisher":{"@id":"https:\/\/eldigitaldeasturias.com\/magazine365\/#organization"},"image":{"@type":"ImageObject","url":"https:\/\/eldigitaldeasturias.com\/magazine365\/wp-content\/uploads\/2015\/06\/fotonoticia_20150602172530_800.jpg","width":800,"height":532},"datePublished":"2015-06-04T12:56:37+02:00","dateModified":"2015-06-04T12:56:38+02:00","inLanguage":"es-ES","mainEntityOfPage":{"@id":"https:\/\/eldigitaldeasturias.com\/magazine365\/iberia-mira-a-asia-para-volar-a-nuevas-rutas-como-japon-a-partir-de-2016\/#webpage"},"isPartOf":{"@id":"https:\/\/eldigitaldeasturias.com\/magazine365\/iberia-mira-a-asia-para-volar-a-nuevas-rutas-como-japon-a-partir-de-2016\/#webpage"},"articleSection":"Actualidad Turismo"},{"@type":"BreadcrumbList","@id":"https:\/\/eldigitaldeasturias.com\/magazine365\/iberia-mira-a-asia-para-volar-a-nuevas-rutas-como-japon-a-partir-de-2016\/#breadcrumblist","itemListElement":[{"@type":"ListItem","@id":"https:\/\/eldigitaldeasturias.com\/magazine365#listItem","position":1,"name":"Home","item":"https:\/\/eldigitaldeasturias.com\/magazine365","nextItem":{"@type":"ListItem","@id":"https:\/\/eldigitaldeasturias.com\/magazine365\/category\/actualidad-turismo\/#listItem","name":"Actualidad Turismo"}},{"@type":"ListItem","@id":"https:\/\/eldigitaldeasturias.com\/magazine365\/category\/actualidad-turismo\/#listItem","position":2,"name":"Actualidad Turismo","item":"https:\/\/eldigitaldeasturias.com\/magazine365\/category\/actualidad-turismo\/","nextItem":{"@type":"ListItem","@id":"https:\/\/eldigitaldeasturias.com\/magazine365\/iberia-mira-a-asia-para-volar-a-nuevas-rutas-como-japon-a-partir-de-2016\/#listItem","name":"Iberia mira a Asia para volar a nuevas rutas como Jap\u00f3n a partir de 2016"},"previousItem":{"@type":"ListItem","@id":"https:\/\/eldigitaldeasturias.com\/magazine365#listItem","name":"Home"}},{"@type":"ListItem","@id":"https:\/\/eldigitaldeasturias.com\/magazine365\/iberia-mira-a-asia-para-volar-a-nuevas-rutas-como-japon-a-partir-de-2016\/#listItem","position":3,"name":"Iberia mira a Asia para volar a nuevas rutas como Jap\u00f3n a partir de 2016","previousItem":{"@type":"ListItem","@id":"https:\/\/eldigitaldeasturias.com\/magazine365\/category\/actualidad-turismo\/#listItem","name":"Actualidad Turismo"}}]},{"@type":"Organization","@id":"https:\/\/eldigitaldeasturias.com\/magazine365\/#organization","name":"El digital de Asturias","description":"Revista de ocio, turismo y estilo de vida","url":"https:\/\/eldigitaldeasturias.com\/magazine365\/","logo":{"@type":"ImageObject","url":"https:\/\/www.eldigitaldeasturias.com\/noticias\/wp-content\/uploads\/2020\/12\/EDA.jpg","@id":"https:\/\/eldigitaldeasturias.com\/magazine365\/iberia-mira-a-asia-para-volar-a-nuevas-rutas-como-japon-a-partir-de-2016\/#organizationLogo"},"image":{"@id":"https:\/\/eldigitaldeasturias.com\/magazine365\/iberia-mira-a-asia-para-volar-a-nuevas-rutas-como-japon-a-partir-de-2016\/#organizationLogo"}},{"@type":"Person","@id":"https:\/\/eldigitaldeasturias.com\/magazine365\/author\/admin\/#author","url":"https:\/\/eldigitaldeasturias.com\/magazine365\/author\/admin\/","name":"admin","image":{"@type":"ImageObject","@id":"https:\/\/eldigitaldeasturias.com\/magazine365\/iberia-mira-a-asia-para-volar-a-nuevas-rutas-como-japon-a-partir-de-2016\/#authorImage","url":"https:\/\/eldigitaldeasturias.com\/magazine365\/wp-content\/litespeed\/avatar\/e571bcf59a0edd6fa6838245a470f2fe.jpg?ver=1776969259","width":96,"height":96,"caption":"admin"}},{"@type":"WebPage","@id":"https:\/\/eldigitaldeasturias.com\/magazine365\/iberia-mira-a-asia-para-volar-a-nuevas-rutas-como-japon-a-partir-de-2016\/#webpage","url":"https:\/\/eldigitaldeasturias.com\/magazine365\/iberia-mira-a-asia-para-volar-a-nuevas-rutas-como-japon-a-partir-de-2016\/","name":"Iberia mira a Asia para volar a nuevas rutas como Jap\u00f3n a partir de 2016 | El Digital de Asturias","description":"Iberia est\u00e1 analizando nuevas rutas para volar a partir de 2016, entre cuyas alternativas figura Jap\u00f3n, una vez que la aerol\u00ednea incorpore los nuevos 16 aviones (8 aviones A330 y otros 8 A350) de largo radio, que empezar\u00e1 a recibir entre diciembre de este a\u00f1o y noviembre de 2016. \"La nueva estructura de costes va","inLanguage":"es-ES","isPartOf":{"@id":"https:\/\/eldigitaldeasturias.com\/magazine365\/#website"},"breadcrumb":{"@id":"https:\/\/eldigitaldeasturias.com\/magazine365\/iberia-mira-a-asia-para-volar-a-nuevas-rutas-como-japon-a-partir-de-2016\/#breadcrumblist"},"author":{"@id":"https:\/\/eldigitaldeasturias.com\/magazine365\/author\/admin\/#author"},"creator":{"@id":"https:\/\/eldigitaldeasturias.com\/magazine365\/author\/admin\/#author"},"image":{"@type":"ImageObject","url":"https:\/\/eldigitaldeasturias.com\/magazine365\/wp-content\/uploads\/2015\/06\/fotonoticia_20150602172530_800.jpg","@id":"https:\/\/eldigitaldeasturias.com\/magazine365\/iberia-mira-a-asia-para-volar-a-nuevas-rutas-como-japon-a-partir-de-2016\/#mainImage","width":800,"height":532},"primaryImageOfPage":{"@id":"https:\/\/eldigitaldeasturias.com\/magazine365\/iberia-mira-a-asia-para-volar-a-nuevas-rutas-como-japon-a-partir-de-2016\/#mainImage"},"datePublished":"2015-06-04T12:56:37+02:00","dateModified":"2015-06-04T12:56:38+02:00"},{"@type":"WebSite","@id":"https:\/\/eldigitaldeasturias.com\/magazine365\/#website","url":"https:\/\/eldigitaldeasturias.com\/magazine365\/","name":"El Digital de Asturias","description":"Revista de ocio, turismo y estilo de vida","inLanguage":"es-ES","publisher":{"@id":"https:\/\/eldigitaldeasturias.com\/magazine365\/#organization"}}]},"og:locale":"es_ES","og:site_name":"El Digital de Asturias \u2013 Revista de ocio, turismo y estilo de vida","og:type":"article","og:title":"Iberia mira a Asia para volar a nuevas rutas como Jap\u00f3n a partir de 2016 | El Digital de Asturias","og:description":"Iberia est\u00e1 analizando nuevas rutas para volar a partir de 2016, entre cuyas alternativas figura Jap\u00f3n, una vez que la aerol\u00ednea incorpore los nuevos 16 aviones (8 aviones A330 y otros 8 A350) de largo radio, que empezar\u00e1 a recibir entre diciembre de este a\u00f1o y noviembre de 2016. &quot;La nueva estructura de costes va","og:url":"https:\/\/eldigitaldeasturias.com\/magazine365\/iberia-mira-a-asia-para-volar-a-nuevas-rutas-como-japon-a-partir-de-2016\/","og:image":"https:\/\/eldigitaldeasturias.com\/magazine365\/wp-content\/uploads\/2015\/06\/fotonoticia_20150602172530_800.jpg","og:image:secure_url":"https:\/\/eldigitaldeasturias.com\/magazine365\/wp-content\/uploads\/2015\/06\/fotonoticia_20150602172530_800.jpg","og:image:width":800,"og:image:height":532,"article:published_time":"2015-06-04T11:26:37+00:00","article:modified_time":"2015-06-04T11:26:38+00:00","twitter:card":"summary_large_image","twitter:title":"Iberia mira a Asia para volar a nuevas rutas como Jap\u00f3n a partir de 2016 | El Digital de Asturias","twitter:description":"Iberia est\u00e1 analizando nuevas rutas para volar a partir de 2016, entre cuyas alternativas figura Jap\u00f3n, una vez que la aerol\u00ednea incorpore los nuevos 16 aviones (8 aviones A330 y otros 8 A350) de largo radio, que empezar\u00e1 a recibir entre diciembre de este a\u00f1o y noviembre de 2016. &quot;La nueva estructura de costes va","twitter:image":"https:\/\/eldigitaldeasturias.com\/magazine365\/wp-content\/uploads\/2015\/06\/fotonoticia_20150602172530_800.jpg"},"aioseo_meta_data":{"post_id":"38673","title":null,"description":null,"keywords":null,"keyphrases":null,"primary_term":null,"canonical_url":null,"og_title":null,"og_description":null,"og_object_type":"default","og_image_type":"default","og_image_url":null,"og_image_width":null,"og_image_height":null,"og_image_custom_url":null,"og_image_custom_fields":null,"og_video":null,"og_custom_url":null,"og_article_section":null,"og_article_tags":null,"twitter_use_og":false,"twitter_card":"default","twitter_image_type":"default","twitter_image_url":null,"twitter_image_custom_url":null,"twitter_image_custom_fields":null,"twitter_title":null,"twitter_description":null,"schema":{"blockGraphs":[],"customGraphs":[],"default":{"data":{"Article":[],"Course":[],"Dataset":[],"FAQPage":[],"Movie":[],"Person":[],"Product":[],"ProductReview":[],"Car":[],"Recipe":[],"Service":[],"SoftwareApplication":[],"WebPage":[]},"graphName":"","isEnabled":true},"graphs":[],"defaultGraph":"","defaultPostTypeGraph":""},"schema_type":null,"schema_type_options":null,"pillar_content":false,"robots_default":true,"robots_noindex":false,"robots_noarchive":false,"robots_nosnippet":false,"robots_nofollow":false,"robots_noimageindex":false,"robots_noodp":false,"robots_notranslate":false,"robots_max_snippet":null,"robots_max_videopreview":null,"robots_max_imagepreview":"large","priority":null,"frequency":null,"location":null,"local_seo":null,"seo_analyzer_scan_date":"2025-09-19 10:03:07","breadcrumb_settings":null,"limit_modified_date":false,"open_ai":null,"ai":null,"created":"2021-03-09 02:50:41","updated":"2025-09-19 10:03:07"},"aioseo_breadcrumb":"<div class=\"aioseo-breadcrumbs\"><span class=\"aioseo-breadcrumb\">\n\t<a href=\"https:\/\/eldigitaldeasturias.com\/magazine365\" title=\"Home\">Home<\/a>\n<\/span><span class=\"aioseo-breadcrumb-separator\">\u2013<\/span><span class=\"aioseo-breadcrumb\">\n\t<a href=\"https:\/\/eldigitaldeasturias.com\/magazine365\/category\/actualidad-turismo\/\" title=\"Actualidad Turismo\">Actualidad Turismo<\/a>\n<\/span><span class=\"aioseo-breadcrumb-separator\">\u2013<\/span><span class=\"aioseo-breadcrumb\">\n\t<a href=\"https:\/\/eldigitaldeasturias.com\/magazine365\/iberia-mira-a-asia-para-volar-a-nuevas-rutas-como-japon-a-partir-de-2016\/\" title=\"Iberia mira a Asia para volar a nuevas rutas como Jap\u00f3n a partir de 2016\">Iberia mira a Asia para volar a nuevas rutas como Jap\u00f3n a partir de 2016<\/a>\n<\/span><\/div>","aioseo_breadcrumb_json":[{"label":"Home","link":"https:\/\/eldigitaldeasturias.com\/magazine365"},{"label":"Actualidad Turismo","link":"https:\/\/eldigitaldeasturias.com\/magazine365\/category\/actualidad-turismo\/"},{"label":"Iberia mira a Asia para volar a nuevas rutas como Jap\u00f3n a partir de 2016","link":"https:\/\/eldigitaldeasturias.com\/magazine365\/iberia-mira-a-asia-para-volar-a-nuevas-rutas-como-japon-a-partir-de-2016\/"}],"_links":{"self":[{"href":"https:\/\/eldigitaldeasturias.com\/magazine365\/wp-json\/wp\/v2\/posts\/38673","targetHints":{"allow":["GET"]}}],"collection":[{"href":"https:\/\/eldigitaldeasturias.com\/magazine365\/wp-json\/wp\/v2\/posts"}],"about":[{"href":"https:\/\/eldigitaldeasturias.com\/magazine365\/wp-json\/wp\/v2\/types\/post"}],"author":[{"embeddable":true,"href":"https:\/\/eldigitaldeasturias.com\/magazine365\/wp-json\/wp\/v2\/users\/1"}],"replies":[{"embeddable":true,"href":"https:\/\/eldigitaldeasturias.com\/magazine365\/wp-json\/wp\/v2\/comments?post=38673"}],"version-history":[{"count":0,"href":"https:\/\/eldigitaldeasturias.com\/magazine365\/wp-json\/wp\/v2\/posts\/38673\/revisions"}],"wp:featuredmedia":[{"embeddable":true,"href":"https:\/\/eldigitaldeasturias.com\/magazine365\/wp-json\/wp\/v2\/media\/38674"}],"wp:attachment":[{"href":"https:\/\/eldigitaldeasturias.com\/magazine365\/wp-json\/wp\/v2\/media?parent=38673"}],"wp:term":[{"taxonomy":"category","embeddable":true,"href":"https:\/\/eldigitaldeasturias.com\/magazine365\/wp-json\/wp\/v2\/categories?post=38673"},{"taxonomy":"post_tag","embeddable":true,"href":"https:\/\/eldigitaldeasturias.com\/magazine365\/wp-json\/wp\/v2\/tags?post=38673"}],"curies":[{"name":"wp","href":"https:\/\/api.w.org\/{rel}","templated":true}]}}