{"id":38670,"date":"2015-06-04T12:55:11","date_gmt":"2015-06-04T11:25:11","guid":{"rendered":"http:\/\/eldigitaldeasturias.com\/magazine365\/?p=38670"},"modified":"2015-06-04T12:55:11","modified_gmt":"2015-06-04T11:25:11","slug":"jetblue-recibe-el-premio-cio-100","status":"publish","type":"post","link":"https:\/\/eldigitaldeasturias.com\/magazine365\/jetblue-recibe-el-premio-cio-100\/","title":{"rendered":"Jetblue recibe el premio CIO 100"},"content":{"rendered":"<p><img fetchpriority=\"high\" decoding=\"async\" class=\"alignleft size-medium wp-image-38671\" src=\"https:\/\/eldigitaldeasturias.com\/magazine365\/wp-content\/uploads\/2015\/06\/fotonoticia_20150602175515_800-360x226.jpg\" alt=\"fotonoticia_20150602175515_800\" width=\"360\" height=\"226\" srcset=\"https:\/\/eldigitaldeasturias.com\/magazine365\/wp-content\/uploads\/2015\/06\/fotonoticia_20150602175515_800-360x226.jpg 360w, https:\/\/eldigitaldeasturias.com\/magazine365\/wp-content\/uploads\/2015\/06\/fotonoticia_20150602175515_800-650x408.jpg 650w, https:\/\/eldigitaldeasturias.com\/magazine365\/wp-content\/uploads\/2015\/06\/fotonoticia_20150602175515_800-768x482.jpg 768w, https:\/\/eldigitaldeasturias.com\/magazine365\/wp-content\/uploads\/2015\/06\/fotonoticia_20150602175515_800-150x94.jpg 150w, https:\/\/eldigitaldeasturias.com\/magazine365\/wp-content\/uploads\/2015\/06\/fotonoticia_20150602175515_800-450x282.jpg 450w, https:\/\/eldigitaldeasturias.com\/magazine365\/wp-content\/uploads\/2015\/06\/fotonoticia_20150602175515_800-696x437.jpg 696w, https:\/\/eldigitaldeasturias.com\/magazine365\/wp-content\/uploads\/2015\/06\/fotonoticia_20150602175515_800-669x420.jpg 669w, https:\/\/eldigitaldeasturias.com\/magazine365\/wp-content\/uploads\/2015\/06\/fotonoticia_20150602175515_800-269x170.jpg 269w, https:\/\/eldigitaldeasturias.com\/magazine365\/wp-content\/uploads\/2015\/06\/fotonoticia_20150602175515_800-480x300.jpg 480w, https:\/\/eldigitaldeasturias.com\/magazine365\/wp-content\/uploads\/2015\/06\/fotonoticia_20150602175515_800.jpg 800w\" sizes=\"(max-width: 360px) 100vw, 360px\" \/>La aerol\u00ednea Jetblue ha sido galardonada por el premio CIO 100 por la revista internacional CIO del grupo IDG, seg\u00fan ha informado la compa\u00f1\u00eda.<\/p>\n<p>El premio reconoce a las organizaciones que han destacado este a\u00f1o por la creaci\u00f3n de valor para el negocio mediante el uso efectivo e innovador de las Tecnolog\u00edas de la Informaci\u00f3n.<\/p>\n<p>La aerol\u00ednea ha introducido en los \u00faltimos a\u00f1os mejoras tecnol\u00f3gicas para mejorar su servicio al cliente.<\/p>\n<p>Entre las innovaciones introducidas por la compa\u00f1\u00eda se encuentran el pago mediante Apple Pay en el avi\u00f3n, la implementaci\u00f3n de iPads, la incorporaci\u00f3n de wifi de banda ancha, el lanzamiento de aplicaciones de Apple Watch o el check-in autom\u00e1tico.<\/p>\n","protected":false},"excerpt":{"rendered":"<p>La aerol\u00ednea Jetblue ha sido galardonada por el premio CIO 100 por la revista internacional CIO del grupo IDG, seg\u00fan ha informado la compa\u00f1\u00eda. El premio reconoce a las organizaciones que han destacado este a\u00f1o por la creaci\u00f3n de valor para el negocio mediante el uso efectivo e innovador de las Tecnolog\u00edas de la Informaci\u00f3n.<\/p>\n","protected":false},"author":1,"featured_media":38671,"comment_status":"open","ping_status":"closed","sticky":false,"template":"","format":"standard","meta":{"footnotes":""},"categories":[224],"tags":[],"class_list":{"0":"post-38670","1":"post","2":"type-post","3":"status-publish","4":"format-standard","5":"has-post-thumbnail","7":"category-noticias-actualidad"},"aioseo_notices":[],"aioseo_head":"\n\t\t<!-- All in One SEO Pro 4.9.6.1 - aioseo.com -->\n\t<meta name=\"description\" content=\"La aerol\u00ednea Jetblue ha sido galardonada por el premio CIO 100 por la revista internacional CIO del grupo IDG, seg\u00fan ha informado la compa\u00f1\u00eda. El premio reconoce a las organizaciones que han destacado este a\u00f1o por la creaci\u00f3n de valor para el negocio mediante el uso efectivo e innovador de las Tecnolog\u00edas de la Informaci\u00f3n.\" \/>\n\t<meta name=\"robots\" content=\"max-image-preview:large\" \/>\n\t<meta name=\"author\" content=\"admin\"\/>\n\t<meta name=\"google-site-verification\" content=\"UA-38556648-1\" \/>\n\t<meta name=\"keywords\" content=\"noticias y actualidad\" \/>\n\t<link rel=\"canonical\" href=\"https:\/\/eldigitaldeasturias.com\/magazine365\/jetblue-recibe-el-premio-cio-100\/\" \/>\n\t<meta name=\"generator\" content=\"All in One SEO Pro (AIOSEO) 4.9.6.1\" \/>\n\t\t<meta property=\"og:locale\" content=\"es_ES\" \/>\n\t\t<meta property=\"og:site_name\" content=\"El Digital de Asturias \u2013 Revista de ocio, turismo y estilo de vida\" \/>\n\t\t<meta property=\"og:type\" content=\"article\" \/>\n\t\t<meta property=\"og:title\" content=\"Jetblue recibe el premio CIO 100 | El Digital de Asturias\" \/>\n\t\t<meta property=\"og:description\" content=\"La aerol\u00ednea Jetblue ha sido galardonada por el premio CIO 100 por la revista internacional CIO del grupo IDG, seg\u00fan ha informado la compa\u00f1\u00eda. El premio reconoce a las organizaciones que han destacado este a\u00f1o por la creaci\u00f3n de valor para el negocio mediante el uso efectivo e innovador de las Tecnolog\u00edas de la Informaci\u00f3n.\" \/>\n\t\t<meta property=\"og:url\" content=\"https:\/\/eldigitaldeasturias.com\/magazine365\/jetblue-recibe-el-premio-cio-100\/\" \/>\n\t\t<meta property=\"og:image\" content=\"https:\/\/eldigitaldeasturias.com\/magazine365\/wp-content\/uploads\/2015\/06\/fotonoticia_20150602175515_800.jpg\" \/>\n\t\t<meta property=\"og:image:secure_url\" content=\"https:\/\/eldigitaldeasturias.com\/magazine365\/wp-content\/uploads\/2015\/06\/fotonoticia_20150602175515_800.jpg\" \/>\n\t\t<meta property=\"og:image:width\" content=\"800\" \/>\n\t\t<meta property=\"og:image:height\" content=\"502\" \/>\n\t\t<meta property=\"article:published_time\" content=\"2015-06-04T11:25:11+00:00\" \/>\n\t\t<meta property=\"article:modified_time\" content=\"2015-06-04T11:25:11+00:00\" \/>\n\t\t<meta name=\"twitter:card\" content=\"summary_large_image\" \/>\n\t\t<meta name=\"twitter:title\" content=\"Jetblue recibe el premio CIO 100 | El Digital de Asturias\" \/>\n\t\t<meta name=\"twitter:description\" content=\"La aerol\u00ednea Jetblue ha sido galardonada por el premio CIO 100 por la revista internacional CIO del grupo IDG, seg\u00fan ha informado la compa\u00f1\u00eda. El premio reconoce a las organizaciones que han destacado este a\u00f1o por la creaci\u00f3n de valor para el negocio mediante el uso efectivo e innovador de las Tecnolog\u00edas de la Informaci\u00f3n.\" \/>\n\t\t<meta name=\"twitter:image\" content=\"https:\/\/eldigitaldeasturias.com\/magazine365\/wp-content\/uploads\/2015\/06\/fotonoticia_20150602175515_800.jpg\" \/>\n\t\t<script type=\"application\/ld+json\" class=\"aioseo-schema\">\n\t\t\t{\"@context\":\"https:\\\/\\\/schema.org\",\"@graph\":[{\"@type\":\"Article\",\"@id\":\"https:\\\/\\\/eldigitaldeasturias.com\\\/magazine365\\\/jetblue-recibe-el-premio-cio-100\\\/#article\",\"name\":\"Jetblue recibe el premio CIO 100 | El Digital de Asturias\",\"headline\":\"Jetblue recibe el premio CIO 100\",\"author\":{\"@id\":\"https:\\\/\\\/eldigitaldeasturias.com\\\/magazine365\\\/author\\\/admin\\\/#author\"},\"publisher\":{\"@id\":\"https:\\\/\\\/eldigitaldeasturias.com\\\/magazine365\\\/#organization\"},\"image\":{\"@type\":\"ImageObject\",\"url\":\"https:\\\/\\\/eldigitaldeasturias.com\\\/magazine365\\\/wp-content\\\/uploads\\\/2015\\\/06\\\/fotonoticia_20150602175515_800.jpg\",\"width\":800,\"height\":502},\"datePublished\":\"2015-06-04T12:55:11+02:00\",\"dateModified\":\"2015-06-04T12:55:11+02:00\",\"inLanguage\":\"es-ES\",\"mainEntityOfPage\":{\"@id\":\"https:\\\/\\\/eldigitaldeasturias.com\\\/magazine365\\\/jetblue-recibe-el-premio-cio-100\\\/#webpage\"},\"isPartOf\":{\"@id\":\"https:\\\/\\\/eldigitaldeasturias.com\\\/magazine365\\\/jetblue-recibe-el-premio-cio-100\\\/#webpage\"},\"articleSection\":\"Noticias y Actualidad\"},{\"@type\":\"BreadcrumbList\",\"@id\":\"https:\\\/\\\/eldigitaldeasturias.com\\\/magazine365\\\/jetblue-recibe-el-premio-cio-100\\\/#breadcrumblist\",\"itemListElement\":[{\"@type\":\"ListItem\",\"@id\":\"https:\\\/\\\/eldigitaldeasturias.com\\\/magazine365#listItem\",\"position\":1,\"name\":\"Home\",\"item\":\"https:\\\/\\\/eldigitaldeasturias.com\\\/magazine365\",\"nextItem\":{\"@type\":\"ListItem\",\"@id\":\"https:\\\/\\\/eldigitaldeasturias.com\\\/magazine365\\\/category\\\/noticias-actualidad\\\/#listItem\",\"name\":\"Noticias y Actualidad\"}},{\"@type\":\"ListItem\",\"@id\":\"https:\\\/\\\/eldigitaldeasturias.com\\\/magazine365\\\/category\\\/noticias-actualidad\\\/#listItem\",\"position\":2,\"name\":\"Noticias y Actualidad\",\"item\":\"https:\\\/\\\/eldigitaldeasturias.com\\\/magazine365\\\/category\\\/noticias-actualidad\\\/\",\"nextItem\":{\"@type\":\"ListItem\",\"@id\":\"https:\\\/\\\/eldigitaldeasturias.com\\\/magazine365\\\/jetblue-recibe-el-premio-cio-100\\\/#listItem\",\"name\":\"Jetblue recibe el premio CIO 100\"},\"previousItem\":{\"@type\":\"ListItem\",\"@id\":\"https:\\\/\\\/eldigitaldeasturias.com\\\/magazine365#listItem\",\"name\":\"Home\"}},{\"@type\":\"ListItem\",\"@id\":\"https:\\\/\\\/eldigitaldeasturias.com\\\/magazine365\\\/jetblue-recibe-el-premio-cio-100\\\/#listItem\",\"position\":3,\"name\":\"Jetblue recibe el premio CIO 100\",\"previousItem\":{\"@type\":\"ListItem\",\"@id\":\"https:\\\/\\\/eldigitaldeasturias.com\\\/magazine365\\\/category\\\/noticias-actualidad\\\/#listItem\",\"name\":\"Noticias y Actualidad\"}}]},{\"@type\":\"Organization\",\"@id\":\"https:\\\/\\\/eldigitaldeasturias.com\\\/magazine365\\\/#organization\",\"name\":\"El digital de Asturias\",\"description\":\"Revista de ocio, turismo y estilo de vida\",\"url\":\"https:\\\/\\\/eldigitaldeasturias.com\\\/magazine365\\\/\",\"logo\":{\"@type\":\"ImageObject\",\"url\":\"https:\\\/\\\/www.eldigitaldeasturias.com\\\/noticias\\\/wp-content\\\/uploads\\\/2020\\\/12\\\/EDA.jpg\",\"@id\":\"https:\\\/\\\/eldigitaldeasturias.com\\\/magazine365\\\/jetblue-recibe-el-premio-cio-100\\\/#organizationLogo\"},\"image\":{\"@id\":\"https:\\\/\\\/eldigitaldeasturias.com\\\/magazine365\\\/jetblue-recibe-el-premio-cio-100\\\/#organizationLogo\"}},{\"@type\":\"Person\",\"@id\":\"https:\\\/\\\/eldigitaldeasturias.com\\\/magazine365\\\/author\\\/admin\\\/#author\",\"url\":\"https:\\\/\\\/eldigitaldeasturias.com\\\/magazine365\\\/author\\\/admin\\\/\",\"name\":\"admin\",\"image\":{\"@type\":\"ImageObject\",\"@id\":\"https:\\\/\\\/eldigitaldeasturias.com\\\/magazine365\\\/jetblue-recibe-el-premio-cio-100\\\/#authorImage\",\"url\":\"https:\\\/\\\/eldigitaldeasturias.com\\\/magazine365\\\/wp-content\\\/litespeed\\\/avatar\\\/e571bcf59a0edd6fa6838245a470f2fe.jpg?ver=1776969259\",\"width\":96,\"height\":96,\"caption\":\"admin\"}},{\"@type\":\"WebPage\",\"@id\":\"https:\\\/\\\/eldigitaldeasturias.com\\\/magazine365\\\/jetblue-recibe-el-premio-cio-100\\\/#webpage\",\"url\":\"https:\\\/\\\/eldigitaldeasturias.com\\\/magazine365\\\/jetblue-recibe-el-premio-cio-100\\\/\",\"name\":\"Jetblue recibe el premio CIO 100 | El Digital de Asturias\",\"description\":\"La aerol\\u00ednea Jetblue ha sido galardonada por el premio CIO 100 por la revista internacional CIO del grupo IDG, seg\\u00fan ha informado la compa\\u00f1\\u00eda. El premio reconoce a las organizaciones que han destacado este a\\u00f1o por la creaci\\u00f3n de valor para el negocio mediante el uso efectivo e innovador de las Tecnolog\\u00edas de la Informaci\\u00f3n.\",\"inLanguage\":\"es-ES\",\"isPartOf\":{\"@id\":\"https:\\\/\\\/eldigitaldeasturias.com\\\/magazine365\\\/#website\"},\"breadcrumb\":{\"@id\":\"https:\\\/\\\/eldigitaldeasturias.com\\\/magazine365\\\/jetblue-recibe-el-premio-cio-100\\\/#breadcrumblist\"},\"author\":{\"@id\":\"https:\\\/\\\/eldigitaldeasturias.com\\\/magazine365\\\/author\\\/admin\\\/#author\"},\"creator\":{\"@id\":\"https:\\\/\\\/eldigitaldeasturias.com\\\/magazine365\\\/author\\\/admin\\\/#author\"},\"image\":{\"@type\":\"ImageObject\",\"url\":\"https:\\\/\\\/eldigitaldeasturias.com\\\/magazine365\\\/wp-content\\\/uploads\\\/2015\\\/06\\\/fotonoticia_20150602175515_800.jpg\",\"@id\":\"https:\\\/\\\/eldigitaldeasturias.com\\\/magazine365\\\/jetblue-recibe-el-premio-cio-100\\\/#mainImage\",\"width\":800,\"height\":502},\"primaryImageOfPage\":{\"@id\":\"https:\\\/\\\/eldigitaldeasturias.com\\\/magazine365\\\/jetblue-recibe-el-premio-cio-100\\\/#mainImage\"},\"datePublished\":\"2015-06-04T12:55:11+02:00\",\"dateModified\":\"2015-06-04T12:55:11+02:00\"},{\"@type\":\"WebSite\",\"@id\":\"https:\\\/\\\/eldigitaldeasturias.com\\\/magazine365\\\/#website\",\"url\":\"https:\\\/\\\/eldigitaldeasturias.com\\\/magazine365\\\/\",\"name\":\"El Digital de Asturias\",\"description\":\"Revista de ocio, turismo y estilo de vida\",\"inLanguage\":\"es-ES\",\"publisher\":{\"@id\":\"https:\\\/\\\/eldigitaldeasturias.com\\\/magazine365\\\/#organization\"}}]}\n\t\t<\/script>\n\t\t<!-- All in One SEO Pro -->\r\n\t\t<title>Jetblue recibe el premio CIO 100 | El Digital de Asturias<\/title>\n\n","aioseo_head_json":{"title":"Jetblue recibe el premio CIO 100 | El Digital de Asturias","description":"La aerol\u00ednea Jetblue ha sido galardonada por el premio CIO 100 por la revista internacional CIO del grupo IDG, seg\u00fan ha informado la compa\u00f1\u00eda. El premio reconoce a las organizaciones que han destacado este a\u00f1o por la creaci\u00f3n de valor para el negocio mediante el uso efectivo e innovador de las Tecnolog\u00edas de la Informaci\u00f3n.","canonical_url":"https:\/\/eldigitaldeasturias.com\/magazine365\/jetblue-recibe-el-premio-cio-100\/","robots":"max-image-preview:large","keywords":"noticias y actualidad","webmasterTools":{"google-site-verification":"UA-38556648-1","miscellaneous":""},"schema":{"@context":"https:\/\/schema.org","@graph":[{"@type":"Article","@id":"https:\/\/eldigitaldeasturias.com\/magazine365\/jetblue-recibe-el-premio-cio-100\/#article","name":"Jetblue recibe el premio CIO 100 | El Digital de Asturias","headline":"Jetblue recibe el premio CIO 100","author":{"@id":"https:\/\/eldigitaldeasturias.com\/magazine365\/author\/admin\/#author"},"publisher":{"@id":"https:\/\/eldigitaldeasturias.com\/magazine365\/#organization"},"image":{"@type":"ImageObject","url":"https:\/\/eldigitaldeasturias.com\/magazine365\/wp-content\/uploads\/2015\/06\/fotonoticia_20150602175515_800.jpg","width":800,"height":502},"datePublished":"2015-06-04T12:55:11+02:00","dateModified":"2015-06-04T12:55:11+02:00","inLanguage":"es-ES","mainEntityOfPage":{"@id":"https:\/\/eldigitaldeasturias.com\/magazine365\/jetblue-recibe-el-premio-cio-100\/#webpage"},"isPartOf":{"@id":"https:\/\/eldigitaldeasturias.com\/magazine365\/jetblue-recibe-el-premio-cio-100\/#webpage"},"articleSection":"Noticias y Actualidad"},{"@type":"BreadcrumbList","@id":"https:\/\/eldigitaldeasturias.com\/magazine365\/jetblue-recibe-el-premio-cio-100\/#breadcrumblist","itemListElement":[{"@type":"ListItem","@id":"https:\/\/eldigitaldeasturias.com\/magazine365#listItem","position":1,"name":"Home","item":"https:\/\/eldigitaldeasturias.com\/magazine365","nextItem":{"@type":"ListItem","@id":"https:\/\/eldigitaldeasturias.com\/magazine365\/category\/noticias-actualidad\/#listItem","name":"Noticias y Actualidad"}},{"@type":"ListItem","@id":"https:\/\/eldigitaldeasturias.com\/magazine365\/category\/noticias-actualidad\/#listItem","position":2,"name":"Noticias y Actualidad","item":"https:\/\/eldigitaldeasturias.com\/magazine365\/category\/noticias-actualidad\/","nextItem":{"@type":"ListItem","@id":"https:\/\/eldigitaldeasturias.com\/magazine365\/jetblue-recibe-el-premio-cio-100\/#listItem","name":"Jetblue recibe el premio CIO 100"},"previousItem":{"@type":"ListItem","@id":"https:\/\/eldigitaldeasturias.com\/magazine365#listItem","name":"Home"}},{"@type":"ListItem","@id":"https:\/\/eldigitaldeasturias.com\/magazine365\/jetblue-recibe-el-premio-cio-100\/#listItem","position":3,"name":"Jetblue recibe el premio CIO 100","previousItem":{"@type":"ListItem","@id":"https:\/\/eldigitaldeasturias.com\/magazine365\/category\/noticias-actualidad\/#listItem","name":"Noticias y Actualidad"}}]},{"@type":"Organization","@id":"https:\/\/eldigitaldeasturias.com\/magazine365\/#organization","name":"El digital de Asturias","description":"Revista de ocio, turismo y estilo de vida","url":"https:\/\/eldigitaldeasturias.com\/magazine365\/","logo":{"@type":"ImageObject","url":"https:\/\/www.eldigitaldeasturias.com\/noticias\/wp-content\/uploads\/2020\/12\/EDA.jpg","@id":"https:\/\/eldigitaldeasturias.com\/magazine365\/jetblue-recibe-el-premio-cio-100\/#organizationLogo"},"image":{"@id":"https:\/\/eldigitaldeasturias.com\/magazine365\/jetblue-recibe-el-premio-cio-100\/#organizationLogo"}},{"@type":"Person","@id":"https:\/\/eldigitaldeasturias.com\/magazine365\/author\/admin\/#author","url":"https:\/\/eldigitaldeasturias.com\/magazine365\/author\/admin\/","name":"admin","image":{"@type":"ImageObject","@id":"https:\/\/eldigitaldeasturias.com\/magazine365\/jetblue-recibe-el-premio-cio-100\/#authorImage","url":"https:\/\/eldigitaldeasturias.com\/magazine365\/wp-content\/litespeed\/avatar\/e571bcf59a0edd6fa6838245a470f2fe.jpg?ver=1776969259","width":96,"height":96,"caption":"admin"}},{"@type":"WebPage","@id":"https:\/\/eldigitaldeasturias.com\/magazine365\/jetblue-recibe-el-premio-cio-100\/#webpage","url":"https:\/\/eldigitaldeasturias.com\/magazine365\/jetblue-recibe-el-premio-cio-100\/","name":"Jetblue recibe el premio CIO 100 | El Digital de Asturias","description":"La aerol\u00ednea Jetblue ha sido galardonada por el premio CIO 100 por la revista internacional CIO del grupo IDG, seg\u00fan ha informado la compa\u00f1\u00eda. El premio reconoce a las organizaciones que han destacado este a\u00f1o por la creaci\u00f3n de valor para el negocio mediante el uso efectivo e innovador de las Tecnolog\u00edas de la Informaci\u00f3n.","inLanguage":"es-ES","isPartOf":{"@id":"https:\/\/eldigitaldeasturias.com\/magazine365\/#website"},"breadcrumb":{"@id":"https:\/\/eldigitaldeasturias.com\/magazine365\/jetblue-recibe-el-premio-cio-100\/#breadcrumblist"},"author":{"@id":"https:\/\/eldigitaldeasturias.com\/magazine365\/author\/admin\/#author"},"creator":{"@id":"https:\/\/eldigitaldeasturias.com\/magazine365\/author\/admin\/#author"},"image":{"@type":"ImageObject","url":"https:\/\/eldigitaldeasturias.com\/magazine365\/wp-content\/uploads\/2015\/06\/fotonoticia_20150602175515_800.jpg","@id":"https:\/\/eldigitaldeasturias.com\/magazine365\/jetblue-recibe-el-premio-cio-100\/#mainImage","width":800,"height":502},"primaryImageOfPage":{"@id":"https:\/\/eldigitaldeasturias.com\/magazine365\/jetblue-recibe-el-premio-cio-100\/#mainImage"},"datePublished":"2015-06-04T12:55:11+02:00","dateModified":"2015-06-04T12:55:11+02:00"},{"@type":"WebSite","@id":"https:\/\/eldigitaldeasturias.com\/magazine365\/#website","url":"https:\/\/eldigitaldeasturias.com\/magazine365\/","name":"El Digital de Asturias","description":"Revista de ocio, turismo y estilo de vida","inLanguage":"es-ES","publisher":{"@id":"https:\/\/eldigitaldeasturias.com\/magazine365\/#organization"}}]},"og:locale":"es_ES","og:site_name":"El Digital de Asturias \u2013 Revista de ocio, turismo y estilo de vida","og:type":"article","og:title":"Jetblue recibe el premio CIO 100 | El Digital de Asturias","og:description":"La aerol\u00ednea Jetblue ha sido galardonada por el premio CIO 100 por la revista internacional CIO del grupo IDG, seg\u00fan ha informado la compa\u00f1\u00eda. El premio reconoce a las organizaciones que han destacado este a\u00f1o por la creaci\u00f3n de valor para el negocio mediante el uso efectivo e innovador de las Tecnolog\u00edas de la Informaci\u00f3n.","og:url":"https:\/\/eldigitaldeasturias.com\/magazine365\/jetblue-recibe-el-premio-cio-100\/","og:image":"https:\/\/eldigitaldeasturias.com\/magazine365\/wp-content\/uploads\/2015\/06\/fotonoticia_20150602175515_800.jpg","og:image:secure_url":"https:\/\/eldigitaldeasturias.com\/magazine365\/wp-content\/uploads\/2015\/06\/fotonoticia_20150602175515_800.jpg","og:image:width":800,"og:image:height":502,"article:published_time":"2015-06-04T11:25:11+00:00","article:modified_time":"2015-06-04T11:25:11+00:00","twitter:card":"summary_large_image","twitter:title":"Jetblue recibe el premio CIO 100 | El Digital de Asturias","twitter:description":"La aerol\u00ednea Jetblue ha sido galardonada por el premio CIO 100 por la revista internacional CIO del grupo IDG, seg\u00fan ha informado la compa\u00f1\u00eda. El premio reconoce a las organizaciones que han destacado este a\u00f1o por la creaci\u00f3n de valor para el negocio mediante el uso efectivo e innovador de las Tecnolog\u00edas de la Informaci\u00f3n.","twitter:image":"https:\/\/eldigitaldeasturias.com\/magazine365\/wp-content\/uploads\/2015\/06\/fotonoticia_20150602175515_800.jpg"},"aioseo_meta_data":{"post_id":"38670","title":null,"description":null,"keywords":null,"keyphrases":null,"primary_term":null,"canonical_url":null,"og_title":null,"og_description":null,"og_object_type":"default","og_image_type":"default","og_image_url":null,"og_image_width":null,"og_image_height":null,"og_image_custom_url":null,"og_image_custom_fields":null,"og_video":null,"og_custom_url":null,"og_article_section":null,"og_article_tags":null,"twitter_use_og":false,"twitter_card":"default","twitter_image_type":"default","twitter_image_url":null,"twitter_image_custom_url":null,"twitter_image_custom_fields":null,"twitter_title":null,"twitter_description":null,"schema":{"blockGraphs":[],"customGraphs":[],"default":{"data":{"Article":[],"Course":[],"Dataset":[],"FAQPage":[],"Movie":[],"Person":[],"Product":[],"ProductReview":[],"Car":[],"Recipe":[],"Service":[],"SoftwareApplication":[],"WebPage":[]},"graphName":"","isEnabled":true},"graphs":[],"defaultGraph":"","defaultPostTypeGraph":""},"schema_type":null,"schema_type_options":null,"pillar_content":false,"robots_default":true,"robots_noindex":false,"robots_noarchive":false,"robots_nosnippet":false,"robots_nofollow":false,"robots_noimageindex":false,"robots_noodp":false,"robots_notranslate":false,"robots_max_snippet":null,"robots_max_videopreview":null,"robots_max_imagepreview":"large","priority":null,"frequency":null,"location":null,"local_seo":null,"seo_analyzer_scan_date":"2025-09-19 10:03:05","breadcrumb_settings":null,"limit_modified_date":false,"open_ai":null,"ai":null,"created":"2021-03-09 02:50:41","updated":"2025-09-19 10:03:05"},"aioseo_breadcrumb":"<div class=\"aioseo-breadcrumbs\"><span class=\"aioseo-breadcrumb\">\n\t<a href=\"https:\/\/eldigitaldeasturias.com\/magazine365\" title=\"Home\">Home<\/a>\n<\/span><span class=\"aioseo-breadcrumb-separator\">\u2013<\/span><span class=\"aioseo-breadcrumb\">\n\t<a href=\"https:\/\/eldigitaldeasturias.com\/magazine365\/category\/noticias-actualidad\/\" title=\"Noticias y Actualidad\">Noticias y Actualidad<\/a>\n<\/span><span class=\"aioseo-breadcrumb-separator\">\u2013<\/span><span class=\"aioseo-breadcrumb\">\n\t<a href=\"https:\/\/eldigitaldeasturias.com\/magazine365\/jetblue-recibe-el-premio-cio-100\/\" title=\"Jetblue recibe el premio CIO 100\">Jetblue recibe el premio CIO 100<\/a>\n<\/span><\/div>","aioseo_breadcrumb_json":[{"label":"Home","link":"https:\/\/eldigitaldeasturias.com\/magazine365"},{"label":"Noticias y Actualidad","link":"https:\/\/eldigitaldeasturias.com\/magazine365\/category\/noticias-actualidad\/"},{"label":"Jetblue recibe el premio CIO 100","link":"https:\/\/eldigitaldeasturias.com\/magazine365\/jetblue-recibe-el-premio-cio-100\/"}],"_links":{"self":[{"href":"https:\/\/eldigitaldeasturias.com\/magazine365\/wp-json\/wp\/v2\/posts\/38670","targetHints":{"allow":["GET"]}}],"collection":[{"href":"https:\/\/eldigitaldeasturias.com\/magazine365\/wp-json\/wp\/v2\/posts"}],"about":[{"href":"https:\/\/eldigitaldeasturias.com\/magazine365\/wp-json\/wp\/v2\/types\/post"}],"author":[{"embeddable":true,"href":"https:\/\/eldigitaldeasturias.com\/magazine365\/wp-json\/wp\/v2\/users\/1"}],"replies":[{"embeddable":true,"href":"https:\/\/eldigitaldeasturias.com\/magazine365\/wp-json\/wp\/v2\/comments?post=38670"}],"version-history":[{"count":0,"href":"https:\/\/eldigitaldeasturias.com\/magazine365\/wp-json\/wp\/v2\/posts\/38670\/revisions"}],"wp:featuredmedia":[{"embeddable":true,"href":"https:\/\/eldigitaldeasturias.com\/magazine365\/wp-json\/wp\/v2\/media\/38671"}],"wp:attachment":[{"href":"https:\/\/eldigitaldeasturias.com\/magazine365\/wp-json\/wp\/v2\/media?parent=38670"}],"wp:term":[{"taxonomy":"category","embeddable":true,"href":"https:\/\/eldigitaldeasturias.com\/magazine365\/wp-json\/wp\/v2\/categories?post=38670"},{"taxonomy":"post_tag","embeddable":true,"href":"https:\/\/eldigitaldeasturias.com\/magazine365\/wp-json\/wp\/v2\/tags?post=38670"}],"curies":[{"name":"wp","href":"https:\/\/api.w.org\/{rel}","templated":true}]}}