{"id":38667,"date":"2015-06-04T12:53:21","date_gmt":"2015-06-04T11:23:21","guid":{"rendered":"http:\/\/eldigitaldeasturias.com\/magazine365\/?p=38667"},"modified":"2015-06-04T12:53:21","modified_gmt":"2015-06-04T11:23:21","slug":"iberia-contratara-120-pilotos","status":"publish","type":"post","link":"https:\/\/eldigitaldeasturias.com\/magazine365\/iberia-contratara-120-pilotos\/","title":{"rendered":"Iberia contratar\u00e1 120 pilotos"},"content":{"rendered":"<p><img fetchpriority=\"high\" decoding=\"async\" class=\"alignleft size-medium wp-image-38668\" src=\"https:\/\/eldigitaldeasturias.com\/magazine365\/wp-content\/uploads\/2015\/06\/fotonoticia_20150602170204_8001-360x270.jpg\" alt=\"fotonoticia_20150602170204_800\" width=\"360\" height=\"270\" srcset=\"https:\/\/eldigitaldeasturias.com\/magazine365\/wp-content\/uploads\/2015\/06\/fotonoticia_20150602170204_8001-360x270.jpg 360w, https:\/\/eldigitaldeasturias.com\/magazine365\/wp-content\/uploads\/2015\/06\/fotonoticia_20150602170204_8001-650x488.jpg 650w, https:\/\/eldigitaldeasturias.com\/magazine365\/wp-content\/uploads\/2015\/06\/fotonoticia_20150602170204_8001-768x576.jpg 768w, https:\/\/eldigitaldeasturias.com\/magazine365\/wp-content\/uploads\/2015\/06\/fotonoticia_20150602170204_8001-150x113.jpg 150w, https:\/\/eldigitaldeasturias.com\/magazine365\/wp-content\/uploads\/2015\/06\/fotonoticia_20150602170204_8001-450x338.jpg 450w, https:\/\/eldigitaldeasturias.com\/magazine365\/wp-content\/uploads\/2015\/06\/fotonoticia_20150602170204_8001-80x60.jpg 80w, https:\/\/eldigitaldeasturias.com\/magazine365\/wp-content\/uploads\/2015\/06\/fotonoticia_20150602170204_8001-265x198.jpg 265w, https:\/\/eldigitaldeasturias.com\/magazine365\/wp-content\/uploads\/2015\/06\/fotonoticia_20150602170204_8001-696x522.jpg 696w, https:\/\/eldigitaldeasturias.com\/magazine365\/wp-content\/uploads\/2015\/06\/fotonoticia_20150602170204_8001-560x420.jpg 560w, https:\/\/eldigitaldeasturias.com\/magazine365\/wp-content\/uploads\/2015\/06\/fotonoticia_20150602170204_8001-90x67.jpg 90w, https:\/\/eldigitaldeasturias.com\/magazine365\/wp-content\/uploads\/2015\/06\/fotonoticia_20150602170204_8001-100x75.jpg 100w, https:\/\/eldigitaldeasturias.com\/magazine365\/wp-content\/uploads\/2015\/06\/fotonoticia_20150602170204_8001.jpg 800w\" sizes=\"(max-width: 360px) 100vw, 360px\" \/>Iberia lanzar\u00e1 en julio una convocatoria para contratar a 120 pilotos por primera vez en once a\u00f1os, que se incorporar\u00e1n progresivamente a partir de septiembre como copilotos, con el objetivo de crear una bolsa de empleo de hasta 200 pilotos para atender al aumento de capacidad de la aerol\u00ednea, que prev\u00e9 crecer un 6% en los pr\u00f3ximos dos a\u00f1os.<\/p>\n<p>El presidente ejecutivo, Luis Gallego, realiz\u00f3 este anuncio en un encuentro con periodistas espa\u00f1oles en La Habana, en el que record\u00f3 que la espa\u00f1ola no contrataba ning\u00fan piloto desde 2004, por sus problemas de competitividad y de costes. \u00abEs bonito ver que poco a poco se van cumpliendo las expectativas\u00bb, se\u00f1al\u00f3.<\/p>\n<p>Los nuevos pilotos, que reemplazar\u00e1n a comandantes de corto radio que saldr\u00e1n pr\u00f3ximamente de la compa\u00f1\u00eda, tendr\u00e1n un salario de entre 35.000 euros y 40.000 euros anuales, seg\u00fan las condiciones establecidas en el nuevo convenio de Iberia, frente a las condiciones anteriores, unos \u00absalarios competitivos\u00bb en el mercado frente otros operadores, defendi\u00f3 Gallego.<\/p>\n<p>De esta forma, se incoporar\u00e1n como segundos pilotos en el corto radio, sustituyendo a copilotos con sueldos de entre 120.000 y 130.000 euros, para luego pasar a ser copiloto de largo y posteriormente comandante de corto y de largo radio, siguiendo la progresi\u00f3n habitual en el escalaf\u00f3n.<\/p>\n<p>EL SALARIO DE PILOTO ASCEND\u00cdA HASTA 170.000 EUROS.<\/p>\n<p>Con el antiguo convenio, el salario medio de los comandantes ascend\u00eda entre 160.000 y 170.000 euros, a los que se les aplic\u00f3 una reducci\u00f3n del 14% a su salario con el ERE pactado en 2014.<\/p>\n<p>\u00abNos van a hacer falta pilotos para todas las salidas que se est\u00e1n produciendo\u00bb, explic\u00f3 Gallego, que reemplazar\u00e1n a los de mayor antig\u00fcedad, que suelen estar en la flota de largo radio, lo que generar\u00e1 m\u00e1s movimientos de personal.<\/p>\n<p>Seg\u00fan dijo, se esperan m\u00e1s de 50 sueltas de comandantes para este a\u00f1o y otras 100 sueltas para 2016, con lo que la plantilla de pilotos estar\u00e1 por debajo de los 1.200 comandantes.<\/p>\n<p>Gallego recalc\u00f3 que la contrataci\u00f3n de personal ser\u00e1 posible gracias a los acuerdos logrados con los representantes sindicales el a\u00f1o pasado.<\/p>\n<p>En 2014, con el ERE salieron de Iberia un total de 250 pilotos. A estas salidas, se sumar\u00e1n con el ERE voluntario adicional que afecta a 1.427 empleados, de ellos a un total de 244 pilotos, con 30 salidas ya este a\u00f1o, entre salidas voluntarias, recolocaciones o excedencias, y que la compa\u00f1\u00eda quiere ampliar a 2016 y a 2017. De estas 244 salidas de pilotos previstas, 215 comandantes ya se han adherido de forma voluntaria.<\/p>\n<p>Gallego se\u00f1al\u00f3 que estas incorporaciones responden no solo a la capacidad sino a las necesidades de instrucci\u00f3n y a los cursos asociados al aumento de flota que hace necesario la contrataci\u00f3n de personal, que se regular\u00e1 en 2017.<\/p>\n<p>En esta l\u00ednea, se\u00f1al\u00f3 que en alg\u00fan momento podr\u00edan producirse m\u00e1s incorporaciones de plantilla, tambi\u00e9n en tierra y tripulantes de cabina (TCP) a medida que se vaya necesitando, para lo que negociar\u00e1 con los sindicatos.<\/p>\n<p>30 NUEVAS RUTAS DESDE 2014.<\/p>\n<p>Desde 2014, Iberia ha abierto m\u00e1s de 30 rutas. En el corto radio, ha recuperado todas las que cerr\u00f3, salvo El Cairo, y ha abierto conexiones a Florencia, Hamburgo, Catania o Budapest, entre otras. En el largo radio, tras recuperar Montevideo, Santo Domingo y Cuba, abrir\u00e1 Cali y Medell\u00edn, que operar\u00e1n a partir de julio, quedando pendiente San Juan de Puerto Rico.<\/p>\n<p>\u00abCon estas incorporaciones y con el crecimiento que tenemos previsto estamos construyendo la Iberia que quer\u00edamos\u00bb, se\u00f1al\u00f3 satisfecho Gallego, con una estructura de costes que permitir\u00e1 mantener el liderazgo de Iberia en Am\u00e9rica Latina y abrir oportunidades para abrir nuevos mercados.<\/p>\n","protected":false},"excerpt":{"rendered":"<p>Iberia lanzar\u00e1 en julio una convocatoria para contratar a 120 pilotos por primera vez en once a\u00f1os, que se incorporar\u00e1n progresivamente a partir de septiembre como copilotos, con el objetivo de crear una bolsa de empleo de hasta 200 pilotos para atender al aumento de capacidad de la aerol\u00ednea, que prev\u00e9 crecer un 6% en<\/p>\n","protected":false},"author":1,"featured_media":38668,"comment_status":"open","ping_status":"closed","sticky":false,"template":"","format":"standard","meta":{"footnotes":""},"categories":[224],"tags":[],"class_list":{"0":"post-38667","1":"post","2":"type-post","3":"status-publish","4":"format-standard","5":"has-post-thumbnail","7":"category-noticias-actualidad"},"aioseo_notices":[],"aioseo_head":"\n\t\t<!-- All in One SEO Pro 4.9.6.1 - aioseo.com -->\n\t<meta name=\"description\" content=\"Iberia lanzar\u00e1 en julio una convocatoria para contratar a 120 pilotos por primera vez en once a\u00f1os, que se incorporar\u00e1n progresivamente a partir de septiembre como copilotos, con el objetivo de crear una bolsa de empleo de hasta 200 pilotos para atender al aumento de capacidad de la aerol\u00ednea, que prev\u00e9 crecer un 6% en\" \/>\n\t<meta name=\"robots\" content=\"max-image-preview:large\" \/>\n\t<meta name=\"author\" content=\"admin\"\/>\n\t<meta name=\"google-site-verification\" content=\"UA-38556648-1\" \/>\n\t<meta name=\"keywords\" content=\"noticias y actualidad\" \/>\n\t<link rel=\"canonical\" href=\"https:\/\/eldigitaldeasturias.com\/magazine365\/iberia-contratara-120-pilotos\/\" \/>\n\t<meta name=\"generator\" content=\"All in One SEO Pro (AIOSEO) 4.9.6.1\" \/>\n\t\t<meta property=\"og:locale\" content=\"es_ES\" \/>\n\t\t<meta property=\"og:site_name\" content=\"El Digital de Asturias \u2013 Revista de ocio, turismo y estilo de vida\" \/>\n\t\t<meta property=\"og:type\" content=\"article\" \/>\n\t\t<meta property=\"og:title\" content=\"Iberia contratar\u00e1 120 pilotos | El Digital de Asturias\" \/>\n\t\t<meta property=\"og:description\" content=\"Iberia lanzar\u00e1 en julio una convocatoria para contratar a 120 pilotos por primera vez en once a\u00f1os, que se incorporar\u00e1n progresivamente a partir de septiembre como copilotos, con el objetivo de crear una bolsa de empleo de hasta 200 pilotos para atender al aumento de capacidad de la aerol\u00ednea, que prev\u00e9 crecer un 6% en\" \/>\n\t\t<meta property=\"og:url\" content=\"https:\/\/eldigitaldeasturias.com\/magazine365\/iberia-contratara-120-pilotos\/\" \/>\n\t\t<meta property=\"og:image\" content=\"https:\/\/eldigitaldeasturias.com\/magazine365\/wp-content\/uploads\/2015\/06\/fotonoticia_20150602170204_8001.jpg\" \/>\n\t\t<meta property=\"og:image:secure_url\" content=\"https:\/\/eldigitaldeasturias.com\/magazine365\/wp-content\/uploads\/2015\/06\/fotonoticia_20150602170204_8001.jpg\" \/>\n\t\t<meta property=\"og:image:width\" content=\"800\" \/>\n\t\t<meta property=\"og:image:height\" content=\"600\" \/>\n\t\t<meta property=\"article:published_time\" content=\"2015-06-04T11:23:21+00:00\" \/>\n\t\t<meta property=\"article:modified_time\" content=\"2015-06-04T11:23:21+00:00\" \/>\n\t\t<meta name=\"twitter:card\" content=\"summary_large_image\" \/>\n\t\t<meta name=\"twitter:title\" content=\"Iberia contratar\u00e1 120 pilotos | El Digital de Asturias\" \/>\n\t\t<meta name=\"twitter:description\" content=\"Iberia lanzar\u00e1 en julio una convocatoria para contratar a 120 pilotos por primera vez en once a\u00f1os, que se incorporar\u00e1n progresivamente a partir de septiembre como copilotos, con el objetivo de crear una bolsa de empleo de hasta 200 pilotos para atender al aumento de capacidad de la aerol\u00ednea, que prev\u00e9 crecer un 6% en\" \/>\n\t\t<meta name=\"twitter:image\" content=\"https:\/\/eldigitaldeasturias.com\/magazine365\/wp-content\/uploads\/2015\/06\/fotonoticia_20150602170204_8001.jpg\" \/>\n\t\t<script type=\"application\/ld+json\" class=\"aioseo-schema\">\n\t\t\t{\"@context\":\"https:\\\/\\\/schema.org\",\"@graph\":[{\"@type\":\"Article\",\"@id\":\"https:\\\/\\\/eldigitaldeasturias.com\\\/magazine365\\\/iberia-contratara-120-pilotos\\\/#article\",\"name\":\"Iberia contratar\\u00e1 120 pilotos | El Digital de Asturias\",\"headline\":\"Iberia contratar\\u00e1 120 pilotos\",\"author\":{\"@id\":\"https:\\\/\\\/eldigitaldeasturias.com\\\/magazine365\\\/author\\\/admin\\\/#author\"},\"publisher\":{\"@id\":\"https:\\\/\\\/eldigitaldeasturias.com\\\/magazine365\\\/#organization\"},\"image\":{\"@type\":\"ImageObject\",\"url\":\"https:\\\/\\\/eldigitaldeasturias.com\\\/magazine365\\\/wp-content\\\/uploads\\\/2015\\\/06\\\/fotonoticia_20150602170204_8001.jpg\",\"width\":800,\"height\":600},\"datePublished\":\"2015-06-04T12:53:21+02:00\",\"dateModified\":\"2015-06-04T12:53:21+02:00\",\"inLanguage\":\"es-ES\",\"mainEntityOfPage\":{\"@id\":\"https:\\\/\\\/eldigitaldeasturias.com\\\/magazine365\\\/iberia-contratara-120-pilotos\\\/#webpage\"},\"isPartOf\":{\"@id\":\"https:\\\/\\\/eldigitaldeasturias.com\\\/magazine365\\\/iberia-contratara-120-pilotos\\\/#webpage\"},\"articleSection\":\"Noticias y Actualidad\"},{\"@type\":\"BreadcrumbList\",\"@id\":\"https:\\\/\\\/eldigitaldeasturias.com\\\/magazine365\\\/iberia-contratara-120-pilotos\\\/#breadcrumblist\",\"itemListElement\":[{\"@type\":\"ListItem\",\"@id\":\"https:\\\/\\\/eldigitaldeasturias.com\\\/magazine365#listItem\",\"position\":1,\"name\":\"Home\",\"item\":\"https:\\\/\\\/eldigitaldeasturias.com\\\/magazine365\",\"nextItem\":{\"@type\":\"ListItem\",\"@id\":\"https:\\\/\\\/eldigitaldeasturias.com\\\/magazine365\\\/category\\\/noticias-actualidad\\\/#listItem\",\"name\":\"Noticias y Actualidad\"}},{\"@type\":\"ListItem\",\"@id\":\"https:\\\/\\\/eldigitaldeasturias.com\\\/magazine365\\\/category\\\/noticias-actualidad\\\/#listItem\",\"position\":2,\"name\":\"Noticias y Actualidad\",\"item\":\"https:\\\/\\\/eldigitaldeasturias.com\\\/magazine365\\\/category\\\/noticias-actualidad\\\/\",\"nextItem\":{\"@type\":\"ListItem\",\"@id\":\"https:\\\/\\\/eldigitaldeasturias.com\\\/magazine365\\\/iberia-contratara-120-pilotos\\\/#listItem\",\"name\":\"Iberia contratar\\u00e1 120 pilotos\"},\"previousItem\":{\"@type\":\"ListItem\",\"@id\":\"https:\\\/\\\/eldigitaldeasturias.com\\\/magazine365#listItem\",\"name\":\"Home\"}},{\"@type\":\"ListItem\",\"@id\":\"https:\\\/\\\/eldigitaldeasturias.com\\\/magazine365\\\/iberia-contratara-120-pilotos\\\/#listItem\",\"position\":3,\"name\":\"Iberia contratar\\u00e1 120 pilotos\",\"previousItem\":{\"@type\":\"ListItem\",\"@id\":\"https:\\\/\\\/eldigitaldeasturias.com\\\/magazine365\\\/category\\\/noticias-actualidad\\\/#listItem\",\"name\":\"Noticias y Actualidad\"}}]},{\"@type\":\"Organization\",\"@id\":\"https:\\\/\\\/eldigitaldeasturias.com\\\/magazine365\\\/#organization\",\"name\":\"El digital de Asturias\",\"description\":\"Revista de ocio, turismo y estilo de vida\",\"url\":\"https:\\\/\\\/eldigitaldeasturias.com\\\/magazine365\\\/\",\"logo\":{\"@type\":\"ImageObject\",\"url\":\"https:\\\/\\\/www.eldigitaldeasturias.com\\\/noticias\\\/wp-content\\\/uploads\\\/2020\\\/12\\\/EDA.jpg\",\"@id\":\"https:\\\/\\\/eldigitaldeasturias.com\\\/magazine365\\\/iberia-contratara-120-pilotos\\\/#organizationLogo\"},\"image\":{\"@id\":\"https:\\\/\\\/eldigitaldeasturias.com\\\/magazine365\\\/iberia-contratara-120-pilotos\\\/#organizationLogo\"}},{\"@type\":\"Person\",\"@id\":\"https:\\\/\\\/eldigitaldeasturias.com\\\/magazine365\\\/author\\\/admin\\\/#author\",\"url\":\"https:\\\/\\\/eldigitaldeasturias.com\\\/magazine365\\\/author\\\/admin\\\/\",\"name\":\"admin\",\"image\":{\"@type\":\"ImageObject\",\"@id\":\"https:\\\/\\\/eldigitaldeasturias.com\\\/magazine365\\\/iberia-contratara-120-pilotos\\\/#authorImage\",\"url\":\"https:\\\/\\\/eldigitaldeasturias.com\\\/magazine365\\\/wp-content\\\/litespeed\\\/avatar\\\/e571bcf59a0edd6fa6838245a470f2fe.jpg?ver=1776969259\",\"width\":96,\"height\":96,\"caption\":\"admin\"}},{\"@type\":\"WebPage\",\"@id\":\"https:\\\/\\\/eldigitaldeasturias.com\\\/magazine365\\\/iberia-contratara-120-pilotos\\\/#webpage\",\"url\":\"https:\\\/\\\/eldigitaldeasturias.com\\\/magazine365\\\/iberia-contratara-120-pilotos\\\/\",\"name\":\"Iberia contratar\\u00e1 120 pilotos | El Digital de Asturias\",\"description\":\"Iberia lanzar\\u00e1 en julio una convocatoria para contratar a 120 pilotos por primera vez en once a\\u00f1os, que se incorporar\\u00e1n progresivamente a partir de septiembre como copilotos, con el objetivo de crear una bolsa de empleo de hasta 200 pilotos para atender al aumento de capacidad de la aerol\\u00ednea, que prev\\u00e9 crecer un 6% en\",\"inLanguage\":\"es-ES\",\"isPartOf\":{\"@id\":\"https:\\\/\\\/eldigitaldeasturias.com\\\/magazine365\\\/#website\"},\"breadcrumb\":{\"@id\":\"https:\\\/\\\/eldigitaldeasturias.com\\\/magazine365\\\/iberia-contratara-120-pilotos\\\/#breadcrumblist\"},\"author\":{\"@id\":\"https:\\\/\\\/eldigitaldeasturias.com\\\/magazine365\\\/author\\\/admin\\\/#author\"},\"creator\":{\"@id\":\"https:\\\/\\\/eldigitaldeasturias.com\\\/magazine365\\\/author\\\/admin\\\/#author\"},\"image\":{\"@type\":\"ImageObject\",\"url\":\"https:\\\/\\\/eldigitaldeasturias.com\\\/magazine365\\\/wp-content\\\/uploads\\\/2015\\\/06\\\/fotonoticia_20150602170204_8001.jpg\",\"@id\":\"https:\\\/\\\/eldigitaldeasturias.com\\\/magazine365\\\/iberia-contratara-120-pilotos\\\/#mainImage\",\"width\":800,\"height\":600},\"primaryImageOfPage\":{\"@id\":\"https:\\\/\\\/eldigitaldeasturias.com\\\/magazine365\\\/iberia-contratara-120-pilotos\\\/#mainImage\"},\"datePublished\":\"2015-06-04T12:53:21+02:00\",\"dateModified\":\"2015-06-04T12:53:21+02:00\"},{\"@type\":\"WebSite\",\"@id\":\"https:\\\/\\\/eldigitaldeasturias.com\\\/magazine365\\\/#website\",\"url\":\"https:\\\/\\\/eldigitaldeasturias.com\\\/magazine365\\\/\",\"name\":\"El Digital de Asturias\",\"description\":\"Revista de ocio, turismo y estilo de vida\",\"inLanguage\":\"es-ES\",\"publisher\":{\"@id\":\"https:\\\/\\\/eldigitaldeasturias.com\\\/magazine365\\\/#organization\"}}]}\n\t\t<\/script>\n\t\t<!-- All in One SEO Pro -->\r\n\t\t<title>Iberia contratar\u00e1 120 pilotos | El Digital de Asturias<\/title>\n\n","aioseo_head_json":{"title":"Iberia contratar\u00e1 120 pilotos | El Digital de Asturias","description":"Iberia lanzar\u00e1 en julio una convocatoria para contratar a 120 pilotos por primera vez en once a\u00f1os, que se incorporar\u00e1n progresivamente a partir de septiembre como copilotos, con el objetivo de crear una bolsa de empleo de hasta 200 pilotos para atender al aumento de capacidad de la aerol\u00ednea, que prev\u00e9 crecer un 6% en","canonical_url":"https:\/\/eldigitaldeasturias.com\/magazine365\/iberia-contratara-120-pilotos\/","robots":"max-image-preview:large","keywords":"noticias y actualidad","webmasterTools":{"google-site-verification":"UA-38556648-1","miscellaneous":""},"schema":{"@context":"https:\/\/schema.org","@graph":[{"@type":"Article","@id":"https:\/\/eldigitaldeasturias.com\/magazine365\/iberia-contratara-120-pilotos\/#article","name":"Iberia contratar\u00e1 120 pilotos | El Digital de Asturias","headline":"Iberia contratar\u00e1 120 pilotos","author":{"@id":"https:\/\/eldigitaldeasturias.com\/magazine365\/author\/admin\/#author"},"publisher":{"@id":"https:\/\/eldigitaldeasturias.com\/magazine365\/#organization"},"image":{"@type":"ImageObject","url":"https:\/\/eldigitaldeasturias.com\/magazine365\/wp-content\/uploads\/2015\/06\/fotonoticia_20150602170204_8001.jpg","width":800,"height":600},"datePublished":"2015-06-04T12:53:21+02:00","dateModified":"2015-06-04T12:53:21+02:00","inLanguage":"es-ES","mainEntityOfPage":{"@id":"https:\/\/eldigitaldeasturias.com\/magazine365\/iberia-contratara-120-pilotos\/#webpage"},"isPartOf":{"@id":"https:\/\/eldigitaldeasturias.com\/magazine365\/iberia-contratara-120-pilotos\/#webpage"},"articleSection":"Noticias y Actualidad"},{"@type":"BreadcrumbList","@id":"https:\/\/eldigitaldeasturias.com\/magazine365\/iberia-contratara-120-pilotos\/#breadcrumblist","itemListElement":[{"@type":"ListItem","@id":"https:\/\/eldigitaldeasturias.com\/magazine365#listItem","position":1,"name":"Home","item":"https:\/\/eldigitaldeasturias.com\/magazine365","nextItem":{"@type":"ListItem","@id":"https:\/\/eldigitaldeasturias.com\/magazine365\/category\/noticias-actualidad\/#listItem","name":"Noticias y Actualidad"}},{"@type":"ListItem","@id":"https:\/\/eldigitaldeasturias.com\/magazine365\/category\/noticias-actualidad\/#listItem","position":2,"name":"Noticias y Actualidad","item":"https:\/\/eldigitaldeasturias.com\/magazine365\/category\/noticias-actualidad\/","nextItem":{"@type":"ListItem","@id":"https:\/\/eldigitaldeasturias.com\/magazine365\/iberia-contratara-120-pilotos\/#listItem","name":"Iberia contratar\u00e1 120 pilotos"},"previousItem":{"@type":"ListItem","@id":"https:\/\/eldigitaldeasturias.com\/magazine365#listItem","name":"Home"}},{"@type":"ListItem","@id":"https:\/\/eldigitaldeasturias.com\/magazine365\/iberia-contratara-120-pilotos\/#listItem","position":3,"name":"Iberia contratar\u00e1 120 pilotos","previousItem":{"@type":"ListItem","@id":"https:\/\/eldigitaldeasturias.com\/magazine365\/category\/noticias-actualidad\/#listItem","name":"Noticias y Actualidad"}}]},{"@type":"Organization","@id":"https:\/\/eldigitaldeasturias.com\/magazine365\/#organization","name":"El digital de Asturias","description":"Revista de ocio, turismo y estilo de vida","url":"https:\/\/eldigitaldeasturias.com\/magazine365\/","logo":{"@type":"ImageObject","url":"https:\/\/www.eldigitaldeasturias.com\/noticias\/wp-content\/uploads\/2020\/12\/EDA.jpg","@id":"https:\/\/eldigitaldeasturias.com\/magazine365\/iberia-contratara-120-pilotos\/#organizationLogo"},"image":{"@id":"https:\/\/eldigitaldeasturias.com\/magazine365\/iberia-contratara-120-pilotos\/#organizationLogo"}},{"@type":"Person","@id":"https:\/\/eldigitaldeasturias.com\/magazine365\/author\/admin\/#author","url":"https:\/\/eldigitaldeasturias.com\/magazine365\/author\/admin\/","name":"admin","image":{"@type":"ImageObject","@id":"https:\/\/eldigitaldeasturias.com\/magazine365\/iberia-contratara-120-pilotos\/#authorImage","url":"https:\/\/eldigitaldeasturias.com\/magazine365\/wp-content\/litespeed\/avatar\/e571bcf59a0edd6fa6838245a470f2fe.jpg?ver=1776969259","width":96,"height":96,"caption":"admin"}},{"@type":"WebPage","@id":"https:\/\/eldigitaldeasturias.com\/magazine365\/iberia-contratara-120-pilotos\/#webpage","url":"https:\/\/eldigitaldeasturias.com\/magazine365\/iberia-contratara-120-pilotos\/","name":"Iberia contratar\u00e1 120 pilotos | El Digital de Asturias","description":"Iberia lanzar\u00e1 en julio una convocatoria para contratar a 120 pilotos por primera vez en once a\u00f1os, que se incorporar\u00e1n progresivamente a partir de septiembre como copilotos, con el objetivo de crear una bolsa de empleo de hasta 200 pilotos para atender al aumento de capacidad de la aerol\u00ednea, que prev\u00e9 crecer un 6% en","inLanguage":"es-ES","isPartOf":{"@id":"https:\/\/eldigitaldeasturias.com\/magazine365\/#website"},"breadcrumb":{"@id":"https:\/\/eldigitaldeasturias.com\/magazine365\/iberia-contratara-120-pilotos\/#breadcrumblist"},"author":{"@id":"https:\/\/eldigitaldeasturias.com\/magazine365\/author\/admin\/#author"},"creator":{"@id":"https:\/\/eldigitaldeasturias.com\/magazine365\/author\/admin\/#author"},"image":{"@type":"ImageObject","url":"https:\/\/eldigitaldeasturias.com\/magazine365\/wp-content\/uploads\/2015\/06\/fotonoticia_20150602170204_8001.jpg","@id":"https:\/\/eldigitaldeasturias.com\/magazine365\/iberia-contratara-120-pilotos\/#mainImage","width":800,"height":600},"primaryImageOfPage":{"@id":"https:\/\/eldigitaldeasturias.com\/magazine365\/iberia-contratara-120-pilotos\/#mainImage"},"datePublished":"2015-06-04T12:53:21+02:00","dateModified":"2015-06-04T12:53:21+02:00"},{"@type":"WebSite","@id":"https:\/\/eldigitaldeasturias.com\/magazine365\/#website","url":"https:\/\/eldigitaldeasturias.com\/magazine365\/","name":"El Digital de Asturias","description":"Revista de ocio, turismo y estilo de vida","inLanguage":"es-ES","publisher":{"@id":"https:\/\/eldigitaldeasturias.com\/magazine365\/#organization"}}]},"og:locale":"es_ES","og:site_name":"El Digital de Asturias \u2013 Revista de ocio, turismo y estilo de vida","og:type":"article","og:title":"Iberia contratar\u00e1 120 pilotos | El Digital de Asturias","og:description":"Iberia lanzar\u00e1 en julio una convocatoria para contratar a 120 pilotos por primera vez en once a\u00f1os, que se incorporar\u00e1n progresivamente a partir de septiembre como copilotos, con el objetivo de crear una bolsa de empleo de hasta 200 pilotos para atender al aumento de capacidad de la aerol\u00ednea, que prev\u00e9 crecer un 6% en","og:url":"https:\/\/eldigitaldeasturias.com\/magazine365\/iberia-contratara-120-pilotos\/","og:image":"https:\/\/eldigitaldeasturias.com\/magazine365\/wp-content\/uploads\/2015\/06\/fotonoticia_20150602170204_8001.jpg","og:image:secure_url":"https:\/\/eldigitaldeasturias.com\/magazine365\/wp-content\/uploads\/2015\/06\/fotonoticia_20150602170204_8001.jpg","og:image:width":800,"og:image:height":600,"article:published_time":"2015-06-04T11:23:21+00:00","article:modified_time":"2015-06-04T11:23:21+00:00","twitter:card":"summary_large_image","twitter:title":"Iberia contratar\u00e1 120 pilotos | El Digital de Asturias","twitter:description":"Iberia lanzar\u00e1 en julio una convocatoria para contratar a 120 pilotos por primera vez en once a\u00f1os, que se incorporar\u00e1n progresivamente a partir de septiembre como copilotos, con el objetivo de crear una bolsa de empleo de hasta 200 pilotos para atender al aumento de capacidad de la aerol\u00ednea, que prev\u00e9 crecer un 6% en","twitter:image":"https:\/\/eldigitaldeasturias.com\/magazine365\/wp-content\/uploads\/2015\/06\/fotonoticia_20150602170204_8001.jpg"},"aioseo_meta_data":{"post_id":"38667","title":null,"description":null,"keywords":null,"keyphrases":null,"primary_term":null,"canonical_url":null,"og_title":null,"og_description":null,"og_object_type":"default","og_image_type":"default","og_image_url":null,"og_image_width":null,"og_image_height":null,"og_image_custom_url":null,"og_image_custom_fields":null,"og_video":null,"og_custom_url":null,"og_article_section":null,"og_article_tags":null,"twitter_use_og":false,"twitter_card":"default","twitter_image_type":"default","twitter_image_url":null,"twitter_image_custom_url":null,"twitter_image_custom_fields":null,"twitter_title":null,"twitter_description":null,"schema":{"blockGraphs":[],"customGraphs":[],"default":{"data":{"Article":[],"Course":[],"Dataset":[],"FAQPage":[],"Movie":[],"Person":[],"Product":[],"ProductReview":[],"Car":[],"Recipe":[],"Service":[],"SoftwareApplication":[],"WebPage":[]},"graphName":"","isEnabled":true},"graphs":[],"defaultGraph":"","defaultPostTypeGraph":""},"schema_type":null,"schema_type_options":null,"pillar_content":false,"robots_default":true,"robots_noindex":false,"robots_noarchive":false,"robots_nosnippet":false,"robots_nofollow":false,"robots_noimageindex":false,"robots_noodp":false,"robots_notranslate":false,"robots_max_snippet":null,"robots_max_videopreview":null,"robots_max_imagepreview":"large","priority":null,"frequency":null,"location":null,"local_seo":null,"seo_analyzer_scan_date":"2025-09-19 10:01:09","breadcrumb_settings":null,"limit_modified_date":false,"open_ai":null,"ai":null,"created":"2021-03-09 02:50:41","updated":"2025-09-19 10:01:09"},"aioseo_breadcrumb":"<div class=\"aioseo-breadcrumbs\"><span class=\"aioseo-breadcrumb\">\n\t<a href=\"https:\/\/eldigitaldeasturias.com\/magazine365\" title=\"Home\">Home<\/a>\n<\/span><span class=\"aioseo-breadcrumb-separator\">\u2013<\/span><span class=\"aioseo-breadcrumb\">\n\t<a href=\"https:\/\/eldigitaldeasturias.com\/magazine365\/category\/noticias-actualidad\/\" title=\"Noticias y Actualidad\">Noticias y Actualidad<\/a>\n<\/span><span class=\"aioseo-breadcrumb-separator\">\u2013<\/span><span class=\"aioseo-breadcrumb\">\n\t<a href=\"https:\/\/eldigitaldeasturias.com\/magazine365\/iberia-contratara-120-pilotos\/\" title=\"Iberia contratar\u00e1 120 pilotos\">Iberia contratar\u00e1 120 pilotos<\/a>\n<\/span><\/div>","aioseo_breadcrumb_json":[{"label":"Home","link":"https:\/\/eldigitaldeasturias.com\/magazine365"},{"label":"Noticias y Actualidad","link":"https:\/\/eldigitaldeasturias.com\/magazine365\/category\/noticias-actualidad\/"},{"label":"Iberia contratar\u00e1 120 pilotos","link":"https:\/\/eldigitaldeasturias.com\/magazine365\/iberia-contratara-120-pilotos\/"}],"_links":{"self":[{"href":"https:\/\/eldigitaldeasturias.com\/magazine365\/wp-json\/wp\/v2\/posts\/38667","targetHints":{"allow":["GET"]}}],"collection":[{"href":"https:\/\/eldigitaldeasturias.com\/magazine365\/wp-json\/wp\/v2\/posts"}],"about":[{"href":"https:\/\/eldigitaldeasturias.com\/magazine365\/wp-json\/wp\/v2\/types\/post"}],"author":[{"embeddable":true,"href":"https:\/\/eldigitaldeasturias.com\/magazine365\/wp-json\/wp\/v2\/users\/1"}],"replies":[{"embeddable":true,"href":"https:\/\/eldigitaldeasturias.com\/magazine365\/wp-json\/wp\/v2\/comments?post=38667"}],"version-history":[{"count":0,"href":"https:\/\/eldigitaldeasturias.com\/magazine365\/wp-json\/wp\/v2\/posts\/38667\/revisions"}],"wp:featuredmedia":[{"embeddable":true,"href":"https:\/\/eldigitaldeasturias.com\/magazine365\/wp-json\/wp\/v2\/media\/38668"}],"wp:attachment":[{"href":"https:\/\/eldigitaldeasturias.com\/magazine365\/wp-json\/wp\/v2\/media?parent=38667"}],"wp:term":[{"taxonomy":"category","embeddable":true,"href":"https:\/\/eldigitaldeasturias.com\/magazine365\/wp-json\/wp\/v2\/categories?post=38667"},{"taxonomy":"post_tag","embeddable":true,"href":"https:\/\/eldigitaldeasturias.com\/magazine365\/wp-json\/wp\/v2\/tags?post=38667"}],"curies":[{"name":"wp","href":"https:\/\/api.w.org\/{rel}","templated":true}]}}