{"id":38661,"date":"2015-06-04T12:50:30","date_gmt":"2015-06-04T11:20:30","guid":{"rendered":"http:\/\/eldigitaldeasturias.com\/magazine365\/?p=38661"},"modified":"2015-06-04T12:50:30","modified_gmt":"2015-06-04T11:20:30","slug":"iberia-inaugura-su-nueva-ruta-madrid-budapest","status":"publish","type":"post","link":"https:\/\/eldigitaldeasturias.com\/magazine365\/iberia-inaugura-su-nueva-ruta-madrid-budapest\/","title":{"rendered":"Iberia inaugura su nueva ruta Madrid-Budapest"},"content":{"rendered":"<p><img fetchpriority=\"high\" decoding=\"async\" class=\"alignleft size-medium wp-image-38662\" src=\"https:\/\/eldigitaldeasturias.com\/magazine365\/wp-content\/uploads\/2015\/06\/fotonoticia_20150602170204_800-360x270.jpg\" alt=\"fotonoticia_20150602170204_800\" width=\"360\" height=\"270\" srcset=\"https:\/\/eldigitaldeasturias.com\/magazine365\/wp-content\/uploads\/2015\/06\/fotonoticia_20150602170204_800-360x270.jpg 360w, https:\/\/eldigitaldeasturias.com\/magazine365\/wp-content\/uploads\/2015\/06\/fotonoticia_20150602170204_800-650x488.jpg 650w, https:\/\/eldigitaldeasturias.com\/magazine365\/wp-content\/uploads\/2015\/06\/fotonoticia_20150602170204_800-768x576.jpg 768w, https:\/\/eldigitaldeasturias.com\/magazine365\/wp-content\/uploads\/2015\/06\/fotonoticia_20150602170204_800-150x113.jpg 150w, https:\/\/eldigitaldeasturias.com\/magazine365\/wp-content\/uploads\/2015\/06\/fotonoticia_20150602170204_800-450x338.jpg 450w, https:\/\/eldigitaldeasturias.com\/magazine365\/wp-content\/uploads\/2015\/06\/fotonoticia_20150602170204_800-80x60.jpg 80w, https:\/\/eldigitaldeasturias.com\/magazine365\/wp-content\/uploads\/2015\/06\/fotonoticia_20150602170204_800-265x198.jpg 265w, https:\/\/eldigitaldeasturias.com\/magazine365\/wp-content\/uploads\/2015\/06\/fotonoticia_20150602170204_800-696x522.jpg 696w, https:\/\/eldigitaldeasturias.com\/magazine365\/wp-content\/uploads\/2015\/06\/fotonoticia_20150602170204_800-560x420.jpg 560w, https:\/\/eldigitaldeasturias.com\/magazine365\/wp-content\/uploads\/2015\/06\/fotonoticia_20150602170204_800-90x67.jpg 90w, https:\/\/eldigitaldeasturias.com\/magazine365\/wp-content\/uploads\/2015\/06\/fotonoticia_20150602170204_800-100x75.jpg 100w, https:\/\/eldigitaldeasturias.com\/magazine365\/wp-content\/uploads\/2015\/06\/fotonoticia_20150602170204_800.jpg 800w\" sizes=\"(max-width: 360px) 100vw, 360px\" \/>La aerol\u00ednea Iberia ha inaugurado sus vuelos entre Madrid y Budapest, vigentes hasta el pr\u00f3ximo 22 de octubre, seg\u00fan ha informado la compa\u00f1\u00eda.<\/p>\n<p>Los vuelos que unir\u00e1n ambas capitales se realizar\u00e1n con aviones de la familia A320, que cuentan con entre 141 y 200 asientos distribuidos en dos cabinas: Business y Econ\u00f3mica.<\/p>\n<p>Con esta nueva ruta, Iberia operar\u00e1 hasta seis vuelos semanales de ida y vuelta entre Madrid y Budapest, ofertando casi 30.000 asientos a sus clientes.<\/p>\n<p>Adem\u00e1s de volar a Madrid, los clientes de Iberia procedentes de Hungr\u00eda podr\u00e1n continuar su viaje a otras 22 ciudades espa\u00f1olas, como Mallorca, Barcelona o M\u00e1laga; Lisboa y Oporto, en Portugal; Luanda, en Angola; y Buenos Aires, M\u00e9xico DF, Montevideo, Sao Paulo y Santiago de Chile en Latinoam\u00e9rica.<\/p>\n","protected":false},"excerpt":{"rendered":"<p>La aerol\u00ednea Iberia ha inaugurado sus vuelos entre Madrid y Budapest, vigentes hasta el pr\u00f3ximo 22 de octubre, seg\u00fan ha informado la compa\u00f1\u00eda. Los vuelos que unir\u00e1n ambas capitales se realizar\u00e1n con aviones de la familia A320, que cuentan con entre 141 y 200 asientos distribuidos en dos cabinas: Business y Econ\u00f3mica. Con esta nueva<\/p>\n","protected":false},"author":1,"featured_media":38662,"comment_status":"open","ping_status":"closed","sticky":false,"template":"","format":"standard","meta":{"footnotes":""},"categories":[224],"tags":[],"class_list":{"0":"post-38661","1":"post","2":"type-post","3":"status-publish","4":"format-standard","5":"has-post-thumbnail","7":"category-noticias-actualidad"},"aioseo_notices":[],"aioseo_head":"\n\t\t<!-- All in One SEO Pro 4.9.6.1 - aioseo.com -->\n\t<meta name=\"description\" content=\"La aerol\u00ednea Iberia ha inaugurado sus vuelos entre Madrid y Budapest, vigentes hasta el pr\u00f3ximo 22 de octubre, seg\u00fan ha informado la compa\u00f1\u00eda. Los vuelos que unir\u00e1n ambas capitales se realizar\u00e1n con aviones de la familia A320, que cuentan con entre 141 y 200 asientos distribuidos en dos cabinas: Business y Econ\u00f3mica. Con esta nueva\" \/>\n\t<meta name=\"robots\" content=\"max-image-preview:large\" \/>\n\t<meta name=\"author\" content=\"admin\"\/>\n\t<meta name=\"google-site-verification\" content=\"UA-38556648-1\" \/>\n\t<meta name=\"keywords\" content=\"noticias y actualidad\" \/>\n\t<link rel=\"canonical\" href=\"https:\/\/eldigitaldeasturias.com\/magazine365\/iberia-inaugura-su-nueva-ruta-madrid-budapest\/\" \/>\n\t<meta name=\"generator\" content=\"All in One SEO Pro (AIOSEO) 4.9.6.1\" \/>\n\t\t<meta property=\"og:locale\" content=\"es_ES\" \/>\n\t\t<meta property=\"og:site_name\" content=\"El Digital de Asturias \u2013 Revista de ocio, turismo y estilo de vida\" \/>\n\t\t<meta property=\"og:type\" content=\"article\" \/>\n\t\t<meta property=\"og:title\" content=\"Iberia inaugura su nueva ruta Madrid-Budapest | El Digital de Asturias\" \/>\n\t\t<meta property=\"og:description\" content=\"La aerol\u00ednea Iberia ha inaugurado sus vuelos entre Madrid y Budapest, vigentes hasta el pr\u00f3ximo 22 de octubre, seg\u00fan ha informado la compa\u00f1\u00eda. Los vuelos que unir\u00e1n ambas capitales se realizar\u00e1n con aviones de la familia A320, que cuentan con entre 141 y 200 asientos distribuidos en dos cabinas: Business y Econ\u00f3mica. Con esta nueva\" \/>\n\t\t<meta property=\"og:url\" content=\"https:\/\/eldigitaldeasturias.com\/magazine365\/iberia-inaugura-su-nueva-ruta-madrid-budapest\/\" \/>\n\t\t<meta property=\"og:image\" content=\"https:\/\/eldigitaldeasturias.com\/magazine365\/wp-content\/uploads\/2015\/06\/fotonoticia_20150602170204_800.jpg\" \/>\n\t\t<meta property=\"og:image:secure_url\" content=\"https:\/\/eldigitaldeasturias.com\/magazine365\/wp-content\/uploads\/2015\/06\/fotonoticia_20150602170204_800.jpg\" \/>\n\t\t<meta property=\"og:image:width\" content=\"800\" \/>\n\t\t<meta property=\"og:image:height\" content=\"600\" \/>\n\t\t<meta property=\"article:published_time\" content=\"2015-06-04T11:20:30+00:00\" \/>\n\t\t<meta property=\"article:modified_time\" content=\"2015-06-04T11:20:30+00:00\" \/>\n\t\t<meta name=\"twitter:card\" content=\"summary_large_image\" \/>\n\t\t<meta name=\"twitter:title\" content=\"Iberia inaugura su nueva ruta Madrid-Budapest | El Digital de Asturias\" \/>\n\t\t<meta name=\"twitter:description\" content=\"La aerol\u00ednea Iberia ha inaugurado sus vuelos entre Madrid y Budapest, vigentes hasta el pr\u00f3ximo 22 de octubre, seg\u00fan ha informado la compa\u00f1\u00eda. Los vuelos que unir\u00e1n ambas capitales se realizar\u00e1n con aviones de la familia A320, que cuentan con entre 141 y 200 asientos distribuidos en dos cabinas: Business y Econ\u00f3mica. Con esta nueva\" \/>\n\t\t<meta name=\"twitter:image\" content=\"https:\/\/eldigitaldeasturias.com\/magazine365\/wp-content\/uploads\/2015\/06\/fotonoticia_20150602170204_800.jpg\" \/>\n\t\t<script type=\"application\/ld+json\" class=\"aioseo-schema\">\n\t\t\t{\"@context\":\"https:\\\/\\\/schema.org\",\"@graph\":[{\"@type\":\"Article\",\"@id\":\"https:\\\/\\\/eldigitaldeasturias.com\\\/magazine365\\\/iberia-inaugura-su-nueva-ruta-madrid-budapest\\\/#article\",\"name\":\"Iberia inaugura su nueva ruta Madrid-Budapest | El Digital de Asturias\",\"headline\":\"Iberia inaugura su nueva ruta Madrid-Budapest\",\"author\":{\"@id\":\"https:\\\/\\\/eldigitaldeasturias.com\\\/magazine365\\\/author\\\/admin\\\/#author\"},\"publisher\":{\"@id\":\"https:\\\/\\\/eldigitaldeasturias.com\\\/magazine365\\\/#organization\"},\"image\":{\"@type\":\"ImageObject\",\"url\":\"https:\\\/\\\/eldigitaldeasturias.com\\\/magazine365\\\/wp-content\\\/uploads\\\/2015\\\/06\\\/fotonoticia_20150602170204_800.jpg\",\"width\":800,\"height\":600},\"datePublished\":\"2015-06-04T12:50:30+02:00\",\"dateModified\":\"2015-06-04T12:50:30+02:00\",\"inLanguage\":\"es-ES\",\"mainEntityOfPage\":{\"@id\":\"https:\\\/\\\/eldigitaldeasturias.com\\\/magazine365\\\/iberia-inaugura-su-nueva-ruta-madrid-budapest\\\/#webpage\"},\"isPartOf\":{\"@id\":\"https:\\\/\\\/eldigitaldeasturias.com\\\/magazine365\\\/iberia-inaugura-su-nueva-ruta-madrid-budapest\\\/#webpage\"},\"articleSection\":\"Noticias y Actualidad\"},{\"@type\":\"BreadcrumbList\",\"@id\":\"https:\\\/\\\/eldigitaldeasturias.com\\\/magazine365\\\/iberia-inaugura-su-nueva-ruta-madrid-budapest\\\/#breadcrumblist\",\"itemListElement\":[{\"@type\":\"ListItem\",\"@id\":\"https:\\\/\\\/eldigitaldeasturias.com\\\/magazine365#listItem\",\"position\":1,\"name\":\"Home\",\"item\":\"https:\\\/\\\/eldigitaldeasturias.com\\\/magazine365\",\"nextItem\":{\"@type\":\"ListItem\",\"@id\":\"https:\\\/\\\/eldigitaldeasturias.com\\\/magazine365\\\/category\\\/noticias-actualidad\\\/#listItem\",\"name\":\"Noticias y Actualidad\"}},{\"@type\":\"ListItem\",\"@id\":\"https:\\\/\\\/eldigitaldeasturias.com\\\/magazine365\\\/category\\\/noticias-actualidad\\\/#listItem\",\"position\":2,\"name\":\"Noticias y Actualidad\",\"item\":\"https:\\\/\\\/eldigitaldeasturias.com\\\/magazine365\\\/category\\\/noticias-actualidad\\\/\",\"nextItem\":{\"@type\":\"ListItem\",\"@id\":\"https:\\\/\\\/eldigitaldeasturias.com\\\/magazine365\\\/iberia-inaugura-su-nueva-ruta-madrid-budapest\\\/#listItem\",\"name\":\"Iberia inaugura su nueva ruta Madrid-Budapest\"},\"previousItem\":{\"@type\":\"ListItem\",\"@id\":\"https:\\\/\\\/eldigitaldeasturias.com\\\/magazine365#listItem\",\"name\":\"Home\"}},{\"@type\":\"ListItem\",\"@id\":\"https:\\\/\\\/eldigitaldeasturias.com\\\/magazine365\\\/iberia-inaugura-su-nueva-ruta-madrid-budapest\\\/#listItem\",\"position\":3,\"name\":\"Iberia inaugura su nueva ruta Madrid-Budapest\",\"previousItem\":{\"@type\":\"ListItem\",\"@id\":\"https:\\\/\\\/eldigitaldeasturias.com\\\/magazine365\\\/category\\\/noticias-actualidad\\\/#listItem\",\"name\":\"Noticias y Actualidad\"}}]},{\"@type\":\"Organization\",\"@id\":\"https:\\\/\\\/eldigitaldeasturias.com\\\/magazine365\\\/#organization\",\"name\":\"El digital de Asturias\",\"description\":\"Revista de ocio, turismo y estilo de vida\",\"url\":\"https:\\\/\\\/eldigitaldeasturias.com\\\/magazine365\\\/\",\"logo\":{\"@type\":\"ImageObject\",\"url\":\"https:\\\/\\\/www.eldigitaldeasturias.com\\\/noticias\\\/wp-content\\\/uploads\\\/2020\\\/12\\\/EDA.jpg\",\"@id\":\"https:\\\/\\\/eldigitaldeasturias.com\\\/magazine365\\\/iberia-inaugura-su-nueva-ruta-madrid-budapest\\\/#organizationLogo\"},\"image\":{\"@id\":\"https:\\\/\\\/eldigitaldeasturias.com\\\/magazine365\\\/iberia-inaugura-su-nueva-ruta-madrid-budapest\\\/#organizationLogo\"}},{\"@type\":\"Person\",\"@id\":\"https:\\\/\\\/eldigitaldeasturias.com\\\/magazine365\\\/author\\\/admin\\\/#author\",\"url\":\"https:\\\/\\\/eldigitaldeasturias.com\\\/magazine365\\\/author\\\/admin\\\/\",\"name\":\"admin\",\"image\":{\"@type\":\"ImageObject\",\"@id\":\"https:\\\/\\\/eldigitaldeasturias.com\\\/magazine365\\\/iberia-inaugura-su-nueva-ruta-madrid-budapest\\\/#authorImage\",\"url\":\"https:\\\/\\\/eldigitaldeasturias.com\\\/magazine365\\\/wp-content\\\/litespeed\\\/avatar\\\/e571bcf59a0edd6fa6838245a470f2fe.jpg?ver=1776969259\",\"width\":96,\"height\":96,\"caption\":\"admin\"}},{\"@type\":\"WebPage\",\"@id\":\"https:\\\/\\\/eldigitaldeasturias.com\\\/magazine365\\\/iberia-inaugura-su-nueva-ruta-madrid-budapest\\\/#webpage\",\"url\":\"https:\\\/\\\/eldigitaldeasturias.com\\\/magazine365\\\/iberia-inaugura-su-nueva-ruta-madrid-budapest\\\/\",\"name\":\"Iberia inaugura su nueva ruta Madrid-Budapest | El Digital de Asturias\",\"description\":\"La aerol\\u00ednea Iberia ha inaugurado sus vuelos entre Madrid y Budapest, vigentes hasta el pr\\u00f3ximo 22 de octubre, seg\\u00fan ha informado la compa\\u00f1\\u00eda. Los vuelos que unir\\u00e1n ambas capitales se realizar\\u00e1n con aviones de la familia A320, que cuentan con entre 141 y 200 asientos distribuidos en dos cabinas: Business y Econ\\u00f3mica. Con esta nueva\",\"inLanguage\":\"es-ES\",\"isPartOf\":{\"@id\":\"https:\\\/\\\/eldigitaldeasturias.com\\\/magazine365\\\/#website\"},\"breadcrumb\":{\"@id\":\"https:\\\/\\\/eldigitaldeasturias.com\\\/magazine365\\\/iberia-inaugura-su-nueva-ruta-madrid-budapest\\\/#breadcrumblist\"},\"author\":{\"@id\":\"https:\\\/\\\/eldigitaldeasturias.com\\\/magazine365\\\/author\\\/admin\\\/#author\"},\"creator\":{\"@id\":\"https:\\\/\\\/eldigitaldeasturias.com\\\/magazine365\\\/author\\\/admin\\\/#author\"},\"image\":{\"@type\":\"ImageObject\",\"url\":\"https:\\\/\\\/eldigitaldeasturias.com\\\/magazine365\\\/wp-content\\\/uploads\\\/2015\\\/06\\\/fotonoticia_20150602170204_800.jpg\",\"@id\":\"https:\\\/\\\/eldigitaldeasturias.com\\\/magazine365\\\/iberia-inaugura-su-nueva-ruta-madrid-budapest\\\/#mainImage\",\"width\":800,\"height\":600},\"primaryImageOfPage\":{\"@id\":\"https:\\\/\\\/eldigitaldeasturias.com\\\/magazine365\\\/iberia-inaugura-su-nueva-ruta-madrid-budapest\\\/#mainImage\"},\"datePublished\":\"2015-06-04T12:50:30+02:00\",\"dateModified\":\"2015-06-04T12:50:30+02:00\"},{\"@type\":\"WebSite\",\"@id\":\"https:\\\/\\\/eldigitaldeasturias.com\\\/magazine365\\\/#website\",\"url\":\"https:\\\/\\\/eldigitaldeasturias.com\\\/magazine365\\\/\",\"name\":\"El Digital de Asturias\",\"description\":\"Revista de ocio, turismo y estilo de vida\",\"inLanguage\":\"es-ES\",\"publisher\":{\"@id\":\"https:\\\/\\\/eldigitaldeasturias.com\\\/magazine365\\\/#organization\"}}]}\n\t\t<\/script>\n\t\t<!-- All in One SEO Pro -->\r\n\t\t<title>Iberia inaugura su nueva ruta Madrid-Budapest | El Digital de Asturias<\/title>\n\n","aioseo_head_json":{"title":"Iberia inaugura su nueva ruta Madrid-Budapest | El Digital de Asturias","description":"La aerol\u00ednea Iberia ha inaugurado sus vuelos entre Madrid y Budapest, vigentes hasta el pr\u00f3ximo 22 de octubre, seg\u00fan ha informado la compa\u00f1\u00eda. Los vuelos que unir\u00e1n ambas capitales se realizar\u00e1n con aviones de la familia A320, que cuentan con entre 141 y 200 asientos distribuidos en dos cabinas: Business y Econ\u00f3mica. Con esta nueva","canonical_url":"https:\/\/eldigitaldeasturias.com\/magazine365\/iberia-inaugura-su-nueva-ruta-madrid-budapest\/","robots":"max-image-preview:large","keywords":"noticias y actualidad","webmasterTools":{"google-site-verification":"UA-38556648-1","miscellaneous":""},"schema":{"@context":"https:\/\/schema.org","@graph":[{"@type":"Article","@id":"https:\/\/eldigitaldeasturias.com\/magazine365\/iberia-inaugura-su-nueva-ruta-madrid-budapest\/#article","name":"Iberia inaugura su nueva ruta Madrid-Budapest | El Digital de Asturias","headline":"Iberia inaugura su nueva ruta Madrid-Budapest","author":{"@id":"https:\/\/eldigitaldeasturias.com\/magazine365\/author\/admin\/#author"},"publisher":{"@id":"https:\/\/eldigitaldeasturias.com\/magazine365\/#organization"},"image":{"@type":"ImageObject","url":"https:\/\/eldigitaldeasturias.com\/magazine365\/wp-content\/uploads\/2015\/06\/fotonoticia_20150602170204_800.jpg","width":800,"height":600},"datePublished":"2015-06-04T12:50:30+02:00","dateModified":"2015-06-04T12:50:30+02:00","inLanguage":"es-ES","mainEntityOfPage":{"@id":"https:\/\/eldigitaldeasturias.com\/magazine365\/iberia-inaugura-su-nueva-ruta-madrid-budapest\/#webpage"},"isPartOf":{"@id":"https:\/\/eldigitaldeasturias.com\/magazine365\/iberia-inaugura-su-nueva-ruta-madrid-budapest\/#webpage"},"articleSection":"Noticias y Actualidad"},{"@type":"BreadcrumbList","@id":"https:\/\/eldigitaldeasturias.com\/magazine365\/iberia-inaugura-su-nueva-ruta-madrid-budapest\/#breadcrumblist","itemListElement":[{"@type":"ListItem","@id":"https:\/\/eldigitaldeasturias.com\/magazine365#listItem","position":1,"name":"Home","item":"https:\/\/eldigitaldeasturias.com\/magazine365","nextItem":{"@type":"ListItem","@id":"https:\/\/eldigitaldeasturias.com\/magazine365\/category\/noticias-actualidad\/#listItem","name":"Noticias y Actualidad"}},{"@type":"ListItem","@id":"https:\/\/eldigitaldeasturias.com\/magazine365\/category\/noticias-actualidad\/#listItem","position":2,"name":"Noticias y Actualidad","item":"https:\/\/eldigitaldeasturias.com\/magazine365\/category\/noticias-actualidad\/","nextItem":{"@type":"ListItem","@id":"https:\/\/eldigitaldeasturias.com\/magazine365\/iberia-inaugura-su-nueva-ruta-madrid-budapest\/#listItem","name":"Iberia inaugura su nueva ruta Madrid-Budapest"},"previousItem":{"@type":"ListItem","@id":"https:\/\/eldigitaldeasturias.com\/magazine365#listItem","name":"Home"}},{"@type":"ListItem","@id":"https:\/\/eldigitaldeasturias.com\/magazine365\/iberia-inaugura-su-nueva-ruta-madrid-budapest\/#listItem","position":3,"name":"Iberia inaugura su nueva ruta Madrid-Budapest","previousItem":{"@type":"ListItem","@id":"https:\/\/eldigitaldeasturias.com\/magazine365\/category\/noticias-actualidad\/#listItem","name":"Noticias y Actualidad"}}]},{"@type":"Organization","@id":"https:\/\/eldigitaldeasturias.com\/magazine365\/#organization","name":"El digital de Asturias","description":"Revista de ocio, turismo y estilo de vida","url":"https:\/\/eldigitaldeasturias.com\/magazine365\/","logo":{"@type":"ImageObject","url":"https:\/\/www.eldigitaldeasturias.com\/noticias\/wp-content\/uploads\/2020\/12\/EDA.jpg","@id":"https:\/\/eldigitaldeasturias.com\/magazine365\/iberia-inaugura-su-nueva-ruta-madrid-budapest\/#organizationLogo"},"image":{"@id":"https:\/\/eldigitaldeasturias.com\/magazine365\/iberia-inaugura-su-nueva-ruta-madrid-budapest\/#organizationLogo"}},{"@type":"Person","@id":"https:\/\/eldigitaldeasturias.com\/magazine365\/author\/admin\/#author","url":"https:\/\/eldigitaldeasturias.com\/magazine365\/author\/admin\/","name":"admin","image":{"@type":"ImageObject","@id":"https:\/\/eldigitaldeasturias.com\/magazine365\/iberia-inaugura-su-nueva-ruta-madrid-budapest\/#authorImage","url":"https:\/\/eldigitaldeasturias.com\/magazine365\/wp-content\/litespeed\/avatar\/e571bcf59a0edd6fa6838245a470f2fe.jpg?ver=1776969259","width":96,"height":96,"caption":"admin"}},{"@type":"WebPage","@id":"https:\/\/eldigitaldeasturias.com\/magazine365\/iberia-inaugura-su-nueva-ruta-madrid-budapest\/#webpage","url":"https:\/\/eldigitaldeasturias.com\/magazine365\/iberia-inaugura-su-nueva-ruta-madrid-budapest\/","name":"Iberia inaugura su nueva ruta Madrid-Budapest | El Digital de Asturias","description":"La aerol\u00ednea Iberia ha inaugurado sus vuelos entre Madrid y Budapest, vigentes hasta el pr\u00f3ximo 22 de octubre, seg\u00fan ha informado la compa\u00f1\u00eda. Los vuelos que unir\u00e1n ambas capitales se realizar\u00e1n con aviones de la familia A320, que cuentan con entre 141 y 200 asientos distribuidos en dos cabinas: Business y Econ\u00f3mica. Con esta nueva","inLanguage":"es-ES","isPartOf":{"@id":"https:\/\/eldigitaldeasturias.com\/magazine365\/#website"},"breadcrumb":{"@id":"https:\/\/eldigitaldeasturias.com\/magazine365\/iberia-inaugura-su-nueva-ruta-madrid-budapest\/#breadcrumblist"},"author":{"@id":"https:\/\/eldigitaldeasturias.com\/magazine365\/author\/admin\/#author"},"creator":{"@id":"https:\/\/eldigitaldeasturias.com\/magazine365\/author\/admin\/#author"},"image":{"@type":"ImageObject","url":"https:\/\/eldigitaldeasturias.com\/magazine365\/wp-content\/uploads\/2015\/06\/fotonoticia_20150602170204_800.jpg","@id":"https:\/\/eldigitaldeasturias.com\/magazine365\/iberia-inaugura-su-nueva-ruta-madrid-budapest\/#mainImage","width":800,"height":600},"primaryImageOfPage":{"@id":"https:\/\/eldigitaldeasturias.com\/magazine365\/iberia-inaugura-su-nueva-ruta-madrid-budapest\/#mainImage"},"datePublished":"2015-06-04T12:50:30+02:00","dateModified":"2015-06-04T12:50:30+02:00"},{"@type":"WebSite","@id":"https:\/\/eldigitaldeasturias.com\/magazine365\/#website","url":"https:\/\/eldigitaldeasturias.com\/magazine365\/","name":"El Digital de Asturias","description":"Revista de ocio, turismo y estilo de vida","inLanguage":"es-ES","publisher":{"@id":"https:\/\/eldigitaldeasturias.com\/magazine365\/#organization"}}]},"og:locale":"es_ES","og:site_name":"El Digital de Asturias \u2013 Revista de ocio, turismo y estilo de vida","og:type":"article","og:title":"Iberia inaugura su nueva ruta Madrid-Budapest | El Digital de Asturias","og:description":"La aerol\u00ednea Iberia ha inaugurado sus vuelos entre Madrid y Budapest, vigentes hasta el pr\u00f3ximo 22 de octubre, seg\u00fan ha informado la compa\u00f1\u00eda. Los vuelos que unir\u00e1n ambas capitales se realizar\u00e1n con aviones de la familia A320, que cuentan con entre 141 y 200 asientos distribuidos en dos cabinas: Business y Econ\u00f3mica. Con esta nueva","og:url":"https:\/\/eldigitaldeasturias.com\/magazine365\/iberia-inaugura-su-nueva-ruta-madrid-budapest\/","og:image":"https:\/\/eldigitaldeasturias.com\/magazine365\/wp-content\/uploads\/2015\/06\/fotonoticia_20150602170204_800.jpg","og:image:secure_url":"https:\/\/eldigitaldeasturias.com\/magazine365\/wp-content\/uploads\/2015\/06\/fotonoticia_20150602170204_800.jpg","og:image:width":800,"og:image:height":600,"article:published_time":"2015-06-04T11:20:30+00:00","article:modified_time":"2015-06-04T11:20:30+00:00","twitter:card":"summary_large_image","twitter:title":"Iberia inaugura su nueva ruta Madrid-Budapest | El Digital de Asturias","twitter:description":"La aerol\u00ednea Iberia ha inaugurado sus vuelos entre Madrid y Budapest, vigentes hasta el pr\u00f3ximo 22 de octubre, seg\u00fan ha informado la compa\u00f1\u00eda. Los vuelos que unir\u00e1n ambas capitales se realizar\u00e1n con aviones de la familia A320, que cuentan con entre 141 y 200 asientos distribuidos en dos cabinas: Business y Econ\u00f3mica. Con esta nueva","twitter:image":"https:\/\/eldigitaldeasturias.com\/magazine365\/wp-content\/uploads\/2015\/06\/fotonoticia_20150602170204_800.jpg"},"aioseo_meta_data":{"post_id":"38661","title":null,"description":null,"keywords":null,"keyphrases":null,"primary_term":null,"canonical_url":null,"og_title":null,"og_description":null,"og_object_type":"default","og_image_type":"default","og_image_url":null,"og_image_width":null,"og_image_height":null,"og_image_custom_url":null,"og_image_custom_fields":null,"og_video":null,"og_custom_url":null,"og_article_section":null,"og_article_tags":null,"twitter_use_og":false,"twitter_card":"default","twitter_image_type":"default","twitter_image_url":null,"twitter_image_custom_url":null,"twitter_image_custom_fields":null,"twitter_title":null,"twitter_description":null,"schema":{"blockGraphs":[],"customGraphs":[],"default":{"data":{"Article":[],"Course":[],"Dataset":[],"FAQPage":[],"Movie":[],"Person":[],"Product":[],"ProductReview":[],"Car":[],"Recipe":[],"Service":[],"SoftwareApplication":[],"WebPage":[]},"graphName":"","isEnabled":true},"graphs":[],"defaultGraph":"","defaultPostTypeGraph":""},"schema_type":null,"schema_type_options":null,"pillar_content":false,"robots_default":true,"robots_noindex":false,"robots_noarchive":false,"robots_nosnippet":false,"robots_nofollow":false,"robots_noimageindex":false,"robots_noodp":false,"robots_notranslate":false,"robots_max_snippet":null,"robots_max_videopreview":null,"robots_max_imagepreview":"large","priority":null,"frequency":null,"location":null,"local_seo":null,"seo_analyzer_scan_date":"2025-09-19 10:01:03","breadcrumb_settings":null,"limit_modified_date":false,"open_ai":null,"ai":null,"created":"2021-03-09 02:50:41","updated":"2025-09-19 10:01:03"},"aioseo_breadcrumb":"<div class=\"aioseo-breadcrumbs\"><span class=\"aioseo-breadcrumb\">\n\t<a href=\"https:\/\/eldigitaldeasturias.com\/magazine365\" title=\"Home\">Home<\/a>\n<\/span><span class=\"aioseo-breadcrumb-separator\">\u2013<\/span><span class=\"aioseo-breadcrumb\">\n\t<a href=\"https:\/\/eldigitaldeasturias.com\/magazine365\/category\/noticias-actualidad\/\" title=\"Noticias y Actualidad\">Noticias y Actualidad<\/a>\n<\/span><span class=\"aioseo-breadcrumb-separator\">\u2013<\/span><span class=\"aioseo-breadcrumb\">\n\t<a href=\"https:\/\/eldigitaldeasturias.com\/magazine365\/iberia-inaugura-su-nueva-ruta-madrid-budapest\/\" title=\"Iberia inaugura su nueva ruta Madrid-Budapest\">Iberia inaugura su nueva ruta Madrid-Budapest<\/a>\n<\/span><\/div>","aioseo_breadcrumb_json":[{"label":"Home","link":"https:\/\/eldigitaldeasturias.com\/magazine365"},{"label":"Noticias y Actualidad","link":"https:\/\/eldigitaldeasturias.com\/magazine365\/category\/noticias-actualidad\/"},{"label":"Iberia inaugura su nueva ruta Madrid-Budapest","link":"https:\/\/eldigitaldeasturias.com\/magazine365\/iberia-inaugura-su-nueva-ruta-madrid-budapest\/"}],"_links":{"self":[{"href":"https:\/\/eldigitaldeasturias.com\/magazine365\/wp-json\/wp\/v2\/posts\/38661","targetHints":{"allow":["GET"]}}],"collection":[{"href":"https:\/\/eldigitaldeasturias.com\/magazine365\/wp-json\/wp\/v2\/posts"}],"about":[{"href":"https:\/\/eldigitaldeasturias.com\/magazine365\/wp-json\/wp\/v2\/types\/post"}],"author":[{"embeddable":true,"href":"https:\/\/eldigitaldeasturias.com\/magazine365\/wp-json\/wp\/v2\/users\/1"}],"replies":[{"embeddable":true,"href":"https:\/\/eldigitaldeasturias.com\/magazine365\/wp-json\/wp\/v2\/comments?post=38661"}],"version-history":[{"count":0,"href":"https:\/\/eldigitaldeasturias.com\/magazine365\/wp-json\/wp\/v2\/posts\/38661\/revisions"}],"wp:featuredmedia":[{"embeddable":true,"href":"https:\/\/eldigitaldeasturias.com\/magazine365\/wp-json\/wp\/v2\/media\/38662"}],"wp:attachment":[{"href":"https:\/\/eldigitaldeasturias.com\/magazine365\/wp-json\/wp\/v2\/media?parent=38661"}],"wp:term":[{"taxonomy":"category","embeddable":true,"href":"https:\/\/eldigitaldeasturias.com\/magazine365\/wp-json\/wp\/v2\/categories?post=38661"},{"taxonomy":"post_tag","embeddable":true,"href":"https:\/\/eldigitaldeasturias.com\/magazine365\/wp-json\/wp\/v2\/tags?post=38661"}],"curies":[{"name":"wp","href":"https:\/\/api.w.org\/{rel}","templated":true}]}}