{"id":38658,"date":"2015-06-04T12:49:17","date_gmt":"2015-06-04T11:19:17","guid":{"rendered":"http:\/\/eldigitaldeasturias.com\/magazine365\/?p=38658"},"modified":"2015-06-04T12:49:17","modified_gmt":"2015-06-04T11:19:17","slug":"llegan-los-jueves-low-cost-a-guadalajara","status":"publish","type":"post","link":"https:\/\/eldigitaldeasturias.com\/magazine365\/llegan-los-jueves-low-cost-a-guadalajara\/","title":{"rendered":"Llegan los jueves \u201clow cost\u201d a Guadalajara"},"content":{"rendered":"<p><img fetchpriority=\"high\" decoding=\"async\" class=\"alignleft size-medium wp-image-38659\" src=\"https:\/\/eldigitaldeasturias.com\/magazine365\/wp-content\/uploads\/2015\/06\/fotonoticia_20150602164409_800-360x240.jpg\" alt=\"fotonoticia_20150602164409_800\" width=\"360\" height=\"240\" srcset=\"https:\/\/eldigitaldeasturias.com\/magazine365\/wp-content\/uploads\/2015\/06\/fotonoticia_20150602164409_800-360x240.jpg 360w, https:\/\/eldigitaldeasturias.com\/magazine365\/wp-content\/uploads\/2015\/06\/fotonoticia_20150602164409_800-650x433.jpg 650w, https:\/\/eldigitaldeasturias.com\/magazine365\/wp-content\/uploads\/2015\/06\/fotonoticia_20150602164409_800-768x512.jpg 768w, https:\/\/eldigitaldeasturias.com\/magazine365\/wp-content\/uploads\/2015\/06\/fotonoticia_20150602164409_800-150x100.jpg 150w, https:\/\/eldigitaldeasturias.com\/magazine365\/wp-content\/uploads\/2015\/06\/fotonoticia_20150602164409_800-450x300.jpg 450w, https:\/\/eldigitaldeasturias.com\/magazine365\/wp-content\/uploads\/2015\/06\/fotonoticia_20150602164409_800-696x464.jpg 696w, https:\/\/eldigitaldeasturias.com\/magazine365\/wp-content\/uploads\/2015\/06\/fotonoticia_20150602164409_800-630x420.jpg 630w, https:\/\/eldigitaldeasturias.com\/magazine365\/wp-content\/uploads\/2015\/06\/fotonoticia_20150602164409_800-84x55.jpg 84w, https:\/\/eldigitaldeasturias.com\/magazine365\/wp-content\/uploads\/2015\/06\/fotonoticia_20150602164409_800.jpg 800w\" sizes=\"(max-width: 360px) 100vw, 360px\" \/>M\u00e1s de 100 establecimientos comerciales, hosteleros y de servicios de todo tipo participar\u00e1n este a\u00f1o en la ciudad en la campa\u00f1a &#8216;Jueves Low Cost&#8217;, nuevo formato de los conocidos Jueves del Comercio que se han venido celebrando en los \u00faltimos a\u00f1os en estas fechas.<\/p>\n<p>Esta iniciativa tiene el objetivo de \u00abimpulsar la promoci\u00f3n econ\u00f3mica y comercial de Guadalajara, incorporando nuevos incentivos\u00bb, y en esta edici\u00f3n se extiende a otras actividades y aglutina nuevos servicios, tal y como ha explicado Encarnaci\u00f3n Jim\u00e9nez, concejal de Promoci\u00f3n Econ\u00f3mica y Comercio, durante la presentaci\u00f3n de la campa\u00f1a.<\/p>\n<p>En la presente edici\u00f3n se ha adoptado el nuevo formato con el objetivo primordial de \u00abhacer que todas estas nuevas actividades comerciales, hosteleras y de servicios confluyan en el centro de la ciudad\u00bb.<\/p>\n<p>Con la incorporaci\u00f3n de establecimientos hosteleros y empresas de actividades diversas, los &#8216;Jueves Low Cost&#8217; se celebrar\u00e1n del 4 al 7 y del 11 al 14 de junio, coincidiendo con el Corpus Christi y el Marat\u00f3n de Cuentos, eventos que atraen mucho p\u00fablico a la ciudad y que son \u00abpolo de atracci\u00f3n del turismo\u00bb, seg\u00fan la concejal.<\/p>\n<p>Se mostrar\u00e1 de esta forma el \u00abgran escaparate\u00bb comercial y de servicios a todos los que visiten Guadalajara aprovechando la celebraci\u00f3n de estos acontecimientos, al tiempo que los propios vecinos de la ciudad tendr\u00e1n a su disposici\u00f3n \u00abuna amplia oferta de servicios sin tener que desplazarse fuera\u00bb, ha puntualizado Encarnaci\u00f3n Jim\u00e9nez.<\/p>\n<p>En la presente edici\u00f3n, los Jueves Low Cost incorporan las nuevas tecnolog\u00edas a su promoci\u00f3n. Junto con la edici\u00f3n de 300 carteles y 10.000 folletos publicitarios, la campa\u00f1a estrena una web propia (www.jueveslowcost.es), en la que los usuarios podr\u00e1n consultar los establecimientos adheridos, las ofertas puntuales que ofrecen, junto con toda la informaci\u00f3n relativa a la campa\u00f1a de promoci\u00f3n comercial.<\/p>\n","protected":false},"excerpt":{"rendered":"<p>M\u00e1s de 100 establecimientos comerciales, hosteleros y de servicios de todo tipo participar\u00e1n este a\u00f1o en la ciudad en la campa\u00f1a &#8216;Jueves Low Cost&#8217;, nuevo formato de los conocidos Jueves del Comercio que se han venido celebrando en los \u00faltimos a\u00f1os en estas fechas. Esta iniciativa tiene el objetivo de \u00abimpulsar la promoci\u00f3n econ\u00f3mica y<\/p>\n","protected":false},"author":1,"featured_media":38659,"comment_status":"open","ping_status":"closed","sticky":false,"template":"","format":"standard","meta":{"footnotes":""},"categories":[224],"tags":[],"class_list":{"0":"post-38658","1":"post","2":"type-post","3":"status-publish","4":"format-standard","5":"has-post-thumbnail","7":"category-noticias-actualidad"},"aioseo_notices":[],"aioseo_head":"\n\t\t<!-- All in One SEO Pro 4.9.6.1 - aioseo.com -->\n\t<meta name=\"description\" content=\"M\u00e1s de 100 establecimientos comerciales, hosteleros y de servicios de todo tipo participar\u00e1n este a\u00f1o en la ciudad en la campa\u00f1a &#039;Jueves Low Cost&#039;, nuevo formato de los conocidos Jueves del Comercio que se han venido celebrando en los \u00faltimos a\u00f1os en estas fechas. Esta iniciativa tiene el objetivo de &quot;impulsar la promoci\u00f3n econ\u00f3mica y\" \/>\n\t<meta name=\"robots\" content=\"max-image-preview:large\" \/>\n\t<meta name=\"author\" content=\"admin\"\/>\n\t<meta name=\"google-site-verification\" content=\"UA-38556648-1\" \/>\n\t<meta name=\"keywords\" content=\"noticias y actualidad\" \/>\n\t<link rel=\"canonical\" href=\"https:\/\/eldigitaldeasturias.com\/magazine365\/llegan-los-jueves-low-cost-a-guadalajara\/\" \/>\n\t<meta name=\"generator\" content=\"All in One SEO Pro (AIOSEO) 4.9.6.1\" \/>\n\t\t<meta property=\"og:locale\" content=\"es_ES\" \/>\n\t\t<meta property=\"og:site_name\" content=\"El Digital de Asturias \u2013 Revista de ocio, turismo y estilo de vida\" \/>\n\t\t<meta property=\"og:type\" content=\"article\" \/>\n\t\t<meta property=\"og:title\" content=\"Llegan los jueves \u201clow cost\u201d a Guadalajara | El Digital de Asturias\" \/>\n\t\t<meta property=\"og:description\" content=\"M\u00e1s de 100 establecimientos comerciales, hosteleros y de servicios de todo tipo participar\u00e1n este a\u00f1o en la ciudad en la campa\u00f1a &#039;Jueves Low Cost&#039;, nuevo formato de los conocidos Jueves del Comercio que se han venido celebrando en los \u00faltimos a\u00f1os en estas fechas. Esta iniciativa tiene el objetivo de &quot;impulsar la promoci\u00f3n econ\u00f3mica y\" \/>\n\t\t<meta property=\"og:url\" content=\"https:\/\/eldigitaldeasturias.com\/magazine365\/llegan-los-jueves-low-cost-a-guadalajara\/\" \/>\n\t\t<meta property=\"og:image\" content=\"https:\/\/eldigitaldeasturias.com\/magazine365\/wp-content\/uploads\/2015\/06\/fotonoticia_20150602164409_800.jpg\" \/>\n\t\t<meta property=\"og:image:secure_url\" content=\"https:\/\/eldigitaldeasturias.com\/magazine365\/wp-content\/uploads\/2015\/06\/fotonoticia_20150602164409_800.jpg\" \/>\n\t\t<meta property=\"og:image:width\" content=\"800\" \/>\n\t\t<meta property=\"og:image:height\" content=\"533\" \/>\n\t\t<meta property=\"article:published_time\" content=\"2015-06-04T11:19:17+00:00\" \/>\n\t\t<meta property=\"article:modified_time\" content=\"2015-06-04T11:19:17+00:00\" \/>\n\t\t<meta name=\"twitter:card\" content=\"summary_large_image\" \/>\n\t\t<meta name=\"twitter:title\" content=\"Llegan los jueves \u201clow cost\u201d a Guadalajara | El Digital de Asturias\" \/>\n\t\t<meta name=\"twitter:description\" content=\"M\u00e1s de 100 establecimientos comerciales, hosteleros y de servicios de todo tipo participar\u00e1n este a\u00f1o en la ciudad en la campa\u00f1a &#039;Jueves Low Cost&#039;, nuevo formato de los conocidos Jueves del Comercio que se han venido celebrando en los \u00faltimos a\u00f1os en estas fechas. Esta iniciativa tiene el objetivo de &quot;impulsar la promoci\u00f3n econ\u00f3mica y\" \/>\n\t\t<meta name=\"twitter:image\" content=\"https:\/\/eldigitaldeasturias.com\/magazine365\/wp-content\/uploads\/2015\/06\/fotonoticia_20150602164409_800.jpg\" \/>\n\t\t<script type=\"application\/ld+json\" class=\"aioseo-schema\">\n\t\t\t{\"@context\":\"https:\\\/\\\/schema.org\",\"@graph\":[{\"@type\":\"Article\",\"@id\":\"https:\\\/\\\/eldigitaldeasturias.com\\\/magazine365\\\/llegan-los-jueves-low-cost-a-guadalajara\\\/#article\",\"name\":\"Llegan los jueves \\u201clow cost\\u201d a Guadalajara | El Digital de Asturias\",\"headline\":\"Llegan los jueves \\u201clow cost\\u201d a Guadalajara\",\"author\":{\"@id\":\"https:\\\/\\\/eldigitaldeasturias.com\\\/magazine365\\\/author\\\/admin\\\/#author\"},\"publisher\":{\"@id\":\"https:\\\/\\\/eldigitaldeasturias.com\\\/magazine365\\\/#organization\"},\"image\":{\"@type\":\"ImageObject\",\"url\":\"https:\\\/\\\/eldigitaldeasturias.com\\\/magazine365\\\/wp-content\\\/uploads\\\/2015\\\/06\\\/fotonoticia_20150602164409_800.jpg\",\"width\":800,\"height\":533},\"datePublished\":\"2015-06-04T12:49:17+02:00\",\"dateModified\":\"2015-06-04T12:49:17+02:00\",\"inLanguage\":\"es-ES\",\"mainEntityOfPage\":{\"@id\":\"https:\\\/\\\/eldigitaldeasturias.com\\\/magazine365\\\/llegan-los-jueves-low-cost-a-guadalajara\\\/#webpage\"},\"isPartOf\":{\"@id\":\"https:\\\/\\\/eldigitaldeasturias.com\\\/magazine365\\\/llegan-los-jueves-low-cost-a-guadalajara\\\/#webpage\"},\"articleSection\":\"Noticias y Actualidad\"},{\"@type\":\"BreadcrumbList\",\"@id\":\"https:\\\/\\\/eldigitaldeasturias.com\\\/magazine365\\\/llegan-los-jueves-low-cost-a-guadalajara\\\/#breadcrumblist\",\"itemListElement\":[{\"@type\":\"ListItem\",\"@id\":\"https:\\\/\\\/eldigitaldeasturias.com\\\/magazine365#listItem\",\"position\":1,\"name\":\"Home\",\"item\":\"https:\\\/\\\/eldigitaldeasturias.com\\\/magazine365\",\"nextItem\":{\"@type\":\"ListItem\",\"@id\":\"https:\\\/\\\/eldigitaldeasturias.com\\\/magazine365\\\/category\\\/noticias-actualidad\\\/#listItem\",\"name\":\"Noticias y Actualidad\"}},{\"@type\":\"ListItem\",\"@id\":\"https:\\\/\\\/eldigitaldeasturias.com\\\/magazine365\\\/category\\\/noticias-actualidad\\\/#listItem\",\"position\":2,\"name\":\"Noticias y Actualidad\",\"item\":\"https:\\\/\\\/eldigitaldeasturias.com\\\/magazine365\\\/category\\\/noticias-actualidad\\\/\",\"nextItem\":{\"@type\":\"ListItem\",\"@id\":\"https:\\\/\\\/eldigitaldeasturias.com\\\/magazine365\\\/llegan-los-jueves-low-cost-a-guadalajara\\\/#listItem\",\"name\":\"Llegan los jueves \\u201clow cost\\u201d a Guadalajara\"},\"previousItem\":{\"@type\":\"ListItem\",\"@id\":\"https:\\\/\\\/eldigitaldeasturias.com\\\/magazine365#listItem\",\"name\":\"Home\"}},{\"@type\":\"ListItem\",\"@id\":\"https:\\\/\\\/eldigitaldeasturias.com\\\/magazine365\\\/llegan-los-jueves-low-cost-a-guadalajara\\\/#listItem\",\"position\":3,\"name\":\"Llegan los jueves \\u201clow cost\\u201d a Guadalajara\",\"previousItem\":{\"@type\":\"ListItem\",\"@id\":\"https:\\\/\\\/eldigitaldeasturias.com\\\/magazine365\\\/category\\\/noticias-actualidad\\\/#listItem\",\"name\":\"Noticias y Actualidad\"}}]},{\"@type\":\"Organization\",\"@id\":\"https:\\\/\\\/eldigitaldeasturias.com\\\/magazine365\\\/#organization\",\"name\":\"El digital de Asturias\",\"description\":\"Revista de ocio, turismo y estilo de vida\",\"url\":\"https:\\\/\\\/eldigitaldeasturias.com\\\/magazine365\\\/\",\"logo\":{\"@type\":\"ImageObject\",\"url\":\"https:\\\/\\\/www.eldigitaldeasturias.com\\\/noticias\\\/wp-content\\\/uploads\\\/2020\\\/12\\\/EDA.jpg\",\"@id\":\"https:\\\/\\\/eldigitaldeasturias.com\\\/magazine365\\\/llegan-los-jueves-low-cost-a-guadalajara\\\/#organizationLogo\"},\"image\":{\"@id\":\"https:\\\/\\\/eldigitaldeasturias.com\\\/magazine365\\\/llegan-los-jueves-low-cost-a-guadalajara\\\/#organizationLogo\"}},{\"@type\":\"Person\",\"@id\":\"https:\\\/\\\/eldigitaldeasturias.com\\\/magazine365\\\/author\\\/admin\\\/#author\",\"url\":\"https:\\\/\\\/eldigitaldeasturias.com\\\/magazine365\\\/author\\\/admin\\\/\",\"name\":\"admin\",\"image\":{\"@type\":\"ImageObject\",\"@id\":\"https:\\\/\\\/eldigitaldeasturias.com\\\/magazine365\\\/llegan-los-jueves-low-cost-a-guadalajara\\\/#authorImage\",\"url\":\"https:\\\/\\\/eldigitaldeasturias.com\\\/magazine365\\\/wp-content\\\/litespeed\\\/avatar\\\/e571bcf59a0edd6fa6838245a470f2fe.jpg?ver=1776969259\",\"width\":96,\"height\":96,\"caption\":\"admin\"}},{\"@type\":\"WebPage\",\"@id\":\"https:\\\/\\\/eldigitaldeasturias.com\\\/magazine365\\\/llegan-los-jueves-low-cost-a-guadalajara\\\/#webpage\",\"url\":\"https:\\\/\\\/eldigitaldeasturias.com\\\/magazine365\\\/llegan-los-jueves-low-cost-a-guadalajara\\\/\",\"name\":\"Llegan los jueves \\u201clow cost\\u201d a Guadalajara | El Digital de Asturias\",\"description\":\"M\\u00e1s de 100 establecimientos comerciales, hosteleros y de servicios de todo tipo participar\\u00e1n este a\\u00f1o en la ciudad en la campa\\u00f1a 'Jueves Low Cost', nuevo formato de los conocidos Jueves del Comercio que se han venido celebrando en los \\u00faltimos a\\u00f1os en estas fechas. Esta iniciativa tiene el objetivo de \\\"impulsar la promoci\\u00f3n econ\\u00f3mica y\",\"inLanguage\":\"es-ES\",\"isPartOf\":{\"@id\":\"https:\\\/\\\/eldigitaldeasturias.com\\\/magazine365\\\/#website\"},\"breadcrumb\":{\"@id\":\"https:\\\/\\\/eldigitaldeasturias.com\\\/magazine365\\\/llegan-los-jueves-low-cost-a-guadalajara\\\/#breadcrumblist\"},\"author\":{\"@id\":\"https:\\\/\\\/eldigitaldeasturias.com\\\/magazine365\\\/author\\\/admin\\\/#author\"},\"creator\":{\"@id\":\"https:\\\/\\\/eldigitaldeasturias.com\\\/magazine365\\\/author\\\/admin\\\/#author\"},\"image\":{\"@type\":\"ImageObject\",\"url\":\"https:\\\/\\\/eldigitaldeasturias.com\\\/magazine365\\\/wp-content\\\/uploads\\\/2015\\\/06\\\/fotonoticia_20150602164409_800.jpg\",\"@id\":\"https:\\\/\\\/eldigitaldeasturias.com\\\/magazine365\\\/llegan-los-jueves-low-cost-a-guadalajara\\\/#mainImage\",\"width\":800,\"height\":533},\"primaryImageOfPage\":{\"@id\":\"https:\\\/\\\/eldigitaldeasturias.com\\\/magazine365\\\/llegan-los-jueves-low-cost-a-guadalajara\\\/#mainImage\"},\"datePublished\":\"2015-06-04T12:49:17+02:00\",\"dateModified\":\"2015-06-04T12:49:17+02:00\"},{\"@type\":\"WebSite\",\"@id\":\"https:\\\/\\\/eldigitaldeasturias.com\\\/magazine365\\\/#website\",\"url\":\"https:\\\/\\\/eldigitaldeasturias.com\\\/magazine365\\\/\",\"name\":\"El Digital de Asturias\",\"description\":\"Revista de ocio, turismo y estilo de vida\",\"inLanguage\":\"es-ES\",\"publisher\":{\"@id\":\"https:\\\/\\\/eldigitaldeasturias.com\\\/magazine365\\\/#organization\"}}]}\n\t\t<\/script>\n\t\t<!-- All in One SEO Pro -->\r\n\t\t<title>Llegan los jueves \u201clow cost\u201d a Guadalajara | El Digital de Asturias<\/title>\n\n","aioseo_head_json":{"title":"Llegan los jueves \u201clow cost\u201d a Guadalajara | El Digital de Asturias","description":"M\u00e1s de 100 establecimientos comerciales, hosteleros y de servicios de todo tipo participar\u00e1n este a\u00f1o en la ciudad en la campa\u00f1a 'Jueves Low Cost', nuevo formato de los conocidos Jueves del Comercio que se han venido celebrando en los \u00faltimos a\u00f1os en estas fechas. Esta iniciativa tiene el objetivo de \"impulsar la promoci\u00f3n econ\u00f3mica y","canonical_url":"https:\/\/eldigitaldeasturias.com\/magazine365\/llegan-los-jueves-low-cost-a-guadalajara\/","robots":"max-image-preview:large","keywords":"noticias y actualidad","webmasterTools":{"google-site-verification":"UA-38556648-1","miscellaneous":""},"schema":{"@context":"https:\/\/schema.org","@graph":[{"@type":"Article","@id":"https:\/\/eldigitaldeasturias.com\/magazine365\/llegan-los-jueves-low-cost-a-guadalajara\/#article","name":"Llegan los jueves \u201clow cost\u201d a Guadalajara | El Digital de Asturias","headline":"Llegan los jueves \u201clow cost\u201d a Guadalajara","author":{"@id":"https:\/\/eldigitaldeasturias.com\/magazine365\/author\/admin\/#author"},"publisher":{"@id":"https:\/\/eldigitaldeasturias.com\/magazine365\/#organization"},"image":{"@type":"ImageObject","url":"https:\/\/eldigitaldeasturias.com\/magazine365\/wp-content\/uploads\/2015\/06\/fotonoticia_20150602164409_800.jpg","width":800,"height":533},"datePublished":"2015-06-04T12:49:17+02:00","dateModified":"2015-06-04T12:49:17+02:00","inLanguage":"es-ES","mainEntityOfPage":{"@id":"https:\/\/eldigitaldeasturias.com\/magazine365\/llegan-los-jueves-low-cost-a-guadalajara\/#webpage"},"isPartOf":{"@id":"https:\/\/eldigitaldeasturias.com\/magazine365\/llegan-los-jueves-low-cost-a-guadalajara\/#webpage"},"articleSection":"Noticias y Actualidad"},{"@type":"BreadcrumbList","@id":"https:\/\/eldigitaldeasturias.com\/magazine365\/llegan-los-jueves-low-cost-a-guadalajara\/#breadcrumblist","itemListElement":[{"@type":"ListItem","@id":"https:\/\/eldigitaldeasturias.com\/magazine365#listItem","position":1,"name":"Home","item":"https:\/\/eldigitaldeasturias.com\/magazine365","nextItem":{"@type":"ListItem","@id":"https:\/\/eldigitaldeasturias.com\/magazine365\/category\/noticias-actualidad\/#listItem","name":"Noticias y Actualidad"}},{"@type":"ListItem","@id":"https:\/\/eldigitaldeasturias.com\/magazine365\/category\/noticias-actualidad\/#listItem","position":2,"name":"Noticias y Actualidad","item":"https:\/\/eldigitaldeasturias.com\/magazine365\/category\/noticias-actualidad\/","nextItem":{"@type":"ListItem","@id":"https:\/\/eldigitaldeasturias.com\/magazine365\/llegan-los-jueves-low-cost-a-guadalajara\/#listItem","name":"Llegan los jueves \u201clow cost\u201d a Guadalajara"},"previousItem":{"@type":"ListItem","@id":"https:\/\/eldigitaldeasturias.com\/magazine365#listItem","name":"Home"}},{"@type":"ListItem","@id":"https:\/\/eldigitaldeasturias.com\/magazine365\/llegan-los-jueves-low-cost-a-guadalajara\/#listItem","position":3,"name":"Llegan los jueves \u201clow cost\u201d a Guadalajara","previousItem":{"@type":"ListItem","@id":"https:\/\/eldigitaldeasturias.com\/magazine365\/category\/noticias-actualidad\/#listItem","name":"Noticias y Actualidad"}}]},{"@type":"Organization","@id":"https:\/\/eldigitaldeasturias.com\/magazine365\/#organization","name":"El digital de Asturias","description":"Revista de ocio, turismo y estilo de vida","url":"https:\/\/eldigitaldeasturias.com\/magazine365\/","logo":{"@type":"ImageObject","url":"https:\/\/www.eldigitaldeasturias.com\/noticias\/wp-content\/uploads\/2020\/12\/EDA.jpg","@id":"https:\/\/eldigitaldeasturias.com\/magazine365\/llegan-los-jueves-low-cost-a-guadalajara\/#organizationLogo"},"image":{"@id":"https:\/\/eldigitaldeasturias.com\/magazine365\/llegan-los-jueves-low-cost-a-guadalajara\/#organizationLogo"}},{"@type":"Person","@id":"https:\/\/eldigitaldeasturias.com\/magazine365\/author\/admin\/#author","url":"https:\/\/eldigitaldeasturias.com\/magazine365\/author\/admin\/","name":"admin","image":{"@type":"ImageObject","@id":"https:\/\/eldigitaldeasturias.com\/magazine365\/llegan-los-jueves-low-cost-a-guadalajara\/#authorImage","url":"https:\/\/eldigitaldeasturias.com\/magazine365\/wp-content\/litespeed\/avatar\/e571bcf59a0edd6fa6838245a470f2fe.jpg?ver=1776969259","width":96,"height":96,"caption":"admin"}},{"@type":"WebPage","@id":"https:\/\/eldigitaldeasturias.com\/magazine365\/llegan-los-jueves-low-cost-a-guadalajara\/#webpage","url":"https:\/\/eldigitaldeasturias.com\/magazine365\/llegan-los-jueves-low-cost-a-guadalajara\/","name":"Llegan los jueves \u201clow cost\u201d a Guadalajara | El Digital de Asturias","description":"M\u00e1s de 100 establecimientos comerciales, hosteleros y de servicios de todo tipo participar\u00e1n este a\u00f1o en la ciudad en la campa\u00f1a 'Jueves Low Cost', nuevo formato de los conocidos Jueves del Comercio que se han venido celebrando en los \u00faltimos a\u00f1os en estas fechas. Esta iniciativa tiene el objetivo de \"impulsar la promoci\u00f3n econ\u00f3mica y","inLanguage":"es-ES","isPartOf":{"@id":"https:\/\/eldigitaldeasturias.com\/magazine365\/#website"},"breadcrumb":{"@id":"https:\/\/eldigitaldeasturias.com\/magazine365\/llegan-los-jueves-low-cost-a-guadalajara\/#breadcrumblist"},"author":{"@id":"https:\/\/eldigitaldeasturias.com\/magazine365\/author\/admin\/#author"},"creator":{"@id":"https:\/\/eldigitaldeasturias.com\/magazine365\/author\/admin\/#author"},"image":{"@type":"ImageObject","url":"https:\/\/eldigitaldeasturias.com\/magazine365\/wp-content\/uploads\/2015\/06\/fotonoticia_20150602164409_800.jpg","@id":"https:\/\/eldigitaldeasturias.com\/magazine365\/llegan-los-jueves-low-cost-a-guadalajara\/#mainImage","width":800,"height":533},"primaryImageOfPage":{"@id":"https:\/\/eldigitaldeasturias.com\/magazine365\/llegan-los-jueves-low-cost-a-guadalajara\/#mainImage"},"datePublished":"2015-06-04T12:49:17+02:00","dateModified":"2015-06-04T12:49:17+02:00"},{"@type":"WebSite","@id":"https:\/\/eldigitaldeasturias.com\/magazine365\/#website","url":"https:\/\/eldigitaldeasturias.com\/magazine365\/","name":"El Digital de Asturias","description":"Revista de ocio, turismo y estilo de vida","inLanguage":"es-ES","publisher":{"@id":"https:\/\/eldigitaldeasturias.com\/magazine365\/#organization"}}]},"og:locale":"es_ES","og:site_name":"El Digital de Asturias \u2013 Revista de ocio, turismo y estilo de vida","og:type":"article","og:title":"Llegan los jueves \u201clow cost\u201d a Guadalajara | El Digital de Asturias","og:description":"M\u00e1s de 100 establecimientos comerciales, hosteleros y de servicios de todo tipo participar\u00e1n este a\u00f1o en la ciudad en la campa\u00f1a 'Jueves Low Cost', nuevo formato de los conocidos Jueves del Comercio que se han venido celebrando en los \u00faltimos a\u00f1os en estas fechas. Esta iniciativa tiene el objetivo de &quot;impulsar la promoci\u00f3n econ\u00f3mica y","og:url":"https:\/\/eldigitaldeasturias.com\/magazine365\/llegan-los-jueves-low-cost-a-guadalajara\/","og:image":"https:\/\/eldigitaldeasturias.com\/magazine365\/wp-content\/uploads\/2015\/06\/fotonoticia_20150602164409_800.jpg","og:image:secure_url":"https:\/\/eldigitaldeasturias.com\/magazine365\/wp-content\/uploads\/2015\/06\/fotonoticia_20150602164409_800.jpg","og:image:width":800,"og:image:height":533,"article:published_time":"2015-06-04T11:19:17+00:00","article:modified_time":"2015-06-04T11:19:17+00:00","twitter:card":"summary_large_image","twitter:title":"Llegan los jueves \u201clow cost\u201d a Guadalajara | El Digital de Asturias","twitter:description":"M\u00e1s de 100 establecimientos comerciales, hosteleros y de servicios de todo tipo participar\u00e1n este a\u00f1o en la ciudad en la campa\u00f1a 'Jueves Low Cost', nuevo formato de los conocidos Jueves del Comercio que se han venido celebrando en los \u00faltimos a\u00f1os en estas fechas. Esta iniciativa tiene el objetivo de &quot;impulsar la promoci\u00f3n econ\u00f3mica y","twitter:image":"https:\/\/eldigitaldeasturias.com\/magazine365\/wp-content\/uploads\/2015\/06\/fotonoticia_20150602164409_800.jpg"},"aioseo_meta_data":{"post_id":"38658","title":null,"description":null,"keywords":null,"keyphrases":null,"primary_term":null,"canonical_url":null,"og_title":null,"og_description":null,"og_object_type":"default","og_image_type":"default","og_image_url":null,"og_image_width":null,"og_image_height":null,"og_image_custom_url":null,"og_image_custom_fields":null,"og_video":null,"og_custom_url":null,"og_article_section":null,"og_article_tags":null,"twitter_use_og":false,"twitter_card":"default","twitter_image_type":"default","twitter_image_url":null,"twitter_image_custom_url":null,"twitter_image_custom_fields":null,"twitter_title":null,"twitter_description":null,"schema":{"blockGraphs":[],"customGraphs":[],"default":{"data":{"Article":[],"Course":[],"Dataset":[],"FAQPage":[],"Movie":[],"Person":[],"Product":[],"ProductReview":[],"Car":[],"Recipe":[],"Service":[],"SoftwareApplication":[],"WebPage":[]},"graphName":"","isEnabled":true},"graphs":[],"defaultGraph":"","defaultPostTypeGraph":""},"schema_type":null,"schema_type_options":null,"pillar_content":false,"robots_default":true,"robots_noindex":false,"robots_noarchive":false,"robots_nosnippet":false,"robots_nofollow":false,"robots_noimageindex":false,"robots_noodp":false,"robots_notranslate":false,"robots_max_snippet":null,"robots_max_videopreview":null,"robots_max_imagepreview":"large","priority":null,"frequency":null,"location":null,"local_seo":null,"seo_analyzer_scan_date":"2025-09-19 10:01:01","breadcrumb_settings":null,"limit_modified_date":false,"open_ai":null,"ai":null,"created":"2021-03-09 02:50:42","updated":"2025-09-19 10:01:01"},"aioseo_breadcrumb":"<div class=\"aioseo-breadcrumbs\"><span class=\"aioseo-breadcrumb\">\n\t<a href=\"https:\/\/eldigitaldeasturias.com\/magazine365\" title=\"Home\">Home<\/a>\n<\/span><span class=\"aioseo-breadcrumb-separator\">\u2013<\/span><span class=\"aioseo-breadcrumb\">\n\t<a href=\"https:\/\/eldigitaldeasturias.com\/magazine365\/category\/noticias-actualidad\/\" title=\"Noticias y Actualidad\">Noticias y Actualidad<\/a>\n<\/span><span class=\"aioseo-breadcrumb-separator\">\u2013<\/span><span class=\"aioseo-breadcrumb\">\n\t<a href=\"https:\/\/eldigitaldeasturias.com\/magazine365\/llegan-los-jueves-low-cost-a-guadalajara\/\" title=\"Llegan los jueves \u201clow cost\u201d a Guadalajara\">Llegan los jueves \u201clow cost\u201d a Guadalajara<\/a>\n<\/span><\/div>","aioseo_breadcrumb_json":[{"label":"Home","link":"https:\/\/eldigitaldeasturias.com\/magazine365"},{"label":"Noticias y Actualidad","link":"https:\/\/eldigitaldeasturias.com\/magazine365\/category\/noticias-actualidad\/"},{"label":"Llegan los jueves \u201clow cost\u201d a Guadalajara","link":"https:\/\/eldigitaldeasturias.com\/magazine365\/llegan-los-jueves-low-cost-a-guadalajara\/"}],"_links":{"self":[{"href":"https:\/\/eldigitaldeasturias.com\/magazine365\/wp-json\/wp\/v2\/posts\/38658","targetHints":{"allow":["GET"]}}],"collection":[{"href":"https:\/\/eldigitaldeasturias.com\/magazine365\/wp-json\/wp\/v2\/posts"}],"about":[{"href":"https:\/\/eldigitaldeasturias.com\/magazine365\/wp-json\/wp\/v2\/types\/post"}],"author":[{"embeddable":true,"href":"https:\/\/eldigitaldeasturias.com\/magazine365\/wp-json\/wp\/v2\/users\/1"}],"replies":[{"embeddable":true,"href":"https:\/\/eldigitaldeasturias.com\/magazine365\/wp-json\/wp\/v2\/comments?post=38658"}],"version-history":[{"count":0,"href":"https:\/\/eldigitaldeasturias.com\/magazine365\/wp-json\/wp\/v2\/posts\/38658\/revisions"}],"wp:featuredmedia":[{"embeddable":true,"href":"https:\/\/eldigitaldeasturias.com\/magazine365\/wp-json\/wp\/v2\/media\/38659"}],"wp:attachment":[{"href":"https:\/\/eldigitaldeasturias.com\/magazine365\/wp-json\/wp\/v2\/media?parent=38658"}],"wp:term":[{"taxonomy":"category","embeddable":true,"href":"https:\/\/eldigitaldeasturias.com\/magazine365\/wp-json\/wp\/v2\/categories?post=38658"},{"taxonomy":"post_tag","embeddable":true,"href":"https:\/\/eldigitaldeasturias.com\/magazine365\/wp-json\/wp\/v2\/tags?post=38658"}],"curies":[{"name":"wp","href":"https:\/\/api.w.org\/{rel}","templated":true}]}}