{"id":38626,"date":"2015-06-04T04:46:06","date_gmt":"2015-06-04T03:16:06","guid":{"rendered":"http:\/\/eldigitaldeasturias.com\/magazine365\/?p=38626"},"modified":"2015-06-04T04:46:06","modified_gmt":"2015-06-04T03:16:06","slug":"la-ruta-del-vino-d-o-rueda-nombrada-mejor-ruta-del-2015","status":"publish","type":"post","link":"https:\/\/eldigitaldeasturias.com\/magazine365\/la-ruta-del-vino-d-o-rueda-nombrada-mejor-ruta-del-2015\/","title":{"rendered":"La &#8216;Ruta del vino D.O. Rueda&#8217;, nombrada mejor ruta del 2015"},"content":{"rendered":"<p><img fetchpriority=\"high\" decoding=\"async\" class=\"alignleft size-medium wp-image-38627\" src=\"https:\/\/eldigitaldeasturias.com\/magazine365\/wp-content\/uploads\/2015\/06\/fotonoticia_20150601171044_800-360x239.jpg\" alt=\"fotonoticia_20150601171044_800\" width=\"360\" height=\"239\" srcset=\"https:\/\/eldigitaldeasturias.com\/magazine365\/wp-content\/uploads\/2015\/06\/fotonoticia_20150601171044_800-360x239.jpg 360w, https:\/\/eldigitaldeasturias.com\/magazine365\/wp-content\/uploads\/2015\/06\/fotonoticia_20150601171044_800-650x432.jpg 650w, https:\/\/eldigitaldeasturias.com\/magazine365\/wp-content\/uploads\/2015\/06\/fotonoticia_20150601171044_800-768x511.jpg 768w, https:\/\/eldigitaldeasturias.com\/magazine365\/wp-content\/uploads\/2015\/06\/fotonoticia_20150601171044_800-150x100.jpg 150w, https:\/\/eldigitaldeasturias.com\/magazine365\/wp-content\/uploads\/2015\/06\/fotonoticia_20150601171044_800-450x299.jpg 450w, https:\/\/eldigitaldeasturias.com\/magazine365\/wp-content\/uploads\/2015\/06\/fotonoticia_20150601171044_800-696x463.jpg 696w, https:\/\/eldigitaldeasturias.com\/magazine365\/wp-content\/uploads\/2015\/06\/fotonoticia_20150601171044_800-632x420.jpg 632w, https:\/\/eldigitaldeasturias.com\/magazine365\/wp-content\/uploads\/2015\/06\/fotonoticia_20150601171044_800-84x55.jpg 84w, https:\/\/eldigitaldeasturias.com\/magazine365\/wp-content\/uploads\/2015\/06\/fotonoticia_20150601171044_800.jpg 800w\" sizes=\"(max-width: 360px) 100vw, 360px\" \/>La &#8216;Ruta del vino D.O. Rueda&#8217; ha sido galardonada con la menci\u00f3n de &#8216;Ruta del a\u00f1o 2015&#8217;, tras imponerse en una apretada votaci\u00f3n final al resto de recorridos tur\u00edsticos finalistas en el certamen, organizado por el portal de turismo Turinea.<\/p>\n<p>La ganadora ha sido seguida de cerca por la &#8216;Ruta de los acantilados de Noja&#8217;, en segunda posici\u00f3n, y por &#8216;Rutas de la lana&#8217;, como tercera mejor ruta 2015.<\/p>\n<p>Tambi\u00e9n han sido destacadas por los usuarios de Turinea la &#8216;Ruta de las V\u00edas Verdes&#8217;, la &#8216;V\u00eda de la Plata&#8217; y la &#8216;Ruta del Vino Ribera del Duero&#8217;.<\/p>\n<p>La ruta es una de las m\u00e1s j\u00f3venes propuestas de turismo tem\u00e1tico de Castilla y Le\u00f3n, certificada oficialmente en febrero de 2014. Hoy en d\u00eda, abarca el sur de la provincia de Valladolid y comprende las localidades de Rueda, Medina del Campo, Mancomunidad Tierras de Medina, La Seca, Serrada, Tordesillas, Olmedo, Matapozuelos, Pozaldez, Villaverde de Medina y Nava del Rey.<\/p>\n<p>Adem\u00e1s, se encuentran en proceso de incorporaci\u00f3n nuevos territorios con el objetivo de abarcar la zona geogr\u00e1fica correspondiente a la D.O. Rueda, incluyendo tambi\u00e9n parte de \u00c1vila y Segovia.<\/p>\n<p>El recorrido tur\u00edstico agrupa tanto a bodegas como recursos tur\u00edsticos diversos &#8211;alojamientos, restaurantes, empresas de actividades, etc.&#8211;, destacando su componente gastron\u00f3mico y su patrimonio hist\u00f3rico.<\/p>\n","protected":false},"excerpt":{"rendered":"<p>La &#8216;Ruta del vino D.O. Rueda&#8217; ha sido galardonada con la menci\u00f3n de &#8216;Ruta del a\u00f1o 2015&#8217;, tras imponerse en una apretada votaci\u00f3n final al resto de recorridos tur\u00edsticos finalistas en el certamen, organizado por el portal de turismo Turinea. La ganadora ha sido seguida de cerca por la &#8216;Ruta de los acantilados de Noja&#8217;,<\/p>\n","protected":false},"author":1,"featured_media":38627,"comment_status":"open","ping_status":"closed","sticky":false,"template":"","format":"standard","meta":{"footnotes":""},"categories":[224],"tags":[],"class_list":{"0":"post-38626","1":"post","2":"type-post","3":"status-publish","4":"format-standard","5":"has-post-thumbnail","7":"category-noticias-actualidad"},"aioseo_notices":[],"aioseo_head":"\n\t\t<!-- All in One SEO Pro 4.9.6.1 - aioseo.com -->\n\t<meta name=\"description\" content=\"La &#039;Ruta del vino D.O. Rueda&#039; ha sido galardonada con la menci\u00f3n de &#039;Ruta del a\u00f1o 2015&#039;, tras imponerse en una apretada votaci\u00f3n final al resto de recorridos tur\u00edsticos finalistas en el certamen, organizado por el portal de turismo Turinea. La ganadora ha sido seguida de cerca por la &#039;Ruta de los acantilados de Noja&#039;,\" \/>\n\t<meta name=\"robots\" content=\"max-image-preview:large\" \/>\n\t<meta name=\"author\" content=\"admin\"\/>\n\t<meta name=\"google-site-verification\" content=\"UA-38556648-1\" \/>\n\t<meta name=\"keywords\" content=\"noticias y actualidad\" \/>\n\t<link rel=\"canonical\" href=\"https:\/\/eldigitaldeasturias.com\/magazine365\/la-ruta-del-vino-d-o-rueda-nombrada-mejor-ruta-del-2015\/\" \/>\n\t<meta name=\"generator\" content=\"All in One SEO Pro (AIOSEO) 4.9.6.1\" \/>\n\t\t<meta property=\"og:locale\" content=\"es_ES\" \/>\n\t\t<meta property=\"og:site_name\" content=\"El Digital de Asturias \u2013 Revista de ocio, turismo y estilo de vida\" \/>\n\t\t<meta property=\"og:type\" content=\"article\" \/>\n\t\t<meta property=\"og:title\" content=\"La \u2018Ruta del vino D.O. Rueda\u2019, nombrada mejor ruta del 2015 | El Digital de Asturias\" \/>\n\t\t<meta property=\"og:description\" content=\"La &#039;Ruta del vino D.O. Rueda&#039; ha sido galardonada con la menci\u00f3n de &#039;Ruta del a\u00f1o 2015&#039;, tras imponerse en una apretada votaci\u00f3n final al resto de recorridos tur\u00edsticos finalistas en el certamen, organizado por el portal de turismo Turinea. La ganadora ha sido seguida de cerca por la &#039;Ruta de los acantilados de Noja&#039;,\" \/>\n\t\t<meta property=\"og:url\" content=\"https:\/\/eldigitaldeasturias.com\/magazine365\/la-ruta-del-vino-d-o-rueda-nombrada-mejor-ruta-del-2015\/\" \/>\n\t\t<meta property=\"og:image\" content=\"https:\/\/eldigitaldeasturias.com\/magazine365\/wp-content\/uploads\/2015\/06\/fotonoticia_20150601171044_800.jpg\" \/>\n\t\t<meta property=\"og:image:secure_url\" content=\"https:\/\/eldigitaldeasturias.com\/magazine365\/wp-content\/uploads\/2015\/06\/fotonoticia_20150601171044_800.jpg\" \/>\n\t\t<meta property=\"og:image:width\" content=\"800\" \/>\n\t\t<meta property=\"og:image:height\" content=\"532\" \/>\n\t\t<meta property=\"article:published_time\" content=\"2015-06-04T03:16:06+00:00\" \/>\n\t\t<meta property=\"article:modified_time\" content=\"2015-06-04T03:16:06+00:00\" \/>\n\t\t<meta name=\"twitter:card\" content=\"summary_large_image\" \/>\n\t\t<meta name=\"twitter:title\" content=\"La \u2018Ruta del vino D.O. Rueda\u2019, nombrada mejor ruta del 2015 | El Digital de Asturias\" \/>\n\t\t<meta name=\"twitter:description\" content=\"La &#039;Ruta del vino D.O. Rueda&#039; ha sido galardonada con la menci\u00f3n de &#039;Ruta del a\u00f1o 2015&#039;, tras imponerse en una apretada votaci\u00f3n final al resto de recorridos tur\u00edsticos finalistas en el certamen, organizado por el portal de turismo Turinea. La ganadora ha sido seguida de cerca por la &#039;Ruta de los acantilados de Noja&#039;,\" \/>\n\t\t<meta name=\"twitter:image\" content=\"https:\/\/eldigitaldeasturias.com\/magazine365\/wp-content\/uploads\/2015\/06\/fotonoticia_20150601171044_800.jpg\" \/>\n\t\t<script type=\"application\/ld+json\" class=\"aioseo-schema\">\n\t\t\t{\"@context\":\"https:\\\/\\\/schema.org\",\"@graph\":[{\"@type\":\"Article\",\"@id\":\"https:\\\/\\\/eldigitaldeasturias.com\\\/magazine365\\\/la-ruta-del-vino-d-o-rueda-nombrada-mejor-ruta-del-2015\\\/#article\",\"name\":\"La \\u2018Ruta del vino D.O. Rueda\\u2019, nombrada mejor ruta del 2015 | El Digital de Asturias\",\"headline\":\"La &#8216;Ruta del vino D.O. Rueda&#8217;, nombrada mejor ruta del 2015\",\"author\":{\"@id\":\"https:\\\/\\\/eldigitaldeasturias.com\\\/magazine365\\\/author\\\/admin\\\/#author\"},\"publisher\":{\"@id\":\"https:\\\/\\\/eldigitaldeasturias.com\\\/magazine365\\\/#organization\"},\"image\":{\"@type\":\"ImageObject\",\"url\":\"https:\\\/\\\/eldigitaldeasturias.com\\\/magazine365\\\/wp-content\\\/uploads\\\/2015\\\/06\\\/fotonoticia_20150601171044_800.jpg\",\"width\":800,\"height\":532},\"datePublished\":\"2015-06-04T04:46:06+02:00\",\"dateModified\":\"2015-06-04T04:46:06+02:00\",\"inLanguage\":\"es-ES\",\"mainEntityOfPage\":{\"@id\":\"https:\\\/\\\/eldigitaldeasturias.com\\\/magazine365\\\/la-ruta-del-vino-d-o-rueda-nombrada-mejor-ruta-del-2015\\\/#webpage\"},\"isPartOf\":{\"@id\":\"https:\\\/\\\/eldigitaldeasturias.com\\\/magazine365\\\/la-ruta-del-vino-d-o-rueda-nombrada-mejor-ruta-del-2015\\\/#webpage\"},\"articleSection\":\"Noticias y Actualidad\"},{\"@type\":\"BreadcrumbList\",\"@id\":\"https:\\\/\\\/eldigitaldeasturias.com\\\/magazine365\\\/la-ruta-del-vino-d-o-rueda-nombrada-mejor-ruta-del-2015\\\/#breadcrumblist\",\"itemListElement\":[{\"@type\":\"ListItem\",\"@id\":\"https:\\\/\\\/eldigitaldeasturias.com\\\/magazine365#listItem\",\"position\":1,\"name\":\"Home\",\"item\":\"https:\\\/\\\/eldigitaldeasturias.com\\\/magazine365\",\"nextItem\":{\"@type\":\"ListItem\",\"@id\":\"https:\\\/\\\/eldigitaldeasturias.com\\\/magazine365\\\/category\\\/noticias-actualidad\\\/#listItem\",\"name\":\"Noticias y Actualidad\"}},{\"@type\":\"ListItem\",\"@id\":\"https:\\\/\\\/eldigitaldeasturias.com\\\/magazine365\\\/category\\\/noticias-actualidad\\\/#listItem\",\"position\":2,\"name\":\"Noticias y Actualidad\",\"item\":\"https:\\\/\\\/eldigitaldeasturias.com\\\/magazine365\\\/category\\\/noticias-actualidad\\\/\",\"nextItem\":{\"@type\":\"ListItem\",\"@id\":\"https:\\\/\\\/eldigitaldeasturias.com\\\/magazine365\\\/la-ruta-del-vino-d-o-rueda-nombrada-mejor-ruta-del-2015\\\/#listItem\",\"name\":\"La &#8216;Ruta del vino D.O. Rueda&#8217;, nombrada mejor ruta del 2015\"},\"previousItem\":{\"@type\":\"ListItem\",\"@id\":\"https:\\\/\\\/eldigitaldeasturias.com\\\/magazine365#listItem\",\"name\":\"Home\"}},{\"@type\":\"ListItem\",\"@id\":\"https:\\\/\\\/eldigitaldeasturias.com\\\/magazine365\\\/la-ruta-del-vino-d-o-rueda-nombrada-mejor-ruta-del-2015\\\/#listItem\",\"position\":3,\"name\":\"La &#8216;Ruta del vino D.O. Rueda&#8217;, nombrada mejor ruta del 2015\",\"previousItem\":{\"@type\":\"ListItem\",\"@id\":\"https:\\\/\\\/eldigitaldeasturias.com\\\/magazine365\\\/category\\\/noticias-actualidad\\\/#listItem\",\"name\":\"Noticias y Actualidad\"}}]},{\"@type\":\"Organization\",\"@id\":\"https:\\\/\\\/eldigitaldeasturias.com\\\/magazine365\\\/#organization\",\"name\":\"El digital de Asturias\",\"description\":\"Revista de ocio, turismo y estilo de vida\",\"url\":\"https:\\\/\\\/eldigitaldeasturias.com\\\/magazine365\\\/\",\"logo\":{\"@type\":\"ImageObject\",\"url\":\"https:\\\/\\\/www.eldigitaldeasturias.com\\\/noticias\\\/wp-content\\\/uploads\\\/2020\\\/12\\\/EDA.jpg\",\"@id\":\"https:\\\/\\\/eldigitaldeasturias.com\\\/magazine365\\\/la-ruta-del-vino-d-o-rueda-nombrada-mejor-ruta-del-2015\\\/#organizationLogo\"},\"image\":{\"@id\":\"https:\\\/\\\/eldigitaldeasturias.com\\\/magazine365\\\/la-ruta-del-vino-d-o-rueda-nombrada-mejor-ruta-del-2015\\\/#organizationLogo\"}},{\"@type\":\"Person\",\"@id\":\"https:\\\/\\\/eldigitaldeasturias.com\\\/magazine365\\\/author\\\/admin\\\/#author\",\"url\":\"https:\\\/\\\/eldigitaldeasturias.com\\\/magazine365\\\/author\\\/admin\\\/\",\"name\":\"admin\",\"image\":{\"@type\":\"ImageObject\",\"@id\":\"https:\\\/\\\/eldigitaldeasturias.com\\\/magazine365\\\/la-ruta-del-vino-d-o-rueda-nombrada-mejor-ruta-del-2015\\\/#authorImage\",\"url\":\"https:\\\/\\\/eldigitaldeasturias.com\\\/magazine365\\\/wp-content\\\/litespeed\\\/avatar\\\/e571bcf59a0edd6fa6838245a470f2fe.jpg?ver=1776969259\",\"width\":96,\"height\":96,\"caption\":\"admin\"}},{\"@type\":\"WebPage\",\"@id\":\"https:\\\/\\\/eldigitaldeasturias.com\\\/magazine365\\\/la-ruta-del-vino-d-o-rueda-nombrada-mejor-ruta-del-2015\\\/#webpage\",\"url\":\"https:\\\/\\\/eldigitaldeasturias.com\\\/magazine365\\\/la-ruta-del-vino-d-o-rueda-nombrada-mejor-ruta-del-2015\\\/\",\"name\":\"La \\u2018Ruta del vino D.O. Rueda\\u2019, nombrada mejor ruta del 2015 | El Digital de Asturias\",\"description\":\"La 'Ruta del vino D.O. Rueda' ha sido galardonada con la menci\\u00f3n de 'Ruta del a\\u00f1o 2015', tras imponerse en una apretada votaci\\u00f3n final al resto de recorridos tur\\u00edsticos finalistas en el certamen, organizado por el portal de turismo Turinea. La ganadora ha sido seguida de cerca por la 'Ruta de los acantilados de Noja',\",\"inLanguage\":\"es-ES\",\"isPartOf\":{\"@id\":\"https:\\\/\\\/eldigitaldeasturias.com\\\/magazine365\\\/#website\"},\"breadcrumb\":{\"@id\":\"https:\\\/\\\/eldigitaldeasturias.com\\\/magazine365\\\/la-ruta-del-vino-d-o-rueda-nombrada-mejor-ruta-del-2015\\\/#breadcrumblist\"},\"author\":{\"@id\":\"https:\\\/\\\/eldigitaldeasturias.com\\\/magazine365\\\/author\\\/admin\\\/#author\"},\"creator\":{\"@id\":\"https:\\\/\\\/eldigitaldeasturias.com\\\/magazine365\\\/author\\\/admin\\\/#author\"},\"image\":{\"@type\":\"ImageObject\",\"url\":\"https:\\\/\\\/eldigitaldeasturias.com\\\/magazine365\\\/wp-content\\\/uploads\\\/2015\\\/06\\\/fotonoticia_20150601171044_800.jpg\",\"@id\":\"https:\\\/\\\/eldigitaldeasturias.com\\\/magazine365\\\/la-ruta-del-vino-d-o-rueda-nombrada-mejor-ruta-del-2015\\\/#mainImage\",\"width\":800,\"height\":532},\"primaryImageOfPage\":{\"@id\":\"https:\\\/\\\/eldigitaldeasturias.com\\\/magazine365\\\/la-ruta-del-vino-d-o-rueda-nombrada-mejor-ruta-del-2015\\\/#mainImage\"},\"datePublished\":\"2015-06-04T04:46:06+02:00\",\"dateModified\":\"2015-06-04T04:46:06+02:00\"},{\"@type\":\"WebSite\",\"@id\":\"https:\\\/\\\/eldigitaldeasturias.com\\\/magazine365\\\/#website\",\"url\":\"https:\\\/\\\/eldigitaldeasturias.com\\\/magazine365\\\/\",\"name\":\"El Digital de Asturias\",\"description\":\"Revista de ocio, turismo y estilo de vida\",\"inLanguage\":\"es-ES\",\"publisher\":{\"@id\":\"https:\\\/\\\/eldigitaldeasturias.com\\\/magazine365\\\/#organization\"}}]}\n\t\t<\/script>\n\t\t<!-- All in One SEO Pro -->\r\n\t\t<title>La \u2018Ruta del vino D.O. Rueda\u2019, nombrada mejor ruta del 2015 | El Digital de Asturias<\/title>\n\n","aioseo_head_json":{"title":"La \u2018Ruta del vino D.O. Rueda\u2019, nombrada mejor ruta del 2015 | El Digital de Asturias","description":"La 'Ruta del vino D.O. Rueda' ha sido galardonada con la menci\u00f3n de 'Ruta del a\u00f1o 2015', tras imponerse en una apretada votaci\u00f3n final al resto de recorridos tur\u00edsticos finalistas en el certamen, organizado por el portal de turismo Turinea. La ganadora ha sido seguida de cerca por la 'Ruta de los acantilados de Noja',","canonical_url":"https:\/\/eldigitaldeasturias.com\/magazine365\/la-ruta-del-vino-d-o-rueda-nombrada-mejor-ruta-del-2015\/","robots":"max-image-preview:large","keywords":"noticias y actualidad","webmasterTools":{"google-site-verification":"UA-38556648-1","miscellaneous":""},"schema":{"@context":"https:\/\/schema.org","@graph":[{"@type":"Article","@id":"https:\/\/eldigitaldeasturias.com\/magazine365\/la-ruta-del-vino-d-o-rueda-nombrada-mejor-ruta-del-2015\/#article","name":"La \u2018Ruta del vino D.O. Rueda\u2019, nombrada mejor ruta del 2015 | El Digital de Asturias","headline":"La &#8216;Ruta del vino D.O. Rueda&#8217;, nombrada mejor ruta del 2015","author":{"@id":"https:\/\/eldigitaldeasturias.com\/magazine365\/author\/admin\/#author"},"publisher":{"@id":"https:\/\/eldigitaldeasturias.com\/magazine365\/#organization"},"image":{"@type":"ImageObject","url":"https:\/\/eldigitaldeasturias.com\/magazine365\/wp-content\/uploads\/2015\/06\/fotonoticia_20150601171044_800.jpg","width":800,"height":532},"datePublished":"2015-06-04T04:46:06+02:00","dateModified":"2015-06-04T04:46:06+02:00","inLanguage":"es-ES","mainEntityOfPage":{"@id":"https:\/\/eldigitaldeasturias.com\/magazine365\/la-ruta-del-vino-d-o-rueda-nombrada-mejor-ruta-del-2015\/#webpage"},"isPartOf":{"@id":"https:\/\/eldigitaldeasturias.com\/magazine365\/la-ruta-del-vino-d-o-rueda-nombrada-mejor-ruta-del-2015\/#webpage"},"articleSection":"Noticias y Actualidad"},{"@type":"BreadcrumbList","@id":"https:\/\/eldigitaldeasturias.com\/magazine365\/la-ruta-del-vino-d-o-rueda-nombrada-mejor-ruta-del-2015\/#breadcrumblist","itemListElement":[{"@type":"ListItem","@id":"https:\/\/eldigitaldeasturias.com\/magazine365#listItem","position":1,"name":"Home","item":"https:\/\/eldigitaldeasturias.com\/magazine365","nextItem":{"@type":"ListItem","@id":"https:\/\/eldigitaldeasturias.com\/magazine365\/category\/noticias-actualidad\/#listItem","name":"Noticias y Actualidad"}},{"@type":"ListItem","@id":"https:\/\/eldigitaldeasturias.com\/magazine365\/category\/noticias-actualidad\/#listItem","position":2,"name":"Noticias y Actualidad","item":"https:\/\/eldigitaldeasturias.com\/magazine365\/category\/noticias-actualidad\/","nextItem":{"@type":"ListItem","@id":"https:\/\/eldigitaldeasturias.com\/magazine365\/la-ruta-del-vino-d-o-rueda-nombrada-mejor-ruta-del-2015\/#listItem","name":"La &#8216;Ruta del vino D.O. Rueda&#8217;, nombrada mejor ruta del 2015"},"previousItem":{"@type":"ListItem","@id":"https:\/\/eldigitaldeasturias.com\/magazine365#listItem","name":"Home"}},{"@type":"ListItem","@id":"https:\/\/eldigitaldeasturias.com\/magazine365\/la-ruta-del-vino-d-o-rueda-nombrada-mejor-ruta-del-2015\/#listItem","position":3,"name":"La &#8216;Ruta del vino D.O. Rueda&#8217;, nombrada mejor ruta del 2015","previousItem":{"@type":"ListItem","@id":"https:\/\/eldigitaldeasturias.com\/magazine365\/category\/noticias-actualidad\/#listItem","name":"Noticias y Actualidad"}}]},{"@type":"Organization","@id":"https:\/\/eldigitaldeasturias.com\/magazine365\/#organization","name":"El digital de Asturias","description":"Revista de ocio, turismo y estilo de vida","url":"https:\/\/eldigitaldeasturias.com\/magazine365\/","logo":{"@type":"ImageObject","url":"https:\/\/www.eldigitaldeasturias.com\/noticias\/wp-content\/uploads\/2020\/12\/EDA.jpg","@id":"https:\/\/eldigitaldeasturias.com\/magazine365\/la-ruta-del-vino-d-o-rueda-nombrada-mejor-ruta-del-2015\/#organizationLogo"},"image":{"@id":"https:\/\/eldigitaldeasturias.com\/magazine365\/la-ruta-del-vino-d-o-rueda-nombrada-mejor-ruta-del-2015\/#organizationLogo"}},{"@type":"Person","@id":"https:\/\/eldigitaldeasturias.com\/magazine365\/author\/admin\/#author","url":"https:\/\/eldigitaldeasturias.com\/magazine365\/author\/admin\/","name":"admin","image":{"@type":"ImageObject","@id":"https:\/\/eldigitaldeasturias.com\/magazine365\/la-ruta-del-vino-d-o-rueda-nombrada-mejor-ruta-del-2015\/#authorImage","url":"https:\/\/eldigitaldeasturias.com\/magazine365\/wp-content\/litespeed\/avatar\/e571bcf59a0edd6fa6838245a470f2fe.jpg?ver=1776969259","width":96,"height":96,"caption":"admin"}},{"@type":"WebPage","@id":"https:\/\/eldigitaldeasturias.com\/magazine365\/la-ruta-del-vino-d-o-rueda-nombrada-mejor-ruta-del-2015\/#webpage","url":"https:\/\/eldigitaldeasturias.com\/magazine365\/la-ruta-del-vino-d-o-rueda-nombrada-mejor-ruta-del-2015\/","name":"La \u2018Ruta del vino D.O. Rueda\u2019, nombrada mejor ruta del 2015 | El Digital de Asturias","description":"La 'Ruta del vino D.O. Rueda' ha sido galardonada con la menci\u00f3n de 'Ruta del a\u00f1o 2015', tras imponerse en una apretada votaci\u00f3n final al resto de recorridos tur\u00edsticos finalistas en el certamen, organizado por el portal de turismo Turinea. La ganadora ha sido seguida de cerca por la 'Ruta de los acantilados de Noja',","inLanguage":"es-ES","isPartOf":{"@id":"https:\/\/eldigitaldeasturias.com\/magazine365\/#website"},"breadcrumb":{"@id":"https:\/\/eldigitaldeasturias.com\/magazine365\/la-ruta-del-vino-d-o-rueda-nombrada-mejor-ruta-del-2015\/#breadcrumblist"},"author":{"@id":"https:\/\/eldigitaldeasturias.com\/magazine365\/author\/admin\/#author"},"creator":{"@id":"https:\/\/eldigitaldeasturias.com\/magazine365\/author\/admin\/#author"},"image":{"@type":"ImageObject","url":"https:\/\/eldigitaldeasturias.com\/magazine365\/wp-content\/uploads\/2015\/06\/fotonoticia_20150601171044_800.jpg","@id":"https:\/\/eldigitaldeasturias.com\/magazine365\/la-ruta-del-vino-d-o-rueda-nombrada-mejor-ruta-del-2015\/#mainImage","width":800,"height":532},"primaryImageOfPage":{"@id":"https:\/\/eldigitaldeasturias.com\/magazine365\/la-ruta-del-vino-d-o-rueda-nombrada-mejor-ruta-del-2015\/#mainImage"},"datePublished":"2015-06-04T04:46:06+02:00","dateModified":"2015-06-04T04:46:06+02:00"},{"@type":"WebSite","@id":"https:\/\/eldigitaldeasturias.com\/magazine365\/#website","url":"https:\/\/eldigitaldeasturias.com\/magazine365\/","name":"El Digital de Asturias","description":"Revista de ocio, turismo y estilo de vida","inLanguage":"es-ES","publisher":{"@id":"https:\/\/eldigitaldeasturias.com\/magazine365\/#organization"}}]},"og:locale":"es_ES","og:site_name":"El Digital de Asturias \u2013 Revista de ocio, turismo y estilo de vida","og:type":"article","og:title":"La \u2018Ruta del vino D.O. Rueda\u2019, nombrada mejor ruta del 2015 | El Digital de Asturias","og:description":"La 'Ruta del vino D.O. Rueda' ha sido galardonada con la menci\u00f3n de 'Ruta del a\u00f1o 2015', tras imponerse en una apretada votaci\u00f3n final al resto de recorridos tur\u00edsticos finalistas en el certamen, organizado por el portal de turismo Turinea. La ganadora ha sido seguida de cerca por la 'Ruta de los acantilados de Noja',","og:url":"https:\/\/eldigitaldeasturias.com\/magazine365\/la-ruta-del-vino-d-o-rueda-nombrada-mejor-ruta-del-2015\/","og:image":"https:\/\/eldigitaldeasturias.com\/magazine365\/wp-content\/uploads\/2015\/06\/fotonoticia_20150601171044_800.jpg","og:image:secure_url":"https:\/\/eldigitaldeasturias.com\/magazine365\/wp-content\/uploads\/2015\/06\/fotonoticia_20150601171044_800.jpg","og:image:width":800,"og:image:height":532,"article:published_time":"2015-06-04T03:16:06+00:00","article:modified_time":"2015-06-04T03:16:06+00:00","twitter:card":"summary_large_image","twitter:title":"La \u2018Ruta del vino D.O. Rueda\u2019, nombrada mejor ruta del 2015 | El Digital de Asturias","twitter:description":"La 'Ruta del vino D.O. Rueda' ha sido galardonada con la menci\u00f3n de 'Ruta del a\u00f1o 2015', tras imponerse en una apretada votaci\u00f3n final al resto de recorridos tur\u00edsticos finalistas en el certamen, organizado por el portal de turismo Turinea. La ganadora ha sido seguida de cerca por la 'Ruta de los acantilados de Noja',","twitter:image":"https:\/\/eldigitaldeasturias.com\/magazine365\/wp-content\/uploads\/2015\/06\/fotonoticia_20150601171044_800.jpg"},"aioseo_meta_data":{"post_id":"38626","title":null,"description":null,"keywords":null,"keyphrases":null,"primary_term":null,"canonical_url":null,"og_title":null,"og_description":null,"og_object_type":"default","og_image_type":"default","og_image_url":null,"og_image_width":null,"og_image_height":null,"og_image_custom_url":null,"og_image_custom_fields":null,"og_video":null,"og_custom_url":null,"og_article_section":null,"og_article_tags":null,"twitter_use_og":false,"twitter_card":"default","twitter_image_type":"default","twitter_image_url":null,"twitter_image_custom_url":null,"twitter_image_custom_fields":null,"twitter_title":null,"twitter_description":null,"schema":{"blockGraphs":[],"customGraphs":[],"default":{"data":{"Article":[],"Course":[],"Dataset":[],"FAQPage":[],"Movie":[],"Person":[],"Product":[],"ProductReview":[],"Car":[],"Recipe":[],"Service":[],"SoftwareApplication":[],"WebPage":[]},"graphName":"","isEnabled":true},"graphs":[],"defaultGraph":"","defaultPostTypeGraph":""},"schema_type":null,"schema_type_options":null,"pillar_content":false,"robots_default":true,"robots_noindex":false,"robots_noarchive":false,"robots_nosnippet":false,"robots_nofollow":false,"robots_noimageindex":false,"robots_noodp":false,"robots_notranslate":false,"robots_max_snippet":null,"robots_max_videopreview":null,"robots_max_imagepreview":"large","priority":null,"frequency":null,"location":null,"local_seo":null,"seo_analyzer_scan_date":"2025-09-19 09:56:58","breadcrumb_settings":null,"limit_modified_date":false,"open_ai":null,"ai":null,"created":"2021-03-09 02:51:41","updated":"2025-09-19 09:56:58"},"aioseo_breadcrumb":"<div class=\"aioseo-breadcrumbs\"><span class=\"aioseo-breadcrumb\">\n\t<a href=\"https:\/\/eldigitaldeasturias.com\/magazine365\" title=\"Home\">Home<\/a>\n<\/span><span class=\"aioseo-breadcrumb-separator\">\u2013<\/span><span class=\"aioseo-breadcrumb\">\n\t<a href=\"https:\/\/eldigitaldeasturias.com\/magazine365\/category\/noticias-actualidad\/\" title=\"Noticias y Actualidad\">Noticias y Actualidad<\/a>\n<\/span><span class=\"aioseo-breadcrumb-separator\">\u2013<\/span><span class=\"aioseo-breadcrumb\">\n\t<a href=\"https:\/\/eldigitaldeasturias.com\/magazine365\/la-ruta-del-vino-d-o-rueda-nombrada-mejor-ruta-del-2015\/\" title=\"La \u2018Ruta del vino D.O. Rueda\u2019, nombrada mejor ruta del 2015\">La \u2018Ruta del vino D.O. Rueda\u2019, nombrada mejor ruta del 2015<\/a>\n<\/span><\/div>","aioseo_breadcrumb_json":[{"label":"Home","link":"https:\/\/eldigitaldeasturias.com\/magazine365"},{"label":"Noticias y Actualidad","link":"https:\/\/eldigitaldeasturias.com\/magazine365\/category\/noticias-actualidad\/"},{"label":"La &#8216;Ruta del vino D.O. Rueda&#8217;, nombrada mejor ruta del 2015","link":"https:\/\/eldigitaldeasturias.com\/magazine365\/la-ruta-del-vino-d-o-rueda-nombrada-mejor-ruta-del-2015\/"}],"_links":{"self":[{"href":"https:\/\/eldigitaldeasturias.com\/magazine365\/wp-json\/wp\/v2\/posts\/38626","targetHints":{"allow":["GET"]}}],"collection":[{"href":"https:\/\/eldigitaldeasturias.com\/magazine365\/wp-json\/wp\/v2\/posts"}],"about":[{"href":"https:\/\/eldigitaldeasturias.com\/magazine365\/wp-json\/wp\/v2\/types\/post"}],"author":[{"embeddable":true,"href":"https:\/\/eldigitaldeasturias.com\/magazine365\/wp-json\/wp\/v2\/users\/1"}],"replies":[{"embeddable":true,"href":"https:\/\/eldigitaldeasturias.com\/magazine365\/wp-json\/wp\/v2\/comments?post=38626"}],"version-history":[{"count":0,"href":"https:\/\/eldigitaldeasturias.com\/magazine365\/wp-json\/wp\/v2\/posts\/38626\/revisions"}],"wp:featuredmedia":[{"embeddable":true,"href":"https:\/\/eldigitaldeasturias.com\/magazine365\/wp-json\/wp\/v2\/media\/38627"}],"wp:attachment":[{"href":"https:\/\/eldigitaldeasturias.com\/magazine365\/wp-json\/wp\/v2\/media?parent=38626"}],"wp:term":[{"taxonomy":"category","embeddable":true,"href":"https:\/\/eldigitaldeasturias.com\/magazine365\/wp-json\/wp\/v2\/categories?post=38626"},{"taxonomy":"post_tag","embeddable":true,"href":"https:\/\/eldigitaldeasturias.com\/magazine365\/wp-json\/wp\/v2\/tags?post=38626"}],"curies":[{"name":"wp","href":"https:\/\/api.w.org\/{rel}","templated":true}]}}