{"id":38617,"date":"2015-06-04T04:41:06","date_gmt":"2015-06-04T03:11:06","guid":{"rendered":"http:\/\/eldigitaldeasturias.com\/magazine365\/?p=38617"},"modified":"2015-06-04T04:41:06","modified_gmt":"2015-06-04T03:11:06","slug":"trabajadores-del-aeropuerto-de-malaga-se-forman-para-actuar-ante-una-parada-cardiorrespiratoria","status":"publish","type":"post","link":"https:\/\/eldigitaldeasturias.com\/magazine365\/trabajadores-del-aeropuerto-de-malaga-se-forman-para-actuar-ante-una-parada-cardiorrespiratoria\/","title":{"rendered":"Trabajadores del aeropuerto de M\u00e1laga se forman para actuar ante una parada cardiorrespiratoria"},"content":{"rendered":"<p><img fetchpriority=\"high\" decoding=\"async\" class=\"alignleft size-medium wp-image-38618\" src=\"https:\/\/eldigitaldeasturias.com\/magazine365\/wp-content\/uploads\/2015\/06\/fotonoticia_20150601161100_800-225x300.jpg\" alt=\"fotonoticia_20150601161100_800\" width=\"225\" height=\"300\" srcset=\"https:\/\/eldigitaldeasturias.com\/magazine365\/wp-content\/uploads\/2015\/06\/fotonoticia_20150601161100_800-225x300.jpg 225w, https:\/\/eldigitaldeasturias.com\/magazine365\/wp-content\/uploads\/2015\/06\/fotonoticia_20150601161100_800-480x640.jpg 480w, https:\/\/eldigitaldeasturias.com\/magazine365\/wp-content\/uploads\/2015\/06\/fotonoticia_20150601161100_800-768x1024.jpg 768w, https:\/\/eldigitaldeasturias.com\/magazine365\/wp-content\/uploads\/2015\/06\/fotonoticia_20150601161100_800-150x200.jpg 150w, https:\/\/eldigitaldeasturias.com\/magazine365\/wp-content\/uploads\/2015\/06\/fotonoticia_20150601161100_800-450x600.jpg 450w, https:\/\/eldigitaldeasturias.com\/magazine365\/wp-content\/uploads\/2015\/06\/fotonoticia_20150601161100_800-696x928.jpg 696w, https:\/\/eldigitaldeasturias.com\/magazine365\/wp-content\/uploads\/2015\/06\/fotonoticia_20150601161100_800-315x420.jpg 315w, https:\/\/eldigitaldeasturias.com\/magazine365\/wp-content\/uploads\/2015\/06\/fotonoticia_20150601161100_800.jpg 800w\" sizes=\"(max-width: 225px) 100vw, 225px\" \/>Un total de 70 trabajadores de las distintas empresas que desarrollan su trabajo en el aeropuerto de M\u00e1laga-Costa del Sol han participado de forma voluntaria en un curso organizado por los Servicios Aeroporturios de Aena de soporte vital b\u00e1sico y desfibrilaci\u00f3n.<\/p>\n<p>Adem\u00e1s de la jornada te\u00f3rica, los trabajadores de tiendas, servicio de informaci\u00f3n, servicio de gesti\u00f3n de modos de transporte, compa\u00f1\u00edas a\u00e9reas, asistencia en tierra o Fuerzas y Cuerpos de Seguridad del Estado, entre otros, pusieron en pr\u00e1ctica todo el proceso de la cadena de supervivencia y desfibrilaci\u00f3n externa tanto para adultos como para ni\u00f1os.<\/p>\n<p>Tambi\u00e9n completaron la formaci\u00f3n con otras t\u00e9cnicas de soporte vital b\u00e1sico, como las destinadas a atender atragantamientos y hemorragias, han indicado desde Aena Aeropuertos a trav\u00e9s de un comunicado.<\/p>\n<p>El aeropuerto de M\u00e1laga-Costa del Sol est\u00e1 certificado como espacio cardioprotegido desde hace un lustro, tras la instalaci\u00f3n de una docena de columnas de rescate card\u00edaco en toda la infraestructura y la formaci\u00f3n de m\u00e1s de dos centenares de trabajadores no sanitarios en t\u00e9cnicas de primeros auxilios y manejo de desfibriladores semiautom\u00e1ticos.<\/p>\n<p>Las columnas de rescate card\u00edaco que est\u00e1n ubicadas de forma estrat\u00e9gica en las terminales, en zonas visibles y debidamente se\u00f1alizadas, no s\u00f3lo permiten realizar maniobras de soporte vital b\u00e1sico, sino que tambi\u00e9n son los primeros eslabones de la cadena de supervivencia hasta que lleguen los servicios m\u00e9dicos de urgencia.<\/p>\n<p>Desde el momento en que el usuario abre la cabina, el dispositivo activa autom\u00e1ticamente una llamada de emergencia al servicio m\u00e9dico del aeropuerto, que se desplaza al punto requerido para prestar asistencia en el m\u00ednimo tiempo. Mientras, cada aparato determina la necesidad o no de aplicar una descarga y gu\u00eda al personal que lo usa, indic\u00e1ndole los pasos a seguir.<\/p>\n<p>Las columnas de rescate card\u00edaco controlan y mantienen en perfectas condiciones de uso los desfibriladores y dem\u00e1s elementos que las integran, como las bater\u00edas, software, hardware, etc\u00e9tera. Desde cada punto se remiten las notificaciones de incidencias, tanto de uso de los desfibriladores como posibles fallos t\u00e9cnicos, a la empresa encargada de su mantenimiento, que puede comprobar online el estado de los sistemas.<\/p>\n","protected":false},"excerpt":{"rendered":"<p>Un total de 70 trabajadores de las distintas empresas que desarrollan su trabajo en el aeropuerto de M\u00e1laga-Costa del Sol han participado de forma voluntaria en un curso organizado por los Servicios Aeroporturios de Aena de soporte vital b\u00e1sico y desfibrilaci\u00f3n. Adem\u00e1s de la jornada te\u00f3rica, los trabajadores de tiendas, servicio de informaci\u00f3n, servicio de<\/p>\n","protected":false},"author":1,"featured_media":38618,"comment_status":"open","ping_status":"closed","sticky":false,"template":"","format":"standard","meta":{"footnotes":""},"categories":[224],"tags":[],"class_list":{"0":"post-38617","1":"post","2":"type-post","3":"status-publish","4":"format-standard","5":"has-post-thumbnail","7":"category-noticias-actualidad"},"aioseo_notices":[],"aioseo_head":"\n\t\t<!-- All in One SEO Pro 4.9.6.1 - aioseo.com -->\n\t<meta name=\"description\" content=\"Un total de 70 trabajadores de las distintas empresas que desarrollan su trabajo en el aeropuerto de M\u00e1laga-Costa del Sol han participado de forma voluntaria en un curso organizado por los Servicios Aeroporturios de Aena de soporte vital b\u00e1sico y desfibrilaci\u00f3n. Adem\u00e1s de la jornada te\u00f3rica, los trabajadores de tiendas, servicio de informaci\u00f3n, servicio de\" \/>\n\t<meta name=\"robots\" content=\"max-image-preview:large\" \/>\n\t<meta name=\"author\" content=\"admin\"\/>\n\t<meta name=\"google-site-verification\" content=\"UA-38556648-1\" \/>\n\t<meta name=\"keywords\" content=\"noticias y actualidad\" \/>\n\t<link rel=\"canonical\" href=\"https:\/\/eldigitaldeasturias.com\/magazine365\/trabajadores-del-aeropuerto-de-malaga-se-forman-para-actuar-ante-una-parada-cardiorrespiratoria\/\" \/>\n\t<meta name=\"generator\" content=\"All in One SEO Pro (AIOSEO) 4.9.6.1\" \/>\n\t\t<meta property=\"og:locale\" content=\"es_ES\" \/>\n\t\t<meta property=\"og:site_name\" content=\"El Digital de Asturias \u2013 Revista de ocio, turismo y estilo de vida\" \/>\n\t\t<meta property=\"og:type\" content=\"article\" \/>\n\t\t<meta property=\"og:title\" content=\"Trabajadores del aeropuerto de M\u00e1laga se forman para actuar ante una parada cardiorrespiratoria | El Digital de Asturias\" \/>\n\t\t<meta property=\"og:description\" content=\"Un total de 70 trabajadores de las distintas empresas que desarrollan su trabajo en el aeropuerto de M\u00e1laga-Costa del Sol han participado de forma voluntaria en un curso organizado por los Servicios Aeroporturios de Aena de soporte vital b\u00e1sico y desfibrilaci\u00f3n. Adem\u00e1s de la jornada te\u00f3rica, los trabajadores de tiendas, servicio de informaci\u00f3n, servicio de\" \/>\n\t\t<meta property=\"og:url\" content=\"https:\/\/eldigitaldeasturias.com\/magazine365\/trabajadores-del-aeropuerto-de-malaga-se-forman-para-actuar-ante-una-parada-cardiorrespiratoria\/\" \/>\n\t\t<meta property=\"og:image\" content=\"https:\/\/eldigitaldeasturias.com\/magazine365\/wp-content\/uploads\/2015\/06\/fotonoticia_20150601161100_800.jpg\" \/>\n\t\t<meta property=\"og:image:secure_url\" content=\"https:\/\/eldigitaldeasturias.com\/magazine365\/wp-content\/uploads\/2015\/06\/fotonoticia_20150601161100_800.jpg\" \/>\n\t\t<meta property=\"og:image:width\" content=\"800\" \/>\n\t\t<meta property=\"og:image:height\" content=\"1067\" \/>\n\t\t<meta property=\"article:published_time\" content=\"2015-06-04T03:11:06+00:00\" \/>\n\t\t<meta property=\"article:modified_time\" content=\"2015-06-04T03:11:06+00:00\" \/>\n\t\t<meta name=\"twitter:card\" content=\"summary_large_image\" \/>\n\t\t<meta name=\"twitter:title\" content=\"Trabajadores del aeropuerto de M\u00e1laga se forman para actuar ante una parada cardiorrespiratoria | El Digital de Asturias\" \/>\n\t\t<meta name=\"twitter:description\" content=\"Un total de 70 trabajadores de las distintas empresas que desarrollan su trabajo en el aeropuerto de M\u00e1laga-Costa del Sol han participado de forma voluntaria en un curso organizado por los Servicios Aeroporturios de Aena de soporte vital b\u00e1sico y desfibrilaci\u00f3n. Adem\u00e1s de la jornada te\u00f3rica, los trabajadores de tiendas, servicio de informaci\u00f3n, servicio de\" \/>\n\t\t<meta name=\"twitter:image\" content=\"https:\/\/eldigitaldeasturias.com\/magazine365\/wp-content\/uploads\/2015\/06\/fotonoticia_20150601161100_800.jpg\" \/>\n\t\t<script type=\"application\/ld+json\" class=\"aioseo-schema\">\n\t\t\t{\"@context\":\"https:\\\/\\\/schema.org\",\"@graph\":[{\"@type\":\"Article\",\"@id\":\"https:\\\/\\\/eldigitaldeasturias.com\\\/magazine365\\\/trabajadores-del-aeropuerto-de-malaga-se-forman-para-actuar-ante-una-parada-cardiorrespiratoria\\\/#article\",\"name\":\"Trabajadores del aeropuerto de M\\u00e1laga se forman para actuar ante una parada cardiorrespiratoria | El Digital de Asturias\",\"headline\":\"Trabajadores del aeropuerto de M\\u00e1laga se forman para actuar ante una parada cardiorrespiratoria\",\"author\":{\"@id\":\"https:\\\/\\\/eldigitaldeasturias.com\\\/magazine365\\\/author\\\/admin\\\/#author\"},\"publisher\":{\"@id\":\"https:\\\/\\\/eldigitaldeasturias.com\\\/magazine365\\\/#organization\"},\"image\":{\"@type\":\"ImageObject\",\"url\":\"https:\\\/\\\/eldigitaldeasturias.com\\\/magazine365\\\/wp-content\\\/uploads\\\/2015\\\/06\\\/fotonoticia_20150601161100_800.jpg\",\"width\":800,\"height\":1067},\"datePublished\":\"2015-06-04T04:41:06+02:00\",\"dateModified\":\"2015-06-04T04:41:06+02:00\",\"inLanguage\":\"es-ES\",\"mainEntityOfPage\":{\"@id\":\"https:\\\/\\\/eldigitaldeasturias.com\\\/magazine365\\\/trabajadores-del-aeropuerto-de-malaga-se-forman-para-actuar-ante-una-parada-cardiorrespiratoria\\\/#webpage\"},\"isPartOf\":{\"@id\":\"https:\\\/\\\/eldigitaldeasturias.com\\\/magazine365\\\/trabajadores-del-aeropuerto-de-malaga-se-forman-para-actuar-ante-una-parada-cardiorrespiratoria\\\/#webpage\"},\"articleSection\":\"Noticias y Actualidad\"},{\"@type\":\"BreadcrumbList\",\"@id\":\"https:\\\/\\\/eldigitaldeasturias.com\\\/magazine365\\\/trabajadores-del-aeropuerto-de-malaga-se-forman-para-actuar-ante-una-parada-cardiorrespiratoria\\\/#breadcrumblist\",\"itemListElement\":[{\"@type\":\"ListItem\",\"@id\":\"https:\\\/\\\/eldigitaldeasturias.com\\\/magazine365#listItem\",\"position\":1,\"name\":\"Home\",\"item\":\"https:\\\/\\\/eldigitaldeasturias.com\\\/magazine365\",\"nextItem\":{\"@type\":\"ListItem\",\"@id\":\"https:\\\/\\\/eldigitaldeasturias.com\\\/magazine365\\\/category\\\/noticias-actualidad\\\/#listItem\",\"name\":\"Noticias y Actualidad\"}},{\"@type\":\"ListItem\",\"@id\":\"https:\\\/\\\/eldigitaldeasturias.com\\\/magazine365\\\/category\\\/noticias-actualidad\\\/#listItem\",\"position\":2,\"name\":\"Noticias y Actualidad\",\"item\":\"https:\\\/\\\/eldigitaldeasturias.com\\\/magazine365\\\/category\\\/noticias-actualidad\\\/\",\"nextItem\":{\"@type\":\"ListItem\",\"@id\":\"https:\\\/\\\/eldigitaldeasturias.com\\\/magazine365\\\/trabajadores-del-aeropuerto-de-malaga-se-forman-para-actuar-ante-una-parada-cardiorrespiratoria\\\/#listItem\",\"name\":\"Trabajadores del aeropuerto de M\\u00e1laga se forman para actuar ante una parada cardiorrespiratoria\"},\"previousItem\":{\"@type\":\"ListItem\",\"@id\":\"https:\\\/\\\/eldigitaldeasturias.com\\\/magazine365#listItem\",\"name\":\"Home\"}},{\"@type\":\"ListItem\",\"@id\":\"https:\\\/\\\/eldigitaldeasturias.com\\\/magazine365\\\/trabajadores-del-aeropuerto-de-malaga-se-forman-para-actuar-ante-una-parada-cardiorrespiratoria\\\/#listItem\",\"position\":3,\"name\":\"Trabajadores del aeropuerto de M\\u00e1laga se forman para actuar ante una parada cardiorrespiratoria\",\"previousItem\":{\"@type\":\"ListItem\",\"@id\":\"https:\\\/\\\/eldigitaldeasturias.com\\\/magazine365\\\/category\\\/noticias-actualidad\\\/#listItem\",\"name\":\"Noticias y Actualidad\"}}]},{\"@type\":\"Organization\",\"@id\":\"https:\\\/\\\/eldigitaldeasturias.com\\\/magazine365\\\/#organization\",\"name\":\"El digital de Asturias\",\"description\":\"Revista de ocio, turismo y estilo de vida\",\"url\":\"https:\\\/\\\/eldigitaldeasturias.com\\\/magazine365\\\/\",\"logo\":{\"@type\":\"ImageObject\",\"url\":\"https:\\\/\\\/www.eldigitaldeasturias.com\\\/noticias\\\/wp-content\\\/uploads\\\/2020\\\/12\\\/EDA.jpg\",\"@id\":\"https:\\\/\\\/eldigitaldeasturias.com\\\/magazine365\\\/trabajadores-del-aeropuerto-de-malaga-se-forman-para-actuar-ante-una-parada-cardiorrespiratoria\\\/#organizationLogo\"},\"image\":{\"@id\":\"https:\\\/\\\/eldigitaldeasturias.com\\\/magazine365\\\/trabajadores-del-aeropuerto-de-malaga-se-forman-para-actuar-ante-una-parada-cardiorrespiratoria\\\/#organizationLogo\"}},{\"@type\":\"Person\",\"@id\":\"https:\\\/\\\/eldigitaldeasturias.com\\\/magazine365\\\/author\\\/admin\\\/#author\",\"url\":\"https:\\\/\\\/eldigitaldeasturias.com\\\/magazine365\\\/author\\\/admin\\\/\",\"name\":\"admin\",\"image\":{\"@type\":\"ImageObject\",\"@id\":\"https:\\\/\\\/eldigitaldeasturias.com\\\/magazine365\\\/trabajadores-del-aeropuerto-de-malaga-se-forman-para-actuar-ante-una-parada-cardiorrespiratoria\\\/#authorImage\",\"url\":\"https:\\\/\\\/eldigitaldeasturias.com\\\/magazine365\\\/wp-content\\\/litespeed\\\/avatar\\\/e571bcf59a0edd6fa6838245a470f2fe.jpg?ver=1776969259\",\"width\":96,\"height\":96,\"caption\":\"admin\"}},{\"@type\":\"WebPage\",\"@id\":\"https:\\\/\\\/eldigitaldeasturias.com\\\/magazine365\\\/trabajadores-del-aeropuerto-de-malaga-se-forman-para-actuar-ante-una-parada-cardiorrespiratoria\\\/#webpage\",\"url\":\"https:\\\/\\\/eldigitaldeasturias.com\\\/magazine365\\\/trabajadores-del-aeropuerto-de-malaga-se-forman-para-actuar-ante-una-parada-cardiorrespiratoria\\\/\",\"name\":\"Trabajadores del aeropuerto de M\\u00e1laga se forman para actuar ante una parada cardiorrespiratoria | El Digital de Asturias\",\"description\":\"Un total de 70 trabajadores de las distintas empresas que desarrollan su trabajo en el aeropuerto de M\\u00e1laga-Costa del Sol han participado de forma voluntaria en un curso organizado por los Servicios Aeroporturios de Aena de soporte vital b\\u00e1sico y desfibrilaci\\u00f3n. Adem\\u00e1s de la jornada te\\u00f3rica, los trabajadores de tiendas, servicio de informaci\\u00f3n, servicio de\",\"inLanguage\":\"es-ES\",\"isPartOf\":{\"@id\":\"https:\\\/\\\/eldigitaldeasturias.com\\\/magazine365\\\/#website\"},\"breadcrumb\":{\"@id\":\"https:\\\/\\\/eldigitaldeasturias.com\\\/magazine365\\\/trabajadores-del-aeropuerto-de-malaga-se-forman-para-actuar-ante-una-parada-cardiorrespiratoria\\\/#breadcrumblist\"},\"author\":{\"@id\":\"https:\\\/\\\/eldigitaldeasturias.com\\\/magazine365\\\/author\\\/admin\\\/#author\"},\"creator\":{\"@id\":\"https:\\\/\\\/eldigitaldeasturias.com\\\/magazine365\\\/author\\\/admin\\\/#author\"},\"image\":{\"@type\":\"ImageObject\",\"url\":\"https:\\\/\\\/eldigitaldeasturias.com\\\/magazine365\\\/wp-content\\\/uploads\\\/2015\\\/06\\\/fotonoticia_20150601161100_800.jpg\",\"@id\":\"https:\\\/\\\/eldigitaldeasturias.com\\\/magazine365\\\/trabajadores-del-aeropuerto-de-malaga-se-forman-para-actuar-ante-una-parada-cardiorrespiratoria\\\/#mainImage\",\"width\":800,\"height\":1067},\"primaryImageOfPage\":{\"@id\":\"https:\\\/\\\/eldigitaldeasturias.com\\\/magazine365\\\/trabajadores-del-aeropuerto-de-malaga-se-forman-para-actuar-ante-una-parada-cardiorrespiratoria\\\/#mainImage\"},\"datePublished\":\"2015-06-04T04:41:06+02:00\",\"dateModified\":\"2015-06-04T04:41:06+02:00\"},{\"@type\":\"WebSite\",\"@id\":\"https:\\\/\\\/eldigitaldeasturias.com\\\/magazine365\\\/#website\",\"url\":\"https:\\\/\\\/eldigitaldeasturias.com\\\/magazine365\\\/\",\"name\":\"El Digital de Asturias\",\"description\":\"Revista de ocio, turismo y estilo de vida\",\"inLanguage\":\"es-ES\",\"publisher\":{\"@id\":\"https:\\\/\\\/eldigitaldeasturias.com\\\/magazine365\\\/#organization\"}}]}\n\t\t<\/script>\n\t\t<!-- All in One SEO Pro -->\r\n\t\t<title>Trabajadores del aeropuerto de M\u00e1laga se forman para actuar ante una parada cardiorrespiratoria | El Digital de Asturias<\/title>\n\n","aioseo_head_json":{"title":"Trabajadores del aeropuerto de M\u00e1laga se forman para actuar ante una parada cardiorrespiratoria | El Digital de Asturias","description":"Un total de 70 trabajadores de las distintas empresas que desarrollan su trabajo en el aeropuerto de M\u00e1laga-Costa del Sol han participado de forma voluntaria en un curso organizado por los Servicios Aeroporturios de Aena de soporte vital b\u00e1sico y desfibrilaci\u00f3n. Adem\u00e1s de la jornada te\u00f3rica, los trabajadores de tiendas, servicio de informaci\u00f3n, servicio de","canonical_url":"https:\/\/eldigitaldeasturias.com\/magazine365\/trabajadores-del-aeropuerto-de-malaga-se-forman-para-actuar-ante-una-parada-cardiorrespiratoria\/","robots":"max-image-preview:large","keywords":"noticias y actualidad","webmasterTools":{"google-site-verification":"UA-38556648-1","miscellaneous":""},"schema":{"@context":"https:\/\/schema.org","@graph":[{"@type":"Article","@id":"https:\/\/eldigitaldeasturias.com\/magazine365\/trabajadores-del-aeropuerto-de-malaga-se-forman-para-actuar-ante-una-parada-cardiorrespiratoria\/#article","name":"Trabajadores del aeropuerto de M\u00e1laga se forman para actuar ante una parada cardiorrespiratoria | El Digital de Asturias","headline":"Trabajadores del aeropuerto de M\u00e1laga se forman para actuar ante una parada cardiorrespiratoria","author":{"@id":"https:\/\/eldigitaldeasturias.com\/magazine365\/author\/admin\/#author"},"publisher":{"@id":"https:\/\/eldigitaldeasturias.com\/magazine365\/#organization"},"image":{"@type":"ImageObject","url":"https:\/\/eldigitaldeasturias.com\/magazine365\/wp-content\/uploads\/2015\/06\/fotonoticia_20150601161100_800.jpg","width":800,"height":1067},"datePublished":"2015-06-04T04:41:06+02:00","dateModified":"2015-06-04T04:41:06+02:00","inLanguage":"es-ES","mainEntityOfPage":{"@id":"https:\/\/eldigitaldeasturias.com\/magazine365\/trabajadores-del-aeropuerto-de-malaga-se-forman-para-actuar-ante-una-parada-cardiorrespiratoria\/#webpage"},"isPartOf":{"@id":"https:\/\/eldigitaldeasturias.com\/magazine365\/trabajadores-del-aeropuerto-de-malaga-se-forman-para-actuar-ante-una-parada-cardiorrespiratoria\/#webpage"},"articleSection":"Noticias y Actualidad"},{"@type":"BreadcrumbList","@id":"https:\/\/eldigitaldeasturias.com\/magazine365\/trabajadores-del-aeropuerto-de-malaga-se-forman-para-actuar-ante-una-parada-cardiorrespiratoria\/#breadcrumblist","itemListElement":[{"@type":"ListItem","@id":"https:\/\/eldigitaldeasturias.com\/magazine365#listItem","position":1,"name":"Home","item":"https:\/\/eldigitaldeasturias.com\/magazine365","nextItem":{"@type":"ListItem","@id":"https:\/\/eldigitaldeasturias.com\/magazine365\/category\/noticias-actualidad\/#listItem","name":"Noticias y Actualidad"}},{"@type":"ListItem","@id":"https:\/\/eldigitaldeasturias.com\/magazine365\/category\/noticias-actualidad\/#listItem","position":2,"name":"Noticias y Actualidad","item":"https:\/\/eldigitaldeasturias.com\/magazine365\/category\/noticias-actualidad\/","nextItem":{"@type":"ListItem","@id":"https:\/\/eldigitaldeasturias.com\/magazine365\/trabajadores-del-aeropuerto-de-malaga-se-forman-para-actuar-ante-una-parada-cardiorrespiratoria\/#listItem","name":"Trabajadores del aeropuerto de M\u00e1laga se forman para actuar ante una parada cardiorrespiratoria"},"previousItem":{"@type":"ListItem","@id":"https:\/\/eldigitaldeasturias.com\/magazine365#listItem","name":"Home"}},{"@type":"ListItem","@id":"https:\/\/eldigitaldeasturias.com\/magazine365\/trabajadores-del-aeropuerto-de-malaga-se-forman-para-actuar-ante-una-parada-cardiorrespiratoria\/#listItem","position":3,"name":"Trabajadores del aeropuerto de M\u00e1laga se forman para actuar ante una parada cardiorrespiratoria","previousItem":{"@type":"ListItem","@id":"https:\/\/eldigitaldeasturias.com\/magazine365\/category\/noticias-actualidad\/#listItem","name":"Noticias y Actualidad"}}]},{"@type":"Organization","@id":"https:\/\/eldigitaldeasturias.com\/magazine365\/#organization","name":"El digital de Asturias","description":"Revista de ocio, turismo y estilo de vida","url":"https:\/\/eldigitaldeasturias.com\/magazine365\/","logo":{"@type":"ImageObject","url":"https:\/\/www.eldigitaldeasturias.com\/noticias\/wp-content\/uploads\/2020\/12\/EDA.jpg","@id":"https:\/\/eldigitaldeasturias.com\/magazine365\/trabajadores-del-aeropuerto-de-malaga-se-forman-para-actuar-ante-una-parada-cardiorrespiratoria\/#organizationLogo"},"image":{"@id":"https:\/\/eldigitaldeasturias.com\/magazine365\/trabajadores-del-aeropuerto-de-malaga-se-forman-para-actuar-ante-una-parada-cardiorrespiratoria\/#organizationLogo"}},{"@type":"Person","@id":"https:\/\/eldigitaldeasturias.com\/magazine365\/author\/admin\/#author","url":"https:\/\/eldigitaldeasturias.com\/magazine365\/author\/admin\/","name":"admin","image":{"@type":"ImageObject","@id":"https:\/\/eldigitaldeasturias.com\/magazine365\/trabajadores-del-aeropuerto-de-malaga-se-forman-para-actuar-ante-una-parada-cardiorrespiratoria\/#authorImage","url":"https:\/\/eldigitaldeasturias.com\/magazine365\/wp-content\/litespeed\/avatar\/e571bcf59a0edd6fa6838245a470f2fe.jpg?ver=1776969259","width":96,"height":96,"caption":"admin"}},{"@type":"WebPage","@id":"https:\/\/eldigitaldeasturias.com\/magazine365\/trabajadores-del-aeropuerto-de-malaga-se-forman-para-actuar-ante-una-parada-cardiorrespiratoria\/#webpage","url":"https:\/\/eldigitaldeasturias.com\/magazine365\/trabajadores-del-aeropuerto-de-malaga-se-forman-para-actuar-ante-una-parada-cardiorrespiratoria\/","name":"Trabajadores del aeropuerto de M\u00e1laga se forman para actuar ante una parada cardiorrespiratoria | El Digital de Asturias","description":"Un total de 70 trabajadores de las distintas empresas que desarrollan su trabajo en el aeropuerto de M\u00e1laga-Costa del Sol han participado de forma voluntaria en un curso organizado por los Servicios Aeroporturios de Aena de soporte vital b\u00e1sico y desfibrilaci\u00f3n. Adem\u00e1s de la jornada te\u00f3rica, los trabajadores de tiendas, servicio de informaci\u00f3n, servicio de","inLanguage":"es-ES","isPartOf":{"@id":"https:\/\/eldigitaldeasturias.com\/magazine365\/#website"},"breadcrumb":{"@id":"https:\/\/eldigitaldeasturias.com\/magazine365\/trabajadores-del-aeropuerto-de-malaga-se-forman-para-actuar-ante-una-parada-cardiorrespiratoria\/#breadcrumblist"},"author":{"@id":"https:\/\/eldigitaldeasturias.com\/magazine365\/author\/admin\/#author"},"creator":{"@id":"https:\/\/eldigitaldeasturias.com\/magazine365\/author\/admin\/#author"},"image":{"@type":"ImageObject","url":"https:\/\/eldigitaldeasturias.com\/magazine365\/wp-content\/uploads\/2015\/06\/fotonoticia_20150601161100_800.jpg","@id":"https:\/\/eldigitaldeasturias.com\/magazine365\/trabajadores-del-aeropuerto-de-malaga-se-forman-para-actuar-ante-una-parada-cardiorrespiratoria\/#mainImage","width":800,"height":1067},"primaryImageOfPage":{"@id":"https:\/\/eldigitaldeasturias.com\/magazine365\/trabajadores-del-aeropuerto-de-malaga-se-forman-para-actuar-ante-una-parada-cardiorrespiratoria\/#mainImage"},"datePublished":"2015-06-04T04:41:06+02:00","dateModified":"2015-06-04T04:41:06+02:00"},{"@type":"WebSite","@id":"https:\/\/eldigitaldeasturias.com\/magazine365\/#website","url":"https:\/\/eldigitaldeasturias.com\/magazine365\/","name":"El Digital de Asturias","description":"Revista de ocio, turismo y estilo de vida","inLanguage":"es-ES","publisher":{"@id":"https:\/\/eldigitaldeasturias.com\/magazine365\/#organization"}}]},"og:locale":"es_ES","og:site_name":"El Digital de Asturias \u2013 Revista de ocio, turismo y estilo de vida","og:type":"article","og:title":"Trabajadores del aeropuerto de M\u00e1laga se forman para actuar ante una parada cardiorrespiratoria | El Digital de Asturias","og:description":"Un total de 70 trabajadores de las distintas empresas que desarrollan su trabajo en el aeropuerto de M\u00e1laga-Costa del Sol han participado de forma voluntaria en un curso organizado por los Servicios Aeroporturios de Aena de soporte vital b\u00e1sico y desfibrilaci\u00f3n. Adem\u00e1s de la jornada te\u00f3rica, los trabajadores de tiendas, servicio de informaci\u00f3n, servicio de","og:url":"https:\/\/eldigitaldeasturias.com\/magazine365\/trabajadores-del-aeropuerto-de-malaga-se-forman-para-actuar-ante-una-parada-cardiorrespiratoria\/","og:image":"https:\/\/eldigitaldeasturias.com\/magazine365\/wp-content\/uploads\/2015\/06\/fotonoticia_20150601161100_800.jpg","og:image:secure_url":"https:\/\/eldigitaldeasturias.com\/magazine365\/wp-content\/uploads\/2015\/06\/fotonoticia_20150601161100_800.jpg","og:image:width":800,"og:image:height":1067,"article:published_time":"2015-06-04T03:11:06+00:00","article:modified_time":"2015-06-04T03:11:06+00:00","twitter:card":"summary_large_image","twitter:title":"Trabajadores del aeropuerto de M\u00e1laga se forman para actuar ante una parada cardiorrespiratoria | El Digital de Asturias","twitter:description":"Un total de 70 trabajadores de las distintas empresas que desarrollan su trabajo en el aeropuerto de M\u00e1laga-Costa del Sol han participado de forma voluntaria en un curso organizado por los Servicios Aeroporturios de Aena de soporte vital b\u00e1sico y desfibrilaci\u00f3n. Adem\u00e1s de la jornada te\u00f3rica, los trabajadores de tiendas, servicio de informaci\u00f3n, servicio de","twitter:image":"https:\/\/eldigitaldeasturias.com\/magazine365\/wp-content\/uploads\/2015\/06\/fotonoticia_20150601161100_800.jpg"},"aioseo_meta_data":{"post_id":"38617","title":null,"description":null,"keywords":null,"keyphrases":null,"primary_term":null,"canonical_url":null,"og_title":null,"og_description":null,"og_object_type":"default","og_image_type":"default","og_image_url":null,"og_image_width":null,"og_image_height":null,"og_image_custom_url":null,"og_image_custom_fields":null,"og_video":null,"og_custom_url":null,"og_article_section":null,"og_article_tags":null,"twitter_use_og":false,"twitter_card":"default","twitter_image_type":"default","twitter_image_url":null,"twitter_image_custom_url":null,"twitter_image_custom_fields":null,"twitter_title":null,"twitter_description":null,"schema":{"blockGraphs":[],"customGraphs":[],"default":{"data":{"Article":[],"Course":[],"Dataset":[],"FAQPage":[],"Movie":[],"Person":[],"Product":[],"ProductReview":[],"Car":[],"Recipe":[],"Service":[],"SoftwareApplication":[],"WebPage":[]},"graphName":"","isEnabled":true},"graphs":[],"defaultGraph":"","defaultPostTypeGraph":""},"schema_type":null,"schema_type_options":null,"pillar_content":false,"robots_default":true,"robots_noindex":false,"robots_noarchive":false,"robots_nosnippet":false,"robots_nofollow":false,"robots_noimageindex":false,"robots_noodp":false,"robots_notranslate":false,"robots_max_snippet":null,"robots_max_videopreview":null,"robots_max_imagepreview":"large","priority":null,"frequency":null,"location":null,"local_seo":null,"seo_analyzer_scan_date":"2025-09-19 09:55:18","breadcrumb_settings":null,"limit_modified_date":false,"open_ai":null,"ai":null,"created":"2021-03-09 02:51:41","updated":"2025-09-19 09:55:18"},"aioseo_breadcrumb":"<div class=\"aioseo-breadcrumbs\"><span class=\"aioseo-breadcrumb\">\n\t<a href=\"https:\/\/eldigitaldeasturias.com\/magazine365\" title=\"Home\">Home<\/a>\n<\/span><span class=\"aioseo-breadcrumb-separator\">\u2013<\/span><span class=\"aioseo-breadcrumb\">\n\t<a href=\"https:\/\/eldigitaldeasturias.com\/magazine365\/category\/noticias-actualidad\/\" title=\"Noticias y Actualidad\">Noticias y Actualidad<\/a>\n<\/span><span class=\"aioseo-breadcrumb-separator\">\u2013<\/span><span class=\"aioseo-breadcrumb\">\n\t<a href=\"https:\/\/eldigitaldeasturias.com\/magazine365\/trabajadores-del-aeropuerto-de-malaga-se-forman-para-actuar-ante-una-parada-cardiorrespiratoria\/\" title=\"Trabajadores del aeropuerto de M\u00e1laga se forman para actuar ante una parada cardiorrespiratoria\">Trabajadores del aeropuerto de M\u00e1laga se forman para actuar ante una parada cardiorrespiratoria<\/a>\n<\/span><\/div>","aioseo_breadcrumb_json":[{"label":"Home","link":"https:\/\/eldigitaldeasturias.com\/magazine365"},{"label":"Noticias y Actualidad","link":"https:\/\/eldigitaldeasturias.com\/magazine365\/category\/noticias-actualidad\/"},{"label":"Trabajadores del aeropuerto de M\u00e1laga se forman para actuar ante una parada cardiorrespiratoria","link":"https:\/\/eldigitaldeasturias.com\/magazine365\/trabajadores-del-aeropuerto-de-malaga-se-forman-para-actuar-ante-una-parada-cardiorrespiratoria\/"}],"_links":{"self":[{"href":"https:\/\/eldigitaldeasturias.com\/magazine365\/wp-json\/wp\/v2\/posts\/38617","targetHints":{"allow":["GET"]}}],"collection":[{"href":"https:\/\/eldigitaldeasturias.com\/magazine365\/wp-json\/wp\/v2\/posts"}],"about":[{"href":"https:\/\/eldigitaldeasturias.com\/magazine365\/wp-json\/wp\/v2\/types\/post"}],"author":[{"embeddable":true,"href":"https:\/\/eldigitaldeasturias.com\/magazine365\/wp-json\/wp\/v2\/users\/1"}],"replies":[{"embeddable":true,"href":"https:\/\/eldigitaldeasturias.com\/magazine365\/wp-json\/wp\/v2\/comments?post=38617"}],"version-history":[{"count":0,"href":"https:\/\/eldigitaldeasturias.com\/magazine365\/wp-json\/wp\/v2\/posts\/38617\/revisions"}],"wp:featuredmedia":[{"embeddable":true,"href":"https:\/\/eldigitaldeasturias.com\/magazine365\/wp-json\/wp\/v2\/media\/38618"}],"wp:attachment":[{"href":"https:\/\/eldigitaldeasturias.com\/magazine365\/wp-json\/wp\/v2\/media?parent=38617"}],"wp:term":[{"taxonomy":"category","embeddable":true,"href":"https:\/\/eldigitaldeasturias.com\/magazine365\/wp-json\/wp\/v2\/categories?post=38617"},{"taxonomy":"post_tag","embeddable":true,"href":"https:\/\/eldigitaldeasturias.com\/magazine365\/wp-json\/wp\/v2\/tags?post=38617"}],"curies":[{"name":"wp","href":"https:\/\/api.w.org\/{rel}","templated":true}]}}