{"id":38614,"date":"2015-06-04T04:39:20","date_gmt":"2015-06-04T03:09:20","guid":{"rendered":"http:\/\/eldigitaldeasturias.com\/magazine365\/?p=38614"},"modified":"2015-06-04T04:39:20","modified_gmt":"2015-06-04T03:09:20","slug":"caceres-promocionara-su-oferta-gastronomica-en-madrid","status":"publish","type":"post","link":"https:\/\/eldigitaldeasturias.com\/magazine365\/caceres-promocionara-su-oferta-gastronomica-en-madrid\/","title":{"rendered":"C\u00e1ceres promocionar\u00e1 su oferta gastron\u00f3mica en Madrid"},"content":{"rendered":"<p><img fetchpriority=\"high\" decoding=\"async\" class=\"alignleft size-medium wp-image-38615\" src=\"https:\/\/eldigitaldeasturias.com\/magazine365\/wp-content\/uploads\/2015\/06\/fotonoticia_20150601154822_800-360x270.jpg\" alt=\"fotonoticia_20150601154822_800\" width=\"360\" height=\"270\" srcset=\"https:\/\/eldigitaldeasturias.com\/magazine365\/wp-content\/uploads\/2015\/06\/fotonoticia_20150601154822_800-360x270.jpg 360w, https:\/\/eldigitaldeasturias.com\/magazine365\/wp-content\/uploads\/2015\/06\/fotonoticia_20150601154822_800-650x488.jpg 650w, https:\/\/eldigitaldeasturias.com\/magazine365\/wp-content\/uploads\/2015\/06\/fotonoticia_20150601154822_800-768x576.jpg 768w, https:\/\/eldigitaldeasturias.com\/magazine365\/wp-content\/uploads\/2015\/06\/fotonoticia_20150601154822_800-150x113.jpg 150w, https:\/\/eldigitaldeasturias.com\/magazine365\/wp-content\/uploads\/2015\/06\/fotonoticia_20150601154822_800-450x338.jpg 450w, https:\/\/eldigitaldeasturias.com\/magazine365\/wp-content\/uploads\/2015\/06\/fotonoticia_20150601154822_800-80x60.jpg 80w, https:\/\/eldigitaldeasturias.com\/magazine365\/wp-content\/uploads\/2015\/06\/fotonoticia_20150601154822_800-265x198.jpg 265w, https:\/\/eldigitaldeasturias.com\/magazine365\/wp-content\/uploads\/2015\/06\/fotonoticia_20150601154822_800-696x522.jpg 696w, https:\/\/eldigitaldeasturias.com\/magazine365\/wp-content\/uploads\/2015\/06\/fotonoticia_20150601154822_800-560x420.jpg 560w, https:\/\/eldigitaldeasturias.com\/magazine365\/wp-content\/uploads\/2015\/06\/fotonoticia_20150601154822_800-90x67.jpg 90w, https:\/\/eldigitaldeasturias.com\/magazine365\/wp-content\/uploads\/2015\/06\/fotonoticia_20150601154822_800-100x75.jpg 100w, https:\/\/eldigitaldeasturias.com\/magazine365\/wp-content\/uploads\/2015\/06\/fotonoticia_20150601154822_800.jpg 800w\" sizes=\"(max-width: 360px) 100vw, 360px\" \/>C\u00e1ceres promocionar\u00e1 su gastronom\u00eda en Madrid, este martes d\u00eda 2, de la mano del cocinero Javier Mart\u00edn, en el evento &#8216;Los pilares del gusto&#8217;, promovido por el Grupo de Ciudades Patrimonio de la Humanidad de Espa\u00f1a (GCPH) y que pretende dar a conocer las ciudades del grupo a trav\u00e9s de sus riquezas culinarias.<\/p>\n<p>En la iniciativa van a participar cocineros de las quince localidades incluidas en la lista del Patrimonio Mundial de la Unesco, uniendo esfuerzos para promocionar el importante acervo culinario en una actividad &#8216;gourmet&#8217; que se va a celebrar en las instalaciones del Palacio de Cibeles de Madrid entre las 12.30 y las 17.00 horas.<\/p>\n<p>En el evento, al que se ha convocado a medios de comunicaci\u00f3n especializados en gastronom\u00eda, viajes y ocio, se pretende que los cocineros ejerzan de embajadores gastron\u00f3micos de cada una de las ciudades, presentando sus especialidades en formato de tapas con aperitivos, platos y postres, mientras conversan con los asistentes.<\/p>\n<p>De esta manera, &#8216;Los pilares del gusto&#8217; pondr\u00e1 en valor \u00abla simbiosis entre la importante entidad hist\u00f3rica, cultural y monumental de las ciudades espa\u00f1olas Patrimonio de la Humanidad y su dimensi\u00f3n gastron\u00f3mica\u00bb, seg\u00fan informa el consistorio cacere\u00f1o en nota de prensa.<\/p>\n<p>La actividad pretende tambi\u00e9n ensalzar la gastronom\u00eda como caracter\u00edstica y referente indispensable de la propia herencia cultural de las que hacen gala los municipios, especialmente en una ciudad como C\u00e1ceres, Capital Espa\u00f1ola de la Gastronom\u00eda en el a\u00f1o 2015, recuerda el consistorio en nota de prensa.<\/p>\n","protected":false},"excerpt":{"rendered":"<p>C\u00e1ceres promocionar\u00e1 su gastronom\u00eda en Madrid, este martes d\u00eda 2, de la mano del cocinero Javier Mart\u00edn, en el evento &#8216;Los pilares del gusto&#8217;, promovido por el Grupo de Ciudades Patrimonio de la Humanidad de Espa\u00f1a (GCPH) y que pretende dar a conocer las ciudades del grupo a trav\u00e9s de sus riquezas culinarias. En la<\/p>\n","protected":false},"author":1,"featured_media":38615,"comment_status":"open","ping_status":"closed","sticky":false,"template":"","format":"standard","meta":{"footnotes":""},"categories":[224],"tags":[],"class_list":{"0":"post-38614","1":"post","2":"type-post","3":"status-publish","4":"format-standard","5":"has-post-thumbnail","7":"category-noticias-actualidad"},"aioseo_notices":[],"aioseo_head":"\n\t\t<!-- All in One SEO Pro 4.9.6.1 - aioseo.com -->\n\t<meta name=\"description\" content=\"C\u00e1ceres promocionar\u00e1 su gastronom\u00eda en Madrid, este martes d\u00eda 2, de la mano del cocinero Javier Mart\u00edn, en el evento &#039;Los pilares del gusto&#039;, promovido por el Grupo de Ciudades Patrimonio de la Humanidad de Espa\u00f1a (GCPH) y que pretende dar a conocer las ciudades del grupo a trav\u00e9s de sus riquezas culinarias. En la\" \/>\n\t<meta name=\"robots\" content=\"max-image-preview:large\" \/>\n\t<meta name=\"author\" content=\"admin\"\/>\n\t<meta name=\"google-site-verification\" content=\"UA-38556648-1\" \/>\n\t<meta name=\"keywords\" content=\"noticias y actualidad\" \/>\n\t<link rel=\"canonical\" href=\"https:\/\/eldigitaldeasturias.com\/magazine365\/caceres-promocionara-su-oferta-gastronomica-en-madrid\/\" \/>\n\t<meta name=\"generator\" content=\"All in One SEO Pro (AIOSEO) 4.9.6.1\" \/>\n\t\t<meta property=\"og:locale\" content=\"es_ES\" \/>\n\t\t<meta property=\"og:site_name\" content=\"El Digital de Asturias \u2013 Revista de ocio, turismo y estilo de vida\" \/>\n\t\t<meta property=\"og:type\" content=\"article\" \/>\n\t\t<meta property=\"og:title\" content=\"C\u00e1ceres promocionar\u00e1 su oferta gastron\u00f3mica en Madrid | El Digital de Asturias\" \/>\n\t\t<meta property=\"og:description\" content=\"C\u00e1ceres promocionar\u00e1 su gastronom\u00eda en Madrid, este martes d\u00eda 2, de la mano del cocinero Javier Mart\u00edn, en el evento &#039;Los pilares del gusto&#039;, promovido por el Grupo de Ciudades Patrimonio de la Humanidad de Espa\u00f1a (GCPH) y que pretende dar a conocer las ciudades del grupo a trav\u00e9s de sus riquezas culinarias. En la\" \/>\n\t\t<meta property=\"og:url\" content=\"https:\/\/eldigitaldeasturias.com\/magazine365\/caceres-promocionara-su-oferta-gastronomica-en-madrid\/\" \/>\n\t\t<meta property=\"og:image\" content=\"https:\/\/eldigitaldeasturias.com\/magazine365\/wp-content\/uploads\/2015\/06\/fotonoticia_20150601154822_800.jpg\" \/>\n\t\t<meta property=\"og:image:secure_url\" content=\"https:\/\/eldigitaldeasturias.com\/magazine365\/wp-content\/uploads\/2015\/06\/fotonoticia_20150601154822_800.jpg\" \/>\n\t\t<meta property=\"og:image:width\" content=\"800\" \/>\n\t\t<meta property=\"og:image:height\" content=\"600\" \/>\n\t\t<meta property=\"article:published_time\" content=\"2015-06-04T03:09:20+00:00\" \/>\n\t\t<meta property=\"article:modified_time\" content=\"2015-06-04T03:09:20+00:00\" \/>\n\t\t<meta name=\"twitter:card\" content=\"summary_large_image\" \/>\n\t\t<meta name=\"twitter:title\" content=\"C\u00e1ceres promocionar\u00e1 su oferta gastron\u00f3mica en Madrid | El Digital de Asturias\" \/>\n\t\t<meta name=\"twitter:description\" content=\"C\u00e1ceres promocionar\u00e1 su gastronom\u00eda en Madrid, este martes d\u00eda 2, de la mano del cocinero Javier Mart\u00edn, en el evento &#039;Los pilares del gusto&#039;, promovido por el Grupo de Ciudades Patrimonio de la Humanidad de Espa\u00f1a (GCPH) y que pretende dar a conocer las ciudades del grupo a trav\u00e9s de sus riquezas culinarias. En la\" \/>\n\t\t<meta name=\"twitter:image\" content=\"https:\/\/eldigitaldeasturias.com\/magazine365\/wp-content\/uploads\/2015\/06\/fotonoticia_20150601154822_800.jpg\" \/>\n\t\t<script type=\"application\/ld+json\" class=\"aioseo-schema\">\n\t\t\t{\"@context\":\"https:\\\/\\\/schema.org\",\"@graph\":[{\"@type\":\"Article\",\"@id\":\"https:\\\/\\\/eldigitaldeasturias.com\\\/magazine365\\\/caceres-promocionara-su-oferta-gastronomica-en-madrid\\\/#article\",\"name\":\"C\\u00e1ceres promocionar\\u00e1 su oferta gastron\\u00f3mica en Madrid | El Digital de Asturias\",\"headline\":\"C\\u00e1ceres promocionar\\u00e1 su oferta gastron\\u00f3mica en Madrid\",\"author\":{\"@id\":\"https:\\\/\\\/eldigitaldeasturias.com\\\/magazine365\\\/author\\\/admin\\\/#author\"},\"publisher\":{\"@id\":\"https:\\\/\\\/eldigitaldeasturias.com\\\/magazine365\\\/#organization\"},\"image\":{\"@type\":\"ImageObject\",\"url\":\"https:\\\/\\\/eldigitaldeasturias.com\\\/magazine365\\\/wp-content\\\/uploads\\\/2015\\\/06\\\/fotonoticia_20150601154822_800.jpg\",\"width\":800,\"height\":600},\"datePublished\":\"2015-06-04T04:39:20+02:00\",\"dateModified\":\"2015-06-04T04:39:20+02:00\",\"inLanguage\":\"es-ES\",\"mainEntityOfPage\":{\"@id\":\"https:\\\/\\\/eldigitaldeasturias.com\\\/magazine365\\\/caceres-promocionara-su-oferta-gastronomica-en-madrid\\\/#webpage\"},\"isPartOf\":{\"@id\":\"https:\\\/\\\/eldigitaldeasturias.com\\\/magazine365\\\/caceres-promocionara-su-oferta-gastronomica-en-madrid\\\/#webpage\"},\"articleSection\":\"Noticias y Actualidad\"},{\"@type\":\"BreadcrumbList\",\"@id\":\"https:\\\/\\\/eldigitaldeasturias.com\\\/magazine365\\\/caceres-promocionara-su-oferta-gastronomica-en-madrid\\\/#breadcrumblist\",\"itemListElement\":[{\"@type\":\"ListItem\",\"@id\":\"https:\\\/\\\/eldigitaldeasturias.com\\\/magazine365#listItem\",\"position\":1,\"name\":\"Home\",\"item\":\"https:\\\/\\\/eldigitaldeasturias.com\\\/magazine365\",\"nextItem\":{\"@type\":\"ListItem\",\"@id\":\"https:\\\/\\\/eldigitaldeasturias.com\\\/magazine365\\\/category\\\/noticias-actualidad\\\/#listItem\",\"name\":\"Noticias y Actualidad\"}},{\"@type\":\"ListItem\",\"@id\":\"https:\\\/\\\/eldigitaldeasturias.com\\\/magazine365\\\/category\\\/noticias-actualidad\\\/#listItem\",\"position\":2,\"name\":\"Noticias y Actualidad\",\"item\":\"https:\\\/\\\/eldigitaldeasturias.com\\\/magazine365\\\/category\\\/noticias-actualidad\\\/\",\"nextItem\":{\"@type\":\"ListItem\",\"@id\":\"https:\\\/\\\/eldigitaldeasturias.com\\\/magazine365\\\/caceres-promocionara-su-oferta-gastronomica-en-madrid\\\/#listItem\",\"name\":\"C\\u00e1ceres promocionar\\u00e1 su oferta gastron\\u00f3mica en Madrid\"},\"previousItem\":{\"@type\":\"ListItem\",\"@id\":\"https:\\\/\\\/eldigitaldeasturias.com\\\/magazine365#listItem\",\"name\":\"Home\"}},{\"@type\":\"ListItem\",\"@id\":\"https:\\\/\\\/eldigitaldeasturias.com\\\/magazine365\\\/caceres-promocionara-su-oferta-gastronomica-en-madrid\\\/#listItem\",\"position\":3,\"name\":\"C\\u00e1ceres promocionar\\u00e1 su oferta gastron\\u00f3mica en Madrid\",\"previousItem\":{\"@type\":\"ListItem\",\"@id\":\"https:\\\/\\\/eldigitaldeasturias.com\\\/magazine365\\\/category\\\/noticias-actualidad\\\/#listItem\",\"name\":\"Noticias y Actualidad\"}}]},{\"@type\":\"Organization\",\"@id\":\"https:\\\/\\\/eldigitaldeasturias.com\\\/magazine365\\\/#organization\",\"name\":\"El digital de Asturias\",\"description\":\"Revista de ocio, turismo y estilo de vida\",\"url\":\"https:\\\/\\\/eldigitaldeasturias.com\\\/magazine365\\\/\",\"logo\":{\"@type\":\"ImageObject\",\"url\":\"https:\\\/\\\/www.eldigitaldeasturias.com\\\/noticias\\\/wp-content\\\/uploads\\\/2020\\\/12\\\/EDA.jpg\",\"@id\":\"https:\\\/\\\/eldigitaldeasturias.com\\\/magazine365\\\/caceres-promocionara-su-oferta-gastronomica-en-madrid\\\/#organizationLogo\"},\"image\":{\"@id\":\"https:\\\/\\\/eldigitaldeasturias.com\\\/magazine365\\\/caceres-promocionara-su-oferta-gastronomica-en-madrid\\\/#organizationLogo\"}},{\"@type\":\"Person\",\"@id\":\"https:\\\/\\\/eldigitaldeasturias.com\\\/magazine365\\\/author\\\/admin\\\/#author\",\"url\":\"https:\\\/\\\/eldigitaldeasturias.com\\\/magazine365\\\/author\\\/admin\\\/\",\"name\":\"admin\",\"image\":{\"@type\":\"ImageObject\",\"@id\":\"https:\\\/\\\/eldigitaldeasturias.com\\\/magazine365\\\/caceres-promocionara-su-oferta-gastronomica-en-madrid\\\/#authorImage\",\"url\":\"https:\\\/\\\/eldigitaldeasturias.com\\\/magazine365\\\/wp-content\\\/litespeed\\\/avatar\\\/e571bcf59a0edd6fa6838245a470f2fe.jpg?ver=1776969259\",\"width\":96,\"height\":96,\"caption\":\"admin\"}},{\"@type\":\"WebPage\",\"@id\":\"https:\\\/\\\/eldigitaldeasturias.com\\\/magazine365\\\/caceres-promocionara-su-oferta-gastronomica-en-madrid\\\/#webpage\",\"url\":\"https:\\\/\\\/eldigitaldeasturias.com\\\/magazine365\\\/caceres-promocionara-su-oferta-gastronomica-en-madrid\\\/\",\"name\":\"C\\u00e1ceres promocionar\\u00e1 su oferta gastron\\u00f3mica en Madrid | El Digital de Asturias\",\"description\":\"C\\u00e1ceres promocionar\\u00e1 su gastronom\\u00eda en Madrid, este martes d\\u00eda 2, de la mano del cocinero Javier Mart\\u00edn, en el evento 'Los pilares del gusto', promovido por el Grupo de Ciudades Patrimonio de la Humanidad de Espa\\u00f1a (GCPH) y que pretende dar a conocer las ciudades del grupo a trav\\u00e9s de sus riquezas culinarias. En la\",\"inLanguage\":\"es-ES\",\"isPartOf\":{\"@id\":\"https:\\\/\\\/eldigitaldeasturias.com\\\/magazine365\\\/#website\"},\"breadcrumb\":{\"@id\":\"https:\\\/\\\/eldigitaldeasturias.com\\\/magazine365\\\/caceres-promocionara-su-oferta-gastronomica-en-madrid\\\/#breadcrumblist\"},\"author\":{\"@id\":\"https:\\\/\\\/eldigitaldeasturias.com\\\/magazine365\\\/author\\\/admin\\\/#author\"},\"creator\":{\"@id\":\"https:\\\/\\\/eldigitaldeasturias.com\\\/magazine365\\\/author\\\/admin\\\/#author\"},\"image\":{\"@type\":\"ImageObject\",\"url\":\"https:\\\/\\\/eldigitaldeasturias.com\\\/magazine365\\\/wp-content\\\/uploads\\\/2015\\\/06\\\/fotonoticia_20150601154822_800.jpg\",\"@id\":\"https:\\\/\\\/eldigitaldeasturias.com\\\/magazine365\\\/caceres-promocionara-su-oferta-gastronomica-en-madrid\\\/#mainImage\",\"width\":800,\"height\":600},\"primaryImageOfPage\":{\"@id\":\"https:\\\/\\\/eldigitaldeasturias.com\\\/magazine365\\\/caceres-promocionara-su-oferta-gastronomica-en-madrid\\\/#mainImage\"},\"datePublished\":\"2015-06-04T04:39:20+02:00\",\"dateModified\":\"2015-06-04T04:39:20+02:00\"},{\"@type\":\"WebSite\",\"@id\":\"https:\\\/\\\/eldigitaldeasturias.com\\\/magazine365\\\/#website\",\"url\":\"https:\\\/\\\/eldigitaldeasturias.com\\\/magazine365\\\/\",\"name\":\"El Digital de Asturias\",\"description\":\"Revista de ocio, turismo y estilo de vida\",\"inLanguage\":\"es-ES\",\"publisher\":{\"@id\":\"https:\\\/\\\/eldigitaldeasturias.com\\\/magazine365\\\/#organization\"}}]}\n\t\t<\/script>\n\t\t<!-- All in One SEO Pro -->\r\n\t\t<title>C\u00e1ceres promocionar\u00e1 su oferta gastron\u00f3mica en Madrid | El Digital de Asturias<\/title>\n\n","aioseo_head_json":{"title":"C\u00e1ceres promocionar\u00e1 su oferta gastron\u00f3mica en Madrid | El Digital de Asturias","description":"C\u00e1ceres promocionar\u00e1 su gastronom\u00eda en Madrid, este martes d\u00eda 2, de la mano del cocinero Javier Mart\u00edn, en el evento 'Los pilares del gusto', promovido por el Grupo de Ciudades Patrimonio de la Humanidad de Espa\u00f1a (GCPH) y que pretende dar a conocer las ciudades del grupo a trav\u00e9s de sus riquezas culinarias. En la","canonical_url":"https:\/\/eldigitaldeasturias.com\/magazine365\/caceres-promocionara-su-oferta-gastronomica-en-madrid\/","robots":"max-image-preview:large","keywords":"noticias y actualidad","webmasterTools":{"google-site-verification":"UA-38556648-1","miscellaneous":""},"schema":{"@context":"https:\/\/schema.org","@graph":[{"@type":"Article","@id":"https:\/\/eldigitaldeasturias.com\/magazine365\/caceres-promocionara-su-oferta-gastronomica-en-madrid\/#article","name":"C\u00e1ceres promocionar\u00e1 su oferta gastron\u00f3mica en Madrid | El Digital de Asturias","headline":"C\u00e1ceres promocionar\u00e1 su oferta gastron\u00f3mica en Madrid","author":{"@id":"https:\/\/eldigitaldeasturias.com\/magazine365\/author\/admin\/#author"},"publisher":{"@id":"https:\/\/eldigitaldeasturias.com\/magazine365\/#organization"},"image":{"@type":"ImageObject","url":"https:\/\/eldigitaldeasturias.com\/magazine365\/wp-content\/uploads\/2015\/06\/fotonoticia_20150601154822_800.jpg","width":800,"height":600},"datePublished":"2015-06-04T04:39:20+02:00","dateModified":"2015-06-04T04:39:20+02:00","inLanguage":"es-ES","mainEntityOfPage":{"@id":"https:\/\/eldigitaldeasturias.com\/magazine365\/caceres-promocionara-su-oferta-gastronomica-en-madrid\/#webpage"},"isPartOf":{"@id":"https:\/\/eldigitaldeasturias.com\/magazine365\/caceres-promocionara-su-oferta-gastronomica-en-madrid\/#webpage"},"articleSection":"Noticias y Actualidad"},{"@type":"BreadcrumbList","@id":"https:\/\/eldigitaldeasturias.com\/magazine365\/caceres-promocionara-su-oferta-gastronomica-en-madrid\/#breadcrumblist","itemListElement":[{"@type":"ListItem","@id":"https:\/\/eldigitaldeasturias.com\/magazine365#listItem","position":1,"name":"Home","item":"https:\/\/eldigitaldeasturias.com\/magazine365","nextItem":{"@type":"ListItem","@id":"https:\/\/eldigitaldeasturias.com\/magazine365\/category\/noticias-actualidad\/#listItem","name":"Noticias y Actualidad"}},{"@type":"ListItem","@id":"https:\/\/eldigitaldeasturias.com\/magazine365\/category\/noticias-actualidad\/#listItem","position":2,"name":"Noticias y Actualidad","item":"https:\/\/eldigitaldeasturias.com\/magazine365\/category\/noticias-actualidad\/","nextItem":{"@type":"ListItem","@id":"https:\/\/eldigitaldeasturias.com\/magazine365\/caceres-promocionara-su-oferta-gastronomica-en-madrid\/#listItem","name":"C\u00e1ceres promocionar\u00e1 su oferta gastron\u00f3mica en Madrid"},"previousItem":{"@type":"ListItem","@id":"https:\/\/eldigitaldeasturias.com\/magazine365#listItem","name":"Home"}},{"@type":"ListItem","@id":"https:\/\/eldigitaldeasturias.com\/magazine365\/caceres-promocionara-su-oferta-gastronomica-en-madrid\/#listItem","position":3,"name":"C\u00e1ceres promocionar\u00e1 su oferta gastron\u00f3mica en Madrid","previousItem":{"@type":"ListItem","@id":"https:\/\/eldigitaldeasturias.com\/magazine365\/category\/noticias-actualidad\/#listItem","name":"Noticias y Actualidad"}}]},{"@type":"Organization","@id":"https:\/\/eldigitaldeasturias.com\/magazine365\/#organization","name":"El digital de Asturias","description":"Revista de ocio, turismo y estilo de vida","url":"https:\/\/eldigitaldeasturias.com\/magazine365\/","logo":{"@type":"ImageObject","url":"https:\/\/www.eldigitaldeasturias.com\/noticias\/wp-content\/uploads\/2020\/12\/EDA.jpg","@id":"https:\/\/eldigitaldeasturias.com\/magazine365\/caceres-promocionara-su-oferta-gastronomica-en-madrid\/#organizationLogo"},"image":{"@id":"https:\/\/eldigitaldeasturias.com\/magazine365\/caceres-promocionara-su-oferta-gastronomica-en-madrid\/#organizationLogo"}},{"@type":"Person","@id":"https:\/\/eldigitaldeasturias.com\/magazine365\/author\/admin\/#author","url":"https:\/\/eldigitaldeasturias.com\/magazine365\/author\/admin\/","name":"admin","image":{"@type":"ImageObject","@id":"https:\/\/eldigitaldeasturias.com\/magazine365\/caceres-promocionara-su-oferta-gastronomica-en-madrid\/#authorImage","url":"https:\/\/eldigitaldeasturias.com\/magazine365\/wp-content\/litespeed\/avatar\/e571bcf59a0edd6fa6838245a470f2fe.jpg?ver=1776969259","width":96,"height":96,"caption":"admin"}},{"@type":"WebPage","@id":"https:\/\/eldigitaldeasturias.com\/magazine365\/caceres-promocionara-su-oferta-gastronomica-en-madrid\/#webpage","url":"https:\/\/eldigitaldeasturias.com\/magazine365\/caceres-promocionara-su-oferta-gastronomica-en-madrid\/","name":"C\u00e1ceres promocionar\u00e1 su oferta gastron\u00f3mica en Madrid | El Digital de Asturias","description":"C\u00e1ceres promocionar\u00e1 su gastronom\u00eda en Madrid, este martes d\u00eda 2, de la mano del cocinero Javier Mart\u00edn, en el evento 'Los pilares del gusto', promovido por el Grupo de Ciudades Patrimonio de la Humanidad de Espa\u00f1a (GCPH) y que pretende dar a conocer las ciudades del grupo a trav\u00e9s de sus riquezas culinarias. En la","inLanguage":"es-ES","isPartOf":{"@id":"https:\/\/eldigitaldeasturias.com\/magazine365\/#website"},"breadcrumb":{"@id":"https:\/\/eldigitaldeasturias.com\/magazine365\/caceres-promocionara-su-oferta-gastronomica-en-madrid\/#breadcrumblist"},"author":{"@id":"https:\/\/eldigitaldeasturias.com\/magazine365\/author\/admin\/#author"},"creator":{"@id":"https:\/\/eldigitaldeasturias.com\/magazine365\/author\/admin\/#author"},"image":{"@type":"ImageObject","url":"https:\/\/eldigitaldeasturias.com\/magazine365\/wp-content\/uploads\/2015\/06\/fotonoticia_20150601154822_800.jpg","@id":"https:\/\/eldigitaldeasturias.com\/magazine365\/caceres-promocionara-su-oferta-gastronomica-en-madrid\/#mainImage","width":800,"height":600},"primaryImageOfPage":{"@id":"https:\/\/eldigitaldeasturias.com\/magazine365\/caceres-promocionara-su-oferta-gastronomica-en-madrid\/#mainImage"},"datePublished":"2015-06-04T04:39:20+02:00","dateModified":"2015-06-04T04:39:20+02:00"},{"@type":"WebSite","@id":"https:\/\/eldigitaldeasturias.com\/magazine365\/#website","url":"https:\/\/eldigitaldeasturias.com\/magazine365\/","name":"El Digital de Asturias","description":"Revista de ocio, turismo y estilo de vida","inLanguage":"es-ES","publisher":{"@id":"https:\/\/eldigitaldeasturias.com\/magazine365\/#organization"}}]},"og:locale":"es_ES","og:site_name":"El Digital de Asturias \u2013 Revista de ocio, turismo y estilo de vida","og:type":"article","og:title":"C\u00e1ceres promocionar\u00e1 su oferta gastron\u00f3mica en Madrid | El Digital de Asturias","og:description":"C\u00e1ceres promocionar\u00e1 su gastronom\u00eda en Madrid, este martes d\u00eda 2, de la mano del cocinero Javier Mart\u00edn, en el evento 'Los pilares del gusto', promovido por el Grupo de Ciudades Patrimonio de la Humanidad de Espa\u00f1a (GCPH) y que pretende dar a conocer las ciudades del grupo a trav\u00e9s de sus riquezas culinarias. En la","og:url":"https:\/\/eldigitaldeasturias.com\/magazine365\/caceres-promocionara-su-oferta-gastronomica-en-madrid\/","og:image":"https:\/\/eldigitaldeasturias.com\/magazine365\/wp-content\/uploads\/2015\/06\/fotonoticia_20150601154822_800.jpg","og:image:secure_url":"https:\/\/eldigitaldeasturias.com\/magazine365\/wp-content\/uploads\/2015\/06\/fotonoticia_20150601154822_800.jpg","og:image:width":800,"og:image:height":600,"article:published_time":"2015-06-04T03:09:20+00:00","article:modified_time":"2015-06-04T03:09:20+00:00","twitter:card":"summary_large_image","twitter:title":"C\u00e1ceres promocionar\u00e1 su oferta gastron\u00f3mica en Madrid | El Digital de Asturias","twitter:description":"C\u00e1ceres promocionar\u00e1 su gastronom\u00eda en Madrid, este martes d\u00eda 2, de la mano del cocinero Javier Mart\u00edn, en el evento 'Los pilares del gusto', promovido por el Grupo de Ciudades Patrimonio de la Humanidad de Espa\u00f1a (GCPH) y que pretende dar a conocer las ciudades del grupo a trav\u00e9s de sus riquezas culinarias. En la","twitter:image":"https:\/\/eldigitaldeasturias.com\/magazine365\/wp-content\/uploads\/2015\/06\/fotonoticia_20150601154822_800.jpg"},"aioseo_meta_data":{"post_id":"38614","title":null,"description":null,"keywords":null,"keyphrases":null,"primary_term":null,"canonical_url":null,"og_title":null,"og_description":null,"og_object_type":"default","og_image_type":"default","og_image_url":null,"og_image_width":null,"og_image_height":null,"og_image_custom_url":null,"og_image_custom_fields":null,"og_video":null,"og_custom_url":null,"og_article_section":null,"og_article_tags":null,"twitter_use_og":false,"twitter_card":"default","twitter_image_type":"default","twitter_image_url":null,"twitter_image_custom_url":null,"twitter_image_custom_fields":null,"twitter_title":null,"twitter_description":null,"schema":{"blockGraphs":[],"customGraphs":[],"default":{"data":{"Article":[],"Course":[],"Dataset":[],"FAQPage":[],"Movie":[],"Person":[],"Product":[],"ProductReview":[],"Car":[],"Recipe":[],"Service":[],"SoftwareApplication":[],"WebPage":[]},"graphName":"","isEnabled":true},"graphs":[],"defaultGraph":"","defaultPostTypeGraph":""},"schema_type":null,"schema_type_options":null,"pillar_content":false,"robots_default":true,"robots_noindex":false,"robots_noarchive":false,"robots_nosnippet":false,"robots_nofollow":false,"robots_noimageindex":false,"robots_noodp":false,"robots_notranslate":false,"robots_max_snippet":null,"robots_max_videopreview":null,"robots_max_imagepreview":"large","priority":null,"frequency":null,"location":null,"local_seo":null,"seo_analyzer_scan_date":"2025-09-19 09:55:16","breadcrumb_settings":null,"limit_modified_date":false,"open_ai":null,"ai":null,"created":"2021-03-09 02:51:41","updated":"2025-09-19 09:55:16"},"aioseo_breadcrumb":"<div class=\"aioseo-breadcrumbs\"><span class=\"aioseo-breadcrumb\">\n\t<a href=\"https:\/\/eldigitaldeasturias.com\/magazine365\" title=\"Home\">Home<\/a>\n<\/span><span class=\"aioseo-breadcrumb-separator\">\u2013<\/span><span class=\"aioseo-breadcrumb\">\n\t<a href=\"https:\/\/eldigitaldeasturias.com\/magazine365\/category\/noticias-actualidad\/\" title=\"Noticias y Actualidad\">Noticias y Actualidad<\/a>\n<\/span><span class=\"aioseo-breadcrumb-separator\">\u2013<\/span><span class=\"aioseo-breadcrumb\">\n\t<a href=\"https:\/\/eldigitaldeasturias.com\/magazine365\/caceres-promocionara-su-oferta-gastronomica-en-madrid\/\" title=\"C\u00e1ceres promocionar\u00e1 su oferta gastron\u00f3mica en Madrid\">C\u00e1ceres promocionar\u00e1 su oferta gastron\u00f3mica en Madrid<\/a>\n<\/span><\/div>","aioseo_breadcrumb_json":[{"label":"Home","link":"https:\/\/eldigitaldeasturias.com\/magazine365"},{"label":"Noticias y Actualidad","link":"https:\/\/eldigitaldeasturias.com\/magazine365\/category\/noticias-actualidad\/"},{"label":"C\u00e1ceres promocionar\u00e1 su oferta gastron\u00f3mica en Madrid","link":"https:\/\/eldigitaldeasturias.com\/magazine365\/caceres-promocionara-su-oferta-gastronomica-en-madrid\/"}],"_links":{"self":[{"href":"https:\/\/eldigitaldeasturias.com\/magazine365\/wp-json\/wp\/v2\/posts\/38614","targetHints":{"allow":["GET"]}}],"collection":[{"href":"https:\/\/eldigitaldeasturias.com\/magazine365\/wp-json\/wp\/v2\/posts"}],"about":[{"href":"https:\/\/eldigitaldeasturias.com\/magazine365\/wp-json\/wp\/v2\/types\/post"}],"author":[{"embeddable":true,"href":"https:\/\/eldigitaldeasturias.com\/magazine365\/wp-json\/wp\/v2\/users\/1"}],"replies":[{"embeddable":true,"href":"https:\/\/eldigitaldeasturias.com\/magazine365\/wp-json\/wp\/v2\/comments?post=38614"}],"version-history":[{"count":0,"href":"https:\/\/eldigitaldeasturias.com\/magazine365\/wp-json\/wp\/v2\/posts\/38614\/revisions"}],"wp:featuredmedia":[{"embeddable":true,"href":"https:\/\/eldigitaldeasturias.com\/magazine365\/wp-json\/wp\/v2\/media\/38615"}],"wp:attachment":[{"href":"https:\/\/eldigitaldeasturias.com\/magazine365\/wp-json\/wp\/v2\/media?parent=38614"}],"wp:term":[{"taxonomy":"category","embeddable":true,"href":"https:\/\/eldigitaldeasturias.com\/magazine365\/wp-json\/wp\/v2\/categories?post=38614"},{"taxonomy":"post_tag","embeddable":true,"href":"https:\/\/eldigitaldeasturias.com\/magazine365\/wp-json\/wp\/v2\/tags?post=38614"}],"curies":[{"name":"wp","href":"https:\/\/api.w.org\/{rel}","templated":true}]}}