{"id":38605,"date":"2015-06-04T04:34:03","date_gmt":"2015-06-04T03:04:03","guid":{"rendered":"http:\/\/eldigitaldeasturias.com\/magazine365\/?p=38605"},"modified":"2015-06-04T04:34:03","modified_gmt":"2015-06-04T03:04:03","slug":"la-fiscalia-pide-cuatro-anos-de-carcel-para-diaz-ferran","status":"publish","type":"post","link":"https:\/\/eldigitaldeasturias.com\/magazine365\/la-fiscalia-pide-cuatro-anos-de-carcel-para-diaz-ferran\/","title":{"rendered":"La Fiscal\u00eda pide cuatro a\u00f1os de c\u00e1rcel para D\u00edaz Ferr\u00e1n"},"content":{"rendered":"<p><img fetchpriority=\"high\" decoding=\"async\" class=\"alignleft size-medium wp-image-38606\" src=\"https:\/\/eldigitaldeasturias.com\/magazine365\/wp-content\/uploads\/2015\/06\/fotonoticia_20150601153703_800-360x273.jpg\" alt=\"fotonoticia_20150601153703_800\" width=\"360\" height=\"273\" srcset=\"https:\/\/eldigitaldeasturias.com\/magazine365\/wp-content\/uploads\/2015\/06\/fotonoticia_20150601153703_800-360x273.jpg 360w, https:\/\/eldigitaldeasturias.com\/magazine365\/wp-content\/uploads\/2015\/06\/fotonoticia_20150601153703_800-650x492.jpg 650w, https:\/\/eldigitaldeasturias.com\/magazine365\/wp-content\/uploads\/2015\/06\/fotonoticia_20150601153703_800-768x582.jpg 768w, https:\/\/eldigitaldeasturias.com\/magazine365\/wp-content\/uploads\/2015\/06\/fotonoticia_20150601153703_800-150x114.jpg 150w, https:\/\/eldigitaldeasturias.com\/magazine365\/wp-content\/uploads\/2015\/06\/fotonoticia_20150601153703_800-450x341.jpg 450w, https:\/\/eldigitaldeasturias.com\/magazine365\/wp-content\/uploads\/2015\/06\/fotonoticia_20150601153703_800-80x60.jpg 80w, https:\/\/eldigitaldeasturias.com\/magazine365\/wp-content\/uploads\/2015\/06\/fotonoticia_20150601153703_800-696x527.jpg 696w, https:\/\/eldigitaldeasturias.com\/magazine365\/wp-content\/uploads\/2015\/06\/fotonoticia_20150601153703_800-554x420.jpg 554w, https:\/\/eldigitaldeasturias.com\/magazine365\/wp-content\/uploads\/2015\/06\/fotonoticia_20150601153703_800-90x67.jpg 90w, https:\/\/eldigitaldeasturias.com\/magazine365\/wp-content\/uploads\/2015\/06\/fotonoticia_20150601153703_800-100x75.jpg 100w, https:\/\/eldigitaldeasturias.com\/magazine365\/wp-content\/uploads\/2015\/06\/fotonoticia_20150601153703_800.jpg 800w\" sizes=\"(max-width: 360px) 100vw, 360px\" \/>La Fiscal\u00eda de la Audiencia Nacional ha pedido cuatro a\u00f1os de c\u00e1rcel para el expresidente de la CEOE Gerardo D\u00edaz Ferr\u00e1n al que acusa de la comisi\u00f3n de un delito continuado de apropiaci\u00f3n indebida por quedarse con 4,4 millones de euros pagados al Grupo Marsans por clientes que contrataron viajes que nunca llegaron a disfrutar.<\/p>\n<p>El Ministerio P\u00fablico ha presentado el escrito provisional de acusaci\u00f3n ante el juez Santiago Pedraz en el que solicita la apertura de juicio oral contra el exjefe de la patronal y contra el \u00faltimo director general de la empresa tur\u00edstica, Iv\u00e1n Losada, representante de la sociedad Posibilitum Business, que era propiedad del empresario experto en quiebras \u00c1ngel de Cabo, que adquiri\u00f3 la compa\u00f1\u00eda en junio de 2010.<\/p>\n<p>La Fiscal\u00eda reclama que ambos sean condenados por el mismo delito a sendas penas de cuatro a\u00f1os de prisi\u00f3n y al pago de una multa de 12.000 euros cada uno, a raz\u00f3n de una cuota diaria de 50 euros durante ocho meses, despu\u00e9s de que Pedraz transformara en abril del pasado a\u00f1o las diligencias previas en procedimiento abreviado, dando as\u00ed el primer paso para sentar a D\u00edaz Ferr\u00e1n en el banquillo.<\/p>\n<p>En su escrito provisional de acusaci\u00f3n, el fiscal Daniel Campos defiende que ambos se apropiaron indebidamente de las cantidades entregadas por los clientes para la adquisici\u00f3n de billetes. Concluye que los clientes perjudicados por Viajes Marsans y sus filiales Tiempo Libre, Rural Tours y Viajes Crisol perdieron las cantidades depositadas por sus reservas de viajes cancelados.<\/p>\n<p>OPERATIVA DE MARSANS.<\/p>\n<p>As\u00ed, entre el 1 de marzo y el 31 de julio de 2010, el grupo Marsans formaliz\u00f3 reservas que dieron lugar a 7.560 dep\u00f3sitos de clientes, de los que 4.706 no han sido devueltos y se destinaron a fines ajenos a la actividad del grupo. Los consumidores pagaron cantidades que oscilan entre los 130 y los 5.834 euros.<\/p>\n<p>A finales de 2009, los proveedores tur\u00edsticos del grupo Marsans comenzaron a exigirles el pago anticipado de los productos comercializados, por ejemplo Pullmantur pidi\u00f3 el dinero durante los 30 d\u00edas anteriores al inicio de los viajes.<\/p>\n<p>Seg\u00fan el fiscal, \u00ablos responsables del Grupo Marsans, lejos de destinar los fondos depositados pro los clientes al pago de los servicios contratados, los destinaron a otros fines ajenos a la actividad del grupo\u00bb. La \u00abdesviaci\u00f3n\u00bb de fondos condujo a que los clientes perdieran el dinero entregado al hacer la reserva o el precio total del servicio contratado.<\/p>\n<p>El 20 de abril de 2010 la Asociaci\u00f3n Internacional del Transporte A\u00e9reo (IATA) les retir\u00f3 la licencia para vender billetes de avi\u00f3n por impagos. Un d\u00eda antes , el 19 de abril, los directivos de la empresa tur\u00edstica pidieron por correo electr\u00f3nico a sus oficinas que depositaran el dinero de las reservas en una cuenta de la sociedad Marsans Shooping. Esta cuenta acumul\u00f3 2,46 millones de euros, de los que 1,07 fueron traspasados a otras sociedades y 1,14 se retiraron mediante cheques al portador.<\/p>\n<p>Entre el 9 de junio de 2010 &#8211;el d\u00eda antes de la presentaci\u00f3n del concurso de acreedores&#8211; y el 30 de junio se libraron 13 cheques por valor de 1,14 millones de euros desde esa cuenta, de los que 344.481 euros fueron entregados a Naviera Grimaldi para que retiraran la solicitud de concurso, 100.000 a preparar el aval de IATA de Viajes Atenea, 300.000 retornaron a Viajes Marsans y 500.000 fueron cobraros por empresas ajenas al grupo.<\/p>\n<p>El 25 de junio de 2010, el Juzgado de lo Mercantil n\u00famero 12 de Madrid decret\u00f3 el concurso de acreedores del Grupo Marsans. La compa\u00f1\u00eda quebr\u00f3 dejando un d\u00e9ficit patrimonial de 271 millones de euros (373 millones si se tienen en cuenta sus filiales), ya que contaba con un pasivo de 552 millones, frente a un activo de 281 millones de euros y con 11.409 acreedores.<\/p>\n<p>CAUSAS CONTRA D\u00cdAZ FERR\u00c1N.<\/p>\n<p>El que fuera presidente del empresariado espa\u00f1ol se sentar\u00e1 en el banquillo de los acusados desde el pr\u00f3ximo 2 de julio por el vaciamiento patrimonial del Grupo Marsans para eludir el pago de sus acreedores, que fue descubierto en la &#8216;operaci\u00f3n Crucero&#8217; y por lo que la Fiscal\u00eda solicita 15 a\u00f1os de c\u00e1rcel por delitos de alzamiento de bienes, concurso fraudulento, blanqueo de capitales e integraci\u00f3n en grupo criminal.<\/p>\n<p>D\u00edaz Ferr\u00e1n figura adem\u00e1s entre los querellados a los que investiga el juez de la Audiencia Nacional Fernando Andreu por planificar la comercializaci\u00f3n de participaciones preferentes de Caja Madrid.<\/p>\n<p>El pasado junio, un juzgado de lo mercantil de Madrid conden\u00f3 a D\u00edaz Ferr\u00e1n y a los herederos de su socio, el fallecido Gonzalo Pascual, a cubrir en su integridad el agujero patrimonial de Viajes Marsans, que ascend\u00eda a 552 millones de euros.<\/p>\n<p>Otro juez de la Audiencia Nacional Jos\u00e9 Mar\u00eda V\u00e1zquez Honrubia, le conden\u00f3 el pasado mes de diciembre a dos a\u00f1os y dos meses de c\u00e1rcel por defraudar 99,04 millones de euros del impuesto de sociedades de 2001 derivado de la compra de Aerol\u00edneas Argentinas.<\/p>\n","protected":false},"excerpt":{"rendered":"<p>La Fiscal\u00eda de la Audiencia Nacional ha pedido cuatro a\u00f1os de c\u00e1rcel para el expresidente de la CEOE Gerardo D\u00edaz Ferr\u00e1n al que acusa de la comisi\u00f3n de un delito continuado de apropiaci\u00f3n indebida por quedarse con 4,4 millones de euros pagados al Grupo Marsans por clientes que contrataron viajes que nunca llegaron a disfrutar.<\/p>\n","protected":false},"author":1,"featured_media":38606,"comment_status":"open","ping_status":"closed","sticky":false,"template":"","format":"standard","meta":{"footnotes":""},"categories":[222],"tags":[],"class_list":{"0":"post-38605","1":"post","2":"type-post","3":"status-publish","4":"format-standard","5":"has-post-thumbnail","7":"category-actualidad-turismo"},"aioseo_notices":[],"aioseo_head":"\n\t\t<!-- All in One SEO Pro 4.9.6.1 - aioseo.com -->\n\t<meta name=\"description\" content=\"La Fiscal\u00eda de la Audiencia Nacional ha pedido cuatro a\u00f1os de c\u00e1rcel para el expresidente de la CEOE Gerardo D\u00edaz Ferr\u00e1n al que acusa de la comisi\u00f3n de un delito continuado de apropiaci\u00f3n indebida por quedarse con 4,4 millones de euros pagados al Grupo Marsans por clientes que contrataron viajes que nunca llegaron a disfrutar.\" \/>\n\t<meta name=\"robots\" content=\"max-image-preview:large\" \/>\n\t<meta name=\"author\" content=\"admin\"\/>\n\t<meta name=\"google-site-verification\" content=\"UA-38556648-1\" \/>\n\t<meta name=\"keywords\" content=\"actualidad turismo\" \/>\n\t<link rel=\"canonical\" href=\"https:\/\/eldigitaldeasturias.com\/magazine365\/la-fiscalia-pide-cuatro-anos-de-carcel-para-diaz-ferran\/\" \/>\n\t<meta name=\"generator\" content=\"All in One SEO Pro (AIOSEO) 4.9.6.1\" \/>\n\t\t<meta property=\"og:locale\" content=\"es_ES\" \/>\n\t\t<meta property=\"og:site_name\" content=\"El Digital de Asturias \u2013 Revista de ocio, turismo y estilo de vida\" \/>\n\t\t<meta property=\"og:type\" content=\"article\" \/>\n\t\t<meta property=\"og:title\" content=\"La Fiscal\u00eda pide cuatro a\u00f1os de c\u00e1rcel para D\u00edaz Ferr\u00e1n | El Digital de Asturias\" \/>\n\t\t<meta property=\"og:description\" content=\"La Fiscal\u00eda de la Audiencia Nacional ha pedido cuatro a\u00f1os de c\u00e1rcel para el expresidente de la CEOE Gerardo D\u00edaz Ferr\u00e1n al que acusa de la comisi\u00f3n de un delito continuado de apropiaci\u00f3n indebida por quedarse con 4,4 millones de euros pagados al Grupo Marsans por clientes que contrataron viajes que nunca llegaron a disfrutar.\" \/>\n\t\t<meta property=\"og:url\" content=\"https:\/\/eldigitaldeasturias.com\/magazine365\/la-fiscalia-pide-cuatro-anos-de-carcel-para-diaz-ferran\/\" \/>\n\t\t<meta property=\"og:image\" content=\"https:\/\/eldigitaldeasturias.com\/magazine365\/wp-content\/uploads\/2015\/06\/fotonoticia_20150601153703_800.jpg\" \/>\n\t\t<meta property=\"og:image:secure_url\" content=\"https:\/\/eldigitaldeasturias.com\/magazine365\/wp-content\/uploads\/2015\/06\/fotonoticia_20150601153703_800.jpg\" \/>\n\t\t<meta property=\"og:image:width\" content=\"800\" \/>\n\t\t<meta property=\"og:image:height\" content=\"606\" \/>\n\t\t<meta property=\"article:published_time\" content=\"2015-06-04T03:04:03+00:00\" \/>\n\t\t<meta property=\"article:modified_time\" content=\"2015-06-04T03:04:03+00:00\" \/>\n\t\t<meta name=\"twitter:card\" content=\"summary_large_image\" \/>\n\t\t<meta name=\"twitter:title\" content=\"La Fiscal\u00eda pide cuatro a\u00f1os de c\u00e1rcel para D\u00edaz Ferr\u00e1n | El Digital de Asturias\" \/>\n\t\t<meta name=\"twitter:description\" content=\"La Fiscal\u00eda de la Audiencia Nacional ha pedido cuatro a\u00f1os de c\u00e1rcel para el expresidente de la CEOE Gerardo D\u00edaz Ferr\u00e1n al que acusa de la comisi\u00f3n de un delito continuado de apropiaci\u00f3n indebida por quedarse con 4,4 millones de euros pagados al Grupo Marsans por clientes que contrataron viajes que nunca llegaron a disfrutar.\" \/>\n\t\t<meta name=\"twitter:image\" content=\"https:\/\/eldigitaldeasturias.com\/magazine365\/wp-content\/uploads\/2015\/06\/fotonoticia_20150601153703_800.jpg\" \/>\n\t\t<script type=\"application\/ld+json\" class=\"aioseo-schema\">\n\t\t\t{\"@context\":\"https:\\\/\\\/schema.org\",\"@graph\":[{\"@type\":\"Article\",\"@id\":\"https:\\\/\\\/eldigitaldeasturias.com\\\/magazine365\\\/la-fiscalia-pide-cuatro-anos-de-carcel-para-diaz-ferran\\\/#article\",\"name\":\"La Fiscal\\u00eda pide cuatro a\\u00f1os de c\\u00e1rcel para D\\u00edaz Ferr\\u00e1n | El Digital de Asturias\",\"headline\":\"La Fiscal\\u00eda pide cuatro a\\u00f1os de c\\u00e1rcel para D\\u00edaz Ferr\\u00e1n\",\"author\":{\"@id\":\"https:\\\/\\\/eldigitaldeasturias.com\\\/magazine365\\\/author\\\/admin\\\/#author\"},\"publisher\":{\"@id\":\"https:\\\/\\\/eldigitaldeasturias.com\\\/magazine365\\\/#organization\"},\"image\":{\"@type\":\"ImageObject\",\"url\":\"https:\\\/\\\/eldigitaldeasturias.com\\\/magazine365\\\/wp-content\\\/uploads\\\/2015\\\/06\\\/fotonoticia_20150601153703_800.jpg\",\"width\":800,\"height\":606},\"datePublished\":\"2015-06-04T04:34:03+02:00\",\"dateModified\":\"2015-06-04T04:34:03+02:00\",\"inLanguage\":\"es-ES\",\"mainEntityOfPage\":{\"@id\":\"https:\\\/\\\/eldigitaldeasturias.com\\\/magazine365\\\/la-fiscalia-pide-cuatro-anos-de-carcel-para-diaz-ferran\\\/#webpage\"},\"isPartOf\":{\"@id\":\"https:\\\/\\\/eldigitaldeasturias.com\\\/magazine365\\\/la-fiscalia-pide-cuatro-anos-de-carcel-para-diaz-ferran\\\/#webpage\"},\"articleSection\":\"Actualidad Turismo\"},{\"@type\":\"BreadcrumbList\",\"@id\":\"https:\\\/\\\/eldigitaldeasturias.com\\\/magazine365\\\/la-fiscalia-pide-cuatro-anos-de-carcel-para-diaz-ferran\\\/#breadcrumblist\",\"itemListElement\":[{\"@type\":\"ListItem\",\"@id\":\"https:\\\/\\\/eldigitaldeasturias.com\\\/magazine365#listItem\",\"position\":1,\"name\":\"Home\",\"item\":\"https:\\\/\\\/eldigitaldeasturias.com\\\/magazine365\",\"nextItem\":{\"@type\":\"ListItem\",\"@id\":\"https:\\\/\\\/eldigitaldeasturias.com\\\/magazine365\\\/category\\\/actualidad-turismo\\\/#listItem\",\"name\":\"Actualidad Turismo\"}},{\"@type\":\"ListItem\",\"@id\":\"https:\\\/\\\/eldigitaldeasturias.com\\\/magazine365\\\/category\\\/actualidad-turismo\\\/#listItem\",\"position\":2,\"name\":\"Actualidad Turismo\",\"item\":\"https:\\\/\\\/eldigitaldeasturias.com\\\/magazine365\\\/category\\\/actualidad-turismo\\\/\",\"nextItem\":{\"@type\":\"ListItem\",\"@id\":\"https:\\\/\\\/eldigitaldeasturias.com\\\/magazine365\\\/la-fiscalia-pide-cuatro-anos-de-carcel-para-diaz-ferran\\\/#listItem\",\"name\":\"La Fiscal\\u00eda pide cuatro a\\u00f1os de c\\u00e1rcel para D\\u00edaz Ferr\\u00e1n\"},\"previousItem\":{\"@type\":\"ListItem\",\"@id\":\"https:\\\/\\\/eldigitaldeasturias.com\\\/magazine365#listItem\",\"name\":\"Home\"}},{\"@type\":\"ListItem\",\"@id\":\"https:\\\/\\\/eldigitaldeasturias.com\\\/magazine365\\\/la-fiscalia-pide-cuatro-anos-de-carcel-para-diaz-ferran\\\/#listItem\",\"position\":3,\"name\":\"La Fiscal\\u00eda pide cuatro a\\u00f1os de c\\u00e1rcel para D\\u00edaz Ferr\\u00e1n\",\"previousItem\":{\"@type\":\"ListItem\",\"@id\":\"https:\\\/\\\/eldigitaldeasturias.com\\\/magazine365\\\/category\\\/actualidad-turismo\\\/#listItem\",\"name\":\"Actualidad Turismo\"}}]},{\"@type\":\"Organization\",\"@id\":\"https:\\\/\\\/eldigitaldeasturias.com\\\/magazine365\\\/#organization\",\"name\":\"El digital de Asturias\",\"description\":\"Revista de ocio, turismo y estilo de vida\",\"url\":\"https:\\\/\\\/eldigitaldeasturias.com\\\/magazine365\\\/\",\"logo\":{\"@type\":\"ImageObject\",\"url\":\"https:\\\/\\\/www.eldigitaldeasturias.com\\\/noticias\\\/wp-content\\\/uploads\\\/2020\\\/12\\\/EDA.jpg\",\"@id\":\"https:\\\/\\\/eldigitaldeasturias.com\\\/magazine365\\\/la-fiscalia-pide-cuatro-anos-de-carcel-para-diaz-ferran\\\/#organizationLogo\"},\"image\":{\"@id\":\"https:\\\/\\\/eldigitaldeasturias.com\\\/magazine365\\\/la-fiscalia-pide-cuatro-anos-de-carcel-para-diaz-ferran\\\/#organizationLogo\"}},{\"@type\":\"Person\",\"@id\":\"https:\\\/\\\/eldigitaldeasturias.com\\\/magazine365\\\/author\\\/admin\\\/#author\",\"url\":\"https:\\\/\\\/eldigitaldeasturias.com\\\/magazine365\\\/author\\\/admin\\\/\",\"name\":\"admin\",\"image\":{\"@type\":\"ImageObject\",\"@id\":\"https:\\\/\\\/eldigitaldeasturias.com\\\/magazine365\\\/la-fiscalia-pide-cuatro-anos-de-carcel-para-diaz-ferran\\\/#authorImage\",\"url\":\"https:\\\/\\\/eldigitaldeasturias.com\\\/magazine365\\\/wp-content\\\/litespeed\\\/avatar\\\/e571bcf59a0edd6fa6838245a470f2fe.jpg?ver=1776969259\",\"width\":96,\"height\":96,\"caption\":\"admin\"}},{\"@type\":\"WebPage\",\"@id\":\"https:\\\/\\\/eldigitaldeasturias.com\\\/magazine365\\\/la-fiscalia-pide-cuatro-anos-de-carcel-para-diaz-ferran\\\/#webpage\",\"url\":\"https:\\\/\\\/eldigitaldeasturias.com\\\/magazine365\\\/la-fiscalia-pide-cuatro-anos-de-carcel-para-diaz-ferran\\\/\",\"name\":\"La Fiscal\\u00eda pide cuatro a\\u00f1os de c\\u00e1rcel para D\\u00edaz Ferr\\u00e1n | El Digital de Asturias\",\"description\":\"La Fiscal\\u00eda de la Audiencia Nacional ha pedido cuatro a\\u00f1os de c\\u00e1rcel para el expresidente de la CEOE Gerardo D\\u00edaz Ferr\\u00e1n al que acusa de la comisi\\u00f3n de un delito continuado de apropiaci\\u00f3n indebida por quedarse con 4,4 millones de euros pagados al Grupo Marsans por clientes que contrataron viajes que nunca llegaron a disfrutar.\",\"inLanguage\":\"es-ES\",\"isPartOf\":{\"@id\":\"https:\\\/\\\/eldigitaldeasturias.com\\\/magazine365\\\/#website\"},\"breadcrumb\":{\"@id\":\"https:\\\/\\\/eldigitaldeasturias.com\\\/magazine365\\\/la-fiscalia-pide-cuatro-anos-de-carcel-para-diaz-ferran\\\/#breadcrumblist\"},\"author\":{\"@id\":\"https:\\\/\\\/eldigitaldeasturias.com\\\/magazine365\\\/author\\\/admin\\\/#author\"},\"creator\":{\"@id\":\"https:\\\/\\\/eldigitaldeasturias.com\\\/magazine365\\\/author\\\/admin\\\/#author\"},\"image\":{\"@type\":\"ImageObject\",\"url\":\"https:\\\/\\\/eldigitaldeasturias.com\\\/magazine365\\\/wp-content\\\/uploads\\\/2015\\\/06\\\/fotonoticia_20150601153703_800.jpg\",\"@id\":\"https:\\\/\\\/eldigitaldeasturias.com\\\/magazine365\\\/la-fiscalia-pide-cuatro-anos-de-carcel-para-diaz-ferran\\\/#mainImage\",\"width\":800,\"height\":606},\"primaryImageOfPage\":{\"@id\":\"https:\\\/\\\/eldigitaldeasturias.com\\\/magazine365\\\/la-fiscalia-pide-cuatro-anos-de-carcel-para-diaz-ferran\\\/#mainImage\"},\"datePublished\":\"2015-06-04T04:34:03+02:00\",\"dateModified\":\"2015-06-04T04:34:03+02:00\"},{\"@type\":\"WebSite\",\"@id\":\"https:\\\/\\\/eldigitaldeasturias.com\\\/magazine365\\\/#website\",\"url\":\"https:\\\/\\\/eldigitaldeasturias.com\\\/magazine365\\\/\",\"name\":\"El Digital de Asturias\",\"description\":\"Revista de ocio, turismo y estilo de vida\",\"inLanguage\":\"es-ES\",\"publisher\":{\"@id\":\"https:\\\/\\\/eldigitaldeasturias.com\\\/magazine365\\\/#organization\"}}]}\n\t\t<\/script>\n\t\t<!-- All in One SEO Pro -->\r\n\t\t<title>La Fiscal\u00eda pide cuatro a\u00f1os de c\u00e1rcel para D\u00edaz Ferr\u00e1n | El Digital de Asturias<\/title>\n\n","aioseo_head_json":{"title":"La Fiscal\u00eda pide cuatro a\u00f1os de c\u00e1rcel para D\u00edaz Ferr\u00e1n | El Digital de Asturias","description":"La Fiscal\u00eda de la Audiencia Nacional ha pedido cuatro a\u00f1os de c\u00e1rcel para el expresidente de la CEOE Gerardo D\u00edaz Ferr\u00e1n al que acusa de la comisi\u00f3n de un delito continuado de apropiaci\u00f3n indebida por quedarse con 4,4 millones de euros pagados al Grupo Marsans por clientes que contrataron viajes que nunca llegaron a disfrutar.","canonical_url":"https:\/\/eldigitaldeasturias.com\/magazine365\/la-fiscalia-pide-cuatro-anos-de-carcel-para-diaz-ferran\/","robots":"max-image-preview:large","keywords":"actualidad turismo","webmasterTools":{"google-site-verification":"UA-38556648-1","miscellaneous":""},"schema":{"@context":"https:\/\/schema.org","@graph":[{"@type":"Article","@id":"https:\/\/eldigitaldeasturias.com\/magazine365\/la-fiscalia-pide-cuatro-anos-de-carcel-para-diaz-ferran\/#article","name":"La Fiscal\u00eda pide cuatro a\u00f1os de c\u00e1rcel para D\u00edaz Ferr\u00e1n | El Digital de Asturias","headline":"La Fiscal\u00eda pide cuatro a\u00f1os de c\u00e1rcel para D\u00edaz Ferr\u00e1n","author":{"@id":"https:\/\/eldigitaldeasturias.com\/magazine365\/author\/admin\/#author"},"publisher":{"@id":"https:\/\/eldigitaldeasturias.com\/magazine365\/#organization"},"image":{"@type":"ImageObject","url":"https:\/\/eldigitaldeasturias.com\/magazine365\/wp-content\/uploads\/2015\/06\/fotonoticia_20150601153703_800.jpg","width":800,"height":606},"datePublished":"2015-06-04T04:34:03+02:00","dateModified":"2015-06-04T04:34:03+02:00","inLanguage":"es-ES","mainEntityOfPage":{"@id":"https:\/\/eldigitaldeasturias.com\/magazine365\/la-fiscalia-pide-cuatro-anos-de-carcel-para-diaz-ferran\/#webpage"},"isPartOf":{"@id":"https:\/\/eldigitaldeasturias.com\/magazine365\/la-fiscalia-pide-cuatro-anos-de-carcel-para-diaz-ferran\/#webpage"},"articleSection":"Actualidad Turismo"},{"@type":"BreadcrumbList","@id":"https:\/\/eldigitaldeasturias.com\/magazine365\/la-fiscalia-pide-cuatro-anos-de-carcel-para-diaz-ferran\/#breadcrumblist","itemListElement":[{"@type":"ListItem","@id":"https:\/\/eldigitaldeasturias.com\/magazine365#listItem","position":1,"name":"Home","item":"https:\/\/eldigitaldeasturias.com\/magazine365","nextItem":{"@type":"ListItem","@id":"https:\/\/eldigitaldeasturias.com\/magazine365\/category\/actualidad-turismo\/#listItem","name":"Actualidad Turismo"}},{"@type":"ListItem","@id":"https:\/\/eldigitaldeasturias.com\/magazine365\/category\/actualidad-turismo\/#listItem","position":2,"name":"Actualidad Turismo","item":"https:\/\/eldigitaldeasturias.com\/magazine365\/category\/actualidad-turismo\/","nextItem":{"@type":"ListItem","@id":"https:\/\/eldigitaldeasturias.com\/magazine365\/la-fiscalia-pide-cuatro-anos-de-carcel-para-diaz-ferran\/#listItem","name":"La Fiscal\u00eda pide cuatro a\u00f1os de c\u00e1rcel para D\u00edaz Ferr\u00e1n"},"previousItem":{"@type":"ListItem","@id":"https:\/\/eldigitaldeasturias.com\/magazine365#listItem","name":"Home"}},{"@type":"ListItem","@id":"https:\/\/eldigitaldeasturias.com\/magazine365\/la-fiscalia-pide-cuatro-anos-de-carcel-para-diaz-ferran\/#listItem","position":3,"name":"La Fiscal\u00eda pide cuatro a\u00f1os de c\u00e1rcel para D\u00edaz Ferr\u00e1n","previousItem":{"@type":"ListItem","@id":"https:\/\/eldigitaldeasturias.com\/magazine365\/category\/actualidad-turismo\/#listItem","name":"Actualidad Turismo"}}]},{"@type":"Organization","@id":"https:\/\/eldigitaldeasturias.com\/magazine365\/#organization","name":"El digital de Asturias","description":"Revista de ocio, turismo y estilo de vida","url":"https:\/\/eldigitaldeasturias.com\/magazine365\/","logo":{"@type":"ImageObject","url":"https:\/\/www.eldigitaldeasturias.com\/noticias\/wp-content\/uploads\/2020\/12\/EDA.jpg","@id":"https:\/\/eldigitaldeasturias.com\/magazine365\/la-fiscalia-pide-cuatro-anos-de-carcel-para-diaz-ferran\/#organizationLogo"},"image":{"@id":"https:\/\/eldigitaldeasturias.com\/magazine365\/la-fiscalia-pide-cuatro-anos-de-carcel-para-diaz-ferran\/#organizationLogo"}},{"@type":"Person","@id":"https:\/\/eldigitaldeasturias.com\/magazine365\/author\/admin\/#author","url":"https:\/\/eldigitaldeasturias.com\/magazine365\/author\/admin\/","name":"admin","image":{"@type":"ImageObject","@id":"https:\/\/eldigitaldeasturias.com\/magazine365\/la-fiscalia-pide-cuatro-anos-de-carcel-para-diaz-ferran\/#authorImage","url":"https:\/\/eldigitaldeasturias.com\/magazine365\/wp-content\/litespeed\/avatar\/e571bcf59a0edd6fa6838245a470f2fe.jpg?ver=1776969259","width":96,"height":96,"caption":"admin"}},{"@type":"WebPage","@id":"https:\/\/eldigitaldeasturias.com\/magazine365\/la-fiscalia-pide-cuatro-anos-de-carcel-para-diaz-ferran\/#webpage","url":"https:\/\/eldigitaldeasturias.com\/magazine365\/la-fiscalia-pide-cuatro-anos-de-carcel-para-diaz-ferran\/","name":"La Fiscal\u00eda pide cuatro a\u00f1os de c\u00e1rcel para D\u00edaz Ferr\u00e1n | El Digital de Asturias","description":"La Fiscal\u00eda de la Audiencia Nacional ha pedido cuatro a\u00f1os de c\u00e1rcel para el expresidente de la CEOE Gerardo D\u00edaz Ferr\u00e1n al que acusa de la comisi\u00f3n de un delito continuado de apropiaci\u00f3n indebida por quedarse con 4,4 millones de euros pagados al Grupo Marsans por clientes que contrataron viajes que nunca llegaron a disfrutar.","inLanguage":"es-ES","isPartOf":{"@id":"https:\/\/eldigitaldeasturias.com\/magazine365\/#website"},"breadcrumb":{"@id":"https:\/\/eldigitaldeasturias.com\/magazine365\/la-fiscalia-pide-cuatro-anos-de-carcel-para-diaz-ferran\/#breadcrumblist"},"author":{"@id":"https:\/\/eldigitaldeasturias.com\/magazine365\/author\/admin\/#author"},"creator":{"@id":"https:\/\/eldigitaldeasturias.com\/magazine365\/author\/admin\/#author"},"image":{"@type":"ImageObject","url":"https:\/\/eldigitaldeasturias.com\/magazine365\/wp-content\/uploads\/2015\/06\/fotonoticia_20150601153703_800.jpg","@id":"https:\/\/eldigitaldeasturias.com\/magazine365\/la-fiscalia-pide-cuatro-anos-de-carcel-para-diaz-ferran\/#mainImage","width":800,"height":606},"primaryImageOfPage":{"@id":"https:\/\/eldigitaldeasturias.com\/magazine365\/la-fiscalia-pide-cuatro-anos-de-carcel-para-diaz-ferran\/#mainImage"},"datePublished":"2015-06-04T04:34:03+02:00","dateModified":"2015-06-04T04:34:03+02:00"},{"@type":"WebSite","@id":"https:\/\/eldigitaldeasturias.com\/magazine365\/#website","url":"https:\/\/eldigitaldeasturias.com\/magazine365\/","name":"El Digital de Asturias","description":"Revista de ocio, turismo y estilo de vida","inLanguage":"es-ES","publisher":{"@id":"https:\/\/eldigitaldeasturias.com\/magazine365\/#organization"}}]},"og:locale":"es_ES","og:site_name":"El Digital de Asturias \u2013 Revista de ocio, turismo y estilo de vida","og:type":"article","og:title":"La Fiscal\u00eda pide cuatro a\u00f1os de c\u00e1rcel para D\u00edaz Ferr\u00e1n | El Digital de Asturias","og:description":"La Fiscal\u00eda de la Audiencia Nacional ha pedido cuatro a\u00f1os de c\u00e1rcel para el expresidente de la CEOE Gerardo D\u00edaz Ferr\u00e1n al que acusa de la comisi\u00f3n de un delito continuado de apropiaci\u00f3n indebida por quedarse con 4,4 millones de euros pagados al Grupo Marsans por clientes que contrataron viajes que nunca llegaron a disfrutar.","og:url":"https:\/\/eldigitaldeasturias.com\/magazine365\/la-fiscalia-pide-cuatro-anos-de-carcel-para-diaz-ferran\/","og:image":"https:\/\/eldigitaldeasturias.com\/magazine365\/wp-content\/uploads\/2015\/06\/fotonoticia_20150601153703_800.jpg","og:image:secure_url":"https:\/\/eldigitaldeasturias.com\/magazine365\/wp-content\/uploads\/2015\/06\/fotonoticia_20150601153703_800.jpg","og:image:width":800,"og:image:height":606,"article:published_time":"2015-06-04T03:04:03+00:00","article:modified_time":"2015-06-04T03:04:03+00:00","twitter:card":"summary_large_image","twitter:title":"La Fiscal\u00eda pide cuatro a\u00f1os de c\u00e1rcel para D\u00edaz Ferr\u00e1n | El Digital de Asturias","twitter:description":"La Fiscal\u00eda de la Audiencia Nacional ha pedido cuatro a\u00f1os de c\u00e1rcel para el expresidente de la CEOE Gerardo D\u00edaz Ferr\u00e1n al que acusa de la comisi\u00f3n de un delito continuado de apropiaci\u00f3n indebida por quedarse con 4,4 millones de euros pagados al Grupo Marsans por clientes que contrataron viajes que nunca llegaron a disfrutar.","twitter:image":"https:\/\/eldigitaldeasturias.com\/magazine365\/wp-content\/uploads\/2015\/06\/fotonoticia_20150601153703_800.jpg"},"aioseo_meta_data":{"post_id":"38605","title":null,"description":null,"keywords":null,"keyphrases":null,"primary_term":null,"canonical_url":null,"og_title":null,"og_description":null,"og_object_type":"default","og_image_type":"default","og_image_url":null,"og_image_width":null,"og_image_height":null,"og_image_custom_url":null,"og_image_custom_fields":null,"og_video":null,"og_custom_url":null,"og_article_section":null,"og_article_tags":null,"twitter_use_og":false,"twitter_card":"default","twitter_image_type":"default","twitter_image_url":null,"twitter_image_custom_url":null,"twitter_image_custom_fields":null,"twitter_title":null,"twitter_description":null,"schema":{"blockGraphs":[],"customGraphs":[],"default":{"data":{"Article":[],"Course":[],"Dataset":[],"FAQPage":[],"Movie":[],"Person":[],"Product":[],"ProductReview":[],"Car":[],"Recipe":[],"Service":[],"SoftwareApplication":[],"WebPage":[]},"graphName":"","isEnabled":true},"graphs":[]},"schema_type":null,"schema_type_options":null,"pillar_content":false,"robots_default":true,"robots_noindex":false,"robots_noarchive":false,"robots_nosnippet":false,"robots_nofollow":false,"robots_noimageindex":false,"robots_noodp":false,"robots_notranslate":false,"robots_max_snippet":null,"robots_max_videopreview":null,"robots_max_imagepreview":"large","priority":null,"frequency":null,"location":null,"local_seo":null,"seo_analyzer_scan_date":"2025-09-19 09:53:56","breadcrumb_settings":null,"limit_modified_date":false,"open_ai":null,"ai":null,"created":"2021-03-09 02:51:41","updated":"2025-09-19 09:53:56"},"aioseo_breadcrumb":"<div class=\"aioseo-breadcrumbs\"><span class=\"aioseo-breadcrumb\">\n\t<a href=\"https:\/\/eldigitaldeasturias.com\/magazine365\" title=\"Home\">Home<\/a>\n<\/span><span class=\"aioseo-breadcrumb-separator\">\u2013<\/span><span class=\"aioseo-breadcrumb\">\n\t<a href=\"https:\/\/eldigitaldeasturias.com\/magazine365\/category\/actualidad-turismo\/\" title=\"Actualidad Turismo\">Actualidad Turismo<\/a>\n<\/span><span class=\"aioseo-breadcrumb-separator\">\u2013<\/span><span class=\"aioseo-breadcrumb\">\n\t<a href=\"https:\/\/eldigitaldeasturias.com\/magazine365\/la-fiscalia-pide-cuatro-anos-de-carcel-para-diaz-ferran\/\" title=\"La Fiscal\u00eda pide cuatro a\u00f1os de c\u00e1rcel para D\u00edaz Ferr\u00e1n\">La Fiscal\u00eda pide cuatro a\u00f1os de c\u00e1rcel para D\u00edaz Ferr\u00e1n<\/a>\n<\/span><\/div>","aioseo_breadcrumb_json":[{"label":"Home","link":"https:\/\/eldigitaldeasturias.com\/magazine365"},{"label":"Actualidad Turismo","link":"https:\/\/eldigitaldeasturias.com\/magazine365\/category\/actualidad-turismo\/"},{"label":"La Fiscal\u00eda pide cuatro a\u00f1os de c\u00e1rcel para D\u00edaz Ferr\u00e1n","link":"https:\/\/eldigitaldeasturias.com\/magazine365\/la-fiscalia-pide-cuatro-anos-de-carcel-para-diaz-ferran\/"}],"_links":{"self":[{"href":"https:\/\/eldigitaldeasturias.com\/magazine365\/wp-json\/wp\/v2\/posts\/38605","targetHints":{"allow":["GET"]}}],"collection":[{"href":"https:\/\/eldigitaldeasturias.com\/magazine365\/wp-json\/wp\/v2\/posts"}],"about":[{"href":"https:\/\/eldigitaldeasturias.com\/magazine365\/wp-json\/wp\/v2\/types\/post"}],"author":[{"embeddable":true,"href":"https:\/\/eldigitaldeasturias.com\/magazine365\/wp-json\/wp\/v2\/users\/1"}],"replies":[{"embeddable":true,"href":"https:\/\/eldigitaldeasturias.com\/magazine365\/wp-json\/wp\/v2\/comments?post=38605"}],"version-history":[{"count":0,"href":"https:\/\/eldigitaldeasturias.com\/magazine365\/wp-json\/wp\/v2\/posts\/38605\/revisions"}],"wp:featuredmedia":[{"embeddable":true,"href":"https:\/\/eldigitaldeasturias.com\/magazine365\/wp-json\/wp\/v2\/media\/38606"}],"wp:attachment":[{"href":"https:\/\/eldigitaldeasturias.com\/magazine365\/wp-json\/wp\/v2\/media?parent=38605"}],"wp:term":[{"taxonomy":"category","embeddable":true,"href":"https:\/\/eldigitaldeasturias.com\/magazine365\/wp-json\/wp\/v2\/categories?post=38605"},{"taxonomy":"post_tag","embeddable":true,"href":"https:\/\/eldigitaldeasturias.com\/magazine365\/wp-json\/wp\/v2\/tags?post=38605"}],"curies":[{"name":"wp","href":"https:\/\/api.w.org\/{rel}","templated":true}]}}