{"id":38602,"date":"2015-06-04T04:31:38","date_gmt":"2015-06-04T03:01:38","guid":{"rendered":"http:\/\/eldigitaldeasturias.com\/magazine365\/?p=38602"},"modified":"2015-06-04T04:31:38","modified_gmt":"2015-06-04T03:01:38","slug":"andalucia-presenta-en-nantes-sus-posibilidades-turisticas-en-bicicleta","status":"publish","type":"post","link":"https:\/\/eldigitaldeasturias.com\/magazine365\/andalucia-presenta-en-nantes-sus-posibilidades-turisticas-en-bicicleta\/","title":{"rendered":"Andaluc\u00eda presenta en Nantes sus posibilidades tur\u00edsticas en bicicleta"},"content":{"rendered":"<p><img fetchpriority=\"high\" decoding=\"async\" class=\"alignleft size-medium wp-image-38603\" src=\"https:\/\/eldigitaldeasturias.com\/magazine365\/wp-content\/uploads\/2015\/06\/fotonoticia_20150601150657_800-360x270.jpg\" alt=\"fotonoticia_20150601150657_800\" width=\"360\" height=\"270\" srcset=\"https:\/\/eldigitaldeasturias.com\/magazine365\/wp-content\/uploads\/2015\/06\/fotonoticia_20150601150657_800-360x270.jpg 360w, https:\/\/eldigitaldeasturias.com\/magazine365\/wp-content\/uploads\/2015\/06\/fotonoticia_20150601150657_800-650x488.jpg 650w, https:\/\/eldigitaldeasturias.com\/magazine365\/wp-content\/uploads\/2015\/06\/fotonoticia_20150601150657_800-768x576.jpg 768w, https:\/\/eldigitaldeasturias.com\/magazine365\/wp-content\/uploads\/2015\/06\/fotonoticia_20150601150657_800-150x113.jpg 150w, https:\/\/eldigitaldeasturias.com\/magazine365\/wp-content\/uploads\/2015\/06\/fotonoticia_20150601150657_800-450x338.jpg 450w, https:\/\/eldigitaldeasturias.com\/magazine365\/wp-content\/uploads\/2015\/06\/fotonoticia_20150601150657_800-80x60.jpg 80w, https:\/\/eldigitaldeasturias.com\/magazine365\/wp-content\/uploads\/2015\/06\/fotonoticia_20150601150657_800-265x198.jpg 265w, https:\/\/eldigitaldeasturias.com\/magazine365\/wp-content\/uploads\/2015\/06\/fotonoticia_20150601150657_800-696x522.jpg 696w, https:\/\/eldigitaldeasturias.com\/magazine365\/wp-content\/uploads\/2015\/06\/fotonoticia_20150601150657_800-560x420.jpg 560w, https:\/\/eldigitaldeasturias.com\/magazine365\/wp-content\/uploads\/2015\/06\/fotonoticia_20150601150657_800-90x67.jpg 90w, https:\/\/eldigitaldeasturias.com\/magazine365\/wp-content\/uploads\/2015\/06\/fotonoticia_20150601150657_800-100x75.jpg 100w, https:\/\/eldigitaldeasturias.com\/magazine365\/wp-content\/uploads\/2015\/06\/fotonoticia_20150601150657_800.jpg 800w\" sizes=\"(max-width: 360px) 100vw, 360px\" \/>La Consejer\u00eda de Fomento y Vivienda participa del 2 al 5 de junio en la ciudad francesa de Nantes en Velocity 2015, encuentro organizado por la Federaci\u00f3n Ciclista Europea (ECF), donde Andaluc\u00eda informar\u00e1 sobre las posibilidades de practicar el cicloturismo en la Comunidad y el papel de la bicicleta como elemento transformador de las ciudades andaluzas.<\/p>\n<p>Seg\u00fan indica la Consejer\u00eda en una nota, los visitantes de Velocity 2015 tendr\u00e1n la oportunidad de conocer las rutas ciclistas existentes, como la de Transandalus o la red de v\u00edas verdes en Andaluc\u00eda, as\u00ed como las ocho rutas que propone el Plan Andaluz de la Bicicleta (PAB) para disfrutar Andaluc\u00eda en bicicleta. Tambi\u00e9n se expondr\u00e1n los proyectos redactados para construir dos rutas tur\u00edsticas por Sevilla, como son la de la d\u00e1rsena del Guadalquivir y la ruta de la muralla.<\/p>\n<p>Velocity 2015 se presenta con el lema de &#8216;Cycling: future maker&#8217; en referencia a la capacidad de la bicicleta para construir o dise\u00f1ar el futuro de las ciudades. Por ello, la Junta de Andaluc\u00eda cuenta en el sal\u00f3n profesional del congreso con un punto de informaci\u00f3n donde destaca el papel que ha jugado en Sevilla la bicicleta para la transformaci\u00f3n de la ciudad. De hecho, una de las l\u00edneas de trabajo de Velocity 2015 consiste en presentar la bicicleta \u00abcomo pilar o palanca de cambio, dada la capacidad de resistencia que tiene para afrontar perturbaciones o conflictos en las ciudades\u00bb.<\/p>\n<p>Tambi\u00e9n como l\u00edneas de trabajo se habla de la bicicleta como modo de vida; los beneficios inesperados ligados a la pr\u00e1ctica del ciclismo urbano y la bicicleta como objeto de intercambio o clave para el \u00e9xito del desarrollo sostenible en las ciudades.<\/p>\n<p>El Plan Andaluz de la Bicicleta, puesto en marcha en enero de 2014, propone una serie de kil\u00f3metros de v\u00edas ciclistas en los niveles urbanos, metropolitanos y auton\u00f3micos para el fomento del uso de la bicicleta en la Comunidad.<\/p>\n<p>La Junta ha recordado que en la ciudad de Sevilla \u00abse han redactado dos proyectos de itinerarios ciclotur\u00edsticos que responden a una demanda social y tur\u00edstica existente en la ciudad\u00bb. Con los recorridos debidamente se\u00f1alizados y accesibles para todos, se consigue dar a conocer el patrimonio cultural de la ciudad de Sevilla a toda la poblaci\u00f3n y poner en valor el paisaje urbano existente.<\/p>\n<p>La Federaci\u00f3n Europea de Ciclismo, organizadora de Velocity, est\u00e1 formada por m\u00e1s de 80 asociaciones de 40 pa\u00edses del mundo. Este Congreso de Nantes se convierte en el foro m\u00e1s importante a nivel mundial de ciclismo urbano. Tras celebrarse en Sevilla en el a\u00f1o 2011, Vancouver, Viena y Adelaida, en 2015 llega a la ciudad francesa \u00abpor encontrarse en el cruce de dos rutas de Eurovelo, quinta ciudad &#8216;bike-friendly&#8217; en el mundo, por detr\u00e1s de Sevilla, que ocupa el cuarto lugar\u00bb.<\/p>\n","protected":false},"excerpt":{"rendered":"<p>La Consejer\u00eda de Fomento y Vivienda participa del 2 al 5 de junio en la ciudad francesa de Nantes en Velocity 2015, encuentro organizado por la Federaci\u00f3n Ciclista Europea (ECF), donde Andaluc\u00eda informar\u00e1 sobre las posibilidades de practicar el cicloturismo en la Comunidad y el papel de la bicicleta como elemento transformador de las ciudades<\/p>\n","protected":false},"author":1,"featured_media":38603,"comment_status":"open","ping_status":"closed","sticky":false,"template":"","format":"standard","meta":{"footnotes":""},"categories":[224],"tags":[],"class_list":{"0":"post-38602","1":"post","2":"type-post","3":"status-publish","4":"format-standard","5":"has-post-thumbnail","7":"category-noticias-actualidad"},"aioseo_notices":[],"aioseo_head":"\n\t\t<!-- All in One SEO Pro 4.9.6.1 - aioseo.com -->\n\t<meta name=\"description\" content=\"La Consejer\u00eda de Fomento y Vivienda participa del 2 al 5 de junio en la ciudad francesa de Nantes en Velocity 2015, encuentro organizado por la Federaci\u00f3n Ciclista Europea (ECF), donde Andaluc\u00eda informar\u00e1 sobre las posibilidades de practicar el cicloturismo en la Comunidad y el papel de la bicicleta como elemento transformador de las ciudades\" \/>\n\t<meta name=\"robots\" content=\"max-image-preview:large\" \/>\n\t<meta name=\"author\" content=\"admin\"\/>\n\t<meta name=\"google-site-verification\" content=\"UA-38556648-1\" \/>\n\t<meta name=\"keywords\" content=\"noticias y actualidad\" \/>\n\t<link rel=\"canonical\" href=\"https:\/\/eldigitaldeasturias.com\/magazine365\/andalucia-presenta-en-nantes-sus-posibilidades-turisticas-en-bicicleta\/\" \/>\n\t<meta name=\"generator\" content=\"All in One SEO Pro (AIOSEO) 4.9.6.1\" \/>\n\t\t<meta property=\"og:locale\" content=\"es_ES\" \/>\n\t\t<meta property=\"og:site_name\" content=\"El Digital de Asturias \u2013 Revista de ocio, turismo y estilo de vida\" \/>\n\t\t<meta property=\"og:type\" content=\"article\" \/>\n\t\t<meta property=\"og:title\" content=\"Andaluc\u00eda presenta en Nantes sus posibilidades tur\u00edsticas en bicicleta | El Digital de Asturias\" \/>\n\t\t<meta property=\"og:description\" content=\"La Consejer\u00eda de Fomento y Vivienda participa del 2 al 5 de junio en la ciudad francesa de Nantes en Velocity 2015, encuentro organizado por la Federaci\u00f3n Ciclista Europea (ECF), donde Andaluc\u00eda informar\u00e1 sobre las posibilidades de practicar el cicloturismo en la Comunidad y el papel de la bicicleta como elemento transformador de las ciudades\" \/>\n\t\t<meta property=\"og:url\" content=\"https:\/\/eldigitaldeasturias.com\/magazine365\/andalucia-presenta-en-nantes-sus-posibilidades-turisticas-en-bicicleta\/\" \/>\n\t\t<meta property=\"og:image\" content=\"https:\/\/eldigitaldeasturias.com\/magazine365\/wp-content\/uploads\/2015\/06\/fotonoticia_20150601150657_800.jpg\" \/>\n\t\t<meta property=\"og:image:secure_url\" content=\"https:\/\/eldigitaldeasturias.com\/magazine365\/wp-content\/uploads\/2015\/06\/fotonoticia_20150601150657_800.jpg\" \/>\n\t\t<meta property=\"og:image:width\" content=\"800\" \/>\n\t\t<meta property=\"og:image:height\" content=\"600\" \/>\n\t\t<meta property=\"article:published_time\" content=\"2015-06-04T03:01:38+00:00\" \/>\n\t\t<meta property=\"article:modified_time\" content=\"2015-06-04T03:01:38+00:00\" \/>\n\t\t<meta name=\"twitter:card\" content=\"summary_large_image\" \/>\n\t\t<meta name=\"twitter:title\" content=\"Andaluc\u00eda presenta en Nantes sus posibilidades tur\u00edsticas en bicicleta | El Digital de Asturias\" \/>\n\t\t<meta name=\"twitter:description\" content=\"La Consejer\u00eda de Fomento y Vivienda participa del 2 al 5 de junio en la ciudad francesa de Nantes en Velocity 2015, encuentro organizado por la Federaci\u00f3n Ciclista Europea (ECF), donde Andaluc\u00eda informar\u00e1 sobre las posibilidades de practicar el cicloturismo en la Comunidad y el papel de la bicicleta como elemento transformador de las ciudades\" \/>\n\t\t<meta name=\"twitter:image\" content=\"https:\/\/eldigitaldeasturias.com\/magazine365\/wp-content\/uploads\/2015\/06\/fotonoticia_20150601150657_800.jpg\" \/>\n\t\t<script type=\"application\/ld+json\" class=\"aioseo-schema\">\n\t\t\t{\"@context\":\"https:\\\/\\\/schema.org\",\"@graph\":[{\"@type\":\"Article\",\"@id\":\"https:\\\/\\\/eldigitaldeasturias.com\\\/magazine365\\\/andalucia-presenta-en-nantes-sus-posibilidades-turisticas-en-bicicleta\\\/#article\",\"name\":\"Andaluc\\u00eda presenta en Nantes sus posibilidades tur\\u00edsticas en bicicleta | El Digital de Asturias\",\"headline\":\"Andaluc\\u00eda presenta en Nantes sus posibilidades tur\\u00edsticas en bicicleta\",\"author\":{\"@id\":\"https:\\\/\\\/eldigitaldeasturias.com\\\/magazine365\\\/author\\\/admin\\\/#author\"},\"publisher\":{\"@id\":\"https:\\\/\\\/eldigitaldeasturias.com\\\/magazine365\\\/#organization\"},\"image\":{\"@type\":\"ImageObject\",\"url\":\"https:\\\/\\\/eldigitaldeasturias.com\\\/magazine365\\\/wp-content\\\/uploads\\\/2015\\\/06\\\/fotonoticia_20150601150657_800.jpg\",\"width\":800,\"height\":600},\"datePublished\":\"2015-06-04T04:31:38+02:00\",\"dateModified\":\"2015-06-04T04:31:38+02:00\",\"inLanguage\":\"es-ES\",\"mainEntityOfPage\":{\"@id\":\"https:\\\/\\\/eldigitaldeasturias.com\\\/magazine365\\\/andalucia-presenta-en-nantes-sus-posibilidades-turisticas-en-bicicleta\\\/#webpage\"},\"isPartOf\":{\"@id\":\"https:\\\/\\\/eldigitaldeasturias.com\\\/magazine365\\\/andalucia-presenta-en-nantes-sus-posibilidades-turisticas-en-bicicleta\\\/#webpage\"},\"articleSection\":\"Noticias y Actualidad\"},{\"@type\":\"BreadcrumbList\",\"@id\":\"https:\\\/\\\/eldigitaldeasturias.com\\\/magazine365\\\/andalucia-presenta-en-nantes-sus-posibilidades-turisticas-en-bicicleta\\\/#breadcrumblist\",\"itemListElement\":[{\"@type\":\"ListItem\",\"@id\":\"https:\\\/\\\/eldigitaldeasturias.com\\\/magazine365#listItem\",\"position\":1,\"name\":\"Home\",\"item\":\"https:\\\/\\\/eldigitaldeasturias.com\\\/magazine365\",\"nextItem\":{\"@type\":\"ListItem\",\"@id\":\"https:\\\/\\\/eldigitaldeasturias.com\\\/magazine365\\\/category\\\/noticias-actualidad\\\/#listItem\",\"name\":\"Noticias y Actualidad\"}},{\"@type\":\"ListItem\",\"@id\":\"https:\\\/\\\/eldigitaldeasturias.com\\\/magazine365\\\/category\\\/noticias-actualidad\\\/#listItem\",\"position\":2,\"name\":\"Noticias y Actualidad\",\"item\":\"https:\\\/\\\/eldigitaldeasturias.com\\\/magazine365\\\/category\\\/noticias-actualidad\\\/\",\"nextItem\":{\"@type\":\"ListItem\",\"@id\":\"https:\\\/\\\/eldigitaldeasturias.com\\\/magazine365\\\/andalucia-presenta-en-nantes-sus-posibilidades-turisticas-en-bicicleta\\\/#listItem\",\"name\":\"Andaluc\\u00eda presenta en Nantes sus posibilidades tur\\u00edsticas en bicicleta\"},\"previousItem\":{\"@type\":\"ListItem\",\"@id\":\"https:\\\/\\\/eldigitaldeasturias.com\\\/magazine365#listItem\",\"name\":\"Home\"}},{\"@type\":\"ListItem\",\"@id\":\"https:\\\/\\\/eldigitaldeasturias.com\\\/magazine365\\\/andalucia-presenta-en-nantes-sus-posibilidades-turisticas-en-bicicleta\\\/#listItem\",\"position\":3,\"name\":\"Andaluc\\u00eda presenta en Nantes sus posibilidades tur\\u00edsticas en bicicleta\",\"previousItem\":{\"@type\":\"ListItem\",\"@id\":\"https:\\\/\\\/eldigitaldeasturias.com\\\/magazine365\\\/category\\\/noticias-actualidad\\\/#listItem\",\"name\":\"Noticias y Actualidad\"}}]},{\"@type\":\"Organization\",\"@id\":\"https:\\\/\\\/eldigitaldeasturias.com\\\/magazine365\\\/#organization\",\"name\":\"El digital de Asturias\",\"description\":\"Revista de ocio, turismo y estilo de vida\",\"url\":\"https:\\\/\\\/eldigitaldeasturias.com\\\/magazine365\\\/\",\"logo\":{\"@type\":\"ImageObject\",\"url\":\"https:\\\/\\\/www.eldigitaldeasturias.com\\\/noticias\\\/wp-content\\\/uploads\\\/2020\\\/12\\\/EDA.jpg\",\"@id\":\"https:\\\/\\\/eldigitaldeasturias.com\\\/magazine365\\\/andalucia-presenta-en-nantes-sus-posibilidades-turisticas-en-bicicleta\\\/#organizationLogo\"},\"image\":{\"@id\":\"https:\\\/\\\/eldigitaldeasturias.com\\\/magazine365\\\/andalucia-presenta-en-nantes-sus-posibilidades-turisticas-en-bicicleta\\\/#organizationLogo\"}},{\"@type\":\"Person\",\"@id\":\"https:\\\/\\\/eldigitaldeasturias.com\\\/magazine365\\\/author\\\/admin\\\/#author\",\"url\":\"https:\\\/\\\/eldigitaldeasturias.com\\\/magazine365\\\/author\\\/admin\\\/\",\"name\":\"admin\",\"image\":{\"@type\":\"ImageObject\",\"@id\":\"https:\\\/\\\/eldigitaldeasturias.com\\\/magazine365\\\/andalucia-presenta-en-nantes-sus-posibilidades-turisticas-en-bicicleta\\\/#authorImage\",\"url\":\"https:\\\/\\\/eldigitaldeasturias.com\\\/magazine365\\\/wp-content\\\/litespeed\\\/avatar\\\/e571bcf59a0edd6fa6838245a470f2fe.jpg?ver=1776969259\",\"width\":96,\"height\":96,\"caption\":\"admin\"}},{\"@type\":\"WebPage\",\"@id\":\"https:\\\/\\\/eldigitaldeasturias.com\\\/magazine365\\\/andalucia-presenta-en-nantes-sus-posibilidades-turisticas-en-bicicleta\\\/#webpage\",\"url\":\"https:\\\/\\\/eldigitaldeasturias.com\\\/magazine365\\\/andalucia-presenta-en-nantes-sus-posibilidades-turisticas-en-bicicleta\\\/\",\"name\":\"Andaluc\\u00eda presenta en Nantes sus posibilidades tur\\u00edsticas en bicicleta | El Digital de Asturias\",\"description\":\"La Consejer\\u00eda de Fomento y Vivienda participa del 2 al 5 de junio en la ciudad francesa de Nantes en Velocity 2015, encuentro organizado por la Federaci\\u00f3n Ciclista Europea (ECF), donde Andaluc\\u00eda informar\\u00e1 sobre las posibilidades de practicar el cicloturismo en la Comunidad y el papel de la bicicleta como elemento transformador de las ciudades\",\"inLanguage\":\"es-ES\",\"isPartOf\":{\"@id\":\"https:\\\/\\\/eldigitaldeasturias.com\\\/magazine365\\\/#website\"},\"breadcrumb\":{\"@id\":\"https:\\\/\\\/eldigitaldeasturias.com\\\/magazine365\\\/andalucia-presenta-en-nantes-sus-posibilidades-turisticas-en-bicicleta\\\/#breadcrumblist\"},\"author\":{\"@id\":\"https:\\\/\\\/eldigitaldeasturias.com\\\/magazine365\\\/author\\\/admin\\\/#author\"},\"creator\":{\"@id\":\"https:\\\/\\\/eldigitaldeasturias.com\\\/magazine365\\\/author\\\/admin\\\/#author\"},\"image\":{\"@type\":\"ImageObject\",\"url\":\"https:\\\/\\\/eldigitaldeasturias.com\\\/magazine365\\\/wp-content\\\/uploads\\\/2015\\\/06\\\/fotonoticia_20150601150657_800.jpg\",\"@id\":\"https:\\\/\\\/eldigitaldeasturias.com\\\/magazine365\\\/andalucia-presenta-en-nantes-sus-posibilidades-turisticas-en-bicicleta\\\/#mainImage\",\"width\":800,\"height\":600},\"primaryImageOfPage\":{\"@id\":\"https:\\\/\\\/eldigitaldeasturias.com\\\/magazine365\\\/andalucia-presenta-en-nantes-sus-posibilidades-turisticas-en-bicicleta\\\/#mainImage\"},\"datePublished\":\"2015-06-04T04:31:38+02:00\",\"dateModified\":\"2015-06-04T04:31:38+02:00\"},{\"@type\":\"WebSite\",\"@id\":\"https:\\\/\\\/eldigitaldeasturias.com\\\/magazine365\\\/#website\",\"url\":\"https:\\\/\\\/eldigitaldeasturias.com\\\/magazine365\\\/\",\"name\":\"El Digital de Asturias\",\"description\":\"Revista de ocio, turismo y estilo de vida\",\"inLanguage\":\"es-ES\",\"publisher\":{\"@id\":\"https:\\\/\\\/eldigitaldeasturias.com\\\/magazine365\\\/#organization\"}}]}\n\t\t<\/script>\n\t\t<!-- All in One SEO Pro -->\r\n\t\t<title>Andaluc\u00eda presenta en Nantes sus posibilidades tur\u00edsticas en bicicleta | El Digital de Asturias<\/title>\n\n","aioseo_head_json":{"title":"Andaluc\u00eda presenta en Nantes sus posibilidades tur\u00edsticas en bicicleta | El Digital de Asturias","description":"La Consejer\u00eda de Fomento y Vivienda participa del 2 al 5 de junio en la ciudad francesa de Nantes en Velocity 2015, encuentro organizado por la Federaci\u00f3n Ciclista Europea (ECF), donde Andaluc\u00eda informar\u00e1 sobre las posibilidades de practicar el cicloturismo en la Comunidad y el papel de la bicicleta como elemento transformador de las ciudades","canonical_url":"https:\/\/eldigitaldeasturias.com\/magazine365\/andalucia-presenta-en-nantes-sus-posibilidades-turisticas-en-bicicleta\/","robots":"max-image-preview:large","keywords":"noticias y actualidad","webmasterTools":{"google-site-verification":"UA-38556648-1","miscellaneous":""},"schema":{"@context":"https:\/\/schema.org","@graph":[{"@type":"Article","@id":"https:\/\/eldigitaldeasturias.com\/magazine365\/andalucia-presenta-en-nantes-sus-posibilidades-turisticas-en-bicicleta\/#article","name":"Andaluc\u00eda presenta en Nantes sus posibilidades tur\u00edsticas en bicicleta | El Digital de Asturias","headline":"Andaluc\u00eda presenta en Nantes sus posibilidades tur\u00edsticas en bicicleta","author":{"@id":"https:\/\/eldigitaldeasturias.com\/magazine365\/author\/admin\/#author"},"publisher":{"@id":"https:\/\/eldigitaldeasturias.com\/magazine365\/#organization"},"image":{"@type":"ImageObject","url":"https:\/\/eldigitaldeasturias.com\/magazine365\/wp-content\/uploads\/2015\/06\/fotonoticia_20150601150657_800.jpg","width":800,"height":600},"datePublished":"2015-06-04T04:31:38+02:00","dateModified":"2015-06-04T04:31:38+02:00","inLanguage":"es-ES","mainEntityOfPage":{"@id":"https:\/\/eldigitaldeasturias.com\/magazine365\/andalucia-presenta-en-nantes-sus-posibilidades-turisticas-en-bicicleta\/#webpage"},"isPartOf":{"@id":"https:\/\/eldigitaldeasturias.com\/magazine365\/andalucia-presenta-en-nantes-sus-posibilidades-turisticas-en-bicicleta\/#webpage"},"articleSection":"Noticias y Actualidad"},{"@type":"BreadcrumbList","@id":"https:\/\/eldigitaldeasturias.com\/magazine365\/andalucia-presenta-en-nantes-sus-posibilidades-turisticas-en-bicicleta\/#breadcrumblist","itemListElement":[{"@type":"ListItem","@id":"https:\/\/eldigitaldeasturias.com\/magazine365#listItem","position":1,"name":"Home","item":"https:\/\/eldigitaldeasturias.com\/magazine365","nextItem":{"@type":"ListItem","@id":"https:\/\/eldigitaldeasturias.com\/magazine365\/category\/noticias-actualidad\/#listItem","name":"Noticias y Actualidad"}},{"@type":"ListItem","@id":"https:\/\/eldigitaldeasturias.com\/magazine365\/category\/noticias-actualidad\/#listItem","position":2,"name":"Noticias y Actualidad","item":"https:\/\/eldigitaldeasturias.com\/magazine365\/category\/noticias-actualidad\/","nextItem":{"@type":"ListItem","@id":"https:\/\/eldigitaldeasturias.com\/magazine365\/andalucia-presenta-en-nantes-sus-posibilidades-turisticas-en-bicicleta\/#listItem","name":"Andaluc\u00eda presenta en Nantes sus posibilidades tur\u00edsticas en bicicleta"},"previousItem":{"@type":"ListItem","@id":"https:\/\/eldigitaldeasturias.com\/magazine365#listItem","name":"Home"}},{"@type":"ListItem","@id":"https:\/\/eldigitaldeasturias.com\/magazine365\/andalucia-presenta-en-nantes-sus-posibilidades-turisticas-en-bicicleta\/#listItem","position":3,"name":"Andaluc\u00eda presenta en Nantes sus posibilidades tur\u00edsticas en bicicleta","previousItem":{"@type":"ListItem","@id":"https:\/\/eldigitaldeasturias.com\/magazine365\/category\/noticias-actualidad\/#listItem","name":"Noticias y Actualidad"}}]},{"@type":"Organization","@id":"https:\/\/eldigitaldeasturias.com\/magazine365\/#organization","name":"El digital de Asturias","description":"Revista de ocio, turismo y estilo de vida","url":"https:\/\/eldigitaldeasturias.com\/magazine365\/","logo":{"@type":"ImageObject","url":"https:\/\/www.eldigitaldeasturias.com\/noticias\/wp-content\/uploads\/2020\/12\/EDA.jpg","@id":"https:\/\/eldigitaldeasturias.com\/magazine365\/andalucia-presenta-en-nantes-sus-posibilidades-turisticas-en-bicicleta\/#organizationLogo"},"image":{"@id":"https:\/\/eldigitaldeasturias.com\/magazine365\/andalucia-presenta-en-nantes-sus-posibilidades-turisticas-en-bicicleta\/#organizationLogo"}},{"@type":"Person","@id":"https:\/\/eldigitaldeasturias.com\/magazine365\/author\/admin\/#author","url":"https:\/\/eldigitaldeasturias.com\/magazine365\/author\/admin\/","name":"admin","image":{"@type":"ImageObject","@id":"https:\/\/eldigitaldeasturias.com\/magazine365\/andalucia-presenta-en-nantes-sus-posibilidades-turisticas-en-bicicleta\/#authorImage","url":"https:\/\/eldigitaldeasturias.com\/magazine365\/wp-content\/litespeed\/avatar\/e571bcf59a0edd6fa6838245a470f2fe.jpg?ver=1776969259","width":96,"height":96,"caption":"admin"}},{"@type":"WebPage","@id":"https:\/\/eldigitaldeasturias.com\/magazine365\/andalucia-presenta-en-nantes-sus-posibilidades-turisticas-en-bicicleta\/#webpage","url":"https:\/\/eldigitaldeasturias.com\/magazine365\/andalucia-presenta-en-nantes-sus-posibilidades-turisticas-en-bicicleta\/","name":"Andaluc\u00eda presenta en Nantes sus posibilidades tur\u00edsticas en bicicleta | El Digital de Asturias","description":"La Consejer\u00eda de Fomento y Vivienda participa del 2 al 5 de junio en la ciudad francesa de Nantes en Velocity 2015, encuentro organizado por la Federaci\u00f3n Ciclista Europea (ECF), donde Andaluc\u00eda informar\u00e1 sobre las posibilidades de practicar el cicloturismo en la Comunidad y el papel de la bicicleta como elemento transformador de las ciudades","inLanguage":"es-ES","isPartOf":{"@id":"https:\/\/eldigitaldeasturias.com\/magazine365\/#website"},"breadcrumb":{"@id":"https:\/\/eldigitaldeasturias.com\/magazine365\/andalucia-presenta-en-nantes-sus-posibilidades-turisticas-en-bicicleta\/#breadcrumblist"},"author":{"@id":"https:\/\/eldigitaldeasturias.com\/magazine365\/author\/admin\/#author"},"creator":{"@id":"https:\/\/eldigitaldeasturias.com\/magazine365\/author\/admin\/#author"},"image":{"@type":"ImageObject","url":"https:\/\/eldigitaldeasturias.com\/magazine365\/wp-content\/uploads\/2015\/06\/fotonoticia_20150601150657_800.jpg","@id":"https:\/\/eldigitaldeasturias.com\/magazine365\/andalucia-presenta-en-nantes-sus-posibilidades-turisticas-en-bicicleta\/#mainImage","width":800,"height":600},"primaryImageOfPage":{"@id":"https:\/\/eldigitaldeasturias.com\/magazine365\/andalucia-presenta-en-nantes-sus-posibilidades-turisticas-en-bicicleta\/#mainImage"},"datePublished":"2015-06-04T04:31:38+02:00","dateModified":"2015-06-04T04:31:38+02:00"},{"@type":"WebSite","@id":"https:\/\/eldigitaldeasturias.com\/magazine365\/#website","url":"https:\/\/eldigitaldeasturias.com\/magazine365\/","name":"El Digital de Asturias","description":"Revista de ocio, turismo y estilo de vida","inLanguage":"es-ES","publisher":{"@id":"https:\/\/eldigitaldeasturias.com\/magazine365\/#organization"}}]},"og:locale":"es_ES","og:site_name":"El Digital de Asturias \u2013 Revista de ocio, turismo y estilo de vida","og:type":"article","og:title":"Andaluc\u00eda presenta en Nantes sus posibilidades tur\u00edsticas en bicicleta | El Digital de Asturias","og:description":"La Consejer\u00eda de Fomento y Vivienda participa del 2 al 5 de junio en la ciudad francesa de Nantes en Velocity 2015, encuentro organizado por la Federaci\u00f3n Ciclista Europea (ECF), donde Andaluc\u00eda informar\u00e1 sobre las posibilidades de practicar el cicloturismo en la Comunidad y el papel de la bicicleta como elemento transformador de las ciudades","og:url":"https:\/\/eldigitaldeasturias.com\/magazine365\/andalucia-presenta-en-nantes-sus-posibilidades-turisticas-en-bicicleta\/","og:image":"https:\/\/eldigitaldeasturias.com\/magazine365\/wp-content\/uploads\/2015\/06\/fotonoticia_20150601150657_800.jpg","og:image:secure_url":"https:\/\/eldigitaldeasturias.com\/magazine365\/wp-content\/uploads\/2015\/06\/fotonoticia_20150601150657_800.jpg","og:image:width":800,"og:image:height":600,"article:published_time":"2015-06-04T03:01:38+00:00","article:modified_time":"2015-06-04T03:01:38+00:00","twitter:card":"summary_large_image","twitter:title":"Andaluc\u00eda presenta en Nantes sus posibilidades tur\u00edsticas en bicicleta | El Digital de Asturias","twitter:description":"La Consejer\u00eda de Fomento y Vivienda participa del 2 al 5 de junio en la ciudad francesa de Nantes en Velocity 2015, encuentro organizado por la Federaci\u00f3n Ciclista Europea (ECF), donde Andaluc\u00eda informar\u00e1 sobre las posibilidades de practicar el cicloturismo en la Comunidad y el papel de la bicicleta como elemento transformador de las ciudades","twitter:image":"https:\/\/eldigitaldeasturias.com\/magazine365\/wp-content\/uploads\/2015\/06\/fotonoticia_20150601150657_800.jpg"},"aioseo_meta_data":{"post_id":"38602","title":null,"description":null,"keywords":null,"keyphrases":null,"primary_term":null,"canonical_url":null,"og_title":null,"og_description":null,"og_object_type":"default","og_image_type":"default","og_image_url":null,"og_image_width":null,"og_image_height":null,"og_image_custom_url":null,"og_image_custom_fields":null,"og_video":null,"og_custom_url":null,"og_article_section":null,"og_article_tags":null,"twitter_use_og":false,"twitter_card":"default","twitter_image_type":"default","twitter_image_url":null,"twitter_image_custom_url":null,"twitter_image_custom_fields":null,"twitter_title":null,"twitter_description":null,"schema":{"blockGraphs":[],"customGraphs":[],"default":{"data":{"Article":[],"Course":[],"Dataset":[],"FAQPage":[],"Movie":[],"Person":[],"Product":[],"ProductReview":[],"Car":[],"Recipe":[],"Service":[],"SoftwareApplication":[],"WebPage":[]},"graphName":"","isEnabled":true},"graphs":[],"defaultGraph":"","defaultPostTypeGraph":""},"schema_type":null,"schema_type_options":null,"pillar_content":false,"robots_default":true,"robots_noindex":false,"robots_noarchive":false,"robots_nosnippet":false,"robots_nofollow":false,"robots_noimageindex":false,"robots_noodp":false,"robots_notranslate":false,"robots_max_snippet":null,"robots_max_videopreview":null,"robots_max_imagepreview":"large","priority":null,"frequency":null,"location":null,"local_seo":null,"seo_analyzer_scan_date":"2025-09-19 09:53:55","breadcrumb_settings":null,"limit_modified_date":false,"open_ai":null,"ai":null,"created":"2021-03-09 02:51:41","updated":"2025-09-19 09:53:55"},"aioseo_breadcrumb":"<div class=\"aioseo-breadcrumbs\"><span class=\"aioseo-breadcrumb\">\n\t<a href=\"https:\/\/eldigitaldeasturias.com\/magazine365\" title=\"Home\">Home<\/a>\n<\/span><span class=\"aioseo-breadcrumb-separator\">\u2013<\/span><span class=\"aioseo-breadcrumb\">\n\t<a href=\"https:\/\/eldigitaldeasturias.com\/magazine365\/category\/noticias-actualidad\/\" title=\"Noticias y Actualidad\">Noticias y Actualidad<\/a>\n<\/span><span class=\"aioseo-breadcrumb-separator\">\u2013<\/span><span class=\"aioseo-breadcrumb\">\n\t<a href=\"https:\/\/eldigitaldeasturias.com\/magazine365\/andalucia-presenta-en-nantes-sus-posibilidades-turisticas-en-bicicleta\/\" title=\"Andaluc\u00eda presenta en Nantes sus posibilidades tur\u00edsticas en bicicleta\">Andaluc\u00eda presenta en Nantes sus posibilidades tur\u00edsticas en bicicleta<\/a>\n<\/span><\/div>","aioseo_breadcrumb_json":[{"label":"Home","link":"https:\/\/eldigitaldeasturias.com\/magazine365"},{"label":"Noticias y Actualidad","link":"https:\/\/eldigitaldeasturias.com\/magazine365\/category\/noticias-actualidad\/"},{"label":"Andaluc\u00eda presenta en Nantes sus posibilidades tur\u00edsticas en bicicleta","link":"https:\/\/eldigitaldeasturias.com\/magazine365\/andalucia-presenta-en-nantes-sus-posibilidades-turisticas-en-bicicleta\/"}],"_links":{"self":[{"href":"https:\/\/eldigitaldeasturias.com\/magazine365\/wp-json\/wp\/v2\/posts\/38602","targetHints":{"allow":["GET"]}}],"collection":[{"href":"https:\/\/eldigitaldeasturias.com\/magazine365\/wp-json\/wp\/v2\/posts"}],"about":[{"href":"https:\/\/eldigitaldeasturias.com\/magazine365\/wp-json\/wp\/v2\/types\/post"}],"author":[{"embeddable":true,"href":"https:\/\/eldigitaldeasturias.com\/magazine365\/wp-json\/wp\/v2\/users\/1"}],"replies":[{"embeddable":true,"href":"https:\/\/eldigitaldeasturias.com\/magazine365\/wp-json\/wp\/v2\/comments?post=38602"}],"version-history":[{"count":0,"href":"https:\/\/eldigitaldeasturias.com\/magazine365\/wp-json\/wp\/v2\/posts\/38602\/revisions"}],"wp:featuredmedia":[{"embeddable":true,"href":"https:\/\/eldigitaldeasturias.com\/magazine365\/wp-json\/wp\/v2\/media\/38603"}],"wp:attachment":[{"href":"https:\/\/eldigitaldeasturias.com\/magazine365\/wp-json\/wp\/v2\/media?parent=38602"}],"wp:term":[{"taxonomy":"category","embeddable":true,"href":"https:\/\/eldigitaldeasturias.com\/magazine365\/wp-json\/wp\/v2\/categories?post=38602"},{"taxonomy":"post_tag","embeddable":true,"href":"https:\/\/eldigitaldeasturias.com\/magazine365\/wp-json\/wp\/v2\/tags?post=38602"}],"curies":[{"name":"wp","href":"https:\/\/api.w.org\/{rel}","templated":true}]}}