{"id":38599,"date":"2015-06-04T04:30:17","date_gmt":"2015-06-04T03:00:17","guid":{"rendered":"http:\/\/eldigitaldeasturias.com\/magazine365\/?p=38599"},"modified":"2015-06-04T04:30:17","modified_gmt":"2015-06-04T03:00:17","slug":"organizan-una-ruta-de-la-tapa-en-barco-por-el-mar-menor","status":"publish","type":"post","link":"https:\/\/eldigitaldeasturias.com\/magazine365\/organizan-una-ruta-de-la-tapa-en-barco-por-el-mar-menor\/","title":{"rendered":"Organizan una ruta de la tapa en barco por el Mar Menor"},"content":{"rendered":"<p><img fetchpriority=\"high\" decoding=\"async\" class=\"alignleft size-medium wp-image-38600\" src=\"https:\/\/eldigitaldeasturias.com\/magazine365\/wp-content\/uploads\/2015\/06\/fotonoticia_20150601150534_800-360x244.jpg\" alt=\"fotonoticia_20150601150534_800\" width=\"360\" height=\"244\" srcset=\"https:\/\/eldigitaldeasturias.com\/magazine365\/wp-content\/uploads\/2015\/06\/fotonoticia_20150601150534_800-360x244.jpg 360w, https:\/\/eldigitaldeasturias.com\/magazine365\/wp-content\/uploads\/2015\/06\/fotonoticia_20150601150534_800-650x441.jpg 650w, https:\/\/eldigitaldeasturias.com\/magazine365\/wp-content\/uploads\/2015\/06\/fotonoticia_20150601150534_800-768x521.jpg 768w, https:\/\/eldigitaldeasturias.com\/magazine365\/wp-content\/uploads\/2015\/06\/fotonoticia_20150601150534_800-150x102.jpg 150w, https:\/\/eldigitaldeasturias.com\/magazine365\/wp-content\/uploads\/2015\/06\/fotonoticia_20150601150534_800-450x305.jpg 450w, https:\/\/eldigitaldeasturias.com\/magazine365\/wp-content\/uploads\/2015\/06\/fotonoticia_20150601150534_800-696x472.jpg 696w, https:\/\/eldigitaldeasturias.com\/magazine365\/wp-content\/uploads\/2015\/06\/fotonoticia_20150601150534_800-619x420.jpg 619w, https:\/\/eldigitaldeasturias.com\/magazine365\/wp-content\/uploads\/2015\/06\/fotonoticia_20150601150534_800.jpg 800w\" sizes=\"(max-width: 360px) 100vw, 360px\" \/>La Consejer\u00eda de Industria, Turismo, Empresa e Innovaci\u00f3n y Estrella de Levante organizan los s\u00e1bados 13 y 20 de junio una ruta de la tapa en barco por el Mar Menor con paradas en los municipios de San Pedro del Pinatar, Los Alc\u00e1zares, San Javier y Cartagena.<\/p>\n<p>En la presentaci\u00f3n el consejero de Industria, Turismo, Empresa e Innovaci\u00f3n en funciones, Juan Carlos Ruiz, acompa\u00f1ado por el director general de Estrella de Levante, Patricio Valverde, ha explicado que durante dos s\u00e1bados varios barcos recorrer\u00e1n el litoral marmenorense y realizar\u00e1n distintas paradas en los puertos de Lo Pag\u00e1n, Santiago de la Ribera, Los Alc\u00e1zares y La Manga.<\/p>\n<p>Esta ruta tur\u00edstico-gastron\u00f3mica permitir\u00e1 a los asistentes, por un precio de 10 euros por persona, disfrutar de un viaje en barco por el Mar Menor, dos cervezas Estrella de Levante a bordo del barco y dos tapas con sus correspondientes cervezas en cualquiera de los 12 establecimientos adheridos a esta iniciativa.<\/p>\n<p>En la &#8216;Ruta de la Tapa Mar Menor&#8217;, que cuenta con la colaboraci\u00f3n de los ayuntamientos de Cartagena, Los Alc\u00e1zares, San Javier y San Pedro del Pinatar, participan 12 bares y restaurantes de estos cuatro municipios.<\/p>\n<p>\u00abLos participantes podr\u00e1n pasar una agradable jornada en barco, al tiempo que disfrutar de la mejor gastronom\u00eda del Mar Menor, gozando de total libertad para bajarse en las distintas paradas del recorrido\u00bb, ha enfatizado Juan Carlos Ruiz.<\/p>\n<p>AMPLIAR LAS FECHAS Y PROLONGARLO A OTO\u00d1O Y PRIMAVERA<\/p>\n<p>Los organizadores de la iniciativa esperan que cada uno de los s\u00e1bados puedan participar en esta ruta de la tapa m\u00e1s de 300 personas. Adem\u00e1s, como ha avanzado el consejero \u00abno descartamos que en un futuro se puedan ampliar las fechas de la ruta y prolongarlas durante algunos fines de semana del oto\u00f1o y la primavera\u00bb.<\/p>\n<p>Juan Carlos Ruiz ha apuntado que el objetivo de la &#8216;Ruta de la Tapa Mar Menor&#8217; es \u00abpotenciar tur\u00edsticamente la zona del Mar Menor y aprovechar su gran potencial, beneficiar al sector hostelero de los municipios del Mar Menor y atraer m\u00e1s visitantes a estas localidades fuera de los dos meses m\u00e1s fuertes de verano, contribuyendo as\u00ed a prolongar la temporada tur\u00edstica\u00bb.<\/p>\n<p>Tras lo que ha comunicado que \u00abesta acci\u00f3n se suma a las que est\u00e1 llevando a cabo la Consejer\u00eda para desestacionalizar el turismo en la Costa C\u00e1lida, y, en concreto, en el Mar Menor\u00bb. Ha a\u00f1adido que \u00abnuestro objetivo es que acudan a estos municipios el mayor n\u00famero de turistas durante gran parte del a\u00f1o, ya que contamos con un clima privilegiado\u00bb.<\/p>\n<p>Adem\u00e1s, esta iniciativa \u00abpotencia otro de los atractivos de la Regi\u00f3n por el que estamos apostando, el turismo gastron\u00f3mico\u00bb, ha aseverado el consejero.<\/p>\n<p>La Consejer\u00eda de Industria, Turismo, Empresa e Innovaci\u00f3n ha puesto a disposici\u00f3n de esta iniciativa su plataforma tecnol\u00f3gica de comercializaci\u00f3n &#8216;Hermes&#8217;, de forma que las entradas para realizar el recorrido podr\u00e1n adquirirse a trav\u00e9s de la herramienta &#8216;tickevent&#8217;, que es una central de venta de entradas que permite la comercializaci\u00f3n y venta &#8216;on line&#8217; de los bonos.<\/p>\n<p>A esta aplicaci\u00f3n se podr\u00e1 acceder desde el portal www.murciaturistica.es, donde se podr\u00e1n adquirir los pases para la ruta.<\/p>\n<p>La presentaci\u00f3n ha contado, adem\u00e1s, con la presencia del jefe de la Demarcaci\u00f3n de Costas, Andr\u00e9s Mart\u00ednez, y de los concejales de Turismo de Los Alc\u00e1zares, San Javier, San Pedro del Pinatar y Cartagena.<\/p>\n","protected":false},"excerpt":{"rendered":"<p>La Consejer\u00eda de Industria, Turismo, Empresa e Innovaci\u00f3n y Estrella de Levante organizan los s\u00e1bados 13 y 20 de junio una ruta de la tapa en barco por el Mar Menor con paradas en los municipios de San Pedro del Pinatar, Los Alc\u00e1zares, San Javier y Cartagena. En la presentaci\u00f3n el consejero de Industria, Turismo,<\/p>\n","protected":false},"author":1,"featured_media":38600,"comment_status":"open","ping_status":"closed","sticky":false,"template":"","format":"standard","meta":{"footnotes":""},"categories":[217],"tags":[],"class_list":{"0":"post-38599","1":"post","2":"type-post","3":"status-publish","4":"format-standard","5":"has-post-thumbnail","7":"category-sabores"},"aioseo_notices":[],"aioseo_head":"\n\t\t<!-- All in One SEO Pro 4.9.6.1 - aioseo.com -->\n\t<meta name=\"description\" content=\"La Consejer\u00eda de Industria, Turismo, Empresa e Innovaci\u00f3n y Estrella de Levante organizan los s\u00e1bados 13 y 20 de junio una ruta de la tapa en barco por el Mar Menor con paradas en los municipios de San Pedro del Pinatar, Los Alc\u00e1zares, San Javier y Cartagena. En la presentaci\u00f3n el consejero de Industria, Turismo,\" \/>\n\t<meta name=\"robots\" content=\"max-image-preview:large\" \/>\n\t<meta name=\"author\" content=\"admin\"\/>\n\t<meta name=\"google-site-verification\" content=\"UA-38556648-1\" \/>\n\t<meta name=\"keywords\" content=\"sabores\" \/>\n\t<link rel=\"canonical\" href=\"https:\/\/eldigitaldeasturias.com\/magazine365\/organizan-una-ruta-de-la-tapa-en-barco-por-el-mar-menor\/\" \/>\n\t<meta name=\"generator\" content=\"All in One SEO Pro (AIOSEO) 4.9.6.1\" \/>\n\t\t<meta property=\"og:locale\" content=\"es_ES\" \/>\n\t\t<meta property=\"og:site_name\" content=\"El Digital de Asturias \u2013 Revista de ocio, turismo y estilo de vida\" \/>\n\t\t<meta property=\"og:type\" content=\"article\" \/>\n\t\t<meta property=\"og:title\" content=\"Organizan una ruta de la tapa en barco por el Mar Menor | El Digital de Asturias\" \/>\n\t\t<meta property=\"og:description\" content=\"La Consejer\u00eda de Industria, Turismo, Empresa e Innovaci\u00f3n y Estrella de Levante organizan los s\u00e1bados 13 y 20 de junio una ruta de la tapa en barco por el Mar Menor con paradas en los municipios de San Pedro del Pinatar, Los Alc\u00e1zares, San Javier y Cartagena. En la presentaci\u00f3n el consejero de Industria, Turismo,\" \/>\n\t\t<meta property=\"og:url\" content=\"https:\/\/eldigitaldeasturias.com\/magazine365\/organizan-una-ruta-de-la-tapa-en-barco-por-el-mar-menor\/\" \/>\n\t\t<meta property=\"og:image\" content=\"https:\/\/eldigitaldeasturias.com\/magazine365\/wp-content\/uploads\/2015\/06\/fotonoticia_20150601150534_800.jpg\" \/>\n\t\t<meta property=\"og:image:secure_url\" content=\"https:\/\/eldigitaldeasturias.com\/magazine365\/wp-content\/uploads\/2015\/06\/fotonoticia_20150601150534_800.jpg\" \/>\n\t\t<meta property=\"og:image:width\" content=\"800\" \/>\n\t\t<meta property=\"og:image:height\" content=\"543\" \/>\n\t\t<meta property=\"article:published_time\" content=\"2015-06-04T03:00:17+00:00\" \/>\n\t\t<meta property=\"article:modified_time\" content=\"2015-06-04T03:00:17+00:00\" \/>\n\t\t<meta name=\"twitter:card\" content=\"summary_large_image\" \/>\n\t\t<meta name=\"twitter:title\" content=\"Organizan una ruta de la tapa en barco por el Mar Menor | El Digital de Asturias\" \/>\n\t\t<meta name=\"twitter:description\" content=\"La Consejer\u00eda de Industria, Turismo, Empresa e Innovaci\u00f3n y Estrella de Levante organizan los s\u00e1bados 13 y 20 de junio una ruta de la tapa en barco por el Mar Menor con paradas en los municipios de San Pedro del Pinatar, Los Alc\u00e1zares, San Javier y Cartagena. En la presentaci\u00f3n el consejero de Industria, Turismo,\" \/>\n\t\t<meta name=\"twitter:image\" content=\"https:\/\/eldigitaldeasturias.com\/magazine365\/wp-content\/uploads\/2015\/06\/fotonoticia_20150601150534_800.jpg\" \/>\n\t\t<script type=\"application\/ld+json\" class=\"aioseo-schema\">\n\t\t\t{\"@context\":\"https:\\\/\\\/schema.org\",\"@graph\":[{\"@type\":\"Article\",\"@id\":\"https:\\\/\\\/eldigitaldeasturias.com\\\/magazine365\\\/organizan-una-ruta-de-la-tapa-en-barco-por-el-mar-menor\\\/#article\",\"name\":\"Organizan una ruta de la tapa en barco por el Mar Menor | El Digital de Asturias\",\"headline\":\"Organizan una ruta de la tapa en barco por el Mar Menor\",\"author\":{\"@id\":\"https:\\\/\\\/eldigitaldeasturias.com\\\/magazine365\\\/author\\\/admin\\\/#author\"},\"publisher\":{\"@id\":\"https:\\\/\\\/eldigitaldeasturias.com\\\/magazine365\\\/#organization\"},\"image\":{\"@type\":\"ImageObject\",\"url\":\"https:\\\/\\\/eldigitaldeasturias.com\\\/magazine365\\\/wp-content\\\/uploads\\\/2015\\\/06\\\/fotonoticia_20150601150534_800.jpg\",\"width\":800,\"height\":543},\"datePublished\":\"2015-06-04T04:30:17+02:00\",\"dateModified\":\"2015-06-04T04:30:17+02:00\",\"inLanguage\":\"es-ES\",\"mainEntityOfPage\":{\"@id\":\"https:\\\/\\\/eldigitaldeasturias.com\\\/magazine365\\\/organizan-una-ruta-de-la-tapa-en-barco-por-el-mar-menor\\\/#webpage\"},\"isPartOf\":{\"@id\":\"https:\\\/\\\/eldigitaldeasturias.com\\\/magazine365\\\/organizan-una-ruta-de-la-tapa-en-barco-por-el-mar-menor\\\/#webpage\"},\"articleSection\":\"Sabores\"},{\"@type\":\"BreadcrumbList\",\"@id\":\"https:\\\/\\\/eldigitaldeasturias.com\\\/magazine365\\\/organizan-una-ruta-de-la-tapa-en-barco-por-el-mar-menor\\\/#breadcrumblist\",\"itemListElement\":[{\"@type\":\"ListItem\",\"@id\":\"https:\\\/\\\/eldigitaldeasturias.com\\\/magazine365#listItem\",\"position\":1,\"name\":\"Home\",\"item\":\"https:\\\/\\\/eldigitaldeasturias.com\\\/magazine365\",\"nextItem\":{\"@type\":\"ListItem\",\"@id\":\"https:\\\/\\\/eldigitaldeasturias.com\\\/magazine365\\\/category\\\/sabores\\\/#listItem\",\"name\":\"Sabores\"}},{\"@type\":\"ListItem\",\"@id\":\"https:\\\/\\\/eldigitaldeasturias.com\\\/magazine365\\\/category\\\/sabores\\\/#listItem\",\"position\":2,\"name\":\"Sabores\",\"item\":\"https:\\\/\\\/eldigitaldeasturias.com\\\/magazine365\\\/category\\\/sabores\\\/\",\"nextItem\":{\"@type\":\"ListItem\",\"@id\":\"https:\\\/\\\/eldigitaldeasturias.com\\\/magazine365\\\/organizan-una-ruta-de-la-tapa-en-barco-por-el-mar-menor\\\/#listItem\",\"name\":\"Organizan una ruta de la tapa en barco por el Mar Menor\"},\"previousItem\":{\"@type\":\"ListItem\",\"@id\":\"https:\\\/\\\/eldigitaldeasturias.com\\\/magazine365#listItem\",\"name\":\"Home\"}},{\"@type\":\"ListItem\",\"@id\":\"https:\\\/\\\/eldigitaldeasturias.com\\\/magazine365\\\/organizan-una-ruta-de-la-tapa-en-barco-por-el-mar-menor\\\/#listItem\",\"position\":3,\"name\":\"Organizan una ruta de la tapa en barco por el Mar Menor\",\"previousItem\":{\"@type\":\"ListItem\",\"@id\":\"https:\\\/\\\/eldigitaldeasturias.com\\\/magazine365\\\/category\\\/sabores\\\/#listItem\",\"name\":\"Sabores\"}}]},{\"@type\":\"Organization\",\"@id\":\"https:\\\/\\\/eldigitaldeasturias.com\\\/magazine365\\\/#organization\",\"name\":\"El digital de Asturias\",\"description\":\"Revista de ocio, turismo y estilo de vida\",\"url\":\"https:\\\/\\\/eldigitaldeasturias.com\\\/magazine365\\\/\",\"logo\":{\"@type\":\"ImageObject\",\"url\":\"https:\\\/\\\/www.eldigitaldeasturias.com\\\/noticias\\\/wp-content\\\/uploads\\\/2020\\\/12\\\/EDA.jpg\",\"@id\":\"https:\\\/\\\/eldigitaldeasturias.com\\\/magazine365\\\/organizan-una-ruta-de-la-tapa-en-barco-por-el-mar-menor\\\/#organizationLogo\"},\"image\":{\"@id\":\"https:\\\/\\\/eldigitaldeasturias.com\\\/magazine365\\\/organizan-una-ruta-de-la-tapa-en-barco-por-el-mar-menor\\\/#organizationLogo\"}},{\"@type\":\"Person\",\"@id\":\"https:\\\/\\\/eldigitaldeasturias.com\\\/magazine365\\\/author\\\/admin\\\/#author\",\"url\":\"https:\\\/\\\/eldigitaldeasturias.com\\\/magazine365\\\/author\\\/admin\\\/\",\"name\":\"admin\",\"image\":{\"@type\":\"ImageObject\",\"@id\":\"https:\\\/\\\/eldigitaldeasturias.com\\\/magazine365\\\/organizan-una-ruta-de-la-tapa-en-barco-por-el-mar-menor\\\/#authorImage\",\"url\":\"https:\\\/\\\/eldigitaldeasturias.com\\\/magazine365\\\/wp-content\\\/litespeed\\\/avatar\\\/e571bcf59a0edd6fa6838245a470f2fe.jpg?ver=1776969259\",\"width\":96,\"height\":96,\"caption\":\"admin\"}},{\"@type\":\"WebPage\",\"@id\":\"https:\\\/\\\/eldigitaldeasturias.com\\\/magazine365\\\/organizan-una-ruta-de-la-tapa-en-barco-por-el-mar-menor\\\/#webpage\",\"url\":\"https:\\\/\\\/eldigitaldeasturias.com\\\/magazine365\\\/organizan-una-ruta-de-la-tapa-en-barco-por-el-mar-menor\\\/\",\"name\":\"Organizan una ruta de la tapa en barco por el Mar Menor | El Digital de Asturias\",\"description\":\"La Consejer\\u00eda de Industria, Turismo, Empresa e Innovaci\\u00f3n y Estrella de Levante organizan los s\\u00e1bados 13 y 20 de junio una ruta de la tapa en barco por el Mar Menor con paradas en los municipios de San Pedro del Pinatar, Los Alc\\u00e1zares, San Javier y Cartagena. En la presentaci\\u00f3n el consejero de Industria, Turismo,\",\"inLanguage\":\"es-ES\",\"isPartOf\":{\"@id\":\"https:\\\/\\\/eldigitaldeasturias.com\\\/magazine365\\\/#website\"},\"breadcrumb\":{\"@id\":\"https:\\\/\\\/eldigitaldeasturias.com\\\/magazine365\\\/organizan-una-ruta-de-la-tapa-en-barco-por-el-mar-menor\\\/#breadcrumblist\"},\"author\":{\"@id\":\"https:\\\/\\\/eldigitaldeasturias.com\\\/magazine365\\\/author\\\/admin\\\/#author\"},\"creator\":{\"@id\":\"https:\\\/\\\/eldigitaldeasturias.com\\\/magazine365\\\/author\\\/admin\\\/#author\"},\"image\":{\"@type\":\"ImageObject\",\"url\":\"https:\\\/\\\/eldigitaldeasturias.com\\\/magazine365\\\/wp-content\\\/uploads\\\/2015\\\/06\\\/fotonoticia_20150601150534_800.jpg\",\"@id\":\"https:\\\/\\\/eldigitaldeasturias.com\\\/magazine365\\\/organizan-una-ruta-de-la-tapa-en-barco-por-el-mar-menor\\\/#mainImage\",\"width\":800,\"height\":543},\"primaryImageOfPage\":{\"@id\":\"https:\\\/\\\/eldigitaldeasturias.com\\\/magazine365\\\/organizan-una-ruta-de-la-tapa-en-barco-por-el-mar-menor\\\/#mainImage\"},\"datePublished\":\"2015-06-04T04:30:17+02:00\",\"dateModified\":\"2015-06-04T04:30:17+02:00\"},{\"@type\":\"WebSite\",\"@id\":\"https:\\\/\\\/eldigitaldeasturias.com\\\/magazine365\\\/#website\",\"url\":\"https:\\\/\\\/eldigitaldeasturias.com\\\/magazine365\\\/\",\"name\":\"El Digital de Asturias\",\"description\":\"Revista de ocio, turismo y estilo de vida\",\"inLanguage\":\"es-ES\",\"publisher\":{\"@id\":\"https:\\\/\\\/eldigitaldeasturias.com\\\/magazine365\\\/#organization\"}}]}\n\t\t<\/script>\n\t\t<!-- All in One SEO Pro -->\r\n\t\t<title>Organizan una ruta de la tapa en barco por el Mar Menor | El Digital de Asturias<\/title>\n\n","aioseo_head_json":{"title":"Organizan una ruta de la tapa en barco por el Mar Menor | El Digital de Asturias","description":"La Consejer\u00eda de Industria, Turismo, Empresa e Innovaci\u00f3n y Estrella de Levante organizan los s\u00e1bados 13 y 20 de junio una ruta de la tapa en barco por el Mar Menor con paradas en los municipios de San Pedro del Pinatar, Los Alc\u00e1zares, San Javier y Cartagena. En la presentaci\u00f3n el consejero de Industria, Turismo,","canonical_url":"https:\/\/eldigitaldeasturias.com\/magazine365\/organizan-una-ruta-de-la-tapa-en-barco-por-el-mar-menor\/","robots":"max-image-preview:large","keywords":"sabores","webmasterTools":{"google-site-verification":"UA-38556648-1","miscellaneous":""},"schema":{"@context":"https:\/\/schema.org","@graph":[{"@type":"Article","@id":"https:\/\/eldigitaldeasturias.com\/magazine365\/organizan-una-ruta-de-la-tapa-en-barco-por-el-mar-menor\/#article","name":"Organizan una ruta de la tapa en barco por el Mar Menor | El Digital de Asturias","headline":"Organizan una ruta de la tapa en barco por el Mar Menor","author":{"@id":"https:\/\/eldigitaldeasturias.com\/magazine365\/author\/admin\/#author"},"publisher":{"@id":"https:\/\/eldigitaldeasturias.com\/magazine365\/#organization"},"image":{"@type":"ImageObject","url":"https:\/\/eldigitaldeasturias.com\/magazine365\/wp-content\/uploads\/2015\/06\/fotonoticia_20150601150534_800.jpg","width":800,"height":543},"datePublished":"2015-06-04T04:30:17+02:00","dateModified":"2015-06-04T04:30:17+02:00","inLanguage":"es-ES","mainEntityOfPage":{"@id":"https:\/\/eldigitaldeasturias.com\/magazine365\/organizan-una-ruta-de-la-tapa-en-barco-por-el-mar-menor\/#webpage"},"isPartOf":{"@id":"https:\/\/eldigitaldeasturias.com\/magazine365\/organizan-una-ruta-de-la-tapa-en-barco-por-el-mar-menor\/#webpage"},"articleSection":"Sabores"},{"@type":"BreadcrumbList","@id":"https:\/\/eldigitaldeasturias.com\/magazine365\/organizan-una-ruta-de-la-tapa-en-barco-por-el-mar-menor\/#breadcrumblist","itemListElement":[{"@type":"ListItem","@id":"https:\/\/eldigitaldeasturias.com\/magazine365#listItem","position":1,"name":"Home","item":"https:\/\/eldigitaldeasturias.com\/magazine365","nextItem":{"@type":"ListItem","@id":"https:\/\/eldigitaldeasturias.com\/magazine365\/category\/sabores\/#listItem","name":"Sabores"}},{"@type":"ListItem","@id":"https:\/\/eldigitaldeasturias.com\/magazine365\/category\/sabores\/#listItem","position":2,"name":"Sabores","item":"https:\/\/eldigitaldeasturias.com\/magazine365\/category\/sabores\/","nextItem":{"@type":"ListItem","@id":"https:\/\/eldigitaldeasturias.com\/magazine365\/organizan-una-ruta-de-la-tapa-en-barco-por-el-mar-menor\/#listItem","name":"Organizan una ruta de la tapa en barco por el Mar Menor"},"previousItem":{"@type":"ListItem","@id":"https:\/\/eldigitaldeasturias.com\/magazine365#listItem","name":"Home"}},{"@type":"ListItem","@id":"https:\/\/eldigitaldeasturias.com\/magazine365\/organizan-una-ruta-de-la-tapa-en-barco-por-el-mar-menor\/#listItem","position":3,"name":"Organizan una ruta de la tapa en barco por el Mar Menor","previousItem":{"@type":"ListItem","@id":"https:\/\/eldigitaldeasturias.com\/magazine365\/category\/sabores\/#listItem","name":"Sabores"}}]},{"@type":"Organization","@id":"https:\/\/eldigitaldeasturias.com\/magazine365\/#organization","name":"El digital de Asturias","description":"Revista de ocio, turismo y estilo de vida","url":"https:\/\/eldigitaldeasturias.com\/magazine365\/","logo":{"@type":"ImageObject","url":"https:\/\/www.eldigitaldeasturias.com\/noticias\/wp-content\/uploads\/2020\/12\/EDA.jpg","@id":"https:\/\/eldigitaldeasturias.com\/magazine365\/organizan-una-ruta-de-la-tapa-en-barco-por-el-mar-menor\/#organizationLogo"},"image":{"@id":"https:\/\/eldigitaldeasturias.com\/magazine365\/organizan-una-ruta-de-la-tapa-en-barco-por-el-mar-menor\/#organizationLogo"}},{"@type":"Person","@id":"https:\/\/eldigitaldeasturias.com\/magazine365\/author\/admin\/#author","url":"https:\/\/eldigitaldeasturias.com\/magazine365\/author\/admin\/","name":"admin","image":{"@type":"ImageObject","@id":"https:\/\/eldigitaldeasturias.com\/magazine365\/organizan-una-ruta-de-la-tapa-en-barco-por-el-mar-menor\/#authorImage","url":"https:\/\/eldigitaldeasturias.com\/magazine365\/wp-content\/litespeed\/avatar\/e571bcf59a0edd6fa6838245a470f2fe.jpg?ver=1776969259","width":96,"height":96,"caption":"admin"}},{"@type":"WebPage","@id":"https:\/\/eldigitaldeasturias.com\/magazine365\/organizan-una-ruta-de-la-tapa-en-barco-por-el-mar-menor\/#webpage","url":"https:\/\/eldigitaldeasturias.com\/magazine365\/organizan-una-ruta-de-la-tapa-en-barco-por-el-mar-menor\/","name":"Organizan una ruta de la tapa en barco por el Mar Menor | El Digital de Asturias","description":"La Consejer\u00eda de Industria, Turismo, Empresa e Innovaci\u00f3n y Estrella de Levante organizan los s\u00e1bados 13 y 20 de junio una ruta de la tapa en barco por el Mar Menor con paradas en los municipios de San Pedro del Pinatar, Los Alc\u00e1zares, San Javier y Cartagena. En la presentaci\u00f3n el consejero de Industria, Turismo,","inLanguage":"es-ES","isPartOf":{"@id":"https:\/\/eldigitaldeasturias.com\/magazine365\/#website"},"breadcrumb":{"@id":"https:\/\/eldigitaldeasturias.com\/magazine365\/organizan-una-ruta-de-la-tapa-en-barco-por-el-mar-menor\/#breadcrumblist"},"author":{"@id":"https:\/\/eldigitaldeasturias.com\/magazine365\/author\/admin\/#author"},"creator":{"@id":"https:\/\/eldigitaldeasturias.com\/magazine365\/author\/admin\/#author"},"image":{"@type":"ImageObject","url":"https:\/\/eldigitaldeasturias.com\/magazine365\/wp-content\/uploads\/2015\/06\/fotonoticia_20150601150534_800.jpg","@id":"https:\/\/eldigitaldeasturias.com\/magazine365\/organizan-una-ruta-de-la-tapa-en-barco-por-el-mar-menor\/#mainImage","width":800,"height":543},"primaryImageOfPage":{"@id":"https:\/\/eldigitaldeasturias.com\/magazine365\/organizan-una-ruta-de-la-tapa-en-barco-por-el-mar-menor\/#mainImage"},"datePublished":"2015-06-04T04:30:17+02:00","dateModified":"2015-06-04T04:30:17+02:00"},{"@type":"WebSite","@id":"https:\/\/eldigitaldeasturias.com\/magazine365\/#website","url":"https:\/\/eldigitaldeasturias.com\/magazine365\/","name":"El Digital de Asturias","description":"Revista de ocio, turismo y estilo de vida","inLanguage":"es-ES","publisher":{"@id":"https:\/\/eldigitaldeasturias.com\/magazine365\/#organization"}}]},"og:locale":"es_ES","og:site_name":"El Digital de Asturias \u2013 Revista de ocio, turismo y estilo de vida","og:type":"article","og:title":"Organizan una ruta de la tapa en barco por el Mar Menor | El Digital de Asturias","og:description":"La Consejer\u00eda de Industria, Turismo, Empresa e Innovaci\u00f3n y Estrella de Levante organizan los s\u00e1bados 13 y 20 de junio una ruta de la tapa en barco por el Mar Menor con paradas en los municipios de San Pedro del Pinatar, Los Alc\u00e1zares, San Javier y Cartagena. En la presentaci\u00f3n el consejero de Industria, Turismo,","og:url":"https:\/\/eldigitaldeasturias.com\/magazine365\/organizan-una-ruta-de-la-tapa-en-barco-por-el-mar-menor\/","og:image":"https:\/\/eldigitaldeasturias.com\/magazine365\/wp-content\/uploads\/2015\/06\/fotonoticia_20150601150534_800.jpg","og:image:secure_url":"https:\/\/eldigitaldeasturias.com\/magazine365\/wp-content\/uploads\/2015\/06\/fotonoticia_20150601150534_800.jpg","og:image:width":800,"og:image:height":543,"article:published_time":"2015-06-04T03:00:17+00:00","article:modified_time":"2015-06-04T03:00:17+00:00","twitter:card":"summary_large_image","twitter:title":"Organizan una ruta de la tapa en barco por el Mar Menor | El Digital de Asturias","twitter:description":"La Consejer\u00eda de Industria, Turismo, Empresa e Innovaci\u00f3n y Estrella de Levante organizan los s\u00e1bados 13 y 20 de junio una ruta de la tapa en barco por el Mar Menor con paradas en los municipios de San Pedro del Pinatar, Los Alc\u00e1zares, San Javier y Cartagena. En la presentaci\u00f3n el consejero de Industria, Turismo,","twitter:image":"https:\/\/eldigitaldeasturias.com\/magazine365\/wp-content\/uploads\/2015\/06\/fotonoticia_20150601150534_800.jpg"},"aioseo_meta_data":{"post_id":"38599","title":null,"description":null,"keywords":null,"keyphrases":null,"primary_term":null,"canonical_url":null,"og_title":null,"og_description":null,"og_object_type":"default","og_image_type":"default","og_image_url":null,"og_image_width":null,"og_image_height":null,"og_image_custom_url":null,"og_image_custom_fields":null,"og_video":null,"og_custom_url":null,"og_article_section":null,"og_article_tags":null,"twitter_use_og":false,"twitter_card":"default","twitter_image_type":"default","twitter_image_url":null,"twitter_image_custom_url":null,"twitter_image_custom_fields":null,"twitter_title":null,"twitter_description":null,"schema":{"blockGraphs":[],"customGraphs":[],"default":{"data":{"Article":[],"Course":[],"Dataset":[],"FAQPage":[],"Movie":[],"Person":[],"Product":[],"ProductReview":[],"Car":[],"Recipe":[],"Service":[],"SoftwareApplication":[],"WebPage":[]},"graphName":"","isEnabled":true},"graphs":[],"defaultGraph":"","defaultPostTypeGraph":""},"schema_type":null,"schema_type_options":null,"pillar_content":false,"robots_default":true,"robots_noindex":false,"robots_noarchive":false,"robots_nosnippet":false,"robots_nofollow":false,"robots_noimageindex":false,"robots_noodp":false,"robots_notranslate":false,"robots_max_snippet":null,"robots_max_videopreview":null,"robots_max_imagepreview":"large","priority":null,"frequency":null,"location":null,"local_seo":null,"seo_analyzer_scan_date":"2025-09-19 09:53:54","breadcrumb_settings":null,"limit_modified_date":false,"open_ai":null,"ai":null,"created":"2021-03-09 02:51:41","updated":"2025-09-19 09:53:54"},"aioseo_breadcrumb":"<div class=\"aioseo-breadcrumbs\"><span class=\"aioseo-breadcrumb\">\n\t<a href=\"https:\/\/eldigitaldeasturias.com\/magazine365\" title=\"Home\">Home<\/a>\n<\/span><span class=\"aioseo-breadcrumb-separator\">\u2013<\/span><span class=\"aioseo-breadcrumb\">\n\t<a href=\"https:\/\/eldigitaldeasturias.com\/magazine365\/category\/sabores\/\" title=\"Sabores\">Sabores<\/a>\n<\/span><span class=\"aioseo-breadcrumb-separator\">\u2013<\/span><span class=\"aioseo-breadcrumb\">\n\t<a href=\"https:\/\/eldigitaldeasturias.com\/magazine365\/organizan-una-ruta-de-la-tapa-en-barco-por-el-mar-menor\/\" title=\"Organizan una ruta de la tapa en barco por el Mar Menor\">Organizan una ruta de la tapa en barco por el Mar Menor<\/a>\n<\/span><\/div>","aioseo_breadcrumb_json":[{"label":"Home","link":"https:\/\/eldigitaldeasturias.com\/magazine365"},{"label":"Sabores","link":"https:\/\/eldigitaldeasturias.com\/magazine365\/category\/sabores\/"},{"label":"Organizan una ruta de la tapa en barco por el Mar Menor","link":"https:\/\/eldigitaldeasturias.com\/magazine365\/organizan-una-ruta-de-la-tapa-en-barco-por-el-mar-menor\/"}],"_links":{"self":[{"href":"https:\/\/eldigitaldeasturias.com\/magazine365\/wp-json\/wp\/v2\/posts\/38599","targetHints":{"allow":["GET"]}}],"collection":[{"href":"https:\/\/eldigitaldeasturias.com\/magazine365\/wp-json\/wp\/v2\/posts"}],"about":[{"href":"https:\/\/eldigitaldeasturias.com\/magazine365\/wp-json\/wp\/v2\/types\/post"}],"author":[{"embeddable":true,"href":"https:\/\/eldigitaldeasturias.com\/magazine365\/wp-json\/wp\/v2\/users\/1"}],"replies":[{"embeddable":true,"href":"https:\/\/eldigitaldeasturias.com\/magazine365\/wp-json\/wp\/v2\/comments?post=38599"}],"version-history":[{"count":0,"href":"https:\/\/eldigitaldeasturias.com\/magazine365\/wp-json\/wp\/v2\/posts\/38599\/revisions"}],"wp:featuredmedia":[{"embeddable":true,"href":"https:\/\/eldigitaldeasturias.com\/magazine365\/wp-json\/wp\/v2\/media\/38600"}],"wp:attachment":[{"href":"https:\/\/eldigitaldeasturias.com\/magazine365\/wp-json\/wp\/v2\/media?parent=38599"}],"wp:term":[{"taxonomy":"category","embeddable":true,"href":"https:\/\/eldigitaldeasturias.com\/magazine365\/wp-json\/wp\/v2\/categories?post=38599"},{"taxonomy":"post_tag","embeddable":true,"href":"https:\/\/eldigitaldeasturias.com\/magazine365\/wp-json\/wp\/v2\/tags?post=38599"}],"curies":[{"name":"wp","href":"https:\/\/api.w.org\/{rel}","templated":true}]}}