{"id":38593,"date":"2015-06-04T04:27:01","date_gmt":"2015-06-04T02:57:01","guid":{"rendered":"http:\/\/eldigitaldeasturias.com\/magazine365\/?p=38593"},"modified":"2015-06-04T04:27:01","modified_gmt":"2015-06-04T02:57:01","slug":"airbus-nombra-a-antonio-rueda-director-de-su-planta-en-puerto-real","status":"publish","type":"post","link":"https:\/\/eldigitaldeasturias.com\/magazine365\/airbus-nombra-a-antonio-rueda-director-de-su-planta-en-puerto-real\/","title":{"rendered":"Airbus nombra a Antonio Rueda director de su planta en Puerto Real"},"content":{"rendered":"<p><img fetchpriority=\"high\" decoding=\"async\" class=\"alignleft size-medium wp-image-38594\" src=\"https:\/\/eldigitaldeasturias.com\/magazine365\/wp-content\/uploads\/2015\/06\/fotonoticia_20150601142849_800-200x300.jpg\" alt=\"fotonoticia_20150601142849_800\" width=\"200\" height=\"300\" srcset=\"https:\/\/eldigitaldeasturias.com\/magazine365\/wp-content\/uploads\/2015\/06\/fotonoticia_20150601142849_800-200x300.jpg 200w, https:\/\/eldigitaldeasturias.com\/magazine365\/wp-content\/uploads\/2015\/06\/fotonoticia_20150601142849_800-426x640.jpg 426w, https:\/\/eldigitaldeasturias.com\/magazine365\/wp-content\/uploads\/2015\/06\/fotonoticia_20150601142849_800-768x1154.jpg 768w, https:\/\/eldigitaldeasturias.com\/magazine365\/wp-content\/uploads\/2015\/06\/fotonoticia_20150601142849_800-150x225.jpg 150w, https:\/\/eldigitaldeasturias.com\/magazine365\/wp-content\/uploads\/2015\/06\/fotonoticia_20150601142849_800-450x676.jpg 450w, https:\/\/eldigitaldeasturias.com\/magazine365\/wp-content\/uploads\/2015\/06\/fotonoticia_20150601142849_800-696x1046.jpg 696w, https:\/\/eldigitaldeasturias.com\/magazine365\/wp-content\/uploads\/2015\/06\/fotonoticia_20150601142849_800-280x420.jpg 280w, https:\/\/eldigitaldeasturias.com\/magazine365\/wp-content\/uploads\/2015\/06\/fotonoticia_20150601142849_800.jpg 800w\" sizes=\"(max-width: 200px) 100vw, 200px\" \/>Antonio Rueda ha sido nombrado director de la planta de Airbus en Puerto Real (C\u00e1diz), convirti\u00e9ndose desde este lunes en responsable de todas las actividades de Airbus en la planta.<\/p>\n<p>En una nota, Airbus detalla que hasta la fecha se responsabilizaba, dentro del \u00e1rea de programas, del desarrollo de los componentes del fuselaje posterior del nuevo avi\u00f3n A350 XWB-1000 en la planta de Airbus en Getafe, Madrid.<\/p>\n<p>Sustituye en el cargo a Jes\u00fas L\u00f3pez Medina, quien ocupar\u00e1 un puesto estrat\u00e9gico dentro de la empresa cuyo objetivo ser\u00e1 impulsar la competitividad con car\u00e1cter global en todas las plantas de Airbus en el mundo.<\/p>\n<p>Ingeniero aeron\u00e1utico por la Universidad Polit\u00e9cnica de Madrid, Antonio Rueda empez\u00f3 su trayectoria profesional como becario de Calidad en EADS CASA en el a\u00f1o 2000. Posteriormente, en 2001, asumi\u00f3 la responsabilidad de industrializaci\u00f3n de las secciones 19 y 19.1 (cono de cola del avi\u00f3n) del A380.<\/p>\n<p>Desde entonces ha asumido distintos puestos de responsabilidad en \u00e1reas tales como Montaje, donde fue responsable de la S19 el A380; Performance &amp; Improvement, donde control\u00f3 la gesti\u00f3n de las inversiones y fue el responsable del despliegue de la filosof\u00eda Lean Manufacturing por vez primera en Airbus; o como agente de cambio cultural en Recursos Humanos a nivel corporativo, hasta llegar en 2011 al programa A350.<\/p>\n<p>La planta de Airbus en Puerto Real, es una de las tres plantas que Airbus Operations S.L. tiene en Espa\u00f1a. Antonio Rueda ser\u00e1 responsable de las operaciones de la planta, que en la actualidad fabrica y entrega el estabilizador horizontal y el carenado ventral del A380 a la l\u00ednea de montaje final de Toulouse, as\u00ed como el tim\u00f3n de altura y de direcci\u00f3n de la misma familia de aviones.<\/p>\n<p>La planta de Puerto Real tambi\u00e9n fabrica los timones de altura y los cajones laterales del estabilizador horizontal de la familia de aviones de largo alcance, as\u00ed como del nuevo avi\u00f3n A350XWB.<\/p>\n<p>Estas instalaciones destacan dentro de Airbus por ser unas de las m\u00e1s innovadoras y modernas en su aplicaci\u00f3n de la filosof\u00eda &#8216;lean&#8217; de fabricaci\u00f3n y es un referente en procesos automatizados.<\/p>\n","protected":false},"excerpt":{"rendered":"<p>Antonio Rueda ha sido nombrado director de la planta de Airbus en Puerto Real (C\u00e1diz), convirti\u00e9ndose desde este lunes en responsable de todas las actividades de Airbus en la planta. En una nota, Airbus detalla que hasta la fecha se responsabilizaba, dentro del \u00e1rea de programas, del desarrollo de los componentes del fuselaje posterior del<\/p>\n","protected":false},"author":1,"featured_media":38594,"comment_status":"open","ping_status":"closed","sticky":false,"template":"","format":"standard","meta":{"footnotes":""},"categories":[224],"tags":[],"class_list":{"0":"post-38593","1":"post","2":"type-post","3":"status-publish","4":"format-standard","5":"has-post-thumbnail","7":"category-noticias-actualidad"},"aioseo_notices":[],"aioseo_head":"\n\t\t<!-- All in One SEO Pro 4.9.6.1 - aioseo.com -->\n\t<meta name=\"description\" content=\"Antonio Rueda ha sido nombrado director de la planta de Airbus en Puerto Real (C\u00e1diz), convirti\u00e9ndose desde este lunes en responsable de todas las actividades de Airbus en la planta. En una nota, Airbus detalla que hasta la fecha se responsabilizaba, dentro del \u00e1rea de programas, del desarrollo de los componentes del fuselaje posterior del\" \/>\n\t<meta name=\"robots\" content=\"max-image-preview:large\" \/>\n\t<meta name=\"author\" content=\"admin\"\/>\n\t<meta name=\"google-site-verification\" content=\"UA-38556648-1\" \/>\n\t<meta name=\"keywords\" content=\"noticias y actualidad\" \/>\n\t<link rel=\"canonical\" href=\"https:\/\/eldigitaldeasturias.com\/magazine365\/airbus-nombra-a-antonio-rueda-director-de-su-planta-en-puerto-real\/\" \/>\n\t<meta name=\"generator\" content=\"All in One SEO Pro (AIOSEO) 4.9.6.1\" \/>\n\t\t<meta property=\"og:locale\" content=\"es_ES\" \/>\n\t\t<meta property=\"og:site_name\" content=\"El Digital de Asturias \u2013 Revista de ocio, turismo y estilo de vida\" \/>\n\t\t<meta property=\"og:type\" content=\"article\" \/>\n\t\t<meta property=\"og:title\" content=\"Airbus nombra a Antonio Rueda director de su planta en Puerto Real | El Digital de Asturias\" \/>\n\t\t<meta property=\"og:description\" content=\"Antonio Rueda ha sido nombrado director de la planta de Airbus en Puerto Real (C\u00e1diz), convirti\u00e9ndose desde este lunes en responsable de todas las actividades de Airbus en la planta. En una nota, Airbus detalla que hasta la fecha se responsabilizaba, dentro del \u00e1rea de programas, del desarrollo de los componentes del fuselaje posterior del\" \/>\n\t\t<meta property=\"og:url\" content=\"https:\/\/eldigitaldeasturias.com\/magazine365\/airbus-nombra-a-antonio-rueda-director-de-su-planta-en-puerto-real\/\" \/>\n\t\t<meta property=\"og:image\" content=\"https:\/\/eldigitaldeasturias.com\/magazine365\/wp-content\/uploads\/2015\/06\/fotonoticia_20150601142849_800.jpg\" \/>\n\t\t<meta property=\"og:image:secure_url\" content=\"https:\/\/eldigitaldeasturias.com\/magazine365\/wp-content\/uploads\/2015\/06\/fotonoticia_20150601142849_800.jpg\" \/>\n\t\t<meta property=\"og:image:width\" content=\"800\" \/>\n\t\t<meta property=\"og:image:height\" content=\"1202\" \/>\n\t\t<meta property=\"article:published_time\" content=\"2015-06-04T02:57:01+00:00\" \/>\n\t\t<meta property=\"article:modified_time\" content=\"2015-06-04T02:57:01+00:00\" \/>\n\t\t<meta name=\"twitter:card\" content=\"summary_large_image\" \/>\n\t\t<meta name=\"twitter:title\" content=\"Airbus nombra a Antonio Rueda director de su planta en Puerto Real | El Digital de Asturias\" \/>\n\t\t<meta name=\"twitter:description\" content=\"Antonio Rueda ha sido nombrado director de la planta de Airbus en Puerto Real (C\u00e1diz), convirti\u00e9ndose desde este lunes en responsable de todas las actividades de Airbus en la planta. En una nota, Airbus detalla que hasta la fecha se responsabilizaba, dentro del \u00e1rea de programas, del desarrollo de los componentes del fuselaje posterior del\" \/>\n\t\t<meta name=\"twitter:image\" content=\"https:\/\/eldigitaldeasturias.com\/magazine365\/wp-content\/uploads\/2015\/06\/fotonoticia_20150601142849_800.jpg\" \/>\n\t\t<script type=\"application\/ld+json\" class=\"aioseo-schema\">\n\t\t\t{\"@context\":\"https:\\\/\\\/schema.org\",\"@graph\":[{\"@type\":\"Article\",\"@id\":\"https:\\\/\\\/eldigitaldeasturias.com\\\/magazine365\\\/airbus-nombra-a-antonio-rueda-director-de-su-planta-en-puerto-real\\\/#article\",\"name\":\"Airbus nombra a Antonio Rueda director de su planta en Puerto Real | El Digital de Asturias\",\"headline\":\"Airbus nombra a Antonio Rueda director de su planta en Puerto Real\",\"author\":{\"@id\":\"https:\\\/\\\/eldigitaldeasturias.com\\\/magazine365\\\/author\\\/admin\\\/#author\"},\"publisher\":{\"@id\":\"https:\\\/\\\/eldigitaldeasturias.com\\\/magazine365\\\/#organization\"},\"image\":{\"@type\":\"ImageObject\",\"url\":\"https:\\\/\\\/eldigitaldeasturias.com\\\/magazine365\\\/wp-content\\\/uploads\\\/2015\\\/06\\\/fotonoticia_20150601142849_800.jpg\",\"width\":800,\"height\":1202},\"datePublished\":\"2015-06-04T04:27:01+02:00\",\"dateModified\":\"2015-06-04T04:27:01+02:00\",\"inLanguage\":\"es-ES\",\"mainEntityOfPage\":{\"@id\":\"https:\\\/\\\/eldigitaldeasturias.com\\\/magazine365\\\/airbus-nombra-a-antonio-rueda-director-de-su-planta-en-puerto-real\\\/#webpage\"},\"isPartOf\":{\"@id\":\"https:\\\/\\\/eldigitaldeasturias.com\\\/magazine365\\\/airbus-nombra-a-antonio-rueda-director-de-su-planta-en-puerto-real\\\/#webpage\"},\"articleSection\":\"Noticias y Actualidad\"},{\"@type\":\"BreadcrumbList\",\"@id\":\"https:\\\/\\\/eldigitaldeasturias.com\\\/magazine365\\\/airbus-nombra-a-antonio-rueda-director-de-su-planta-en-puerto-real\\\/#breadcrumblist\",\"itemListElement\":[{\"@type\":\"ListItem\",\"@id\":\"https:\\\/\\\/eldigitaldeasturias.com\\\/magazine365#listItem\",\"position\":1,\"name\":\"Home\",\"item\":\"https:\\\/\\\/eldigitaldeasturias.com\\\/magazine365\",\"nextItem\":{\"@type\":\"ListItem\",\"@id\":\"https:\\\/\\\/eldigitaldeasturias.com\\\/magazine365\\\/category\\\/noticias-actualidad\\\/#listItem\",\"name\":\"Noticias y Actualidad\"}},{\"@type\":\"ListItem\",\"@id\":\"https:\\\/\\\/eldigitaldeasturias.com\\\/magazine365\\\/category\\\/noticias-actualidad\\\/#listItem\",\"position\":2,\"name\":\"Noticias y Actualidad\",\"item\":\"https:\\\/\\\/eldigitaldeasturias.com\\\/magazine365\\\/category\\\/noticias-actualidad\\\/\",\"nextItem\":{\"@type\":\"ListItem\",\"@id\":\"https:\\\/\\\/eldigitaldeasturias.com\\\/magazine365\\\/airbus-nombra-a-antonio-rueda-director-de-su-planta-en-puerto-real\\\/#listItem\",\"name\":\"Airbus nombra a Antonio Rueda director de su planta en Puerto Real\"},\"previousItem\":{\"@type\":\"ListItem\",\"@id\":\"https:\\\/\\\/eldigitaldeasturias.com\\\/magazine365#listItem\",\"name\":\"Home\"}},{\"@type\":\"ListItem\",\"@id\":\"https:\\\/\\\/eldigitaldeasturias.com\\\/magazine365\\\/airbus-nombra-a-antonio-rueda-director-de-su-planta-en-puerto-real\\\/#listItem\",\"position\":3,\"name\":\"Airbus nombra a Antonio Rueda director de su planta en Puerto Real\",\"previousItem\":{\"@type\":\"ListItem\",\"@id\":\"https:\\\/\\\/eldigitaldeasturias.com\\\/magazine365\\\/category\\\/noticias-actualidad\\\/#listItem\",\"name\":\"Noticias y Actualidad\"}}]},{\"@type\":\"Organization\",\"@id\":\"https:\\\/\\\/eldigitaldeasturias.com\\\/magazine365\\\/#organization\",\"name\":\"El digital de Asturias\",\"description\":\"Revista de ocio, turismo y estilo de vida\",\"url\":\"https:\\\/\\\/eldigitaldeasturias.com\\\/magazine365\\\/\",\"logo\":{\"@type\":\"ImageObject\",\"url\":\"https:\\\/\\\/www.eldigitaldeasturias.com\\\/noticias\\\/wp-content\\\/uploads\\\/2020\\\/12\\\/EDA.jpg\",\"@id\":\"https:\\\/\\\/eldigitaldeasturias.com\\\/magazine365\\\/airbus-nombra-a-antonio-rueda-director-de-su-planta-en-puerto-real\\\/#organizationLogo\"},\"image\":{\"@id\":\"https:\\\/\\\/eldigitaldeasturias.com\\\/magazine365\\\/airbus-nombra-a-antonio-rueda-director-de-su-planta-en-puerto-real\\\/#organizationLogo\"}},{\"@type\":\"Person\",\"@id\":\"https:\\\/\\\/eldigitaldeasturias.com\\\/magazine365\\\/author\\\/admin\\\/#author\",\"url\":\"https:\\\/\\\/eldigitaldeasturias.com\\\/magazine365\\\/author\\\/admin\\\/\",\"name\":\"admin\",\"image\":{\"@type\":\"ImageObject\",\"@id\":\"https:\\\/\\\/eldigitaldeasturias.com\\\/magazine365\\\/airbus-nombra-a-antonio-rueda-director-de-su-planta-en-puerto-real\\\/#authorImage\",\"url\":\"https:\\\/\\\/eldigitaldeasturias.com\\\/magazine365\\\/wp-content\\\/litespeed\\\/avatar\\\/e571bcf59a0edd6fa6838245a470f2fe.jpg?ver=1776969259\",\"width\":96,\"height\":96,\"caption\":\"admin\"}},{\"@type\":\"WebPage\",\"@id\":\"https:\\\/\\\/eldigitaldeasturias.com\\\/magazine365\\\/airbus-nombra-a-antonio-rueda-director-de-su-planta-en-puerto-real\\\/#webpage\",\"url\":\"https:\\\/\\\/eldigitaldeasturias.com\\\/magazine365\\\/airbus-nombra-a-antonio-rueda-director-de-su-planta-en-puerto-real\\\/\",\"name\":\"Airbus nombra a Antonio Rueda director de su planta en Puerto Real | El Digital de Asturias\",\"description\":\"Antonio Rueda ha sido nombrado director de la planta de Airbus en Puerto Real (C\\u00e1diz), convirti\\u00e9ndose desde este lunes en responsable de todas las actividades de Airbus en la planta. En una nota, Airbus detalla que hasta la fecha se responsabilizaba, dentro del \\u00e1rea de programas, del desarrollo de los componentes del fuselaje posterior del\",\"inLanguage\":\"es-ES\",\"isPartOf\":{\"@id\":\"https:\\\/\\\/eldigitaldeasturias.com\\\/magazine365\\\/#website\"},\"breadcrumb\":{\"@id\":\"https:\\\/\\\/eldigitaldeasturias.com\\\/magazine365\\\/airbus-nombra-a-antonio-rueda-director-de-su-planta-en-puerto-real\\\/#breadcrumblist\"},\"author\":{\"@id\":\"https:\\\/\\\/eldigitaldeasturias.com\\\/magazine365\\\/author\\\/admin\\\/#author\"},\"creator\":{\"@id\":\"https:\\\/\\\/eldigitaldeasturias.com\\\/magazine365\\\/author\\\/admin\\\/#author\"},\"image\":{\"@type\":\"ImageObject\",\"url\":\"https:\\\/\\\/eldigitaldeasturias.com\\\/magazine365\\\/wp-content\\\/uploads\\\/2015\\\/06\\\/fotonoticia_20150601142849_800.jpg\",\"@id\":\"https:\\\/\\\/eldigitaldeasturias.com\\\/magazine365\\\/airbus-nombra-a-antonio-rueda-director-de-su-planta-en-puerto-real\\\/#mainImage\",\"width\":800,\"height\":1202},\"primaryImageOfPage\":{\"@id\":\"https:\\\/\\\/eldigitaldeasturias.com\\\/magazine365\\\/airbus-nombra-a-antonio-rueda-director-de-su-planta-en-puerto-real\\\/#mainImage\"},\"datePublished\":\"2015-06-04T04:27:01+02:00\",\"dateModified\":\"2015-06-04T04:27:01+02:00\"},{\"@type\":\"WebSite\",\"@id\":\"https:\\\/\\\/eldigitaldeasturias.com\\\/magazine365\\\/#website\",\"url\":\"https:\\\/\\\/eldigitaldeasturias.com\\\/magazine365\\\/\",\"name\":\"El Digital de Asturias\",\"description\":\"Revista de ocio, turismo y estilo de vida\",\"inLanguage\":\"es-ES\",\"publisher\":{\"@id\":\"https:\\\/\\\/eldigitaldeasturias.com\\\/magazine365\\\/#organization\"}}]}\n\t\t<\/script>\n\t\t<!-- All in One SEO Pro -->\r\n\t\t<title>Airbus nombra a Antonio Rueda director de su planta en Puerto Real | El Digital de Asturias<\/title>\n\n","aioseo_head_json":{"title":"Airbus nombra a Antonio Rueda director de su planta en Puerto Real | El Digital de Asturias","description":"Antonio Rueda ha sido nombrado director de la planta de Airbus en Puerto Real (C\u00e1diz), convirti\u00e9ndose desde este lunes en responsable de todas las actividades de Airbus en la planta. En una nota, Airbus detalla que hasta la fecha se responsabilizaba, dentro del \u00e1rea de programas, del desarrollo de los componentes del fuselaje posterior del","canonical_url":"https:\/\/eldigitaldeasturias.com\/magazine365\/airbus-nombra-a-antonio-rueda-director-de-su-planta-en-puerto-real\/","robots":"max-image-preview:large","keywords":"noticias y actualidad","webmasterTools":{"google-site-verification":"UA-38556648-1","miscellaneous":""},"schema":{"@context":"https:\/\/schema.org","@graph":[{"@type":"Article","@id":"https:\/\/eldigitaldeasturias.com\/magazine365\/airbus-nombra-a-antonio-rueda-director-de-su-planta-en-puerto-real\/#article","name":"Airbus nombra a Antonio Rueda director de su planta en Puerto Real | El Digital de Asturias","headline":"Airbus nombra a Antonio Rueda director de su planta en Puerto Real","author":{"@id":"https:\/\/eldigitaldeasturias.com\/magazine365\/author\/admin\/#author"},"publisher":{"@id":"https:\/\/eldigitaldeasturias.com\/magazine365\/#organization"},"image":{"@type":"ImageObject","url":"https:\/\/eldigitaldeasturias.com\/magazine365\/wp-content\/uploads\/2015\/06\/fotonoticia_20150601142849_800.jpg","width":800,"height":1202},"datePublished":"2015-06-04T04:27:01+02:00","dateModified":"2015-06-04T04:27:01+02:00","inLanguage":"es-ES","mainEntityOfPage":{"@id":"https:\/\/eldigitaldeasturias.com\/magazine365\/airbus-nombra-a-antonio-rueda-director-de-su-planta-en-puerto-real\/#webpage"},"isPartOf":{"@id":"https:\/\/eldigitaldeasturias.com\/magazine365\/airbus-nombra-a-antonio-rueda-director-de-su-planta-en-puerto-real\/#webpage"},"articleSection":"Noticias y Actualidad"},{"@type":"BreadcrumbList","@id":"https:\/\/eldigitaldeasturias.com\/magazine365\/airbus-nombra-a-antonio-rueda-director-de-su-planta-en-puerto-real\/#breadcrumblist","itemListElement":[{"@type":"ListItem","@id":"https:\/\/eldigitaldeasturias.com\/magazine365#listItem","position":1,"name":"Home","item":"https:\/\/eldigitaldeasturias.com\/magazine365","nextItem":{"@type":"ListItem","@id":"https:\/\/eldigitaldeasturias.com\/magazine365\/category\/noticias-actualidad\/#listItem","name":"Noticias y Actualidad"}},{"@type":"ListItem","@id":"https:\/\/eldigitaldeasturias.com\/magazine365\/category\/noticias-actualidad\/#listItem","position":2,"name":"Noticias y Actualidad","item":"https:\/\/eldigitaldeasturias.com\/magazine365\/category\/noticias-actualidad\/","nextItem":{"@type":"ListItem","@id":"https:\/\/eldigitaldeasturias.com\/magazine365\/airbus-nombra-a-antonio-rueda-director-de-su-planta-en-puerto-real\/#listItem","name":"Airbus nombra a Antonio Rueda director de su planta en Puerto Real"},"previousItem":{"@type":"ListItem","@id":"https:\/\/eldigitaldeasturias.com\/magazine365#listItem","name":"Home"}},{"@type":"ListItem","@id":"https:\/\/eldigitaldeasturias.com\/magazine365\/airbus-nombra-a-antonio-rueda-director-de-su-planta-en-puerto-real\/#listItem","position":3,"name":"Airbus nombra a Antonio Rueda director de su planta en Puerto Real","previousItem":{"@type":"ListItem","@id":"https:\/\/eldigitaldeasturias.com\/magazine365\/category\/noticias-actualidad\/#listItem","name":"Noticias y Actualidad"}}]},{"@type":"Organization","@id":"https:\/\/eldigitaldeasturias.com\/magazine365\/#organization","name":"El digital de Asturias","description":"Revista de ocio, turismo y estilo de vida","url":"https:\/\/eldigitaldeasturias.com\/magazine365\/","logo":{"@type":"ImageObject","url":"https:\/\/www.eldigitaldeasturias.com\/noticias\/wp-content\/uploads\/2020\/12\/EDA.jpg","@id":"https:\/\/eldigitaldeasturias.com\/magazine365\/airbus-nombra-a-antonio-rueda-director-de-su-planta-en-puerto-real\/#organizationLogo"},"image":{"@id":"https:\/\/eldigitaldeasturias.com\/magazine365\/airbus-nombra-a-antonio-rueda-director-de-su-planta-en-puerto-real\/#organizationLogo"}},{"@type":"Person","@id":"https:\/\/eldigitaldeasturias.com\/magazine365\/author\/admin\/#author","url":"https:\/\/eldigitaldeasturias.com\/magazine365\/author\/admin\/","name":"admin","image":{"@type":"ImageObject","@id":"https:\/\/eldigitaldeasturias.com\/magazine365\/airbus-nombra-a-antonio-rueda-director-de-su-planta-en-puerto-real\/#authorImage","url":"https:\/\/eldigitaldeasturias.com\/magazine365\/wp-content\/litespeed\/avatar\/e571bcf59a0edd6fa6838245a470f2fe.jpg?ver=1776969259","width":96,"height":96,"caption":"admin"}},{"@type":"WebPage","@id":"https:\/\/eldigitaldeasturias.com\/magazine365\/airbus-nombra-a-antonio-rueda-director-de-su-planta-en-puerto-real\/#webpage","url":"https:\/\/eldigitaldeasturias.com\/magazine365\/airbus-nombra-a-antonio-rueda-director-de-su-planta-en-puerto-real\/","name":"Airbus nombra a Antonio Rueda director de su planta en Puerto Real | El Digital de Asturias","description":"Antonio Rueda ha sido nombrado director de la planta de Airbus en Puerto Real (C\u00e1diz), convirti\u00e9ndose desde este lunes en responsable de todas las actividades de Airbus en la planta. En una nota, Airbus detalla que hasta la fecha se responsabilizaba, dentro del \u00e1rea de programas, del desarrollo de los componentes del fuselaje posterior del","inLanguage":"es-ES","isPartOf":{"@id":"https:\/\/eldigitaldeasturias.com\/magazine365\/#website"},"breadcrumb":{"@id":"https:\/\/eldigitaldeasturias.com\/magazine365\/airbus-nombra-a-antonio-rueda-director-de-su-planta-en-puerto-real\/#breadcrumblist"},"author":{"@id":"https:\/\/eldigitaldeasturias.com\/magazine365\/author\/admin\/#author"},"creator":{"@id":"https:\/\/eldigitaldeasturias.com\/magazine365\/author\/admin\/#author"},"image":{"@type":"ImageObject","url":"https:\/\/eldigitaldeasturias.com\/magazine365\/wp-content\/uploads\/2015\/06\/fotonoticia_20150601142849_800.jpg","@id":"https:\/\/eldigitaldeasturias.com\/magazine365\/airbus-nombra-a-antonio-rueda-director-de-su-planta-en-puerto-real\/#mainImage","width":800,"height":1202},"primaryImageOfPage":{"@id":"https:\/\/eldigitaldeasturias.com\/magazine365\/airbus-nombra-a-antonio-rueda-director-de-su-planta-en-puerto-real\/#mainImage"},"datePublished":"2015-06-04T04:27:01+02:00","dateModified":"2015-06-04T04:27:01+02:00"},{"@type":"WebSite","@id":"https:\/\/eldigitaldeasturias.com\/magazine365\/#website","url":"https:\/\/eldigitaldeasturias.com\/magazine365\/","name":"El Digital de Asturias","description":"Revista de ocio, turismo y estilo de vida","inLanguage":"es-ES","publisher":{"@id":"https:\/\/eldigitaldeasturias.com\/magazine365\/#organization"}}]},"og:locale":"es_ES","og:site_name":"El Digital de Asturias \u2013 Revista de ocio, turismo y estilo de vida","og:type":"article","og:title":"Airbus nombra a Antonio Rueda director de su planta en Puerto Real | El Digital de Asturias","og:description":"Antonio Rueda ha sido nombrado director de la planta de Airbus en Puerto Real (C\u00e1diz), convirti\u00e9ndose desde este lunes en responsable de todas las actividades de Airbus en la planta. En una nota, Airbus detalla que hasta la fecha se responsabilizaba, dentro del \u00e1rea de programas, del desarrollo de los componentes del fuselaje posterior del","og:url":"https:\/\/eldigitaldeasturias.com\/magazine365\/airbus-nombra-a-antonio-rueda-director-de-su-planta-en-puerto-real\/","og:image":"https:\/\/eldigitaldeasturias.com\/magazine365\/wp-content\/uploads\/2015\/06\/fotonoticia_20150601142849_800.jpg","og:image:secure_url":"https:\/\/eldigitaldeasturias.com\/magazine365\/wp-content\/uploads\/2015\/06\/fotonoticia_20150601142849_800.jpg","og:image:width":800,"og:image:height":1202,"article:published_time":"2015-06-04T02:57:01+00:00","article:modified_time":"2015-06-04T02:57:01+00:00","twitter:card":"summary_large_image","twitter:title":"Airbus nombra a Antonio Rueda director de su planta en Puerto Real | El Digital de Asturias","twitter:description":"Antonio Rueda ha sido nombrado director de la planta de Airbus en Puerto Real (C\u00e1diz), convirti\u00e9ndose desde este lunes en responsable de todas las actividades de Airbus en la planta. En una nota, Airbus detalla que hasta la fecha se responsabilizaba, dentro del \u00e1rea de programas, del desarrollo de los componentes del fuselaje posterior del","twitter:image":"https:\/\/eldigitaldeasturias.com\/magazine365\/wp-content\/uploads\/2015\/06\/fotonoticia_20150601142849_800.jpg"},"aioseo_meta_data":{"post_id":"38593","title":null,"description":null,"keywords":null,"keyphrases":null,"primary_term":null,"canonical_url":null,"og_title":null,"og_description":null,"og_object_type":"default","og_image_type":"default","og_image_url":null,"og_image_width":null,"og_image_height":null,"og_image_custom_url":null,"og_image_custom_fields":null,"og_video":null,"og_custom_url":null,"og_article_section":null,"og_article_tags":null,"twitter_use_og":false,"twitter_card":"default","twitter_image_type":"default","twitter_image_url":null,"twitter_image_custom_url":null,"twitter_image_custom_fields":null,"twitter_title":null,"twitter_description":null,"schema":{"blockGraphs":[],"customGraphs":[],"default":{"data":{"Article":[],"Course":[],"Dataset":[],"FAQPage":[],"Movie":[],"Person":[],"Product":[],"ProductReview":[],"Car":[],"Recipe":[],"Service":[],"SoftwareApplication":[],"WebPage":[]},"graphName":"","isEnabled":true},"graphs":[],"defaultGraph":"","defaultPostTypeGraph":""},"schema_type":null,"schema_type_options":null,"pillar_content":false,"robots_default":true,"robots_noindex":false,"robots_noarchive":false,"robots_nosnippet":false,"robots_nofollow":false,"robots_noimageindex":false,"robots_noodp":false,"robots_notranslate":false,"robots_max_snippet":null,"robots_max_videopreview":null,"robots_max_imagepreview":"large","priority":null,"frequency":null,"location":null,"local_seo":null,"seo_analyzer_scan_date":"2025-09-19 09:52:09","breadcrumb_settings":null,"limit_modified_date":false,"open_ai":null,"ai":null,"created":"2021-03-09 02:51:41","updated":"2025-09-19 09:52:09"},"aioseo_breadcrumb":"<div class=\"aioseo-breadcrumbs\"><span class=\"aioseo-breadcrumb\">\n\t<a href=\"https:\/\/eldigitaldeasturias.com\/magazine365\" title=\"Home\">Home<\/a>\n<\/span><span class=\"aioseo-breadcrumb-separator\">\u2013<\/span><span class=\"aioseo-breadcrumb\">\n\t<a href=\"https:\/\/eldigitaldeasturias.com\/magazine365\/category\/noticias-actualidad\/\" title=\"Noticias y Actualidad\">Noticias y Actualidad<\/a>\n<\/span><span class=\"aioseo-breadcrumb-separator\">\u2013<\/span><span class=\"aioseo-breadcrumb\">\n\t<a href=\"https:\/\/eldigitaldeasturias.com\/magazine365\/airbus-nombra-a-antonio-rueda-director-de-su-planta-en-puerto-real\/\" title=\"Airbus nombra a Antonio Rueda director de su planta en Puerto Real\">Airbus nombra a Antonio Rueda director de su planta en Puerto Real<\/a>\n<\/span><\/div>","aioseo_breadcrumb_json":[{"label":"Home","link":"https:\/\/eldigitaldeasturias.com\/magazine365"},{"label":"Noticias y Actualidad","link":"https:\/\/eldigitaldeasturias.com\/magazine365\/category\/noticias-actualidad\/"},{"label":"Airbus nombra a Antonio Rueda director de su planta en Puerto Real","link":"https:\/\/eldigitaldeasturias.com\/magazine365\/airbus-nombra-a-antonio-rueda-director-de-su-planta-en-puerto-real\/"}],"_links":{"self":[{"href":"https:\/\/eldigitaldeasturias.com\/magazine365\/wp-json\/wp\/v2\/posts\/38593","targetHints":{"allow":["GET"]}}],"collection":[{"href":"https:\/\/eldigitaldeasturias.com\/magazine365\/wp-json\/wp\/v2\/posts"}],"about":[{"href":"https:\/\/eldigitaldeasturias.com\/magazine365\/wp-json\/wp\/v2\/types\/post"}],"author":[{"embeddable":true,"href":"https:\/\/eldigitaldeasturias.com\/magazine365\/wp-json\/wp\/v2\/users\/1"}],"replies":[{"embeddable":true,"href":"https:\/\/eldigitaldeasturias.com\/magazine365\/wp-json\/wp\/v2\/comments?post=38593"}],"version-history":[{"count":0,"href":"https:\/\/eldigitaldeasturias.com\/magazine365\/wp-json\/wp\/v2\/posts\/38593\/revisions"}],"wp:featuredmedia":[{"embeddable":true,"href":"https:\/\/eldigitaldeasturias.com\/magazine365\/wp-json\/wp\/v2\/media\/38594"}],"wp:attachment":[{"href":"https:\/\/eldigitaldeasturias.com\/magazine365\/wp-json\/wp\/v2\/media?parent=38593"}],"wp:term":[{"taxonomy":"category","embeddable":true,"href":"https:\/\/eldigitaldeasturias.com\/magazine365\/wp-json\/wp\/v2\/categories?post=38593"},{"taxonomy":"post_tag","embeddable":true,"href":"https:\/\/eldigitaldeasturias.com\/magazine365\/wp-json\/wp\/v2\/tags?post=38593"}],"curies":[{"name":"wp","href":"https:\/\/api.w.org\/{rel}","templated":true}]}}