{"id":38577,"date":"2015-06-04T04:19:19","date_gmt":"2015-06-04T02:49:19","guid":{"rendered":"http:\/\/eldigitaldeasturias.com\/magazine365\/?p=38577"},"modified":"2015-06-04T04:19:19","modified_gmt":"2015-06-04T02:49:19","slug":"avis-hertz-atesa-europcar-y-sixt-se-reparten-el-alquiler-de-coches-en-estaciones-del-ave","status":"publish","type":"post","link":"https:\/\/eldigitaldeasturias.com\/magazine365\/avis-hertz-atesa-europcar-y-sixt-se-reparten-el-alquiler-de-coches-en-estaciones-del-ave\/","title":{"rendered":"Avis, Hertz, Atesa, Europcar y Sixt se reparten el alquiler de coches en estaciones del AVE"},"content":{"rendered":"<p><img fetchpriority=\"high\" decoding=\"async\" class=\"alignleft size-medium wp-image-38578\" src=\"https:\/\/eldigitaldeasturias.com\/magazine365\/wp-content\/uploads\/2015\/06\/fotonoticia_20150601132233_800-360x241.jpg\" alt=\"fotonoticia_20150601132233_800\" width=\"360\" height=\"241\" srcset=\"https:\/\/eldigitaldeasturias.com\/magazine365\/wp-content\/uploads\/2015\/06\/fotonoticia_20150601132233_800-360x241.jpg 360w, https:\/\/eldigitaldeasturias.com\/magazine365\/wp-content\/uploads\/2015\/06\/fotonoticia_20150601132233_800-650x436.jpg 650w, https:\/\/eldigitaldeasturias.com\/magazine365\/wp-content\/uploads\/2015\/06\/fotonoticia_20150601132233_800-768x515.jpg 768w, https:\/\/eldigitaldeasturias.com\/magazine365\/wp-content\/uploads\/2015\/06\/fotonoticia_20150601132233_800-150x101.jpg 150w, https:\/\/eldigitaldeasturias.com\/magazine365\/wp-content\/uploads\/2015\/06\/fotonoticia_20150601132233_800-450x302.jpg 450w, https:\/\/eldigitaldeasturias.com\/magazine365\/wp-content\/uploads\/2015\/06\/fotonoticia_20150601132233_800-696x466.jpg 696w, https:\/\/eldigitaldeasturias.com\/magazine365\/wp-content\/uploads\/2015\/06\/fotonoticia_20150601132233_800-627x420.jpg 627w, https:\/\/eldigitaldeasturias.com\/magazine365\/wp-content\/uploads\/2015\/06\/fotonoticia_20150601132233_800-84x55.jpg 84w, https:\/\/eldigitaldeasturias.com\/magazine365\/wp-content\/uploads\/2015\/06\/fotonoticia_20150601132233_800.jpg 800w\" sizes=\"(max-width: 360px) 100vw, 360px\" \/>Avis, Hertz, Atesa, Europcar y Sixt se han repartido los locales para alquiler de veh\u00edculos con que cuentan 24 estaciones de ferrocarril de Alta Velocidad (AVE) y que podr\u00e1n ocupar en r\u00e9gimen de alquiler durante un periodo de seis a\u00f1os y por un importe de 38 millones de euros.<\/p>\n<p>Se trata de un total de 54 tiendas para &#8216;rent a car&#8217; y los correspondientes espacios para el aparcamiento de un total de 1.112 veh\u00edculos, que Adif ha adjudicado a estas firmas a trav\u00e9s de un concurso p\u00fablico.<\/p>\n<p>Atesa, Avis y Eropcar estar\u00e1n todas ellas presentes y competir\u00e1n en las estaciones de Madrid Chamart\u00edn, Madrid Atocha, y dos de ellas en la de Barcelona Sants.<\/p>\n<p>En concreto, Atesa se ha adjudicado la explotaci\u00f3n de 19 locales en otras tantas estaciones, entre las que figuran Madrid Chamart\u00edn, Madrid Puerta de Atocha, Barcelona Sants, Zaragoza, Lleida, Tarragona, Valladolid y Valencia.<\/p>\n<p>Avis, por su parte, contar\u00e1 con 17 locales, tambi\u00e9n en las estaciones de Chamart\u00edn, Atocha, Barcelona Sants y Valladolid, adem\u00e1s de en Sevilla Santa Justa, C\u00f3rdoba, Granada, Alicante o Castell\u00f3n.<\/p>\n<p>Europcar explotar\u00e1 14 locales, en estaciones como Lleida, Palencia, Sevilla, Chamart\u00edn, Atocha o Valencia, mientras que Hertz contar\u00e1 con dos establecimientos, en Madrid Atocha y Granada, y Sixt con otros dos, ubicados en Barcelona Sants y Zaragoza Delicias.<\/p>\n","protected":false},"excerpt":{"rendered":"<p>Avis, Hertz, Atesa, Europcar y Sixt se han repartido los locales para alquiler de veh\u00edculos con que cuentan 24 estaciones de ferrocarril de Alta Velocidad (AVE) y que podr\u00e1n ocupar en r\u00e9gimen de alquiler durante un periodo de seis a\u00f1os y por un importe de 38 millones de euros. Se trata de un total de<\/p>\n","protected":false},"author":1,"featured_media":38578,"comment_status":"open","ping_status":"closed","sticky":false,"template":"","format":"standard","meta":{"footnotes":""},"categories":[224],"tags":[],"class_list":{"0":"post-38577","1":"post","2":"type-post","3":"status-publish","4":"format-standard","5":"has-post-thumbnail","7":"category-noticias-actualidad"},"aioseo_notices":[],"aioseo_head":"\n\t\t<!-- All in One SEO Pro 4.9.6.1 - aioseo.com -->\n\t<meta name=\"description\" content=\"Avis, Hertz, Atesa, Europcar y Sixt se han repartido los locales para alquiler de veh\u00edculos con que cuentan 24 estaciones de ferrocarril de Alta Velocidad (AVE) y que podr\u00e1n ocupar en r\u00e9gimen de alquiler durante un periodo de seis a\u00f1os y por un importe de 38 millones de euros. Se trata de un total de\" \/>\n\t<meta name=\"robots\" content=\"max-image-preview:large\" \/>\n\t<meta name=\"author\" content=\"admin\"\/>\n\t<meta name=\"google-site-verification\" content=\"UA-38556648-1\" \/>\n\t<meta name=\"keywords\" content=\"noticias y actualidad\" \/>\n\t<link rel=\"canonical\" href=\"https:\/\/eldigitaldeasturias.com\/magazine365\/avis-hertz-atesa-europcar-y-sixt-se-reparten-el-alquiler-de-coches-en-estaciones-del-ave\/\" \/>\n\t<meta name=\"generator\" content=\"All in One SEO Pro (AIOSEO) 4.9.6.1\" \/>\n\t\t<meta property=\"og:locale\" content=\"es_ES\" \/>\n\t\t<meta property=\"og:site_name\" content=\"El Digital de Asturias \u2013 Revista de ocio, turismo y estilo de vida\" \/>\n\t\t<meta property=\"og:type\" content=\"article\" \/>\n\t\t<meta property=\"og:title\" content=\"Avis, Hertz, Atesa, Europcar y Sixt se reparten el alquiler de coches en estaciones del AVE | El Digital de Asturias\" \/>\n\t\t<meta property=\"og:description\" content=\"Avis, Hertz, Atesa, Europcar y Sixt se han repartido los locales para alquiler de veh\u00edculos con que cuentan 24 estaciones de ferrocarril de Alta Velocidad (AVE) y que podr\u00e1n ocupar en r\u00e9gimen de alquiler durante un periodo de seis a\u00f1os y por un importe de 38 millones de euros. Se trata de un total de\" \/>\n\t\t<meta property=\"og:url\" content=\"https:\/\/eldigitaldeasturias.com\/magazine365\/avis-hertz-atesa-europcar-y-sixt-se-reparten-el-alquiler-de-coches-en-estaciones-del-ave\/\" \/>\n\t\t<meta property=\"og:image\" content=\"https:\/\/eldigitaldeasturias.com\/magazine365\/wp-content\/uploads\/2015\/06\/fotonoticia_20150601132233_800.jpg\" \/>\n\t\t<meta property=\"og:image:secure_url\" content=\"https:\/\/eldigitaldeasturias.com\/magazine365\/wp-content\/uploads\/2015\/06\/fotonoticia_20150601132233_800.jpg\" \/>\n\t\t<meta property=\"og:image:width\" content=\"800\" \/>\n\t\t<meta property=\"og:image:height\" content=\"536\" \/>\n\t\t<meta property=\"article:published_time\" content=\"2015-06-04T02:49:19+00:00\" \/>\n\t\t<meta property=\"article:modified_time\" content=\"2015-06-04T02:49:19+00:00\" \/>\n\t\t<meta name=\"twitter:card\" content=\"summary_large_image\" \/>\n\t\t<meta name=\"twitter:title\" content=\"Avis, Hertz, Atesa, Europcar y Sixt se reparten el alquiler de coches en estaciones del AVE | El Digital de Asturias\" \/>\n\t\t<meta name=\"twitter:description\" content=\"Avis, Hertz, Atesa, Europcar y Sixt se han repartido los locales para alquiler de veh\u00edculos con que cuentan 24 estaciones de ferrocarril de Alta Velocidad (AVE) y que podr\u00e1n ocupar en r\u00e9gimen de alquiler durante un periodo de seis a\u00f1os y por un importe de 38 millones de euros. Se trata de un total de\" \/>\n\t\t<meta name=\"twitter:image\" content=\"https:\/\/eldigitaldeasturias.com\/magazine365\/wp-content\/uploads\/2015\/06\/fotonoticia_20150601132233_800.jpg\" \/>\n\t\t<script type=\"application\/ld+json\" class=\"aioseo-schema\">\n\t\t\t{\"@context\":\"https:\\\/\\\/schema.org\",\"@graph\":[{\"@type\":\"Article\",\"@id\":\"https:\\\/\\\/eldigitaldeasturias.com\\\/magazine365\\\/avis-hertz-atesa-europcar-y-sixt-se-reparten-el-alquiler-de-coches-en-estaciones-del-ave\\\/#article\",\"name\":\"Avis, Hertz, Atesa, Europcar y Sixt se reparten el alquiler de coches en estaciones del AVE | El Digital de Asturias\",\"headline\":\"Avis, Hertz, Atesa, Europcar y Sixt se reparten el alquiler de coches en estaciones del AVE\",\"author\":{\"@id\":\"https:\\\/\\\/eldigitaldeasturias.com\\\/magazine365\\\/author\\\/admin\\\/#author\"},\"publisher\":{\"@id\":\"https:\\\/\\\/eldigitaldeasturias.com\\\/magazine365\\\/#organization\"},\"image\":{\"@type\":\"ImageObject\",\"url\":\"https:\\\/\\\/eldigitaldeasturias.com\\\/magazine365\\\/wp-content\\\/uploads\\\/2015\\\/06\\\/fotonoticia_20150601132233_800.jpg\",\"width\":800,\"height\":536},\"datePublished\":\"2015-06-04T04:19:19+02:00\",\"dateModified\":\"2015-06-04T04:19:19+02:00\",\"inLanguage\":\"es-ES\",\"mainEntityOfPage\":{\"@id\":\"https:\\\/\\\/eldigitaldeasturias.com\\\/magazine365\\\/avis-hertz-atesa-europcar-y-sixt-se-reparten-el-alquiler-de-coches-en-estaciones-del-ave\\\/#webpage\"},\"isPartOf\":{\"@id\":\"https:\\\/\\\/eldigitaldeasturias.com\\\/magazine365\\\/avis-hertz-atesa-europcar-y-sixt-se-reparten-el-alquiler-de-coches-en-estaciones-del-ave\\\/#webpage\"},\"articleSection\":\"Noticias y Actualidad\"},{\"@type\":\"BreadcrumbList\",\"@id\":\"https:\\\/\\\/eldigitaldeasturias.com\\\/magazine365\\\/avis-hertz-atesa-europcar-y-sixt-se-reparten-el-alquiler-de-coches-en-estaciones-del-ave\\\/#breadcrumblist\",\"itemListElement\":[{\"@type\":\"ListItem\",\"@id\":\"https:\\\/\\\/eldigitaldeasturias.com\\\/magazine365#listItem\",\"position\":1,\"name\":\"Home\",\"item\":\"https:\\\/\\\/eldigitaldeasturias.com\\\/magazine365\",\"nextItem\":{\"@type\":\"ListItem\",\"@id\":\"https:\\\/\\\/eldigitaldeasturias.com\\\/magazine365\\\/category\\\/noticias-actualidad\\\/#listItem\",\"name\":\"Noticias y Actualidad\"}},{\"@type\":\"ListItem\",\"@id\":\"https:\\\/\\\/eldigitaldeasturias.com\\\/magazine365\\\/category\\\/noticias-actualidad\\\/#listItem\",\"position\":2,\"name\":\"Noticias y Actualidad\",\"item\":\"https:\\\/\\\/eldigitaldeasturias.com\\\/magazine365\\\/category\\\/noticias-actualidad\\\/\",\"nextItem\":{\"@type\":\"ListItem\",\"@id\":\"https:\\\/\\\/eldigitaldeasturias.com\\\/magazine365\\\/avis-hertz-atesa-europcar-y-sixt-se-reparten-el-alquiler-de-coches-en-estaciones-del-ave\\\/#listItem\",\"name\":\"Avis, Hertz, Atesa, Europcar y Sixt se reparten el alquiler de coches en estaciones del AVE\"},\"previousItem\":{\"@type\":\"ListItem\",\"@id\":\"https:\\\/\\\/eldigitaldeasturias.com\\\/magazine365#listItem\",\"name\":\"Home\"}},{\"@type\":\"ListItem\",\"@id\":\"https:\\\/\\\/eldigitaldeasturias.com\\\/magazine365\\\/avis-hertz-atesa-europcar-y-sixt-se-reparten-el-alquiler-de-coches-en-estaciones-del-ave\\\/#listItem\",\"position\":3,\"name\":\"Avis, Hertz, Atesa, Europcar y Sixt se reparten el alquiler de coches en estaciones del AVE\",\"previousItem\":{\"@type\":\"ListItem\",\"@id\":\"https:\\\/\\\/eldigitaldeasturias.com\\\/magazine365\\\/category\\\/noticias-actualidad\\\/#listItem\",\"name\":\"Noticias y Actualidad\"}}]},{\"@type\":\"Organization\",\"@id\":\"https:\\\/\\\/eldigitaldeasturias.com\\\/magazine365\\\/#organization\",\"name\":\"El digital de Asturias\",\"description\":\"Revista de ocio, turismo y estilo de vida\",\"url\":\"https:\\\/\\\/eldigitaldeasturias.com\\\/magazine365\\\/\",\"logo\":{\"@type\":\"ImageObject\",\"url\":\"https:\\\/\\\/www.eldigitaldeasturias.com\\\/noticias\\\/wp-content\\\/uploads\\\/2020\\\/12\\\/EDA.jpg\",\"@id\":\"https:\\\/\\\/eldigitaldeasturias.com\\\/magazine365\\\/avis-hertz-atesa-europcar-y-sixt-se-reparten-el-alquiler-de-coches-en-estaciones-del-ave\\\/#organizationLogo\"},\"image\":{\"@id\":\"https:\\\/\\\/eldigitaldeasturias.com\\\/magazine365\\\/avis-hertz-atesa-europcar-y-sixt-se-reparten-el-alquiler-de-coches-en-estaciones-del-ave\\\/#organizationLogo\"}},{\"@type\":\"Person\",\"@id\":\"https:\\\/\\\/eldigitaldeasturias.com\\\/magazine365\\\/author\\\/admin\\\/#author\",\"url\":\"https:\\\/\\\/eldigitaldeasturias.com\\\/magazine365\\\/author\\\/admin\\\/\",\"name\":\"admin\",\"image\":{\"@type\":\"ImageObject\",\"@id\":\"https:\\\/\\\/eldigitaldeasturias.com\\\/magazine365\\\/avis-hertz-atesa-europcar-y-sixt-se-reparten-el-alquiler-de-coches-en-estaciones-del-ave\\\/#authorImage\",\"url\":\"https:\\\/\\\/eldigitaldeasturias.com\\\/magazine365\\\/wp-content\\\/litespeed\\\/avatar\\\/e571bcf59a0edd6fa6838245a470f2fe.jpg?ver=1776969259\",\"width\":96,\"height\":96,\"caption\":\"admin\"}},{\"@type\":\"WebPage\",\"@id\":\"https:\\\/\\\/eldigitaldeasturias.com\\\/magazine365\\\/avis-hertz-atesa-europcar-y-sixt-se-reparten-el-alquiler-de-coches-en-estaciones-del-ave\\\/#webpage\",\"url\":\"https:\\\/\\\/eldigitaldeasturias.com\\\/magazine365\\\/avis-hertz-atesa-europcar-y-sixt-se-reparten-el-alquiler-de-coches-en-estaciones-del-ave\\\/\",\"name\":\"Avis, Hertz, Atesa, Europcar y Sixt se reparten el alquiler de coches en estaciones del AVE | El Digital de Asturias\",\"description\":\"Avis, Hertz, Atesa, Europcar y Sixt se han repartido los locales para alquiler de veh\\u00edculos con que cuentan 24 estaciones de ferrocarril de Alta Velocidad (AVE) y que podr\\u00e1n ocupar en r\\u00e9gimen de alquiler durante un periodo de seis a\\u00f1os y por un importe de 38 millones de euros. Se trata de un total de\",\"inLanguage\":\"es-ES\",\"isPartOf\":{\"@id\":\"https:\\\/\\\/eldigitaldeasturias.com\\\/magazine365\\\/#website\"},\"breadcrumb\":{\"@id\":\"https:\\\/\\\/eldigitaldeasturias.com\\\/magazine365\\\/avis-hertz-atesa-europcar-y-sixt-se-reparten-el-alquiler-de-coches-en-estaciones-del-ave\\\/#breadcrumblist\"},\"author\":{\"@id\":\"https:\\\/\\\/eldigitaldeasturias.com\\\/magazine365\\\/author\\\/admin\\\/#author\"},\"creator\":{\"@id\":\"https:\\\/\\\/eldigitaldeasturias.com\\\/magazine365\\\/author\\\/admin\\\/#author\"},\"image\":{\"@type\":\"ImageObject\",\"url\":\"https:\\\/\\\/eldigitaldeasturias.com\\\/magazine365\\\/wp-content\\\/uploads\\\/2015\\\/06\\\/fotonoticia_20150601132233_800.jpg\",\"@id\":\"https:\\\/\\\/eldigitaldeasturias.com\\\/magazine365\\\/avis-hertz-atesa-europcar-y-sixt-se-reparten-el-alquiler-de-coches-en-estaciones-del-ave\\\/#mainImage\",\"width\":800,\"height\":536},\"primaryImageOfPage\":{\"@id\":\"https:\\\/\\\/eldigitaldeasturias.com\\\/magazine365\\\/avis-hertz-atesa-europcar-y-sixt-se-reparten-el-alquiler-de-coches-en-estaciones-del-ave\\\/#mainImage\"},\"datePublished\":\"2015-06-04T04:19:19+02:00\",\"dateModified\":\"2015-06-04T04:19:19+02:00\"},{\"@type\":\"WebSite\",\"@id\":\"https:\\\/\\\/eldigitaldeasturias.com\\\/magazine365\\\/#website\",\"url\":\"https:\\\/\\\/eldigitaldeasturias.com\\\/magazine365\\\/\",\"name\":\"El Digital de Asturias\",\"description\":\"Revista de ocio, turismo y estilo de vida\",\"inLanguage\":\"es-ES\",\"publisher\":{\"@id\":\"https:\\\/\\\/eldigitaldeasturias.com\\\/magazine365\\\/#organization\"}}]}\n\t\t<\/script>\n\t\t<!-- All in One SEO Pro -->\r\n\t\t<title>Avis, Hertz, Atesa, Europcar y Sixt se reparten el alquiler de coches en estaciones del AVE | El Digital de Asturias<\/title>\n\n","aioseo_head_json":{"title":"Avis, Hertz, Atesa, Europcar y Sixt se reparten el alquiler de coches en estaciones del AVE | El Digital de Asturias","description":"Avis, Hertz, Atesa, Europcar y Sixt se han repartido los locales para alquiler de veh\u00edculos con que cuentan 24 estaciones de ferrocarril de Alta Velocidad (AVE) y que podr\u00e1n ocupar en r\u00e9gimen de alquiler durante un periodo de seis a\u00f1os y por un importe de 38 millones de euros. Se trata de un total de","canonical_url":"https:\/\/eldigitaldeasturias.com\/magazine365\/avis-hertz-atesa-europcar-y-sixt-se-reparten-el-alquiler-de-coches-en-estaciones-del-ave\/","robots":"max-image-preview:large","keywords":"noticias y actualidad","webmasterTools":{"google-site-verification":"UA-38556648-1","miscellaneous":""},"schema":{"@context":"https:\/\/schema.org","@graph":[{"@type":"Article","@id":"https:\/\/eldigitaldeasturias.com\/magazine365\/avis-hertz-atesa-europcar-y-sixt-se-reparten-el-alquiler-de-coches-en-estaciones-del-ave\/#article","name":"Avis, Hertz, Atesa, Europcar y Sixt se reparten el alquiler de coches en estaciones del AVE | El Digital de Asturias","headline":"Avis, Hertz, Atesa, Europcar y Sixt se reparten el alquiler de coches en estaciones del AVE","author":{"@id":"https:\/\/eldigitaldeasturias.com\/magazine365\/author\/admin\/#author"},"publisher":{"@id":"https:\/\/eldigitaldeasturias.com\/magazine365\/#organization"},"image":{"@type":"ImageObject","url":"https:\/\/eldigitaldeasturias.com\/magazine365\/wp-content\/uploads\/2015\/06\/fotonoticia_20150601132233_800.jpg","width":800,"height":536},"datePublished":"2015-06-04T04:19:19+02:00","dateModified":"2015-06-04T04:19:19+02:00","inLanguage":"es-ES","mainEntityOfPage":{"@id":"https:\/\/eldigitaldeasturias.com\/magazine365\/avis-hertz-atesa-europcar-y-sixt-se-reparten-el-alquiler-de-coches-en-estaciones-del-ave\/#webpage"},"isPartOf":{"@id":"https:\/\/eldigitaldeasturias.com\/magazine365\/avis-hertz-atesa-europcar-y-sixt-se-reparten-el-alquiler-de-coches-en-estaciones-del-ave\/#webpage"},"articleSection":"Noticias y Actualidad"},{"@type":"BreadcrumbList","@id":"https:\/\/eldigitaldeasturias.com\/magazine365\/avis-hertz-atesa-europcar-y-sixt-se-reparten-el-alquiler-de-coches-en-estaciones-del-ave\/#breadcrumblist","itemListElement":[{"@type":"ListItem","@id":"https:\/\/eldigitaldeasturias.com\/magazine365#listItem","position":1,"name":"Home","item":"https:\/\/eldigitaldeasturias.com\/magazine365","nextItem":{"@type":"ListItem","@id":"https:\/\/eldigitaldeasturias.com\/magazine365\/category\/noticias-actualidad\/#listItem","name":"Noticias y Actualidad"}},{"@type":"ListItem","@id":"https:\/\/eldigitaldeasturias.com\/magazine365\/category\/noticias-actualidad\/#listItem","position":2,"name":"Noticias y Actualidad","item":"https:\/\/eldigitaldeasturias.com\/magazine365\/category\/noticias-actualidad\/","nextItem":{"@type":"ListItem","@id":"https:\/\/eldigitaldeasturias.com\/magazine365\/avis-hertz-atesa-europcar-y-sixt-se-reparten-el-alquiler-de-coches-en-estaciones-del-ave\/#listItem","name":"Avis, Hertz, Atesa, Europcar y Sixt se reparten el alquiler de coches en estaciones del AVE"},"previousItem":{"@type":"ListItem","@id":"https:\/\/eldigitaldeasturias.com\/magazine365#listItem","name":"Home"}},{"@type":"ListItem","@id":"https:\/\/eldigitaldeasturias.com\/magazine365\/avis-hertz-atesa-europcar-y-sixt-se-reparten-el-alquiler-de-coches-en-estaciones-del-ave\/#listItem","position":3,"name":"Avis, Hertz, Atesa, Europcar y Sixt se reparten el alquiler de coches en estaciones del AVE","previousItem":{"@type":"ListItem","@id":"https:\/\/eldigitaldeasturias.com\/magazine365\/category\/noticias-actualidad\/#listItem","name":"Noticias y Actualidad"}}]},{"@type":"Organization","@id":"https:\/\/eldigitaldeasturias.com\/magazine365\/#organization","name":"El digital de Asturias","description":"Revista de ocio, turismo y estilo de vida","url":"https:\/\/eldigitaldeasturias.com\/magazine365\/","logo":{"@type":"ImageObject","url":"https:\/\/www.eldigitaldeasturias.com\/noticias\/wp-content\/uploads\/2020\/12\/EDA.jpg","@id":"https:\/\/eldigitaldeasturias.com\/magazine365\/avis-hertz-atesa-europcar-y-sixt-se-reparten-el-alquiler-de-coches-en-estaciones-del-ave\/#organizationLogo"},"image":{"@id":"https:\/\/eldigitaldeasturias.com\/magazine365\/avis-hertz-atesa-europcar-y-sixt-se-reparten-el-alquiler-de-coches-en-estaciones-del-ave\/#organizationLogo"}},{"@type":"Person","@id":"https:\/\/eldigitaldeasturias.com\/magazine365\/author\/admin\/#author","url":"https:\/\/eldigitaldeasturias.com\/magazine365\/author\/admin\/","name":"admin","image":{"@type":"ImageObject","@id":"https:\/\/eldigitaldeasturias.com\/magazine365\/avis-hertz-atesa-europcar-y-sixt-se-reparten-el-alquiler-de-coches-en-estaciones-del-ave\/#authorImage","url":"https:\/\/eldigitaldeasturias.com\/magazine365\/wp-content\/litespeed\/avatar\/e571bcf59a0edd6fa6838245a470f2fe.jpg?ver=1776969259","width":96,"height":96,"caption":"admin"}},{"@type":"WebPage","@id":"https:\/\/eldigitaldeasturias.com\/magazine365\/avis-hertz-atesa-europcar-y-sixt-se-reparten-el-alquiler-de-coches-en-estaciones-del-ave\/#webpage","url":"https:\/\/eldigitaldeasturias.com\/magazine365\/avis-hertz-atesa-europcar-y-sixt-se-reparten-el-alquiler-de-coches-en-estaciones-del-ave\/","name":"Avis, Hertz, Atesa, Europcar y Sixt se reparten el alquiler de coches en estaciones del AVE | El Digital de Asturias","description":"Avis, Hertz, Atesa, Europcar y Sixt se han repartido los locales para alquiler de veh\u00edculos con que cuentan 24 estaciones de ferrocarril de Alta Velocidad (AVE) y que podr\u00e1n ocupar en r\u00e9gimen de alquiler durante un periodo de seis a\u00f1os y por un importe de 38 millones de euros. Se trata de un total de","inLanguage":"es-ES","isPartOf":{"@id":"https:\/\/eldigitaldeasturias.com\/magazine365\/#website"},"breadcrumb":{"@id":"https:\/\/eldigitaldeasturias.com\/magazine365\/avis-hertz-atesa-europcar-y-sixt-se-reparten-el-alquiler-de-coches-en-estaciones-del-ave\/#breadcrumblist"},"author":{"@id":"https:\/\/eldigitaldeasturias.com\/magazine365\/author\/admin\/#author"},"creator":{"@id":"https:\/\/eldigitaldeasturias.com\/magazine365\/author\/admin\/#author"},"image":{"@type":"ImageObject","url":"https:\/\/eldigitaldeasturias.com\/magazine365\/wp-content\/uploads\/2015\/06\/fotonoticia_20150601132233_800.jpg","@id":"https:\/\/eldigitaldeasturias.com\/magazine365\/avis-hertz-atesa-europcar-y-sixt-se-reparten-el-alquiler-de-coches-en-estaciones-del-ave\/#mainImage","width":800,"height":536},"primaryImageOfPage":{"@id":"https:\/\/eldigitaldeasturias.com\/magazine365\/avis-hertz-atesa-europcar-y-sixt-se-reparten-el-alquiler-de-coches-en-estaciones-del-ave\/#mainImage"},"datePublished":"2015-06-04T04:19:19+02:00","dateModified":"2015-06-04T04:19:19+02:00"},{"@type":"WebSite","@id":"https:\/\/eldigitaldeasturias.com\/magazine365\/#website","url":"https:\/\/eldigitaldeasturias.com\/magazine365\/","name":"El Digital de Asturias","description":"Revista de ocio, turismo y estilo de vida","inLanguage":"es-ES","publisher":{"@id":"https:\/\/eldigitaldeasturias.com\/magazine365\/#organization"}}]},"og:locale":"es_ES","og:site_name":"El Digital de Asturias \u2013 Revista de ocio, turismo y estilo de vida","og:type":"article","og:title":"Avis, Hertz, Atesa, Europcar y Sixt se reparten el alquiler de coches en estaciones del AVE | El Digital de Asturias","og:description":"Avis, Hertz, Atesa, Europcar y Sixt se han repartido los locales para alquiler de veh\u00edculos con que cuentan 24 estaciones de ferrocarril de Alta Velocidad (AVE) y que podr\u00e1n ocupar en r\u00e9gimen de alquiler durante un periodo de seis a\u00f1os y por un importe de 38 millones de euros. Se trata de un total de","og:url":"https:\/\/eldigitaldeasturias.com\/magazine365\/avis-hertz-atesa-europcar-y-sixt-se-reparten-el-alquiler-de-coches-en-estaciones-del-ave\/","og:image":"https:\/\/eldigitaldeasturias.com\/magazine365\/wp-content\/uploads\/2015\/06\/fotonoticia_20150601132233_800.jpg","og:image:secure_url":"https:\/\/eldigitaldeasturias.com\/magazine365\/wp-content\/uploads\/2015\/06\/fotonoticia_20150601132233_800.jpg","og:image:width":800,"og:image:height":536,"article:published_time":"2015-06-04T02:49:19+00:00","article:modified_time":"2015-06-04T02:49:19+00:00","twitter:card":"summary_large_image","twitter:title":"Avis, Hertz, Atesa, Europcar y Sixt se reparten el alquiler de coches en estaciones del AVE | El Digital de Asturias","twitter:description":"Avis, Hertz, Atesa, Europcar y Sixt se han repartido los locales para alquiler de veh\u00edculos con que cuentan 24 estaciones de ferrocarril de Alta Velocidad (AVE) y que podr\u00e1n ocupar en r\u00e9gimen de alquiler durante un periodo de seis a\u00f1os y por un importe de 38 millones de euros. Se trata de un total de","twitter:image":"https:\/\/eldigitaldeasturias.com\/magazine365\/wp-content\/uploads\/2015\/06\/fotonoticia_20150601132233_800.jpg"},"aioseo_meta_data":{"post_id":"38577","title":null,"description":null,"keywords":null,"keyphrases":null,"primary_term":null,"canonical_url":null,"og_title":null,"og_description":null,"og_object_type":"default","og_image_type":"default","og_image_url":null,"og_image_width":null,"og_image_height":null,"og_image_custom_url":null,"og_image_custom_fields":null,"og_video":null,"og_custom_url":null,"og_article_section":null,"og_article_tags":null,"twitter_use_og":false,"twitter_card":"default","twitter_image_type":"default","twitter_image_url":null,"twitter_image_custom_url":null,"twitter_image_custom_fields":null,"twitter_title":null,"twitter_description":null,"schema":{"blockGraphs":[],"customGraphs":[],"default":{"data":{"Article":[],"Course":[],"Dataset":[],"FAQPage":[],"Movie":[],"Person":[],"Product":[],"ProductReview":[],"Car":[],"Recipe":[],"Service":[],"SoftwareApplication":[],"WebPage":[]},"graphName":"","isEnabled":true},"graphs":[],"defaultGraph":"","defaultPostTypeGraph":""},"schema_type":null,"schema_type_options":null,"pillar_content":false,"robots_default":true,"robots_noindex":false,"robots_noarchive":false,"robots_nosnippet":false,"robots_nofollow":false,"robots_noimageindex":false,"robots_noodp":false,"robots_notranslate":false,"robots_max_snippet":null,"robots_max_videopreview":null,"robots_max_imagepreview":"large","priority":null,"frequency":null,"location":null,"local_seo":null,"seo_analyzer_scan_date":"2025-09-19 09:50:56","breadcrumb_settings":null,"limit_modified_date":false,"open_ai":null,"ai":null,"created":"2021-03-09 02:51:41","updated":"2025-09-19 09:50:56"},"aioseo_breadcrumb":"<div class=\"aioseo-breadcrumbs\"><span class=\"aioseo-breadcrumb\">\n\t<a href=\"https:\/\/eldigitaldeasturias.com\/magazine365\" title=\"Home\">Home<\/a>\n<\/span><span class=\"aioseo-breadcrumb-separator\">\u2013<\/span><span class=\"aioseo-breadcrumb\">\n\t<a href=\"https:\/\/eldigitaldeasturias.com\/magazine365\/category\/noticias-actualidad\/\" title=\"Noticias y Actualidad\">Noticias y Actualidad<\/a>\n<\/span><span class=\"aioseo-breadcrumb-separator\">\u2013<\/span><span class=\"aioseo-breadcrumb\">\n\t<a href=\"https:\/\/eldigitaldeasturias.com\/magazine365\/avis-hertz-atesa-europcar-y-sixt-se-reparten-el-alquiler-de-coches-en-estaciones-del-ave\/\" title=\"Avis, Hertz, Atesa, Europcar y Sixt se reparten el alquiler de coches en estaciones del AVE\">Avis, Hertz, Atesa, Europcar y Sixt se reparten el alquiler de coches en estaciones del AVE<\/a>\n<\/span><\/div>","aioseo_breadcrumb_json":[{"label":"Home","link":"https:\/\/eldigitaldeasturias.com\/magazine365"},{"label":"Noticias y Actualidad","link":"https:\/\/eldigitaldeasturias.com\/magazine365\/category\/noticias-actualidad\/"},{"label":"Avis, Hertz, Atesa, Europcar y Sixt se reparten el alquiler de coches en estaciones del AVE","link":"https:\/\/eldigitaldeasturias.com\/magazine365\/avis-hertz-atesa-europcar-y-sixt-se-reparten-el-alquiler-de-coches-en-estaciones-del-ave\/"}],"_links":{"self":[{"href":"https:\/\/eldigitaldeasturias.com\/magazine365\/wp-json\/wp\/v2\/posts\/38577","targetHints":{"allow":["GET"]}}],"collection":[{"href":"https:\/\/eldigitaldeasturias.com\/magazine365\/wp-json\/wp\/v2\/posts"}],"about":[{"href":"https:\/\/eldigitaldeasturias.com\/magazine365\/wp-json\/wp\/v2\/types\/post"}],"author":[{"embeddable":true,"href":"https:\/\/eldigitaldeasturias.com\/magazine365\/wp-json\/wp\/v2\/users\/1"}],"replies":[{"embeddable":true,"href":"https:\/\/eldigitaldeasturias.com\/magazine365\/wp-json\/wp\/v2\/comments?post=38577"}],"version-history":[{"count":0,"href":"https:\/\/eldigitaldeasturias.com\/magazine365\/wp-json\/wp\/v2\/posts\/38577\/revisions"}],"wp:featuredmedia":[{"embeddable":true,"href":"https:\/\/eldigitaldeasturias.com\/magazine365\/wp-json\/wp\/v2\/media\/38578"}],"wp:attachment":[{"href":"https:\/\/eldigitaldeasturias.com\/magazine365\/wp-json\/wp\/v2\/media?parent=38577"}],"wp:term":[{"taxonomy":"category","embeddable":true,"href":"https:\/\/eldigitaldeasturias.com\/magazine365\/wp-json\/wp\/v2\/categories?post=38577"},{"taxonomy":"post_tag","embeddable":true,"href":"https:\/\/eldigitaldeasturias.com\/magazine365\/wp-json\/wp\/v2\/tags?post=38577"}],"curies":[{"name":"wp","href":"https:\/\/api.w.org\/{rel}","templated":true}]}}