{"id":38556,"date":"2015-06-04T04:06:11","date_gmt":"2015-06-04T02:36:11","guid":{"rendered":"http:\/\/eldigitaldeasturias.com\/magazine365\/?p=38556"},"modified":"2015-06-04T04:06:11","modified_gmt":"2015-06-04T02:36:11","slug":"pernod-ricard-bodegas-organiza-una-jornada-de-puertas-abiertas-en-sus-bodegas","status":"publish","type":"post","link":"https:\/\/eldigitaldeasturias.com\/magazine365\/pernod-ricard-bodegas-organiza-una-jornada-de-puertas-abiertas-en-sus-bodegas\/","title":{"rendered":"Pernod Ricard Bodegas organiza una jornada de puertas abiertas en sus bodegas"},"content":{"rendered":"<p><img fetchpriority=\"high\" decoding=\"async\" class=\"alignleft size-medium wp-image-38557\" src=\"https:\/\/eldigitaldeasturias.com\/magazine365\/wp-content\/uploads\/2015\/06\/fotonoticia_20150601122515_800-360x168.jpg\" alt=\"fotonoticia_20150601122515_800\" width=\"360\" height=\"168\" srcset=\"https:\/\/eldigitaldeasturias.com\/magazine365\/wp-content\/uploads\/2015\/06\/fotonoticia_20150601122515_800-360x168.jpg 360w, https:\/\/eldigitaldeasturias.com\/magazine365\/wp-content\/uploads\/2015\/06\/fotonoticia_20150601122515_800-650x303.jpg 650w, https:\/\/eldigitaldeasturias.com\/magazine365\/wp-content\/uploads\/2015\/06\/fotonoticia_20150601122515_800-768x358.jpg 768w, https:\/\/eldigitaldeasturias.com\/magazine365\/wp-content\/uploads\/2015\/06\/fotonoticia_20150601122515_800-150x70.jpg 150w, https:\/\/eldigitaldeasturias.com\/magazine365\/wp-content\/uploads\/2015\/06\/fotonoticia_20150601122515_800-450x210.jpg 450w, https:\/\/eldigitaldeasturias.com\/magazine365\/wp-content\/uploads\/2015\/06\/fotonoticia_20150601122515_800-696x325.jpg 696w, https:\/\/eldigitaldeasturias.com\/magazine365\/wp-content\/uploads\/2015\/06\/fotonoticia_20150601122515_800-490x229.jpg 490w, https:\/\/eldigitaldeasturias.com\/magazine365\/wp-content\/uploads\/2015\/06\/fotonoticia_20150601122515_800.jpg 800w\" sizes=\"(max-width: 360px) 100vw, 360px\" \/>Pernod Ricard Bodegas abrir\u00e1 las puertas de sus bodegas el pr\u00f3ximo 14 de junio para que todos los amantes del vino puedan conocer de primera mano el proceso de elaboraci\u00f3n de sus vinos.<\/p>\n<p>En esta jornada de puertas abiertas se podr\u00e1n visitar de forma gratuita Bodegas Campo Viejo (Logro\u00f1o, D.O.Ca. Rioja), Bodegas Ysios (Laguardia, D.O.Ca. Rioja), Bodegas Tarsus (Anguix, D.O. Ribera del Duero) y Bodegas Aura (Rueda, D.O. Rueda).<\/p>\n<p>Para poder participar en esta jornada se debe realizar la reserva en la web de la bodega. Las plazas son limitadas, pero si se llenan los horarios establecidos est\u00e1 prevista su ampliaci\u00f3n para que el mayor n\u00famero posible de personas pueda conocer el coraz\u00f3n de las bodegas.<\/p>\n<p>Las visitas tendr\u00e1n una duraci\u00f3n aproximada de una hora y media. Tras recorrer las instalaciones se realizar\u00e1 una cata de dos vinos representativos de la bodega y se disfrutar\u00e1 de un aperitivo.<\/p>\n<p>La compa\u00f1\u00eda cuenta con seis bodegas, repartidas en cuatro denominaciones de origen de prestigio internacional (Campo Viejo, Ysios y AGE, en Rioja; Tarsus, en Ribera del Duero; Aura, en Rueda; y Vin\u00edcola Navarra, en Navarra) y sus vinos se comercializan en m\u00e1s de 70 pa\u00edses.<\/p>\n","protected":false},"excerpt":{"rendered":"<p>Pernod Ricard Bodegas abrir\u00e1 las puertas de sus bodegas el pr\u00f3ximo 14 de junio para que todos los amantes del vino puedan conocer de primera mano el proceso de elaboraci\u00f3n de sus vinos. En esta jornada de puertas abiertas se podr\u00e1n visitar de forma gratuita Bodegas Campo Viejo (Logro\u00f1o, D.O.Ca. Rioja), Bodegas Ysios (Laguardia, D.O.Ca.<\/p>\n","protected":false},"author":1,"featured_media":38557,"comment_status":"open","ping_status":"closed","sticky":false,"template":"","format":"standard","meta":{"footnotes":""},"categories":[224],"tags":[],"class_list":{"0":"post-38556","1":"post","2":"type-post","3":"status-publish","4":"format-standard","5":"has-post-thumbnail","7":"category-noticias-actualidad"},"aioseo_notices":[],"aioseo_head":"\n\t\t<!-- All in One SEO Pro 4.9.6.1 - aioseo.com -->\n\t<meta name=\"description\" content=\"Pernod Ricard Bodegas abrir\u00e1 las puertas de sus bodegas el pr\u00f3ximo 14 de junio para que todos los amantes del vino puedan conocer de primera mano el proceso de elaboraci\u00f3n de sus vinos. En esta jornada de puertas abiertas se podr\u00e1n visitar de forma gratuita Bodegas Campo Viejo (Logro\u00f1o, D.O.Ca. Rioja), Bodegas Ysios (Laguardia, D.O.Ca.\" \/>\n\t<meta name=\"robots\" content=\"max-image-preview:large\" \/>\n\t<meta name=\"author\" content=\"admin\"\/>\n\t<meta name=\"google-site-verification\" content=\"UA-38556648-1\" \/>\n\t<meta name=\"keywords\" content=\"noticias y actualidad\" \/>\n\t<link rel=\"canonical\" href=\"https:\/\/eldigitaldeasturias.com\/magazine365\/pernod-ricard-bodegas-organiza-una-jornada-de-puertas-abiertas-en-sus-bodegas\/\" \/>\n\t<meta name=\"generator\" content=\"All in One SEO Pro (AIOSEO) 4.9.6.1\" \/>\n\t\t<meta property=\"og:locale\" content=\"es_ES\" \/>\n\t\t<meta property=\"og:site_name\" content=\"El Digital de Asturias \u2013 Revista de ocio, turismo y estilo de vida\" \/>\n\t\t<meta property=\"og:type\" content=\"article\" \/>\n\t\t<meta property=\"og:title\" content=\"Pernod Ricard Bodegas organiza una jornada de puertas abiertas en sus bodegas | El Digital de Asturias\" \/>\n\t\t<meta property=\"og:description\" content=\"Pernod Ricard Bodegas abrir\u00e1 las puertas de sus bodegas el pr\u00f3ximo 14 de junio para que todos los amantes del vino puedan conocer de primera mano el proceso de elaboraci\u00f3n de sus vinos. En esta jornada de puertas abiertas se podr\u00e1n visitar de forma gratuita Bodegas Campo Viejo (Logro\u00f1o, D.O.Ca. Rioja), Bodegas Ysios (Laguardia, D.O.Ca.\" \/>\n\t\t<meta property=\"og:url\" content=\"https:\/\/eldigitaldeasturias.com\/magazine365\/pernod-ricard-bodegas-organiza-una-jornada-de-puertas-abiertas-en-sus-bodegas\/\" \/>\n\t\t<meta property=\"og:image\" content=\"https:\/\/eldigitaldeasturias.com\/magazine365\/wp-content\/uploads\/2015\/06\/fotonoticia_20150601122515_800.jpg\" \/>\n\t\t<meta property=\"og:image:secure_url\" content=\"https:\/\/eldigitaldeasturias.com\/magazine365\/wp-content\/uploads\/2015\/06\/fotonoticia_20150601122515_800.jpg\" \/>\n\t\t<meta property=\"og:image:width\" content=\"800\" \/>\n\t\t<meta property=\"og:image:height\" content=\"373\" \/>\n\t\t<meta property=\"article:published_time\" content=\"2015-06-04T02:36:11+00:00\" \/>\n\t\t<meta property=\"article:modified_time\" content=\"2015-06-04T02:36:11+00:00\" \/>\n\t\t<meta name=\"twitter:card\" content=\"summary_large_image\" \/>\n\t\t<meta name=\"twitter:title\" content=\"Pernod Ricard Bodegas organiza una jornada de puertas abiertas en sus bodegas | El Digital de Asturias\" \/>\n\t\t<meta name=\"twitter:description\" content=\"Pernod Ricard Bodegas abrir\u00e1 las puertas de sus bodegas el pr\u00f3ximo 14 de junio para que todos los amantes del vino puedan conocer de primera mano el proceso de elaboraci\u00f3n de sus vinos. En esta jornada de puertas abiertas se podr\u00e1n visitar de forma gratuita Bodegas Campo Viejo (Logro\u00f1o, D.O.Ca. Rioja), Bodegas Ysios (Laguardia, D.O.Ca.\" \/>\n\t\t<meta name=\"twitter:image\" content=\"https:\/\/eldigitaldeasturias.com\/magazine365\/wp-content\/uploads\/2015\/06\/fotonoticia_20150601122515_800.jpg\" \/>\n\t\t<script type=\"application\/ld+json\" class=\"aioseo-schema\">\n\t\t\t{\"@context\":\"https:\\\/\\\/schema.org\",\"@graph\":[{\"@type\":\"Article\",\"@id\":\"https:\\\/\\\/eldigitaldeasturias.com\\\/magazine365\\\/pernod-ricard-bodegas-organiza-una-jornada-de-puertas-abiertas-en-sus-bodegas\\\/#article\",\"name\":\"Pernod Ricard Bodegas organiza una jornada de puertas abiertas en sus bodegas | El Digital de Asturias\",\"headline\":\"Pernod Ricard Bodegas organiza una jornada de puertas abiertas en sus bodegas\",\"author\":{\"@id\":\"https:\\\/\\\/eldigitaldeasturias.com\\\/magazine365\\\/author\\\/admin\\\/#author\"},\"publisher\":{\"@id\":\"https:\\\/\\\/eldigitaldeasturias.com\\\/magazine365\\\/#organization\"},\"image\":{\"@type\":\"ImageObject\",\"url\":\"https:\\\/\\\/eldigitaldeasturias.com\\\/magazine365\\\/wp-content\\\/uploads\\\/2015\\\/06\\\/fotonoticia_20150601122515_800.jpg\",\"width\":800,\"height\":373},\"datePublished\":\"2015-06-04T04:06:11+02:00\",\"dateModified\":\"2015-06-04T04:06:11+02:00\",\"inLanguage\":\"es-ES\",\"mainEntityOfPage\":{\"@id\":\"https:\\\/\\\/eldigitaldeasturias.com\\\/magazine365\\\/pernod-ricard-bodegas-organiza-una-jornada-de-puertas-abiertas-en-sus-bodegas\\\/#webpage\"},\"isPartOf\":{\"@id\":\"https:\\\/\\\/eldigitaldeasturias.com\\\/magazine365\\\/pernod-ricard-bodegas-organiza-una-jornada-de-puertas-abiertas-en-sus-bodegas\\\/#webpage\"},\"articleSection\":\"Noticias y Actualidad\"},{\"@type\":\"BreadcrumbList\",\"@id\":\"https:\\\/\\\/eldigitaldeasturias.com\\\/magazine365\\\/pernod-ricard-bodegas-organiza-una-jornada-de-puertas-abiertas-en-sus-bodegas\\\/#breadcrumblist\",\"itemListElement\":[{\"@type\":\"ListItem\",\"@id\":\"https:\\\/\\\/eldigitaldeasturias.com\\\/magazine365#listItem\",\"position\":1,\"name\":\"Home\",\"item\":\"https:\\\/\\\/eldigitaldeasturias.com\\\/magazine365\",\"nextItem\":{\"@type\":\"ListItem\",\"@id\":\"https:\\\/\\\/eldigitaldeasturias.com\\\/magazine365\\\/category\\\/noticias-actualidad\\\/#listItem\",\"name\":\"Noticias y Actualidad\"}},{\"@type\":\"ListItem\",\"@id\":\"https:\\\/\\\/eldigitaldeasturias.com\\\/magazine365\\\/category\\\/noticias-actualidad\\\/#listItem\",\"position\":2,\"name\":\"Noticias y Actualidad\",\"item\":\"https:\\\/\\\/eldigitaldeasturias.com\\\/magazine365\\\/category\\\/noticias-actualidad\\\/\",\"nextItem\":{\"@type\":\"ListItem\",\"@id\":\"https:\\\/\\\/eldigitaldeasturias.com\\\/magazine365\\\/pernod-ricard-bodegas-organiza-una-jornada-de-puertas-abiertas-en-sus-bodegas\\\/#listItem\",\"name\":\"Pernod Ricard Bodegas organiza una jornada de puertas abiertas en sus bodegas\"},\"previousItem\":{\"@type\":\"ListItem\",\"@id\":\"https:\\\/\\\/eldigitaldeasturias.com\\\/magazine365#listItem\",\"name\":\"Home\"}},{\"@type\":\"ListItem\",\"@id\":\"https:\\\/\\\/eldigitaldeasturias.com\\\/magazine365\\\/pernod-ricard-bodegas-organiza-una-jornada-de-puertas-abiertas-en-sus-bodegas\\\/#listItem\",\"position\":3,\"name\":\"Pernod Ricard Bodegas organiza una jornada de puertas abiertas en sus bodegas\",\"previousItem\":{\"@type\":\"ListItem\",\"@id\":\"https:\\\/\\\/eldigitaldeasturias.com\\\/magazine365\\\/category\\\/noticias-actualidad\\\/#listItem\",\"name\":\"Noticias y Actualidad\"}}]},{\"@type\":\"Organization\",\"@id\":\"https:\\\/\\\/eldigitaldeasturias.com\\\/magazine365\\\/#organization\",\"name\":\"El digital de Asturias\",\"description\":\"Revista de ocio, turismo y estilo de vida\",\"url\":\"https:\\\/\\\/eldigitaldeasturias.com\\\/magazine365\\\/\",\"logo\":{\"@type\":\"ImageObject\",\"url\":\"https:\\\/\\\/www.eldigitaldeasturias.com\\\/noticias\\\/wp-content\\\/uploads\\\/2020\\\/12\\\/EDA.jpg\",\"@id\":\"https:\\\/\\\/eldigitaldeasturias.com\\\/magazine365\\\/pernod-ricard-bodegas-organiza-una-jornada-de-puertas-abiertas-en-sus-bodegas\\\/#organizationLogo\"},\"image\":{\"@id\":\"https:\\\/\\\/eldigitaldeasturias.com\\\/magazine365\\\/pernod-ricard-bodegas-organiza-una-jornada-de-puertas-abiertas-en-sus-bodegas\\\/#organizationLogo\"}},{\"@type\":\"Person\",\"@id\":\"https:\\\/\\\/eldigitaldeasturias.com\\\/magazine365\\\/author\\\/admin\\\/#author\",\"url\":\"https:\\\/\\\/eldigitaldeasturias.com\\\/magazine365\\\/author\\\/admin\\\/\",\"name\":\"admin\",\"image\":{\"@type\":\"ImageObject\",\"@id\":\"https:\\\/\\\/eldigitaldeasturias.com\\\/magazine365\\\/pernod-ricard-bodegas-organiza-una-jornada-de-puertas-abiertas-en-sus-bodegas\\\/#authorImage\",\"url\":\"https:\\\/\\\/eldigitaldeasturias.com\\\/magazine365\\\/wp-content\\\/litespeed\\\/avatar\\\/e571bcf59a0edd6fa6838245a470f2fe.jpg?ver=1776969259\",\"width\":96,\"height\":96,\"caption\":\"admin\"}},{\"@type\":\"WebPage\",\"@id\":\"https:\\\/\\\/eldigitaldeasturias.com\\\/magazine365\\\/pernod-ricard-bodegas-organiza-una-jornada-de-puertas-abiertas-en-sus-bodegas\\\/#webpage\",\"url\":\"https:\\\/\\\/eldigitaldeasturias.com\\\/magazine365\\\/pernod-ricard-bodegas-organiza-una-jornada-de-puertas-abiertas-en-sus-bodegas\\\/\",\"name\":\"Pernod Ricard Bodegas organiza una jornada de puertas abiertas en sus bodegas | El Digital de Asturias\",\"description\":\"Pernod Ricard Bodegas abrir\\u00e1 las puertas de sus bodegas el pr\\u00f3ximo 14 de junio para que todos los amantes del vino puedan conocer de primera mano el proceso de elaboraci\\u00f3n de sus vinos. En esta jornada de puertas abiertas se podr\\u00e1n visitar de forma gratuita Bodegas Campo Viejo (Logro\\u00f1o, D.O.Ca. Rioja), Bodegas Ysios (Laguardia, D.O.Ca.\",\"inLanguage\":\"es-ES\",\"isPartOf\":{\"@id\":\"https:\\\/\\\/eldigitaldeasturias.com\\\/magazine365\\\/#website\"},\"breadcrumb\":{\"@id\":\"https:\\\/\\\/eldigitaldeasturias.com\\\/magazine365\\\/pernod-ricard-bodegas-organiza-una-jornada-de-puertas-abiertas-en-sus-bodegas\\\/#breadcrumblist\"},\"author\":{\"@id\":\"https:\\\/\\\/eldigitaldeasturias.com\\\/magazine365\\\/author\\\/admin\\\/#author\"},\"creator\":{\"@id\":\"https:\\\/\\\/eldigitaldeasturias.com\\\/magazine365\\\/author\\\/admin\\\/#author\"},\"image\":{\"@type\":\"ImageObject\",\"url\":\"https:\\\/\\\/eldigitaldeasturias.com\\\/magazine365\\\/wp-content\\\/uploads\\\/2015\\\/06\\\/fotonoticia_20150601122515_800.jpg\",\"@id\":\"https:\\\/\\\/eldigitaldeasturias.com\\\/magazine365\\\/pernod-ricard-bodegas-organiza-una-jornada-de-puertas-abiertas-en-sus-bodegas\\\/#mainImage\",\"width\":800,\"height\":373},\"primaryImageOfPage\":{\"@id\":\"https:\\\/\\\/eldigitaldeasturias.com\\\/magazine365\\\/pernod-ricard-bodegas-organiza-una-jornada-de-puertas-abiertas-en-sus-bodegas\\\/#mainImage\"},\"datePublished\":\"2015-06-04T04:06:11+02:00\",\"dateModified\":\"2015-06-04T04:06:11+02:00\"},{\"@type\":\"WebSite\",\"@id\":\"https:\\\/\\\/eldigitaldeasturias.com\\\/magazine365\\\/#website\",\"url\":\"https:\\\/\\\/eldigitaldeasturias.com\\\/magazine365\\\/\",\"name\":\"El Digital de Asturias\",\"description\":\"Revista de ocio, turismo y estilo de vida\",\"inLanguage\":\"es-ES\",\"publisher\":{\"@id\":\"https:\\\/\\\/eldigitaldeasturias.com\\\/magazine365\\\/#organization\"}}]}\n\t\t<\/script>\n\t\t<!-- All in One SEO Pro -->\r\n\t\t<title>Pernod Ricard Bodegas organiza una jornada de puertas abiertas en sus bodegas | El Digital de Asturias<\/title>\n\n","aioseo_head_json":{"title":"Pernod Ricard Bodegas organiza una jornada de puertas abiertas en sus bodegas | El Digital de Asturias","description":"Pernod Ricard Bodegas abrir\u00e1 las puertas de sus bodegas el pr\u00f3ximo 14 de junio para que todos los amantes del vino puedan conocer de primera mano el proceso de elaboraci\u00f3n de sus vinos. En esta jornada de puertas abiertas se podr\u00e1n visitar de forma gratuita Bodegas Campo Viejo (Logro\u00f1o, D.O.Ca. Rioja), Bodegas Ysios (Laguardia, D.O.Ca.","canonical_url":"https:\/\/eldigitaldeasturias.com\/magazine365\/pernod-ricard-bodegas-organiza-una-jornada-de-puertas-abiertas-en-sus-bodegas\/","robots":"max-image-preview:large","keywords":"noticias y actualidad","webmasterTools":{"google-site-verification":"UA-38556648-1","miscellaneous":""},"schema":{"@context":"https:\/\/schema.org","@graph":[{"@type":"Article","@id":"https:\/\/eldigitaldeasturias.com\/magazine365\/pernod-ricard-bodegas-organiza-una-jornada-de-puertas-abiertas-en-sus-bodegas\/#article","name":"Pernod Ricard Bodegas organiza una jornada de puertas abiertas en sus bodegas | El Digital de Asturias","headline":"Pernod Ricard Bodegas organiza una jornada de puertas abiertas en sus bodegas","author":{"@id":"https:\/\/eldigitaldeasturias.com\/magazine365\/author\/admin\/#author"},"publisher":{"@id":"https:\/\/eldigitaldeasturias.com\/magazine365\/#organization"},"image":{"@type":"ImageObject","url":"https:\/\/eldigitaldeasturias.com\/magazine365\/wp-content\/uploads\/2015\/06\/fotonoticia_20150601122515_800.jpg","width":800,"height":373},"datePublished":"2015-06-04T04:06:11+02:00","dateModified":"2015-06-04T04:06:11+02:00","inLanguage":"es-ES","mainEntityOfPage":{"@id":"https:\/\/eldigitaldeasturias.com\/magazine365\/pernod-ricard-bodegas-organiza-una-jornada-de-puertas-abiertas-en-sus-bodegas\/#webpage"},"isPartOf":{"@id":"https:\/\/eldigitaldeasturias.com\/magazine365\/pernod-ricard-bodegas-organiza-una-jornada-de-puertas-abiertas-en-sus-bodegas\/#webpage"},"articleSection":"Noticias y Actualidad"},{"@type":"BreadcrumbList","@id":"https:\/\/eldigitaldeasturias.com\/magazine365\/pernod-ricard-bodegas-organiza-una-jornada-de-puertas-abiertas-en-sus-bodegas\/#breadcrumblist","itemListElement":[{"@type":"ListItem","@id":"https:\/\/eldigitaldeasturias.com\/magazine365#listItem","position":1,"name":"Home","item":"https:\/\/eldigitaldeasturias.com\/magazine365","nextItem":{"@type":"ListItem","@id":"https:\/\/eldigitaldeasturias.com\/magazine365\/category\/noticias-actualidad\/#listItem","name":"Noticias y Actualidad"}},{"@type":"ListItem","@id":"https:\/\/eldigitaldeasturias.com\/magazine365\/category\/noticias-actualidad\/#listItem","position":2,"name":"Noticias y Actualidad","item":"https:\/\/eldigitaldeasturias.com\/magazine365\/category\/noticias-actualidad\/","nextItem":{"@type":"ListItem","@id":"https:\/\/eldigitaldeasturias.com\/magazine365\/pernod-ricard-bodegas-organiza-una-jornada-de-puertas-abiertas-en-sus-bodegas\/#listItem","name":"Pernod Ricard Bodegas organiza una jornada de puertas abiertas en sus bodegas"},"previousItem":{"@type":"ListItem","@id":"https:\/\/eldigitaldeasturias.com\/magazine365#listItem","name":"Home"}},{"@type":"ListItem","@id":"https:\/\/eldigitaldeasturias.com\/magazine365\/pernod-ricard-bodegas-organiza-una-jornada-de-puertas-abiertas-en-sus-bodegas\/#listItem","position":3,"name":"Pernod Ricard Bodegas organiza una jornada de puertas abiertas en sus bodegas","previousItem":{"@type":"ListItem","@id":"https:\/\/eldigitaldeasturias.com\/magazine365\/category\/noticias-actualidad\/#listItem","name":"Noticias y Actualidad"}}]},{"@type":"Organization","@id":"https:\/\/eldigitaldeasturias.com\/magazine365\/#organization","name":"El digital de Asturias","description":"Revista de ocio, turismo y estilo de vida","url":"https:\/\/eldigitaldeasturias.com\/magazine365\/","logo":{"@type":"ImageObject","url":"https:\/\/www.eldigitaldeasturias.com\/noticias\/wp-content\/uploads\/2020\/12\/EDA.jpg","@id":"https:\/\/eldigitaldeasturias.com\/magazine365\/pernod-ricard-bodegas-organiza-una-jornada-de-puertas-abiertas-en-sus-bodegas\/#organizationLogo"},"image":{"@id":"https:\/\/eldigitaldeasturias.com\/magazine365\/pernod-ricard-bodegas-organiza-una-jornada-de-puertas-abiertas-en-sus-bodegas\/#organizationLogo"}},{"@type":"Person","@id":"https:\/\/eldigitaldeasturias.com\/magazine365\/author\/admin\/#author","url":"https:\/\/eldigitaldeasturias.com\/magazine365\/author\/admin\/","name":"admin","image":{"@type":"ImageObject","@id":"https:\/\/eldigitaldeasturias.com\/magazine365\/pernod-ricard-bodegas-organiza-una-jornada-de-puertas-abiertas-en-sus-bodegas\/#authorImage","url":"https:\/\/eldigitaldeasturias.com\/magazine365\/wp-content\/litespeed\/avatar\/e571bcf59a0edd6fa6838245a470f2fe.jpg?ver=1776969259","width":96,"height":96,"caption":"admin"}},{"@type":"WebPage","@id":"https:\/\/eldigitaldeasturias.com\/magazine365\/pernod-ricard-bodegas-organiza-una-jornada-de-puertas-abiertas-en-sus-bodegas\/#webpage","url":"https:\/\/eldigitaldeasturias.com\/magazine365\/pernod-ricard-bodegas-organiza-una-jornada-de-puertas-abiertas-en-sus-bodegas\/","name":"Pernod Ricard Bodegas organiza una jornada de puertas abiertas en sus bodegas | El Digital de Asturias","description":"Pernod Ricard Bodegas abrir\u00e1 las puertas de sus bodegas el pr\u00f3ximo 14 de junio para que todos los amantes del vino puedan conocer de primera mano el proceso de elaboraci\u00f3n de sus vinos. En esta jornada de puertas abiertas se podr\u00e1n visitar de forma gratuita Bodegas Campo Viejo (Logro\u00f1o, D.O.Ca. Rioja), Bodegas Ysios (Laguardia, D.O.Ca.","inLanguage":"es-ES","isPartOf":{"@id":"https:\/\/eldigitaldeasturias.com\/magazine365\/#website"},"breadcrumb":{"@id":"https:\/\/eldigitaldeasturias.com\/magazine365\/pernod-ricard-bodegas-organiza-una-jornada-de-puertas-abiertas-en-sus-bodegas\/#breadcrumblist"},"author":{"@id":"https:\/\/eldigitaldeasturias.com\/magazine365\/author\/admin\/#author"},"creator":{"@id":"https:\/\/eldigitaldeasturias.com\/magazine365\/author\/admin\/#author"},"image":{"@type":"ImageObject","url":"https:\/\/eldigitaldeasturias.com\/magazine365\/wp-content\/uploads\/2015\/06\/fotonoticia_20150601122515_800.jpg","@id":"https:\/\/eldigitaldeasturias.com\/magazine365\/pernod-ricard-bodegas-organiza-una-jornada-de-puertas-abiertas-en-sus-bodegas\/#mainImage","width":800,"height":373},"primaryImageOfPage":{"@id":"https:\/\/eldigitaldeasturias.com\/magazine365\/pernod-ricard-bodegas-organiza-una-jornada-de-puertas-abiertas-en-sus-bodegas\/#mainImage"},"datePublished":"2015-06-04T04:06:11+02:00","dateModified":"2015-06-04T04:06:11+02:00"},{"@type":"WebSite","@id":"https:\/\/eldigitaldeasturias.com\/magazine365\/#website","url":"https:\/\/eldigitaldeasturias.com\/magazine365\/","name":"El Digital de Asturias","description":"Revista de ocio, turismo y estilo de vida","inLanguage":"es-ES","publisher":{"@id":"https:\/\/eldigitaldeasturias.com\/magazine365\/#organization"}}]},"og:locale":"es_ES","og:site_name":"El Digital de Asturias \u2013 Revista de ocio, turismo y estilo de vida","og:type":"article","og:title":"Pernod Ricard Bodegas organiza una jornada de puertas abiertas en sus bodegas | El Digital de Asturias","og:description":"Pernod Ricard Bodegas abrir\u00e1 las puertas de sus bodegas el pr\u00f3ximo 14 de junio para que todos los amantes del vino puedan conocer de primera mano el proceso de elaboraci\u00f3n de sus vinos. En esta jornada de puertas abiertas se podr\u00e1n visitar de forma gratuita Bodegas Campo Viejo (Logro\u00f1o, D.O.Ca. Rioja), Bodegas Ysios (Laguardia, D.O.Ca.","og:url":"https:\/\/eldigitaldeasturias.com\/magazine365\/pernod-ricard-bodegas-organiza-una-jornada-de-puertas-abiertas-en-sus-bodegas\/","og:image":"https:\/\/eldigitaldeasturias.com\/magazine365\/wp-content\/uploads\/2015\/06\/fotonoticia_20150601122515_800.jpg","og:image:secure_url":"https:\/\/eldigitaldeasturias.com\/magazine365\/wp-content\/uploads\/2015\/06\/fotonoticia_20150601122515_800.jpg","og:image:width":800,"og:image:height":373,"article:published_time":"2015-06-04T02:36:11+00:00","article:modified_time":"2015-06-04T02:36:11+00:00","twitter:card":"summary_large_image","twitter:title":"Pernod Ricard Bodegas organiza una jornada de puertas abiertas en sus bodegas | El Digital de Asturias","twitter:description":"Pernod Ricard Bodegas abrir\u00e1 las puertas de sus bodegas el pr\u00f3ximo 14 de junio para que todos los amantes del vino puedan conocer de primera mano el proceso de elaboraci\u00f3n de sus vinos. En esta jornada de puertas abiertas se podr\u00e1n visitar de forma gratuita Bodegas Campo Viejo (Logro\u00f1o, D.O.Ca. Rioja), Bodegas Ysios (Laguardia, D.O.Ca.","twitter:image":"https:\/\/eldigitaldeasturias.com\/magazine365\/wp-content\/uploads\/2015\/06\/fotonoticia_20150601122515_800.jpg"},"aioseo_meta_data":{"post_id":"38556","title":null,"description":null,"keywords":null,"keyphrases":null,"primary_term":null,"canonical_url":null,"og_title":null,"og_description":null,"og_object_type":"default","og_image_type":"default","og_image_url":null,"og_image_width":null,"og_image_height":null,"og_image_custom_url":null,"og_image_custom_fields":null,"og_video":null,"og_custom_url":null,"og_article_section":null,"og_article_tags":null,"twitter_use_og":false,"twitter_card":"default","twitter_image_type":"default","twitter_image_url":null,"twitter_image_custom_url":null,"twitter_image_custom_fields":null,"twitter_title":null,"twitter_description":null,"schema":{"blockGraphs":[],"customGraphs":[],"default":{"data":{"Article":[],"Course":[],"Dataset":[],"FAQPage":[],"Movie":[],"Person":[],"Product":[],"ProductReview":[],"Car":[],"Recipe":[],"Service":[],"SoftwareApplication":[],"WebPage":[]},"graphName":"","isEnabled":true},"graphs":[],"defaultGraph":"","defaultPostTypeGraph":""},"schema_type":null,"schema_type_options":null,"pillar_content":false,"robots_default":true,"robots_noindex":false,"robots_noarchive":false,"robots_nosnippet":false,"robots_nofollow":false,"robots_noimageindex":false,"robots_noodp":false,"robots_notranslate":false,"robots_max_snippet":null,"robots_max_videopreview":null,"robots_max_imagepreview":"large","priority":null,"frequency":null,"location":null,"local_seo":null,"seo_analyzer_scan_date":"2025-09-19 09:48:06","breadcrumb_settings":null,"limit_modified_date":false,"open_ai":null,"ai":null,"created":"2021-03-09 02:51:41","updated":"2025-09-19 09:48:06"},"aioseo_breadcrumb":"<div class=\"aioseo-breadcrumbs\"><span class=\"aioseo-breadcrumb\">\n\t<a href=\"https:\/\/eldigitaldeasturias.com\/magazine365\" title=\"Home\">Home<\/a>\n<\/span><span class=\"aioseo-breadcrumb-separator\">\u2013<\/span><span class=\"aioseo-breadcrumb\">\n\t<a href=\"https:\/\/eldigitaldeasturias.com\/magazine365\/category\/noticias-actualidad\/\" title=\"Noticias y Actualidad\">Noticias y Actualidad<\/a>\n<\/span><span class=\"aioseo-breadcrumb-separator\">\u2013<\/span><span class=\"aioseo-breadcrumb\">\n\t<a href=\"https:\/\/eldigitaldeasturias.com\/magazine365\/pernod-ricard-bodegas-organiza-una-jornada-de-puertas-abiertas-en-sus-bodegas\/\" title=\"Pernod Ricard Bodegas organiza una jornada de puertas abiertas en sus bodegas\">Pernod Ricard Bodegas organiza una jornada de puertas abiertas en sus bodegas<\/a>\n<\/span><\/div>","aioseo_breadcrumb_json":[{"label":"Home","link":"https:\/\/eldigitaldeasturias.com\/magazine365"},{"label":"Noticias y Actualidad","link":"https:\/\/eldigitaldeasturias.com\/magazine365\/category\/noticias-actualidad\/"},{"label":"Pernod Ricard Bodegas organiza una jornada de puertas abiertas en sus bodegas","link":"https:\/\/eldigitaldeasturias.com\/magazine365\/pernod-ricard-bodegas-organiza-una-jornada-de-puertas-abiertas-en-sus-bodegas\/"}],"_links":{"self":[{"href":"https:\/\/eldigitaldeasturias.com\/magazine365\/wp-json\/wp\/v2\/posts\/38556","targetHints":{"allow":["GET"]}}],"collection":[{"href":"https:\/\/eldigitaldeasturias.com\/magazine365\/wp-json\/wp\/v2\/posts"}],"about":[{"href":"https:\/\/eldigitaldeasturias.com\/magazine365\/wp-json\/wp\/v2\/types\/post"}],"author":[{"embeddable":true,"href":"https:\/\/eldigitaldeasturias.com\/magazine365\/wp-json\/wp\/v2\/users\/1"}],"replies":[{"embeddable":true,"href":"https:\/\/eldigitaldeasturias.com\/magazine365\/wp-json\/wp\/v2\/comments?post=38556"}],"version-history":[{"count":0,"href":"https:\/\/eldigitaldeasturias.com\/magazine365\/wp-json\/wp\/v2\/posts\/38556\/revisions"}],"wp:featuredmedia":[{"embeddable":true,"href":"https:\/\/eldigitaldeasturias.com\/magazine365\/wp-json\/wp\/v2\/media\/38557"}],"wp:attachment":[{"href":"https:\/\/eldigitaldeasturias.com\/magazine365\/wp-json\/wp\/v2\/media?parent=38556"}],"wp:term":[{"taxonomy":"category","embeddable":true,"href":"https:\/\/eldigitaldeasturias.com\/magazine365\/wp-json\/wp\/v2\/categories?post=38556"},{"taxonomy":"post_tag","embeddable":true,"href":"https:\/\/eldigitaldeasturias.com\/magazine365\/wp-json\/wp\/v2\/tags?post=38556"}],"curies":[{"name":"wp","href":"https:\/\/api.w.org\/{rel}","templated":true}]}}