{"id":38550,"date":"2015-06-04T04:02:54","date_gmt":"2015-06-04T02:32:54","guid":{"rendered":"http:\/\/eldigitaldeasturias.com\/magazine365\/?p=38550"},"modified":"2015-06-04T04:02:54","modified_gmt":"2015-06-04T02:32:54","slug":"monica-figuerola-nueva-directora-gerente-de-spaincares","status":"publish","type":"post","link":"https:\/\/eldigitaldeasturias.com\/magazine365\/monica-figuerola-nueva-directora-gerente-de-spaincares\/","title":{"rendered":"Monica Figuerola, nueva directora gerente de Spaincares"},"content":{"rendered":"<p><img fetchpriority=\"high\" decoding=\"async\" class=\"alignleft size-medium wp-image-38551\" src=\"https:\/\/eldigitaldeasturias.com\/magazine365\/wp-content\/uploads\/2015\/06\/fotonoticia_20150601120753_800-347x300.jpg\" alt=\"fotonoticia_20150601120753_800\" width=\"347\" height=\"300\" srcset=\"https:\/\/eldigitaldeasturias.com\/magazine365\/wp-content\/uploads\/2015\/06\/fotonoticia_20150601120753_800-347x300.jpg 347w, https:\/\/eldigitaldeasturias.com\/magazine365\/wp-content\/uploads\/2015\/06\/fotonoticia_20150601120753_800-650x562.jpg 650w, https:\/\/eldigitaldeasturias.com\/magazine365\/wp-content\/uploads\/2015\/06\/fotonoticia_20150601120753_800-768x664.jpg 768w, https:\/\/eldigitaldeasturias.com\/magazine365\/wp-content\/uploads\/2015\/06\/fotonoticia_20150601120753_800-150x130.jpg 150w, https:\/\/eldigitaldeasturias.com\/magazine365\/wp-content\/uploads\/2015\/06\/fotonoticia_20150601120753_800-450x389.jpg 450w, https:\/\/eldigitaldeasturias.com\/magazine365\/wp-content\/uploads\/2015\/06\/fotonoticia_20150601120753_800-534x462.jpg 534w, https:\/\/eldigitaldeasturias.com\/magazine365\/wp-content\/uploads\/2015\/06\/fotonoticia_20150601120753_800-696x602.jpg 696w, https:\/\/eldigitaldeasturias.com\/magazine365\/wp-content\/uploads\/2015\/06\/fotonoticia_20150601120753_800-486x420.jpg 486w, https:\/\/eldigitaldeasturias.com\/magazine365\/wp-content\/uploads\/2015\/06\/fotonoticia_20150601120753_800.jpg 800w\" sizes=\"(max-width: 347px) 100vw, 347px\" \/>Spaincares ha nombrado como nueva directora gerente a M\u00f3nica Figuerola para asumir las labores de gesti\u00f3n del Cl\u00faster Espa\u00f1ol de Turismo de Salud y la plataforma creada para la puesta en valor del turismo de salud en Espa\u00f1a.<\/p>\n<p>El objetivo primordial es la captaci\u00f3n de turistas internacionales que acudan a centros sanitarios privados, balnearios o establecimientos socio-sanitarios en Espa\u00f1a y el posicionamiento de Espa\u00f1a como referente en el mercado de turismo de salud internacional.<\/p>\n<p>Figuerola cuenta con una amplia experiencia en el sector tur\u00edstico, tanto en el \u00e1mbito privado como en el p\u00fablico, donde ha desempe\u00f1ado diferentes labores de responsabilidad, habiendo ostentado en los \u00faltimos a\u00f1os la Direcci\u00f3n General de Turismo del Gobierno de la Rioja.<\/p>\n","protected":false},"excerpt":{"rendered":"<p>Spaincares ha nombrado como nueva directora gerente a M\u00f3nica Figuerola para asumir las labores de gesti\u00f3n del Cl\u00faster Espa\u00f1ol de Turismo de Salud y la plataforma creada para la puesta en valor del turismo de salud en Espa\u00f1a. El objetivo primordial es la captaci\u00f3n de turistas internacionales que acudan a centros sanitarios privados, balnearios o<\/p>\n","protected":false},"author":1,"featured_media":38551,"comment_status":"open","ping_status":"closed","sticky":false,"template":"","format":"standard","meta":{"footnotes":""},"categories":[224],"tags":[],"class_list":{"0":"post-38550","1":"post","2":"type-post","3":"status-publish","4":"format-standard","5":"has-post-thumbnail","7":"category-noticias-actualidad"},"aioseo_notices":[],"aioseo_head":"\n\t\t<!-- All in One SEO Pro 4.9.6.1 - aioseo.com -->\n\t<meta name=\"description\" content=\"Spaincares ha nombrado como nueva directora gerente a M\u00f3nica Figuerola para asumir las labores de gesti\u00f3n del Cl\u00faster Espa\u00f1ol de Turismo de Salud y la plataforma creada para la puesta en valor del turismo de salud en Espa\u00f1a. El objetivo primordial es la captaci\u00f3n de turistas internacionales que acudan a centros sanitarios privados, balnearios o\" \/>\n\t<meta name=\"robots\" content=\"max-image-preview:large\" \/>\n\t<meta name=\"author\" content=\"admin\"\/>\n\t<meta name=\"google-site-verification\" content=\"UA-38556648-1\" \/>\n\t<meta name=\"keywords\" content=\"noticias y actualidad\" \/>\n\t<link rel=\"canonical\" href=\"https:\/\/eldigitaldeasturias.com\/magazine365\/monica-figuerola-nueva-directora-gerente-de-spaincares\/\" \/>\n\t<meta name=\"generator\" content=\"All in One SEO Pro (AIOSEO) 4.9.6.1\" \/>\n\t\t<meta property=\"og:locale\" content=\"es_ES\" \/>\n\t\t<meta property=\"og:site_name\" content=\"El Digital de Asturias \u2013 Revista de ocio, turismo y estilo de vida\" \/>\n\t\t<meta property=\"og:type\" content=\"article\" \/>\n\t\t<meta property=\"og:title\" content=\"Monica Figuerola, nueva directora gerente de Spaincares | El Digital de Asturias\" \/>\n\t\t<meta property=\"og:description\" content=\"Spaincares ha nombrado como nueva directora gerente a M\u00f3nica Figuerola para asumir las labores de gesti\u00f3n del Cl\u00faster Espa\u00f1ol de Turismo de Salud y la plataforma creada para la puesta en valor del turismo de salud en Espa\u00f1a. El objetivo primordial es la captaci\u00f3n de turistas internacionales que acudan a centros sanitarios privados, balnearios o\" \/>\n\t\t<meta property=\"og:url\" content=\"https:\/\/eldigitaldeasturias.com\/magazine365\/monica-figuerola-nueva-directora-gerente-de-spaincares\/\" \/>\n\t\t<meta property=\"og:image\" content=\"https:\/\/eldigitaldeasturias.com\/magazine365\/wp-content\/uploads\/2015\/06\/fotonoticia_20150601120753_800.jpg\" \/>\n\t\t<meta property=\"og:image:secure_url\" content=\"https:\/\/eldigitaldeasturias.com\/magazine365\/wp-content\/uploads\/2015\/06\/fotonoticia_20150601120753_800.jpg\" \/>\n\t\t<meta property=\"og:image:width\" content=\"800\" \/>\n\t\t<meta property=\"og:image:height\" content=\"692\" \/>\n\t\t<meta property=\"article:published_time\" content=\"2015-06-04T02:32:54+00:00\" \/>\n\t\t<meta property=\"article:modified_time\" content=\"2015-06-04T02:32:54+00:00\" \/>\n\t\t<meta name=\"twitter:card\" content=\"summary_large_image\" \/>\n\t\t<meta name=\"twitter:title\" content=\"Monica Figuerola, nueva directora gerente de Spaincares | El Digital de Asturias\" \/>\n\t\t<meta name=\"twitter:description\" content=\"Spaincares ha nombrado como nueva directora gerente a M\u00f3nica Figuerola para asumir las labores de gesti\u00f3n del Cl\u00faster Espa\u00f1ol de Turismo de Salud y la plataforma creada para la puesta en valor del turismo de salud en Espa\u00f1a. El objetivo primordial es la captaci\u00f3n de turistas internacionales que acudan a centros sanitarios privados, balnearios o\" \/>\n\t\t<meta name=\"twitter:image\" content=\"https:\/\/eldigitaldeasturias.com\/magazine365\/wp-content\/uploads\/2015\/06\/fotonoticia_20150601120753_800.jpg\" \/>\n\t\t<script type=\"application\/ld+json\" class=\"aioseo-schema\">\n\t\t\t{\"@context\":\"https:\\\/\\\/schema.org\",\"@graph\":[{\"@type\":\"Article\",\"@id\":\"https:\\\/\\\/eldigitaldeasturias.com\\\/magazine365\\\/monica-figuerola-nueva-directora-gerente-de-spaincares\\\/#article\",\"name\":\"Monica Figuerola, nueva directora gerente de Spaincares | El Digital de Asturias\",\"headline\":\"Monica Figuerola, nueva directora gerente de Spaincares\",\"author\":{\"@id\":\"https:\\\/\\\/eldigitaldeasturias.com\\\/magazine365\\\/author\\\/admin\\\/#author\"},\"publisher\":{\"@id\":\"https:\\\/\\\/eldigitaldeasturias.com\\\/magazine365\\\/#organization\"},\"image\":{\"@type\":\"ImageObject\",\"url\":\"https:\\\/\\\/eldigitaldeasturias.com\\\/magazine365\\\/wp-content\\\/uploads\\\/2015\\\/06\\\/fotonoticia_20150601120753_800.jpg\",\"width\":800,\"height\":692},\"datePublished\":\"2015-06-04T04:02:54+02:00\",\"dateModified\":\"2015-06-04T04:02:54+02:00\",\"inLanguage\":\"es-ES\",\"mainEntityOfPage\":{\"@id\":\"https:\\\/\\\/eldigitaldeasturias.com\\\/magazine365\\\/monica-figuerola-nueva-directora-gerente-de-spaincares\\\/#webpage\"},\"isPartOf\":{\"@id\":\"https:\\\/\\\/eldigitaldeasturias.com\\\/magazine365\\\/monica-figuerola-nueva-directora-gerente-de-spaincares\\\/#webpage\"},\"articleSection\":\"Noticias y Actualidad\"},{\"@type\":\"BreadcrumbList\",\"@id\":\"https:\\\/\\\/eldigitaldeasturias.com\\\/magazine365\\\/monica-figuerola-nueva-directora-gerente-de-spaincares\\\/#breadcrumblist\",\"itemListElement\":[{\"@type\":\"ListItem\",\"@id\":\"https:\\\/\\\/eldigitaldeasturias.com\\\/magazine365#listItem\",\"position\":1,\"name\":\"Home\",\"item\":\"https:\\\/\\\/eldigitaldeasturias.com\\\/magazine365\",\"nextItem\":{\"@type\":\"ListItem\",\"@id\":\"https:\\\/\\\/eldigitaldeasturias.com\\\/magazine365\\\/category\\\/noticias-actualidad\\\/#listItem\",\"name\":\"Noticias y Actualidad\"}},{\"@type\":\"ListItem\",\"@id\":\"https:\\\/\\\/eldigitaldeasturias.com\\\/magazine365\\\/category\\\/noticias-actualidad\\\/#listItem\",\"position\":2,\"name\":\"Noticias y Actualidad\",\"item\":\"https:\\\/\\\/eldigitaldeasturias.com\\\/magazine365\\\/category\\\/noticias-actualidad\\\/\",\"nextItem\":{\"@type\":\"ListItem\",\"@id\":\"https:\\\/\\\/eldigitaldeasturias.com\\\/magazine365\\\/monica-figuerola-nueva-directora-gerente-de-spaincares\\\/#listItem\",\"name\":\"Monica Figuerola, nueva directora gerente de Spaincares\"},\"previousItem\":{\"@type\":\"ListItem\",\"@id\":\"https:\\\/\\\/eldigitaldeasturias.com\\\/magazine365#listItem\",\"name\":\"Home\"}},{\"@type\":\"ListItem\",\"@id\":\"https:\\\/\\\/eldigitaldeasturias.com\\\/magazine365\\\/monica-figuerola-nueva-directora-gerente-de-spaincares\\\/#listItem\",\"position\":3,\"name\":\"Monica Figuerola, nueva directora gerente de Spaincares\",\"previousItem\":{\"@type\":\"ListItem\",\"@id\":\"https:\\\/\\\/eldigitaldeasturias.com\\\/magazine365\\\/category\\\/noticias-actualidad\\\/#listItem\",\"name\":\"Noticias y Actualidad\"}}]},{\"@type\":\"Organization\",\"@id\":\"https:\\\/\\\/eldigitaldeasturias.com\\\/magazine365\\\/#organization\",\"name\":\"El digital de Asturias\",\"description\":\"Revista de ocio, turismo y estilo de vida\",\"url\":\"https:\\\/\\\/eldigitaldeasturias.com\\\/magazine365\\\/\",\"logo\":{\"@type\":\"ImageObject\",\"url\":\"https:\\\/\\\/www.eldigitaldeasturias.com\\\/noticias\\\/wp-content\\\/uploads\\\/2020\\\/12\\\/EDA.jpg\",\"@id\":\"https:\\\/\\\/eldigitaldeasturias.com\\\/magazine365\\\/monica-figuerola-nueva-directora-gerente-de-spaincares\\\/#organizationLogo\"},\"image\":{\"@id\":\"https:\\\/\\\/eldigitaldeasturias.com\\\/magazine365\\\/monica-figuerola-nueva-directora-gerente-de-spaincares\\\/#organizationLogo\"}},{\"@type\":\"Person\",\"@id\":\"https:\\\/\\\/eldigitaldeasturias.com\\\/magazine365\\\/author\\\/admin\\\/#author\",\"url\":\"https:\\\/\\\/eldigitaldeasturias.com\\\/magazine365\\\/author\\\/admin\\\/\",\"name\":\"admin\",\"image\":{\"@type\":\"ImageObject\",\"@id\":\"https:\\\/\\\/eldigitaldeasturias.com\\\/magazine365\\\/monica-figuerola-nueva-directora-gerente-de-spaincares\\\/#authorImage\",\"url\":\"https:\\\/\\\/eldigitaldeasturias.com\\\/magazine365\\\/wp-content\\\/litespeed\\\/avatar\\\/e571bcf59a0edd6fa6838245a470f2fe.jpg?ver=1776969259\",\"width\":96,\"height\":96,\"caption\":\"admin\"}},{\"@type\":\"WebPage\",\"@id\":\"https:\\\/\\\/eldigitaldeasturias.com\\\/magazine365\\\/monica-figuerola-nueva-directora-gerente-de-spaincares\\\/#webpage\",\"url\":\"https:\\\/\\\/eldigitaldeasturias.com\\\/magazine365\\\/monica-figuerola-nueva-directora-gerente-de-spaincares\\\/\",\"name\":\"Monica Figuerola, nueva directora gerente de Spaincares | El Digital de Asturias\",\"description\":\"Spaincares ha nombrado como nueva directora gerente a M\\u00f3nica Figuerola para asumir las labores de gesti\\u00f3n del Cl\\u00faster Espa\\u00f1ol de Turismo de Salud y la plataforma creada para la puesta en valor del turismo de salud en Espa\\u00f1a. El objetivo primordial es la captaci\\u00f3n de turistas internacionales que acudan a centros sanitarios privados, balnearios o\",\"inLanguage\":\"es-ES\",\"isPartOf\":{\"@id\":\"https:\\\/\\\/eldigitaldeasturias.com\\\/magazine365\\\/#website\"},\"breadcrumb\":{\"@id\":\"https:\\\/\\\/eldigitaldeasturias.com\\\/magazine365\\\/monica-figuerola-nueva-directora-gerente-de-spaincares\\\/#breadcrumblist\"},\"author\":{\"@id\":\"https:\\\/\\\/eldigitaldeasturias.com\\\/magazine365\\\/author\\\/admin\\\/#author\"},\"creator\":{\"@id\":\"https:\\\/\\\/eldigitaldeasturias.com\\\/magazine365\\\/author\\\/admin\\\/#author\"},\"image\":{\"@type\":\"ImageObject\",\"url\":\"https:\\\/\\\/eldigitaldeasturias.com\\\/magazine365\\\/wp-content\\\/uploads\\\/2015\\\/06\\\/fotonoticia_20150601120753_800.jpg\",\"@id\":\"https:\\\/\\\/eldigitaldeasturias.com\\\/magazine365\\\/monica-figuerola-nueva-directora-gerente-de-spaincares\\\/#mainImage\",\"width\":800,\"height\":692},\"primaryImageOfPage\":{\"@id\":\"https:\\\/\\\/eldigitaldeasturias.com\\\/magazine365\\\/monica-figuerola-nueva-directora-gerente-de-spaincares\\\/#mainImage\"},\"datePublished\":\"2015-06-04T04:02:54+02:00\",\"dateModified\":\"2015-06-04T04:02:54+02:00\"},{\"@type\":\"WebSite\",\"@id\":\"https:\\\/\\\/eldigitaldeasturias.com\\\/magazine365\\\/#website\",\"url\":\"https:\\\/\\\/eldigitaldeasturias.com\\\/magazine365\\\/\",\"name\":\"El Digital de Asturias\",\"description\":\"Revista de ocio, turismo y estilo de vida\",\"inLanguage\":\"es-ES\",\"publisher\":{\"@id\":\"https:\\\/\\\/eldigitaldeasturias.com\\\/magazine365\\\/#organization\"}}]}\n\t\t<\/script>\n\t\t<!-- All in One SEO Pro -->\r\n\t\t<title>Monica Figuerola, nueva directora gerente de Spaincares | El Digital de Asturias<\/title>\n\n","aioseo_head_json":{"title":"Monica Figuerola, nueva directora gerente de Spaincares | El Digital de Asturias","description":"Spaincares ha nombrado como nueva directora gerente a M\u00f3nica Figuerola para asumir las labores de gesti\u00f3n del Cl\u00faster Espa\u00f1ol de Turismo de Salud y la plataforma creada para la puesta en valor del turismo de salud en Espa\u00f1a. El objetivo primordial es la captaci\u00f3n de turistas internacionales que acudan a centros sanitarios privados, balnearios o","canonical_url":"https:\/\/eldigitaldeasturias.com\/magazine365\/monica-figuerola-nueva-directora-gerente-de-spaincares\/","robots":"max-image-preview:large","keywords":"noticias y actualidad","webmasterTools":{"google-site-verification":"UA-38556648-1","miscellaneous":""},"schema":{"@context":"https:\/\/schema.org","@graph":[{"@type":"Article","@id":"https:\/\/eldigitaldeasturias.com\/magazine365\/monica-figuerola-nueva-directora-gerente-de-spaincares\/#article","name":"Monica Figuerola, nueva directora gerente de Spaincares | El Digital de Asturias","headline":"Monica Figuerola, nueva directora gerente de Spaincares","author":{"@id":"https:\/\/eldigitaldeasturias.com\/magazine365\/author\/admin\/#author"},"publisher":{"@id":"https:\/\/eldigitaldeasturias.com\/magazine365\/#organization"},"image":{"@type":"ImageObject","url":"https:\/\/eldigitaldeasturias.com\/magazine365\/wp-content\/uploads\/2015\/06\/fotonoticia_20150601120753_800.jpg","width":800,"height":692},"datePublished":"2015-06-04T04:02:54+02:00","dateModified":"2015-06-04T04:02:54+02:00","inLanguage":"es-ES","mainEntityOfPage":{"@id":"https:\/\/eldigitaldeasturias.com\/magazine365\/monica-figuerola-nueva-directora-gerente-de-spaincares\/#webpage"},"isPartOf":{"@id":"https:\/\/eldigitaldeasturias.com\/magazine365\/monica-figuerola-nueva-directora-gerente-de-spaincares\/#webpage"},"articleSection":"Noticias y Actualidad"},{"@type":"BreadcrumbList","@id":"https:\/\/eldigitaldeasturias.com\/magazine365\/monica-figuerola-nueva-directora-gerente-de-spaincares\/#breadcrumblist","itemListElement":[{"@type":"ListItem","@id":"https:\/\/eldigitaldeasturias.com\/magazine365#listItem","position":1,"name":"Home","item":"https:\/\/eldigitaldeasturias.com\/magazine365","nextItem":{"@type":"ListItem","@id":"https:\/\/eldigitaldeasturias.com\/magazine365\/category\/noticias-actualidad\/#listItem","name":"Noticias y Actualidad"}},{"@type":"ListItem","@id":"https:\/\/eldigitaldeasturias.com\/magazine365\/category\/noticias-actualidad\/#listItem","position":2,"name":"Noticias y Actualidad","item":"https:\/\/eldigitaldeasturias.com\/magazine365\/category\/noticias-actualidad\/","nextItem":{"@type":"ListItem","@id":"https:\/\/eldigitaldeasturias.com\/magazine365\/monica-figuerola-nueva-directora-gerente-de-spaincares\/#listItem","name":"Monica Figuerola, nueva directora gerente de Spaincares"},"previousItem":{"@type":"ListItem","@id":"https:\/\/eldigitaldeasturias.com\/magazine365#listItem","name":"Home"}},{"@type":"ListItem","@id":"https:\/\/eldigitaldeasturias.com\/magazine365\/monica-figuerola-nueva-directora-gerente-de-spaincares\/#listItem","position":3,"name":"Monica Figuerola, nueva directora gerente de Spaincares","previousItem":{"@type":"ListItem","@id":"https:\/\/eldigitaldeasturias.com\/magazine365\/category\/noticias-actualidad\/#listItem","name":"Noticias y Actualidad"}}]},{"@type":"Organization","@id":"https:\/\/eldigitaldeasturias.com\/magazine365\/#organization","name":"El digital de Asturias","description":"Revista de ocio, turismo y estilo de vida","url":"https:\/\/eldigitaldeasturias.com\/magazine365\/","logo":{"@type":"ImageObject","url":"https:\/\/www.eldigitaldeasturias.com\/noticias\/wp-content\/uploads\/2020\/12\/EDA.jpg","@id":"https:\/\/eldigitaldeasturias.com\/magazine365\/monica-figuerola-nueva-directora-gerente-de-spaincares\/#organizationLogo"},"image":{"@id":"https:\/\/eldigitaldeasturias.com\/magazine365\/monica-figuerola-nueva-directora-gerente-de-spaincares\/#organizationLogo"}},{"@type":"Person","@id":"https:\/\/eldigitaldeasturias.com\/magazine365\/author\/admin\/#author","url":"https:\/\/eldigitaldeasturias.com\/magazine365\/author\/admin\/","name":"admin","image":{"@type":"ImageObject","@id":"https:\/\/eldigitaldeasturias.com\/magazine365\/monica-figuerola-nueva-directora-gerente-de-spaincares\/#authorImage","url":"https:\/\/eldigitaldeasturias.com\/magazine365\/wp-content\/litespeed\/avatar\/e571bcf59a0edd6fa6838245a470f2fe.jpg?ver=1776969259","width":96,"height":96,"caption":"admin"}},{"@type":"WebPage","@id":"https:\/\/eldigitaldeasturias.com\/magazine365\/monica-figuerola-nueva-directora-gerente-de-spaincares\/#webpage","url":"https:\/\/eldigitaldeasturias.com\/magazine365\/monica-figuerola-nueva-directora-gerente-de-spaincares\/","name":"Monica Figuerola, nueva directora gerente de Spaincares | El Digital de Asturias","description":"Spaincares ha nombrado como nueva directora gerente a M\u00f3nica Figuerola para asumir las labores de gesti\u00f3n del Cl\u00faster Espa\u00f1ol de Turismo de Salud y la plataforma creada para la puesta en valor del turismo de salud en Espa\u00f1a. El objetivo primordial es la captaci\u00f3n de turistas internacionales que acudan a centros sanitarios privados, balnearios o","inLanguage":"es-ES","isPartOf":{"@id":"https:\/\/eldigitaldeasturias.com\/magazine365\/#website"},"breadcrumb":{"@id":"https:\/\/eldigitaldeasturias.com\/magazine365\/monica-figuerola-nueva-directora-gerente-de-spaincares\/#breadcrumblist"},"author":{"@id":"https:\/\/eldigitaldeasturias.com\/magazine365\/author\/admin\/#author"},"creator":{"@id":"https:\/\/eldigitaldeasturias.com\/magazine365\/author\/admin\/#author"},"image":{"@type":"ImageObject","url":"https:\/\/eldigitaldeasturias.com\/magazine365\/wp-content\/uploads\/2015\/06\/fotonoticia_20150601120753_800.jpg","@id":"https:\/\/eldigitaldeasturias.com\/magazine365\/monica-figuerola-nueva-directora-gerente-de-spaincares\/#mainImage","width":800,"height":692},"primaryImageOfPage":{"@id":"https:\/\/eldigitaldeasturias.com\/magazine365\/monica-figuerola-nueva-directora-gerente-de-spaincares\/#mainImage"},"datePublished":"2015-06-04T04:02:54+02:00","dateModified":"2015-06-04T04:02:54+02:00"},{"@type":"WebSite","@id":"https:\/\/eldigitaldeasturias.com\/magazine365\/#website","url":"https:\/\/eldigitaldeasturias.com\/magazine365\/","name":"El Digital de Asturias","description":"Revista de ocio, turismo y estilo de vida","inLanguage":"es-ES","publisher":{"@id":"https:\/\/eldigitaldeasturias.com\/magazine365\/#organization"}}]},"og:locale":"es_ES","og:site_name":"El Digital de Asturias \u2013 Revista de ocio, turismo y estilo de vida","og:type":"article","og:title":"Monica Figuerola, nueva directora gerente de Spaincares | El Digital de Asturias","og:description":"Spaincares ha nombrado como nueva directora gerente a M\u00f3nica Figuerola para asumir las labores de gesti\u00f3n del Cl\u00faster Espa\u00f1ol de Turismo de Salud y la plataforma creada para la puesta en valor del turismo de salud en Espa\u00f1a. El objetivo primordial es la captaci\u00f3n de turistas internacionales que acudan a centros sanitarios privados, balnearios o","og:url":"https:\/\/eldigitaldeasturias.com\/magazine365\/monica-figuerola-nueva-directora-gerente-de-spaincares\/","og:image":"https:\/\/eldigitaldeasturias.com\/magazine365\/wp-content\/uploads\/2015\/06\/fotonoticia_20150601120753_800.jpg","og:image:secure_url":"https:\/\/eldigitaldeasturias.com\/magazine365\/wp-content\/uploads\/2015\/06\/fotonoticia_20150601120753_800.jpg","og:image:width":800,"og:image:height":692,"article:published_time":"2015-06-04T02:32:54+00:00","article:modified_time":"2015-06-04T02:32:54+00:00","twitter:card":"summary_large_image","twitter:title":"Monica Figuerola, nueva directora gerente de Spaincares | El Digital de Asturias","twitter:description":"Spaincares ha nombrado como nueva directora gerente a M\u00f3nica Figuerola para asumir las labores de gesti\u00f3n del Cl\u00faster Espa\u00f1ol de Turismo de Salud y la plataforma creada para la puesta en valor del turismo de salud en Espa\u00f1a. El objetivo primordial es la captaci\u00f3n de turistas internacionales que acudan a centros sanitarios privados, balnearios o","twitter:image":"https:\/\/eldigitaldeasturias.com\/magazine365\/wp-content\/uploads\/2015\/06\/fotonoticia_20150601120753_800.jpg"},"aioseo_meta_data":{"post_id":"38550","title":null,"description":null,"keywords":null,"keyphrases":null,"primary_term":null,"canonical_url":null,"og_title":null,"og_description":null,"og_object_type":"default","og_image_type":"default","og_image_url":null,"og_image_width":null,"og_image_height":null,"og_image_custom_url":null,"og_image_custom_fields":null,"og_video":null,"og_custom_url":null,"og_article_section":null,"og_article_tags":null,"twitter_use_og":false,"twitter_card":"default","twitter_image_type":"default","twitter_image_url":null,"twitter_image_custom_url":null,"twitter_image_custom_fields":null,"twitter_title":null,"twitter_description":null,"schema":{"blockGraphs":[],"customGraphs":[],"default":{"data":{"Article":[],"Course":[],"Dataset":[],"FAQPage":[],"Movie":[],"Person":[],"Product":[],"ProductReview":[],"Car":[],"Recipe":[],"Service":[],"SoftwareApplication":[],"WebPage":[]},"graphName":"","isEnabled":true},"graphs":[],"defaultGraph":"","defaultPostTypeGraph":""},"schema_type":null,"schema_type_options":null,"pillar_content":false,"robots_default":true,"robots_noindex":false,"robots_noarchive":false,"robots_nosnippet":false,"robots_nofollow":false,"robots_noimageindex":false,"robots_noodp":false,"robots_notranslate":false,"robots_max_snippet":null,"robots_max_videopreview":null,"robots_max_imagepreview":"large","priority":null,"frequency":null,"location":null,"local_seo":null,"seo_analyzer_scan_date":"2025-09-19 09:48:03","breadcrumb_settings":null,"limit_modified_date":false,"open_ai":null,"ai":null,"created":"2021-03-09 02:52:47","updated":"2025-09-19 09:48:03"},"aioseo_breadcrumb":"<div class=\"aioseo-breadcrumbs\"><span class=\"aioseo-breadcrumb\">\n\t<a href=\"https:\/\/eldigitaldeasturias.com\/magazine365\" title=\"Home\">Home<\/a>\n<\/span><span class=\"aioseo-breadcrumb-separator\">\u2013<\/span><span class=\"aioseo-breadcrumb\">\n\t<a href=\"https:\/\/eldigitaldeasturias.com\/magazine365\/category\/noticias-actualidad\/\" title=\"Noticias y Actualidad\">Noticias y Actualidad<\/a>\n<\/span><span class=\"aioseo-breadcrumb-separator\">\u2013<\/span><span class=\"aioseo-breadcrumb\">\n\t<a href=\"https:\/\/eldigitaldeasturias.com\/magazine365\/monica-figuerola-nueva-directora-gerente-de-spaincares\/\" title=\"Monica Figuerola, nueva directora gerente de Spaincares\">Monica Figuerola, nueva directora gerente de Spaincares<\/a>\n<\/span><\/div>","aioseo_breadcrumb_json":[{"label":"Home","link":"https:\/\/eldigitaldeasturias.com\/magazine365"},{"label":"Noticias y Actualidad","link":"https:\/\/eldigitaldeasturias.com\/magazine365\/category\/noticias-actualidad\/"},{"label":"Monica Figuerola, nueva directora gerente de Spaincares","link":"https:\/\/eldigitaldeasturias.com\/magazine365\/monica-figuerola-nueva-directora-gerente-de-spaincares\/"}],"_links":{"self":[{"href":"https:\/\/eldigitaldeasturias.com\/magazine365\/wp-json\/wp\/v2\/posts\/38550","targetHints":{"allow":["GET"]}}],"collection":[{"href":"https:\/\/eldigitaldeasturias.com\/magazine365\/wp-json\/wp\/v2\/posts"}],"about":[{"href":"https:\/\/eldigitaldeasturias.com\/magazine365\/wp-json\/wp\/v2\/types\/post"}],"author":[{"embeddable":true,"href":"https:\/\/eldigitaldeasturias.com\/magazine365\/wp-json\/wp\/v2\/users\/1"}],"replies":[{"embeddable":true,"href":"https:\/\/eldigitaldeasturias.com\/magazine365\/wp-json\/wp\/v2\/comments?post=38550"}],"version-history":[{"count":0,"href":"https:\/\/eldigitaldeasturias.com\/magazine365\/wp-json\/wp\/v2\/posts\/38550\/revisions"}],"wp:featuredmedia":[{"embeddable":true,"href":"https:\/\/eldigitaldeasturias.com\/magazine365\/wp-json\/wp\/v2\/media\/38551"}],"wp:attachment":[{"href":"https:\/\/eldigitaldeasturias.com\/magazine365\/wp-json\/wp\/v2\/media?parent=38550"}],"wp:term":[{"taxonomy":"category","embeddable":true,"href":"https:\/\/eldigitaldeasturias.com\/magazine365\/wp-json\/wp\/v2\/categories?post=38550"},{"taxonomy":"post_tag","embeddable":true,"href":"https:\/\/eldigitaldeasturias.com\/magazine365\/wp-json\/wp\/v2\/tags?post=38550"}],"curies":[{"name":"wp","href":"https:\/\/api.w.org\/{rel}","templated":true}]}}