{"id":38532,"date":"2015-06-04T03:54:11","date_gmt":"2015-06-04T02:24:11","guid":{"rendered":"http:\/\/eldigitaldeasturias.com\/magazine365\/?p=38532"},"modified":"2015-06-04T03:54:11","modified_gmt":"2015-06-04T02:24:11","slug":"barakaldo-acoge-esta-semana-el-rodaje-de-gernika","status":"publish","type":"post","link":"https:\/\/eldigitaldeasturias.com\/magazine365\/barakaldo-acoge-esta-semana-el-rodaje-de-gernika\/","title":{"rendered":"Barakaldo acoge esta semana el rodaje de &#8216;Gernika&#8217;"},"content":{"rendered":"<p><img fetchpriority=\"high\" decoding=\"async\" class=\"alignleft size-medium wp-image-38533\" src=\"https:\/\/eldigitaldeasturias.com\/magazine365\/wp-content\/uploads\/2015\/06\/fotonoticia_20150601113806_800-360x240.jpg\" alt=\"fotonoticia_20150601113806_800\" width=\"360\" height=\"240\" srcset=\"https:\/\/eldigitaldeasturias.com\/magazine365\/wp-content\/uploads\/2015\/06\/fotonoticia_20150601113806_800-360x240.jpg 360w, https:\/\/eldigitaldeasturias.com\/magazine365\/wp-content\/uploads\/2015\/06\/fotonoticia_20150601113806_800-650x433.jpg 650w, https:\/\/eldigitaldeasturias.com\/magazine365\/wp-content\/uploads\/2015\/06\/fotonoticia_20150601113806_800-768x512.jpg 768w, https:\/\/eldigitaldeasturias.com\/magazine365\/wp-content\/uploads\/2015\/06\/fotonoticia_20150601113806_800-150x100.jpg 150w, https:\/\/eldigitaldeasturias.com\/magazine365\/wp-content\/uploads\/2015\/06\/fotonoticia_20150601113806_800-450x300.jpg 450w, https:\/\/eldigitaldeasturias.com\/magazine365\/wp-content\/uploads\/2015\/06\/fotonoticia_20150601113806_800-696x464.jpg 696w, https:\/\/eldigitaldeasturias.com\/magazine365\/wp-content\/uploads\/2015\/06\/fotonoticia_20150601113806_800-630x420.jpg 630w, https:\/\/eldigitaldeasturias.com\/magazine365\/wp-content\/uploads\/2015\/06\/fotonoticia_20150601113806_800-84x55.jpg 84w, https:\/\/eldigitaldeasturias.com\/magazine365\/wp-content\/uploads\/2015\/06\/fotonoticia_20150601113806_800.jpg 800w\" sizes=\"(max-width: 360px) 100vw, 360px\" \/>El equipo de rodaje de la pel\u00edcula &#8216;Gernika&#8217; se encuentra estos d\u00edas instalado en el Palacio Munoa, en Barakaldo, donde trabajar\u00e1 hasta el pr\u00f3ximo 10 de junio gracias a un acuerdo de colaboraci\u00f3n entre el Ayuntamiento del municipio vizca\u00edno y la productora de la cinta, Pecado Films.<\/p>\n<p>La pel\u00edcula, del director bilba\u00edno Koldo Serra, cuenta con un presupuesto cercano a los seis millones de euros y narra los tr\u00e1gicos acontecimientos que vivi\u00f3 Gernika el 26 de abril de 1937, cuando fue bombardeada, ha se\u00f1alado el Consistorio baracald\u00e9s.<\/p>\n<p>Durante esta semana est\u00e1 previsto que el rodaje sea \u00edntegro en Barakaldo y este lunes se grabar\u00e1 una escena exterior. El palacio se ha convertido en la sede del Departamento de Prensa y Propaganda del Gobierno de la II Rep\u00fablica y, a su vez, tambi\u00e9n se ha utilizado para grabar algunas escenas del hotel.<\/p>\n<p>\u00abEl rodaje de la cinta supone una gran promoci\u00f3n para la imagen de Barakaldo y, adem\u00e1s, ofrece un importante impulso al comercio y a la hosteler\u00eda de la ciudad, gracias al convenio de colaboraci\u00f3n firmado entre Ayuntamiento y productora, que compromete al equipo de producci\u00f3n a contratar en Barakaldo todos los servicios que necesite durante el per\u00edodo del rodaje\u00bb, han destacado.<\/p>\n<p>La pel\u00edcula se filmar\u00e1 durante ocho semanas en diversas localizaciones de Bizkaia. El personal t\u00e9cnico y art\u00edstico que lleva a cabo el rodaje es mayoritariamente vasco y supone la creaci\u00f3n de 40 puestos de trabajo directos y, aproximadamente, m\u00e1s de 100 empleos indirectos.<\/p>\n<p>Asimismo, entre los figurantes que aparecer\u00e1n en la cinta hay varios vecinos de Barakaldo que fueron seleccionados a trav\u00e9s de un casting que la productora de la pel\u00edcula realiz\u00f3 en el municipio.<\/p>\n<p>RECREACI\u00d3N DE LA GUERRA CIVIL<\/p>\n<p>El Palacio Munoa, pendiente de restauraci\u00f3n, a\u00fan no es un lugar apto para su apertura al p\u00fablico. Pese a ello, el equipo t\u00e9cnico de la pel\u00edcula lo ha considerado id\u00f3neo para representar una \u00e9poca convulsa como fue la Guerra Civil.<\/p>\n<p>La productora de la pel\u00edcula se ha comprometido a utilizar la instalaci\u00f3n con el mayor de los cuidados a fin de no da\u00f1ar y mantener intactos todos los elementos arquitect\u00f3nicos o decorativos del lugar. En caso de realizarse alg\u00fan da\u00f1o material ser\u00e1 la propia productora la que se har\u00e1 cargo de los gastos.<\/p>\n<p>El palacio permanecer\u00e1 ocupado por la productora hasta el pr\u00f3ximo 10 de junio y el rodaje se realizar\u00e1, mayoritariamente, dentro del edificio, por lo que no influir\u00e1 en el devenir diario del parque, que seguir\u00e1 abierto al p\u00fablico.<\/p>\n<p>PROYECCI\u00d3N INTERNACIONAL<\/p>\n<p>Rodada \u00edntegramente en ingl\u00e9s, la cinta tiene una proyecci\u00f3n internacional con actores como Jamen D&#8217;Arcy, Jack Davenport, Burn Gorman o Joaquin Assboeck.<\/p>\n<p>El reparto se completa con Mar\u00eda Valverde como protagonista femenina, B\u00e1rbara Goenaga, Alex Garc\u00eda, V\u00edctor Clavijo, Irene Escolar, Ram\u00f3n Barea o Elena Irureta, entre otras personalidades que gozan con un reconocido prestigio dentro del mundo del cine.<\/p>\n<p>&#8216;Gernika&#8217;, inspirada en el reportero brit\u00e1nico George Steer, famoso por su cr\u00f3nica sobre el bombardeo, narra una historia de amor en un trasfondo b\u00e9lico. Henry (James D&#8217;Arcy) es un periodista americano en horas bajas que conoce a Teresa (Mar\u00eda Valverde), una editora de la oficina de prensa republicana, que despierta en \u00e9l la pasi\u00f3n por narrar los acontecimientos que se desarrollan en 1937 en el frente norte.<\/p>\n","protected":false},"excerpt":{"rendered":"<p>El equipo de rodaje de la pel\u00edcula &#8216;Gernika&#8217; se encuentra estos d\u00edas instalado en el Palacio Munoa, en Barakaldo, donde trabajar\u00e1 hasta el pr\u00f3ximo 10 de junio gracias a un acuerdo de colaboraci\u00f3n entre el Ayuntamiento del municipio vizca\u00edno y la productora de la cinta, Pecado Films. La pel\u00edcula, del director bilba\u00edno Koldo Serra, cuenta<\/p>\n","protected":false},"author":1,"featured_media":38533,"comment_status":"open","ping_status":"closed","sticky":false,"template":"","format":"standard","meta":{"footnotes":""},"categories":[224],"tags":[],"class_list":{"0":"post-38532","1":"post","2":"type-post","3":"status-publish","4":"format-standard","5":"has-post-thumbnail","7":"category-noticias-actualidad"},"aioseo_notices":[],"aioseo_head":"\n\t\t<!-- All in One SEO Pro 4.9.6.1 - aioseo.com -->\n\t<meta name=\"description\" content=\"El equipo de rodaje de la pel\u00edcula &#039;Gernika&#039; se encuentra estos d\u00edas instalado en el Palacio Munoa, en Barakaldo, donde trabajar\u00e1 hasta el pr\u00f3ximo 10 de junio gracias a un acuerdo de colaboraci\u00f3n entre el Ayuntamiento del municipio vizca\u00edno y la productora de la cinta, Pecado Films. La pel\u00edcula, del director bilba\u00edno Koldo Serra, cuenta\" \/>\n\t<meta name=\"robots\" content=\"max-image-preview:large\" \/>\n\t<meta name=\"author\" content=\"admin\"\/>\n\t<meta name=\"google-site-verification\" content=\"UA-38556648-1\" \/>\n\t<meta name=\"keywords\" content=\"noticias y actualidad\" \/>\n\t<link rel=\"canonical\" href=\"https:\/\/eldigitaldeasturias.com\/magazine365\/barakaldo-acoge-esta-semana-el-rodaje-de-gernika\/\" \/>\n\t<meta name=\"generator\" content=\"All in One SEO Pro (AIOSEO) 4.9.6.1\" \/>\n\t\t<meta property=\"og:locale\" content=\"es_ES\" \/>\n\t\t<meta property=\"og:site_name\" content=\"El Digital de Asturias \u2013 Revista de ocio, turismo y estilo de vida\" \/>\n\t\t<meta property=\"og:type\" content=\"article\" \/>\n\t\t<meta property=\"og:title\" content=\"Barakaldo acoge esta semana el rodaje de \u2018Gernika\u2019 | El Digital de Asturias\" \/>\n\t\t<meta property=\"og:description\" content=\"El equipo de rodaje de la pel\u00edcula &#039;Gernika&#039; se encuentra estos d\u00edas instalado en el Palacio Munoa, en Barakaldo, donde trabajar\u00e1 hasta el pr\u00f3ximo 10 de junio gracias a un acuerdo de colaboraci\u00f3n entre el Ayuntamiento del municipio vizca\u00edno y la productora de la cinta, Pecado Films. La pel\u00edcula, del director bilba\u00edno Koldo Serra, cuenta\" \/>\n\t\t<meta property=\"og:url\" content=\"https:\/\/eldigitaldeasturias.com\/magazine365\/barakaldo-acoge-esta-semana-el-rodaje-de-gernika\/\" \/>\n\t\t<meta property=\"og:image\" content=\"https:\/\/eldigitaldeasturias.com\/magazine365\/wp-content\/uploads\/2015\/06\/fotonoticia_20150601113806_800.jpg\" \/>\n\t\t<meta property=\"og:image:secure_url\" content=\"https:\/\/eldigitaldeasturias.com\/magazine365\/wp-content\/uploads\/2015\/06\/fotonoticia_20150601113806_800.jpg\" \/>\n\t\t<meta property=\"og:image:width\" content=\"800\" \/>\n\t\t<meta property=\"og:image:height\" content=\"533\" \/>\n\t\t<meta property=\"article:published_time\" content=\"2015-06-04T02:24:11+00:00\" \/>\n\t\t<meta property=\"article:modified_time\" content=\"2015-06-04T02:24:11+00:00\" \/>\n\t\t<meta name=\"twitter:card\" content=\"summary_large_image\" \/>\n\t\t<meta name=\"twitter:title\" content=\"Barakaldo acoge esta semana el rodaje de \u2018Gernika\u2019 | El Digital de Asturias\" \/>\n\t\t<meta name=\"twitter:description\" content=\"El equipo de rodaje de la pel\u00edcula &#039;Gernika&#039; se encuentra estos d\u00edas instalado en el Palacio Munoa, en Barakaldo, donde trabajar\u00e1 hasta el pr\u00f3ximo 10 de junio gracias a un acuerdo de colaboraci\u00f3n entre el Ayuntamiento del municipio vizca\u00edno y la productora de la cinta, Pecado Films. La pel\u00edcula, del director bilba\u00edno Koldo Serra, cuenta\" \/>\n\t\t<meta name=\"twitter:image\" content=\"https:\/\/eldigitaldeasturias.com\/magazine365\/wp-content\/uploads\/2015\/06\/fotonoticia_20150601113806_800.jpg\" \/>\n\t\t<script type=\"application\/ld+json\" class=\"aioseo-schema\">\n\t\t\t{\"@context\":\"https:\\\/\\\/schema.org\",\"@graph\":[{\"@type\":\"Article\",\"@id\":\"https:\\\/\\\/eldigitaldeasturias.com\\\/magazine365\\\/barakaldo-acoge-esta-semana-el-rodaje-de-gernika\\\/#article\",\"name\":\"Barakaldo acoge esta semana el rodaje de \\u2018Gernika\\u2019 | El Digital de Asturias\",\"headline\":\"Barakaldo acoge esta semana el rodaje de &#8216;Gernika&#8217;\",\"author\":{\"@id\":\"https:\\\/\\\/eldigitaldeasturias.com\\\/magazine365\\\/author\\\/admin\\\/#author\"},\"publisher\":{\"@id\":\"https:\\\/\\\/eldigitaldeasturias.com\\\/magazine365\\\/#organization\"},\"image\":{\"@type\":\"ImageObject\",\"url\":\"https:\\\/\\\/eldigitaldeasturias.com\\\/magazine365\\\/wp-content\\\/uploads\\\/2015\\\/06\\\/fotonoticia_20150601113806_800.jpg\",\"width\":800,\"height\":533},\"datePublished\":\"2015-06-04T03:54:11+02:00\",\"dateModified\":\"2015-06-04T03:54:11+02:00\",\"inLanguage\":\"es-ES\",\"mainEntityOfPage\":{\"@id\":\"https:\\\/\\\/eldigitaldeasturias.com\\\/magazine365\\\/barakaldo-acoge-esta-semana-el-rodaje-de-gernika\\\/#webpage\"},\"isPartOf\":{\"@id\":\"https:\\\/\\\/eldigitaldeasturias.com\\\/magazine365\\\/barakaldo-acoge-esta-semana-el-rodaje-de-gernika\\\/#webpage\"},\"articleSection\":\"Noticias y Actualidad\"},{\"@type\":\"BreadcrumbList\",\"@id\":\"https:\\\/\\\/eldigitaldeasturias.com\\\/magazine365\\\/barakaldo-acoge-esta-semana-el-rodaje-de-gernika\\\/#breadcrumblist\",\"itemListElement\":[{\"@type\":\"ListItem\",\"@id\":\"https:\\\/\\\/eldigitaldeasturias.com\\\/magazine365#listItem\",\"position\":1,\"name\":\"Home\",\"item\":\"https:\\\/\\\/eldigitaldeasturias.com\\\/magazine365\",\"nextItem\":{\"@type\":\"ListItem\",\"@id\":\"https:\\\/\\\/eldigitaldeasturias.com\\\/magazine365\\\/category\\\/noticias-actualidad\\\/#listItem\",\"name\":\"Noticias y Actualidad\"}},{\"@type\":\"ListItem\",\"@id\":\"https:\\\/\\\/eldigitaldeasturias.com\\\/magazine365\\\/category\\\/noticias-actualidad\\\/#listItem\",\"position\":2,\"name\":\"Noticias y Actualidad\",\"item\":\"https:\\\/\\\/eldigitaldeasturias.com\\\/magazine365\\\/category\\\/noticias-actualidad\\\/\",\"nextItem\":{\"@type\":\"ListItem\",\"@id\":\"https:\\\/\\\/eldigitaldeasturias.com\\\/magazine365\\\/barakaldo-acoge-esta-semana-el-rodaje-de-gernika\\\/#listItem\",\"name\":\"Barakaldo acoge esta semana el rodaje de &#8216;Gernika&#8217;\"},\"previousItem\":{\"@type\":\"ListItem\",\"@id\":\"https:\\\/\\\/eldigitaldeasturias.com\\\/magazine365#listItem\",\"name\":\"Home\"}},{\"@type\":\"ListItem\",\"@id\":\"https:\\\/\\\/eldigitaldeasturias.com\\\/magazine365\\\/barakaldo-acoge-esta-semana-el-rodaje-de-gernika\\\/#listItem\",\"position\":3,\"name\":\"Barakaldo acoge esta semana el rodaje de &#8216;Gernika&#8217;\",\"previousItem\":{\"@type\":\"ListItem\",\"@id\":\"https:\\\/\\\/eldigitaldeasturias.com\\\/magazine365\\\/category\\\/noticias-actualidad\\\/#listItem\",\"name\":\"Noticias y Actualidad\"}}]},{\"@type\":\"Organization\",\"@id\":\"https:\\\/\\\/eldigitaldeasturias.com\\\/magazine365\\\/#organization\",\"name\":\"El digital de Asturias\",\"description\":\"Revista de ocio, turismo y estilo de vida\",\"url\":\"https:\\\/\\\/eldigitaldeasturias.com\\\/magazine365\\\/\",\"logo\":{\"@type\":\"ImageObject\",\"url\":\"https:\\\/\\\/www.eldigitaldeasturias.com\\\/noticias\\\/wp-content\\\/uploads\\\/2020\\\/12\\\/EDA.jpg\",\"@id\":\"https:\\\/\\\/eldigitaldeasturias.com\\\/magazine365\\\/barakaldo-acoge-esta-semana-el-rodaje-de-gernika\\\/#organizationLogo\"},\"image\":{\"@id\":\"https:\\\/\\\/eldigitaldeasturias.com\\\/magazine365\\\/barakaldo-acoge-esta-semana-el-rodaje-de-gernika\\\/#organizationLogo\"}},{\"@type\":\"Person\",\"@id\":\"https:\\\/\\\/eldigitaldeasturias.com\\\/magazine365\\\/author\\\/admin\\\/#author\",\"url\":\"https:\\\/\\\/eldigitaldeasturias.com\\\/magazine365\\\/author\\\/admin\\\/\",\"name\":\"admin\",\"image\":{\"@type\":\"ImageObject\",\"@id\":\"https:\\\/\\\/eldigitaldeasturias.com\\\/magazine365\\\/barakaldo-acoge-esta-semana-el-rodaje-de-gernika\\\/#authorImage\",\"url\":\"https:\\\/\\\/eldigitaldeasturias.com\\\/magazine365\\\/wp-content\\\/litespeed\\\/avatar\\\/e571bcf59a0edd6fa6838245a470f2fe.jpg?ver=1776969259\",\"width\":96,\"height\":96,\"caption\":\"admin\"}},{\"@type\":\"WebPage\",\"@id\":\"https:\\\/\\\/eldigitaldeasturias.com\\\/magazine365\\\/barakaldo-acoge-esta-semana-el-rodaje-de-gernika\\\/#webpage\",\"url\":\"https:\\\/\\\/eldigitaldeasturias.com\\\/magazine365\\\/barakaldo-acoge-esta-semana-el-rodaje-de-gernika\\\/\",\"name\":\"Barakaldo acoge esta semana el rodaje de \\u2018Gernika\\u2019 | El Digital de Asturias\",\"description\":\"El equipo de rodaje de la pel\\u00edcula 'Gernika' se encuentra estos d\\u00edas instalado en el Palacio Munoa, en Barakaldo, donde trabajar\\u00e1 hasta el pr\\u00f3ximo 10 de junio gracias a un acuerdo de colaboraci\\u00f3n entre el Ayuntamiento del municipio vizca\\u00edno y la productora de la cinta, Pecado Films. La pel\\u00edcula, del director bilba\\u00edno Koldo Serra, cuenta\",\"inLanguage\":\"es-ES\",\"isPartOf\":{\"@id\":\"https:\\\/\\\/eldigitaldeasturias.com\\\/magazine365\\\/#website\"},\"breadcrumb\":{\"@id\":\"https:\\\/\\\/eldigitaldeasturias.com\\\/magazine365\\\/barakaldo-acoge-esta-semana-el-rodaje-de-gernika\\\/#breadcrumblist\"},\"author\":{\"@id\":\"https:\\\/\\\/eldigitaldeasturias.com\\\/magazine365\\\/author\\\/admin\\\/#author\"},\"creator\":{\"@id\":\"https:\\\/\\\/eldigitaldeasturias.com\\\/magazine365\\\/author\\\/admin\\\/#author\"},\"image\":{\"@type\":\"ImageObject\",\"url\":\"https:\\\/\\\/eldigitaldeasturias.com\\\/magazine365\\\/wp-content\\\/uploads\\\/2015\\\/06\\\/fotonoticia_20150601113806_800.jpg\",\"@id\":\"https:\\\/\\\/eldigitaldeasturias.com\\\/magazine365\\\/barakaldo-acoge-esta-semana-el-rodaje-de-gernika\\\/#mainImage\",\"width\":800,\"height\":533},\"primaryImageOfPage\":{\"@id\":\"https:\\\/\\\/eldigitaldeasturias.com\\\/magazine365\\\/barakaldo-acoge-esta-semana-el-rodaje-de-gernika\\\/#mainImage\"},\"datePublished\":\"2015-06-04T03:54:11+02:00\",\"dateModified\":\"2015-06-04T03:54:11+02:00\"},{\"@type\":\"WebSite\",\"@id\":\"https:\\\/\\\/eldigitaldeasturias.com\\\/magazine365\\\/#website\",\"url\":\"https:\\\/\\\/eldigitaldeasturias.com\\\/magazine365\\\/\",\"name\":\"El Digital de Asturias\",\"description\":\"Revista de ocio, turismo y estilo de vida\",\"inLanguage\":\"es-ES\",\"publisher\":{\"@id\":\"https:\\\/\\\/eldigitaldeasturias.com\\\/magazine365\\\/#organization\"}}]}\n\t\t<\/script>\n\t\t<!-- All in One SEO Pro -->\r\n\t\t<title>Barakaldo acoge esta semana el rodaje de \u2018Gernika\u2019 | El Digital de Asturias<\/title>\n\n","aioseo_head_json":{"title":"Barakaldo acoge esta semana el rodaje de \u2018Gernika\u2019 | El Digital de Asturias","description":"El equipo de rodaje de la pel\u00edcula 'Gernika' se encuentra estos d\u00edas instalado en el Palacio Munoa, en Barakaldo, donde trabajar\u00e1 hasta el pr\u00f3ximo 10 de junio gracias a un acuerdo de colaboraci\u00f3n entre el Ayuntamiento del municipio vizca\u00edno y la productora de la cinta, Pecado Films. La pel\u00edcula, del director bilba\u00edno Koldo Serra, cuenta","canonical_url":"https:\/\/eldigitaldeasturias.com\/magazine365\/barakaldo-acoge-esta-semana-el-rodaje-de-gernika\/","robots":"max-image-preview:large","keywords":"noticias y actualidad","webmasterTools":{"google-site-verification":"UA-38556648-1","miscellaneous":""},"schema":{"@context":"https:\/\/schema.org","@graph":[{"@type":"Article","@id":"https:\/\/eldigitaldeasturias.com\/magazine365\/barakaldo-acoge-esta-semana-el-rodaje-de-gernika\/#article","name":"Barakaldo acoge esta semana el rodaje de \u2018Gernika\u2019 | El Digital de Asturias","headline":"Barakaldo acoge esta semana el rodaje de &#8216;Gernika&#8217;","author":{"@id":"https:\/\/eldigitaldeasturias.com\/magazine365\/author\/admin\/#author"},"publisher":{"@id":"https:\/\/eldigitaldeasturias.com\/magazine365\/#organization"},"image":{"@type":"ImageObject","url":"https:\/\/eldigitaldeasturias.com\/magazine365\/wp-content\/uploads\/2015\/06\/fotonoticia_20150601113806_800.jpg","width":800,"height":533},"datePublished":"2015-06-04T03:54:11+02:00","dateModified":"2015-06-04T03:54:11+02:00","inLanguage":"es-ES","mainEntityOfPage":{"@id":"https:\/\/eldigitaldeasturias.com\/magazine365\/barakaldo-acoge-esta-semana-el-rodaje-de-gernika\/#webpage"},"isPartOf":{"@id":"https:\/\/eldigitaldeasturias.com\/magazine365\/barakaldo-acoge-esta-semana-el-rodaje-de-gernika\/#webpage"},"articleSection":"Noticias y Actualidad"},{"@type":"BreadcrumbList","@id":"https:\/\/eldigitaldeasturias.com\/magazine365\/barakaldo-acoge-esta-semana-el-rodaje-de-gernika\/#breadcrumblist","itemListElement":[{"@type":"ListItem","@id":"https:\/\/eldigitaldeasturias.com\/magazine365#listItem","position":1,"name":"Home","item":"https:\/\/eldigitaldeasturias.com\/magazine365","nextItem":{"@type":"ListItem","@id":"https:\/\/eldigitaldeasturias.com\/magazine365\/category\/noticias-actualidad\/#listItem","name":"Noticias y Actualidad"}},{"@type":"ListItem","@id":"https:\/\/eldigitaldeasturias.com\/magazine365\/category\/noticias-actualidad\/#listItem","position":2,"name":"Noticias y Actualidad","item":"https:\/\/eldigitaldeasturias.com\/magazine365\/category\/noticias-actualidad\/","nextItem":{"@type":"ListItem","@id":"https:\/\/eldigitaldeasturias.com\/magazine365\/barakaldo-acoge-esta-semana-el-rodaje-de-gernika\/#listItem","name":"Barakaldo acoge esta semana el rodaje de &#8216;Gernika&#8217;"},"previousItem":{"@type":"ListItem","@id":"https:\/\/eldigitaldeasturias.com\/magazine365#listItem","name":"Home"}},{"@type":"ListItem","@id":"https:\/\/eldigitaldeasturias.com\/magazine365\/barakaldo-acoge-esta-semana-el-rodaje-de-gernika\/#listItem","position":3,"name":"Barakaldo acoge esta semana el rodaje de &#8216;Gernika&#8217;","previousItem":{"@type":"ListItem","@id":"https:\/\/eldigitaldeasturias.com\/magazine365\/category\/noticias-actualidad\/#listItem","name":"Noticias y Actualidad"}}]},{"@type":"Organization","@id":"https:\/\/eldigitaldeasturias.com\/magazine365\/#organization","name":"El digital de Asturias","description":"Revista de ocio, turismo y estilo de vida","url":"https:\/\/eldigitaldeasturias.com\/magazine365\/","logo":{"@type":"ImageObject","url":"https:\/\/www.eldigitaldeasturias.com\/noticias\/wp-content\/uploads\/2020\/12\/EDA.jpg","@id":"https:\/\/eldigitaldeasturias.com\/magazine365\/barakaldo-acoge-esta-semana-el-rodaje-de-gernika\/#organizationLogo"},"image":{"@id":"https:\/\/eldigitaldeasturias.com\/magazine365\/barakaldo-acoge-esta-semana-el-rodaje-de-gernika\/#organizationLogo"}},{"@type":"Person","@id":"https:\/\/eldigitaldeasturias.com\/magazine365\/author\/admin\/#author","url":"https:\/\/eldigitaldeasturias.com\/magazine365\/author\/admin\/","name":"admin","image":{"@type":"ImageObject","@id":"https:\/\/eldigitaldeasturias.com\/magazine365\/barakaldo-acoge-esta-semana-el-rodaje-de-gernika\/#authorImage","url":"https:\/\/eldigitaldeasturias.com\/magazine365\/wp-content\/litespeed\/avatar\/e571bcf59a0edd6fa6838245a470f2fe.jpg?ver=1776969259","width":96,"height":96,"caption":"admin"}},{"@type":"WebPage","@id":"https:\/\/eldigitaldeasturias.com\/magazine365\/barakaldo-acoge-esta-semana-el-rodaje-de-gernika\/#webpage","url":"https:\/\/eldigitaldeasturias.com\/magazine365\/barakaldo-acoge-esta-semana-el-rodaje-de-gernika\/","name":"Barakaldo acoge esta semana el rodaje de \u2018Gernika\u2019 | El Digital de Asturias","description":"El equipo de rodaje de la pel\u00edcula 'Gernika' se encuentra estos d\u00edas instalado en el Palacio Munoa, en Barakaldo, donde trabajar\u00e1 hasta el pr\u00f3ximo 10 de junio gracias a un acuerdo de colaboraci\u00f3n entre el Ayuntamiento del municipio vizca\u00edno y la productora de la cinta, Pecado Films. La pel\u00edcula, del director bilba\u00edno Koldo Serra, cuenta","inLanguage":"es-ES","isPartOf":{"@id":"https:\/\/eldigitaldeasturias.com\/magazine365\/#website"},"breadcrumb":{"@id":"https:\/\/eldigitaldeasturias.com\/magazine365\/barakaldo-acoge-esta-semana-el-rodaje-de-gernika\/#breadcrumblist"},"author":{"@id":"https:\/\/eldigitaldeasturias.com\/magazine365\/author\/admin\/#author"},"creator":{"@id":"https:\/\/eldigitaldeasturias.com\/magazine365\/author\/admin\/#author"},"image":{"@type":"ImageObject","url":"https:\/\/eldigitaldeasturias.com\/magazine365\/wp-content\/uploads\/2015\/06\/fotonoticia_20150601113806_800.jpg","@id":"https:\/\/eldigitaldeasturias.com\/magazine365\/barakaldo-acoge-esta-semana-el-rodaje-de-gernika\/#mainImage","width":800,"height":533},"primaryImageOfPage":{"@id":"https:\/\/eldigitaldeasturias.com\/magazine365\/barakaldo-acoge-esta-semana-el-rodaje-de-gernika\/#mainImage"},"datePublished":"2015-06-04T03:54:11+02:00","dateModified":"2015-06-04T03:54:11+02:00"},{"@type":"WebSite","@id":"https:\/\/eldigitaldeasturias.com\/magazine365\/#website","url":"https:\/\/eldigitaldeasturias.com\/magazine365\/","name":"El Digital de Asturias","description":"Revista de ocio, turismo y estilo de vida","inLanguage":"es-ES","publisher":{"@id":"https:\/\/eldigitaldeasturias.com\/magazine365\/#organization"}}]},"og:locale":"es_ES","og:site_name":"El Digital de Asturias \u2013 Revista de ocio, turismo y estilo de vida","og:type":"article","og:title":"Barakaldo acoge esta semana el rodaje de \u2018Gernika\u2019 | El Digital de Asturias","og:description":"El equipo de rodaje de la pel\u00edcula 'Gernika' se encuentra estos d\u00edas instalado en el Palacio Munoa, en Barakaldo, donde trabajar\u00e1 hasta el pr\u00f3ximo 10 de junio gracias a un acuerdo de colaboraci\u00f3n entre el Ayuntamiento del municipio vizca\u00edno y la productora de la cinta, Pecado Films. La pel\u00edcula, del director bilba\u00edno Koldo Serra, cuenta","og:url":"https:\/\/eldigitaldeasturias.com\/magazine365\/barakaldo-acoge-esta-semana-el-rodaje-de-gernika\/","og:image":"https:\/\/eldigitaldeasturias.com\/magazine365\/wp-content\/uploads\/2015\/06\/fotonoticia_20150601113806_800.jpg","og:image:secure_url":"https:\/\/eldigitaldeasturias.com\/magazine365\/wp-content\/uploads\/2015\/06\/fotonoticia_20150601113806_800.jpg","og:image:width":800,"og:image:height":533,"article:published_time":"2015-06-04T02:24:11+00:00","article:modified_time":"2015-06-04T02:24:11+00:00","twitter:card":"summary_large_image","twitter:title":"Barakaldo acoge esta semana el rodaje de \u2018Gernika\u2019 | El Digital de Asturias","twitter:description":"El equipo de rodaje de la pel\u00edcula 'Gernika' se encuentra estos d\u00edas instalado en el Palacio Munoa, en Barakaldo, donde trabajar\u00e1 hasta el pr\u00f3ximo 10 de junio gracias a un acuerdo de colaboraci\u00f3n entre el Ayuntamiento del municipio vizca\u00edno y la productora de la cinta, Pecado Films. La pel\u00edcula, del director bilba\u00edno Koldo Serra, cuenta","twitter:image":"https:\/\/eldigitaldeasturias.com\/magazine365\/wp-content\/uploads\/2015\/06\/fotonoticia_20150601113806_800.jpg"},"aioseo_meta_data":{"post_id":"38532","title":null,"description":null,"keywords":null,"keyphrases":null,"primary_term":null,"canonical_url":null,"og_title":null,"og_description":null,"og_object_type":"default","og_image_type":"default","og_image_url":null,"og_image_width":null,"og_image_height":null,"og_image_custom_url":null,"og_image_custom_fields":null,"og_video":null,"og_custom_url":null,"og_article_section":null,"og_article_tags":null,"twitter_use_og":false,"twitter_card":"default","twitter_image_type":"default","twitter_image_url":null,"twitter_image_custom_url":null,"twitter_image_custom_fields":null,"twitter_title":null,"twitter_description":null,"schema":{"blockGraphs":[],"customGraphs":[],"default":{"data":{"Article":[],"Course":[],"Dataset":[],"FAQPage":[],"Movie":[],"Person":[],"Product":[],"ProductReview":[],"Car":[],"Recipe":[],"Service":[],"SoftwareApplication":[],"WebPage":[]},"graphName":"","isEnabled":true},"graphs":[],"defaultGraph":"","defaultPostTypeGraph":""},"schema_type":null,"schema_type_options":null,"pillar_content":false,"robots_default":true,"robots_noindex":false,"robots_noarchive":false,"robots_nosnippet":false,"robots_nofollow":false,"robots_noimageindex":false,"robots_noodp":false,"robots_notranslate":false,"robots_max_snippet":null,"robots_max_videopreview":null,"robots_max_imagepreview":"large","priority":null,"frequency":null,"location":null,"local_seo":null,"seo_analyzer_scan_date":"2025-09-19 09:44:29","breadcrumb_settings":null,"limit_modified_date":false,"open_ai":null,"ai":null,"created":"2021-03-09 02:52:47","updated":"2025-09-19 09:44:29"},"aioseo_breadcrumb":"<div class=\"aioseo-breadcrumbs\"><span class=\"aioseo-breadcrumb\">\n\t<a href=\"https:\/\/eldigitaldeasturias.com\/magazine365\" title=\"Home\">Home<\/a>\n<\/span><span class=\"aioseo-breadcrumb-separator\">\u2013<\/span><span class=\"aioseo-breadcrumb\">\n\t<a href=\"https:\/\/eldigitaldeasturias.com\/magazine365\/category\/noticias-actualidad\/\" title=\"Noticias y Actualidad\">Noticias y Actualidad<\/a>\n<\/span><span class=\"aioseo-breadcrumb-separator\">\u2013<\/span><span class=\"aioseo-breadcrumb\">\n\t<a href=\"https:\/\/eldigitaldeasturias.com\/magazine365\/barakaldo-acoge-esta-semana-el-rodaje-de-gernika\/\" title=\"Barakaldo acoge esta semana el rodaje de \u2018Gernika\u2019\">Barakaldo acoge esta semana el rodaje de \u2018Gernika\u2019<\/a>\n<\/span><\/div>","aioseo_breadcrumb_json":[{"label":"Home","link":"https:\/\/eldigitaldeasturias.com\/magazine365"},{"label":"Noticias y Actualidad","link":"https:\/\/eldigitaldeasturias.com\/magazine365\/category\/noticias-actualidad\/"},{"label":"Barakaldo acoge esta semana el rodaje de &#8216;Gernika&#8217;","link":"https:\/\/eldigitaldeasturias.com\/magazine365\/barakaldo-acoge-esta-semana-el-rodaje-de-gernika\/"}],"_links":{"self":[{"href":"https:\/\/eldigitaldeasturias.com\/magazine365\/wp-json\/wp\/v2\/posts\/38532","targetHints":{"allow":["GET"]}}],"collection":[{"href":"https:\/\/eldigitaldeasturias.com\/magazine365\/wp-json\/wp\/v2\/posts"}],"about":[{"href":"https:\/\/eldigitaldeasturias.com\/magazine365\/wp-json\/wp\/v2\/types\/post"}],"author":[{"embeddable":true,"href":"https:\/\/eldigitaldeasturias.com\/magazine365\/wp-json\/wp\/v2\/users\/1"}],"replies":[{"embeddable":true,"href":"https:\/\/eldigitaldeasturias.com\/magazine365\/wp-json\/wp\/v2\/comments?post=38532"}],"version-history":[{"count":0,"href":"https:\/\/eldigitaldeasturias.com\/magazine365\/wp-json\/wp\/v2\/posts\/38532\/revisions"}],"wp:featuredmedia":[{"embeddable":true,"href":"https:\/\/eldigitaldeasturias.com\/magazine365\/wp-json\/wp\/v2\/media\/38533"}],"wp:attachment":[{"href":"https:\/\/eldigitaldeasturias.com\/magazine365\/wp-json\/wp\/v2\/media?parent=38532"}],"wp:term":[{"taxonomy":"category","embeddable":true,"href":"https:\/\/eldigitaldeasturias.com\/magazine365\/wp-json\/wp\/v2\/categories?post=38532"},{"taxonomy":"post_tag","embeddable":true,"href":"https:\/\/eldigitaldeasturias.com\/magazine365\/wp-json\/wp\/v2\/tags?post=38532"}],"curies":[{"name":"wp","href":"https:\/\/api.w.org\/{rel}","templated":true}]}}