{"id":38517,"date":"2015-06-04T03:46:06","date_gmt":"2015-06-04T02:16:06","guid":{"rendered":"http:\/\/eldigitaldeasturias.com\/magazine365\/?p=38517"},"modified":"2015-06-04T03:46:06","modified_gmt":"2015-06-04T02:16:06","slug":"disneyland-paris-celebra-su-verano-mas-frozen","status":"publish","type":"post","link":"https:\/\/eldigitaldeasturias.com\/magazine365\/disneyland-paris-celebra-su-verano-mas-frozen\/","title":{"rendered":"Disneyland Paris celebra su verano m\u00e1s Frozen"},"content":{"rendered":"<p><img fetchpriority=\"high\" decoding=\"async\" class=\"alignleft size-medium wp-image-38518\" src=\"https:\/\/eldigitaldeasturias.com\/magazine365\/wp-content\/uploads\/2015\/06\/fotonoticia_20150601104400_800-360x247.jpg\" alt=\"fotonoticia_20150601104400_800\" width=\"360\" height=\"247\" srcset=\"https:\/\/eldigitaldeasturias.com\/magazine365\/wp-content\/uploads\/2015\/06\/fotonoticia_20150601104400_800-360x247.jpg 360w, https:\/\/eldigitaldeasturias.com\/magazine365\/wp-content\/uploads\/2015\/06\/fotonoticia_20150601104400_800-650x445.jpg 650w, https:\/\/eldigitaldeasturias.com\/magazine365\/wp-content\/uploads\/2015\/06\/fotonoticia_20150601104400_800-768x526.jpg 768w, https:\/\/eldigitaldeasturias.com\/magazine365\/wp-content\/uploads\/2015\/06\/fotonoticia_20150601104400_800-150x103.jpg 150w, https:\/\/eldigitaldeasturias.com\/magazine365\/wp-content\/uploads\/2015\/06\/fotonoticia_20150601104400_800-450x308.jpg 450w, https:\/\/eldigitaldeasturias.com\/magazine365\/wp-content\/uploads\/2015\/06\/fotonoticia_20150601104400_800-100x70.jpg 100w, https:\/\/eldigitaldeasturias.com\/magazine365\/wp-content\/uploads\/2015\/06\/fotonoticia_20150601104400_800-218x150.jpg 218w, https:\/\/eldigitaldeasturias.com\/magazine365\/wp-content\/uploads\/2015\/06\/fotonoticia_20150601104400_800-696x477.jpg 696w, https:\/\/eldigitaldeasturias.com\/magazine365\/wp-content\/uploads\/2015\/06\/fotonoticia_20150601104400_800-613x420.jpg 613w, https:\/\/eldigitaldeasturias.com\/magazine365\/wp-content\/uploads\/2015\/06\/fotonoticia_20150601104400_800.jpg 800w\" sizes=\"(max-width: 360px) 100vw, 360px\" \/>Una ola de fr\u00edo refrescar\u00e1 Disneyland Paris del 1 de junio al 13 de septiembre con la llegada al parque de Frozen, la pelicula de animaci\u00f3n m\u00e1s taquillera de la historia, que ofrecer\u00e1 a los visitantes un nuevo espect\u00e1culo, escenas de la pel\u00edcula incluidas en Disney Dreams! y una nueva zona inspirada en el peque\u00f1o pueblo de Arendelle.<\/p>\n<p>Cada a\u00f1o el parque franc\u00e9s procura ofrecer algo nuevo. El verano pasado la gran apuesta fue por Ratatouille, una atracci\u00f3n en 4D inspirada en la famosa pel\u00edcula de Pixar, que trasladaba al visitante a las cocinas del restaurante de Gusteau tras un viaje trepidante por Paris en una vagoneta en forma de rata.<\/p>\n<p>Para este a\u00f1o, y a la espera de la segunda parte de la pel\u00edcula Frozen Fever, la apuesta es por las hermanas Elsa y Ana que adentran al visitante en su fabuloso mundo de hielo.<\/p>\n<p>Arendelle va a celebrar un gran festival y los ciudadanos del pueblo comienzan con los preparativos. Los invitados podr\u00e1n unirse a ellos en un gran karaoke multitudinario al m\u00e1s puro estilo Frozen que tendr\u00e1 lugar varias veces al d\u00eda en el Teatro Chaparral de Frontierland.<\/p>\n<p>La letra de las canciones se mostrar\u00e1 en dos grandes pantallas, que tambi\u00e9n recoger\u00e1n la reacci\u00f3n e ilusi\u00f3n de los visitantes mientras cantan. La Reina Elsa, la Princesa Anna y Olaf tambi\u00e9n se unir\u00e1n a la fiesta en un entorno helado con bailarines tra\u00eddos directamente del reino de Arendelle.<\/p>\n<p>El reparto al completo saldr\u00e1 al escenario para cantar &#8216;Let it go&#8217;, poniendo el broche final a este nuevo espect\u00e1culo que ya ha sido todo un \u00e9xito en Walt Disney World.<\/p>\n<p>Los visitantes que paseen por la tierra de Frontierland se llevar\u00e1n una gran sorpresa. Cerca de Big Thunder Mountain una nueva zona llena de diversi\u00f3n Frozen cobrar\u00e1 vida este verano. Al lado de Cottonwood Creek Ranch se instalar\u00e1 un mercadillo inspirado en que aparece en la pel\u00edcula donde se podr\u00e1n comprar cupcakes, golosinas y helados.<\/p>\n<p>ELSA Y ANA PROTAGONISTAS DE LA CABALGATA.<\/p>\n<p>Elsa y Anna de Frozen seguir\u00e1n presidiendo la cabalgata Disney Magic on Parade! que recorre cada d\u00eda el Parque Disneyland. Las dos hermanas protagonistas del exitoso largometraje de animaci\u00f3n que ha batido todos los records aparecer\u00e1n en una carroza congelada por la Reina Elsa en la que tampoco faltar\u00e1 el simp\u00e1tico mu\u00f1eco de nieve Olaf.<\/p>\n<p>Adem\u00e1s, Elsa y Anna tambi\u00e9n pasear\u00e1n varias veces al d\u00eda cerca del Castillo de la Bella Durmiente en una elegante calesa tirada por un caballo, para que todos los asistentes puedan verlas en persona y saludarlas.<\/p>\n<p>Y para finalizar el d\u00eda el espect\u00e1culo nocturno que Disneyland Paris celebra en el castillo de Aurora tambi\u00e9n se rinde ante Frozen. De la mano de Peter Pan, los invitados podr\u00e1n redescubrir toda la magia y la ilusi\u00f3n de las grandes historias Disney como La Bella y la Bestia, El Libro de la Selva, Enredados o El jorobado de Notre Dame.<\/p>\n<p>Este verano adem\u00e1s el espect\u00e1culo incluir\u00e1 los n\u00fameros musicales m\u00e1s conocidos de Frozen. Olaf entonar\u00e1 su canci\u00f3n homenaje al verano, la Princesa Anna y el Pr\u00edncipe Hans cantar\u00e1n y bailar\u00e1n &#8216;La puerta hacia el amor&#8217; y por \u00faltimo el broche final lo pondr\u00e1 la Reina Elsa con el gran \u00e9xito &#8216;Let it go&#8217;, junto a un despliegue de fuentes luminosas y fuegos artificiales.<\/p>\n","protected":false},"excerpt":{"rendered":"<p>Una ola de fr\u00edo refrescar\u00e1 Disneyland Paris del 1 de junio al 13 de septiembre con la llegada al parque de Frozen, la pelicula de animaci\u00f3n m\u00e1s taquillera de la historia, que ofrecer\u00e1 a los visitantes un nuevo espect\u00e1culo, escenas de la pel\u00edcula incluidas en Disney Dreams! y una nueva zona inspirada en el peque\u00f1o<\/p>\n","protected":false},"author":1,"featured_media":38518,"comment_status":"open","ping_status":"closed","sticky":false,"template":"","format":"standard","meta":{"footnotes":""},"categories":[224],"tags":[],"class_list":{"0":"post-38517","1":"post","2":"type-post","3":"status-publish","4":"format-standard","5":"has-post-thumbnail","7":"category-noticias-actualidad"},"aioseo_notices":[],"aioseo_head":"\n\t\t<!-- All in One SEO Pro 4.9.6.1 - aioseo.com -->\n\t<meta name=\"description\" content=\"Una ola de fr\u00edo refrescar\u00e1 Disneyland Paris del 1 de junio al 13 de septiembre con la llegada al parque de Frozen, la pelicula de animaci\u00f3n m\u00e1s taquillera de la historia, que ofrecer\u00e1 a los visitantes un nuevo espect\u00e1culo, escenas de la pel\u00edcula incluidas en Disney Dreams! y una nueva zona inspirada en el peque\u00f1o\" \/>\n\t<meta name=\"robots\" content=\"max-image-preview:large\" \/>\n\t<meta name=\"author\" content=\"admin\"\/>\n\t<meta name=\"google-site-verification\" content=\"UA-38556648-1\" \/>\n\t<meta name=\"keywords\" content=\"noticias y actualidad\" \/>\n\t<link rel=\"canonical\" href=\"https:\/\/eldigitaldeasturias.com\/magazine365\/disneyland-paris-celebra-su-verano-mas-frozen\/\" \/>\n\t<meta name=\"generator\" content=\"All in One SEO Pro (AIOSEO) 4.9.6.1\" \/>\n\t\t<meta property=\"og:locale\" content=\"es_ES\" \/>\n\t\t<meta property=\"og:site_name\" content=\"El Digital de Asturias \u2013 Revista de ocio, turismo y estilo de vida\" \/>\n\t\t<meta property=\"og:type\" content=\"article\" \/>\n\t\t<meta property=\"og:title\" content=\"Disneyland Paris celebra su verano m\u00e1s Frozen | El Digital de Asturias\" \/>\n\t\t<meta property=\"og:description\" content=\"Una ola de fr\u00edo refrescar\u00e1 Disneyland Paris del 1 de junio al 13 de septiembre con la llegada al parque de Frozen, la pelicula de animaci\u00f3n m\u00e1s taquillera de la historia, que ofrecer\u00e1 a los visitantes un nuevo espect\u00e1culo, escenas de la pel\u00edcula incluidas en Disney Dreams! y una nueva zona inspirada en el peque\u00f1o\" \/>\n\t\t<meta property=\"og:url\" content=\"https:\/\/eldigitaldeasturias.com\/magazine365\/disneyland-paris-celebra-su-verano-mas-frozen\/\" \/>\n\t\t<meta property=\"og:image\" content=\"https:\/\/eldigitaldeasturias.com\/magazine365\/wp-content\/uploads\/2015\/06\/fotonoticia_20150601104400_800.jpg\" \/>\n\t\t<meta property=\"og:image:secure_url\" content=\"https:\/\/eldigitaldeasturias.com\/magazine365\/wp-content\/uploads\/2015\/06\/fotonoticia_20150601104400_800.jpg\" \/>\n\t\t<meta property=\"og:image:width\" content=\"800\" \/>\n\t\t<meta property=\"og:image:height\" content=\"548\" \/>\n\t\t<meta property=\"article:published_time\" content=\"2015-06-04T02:16:06+00:00\" \/>\n\t\t<meta property=\"article:modified_time\" content=\"2015-06-04T02:16:06+00:00\" \/>\n\t\t<meta name=\"twitter:card\" content=\"summary_large_image\" \/>\n\t\t<meta name=\"twitter:title\" content=\"Disneyland Paris celebra su verano m\u00e1s Frozen | El Digital de Asturias\" \/>\n\t\t<meta name=\"twitter:description\" content=\"Una ola de fr\u00edo refrescar\u00e1 Disneyland Paris del 1 de junio al 13 de septiembre con la llegada al parque de Frozen, la pelicula de animaci\u00f3n m\u00e1s taquillera de la historia, que ofrecer\u00e1 a los visitantes un nuevo espect\u00e1culo, escenas de la pel\u00edcula incluidas en Disney Dreams! y una nueva zona inspirada en el peque\u00f1o\" \/>\n\t\t<meta name=\"twitter:image\" content=\"https:\/\/eldigitaldeasturias.com\/magazine365\/wp-content\/uploads\/2015\/06\/fotonoticia_20150601104400_800.jpg\" \/>\n\t\t<script type=\"application\/ld+json\" class=\"aioseo-schema\">\n\t\t\t{\"@context\":\"https:\\\/\\\/schema.org\",\"@graph\":[{\"@type\":\"Article\",\"@id\":\"https:\\\/\\\/eldigitaldeasturias.com\\\/magazine365\\\/disneyland-paris-celebra-su-verano-mas-frozen\\\/#article\",\"name\":\"Disneyland Paris celebra su verano m\\u00e1s Frozen | El Digital de Asturias\",\"headline\":\"Disneyland Paris celebra su verano m\\u00e1s Frozen\",\"author\":{\"@id\":\"https:\\\/\\\/eldigitaldeasturias.com\\\/magazine365\\\/author\\\/admin\\\/#author\"},\"publisher\":{\"@id\":\"https:\\\/\\\/eldigitaldeasturias.com\\\/magazine365\\\/#organization\"},\"image\":{\"@type\":\"ImageObject\",\"url\":\"https:\\\/\\\/eldigitaldeasturias.com\\\/magazine365\\\/wp-content\\\/uploads\\\/2015\\\/06\\\/fotonoticia_20150601104400_800.jpg\",\"width\":800,\"height\":548},\"datePublished\":\"2015-06-04T03:46:06+02:00\",\"dateModified\":\"2015-06-04T03:46:06+02:00\",\"inLanguage\":\"es-ES\",\"mainEntityOfPage\":{\"@id\":\"https:\\\/\\\/eldigitaldeasturias.com\\\/magazine365\\\/disneyland-paris-celebra-su-verano-mas-frozen\\\/#webpage\"},\"isPartOf\":{\"@id\":\"https:\\\/\\\/eldigitaldeasturias.com\\\/magazine365\\\/disneyland-paris-celebra-su-verano-mas-frozen\\\/#webpage\"},\"articleSection\":\"Noticias y Actualidad\"},{\"@type\":\"BreadcrumbList\",\"@id\":\"https:\\\/\\\/eldigitaldeasturias.com\\\/magazine365\\\/disneyland-paris-celebra-su-verano-mas-frozen\\\/#breadcrumblist\",\"itemListElement\":[{\"@type\":\"ListItem\",\"@id\":\"https:\\\/\\\/eldigitaldeasturias.com\\\/magazine365#listItem\",\"position\":1,\"name\":\"Home\",\"item\":\"https:\\\/\\\/eldigitaldeasturias.com\\\/magazine365\",\"nextItem\":{\"@type\":\"ListItem\",\"@id\":\"https:\\\/\\\/eldigitaldeasturias.com\\\/magazine365\\\/category\\\/noticias-actualidad\\\/#listItem\",\"name\":\"Noticias y Actualidad\"}},{\"@type\":\"ListItem\",\"@id\":\"https:\\\/\\\/eldigitaldeasturias.com\\\/magazine365\\\/category\\\/noticias-actualidad\\\/#listItem\",\"position\":2,\"name\":\"Noticias y Actualidad\",\"item\":\"https:\\\/\\\/eldigitaldeasturias.com\\\/magazine365\\\/category\\\/noticias-actualidad\\\/\",\"nextItem\":{\"@type\":\"ListItem\",\"@id\":\"https:\\\/\\\/eldigitaldeasturias.com\\\/magazine365\\\/disneyland-paris-celebra-su-verano-mas-frozen\\\/#listItem\",\"name\":\"Disneyland Paris celebra su verano m\\u00e1s Frozen\"},\"previousItem\":{\"@type\":\"ListItem\",\"@id\":\"https:\\\/\\\/eldigitaldeasturias.com\\\/magazine365#listItem\",\"name\":\"Home\"}},{\"@type\":\"ListItem\",\"@id\":\"https:\\\/\\\/eldigitaldeasturias.com\\\/magazine365\\\/disneyland-paris-celebra-su-verano-mas-frozen\\\/#listItem\",\"position\":3,\"name\":\"Disneyland Paris celebra su verano m\\u00e1s Frozen\",\"previousItem\":{\"@type\":\"ListItem\",\"@id\":\"https:\\\/\\\/eldigitaldeasturias.com\\\/magazine365\\\/category\\\/noticias-actualidad\\\/#listItem\",\"name\":\"Noticias y Actualidad\"}}]},{\"@type\":\"Organization\",\"@id\":\"https:\\\/\\\/eldigitaldeasturias.com\\\/magazine365\\\/#organization\",\"name\":\"El digital de Asturias\",\"description\":\"Revista de ocio, turismo y estilo de vida\",\"url\":\"https:\\\/\\\/eldigitaldeasturias.com\\\/magazine365\\\/\",\"logo\":{\"@type\":\"ImageObject\",\"url\":\"https:\\\/\\\/www.eldigitaldeasturias.com\\\/noticias\\\/wp-content\\\/uploads\\\/2020\\\/12\\\/EDA.jpg\",\"@id\":\"https:\\\/\\\/eldigitaldeasturias.com\\\/magazine365\\\/disneyland-paris-celebra-su-verano-mas-frozen\\\/#organizationLogo\"},\"image\":{\"@id\":\"https:\\\/\\\/eldigitaldeasturias.com\\\/magazine365\\\/disneyland-paris-celebra-su-verano-mas-frozen\\\/#organizationLogo\"}},{\"@type\":\"Person\",\"@id\":\"https:\\\/\\\/eldigitaldeasturias.com\\\/magazine365\\\/author\\\/admin\\\/#author\",\"url\":\"https:\\\/\\\/eldigitaldeasturias.com\\\/magazine365\\\/author\\\/admin\\\/\",\"name\":\"admin\",\"image\":{\"@type\":\"ImageObject\",\"@id\":\"https:\\\/\\\/eldigitaldeasturias.com\\\/magazine365\\\/disneyland-paris-celebra-su-verano-mas-frozen\\\/#authorImage\",\"url\":\"https:\\\/\\\/eldigitaldeasturias.com\\\/magazine365\\\/wp-content\\\/litespeed\\\/avatar\\\/e571bcf59a0edd6fa6838245a470f2fe.jpg?ver=1776969259\",\"width\":96,\"height\":96,\"caption\":\"admin\"}},{\"@type\":\"WebPage\",\"@id\":\"https:\\\/\\\/eldigitaldeasturias.com\\\/magazine365\\\/disneyland-paris-celebra-su-verano-mas-frozen\\\/#webpage\",\"url\":\"https:\\\/\\\/eldigitaldeasturias.com\\\/magazine365\\\/disneyland-paris-celebra-su-verano-mas-frozen\\\/\",\"name\":\"Disneyland Paris celebra su verano m\\u00e1s Frozen | El Digital de Asturias\",\"description\":\"Una ola de fr\\u00edo refrescar\\u00e1 Disneyland Paris del 1 de junio al 13 de septiembre con la llegada al parque de Frozen, la pelicula de animaci\\u00f3n m\\u00e1s taquillera de la historia, que ofrecer\\u00e1 a los visitantes un nuevo espect\\u00e1culo, escenas de la pel\\u00edcula incluidas en Disney Dreams! y una nueva zona inspirada en el peque\\u00f1o\",\"inLanguage\":\"es-ES\",\"isPartOf\":{\"@id\":\"https:\\\/\\\/eldigitaldeasturias.com\\\/magazine365\\\/#website\"},\"breadcrumb\":{\"@id\":\"https:\\\/\\\/eldigitaldeasturias.com\\\/magazine365\\\/disneyland-paris-celebra-su-verano-mas-frozen\\\/#breadcrumblist\"},\"author\":{\"@id\":\"https:\\\/\\\/eldigitaldeasturias.com\\\/magazine365\\\/author\\\/admin\\\/#author\"},\"creator\":{\"@id\":\"https:\\\/\\\/eldigitaldeasturias.com\\\/magazine365\\\/author\\\/admin\\\/#author\"},\"image\":{\"@type\":\"ImageObject\",\"url\":\"https:\\\/\\\/eldigitaldeasturias.com\\\/magazine365\\\/wp-content\\\/uploads\\\/2015\\\/06\\\/fotonoticia_20150601104400_800.jpg\",\"@id\":\"https:\\\/\\\/eldigitaldeasturias.com\\\/magazine365\\\/disneyland-paris-celebra-su-verano-mas-frozen\\\/#mainImage\",\"width\":800,\"height\":548},\"primaryImageOfPage\":{\"@id\":\"https:\\\/\\\/eldigitaldeasturias.com\\\/magazine365\\\/disneyland-paris-celebra-su-verano-mas-frozen\\\/#mainImage\"},\"datePublished\":\"2015-06-04T03:46:06+02:00\",\"dateModified\":\"2015-06-04T03:46:06+02:00\"},{\"@type\":\"WebSite\",\"@id\":\"https:\\\/\\\/eldigitaldeasturias.com\\\/magazine365\\\/#website\",\"url\":\"https:\\\/\\\/eldigitaldeasturias.com\\\/magazine365\\\/\",\"name\":\"El Digital de Asturias\",\"description\":\"Revista de ocio, turismo y estilo de vida\",\"inLanguage\":\"es-ES\",\"publisher\":{\"@id\":\"https:\\\/\\\/eldigitaldeasturias.com\\\/magazine365\\\/#organization\"}}]}\n\t\t<\/script>\n\t\t<!-- All in One SEO Pro -->\r\n\t\t<title>Disneyland Paris celebra su verano m\u00e1s Frozen | El Digital de Asturias<\/title>\n\n","aioseo_head_json":{"title":"Disneyland Paris celebra su verano m\u00e1s Frozen | El Digital de Asturias","description":"Una ola de fr\u00edo refrescar\u00e1 Disneyland Paris del 1 de junio al 13 de septiembre con la llegada al parque de Frozen, la pelicula de animaci\u00f3n m\u00e1s taquillera de la historia, que ofrecer\u00e1 a los visitantes un nuevo espect\u00e1culo, escenas de la pel\u00edcula incluidas en Disney Dreams! y una nueva zona inspirada en el peque\u00f1o","canonical_url":"https:\/\/eldigitaldeasturias.com\/magazine365\/disneyland-paris-celebra-su-verano-mas-frozen\/","robots":"max-image-preview:large","keywords":"noticias y actualidad","webmasterTools":{"google-site-verification":"UA-38556648-1","miscellaneous":""},"schema":{"@context":"https:\/\/schema.org","@graph":[{"@type":"Article","@id":"https:\/\/eldigitaldeasturias.com\/magazine365\/disneyland-paris-celebra-su-verano-mas-frozen\/#article","name":"Disneyland Paris celebra su verano m\u00e1s Frozen | El Digital de Asturias","headline":"Disneyland Paris celebra su verano m\u00e1s Frozen","author":{"@id":"https:\/\/eldigitaldeasturias.com\/magazine365\/author\/admin\/#author"},"publisher":{"@id":"https:\/\/eldigitaldeasturias.com\/magazine365\/#organization"},"image":{"@type":"ImageObject","url":"https:\/\/eldigitaldeasturias.com\/magazine365\/wp-content\/uploads\/2015\/06\/fotonoticia_20150601104400_800.jpg","width":800,"height":548},"datePublished":"2015-06-04T03:46:06+02:00","dateModified":"2015-06-04T03:46:06+02:00","inLanguage":"es-ES","mainEntityOfPage":{"@id":"https:\/\/eldigitaldeasturias.com\/magazine365\/disneyland-paris-celebra-su-verano-mas-frozen\/#webpage"},"isPartOf":{"@id":"https:\/\/eldigitaldeasturias.com\/magazine365\/disneyland-paris-celebra-su-verano-mas-frozen\/#webpage"},"articleSection":"Noticias y Actualidad"},{"@type":"BreadcrumbList","@id":"https:\/\/eldigitaldeasturias.com\/magazine365\/disneyland-paris-celebra-su-verano-mas-frozen\/#breadcrumblist","itemListElement":[{"@type":"ListItem","@id":"https:\/\/eldigitaldeasturias.com\/magazine365#listItem","position":1,"name":"Home","item":"https:\/\/eldigitaldeasturias.com\/magazine365","nextItem":{"@type":"ListItem","@id":"https:\/\/eldigitaldeasturias.com\/magazine365\/category\/noticias-actualidad\/#listItem","name":"Noticias y Actualidad"}},{"@type":"ListItem","@id":"https:\/\/eldigitaldeasturias.com\/magazine365\/category\/noticias-actualidad\/#listItem","position":2,"name":"Noticias y Actualidad","item":"https:\/\/eldigitaldeasturias.com\/magazine365\/category\/noticias-actualidad\/","nextItem":{"@type":"ListItem","@id":"https:\/\/eldigitaldeasturias.com\/magazine365\/disneyland-paris-celebra-su-verano-mas-frozen\/#listItem","name":"Disneyland Paris celebra su verano m\u00e1s Frozen"},"previousItem":{"@type":"ListItem","@id":"https:\/\/eldigitaldeasturias.com\/magazine365#listItem","name":"Home"}},{"@type":"ListItem","@id":"https:\/\/eldigitaldeasturias.com\/magazine365\/disneyland-paris-celebra-su-verano-mas-frozen\/#listItem","position":3,"name":"Disneyland Paris celebra su verano m\u00e1s Frozen","previousItem":{"@type":"ListItem","@id":"https:\/\/eldigitaldeasturias.com\/magazine365\/category\/noticias-actualidad\/#listItem","name":"Noticias y Actualidad"}}]},{"@type":"Organization","@id":"https:\/\/eldigitaldeasturias.com\/magazine365\/#organization","name":"El digital de Asturias","description":"Revista de ocio, turismo y estilo de vida","url":"https:\/\/eldigitaldeasturias.com\/magazine365\/","logo":{"@type":"ImageObject","url":"https:\/\/www.eldigitaldeasturias.com\/noticias\/wp-content\/uploads\/2020\/12\/EDA.jpg","@id":"https:\/\/eldigitaldeasturias.com\/magazine365\/disneyland-paris-celebra-su-verano-mas-frozen\/#organizationLogo"},"image":{"@id":"https:\/\/eldigitaldeasturias.com\/magazine365\/disneyland-paris-celebra-su-verano-mas-frozen\/#organizationLogo"}},{"@type":"Person","@id":"https:\/\/eldigitaldeasturias.com\/magazine365\/author\/admin\/#author","url":"https:\/\/eldigitaldeasturias.com\/magazine365\/author\/admin\/","name":"admin","image":{"@type":"ImageObject","@id":"https:\/\/eldigitaldeasturias.com\/magazine365\/disneyland-paris-celebra-su-verano-mas-frozen\/#authorImage","url":"https:\/\/eldigitaldeasturias.com\/magazine365\/wp-content\/litespeed\/avatar\/e571bcf59a0edd6fa6838245a470f2fe.jpg?ver=1776969259","width":96,"height":96,"caption":"admin"}},{"@type":"WebPage","@id":"https:\/\/eldigitaldeasturias.com\/magazine365\/disneyland-paris-celebra-su-verano-mas-frozen\/#webpage","url":"https:\/\/eldigitaldeasturias.com\/magazine365\/disneyland-paris-celebra-su-verano-mas-frozen\/","name":"Disneyland Paris celebra su verano m\u00e1s Frozen | El Digital de Asturias","description":"Una ola de fr\u00edo refrescar\u00e1 Disneyland Paris del 1 de junio al 13 de septiembre con la llegada al parque de Frozen, la pelicula de animaci\u00f3n m\u00e1s taquillera de la historia, que ofrecer\u00e1 a los visitantes un nuevo espect\u00e1culo, escenas de la pel\u00edcula incluidas en Disney Dreams! y una nueva zona inspirada en el peque\u00f1o","inLanguage":"es-ES","isPartOf":{"@id":"https:\/\/eldigitaldeasturias.com\/magazine365\/#website"},"breadcrumb":{"@id":"https:\/\/eldigitaldeasturias.com\/magazine365\/disneyland-paris-celebra-su-verano-mas-frozen\/#breadcrumblist"},"author":{"@id":"https:\/\/eldigitaldeasturias.com\/magazine365\/author\/admin\/#author"},"creator":{"@id":"https:\/\/eldigitaldeasturias.com\/magazine365\/author\/admin\/#author"},"image":{"@type":"ImageObject","url":"https:\/\/eldigitaldeasturias.com\/magazine365\/wp-content\/uploads\/2015\/06\/fotonoticia_20150601104400_800.jpg","@id":"https:\/\/eldigitaldeasturias.com\/magazine365\/disneyland-paris-celebra-su-verano-mas-frozen\/#mainImage","width":800,"height":548},"primaryImageOfPage":{"@id":"https:\/\/eldigitaldeasturias.com\/magazine365\/disneyland-paris-celebra-su-verano-mas-frozen\/#mainImage"},"datePublished":"2015-06-04T03:46:06+02:00","dateModified":"2015-06-04T03:46:06+02:00"},{"@type":"WebSite","@id":"https:\/\/eldigitaldeasturias.com\/magazine365\/#website","url":"https:\/\/eldigitaldeasturias.com\/magazine365\/","name":"El Digital de Asturias","description":"Revista de ocio, turismo y estilo de vida","inLanguage":"es-ES","publisher":{"@id":"https:\/\/eldigitaldeasturias.com\/magazine365\/#organization"}}]},"og:locale":"es_ES","og:site_name":"El Digital de Asturias \u2013 Revista de ocio, turismo y estilo de vida","og:type":"article","og:title":"Disneyland Paris celebra su verano m\u00e1s Frozen | El Digital de Asturias","og:description":"Una ola de fr\u00edo refrescar\u00e1 Disneyland Paris del 1 de junio al 13 de septiembre con la llegada al parque de Frozen, la pelicula de animaci\u00f3n m\u00e1s taquillera de la historia, que ofrecer\u00e1 a los visitantes un nuevo espect\u00e1culo, escenas de la pel\u00edcula incluidas en Disney Dreams! y una nueva zona inspirada en el peque\u00f1o","og:url":"https:\/\/eldigitaldeasturias.com\/magazine365\/disneyland-paris-celebra-su-verano-mas-frozen\/","og:image":"https:\/\/eldigitaldeasturias.com\/magazine365\/wp-content\/uploads\/2015\/06\/fotonoticia_20150601104400_800.jpg","og:image:secure_url":"https:\/\/eldigitaldeasturias.com\/magazine365\/wp-content\/uploads\/2015\/06\/fotonoticia_20150601104400_800.jpg","og:image:width":800,"og:image:height":548,"article:published_time":"2015-06-04T02:16:06+00:00","article:modified_time":"2015-06-04T02:16:06+00:00","twitter:card":"summary_large_image","twitter:title":"Disneyland Paris celebra su verano m\u00e1s Frozen | El Digital de Asturias","twitter:description":"Una ola de fr\u00edo refrescar\u00e1 Disneyland Paris del 1 de junio al 13 de septiembre con la llegada al parque de Frozen, la pelicula de animaci\u00f3n m\u00e1s taquillera de la historia, que ofrecer\u00e1 a los visitantes un nuevo espect\u00e1culo, escenas de la pel\u00edcula incluidas en Disney Dreams! y una nueva zona inspirada en el peque\u00f1o","twitter:image":"https:\/\/eldigitaldeasturias.com\/magazine365\/wp-content\/uploads\/2015\/06\/fotonoticia_20150601104400_800.jpg"},"aioseo_meta_data":{"post_id":"38517","title":null,"description":null,"keywords":null,"keyphrases":null,"primary_term":null,"canonical_url":null,"og_title":null,"og_description":null,"og_object_type":"default","og_image_type":"default","og_image_url":null,"og_image_width":null,"og_image_height":null,"og_image_custom_url":null,"og_image_custom_fields":null,"og_video":null,"og_custom_url":null,"og_article_section":null,"og_article_tags":null,"twitter_use_og":false,"twitter_card":"default","twitter_image_type":"default","twitter_image_url":null,"twitter_image_custom_url":null,"twitter_image_custom_fields":null,"twitter_title":null,"twitter_description":null,"schema":{"blockGraphs":[],"customGraphs":[],"default":{"data":{"Article":[],"Course":[],"Dataset":[],"FAQPage":[],"Movie":[],"Person":[],"Product":[],"ProductReview":[],"Car":[],"Recipe":[],"Service":[],"SoftwareApplication":[],"WebPage":[]},"graphName":"","isEnabled":true},"graphs":[],"defaultGraph":"","defaultPostTypeGraph":""},"schema_type":null,"schema_type_options":null,"pillar_content":false,"robots_default":true,"robots_noindex":false,"robots_noarchive":false,"robots_nosnippet":false,"robots_nofollow":false,"robots_noimageindex":false,"robots_noodp":false,"robots_notranslate":false,"robots_max_snippet":null,"robots_max_videopreview":null,"robots_max_imagepreview":"large","priority":null,"frequency":null,"location":null,"local_seo":null,"seo_analyzer_scan_date":"2025-09-19 09:42:19","breadcrumb_settings":null,"limit_modified_date":false,"open_ai":null,"ai":null,"created":"2021-03-09 02:52:47","updated":"2025-09-19 09:42:19"},"aioseo_breadcrumb":"<div class=\"aioseo-breadcrumbs\"><span class=\"aioseo-breadcrumb\">\n\t<a href=\"https:\/\/eldigitaldeasturias.com\/magazine365\" title=\"Home\">Home<\/a>\n<\/span><span class=\"aioseo-breadcrumb-separator\">\u2013<\/span><span class=\"aioseo-breadcrumb\">\n\t<a href=\"https:\/\/eldigitaldeasturias.com\/magazine365\/category\/noticias-actualidad\/\" title=\"Noticias y Actualidad\">Noticias y Actualidad<\/a>\n<\/span><span class=\"aioseo-breadcrumb-separator\">\u2013<\/span><span class=\"aioseo-breadcrumb\">\n\t<a href=\"https:\/\/eldigitaldeasturias.com\/magazine365\/disneyland-paris-celebra-su-verano-mas-frozen\/\" title=\"Disneyland Paris celebra su verano m\u00e1s Frozen\">Disneyland Paris celebra su verano m\u00e1s Frozen<\/a>\n<\/span><\/div>","aioseo_breadcrumb_json":[{"label":"Home","link":"https:\/\/eldigitaldeasturias.com\/magazine365"},{"label":"Noticias y Actualidad","link":"https:\/\/eldigitaldeasturias.com\/magazine365\/category\/noticias-actualidad\/"},{"label":"Disneyland Paris celebra su verano m\u00e1s Frozen","link":"https:\/\/eldigitaldeasturias.com\/magazine365\/disneyland-paris-celebra-su-verano-mas-frozen\/"}],"_links":{"self":[{"href":"https:\/\/eldigitaldeasturias.com\/magazine365\/wp-json\/wp\/v2\/posts\/38517","targetHints":{"allow":["GET"]}}],"collection":[{"href":"https:\/\/eldigitaldeasturias.com\/magazine365\/wp-json\/wp\/v2\/posts"}],"about":[{"href":"https:\/\/eldigitaldeasturias.com\/magazine365\/wp-json\/wp\/v2\/types\/post"}],"author":[{"embeddable":true,"href":"https:\/\/eldigitaldeasturias.com\/magazine365\/wp-json\/wp\/v2\/users\/1"}],"replies":[{"embeddable":true,"href":"https:\/\/eldigitaldeasturias.com\/magazine365\/wp-json\/wp\/v2\/comments?post=38517"}],"version-history":[{"count":0,"href":"https:\/\/eldigitaldeasturias.com\/magazine365\/wp-json\/wp\/v2\/posts\/38517\/revisions"}],"wp:featuredmedia":[{"embeddable":true,"href":"https:\/\/eldigitaldeasturias.com\/magazine365\/wp-json\/wp\/v2\/media\/38518"}],"wp:attachment":[{"href":"https:\/\/eldigitaldeasturias.com\/magazine365\/wp-json\/wp\/v2\/media?parent=38517"}],"wp:term":[{"taxonomy":"category","embeddable":true,"href":"https:\/\/eldigitaldeasturias.com\/magazine365\/wp-json\/wp\/v2\/categories?post=38517"},{"taxonomy":"post_tag","embeddable":true,"href":"https:\/\/eldigitaldeasturias.com\/magazine365\/wp-json\/wp\/v2\/tags?post=38517"}],"curies":[{"name":"wp","href":"https:\/\/api.w.org\/{rel}","templated":true}]}}