{"id":38464,"date":"2015-06-03T18:19:53","date_gmt":"2015-06-03T16:49:53","guid":{"rendered":"http:\/\/eldigitaldeasturias.com\/magazine365\/?p=38464"},"modified":"2015-06-03T18:19:53","modified_gmt":"2015-06-03T16:49:53","slug":"conciliar-vida-y-trabajo-gracias-a-las-tecnologias-de-colaboracion","status":"publish","type":"post","link":"https:\/\/eldigitaldeasturias.com\/magazine365\/conciliar-vida-y-trabajo-gracias-a-las-tecnologias-de-colaboracion\/","title":{"rendered":"Conciliar vida y trabajo gracias a las tecnolog\u00edas de colaboraci\u00f3n"},"content":{"rendered":"<p><img decoding=\"async\" class=\"alignleft size-medium wp-image-38465\" src=\"https:\/\/eldigitaldeasturias.com\/magazine365\/wp-content\/uploads\/2015\/06\/1433153670_Logo_Polycom-360x101.jpg\" alt=\"1433153670_Logo_Polycom\" width=\"360\" height=\"101\" srcset=\"https:\/\/eldigitaldeasturias.com\/magazine365\/wp-content\/uploads\/2015\/06\/1433153670_Logo_Polycom-360x101.jpg 360w, https:\/\/eldigitaldeasturias.com\/magazine365\/wp-content\/uploads\/2015\/06\/1433153670_Logo_Polycom-650x183.jpg 650w, https:\/\/eldigitaldeasturias.com\/magazine365\/wp-content\/uploads\/2015\/06\/1433153670_Logo_Polycom-768x216.jpg 768w, https:\/\/eldigitaldeasturias.com\/magazine365\/wp-content\/uploads\/2015\/06\/1433153670_Logo_Polycom-150x42.jpg 150w, https:\/\/eldigitaldeasturias.com\/magazine365\/wp-content\/uploads\/2015\/06\/1433153670_Logo_Polycom-450x127.jpg 450w, https:\/\/eldigitaldeasturias.com\/magazine365\/wp-content\/uploads\/2015\/06\/1433153670_Logo_Polycom-696x196.jpg 696w, https:\/\/eldigitaldeasturias.com\/magazine365\/wp-content\/uploads\/2015\/06\/1433153670_Logo_Polycom.jpg 1051w\" sizes=\"(max-width: 360px) 100vw, 360px\" \/>El equilibrio entre vida y trabajo es un tema de discusi\u00f3n a la orden del d\u00eda. Aquellas jornadas de 9h a 17h van pasando poco a poco a la historia y ahora triunfa una \u2018jornada flexible\u2019 que, en muchas ocasiones, incluye noches, fines de semana y d\u00edas festivos. Cuantas m\u00e1s organizaciones adoptan esta nueva f\u00f3rmula, m\u00e1s complicada parece la conciliaci\u00f3n del trabajo con la vida de sus empleados.<\/p>\n<p>Es cierto que la naturaleza del trabajo se encuentra en constante evoluci\u00f3n y que, hoy d\u00eda, la manera de desarrollarlo nada tiene que ver con c\u00f3mo se llevaba a cabo hace tan solo diez a\u00f1os. Nos hemos adaptado a una nueva forma de trabajar pero quiz\u00e1s no hemos sabido adaptarnos a la nueva forma de vivir. \u00bfC\u00f3mo lograr entonces el tan ansiado equilibrio?<\/p>\n<p>Lograr un horario de trabajo flexible<\/p>\n<p>Si el futuro del espacio de trabajo est\u00e1 directamente ligado a la flexibilidad, nuestra forma de vida tambi\u00e9n tendr\u00e1 que adaptarse al nuevo horario de 24 horas durante los 7 d\u00edas de la semana. Un horario moldeable permite al empleado desarrollar todos aquellos cometidos importantes fuera de la oficina (padres, esposos, cuidadores, voluntarios, etc.) pero, para una perfecta armon\u00eda, hay que disponer de aquellas herramientas que permitan trabajar en equipo y a distancia. Una mayor colaboraci\u00f3n significa siempre un aumento de la productividad.<\/p>\n<p>Adoptar tecnolog\u00edas de colaboraci\u00f3n en casa y en la oficina<\/p>\n<p>Disponer de los dispositivos necesarios para realizar las tareas, independientemente del lugar donde el empleado se encuentre, es fundamental. Adoptar tecnolog\u00edas de colaboraci\u00f3n significa inevitablemente que el trabajador pueda mantener la constancia en el desarrollo de su trabajo, ya sea desde la oficina o en un viaje de negocios.<\/p>\n<p>Establecer l\u00edmites saludables<\/p>\n<p>El \u00e9xito del trabajo flexible radica en la capacidad de coordinar correctamente las responsabilidades laborales con el tiempo del que se dispone. Aunque se trabaje a distancia, es fundamental permanecer \u2018cerca\u2019 del resto del equipo, siempre y cuando se establezcan limites saludables que tengan en cuenta los husos horarios.<\/p>\n<p>Ser transparentes con el resto del equipo<\/p>\n<p>Los empleados tienen que ir m\u00e1s all\u00e1 de reuniones o llamadas programadas. Tienen que dar a conocer al resto del equipo cu\u00e1ndo se est\u00e1 disponible y cu\u00e1ndo no, y tienen que hacer saber que atender\u00e1n el mensaje en cuanto les sea posible.<\/p>\n<p>Polycom, ejemplo de conciliaci\u00f3n profesional y personal<\/p>\n<p>La videoconferencia ha ayudado a desafiar la distancia mejorando procesos y optimizando operaciones; pero la colaboraci\u00f3n debe ser m\u00e1s personal y emotiva.<\/p>\n<p>\u201cCada a\u00f1o nuestro equipo, disperso geogr\u00e1ficamente por todo el mundo, participa en una videoconferencia global navide\u00f1a donde jugamos al amigo invisible\u201d, comenta Marc-Alexis Remond, director de Soluciones para la Industria y Desarrollo de Mercado de Polycom. \u201cSiempre tenemos una sorpresa especial. El a\u00f1o pasado hicimos yoga virtual con un instructor que se encontraba en Michigan y, hace dos a\u00f1os, cantamos villancicos con representantes del Instituto de M\u00fasica de Cleveland\u201d.<\/p>\n<p>El espacio de trabajo del futuro brinda la oportunidad de equilibrar la vida y el trabajo como nunca antes se hab\u00eda conseguido. Limitarse al escritorio y la silla durante ocho horas diarias ha quedado atr\u00e1s y cada vez son m\u00e1s las compa\u00f1\u00edas y organizaciones que adoptan horarios flexibles y tecnolog\u00edas de colaboraci\u00f3n.<\/p>\n","protected":false},"excerpt":{"rendered":"<p>El equilibrio entre vida y trabajo es un tema de discusi\u00f3n a la orden del d\u00eda. Aquellas jornadas de 9h a 17h van pasando poco a poco a la historia y ahora triunfa una \u2018jornada flexible\u2019 que, en muchas ocasiones, incluye noches, fines de semana y d\u00edas festivos. Cuantas m\u00e1s organizaciones adoptan esta nueva f\u00f3rmula,<\/p>\n","protected":false},"author":1,"featured_media":38465,"comment_status":"open","ping_status":"closed","sticky":false,"template":"","format":"standard","meta":{"footnotes":""},"categories":[224],"tags":[],"class_list":{"0":"post-38464","1":"post","2":"type-post","3":"status-publish","4":"format-standard","5":"has-post-thumbnail","7":"category-noticias-actualidad"},"aioseo_notices":[],"aioseo_head":"\n\t\t<!-- All in One SEO Pro 4.9.6.1 - aioseo.com -->\n\t<meta name=\"description\" content=\"El equilibrio entre vida y trabajo es un tema de discusi\u00f3n a la orden del d\u00eda. Aquellas jornadas de 9h a 17h van pasando poco a poco a la historia y ahora triunfa una \u2018jornada flexible\u2019 que, en muchas ocasiones, incluye noches, fines de semana y d\u00edas festivos. Cuantas m\u00e1s organizaciones adoptan esta nueva f\u00f3rmula,\" \/>\n\t<meta name=\"robots\" content=\"max-image-preview:large\" \/>\n\t<meta name=\"author\" content=\"admin\"\/>\n\t<meta name=\"google-site-verification\" content=\"UA-38556648-1\" \/>\n\t<meta name=\"keywords\" content=\"noticias y actualidad\" \/>\n\t<link rel=\"canonical\" href=\"https:\/\/eldigitaldeasturias.com\/magazine365\/conciliar-vida-y-trabajo-gracias-a-las-tecnologias-de-colaboracion\/\" \/>\n\t<meta name=\"generator\" content=\"All in One SEO Pro (AIOSEO) 4.9.6.1\" \/>\n\t\t<meta property=\"og:locale\" content=\"es_ES\" \/>\n\t\t<meta property=\"og:site_name\" content=\"El Digital de Asturias \u2013 Revista de ocio, turismo y estilo de vida\" \/>\n\t\t<meta property=\"og:type\" content=\"article\" \/>\n\t\t<meta property=\"og:title\" content=\"Conciliar vida y trabajo gracias a las tecnolog\u00edas de colaboraci\u00f3n | El Digital de Asturias\" \/>\n\t\t<meta property=\"og:description\" content=\"El equilibrio entre vida y trabajo es un tema de discusi\u00f3n a la orden del d\u00eda. Aquellas jornadas de 9h a 17h van pasando poco a poco a la historia y ahora triunfa una \u2018jornada flexible\u2019 que, en muchas ocasiones, incluye noches, fines de semana y d\u00edas festivos. Cuantas m\u00e1s organizaciones adoptan esta nueva f\u00f3rmula,\" \/>\n\t\t<meta property=\"og:url\" content=\"https:\/\/eldigitaldeasturias.com\/magazine365\/conciliar-vida-y-trabajo-gracias-a-las-tecnologias-de-colaboracion\/\" \/>\n\t\t<meta property=\"og:image\" content=\"https:\/\/eldigitaldeasturias.com\/magazine365\/wp-content\/uploads\/2015\/06\/1433153670_Logo_Polycom.jpg\" \/>\n\t\t<meta property=\"og:image:secure_url\" content=\"https:\/\/eldigitaldeasturias.com\/magazine365\/wp-content\/uploads\/2015\/06\/1433153670_Logo_Polycom.jpg\" \/>\n\t\t<meta property=\"og:image:width\" content=\"1051\" \/>\n\t\t<meta property=\"og:image:height\" content=\"296\" \/>\n\t\t<meta property=\"article:published_time\" content=\"2015-06-03T16:49:53+00:00\" \/>\n\t\t<meta property=\"article:modified_time\" content=\"2015-06-03T16:49:53+00:00\" \/>\n\t\t<meta name=\"twitter:card\" content=\"summary_large_image\" \/>\n\t\t<meta name=\"twitter:title\" content=\"Conciliar vida y trabajo gracias a las tecnolog\u00edas de colaboraci\u00f3n | El Digital de Asturias\" \/>\n\t\t<meta name=\"twitter:description\" content=\"El equilibrio entre vida y trabajo es un tema de discusi\u00f3n a la orden del d\u00eda. Aquellas jornadas de 9h a 17h van pasando poco a poco a la historia y ahora triunfa una \u2018jornada flexible\u2019 que, en muchas ocasiones, incluye noches, fines de semana y d\u00edas festivos. Cuantas m\u00e1s organizaciones adoptan esta nueva f\u00f3rmula,\" \/>\n\t\t<meta name=\"twitter:image\" content=\"https:\/\/eldigitaldeasturias.com\/magazine365\/wp-content\/uploads\/2015\/06\/1433153670_Logo_Polycom.jpg\" \/>\n\t\t<script type=\"application\/ld+json\" class=\"aioseo-schema\">\n\t\t\t{\"@context\":\"https:\\\/\\\/schema.org\",\"@graph\":[{\"@type\":\"Article\",\"@id\":\"https:\\\/\\\/eldigitaldeasturias.com\\\/magazine365\\\/conciliar-vida-y-trabajo-gracias-a-las-tecnologias-de-colaboracion\\\/#article\",\"name\":\"Conciliar vida y trabajo gracias a las tecnolog\\u00edas de colaboraci\\u00f3n | El Digital de Asturias\",\"headline\":\"Conciliar vida y trabajo gracias a las tecnolog\\u00edas de colaboraci\\u00f3n\",\"author\":{\"@id\":\"https:\\\/\\\/eldigitaldeasturias.com\\\/magazine365\\\/author\\\/admin\\\/#author\"},\"publisher\":{\"@id\":\"https:\\\/\\\/eldigitaldeasturias.com\\\/magazine365\\\/#organization\"},\"image\":{\"@type\":\"ImageObject\",\"url\":\"https:\\\/\\\/eldigitaldeasturias.com\\\/magazine365\\\/wp-content\\\/uploads\\\/2015\\\/06\\\/1433153670_Logo_Polycom.jpg\",\"width\":1051,\"height\":296},\"datePublished\":\"2015-06-03T18:19:53+02:00\",\"dateModified\":\"2015-06-03T18:19:53+02:00\",\"inLanguage\":\"es-ES\",\"mainEntityOfPage\":{\"@id\":\"https:\\\/\\\/eldigitaldeasturias.com\\\/magazine365\\\/conciliar-vida-y-trabajo-gracias-a-las-tecnologias-de-colaboracion\\\/#webpage\"},\"isPartOf\":{\"@id\":\"https:\\\/\\\/eldigitaldeasturias.com\\\/magazine365\\\/conciliar-vida-y-trabajo-gracias-a-las-tecnologias-de-colaboracion\\\/#webpage\"},\"articleSection\":\"Noticias y Actualidad\"},{\"@type\":\"BreadcrumbList\",\"@id\":\"https:\\\/\\\/eldigitaldeasturias.com\\\/magazine365\\\/conciliar-vida-y-trabajo-gracias-a-las-tecnologias-de-colaboracion\\\/#breadcrumblist\",\"itemListElement\":[{\"@type\":\"ListItem\",\"@id\":\"https:\\\/\\\/eldigitaldeasturias.com\\\/magazine365#listItem\",\"position\":1,\"name\":\"Home\",\"item\":\"https:\\\/\\\/eldigitaldeasturias.com\\\/magazine365\",\"nextItem\":{\"@type\":\"ListItem\",\"@id\":\"https:\\\/\\\/eldigitaldeasturias.com\\\/magazine365\\\/category\\\/noticias-actualidad\\\/#listItem\",\"name\":\"Noticias y Actualidad\"}},{\"@type\":\"ListItem\",\"@id\":\"https:\\\/\\\/eldigitaldeasturias.com\\\/magazine365\\\/category\\\/noticias-actualidad\\\/#listItem\",\"position\":2,\"name\":\"Noticias y Actualidad\",\"item\":\"https:\\\/\\\/eldigitaldeasturias.com\\\/magazine365\\\/category\\\/noticias-actualidad\\\/\",\"nextItem\":{\"@type\":\"ListItem\",\"@id\":\"https:\\\/\\\/eldigitaldeasturias.com\\\/magazine365\\\/conciliar-vida-y-trabajo-gracias-a-las-tecnologias-de-colaboracion\\\/#listItem\",\"name\":\"Conciliar vida y trabajo gracias a las tecnolog\\u00edas de colaboraci\\u00f3n\"},\"previousItem\":{\"@type\":\"ListItem\",\"@id\":\"https:\\\/\\\/eldigitaldeasturias.com\\\/magazine365#listItem\",\"name\":\"Home\"}},{\"@type\":\"ListItem\",\"@id\":\"https:\\\/\\\/eldigitaldeasturias.com\\\/magazine365\\\/conciliar-vida-y-trabajo-gracias-a-las-tecnologias-de-colaboracion\\\/#listItem\",\"position\":3,\"name\":\"Conciliar vida y trabajo gracias a las tecnolog\\u00edas de colaboraci\\u00f3n\",\"previousItem\":{\"@type\":\"ListItem\",\"@id\":\"https:\\\/\\\/eldigitaldeasturias.com\\\/magazine365\\\/category\\\/noticias-actualidad\\\/#listItem\",\"name\":\"Noticias y Actualidad\"}}]},{\"@type\":\"Organization\",\"@id\":\"https:\\\/\\\/eldigitaldeasturias.com\\\/magazine365\\\/#organization\",\"name\":\"El digital de Asturias\",\"description\":\"Revista de ocio, turismo y estilo de vida\",\"url\":\"https:\\\/\\\/eldigitaldeasturias.com\\\/magazine365\\\/\",\"logo\":{\"@type\":\"ImageObject\",\"url\":\"https:\\\/\\\/www.eldigitaldeasturias.com\\\/noticias\\\/wp-content\\\/uploads\\\/2020\\\/12\\\/EDA.jpg\",\"@id\":\"https:\\\/\\\/eldigitaldeasturias.com\\\/magazine365\\\/conciliar-vida-y-trabajo-gracias-a-las-tecnologias-de-colaboracion\\\/#organizationLogo\"},\"image\":{\"@id\":\"https:\\\/\\\/eldigitaldeasturias.com\\\/magazine365\\\/conciliar-vida-y-trabajo-gracias-a-las-tecnologias-de-colaboracion\\\/#organizationLogo\"}},{\"@type\":\"Person\",\"@id\":\"https:\\\/\\\/eldigitaldeasturias.com\\\/magazine365\\\/author\\\/admin\\\/#author\",\"url\":\"https:\\\/\\\/eldigitaldeasturias.com\\\/magazine365\\\/author\\\/admin\\\/\",\"name\":\"admin\",\"image\":{\"@type\":\"ImageObject\",\"@id\":\"https:\\\/\\\/eldigitaldeasturias.com\\\/magazine365\\\/conciliar-vida-y-trabajo-gracias-a-las-tecnologias-de-colaboracion\\\/#authorImage\",\"url\":\"https:\\\/\\\/eldigitaldeasturias.com\\\/magazine365\\\/wp-content\\\/litespeed\\\/avatar\\\/e571bcf59a0edd6fa6838245a470f2fe.jpg?ver=1776969259\",\"width\":96,\"height\":96,\"caption\":\"admin\"}},{\"@type\":\"WebPage\",\"@id\":\"https:\\\/\\\/eldigitaldeasturias.com\\\/magazine365\\\/conciliar-vida-y-trabajo-gracias-a-las-tecnologias-de-colaboracion\\\/#webpage\",\"url\":\"https:\\\/\\\/eldigitaldeasturias.com\\\/magazine365\\\/conciliar-vida-y-trabajo-gracias-a-las-tecnologias-de-colaboracion\\\/\",\"name\":\"Conciliar vida y trabajo gracias a las tecnolog\\u00edas de colaboraci\\u00f3n | El Digital de Asturias\",\"description\":\"El equilibrio entre vida y trabajo es un tema de discusi\\u00f3n a la orden del d\\u00eda. Aquellas jornadas de 9h a 17h van pasando poco a poco a la historia y ahora triunfa una \\u2018jornada flexible\\u2019 que, en muchas ocasiones, incluye noches, fines de semana y d\\u00edas festivos. Cuantas m\\u00e1s organizaciones adoptan esta nueva f\\u00f3rmula,\",\"inLanguage\":\"es-ES\",\"isPartOf\":{\"@id\":\"https:\\\/\\\/eldigitaldeasturias.com\\\/magazine365\\\/#website\"},\"breadcrumb\":{\"@id\":\"https:\\\/\\\/eldigitaldeasturias.com\\\/magazine365\\\/conciliar-vida-y-trabajo-gracias-a-las-tecnologias-de-colaboracion\\\/#breadcrumblist\"},\"author\":{\"@id\":\"https:\\\/\\\/eldigitaldeasturias.com\\\/magazine365\\\/author\\\/admin\\\/#author\"},\"creator\":{\"@id\":\"https:\\\/\\\/eldigitaldeasturias.com\\\/magazine365\\\/author\\\/admin\\\/#author\"},\"image\":{\"@type\":\"ImageObject\",\"url\":\"https:\\\/\\\/eldigitaldeasturias.com\\\/magazine365\\\/wp-content\\\/uploads\\\/2015\\\/06\\\/1433153670_Logo_Polycom.jpg\",\"@id\":\"https:\\\/\\\/eldigitaldeasturias.com\\\/magazine365\\\/conciliar-vida-y-trabajo-gracias-a-las-tecnologias-de-colaboracion\\\/#mainImage\",\"width\":1051,\"height\":296},\"primaryImageOfPage\":{\"@id\":\"https:\\\/\\\/eldigitaldeasturias.com\\\/magazine365\\\/conciliar-vida-y-trabajo-gracias-a-las-tecnologias-de-colaboracion\\\/#mainImage\"},\"datePublished\":\"2015-06-03T18:19:53+02:00\",\"dateModified\":\"2015-06-03T18:19:53+02:00\"},{\"@type\":\"WebSite\",\"@id\":\"https:\\\/\\\/eldigitaldeasturias.com\\\/magazine365\\\/#website\",\"url\":\"https:\\\/\\\/eldigitaldeasturias.com\\\/magazine365\\\/\",\"name\":\"El Digital de Asturias\",\"description\":\"Revista de ocio, turismo y estilo de vida\",\"inLanguage\":\"es-ES\",\"publisher\":{\"@id\":\"https:\\\/\\\/eldigitaldeasturias.com\\\/magazine365\\\/#organization\"}}]}\n\t\t<\/script>\n\t\t<!-- All in One SEO Pro -->\r\n\t\t<title>Conciliar vida y trabajo gracias a las tecnolog\u00edas de colaboraci\u00f3n | El Digital de Asturias<\/title>\n\n","aioseo_head_json":{"title":"Conciliar vida y trabajo gracias a las tecnolog\u00edas de colaboraci\u00f3n | El Digital de Asturias","description":"El equilibrio entre vida y trabajo es un tema de discusi\u00f3n a la orden del d\u00eda. Aquellas jornadas de 9h a 17h van pasando poco a poco a la historia y ahora triunfa una \u2018jornada flexible\u2019 que, en muchas ocasiones, incluye noches, fines de semana y d\u00edas festivos. Cuantas m\u00e1s organizaciones adoptan esta nueva f\u00f3rmula,","canonical_url":"https:\/\/eldigitaldeasturias.com\/magazine365\/conciliar-vida-y-trabajo-gracias-a-las-tecnologias-de-colaboracion\/","robots":"max-image-preview:large","keywords":"noticias y actualidad","webmasterTools":{"google-site-verification":"UA-38556648-1","miscellaneous":""},"schema":{"@context":"https:\/\/schema.org","@graph":[{"@type":"Article","@id":"https:\/\/eldigitaldeasturias.com\/magazine365\/conciliar-vida-y-trabajo-gracias-a-las-tecnologias-de-colaboracion\/#article","name":"Conciliar vida y trabajo gracias a las tecnolog\u00edas de colaboraci\u00f3n | El Digital de Asturias","headline":"Conciliar vida y trabajo gracias a las tecnolog\u00edas de colaboraci\u00f3n","author":{"@id":"https:\/\/eldigitaldeasturias.com\/magazine365\/author\/admin\/#author"},"publisher":{"@id":"https:\/\/eldigitaldeasturias.com\/magazine365\/#organization"},"image":{"@type":"ImageObject","url":"https:\/\/eldigitaldeasturias.com\/magazine365\/wp-content\/uploads\/2015\/06\/1433153670_Logo_Polycom.jpg","width":1051,"height":296},"datePublished":"2015-06-03T18:19:53+02:00","dateModified":"2015-06-03T18:19:53+02:00","inLanguage":"es-ES","mainEntityOfPage":{"@id":"https:\/\/eldigitaldeasturias.com\/magazine365\/conciliar-vida-y-trabajo-gracias-a-las-tecnologias-de-colaboracion\/#webpage"},"isPartOf":{"@id":"https:\/\/eldigitaldeasturias.com\/magazine365\/conciliar-vida-y-trabajo-gracias-a-las-tecnologias-de-colaboracion\/#webpage"},"articleSection":"Noticias y Actualidad"},{"@type":"BreadcrumbList","@id":"https:\/\/eldigitaldeasturias.com\/magazine365\/conciliar-vida-y-trabajo-gracias-a-las-tecnologias-de-colaboracion\/#breadcrumblist","itemListElement":[{"@type":"ListItem","@id":"https:\/\/eldigitaldeasturias.com\/magazine365#listItem","position":1,"name":"Home","item":"https:\/\/eldigitaldeasturias.com\/magazine365","nextItem":{"@type":"ListItem","@id":"https:\/\/eldigitaldeasturias.com\/magazine365\/category\/noticias-actualidad\/#listItem","name":"Noticias y Actualidad"}},{"@type":"ListItem","@id":"https:\/\/eldigitaldeasturias.com\/magazine365\/category\/noticias-actualidad\/#listItem","position":2,"name":"Noticias y Actualidad","item":"https:\/\/eldigitaldeasturias.com\/magazine365\/category\/noticias-actualidad\/","nextItem":{"@type":"ListItem","@id":"https:\/\/eldigitaldeasturias.com\/magazine365\/conciliar-vida-y-trabajo-gracias-a-las-tecnologias-de-colaboracion\/#listItem","name":"Conciliar vida y trabajo gracias a las tecnolog\u00edas de colaboraci\u00f3n"},"previousItem":{"@type":"ListItem","@id":"https:\/\/eldigitaldeasturias.com\/magazine365#listItem","name":"Home"}},{"@type":"ListItem","@id":"https:\/\/eldigitaldeasturias.com\/magazine365\/conciliar-vida-y-trabajo-gracias-a-las-tecnologias-de-colaboracion\/#listItem","position":3,"name":"Conciliar vida y trabajo gracias a las tecnolog\u00edas de colaboraci\u00f3n","previousItem":{"@type":"ListItem","@id":"https:\/\/eldigitaldeasturias.com\/magazine365\/category\/noticias-actualidad\/#listItem","name":"Noticias y Actualidad"}}]},{"@type":"Organization","@id":"https:\/\/eldigitaldeasturias.com\/magazine365\/#organization","name":"El digital de Asturias","description":"Revista de ocio, turismo y estilo de vida","url":"https:\/\/eldigitaldeasturias.com\/magazine365\/","logo":{"@type":"ImageObject","url":"https:\/\/www.eldigitaldeasturias.com\/noticias\/wp-content\/uploads\/2020\/12\/EDA.jpg","@id":"https:\/\/eldigitaldeasturias.com\/magazine365\/conciliar-vida-y-trabajo-gracias-a-las-tecnologias-de-colaboracion\/#organizationLogo"},"image":{"@id":"https:\/\/eldigitaldeasturias.com\/magazine365\/conciliar-vida-y-trabajo-gracias-a-las-tecnologias-de-colaboracion\/#organizationLogo"}},{"@type":"Person","@id":"https:\/\/eldigitaldeasturias.com\/magazine365\/author\/admin\/#author","url":"https:\/\/eldigitaldeasturias.com\/magazine365\/author\/admin\/","name":"admin","image":{"@type":"ImageObject","@id":"https:\/\/eldigitaldeasturias.com\/magazine365\/conciliar-vida-y-trabajo-gracias-a-las-tecnologias-de-colaboracion\/#authorImage","url":"https:\/\/eldigitaldeasturias.com\/magazine365\/wp-content\/litespeed\/avatar\/e571bcf59a0edd6fa6838245a470f2fe.jpg?ver=1776969259","width":96,"height":96,"caption":"admin"}},{"@type":"WebPage","@id":"https:\/\/eldigitaldeasturias.com\/magazine365\/conciliar-vida-y-trabajo-gracias-a-las-tecnologias-de-colaboracion\/#webpage","url":"https:\/\/eldigitaldeasturias.com\/magazine365\/conciliar-vida-y-trabajo-gracias-a-las-tecnologias-de-colaboracion\/","name":"Conciliar vida y trabajo gracias a las tecnolog\u00edas de colaboraci\u00f3n | El Digital de Asturias","description":"El equilibrio entre vida y trabajo es un tema de discusi\u00f3n a la orden del d\u00eda. Aquellas jornadas de 9h a 17h van pasando poco a poco a la historia y ahora triunfa una \u2018jornada flexible\u2019 que, en muchas ocasiones, incluye noches, fines de semana y d\u00edas festivos. Cuantas m\u00e1s organizaciones adoptan esta nueva f\u00f3rmula,","inLanguage":"es-ES","isPartOf":{"@id":"https:\/\/eldigitaldeasturias.com\/magazine365\/#website"},"breadcrumb":{"@id":"https:\/\/eldigitaldeasturias.com\/magazine365\/conciliar-vida-y-trabajo-gracias-a-las-tecnologias-de-colaboracion\/#breadcrumblist"},"author":{"@id":"https:\/\/eldigitaldeasturias.com\/magazine365\/author\/admin\/#author"},"creator":{"@id":"https:\/\/eldigitaldeasturias.com\/magazine365\/author\/admin\/#author"},"image":{"@type":"ImageObject","url":"https:\/\/eldigitaldeasturias.com\/magazine365\/wp-content\/uploads\/2015\/06\/1433153670_Logo_Polycom.jpg","@id":"https:\/\/eldigitaldeasturias.com\/magazine365\/conciliar-vida-y-trabajo-gracias-a-las-tecnologias-de-colaboracion\/#mainImage","width":1051,"height":296},"primaryImageOfPage":{"@id":"https:\/\/eldigitaldeasturias.com\/magazine365\/conciliar-vida-y-trabajo-gracias-a-las-tecnologias-de-colaboracion\/#mainImage"},"datePublished":"2015-06-03T18:19:53+02:00","dateModified":"2015-06-03T18:19:53+02:00"},{"@type":"WebSite","@id":"https:\/\/eldigitaldeasturias.com\/magazine365\/#website","url":"https:\/\/eldigitaldeasturias.com\/magazine365\/","name":"El Digital de Asturias","description":"Revista de ocio, turismo y estilo de vida","inLanguage":"es-ES","publisher":{"@id":"https:\/\/eldigitaldeasturias.com\/magazine365\/#organization"}}]},"og:locale":"es_ES","og:site_name":"El Digital de Asturias \u2013 Revista de ocio, turismo y estilo de vida","og:type":"article","og:title":"Conciliar vida y trabajo gracias a las tecnolog\u00edas de colaboraci\u00f3n | El Digital de Asturias","og:description":"El equilibrio entre vida y trabajo es un tema de discusi\u00f3n a la orden del d\u00eda. Aquellas jornadas de 9h a 17h van pasando poco a poco a la historia y ahora triunfa una \u2018jornada flexible\u2019 que, en muchas ocasiones, incluye noches, fines de semana y d\u00edas festivos. Cuantas m\u00e1s organizaciones adoptan esta nueva f\u00f3rmula,","og:url":"https:\/\/eldigitaldeasturias.com\/magazine365\/conciliar-vida-y-trabajo-gracias-a-las-tecnologias-de-colaboracion\/","og:image":"https:\/\/eldigitaldeasturias.com\/magazine365\/wp-content\/uploads\/2015\/06\/1433153670_Logo_Polycom.jpg","og:image:secure_url":"https:\/\/eldigitaldeasturias.com\/magazine365\/wp-content\/uploads\/2015\/06\/1433153670_Logo_Polycom.jpg","og:image:width":1051,"og:image:height":296,"article:published_time":"2015-06-03T16:49:53+00:00","article:modified_time":"2015-06-03T16:49:53+00:00","twitter:card":"summary_large_image","twitter:title":"Conciliar vida y trabajo gracias a las tecnolog\u00edas de colaboraci\u00f3n | El Digital de Asturias","twitter:description":"El equilibrio entre vida y trabajo es un tema de discusi\u00f3n a la orden del d\u00eda. Aquellas jornadas de 9h a 17h van pasando poco a poco a la historia y ahora triunfa una \u2018jornada flexible\u2019 que, en muchas ocasiones, incluye noches, fines de semana y d\u00edas festivos. Cuantas m\u00e1s organizaciones adoptan esta nueva f\u00f3rmula,","twitter:image":"https:\/\/eldigitaldeasturias.com\/magazine365\/wp-content\/uploads\/2015\/06\/1433153670_Logo_Polycom.jpg"},"aioseo_meta_data":{"post_id":"38464","title":null,"description":null,"keywords":null,"keyphrases":null,"primary_term":null,"canonical_url":null,"og_title":null,"og_description":null,"og_object_type":"default","og_image_type":"default","og_image_url":null,"og_image_width":null,"og_image_height":null,"og_image_custom_url":null,"og_image_custom_fields":null,"og_video":null,"og_custom_url":null,"og_article_section":null,"og_article_tags":null,"twitter_use_og":false,"twitter_card":"default","twitter_image_type":"default","twitter_image_url":null,"twitter_image_custom_url":null,"twitter_image_custom_fields":null,"twitter_title":null,"twitter_description":null,"schema":{"blockGraphs":[],"customGraphs":[],"default":{"data":{"Article":[],"Course":[],"Dataset":[],"FAQPage":[],"Movie":[],"Person":[],"Product":[],"ProductReview":[],"Car":[],"Recipe":[],"Service":[],"SoftwareApplication":[],"WebPage":[]},"graphName":"","isEnabled":true},"graphs":[],"defaultGraph":"","defaultPostTypeGraph":""},"schema_type":null,"schema_type_options":null,"pillar_content":false,"robots_default":true,"robots_noindex":false,"robots_noarchive":false,"robots_nosnippet":false,"robots_nofollow":false,"robots_noimageindex":false,"robots_noodp":false,"robots_notranslate":false,"robots_max_snippet":null,"robots_max_videopreview":null,"robots_max_imagepreview":"large","priority":null,"frequency":null,"location":null,"local_seo":null,"seo_analyzer_scan_date":"2025-09-19 09:38:00","breadcrumb_settings":null,"limit_modified_date":false,"open_ai":null,"ai":null,"created":"2021-03-09 02:52:47","updated":"2025-09-19 09:38:00"},"aioseo_breadcrumb":"<div class=\"aioseo-breadcrumbs\"><span class=\"aioseo-breadcrumb\">\n\t<a href=\"https:\/\/eldigitaldeasturias.com\/magazine365\" title=\"Home\">Home<\/a>\n<\/span><span class=\"aioseo-breadcrumb-separator\">\u2013<\/span><span class=\"aioseo-breadcrumb\">\n\t<a href=\"https:\/\/eldigitaldeasturias.com\/magazine365\/category\/noticias-actualidad\/\" title=\"Noticias y Actualidad\">Noticias y Actualidad<\/a>\n<\/span><span class=\"aioseo-breadcrumb-separator\">\u2013<\/span><span class=\"aioseo-breadcrumb\">\n\t<a href=\"https:\/\/eldigitaldeasturias.com\/magazine365\/conciliar-vida-y-trabajo-gracias-a-las-tecnologias-de-colaboracion\/\" title=\"Conciliar vida y trabajo gracias a las tecnolog\u00edas de colaboraci\u00f3n\">Conciliar vida y trabajo gracias a las tecnolog\u00edas de colaboraci\u00f3n<\/a>\n<\/span><\/div>","aioseo_breadcrumb_json":[{"label":"Home","link":"https:\/\/eldigitaldeasturias.com\/magazine365"},{"label":"Noticias y Actualidad","link":"https:\/\/eldigitaldeasturias.com\/magazine365\/category\/noticias-actualidad\/"},{"label":"Conciliar vida y trabajo gracias a las tecnolog\u00edas de colaboraci\u00f3n","link":"https:\/\/eldigitaldeasturias.com\/magazine365\/conciliar-vida-y-trabajo-gracias-a-las-tecnologias-de-colaboracion\/"}],"_links":{"self":[{"href":"https:\/\/eldigitaldeasturias.com\/magazine365\/wp-json\/wp\/v2\/posts\/38464","targetHints":{"allow":["GET"]}}],"collection":[{"href":"https:\/\/eldigitaldeasturias.com\/magazine365\/wp-json\/wp\/v2\/posts"}],"about":[{"href":"https:\/\/eldigitaldeasturias.com\/magazine365\/wp-json\/wp\/v2\/types\/post"}],"author":[{"embeddable":true,"href":"https:\/\/eldigitaldeasturias.com\/magazine365\/wp-json\/wp\/v2\/users\/1"}],"replies":[{"embeddable":true,"href":"https:\/\/eldigitaldeasturias.com\/magazine365\/wp-json\/wp\/v2\/comments?post=38464"}],"version-history":[{"count":0,"href":"https:\/\/eldigitaldeasturias.com\/magazine365\/wp-json\/wp\/v2\/posts\/38464\/revisions"}],"wp:featuredmedia":[{"embeddable":true,"href":"https:\/\/eldigitaldeasturias.com\/magazine365\/wp-json\/wp\/v2\/media\/38465"}],"wp:attachment":[{"href":"https:\/\/eldigitaldeasturias.com\/magazine365\/wp-json\/wp\/v2\/media?parent=38464"}],"wp:term":[{"taxonomy":"category","embeddable":true,"href":"https:\/\/eldigitaldeasturias.com\/magazine365\/wp-json\/wp\/v2\/categories?post=38464"},{"taxonomy":"post_tag","embeddable":true,"href":"https:\/\/eldigitaldeasturias.com\/magazine365\/wp-json\/wp\/v2\/tags?post=38464"}],"curies":[{"name":"wp","href":"https:\/\/api.w.org\/{rel}","templated":true}]}}