{"id":38449,"date":"2015-06-03T18:11:42","date_gmt":"2015-06-03T16:41:42","guid":{"rendered":"http:\/\/eldigitaldeasturias.com\/magazine365\/?p=38449"},"modified":"2015-06-03T18:11:42","modified_gmt":"2015-06-03T16:41:42","slug":"jose-miguel-izquierdo-la-videocirugia-acelera-y-mejora-la-recuperacion-del-paciente","status":"publish","type":"post","link":"https:\/\/eldigitaldeasturias.com\/magazine365\/jose-miguel-izquierdo-la-videocirugia-acelera-y-mejora-la-recuperacion-del-paciente\/","title":{"rendered":"Jos\u00e9 Miguel Izquierdo: \u201cLa videocirug\u00eda acelera y mejora la recuperaci\u00f3n del paciente\u201d"},"content":{"rendered":"<p><img fetchpriority=\"high\" decoding=\"async\" class=\"alignleft size-medium wp-image-38450\" src=\"https:\/\/eldigitaldeasturias.com\/magazine365\/wp-content\/uploads\/2015\/06\/1433237189_dr_izquierdo_cirugia_toracica_pg_1_alta_original-200x300.jpg\" alt=\"1433237189_dr_izquierdo_cirugia_toracica_pg_1_alta_original\" width=\"200\" height=\"300\" srcset=\"https:\/\/eldigitaldeasturias.com\/magazine365\/wp-content\/uploads\/2015\/06\/1433237189_dr_izquierdo_cirugia_toracica_pg_1_alta_original-200x300.jpg 200w, https:\/\/eldigitaldeasturias.com\/magazine365\/wp-content\/uploads\/2015\/06\/1433237189_dr_izquierdo_cirugia_toracica_pg_1_alta_original-427x640.jpg 427w, https:\/\/eldigitaldeasturias.com\/magazine365\/wp-content\/uploads\/2015\/06\/1433237189_dr_izquierdo_cirugia_toracica_pg_1_alta_original-768x1152.jpg 768w, https:\/\/eldigitaldeasturias.com\/magazine365\/wp-content\/uploads\/2015\/06\/1433237189_dr_izquierdo_cirugia_toracica_pg_1_alta_original-1024x1536.jpg 1024w, https:\/\/eldigitaldeasturias.com\/magazine365\/wp-content\/uploads\/2015\/06\/1433237189_dr_izquierdo_cirugia_toracica_pg_1_alta_original-1365x2048.jpg 1365w, https:\/\/eldigitaldeasturias.com\/magazine365\/wp-content\/uploads\/2015\/06\/1433237189_dr_izquierdo_cirugia_toracica_pg_1_alta_original-150x225.jpg 150w, https:\/\/eldigitaldeasturias.com\/magazine365\/wp-content\/uploads\/2015\/06\/1433237189_dr_izquierdo_cirugia_toracica_pg_1_alta_original-450x675.jpg 450w, https:\/\/eldigitaldeasturias.com\/magazine365\/wp-content\/uploads\/2015\/06\/1433237189_dr_izquierdo_cirugia_toracica_pg_1_alta_original-1200x1800.jpg 1200w, https:\/\/eldigitaldeasturias.com\/magazine365\/wp-content\/uploads\/2015\/06\/1433237189_dr_izquierdo_cirugia_toracica_pg_1_alta_original-696x1044.jpg 696w, https:\/\/eldigitaldeasturias.com\/magazine365\/wp-content\/uploads\/2015\/06\/1433237189_dr_izquierdo_cirugia_toracica_pg_1_alta_original-1068x1602.jpg 1068w, https:\/\/eldigitaldeasturias.com\/magazine365\/wp-content\/uploads\/2015\/06\/1433237189_dr_izquierdo_cirugia_toracica_pg_1_alta_original-280x420.jpg 280w, https:\/\/eldigitaldeasturias.com\/magazine365\/wp-content\/uploads\/2015\/06\/1433237189_dr_izquierdo_cirugia_toracica_pg_1_alta_original-scaled.jpg 1707w\" sizes=\"(max-width: 200px) 100vw, 200px\" \/>Los avances registrados en los \u00faltimos a\u00f1os en la cirug\u00eda tor\u00e1cica son m\u00faltiples pero sin duda el m\u00e1s importante es el relacionado en la forma de acometer este tipo de intervenciones, facilitando el acceso a la cavidad plural. \u201cLa mejora ha consistido b\u00e1sicamente en sustituir el abordaje cl\u00e1sico, es decir, una incisi\u00f3n de gran tama\u00f1o en el t\u00f3rax a trav\u00e9s del cual separ\u00e1bamos dos costillas, por las t\u00e9cnicas de videocirug\u00eda\u201d, explica el doctor Jos\u00e9 Miguel Izquierdo, cirujano tor\u00e1cico de Policl\u00ednica Gipuzkoa. T\u00e9cnicas mucho menos agresivas, -concreta el especialista- \u201cconsiste en realizar uno, dos o tres orificios como m\u00e1ximo y nos ayudamos de instrumental de \u00faltima generaci\u00f3n y de un monitor de televisi\u00f3n\u201d. Una nueva t\u00e9cnica que est\u00e1 reportando grandes beneficios para el paciente, \u201csu recuperaci\u00f3n es mejor y m\u00e1s r\u00e1pida, el dolor postoperatorio es menor y los beneficios en l\u00edneas generales, sobre todo para incorporarse al h\u00e1bito laboral, son favorables\u201d, concluye el especialista.<\/p>\n<p>La t\u00e9cnica de la videocirug\u00eda sirve esencialmente para la gran mayor\u00eda de los procesos benignos, aunque hay algunas patolog\u00edas comunes con las que se ha conseguido dar una respuesta mucho m\u00e1s satisfactoria al paciente. \u201cDestacar\u00eda una situaci\u00f3n frecuente denominada hiperhidrosis palmar. Se trata de sudor excesivo en ambas manos que hace que los pacientes se encuentren inc\u00f3modos en sus relaciones sociales\u201d, manifiesta el Dr. Izquierdo, y a\u00f1ade \u201cel tratamiento es muy sencillo y se interviene mediante dos peque\u00f1as incisiones y una intervenci\u00f3n m\u00ednimamente invasiva que permite dar el alta a las 24 horas\u201d.<\/p>\n<p>AUMENTO DE C\u00c1NCER DE PULM\u00d3N EN MUJERES<\/p>\n<p>El c\u00e1ncer de pulm\u00f3n sigue acaparando, desgraciadamente, las intervenciones de cirug\u00eda tor\u00e1cica, llegando incluso a detectar un aumento en mujeres. \u201cActualmente estamos viendo un descenso importante de los casos en pacientes que han dejado de fumar, pero tambi\u00e9n estamos comprobando c\u00f3mo las mujeres se han ido incorporando al h\u00e1bito del tabaco con posterioridad y est\u00e1n incrementando en estos momentos los casos de c\u00e1ncer de pulm\u00f3n en mujeres\u201d, manifiesta el especialista que vuelve a hacer un llamamiento a la concienciaci\u00f3n de los riesgos que supone consumir tabaco.<\/p>\n<p>\u201cEsta enfermedad es claramente controlable si sobre todo se diagnostica en las fases iniciales y m\u00e1s precoces de la enfermedad, por eso se recomienda evitar el tabaco, ya que est\u00e1 demostrado que es la principal causa de predisposici\u00f3n al c\u00e1ncer de pulm\u00f3n\u201d, concluye el cirujano Izquierdo.<\/p>\n","protected":false},"excerpt":{"rendered":"<p>Los avances registrados en los \u00faltimos a\u00f1os en la cirug\u00eda tor\u00e1cica son m\u00faltiples pero sin duda el m\u00e1s importante es el relacionado en la forma de acometer este tipo de intervenciones, facilitando el acceso a la cavidad plural. \u201cLa mejora ha consistido b\u00e1sicamente en sustituir el abordaje cl\u00e1sico, es decir, una incisi\u00f3n de gran tama\u00f1o<\/p>\n","protected":false},"author":1,"featured_media":38450,"comment_status":"open","ping_status":"closed","sticky":false,"template":"","format":"standard","meta":{"footnotes":""},"categories":[224],"tags":[],"class_list":{"0":"post-38449","1":"post","2":"type-post","3":"status-publish","4":"format-standard","5":"has-post-thumbnail","7":"category-noticias-actualidad"},"aioseo_notices":[],"aioseo_head":"\n\t\t<!-- All in One SEO Pro 4.9.6.1 - aioseo.com -->\n\t<meta name=\"description\" content=\"Los avances registrados en los \u00faltimos a\u00f1os en la cirug\u00eda tor\u00e1cica son m\u00faltiples pero sin duda el m\u00e1s importante es el relacionado en la forma de acometer este tipo de intervenciones, facilitando el acceso a la cavidad plural. \u201cLa mejora ha consistido b\u00e1sicamente en sustituir el abordaje cl\u00e1sico, es decir, una incisi\u00f3n de gran tama\u00f1o\" \/>\n\t<meta name=\"robots\" content=\"max-image-preview:large\" \/>\n\t<meta name=\"author\" content=\"admin\"\/>\n\t<meta name=\"google-site-verification\" content=\"UA-38556648-1\" \/>\n\t<meta name=\"keywords\" content=\"noticias y actualidad\" \/>\n\t<link rel=\"canonical\" href=\"https:\/\/eldigitaldeasturias.com\/magazine365\/jose-miguel-izquierdo-la-videocirugia-acelera-y-mejora-la-recuperacion-del-paciente\/\" \/>\n\t<meta name=\"generator\" content=\"All in One SEO Pro (AIOSEO) 4.9.6.1\" \/>\n\t\t<meta property=\"og:locale\" content=\"es_ES\" \/>\n\t\t<meta property=\"og:site_name\" content=\"El Digital de Asturias \u2013 Revista de ocio, turismo y estilo de vida\" \/>\n\t\t<meta property=\"og:type\" content=\"article\" \/>\n\t\t<meta property=\"og:title\" content=\"Jos\u00e9 Miguel Izquierdo: \u201cLa videocirug\u00eda acelera y mejora la recuperaci\u00f3n del paciente\u201d | El Digital de Asturias\" \/>\n\t\t<meta property=\"og:description\" content=\"Los avances registrados en los \u00faltimos a\u00f1os en la cirug\u00eda tor\u00e1cica son m\u00faltiples pero sin duda el m\u00e1s importante es el relacionado en la forma de acometer este tipo de intervenciones, facilitando el acceso a la cavidad plural. \u201cLa mejora ha consistido b\u00e1sicamente en sustituir el abordaje cl\u00e1sico, es decir, una incisi\u00f3n de gran tama\u00f1o\" \/>\n\t\t<meta property=\"og:url\" content=\"https:\/\/eldigitaldeasturias.com\/magazine365\/jose-miguel-izquierdo-la-videocirugia-acelera-y-mejora-la-recuperacion-del-paciente\/\" \/>\n\t\t<meta property=\"og:image\" content=\"https:\/\/eldigitaldeasturias.com\/magazine365\/wp-content\/uploads\/2015\/06\/1433237189_dr_izquierdo_cirugia_toracica_pg_1_alta_original-scaled.jpg\" \/>\n\t\t<meta property=\"og:image:secure_url\" content=\"https:\/\/eldigitaldeasturias.com\/magazine365\/wp-content\/uploads\/2015\/06\/1433237189_dr_izquierdo_cirugia_toracica_pg_1_alta_original-scaled.jpg\" \/>\n\t\t<meta property=\"og:image:width\" content=\"1707\" \/>\n\t\t<meta property=\"og:image:height\" content=\"2560\" \/>\n\t\t<meta property=\"article:published_time\" content=\"2015-06-03T16:41:42+00:00\" \/>\n\t\t<meta property=\"article:modified_time\" content=\"2015-06-03T16:41:42+00:00\" \/>\n\t\t<meta name=\"twitter:card\" content=\"summary_large_image\" \/>\n\t\t<meta name=\"twitter:title\" content=\"Jos\u00e9 Miguel Izquierdo: \u201cLa videocirug\u00eda acelera y mejora la recuperaci\u00f3n del paciente\u201d | El Digital de Asturias\" \/>\n\t\t<meta name=\"twitter:description\" content=\"Los avances registrados en los \u00faltimos a\u00f1os en la cirug\u00eda tor\u00e1cica son m\u00faltiples pero sin duda el m\u00e1s importante es el relacionado en la forma de acometer este tipo de intervenciones, facilitando el acceso a la cavidad plural. \u201cLa mejora ha consistido b\u00e1sicamente en sustituir el abordaje cl\u00e1sico, es decir, una incisi\u00f3n de gran tama\u00f1o\" \/>\n\t\t<meta name=\"twitter:image\" content=\"https:\/\/eldigitaldeasturias.com\/magazine365\/wp-content\/uploads\/2015\/06\/1433237189_dr_izquierdo_cirugia_toracica_pg_1_alta_original-scaled.jpg\" \/>\n\t\t<script type=\"application\/ld+json\" class=\"aioseo-schema\">\n\t\t\t{\"@context\":\"https:\\\/\\\/schema.org\",\"@graph\":[{\"@type\":\"Article\",\"@id\":\"https:\\\/\\\/eldigitaldeasturias.com\\\/magazine365\\\/jose-miguel-izquierdo-la-videocirugia-acelera-y-mejora-la-recuperacion-del-paciente\\\/#article\",\"name\":\"Jos\\u00e9 Miguel Izquierdo: \\u201cLa videocirug\\u00eda acelera y mejora la recuperaci\\u00f3n del paciente\\u201d | El Digital de Asturias\",\"headline\":\"Jos\\u00e9 Miguel Izquierdo: \\u201cLa videocirug\\u00eda acelera y mejora la recuperaci\\u00f3n del paciente\\u201d\",\"author\":{\"@id\":\"https:\\\/\\\/eldigitaldeasturias.com\\\/magazine365\\\/author\\\/admin\\\/#author\"},\"publisher\":{\"@id\":\"https:\\\/\\\/eldigitaldeasturias.com\\\/magazine365\\\/#organization\"},\"image\":{\"@type\":\"ImageObject\",\"url\":\"https:\\\/\\\/eldigitaldeasturias.com\\\/magazine365\\\/wp-content\\\/uploads\\\/2015\\\/06\\\/1433237189_dr_izquierdo_cirugia_toracica_pg_1_alta_original-scaled.jpg\",\"width\":1707,\"height\":2560},\"datePublished\":\"2015-06-03T18:11:42+02:00\",\"dateModified\":\"2015-06-03T18:11:42+02:00\",\"inLanguage\":\"es-ES\",\"mainEntityOfPage\":{\"@id\":\"https:\\\/\\\/eldigitaldeasturias.com\\\/magazine365\\\/jose-miguel-izquierdo-la-videocirugia-acelera-y-mejora-la-recuperacion-del-paciente\\\/#webpage\"},\"isPartOf\":{\"@id\":\"https:\\\/\\\/eldigitaldeasturias.com\\\/magazine365\\\/jose-miguel-izquierdo-la-videocirugia-acelera-y-mejora-la-recuperacion-del-paciente\\\/#webpage\"},\"articleSection\":\"Noticias y Actualidad\"},{\"@type\":\"BreadcrumbList\",\"@id\":\"https:\\\/\\\/eldigitaldeasturias.com\\\/magazine365\\\/jose-miguel-izquierdo-la-videocirugia-acelera-y-mejora-la-recuperacion-del-paciente\\\/#breadcrumblist\",\"itemListElement\":[{\"@type\":\"ListItem\",\"@id\":\"https:\\\/\\\/eldigitaldeasturias.com\\\/magazine365#listItem\",\"position\":1,\"name\":\"Home\",\"item\":\"https:\\\/\\\/eldigitaldeasturias.com\\\/magazine365\",\"nextItem\":{\"@type\":\"ListItem\",\"@id\":\"https:\\\/\\\/eldigitaldeasturias.com\\\/magazine365\\\/category\\\/noticias-actualidad\\\/#listItem\",\"name\":\"Noticias y Actualidad\"}},{\"@type\":\"ListItem\",\"@id\":\"https:\\\/\\\/eldigitaldeasturias.com\\\/magazine365\\\/category\\\/noticias-actualidad\\\/#listItem\",\"position\":2,\"name\":\"Noticias y Actualidad\",\"item\":\"https:\\\/\\\/eldigitaldeasturias.com\\\/magazine365\\\/category\\\/noticias-actualidad\\\/\",\"nextItem\":{\"@type\":\"ListItem\",\"@id\":\"https:\\\/\\\/eldigitaldeasturias.com\\\/magazine365\\\/jose-miguel-izquierdo-la-videocirugia-acelera-y-mejora-la-recuperacion-del-paciente\\\/#listItem\",\"name\":\"Jos\\u00e9 Miguel Izquierdo: \\u201cLa videocirug\\u00eda acelera y mejora la recuperaci\\u00f3n del paciente\\u201d\"},\"previousItem\":{\"@type\":\"ListItem\",\"@id\":\"https:\\\/\\\/eldigitaldeasturias.com\\\/magazine365#listItem\",\"name\":\"Home\"}},{\"@type\":\"ListItem\",\"@id\":\"https:\\\/\\\/eldigitaldeasturias.com\\\/magazine365\\\/jose-miguel-izquierdo-la-videocirugia-acelera-y-mejora-la-recuperacion-del-paciente\\\/#listItem\",\"position\":3,\"name\":\"Jos\\u00e9 Miguel Izquierdo: \\u201cLa videocirug\\u00eda acelera y mejora la recuperaci\\u00f3n del paciente\\u201d\",\"previousItem\":{\"@type\":\"ListItem\",\"@id\":\"https:\\\/\\\/eldigitaldeasturias.com\\\/magazine365\\\/category\\\/noticias-actualidad\\\/#listItem\",\"name\":\"Noticias y Actualidad\"}}]},{\"@type\":\"Organization\",\"@id\":\"https:\\\/\\\/eldigitaldeasturias.com\\\/magazine365\\\/#organization\",\"name\":\"El digital de Asturias\",\"description\":\"Revista de ocio, turismo y estilo de vida\",\"url\":\"https:\\\/\\\/eldigitaldeasturias.com\\\/magazine365\\\/\",\"logo\":{\"@type\":\"ImageObject\",\"url\":\"https:\\\/\\\/www.eldigitaldeasturias.com\\\/noticias\\\/wp-content\\\/uploads\\\/2020\\\/12\\\/EDA.jpg\",\"@id\":\"https:\\\/\\\/eldigitaldeasturias.com\\\/magazine365\\\/jose-miguel-izquierdo-la-videocirugia-acelera-y-mejora-la-recuperacion-del-paciente\\\/#organizationLogo\"},\"image\":{\"@id\":\"https:\\\/\\\/eldigitaldeasturias.com\\\/magazine365\\\/jose-miguel-izquierdo-la-videocirugia-acelera-y-mejora-la-recuperacion-del-paciente\\\/#organizationLogo\"}},{\"@type\":\"Person\",\"@id\":\"https:\\\/\\\/eldigitaldeasturias.com\\\/magazine365\\\/author\\\/admin\\\/#author\",\"url\":\"https:\\\/\\\/eldigitaldeasturias.com\\\/magazine365\\\/author\\\/admin\\\/\",\"name\":\"admin\",\"image\":{\"@type\":\"ImageObject\",\"@id\":\"https:\\\/\\\/eldigitaldeasturias.com\\\/magazine365\\\/jose-miguel-izquierdo-la-videocirugia-acelera-y-mejora-la-recuperacion-del-paciente\\\/#authorImage\",\"url\":\"https:\\\/\\\/eldigitaldeasturias.com\\\/magazine365\\\/wp-content\\\/litespeed\\\/avatar\\\/e571bcf59a0edd6fa6838245a470f2fe.jpg?ver=1776969259\",\"width\":96,\"height\":96,\"caption\":\"admin\"}},{\"@type\":\"WebPage\",\"@id\":\"https:\\\/\\\/eldigitaldeasturias.com\\\/magazine365\\\/jose-miguel-izquierdo-la-videocirugia-acelera-y-mejora-la-recuperacion-del-paciente\\\/#webpage\",\"url\":\"https:\\\/\\\/eldigitaldeasturias.com\\\/magazine365\\\/jose-miguel-izquierdo-la-videocirugia-acelera-y-mejora-la-recuperacion-del-paciente\\\/\",\"name\":\"Jos\\u00e9 Miguel Izquierdo: \\u201cLa videocirug\\u00eda acelera y mejora la recuperaci\\u00f3n del paciente\\u201d | El Digital de Asturias\",\"description\":\"Los avances registrados en los \\u00faltimos a\\u00f1os en la cirug\\u00eda tor\\u00e1cica son m\\u00faltiples pero sin duda el m\\u00e1s importante es el relacionado en la forma de acometer este tipo de intervenciones, facilitando el acceso a la cavidad plural. \\u201cLa mejora ha consistido b\\u00e1sicamente en sustituir el abordaje cl\\u00e1sico, es decir, una incisi\\u00f3n de gran tama\\u00f1o\",\"inLanguage\":\"es-ES\",\"isPartOf\":{\"@id\":\"https:\\\/\\\/eldigitaldeasturias.com\\\/magazine365\\\/#website\"},\"breadcrumb\":{\"@id\":\"https:\\\/\\\/eldigitaldeasturias.com\\\/magazine365\\\/jose-miguel-izquierdo-la-videocirugia-acelera-y-mejora-la-recuperacion-del-paciente\\\/#breadcrumblist\"},\"author\":{\"@id\":\"https:\\\/\\\/eldigitaldeasturias.com\\\/magazine365\\\/author\\\/admin\\\/#author\"},\"creator\":{\"@id\":\"https:\\\/\\\/eldigitaldeasturias.com\\\/magazine365\\\/author\\\/admin\\\/#author\"},\"image\":{\"@type\":\"ImageObject\",\"url\":\"https:\\\/\\\/eldigitaldeasturias.com\\\/magazine365\\\/wp-content\\\/uploads\\\/2015\\\/06\\\/1433237189_dr_izquierdo_cirugia_toracica_pg_1_alta_original-scaled.jpg\",\"@id\":\"https:\\\/\\\/eldigitaldeasturias.com\\\/magazine365\\\/jose-miguel-izquierdo-la-videocirugia-acelera-y-mejora-la-recuperacion-del-paciente\\\/#mainImage\",\"width\":1707,\"height\":2560},\"primaryImageOfPage\":{\"@id\":\"https:\\\/\\\/eldigitaldeasturias.com\\\/magazine365\\\/jose-miguel-izquierdo-la-videocirugia-acelera-y-mejora-la-recuperacion-del-paciente\\\/#mainImage\"},\"datePublished\":\"2015-06-03T18:11:42+02:00\",\"dateModified\":\"2015-06-03T18:11:42+02:00\"},{\"@type\":\"WebSite\",\"@id\":\"https:\\\/\\\/eldigitaldeasturias.com\\\/magazine365\\\/#website\",\"url\":\"https:\\\/\\\/eldigitaldeasturias.com\\\/magazine365\\\/\",\"name\":\"El Digital de Asturias\",\"description\":\"Revista de ocio, turismo y estilo de vida\",\"inLanguage\":\"es-ES\",\"publisher\":{\"@id\":\"https:\\\/\\\/eldigitaldeasturias.com\\\/magazine365\\\/#organization\"}}]}\n\t\t<\/script>\n\t\t<!-- All in One SEO Pro -->\r\n\t\t<title>Jos\u00e9 Miguel Izquierdo: \u201cLa videocirug\u00eda acelera y mejora la recuperaci\u00f3n del paciente\u201d | El Digital de Asturias<\/title>\n\n","aioseo_head_json":{"title":"Jos\u00e9 Miguel Izquierdo: \u201cLa videocirug\u00eda acelera y mejora la recuperaci\u00f3n del paciente\u201d | El Digital de Asturias","description":"Los avances registrados en los \u00faltimos a\u00f1os en la cirug\u00eda tor\u00e1cica son m\u00faltiples pero sin duda el m\u00e1s importante es el relacionado en la forma de acometer este tipo de intervenciones, facilitando el acceso a la cavidad plural. \u201cLa mejora ha consistido b\u00e1sicamente en sustituir el abordaje cl\u00e1sico, es decir, una incisi\u00f3n de gran tama\u00f1o","canonical_url":"https:\/\/eldigitaldeasturias.com\/magazine365\/jose-miguel-izquierdo-la-videocirugia-acelera-y-mejora-la-recuperacion-del-paciente\/","robots":"max-image-preview:large","keywords":"noticias y actualidad","webmasterTools":{"google-site-verification":"UA-38556648-1","miscellaneous":""},"schema":{"@context":"https:\/\/schema.org","@graph":[{"@type":"Article","@id":"https:\/\/eldigitaldeasturias.com\/magazine365\/jose-miguel-izquierdo-la-videocirugia-acelera-y-mejora-la-recuperacion-del-paciente\/#article","name":"Jos\u00e9 Miguel Izquierdo: \u201cLa videocirug\u00eda acelera y mejora la recuperaci\u00f3n del paciente\u201d | El Digital de Asturias","headline":"Jos\u00e9 Miguel Izquierdo: \u201cLa videocirug\u00eda acelera y mejora la recuperaci\u00f3n del paciente\u201d","author":{"@id":"https:\/\/eldigitaldeasturias.com\/magazine365\/author\/admin\/#author"},"publisher":{"@id":"https:\/\/eldigitaldeasturias.com\/magazine365\/#organization"},"image":{"@type":"ImageObject","url":"https:\/\/eldigitaldeasturias.com\/magazine365\/wp-content\/uploads\/2015\/06\/1433237189_dr_izquierdo_cirugia_toracica_pg_1_alta_original-scaled.jpg","width":1707,"height":2560},"datePublished":"2015-06-03T18:11:42+02:00","dateModified":"2015-06-03T18:11:42+02:00","inLanguage":"es-ES","mainEntityOfPage":{"@id":"https:\/\/eldigitaldeasturias.com\/magazine365\/jose-miguel-izquierdo-la-videocirugia-acelera-y-mejora-la-recuperacion-del-paciente\/#webpage"},"isPartOf":{"@id":"https:\/\/eldigitaldeasturias.com\/magazine365\/jose-miguel-izquierdo-la-videocirugia-acelera-y-mejora-la-recuperacion-del-paciente\/#webpage"},"articleSection":"Noticias y Actualidad"},{"@type":"BreadcrumbList","@id":"https:\/\/eldigitaldeasturias.com\/magazine365\/jose-miguel-izquierdo-la-videocirugia-acelera-y-mejora-la-recuperacion-del-paciente\/#breadcrumblist","itemListElement":[{"@type":"ListItem","@id":"https:\/\/eldigitaldeasturias.com\/magazine365#listItem","position":1,"name":"Home","item":"https:\/\/eldigitaldeasturias.com\/magazine365","nextItem":{"@type":"ListItem","@id":"https:\/\/eldigitaldeasturias.com\/magazine365\/category\/noticias-actualidad\/#listItem","name":"Noticias y Actualidad"}},{"@type":"ListItem","@id":"https:\/\/eldigitaldeasturias.com\/magazine365\/category\/noticias-actualidad\/#listItem","position":2,"name":"Noticias y Actualidad","item":"https:\/\/eldigitaldeasturias.com\/magazine365\/category\/noticias-actualidad\/","nextItem":{"@type":"ListItem","@id":"https:\/\/eldigitaldeasturias.com\/magazine365\/jose-miguel-izquierdo-la-videocirugia-acelera-y-mejora-la-recuperacion-del-paciente\/#listItem","name":"Jos\u00e9 Miguel Izquierdo: \u201cLa videocirug\u00eda acelera y mejora la recuperaci\u00f3n del paciente\u201d"},"previousItem":{"@type":"ListItem","@id":"https:\/\/eldigitaldeasturias.com\/magazine365#listItem","name":"Home"}},{"@type":"ListItem","@id":"https:\/\/eldigitaldeasturias.com\/magazine365\/jose-miguel-izquierdo-la-videocirugia-acelera-y-mejora-la-recuperacion-del-paciente\/#listItem","position":3,"name":"Jos\u00e9 Miguel Izquierdo: \u201cLa videocirug\u00eda acelera y mejora la recuperaci\u00f3n del paciente\u201d","previousItem":{"@type":"ListItem","@id":"https:\/\/eldigitaldeasturias.com\/magazine365\/category\/noticias-actualidad\/#listItem","name":"Noticias y Actualidad"}}]},{"@type":"Organization","@id":"https:\/\/eldigitaldeasturias.com\/magazine365\/#organization","name":"El digital de Asturias","description":"Revista de ocio, turismo y estilo de vida","url":"https:\/\/eldigitaldeasturias.com\/magazine365\/","logo":{"@type":"ImageObject","url":"https:\/\/www.eldigitaldeasturias.com\/noticias\/wp-content\/uploads\/2020\/12\/EDA.jpg","@id":"https:\/\/eldigitaldeasturias.com\/magazine365\/jose-miguel-izquierdo-la-videocirugia-acelera-y-mejora-la-recuperacion-del-paciente\/#organizationLogo"},"image":{"@id":"https:\/\/eldigitaldeasturias.com\/magazine365\/jose-miguel-izquierdo-la-videocirugia-acelera-y-mejora-la-recuperacion-del-paciente\/#organizationLogo"}},{"@type":"Person","@id":"https:\/\/eldigitaldeasturias.com\/magazine365\/author\/admin\/#author","url":"https:\/\/eldigitaldeasturias.com\/magazine365\/author\/admin\/","name":"admin","image":{"@type":"ImageObject","@id":"https:\/\/eldigitaldeasturias.com\/magazine365\/jose-miguel-izquierdo-la-videocirugia-acelera-y-mejora-la-recuperacion-del-paciente\/#authorImage","url":"https:\/\/eldigitaldeasturias.com\/magazine365\/wp-content\/litespeed\/avatar\/e571bcf59a0edd6fa6838245a470f2fe.jpg?ver=1776969259","width":96,"height":96,"caption":"admin"}},{"@type":"WebPage","@id":"https:\/\/eldigitaldeasturias.com\/magazine365\/jose-miguel-izquierdo-la-videocirugia-acelera-y-mejora-la-recuperacion-del-paciente\/#webpage","url":"https:\/\/eldigitaldeasturias.com\/magazine365\/jose-miguel-izquierdo-la-videocirugia-acelera-y-mejora-la-recuperacion-del-paciente\/","name":"Jos\u00e9 Miguel Izquierdo: \u201cLa videocirug\u00eda acelera y mejora la recuperaci\u00f3n del paciente\u201d | El Digital de Asturias","description":"Los avances registrados en los \u00faltimos a\u00f1os en la cirug\u00eda tor\u00e1cica son m\u00faltiples pero sin duda el m\u00e1s importante es el relacionado en la forma de acometer este tipo de intervenciones, facilitando el acceso a la cavidad plural. \u201cLa mejora ha consistido b\u00e1sicamente en sustituir el abordaje cl\u00e1sico, es decir, una incisi\u00f3n de gran tama\u00f1o","inLanguage":"es-ES","isPartOf":{"@id":"https:\/\/eldigitaldeasturias.com\/magazine365\/#website"},"breadcrumb":{"@id":"https:\/\/eldigitaldeasturias.com\/magazine365\/jose-miguel-izquierdo-la-videocirugia-acelera-y-mejora-la-recuperacion-del-paciente\/#breadcrumblist"},"author":{"@id":"https:\/\/eldigitaldeasturias.com\/magazine365\/author\/admin\/#author"},"creator":{"@id":"https:\/\/eldigitaldeasturias.com\/magazine365\/author\/admin\/#author"},"image":{"@type":"ImageObject","url":"https:\/\/eldigitaldeasturias.com\/magazine365\/wp-content\/uploads\/2015\/06\/1433237189_dr_izquierdo_cirugia_toracica_pg_1_alta_original-scaled.jpg","@id":"https:\/\/eldigitaldeasturias.com\/magazine365\/jose-miguel-izquierdo-la-videocirugia-acelera-y-mejora-la-recuperacion-del-paciente\/#mainImage","width":1707,"height":2560},"primaryImageOfPage":{"@id":"https:\/\/eldigitaldeasturias.com\/magazine365\/jose-miguel-izquierdo-la-videocirugia-acelera-y-mejora-la-recuperacion-del-paciente\/#mainImage"},"datePublished":"2015-06-03T18:11:42+02:00","dateModified":"2015-06-03T18:11:42+02:00"},{"@type":"WebSite","@id":"https:\/\/eldigitaldeasturias.com\/magazine365\/#website","url":"https:\/\/eldigitaldeasturias.com\/magazine365\/","name":"El Digital de Asturias","description":"Revista de ocio, turismo y estilo de vida","inLanguage":"es-ES","publisher":{"@id":"https:\/\/eldigitaldeasturias.com\/magazine365\/#organization"}}]},"og:locale":"es_ES","og:site_name":"El Digital de Asturias \u2013 Revista de ocio, turismo y estilo de vida","og:type":"article","og:title":"Jos\u00e9 Miguel Izquierdo: \u201cLa videocirug\u00eda acelera y mejora la recuperaci\u00f3n del paciente\u201d | El Digital de Asturias","og:description":"Los avances registrados en los \u00faltimos a\u00f1os en la cirug\u00eda tor\u00e1cica son m\u00faltiples pero sin duda el m\u00e1s importante es el relacionado en la forma de acometer este tipo de intervenciones, facilitando el acceso a la cavidad plural. \u201cLa mejora ha consistido b\u00e1sicamente en sustituir el abordaje cl\u00e1sico, es decir, una incisi\u00f3n de gran tama\u00f1o","og:url":"https:\/\/eldigitaldeasturias.com\/magazine365\/jose-miguel-izquierdo-la-videocirugia-acelera-y-mejora-la-recuperacion-del-paciente\/","og:image":"https:\/\/eldigitaldeasturias.com\/magazine365\/wp-content\/uploads\/2015\/06\/1433237189_dr_izquierdo_cirugia_toracica_pg_1_alta_original-scaled.jpg","og:image:secure_url":"https:\/\/eldigitaldeasturias.com\/magazine365\/wp-content\/uploads\/2015\/06\/1433237189_dr_izquierdo_cirugia_toracica_pg_1_alta_original-scaled.jpg","og:image:width":1707,"og:image:height":2560,"article:published_time":"2015-06-03T16:41:42+00:00","article:modified_time":"2015-06-03T16:41:42+00:00","twitter:card":"summary_large_image","twitter:title":"Jos\u00e9 Miguel Izquierdo: \u201cLa videocirug\u00eda acelera y mejora la recuperaci\u00f3n del paciente\u201d | El Digital de Asturias","twitter:description":"Los avances registrados en los \u00faltimos a\u00f1os en la cirug\u00eda tor\u00e1cica son m\u00faltiples pero sin duda el m\u00e1s importante es el relacionado en la forma de acometer este tipo de intervenciones, facilitando el acceso a la cavidad plural. \u201cLa mejora ha consistido b\u00e1sicamente en sustituir el abordaje cl\u00e1sico, es decir, una incisi\u00f3n de gran tama\u00f1o","twitter:image":"https:\/\/eldigitaldeasturias.com\/magazine365\/wp-content\/uploads\/2015\/06\/1433237189_dr_izquierdo_cirugia_toracica_pg_1_alta_original-scaled.jpg"},"aioseo_meta_data":{"post_id":"38449","title":null,"description":null,"keywords":null,"keyphrases":null,"primary_term":null,"canonical_url":null,"og_title":null,"og_description":null,"og_object_type":"default","og_image_type":"default","og_image_url":null,"og_image_width":null,"og_image_height":null,"og_image_custom_url":null,"og_image_custom_fields":null,"og_video":null,"og_custom_url":null,"og_article_section":null,"og_article_tags":null,"twitter_use_og":false,"twitter_card":"default","twitter_image_type":"default","twitter_image_url":null,"twitter_image_custom_url":null,"twitter_image_custom_fields":null,"twitter_title":null,"twitter_description":null,"schema":{"blockGraphs":[],"customGraphs":[],"default":{"data":{"Article":[],"Course":[],"Dataset":[],"FAQPage":[],"Movie":[],"Person":[],"Product":[],"ProductReview":[],"Car":[],"Recipe":[],"Service":[],"SoftwareApplication":[],"WebPage":[]},"graphName":"","isEnabled":true},"graphs":[],"defaultGraph":"","defaultPostTypeGraph":""},"schema_type":null,"schema_type_options":null,"pillar_content":false,"robots_default":true,"robots_noindex":false,"robots_noarchive":false,"robots_nosnippet":false,"robots_nofollow":false,"robots_noimageindex":false,"robots_noodp":false,"robots_notranslate":false,"robots_max_snippet":null,"robots_max_videopreview":null,"robots_max_imagepreview":"large","priority":null,"frequency":null,"location":null,"local_seo":null,"seo_analyzer_scan_date":"2025-09-19 09:35:53","breadcrumb_settings":null,"limit_modified_date":false,"open_ai":null,"ai":null,"created":"2021-03-09 02:53:47","updated":"2025-09-19 09:35:53"},"aioseo_breadcrumb":"<div class=\"aioseo-breadcrumbs\"><span class=\"aioseo-breadcrumb\">\n\t<a href=\"https:\/\/eldigitaldeasturias.com\/magazine365\" title=\"Home\">Home<\/a>\n<\/span><span class=\"aioseo-breadcrumb-separator\">\u2013<\/span><span class=\"aioseo-breadcrumb\">\n\t<a href=\"https:\/\/eldigitaldeasturias.com\/magazine365\/category\/noticias-actualidad\/\" title=\"Noticias y Actualidad\">Noticias y Actualidad<\/a>\n<\/span><span class=\"aioseo-breadcrumb-separator\">\u2013<\/span><span class=\"aioseo-breadcrumb\">\n\t<a href=\"https:\/\/eldigitaldeasturias.com\/magazine365\/jose-miguel-izquierdo-la-videocirugia-acelera-y-mejora-la-recuperacion-del-paciente\/\" title=\"Jos\u00e9 Miguel Izquierdo: \u201cLa videocirug\u00eda acelera y mejora la recuperaci\u00f3n del paciente\u201d\">Jos\u00e9 Miguel Izquierdo: \u201cLa videocirug\u00eda acelera y mejora la recuperaci\u00f3n del paciente\u201d<\/a>\n<\/span><\/div>","aioseo_breadcrumb_json":[{"label":"Home","link":"https:\/\/eldigitaldeasturias.com\/magazine365"},{"label":"Noticias y Actualidad","link":"https:\/\/eldigitaldeasturias.com\/magazine365\/category\/noticias-actualidad\/"},{"label":"Jos\u00e9 Miguel Izquierdo: \u201cLa videocirug\u00eda acelera y mejora la recuperaci\u00f3n del paciente\u201d","link":"https:\/\/eldigitaldeasturias.com\/magazine365\/jose-miguel-izquierdo-la-videocirugia-acelera-y-mejora-la-recuperacion-del-paciente\/"}],"_links":{"self":[{"href":"https:\/\/eldigitaldeasturias.com\/magazine365\/wp-json\/wp\/v2\/posts\/38449","targetHints":{"allow":["GET"]}}],"collection":[{"href":"https:\/\/eldigitaldeasturias.com\/magazine365\/wp-json\/wp\/v2\/posts"}],"about":[{"href":"https:\/\/eldigitaldeasturias.com\/magazine365\/wp-json\/wp\/v2\/types\/post"}],"author":[{"embeddable":true,"href":"https:\/\/eldigitaldeasturias.com\/magazine365\/wp-json\/wp\/v2\/users\/1"}],"replies":[{"embeddable":true,"href":"https:\/\/eldigitaldeasturias.com\/magazine365\/wp-json\/wp\/v2\/comments?post=38449"}],"version-history":[{"count":0,"href":"https:\/\/eldigitaldeasturias.com\/magazine365\/wp-json\/wp\/v2\/posts\/38449\/revisions"}],"wp:featuredmedia":[{"embeddable":true,"href":"https:\/\/eldigitaldeasturias.com\/magazine365\/wp-json\/wp\/v2\/media\/38450"}],"wp:attachment":[{"href":"https:\/\/eldigitaldeasturias.com\/magazine365\/wp-json\/wp\/v2\/media?parent=38449"}],"wp:term":[{"taxonomy":"category","embeddable":true,"href":"https:\/\/eldigitaldeasturias.com\/magazine365\/wp-json\/wp\/v2\/categories?post=38449"},{"taxonomy":"post_tag","embeddable":true,"href":"https:\/\/eldigitaldeasturias.com\/magazine365\/wp-json\/wp\/v2\/tags?post=38449"}],"curies":[{"name":"wp","href":"https:\/\/api.w.org\/{rel}","templated":true}]}}